{"id":13451,"date":"2025-01-20T08:46:00","date_gmt":"2025-01-20T06:46:00","guid":{"rendered":"http:\/\/www.designenlassen.de\/blog\/?p=13451"},"modified":"2025-01-22T10:48:49","modified_gmt":"2025-01-22T08:48:49","slug":"51-physiotherapie-logos-die-bewegung-in-dein-unternehmen-bringen","status":"publish","type":"post","link":"https:\/\/www.designenlassen.de\/blog\/51-physiotherapie-logos-die-bewegung-in-dein-unternehmen-bringen\/","title":{"rendered":"51 Top Physiotherapie-Logos, die Patienten lieben"},"content":{"rendered":"<div class=\"wp-block-image\">\n<figure class=\"aligncenter\"><img fetchpriority=\"high\" decoding=\"async\" width=\"800\" height=\"500\" src=\"https:\/\/www.designenlassen.de\/blog\/wp-content\/uploads\/2018\/08\/VK_proell_RZ-01.png\" alt=\"Physiotherapie Logo Corinna Proll\" class=\"wp-image-13482\" srcset=\"https:\/\/www.designenlassen.de\/blog\/wp-content\/uploads\/2018\/08\/VK_proell_RZ-01.png 800w, https:\/\/www.designenlassen.de\/blog\/wp-content\/uploads\/2018\/08\/VK_proell_RZ-01-300x188.png 300w, https:\/\/www.designenlassen.de\/blog\/wp-content\/uploads\/2018\/08\/VK_proell_RZ-01-768x480.png 768w\" sizes=\"(max-width: 800px) 100vw, 800px\" \/><\/figure>\n<\/div>\n\n\n<p>Du hast Dir den Traum von der Selbstst\u00e4ndigkeit endlich erf\u00fcllt und Deine eigene Physiotherapie-Praxis er\u00f6ffnet? Gut, der erste Schritt ist hiermit getan. Was Dir nun noch fehlt, ist ein einzigartiges <strong>Physiotherapie Logo, das Dich von allen anderen Praxen abgrenzt und dir viele Wunsch-Kunden liefert.<\/strong><\/p>\n\n\n\n<p>Denn als Physiotherapeut bist Du nat\u00fcrlich auch ein Unternehmer und musst Dich im t\u00e4glichen Wettbewerb gegen Deine Konkurrenz durchsetzen. Schaffst Du dies nicht, platzt der Traum von der eigenen Praxis schneller, als Du denkst. <\/p>\n\n\n\n<p>Doch keine Angst, wir zeigen Dir in unserer <strong>Physiotherapie-Logo Galerie 51 einzigartige und sch\u00f6ne Beispiele<\/strong>, die Dich f\u00fcr Deine eigene Praxis inspirieren sollen.<\/p>\n\n\n\n<div class=\"wp-block-buttons is-content-justification-center is-layout-flex wp-container-core-buttons-is-layout-16018d1d wp-block-buttons-is-layout-flex\">\n<div class=\"wp-block-button is-style-fill\"><a class=\"wp-block-button__link has-white-color has-text-color has-background has-text-align-left wp-element-button\" href=\"https:\/\/www.designenlassen.de\/logo-design?utm_source=blog&amp;utm_medium=button&amp;utm_campaign=blog-beitraege\" style=\"background-color:#091182\">Jetzt Logo erstellen<\/a><\/div>\n<\/div>\n\n\n\n\n\n<hr class=\"wp-block-separator has-alpha-channel-opacity\"\/>\n\n\n\n<p><strong>Das Wichtigste in K\u00fcrze:<\/strong><\/p>\n\n\n\n<ul class=\"wp-block-list\">\n<li><strong>Erster Eindruck z\u00e4hlt:<\/strong> Dein Physiotherapie-Logo ist oft das Erste, was potenzielle Patienten sehen. Ein professionelles und ansprechendes Design ist daher wichtig um sich vom Wettbewerb abzugrenzen. <\/li>\n\n\n\n<li><strong>Beliebte Designelemente:<\/strong> Weiche, sanfte Formen und Darstellungen des menschlichen K\u00f6rpers sind in der Physiotherapie besonders beliebt und vermitteln Bewegung und Harmonie. <\/li>\n\n\n\n<li><strong>Individualit\u00e4t betonen:<\/strong> Ein einzigartiges Logo hebt Deine Praxis von der Konkurrenz ab und kann gezielt auf Spezialisierungen oder besondere Leistungen hinweisen.<\/li>\n<\/ul>\n\n\n\n<hr class=\"wp-block-separator has-alpha-channel-opacity\"\/>\n\n\n\n<h2 class=\"wp-block-heading\">Physiotherapie-Logos mit weichen Formen<\/h2>\n\n\n\n<p>Als Physiotherapeut hast Du es Dir zur Aufgabe gemacht, Menschen mit Deinen F\u00e4higkeiten zu helfen. Damit Du aber \u00fcberhaupt erst einmal gefunden wirst, muss Du mit Deinem visuellen Auftritt punkten. Dein Physiotherapie-Logo ist das Erste, was ein potenzieller Patient von Dir, zum Beispiel \u00fcber Bewertungsportale, Therapeutenverzeichnisse o.\u00e4. sieht. Deshalb ist es umso wichtiger, dass der erste Eindruck sofort <strong>professionell und ansprechend ist und Deine Zielgruppe \u00fcberzeugt.<\/strong><\/p>\n\n\n<div class=\"wp-block-image\">\n<figure class=\"aligncenter\"><a href=\"https:\/\/www.designenlassen.de\/659127-logo-und-visitenkarte-fuer-jungen-modernen-sportphysiotherapeuten\"><img decoding=\"async\" width=\"800\" height=\"395\" src=\"https:\/\/www.designenlassen.de\/blog\/wp-content\/uploads\/2018\/08\/Logo-Therapeut-Prophysio-Florian-Raeke.jpg\" alt=\"Logo Therapeut Prophysio Florian Raeke\" class=\"wp-image-13470\" srcset=\"https:\/\/www.designenlassen.de\/blog\/wp-content\/uploads\/2018\/08\/Logo-Therapeut-Prophysio-Florian-Raeke.jpg 800w, https:\/\/www.designenlassen.de\/blog\/wp-content\/uploads\/2018\/08\/Logo-Therapeut-Prophysio-Florian-Raeke-300x148.jpg 300w, https:\/\/www.designenlassen.de\/blog\/wp-content\/uploads\/2018\/08\/Logo-Therapeut-Prophysio-Florian-Raeke-768x379.jpg 768w\" sizes=\"(max-width: 800px) 100vw, 800px\" \/><\/a><figcaption class=\"wp-element-caption\">Moderner Physiotherapeut sucht Logo-Design<\/figcaption><\/figure>\n<\/div>\n\n\n<p>Beliebt in der Physiotherapie sind <strong>weiche, sanfte Formen ohne zu harte Kanten und nat\u00fcrlich der menschliche K\u00f6rper.<\/strong> Dieser kann in allen m\u00f6glichen Variationen auftauchen, je nachdem ob Du vielleicht auf einen bestimmten Teilbereich spezialisiert bist oder nicht.<\/p>\n\n\n\n<figure class=\"wp-block-gallery has-nested-images columns-2 is-cropped wp-block-gallery-1 is-layout-flex wp-block-gallery-is-layout-flex\">\n<figure class=\"wp-block-image size-large\"><img decoding=\"async\" width=\"338\" height=\"338\" data-id=\"13475\" src=\"https:\/\/www.designenlassen.de\/blog\/wp-content\/uploads\/2018\/08\/Physiotherapie-Logo-erstellen-Physiovital-Uta-Mai.png\" alt=\"Physiotherapie Logo erstellen Physiovital Uta Mai\" class=\"wp-image-13475\" srcset=\"https:\/\/www.designenlassen.de\/blog\/wp-content\/uploads\/2018\/08\/Physiotherapie-Logo-erstellen-Physiovital-Uta-Mai.png 338w, https:\/\/www.designenlassen.de\/blog\/wp-content\/uploads\/2018\/08\/Physiotherapie-Logo-erstellen-Physiovital-Uta-Mai-150x150.png 150w, https:\/\/www.designenlassen.de\/blog\/wp-content\/uploads\/2018\/08\/Physiotherapie-Logo-erstellen-Physiovital-Uta-Mai-300x300.png 300w\" sizes=\"(max-width: 338px) 100vw, 338px\" \/><\/figure>\n\n\n\n<figure class=\"wp-block-image size-large\"><img loading=\"lazy\" decoding=\"async\" width=\"338\" height=\"338\" data-id=\"13472\" src=\"https:\/\/www.designenlassen.de\/blog\/wp-content\/uploads\/2018\/08\/physiofachpraxis_logos_cmyk_illustrator_cc_397.png\" alt=\"Logo Physiotherapie Physio Fachpraxis\" class=\"wp-image-13472\" srcset=\"https:\/\/www.designenlassen.de\/blog\/wp-content\/uploads\/2018\/08\/physiofachpraxis_logos_cmyk_illustrator_cc_397.png 338w, https:\/\/www.designenlassen.de\/blog\/wp-content\/uploads\/2018\/08\/physiofachpraxis_logos_cmyk_illustrator_cc_397-150x150.png 150w, https:\/\/www.designenlassen.de\/blog\/wp-content\/uploads\/2018\/08\/physiofachpraxis_logos_cmyk_illustrator_cc_397-300x300.png 300w\" sizes=\"(max-width: 338px) 100vw, 338px\" \/><\/figure>\n\n\n\n<figure class=\"wp-block-image size-large\"><img loading=\"lazy\" decoding=\"async\" width=\"338\" height=\"338\" data-id=\"13479\" src=\"https:\/\/www.designenlassen.de\/blog\/wp-content\/uploads\/2018\/08\/Teuto-Physio-Therapie-Logo-Design.png\" alt=\"Teuto Physio Therapie Logo Design\" class=\"wp-image-13479\" srcset=\"https:\/\/www.designenlassen.de\/blog\/wp-content\/uploads\/2018\/08\/Teuto-Physio-Therapie-Logo-Design.png 338w, https:\/\/www.designenlassen.de\/blog\/wp-content\/uploads\/2018\/08\/Teuto-Physio-Therapie-Logo-Design-150x150.png 150w, https:\/\/www.designenlassen.de\/blog\/wp-content\/uploads\/2018\/08\/Teuto-Physio-Therapie-Logo-Design-300x300.png 300w\" sizes=\"(max-width: 338px) 100vw, 338px\" \/><\/figure>\n\n\n\n<figure class=\"wp-block-image size-large\"><img loading=\"lazy\" decoding=\"async\" width=\"338\" height=\"338\" data-id=\"13478\" src=\"https:\/\/www.designenlassen.de\/blog\/wp-content\/uploads\/2018\/08\/Sportphysiotherapie-Logo-Theraletics.png\" alt=\"Sportphysiotherapie Logo Theraletics\" class=\"wp-image-13478\" srcset=\"https:\/\/www.designenlassen.de\/blog\/wp-content\/uploads\/2018\/08\/Sportphysiotherapie-Logo-Theraletics.png 338w, https:\/\/www.designenlassen.de\/blog\/wp-content\/uploads\/2018\/08\/Sportphysiotherapie-Logo-Theraletics-150x150.png 150w, https:\/\/www.designenlassen.de\/blog\/wp-content\/uploads\/2018\/08\/Sportphysiotherapie-Logo-Theraletics-300x300.png 300w\" sizes=\"(max-width: 338px) 100vw, 338px\" \/><\/figure>\n\n\n\n<figure class=\"wp-block-image size-large\"><img loading=\"lazy\" decoding=\"async\" width=\"338\" height=\"338\" data-id=\"13477\" src=\"https:\/\/www.designenlassen.de\/blog\/wp-content\/uploads\/2018\/08\/Physiotherapie-Logo-Sandr\u00e4uber.jpg\" alt=\"Physiotherapie Logo Sandr\u00e4uber\" class=\"wp-image-13477\" srcset=\"https:\/\/www.designenlassen.de\/blog\/wp-content\/uploads\/2018\/08\/Physiotherapie-Logo-Sandr\u00e4uber.jpg 338w, https:\/\/www.designenlassen.de\/blog\/wp-content\/uploads\/2018\/08\/Physiotherapie-Logo-Sandr\u00e4uber-150x150.jpg 150w, https:\/\/www.designenlassen.de\/blog\/wp-content\/uploads\/2018\/08\/Physiotherapie-Logo-Sandr\u00e4uber-300x300.jpg 300w\" sizes=\"(max-width: 338px) 100vw, 338px\" \/><\/figure>\n\n\n\n<figure class=\"wp-block-image size-large\"><img loading=\"lazy\" decoding=\"async\" width=\"338\" height=\"338\" data-id=\"13476\" src=\"https:\/\/www.designenlassen.de\/blog\/wp-content\/uploads\/2018\/08\/Physiotherapie-Logo-Franziska-Langhans.png\" alt=\"Physiotherapie Logo Franziska Langhans\" class=\"wp-image-13476\" srcset=\"https:\/\/www.designenlassen.de\/blog\/wp-content\/uploads\/2018\/08\/Physiotherapie-Logo-Franziska-Langhans.png 338w, https:\/\/www.designenlassen.de\/blog\/wp-content\/uploads\/2018\/08\/Physiotherapie-Logo-Franziska-Langhans-150x150.png 150w, https:\/\/www.designenlassen.de\/blog\/wp-content\/uploads\/2018\/08\/Physiotherapie-Logo-Franziska-Langhans-300x300.png 300w\" sizes=\"(max-width: 338px) 100vw, 338px\" \/><\/figure>\n\n\n\n<figure class=\"wp-block-image size-large\"><img loading=\"lazy\" decoding=\"async\" width=\"800\" height=\"400\" data-id=\"13471\" src=\"https:\/\/www.designenlassen.de\/blog\/wp-content\/uploads\/2018\/08\/mamavitalis_logo_544.png\" alt=\"Physiotherapie Logo Mama und Kind Mamavitalis\" class=\"wp-image-13471\" srcset=\"https:\/\/www.designenlassen.de\/blog\/wp-content\/uploads\/2018\/08\/mamavitalis_logo_544.png 800w, https:\/\/www.designenlassen.de\/blog\/wp-content\/uploads\/2018\/08\/mamavitalis_logo_544-300x150.png 300w, https:\/\/www.designenlassen.de\/blog\/wp-content\/uploads\/2018\/08\/mamavitalis_logo_544-768x384.png 768w\" sizes=\"(max-width: 800px) 100vw, 800px\" \/><\/figure>\n\n\n\n<figure class=\"wp-block-image size-large\"><img loading=\"lazy\" decoding=\"async\" width=\"338\" height=\"338\" data-id=\"20540\" src=\"https:\/\/www.designenlassen.de\/blog\/wp-content\/uploads\/2020\/04\/Sonne-Logo-Physiotherapie-544376-zaqibagibagi.png\" alt=\"Sonne-Logo-Physiotherapie\" class=\"wp-image-20540\" srcset=\"https:\/\/www.designenlassen.de\/blog\/wp-content\/uploads\/2020\/04\/Sonne-Logo-Physiotherapie-544376-zaqibagibagi.png 338w, https:\/\/www.designenlassen.de\/blog\/wp-content\/uploads\/2020\/04\/Sonne-Logo-Physiotherapie-544376-zaqibagibagi-300x300.png 300w, https:\/\/www.designenlassen.de\/blog\/wp-content\/uploads\/2020\/04\/Sonne-Logo-Physiotherapie-544376-zaqibagibagi-150x150.png 150w\" sizes=\"(max-width: 338px) 100vw, 338px\" \/><figcaption class=\"wp-element-caption\">Sonnen Logo von zaqibagibagi<\/figcaption><\/figure>\n<\/figure>\n\n\n<div class=\"wp-block-image\">\n<figure class=\"aligncenter\"><img loading=\"lazy\" decoding=\"async\" width=\"800\" height=\"350\" src=\"https:\/\/www.designenlassen.de\/blog\/wp-content\/uploads\/2018\/08\/Logo-f\u00fcr-Physiotherapie-Praxis-Carola-Enzner.jpg\" alt=\"Logo f\u00fcr Physiotherapie Praxis Carola Enzner\" class=\"wp-image-13484\" srcset=\"https:\/\/www.designenlassen.de\/blog\/wp-content\/uploads\/2018\/08\/Logo-f\u00fcr-Physiotherapie-Praxis-Carola-Enzner.jpg 800w, https:\/\/www.designenlassen.de\/blog\/wp-content\/uploads\/2018\/08\/Logo-f\u00fcr-Physiotherapie-Praxis-Carola-Enzner-300x131.jpg 300w, https:\/\/www.designenlassen.de\/blog\/wp-content\/uploads\/2018\/08\/Logo-f\u00fcr-Physiotherapie-Praxis-Carola-Enzner-768x336.jpg 768w\" sizes=\"(max-width: 800px) 100vw, 800px\" \/><\/figure>\n<\/div>\n\n\n<h2 class=\"wp-block-heading\">Willst Du ein einzigartiges Physiotherapie Logo?<\/h2>\n\n\n\n<p>Mit einem professionellen Physiotherapie-Logo verleihst Du Deiner Praxis ein Maximum an Professionalit\u00e4t und Expertise. In Handumdrehen kreieren Dir unsere Profi-Designer zahlreiche individuelle Logo-Entw\u00fcrfe nach Deinen W\u00fcnschen. Anschlie\u00dfend kannst Du ganz bequem aus all den Vorschl\u00e4gen Deinen Favoriten ausw\u00e4hlen.<\/p>\n\n\n\n<p><strong>Neugierig? Dann entdecke hier Dein neues Logo-Design:<\/strong><\/p>\n\n\n\n<div class=\"wp-block-buttons is-content-justification-center is-layout-flex wp-container-core-buttons-is-layout-16018d1d wp-block-buttons-is-layout-flex\">\n<div class=\"wp-block-button is-style-fill\"><a class=\"wp-block-button__link has-white-color has-text-color has-background has-text-align-left wp-element-button\" href=\"https:\/\/www.designenlassen.de\/logo-design?utm_source=blog&amp;utm_medium=button&amp;utm_campaign=blog-beitraege\" style=\"background-color:#091182\">Jetzt Logo erstellen<\/a><\/div>\n<\/div>\n\n\n\n<div style=\"height:35px\" aria-hidden=\"true\" class=\"wp-block-spacer\"><\/div>\n\n\n\n<figure class=\"wp-block-gallery has-nested-images columns-2 is-cropped wp-block-gallery-2 is-layout-flex wp-block-gallery-is-layout-flex\">\n<figure class=\"wp-block-image size-large\"><img loading=\"lazy\" decoding=\"async\" width=\"338\" height=\"338\" data-id=\"13473\" src=\"https:\/\/www.designenlassen.de\/blog\/wp-content\/uploads\/2018\/08\/Physiotherapeut-Logo-Physio-Vital-Uta-Mai.png\" alt=\"Physiotherapeut Logo Physio-Vital Uta Mai\" class=\"wp-image-13473\" srcset=\"https:\/\/www.designenlassen.de\/blog\/wp-content\/uploads\/2018\/08\/Physiotherapeut-Logo-Physio-Vital-Uta-Mai.png 338w, https:\/\/www.designenlassen.de\/blog\/wp-content\/uploads\/2018\/08\/Physiotherapeut-Logo-Physio-Vital-Uta-Mai-150x150.png 150w, https:\/\/www.designenlassen.de\/blog\/wp-content\/uploads\/2018\/08\/Physiotherapeut-Logo-Physio-Vital-Uta-Mai-300x300.png 300w\" sizes=\"(max-width: 338px) 100vw, 338px\" \/><\/figure>\n\n\n\n<figure class=\"wp-block-image size-large\"><img decoding=\"async\" data-id=\"2511\" src=\"https:\/\/www.designenlassen.de\/blog\/wp-content\/uploads\/2013\/05\/230_743469-1024x817.jpg\" alt=\"\" class=\"wp-image-2511\"\/><figcaption class=\"wp-element-caption\">Physiotherapie &#8211; medizinische Branche<\/figcaption><\/figure>\n\n\n\n<figure class=\"wp-block-image size-large\"><img loading=\"lazy\" decoding=\"async\" width=\"338\" height=\"338\" data-id=\"13468\" src=\"https:\/\/www.designenlassen.de\/blog\/wp-content\/uploads\/2018\/08\/Logo-Physiotherapie-Dellenbach.jpg\" alt=\"Logo Physiotherapie Dellenbach\" class=\"wp-image-13468\" srcset=\"https:\/\/www.designenlassen.de\/blog\/wp-content\/uploads\/2018\/08\/Logo-Physiotherapie-Dellenbach.jpg 338w, https:\/\/www.designenlassen.de\/blog\/wp-content\/uploads\/2018\/08\/Logo-Physiotherapie-Dellenbach-150x150.jpg 150w, https:\/\/www.designenlassen.de\/blog\/wp-content\/uploads\/2018\/08\/Logo-Physiotherapie-Dellenbach-300x300.jpg 300w\" sizes=\"(max-width: 338px) 100vw, 338px\" \/><\/figure>\n\n\n\n<figure class=\"wp-block-image size-large\"><img loading=\"lazy\" decoding=\"async\" width=\"800\" height=\"500\" data-id=\"13482\" src=\"https:\/\/www.designenlassen.de\/blog\/wp-content\/uploads\/2018\/08\/VK_proell_RZ-01.png\" alt=\"Physiotherapeut Logo Corinna Proll\" class=\"wp-image-13482\" srcset=\"https:\/\/www.designenlassen.de\/blog\/wp-content\/uploads\/2018\/08\/VK_proell_RZ-01.png 800w, https:\/\/www.designenlassen.de\/blog\/wp-content\/uploads\/2018\/08\/VK_proell_RZ-01-300x188.png 300w, https:\/\/www.designenlassen.de\/blog\/wp-content\/uploads\/2018\/08\/VK_proell_RZ-01-768x480.png 768w\" sizes=\"(max-width: 800px) 100vw, 800px\" \/><\/figure>\n\n\n\n<figure class=\"wp-block-image size-large\"><img loading=\"lazy\" decoding=\"async\" width=\"338\" height=\"338\" data-id=\"13477\" src=\"https:\/\/www.designenlassen.de\/blog\/wp-content\/uploads\/2018\/08\/Physiotherapie-Logo-Sandr\u00e4uber.jpg\" alt=\"Physiotherapie Logo Sandr\u00e4uber\" class=\"wp-image-13477\" srcset=\"https:\/\/www.designenlassen.de\/blog\/wp-content\/uploads\/2018\/08\/Physiotherapie-Logo-Sandr\u00e4uber.jpg 338w, https:\/\/www.designenlassen.de\/blog\/wp-content\/uploads\/2018\/08\/Physiotherapie-Logo-Sandr\u00e4uber-150x150.jpg 150w, https:\/\/www.designenlassen.de\/blog\/wp-content\/uploads\/2018\/08\/Physiotherapie-Logo-Sandr\u00e4uber-300x300.jpg 300w\" sizes=\"(max-width: 338px) 100vw, 338px\" \/><\/figure>\n\n\n\n<figure class=\"wp-block-image size-large\"><img loading=\"lazy\" decoding=\"async\" width=\"338\" height=\"338\" data-id=\"13474\" src=\"https:\/\/www.designenlassen.de\/blog\/wp-content\/uploads\/2018\/08\/Physiotherapie-Logo-Carola-Enzner.jpg\" alt=\"Physiotherapie Logo Carola Enzner\" class=\"wp-image-13474\" srcset=\"https:\/\/www.designenlassen.de\/blog\/wp-content\/uploads\/2018\/08\/Physiotherapie-Logo-Carola-Enzner.jpg 338w, https:\/\/www.designenlassen.de\/blog\/wp-content\/uploads\/2018\/08\/Physiotherapie-Logo-Carola-Enzner-150x150.jpg 150w, https:\/\/www.designenlassen.de\/blog\/wp-content\/uploads\/2018\/08\/Physiotherapie-Logo-Carola-Enzner-300x300.jpg 300w\" sizes=\"(max-width: 338px) 100vw, 338px\" \/><\/figure>\n\n\n\n<figure class=\"wp-block-image size-large\"><img loading=\"lazy\" decoding=\"async\" width=\"338\" height=\"338\" data-id=\"13486\" src=\"https:\/\/www.designenlassen.de\/blog\/wp-content\/uploads\/2018\/08\/Logo-f\u00fcr-Physiotherapie-Praxis-Lukas-Wacha.png\" alt=\"Logo f\u00fcr Physiotherapie Praxis Lukas Wacha\" class=\"wp-image-13486\" srcset=\"https:\/\/www.designenlassen.de\/blog\/wp-content\/uploads\/2018\/08\/Logo-f\u00fcr-Physiotherapie-Praxis-Lukas-Wacha.png 338w, https:\/\/www.designenlassen.de\/blog\/wp-content\/uploads\/2018\/08\/Logo-f\u00fcr-Physiotherapie-Praxis-Lukas-Wacha-150x150.png 150w, https:\/\/www.designenlassen.de\/blog\/wp-content\/uploads\/2018\/08\/Logo-f\u00fcr-Physiotherapie-Praxis-Lukas-Wacha-300x300.png 300w\" sizes=\"(max-width: 338px) 100vw, 338px\" \/><\/figure>\n\n\n\n<figure class=\"wp-block-image size-large\"><img loading=\"lazy\" decoding=\"async\" width=\"338\" height=\"338\" data-id=\"13487\" src=\"https:\/\/www.designenlassen.de\/blog\/wp-content\/uploads\/2018\/08\/Logo-f\u00fcr-Physiotherapie-Theraletics.png\" alt=\"Logo f\u00fcr Physiotherapie Theraletics\" class=\"wp-image-13487\" srcset=\"https:\/\/www.designenlassen.de\/blog\/wp-content\/uploads\/2018\/08\/Logo-f\u00fcr-Physiotherapie-Theraletics.png 338w, https:\/\/www.designenlassen.de\/blog\/wp-content\/uploads\/2018\/08\/Logo-f\u00fcr-Physiotherapie-Theraletics-150x150.png 150w, https:\/\/www.designenlassen.de\/blog\/wp-content\/uploads\/2018\/08\/Logo-f\u00fcr-Physiotherapie-Theraletics-300x300.png 300w\" sizes=\"(max-width: 338px) 100vw, 338px\" \/><\/figure>\n<\/figure>\n\n\n\n<div style=\"height:21px\" aria-hidden=\"true\" class=\"wp-block-spacer\"><\/div>\n\n\n\n<h2 class=\"wp-block-heading\">Osteopathie-Logos f\u00fcr den Osteopathen<\/h2>\n\n\n\n<p>Deine magischen H\u00e4nde haben schon so Manchen von seinem Schmerz befreit. Somit ist es kein Wunder, dass H\u00e4nde ein beliebtes Motiv bei Osteopathie-Logos sind und h\u00e4ufig verwendet werden. Aber nat\u00fcrlich kannst Du Dich auch f\u00fcr ein <a href=\"https:\/\/www.designenlassen.de\/blog\/40-kreative-initialen-logos-als-individuelles-merkmal-fuer-dein-unternehmen\/\" target=\"_blank\" rel=\"noopener noreferrer\">Initialen Logo<\/a> mit gro\u00dfem Wiedererkennungswert entscheiden oder mit Elementen aus Deinem <a href=\"https:\/\/www.designenlassen.de\/blog\/den-richtigen-firmennamen-finden-ein-ratgeber-fuer-gruender\/\" target=\"_blank\" rel=\"noopener noreferrer\">Firmennamen<\/a> spielen. Deine M\u00f6glichkeiten in diesem Bereich sind zahlreich.<\/p>\n\n\n\n<figure class=\"wp-block-gallery has-nested-images columns-2 is-cropped wp-block-gallery-3 is-layout-flex wp-block-gallery-is-layout-flex\">\n<figure class=\"wp-block-image size-large\"><img loading=\"lazy\" decoding=\"async\" width=\"338\" height=\"338\" data-id=\"23945\" src=\"https:\/\/www.designenlassen.de\/blog\/wp-content\/uploads\/2021\/04\/Logo-fuer-Heilpraktiker-Osteopathie-Osteo-Active-374978-OMRAM.jpg\" alt=\"Logo-fuer-Heilpraktiker-Osteopathie-Osteo-Active\" class=\"wp-image-23945\" srcset=\"https:\/\/www.designenlassen.de\/blog\/wp-content\/uploads\/2021\/04\/Logo-fuer-Heilpraktiker-Osteopathie-Osteo-Active-374978-OMRAM.jpg 338w, https:\/\/www.designenlassen.de\/blog\/wp-content\/uploads\/2021\/04\/Logo-fuer-Heilpraktiker-Osteopathie-Osteo-Active-374978-OMRAM-300x300.jpg 300w, https:\/\/www.designenlassen.de\/blog\/wp-content\/uploads\/2021\/04\/Logo-fuer-Heilpraktiker-Osteopathie-Osteo-Active-374978-OMRAM-150x150.jpg 150w\" sizes=\"(max-width: 338px) 100vw, 338px\" \/><\/figure>\n\n\n\n<figure class=\"wp-block-image size-large\"><img loading=\"lazy\" decoding=\"async\" width=\"800\" height=\"560\" data-id=\"18709\" src=\"https:\/\/www.designenlassen.de\/blog\/wp-content\/uploads\/2019\/11\/Osteopathische-Medizin-Beispiele-Visitenkarten-865534.jpg\" alt=\"Osteopathische-Medizin-Beispiele-Visitenkarten\" class=\"wp-image-18709\" srcset=\"https:\/\/www.designenlassen.de\/blog\/wp-content\/uploads\/2019\/11\/Osteopathische-Medizin-Beispiele-Visitenkarten-865534.jpg 800w, https:\/\/www.designenlassen.de\/blog\/wp-content\/uploads\/2019\/11\/Osteopathische-Medizin-Beispiele-Visitenkarten-865534-300x210.jpg 300w, https:\/\/www.designenlassen.de\/blog\/wp-content\/uploads\/2019\/11\/Osteopathische-Medizin-Beispiele-Visitenkarten-865534-768x538.jpg 768w, https:\/\/www.designenlassen.de\/blog\/wp-content\/uploads\/2019\/11\/Osteopathische-Medizin-Beispiele-Visitenkarten-865534-585x410.jpg 585w, https:\/\/www.designenlassen.de\/blog\/wp-content\/uploads\/2019\/11\/Osteopathische-Medizin-Beispiele-Visitenkarten-865534-600x420.jpg 600w\" sizes=\"(max-width: 800px) 100vw, 800px\" \/><\/figure>\n\n\n\n<figure class=\"wp-block-image size-large\"><img loading=\"lazy\" decoding=\"async\" width=\"338\" height=\"338\" data-id=\"13497\" src=\"https:\/\/www.designenlassen.de\/blog\/wp-content\/uploads\/2018\/08\/Osteopathie-Logo-Coast.png\" alt=\"Osteopathie Logo Coast\" class=\"wp-image-13497\" srcset=\"https:\/\/www.designenlassen.de\/blog\/wp-content\/uploads\/2018\/08\/Osteopathie-Logo-Coast.png 338w, https:\/\/www.designenlassen.de\/blog\/wp-content\/uploads\/2018\/08\/Osteopathie-Logo-Coast-150x150.png 150w, https:\/\/www.designenlassen.de\/blog\/wp-content\/uploads\/2018\/08\/Osteopathie-Logo-Coast-300x300.png 300w\" sizes=\"(max-width: 338px) 100vw, 338px\" \/><\/figure>\n\n\n\n<figure class=\"wp-block-image size-full\"><img loading=\"lazy\" decoding=\"async\" width=\"338\" height=\"338\" data-id=\"13498\" src=\"https:\/\/www.designenlassen.de\/blog\/wp-content\/uploads\/2018\/08\/Osteopathie-Logo-Design-Denis-Franke.png\" alt=\"Osteopathie Logo Design Denis Franke\" class=\"wp-image-13498\" srcset=\"https:\/\/www.designenlassen.de\/blog\/wp-content\/uploads\/2018\/08\/Osteopathie-Logo-Design-Denis-Franke.png 338w, https:\/\/www.designenlassen.de\/blog\/wp-content\/uploads\/2018\/08\/Osteopathie-Logo-Design-Denis-Franke-150x150.png 150w, https:\/\/www.designenlassen.de\/blog\/wp-content\/uploads\/2018\/08\/Osteopathie-Logo-Design-Denis-Franke-300x300.png 300w\" sizes=\"(max-width: 338px) 100vw, 338px\" \/><\/figure>\n\n\n\n<figure class=\"wp-block-image size-full\"><img loading=\"lazy\" decoding=\"async\" width=\"800\" height=\"501\" data-id=\"23941\" src=\"https:\/\/www.designenlassen.de\/blog\/wp-content\/uploads\/2021\/04\/Heilpraktiker-Logo-Christian-Mohr-Osteopathie-615312-devoo.png\" alt=\"Heilpraktiker-Logo-Christian-Mohr-Osteopathie\" class=\"wp-image-23941\" srcset=\"https:\/\/www.designenlassen.de\/blog\/wp-content\/uploads\/2021\/04\/Heilpraktiker-Logo-Christian-Mohr-Osteopathie-615312-devoo.png 800w, https:\/\/www.designenlassen.de\/blog\/wp-content\/uploads\/2021\/04\/Heilpraktiker-Logo-Christian-Mohr-Osteopathie-615312-devoo-300x188.png 300w, https:\/\/www.designenlassen.de\/blog\/wp-content\/uploads\/2021\/04\/Heilpraktiker-Logo-Christian-Mohr-Osteopathie-615312-devoo-768x481.png 768w\" sizes=\"(max-width: 800px) 100vw, 800px\" \/><\/figure>\n\n\n\n<figure class=\"wp-block-image size-full\"><img loading=\"lazy\" decoding=\"async\" width=\"338\" height=\"338\" data-id=\"13494\" src=\"https:\/\/www.designenlassen.de\/blog\/wp-content\/uploads\/2018\/08\/Logo-Osteopathe-Praxis-Coast-Andr\u00e9-Clausen.png\" alt=\"Logo Osteopathe Praxis Coast Andr\u00e9 Clausen\" class=\"wp-image-13494\" srcset=\"https:\/\/www.designenlassen.de\/blog\/wp-content\/uploads\/2018\/08\/Logo-Osteopathe-Praxis-Coast-Andr\u00e9-Clausen.png 338w, https:\/\/www.designenlassen.de\/blog\/wp-content\/uploads\/2018\/08\/Logo-Osteopathe-Praxis-Coast-Andr\u00e9-Clausen-150x150.png 150w, https:\/\/www.designenlassen.de\/blog\/wp-content\/uploads\/2018\/08\/Logo-Osteopathe-Praxis-Coast-Andr\u00e9-Clausen-300x300.png 300w\" sizes=\"(max-width: 338px) 100vw, 338px\" \/><\/figure>\n\n\n\n<figure class=\"wp-block-image size-large\"><img loading=\"lazy\" decoding=\"async\" width=\"338\" height=\"338\" data-id=\"23939\" src=\"https:\/\/www.designenlassen.de\/blog\/wp-content\/uploads\/2021\/04\/Osteo-Naturalis-Ostepathie-Logo-Heilpraktiker-936485-designsketch.png\" alt=\"Osteo-Naturalis-Ostepathie-Logo-Heilpraktiker\" class=\"wp-image-23939\" srcset=\"https:\/\/www.designenlassen.de\/blog\/wp-content\/uploads\/2021\/04\/Osteo-Naturalis-Ostepathie-Logo-Heilpraktiker-936485-designsketch.png 338w, https:\/\/www.designenlassen.de\/blog\/wp-content\/uploads\/2021\/04\/Osteo-Naturalis-Ostepathie-Logo-Heilpraktiker-936485-designsketch-300x300.png 300w, https:\/\/www.designenlassen.de\/blog\/wp-content\/uploads\/2021\/04\/Osteo-Naturalis-Ostepathie-Logo-Heilpraktiker-936485-designsketch-150x150.png 150w\" sizes=\"(max-width: 338px) 100vw, 338px\" \/><\/figure>\n\n\n\n<figure class=\"wp-block-image size-large\"><img loading=\"lazy\" decoding=\"async\" width=\"338\" height=\"338\" data-id=\"23943\" src=\"https:\/\/www.designenlassen.de\/blog\/wp-content\/uploads\/2021\/04\/Osteopathie-Heilpraktiker-Logo-Anna-Servatius-237549-rookie2.png\" alt=\"Osteopathie-Heilpraktiker-Logo-Anna-Servatius\" class=\"wp-image-23943\" srcset=\"https:\/\/www.designenlassen.de\/blog\/wp-content\/uploads\/2021\/04\/Osteopathie-Heilpraktiker-Logo-Anna-Servatius-237549-rookie2.png 338w, https:\/\/www.designenlassen.de\/blog\/wp-content\/uploads\/2021\/04\/Osteopathie-Heilpraktiker-Logo-Anna-Servatius-237549-rookie2-300x300.png 300w, https:\/\/www.designenlassen.de\/blog\/wp-content\/uploads\/2021\/04\/Osteopathie-Heilpraktiker-Logo-Anna-Servatius-237549-rookie2-150x150.png 150w\" sizes=\"(max-width: 338px) 100vw, 338px\" \/><\/figure>\n<\/figure>\n\n\n<div class=\"wp-block-image\">\n<figure class=\"aligncenter\"><img loading=\"lazy\" decoding=\"async\" width=\"800\" height=\"411\" src=\"https:\/\/www.designenlassen.de\/blog\/wp-content\/uploads\/2018\/08\/Logo-Osteopathie-Felix-Bader.png\" alt=\"Logo Osteopathie Felix Bader\" class=\"wp-image-13495\" srcset=\"https:\/\/www.designenlassen.de\/blog\/wp-content\/uploads\/2018\/08\/Logo-Osteopathie-Felix-Bader.png 800w, https:\/\/www.designenlassen.de\/blog\/wp-content\/uploads\/2018\/08\/Logo-Osteopathie-Felix-Bader-300x154.png 300w, https:\/\/www.designenlassen.de\/blog\/wp-content\/uploads\/2018\/08\/Logo-Osteopathie-Felix-Bader-768x395.png 768w\" sizes=\"(max-width: 800px) 100vw, 800px\" \/><\/figure>\n<\/div>\n\n\n<div style=\"height:27px\" aria-hidden=\"true\" class=\"wp-block-spacer\"><\/div>\n\n\n\n<div class=\"wp-block-buttons is-content-justification-center is-layout-flex wp-container-core-buttons-is-layout-16018d1d wp-block-buttons-is-layout-flex\">\n<div class=\"wp-block-button is-style-fill\"><a class=\"wp-block-button__link has-white-color has-text-color has-background has-text-align-left wp-element-button\" href=\"https:\/\/www.designenlassen.de\/logo-design?utm_source=blog&amp;utm_medium=button&amp;utm_campaign=blog-beitraege\" style=\"background-color:#091182\">Jetzt Logo erstellen<\/a><\/div>\n<\/div>\n\n\n\n<div style=\"height:40px\" aria-hidden=\"true\" class=\"wp-block-spacer\"><\/div>\n\n\n\n<h2 class=\"wp-block-heading\">Heilpraktiker-Logos mit N\u00e4he zur Natur<\/h2>\n\n\n\n<p>Als Heilpraktiker konzentrierst Du Dich im Gegensatz zu <a href=\"https:\/\/www.designenlassen.de\/blog\/30-arzt-logos-mit-denen-sie-sich-von-ihrer-konkurrenz-abheben\/\" target=\"_blank\" rel=\"noopener noreferrer\">\u00c4rzten<\/a> auf alternative Heilmethoden und arbeitest eng mit der Natur zusammen. Um diese T\u00e4tigkeit zu untermalen, sind laut Farbpsychologie <a href=\"https:\/\/www.designenlassen.de\/blog\/farben-und-ihre-bedeutung\/\">nat\u00fcrliche Farben<\/a> wie gr\u00fcn, beige oder braun perfekt f\u00fcr Deine Praxis. <\/p>\n\n\n<div class=\"wp-block-image\">\n<figure class=\"aligncenter\"><a href=\"https:\/\/www.designenlassen.de\/933524-logo-design-fuer-naturheilpraxis\"><img loading=\"lazy\" decoding=\"async\" width=\"800\" height=\"439\" src=\"https:\/\/www.designenlassen.de\/blog\/wp-content\/uploads\/2018\/08\/naturheilpraxis-logo-susanne-schmidt.png\" alt=\"naturheilpraxis logo susanne schmidt\" class=\"wp-image-13504\" srcset=\"https:\/\/www.designenlassen.de\/blog\/wp-content\/uploads\/2018\/08\/naturheilpraxis-logo-susanne-schmidt.png 800w, https:\/\/www.designenlassen.de\/blog\/wp-content\/uploads\/2018\/08\/naturheilpraxis-logo-susanne-schmidt-300x165.png 300w, https:\/\/www.designenlassen.de\/blog\/wp-content\/uploads\/2018\/08\/naturheilpraxis-logo-susanne-schmidt-768x421.png 768w\" sizes=\"(max-width: 800px) 100vw, 800px\" \/><\/a><\/figure>\n<\/div>\n\n\n<p>M\u00f6chtest Du ein besonders einzigartiges<a href=\"https:\/\/www.designenlassen.de\/logo-design\"> Logo-Design<\/a>, kannst Du aber auch auf andere Farbt\u00f6ne zur\u00fcckgreifen, solange es nicht zu schrill wird und zu Deinem Unternehmen passt. Bedenke aber immer, dass <a href=\"https:\/\/www.designenlassen.de\/blog\/farben-und-ihre-bedeutung\/\" target=\"_blank\" rel=\"noreferrer noopener\">jede Farbe eine andere Farbwirkung<\/a> hat und vielleicht nicht jede Farbe mit Deinem gew\u00fcnschten Auftreten harmoniert.<\/p>\n\n\n\n<figure class=\"wp-block-gallery has-nested-images columns-2 is-cropped wp-block-gallery-4 is-layout-flex wp-block-gallery-is-layout-flex\">\n<figure class=\"wp-block-image size-large\"><img loading=\"lazy\" decoding=\"async\" width=\"800\" height=\"390\" data-id=\"13501\" src=\"https:\/\/www.designenlassen.de\/blog\/wp-content\/uploads\/2018\/08\/Naturamed-Praxis-Hom\u00f6opathie-Naturheilkunde-Logo.jpg\" alt=\"Naturamed Praxis Hom\u00f6opathie Naturheilkunde Logo\" class=\"wp-image-13501\" srcset=\"https:\/\/www.designenlassen.de\/blog\/wp-content\/uploads\/2018\/08\/Naturamed-Praxis-Hom\u00f6opathie-Naturheilkunde-Logo.jpg 800w, https:\/\/www.designenlassen.de\/blog\/wp-content\/uploads\/2018\/08\/Naturamed-Praxis-Hom\u00f6opathie-Naturheilkunde-Logo-300x146.jpg 300w, https:\/\/www.designenlassen.de\/blog\/wp-content\/uploads\/2018\/08\/Naturamed-Praxis-Hom\u00f6opathie-Naturheilkunde-Logo-768x374.jpg 768w\" sizes=\"(max-width: 800px) 100vw, 800px\" \/><\/figure>\n\n\n\n<figure class=\"wp-block-image size-full\"><img loading=\"lazy\" decoding=\"async\" width=\"338\" height=\"338\" data-id=\"13505\" src=\"https:\/\/www.designenlassen.de\/blog\/wp-content\/uploads\/2018\/08\/Heilpraktiker-Logo-Arlett-Heinemann-Beukert.png\" alt=\"Heilpraktiker Logo Arlett Heinemann Beukert\" class=\"wp-image-13505\" srcset=\"https:\/\/www.designenlassen.de\/blog\/wp-content\/uploads\/2018\/08\/Heilpraktiker-Logo-Arlett-Heinemann-Beukert.png 338w, https:\/\/www.designenlassen.de\/blog\/wp-content\/uploads\/2018\/08\/Heilpraktiker-Logo-Arlett-Heinemann-Beukert-150x150.png 150w, https:\/\/www.designenlassen.de\/blog\/wp-content\/uploads\/2018\/08\/Heilpraktiker-Logo-Arlett-Heinemann-Beukert-300x300.png 300w\" sizes=\"(max-width: 338px) 100vw, 338px\" \/><\/figure>\n\n\n\n<figure class=\"wp-block-image size-large\"><img loading=\"lazy\" decoding=\"async\" width=\"800\" height=\"562\" data-id=\"11207\" src=\"https:\/\/www.designenlassen.de\/blog\/wp-content\/uploads\/2015\/07\/Naturheilpraxis-Logo-Alexandra-Veser.jpg\" alt=\"Naturheilpraxis Logo Alexandra Veser\" class=\"wp-image-11207\" srcset=\"https:\/\/www.designenlassen.de\/blog\/wp-content\/uploads\/2015\/07\/Naturheilpraxis-Logo-Alexandra-Veser.jpg 800w, https:\/\/www.designenlassen.de\/blog\/wp-content\/uploads\/2015\/07\/Naturheilpraxis-Logo-Alexandra-Veser-300x211.jpg 300w, https:\/\/www.designenlassen.de\/blog\/wp-content\/uploads\/2015\/07\/Naturheilpraxis-Logo-Alexandra-Veser-768x540.jpg 768w\" sizes=\"(max-width: 800px) 100vw, 800px\" \/><\/figure>\n\n\n\n<figure class=\"wp-block-image size-large\"><img loading=\"lazy\" decoding=\"async\" width=\"500\" height=\"419\" data-id=\"4535\" src=\"https:\/\/www.designenlassen.de\/blog\/wp-content\/uploads\/2015\/07\/Naturheilverfahren-und-Akupunktur-Logo.png\" alt=\"\" class=\"wp-image-4535\" srcset=\"https:\/\/www.designenlassen.de\/blog\/wp-content\/uploads\/2015\/07\/Naturheilverfahren-und-Akupunktur-Logo.png 500w, https:\/\/www.designenlassen.de\/blog\/wp-content\/uploads\/2015\/07\/Naturheilverfahren-und-Akupunktur-Logo-300x251.png 300w\" sizes=\"(max-width: 500px) 100vw, 500px\" \/><\/figure>\n\n\n\n<figure class=\"wp-block-image size-large\"><img loading=\"lazy\" decoding=\"async\" width=\"338\" height=\"338\" data-id=\"11209\" src=\"https:\/\/www.designenlassen.de\/blog\/wp-content\/uploads\/2015\/07\/Naturheilverfahren-und-Akupunktur-Logo-Kerstin-Klein.png\" alt=\"Naturheilverfahren und Akupunktur Logo Kerstin Klein\" class=\"wp-image-11209\" srcset=\"https:\/\/www.designenlassen.de\/blog\/wp-content\/uploads\/2015\/07\/Naturheilverfahren-und-Akupunktur-Logo-Kerstin-Klein.png 338w, https:\/\/www.designenlassen.de\/blog\/wp-content\/uploads\/2015\/07\/Naturheilverfahren-und-Akupunktur-Logo-Kerstin-Klein-150x150.png 150w, https:\/\/www.designenlassen.de\/blog\/wp-content\/uploads\/2015\/07\/Naturheilverfahren-und-Akupunktur-Logo-Kerstin-Klein-300x300.png 300w\" sizes=\"(max-width: 338px) 100vw, 338px\" \/><\/figure>\n\n\n\n<figure class=\"wp-block-image size-large\"><img loading=\"lazy\" decoding=\"async\" width=\"338\" height=\"338\" data-id=\"13342\" src=\"https:\/\/www.designenlassen.de\/blog\/wp-content\/uploads\/2018\/08\/logo-gold-naturheilpraxis-heidemarie-helbig.jpg\" alt=\"logo gold naturheilpraxis heidemarie helbig\" class=\"wp-image-13342\" srcset=\"https:\/\/www.designenlassen.de\/blog\/wp-content\/uploads\/2018\/08\/logo-gold-naturheilpraxis-heidemarie-helbig.jpg 338w, https:\/\/www.designenlassen.de\/blog\/wp-content\/uploads\/2018\/08\/logo-gold-naturheilpraxis-heidemarie-helbig-150x150.jpg 150w, https:\/\/www.designenlassen.de\/blog\/wp-content\/uploads\/2018\/08\/logo-gold-naturheilpraxis-heidemarie-helbig-300x300.jpg 300w\" sizes=\"(max-width: 338px) 100vw, 338px\" \/><\/figure>\n<\/figure>\n\n\n<div class=\"wp-block-image\">\n<figure class=\"aligncenter\"><a href=\"https:\/\/www.designenlassen.de\/272566-logo-und-visitenkarte-fuer-heilpraktikerin\"><img loading=\"lazy\" decoding=\"async\" width=\"800\" height=\"390\" src=\"http:\/\/www.designenlassen.de\/blog\/wp-content\/uploads\/2018\/08\/Naturamed-Praxis-Hom\u00f6opathie-Naturheilkunde-Logo.jpg\" alt=\"Naturamed Praxis Hom\u00f6opathie Naturheilkunde Logo\" class=\"wp-image-13501\" srcset=\"https:\/\/www.designenlassen.de\/blog\/wp-content\/uploads\/2018\/08\/Naturamed-Praxis-Hom\u00f6opathie-Naturheilkunde-Logo.jpg 800w, https:\/\/www.designenlassen.de\/blog\/wp-content\/uploads\/2018\/08\/Naturamed-Praxis-Hom\u00f6opathie-Naturheilkunde-Logo-300x146.jpg 300w, https:\/\/www.designenlassen.de\/blog\/wp-content\/uploads\/2018\/08\/Naturamed-Praxis-Hom\u00f6opathie-Naturheilkunde-Logo-768x374.jpg 768w\" sizes=\"(max-width: 800px) 100vw, 800px\" \/><\/a><\/figure>\n<\/div>\n\n<div class=\"wp-block-image\">\n<figure class=\"aligncenter\"><a href=\"https:\/\/www.designenlassen.de\/695725-heilpraktikerin-physiotherapeutin-sucht-logo-fuer-eigene-praxis\"><img loading=\"lazy\" decoding=\"async\" width=\"800\" height=\"462\" src=\"https:\/\/www.designenlassen.de\/blog\/wp-content\/uploads\/2018\/08\/heilpraktiker-logo-design-praxis-court.jpg\" alt=\"heilpraktiker logo design praxis court\" class=\"wp-image-13508\" srcset=\"https:\/\/www.designenlassen.de\/blog\/wp-content\/uploads\/2018\/08\/heilpraktiker-logo-design-praxis-court.jpg 800w, https:\/\/www.designenlassen.de\/blog\/wp-content\/uploads\/2018\/08\/heilpraktiker-logo-design-praxis-court-300x173.jpg 300w, https:\/\/www.designenlassen.de\/blog\/wp-content\/uploads\/2018\/08\/heilpraktiker-logo-design-praxis-court-768x444.jpg 768w\" sizes=\"(max-width: 800px) 100vw, 800px\" \/><\/a><\/figure>\n<\/div>\n\n\n<figure class=\"wp-block-gallery has-nested-images columns-3 is-cropped wp-block-gallery-5 is-layout-flex wp-block-gallery-is-layout-flex\">\n<figure class=\"wp-block-image size-large\"><img loading=\"lazy\" decoding=\"async\" width=\"338\" height=\"337\" data-id=\"13503\" src=\"https:\/\/www.designenlassen.de\/blog\/wp-content\/uploads\/2018\/08\/Naturheilpraxis-Logo-Blauer-Elefant-Petra-Neuenschwander.jpg\" alt=\"Naturheilpraxis Logo Blauer Elefant Petra Neuenschwander\" class=\"wp-image-13503\" srcset=\"https:\/\/www.designenlassen.de\/blog\/wp-content\/uploads\/2018\/08\/Naturheilpraxis-Logo-Blauer-Elefant-Petra-Neuenschwander.jpg 338w, https:\/\/www.designenlassen.de\/blog\/wp-content\/uploads\/2018\/08\/Naturheilpraxis-Logo-Blauer-Elefant-Petra-Neuenschwander-150x150.jpg 150w, https:\/\/www.designenlassen.de\/blog\/wp-content\/uploads\/2018\/08\/Naturheilpraxis-Logo-Blauer-Elefant-Petra-Neuenschwander-300x300.jpg 300w\" sizes=\"(max-width: 338px) 100vw, 338px\" \/><\/figure>\n\n\n\n<figure class=\"wp-block-image size-large\"><img loading=\"lazy\" decoding=\"async\" width=\"338\" height=\"338\" data-id=\"13500\" src=\"https:\/\/www.designenlassen.de\/blog\/wp-content\/uploads\/2018\/08\/Logo-Naturheilpraxis-Haus-der-Begegnung.png\" alt=\"Logo Naturheilpraxis Haus der Begegnung\" class=\"wp-image-13500\" srcset=\"https:\/\/www.designenlassen.de\/blog\/wp-content\/uploads\/2018\/08\/Logo-Naturheilpraxis-Haus-der-Begegnung.png 338w, https:\/\/www.designenlassen.de\/blog\/wp-content\/uploads\/2018\/08\/Logo-Naturheilpraxis-Haus-der-Begegnung-150x150.png 150w, https:\/\/www.designenlassen.de\/blog\/wp-content\/uploads\/2018\/08\/Logo-Naturheilpraxis-Haus-der-Begegnung-300x300.png 300w\" sizes=\"(max-width: 338px) 100vw, 338px\" \/><\/figure>\n\n\n\n<figure class=\"wp-block-image size-large\"><img loading=\"lazy\" decoding=\"async\" width=\"338\" height=\"338\" data-id=\"11208\" src=\"https:\/\/www.designenlassen.de\/blog\/wp-content\/uploads\/2015\/07\/Naturheilpraxis-Logo-Klein-Pohl.jpg\" alt=\"Naturheilpraxis Logo Klein-Pohl\" class=\"wp-image-11208\" srcset=\"https:\/\/www.designenlassen.de\/blog\/wp-content\/uploads\/2015\/07\/Naturheilpraxis-Logo-Klein-Pohl.jpg 338w, https:\/\/www.designenlassen.de\/blog\/wp-content\/uploads\/2015\/07\/Naturheilpraxis-Logo-Klein-Pohl-150x150.jpg 150w, https:\/\/www.designenlassen.de\/blog\/wp-content\/uploads\/2015\/07\/Naturheilpraxis-Logo-Klein-Pohl-300x300.jpg 300w\" sizes=\"(max-width: 338px) 100vw, 338px\" \/><\/figure>\n\n\n\n<figure class=\"wp-block-image size-large\"><img loading=\"lazy\" decoding=\"async\" width=\"338\" height=\"338\" data-id=\"18756\" src=\"https:\/\/www.designenlassen.de\/blog\/wp-content\/uploads\/2019\/11\/Naturheilpraxis-Lila-Logo-976193-antiqua.png\" alt=\"Naturheilpraxis-Lila-Logo\" class=\"wp-image-18756\" srcset=\"https:\/\/www.designenlassen.de\/blog\/wp-content\/uploads\/2019\/11\/Naturheilpraxis-Lila-Logo-976193-antiqua.png 338w, https:\/\/www.designenlassen.de\/blog\/wp-content\/uploads\/2019\/11\/Naturheilpraxis-Lila-Logo-976193-antiqua-150x150.png 150w, https:\/\/www.designenlassen.de\/blog\/wp-content\/uploads\/2019\/11\/Naturheilpraxis-Lila-Logo-976193-antiqua-300x300.png 300w\" sizes=\"(max-width: 338px) 100vw, 338px\" \/><\/figure>\n\n\n\n<figure class=\"wp-block-image size-full\"><img loading=\"lazy\" decoding=\"async\" width=\"338\" height=\"338\" data-id=\"13506\" src=\"https:\/\/www.designenlassen.de\/blog\/wp-content\/uploads\/2018\/08\/Heilpraktiker-Logo-Balance-Reich.jpg\" alt=\"Heilpraktiker Logo Balance Reich\" class=\"wp-image-13506\" srcset=\"https:\/\/www.designenlassen.de\/blog\/wp-content\/uploads\/2018\/08\/Heilpraktiker-Logo-Balance-Reich.jpg 338w, https:\/\/www.designenlassen.de\/blog\/wp-content\/uploads\/2018\/08\/Heilpraktiker-Logo-Balance-Reich-150x150.jpg 150w, https:\/\/www.designenlassen.de\/blog\/wp-content\/uploads\/2018\/08\/Heilpraktiker-Logo-Balance-Reich-300x300.jpg 300w\" sizes=\"(max-width: 338px) 100vw, 338px\" \/><\/figure>\n<\/figure>\n\n\n<div class=\"wp-block-image\">\n<figure class=\"aligncenter\"><img loading=\"lazy\" decoding=\"async\" width=\"800\" height=\"330\" src=\"https:\/\/www.designenlassen.de\/blog\/wp-content\/uploads\/2018\/08\/Naturheilpraxis-Heilpraktiker-Logo-Romy-Langthaler.png\" alt=\"Naturheilpraxis Heilpraktiker Logo Romy Langthaler\" class=\"wp-image-13502\" srcset=\"https:\/\/www.designenlassen.de\/blog\/wp-content\/uploads\/2018\/08\/Naturheilpraxis-Heilpraktiker-Logo-Romy-Langthaler.png 800w, https:\/\/www.designenlassen.de\/blog\/wp-content\/uploads\/2018\/08\/Naturheilpraxis-Heilpraktiker-Logo-Romy-Langthaler-300x124.png 300w, https:\/\/www.designenlassen.de\/blog\/wp-content\/uploads\/2018\/08\/Naturheilpraxis-Heilpraktiker-Logo-Romy-Langthaler-768x317.png 768w\" sizes=\"(max-width: 800px) 100vw, 800px\" \/><\/figure>\n<\/div>\n\n\n<div style=\"height:21px\" aria-hidden=\"true\" class=\"wp-block-spacer\"><\/div>\n\n\n\n<h2 class=\"wp-block-heading\">Physiotherapie-Logos mit Tieren<\/h2>\n\n\n\n<p>Nat\u00fcrlich haben nicht nur Menschen ab und zu Probleme mit ihrem K\u00f6rper. Auch unsere liebsten Vierbeiner ben\u00f6tigen von Zeit zu Zeit mal eine professionelle Behandlung. Zeige mit Deinem Tier Therapie Logo auf den ersten Blick, worauf Du Dich spezialisiert hast. Was k\u00f6nnte da n\u00e4her liegen, als einen Hund oder ein Pferd als Bildelement zu verwenden? <\/p>\n\n\n<div class=\"wp-block-image\">\n<figure class=\"aligncenter\"><img loading=\"lazy\" decoding=\"async\" width=\"800\" height=\"231\" src=\"https:\/\/www.designenlassen.de\/blog\/wp-content\/uploads\/2018\/08\/Physiotherapie-Logo-Pferd-Annina-Kieck-Equinelan.jpg\" alt=\"Physiotherapie Logo Pferd Annina Kieck Equinelan\" class=\"wp-image-13523\" srcset=\"https:\/\/www.designenlassen.de\/blog\/wp-content\/uploads\/2018\/08\/Physiotherapie-Logo-Pferd-Annina-Kieck-Equinelan.jpg 800w, https:\/\/www.designenlassen.de\/blog\/wp-content\/uploads\/2018\/08\/Physiotherapie-Logo-Pferd-Annina-Kieck-Equinelan-300x87.jpg 300w, https:\/\/www.designenlassen.de\/blog\/wp-content\/uploads\/2018\/08\/Physiotherapie-Logo-Pferd-Annina-Kieck-Equinelan-768x222.jpg 768w\" sizes=\"(max-width: 800px) 100vw, 800px\" \/><\/figure>\n<\/div>\n\n\n<p>Du k\u00f6nntest zum Beispiel eine Silhouette verwenden. Oder aber Du magst es lieber etwas verspielter und integrierst eine Illustration in Dein Logo. Du siehst also, die Entscheidung liegt ganz bei Dir. Hier hast Du schon einmal ein paar Beispiele, die Dir bei Deiner Entscheidung helfen k\u00f6nnen:<\/p>\n\n\n\n<figure class=\"wp-block-gallery has-nested-images columns-2 is-cropped wp-block-gallery-6 is-layout-flex wp-block-gallery-is-layout-flex\">\n<figure class=\"wp-block-image size-large\"><img loading=\"lazy\" decoding=\"async\" width=\"338\" height=\"338\" data-id=\"13524\" src=\"https:\/\/www.designenlassen.de\/blog\/wp-content\/uploads\/2018\/08\/Physiotherapie-Logo-Tiere-Svenja-Lohr.png\" alt=\"Physiotherapie Logo Tiere Svenja Lohr\" class=\"wp-image-13524\" srcset=\"https:\/\/www.designenlassen.de\/blog\/wp-content\/uploads\/2018\/08\/Physiotherapie-Logo-Tiere-Svenja-Lohr.png 338w, https:\/\/www.designenlassen.de\/blog\/wp-content\/uploads\/2018\/08\/Physiotherapie-Logo-Tiere-Svenja-Lohr-150x150.png 150w, https:\/\/www.designenlassen.de\/blog\/wp-content\/uploads\/2018\/08\/Physiotherapie-Logo-Tiere-Svenja-Lohr-300x300.png 300w\" sizes=\"(max-width: 338px) 100vw, 338px\" \/><\/figure>\n\n\n\n<figure class=\"wp-block-image size-large\"><img loading=\"lazy\" decoding=\"async\" width=\"338\" height=\"338\" data-id=\"19321\" src=\"https:\/\/www.designenlassen.de\/blog\/wp-content\/uploads\/2020\/01\/Tierphysiotherapie-Hund-Logo-151641-null.png\" alt=\"Tierphysiotherapie-Hund-Logo\" class=\"wp-image-19321\" srcset=\"https:\/\/www.designenlassen.de\/blog\/wp-content\/uploads\/2020\/01\/Tierphysiotherapie-Hund-Logo-151641-null.png 338w, https:\/\/www.designenlassen.de\/blog\/wp-content\/uploads\/2020\/01\/Tierphysiotherapie-Hund-Logo-151641-null-150x150.png 150w, https:\/\/www.designenlassen.de\/blog\/wp-content\/uploads\/2020\/01\/Tierphysiotherapie-Hund-Logo-151641-null-300x300.png 300w\" sizes=\"(max-width: 338px) 100vw, 338px\" \/><\/figure>\n\n\n\n<figure class=\"wp-block-image size-large\"><img loading=\"lazy\" decoding=\"async\" width=\"338\" height=\"338\" data-id=\"13528\" src=\"https:\/\/www.designenlassen.de\/blog\/wp-content\/uploads\/2018\/08\/Tier-Physiotherapie-Logo-Tierisch-gut-therapiert.png\" alt=\"Tier Physiotherapie Logo Tierisch gut therapiert\" class=\"wp-image-13528\" srcset=\"https:\/\/www.designenlassen.de\/blog\/wp-content\/uploads\/2018\/08\/Tier-Physiotherapie-Logo-Tierisch-gut-therapiert.png 338w, https:\/\/www.designenlassen.de\/blog\/wp-content\/uploads\/2018\/08\/Tier-Physiotherapie-Logo-Tierisch-gut-therapiert-150x150.png 150w, https:\/\/www.designenlassen.de\/blog\/wp-content\/uploads\/2018\/08\/Tier-Physiotherapie-Logo-Tierisch-gut-therapiert-300x300.png 300w\" sizes=\"(max-width: 338px) 100vw, 338px\" \/><\/figure>\n\n\n\n<figure class=\"wp-block-image size-large\"><img loading=\"lazy\" decoding=\"async\" width=\"338\" height=\"338\" data-id=\"13535\" src=\"https:\/\/www.designenlassen.de\/blog\/wp-content\/uploads\/2018\/08\/Logo-Physiotherapie-Tiere-Akupunktur-Nina-Viol.jpg\" alt=\"Hundephysiotherapie Logo Jannika Webs Friesland\" class=\"wp-image-13535\" srcset=\"https:\/\/www.designenlassen.de\/blog\/wp-content\/uploads\/2018\/08\/Logo-Physiotherapie-Tiere-Akupunktur-Nina-Viol.jpg 338w, https:\/\/www.designenlassen.de\/blog\/wp-content\/uploads\/2018\/08\/Logo-Physiotherapie-Tiere-Akupunktur-Nina-Viol-150x150.jpg 150w, https:\/\/www.designenlassen.de\/blog\/wp-content\/uploads\/2018\/08\/Logo-Physiotherapie-Tiere-Akupunktur-Nina-Viol-300x300.jpg 300w\" sizes=\"(max-width: 338px) 100vw, 338px\" \/><\/figure>\n\n\n\n<figure class=\"wp-block-image size-large\"><img loading=\"lazy\" decoding=\"async\" width=\"338\" height=\"338\" data-id=\"13522\" src=\"https:\/\/www.designenlassen.de\/blog\/wp-content\/uploads\/2018\/08\/Physiotherapie-Logo-Design-Julias-TierInTakt.png\" alt=\"Physiotherapie Logo Design Julias TierInTakt\" class=\"wp-image-13522\" srcset=\"https:\/\/www.designenlassen.de\/blog\/wp-content\/uploads\/2018\/08\/Physiotherapie-Logo-Design-Julias-TierInTakt.png 338w, https:\/\/www.designenlassen.de\/blog\/wp-content\/uploads\/2018\/08\/Physiotherapie-Logo-Design-Julias-TierInTakt-150x150.png 150w, https:\/\/www.designenlassen.de\/blog\/wp-content\/uploads\/2018\/08\/Physiotherapie-Logo-Design-Julias-TierInTakt-300x300.png 300w\" sizes=\"(max-width: 338px) 100vw, 338px\" \/><\/figure>\n\n\n\n<figure class=\"wp-block-image size-large\"><img loading=\"lazy\" decoding=\"async\" width=\"500\" height=\"406\" data-id=\"9162\" src=\"https:\/\/www.designenlassen.de\/blog\/wp-content\/uploads\/2018\/02\/tierphysiotherapie.jpg\" alt=\"\" class=\"wp-image-9162\" srcset=\"https:\/\/www.designenlassen.de\/blog\/wp-content\/uploads\/2018\/02\/tierphysiotherapie.jpg 500w, https:\/\/www.designenlassen.de\/blog\/wp-content\/uploads\/2018\/02\/tierphysiotherapie-300x244.jpg 300w\" sizes=\"(max-width: 500px) 100vw, 500px\" \/><\/figure>\n\n\n\n<figure class=\"wp-block-image size-large\"><img loading=\"lazy\" decoding=\"async\" width=\"338\" height=\"338\" data-id=\"13525\" src=\"https:\/\/www.designenlassen.de\/blog\/wp-content\/uploads\/2018\/08\/Physiotherapie-Praxis-Logo-Tierphysiotherapie-Svenja-Lohr.png\" alt=\"Physiotherapie Praxis Logo Tierphysiotherapie Svenja Lohr\" class=\"wp-image-13525\" srcset=\"https:\/\/www.designenlassen.de\/blog\/wp-content\/uploads\/2018\/08\/Physiotherapie-Praxis-Logo-Tierphysiotherapie-Svenja-Lohr.png 338w, https:\/\/www.designenlassen.de\/blog\/wp-content\/uploads\/2018\/08\/Physiotherapie-Praxis-Logo-Tierphysiotherapie-Svenja-Lohr-150x150.png 150w, https:\/\/www.designenlassen.de\/blog\/wp-content\/uploads\/2018\/08\/Physiotherapie-Praxis-Logo-Tierphysiotherapie-Svenja-Lohr-300x300.png 300w\" sizes=\"(max-width: 338px) 100vw, 338px\" \/><\/figure>\n\n\n\n<figure class=\"wp-block-image size-large\"><img loading=\"lazy\" decoding=\"async\" width=\"338\" height=\"338\" data-id=\"13521\" src=\"https:\/\/www.designenlassen.de\/blog\/wp-content\/uploads\/2018\/08\/mobile-Physiotherapie-Logo-Linda-Lehmann-Tiere.png\" alt=\"mobile Physiotherapie Logo Linda Lehmann Tiere\" class=\"wp-image-13521\" srcset=\"https:\/\/www.designenlassen.de\/blog\/wp-content\/uploads\/2018\/08\/mobile-Physiotherapie-Logo-Linda-Lehmann-Tiere.png 338w, https:\/\/www.designenlassen.de\/blog\/wp-content\/uploads\/2018\/08\/mobile-Physiotherapie-Logo-Linda-Lehmann-Tiere-150x150.png 150w, https:\/\/www.designenlassen.de\/blog\/wp-content\/uploads\/2018\/08\/mobile-Physiotherapie-Logo-Linda-Lehmann-Tiere-300x300.png 300w\" sizes=\"(max-width: 338px) 100vw, 338px\" \/><\/figure>\n<\/figure>\n\n\n<div class=\"wp-block-image\">\n<figure class=\"aligncenter\"><a href=\"https:\/\/www.designenlassen.de\/481432-logo-design-fuer-tierphysiotherapie\"><img loading=\"lazy\" decoding=\"async\" width=\"800\" height=\"450\" src=\"https:\/\/www.designenlassen.de\/blog\/wp-content\/uploads\/2018\/08\/Andrea-Nee-Physiotherapeutin-Logo-Design-Tiere.png\" alt=\"Andrea Nee Physiotherapeutin Logo Design Tiere\" class=\"wp-image-13531\" srcset=\"https:\/\/www.designenlassen.de\/blog\/wp-content\/uploads\/2018\/08\/Andrea-Nee-Physiotherapeutin-Logo-Design-Tiere.png 800w, https:\/\/www.designenlassen.de\/blog\/wp-content\/uploads\/2018\/08\/Andrea-Nee-Physiotherapeutin-Logo-Design-Tiere-300x169.png 300w, https:\/\/www.designenlassen.de\/blog\/wp-content\/uploads\/2018\/08\/Andrea-Nee-Physiotherapeutin-Logo-Design-Tiere-768x432.png 768w\" sizes=\"(max-width: 800px) 100vw, 800px\" \/><\/a><\/figure>\n<\/div>\n\n\n<figure class=\"wp-block-image alignnone\"><a href=\"https:\/\/www.designenlassen.de\/634861-logo-design-fuer-tieraerztin-und-chiropraktikerin\"><img loading=\"lazy\" decoding=\"async\" width=\"800\" height=\"410\" src=\"https:\/\/www.designenlassen.de\/blog\/wp-content\/uploads\/2018\/08\/Chiropraktiker-Logo-Design-Tiere-Praxis.jpg\" alt=\"Chiropraktiker Logo Design Tiere Praxis\" class=\"wp-image-13532\" srcset=\"https:\/\/www.designenlassen.de\/blog\/wp-content\/uploads\/2018\/08\/Chiropraktiker-Logo-Design-Tiere-Praxis.jpg 800w, https:\/\/www.designenlassen.de\/blog\/wp-content\/uploads\/2018\/08\/Chiropraktiker-Logo-Design-Tiere-Praxis-300x154.jpg 300w, https:\/\/www.designenlassen.de\/blog\/wp-content\/uploads\/2018\/08\/Chiropraktiker-Logo-Design-Tiere-Praxis-768x394.jpg 768w\" sizes=\"(max-width: 800px) 100vw, 800px\" \/><\/a><\/figure>\n\n\n\n<h2 class=\"wp-block-heading\">Fazit: Einzigartiges Physiotherapie-Logo f\u00fcr Deine Praxis<\/h2>\n\n\n\n<p>Ein <strong>Physiotherapie-Logo ist ein wichtiger Faktor f\u00fcr den Erfolg Deiner Praxis. <\/strong>Es erm\u00f6glicht Kunden, die Praxis auf den ersten Blick zu identifizieren und schafft eine <strong>unverwechselbare Identit\u00e4t.<\/strong> Durch <a href=\"https:\/\/www.designenlassen.de\/blog\/wie-du-eine-marke-mit-maximalem-wiedererkennungswert-schaffen-kannst\/\">Wiedererkennungswert<\/a> baut das Physio-Logo eine Verbindung und Vertrautheit auf. Ein gut gestaltetes Logo vermittelt Glaubw\u00fcrdigkeit und Professionalit\u00e4t, w\u00e4hrend ein schlecht gestaltetes oder fehlendes <a href=\"https:\/\/www.designenlassen.de\/blog\/was-ist-ein-logo\/\">Logo<\/a> den Eindruck von Unprofessionalit\u00e4t erwecken kann. <\/p>\n\n\n\n<p>Das Logo kann auch eine Markenbotschaft kommunizieren und bestimmte Assoziationen oder Emotionen hervorrufen. Im Marketing und der Werbung spielt das Logo eine entscheidende Rolle, da es das Unternehmen oder die <a href=\"https:\/\/www.designenlassen.de\/blog\/erfolgreiches-branding\/\">Brand<\/a> sichtbar macht und Aufmerksamkeit erregt. Zusammenfassend ist ein <a href=\"https:\/\/www.designenlassen.de\/blog\/was-ist-ein-logo\/\">Logo<\/a> ein wesentlicher Bestandteil des Markenauftritts und kann ma\u00dfgeblich zum Erfolg beitragen.<\/p>\n\n\n\n<p>Damit Du Patienten von Deiner Praxis \u00fcberzeugst, helfen Dir unsere Top Designer ein unverwechselbares Physiotherapie-Logo zu erstellen. Worauf wartest Du noch? <\/p>\n\n\n\n<div style=\"height:25px\" aria-hidden=\"true\" class=\"wp-block-spacer\"><\/div>\n\n\n\n<div class=\"wp-block-buttons is-content-justification-center is-layout-flex wp-container-core-buttons-is-layout-16018d1d wp-block-buttons-is-layout-flex\">\n<div class=\"wp-block-button is-style-fill\"><a class=\"wp-block-button__link has-white-color has-text-color has-background has-text-align-left wp-element-button\" href=\"https:\/\/www.designenlassen.de\/logo-design?utm_source=blog&amp;utm_medium=button&amp;utm_campaign=blog-beitraege\" style=\"background-color:#091182\">Jetzt Logo erstellen<\/a><\/div>\n<\/div>\n","protected":false},"excerpt":{"rendered":"<p>Du hast Dir den Traum von der Selbstst\u00e4ndigkeit endlich erf\u00fcllt und Deine eigene Physiotherapie-Praxis er\u00f6ffnet? Gut,&hellip;<\/p>\n","protected":false},"author":24,"featured_media":13479,"comment_status":"open","ping_status":"open","sticky":false,"template":"","format":"standard","meta":{"_lmt_disableupdate":"","_lmt_disable":"","footnotes":""},"categories":[19],"tags":[],"class_list":["post-13451","post","type-post","status-publish","format-standard","has-post-thumbnail","hentry","category-inspiration"],"yoast_head":"<!-- This site is optimized with the Yoast SEO plugin v26.7 - https:\/\/yoast.com\/wordpress\/plugins\/seo\/ -->\n<title>51+ Top Physiotherapie Logos, die Patienten lieben<\/title>\n<meta name=\"description\" content=\"Suchst Du ein erstklassiges Physiotherapie Logo? Entdecke jetzt die 51 besten Logos f\u00fcr Deine Praxis. \u25ba Lasse Dich inspirieren!\" \/>\n<meta name=\"robots\" content=\"index, follow, max-snippet:-1, max-image-preview:large, max-video-preview:-1\" \/>\n<link rel=\"canonical\" href=\"https:\/\/www.designenlassen.de\/blog\/51-physiotherapie-logos-die-bewegung-in-dein-unternehmen-bringen\/\" \/>\n<meta property=\"og:locale\" content=\"de_DE\" \/>\n<meta property=\"og:type\" content=\"article\" \/>\n<meta property=\"og:title\" content=\"51+ Top Physiotherapie Logos, die Patienten lieben\" \/>\n<meta property=\"og:description\" content=\"Suchst Du ein erstklassiges Physiotherapie Logo? Entdecke jetzt die 51 besten Logos f\u00fcr Deine Praxis. \u25ba Lasse Dich inspirieren!\" \/>\n<meta property=\"og:url\" content=\"https:\/\/www.designenlassen.de\/blog\/51-physiotherapie-logos-die-bewegung-in-dein-unternehmen-bringen\/\" \/>\n<meta property=\"og:site_name\" content=\"designenlassen.de Blog\" \/>\n<meta property=\"article:published_time\" content=\"2025-01-20T06:46:00+00:00\" \/>\n<meta property=\"article:modified_time\" content=\"2025-01-22T08:48:49+00:00\" \/>\n<meta property=\"og:image\" content=\"https:\/\/www.designenlassen.de\/blog\/wp-content\/uploads\/2018\/08\/Teuto-Physio-Therapie-Logo-Design.png\" \/>\n\t<meta property=\"og:image:width\" content=\"338\" \/>\n\t<meta property=\"og:image:height\" content=\"338\" \/>\n\t<meta property=\"og:image:type\" content=\"image\/png\" \/>\n<meta name=\"author\" content=\"Patrick Schady\" \/>\n<meta name=\"twitter:card\" content=\"summary_large_image\" \/>\n<meta name=\"twitter:label1\" content=\"Verfasst von\" \/>\n\t<meta name=\"twitter:data1\" content=\"Patrick Schady\" \/>\n\t<meta name=\"twitter:label2\" content=\"Gesch\u00e4tzte Lesezeit\" \/>\n\t<meta name=\"twitter:data2\" content=\"16\u00a0Minuten\" \/>\n<script type=\"application\/ld+json\" class=\"yoast-schema-graph\">{\"@context\":\"https:\/\/schema.org\",\"@graph\":[{\"@type\":\"Article\",\"@id\":\"https:\/\/www.designenlassen.de\/blog\/51-physiotherapie-logos-die-bewegung-in-dein-unternehmen-bringen\/#article\",\"isPartOf\":{\"@id\":\"https:\/\/www.designenlassen.de\/blog\/51-physiotherapie-logos-die-bewegung-in-dein-unternehmen-bringen\/\"},\"author\":{\"name\":\"Patrick Schady\",\"@id\":\"https:\/\/www.designenlassen.de\/blog\/#\/schema\/person\/1e6e4a367ec0359155d5fbb01227c1ca\"},\"headline\":\"51 Top Physiotherapie-Logos, die Patienten lieben\",\"datePublished\":\"2025-01-20T06:46:00+00:00\",\"dateModified\":\"2025-01-22T08:48:49+00:00\",\"mainEntityOfPage\":{\"@id\":\"https:\/\/www.designenlassen.de\/blog\/51-physiotherapie-logos-die-bewegung-in-dein-unternehmen-bringen\/\"},\"wordCount\":801,\"commentCount\":4,\"image\":{\"@id\":\"https:\/\/www.designenlassen.de\/blog\/51-physiotherapie-logos-die-bewegung-in-dein-unternehmen-bringen\/#primaryimage\"},\"thumbnailUrl\":\"https:\/\/www.designenlassen.de\/blog\/wp-content\/uploads\/2018\/08\/Teuto-Physio-Therapie-Logo-Design.png\",\"articleSection\":[\"Design-Galerien\"],\"inLanguage\":\"de\",\"potentialAction\":[{\"@type\":\"CommentAction\",\"name\":\"Comment\",\"target\":[\"https:\/\/www.designenlassen.de\/blog\/51-physiotherapie-logos-die-bewegung-in-dein-unternehmen-bringen\/#respond\"]}]},{\"@type\":\"WebPage\",\"@id\":\"https:\/\/www.designenlassen.de\/blog\/51-physiotherapie-logos-die-bewegung-in-dein-unternehmen-bringen\/\",\"url\":\"https:\/\/www.designenlassen.de\/blog\/51-physiotherapie-logos-die-bewegung-in-dein-unternehmen-bringen\/\",\"name\":\"51+ Top Physiotherapie Logos, die Patienten lieben\",\"isPartOf\":{\"@id\":\"https:\/\/www.designenlassen.de\/blog\/#website\"},\"primaryImageOfPage\":{\"@id\":\"https:\/\/www.designenlassen.de\/blog\/51-physiotherapie-logos-die-bewegung-in-dein-unternehmen-bringen\/#primaryimage\"},\"image\":{\"@id\":\"https:\/\/www.designenlassen.de\/blog\/51-physiotherapie-logos-die-bewegung-in-dein-unternehmen-bringen\/#primaryimage\"},\"thumbnailUrl\":\"https:\/\/www.designenlassen.de\/blog\/wp-content\/uploads\/2018\/08\/Teuto-Physio-Therapie-Logo-Design.png\",\"datePublished\":\"2025-01-20T06:46:00+00:00\",\"dateModified\":\"2025-01-22T08:48:49+00:00\",\"author\":{\"@id\":\"https:\/\/www.designenlassen.de\/blog\/#\/schema\/person\/1e6e4a367ec0359155d5fbb01227c1ca\"},\"description\":\"Suchst Du ein erstklassiges Physiotherapie Logo? Entdecke jetzt die 51 besten Logos f\u00fcr Deine Praxis. \u25ba Lasse Dich inspirieren!\",\"breadcrumb\":{\"@id\":\"https:\/\/www.designenlassen.de\/blog\/51-physiotherapie-logos-die-bewegung-in-dein-unternehmen-bringen\/#breadcrumb\"},\"inLanguage\":\"de\",\"potentialAction\":[{\"@type\":\"ReadAction\",\"target\":[\"https:\/\/www.designenlassen.de\/blog\/51-physiotherapie-logos-die-bewegung-in-dein-unternehmen-bringen\/\"]}]},{\"@type\":\"ImageObject\",\"inLanguage\":\"de\",\"@id\":\"https:\/\/www.designenlassen.de\/blog\/51-physiotherapie-logos-die-bewegung-in-dein-unternehmen-bringen\/#primaryimage\",\"url\":\"https:\/\/www.designenlassen.de\/blog\/wp-content\/uploads\/2018\/08\/Teuto-Physio-Therapie-Logo-Design.png\",\"contentUrl\":\"https:\/\/www.designenlassen.de\/blog\/wp-content\/uploads\/2018\/08\/Teuto-Physio-Therapie-Logo-Design.png\",\"width\":338,\"height\":338,\"caption\":\"Teuto Physio Therapie Logo Design\"},{\"@type\":\"BreadcrumbList\",\"@id\":\"https:\/\/www.designenlassen.de\/blog\/51-physiotherapie-logos-die-bewegung-in-dein-unternehmen-bringen\/#breadcrumb\",\"itemListElement\":[{\"@type\":\"ListItem\",\"position\":1,\"name\":\"Start\",\"item\":\"https:\/\/www.designenlassen.de\/blog\/\"},{\"@type\":\"ListItem\",\"position\":2,\"name\":\"51 Top Physiotherapie-Logos, die Patienten lieben\"}]},{\"@type\":\"WebSite\",\"@id\":\"https:\/\/www.designenlassen.de\/blog\/#website\",\"url\":\"https:\/\/www.designenlassen.de\/blog\/\",\"name\":\"designenlassen.de Blog\",\"description\":\"Inspirationen, Tipps und Ideen f\u00fcr Designer sowie Gr\u00fcnder und Kleinbetriebe.\",\"potentialAction\":[{\"@type\":\"SearchAction\",\"target\":{\"@type\":\"EntryPoint\",\"urlTemplate\":\"https:\/\/www.designenlassen.de\/blog\/?s={search_term_string}\"},\"query-input\":{\"@type\":\"PropertyValueSpecification\",\"valueRequired\":true,\"valueName\":\"search_term_string\"}}],\"inLanguage\":\"de\"},{\"@type\":\"Person\",\"@id\":\"https:\/\/www.designenlassen.de\/blog\/#\/schema\/person\/1e6e4a367ec0359155d5fbb01227c1ca\",\"name\":\"Patrick Schady\",\"image\":{\"@type\":\"ImageObject\",\"inLanguage\":\"de\",\"@id\":\"https:\/\/www.designenlassen.de\/blog\/#\/schema\/person\/image\/\",\"url\":\"https:\/\/secure.gravatar.com\/avatar\/41cfafecfbfd30ee6bc4cc02dd530ef067050210239f1d60debda10ce9c038d7?s=96&d=mm&r=g\",\"contentUrl\":\"https:\/\/secure.gravatar.com\/avatar\/41cfafecfbfd30ee6bc4cc02dd530ef067050210239f1d60debda10ce9c038d7?s=96&d=mm&r=g\",\"caption\":\"Patrick Schady\"},\"url\":\"https:\/\/www.designenlassen.de\/blog\/author\/patrick\/\"}]}<\/script>\n<!-- \/ Yoast SEO plugin. -->","yoast_head_json":{"title":"51+ Top Physiotherapie Logos, die Patienten lieben","description":"Suchst Du ein erstklassiges Physiotherapie Logo? Entdecke jetzt die 51 besten Logos f\u00fcr Deine Praxis. \u25ba Lasse Dich inspirieren!","robots":{"index":"index","follow":"follow","max-snippet":"max-snippet:-1","max-image-preview":"max-image-preview:large","max-video-preview":"max-video-preview:-1"},"canonical":"https:\/\/www.designenlassen.de\/blog\/51-physiotherapie-logos-die-bewegung-in-dein-unternehmen-bringen\/","og_locale":"de_DE","og_type":"article","og_title":"51+ Top Physiotherapie Logos, die Patienten lieben","og_description":"Suchst Du ein erstklassiges Physiotherapie Logo? Entdecke jetzt die 51 besten Logos f\u00fcr Deine Praxis. \u25ba Lasse Dich inspirieren!","og_url":"https:\/\/www.designenlassen.de\/blog\/51-physiotherapie-logos-die-bewegung-in-dein-unternehmen-bringen\/","og_site_name":"designenlassen.de Blog","article_published_time":"2025-01-20T06:46:00+00:00","article_modified_time":"2025-01-22T08:48:49+00:00","og_image":[{"width":338,"height":338,"url":"https:\/\/www.designenlassen.de\/blog\/wp-content\/uploads\/2018\/08\/Teuto-Physio-Therapie-Logo-Design.png","type":"image\/png"}],"author":"Patrick Schady","twitter_card":"summary_large_image","twitter_misc":{"Verfasst von":"Patrick Schady","Gesch\u00e4tzte Lesezeit":"16\u00a0Minuten"},"schema":{"@context":"https:\/\/schema.org","@graph":[{"@type":"Article","@id":"https:\/\/www.designenlassen.de\/blog\/51-physiotherapie-logos-die-bewegung-in-dein-unternehmen-bringen\/#article","isPartOf":{"@id":"https:\/\/www.designenlassen.de\/blog\/51-physiotherapie-logos-die-bewegung-in-dein-unternehmen-bringen\/"},"author":{"name":"Patrick Schady","@id":"https:\/\/www.designenlassen.de\/blog\/#\/schema\/person\/1e6e4a367ec0359155d5fbb01227c1ca"},"headline":"51 Top Physiotherapie-Logos, die Patienten lieben","datePublished":"2025-01-20T06:46:00+00:00","dateModified":"2025-01-22T08:48:49+00:00","mainEntityOfPage":{"@id":"https:\/\/www.designenlassen.de\/blog\/51-physiotherapie-logos-die-bewegung-in-dein-unternehmen-bringen\/"},"wordCount":801,"commentCount":4,"image":{"@id":"https:\/\/www.designenlassen.de\/blog\/51-physiotherapie-logos-die-bewegung-in-dein-unternehmen-bringen\/#primaryimage"},"thumbnailUrl":"https:\/\/www.designenlassen.de\/blog\/wp-content\/uploads\/2018\/08\/Teuto-Physio-Therapie-Logo-Design.png","articleSection":["Design-Galerien"],"inLanguage":"de","potentialAction":[{"@type":"CommentAction","name":"Comment","target":["https:\/\/www.designenlassen.de\/blog\/51-physiotherapie-logos-die-bewegung-in-dein-unternehmen-bringen\/#respond"]}]},{"@type":"WebPage","@id":"https:\/\/www.designenlassen.de\/blog\/51-physiotherapie-logos-die-bewegung-in-dein-unternehmen-bringen\/","url":"https:\/\/www.designenlassen.de\/blog\/51-physiotherapie-logos-die-bewegung-in-dein-unternehmen-bringen\/","name":"51+ Top Physiotherapie Logos, die Patienten lieben","isPartOf":{"@id":"https:\/\/www.designenlassen.de\/blog\/#website"},"primaryImageOfPage":{"@id":"https:\/\/www.designenlassen.de\/blog\/51-physiotherapie-logos-die-bewegung-in-dein-unternehmen-bringen\/#primaryimage"},"image":{"@id":"https:\/\/www.designenlassen.de\/blog\/51-physiotherapie-logos-die-bewegung-in-dein-unternehmen-bringen\/#primaryimage"},"thumbnailUrl":"https:\/\/www.designenlassen.de\/blog\/wp-content\/uploads\/2018\/08\/Teuto-Physio-Therapie-Logo-Design.png","datePublished":"2025-01-20T06:46:00+00:00","dateModified":"2025-01-22T08:48:49+00:00","author":{"@id":"https:\/\/www.designenlassen.de\/blog\/#\/schema\/person\/1e6e4a367ec0359155d5fbb01227c1ca"},"description":"Suchst Du ein erstklassiges Physiotherapie Logo? Entdecke jetzt die 51 besten Logos f\u00fcr Deine Praxis. \u25ba Lasse Dich inspirieren!","breadcrumb":{"@id":"https:\/\/www.designenlassen.de\/blog\/51-physiotherapie-logos-die-bewegung-in-dein-unternehmen-bringen\/#breadcrumb"},"inLanguage":"de","potentialAction":[{"@type":"ReadAction","target":["https:\/\/www.designenlassen.de\/blog\/51-physiotherapie-logos-die-bewegung-in-dein-unternehmen-bringen\/"]}]},{"@type":"ImageObject","inLanguage":"de","@id":"https:\/\/www.designenlassen.de\/blog\/51-physiotherapie-logos-die-bewegung-in-dein-unternehmen-bringen\/#primaryimage","url":"https:\/\/www.designenlassen.de\/blog\/wp-content\/uploads\/2018\/08\/Teuto-Physio-Therapie-Logo-Design.png","contentUrl":"https:\/\/www.designenlassen.de\/blog\/wp-content\/uploads\/2018\/08\/Teuto-Physio-Therapie-Logo-Design.png","width":338,"height":338,"caption":"Teuto Physio Therapie Logo Design"},{"@type":"BreadcrumbList","@id":"https:\/\/www.designenlassen.de\/blog\/51-physiotherapie-logos-die-bewegung-in-dein-unternehmen-bringen\/#breadcrumb","itemListElement":[{"@type":"ListItem","position":1,"name":"Start","item":"https:\/\/www.designenlassen.de\/blog\/"},{"@type":"ListItem","position":2,"name":"51 Top Physiotherapie-Logos, die Patienten lieben"}]},{"@type":"WebSite","@id":"https:\/\/www.designenlassen.de\/blog\/#website","url":"https:\/\/www.designenlassen.de\/blog\/","name":"designenlassen.de Blog","description":"Inspirationen, Tipps und Ideen f\u00fcr Designer sowie Gr\u00fcnder und Kleinbetriebe.","potentialAction":[{"@type":"SearchAction","target":{"@type":"EntryPoint","urlTemplate":"https:\/\/www.designenlassen.de\/blog\/?s={search_term_string}"},"query-input":{"@type":"PropertyValueSpecification","valueRequired":true,"valueName":"search_term_string"}}],"inLanguage":"de"},{"@type":"Person","@id":"https:\/\/www.designenlassen.de\/blog\/#\/schema\/person\/1e6e4a367ec0359155d5fbb01227c1ca","name":"Patrick Schady","image":{"@type":"ImageObject","inLanguage":"de","@id":"https:\/\/www.designenlassen.de\/blog\/#\/schema\/person\/image\/","url":"https:\/\/secure.gravatar.com\/avatar\/41cfafecfbfd30ee6bc4cc02dd530ef067050210239f1d60debda10ce9c038d7?s=96&d=mm&r=g","contentUrl":"https:\/\/secure.gravatar.com\/avatar\/41cfafecfbfd30ee6bc4cc02dd530ef067050210239f1d60debda10ce9c038d7?s=96&d=mm&r=g","caption":"Patrick Schady"},"url":"https:\/\/www.designenlassen.de\/blog\/author\/patrick\/"}]}},"_links":{"self":[{"href":"https:\/\/www.designenlassen.de\/blog\/wp-json\/wp\/v2\/posts\/13451","targetHints":{"allow":["GET"]}}],"collection":[{"href":"https:\/\/www.designenlassen.de\/blog\/wp-json\/wp\/v2\/posts"}],"about":[{"href":"https:\/\/www.designenlassen.de\/blog\/wp-json\/wp\/v2\/types\/post"}],"author":[{"embeddable":true,"href":"https:\/\/www.designenlassen.de\/blog\/wp-json\/wp\/v2\/users\/24"}],"replies":[{"embeddable":true,"href":"https:\/\/www.designenlassen.de\/blog\/wp-json\/wp\/v2\/comments?post=13451"}],"version-history":[{"count":39,"href":"https:\/\/www.designenlassen.de\/blog\/wp-json\/wp\/v2\/posts\/13451\/revisions"}],"predecessor-version":[{"id":33165,"href":"https:\/\/www.designenlassen.de\/blog\/wp-json\/wp\/v2\/posts\/13451\/revisions\/33165"}],"wp:featuredmedia":[{"embeddable":true,"href":"https:\/\/www.designenlassen.de\/blog\/wp-json\/wp\/v2\/media\/13479"}],"wp:attachment":[{"href":"https:\/\/www.designenlassen.de\/blog\/wp-json\/wp\/v2\/media?parent=13451"}],"wp:term":[{"taxonomy":"category","embeddable":true,"href":"https:\/\/www.designenlassen.de\/blog\/wp-json\/wp\/v2\/categories?post=13451"},{"taxonomy":"post_tag","embeddable":true,"href":"https:\/\/www.designenlassen.de\/blog\/wp-json\/wp\/v2\/tags?post=13451"}],"curies":[{"name":"wp","href":"https:\/\/api.w.org\/{rel}","templated":true}]}}