{"id":15708,"date":"2020-04-06T10:00:00","date_gmt":"2020-04-06T08:00:00","guid":{"rendered":"http:\/\/www.designenlassen.de\/blog\/?p=15708"},"modified":"2020-09-24T15:19:07","modified_gmt":"2020-09-24T13:19:07","slug":"man-fuehlte-sich-in-dem-projekt-wie-ein-grosses-team-bei-dem-alle-am-selben-strang-ziehen-interview-mit-stephanie-arndt","status":"publish","type":"post","link":"https:\/\/www.designenlassen.de\/blog\/man-fuehlte-sich-in-dem-projekt-wie-ein-grosses-team-bei-dem-alle-am-selben-strang-ziehen-interview-mit-stephanie-arndt\/","title":{"rendered":"&#8222;Man f\u00fchlte sich in dem Projekt wie ein gro\u00dfes Team bei dem alle am selben Strang ziehen.&#8220; &#8211; Interview mit Stephanie Arndt"},"content":{"rendered":"\n<div class=\"wp-block-media-text alignwide\"><figure class=\"wp-block-media-text__media\"><img fetchpriority=\"high\" decoding=\"async\" width=\"1024\" height=\"683\" src=\"http:\/\/www.designenlassen.de\/blog\/wp-content\/uploads\/2019\/01\/Interview-Stephanie-Arndt-1024x683.jpg\" alt=\"\" class=\"wp-image-15720\" srcset=\"https:\/\/www.designenlassen.de\/blog\/wp-content\/uploads\/2019\/01\/Interview-Stephanie-Arndt-1024x683.jpg 1024w, https:\/\/www.designenlassen.de\/blog\/wp-content\/uploads\/2019\/01\/Interview-Stephanie-Arndt-300x200.jpg 300w, https:\/\/www.designenlassen.de\/blog\/wp-content\/uploads\/2019\/01\/Interview-Stephanie-Arndt-768x512.jpg 768w, https:\/\/www.designenlassen.de\/blog\/wp-content\/uploads\/2019\/01\/Interview-Stephanie-Arndt-1170x780.jpg 1170w, https:\/\/www.designenlassen.de\/blog\/wp-content\/uploads\/2019\/01\/Interview-Stephanie-Arndt-585x390.jpg 585w, https:\/\/www.designenlassen.de\/blog\/wp-content\/uploads\/2019\/01\/Interview-Stephanie-Arndt-600x400.jpg 600w, https:\/\/www.designenlassen.de\/blog\/wp-content\/uploads\/2019\/01\/Interview-Stephanie-Arndt.jpg 2048w\" sizes=\"(max-width: 1024px) 100vw, 1024px\" \/><\/figure><div class=\"wp-block-media-text__content\">\n<p><em>In diesem Auftraggeber-Interview steht uns Stephanie Arndt von <a href=\"https:\/\/nasar.land\/\">&#8222;NASAR.LAND&#8220;<\/a>, Rede und Antwort. Sie hat ihr Etiketten-Design auf <a href=\"https:\/\/www.designenlassen.de\/\">designenlassen.de<\/a> gefunden. Hier geht&#8217;s zu ihrem Projekt: <a href=\"https:\/\/www.designenlassen.de\/652613-etiketten-fuer-olivenoel-intensivcreme\">Etiketten\u00a0f\u00fcr\u00a0Oliven\u00f6l-Intensivcreme.<\/a><\/em><\/p>\n<\/div><\/div>\n\n\n\n<h2 class=\"wp-block-heading\" id=\"mce_22\">Erz\u00e4hlen Sie uns doch etwas \u00fcber sich und Ihr Unternehmen: <\/h2>\n\n\n\n<p>Mein Name ist Stephanie Arndt, ich bin eigentlich Humanmedizinerin, habe aber den wei\u00dfen Kittel und Stethoskop gegen einen Trecker getauscht und betreibe auf \u00fcber&nbsp;100&nbsp;ha in Spanien eine Landwirtschaft mit Wein, Oliven und Mandeln. Unter der Marke NASAR.LAND, die nach dem etwas eigenwilligen Hauspferd Nasar benannt wurde und gleichzeitig unsere Internetdomain darstellt, vertreiben wir unsere Produkte. <\/p>\n\n\n\n<figure class=\"wp-block-gallery columns-2 is-cropped dl_picsub_black wp-block-gallery-1 is-layout-flex wp-block-gallery-is-layout-flex\"><ul class=\"blocks-gallery-grid\"><li class=\"blocks-gallery-item\"><figure><img decoding=\"async\" width=\"1024\" height=\"687\" src=\"http:\/\/www.designenlassen.de\/blog\/wp-content\/uploads\/2019\/01\/Interview-Stephanie-Arndt-3-1024x687.jpg\" alt=\"\" data-id=\"15769\" data-link=\"http:\/\/www.designenlassen.de\/blog\/?attachment_id=15769\" class=\"wp-image-15769\" srcset=\"https:\/\/www.designenlassen.de\/blog\/wp-content\/uploads\/2019\/01\/Interview-Stephanie-Arndt-3-1024x687.jpg 1024w, https:\/\/www.designenlassen.de\/blog\/wp-content\/uploads\/2019\/01\/Interview-Stephanie-Arndt-3-300x201.jpg 300w, https:\/\/www.designenlassen.de\/blog\/wp-content\/uploads\/2019\/01\/Interview-Stephanie-Arndt-3-768x515.jpg 768w\" sizes=\"(max-width: 1024px) 100vw, 1024px\" \/><\/figure><\/li><li class=\"blocks-gallery-item\"><figure><img decoding=\"async\" width=\"1024\" height=\"684\" src=\"http:\/\/www.designenlassen.de\/blog\/wp-content\/uploads\/2019\/01\/Interview-Stephanie-Arndt-2-1024x684.jpg\" alt=\"\" data-id=\"15768\" data-link=\"http:\/\/www.designenlassen.de\/blog\/?attachment_id=15768\" class=\"wp-image-15768\" srcset=\"https:\/\/www.designenlassen.de\/blog\/wp-content\/uploads\/2019\/01\/Interview-Stephanie-Arndt-2-1024x684.jpg 1024w, https:\/\/www.designenlassen.de\/blog\/wp-content\/uploads\/2019\/01\/Interview-Stephanie-Arndt-2-300x200.jpg 300w, https:\/\/www.designenlassen.de\/blog\/wp-content\/uploads\/2019\/01\/Interview-Stephanie-Arndt-2-768x513.jpg 768w\" sizes=\"(max-width: 1024px) 100vw, 1024px\" \/><\/figure><\/li><\/ul><\/figure>\n\n\n\n<p>Meine Aufgaben im Unternehmen? Ich bin eigentlich f\u00fcr alles zust\u00e4ndig. Von der Produktentwicklung bis hin zum Marketing und Vertrieb, sowie den landwirtschaftlichen Anbau. In einigen Bereichen wird on demand Hilfe zugebucht, zum Beispiel in der Erntezeit. NASAR.LAND ist bislang ausschlie\u00dflich eigenfinanziert. Ich muss daher keine Renditen f\u00fcr Investoren erf\u00fcllen und meine Nachhaltigkeitsprinzipien nicht \u00fcber Bord werfen.<\/p>\n\n\n\n<h2 class=\"wp-block-heading\" id=\"mce_23\">Wie sind Sie auf die Idee gekommen, sich auf Bio-Produkte zu spezialisieren?<\/h2>\n\n\n\n<p>In Deutschland wohnte ich eine Zeit lang in einem Gebiet, wo ausschlie\u00dflich konservative Landwirtschaft betrieben wurde. Das war furchtbar. Es war ein Raubbau an der Natur und st\u00e4ndig wurde gespritzt. Einmal war ich joggen und bekam pl\u00f6tzlich kaum Luft. Ich hatte Kopfh\u00f6rer auf und Musik geh\u00f6rt, deshalb hatte ich den Trecker nicht wahrgenommen, der in rund 400 m Entfernung auf einem Feld arbeitete. Es wurde gerade das Herbizid Roundup verspr\u00fcht. Dieses Gift hat sogar mir, die hunderte Meter entfernt war, das Atmen erschwert. Das kann nicht gesund sein!<\/p>\n\n\n\n<p>Auch fiel mir auf, dass die Landwirte in der Region v\u00f6llig achtlos mit der Natur umgingen: Monokulturen, G\u00fclle ins Abwasser, M\u00fcllentsorgung (Coladosen etc.) aus dem fahrenden Auto. Man darf nicht nur nehmen, man muss auch geben. Wenn die Natur Ernte schenkt, muss man ihr an anderer Stelle wieder etwas zur\u00fcckgeben. Ich achte bei meinen Fl\u00e4chen darauf, dass ich immer wieder Naturfl\u00e4chen zwischen den Anbaufl\u00e4chen habe, Wein-, Mandel- und Olivenfl\u00e4chen sich abwechseln. Ich betreibe keinen Intensivanbau und arbeite nat\u00fcrlich ausschlie\u00dflich \u00f6kologisch kontrolliert und nachhaltig. Raubbau an der Natur und Profitgier empfinde ich als hochgradig egoistisch.<\/p>\n\n\n\n<h2 class=\"wp-block-heading\" id=\"mce_24\">Was genau haben Sie auf designenlassen.de ausgeschrieben und wieso haben Sie sich dazu entschieden, das Projekt als Designwettbewerb durchzuf\u00fchren?<\/h2>\n\n\n\n<p>Unser Oliven\u00f6l aus den Bio-Oliven habe ich vorher auch im Haushalt f\u00fcr die Hautpflege benutzt. Auch als Hauspferd Nasar sich schwer verletzt hatte und rund 7 Monate in der Uniklinik Barcelona station\u00e4r war, haben wir mit Oliven\u00f6l die Hautheilung gef\u00f6rdert, um den riesigen Wunddefekt elastisch zu halten. Auch hatte ich die Arbeiter auf den Feldern beobachtet, wie sie sich zum Hautschutz Oliven\u00f6l auf die H\u00e4nde gossen. Auch Kinder im Wickelalter bekommen hier in Spanien Oliven\u00f6l auf den Hintern. <\/p>\n\n\n\n<p>Die Schutz- und Pflegewirkung von Oliven\u00f6l ist unumstritten, aber&nbsp;ich fand die fl\u00fcssige Anwendung etwas unpraktisch, deshalb \u00fcberlegte ich mir, wie man das Oliven\u00f6l in eine Cremeform \u00fcberf\u00fchren k\u00f6nnte. Das ist nun gelungen, rein mit Naturzutaten. Die Oliven\u00f6lcreme hat den Namen Olivine erhalten und besteht zu 93% aus unserem Bio-Oliven\u00f6l, der Rest der Zutaten, also 7%, sind nat\u00fcrliche Zutaten, die das Oliven\u00f6l in eine cremige Konsistenz \u00fcberf\u00fchren. Soviel zur Vorgeschichte. <\/p>\n\n\n\n<p>Nachdem soviel Vorarbeiten in \u201eOlivine\u201c steckten, sollte nun ebenfalls beim Etikett professionell gearbeitet werden. Deshalb habe ich mich entschlossen, das Etikett als Wettbewerb bei&nbsp;designenlassen.de&nbsp;auszuschreiben. Ich hatte mir vorher Gedanken gemacht, wie das Etikett aufgebaut werden sollte: Ein Etikett f\u00fcr die Dosenoberseite und ein Etikett mit Informationen und Pflichtangaben f\u00fcr die Dosenunterseite. Dann habe ich rausgearbeitet, welche Informationen auf welchem Etikett vertreten sein sollten. Dar\u00fcber hinaus habe ich die Zielgruppe beschrieben. Je konkreter man das Briefing gestaltet, umso besser kann der Designer arbeiten und wei\u00df, in welche Richtung es gehen soll.<\/p>\n\n\n\n<h2 class=\"wp-block-heading\" id=\"mce_25\">Was hat Ihnen besonders gut am Projektverlauf gefallen?<\/h2>\n\n\n\n<p>Wahnsinnig toll war f\u00fcr mich, mit welchem Herzblut die Designer sich eingebracht haben. Sie haben sich so viele Gedanken gemacht, tolle Entw\u00fcrfe pr\u00e4sentiert und nach meinen Kommentaren die Inhalte super kreativ weiter verarbeitet. Es gab insgesamt 64 Entw\u00fcrfe, das ist doch sensationell!!&nbsp;&nbsp;Ich hatte eine sehr, sehr angenehme Zusammenarbeit mit den Designern. Man f\u00fchlte sich in dem Projekt wie ein gro\u00dfes Team bei dem alle am selben Strang ziehen. Toll!<\/p>\n\n\n\n<h2 class=\"wp-block-heading\" id=\"mce_26\">K\u00f6nnen Sie uns sagen, warum Sie sich f\u00fcr genau dieses Gewinnerdesign entschieden haben?<\/h2>\n\n\n\n<p>Es war total schwer f\u00fcr mich den Gewinner zu verk\u00fcnden, weil ich ein schlechtes Gewissen gegen\u00fcber den anderen Designern hatte, die jetzt nicht gewonnen hatten. In meinen Augen gab es sehr viel mehr Gewinner als nur einen!!&nbsp;<\/p>\n\n\n\n<p>Insgesamt 4 Entw\u00fcrfe zzgl. ihren Untervarianten waren in der engeren Auswahl. Ich habe immer ein Team um mich, dass eine ganz unterschiedliche Zusammensetzung hat: alt, jung, weiblich, m\u00e4nnlich, aller Bildungsniveaus. Hier lie\u00df ich nat\u00fcrlich ebenso \u00fcber die Entw\u00fcrfe abstimmen. Es kristallisierte sich kein eindeutiger Sieger heraus, allenfalls leichte Tendenzen. Ich bin dann dazu \u00fcbergegangen, die Entw\u00fcrfe ganz sachlich und emotionslos anhand einer Kriterientabelle abzuarbeiten und dort zeigte sich, dass der dann zum Gewinner ausgerufene Entwurf relativ klar vorne lag. Ausschlaggebend war daneben der am besten umgesetzte Schriftzug \u201eOlivine\u201c, der als Wort-Bild-Marke gesch\u00fctzt werden soll.<\/p>\n\n\n\n<p>Das Etikett ist auffallend, vor allem wegen der Signalfarbe \u201eOrange\u201c, die man zun\u00e4chst gar nicht mit Oliven in Verbindung bringen w\u00fcrde (daher eine gute Abgrenzung zu anderen Etiketten in dem Bereich). Der Schriftzug \u201eOlivine\u201c ist in der Schrift gut lesbar und durch die Schreibschrift wird der \u201ehandgemachte\u201c Charakter unterstrichen. Er ist au\u00dferdem einpr\u00e4gsam durch die Olive anstatt dem \u201eO\u201c. Auch sind die weiteren Informationen harmonisch in das Design eingebettet.<\/p>\n\n\n\n<figure class=\"wp-block-image\"><img loading=\"lazy\" decoding=\"async\" width=\"1024\" height=\"711\" src=\"https:\/\/www.designenlassen.de\/blog\/wp-content\/uploads\/2019\/01\/Nasar.land-Etikett-1-1024x711.jpg\" alt=\"\" class=\"wp-image-15710\" srcset=\"https:\/\/www.designenlassen.de\/blog\/wp-content\/uploads\/2019\/01\/Nasar.land-Etikett-1-1024x711.jpg 1024w, https:\/\/www.designenlassen.de\/blog\/wp-content\/uploads\/2019\/01\/Nasar.land-Etikett-1-300x208.jpg 300w, https:\/\/www.designenlassen.de\/blog\/wp-content\/uploads\/2019\/01\/Nasar.land-Etikett-1-768x534.jpg 768w, https:\/\/www.designenlassen.de\/blog\/wp-content\/uploads\/2019\/01\/Nasar.land-Etikett-1.jpg 1405w\" sizes=\"(max-width: 1024px) 100vw, 1024px\" \/><\/figure>\n\n\n\n<h2 class=\"wp-block-heading\" id=\"mce_27\">Haben Sie hilfreiche Tipps f\u00fcr andere Auftraggeber, die ein Projekt ausschreiben m\u00f6chten?<\/h2>\n\n\n\n<p>Ich denke, der Auftraggeber muss sich vorher ausreichend Gedanken dar\u00fcber gemacht haben, was er eigentlich m\u00f6chte. Die Informationen f\u00fcr das Briefing m\u00fcssen unbedingt vom Auftraggeber erarbeitet werden. Mir berichtete eine Designerin, dass sie von einem Auftraggeber beschimpft wurde, weil sie sein Briefing nicht umgesetzt hatte. Dass vielleicht sein Briefing nicht perfekt war, ist dem Auftraggeber dabei nicht in den Sinn gekommen. Die Designerin war danach so getroffen von der Beschimpfung, dass sie tagelang danach nicht mehr kreativ arbeiten konnte und frustriert den Computer ausgeschalten lie\u00df. Das darf nicht sein!!<\/p>\n\n\n\n<p><strong>Des Weiteren braucht der Designer ein detailliertes Feedback. <\/strong><\/p>\n\n\n\n<ul class=\"wp-block-list\"><li>Erstens, weil er sich M\u00fche gegeben hat mit dem Entwurf. Da kann man sich als Auftraggeber auch ruhig M\u00fche geben mit der Antwort.<\/li><li>Zweitens ist das Feedback wichtig, damit der Designer mit dem Entwurf weiter arbeiten kann oder bei einem zweiten Entwurf wei\u00df, worauf er achten soll. \u201eJa, nee, gef\u00e4llt mir irgendwie nicht\u2026\u201c \u2013 das ist zu wenig!<\/li><\/ul>\n\n\n\n<p>Meiner Meinung nach, sollte man zun\u00e4chst einmal loben, was einem gut an dem Entwurf gef\u00e4llt, zum Beispiel die Anordnung der Elemente, die Farbwahl oder der Schriftzug. Dann ansprechen, was einem nicht so gut gef\u00e4llt und zugleich begr\u00fcnden, zum Beispiel: \u201eDer Entwurf ist zu brav, vielleicht liegt es auch an den gedeckten Farben oder an dem Fehlen eines ins Auge springenden Elements. Wir m\u00fcssen uns im Regal etwas von der Konkurrenz abgrenzen. Versuchen Sie es weiter mit dieser Vorgabe, seien Sie kreativ, vielen Dank.\u201c<\/p>\n\n\n\n<p>Nat\u00fcrlich setzt das voraus, dass der Auftraggeber sich im Vorfeld dar\u00fcber Gedanken gemacht hat, was er erreichen will mit dem Etikett. \u201eIch brauche mal ein schickes Etikett, nun macht mal\u201c \u2013 so kann es nicht funktionieren. Es bedarf klare Zielansprache und konstruktive Kritik. Und immer bedenken: Die Designer sind Menschen aus Fleisch und Blut, die mit Herzblut dabei sind und viele von Ihnen sind auch verletzbare K\u00fcnstlerseelen.<\/p>\n\n\n\n<h2 class=\"wp-block-heading\" id=\"mce_28\">Wie geht es jetzt weiter? Was sind Ihre zuk\u00fcnftigen Pl\u00e4ne mit dem neuen Design?<\/h2>\n\n\n\n<p>Das Oliven\u00f6l ist auf dem Weg nach Deutschland in ein Unternehmen, dass die Creme f\u00fcr uns herstellt und abf\u00fcllt. Dann werden die Etiketten aufgeklebt und \u201eOlivine\u201c ist geboren. Der Vertrieb findet dann zun\u00e4chst in unserem Onlineshop statt (<a rel=\"noreferrer noopener\" href=\"http:\/\/www.nasar.land\/\" target=\"_blank\">www.NASAR.LAND<\/a>) und dann sehen wir einmal weiter. <\/p>\n\n\n\n<p>Unsere Weine und Oliven\u00f6le gab es anfangs auch im Supermarkt, aber ich habe das etwas gestoppt. Ich finde es sch\u00f6ner, direkt mit dem Kunden in Kontakt zu sein. Kurzfristig verkauft man nat\u00fcrlich an den Supermarkt mehr. Dort sind ja ganze LKWs mit Paletten hingefahren. Aber langfristig setzte ich mehr auf unseren Onlineshop und den direkten Kontakt mit den Kunden. Das ist zwar aufwendiger und es dauert l\u00e4nger bis es sich finanziell tr\u00e4gt, ist daf\u00fcr aber erf\u00fcllender und nachhaltiger. Genau wie der Bioanbau.<\/p>\n\n\n\n<p>Wir bedanken uns bei Stephanie Arndt f\u00fcr das tolle Interview und w\u00fcnschen ihr weiterhin viel Erfolg!&nbsp;\ud83d\ude42  <\/p>\n\n\n\n<div class=\"sof\">\n<h2>Du bist auch auf der Suche nach einem einzigartigen Etikett?<\/h2>\n<p>Starte einen eigenen Designwettbewerb auf designenlassen.de und erhalte zahlreiche Vorschl\u00e4ge von unterschiedlichen Designern. Kein Risiko durch Preisgeld-zur\u00fcck-Garantie.<br><a class=\"btn aktion1\" href=\"https:\/\/www.designenlassen.de\/etiketten-design\">Jetzt starten<\/a><a class=\"btn aktion2\" href=\"https:\/\/www.designenlassen.de\/tour\">Mehr erfahren<\/a><\/p>\n<\/div>\n","protected":false},"excerpt":{"rendered":"<p>In diesem Auftraggeber-Interview steht uns Stephanie Arndt von &#8222;NASAR.LAND&#8220;, Rede und Antwort. Sie hat ihr Etiketten-Design&hellip;<\/p>\n","protected":false},"author":24,"featured_media":15720,"comment_status":"open","ping_status":"open","sticky":false,"template":"","format":"standard","meta":{"_lmt_disableupdate":"","_lmt_disable":"","footnotes":""},"categories":[7],"tags":[],"class_list":["post-15708","post","type-post","status-publish","format-standard","has-post-thumbnail","hentry","category-interviews"],"yoast_head":"<!-- This site is optimized with the Yoast SEO plugin v27.5 - https:\/\/yoast.com\/product\/yoast-seo-wordpress\/ -->\n<title>Auftraggeber-Interview mit Stephanie Arndt von NASAR.Land<\/title>\n<meta name=\"description\" content=\"In ihrem Interview erz\u00e4hlt uns Stephanie-Arndt von ihrem Projekt auf designenlassen.de und zeigt, f\u00fcr welches Etiketten-Design sie sich entschieden hat.\" \/>\n<meta name=\"robots\" content=\"index, follow, max-snippet:-1, max-image-preview:large, max-video-preview:-1\" \/>\n<link rel=\"canonical\" href=\"https:\/\/www.designenlassen.de\/blog\/man-fuehlte-sich-in-dem-projekt-wie-ein-grosses-team-bei-dem-alle-am-selben-strang-ziehen-interview-mit-stephanie-arndt\/\" \/>\n<meta property=\"og:locale\" content=\"de_DE\" \/>\n<meta property=\"og:type\" content=\"article\" \/>\n<meta property=\"og:title\" content=\"Auftraggeber-Interview mit Stephanie Arndt von NASAR.Land\" \/>\n<meta property=\"og:description\" content=\"In ihrem Interview erz\u00e4hlt uns Stephanie-Arndt von ihrem Projekt auf designenlassen.de und zeigt, f\u00fcr welches Etiketten-Design sie sich entschieden hat.\" \/>\n<meta property=\"og:url\" content=\"https:\/\/www.designenlassen.de\/blog\/man-fuehlte-sich-in-dem-projekt-wie-ein-grosses-team-bei-dem-alle-am-selben-strang-ziehen-interview-mit-stephanie-arndt\/\" \/>\n<meta property=\"og:site_name\" content=\"designenlassen.de Blog\" \/>\n<meta property=\"article:published_time\" content=\"2020-04-06T08:00:00+00:00\" \/>\n<meta property=\"article:modified_time\" content=\"2020-09-24T13:19:07+00:00\" \/>\n<meta property=\"og:image\" content=\"https:\/\/www.designenlassen.de\/blog\/wp-content\/uploads\/2019\/01\/Interview-Stephanie-Arndt.jpg\" \/>\n\t<meta property=\"og:image:width\" content=\"2048\" \/>\n\t<meta property=\"og:image:height\" content=\"1365\" \/>\n\t<meta property=\"og:image:type\" content=\"image\/jpeg\" \/>\n<meta name=\"author\" content=\"Patrick Schady\" \/>\n<meta name=\"twitter:card\" content=\"summary_large_image\" \/>\n<meta name=\"twitter:label1\" content=\"Verfasst von\" \/>\n\t<meta name=\"twitter:data1\" content=\"Patrick Schady\" \/>\n\t<meta name=\"twitter:label2\" content=\"Gesch\u00e4tzte Lesezeit\" \/>\n\t<meta name=\"twitter:data2\" content=\"8\u00a0Minuten\" \/>\n<script type=\"application\/ld+json\" class=\"yoast-schema-graph\">{\"@context\":\"https:\\\/\\\/schema.org\",\"@graph\":[{\"@type\":\"Article\",\"@id\":\"https:\\\/\\\/www.designenlassen.de\\\/blog\\\/man-fuehlte-sich-in-dem-projekt-wie-ein-grosses-team-bei-dem-alle-am-selben-strang-ziehen-interview-mit-stephanie-arndt\\\/#article\",\"isPartOf\":{\"@id\":\"https:\\\/\\\/www.designenlassen.de\\\/blog\\\/man-fuehlte-sich-in-dem-projekt-wie-ein-grosses-team-bei-dem-alle-am-selben-strang-ziehen-interview-mit-stephanie-arndt\\\/\"},\"author\":{\"name\":\"Patrick Schady\",\"@id\":\"https:\\\/\\\/www.designenlassen.de\\\/blog\\\/#\\\/schema\\\/person\\\/1e6e4a367ec0359155d5fbb01227c1ca\"},\"headline\":\"&#8222;Man f\u00fchlte sich in dem Projekt wie ein gro\u00dfes Team bei dem alle am selben Strang ziehen.&#8220; &#8211; Interview mit Stephanie Arndt\",\"datePublished\":\"2020-04-06T08:00:00+00:00\",\"dateModified\":\"2020-09-24T13:19:07+00:00\",\"mainEntityOfPage\":{\"@id\":\"https:\\\/\\\/www.designenlassen.de\\\/blog\\\/man-fuehlte-sich-in-dem-projekt-wie-ein-grosses-team-bei-dem-alle-am-selben-strang-ziehen-interview-mit-stephanie-arndt\\\/\"},\"wordCount\":1534,\"commentCount\":0,\"image\":{\"@id\":\"https:\\\/\\\/www.designenlassen.de\\\/blog\\\/man-fuehlte-sich-in-dem-projekt-wie-ein-grosses-team-bei-dem-alle-am-selben-strang-ziehen-interview-mit-stephanie-arndt\\\/#primaryimage\"},\"thumbnailUrl\":\"https:\\\/\\\/www.designenlassen.de\\\/blog\\\/wp-content\\\/uploads\\\/2019\\\/01\\\/Interview-Stephanie-Arndt.jpg\",\"articleSection\":[\"Interviews\"],\"inLanguage\":\"de\",\"potentialAction\":[{\"@type\":\"CommentAction\",\"name\":\"Comment\",\"target\":[\"https:\\\/\\\/www.designenlassen.de\\\/blog\\\/man-fuehlte-sich-in-dem-projekt-wie-ein-grosses-team-bei-dem-alle-am-selben-strang-ziehen-interview-mit-stephanie-arndt\\\/#respond\"]}]},{\"@type\":\"WebPage\",\"@id\":\"https:\\\/\\\/www.designenlassen.de\\\/blog\\\/man-fuehlte-sich-in-dem-projekt-wie-ein-grosses-team-bei-dem-alle-am-selben-strang-ziehen-interview-mit-stephanie-arndt\\\/\",\"url\":\"https:\\\/\\\/www.designenlassen.de\\\/blog\\\/man-fuehlte-sich-in-dem-projekt-wie-ein-grosses-team-bei-dem-alle-am-selben-strang-ziehen-interview-mit-stephanie-arndt\\\/\",\"name\":\"Auftraggeber-Interview mit Stephanie Arndt von NASAR.Land\",\"isPartOf\":{\"@id\":\"https:\\\/\\\/www.designenlassen.de\\\/blog\\\/#website\"},\"primaryImageOfPage\":{\"@id\":\"https:\\\/\\\/www.designenlassen.de\\\/blog\\\/man-fuehlte-sich-in-dem-projekt-wie-ein-grosses-team-bei-dem-alle-am-selben-strang-ziehen-interview-mit-stephanie-arndt\\\/#primaryimage\"},\"image\":{\"@id\":\"https:\\\/\\\/www.designenlassen.de\\\/blog\\\/man-fuehlte-sich-in-dem-projekt-wie-ein-grosses-team-bei-dem-alle-am-selben-strang-ziehen-interview-mit-stephanie-arndt\\\/#primaryimage\"},\"thumbnailUrl\":\"https:\\\/\\\/www.designenlassen.de\\\/blog\\\/wp-content\\\/uploads\\\/2019\\\/01\\\/Interview-Stephanie-Arndt.jpg\",\"datePublished\":\"2020-04-06T08:00:00+00:00\",\"dateModified\":\"2020-09-24T13:19:07+00:00\",\"author\":{\"@id\":\"https:\\\/\\\/www.designenlassen.de\\\/blog\\\/#\\\/schema\\\/person\\\/1e6e4a367ec0359155d5fbb01227c1ca\"},\"description\":\"In ihrem Interview erz\u00e4hlt uns Stephanie-Arndt von ihrem Projekt auf designenlassen.de und zeigt, f\u00fcr welches Etiketten-Design sie sich entschieden hat.\",\"breadcrumb\":{\"@id\":\"https:\\\/\\\/www.designenlassen.de\\\/blog\\\/man-fuehlte-sich-in-dem-projekt-wie-ein-grosses-team-bei-dem-alle-am-selben-strang-ziehen-interview-mit-stephanie-arndt\\\/#breadcrumb\"},\"inLanguage\":\"de\",\"potentialAction\":[{\"@type\":\"ReadAction\",\"target\":[\"https:\\\/\\\/www.designenlassen.de\\\/blog\\\/man-fuehlte-sich-in-dem-projekt-wie-ein-grosses-team-bei-dem-alle-am-selben-strang-ziehen-interview-mit-stephanie-arndt\\\/\"]}]},{\"@type\":\"ImageObject\",\"inLanguage\":\"de\",\"@id\":\"https:\\\/\\\/www.designenlassen.de\\\/blog\\\/man-fuehlte-sich-in-dem-projekt-wie-ein-grosses-team-bei-dem-alle-am-selben-strang-ziehen-interview-mit-stephanie-arndt\\\/#primaryimage\",\"url\":\"https:\\\/\\\/www.designenlassen.de\\\/blog\\\/wp-content\\\/uploads\\\/2019\\\/01\\\/Interview-Stephanie-Arndt.jpg\",\"contentUrl\":\"https:\\\/\\\/www.designenlassen.de\\\/blog\\\/wp-content\\\/uploads\\\/2019\\\/01\\\/Interview-Stephanie-Arndt.jpg\",\"width\":2048,\"height\":1365,\"caption\":\"Interview Stephanie Arndt\"},{\"@type\":\"BreadcrumbList\",\"@id\":\"https:\\\/\\\/www.designenlassen.de\\\/blog\\\/man-fuehlte-sich-in-dem-projekt-wie-ein-grosses-team-bei-dem-alle-am-selben-strang-ziehen-interview-mit-stephanie-arndt\\\/#breadcrumb\",\"itemListElement\":[{\"@type\":\"ListItem\",\"position\":1,\"name\":\"Start\",\"item\":\"https:\\\/\\\/www.designenlassen.de\\\/blog\\\/\"},{\"@type\":\"ListItem\",\"position\":2,\"name\":\"&#8222;Man f\u00fchlte sich in dem Projekt wie ein gro\u00dfes Team bei dem alle am selben Strang ziehen.&#8220; &#8211; Interview mit Stephanie Arndt\"}]},{\"@type\":\"WebSite\",\"@id\":\"https:\\\/\\\/www.designenlassen.de\\\/blog\\\/#website\",\"url\":\"https:\\\/\\\/www.designenlassen.de\\\/blog\\\/\",\"name\":\"designenlassen.de Blog\",\"description\":\"Inspirationen, Tipps und Ideen f\u00fcr Designer sowie Gr\u00fcnder und Kleinbetriebe.\",\"potentialAction\":[{\"@type\":\"SearchAction\",\"target\":{\"@type\":\"EntryPoint\",\"urlTemplate\":\"https:\\\/\\\/www.designenlassen.de\\\/blog\\\/?s={search_term_string}\"},\"query-input\":{\"@type\":\"PropertyValueSpecification\",\"valueRequired\":true,\"valueName\":\"search_term_string\"}}],\"inLanguage\":\"de\"},{\"@type\":\"Person\",\"@id\":\"https:\\\/\\\/www.designenlassen.de\\\/blog\\\/#\\\/schema\\\/person\\\/1e6e4a367ec0359155d5fbb01227c1ca\",\"name\":\"Patrick Schady\",\"image\":{\"@type\":\"ImageObject\",\"inLanguage\":\"de\",\"@id\":\"https:\\\/\\\/secure.gravatar.com\\\/avatar\\\/41cfafecfbfd30ee6bc4cc02dd530ef067050210239f1d60debda10ce9c038d7?s=96&d=mm&r=g\",\"url\":\"https:\\\/\\\/secure.gravatar.com\\\/avatar\\\/41cfafecfbfd30ee6bc4cc02dd530ef067050210239f1d60debda10ce9c038d7?s=96&d=mm&r=g\",\"contentUrl\":\"https:\\\/\\\/secure.gravatar.com\\\/avatar\\\/41cfafecfbfd30ee6bc4cc02dd530ef067050210239f1d60debda10ce9c038d7?s=96&d=mm&r=g\",\"caption\":\"Patrick Schady\"},\"url\":\"https:\\\/\\\/www.designenlassen.de\\\/blog\\\/author\\\/patrick\\\/\"}]}<\/script>\n<!-- \/ Yoast SEO plugin. -->","yoast_head_json":{"title":"Auftraggeber-Interview mit Stephanie Arndt von NASAR.Land","description":"In ihrem Interview erz\u00e4hlt uns Stephanie-Arndt von ihrem Projekt auf designenlassen.de und zeigt, f\u00fcr welches Etiketten-Design sie sich entschieden hat.","robots":{"index":"index","follow":"follow","max-snippet":"max-snippet:-1","max-image-preview":"max-image-preview:large","max-video-preview":"max-video-preview:-1"},"canonical":"https:\/\/www.designenlassen.de\/blog\/man-fuehlte-sich-in-dem-projekt-wie-ein-grosses-team-bei-dem-alle-am-selben-strang-ziehen-interview-mit-stephanie-arndt\/","og_locale":"de_DE","og_type":"article","og_title":"Auftraggeber-Interview mit Stephanie Arndt von NASAR.Land","og_description":"In ihrem Interview erz\u00e4hlt uns Stephanie-Arndt von ihrem Projekt auf designenlassen.de und zeigt, f\u00fcr welches Etiketten-Design sie sich entschieden hat.","og_url":"https:\/\/www.designenlassen.de\/blog\/man-fuehlte-sich-in-dem-projekt-wie-ein-grosses-team-bei-dem-alle-am-selben-strang-ziehen-interview-mit-stephanie-arndt\/","og_site_name":"designenlassen.de Blog","article_published_time":"2020-04-06T08:00:00+00:00","article_modified_time":"2020-09-24T13:19:07+00:00","og_image":[{"width":2048,"height":1365,"url":"https:\/\/www.designenlassen.de\/blog\/wp-content\/uploads\/2019\/01\/Interview-Stephanie-Arndt.jpg","type":"image\/jpeg"}],"author":"Patrick Schady","twitter_card":"summary_large_image","twitter_misc":{"Verfasst von":"Patrick Schady","Gesch\u00e4tzte Lesezeit":"8\u00a0Minuten"},"schema":{"@context":"https:\/\/schema.org","@graph":[{"@type":"Article","@id":"https:\/\/www.designenlassen.de\/blog\/man-fuehlte-sich-in-dem-projekt-wie-ein-grosses-team-bei-dem-alle-am-selben-strang-ziehen-interview-mit-stephanie-arndt\/#article","isPartOf":{"@id":"https:\/\/www.designenlassen.de\/blog\/man-fuehlte-sich-in-dem-projekt-wie-ein-grosses-team-bei-dem-alle-am-selben-strang-ziehen-interview-mit-stephanie-arndt\/"},"author":{"name":"Patrick Schady","@id":"https:\/\/www.designenlassen.de\/blog\/#\/schema\/person\/1e6e4a367ec0359155d5fbb01227c1ca"},"headline":"&#8222;Man f\u00fchlte sich in dem Projekt wie ein gro\u00dfes Team bei dem alle am selben Strang ziehen.&#8220; &#8211; Interview mit Stephanie Arndt","datePublished":"2020-04-06T08:00:00+00:00","dateModified":"2020-09-24T13:19:07+00:00","mainEntityOfPage":{"@id":"https:\/\/www.designenlassen.de\/blog\/man-fuehlte-sich-in-dem-projekt-wie-ein-grosses-team-bei-dem-alle-am-selben-strang-ziehen-interview-mit-stephanie-arndt\/"},"wordCount":1534,"commentCount":0,"image":{"@id":"https:\/\/www.designenlassen.de\/blog\/man-fuehlte-sich-in-dem-projekt-wie-ein-grosses-team-bei-dem-alle-am-selben-strang-ziehen-interview-mit-stephanie-arndt\/#primaryimage"},"thumbnailUrl":"https:\/\/www.designenlassen.de\/blog\/wp-content\/uploads\/2019\/01\/Interview-Stephanie-Arndt.jpg","articleSection":["Interviews"],"inLanguage":"de","potentialAction":[{"@type":"CommentAction","name":"Comment","target":["https:\/\/www.designenlassen.de\/blog\/man-fuehlte-sich-in-dem-projekt-wie-ein-grosses-team-bei-dem-alle-am-selben-strang-ziehen-interview-mit-stephanie-arndt\/#respond"]}]},{"@type":"WebPage","@id":"https:\/\/www.designenlassen.de\/blog\/man-fuehlte-sich-in-dem-projekt-wie-ein-grosses-team-bei-dem-alle-am-selben-strang-ziehen-interview-mit-stephanie-arndt\/","url":"https:\/\/www.designenlassen.de\/blog\/man-fuehlte-sich-in-dem-projekt-wie-ein-grosses-team-bei-dem-alle-am-selben-strang-ziehen-interview-mit-stephanie-arndt\/","name":"Auftraggeber-Interview mit Stephanie Arndt von NASAR.Land","isPartOf":{"@id":"https:\/\/www.designenlassen.de\/blog\/#website"},"primaryImageOfPage":{"@id":"https:\/\/www.designenlassen.de\/blog\/man-fuehlte-sich-in-dem-projekt-wie-ein-grosses-team-bei-dem-alle-am-selben-strang-ziehen-interview-mit-stephanie-arndt\/#primaryimage"},"image":{"@id":"https:\/\/www.designenlassen.de\/blog\/man-fuehlte-sich-in-dem-projekt-wie-ein-grosses-team-bei-dem-alle-am-selben-strang-ziehen-interview-mit-stephanie-arndt\/#primaryimage"},"thumbnailUrl":"https:\/\/www.designenlassen.de\/blog\/wp-content\/uploads\/2019\/01\/Interview-Stephanie-Arndt.jpg","datePublished":"2020-04-06T08:00:00+00:00","dateModified":"2020-09-24T13:19:07+00:00","author":{"@id":"https:\/\/www.designenlassen.de\/blog\/#\/schema\/person\/1e6e4a367ec0359155d5fbb01227c1ca"},"description":"In ihrem Interview erz\u00e4hlt uns Stephanie-Arndt von ihrem Projekt auf designenlassen.de und zeigt, f\u00fcr welches Etiketten-Design sie sich entschieden hat.","breadcrumb":{"@id":"https:\/\/www.designenlassen.de\/blog\/man-fuehlte-sich-in-dem-projekt-wie-ein-grosses-team-bei-dem-alle-am-selben-strang-ziehen-interview-mit-stephanie-arndt\/#breadcrumb"},"inLanguage":"de","potentialAction":[{"@type":"ReadAction","target":["https:\/\/www.designenlassen.de\/blog\/man-fuehlte-sich-in-dem-projekt-wie-ein-grosses-team-bei-dem-alle-am-selben-strang-ziehen-interview-mit-stephanie-arndt\/"]}]},{"@type":"ImageObject","inLanguage":"de","@id":"https:\/\/www.designenlassen.de\/blog\/man-fuehlte-sich-in-dem-projekt-wie-ein-grosses-team-bei-dem-alle-am-selben-strang-ziehen-interview-mit-stephanie-arndt\/#primaryimage","url":"https:\/\/www.designenlassen.de\/blog\/wp-content\/uploads\/2019\/01\/Interview-Stephanie-Arndt.jpg","contentUrl":"https:\/\/www.designenlassen.de\/blog\/wp-content\/uploads\/2019\/01\/Interview-Stephanie-Arndt.jpg","width":2048,"height":1365,"caption":"Interview Stephanie Arndt"},{"@type":"BreadcrumbList","@id":"https:\/\/www.designenlassen.de\/blog\/man-fuehlte-sich-in-dem-projekt-wie-ein-grosses-team-bei-dem-alle-am-selben-strang-ziehen-interview-mit-stephanie-arndt\/#breadcrumb","itemListElement":[{"@type":"ListItem","position":1,"name":"Start","item":"https:\/\/www.designenlassen.de\/blog\/"},{"@type":"ListItem","position":2,"name":"&#8222;Man f\u00fchlte sich in dem Projekt wie ein gro\u00dfes Team bei dem alle am selben Strang ziehen.&#8220; &#8211; Interview mit Stephanie Arndt"}]},{"@type":"WebSite","@id":"https:\/\/www.designenlassen.de\/blog\/#website","url":"https:\/\/www.designenlassen.de\/blog\/","name":"designenlassen.de Blog","description":"Inspirationen, Tipps und Ideen f\u00fcr Designer sowie Gr\u00fcnder und Kleinbetriebe.","potentialAction":[{"@type":"SearchAction","target":{"@type":"EntryPoint","urlTemplate":"https:\/\/www.designenlassen.de\/blog\/?s={search_term_string}"},"query-input":{"@type":"PropertyValueSpecification","valueRequired":true,"valueName":"search_term_string"}}],"inLanguage":"de"},{"@type":"Person","@id":"https:\/\/www.designenlassen.de\/blog\/#\/schema\/person\/1e6e4a367ec0359155d5fbb01227c1ca","name":"Patrick Schady","image":{"@type":"ImageObject","inLanguage":"de","@id":"https:\/\/secure.gravatar.com\/avatar\/41cfafecfbfd30ee6bc4cc02dd530ef067050210239f1d60debda10ce9c038d7?s=96&d=mm&r=g","url":"https:\/\/secure.gravatar.com\/avatar\/41cfafecfbfd30ee6bc4cc02dd530ef067050210239f1d60debda10ce9c038d7?s=96&d=mm&r=g","contentUrl":"https:\/\/secure.gravatar.com\/avatar\/41cfafecfbfd30ee6bc4cc02dd530ef067050210239f1d60debda10ce9c038d7?s=96&d=mm&r=g","caption":"Patrick Schady"},"url":"https:\/\/www.designenlassen.de\/blog\/author\/patrick\/"}]}},"_links":{"self":[{"href":"https:\/\/www.designenlassen.de\/blog\/wp-json\/wp\/v2\/posts\/15708","targetHints":{"allow":["GET"]}}],"collection":[{"href":"https:\/\/www.designenlassen.de\/blog\/wp-json\/wp\/v2\/posts"}],"about":[{"href":"https:\/\/www.designenlassen.de\/blog\/wp-json\/wp\/v2\/types\/post"}],"author":[{"embeddable":true,"href":"https:\/\/www.designenlassen.de\/blog\/wp-json\/wp\/v2\/users\/24"}],"replies":[{"embeddable":true,"href":"https:\/\/www.designenlassen.de\/blog\/wp-json\/wp\/v2\/comments?post=15708"}],"version-history":[{"count":68,"href":"https:\/\/www.designenlassen.de\/blog\/wp-json\/wp\/v2\/posts\/15708\/revisions"}],"predecessor-version":[{"id":22442,"href":"https:\/\/www.designenlassen.de\/blog\/wp-json\/wp\/v2\/posts\/15708\/revisions\/22442"}],"wp:featuredmedia":[{"embeddable":true,"href":"https:\/\/www.designenlassen.de\/blog\/wp-json\/wp\/v2\/media\/15720"}],"wp:attachment":[{"href":"https:\/\/www.designenlassen.de\/blog\/wp-json\/wp\/v2\/media?parent=15708"}],"wp:term":[{"taxonomy":"category","embeddable":true,"href":"https:\/\/www.designenlassen.de\/blog\/wp-json\/wp\/v2\/categories?post=15708"},{"taxonomy":"post_tag","embeddable":true,"href":"https:\/\/www.designenlassen.de\/blog\/wp-json\/wp\/v2\/tags?post=15708"}],"curies":[{"name":"wp","href":"https:\/\/api.w.org\/{rel}","templated":true}]}}