{"id":17598,"date":"2019-08-30T10:30:12","date_gmt":"2019-08-30T08:30:12","guid":{"rendered":"http:\/\/www.designenlassen.de\/blog\/?p=17598"},"modified":"2024-08-21T08:23:15","modified_gmt":"2024-08-21T06:23:15","slug":"minimalistische-logos-die-mit-dem-noetigsten-im-design-ueberzeugen","status":"publish","type":"post","link":"https:\/\/www.designenlassen.de\/blog\/minimalistische-logos-die-mit-dem-noetigsten-im-design-ueberzeugen\/","title":{"rendered":"Minimalistische Logos, die mit dem N\u00f6tigsten im Design \u00fcberzeugen"},"content":{"rendered":"\n<p>Das Sprichwort \u201cWeniger ist mehr\u201d ist auch im Minimalismus stark vertreten. So beschr\u00e4nkt man sich hierbei auf das N\u00f6tigste und \u00fcberzeugt mit einer minimalistischen Darstellung. Definitiv nicht verkehrt, um das eigene Unternehmen ansprechend zu repr\u00e4sentieren und besonders zu \u00fcberzeugen. Auch wenn die W\u00f6rter &#8222;schlicht&#8220; oder &#8222;simpel&#8220; meist direkt mit etwas Langweiligem oder Unauff\u00e4lligem assoziiert werden, gibt es einige minimalistische Logos, die hierbei das Gegenteil beweisen. Etwas Schlichtes muss nicht direkt zu einfach sein, um zu \u00fcberzeugen. Gerade bei einem Logo-Design oder \u00fcbergreifend einem Corporate-Design, ist ein minimalistisches Design meist von gro\u00dfem Vorteil, denn es wirkt sofort seri\u00f6s, authentisch und bleibt direkt im Ged\u00e4chtnis. Es verwirrt die Kunden nicht durch eine un\u00fcbersichtliche Struktur oder ein kompliziertes Design. <\/p>\n\n\n\n<div class=\"wp-block-buttons is-content-justification-center is-layout-flex wp-container-core-buttons-is-layout-16018d1d wp-block-buttons-is-layout-flex\">\n<div class=\"wp-block-button is-style-fill\"><a class=\"wp-block-button__link has-white-color has-text-color has-background has-text-align-left wp-element-button\" href=\"https:\/\/www.designenlassen.de\/logo-design?utm_source=blog&amp;utm_medium=button&amp;utm_campaign=blog-beitraege\" style=\"background-color:#091182\">Jetzt Logo erstellen<\/a><\/div>\n<\/div>\n\n\n\n<div style=\"height:34px\" aria-hidden=\"true\" class=\"wp-block-spacer\"><\/div>\n\n\n\n<figure class=\"wp-block-gallery has-nested-images columns-default is-cropped dl_picsub_white wp-block-gallery-1 is-layout-flex wp-block-gallery-is-layout-flex\">\n<figure class=\"wp-block-image size-large\"><img fetchpriority=\"high\" decoding=\"async\" width=\"800\" height=\"559\" data-id=\"17637\" src=\"https:\/\/www.designenlassen.de\/blog\/wp-content\/uploads\/2019\/08\/Peakspace-774967-Logo-Minimalismus-Moderne-Designs.png\" alt=\"Peakspace 774967 Logo Minimalismus Moderne Designs\" class=\"wp-image-17637\" srcset=\"https:\/\/www.designenlassen.de\/blog\/wp-content\/uploads\/2019\/08\/Peakspace-774967-Logo-Minimalismus-Moderne-Designs.png 800w, https:\/\/www.designenlassen.de\/blog\/wp-content\/uploads\/2019\/08\/Peakspace-774967-Logo-Minimalismus-Moderne-Designs-300x210.png 300w, https:\/\/www.designenlassen.de\/blog\/wp-content\/uploads\/2019\/08\/Peakspace-774967-Logo-Minimalismus-Moderne-Designs-768x537.png 768w\" sizes=\"(max-width: 800px) 100vw, 800px\" \/><figcaption class=\"wp-element-caption\"><a href=\"https:\/\/www.designenlassen.de\/774967-logo-design-fuer-internet-agentur-entwicklung-von-webseiten\">Minimalistisches Logo f\u00fcr Internet-Agentur<\/a><\/figcaption><\/figure>\n<\/figure>\n\n\n\n<p>\n\nAuch bei einem schlichten Logo bieten sich unterschiedliche Gestaltungsm\u00f6glichkeiten. So liegt die Entscheidung stets bei Dir, ob Du Dein Unternehmen lieber durch eine einzelne Wortmarke oder durch eine Kombination aus Wort- und Bildmarke pr\u00e4sentieren m\u00f6chtest. Ein weiterer Vorteil ist auch, dass ein minimalistisches Logo-Design f\u00fcr nahezu jede Unternehmensbranche geeignet ist. Ausgeschm\u00fcckt werden kann das Logo durch einen <a href=\"https:\/\/www.designenlassen.de\/blog\/farben-logo-designs-mehr-als-nur-bunt\/\">unterschiedlichen Farbeinsatz<\/a> und eine kreative Gestaltung der Bildmarke. Um einen kleinen Einblick in die Welt der minimalistischen Logo-Designs zu geben, haben wir einige interessante Designs f\u00fcr Dich zusammengesucht und pr\u00e4sentieren sie Dir in dieser Logo-Galerie.\n\n<\/p>\n\n\n\n<h2 class=\"wp-block-heading\">Minimalistische Logos mit geometrischen Formen<\/h2>\n\n\n\n<p>Ein minimalistisches Logo-Design mit geometrischen Formen wirkt clean und vertraut. Es strahlt eine gewisse Klarheit aus und ist vielseitig einsetzbar. Geometrische Formen gibt es etliche und so bieten sich Dir auch zahlreiche Gestaltungsm\u00f6glichkeiten, um Dein Unternehmen ansprechend zu repr\u00e4sentieren. Allerdings gibt es gerade bei g\u00e4ngigen Formen und Designs auch einiges zu beachten. F\u00fcr Dein minimalistisches Logo solltest Du Dich nicht zu sehr an bereits bestehenden Designs orientieren, denn schlie\u00dflich m\u00f6chtest Du einen einzigartigen Aspekt beibehalten und nicht mit anderen Unternehmen in Verbindung gebracht werden. Gerade geometrische Formen sind in gro\u00dfer Vielfalt vertreten, eine gewisse \u00c4hnlichkeit zu anderen Designs ist also nie komplett auszuschlie\u00dfen. Wichtig ist dennoch, etwas Individuelles zu entwickeln, das auch bei der Markenanmeldung keine Probleme machen sollte. Einige gelungene minimalistische Designs mit geometrischen Formen zeigen wir Dir im Folgenden.<\/p>\n\n\n\n<figure class=\"wp-block-gallery has-nested-images columns-default is-cropped dl_picsub_white wp-block-gallery-2 is-layout-flex wp-block-gallery-is-layout-flex\">\n<figure class=\"wp-block-image size-large\"><img decoding=\"async\" width=\"800\" height=\"448\" data-id=\"17600\" src=\"https:\/\/www.designenlassen.de\/blog\/wp-content\/uploads\/2019\/08\/Bellissimo-Schlichtes-geometrisches-Logo-Design-237227.jpg\" alt=\"Bellissimo Schlichtes geometrisches Logo-Design 237227\" class=\"wp-image-17600\" srcset=\"https:\/\/www.designenlassen.de\/blog\/wp-content\/uploads\/2019\/08\/Bellissimo-Schlichtes-geometrisches-Logo-Design-237227.jpg 800w, https:\/\/www.designenlassen.de\/blog\/wp-content\/uploads\/2019\/08\/Bellissimo-Schlichtes-geometrisches-Logo-Design-237227-300x168.jpg 300w, https:\/\/www.designenlassen.de\/blog\/wp-content\/uploads\/2019\/08\/Bellissimo-Schlichtes-geometrisches-Logo-Design-237227-768x430.jpg 768w\" sizes=\"(max-width: 800px) 100vw, 800px\" \/><figcaption class=\"wp-element-caption\"><a href=\"https:\/\/www.designenlassen.de\/237227-logo-design-fuer-cafe-bar\">Logo-Design f\u00fcr Caf\u00e9\/Bar Bellissimo<\/a><\/figcaption><\/figure>\n<\/figure>\n\n\n\n<figure class=\"wp-block-gallery has-nested-images columns-default is-cropped wp-block-gallery-3 is-layout-flex wp-block-gallery-is-layout-flex\">\n<figure class=\"wp-block-image size-large\"><img decoding=\"async\" width=\"338\" height=\"338\" data-id=\"17601\" src=\"https:\/\/www.designenlassen.de\/blog\/wp-content\/uploads\/2019\/08\/Black-Forest-Invest-722855-Schlichtes-Logo-Design-in-geometrisch.png\" alt=\"Black Forest Invest 722855 Schlichtes Logo-Design in geometrisch\" class=\"wp-image-17601\" srcset=\"https:\/\/www.designenlassen.de\/blog\/wp-content\/uploads\/2019\/08\/Black-Forest-Invest-722855-Schlichtes-Logo-Design-in-geometrisch.png 338w, https:\/\/www.designenlassen.de\/blog\/wp-content\/uploads\/2019\/08\/Black-Forest-Invest-722855-Schlichtes-Logo-Design-in-geometrisch-150x150.png 150w, https:\/\/www.designenlassen.de\/blog\/wp-content\/uploads\/2019\/08\/Black-Forest-Invest-722855-Schlichtes-Logo-Design-in-geometrisch-300x300.png 300w\" sizes=\"(max-width: 338px) 100vw, 338px\" \/><\/figure>\n\n\n\n<figure class=\"wp-block-image size-large\"><img loading=\"lazy\" decoding=\"async\" width=\"338\" height=\"338\" data-id=\"17602\" src=\"https:\/\/www.designenlassen.de\/blog\/wp-content\/uploads\/2019\/08\/Michael-Dorre-Geometrisches-Minimalistisches-Logo-Design-554697.jpg\" alt=\"Michael Dorre Geometrisches Minimalistisches Logo-Design 554697\" class=\"wp-image-17602\" srcset=\"https:\/\/www.designenlassen.de\/blog\/wp-content\/uploads\/2019\/08\/Michael-Dorre-Geometrisches-Minimalistisches-Logo-Design-554697.jpg 338w, https:\/\/www.designenlassen.de\/blog\/wp-content\/uploads\/2019\/08\/Michael-Dorre-Geometrisches-Minimalistisches-Logo-Design-554697-150x150.jpg 150w, https:\/\/www.designenlassen.de\/blog\/wp-content\/uploads\/2019\/08\/Michael-Dorre-Geometrisches-Minimalistisches-Logo-Design-554697-300x300.jpg 300w\" sizes=\"(max-width: 338px) 100vw, 338px\" \/><\/figure>\n<\/figure>\n\n\n\n<figure class=\"wp-block-gallery has-nested-images columns-default is-cropped dl_picsub_black wp-block-gallery-4 is-layout-flex wp-block-gallery-is-layout-flex\">\n<figure class=\"wp-block-image size-large\"><img loading=\"lazy\" decoding=\"async\" width=\"800\" height=\"528\" data-id=\"17603\" src=\"https:\/\/www.designenlassen.de\/blog\/wp-content\/uploads\/2019\/08\/Geometrie-Schlichtes-Design-Packccess-965776-Logo.jpg\" alt=\"Geometrie Schlichtes Design Packccess 965776 Logo\" class=\"wp-image-17603\" srcset=\"https:\/\/www.designenlassen.de\/blog\/wp-content\/uploads\/2019\/08\/Geometrie-Schlichtes-Design-Packccess-965776-Logo.jpg 800w, https:\/\/www.designenlassen.de\/blog\/wp-content\/uploads\/2019\/08\/Geometrie-Schlichtes-Design-Packccess-965776-Logo-300x198.jpg 300w, https:\/\/www.designenlassen.de\/blog\/wp-content\/uploads\/2019\/08\/Geometrie-Schlichtes-Design-Packccess-965776-Logo-768x507.jpg 768w\" sizes=\"(max-width: 800px) 100vw, 800px\" \/><figcaption class=\"wp-element-caption\"><a href=\"https:\/\/www.designenlassen.de\/965776-logo-design-fuer-industrielle-verpackungen\">Minimalistisches Logo f\u00fcr industrielle Verpackungen<\/a><\/figcaption><\/figure>\n<\/figure>\n\n\n\n<figure class=\"wp-block-gallery has-nested-images columns-default is-cropped wp-block-gallery-5 is-layout-flex wp-block-gallery-is-layout-flex\">\n<figure class=\"wp-block-image size-large\"><img loading=\"lazy\" decoding=\"async\" width=\"338\" height=\"338\" data-id=\"17611\" src=\"https:\/\/www.designenlassen.de\/blog\/wp-content\/uploads\/2019\/08\/965776-Packccess-Logo-Design-Schlicht-Geometrisch-2.jpg\" alt=\"965776 Packccess Logo Design Schlicht Geometrisch\" class=\"wp-image-17611\" srcset=\"https:\/\/www.designenlassen.de\/blog\/wp-content\/uploads\/2019\/08\/965776-Packccess-Logo-Design-Schlicht-Geometrisch-2.jpg 338w, https:\/\/www.designenlassen.de\/blog\/wp-content\/uploads\/2019\/08\/965776-Packccess-Logo-Design-Schlicht-Geometrisch-2-150x150.jpg 150w, https:\/\/www.designenlassen.de\/blog\/wp-content\/uploads\/2019\/08\/965776-Packccess-Logo-Design-Schlicht-Geometrisch-2-300x300.jpg 300w\" sizes=\"(max-width: 338px) 100vw, 338px\" \/><\/figure>\n\n\n\n<figure class=\"wp-block-image size-large\"><img loading=\"lazy\" decoding=\"async\" width=\"338\" height=\"338\" data-id=\"17612\" src=\"https:\/\/www.designenlassen.de\/blog\/wp-content\/uploads\/2019\/08\/Michael-Lisso-Bauleitung-Minimalistisches-Logo-Geometrisch-484142-2.png\" alt=\"Michael Lisso Bauleitung Minimalistisches Logo Geometrisch 484142\" class=\"wp-image-17612\" srcset=\"https:\/\/www.designenlassen.de\/blog\/wp-content\/uploads\/2019\/08\/Michael-Lisso-Bauleitung-Minimalistisches-Logo-Geometrisch-484142-2.png 338w, https:\/\/www.designenlassen.de\/blog\/wp-content\/uploads\/2019\/08\/Michael-Lisso-Bauleitung-Minimalistisches-Logo-Geometrisch-484142-2-150x150.png 150w, https:\/\/www.designenlassen.de\/blog\/wp-content\/uploads\/2019\/08\/Michael-Lisso-Bauleitung-Minimalistisches-Logo-Geometrisch-484142-2-300x300.png 300w\" sizes=\"(max-width: 338px) 100vw, 338px\" \/><\/figure>\n<\/figure>\n\n\n\n<div class=\"wp-block-buttons is-content-justification-center is-layout-flex wp-container-core-buttons-is-layout-16018d1d wp-block-buttons-is-layout-flex\">\n<div class=\"wp-block-button is-style-fill\"><a class=\"wp-block-button__link has-white-color has-text-color has-background has-text-align-left wp-element-button\" href=\"https:\/\/www.designenlassen.de\/logo-design?utm_source=blog&amp;utm_medium=button&amp;utm_campaign=blog-beitraege\" style=\"background-color:#091182\">Jetzt Logo erstellen<\/a><\/div>\n<\/div>\n\n\n\n<div style=\"height:32px\" aria-hidden=\"true\" class=\"wp-block-spacer\"><\/div>\n\n\n\n<h2 class=\"wp-block-heading\">Schlichte Logos mit kleiner Bildmarke<\/h2>\n\n\n\n<p>Eine kleine Bildmarke eines minimalistischen Logos kann die Wortmarke dezent unterst\u00fctzen und dennoch das gewisse Etwas zum Ausdruck bringen. Der Einsatz der Bildmarke ist als integrierter Teil der Wortmarke oder auch als au\u00dfen stehendes Symbol gut m\u00f6glich. Das Design kann die Branche des Unternehmens oder auch den Firmennamen bildlich veranschaulichen. Ein gro\u00dfer Vorteil ist nat\u00fcrlich, dass ein auf das Unternehmen angepasstes Symbol immer eine gewisse Einzigartigkeit ausstrahlt. Und das ist in Bezug auf die gro\u00dfe Anzahl der Konkurrenten sehr wichtig. Der Kunde soll auf den ersten Blick erkennen, dass sich Dein Unternehmen von anderen unterscheidet und durch eine qualitative Darstellung Aufschluss dar\u00fcber geben, warum er sich bei seinen Anliegen gerade an Dich wenden sollte. Die gew\u00e4hlten Farben sind v\u00f6llig Dir \u00fcberlassen. Du musst schlie\u00dflich entscheiden, wie Du Deine Firma pr\u00e4sentieren m\u00f6chtest.<\/p>\n\n\n\n<figure class=\"wp-block-gallery has-nested-images columns-default is-cropped dl_picsub_white wp-block-gallery-6 is-layout-flex wp-block-gallery-is-layout-flex\">\n<figure class=\"wp-block-image size-large\"><img loading=\"lazy\" decoding=\"async\" width=\"800\" height=\"504\" data-id=\"17614\" src=\"https:\/\/www.designenlassen.de\/blog\/wp-content\/uploads\/2019\/08\/Sidang-Jewelry-436977-Logo-Design-mit-Bildmarke-in-Schlicht.jpg\" alt=\"Sidang Jewelry 436977 Logo Design mit Bildmarke in Schlicht\" class=\"wp-image-17614\" srcset=\"https:\/\/www.designenlassen.de\/blog\/wp-content\/uploads\/2019\/08\/Sidang-Jewelry-436977-Logo-Design-mit-Bildmarke-in-Schlicht.jpg 800w, https:\/\/www.designenlassen.de\/blog\/wp-content\/uploads\/2019\/08\/Sidang-Jewelry-436977-Logo-Design-mit-Bildmarke-in-Schlicht-300x189.jpg 300w, https:\/\/www.designenlassen.de\/blog\/wp-content\/uploads\/2019\/08\/Sidang-Jewelry-436977-Logo-Design-mit-Bildmarke-in-Schlicht-768x484.jpg 768w\" sizes=\"(max-width: 800px) 100vw, 800px\" \/><figcaption class=\"wp-element-caption\"><a href=\"https:\/\/www.designenlassen.de\/436977-logo-design-fuer-modeschmuck-verkauf\">Logo f\u00fcr Modeschmuck Verkauf<\/a><\/figcaption><\/figure>\n<\/figure>\n\n\n\n<figure class=\"wp-block-gallery has-nested-images columns-default is-cropped wp-block-gallery-7 is-layout-flex wp-block-gallery-is-layout-flex\">\n<figure class=\"wp-block-image size-large\"><img loading=\"lazy\" decoding=\"async\" width=\"338\" height=\"338\" data-id=\"17615\" src=\"https:\/\/www.designenlassen.de\/blog\/wp-content\/uploads\/2019\/08\/Kleine-Bildmarke-Schlichte-Logo-Designs-Landverliebt-526564.jpg\" alt=\"Kleine Bildmarke Schlichte Logo-Designs Landverliebt 526564\" class=\"wp-image-17615\" srcset=\"https:\/\/www.designenlassen.de\/blog\/wp-content\/uploads\/2019\/08\/Kleine-Bildmarke-Schlichte-Logo-Designs-Landverliebt-526564.jpg 338w, https:\/\/www.designenlassen.de\/blog\/wp-content\/uploads\/2019\/08\/Kleine-Bildmarke-Schlichte-Logo-Designs-Landverliebt-526564-150x150.jpg 150w, https:\/\/www.designenlassen.de\/blog\/wp-content\/uploads\/2019\/08\/Kleine-Bildmarke-Schlichte-Logo-Designs-Landverliebt-526564-300x300.jpg 300w\" sizes=\"(max-width: 338px) 100vw, 338px\" \/><\/figure>\n\n\n\n<figure class=\"wp-block-image size-large\"><img loading=\"lazy\" decoding=\"async\" width=\"338\" height=\"338\" data-id=\"17616\" src=\"https:\/\/www.designenlassen.de\/blog\/wp-content\/uploads\/2019\/08\/Minimalistische-Logo-Designs-Bildmarke-Black-Fox-Coffee-494221.png\" alt=\"Minimalistische Logo-Designs Bildmarke Black Fox Coffee 494221\" class=\"wp-image-17616\" srcset=\"https:\/\/www.designenlassen.de\/blog\/wp-content\/uploads\/2019\/08\/Minimalistische-Logo-Designs-Bildmarke-Black-Fox-Coffee-494221.png 338w, https:\/\/www.designenlassen.de\/blog\/wp-content\/uploads\/2019\/08\/Minimalistische-Logo-Designs-Bildmarke-Black-Fox-Coffee-494221-150x150.png 150w, https:\/\/www.designenlassen.de\/blog\/wp-content\/uploads\/2019\/08\/Minimalistische-Logo-Designs-Bildmarke-Black-Fox-Coffee-494221-300x300.png 300w\" sizes=\"(max-width: 338px) 100vw, 338px\" \/><\/figure>\n<\/figure>\n\n\n\n<figure class=\"wp-block-gallery has-nested-images columns-default is-cropped dl_picsub_white wp-block-gallery-8 is-layout-flex wp-block-gallery-is-layout-flex\">\n<figure class=\"wp-block-image size-large\"><img loading=\"lazy\" decoding=\"async\" width=\"800\" height=\"475\" data-id=\"17619\" src=\"https:\/\/www.designenlassen.de\/blog\/wp-content\/uploads\/2019\/08\/Schlicht-minimalistisch-Logo-mit-Bildmarke-RopeScout-738483.jpg\" alt=\"Schlicht minimalistisch Logo mit Bildmarke RopeScout 738483\" class=\"wp-image-17619\" srcset=\"https:\/\/www.designenlassen.de\/blog\/wp-content\/uploads\/2019\/08\/Schlicht-minimalistisch-Logo-mit-Bildmarke-RopeScout-738483.jpg 800w, https:\/\/www.designenlassen.de\/blog\/wp-content\/uploads\/2019\/08\/Schlicht-minimalistisch-Logo-mit-Bildmarke-RopeScout-738483-300x178.jpg 300w, https:\/\/www.designenlassen.de\/blog\/wp-content\/uploads\/2019\/08\/Schlicht-minimalistisch-Logo-mit-Bildmarke-RopeScout-738483-768x456.jpg 768w\" sizes=\"(max-width: 800px) 100vw, 800px\" \/><figcaption class=\"wp-element-caption\"><a href=\"https:\/\/www.designenlassen.de\/738483-logo-design-fuer-leuchtenden-clip\">RopeScout ben\u00f6tigte minimalistisches Logo-Design<\/a><\/figcaption><\/figure>\n<\/figure>\n\n\n\n<figure class=\"wp-block-gallery has-nested-images columns-default is-cropped wp-block-gallery-9 is-layout-flex wp-block-gallery-is-layout-flex\">\n<figure class=\"wp-block-image size-large\"><img loading=\"lazy\" decoding=\"async\" width=\"338\" height=\"338\" data-id=\"17617\" src=\"https:\/\/www.designenlassen.de\/blog\/wp-content\/uploads\/2019\/08\/PeakSpace-Developing-774967-Minimalistische-Logos-Kleine-Bildmarke.jpg\" alt=\"PeakSpace Developing 774967 Minimalistische Logos Kleine Bildmarke\" class=\"wp-image-17617\" srcset=\"https:\/\/www.designenlassen.de\/blog\/wp-content\/uploads\/2019\/08\/PeakSpace-Developing-774967-Minimalistische-Logos-Kleine-Bildmarke.jpg 338w, https:\/\/www.designenlassen.de\/blog\/wp-content\/uploads\/2019\/08\/PeakSpace-Developing-774967-Minimalistische-Logos-Kleine-Bildmarke-150x150.jpg 150w, https:\/\/www.designenlassen.de\/blog\/wp-content\/uploads\/2019\/08\/PeakSpace-Developing-774967-Minimalistische-Logos-Kleine-Bildmarke-300x300.jpg 300w\" sizes=\"(max-width: 338px) 100vw, 338px\" \/><\/figure>\n\n\n\n<figure class=\"wp-block-image size-large\"><img loading=\"lazy\" decoding=\"async\" width=\"338\" height=\"338\" data-id=\"17618\" src=\"https:\/\/www.designenlassen.de\/blog\/wp-content\/uploads\/2019\/08\/Schlichtes-Logo-Spielh\u00f6lle-317392-Bildmarke.png\" alt=\"Schlichtes Logo Spielh\u00f6lle 317392 Bildmarke\" class=\"wp-image-17618\" srcset=\"https:\/\/www.designenlassen.de\/blog\/wp-content\/uploads\/2019\/08\/Schlichtes-Logo-Spielh\u00f6lle-317392-Bildmarke.png 338w, https:\/\/www.designenlassen.de\/blog\/wp-content\/uploads\/2019\/08\/Schlichtes-Logo-Spielh\u00f6lle-317392-Bildmarke-150x150.png 150w, https:\/\/www.designenlassen.de\/blog\/wp-content\/uploads\/2019\/08\/Schlichtes-Logo-Spielh\u00f6lle-317392-Bildmarke-300x300.png 300w\" sizes=\"(max-width: 338px) 100vw, 338px\" \/><\/figure>\n<\/figure>\n\n\n\n<h2 class=\"wp-block-heading\">Herausstechende Farbe im minimalistischen Design<\/h2>\n\n\n\n<p>Auch wenn die meisten <a href=\"https:\/\/www.designenlassen.de\/blog\/black-and-white-logo-43-designs-fuer-deine-gruendung\/\">minimalistischen Logos in Schwarz-Wei\u00df<\/a> funktionieren bzw. funktionieren sollten, so ist es nat\u00fcrlich dennoch nicht verkehrt, ein wenig Farbe im Design zu verwenden. Das Logo wirkt durch den Einsatz unterschiedlicher Farben auch unterschiedlich auf potenzielle Kunden. Die Verwendung von Rot zum Beispiel erweckt direkt Aufmerksamkeit und l\u00e4sst den Blick der Betrachter l\u00e4nger auf Deinem Design verweilen. Die Farbe Blau hingegen wirkt sofort vertrauenerweckend und strahlt eine gewisse Ruhe und Sicherheit aus. Auch wenn Du Dich nicht nur auf eine Farbe beschr\u00e4nken m\u00f6chtest, ist das v\u00f6llig in Ordnung. Wichtig ist, dass Du bei einem bunten Logo-Design nicht mit der Farbgebung \u00fcbertreibst. Schlie\u00dflich soll auch hier eine gewisse Seriosit\u00e4t und Authentizit\u00e4t ausgestrahlt werden. Durch ein zu gro\u00dfes Durcheinander an Farben geht die Professionalit\u00e4t verloren und dies \u00fcbertr\u00e4gt sich auf das Bild, das ein Kunde von Deinem Unternehmen hat. <\/p>\n\n\n\n<figure class=\"wp-block-gallery has-nested-images columns-default is-cropped dl_picsub_red wp-block-gallery-10 is-layout-flex wp-block-gallery-is-layout-flex\">\n<figure class=\"wp-block-image size-large\"><img loading=\"lazy\" decoding=\"async\" width=\"800\" height=\"393\" data-id=\"17620\" src=\"https:\/\/www.designenlassen.de\/blog\/wp-content\/uploads\/2019\/08\/Lux-Fotostudio-155532-Schlichte-Logo-Designs.jpg\" alt=\"Lux Fotostudio 155532 Schlichte Logo-Designs\" class=\"wp-image-17620\" srcset=\"https:\/\/www.designenlassen.de\/blog\/wp-content\/uploads\/2019\/08\/Lux-Fotostudio-155532-Schlichte-Logo-Designs.jpg 800w, https:\/\/www.designenlassen.de\/blog\/wp-content\/uploads\/2019\/08\/Lux-Fotostudio-155532-Schlichte-Logo-Designs-300x147.jpg 300w, https:\/\/www.designenlassen.de\/blog\/wp-content\/uploads\/2019\/08\/Lux-Fotostudio-155532-Schlichte-Logo-Designs-768x377.jpg 768w\" sizes=\"(max-width: 800px) 100vw, 800px\" \/><figcaption class=\"wp-element-caption\"><a href=\"https:\/\/www.designenlassen.de\/155532-fotostudio-sucht-logo\">Fotostudio suchte Logo in minimalistisch<\/a><\/figcaption><\/figure>\n<\/figure>\n\n\n\n<figure class=\"wp-block-gallery has-nested-images columns-default is-cropped wp-block-gallery-11 is-layout-flex wp-block-gallery-is-layout-flex\">\n<figure class=\"wp-block-image size-large\"><img loading=\"lazy\" decoding=\"async\" width=\"338\" height=\"338\" data-id=\"17621\" src=\"https:\/\/www.designenlassen.de\/blog\/wp-content\/uploads\/2019\/08\/Guggenbr\u00e4u-682822-Logo-Design-in-minimalistisch.jpg\" alt=\"Guggenbr\u00e4u 682822 Logo-Design in minimalistisch\" class=\"wp-image-17621\" srcset=\"https:\/\/www.designenlassen.de\/blog\/wp-content\/uploads\/2019\/08\/Guggenbr\u00e4u-682822-Logo-Design-in-minimalistisch.jpg 338w, https:\/\/www.designenlassen.de\/blog\/wp-content\/uploads\/2019\/08\/Guggenbr\u00e4u-682822-Logo-Design-in-minimalistisch-150x150.jpg 150w, https:\/\/www.designenlassen.de\/blog\/wp-content\/uploads\/2019\/08\/Guggenbr\u00e4u-682822-Logo-Design-in-minimalistisch-300x300.jpg 300w\" sizes=\"(max-width: 338px) 100vw, 338px\" \/><\/figure>\n\n\n\n<figure class=\"wp-block-image size-large\"><img loading=\"lazy\" decoding=\"async\" width=\"338\" height=\"338\" data-id=\"17622\" src=\"https:\/\/www.designenlassen.de\/blog\/wp-content\/uploads\/2019\/08\/Logo-Design-Minimalistisch-Guggenbr\u00e4u-682822.jpg\" alt=\"Logo-Design Minimalistisch Guggenbr\u00e4u 682822\" class=\"wp-image-17622\" srcset=\"https:\/\/www.designenlassen.de\/blog\/wp-content\/uploads\/2019\/08\/Logo-Design-Minimalistisch-Guggenbr\u00e4u-682822.jpg 338w, https:\/\/www.designenlassen.de\/blog\/wp-content\/uploads\/2019\/08\/Logo-Design-Minimalistisch-Guggenbr\u00e4u-682822-150x150.jpg 150w, https:\/\/www.designenlassen.de\/blog\/wp-content\/uploads\/2019\/08\/Logo-Design-Minimalistisch-Guggenbr\u00e4u-682822-300x300.jpg 300w\" sizes=\"(max-width: 338px) 100vw, 338px\" \/><\/figure>\n<\/figure>\n\n\n\n<figure class=\"wp-block-gallery has-nested-images columns-default is-cropped wp-block-gallery-12 is-layout-flex wp-block-gallery-is-layout-flex\">\n<figure class=\"wp-block-image size-large\"><img loading=\"lazy\" decoding=\"async\" width=\"338\" height=\"338\" data-id=\"17625\" src=\"https:\/\/www.designenlassen.de\/blog\/wp-content\/uploads\/2019\/08\/Landverliebt-minimalistische-Logos-526564.png\" alt=\"Landverliebt minimalistische Logos 526564\" class=\"wp-image-17625\" srcset=\"https:\/\/www.designenlassen.de\/blog\/wp-content\/uploads\/2019\/08\/Landverliebt-minimalistische-Logos-526564.png 338w, https:\/\/www.designenlassen.de\/blog\/wp-content\/uploads\/2019\/08\/Landverliebt-minimalistische-Logos-526564-150x150.png 150w, https:\/\/www.designenlassen.de\/blog\/wp-content\/uploads\/2019\/08\/Landverliebt-minimalistische-Logos-526564-300x300.png 300w\" sizes=\"(max-width: 338px) 100vw, 338px\" \/><\/figure>\n\n\n\n<figure class=\"wp-block-image size-large\"><img loading=\"lazy\" decoding=\"async\" width=\"338\" height=\"338\" data-id=\"17626\" src=\"https:\/\/www.designenlassen.de\/blog\/wp-content\/uploads\/2019\/08\/Levlup-Schlichtes-Logo-827864.png\" alt=\"Levlup Schlichtes Logo 827864\" class=\"wp-image-17626\" srcset=\"https:\/\/www.designenlassen.de\/blog\/wp-content\/uploads\/2019\/08\/Levlup-Schlichtes-Logo-827864.png 338w, https:\/\/www.designenlassen.de\/blog\/wp-content\/uploads\/2019\/08\/Levlup-Schlichtes-Logo-827864-150x150.png 150w, https:\/\/www.designenlassen.de\/blog\/wp-content\/uploads\/2019\/08\/Levlup-Schlichtes-Logo-827864-300x300.png 300w\" sizes=\"(max-width: 338px) 100vw, 338px\" \/><\/figure>\n<\/figure>\n\n\n\n<figure class=\"wp-block-gallery has-nested-images columns-default is-cropped dl_picsub_red wp-block-gallery-13 is-layout-flex wp-block-gallery-is-layout-flex\">\n<figure class=\"wp-block-image size-large\"><img loading=\"lazy\" decoding=\"async\" width=\"800\" height=\"404\" data-id=\"17623\" src=\"https:\/\/www.designenlassen.de\/blog\/wp-content\/uploads\/2019\/08\/Simples-Logo-Design-Webcreation-874667.jpg\" alt=\"Simples Logo-Design Webcreation 874667\" class=\"wp-image-17623\" srcset=\"https:\/\/www.designenlassen.de\/blog\/wp-content\/uploads\/2019\/08\/Simples-Logo-Design-Webcreation-874667.jpg 800w, https:\/\/www.designenlassen.de\/blog\/wp-content\/uploads\/2019\/08\/Simples-Logo-Design-Webcreation-874667-300x152.jpg 300w, https:\/\/www.designenlassen.de\/blog\/wp-content\/uploads\/2019\/08\/Simples-Logo-Design-Webcreation-874667-768x388.jpg 768w\" sizes=\"(max-width: 800px) 100vw, 800px\" \/><figcaption class=\"wp-element-caption\"><a href=\"https:\/\/www.designenlassen.de\/874667-logo-design-fuer-webdesign-freelancer\">Logo-Design f\u00fcr Webdesign Freelancer<\/a><\/figcaption><\/figure>\n<\/figure>\n\n\n\n<div class=\"wp-block-buttons is-content-justification-center is-layout-flex wp-container-core-buttons-is-layout-16018d1d wp-block-buttons-is-layout-flex\">\n<div class=\"wp-block-button is-style-fill\"><a class=\"wp-block-button__link has-white-color has-text-color has-background has-text-align-left wp-element-button\" href=\"https:\/\/www.designenlassen.de\/logo-design?utm_source=blog&amp;utm_medium=button&amp;utm_campaign=blog-beitraege\" style=\"background-color:#091182\">Jetzt Logo erstellen<\/a><\/div>\n<\/div>\n\n\n\n<div style=\"height:29px\" aria-hidden=\"true\" class=\"wp-block-spacer\"><\/div>\n\n\n\n<h2 class=\"wp-block-heading\">Moderne minimalistische Logo-Designs mit n\u00f6tigem Pepp<\/h2>\n\n\n\n<p>Die Verwendung von minimalen Designs wird allgemein als Aspekt betrachtet, der durch die moderne \u00c4ra einen h\u00f6heren Stellenwert eingenommen hat. Somit kann man sagen, dass sich die minimalistischen Logos erst im Rahmen der Designgeschichte innerhalb einer bestimmten \u00c4ra etabliert haben. Gerade moderne Logos zeichnen sich durch eine ultimative Einfachheit, serifenlose Wortmarken und simple, sowie wiedererkennbare Symbole aus und finden bei einigen Unternehmen im Corporate-Design Verwendung. Meist werden direkt visuelle Elemente eingesetzt, durch die keine weiteren Worte mehr n\u00f6tig sind. Auch geometrische Formen sind in Kombination mit modernen und minimalistischen Logos sehr gefragt. Wie ein modernes Design aussehen k\u00f6nnte, haben wir Dir im Folgenden mal aufgelistet.<\/p>\n\n\n\n<figure class=\"wp-block-gallery has-nested-images columns-default is-cropped wp-block-gallery-14 is-layout-flex wp-block-gallery-is-layout-flex\">\n<figure class=\"wp-block-image size-large\"><img loading=\"lazy\" decoding=\"async\" width=\"800\" height=\"533\" data-id=\"17629\" src=\"https:\/\/www.designenlassen.de\/blog\/wp-content\/uploads\/2019\/08\/Minimalistische-Logos-in-modern-Levlup-827864.png\" alt=\"Minimalistische Logos in modern Levlup 827864\" class=\"wp-image-17629\" srcset=\"https:\/\/www.designenlassen.de\/blog\/wp-content\/uploads\/2019\/08\/Minimalistische-Logos-in-modern-Levlup-827864.png 800w, https:\/\/www.designenlassen.de\/blog\/wp-content\/uploads\/2019\/08\/Minimalistische-Logos-in-modern-Levlup-827864-300x200.png 300w, https:\/\/www.designenlassen.de\/blog\/wp-content\/uploads\/2019\/08\/Minimalistische-Logos-in-modern-Levlup-827864-768x512.png 768w\" sizes=\"(max-width: 800px) 100vw, 800px\" \/><figcaption class=\"wp-element-caption\"><a href=\"https:\/\/www.designenlassen.de\/827864-unternehmen-mit-spezialisierung-auf-nahrungsergaenzungsmittel-fuer-videospieler-sucht-logo\">Minimalistisches Design f\u00fcr Nahrungserg\u00e4nzungsmittel f\u00fcr Videospieler<\/a><\/figcaption><\/figure>\n<\/figure>\n\n\n\n<figure class=\"wp-block-gallery has-nested-images columns-default is-cropped wp-block-gallery-15 is-layout-flex wp-block-gallery-is-layout-flex\">\n<figure class=\"wp-block-image size-large\"><img loading=\"lazy\" decoding=\"async\" width=\"338\" height=\"338\" data-id=\"17630\" src=\"https:\/\/www.designenlassen.de\/blog\/wp-content\/uploads\/2019\/08\/ByteIT-Consult-165986-Minimalistische-Moderne-Logo-Designs.jpg\" alt=\"ByteIT Consult 165986 Minimalistische Moderne Logo-Designs\" class=\"wp-image-17630\" srcset=\"https:\/\/www.designenlassen.de\/blog\/wp-content\/uploads\/2019\/08\/ByteIT-Consult-165986-Minimalistische-Moderne-Logo-Designs.jpg 338w, https:\/\/www.designenlassen.de\/blog\/wp-content\/uploads\/2019\/08\/ByteIT-Consult-165986-Minimalistische-Moderne-Logo-Designs-150x150.jpg 150w, https:\/\/www.designenlassen.de\/blog\/wp-content\/uploads\/2019\/08\/ByteIT-Consult-165986-Minimalistische-Moderne-Logo-Designs-300x300.jpg 300w\" sizes=\"(max-width: 338px) 100vw, 338px\" \/><\/figure>\n\n\n\n<figure class=\"wp-block-image size-large\"><img loading=\"lazy\" decoding=\"async\" width=\"338\" height=\"338\" data-id=\"17631\" src=\"https:\/\/www.designenlassen.de\/blog\/wp-content\/uploads\/2019\/08\/Webcreation-874667-Simple-und-moderne-Designs.png\" alt=\"Webcreation 874667 Simple und moderne Designs\" class=\"wp-image-17631\" srcset=\"https:\/\/www.designenlassen.de\/blog\/wp-content\/uploads\/2019\/08\/Webcreation-874667-Simple-und-moderne-Designs.png 338w, https:\/\/www.designenlassen.de\/blog\/wp-content\/uploads\/2019\/08\/Webcreation-874667-Simple-und-moderne-Designs-150x150.png 150w, https:\/\/www.designenlassen.de\/blog\/wp-content\/uploads\/2019\/08\/Webcreation-874667-Simple-und-moderne-Designs-300x300.png 300w\" sizes=\"(max-width: 338px) 100vw, 338px\" \/><\/figure>\n<\/figure>\n\n\n\n<figure class=\"wp-block-gallery has-nested-images columns-default is-cropped dl_picsub_white wp-block-gallery-16 is-layout-flex wp-block-gallery-is-layout-flex\">\n<figure class=\"wp-block-image size-large\"><img loading=\"lazy\" decoding=\"async\" width=\"800\" height=\"540\" data-id=\"17632\" src=\"https:\/\/www.designenlassen.de\/blog\/wp-content\/uploads\/2019\/08\/Modern-Black-Bear-Burger-Schlichte-Logos-138695.jpg\" alt=\"Modern Black Bear Burger Schlichte Logos 138695\" class=\"wp-image-17632\" srcset=\"https:\/\/www.designenlassen.de\/blog\/wp-content\/uploads\/2019\/08\/Modern-Black-Bear-Burger-Schlichte-Logos-138695.jpg 800w, https:\/\/www.designenlassen.de\/blog\/wp-content\/uploads\/2019\/08\/Modern-Black-Bear-Burger-Schlichte-Logos-138695-300x203.jpg 300w, https:\/\/www.designenlassen.de\/blog\/wp-content\/uploads\/2019\/08\/Modern-Black-Bear-Burger-Schlichte-Logos-138695-768x518.jpg 768w\" sizes=\"(max-width: 800px) 100vw, 800px\" \/><figcaption class=\"wp-element-caption\"><a href=\"https:\/\/www.designenlassen.de\/138695-logo-design-for-black-bear-burger\">Logo-Design f\u00fcr Black Beer Burger<\/a><\/figcaption><\/figure>\n<\/figure>\n\n\n\n<figure class=\"wp-block-gallery has-nested-images columns-default is-cropped wp-block-gallery-17 is-layout-flex wp-block-gallery-is-layout-flex\">\n<figure class=\"wp-block-image size-large\"><img loading=\"lazy\" decoding=\"async\" width=\"338\" height=\"338\" data-id=\"17633\" src=\"https:\/\/www.designenlassen.de\/blog\/wp-content\/uploads\/2019\/08\/Creations-Schlichte-Logo-Designs-in-modern-549393.png\" alt=\"Creations Schlichte Logo Designs in modern 549393\" class=\"wp-image-17633\" srcset=\"https:\/\/www.designenlassen.de\/blog\/wp-content\/uploads\/2019\/08\/Creations-Schlichte-Logo-Designs-in-modern-549393.png 338w, https:\/\/www.designenlassen.de\/blog\/wp-content\/uploads\/2019\/08\/Creations-Schlichte-Logo-Designs-in-modern-549393-150x150.png 150w, https:\/\/www.designenlassen.de\/blog\/wp-content\/uploads\/2019\/08\/Creations-Schlichte-Logo-Designs-in-modern-549393-300x300.png 300w\" sizes=\"(max-width: 338px) 100vw, 338px\" \/><\/figure>\n\n\n\n<figure class=\"wp-block-image size-large\"><img loading=\"lazy\" decoding=\"async\" width=\"338\" height=\"338\" data-id=\"17634\" src=\"https:\/\/www.designenlassen.de\/blog\/wp-content\/uploads\/2019\/08\/Logo-Minimalistisch-Modern-Maren-136972.png\" alt=\"Logo Minimalistisch Modern Maren 136972\" class=\"wp-image-17634\" srcset=\"https:\/\/www.designenlassen.de\/blog\/wp-content\/uploads\/2019\/08\/Logo-Minimalistisch-Modern-Maren-136972.png 338w, https:\/\/www.designenlassen.de\/blog\/wp-content\/uploads\/2019\/08\/Logo-Minimalistisch-Modern-Maren-136972-150x150.png 150w, https:\/\/www.designenlassen.de\/blog\/wp-content\/uploads\/2019\/08\/Logo-Minimalistisch-Modern-Maren-136972-300x300.png 300w\" sizes=\"(max-width: 338px) 100vw, 338px\" \/><\/figure>\n<\/figure>\n\n\n\n<figure class=\"wp-block-gallery has-nested-images columns-default is-cropped wp-block-gallery-18 is-layout-flex wp-block-gallery-is-layout-flex\">\n<figure class=\"wp-block-image size-large\"><img loading=\"lazy\" decoding=\"async\" width=\"338\" height=\"338\" data-id=\"17635\" src=\"https:\/\/www.designenlassen.de\/blog\/wp-content\/uploads\/2019\/08\/Destroyed-Generation-253381-Schlichte-Logos-Modern.png\" alt=\"Destroyed Generation 253381 Schlichte Logos Modern\" class=\"wp-image-17635\" srcset=\"https:\/\/www.designenlassen.de\/blog\/wp-content\/uploads\/2019\/08\/Destroyed-Generation-253381-Schlichte-Logos-Modern.png 338w, https:\/\/www.designenlassen.de\/blog\/wp-content\/uploads\/2019\/08\/Destroyed-Generation-253381-Schlichte-Logos-Modern-150x150.png 150w, https:\/\/www.designenlassen.de\/blog\/wp-content\/uploads\/2019\/08\/Destroyed-Generation-253381-Schlichte-Logos-Modern-300x300.png 300w\" sizes=\"(max-width: 338px) 100vw, 338px\" \/><\/figure>\n\n\n\n<figure class=\"wp-block-image size-large\"><img loading=\"lazy\" decoding=\"async\" width=\"338\" height=\"338\" data-id=\"17636\" src=\"https:\/\/www.designenlassen.de\/blog\/wp-content\/uploads\/2019\/08\/Size-Consens-Schlichte-Logos-486466-Modern.jpg\" alt=\"Size Consens Schlichte Logos 486466 Modern\" class=\"wp-image-17636\" srcset=\"https:\/\/www.designenlassen.de\/blog\/wp-content\/uploads\/2019\/08\/Size-Consens-Schlichte-Logos-486466-Modern.jpg 338w, https:\/\/www.designenlassen.de\/blog\/wp-content\/uploads\/2019\/08\/Size-Consens-Schlichte-Logos-486466-Modern-150x150.jpg 150w, https:\/\/www.designenlassen.de\/blog\/wp-content\/uploads\/2019\/08\/Size-Consens-Schlichte-Logos-486466-Modern-300x300.jpg 300w\" sizes=\"(max-width: 338px) 100vw, 338px\" \/><\/figure>\n<\/figure>\n\n\n\n<h2 class=\"wp-block-heading\">Simple Logos bestehend aus Strichzeichnungen<\/h2>\n\n\n\n<p>Super elegant und individuell sind sogenannte Strichzeichnungen, die besonders in minimalistischen Logos Verwendung finden. Sie sehen schlicht aus und weisen dennoch einen hohen visuellen Wert auf. Anhand der Wortmarke oder der Branche des Unternehmens, lassen sich hierbei einige coole Elemente entwickeln. Besonders elegant wirken die Logo-Designs in Schwarz-Wei\u00df, da hierbei der Kontrast stark in den Vordergrund tritt. Durch die schlichte Gestaltung ben\u00f6tigt es hier meist auch keiner auff\u00e4lligen Farbgebung. Mit welchem der folgenden Designs k\u00f6nnen wir Dich f\u00fcr Dein Logo begeistern?<\/p>\n\n\n\n<figure class=\"wp-block-gallery has-nested-images columns-default is-cropped dl_picsub_white wp-block-gallery-19 is-layout-flex wp-block-gallery-is-layout-flex\">\n<figure class=\"wp-block-image size-large\"><img loading=\"lazy\" decoding=\"async\" width=\"800\" height=\"431\" data-id=\"17639\" src=\"https:\/\/www.designenlassen.de\/blog\/wp-content\/uploads\/2019\/08\/Black-Forest-796574-Minimalistisches-Logo-bestehend-aus-Strichen.png\" alt=\"Black Forest 796574 Minimalistisches Logo bestehend aus Strichen\" class=\"wp-image-17639\" srcset=\"https:\/\/www.designenlassen.de\/blog\/wp-content\/uploads\/2019\/08\/Black-Forest-796574-Minimalistisches-Logo-bestehend-aus-Strichen.png 800w, https:\/\/www.designenlassen.de\/blog\/wp-content\/uploads\/2019\/08\/Black-Forest-796574-Minimalistisches-Logo-bestehend-aus-Strichen-300x162.png 300w, https:\/\/www.designenlassen.de\/blog\/wp-content\/uploads\/2019\/08\/Black-Forest-796574-Minimalistisches-Logo-bestehend-aus-Strichen-768x414.png 768w, https:\/\/www.designenlassen.de\/blog\/wp-content\/uploads\/2019\/08\/Black-Forest-796574-Minimalistisches-Logo-bestehend-aus-Strichen-585x315.png 585w, https:\/\/www.designenlassen.de\/blog\/wp-content\/uploads\/2019\/08\/Black-Forest-796574-Minimalistisches-Logo-bestehend-aus-Strichen-600x323.png 600w\" sizes=\"(max-width: 800px) 100vw, 800px\" \/><figcaption class=\"wp-element-caption\"><a href=\"https:\/\/www.designenlassen.de\/796574-corporate-design-fuer-verkauf-von-produkten-aus-dem-schwarzwald\">Logo in minimalistisch f\u00fcr Black Forest Group<\/a><\/figcaption><\/figure>\n<\/figure>\n\n\n\n<figure class=\"wp-block-gallery has-nested-images columns-default is-cropped wp-block-gallery-20 is-layout-flex wp-block-gallery-is-layout-flex\">\n<figure class=\"wp-block-image size-large\"><img loading=\"lazy\" decoding=\"async\" width=\"338\" height=\"338\" data-id=\"17648\" src=\"https:\/\/www.designenlassen.de\/blog\/wp-content\/uploads\/2019\/08\/Black-Fox-Coffee-Schlichte-Logos-494221-Strichzeichnung.png\" alt=\"Black Fox Coffee Schlichte Logos 494221 Strichzeichnung\" class=\"wp-image-17648\" srcset=\"https:\/\/www.designenlassen.de\/blog\/wp-content\/uploads\/2019\/08\/Black-Fox-Coffee-Schlichte-Logos-494221-Strichzeichnung.png 338w, https:\/\/www.designenlassen.de\/blog\/wp-content\/uploads\/2019\/08\/Black-Fox-Coffee-Schlichte-Logos-494221-Strichzeichnung-150x150.png 150w, https:\/\/www.designenlassen.de\/blog\/wp-content\/uploads\/2019\/08\/Black-Fox-Coffee-Schlichte-Logos-494221-Strichzeichnung-300x300.png 300w\" sizes=\"(max-width: 338px) 100vw, 338px\" \/><\/figure>\n\n\n\n<figure class=\"wp-block-image size-large\"><img loading=\"lazy\" decoding=\"async\" width=\"338\" height=\"338\" data-id=\"17649\" src=\"https:\/\/www.designenlassen.de\/blog\/wp-content\/uploads\/2019\/08\/LuftxLiebe-Minimalismus-Logo-Striche-957651.jpg\" alt=\"LuftxLiebe Minimalismus Logo Striche 957651\" class=\"wp-image-17649\" srcset=\"https:\/\/www.designenlassen.de\/blog\/wp-content\/uploads\/2019\/08\/LuftxLiebe-Minimalismus-Logo-Striche-957651.jpg 338w, https:\/\/www.designenlassen.de\/blog\/wp-content\/uploads\/2019\/08\/LuftxLiebe-Minimalismus-Logo-Striche-957651-150x150.jpg 150w, https:\/\/www.designenlassen.de\/blog\/wp-content\/uploads\/2019\/08\/LuftxLiebe-Minimalismus-Logo-Striche-957651-300x300.jpg 300w\" sizes=\"(max-width: 338px) 100vw, 338px\" \/><\/figure>\n<\/figure>\n\n\n\n<figure class=\"wp-block-gallery has-nested-images columns-default is-cropped wp-block-gallery-21 is-layout-flex wp-block-gallery-is-layout-flex\">\n<figure class=\"wp-block-image size-large\"><img loading=\"lazy\" decoding=\"async\" width=\"338\" height=\"338\" data-id=\"17643\" src=\"https:\/\/www.designenlassen.de\/blog\/wp-content\/uploads\/2019\/08\/Inklusive-Hunde-918217-Geometrisch-Logo-Design-Minimalismus-Striche.png\" alt=\"Inklusive Hunde 918217 Geometrisch Logo-Design Minimalismus Striche\" class=\"wp-image-17643\" srcset=\"https:\/\/www.designenlassen.de\/blog\/wp-content\/uploads\/2019\/08\/Inklusive-Hunde-918217-Geometrisch-Logo-Design-Minimalismus-Striche.png 338w, https:\/\/www.designenlassen.de\/blog\/wp-content\/uploads\/2019\/08\/Inklusive-Hunde-918217-Geometrisch-Logo-Design-Minimalismus-Striche-150x150.png 150w, https:\/\/www.designenlassen.de\/blog\/wp-content\/uploads\/2019\/08\/Inklusive-Hunde-918217-Geometrisch-Logo-Design-Minimalismus-Striche-300x300.png 300w\" sizes=\"(max-width: 338px) 100vw, 338px\" \/><\/figure>\n\n\n\n<figure class=\"wp-block-image size-large\"><img loading=\"lazy\" decoding=\"async\" width=\"338\" height=\"338\" data-id=\"17644\" src=\"https:\/\/www.designenlassen.de\/blog\/wp-content\/uploads\/2019\/08\/Kevin-F\u00f6ldes-Storytelling-434344-Schlichtes-Logo-Design-als-Strichzeichnung.jpg\" alt=\"Kevin F\u00f6ldes Storytelling 434344 Schlichtes Logo-Design als Strichzeichnung\" class=\"wp-image-17644\" srcset=\"https:\/\/www.designenlassen.de\/blog\/wp-content\/uploads\/2019\/08\/Kevin-F\u00f6ldes-Storytelling-434344-Schlichtes-Logo-Design-als-Strichzeichnung.jpg 338w, https:\/\/www.designenlassen.de\/blog\/wp-content\/uploads\/2019\/08\/Kevin-F\u00f6ldes-Storytelling-434344-Schlichtes-Logo-Design-als-Strichzeichnung-150x150.jpg 150w, https:\/\/www.designenlassen.de\/blog\/wp-content\/uploads\/2019\/08\/Kevin-F\u00f6ldes-Storytelling-434344-Schlichtes-Logo-Design-als-Strichzeichnung-300x300.jpg 300w\" sizes=\"(max-width: 338px) 100vw, 338px\" \/><\/figure>\n\n\n\n<figure class=\"wp-block-image size-large\"><img loading=\"lazy\" decoding=\"async\" width=\"338\" height=\"338\" data-id=\"17652\" src=\"https:\/\/www.designenlassen.de\/blog\/wp-content\/uploads\/2019\/08\/Strichzeichnung-Minimalistisches-Design-Dorre-Immobilien-554697-1.png\" alt=\"Strichzeichnung Minimalistisches Design Dorre Immobilien 554697\" class=\"wp-image-17652\" srcset=\"https:\/\/www.designenlassen.de\/blog\/wp-content\/uploads\/2019\/08\/Strichzeichnung-Minimalistisches-Design-Dorre-Immobilien-554697-1.png 338w, https:\/\/www.designenlassen.de\/blog\/wp-content\/uploads\/2019\/08\/Strichzeichnung-Minimalistisches-Design-Dorre-Immobilien-554697-1-150x150.png 150w, https:\/\/www.designenlassen.de\/blog\/wp-content\/uploads\/2019\/08\/Strichzeichnung-Minimalistisches-Design-Dorre-Immobilien-554697-1-300x300.png 300w\" sizes=\"(max-width: 338px) 100vw, 338px\" \/><\/figure>\n<\/figure>\n\n\n\n<figure class=\"wp-block-gallery has-nested-images columns-default is-cropped wp-block-gallery-22 is-layout-flex wp-block-gallery-is-layout-flex\">\n<figure class=\"wp-block-image size-large\"><img loading=\"lazy\" decoding=\"async\" width=\"338\" height=\"338\" data-id=\"17640\" src=\"https:\/\/www.designenlassen.de\/blog\/wp-content\/uploads\/2019\/08\/Black-Forest-Group-796574-Schlichte-Logos-aus-Strichen.png\" alt=\"Black Forest Group 796574 Schlichte Logos aus Strichen\" class=\"wp-image-17640\" srcset=\"https:\/\/www.designenlassen.de\/blog\/wp-content\/uploads\/2019\/08\/Black-Forest-Group-796574-Schlichte-Logos-aus-Strichen.png 338w, https:\/\/www.designenlassen.de\/blog\/wp-content\/uploads\/2019\/08\/Black-Forest-Group-796574-Schlichte-Logos-aus-Strichen-150x150.png 150w, https:\/\/www.designenlassen.de\/blog\/wp-content\/uploads\/2019\/08\/Black-Forest-Group-796574-Schlichte-Logos-aus-Strichen-300x300.png 300w\" sizes=\"(max-width: 338px) 100vw, 338px\" \/><\/figure>\n\n\n\n<figure class=\"wp-block-image size-large\"><img loading=\"lazy\" decoding=\"async\" width=\"338\" height=\"338\" data-id=\"17641\" src=\"https:\/\/www.designenlassen.de\/blog\/wp-content\/uploads\/2019\/08\/Dr-J\u00e4schke-652115-Logo-Design-Schlicht-mit-Strichen-gezeichnet.png\" alt=\"Dr J\u00e4schke 652115 Logo Design Schlicht mit Strichen gezeichnet\" class=\"wp-image-17641\" srcset=\"https:\/\/www.designenlassen.de\/blog\/wp-content\/uploads\/2019\/08\/Dr-J\u00e4schke-652115-Logo-Design-Schlicht-mit-Strichen-gezeichnet.png 338w, https:\/\/www.designenlassen.de\/blog\/wp-content\/uploads\/2019\/08\/Dr-J\u00e4schke-652115-Logo-Design-Schlicht-mit-Strichen-gezeichnet-150x150.png 150w, https:\/\/www.designenlassen.de\/blog\/wp-content\/uploads\/2019\/08\/Dr-J\u00e4schke-652115-Logo-Design-Schlicht-mit-Strichen-gezeichnet-300x300.png 300w\" sizes=\"(max-width: 338px) 100vw, 338px\" \/><\/figure>\n<\/figure>\n\n\n\n<figure class=\"wp-block-gallery has-nested-images columns-default is-cropped dl_picsub_red wp-block-gallery-23 is-layout-flex wp-block-gallery-is-layout-flex\">\n<figure class=\"wp-block-image size-large\"><img loading=\"lazy\" decoding=\"async\" width=\"800\" height=\"466\" data-id=\"17651\" src=\"https:\/\/www.designenlassen.de\/blog\/wp-content\/uploads\/2019\/08\/Ziffernblatt24-Schlichtes-Logo-155354-mit-Strichen-gezeichnet.jpg\" alt=\"Ziffernblatt24 Schlichtes Logo 155354 mit Strichen gezeichnet\" class=\"wp-image-17651\" srcset=\"https:\/\/www.designenlassen.de\/blog\/wp-content\/uploads\/2019\/08\/Ziffernblatt24-Schlichtes-Logo-155354-mit-Strichen-gezeichnet.jpg 800w, https:\/\/www.designenlassen.de\/blog\/wp-content\/uploads\/2019\/08\/Ziffernblatt24-Schlichtes-Logo-155354-mit-Strichen-gezeichnet-300x175.jpg 300w, https:\/\/www.designenlassen.de\/blog\/wp-content\/uploads\/2019\/08\/Ziffernblatt24-Schlichtes-Logo-155354-mit-Strichen-gezeichnet-768x447.jpg 768w\" sizes=\"(max-width: 800px) 100vw, 800px\" \/><figcaption class=\"wp-element-caption\"><a href=\"https:\/\/www.designenlassen.de\/155354-logo-design-fuer-verkauf-von-armbanduhren\">Logo-Design f\u00fcr Verkauf von Armbanduhren<\/a><\/figcaption><\/figure>\n<\/figure>\n\n\n\n<figure class=\"wp-block-gallery has-nested-images columns-default is-cropped wp-block-gallery-24 is-layout-flex wp-block-gallery-is-layout-flex\">\n<figure class=\"wp-block-image size-large\"><img loading=\"lazy\" decoding=\"async\" width=\"338\" height=\"338\" data-id=\"17645\" src=\"https:\/\/www.designenlassen.de\/blog\/wp-content\/uploads\/2019\/08\/617935-In-Our-Genes-Logo-Schlicht-Strichzeichnungen.jpg\" alt=\"617935 In Our Genes Logo Schlicht Strichzeichnungen\" class=\"wp-image-17645\" srcset=\"https:\/\/www.designenlassen.de\/blog\/wp-content\/uploads\/2019\/08\/617935-In-Our-Genes-Logo-Schlicht-Strichzeichnungen.jpg 338w, https:\/\/www.designenlassen.de\/blog\/wp-content\/uploads\/2019\/08\/617935-In-Our-Genes-Logo-Schlicht-Strichzeichnungen-150x150.jpg 150w, https:\/\/www.designenlassen.de\/blog\/wp-content\/uploads\/2019\/08\/617935-In-Our-Genes-Logo-Schlicht-Strichzeichnungen-300x300.jpg 300w\" sizes=\"(max-width: 338px) 100vw, 338px\" \/><\/figure>\n\n\n\n<figure class=\"wp-block-image size-large\"><img loading=\"lazy\" decoding=\"async\" width=\"338\" height=\"338\" data-id=\"17646\" src=\"https:\/\/www.designenlassen.de\/blog\/wp-content\/uploads\/2019\/08\/Schlichte-Logo-Designs-Destroyed-Generation-253381-Strichzeichnungen.png\" alt=\"Schlichte Logo Designs Destroyed Generation 253381 Strichzeichnungen\" class=\"wp-image-17646\" srcset=\"https:\/\/www.designenlassen.de\/blog\/wp-content\/uploads\/2019\/08\/Schlichte-Logo-Designs-Destroyed-Generation-253381-Strichzeichnungen.png 338w, https:\/\/www.designenlassen.de\/blog\/wp-content\/uploads\/2019\/08\/Schlichte-Logo-Designs-Destroyed-Generation-253381-Strichzeichnungen-150x150.png 150w, https:\/\/www.designenlassen.de\/blog\/wp-content\/uploads\/2019\/08\/Schlichte-Logo-Designs-Destroyed-Generation-253381-Strichzeichnungen-300x300.png 300w\" sizes=\"(max-width: 338px) 100vw, 338px\" \/><\/figure>\n<\/figure>\n\n\n\n<figure class=\"wp-block-gallery has-nested-images columns-default is-cropped dl_picsub_white wp-block-gallery-25 is-layout-flex wp-block-gallery-is-layout-flex\">\n<figure class=\"wp-block-image size-large\"><img loading=\"lazy\" decoding=\"async\" width=\"800\" height=\"406\" data-id=\"17647\" src=\"https:\/\/www.designenlassen.de\/blog\/wp-content\/uploads\/2019\/08\/Strichlogo-Ilustra-minimalistische-Designs-668833.png\" alt=\"Strichlogo Ilustra minimalistische Designs 668833\" class=\"wp-image-17647\" srcset=\"https:\/\/www.designenlassen.de\/blog\/wp-content\/uploads\/2019\/08\/Strichlogo-Ilustra-minimalistische-Designs-668833.png 800w, https:\/\/www.designenlassen.de\/blog\/wp-content\/uploads\/2019\/08\/Strichlogo-Ilustra-minimalistische-Designs-668833-300x152.png 300w, https:\/\/www.designenlassen.de\/blog\/wp-content\/uploads\/2019\/08\/Strichlogo-Ilustra-minimalistische-Designs-668833-768x390.png 768w\" sizes=\"(max-width: 800px) 100vw, 800px\" \/><figcaption class=\"wp-element-caption\"><a href=\"https:\/\/www.designenlassen.de\/668833-logo-design-fuer-online-handel-von-hochwertigen-led-lampen\">Minimalistisches Logo-Design f\u00fcr Online-Handel<\/a><\/figcaption><\/figure>\n<\/figure>\n\n\n\n<h2 class=\"wp-block-heading\">Typografische Logo-Designs in minimalistisch<\/h2>\n\n\n\n<p><a href=\"https:\/\/www.designenlassen.de\/blog\/typo-logo-die-perfekte-wortmarke-fuer-dein-unternehmen\/\">Typografische Logos in minimalistisch<\/a> sind weiterhin sehr beliebt und eignen sich f\u00fcr die unterschiedlichsten Unternehmen. Die Schriftart kann serifenlos oder eben auch mit Serifen gestaltet sein, einen kalligraphischen Schwung oder eine starre Darstellung von Gro\u00dfbuchstaben besitzen. Auch hier gilt wieder: Du entscheidest, wie Du Dein Unternehmen nach au\u00dfen pr\u00e4sentieren m\u00f6chtest. Ganz wichtig ist dennoch, dass das gew\u00e4hlte minimalistische Logo auch wirklich zu Deiner Branche und Qualit\u00e4t passt. Anderenfalls k\u00f6nnte das Design schnell unseri\u00f6s und k\u00fcnstlich aufgesetzt wirken und das wiederum k\u00f6nnte Deinem Ruf zunichte fallen. Alles etwas, was nat\u00fcrlich nicht gew\u00fcnscht ist! Schon gar nicht bei der Unternehmensgr\u00fcndung.<\/p>\n\n\n\n<figure class=\"wp-block-gallery has-nested-images columns-default is-cropped wp-block-gallery-26 is-layout-flex wp-block-gallery-is-layout-flex\">\n<figure class=\"wp-block-image size-large\"><img loading=\"lazy\" decoding=\"async\" width=\"800\" height=\"488\" data-id=\"17659\" src=\"https:\/\/www.designenlassen.de\/blog\/wp-content\/uploads\/2019\/08\/Lui-Akustik-871714-typografisches-Logo-Design-minimalistisch.png\" alt=\"Lui Akustik 871714 typografisches Logo Design minimalistisch\" class=\"wp-image-17659\" srcset=\"https:\/\/www.designenlassen.de\/blog\/wp-content\/uploads\/2019\/08\/Lui-Akustik-871714-typografisches-Logo-Design-minimalistisch.png 800w, https:\/\/www.designenlassen.de\/blog\/wp-content\/uploads\/2019\/08\/Lui-Akustik-871714-typografisches-Logo-Design-minimalistisch-300x183.png 300w, https:\/\/www.designenlassen.de\/blog\/wp-content\/uploads\/2019\/08\/Lui-Akustik-871714-typografisches-Logo-Design-minimalistisch-768x468.png 768w\" sizes=\"(max-width: 800px) 100vw, 800px\" \/><\/figure>\n<\/figure>\n\n\n\n<figure class=\"wp-block-gallery has-nested-images columns-default is-cropped wp-block-gallery-27 is-layout-flex wp-block-gallery-is-layout-flex\">\n<figure class=\"wp-block-image size-large\"><img loading=\"lazy\" decoding=\"async\" width=\"338\" height=\"338\" data-id=\"17660\" src=\"https:\/\/www.designenlassen.de\/blog\/wp-content\/uploads\/2019\/08\/EditionRed-193993-Logo-Design-minimalistisch-Typografie.png\" alt=\"EditionRed 193993 Logo-Design minimalistisch Typografie\" class=\"wp-image-17660\" srcset=\"https:\/\/www.designenlassen.de\/blog\/wp-content\/uploads\/2019\/08\/EditionRed-193993-Logo-Design-minimalistisch-Typografie.png 338w, https:\/\/www.designenlassen.de\/blog\/wp-content\/uploads\/2019\/08\/EditionRed-193993-Logo-Design-minimalistisch-Typografie-150x150.png 150w, https:\/\/www.designenlassen.de\/blog\/wp-content\/uploads\/2019\/08\/EditionRed-193993-Logo-Design-minimalistisch-Typografie-300x300.png 300w\" sizes=\"(max-width: 338px) 100vw, 338px\" \/><\/figure>\n\n\n\n<figure class=\"wp-block-image size-large\"><img loading=\"lazy\" decoding=\"async\" width=\"338\" height=\"338\" data-id=\"17661\" src=\"https:\/\/www.designenlassen.de\/blog\/wp-content\/uploads\/2019\/08\/ForumDialog-Schlichtes-Logo-Typografie-149724-1.jpg\" alt=\"ForumDialog Schlichtes Logo Typografie 149724\" class=\"wp-image-17661\" srcset=\"https:\/\/www.designenlassen.de\/blog\/wp-content\/uploads\/2019\/08\/ForumDialog-Schlichtes-Logo-Typografie-149724-1.jpg 338w, https:\/\/www.designenlassen.de\/blog\/wp-content\/uploads\/2019\/08\/ForumDialog-Schlichtes-Logo-Typografie-149724-1-150x150.jpg 150w, https:\/\/www.designenlassen.de\/blog\/wp-content\/uploads\/2019\/08\/ForumDialog-Schlichtes-Logo-Typografie-149724-1-300x300.jpg 300w\" sizes=\"(max-width: 338px) 100vw, 338px\" \/><\/figure>\n<\/figure>\n\n\n\n<figure class=\"wp-block-gallery has-nested-images columns-default is-cropped dl_picsub_white wp-block-gallery-28 is-layout-flex wp-block-gallery-is-layout-flex\">\n<figure class=\"wp-block-image size-large\"><img loading=\"lazy\" decoding=\"async\" width=\"800\" height=\"495\" data-id=\"17665\" src=\"https:\/\/www.designenlassen.de\/blog\/wp-content\/uploads\/2019\/08\/Stella-und-Silbermann-Schlichtes-Logo-mit-Wortmarke-739364.jpg\" alt=\"Stella und Silbermann Schlichtes Logo mit Wortmarke 739364\" class=\"wp-image-17665\" srcset=\"https:\/\/www.designenlassen.de\/blog\/wp-content\/uploads\/2019\/08\/Stella-und-Silbermann-Schlichtes-Logo-mit-Wortmarke-739364.jpg 800w, https:\/\/www.designenlassen.de\/blog\/wp-content\/uploads\/2019\/08\/Stella-und-Silbermann-Schlichtes-Logo-mit-Wortmarke-739364-300x186.jpg 300w, https:\/\/www.designenlassen.de\/blog\/wp-content\/uploads\/2019\/08\/Stella-und-Silbermann-Schlichtes-Logo-mit-Wortmarke-739364-768x475.jpg 768w\" sizes=\"(max-width: 800px) 100vw, 800px\" \/><figcaption class=\"wp-element-caption\"><a href=\"https:\/\/www.designenlassen.de\/739364-logo-design-fuer-schweizer-mundart-musik\">Minimalistisches Logo-Design f\u00fcr Schweizer Mundart-Musik<\/a><\/figcaption><\/figure>\n<\/figure>\n\n\n\n<figure class=\"wp-block-gallery has-nested-images columns-default is-cropped wp-block-gallery-29 is-layout-flex wp-block-gallery-is-layout-flex\">\n<figure class=\"wp-block-image size-large\"><img loading=\"lazy\" decoding=\"async\" width=\"338\" height=\"338\" data-id=\"17663\" src=\"https:\/\/www.designenlassen.de\/blog\/wp-content\/uploads\/2019\/08\/IMNAL-Logo-Design-typografisch-Minimalismus-748857.png\" alt=\"IMNAL Logo Design typografisch Minimalismus 748857\" class=\"wp-image-17663\" srcset=\"https:\/\/www.designenlassen.de\/blog\/wp-content\/uploads\/2019\/08\/IMNAL-Logo-Design-typografisch-Minimalismus-748857.png 338w, https:\/\/www.designenlassen.de\/blog\/wp-content\/uploads\/2019\/08\/IMNAL-Logo-Design-typografisch-Minimalismus-748857-150x150.png 150w, https:\/\/www.designenlassen.de\/blog\/wp-content\/uploads\/2019\/08\/IMNAL-Logo-Design-typografisch-Minimalismus-748857-300x300.png 300w\" sizes=\"(max-width: 338px) 100vw, 338px\" \/><\/figure>\n\n\n\n<figure class=\"wp-block-image size-large\"><img loading=\"lazy\" decoding=\"async\" width=\"338\" height=\"338\" data-id=\"17664\" src=\"https:\/\/www.designenlassen.de\/blog\/wp-content\/uploads\/2019\/08\/RopeScout-Minimalistische-typografische-Logos-738483.jpg\" alt=\"RopeScout Minimalistische typografische Logos 738483\" class=\"wp-image-17664\" srcset=\"https:\/\/www.designenlassen.de\/blog\/wp-content\/uploads\/2019\/08\/RopeScout-Minimalistische-typografische-Logos-738483.jpg 338w, https:\/\/www.designenlassen.de\/blog\/wp-content\/uploads\/2019\/08\/RopeScout-Minimalistische-typografische-Logos-738483-150x150.jpg 150w, https:\/\/www.designenlassen.de\/blog\/wp-content\/uploads\/2019\/08\/RopeScout-Minimalistische-typografische-Logos-738483-300x300.jpg 300w\" sizes=\"(max-width: 338px) 100vw, 338px\" \/><\/figure>\n<\/figure>\n\n\n\n<figure class=\"wp-block-gallery has-nested-images columns-default is-cropped wp-block-gallery-30 is-layout-flex wp-block-gallery-is-layout-flex\">\n<figure class=\"wp-block-image size-large\"><img loading=\"lazy\" decoding=\"async\" width=\"800\" height=\"557\" data-id=\"17662\" src=\"https:\/\/www.designenlassen.de\/blog\/wp-content\/uploads\/2019\/08\/Typografie-Schlichte-Logos-Ilustra-668833.jpg\" alt=\"Typografie Schlichte Logos Ilustra 668833\" class=\"wp-image-17662\" srcset=\"https:\/\/www.designenlassen.de\/blog\/wp-content\/uploads\/2019\/08\/Typografie-Schlichte-Logos-Ilustra-668833.jpg 800w, https:\/\/www.designenlassen.de\/blog\/wp-content\/uploads\/2019\/08\/Typografie-Schlichte-Logos-Ilustra-668833-300x209.jpg 300w, https:\/\/www.designenlassen.de\/blog\/wp-content\/uploads\/2019\/08\/Typografie-Schlichte-Logos-Ilustra-668833-768x535.jpg 768w\" sizes=\"(max-width: 800px) 100vw, 800px\" \/><\/figure>\n<\/figure>\n\n\n\n<div class=\"wp-block-buttons is-content-justification-center is-layout-flex wp-container-core-buttons-is-layout-16018d1d wp-block-buttons-is-layout-flex\">\n<div class=\"wp-block-button is-style-fill\"><a class=\"wp-block-button__link has-white-color has-text-color has-background has-text-align-left wp-element-button\" href=\"https:\/\/www.designenlassen.de\/logo-design?utm_source=blog&amp;utm_medium=button&amp;utm_campaign=blog-beitraege\" style=\"background-color:#091182\">Jetzt Logo erstellen<\/a><\/div>\n<\/div>\n\n\n\n<div style=\"height:31px\" aria-hidden=\"true\" class=\"wp-block-spacer\"><\/div>\n\n\n\n<h2 class=\"wp-block-heading\">Zarte minimalistische Logos, die definitiv Seriosit\u00e4t ausstrahlen<\/h2>\n\n\n\n<p>Ein zartes minimalistisches Logo-Design ist immer ein Hingucker und besonders f\u00fcr Unternehmen geeignet, die eine klare Struktur und Ordnung ausstrahlen m\u00f6chten. Das Logo funktioniert auch sehr gut, wenn es wie gezeichnet aussieht oder durch einfache Strichzeichnungen illustriert wurde. Wie Du siehst, ist die Welt der minimalistischen Designs nahezu unendlich. In diesem Bereich wird jeder das passende Logo-Design f\u00fcr sich und sein Unternehmen finden k\u00f6nnen. Bevor man sich der Logo Entwicklung widmen sollte, ist es erforderlich, einige wichtige Aspekte zu beachten. Ohne eine gute Planung, ist eine <a href=\"https:\/\/www.designenlassen.de\/blog\/logo-entwicklung-leicht-gemacht-8-aspekte-die-man-unbedingt-beachten-sollte\/\">zielgerichtete Entwicklung des Logo-Designs<\/a> nicht m\u00f6glich.<\/p>\n\n\n\n<figure class=\"wp-block-gallery has-nested-images columns-default is-cropped dl_picsub_red wp-block-gallery-31 is-layout-flex wp-block-gallery-is-layout-flex\">\n<figure class=\"wp-block-image size-large\"><img loading=\"lazy\" decoding=\"async\" width=\"800\" height=\"411\" data-id=\"17667\" src=\"https:\/\/www.designenlassen.de\/blog\/wp-content\/uploads\/2019\/08\/Schlichte-und-minimalistische-Logos-Kevin-F\u00f6ldes-Storytelling-434344.png\" alt=\"Schlichte und minimalistische Logos Kevin F\u00f6ldes Storytelling 434344\" class=\"wp-image-17667\" srcset=\"https:\/\/www.designenlassen.de\/blog\/wp-content\/uploads\/2019\/08\/Schlichte-und-minimalistische-Logos-Kevin-F\u00f6ldes-Storytelling-434344.png 800w, https:\/\/www.designenlassen.de\/blog\/wp-content\/uploads\/2019\/08\/Schlichte-und-minimalistische-Logos-Kevin-F\u00f6ldes-Storytelling-434344-300x154.png 300w, https:\/\/www.designenlassen.de\/blog\/wp-content\/uploads\/2019\/08\/Schlichte-und-minimalistische-Logos-Kevin-F\u00f6ldes-Storytelling-434344-768x395.png 768w\" sizes=\"(max-width: 800px) 100vw, 800px\" \/><figcaption class=\"wp-element-caption\"><a href=\"https:\/\/www.designenlassen.de\/434344-logo-design-fuer-hochzeitsfotografie\">Minimalistisches Logo-Design f\u00fcr Hochzeitsfotografie<\/a><\/figcaption><\/figure>\n<\/figure>\n\n\n\n<figure class=\"wp-block-gallery has-nested-images columns-default is-cropped wp-block-gallery-32 is-layout-flex wp-block-gallery-is-layout-flex\">\n<figure class=\"wp-block-image size-large\"><img loading=\"lazy\" decoding=\"async\" width=\"1024\" height=\"1024\" data-id=\"17668\" src=\"https:\/\/www.designenlassen.de\/blog\/wp-content\/uploads\/2019\/08\/763559-Hello-Deals-minimalistisches-zartes-Logo-Design-1024x1024.jpg\" alt=\"763559 Hello Deals minimalistisches zartes Logo Design\" class=\"wp-image-17668\" srcset=\"https:\/\/www.designenlassen.de\/blog\/wp-content\/uploads\/2019\/08\/763559-Hello-Deals-minimalistisches-zartes-Logo-Design-1024x1024.jpg 1024w, https:\/\/www.designenlassen.de\/blog\/wp-content\/uploads\/2019\/08\/763559-Hello-Deals-minimalistisches-zartes-Logo-Design-150x150.jpg 150w, https:\/\/www.designenlassen.de\/blog\/wp-content\/uploads\/2019\/08\/763559-Hello-Deals-minimalistisches-zartes-Logo-Design-300x300.jpg 300w, https:\/\/www.designenlassen.de\/blog\/wp-content\/uploads\/2019\/08\/763559-Hello-Deals-minimalistisches-zartes-Logo-Design-768x768.jpg 768w\" sizes=\"(max-width: 1024px) 100vw, 1024px\" \/><\/figure>\n\n\n\n<figure class=\"wp-block-image size-large\"><img loading=\"lazy\" decoding=\"async\" width=\"1024\" height=\"1024\" data-id=\"17669\" src=\"https:\/\/www.designenlassen.de\/blog\/wp-content\/uploads\/2019\/08\/Live-What-You-Love-349327-Schlichtes-Logo-1024x1024.png\" alt=\"Live What You Love 349327 Schlichtes Logo\" class=\"wp-image-17669\" srcset=\"https:\/\/www.designenlassen.de\/blog\/wp-content\/uploads\/2019\/08\/Live-What-You-Love-349327-Schlichtes-Logo-1024x1024.png 1024w, https:\/\/www.designenlassen.de\/blog\/wp-content\/uploads\/2019\/08\/Live-What-You-Love-349327-Schlichtes-Logo-150x150.png 150w, https:\/\/www.designenlassen.de\/blog\/wp-content\/uploads\/2019\/08\/Live-What-You-Love-349327-Schlichtes-Logo-300x300.png 300w, https:\/\/www.designenlassen.de\/blog\/wp-content\/uploads\/2019\/08\/Live-What-You-Love-349327-Schlichtes-Logo-768x768.png 768w, https:\/\/www.designenlassen.de\/blog\/wp-content\/uploads\/2019\/08\/Live-What-You-Love-349327-Schlichtes-Logo.png 1080w\" sizes=\"(max-width: 1024px) 100vw, 1024px\" \/><\/figure>\n<\/figure>\n\n\n\n<figure class=\"wp-block-gallery has-nested-images columns-default is-cropped dl_picsub_white wp-block-gallery-33 is-layout-flex wp-block-gallery-is-layout-flex\">\n<figure class=\"wp-block-image size-large\"><img loading=\"lazy\" decoding=\"async\" width=\"800\" height=\"466\" data-id=\"17670\" src=\"https:\/\/www.designenlassen.de\/blog\/wp-content\/uploads\/2019\/08\/Von-der-W\u00fcstenrose-293584-Logo-Design-Minimalistisch.png\" alt=\"Von der W\u00fcstenrose 293584 Logo Design Minimalistisch\" class=\"wp-image-17670\" srcset=\"https:\/\/www.designenlassen.de\/blog\/wp-content\/uploads\/2019\/08\/Von-der-W\u00fcstenrose-293584-Logo-Design-Minimalistisch.png 800w, https:\/\/www.designenlassen.de\/blog\/wp-content\/uploads\/2019\/08\/Von-der-W\u00fcstenrose-293584-Logo-Design-Minimalistisch-300x175.png 300w, https:\/\/www.designenlassen.de\/blog\/wp-content\/uploads\/2019\/08\/Von-der-W\u00fcstenrose-293584-Logo-Design-Minimalistisch-768x447.png 768w\" sizes=\"(max-width: 800px) 100vw, 800px\" \/><figcaption class=\"wp-element-caption\"><a href=\"https:\/\/www.designenlassen.de\/293584-elegantes-logo-design-fuer-rassekatzenzucht\">Schlichtes Logo f\u00fcr Rassekatzenzucht<\/a><\/figcaption><\/figure>\n<\/figure>\n\n\n\n<figure class=\"wp-block-gallery has-nested-images columns-default is-cropped wp-block-gallery-34 is-layout-flex wp-block-gallery-is-layout-flex\">\n<figure class=\"wp-block-image size-large\"><img loading=\"lazy\" decoding=\"async\" width=\"1024\" height=\"1024\" data-id=\"17671\" src=\"https:\/\/www.designenlassen.de\/blog\/wp-content\/uploads\/2019\/08\/Atelier-PeaPea-815856-Logo-Design-minimalistisch-zart-1024x1024.png\" alt=\"Atelier PeaPea 815856 Logo Design minimalistisch zart\" class=\"wp-image-17671\" srcset=\"https:\/\/www.designenlassen.de\/blog\/wp-content\/uploads\/2019\/08\/Atelier-PeaPea-815856-Logo-Design-minimalistisch-zart-1024x1024.png 1024w, https:\/\/www.designenlassen.de\/blog\/wp-content\/uploads\/2019\/08\/Atelier-PeaPea-815856-Logo-Design-minimalistisch-zart-150x150.png 150w, https:\/\/www.designenlassen.de\/blog\/wp-content\/uploads\/2019\/08\/Atelier-PeaPea-815856-Logo-Design-minimalistisch-zart-300x300.png 300w, https:\/\/www.designenlassen.de\/blog\/wp-content\/uploads\/2019\/08\/Atelier-PeaPea-815856-Logo-Design-minimalistisch-zart-768x768.png 768w, https:\/\/www.designenlassen.de\/blog\/wp-content\/uploads\/2019\/08\/Atelier-PeaPea-815856-Logo-Design-minimalistisch-zart.png 1484w\" sizes=\"(max-width: 1024px) 100vw, 1024px\" \/><\/figure>\n\n\n\n<figure class=\"wp-block-image size-large\"><img loading=\"lazy\" decoding=\"async\" width=\"1024\" height=\"1024\" data-id=\"17672\" src=\"https:\/\/www.designenlassen.de\/blog\/wp-content\/uploads\/2019\/08\/H\u00fcllenlos-487835-Schlichte-Logos-Zart-1024x1024.png\" alt=\"H\u00fcllenlos 487835 Schlichte Logos Zart\" class=\"wp-image-17672\" srcset=\"https:\/\/www.designenlassen.de\/blog\/wp-content\/uploads\/2019\/08\/H\u00fcllenlos-487835-Schlichte-Logos-Zart-1024x1024.png 1024w, https:\/\/www.designenlassen.de\/blog\/wp-content\/uploads\/2019\/08\/H\u00fcllenlos-487835-Schlichte-Logos-Zart-150x150.png 150w, https:\/\/www.designenlassen.de\/blog\/wp-content\/uploads\/2019\/08\/H\u00fcllenlos-487835-Schlichte-Logos-Zart-300x300.png 300w, https:\/\/www.designenlassen.de\/blog\/wp-content\/uploads\/2019\/08\/H\u00fcllenlos-487835-Schlichte-Logos-Zart-768x768.png 768w, https:\/\/www.designenlassen.de\/blog\/wp-content\/uploads\/2019\/08\/H\u00fcllenlos-487835-Schlichte-Logos-Zart.png 1080w\" sizes=\"(max-width: 1024px) 100vw, 1024px\" \/><\/figure>\n<\/figure>\n\n\n\n<figure class=\"wp-block-gallery has-nested-images columns-default is-cropped dl_picsub_white wp-block-gallery-35 is-layout-flex wp-block-gallery-is-layout-flex\">\n<figure class=\"wp-block-image size-large\"><img loading=\"lazy\" decoding=\"async\" width=\"800\" height=\"357\" data-id=\"17673\" src=\"https:\/\/www.designenlassen.de\/blog\/wp-content\/uploads\/2019\/08\/Michelle-Alessandra-Wedding-365598-Schlichte-Logo-Designs.png\" alt=\"Michelle Alessandra Wedding 365598 Schlichte Logo Designs\" class=\"wp-image-17673\" srcset=\"https:\/\/www.designenlassen.de\/blog\/wp-content\/uploads\/2019\/08\/Michelle-Alessandra-Wedding-365598-Schlichte-Logo-Designs.png 800w, https:\/\/www.designenlassen.de\/blog\/wp-content\/uploads\/2019\/08\/Michelle-Alessandra-Wedding-365598-Schlichte-Logo-Designs-300x134.png 300w, https:\/\/www.designenlassen.de\/blog\/wp-content\/uploads\/2019\/08\/Michelle-Alessandra-Wedding-365598-Schlichte-Logo-Designs-768x343.png 768w\" sizes=\"(max-width: 800px) 100vw, 800px\" \/><figcaption class=\"wp-element-caption\"><a href=\"https:\/\/www.designenlassen.de\/365598-logo-design-fuer-hochzeitsplanung\">Minimalistisches Logo f\u00fcr Hochzeitsplanung<\/a><\/figcaption><\/figure>\n<\/figure>\n\n\n\n<p>Wir hoffen, wir konnten Dir einen guten Einblick geben und Dich mit minimalistischen Logo-Designs f\u00fcr Dein Unternehmen inspirieren. Lass uns gerne wissen, welches der Designs Dir am besten gefallen hat.<\/p>\n\n\n\n<div class=\"wp-block-buttons is-content-justification-center is-layout-flex wp-container-core-buttons-is-layout-16018d1d wp-block-buttons-is-layout-flex\">\n<div class=\"wp-block-button is-style-fill\"><a class=\"wp-block-button__link has-white-color has-text-color has-background has-text-align-left wp-element-button\" href=\"https:\/\/www.designenlassen.de\/logo-design?utm_source=blog&amp;utm_medium=button&amp;utm_campaign=blog-beitraege\" style=\"background-color:#091182\">Jetzt Logo erstellen<\/a><\/div>\n<\/div>\n\n\n\n<div style=\"height:100px\" aria-hidden=\"true\" class=\"wp-block-spacer\"><\/div>\n","protected":false},"excerpt":{"rendered":"<p>Das Sprichwort \u201cWeniger ist mehr\u201d ist auch im Minimalismus stark vertreten. So beschr\u00e4nkt man sich hierbei&hellip;<\/p>\n","protected":false},"author":10,"featured_media":17639,"comment_status":"open","ping_status":"open","sticky":false,"template":"","format":"standard","meta":{"_lmt_disableupdate":"","_lmt_disable":"","footnotes":""},"categories":[19],"tags":[],"class_list":["post-17598","post","type-post","status-publish","format-standard","has-post-thumbnail","hentry","category-inspiration"],"yoast_head":"<!-- This site is optimized with the Yoast SEO plugin v26.7 - https:\/\/yoast.com\/wordpress\/plugins\/seo\/ -->\n<title>Diese minimalistischen Designs \u00fcberzeugen auch ohne gro\u00dfen Schnick-Schnack<\/title>\n<meta name=\"description\" content=\"Wer sagt, dass ein schlichtes Logo-Design nicht genug Pepp besitzt, um auf sich aufmerksam zu machen? Diese minimalistischen Designs beweisen definitiv das Gegenteil. Ob in modern, als Strichzeichnung oder mit etwas Farbe im Design: Es findet sich f\u00fcr jedes Unternehmen das passende Design.\" \/>\n<meta name=\"robots\" content=\"index, follow, max-snippet:-1, max-image-preview:large, max-video-preview:-1\" \/>\n<link rel=\"canonical\" href=\"https:\/\/www.designenlassen.de\/blog\/minimalistische-logos-die-mit-dem-noetigsten-im-design-ueberzeugen\/\" \/>\n<meta property=\"og:locale\" content=\"de_DE\" \/>\n<meta property=\"og:type\" content=\"article\" \/>\n<meta property=\"og:title\" content=\"Diese minimalistischen Designs \u00fcberzeugen auch ohne gro\u00dfen Schnick-Schnack\" \/>\n<meta property=\"og:description\" content=\"Wer sagt, dass ein schlichtes Logo-Design nicht genug Pepp besitzt, um auf sich aufmerksam zu machen? Diese minimalistischen Designs beweisen definitiv das Gegenteil. Ob in modern, als Strichzeichnung oder mit etwas Farbe im Design: Es findet sich f\u00fcr jedes Unternehmen das passende Design.\" \/>\n<meta property=\"og:url\" content=\"https:\/\/www.designenlassen.de\/blog\/minimalistische-logos-die-mit-dem-noetigsten-im-design-ueberzeugen\/\" \/>\n<meta property=\"og:site_name\" content=\"designenlassen.de Blog\" \/>\n<meta property=\"article:author\" content=\"designenlassen\/\" \/>\n<meta property=\"article:published_time\" content=\"2019-08-30T08:30:12+00:00\" \/>\n<meta property=\"article:modified_time\" content=\"2024-08-21T06:23:15+00:00\" \/>\n<meta property=\"og:image\" content=\"https:\/\/www.designenlassen.de\/blog\/wp-content\/uploads\/2019\/08\/Black-Forest-796574-Minimalistisches-Logo-bestehend-aus-Strichen.png\" \/>\n\t<meta property=\"og:image:width\" content=\"800\" \/>\n\t<meta property=\"og:image:height\" content=\"431\" \/>\n\t<meta property=\"og:image:type\" content=\"image\/png\" \/>\n<meta name=\"author\" content=\"Christina\" \/>\n<meta name=\"twitter:card\" content=\"summary_large_image\" \/>\n<meta name=\"twitter:label1\" content=\"Verfasst von\" \/>\n\t<meta name=\"twitter:data1\" content=\"Christina\" \/>\n\t<meta name=\"twitter:label2\" content=\"Gesch\u00e4tzte Lesezeit\" \/>\n\t<meta name=\"twitter:data2\" content=\"18\u00a0Minuten\" \/>\n<script type=\"application\/ld+json\" class=\"yoast-schema-graph\">{\"@context\":\"https:\/\/schema.org\",\"@graph\":[{\"@type\":\"Article\",\"@id\":\"https:\/\/www.designenlassen.de\/blog\/minimalistische-logos-die-mit-dem-noetigsten-im-design-ueberzeugen\/#article\",\"isPartOf\":{\"@id\":\"https:\/\/www.designenlassen.de\/blog\/minimalistische-logos-die-mit-dem-noetigsten-im-design-ueberzeugen\/\"},\"author\":{\"name\":\"Christina\",\"@id\":\"https:\/\/www.designenlassen.de\/blog\/#\/schema\/person\/858ff7f9025247949c1b922431f97734\"},\"headline\":\"Minimalistische Logos, die mit dem N\u00f6tigsten im Design \u00fcberzeugen\",\"datePublished\":\"2019-08-30T08:30:12+00:00\",\"dateModified\":\"2024-08-21T06:23:15+00:00\",\"mainEntityOfPage\":{\"@id\":\"https:\/\/www.designenlassen.de\/blog\/minimalistische-logos-die-mit-dem-noetigsten-im-design-ueberzeugen\/\"},\"wordCount\":1246,\"commentCount\":5,\"image\":{\"@id\":\"https:\/\/www.designenlassen.de\/blog\/minimalistische-logos-die-mit-dem-noetigsten-im-design-ueberzeugen\/#primaryimage\"},\"thumbnailUrl\":\"https:\/\/www.designenlassen.de\/blog\/wp-content\/uploads\/2019\/08\/Black-Forest-796574-Minimalistisches-Logo-bestehend-aus-Strichen.png\",\"articleSection\":[\"Design-Galerien\"],\"inLanguage\":\"de\",\"potentialAction\":[{\"@type\":\"CommentAction\",\"name\":\"Comment\",\"target\":[\"https:\/\/www.designenlassen.de\/blog\/minimalistische-logos-die-mit-dem-noetigsten-im-design-ueberzeugen\/#respond\"]}]},{\"@type\":\"WebPage\",\"@id\":\"https:\/\/www.designenlassen.de\/blog\/minimalistische-logos-die-mit-dem-noetigsten-im-design-ueberzeugen\/\",\"url\":\"https:\/\/www.designenlassen.de\/blog\/minimalistische-logos-die-mit-dem-noetigsten-im-design-ueberzeugen\/\",\"name\":\"Diese minimalistischen Designs \u00fcberzeugen auch ohne gro\u00dfen Schnick-Schnack\",\"isPartOf\":{\"@id\":\"https:\/\/www.designenlassen.de\/blog\/#website\"},\"primaryImageOfPage\":{\"@id\":\"https:\/\/www.designenlassen.de\/blog\/minimalistische-logos-die-mit-dem-noetigsten-im-design-ueberzeugen\/#primaryimage\"},\"image\":{\"@id\":\"https:\/\/www.designenlassen.de\/blog\/minimalistische-logos-die-mit-dem-noetigsten-im-design-ueberzeugen\/#primaryimage\"},\"thumbnailUrl\":\"https:\/\/www.designenlassen.de\/blog\/wp-content\/uploads\/2019\/08\/Black-Forest-796574-Minimalistisches-Logo-bestehend-aus-Strichen.png\",\"datePublished\":\"2019-08-30T08:30:12+00:00\",\"dateModified\":\"2024-08-21T06:23:15+00:00\",\"author\":{\"@id\":\"https:\/\/www.designenlassen.de\/blog\/#\/schema\/person\/858ff7f9025247949c1b922431f97734\"},\"description\":\"Wer sagt, dass ein schlichtes Logo-Design nicht genug Pepp besitzt, um auf sich aufmerksam zu machen? Diese minimalistischen Designs beweisen definitiv das Gegenteil. Ob in modern, als Strichzeichnung oder mit etwas Farbe im Design: Es findet sich f\u00fcr jedes Unternehmen das passende Design.\",\"breadcrumb\":{\"@id\":\"https:\/\/www.designenlassen.de\/blog\/minimalistische-logos-die-mit-dem-noetigsten-im-design-ueberzeugen\/#breadcrumb\"},\"inLanguage\":\"de\",\"potentialAction\":[{\"@type\":\"ReadAction\",\"target\":[\"https:\/\/www.designenlassen.de\/blog\/minimalistische-logos-die-mit-dem-noetigsten-im-design-ueberzeugen\/\"]}]},{\"@type\":\"ImageObject\",\"inLanguage\":\"de\",\"@id\":\"https:\/\/www.designenlassen.de\/blog\/minimalistische-logos-die-mit-dem-noetigsten-im-design-ueberzeugen\/#primaryimage\",\"url\":\"https:\/\/www.designenlassen.de\/blog\/wp-content\/uploads\/2019\/08\/Black-Forest-796574-Minimalistisches-Logo-bestehend-aus-Strichen.png\",\"contentUrl\":\"https:\/\/www.designenlassen.de\/blog\/wp-content\/uploads\/2019\/08\/Black-Forest-796574-Minimalistisches-Logo-bestehend-aus-Strichen.png\",\"width\":800,\"height\":431,\"caption\":\"Black Forest 796574 Minimalistisches Logo bestehend aus Strichen\"},{\"@type\":\"BreadcrumbList\",\"@id\":\"https:\/\/www.designenlassen.de\/blog\/minimalistische-logos-die-mit-dem-noetigsten-im-design-ueberzeugen\/#breadcrumb\",\"itemListElement\":[{\"@type\":\"ListItem\",\"position\":1,\"name\":\"Start\",\"item\":\"https:\/\/www.designenlassen.de\/blog\/\"},{\"@type\":\"ListItem\",\"position\":2,\"name\":\"Minimalistische Logos, die mit dem N\u00f6tigsten im Design \u00fcberzeugen\"}]},{\"@type\":\"WebSite\",\"@id\":\"https:\/\/www.designenlassen.de\/blog\/#website\",\"url\":\"https:\/\/www.designenlassen.de\/blog\/\",\"name\":\"designenlassen.de Blog\",\"description\":\"Inspirationen, Tipps und Ideen f\u00fcr Designer sowie Gr\u00fcnder und Kleinbetriebe.\",\"potentialAction\":[{\"@type\":\"SearchAction\",\"target\":{\"@type\":\"EntryPoint\",\"urlTemplate\":\"https:\/\/www.designenlassen.de\/blog\/?s={search_term_string}\"},\"query-input\":{\"@type\":\"PropertyValueSpecification\",\"valueRequired\":true,\"valueName\":\"search_term_string\"}}],\"inLanguage\":\"de\"},{\"@type\":\"Person\",\"@id\":\"https:\/\/www.designenlassen.de\/blog\/#\/schema\/person\/858ff7f9025247949c1b922431f97734\",\"name\":\"Christina\",\"image\":{\"@type\":\"ImageObject\",\"inLanguage\":\"de\",\"@id\":\"https:\/\/www.designenlassen.de\/blog\/#\/schema\/person\/image\/\",\"url\":\"https:\/\/secure.gravatar.com\/avatar\/31045bfe41c5fbc86ecbb135f792148b4bf1bee47931b9c8d47c74611d912026?s=96&d=mm&r=g\",\"contentUrl\":\"https:\/\/secure.gravatar.com\/avatar\/31045bfe41c5fbc86ecbb135f792148b4bf1bee47931b9c8d47c74611d912026?s=96&d=mm&r=g\",\"caption\":\"Christina\"},\"description\":\"Christina ist bei designenlassen.de f\u00fcr das Content-Marketing &amp; die Social Media Kan\u00e4le zust\u00e4ndig. Sie schreibt hier im Blog zu verschiedensten Design-Themen.\",\"sameAs\":[\"designenlassen\/\"],\"url\":\"https:\/\/www.designenlassen.de\/blog\/author\/christina\/\"}]}<\/script>\n<!-- \/ Yoast SEO plugin. -->","yoast_head_json":{"title":"Diese minimalistischen Designs \u00fcberzeugen auch ohne gro\u00dfen Schnick-Schnack","description":"Wer sagt, dass ein schlichtes Logo-Design nicht genug Pepp besitzt, um auf sich aufmerksam zu machen? Diese minimalistischen Designs beweisen definitiv das Gegenteil. Ob in modern, als Strichzeichnung oder mit etwas Farbe im Design: Es findet sich f\u00fcr jedes Unternehmen das passende Design.","robots":{"index":"index","follow":"follow","max-snippet":"max-snippet:-1","max-image-preview":"max-image-preview:large","max-video-preview":"max-video-preview:-1"},"canonical":"https:\/\/www.designenlassen.de\/blog\/minimalistische-logos-die-mit-dem-noetigsten-im-design-ueberzeugen\/","og_locale":"de_DE","og_type":"article","og_title":"Diese minimalistischen Designs \u00fcberzeugen auch ohne gro\u00dfen Schnick-Schnack","og_description":"Wer sagt, dass ein schlichtes Logo-Design nicht genug Pepp besitzt, um auf sich aufmerksam zu machen? Diese minimalistischen Designs beweisen definitiv das Gegenteil. Ob in modern, als Strichzeichnung oder mit etwas Farbe im Design: Es findet sich f\u00fcr jedes Unternehmen das passende Design.","og_url":"https:\/\/www.designenlassen.de\/blog\/minimalistische-logos-die-mit-dem-noetigsten-im-design-ueberzeugen\/","og_site_name":"designenlassen.de Blog","article_author":"designenlassen\/","article_published_time":"2019-08-30T08:30:12+00:00","article_modified_time":"2024-08-21T06:23:15+00:00","og_image":[{"width":800,"height":431,"url":"https:\/\/www.designenlassen.de\/blog\/wp-content\/uploads\/2019\/08\/Black-Forest-796574-Minimalistisches-Logo-bestehend-aus-Strichen.png","type":"image\/png"}],"author":"Christina","twitter_card":"summary_large_image","twitter_misc":{"Verfasst von":"Christina","Gesch\u00e4tzte Lesezeit":"18\u00a0Minuten"},"schema":{"@context":"https:\/\/schema.org","@graph":[{"@type":"Article","@id":"https:\/\/www.designenlassen.de\/blog\/minimalistische-logos-die-mit-dem-noetigsten-im-design-ueberzeugen\/#article","isPartOf":{"@id":"https:\/\/www.designenlassen.de\/blog\/minimalistische-logos-die-mit-dem-noetigsten-im-design-ueberzeugen\/"},"author":{"name":"Christina","@id":"https:\/\/www.designenlassen.de\/blog\/#\/schema\/person\/858ff7f9025247949c1b922431f97734"},"headline":"Minimalistische Logos, die mit dem N\u00f6tigsten im Design \u00fcberzeugen","datePublished":"2019-08-30T08:30:12+00:00","dateModified":"2024-08-21T06:23:15+00:00","mainEntityOfPage":{"@id":"https:\/\/www.designenlassen.de\/blog\/minimalistische-logos-die-mit-dem-noetigsten-im-design-ueberzeugen\/"},"wordCount":1246,"commentCount":5,"image":{"@id":"https:\/\/www.designenlassen.de\/blog\/minimalistische-logos-die-mit-dem-noetigsten-im-design-ueberzeugen\/#primaryimage"},"thumbnailUrl":"https:\/\/www.designenlassen.de\/blog\/wp-content\/uploads\/2019\/08\/Black-Forest-796574-Minimalistisches-Logo-bestehend-aus-Strichen.png","articleSection":["Design-Galerien"],"inLanguage":"de","potentialAction":[{"@type":"CommentAction","name":"Comment","target":["https:\/\/www.designenlassen.de\/blog\/minimalistische-logos-die-mit-dem-noetigsten-im-design-ueberzeugen\/#respond"]}]},{"@type":"WebPage","@id":"https:\/\/www.designenlassen.de\/blog\/minimalistische-logos-die-mit-dem-noetigsten-im-design-ueberzeugen\/","url":"https:\/\/www.designenlassen.de\/blog\/minimalistische-logos-die-mit-dem-noetigsten-im-design-ueberzeugen\/","name":"Diese minimalistischen Designs \u00fcberzeugen auch ohne gro\u00dfen Schnick-Schnack","isPartOf":{"@id":"https:\/\/www.designenlassen.de\/blog\/#website"},"primaryImageOfPage":{"@id":"https:\/\/www.designenlassen.de\/blog\/minimalistische-logos-die-mit-dem-noetigsten-im-design-ueberzeugen\/#primaryimage"},"image":{"@id":"https:\/\/www.designenlassen.de\/blog\/minimalistische-logos-die-mit-dem-noetigsten-im-design-ueberzeugen\/#primaryimage"},"thumbnailUrl":"https:\/\/www.designenlassen.de\/blog\/wp-content\/uploads\/2019\/08\/Black-Forest-796574-Minimalistisches-Logo-bestehend-aus-Strichen.png","datePublished":"2019-08-30T08:30:12+00:00","dateModified":"2024-08-21T06:23:15+00:00","author":{"@id":"https:\/\/www.designenlassen.de\/blog\/#\/schema\/person\/858ff7f9025247949c1b922431f97734"},"description":"Wer sagt, dass ein schlichtes Logo-Design nicht genug Pepp besitzt, um auf sich aufmerksam zu machen? Diese minimalistischen Designs beweisen definitiv das Gegenteil. Ob in modern, als Strichzeichnung oder mit etwas Farbe im Design: Es findet sich f\u00fcr jedes Unternehmen das passende Design.","breadcrumb":{"@id":"https:\/\/www.designenlassen.de\/blog\/minimalistische-logos-die-mit-dem-noetigsten-im-design-ueberzeugen\/#breadcrumb"},"inLanguage":"de","potentialAction":[{"@type":"ReadAction","target":["https:\/\/www.designenlassen.de\/blog\/minimalistische-logos-die-mit-dem-noetigsten-im-design-ueberzeugen\/"]}]},{"@type":"ImageObject","inLanguage":"de","@id":"https:\/\/www.designenlassen.de\/blog\/minimalistische-logos-die-mit-dem-noetigsten-im-design-ueberzeugen\/#primaryimage","url":"https:\/\/www.designenlassen.de\/blog\/wp-content\/uploads\/2019\/08\/Black-Forest-796574-Minimalistisches-Logo-bestehend-aus-Strichen.png","contentUrl":"https:\/\/www.designenlassen.de\/blog\/wp-content\/uploads\/2019\/08\/Black-Forest-796574-Minimalistisches-Logo-bestehend-aus-Strichen.png","width":800,"height":431,"caption":"Black Forest 796574 Minimalistisches Logo bestehend aus Strichen"},{"@type":"BreadcrumbList","@id":"https:\/\/www.designenlassen.de\/blog\/minimalistische-logos-die-mit-dem-noetigsten-im-design-ueberzeugen\/#breadcrumb","itemListElement":[{"@type":"ListItem","position":1,"name":"Start","item":"https:\/\/www.designenlassen.de\/blog\/"},{"@type":"ListItem","position":2,"name":"Minimalistische Logos, die mit dem N\u00f6tigsten im Design \u00fcberzeugen"}]},{"@type":"WebSite","@id":"https:\/\/www.designenlassen.de\/blog\/#website","url":"https:\/\/www.designenlassen.de\/blog\/","name":"designenlassen.de Blog","description":"Inspirationen, Tipps und Ideen f\u00fcr Designer sowie Gr\u00fcnder und Kleinbetriebe.","potentialAction":[{"@type":"SearchAction","target":{"@type":"EntryPoint","urlTemplate":"https:\/\/www.designenlassen.de\/blog\/?s={search_term_string}"},"query-input":{"@type":"PropertyValueSpecification","valueRequired":true,"valueName":"search_term_string"}}],"inLanguage":"de"},{"@type":"Person","@id":"https:\/\/www.designenlassen.de\/blog\/#\/schema\/person\/858ff7f9025247949c1b922431f97734","name":"Christina","image":{"@type":"ImageObject","inLanguage":"de","@id":"https:\/\/www.designenlassen.de\/blog\/#\/schema\/person\/image\/","url":"https:\/\/secure.gravatar.com\/avatar\/31045bfe41c5fbc86ecbb135f792148b4bf1bee47931b9c8d47c74611d912026?s=96&d=mm&r=g","contentUrl":"https:\/\/secure.gravatar.com\/avatar\/31045bfe41c5fbc86ecbb135f792148b4bf1bee47931b9c8d47c74611d912026?s=96&d=mm&r=g","caption":"Christina"},"description":"Christina ist bei designenlassen.de f\u00fcr das Content-Marketing &amp; die Social Media Kan\u00e4le zust\u00e4ndig. Sie schreibt hier im Blog zu verschiedensten Design-Themen.","sameAs":["designenlassen\/"],"url":"https:\/\/www.designenlassen.de\/blog\/author\/christina\/"}]}},"_links":{"self":[{"href":"https:\/\/www.designenlassen.de\/blog\/wp-json\/wp\/v2\/posts\/17598","targetHints":{"allow":["GET"]}}],"collection":[{"href":"https:\/\/www.designenlassen.de\/blog\/wp-json\/wp\/v2\/posts"}],"about":[{"href":"https:\/\/www.designenlassen.de\/blog\/wp-json\/wp\/v2\/types\/post"}],"author":[{"embeddable":true,"href":"https:\/\/www.designenlassen.de\/blog\/wp-json\/wp\/v2\/users\/10"}],"replies":[{"embeddable":true,"href":"https:\/\/www.designenlassen.de\/blog\/wp-json\/wp\/v2\/comments?post=17598"}],"version-history":[{"count":26,"href":"https:\/\/www.designenlassen.de\/blog\/wp-json\/wp\/v2\/posts\/17598\/revisions"}],"predecessor-version":[{"id":32169,"href":"https:\/\/www.designenlassen.de\/blog\/wp-json\/wp\/v2\/posts\/17598\/revisions\/32169"}],"wp:featuredmedia":[{"embeddable":true,"href":"https:\/\/www.designenlassen.de\/blog\/wp-json\/wp\/v2\/media\/17639"}],"wp:attachment":[{"href":"https:\/\/www.designenlassen.de\/blog\/wp-json\/wp\/v2\/media?parent=17598"}],"wp:term":[{"taxonomy":"category","embeddable":true,"href":"https:\/\/www.designenlassen.de\/blog\/wp-json\/wp\/v2\/categories?post=17598"},{"taxonomy":"post_tag","embeddable":true,"href":"https:\/\/www.designenlassen.de\/blog\/wp-json\/wp\/v2\/tags?post=17598"}],"curies":[{"name":"wp","href":"https:\/\/api.w.org\/{rel}","templated":true}]}}