{"id":18838,"date":"2024-08-28T10:00:00","date_gmt":"2024-08-28T08:00:00","guid":{"rendered":"https:\/\/www.designenlassen.de\/blog\/?p=18838"},"modified":"2025-02-04T15:27:24","modified_gmt":"2025-02-04T13:27:24","slug":"35-imker-logos-die-zum-dahinschmelzen-suess-sind","status":"publish","type":"post","link":"https:\/\/www.designenlassen.de\/blog\/35-imker-logos-die-zum-dahinschmelzen-suess-sind\/","title":{"rendered":"47 Imker Logos, die zum Dahinschmelzen s\u00fc\u00df sind"},"content":{"rendered":"\n<figure class=\"wp-block-image size-full\"><img fetchpriority=\"high\" decoding=\"async\" width=\"800\" height=\"490\" src=\"https:\/\/www.designenlassen.de\/blog\/wp-content\/uploads\/2020\/03\/Honig-Bienen-und-mehr-Gelbes-Design-Logo-\u00b4774679-zaqibagibagi.png\" alt=\"Honig-Bienen-und-mehr-Gelbes-Design-Logo\" class=\"wp-image-20068\" srcset=\"https:\/\/www.designenlassen.de\/blog\/wp-content\/uploads\/2020\/03\/Honig-Bienen-und-mehr-Gelbes-Design-Logo-\u00b4774679-zaqibagibagi.png 800w, https:\/\/www.designenlassen.de\/blog\/wp-content\/uploads\/2020\/03\/Honig-Bienen-und-mehr-Gelbes-Design-Logo-\u00b4774679-zaqibagibagi-300x184.png 300w, https:\/\/www.designenlassen.de\/blog\/wp-content\/uploads\/2020\/03\/Honig-Bienen-und-mehr-Gelbes-Design-Logo-\u00b4774679-zaqibagibagi-768x470.png 768w\" sizes=\"(max-width: 800px) 100vw, 800px\" \/><\/figure>\n\n\n\n<p>Als H\u00fcter der flei\u00dfigen kleinen Bienen bist Du der regionale Profi f\u00fcr die Honigproduktion und Herstellung weiterer Bienenprodukte. Damit potenzielle Kunden direkt auf Deine Qualit\u00e4t, Leistung und gegebenenfalls auch Regionalit\u00e4t schlie\u00dfen k\u00f6nnen, ben\u00f6tigst Du ein ansprechendes Imker-Logo, das Deinen Betrieb perfekt pr\u00e4sentiert und im besten Fall auch direkt von der Konkurrenz abhebt. Welche Gestaltungsm\u00f6glichkeiten sich f\u00fcr Dein Imker-Logo anbieten, zeigen wir Dir im Folgenden.<\/p>\n\n\n\n<div class=\"wp-block-buttons is-content-justification-center is-layout-flex wp-container-core-buttons-is-layout-16018d1d wp-block-buttons-is-layout-flex\">\n<div class=\"wp-block-button is-style-fill\"><a class=\"wp-block-button__link has-white-color has-text-color has-background has-text-align-left wp-element-button\" href=\"https:\/\/www.designenlassen.de\/logo-design?utm_source=blog&amp;utm_medium=button&amp;utm_campaign=blog-beitraege\" style=\"background-color:#091182\">Jetzt Logo erstellen<\/a><\/div>\n<\/div>\n\n\n\n\n\n<hr class=\"wp-block-separator has-alpha-channel-opacity\"\/>\n\n\n\n<p>Das Wichtigste in K\u00fcrze:<\/p>\n\n\n\n<ul class=\"wp-block-list\">\n<li><strong>Vielf\u00e4ltige Designstile:<\/strong> Typische Imker-Logos reichen von klassisch-minimalistisch \u00fcber illustrierte und <a href=\"https:\/\/www.designenlassen.de\/blog\/16-moderne-logos-fuer-unternehmen-mit-wiedererkennungswert\/\">moderne Designs<\/a> bis hin zu Emblem-Logos, die Typografie und Grafik kombinieren.<\/li>\n\n\n\n<li><strong>Beliebte Gestaltungselemente:<\/strong> H\u00e4ufig verwendete <a href=\"https:\/\/www.designenlassen.de\/blog\/farben-und-ihre-bedeutung\/\">Farben<\/a> sind Gelb und Schwarz, oft kombiniert mit Wei\u00df und Grau. Zentrale Designelemente sind dabei Bienen und Honigwaben, die den Bezug zur Imkerei unterstreichen.<\/li>\n\n\n\n<li><strong>Zielgruppenansprache durch Design:<\/strong> Moderne Designs mit Farben wie Schwarz und Gold wirken elegant und hochwertig, w\u00e4hrend verspielte Designs ein j\u00fcngeres Publikum ansprechen k\u00f6nnen. Die Wahl des Designs beeinflusst somit ma\u00dfgeblich die Wahrnehmung und Zielgruppenansprache der Imkerei.<\/li>\n<\/ul>\n\n\n\n<hr class=\"wp-block-separator has-alpha-channel-opacity\"\/>\n\n\n\n<h2 class=\"wp-block-heading\">Klassisches Imker-Logo mit starker \u00dcberzeugung<\/h2>\n\n\n\n<p>Eine ganz klassische, <a href=\"https:\/\/www.designenlassen.de\/blog\/minimalistische-logos-die-mit-dem-noetigsten-im-design-ueberzeugen\/\">minimalistische<\/a> und schlichte Gestaltung kannst Du Dir perfekt f\u00fcr Dein Imker-Logo vorstellen? Sehr gut, denn dies ist die perfekte M\u00f6glichkeit, um das eigene<a href=\"http:\/\/designenlassen.de\/logo-design\"> Logo-Design<\/a> und folglich auch das Unternehmen aufger\u00e4umt und clean wirken zu lassen. Professionalit\u00e4t und Klarheit treten hierbei verst\u00e4rkt in den Vordergrund.<\/p>\n\n\n\n<figure class=\"wp-block-gallery has-nested-images columns-default is-cropped dl_picsub_black wp-block-gallery-1 is-layout-flex wp-block-gallery-is-layout-flex\">\n<figure class=\"wp-block-image size-large\"><img decoding=\"async\" width=\"800\" height=\"510\" data-id=\"18839\" src=\"https:\/\/www.designenlassen.de\/blog\/wp-content\/uploads\/2019\/11\/L\u00fcffe-Imkerei-Logo-Imker-441862-DIZAJNAVIENNA.jpg\" alt=\"L\u00fcffe-Imkerei-Logo-Imker\" class=\"wp-image-18839\" srcset=\"https:\/\/www.designenlassen.de\/blog\/wp-content\/uploads\/2019\/11\/L\u00fcffe-Imkerei-Logo-Imker-441862-DIZAJNAVIENNA.jpg 800w, https:\/\/www.designenlassen.de\/blog\/wp-content\/uploads\/2019\/11\/L\u00fcffe-Imkerei-Logo-Imker-441862-DIZAJNAVIENNA-300x191.jpg 300w, https:\/\/www.designenlassen.de\/blog\/wp-content\/uploads\/2019\/11\/L\u00fcffe-Imkerei-Logo-Imker-441862-DIZAJNAVIENNA-768x490.jpg 768w\" sizes=\"(max-width: 800px) 100vw, 800px\" \/><figcaption class=\"wp-element-caption\"><a href=\"https:\/\/www.designenlassen.de\/441862-edles-logo-design-fuer-imkerei\">Edles Imker Logo f\u00fcr L\u00fcffe Imkerei von Designer DIZAJNAVIENNA<\/a><\/figcaption><\/figure>\n<\/figure>\n\n\n\n<figure class=\"wp-block-gallery has-nested-images columns-default is-cropped dl_picsub_black wp-block-gallery-2 is-layout-flex wp-block-gallery-is-layout-flex\">\n<figure class=\"wp-block-image size-large\"><img decoding=\"async\" width=\"338\" height=\"338\" data-id=\"18840\" src=\"https:\/\/www.designenlassen.de\/blog\/wp-content\/uploads\/2019\/11\/Imker-Logo-Imkerei-Degode-269695-bj0le.jpg\" alt=\"Imker-Logo-Imkerei-Degode\" class=\"wp-image-18840\" srcset=\"https:\/\/www.designenlassen.de\/blog\/wp-content\/uploads\/2019\/11\/Imker-Logo-Imkerei-Degode-269695-bj0le.jpg 338w, https:\/\/www.designenlassen.de\/blog\/wp-content\/uploads\/2019\/11\/Imker-Logo-Imkerei-Degode-269695-bj0le-150x150.jpg 150w, https:\/\/www.designenlassen.de\/blog\/wp-content\/uploads\/2019\/11\/Imker-Logo-Imkerei-Degode-269695-bj0le-300x300.jpg 300w\" sizes=\"(max-width: 338px) 100vw, 338px\" \/><figcaption class=\"wp-element-caption\">Design von bj0le<\/figcaption><\/figure>\n\n\n\n<figure class=\"wp-block-image size-large\"><img loading=\"lazy\" decoding=\"async\" width=\"338\" height=\"338\" data-id=\"18841\" src=\"https:\/\/www.designenlassen.de\/blog\/wp-content\/uploads\/2019\/11\/Imkerei-Logo-Kleinlerchen-und-G\u00fcnther-781769-creativist.png\" alt=\"Imkerei-Logo-Kleinlerchen-und-G\u00fcnther\" class=\"wp-image-18841\" srcset=\"https:\/\/www.designenlassen.de\/blog\/wp-content\/uploads\/2019\/11\/Imkerei-Logo-Kleinlerchen-und-G\u00fcnther-781769-creativist.png 338w, https:\/\/www.designenlassen.de\/blog\/wp-content\/uploads\/2019\/11\/Imkerei-Logo-Kleinlerchen-und-G\u00fcnther-781769-creativist-150x150.png 150w, https:\/\/www.designenlassen.de\/blog\/wp-content\/uploads\/2019\/11\/Imkerei-Logo-Kleinlerchen-und-G\u00fcnther-781769-creativist-300x300.png 300w\" sizes=\"(max-width: 338px) 100vw, 338px\" \/><figcaption class=\"wp-element-caption\">Design von creativist<\/figcaption><\/figure>\n<\/figure>\n\n\n\n<figure class=\"wp-block-gallery has-nested-images columns-default is-cropped dl_picsub_black wp-block-gallery-3 is-layout-flex wp-block-gallery-is-layout-flex\">\n<figure class=\"wp-block-image size-large\"><img loading=\"lazy\" decoding=\"async\" width=\"800\" height=\"444\" data-id=\"18842\" src=\"https:\/\/www.designenlassen.de\/blog\/wp-content\/uploads\/2019\/11\/Imker-Logo-Summserei-548364-JogiReklame.jpg\" alt=\"Imker-Logo-Summserei\" class=\"wp-image-18842\" srcset=\"https:\/\/www.designenlassen.de\/blog\/wp-content\/uploads\/2019\/11\/Imker-Logo-Summserei-548364-JogiReklame.jpg 800w, https:\/\/www.designenlassen.de\/blog\/wp-content\/uploads\/2019\/11\/Imker-Logo-Summserei-548364-JogiReklame-300x167.jpg 300w, https:\/\/www.designenlassen.de\/blog\/wp-content\/uploads\/2019\/11\/Imker-Logo-Summserei-548364-JogiReklame-768x426.jpg 768w\" sizes=\"(max-width: 800px) 100vw, 800px\" \/><figcaption class=\"wp-element-caption\"><a href=\"https:\/\/www.designenlassen.de\/548364-imkerei-sucht-logo-design\">Imker Logo f\u00fcr Summserei von Design JogiReklame<\/a><\/figcaption><\/figure>\n<\/figure>\n\n\n\n<figure class=\"wp-block-gallery has-nested-images columns-default is-cropped dl_picsub_black wp-block-gallery-4 is-layout-flex wp-block-gallery-is-layout-flex\">\n<figure class=\"wp-block-image size-large\"><img loading=\"lazy\" decoding=\"async\" width=\"338\" height=\"338\" data-id=\"18845\" src=\"https:\/\/www.designenlassen.de\/blog\/wp-content\/uploads\/2019\/11\/Imkerei-L\u00fcffe-Logo-Design-Imker-441862-trollmediendesign.jpg\" alt=\"Imkerei L\u00fcffe Logo Design Imker\" class=\"wp-image-18845\" srcset=\"https:\/\/www.designenlassen.de\/blog\/wp-content\/uploads\/2019\/11\/Imkerei-L\u00fcffe-Logo-Design-Imker-441862-trollmediendesign.jpg 338w, https:\/\/www.designenlassen.de\/blog\/wp-content\/uploads\/2019\/11\/Imkerei-L\u00fcffe-Logo-Design-Imker-441862-trollmediendesign-150x150.jpg 150w, https:\/\/www.designenlassen.de\/blog\/wp-content\/uploads\/2019\/11\/Imkerei-L\u00fcffe-Logo-Design-Imker-441862-trollmediendesign-300x300.jpg 300w\" sizes=\"(max-width: 338px) 100vw, 338px\" \/><figcaption class=\"wp-element-caption\">Design von trollmediendesign<\/figcaption><\/figure>\n\n\n\n<figure class=\"wp-block-image size-large\"><img loading=\"lazy\" decoding=\"async\" width=\"338\" height=\"338\" data-id=\"18846\" src=\"https:\/\/www.designenlassen.de\/blog\/wp-content\/uploads\/2019\/11\/Logo-Design-Imkerei-Obermoser-314519-CencoCP.png\" alt=\"Logo-Design-Imkerei-Obermoser\" class=\"wp-image-18846\" srcset=\"https:\/\/www.designenlassen.de\/blog\/wp-content\/uploads\/2019\/11\/Logo-Design-Imkerei-Obermoser-314519-CencoCP.png 338w, https:\/\/www.designenlassen.de\/blog\/wp-content\/uploads\/2019\/11\/Logo-Design-Imkerei-Obermoser-314519-CencoCP-150x150.png 150w, https:\/\/www.designenlassen.de\/blog\/wp-content\/uploads\/2019\/11\/Logo-Design-Imkerei-Obermoser-314519-CencoCP-300x300.png 300w\" sizes=\"(max-width: 338px) 100vw, 338px\" \/><figcaption class=\"wp-element-caption\">Design von CencoCP<\/figcaption><\/figure>\n<\/figure>\n\n\n\n<figure class=\"wp-block-gallery has-nested-images columns-default is-cropped dl_picsub_black wp-block-gallery-5 is-layout-flex wp-block-gallery-is-layout-flex\">\n<figure class=\"wp-block-image size-large\"><img loading=\"lazy\" decoding=\"async\" width=\"800\" height=\"533\" data-id=\"18847\" src=\"https:\/\/www.designenlassen.de\/blog\/wp-content\/uploads\/2019\/11\/Summserei-Honig-Logo-Imker-548364-dizain56.png\" alt=\"Summserei-Honig-Logo-Imker\" class=\"wp-image-18847\" srcset=\"https:\/\/www.designenlassen.de\/blog\/wp-content\/uploads\/2019\/11\/Summserei-Honig-Logo-Imker-548364-dizain56.png 800w, https:\/\/www.designenlassen.de\/blog\/wp-content\/uploads\/2019\/11\/Summserei-Honig-Logo-Imker-548364-dizain56-300x200.png 300w, https:\/\/www.designenlassen.de\/blog\/wp-content\/uploads\/2019\/11\/Summserei-Honig-Logo-Imker-548364-dizain56-768x512.png 768w\" sizes=\"(max-width: 800px) 100vw, 800px\" \/><figcaption class=\"wp-element-caption\">Logo f\u00fcr Imkerei von dizain56<\/figcaption><\/figure>\n<\/figure>\n\n\n\n<figure class=\"wp-block-gallery has-nested-images columns-default is-cropped dl_picsub_black wp-block-gallery-6 is-layout-flex wp-block-gallery-is-layout-flex\">\n<figure class=\"wp-block-image size-large\"><img loading=\"lazy\" decoding=\"async\" width=\"338\" height=\"338\" data-id=\"18843\" src=\"https:\/\/www.designenlassen.de\/blog\/wp-content\/uploads\/2019\/11\/Imker-Logo-Hof-Jorlon-113271-kreativesk.jpg\" alt=\"Imker-Logo-Hof-Jorlon\" class=\"wp-image-18843\" srcset=\"https:\/\/www.designenlassen.de\/blog\/wp-content\/uploads\/2019\/11\/Imker-Logo-Hof-Jorlon-113271-kreativesk.jpg 338w, https:\/\/www.designenlassen.de\/blog\/wp-content\/uploads\/2019\/11\/Imker-Logo-Hof-Jorlon-113271-kreativesk-150x150.jpg 150w, https:\/\/www.designenlassen.de\/blog\/wp-content\/uploads\/2019\/11\/Imker-Logo-Hof-Jorlon-113271-kreativesk-300x300.jpg 300w\" sizes=\"(max-width: 338px) 100vw, 338px\" \/><figcaption class=\"wp-element-caption\">Design von kreativesk<\/figcaption><\/figure>\n\n\n\n<figure class=\"wp-block-image size-large\"><img loading=\"lazy\" decoding=\"async\" width=\"338\" height=\"338\" data-id=\"18844\" src=\"https:\/\/www.designenlassen.de\/blog\/wp-content\/uploads\/2019\/11\/Schiele-Imkerei-Logo-Design-158595-womey.jpg\" alt=\"Schiele-Imkerei-Logo-Design\" class=\"wp-image-18844\" srcset=\"https:\/\/www.designenlassen.de\/blog\/wp-content\/uploads\/2019\/11\/Schiele-Imkerei-Logo-Design-158595-womey.jpg 338w, https:\/\/www.designenlassen.de\/blog\/wp-content\/uploads\/2019\/11\/Schiele-Imkerei-Logo-Design-158595-womey-150x150.jpg 150w, https:\/\/www.designenlassen.de\/blog\/wp-content\/uploads\/2019\/11\/Schiele-Imkerei-Logo-Design-158595-womey-300x300.jpg 300w\" sizes=\"(max-width: 338px) 100vw, 338px\" \/><figcaption class=\"wp-element-caption\">Design von womey<\/figcaption><\/figure>\n<\/figure>\n\n\n\n<figure class=\"wp-block-gallery has-nested-images columns-2 is-cropped wp-block-gallery-7 is-layout-flex wp-block-gallery-is-layout-flex\">\n<figure class=\"wp-block-image size-large\"><img loading=\"lazy\" decoding=\"async\" width=\"724\" height=\"1024\" data-id=\"32251\" src=\"https:\/\/www.designenlassen.de\/blog\/wp-content\/uploads\/2019\/12\/designenlassen-imkerei-logo-althammer-724x1024.jpeg\" alt=\"\" class=\"wp-image-32251\" srcset=\"https:\/\/www.designenlassen.de\/blog\/wp-content\/uploads\/2019\/12\/designenlassen-imkerei-logo-althammer-724x1024.jpeg 724w, https:\/\/www.designenlassen.de\/blog\/wp-content\/uploads\/2019\/12\/designenlassen-imkerei-logo-althammer-212x300.jpeg 212w, https:\/\/www.designenlassen.de\/blog\/wp-content\/uploads\/2019\/12\/designenlassen-imkerei-logo-althammer-768x1086.jpeg 768w, https:\/\/www.designenlassen.de\/blog\/wp-content\/uploads\/2019\/12\/designenlassen-imkerei-logo-althammer-1086x1536.jpeg 1086w, https:\/\/www.designenlassen.de\/blog\/wp-content\/uploads\/2019\/12\/designenlassen-imkerei-logo-althammer.jpeg 1240w\" sizes=\"(max-width: 724px) 100vw, 724px\" \/><\/figure>\n\n\n\n<figure class=\"wp-block-image size-large\"><img loading=\"lazy\" decoding=\"async\" width=\"1024\" height=\"1024\" data-id=\"32254\" src=\"https:\/\/www.designenlassen.de\/blog\/wp-content\/uploads\/2019\/12\/designenlassen-imkerei-logo-elm-1024x1024.jpeg\" alt=\"\" class=\"wp-image-32254\" srcset=\"https:\/\/www.designenlassen.de\/blog\/wp-content\/uploads\/2019\/12\/designenlassen-imkerei-logo-elm-1024x1024.jpeg 1024w, https:\/\/www.designenlassen.de\/blog\/wp-content\/uploads\/2019\/12\/designenlassen-imkerei-logo-elm-300x300.jpeg 300w, https:\/\/www.designenlassen.de\/blog\/wp-content\/uploads\/2019\/12\/designenlassen-imkerei-logo-elm-150x150.jpeg 150w, https:\/\/www.designenlassen.de\/blog\/wp-content\/uploads\/2019\/12\/designenlassen-imkerei-logo-elm-768x768.jpeg 768w, https:\/\/www.designenlassen.de\/blog\/wp-content\/uploads\/2019\/12\/designenlassen-imkerei-logo-elm-1536x1536.jpeg 1536w, https:\/\/www.designenlassen.de\/blog\/wp-content\/uploads\/2019\/12\/designenlassen-imkerei-logo-elm-2048x2048.jpeg 2048w\" sizes=\"(max-width: 1024px) 100vw, 1024px\" \/><\/figure>\n\n\n\n<figure class=\"wp-block-image size-large\"><img loading=\"lazy\" decoding=\"async\" width=\"1024\" height=\"1024\" data-id=\"32255\" src=\"https:\/\/www.designenlassen.de\/blog\/wp-content\/uploads\/2019\/12\/designenlassen-imkerei-logo-elm2-1024x1024.jpeg\" alt=\"\" class=\"wp-image-32255\" srcset=\"https:\/\/www.designenlassen.de\/blog\/wp-content\/uploads\/2019\/12\/designenlassen-imkerei-logo-elm2-1024x1024.jpeg 1024w, https:\/\/www.designenlassen.de\/blog\/wp-content\/uploads\/2019\/12\/designenlassen-imkerei-logo-elm2-300x300.jpeg 300w, https:\/\/www.designenlassen.de\/blog\/wp-content\/uploads\/2019\/12\/designenlassen-imkerei-logo-elm2-150x150.jpeg 150w, https:\/\/www.designenlassen.de\/blog\/wp-content\/uploads\/2019\/12\/designenlassen-imkerei-logo-elm2-768x768.jpeg 768w, https:\/\/www.designenlassen.de\/blog\/wp-content\/uploads\/2019\/12\/designenlassen-imkerei-logo-elm2-1536x1536.jpeg 1536w, https:\/\/www.designenlassen.de\/blog\/wp-content\/uploads\/2019\/12\/designenlassen-imkerei-logo-elm2-2048x2048.jpeg 2048w\" sizes=\"(max-width: 1024px) 100vw, 1024px\" \/><\/figure>\n\n\n\n<figure class=\"wp-block-image size-large\"><img loading=\"lazy\" decoding=\"async\" width=\"1024\" height=\"673\" data-id=\"32257\" src=\"https:\/\/www.designenlassen.de\/blog\/wp-content\/uploads\/2019\/12\/designenlassen-imkerei-logo-pargolo-1024x673.jpeg\" alt=\"\" class=\"wp-image-32257\" srcset=\"https:\/\/www.designenlassen.de\/blog\/wp-content\/uploads\/2019\/12\/designenlassen-imkerei-logo-pargolo-1024x673.jpeg 1024w, https:\/\/www.designenlassen.de\/blog\/wp-content\/uploads\/2019\/12\/designenlassen-imkerei-logo-pargolo-300x197.jpeg 300w, https:\/\/www.designenlassen.de\/blog\/wp-content\/uploads\/2019\/12\/designenlassen-imkerei-logo-pargolo-768x505.jpeg 768w, https:\/\/www.designenlassen.de\/blog\/wp-content\/uploads\/2019\/12\/designenlassen-imkerei-logo-pargolo-1536x1010.jpeg 1536w, https:\/\/www.designenlassen.de\/blog\/wp-content\/uploads\/2019\/12\/designenlassen-imkerei-logo-pargolo.jpeg 1844w\" sizes=\"(max-width: 1024px) 100vw, 1024px\" \/><\/figure>\n<\/figure>\n\n\n\n<div class=\"wp-block-buttons is-content-justification-center is-layout-flex wp-container-core-buttons-is-layout-16018d1d wp-block-buttons-is-layout-flex\">\n<div class=\"wp-block-button is-style-fill\"><a class=\"wp-block-button__link has-white-color has-text-color has-background has-text-align-left wp-element-button\" href=\"https:\/\/www.designenlassen.de\/logo-design?utm_source=blog&amp;utm_medium=button&amp;utm_campaign=blog-beitraege\" style=\"background-color:#091182\">Jetzt Logo erstellen<\/a><\/div>\n<\/div>\n\n\n\n<div style=\"height:34px\" aria-hidden=\"true\" class=\"wp-block-spacer\"><\/div>\n\n\n\n<h2 class=\"wp-block-heading\">Illustrierte Imker-Logos, die mehr als einzigartig sind<\/h2>\n\n\n\n<p>Eine M\u00f6glichkeit, um sich perfekt von der Konkurrenz abzuheben und das eigene Unternehmen auf eine ganz einzigartige und individuelle Art und Weise zu pr\u00e4sentieren, ist die Verwendung eines illustrierten Imker Logos, bei dem einzelne Elemente eingebaut werden k\u00f6nnen, die Du pers\u00f6nlich mit Deinem Unternehmen, der T\u00e4tigkeit oder der Regionalit\u00e4t in Verbindung bringst. Ein <a href=\"https:\/\/www.designenlassen.de\/blog\/wie-du-eine-marke-mit-maximalem-wiedererkennungswert-schaffen-kannst\/\">Alleinstellungsmerkmal<\/a> erzeugst Du durch eine kreative Illustration auf jeden Fall.<\/p>\n\n\n\n<figure class=\"wp-block-gallery has-nested-images columns-default is-cropped dl_picsub_black wp-block-gallery-8 is-layout-flex wp-block-gallery-is-layout-flex\">\n<figure class=\"wp-block-image size-large\"><img loading=\"lazy\" decoding=\"async\" width=\"800\" height=\"625\" data-id=\"18848\" src=\"https:\/\/www.designenlassen.de\/blog\/wp-content\/uploads\/2019\/11\/Imker-Logo-Bienenwerk-696869-cschulz.png\" alt=\"Imker-Logo-Bienenwerk\" class=\"wp-image-18848\" srcset=\"https:\/\/www.designenlassen.de\/blog\/wp-content\/uploads\/2019\/11\/Imker-Logo-Bienenwerk-696869-cschulz.png 800w, https:\/\/www.designenlassen.de\/blog\/wp-content\/uploads\/2019\/11\/Imker-Logo-Bienenwerk-696869-cschulz-300x234.png 300w, https:\/\/www.designenlassen.de\/blog\/wp-content\/uploads\/2019\/11\/Imker-Logo-Bienenwerk-696869-cschulz-768x600.png 768w, https:\/\/www.designenlassen.de\/blog\/wp-content\/uploads\/2019\/11\/Imker-Logo-Bienenwerk-696869-cschulz-585x457.png 585w, https:\/\/www.designenlassen.de\/blog\/wp-content\/uploads\/2019\/11\/Imker-Logo-Bienenwerk-696869-cschulz-600x469.png 600w\" sizes=\"(max-width: 800px) 100vw, 800px\" \/><figcaption class=\"wp-element-caption\"><a href=\"https:\/\/www.designenlassen.de\/696869-logo-design-fuer-eine-imkerei-mit-landschaftsobstbau-gesucht\">Imker Logo f\u00fcr BienenWerk von Designer cschulz<\/a><\/figcaption><\/figure>\n<\/figure>\n\n\n\n<figure class=\"wp-block-gallery has-nested-images columns-default is-cropped dl_picsub_black wp-block-gallery-9 is-layout-flex wp-block-gallery-is-layout-flex\">\n<figure class=\"wp-block-image size-large\"><img loading=\"lazy\" decoding=\"async\" width=\"338\" height=\"338\" data-id=\"18849\" src=\"https:\/\/www.designenlassen.de\/blog\/wp-content\/uploads\/2019\/11\/Imker-Logo-Schiele-Imkerei-158595-Grey.jpg\" alt=\"Imker-Logo-Schiele-Imkerei\" class=\"wp-image-18849\" srcset=\"https:\/\/www.designenlassen.de\/blog\/wp-content\/uploads\/2019\/11\/Imker-Logo-Schiele-Imkerei-158595-Grey.jpg 338w, https:\/\/www.designenlassen.de\/blog\/wp-content\/uploads\/2019\/11\/Imker-Logo-Schiele-Imkerei-158595-Grey-150x150.jpg 150w, https:\/\/www.designenlassen.de\/blog\/wp-content\/uploads\/2019\/11\/Imker-Logo-Schiele-Imkerei-158595-Grey-300x300.jpg 300w\" sizes=\"(max-width: 338px) 100vw, 338px\" \/><figcaption class=\"wp-element-caption\">Design von Grey<\/figcaption><\/figure>\n\n\n\n<figure class=\"wp-block-image size-large\"><img loading=\"lazy\" decoding=\"async\" width=\"338\" height=\"338\" data-id=\"18850\" src=\"https:\/\/www.designenlassen.de\/blog\/wp-content\/uploads\/2019\/11\/Imkerei-Logo-Design-Degode-269695-DIZAJNAVIENNA.jpg\" alt=\"Imkerei-Logo-Design-Degode\" class=\"wp-image-18850\" srcset=\"https:\/\/www.designenlassen.de\/blog\/wp-content\/uploads\/2019\/11\/Imkerei-Logo-Design-Degode-269695-DIZAJNAVIENNA.jpg 338w, https:\/\/www.designenlassen.de\/blog\/wp-content\/uploads\/2019\/11\/Imkerei-Logo-Design-Degode-269695-DIZAJNAVIENNA-150x150.jpg 150w, https:\/\/www.designenlassen.de\/blog\/wp-content\/uploads\/2019\/11\/Imkerei-Logo-Design-Degode-269695-DIZAJNAVIENNA-300x300.jpg 300w\" sizes=\"(max-width: 338px) 100vw, 338px\" \/><figcaption class=\"wp-element-caption\">Design von DIZAJNAVIENNA<\/figcaption><\/figure>\n<\/figure>\n\n\n\n<figure class=\"wp-block-gallery has-nested-images columns-default is-cropped dl_picsub_black wp-block-gallery-10 is-layout-flex wp-block-gallery-is-layout-flex\">\n<figure class=\"wp-block-image size-large\"><img loading=\"lazy\" decoding=\"async\" width=\"800\" height=\"518\" data-id=\"18852\" src=\"https:\/\/www.designenlassen.de\/blog\/wp-content\/uploads\/2019\/11\/Imker-Logo-Imkerei-Mauracher-212383-lettArie.jpg\" alt=\"Imker-Logo-Imkerei-Mauracher\" class=\"wp-image-18852\" srcset=\"https:\/\/www.designenlassen.de\/blog\/wp-content\/uploads\/2019\/11\/Imker-Logo-Imkerei-Mauracher-212383-lettArie.jpg 800w, https:\/\/www.designenlassen.de\/blog\/wp-content\/uploads\/2019\/11\/Imker-Logo-Imkerei-Mauracher-212383-lettArie-300x194.jpg 300w, https:\/\/www.designenlassen.de\/blog\/wp-content\/uploads\/2019\/11\/Imker-Logo-Imkerei-Mauracher-212383-lettArie-768x497.jpg 768w\" sizes=\"(max-width: 800px) 100vw, 800px\" \/><figcaption class=\"wp-element-caption\"><a href=\"https:\/\/www.designenlassen.de\/212383-logo-design-mit-biene-fuer-junge-imkerin\">Logo-Design f\u00fcr junge Imkerin von Designerin lettArie<\/a><\/figcaption><\/figure>\n<\/figure>\n\n\n\n<figure class=\"wp-block-gallery has-nested-images columns-default is-cropped dl_picsub_black wp-block-gallery-11 is-layout-flex wp-block-gallery-is-layout-flex\">\n<figure class=\"wp-block-image size-large\"><img loading=\"lazy\" decoding=\"async\" width=\"800\" height=\"422\" data-id=\"18851\" src=\"https:\/\/www.designenlassen.de\/blog\/wp-content\/uploads\/2019\/11\/Summserei-Feiner-Honig-Logo-Design-Imker-548364-neno.jpg\" alt=\"Summserei-Feiner-Honig-Logo-Design-Imker\" class=\"wp-image-18851\" srcset=\"https:\/\/www.designenlassen.de\/blog\/wp-content\/uploads\/2019\/11\/Summserei-Feiner-Honig-Logo-Design-Imker-548364-neno.jpg 800w, https:\/\/www.designenlassen.de\/blog\/wp-content\/uploads\/2019\/11\/Summserei-Feiner-Honig-Logo-Design-Imker-548364-neno-300x158.jpg 300w, https:\/\/www.designenlassen.de\/blog\/wp-content\/uploads\/2019\/11\/Summserei-Feiner-Honig-Logo-Design-Imker-548364-neno-768x405.jpg 768w\" sizes=\"(max-width: 800px) 100vw, 800px\" \/><figcaption class=\"wp-element-caption\">Imkerei Logo f\u00fcr Summserei von Designer neno<\/figcaption><\/figure>\n<\/figure>\n\n\n\n<figure class=\"wp-block-gallery has-nested-images columns-default is-cropped dl_picsub_black wp-block-gallery-12 is-layout-flex wp-block-gallery-is-layout-flex\">\n<figure class=\"wp-block-image size-large\"><img loading=\"lazy\" decoding=\"async\" width=\"338\" height=\"338\" data-id=\"18854\" src=\"https:\/\/www.designenlassen.de\/blog\/wp-content\/uploads\/2019\/11\/Warbollaner-Bl\u00fctenhonig-Fuchshonig-Imker-Logo-335326-Vioversum.png\" alt=\"Warbollaner-Bl\u00fctenhonig-Fuchshonig-Imker-Logo\" class=\"wp-image-18854\" srcset=\"https:\/\/www.designenlassen.de\/blog\/wp-content\/uploads\/2019\/11\/Warbollaner-Bl\u00fctenhonig-Fuchshonig-Imker-Logo-335326-Vioversum.png 338w, https:\/\/www.designenlassen.de\/blog\/wp-content\/uploads\/2019\/11\/Warbollaner-Bl\u00fctenhonig-Fuchshonig-Imker-Logo-335326-Vioversum-150x150.png 150w, https:\/\/www.designenlassen.de\/blog\/wp-content\/uploads\/2019\/11\/Warbollaner-Bl\u00fctenhonig-Fuchshonig-Imker-Logo-335326-Vioversum-300x300.png 300w\" sizes=\"(max-width: 338px) 100vw, 338px\" \/><figcaption class=\"wp-element-caption\">Design von Vioversum<\/figcaption><\/figure>\n\n\n\n<figure class=\"wp-block-image size-large\"><img loading=\"lazy\" decoding=\"async\" width=\"338\" height=\"338\" data-id=\"18853\" src=\"https:\/\/www.designenlassen.de\/blog\/wp-content\/uploads\/2019\/11\/Logo-Imker-Beekeeper-444583-GasMin.jpg\" alt=\"Logo Imker Beekeeper\" class=\"wp-image-18853\" srcset=\"https:\/\/www.designenlassen.de\/blog\/wp-content\/uploads\/2019\/11\/Logo-Imker-Beekeeper-444583-GasMin.jpg 338w, https:\/\/www.designenlassen.de\/blog\/wp-content\/uploads\/2019\/11\/Logo-Imker-Beekeeper-444583-GasMin-150x150.jpg 150w, https:\/\/www.designenlassen.de\/blog\/wp-content\/uploads\/2019\/11\/Logo-Imker-Beekeeper-444583-GasMin-300x300.jpg 300w\" sizes=\"(max-width: 338px) 100vw, 338px\" \/><figcaption class=\"wp-element-caption\">Design von GasMin<\/figcaption><\/figure>\n<\/figure>\n\n\n\n<figure class=\"wp-block-gallery has-nested-images columns-default is-cropped dl_picsub_black wp-block-gallery-13 is-layout-flex wp-block-gallery-is-layout-flex\">\n<figure class=\"wp-block-image size-large\"><img loading=\"lazy\" decoding=\"async\" width=\"800\" height=\"536\" data-id=\"18855\" src=\"https:\/\/www.designenlassen.de\/blog\/wp-content\/uploads\/2019\/11\/Imkerei-Logo-Bienenwerk-696869-Schnacki2.jpg\" alt=\"Imkerei-Logo-Bienenwerk\" class=\"wp-image-18855\" srcset=\"https:\/\/www.designenlassen.de\/blog\/wp-content\/uploads\/2019\/11\/Imkerei-Logo-Bienenwerk-696869-Schnacki2.jpg 800w, https:\/\/www.designenlassen.de\/blog\/wp-content\/uploads\/2019\/11\/Imkerei-Logo-Bienenwerk-696869-Schnacki2-300x201.jpg 300w, https:\/\/www.designenlassen.de\/blog\/wp-content\/uploads\/2019\/11\/Imkerei-Logo-Bienenwerk-696869-Schnacki2-768x515.jpg 768w\" sizes=\"(max-width: 800px) 100vw, 800px\" \/><figcaption class=\"wp-element-caption\">Imker Logo f\u00fcr BienenWerk von Schnacki2<\/figcaption><\/figure>\n<\/figure>\n\n\n\n<h2 class=\"wp-block-heading\">Moderne Imkerei-Logos<\/h2>\n\n\n\n<p>Es muss nicht immer klassisch sein. Honig ist bei Jung und Alt beliebt und deshalb kann man mit einem modernen Design neue Zielgruppen erschlie\u00dfen. <a href=\"https:\/\/www.designenlassen.de\/blog\/farben-und-ihre-bedeutung\/\">Farben<\/a> wie Schwarz und Gold lassen das Honig-Logo elegant und hochwertig wirken. Verspielte Designs ziehen dagegen ein j\u00fcngeres Publikum an. <\/p>\n\n\n\n<figure class=\"wp-block-gallery has-nested-images columns-default is-cropped wp-block-gallery-14 is-layout-flex wp-block-gallery-is-layout-flex\">\n<figure class=\"wp-block-image size-large\"><img loading=\"lazy\" decoding=\"async\" width=\"1024\" height=\"641\" data-id=\"32250\" src=\"https:\/\/www.designenlassen.de\/blog\/wp-content\/uploads\/2019\/12\/designenlassen-honig-logo-manuka-honig-1024x641.jpeg\" alt=\"\" class=\"wp-image-32250\" srcset=\"https:\/\/www.designenlassen.de\/blog\/wp-content\/uploads\/2019\/12\/designenlassen-honig-logo-manuka-honig-1024x641.jpeg 1024w, https:\/\/www.designenlassen.de\/blog\/wp-content\/uploads\/2019\/12\/designenlassen-honig-logo-manuka-honig-300x188.jpeg 300w, https:\/\/www.designenlassen.de\/blog\/wp-content\/uploads\/2019\/12\/designenlassen-honig-logo-manuka-honig-768x480.jpeg 768w, https:\/\/www.designenlassen.de\/blog\/wp-content\/uploads\/2019\/12\/designenlassen-honig-logo-manuka-honig-1536x961.jpeg 1536w, https:\/\/www.designenlassen.de\/blog\/wp-content\/uploads\/2019\/12\/designenlassen-honig-logo-manuka-honig-2048x1281.jpeg 2048w\" sizes=\"(max-width: 1024px) 100vw, 1024px\" \/><\/figure>\n<\/figure>\n\n\n\n<figure class=\"wp-block-gallery has-nested-images columns-2 is-cropped wp-block-gallery-15 is-layout-flex wp-block-gallery-is-layout-flex\">\n<figure class=\"wp-block-image size-large\"><img loading=\"lazy\" decoding=\"async\" width=\"1024\" height=\"1024\" data-id=\"32259\" src=\"https:\/\/www.designenlassen.de\/blog\/wp-content\/uploads\/2019\/12\/designenlassen-imkerei-logo-stadtrandimker-1024x1024.png\" alt=\"\" class=\"wp-image-32259\" srcset=\"https:\/\/www.designenlassen.de\/blog\/wp-content\/uploads\/2019\/12\/designenlassen-imkerei-logo-stadtrandimker-1024x1024.png 1024w, https:\/\/www.designenlassen.de\/blog\/wp-content\/uploads\/2019\/12\/designenlassen-imkerei-logo-stadtrandimker-300x300.png 300w, https:\/\/www.designenlassen.de\/blog\/wp-content\/uploads\/2019\/12\/designenlassen-imkerei-logo-stadtrandimker-150x150.png 150w, https:\/\/www.designenlassen.de\/blog\/wp-content\/uploads\/2019\/12\/designenlassen-imkerei-logo-stadtrandimker-768x768.png 768w, https:\/\/www.designenlassen.de\/blog\/wp-content\/uploads\/2019\/12\/designenlassen-imkerei-logo-stadtrandimker-1536x1536.png 1536w, https:\/\/www.designenlassen.de\/blog\/wp-content\/uploads\/2019\/12\/designenlassen-imkerei-logo-stadtrandimker.png 1863w\" sizes=\"(max-width: 1024px) 100vw, 1024px\" \/><\/figure>\n\n\n\n<figure class=\"wp-block-image size-large\"><img loading=\"lazy\" decoding=\"async\" width=\"1024\" height=\"1024\" data-id=\"32258\" src=\"https:\/\/www.designenlassen.de\/blog\/wp-content\/uploads\/2019\/12\/designenlassen-imkerei-logo-seehonig.jpeg\" alt=\"\" class=\"wp-image-32258\" srcset=\"https:\/\/www.designenlassen.de\/blog\/wp-content\/uploads\/2019\/12\/designenlassen-imkerei-logo-seehonig.jpeg 1024w, https:\/\/www.designenlassen.de\/blog\/wp-content\/uploads\/2019\/12\/designenlassen-imkerei-logo-seehonig-300x300.jpeg 300w, https:\/\/www.designenlassen.de\/blog\/wp-content\/uploads\/2019\/12\/designenlassen-imkerei-logo-seehonig-150x150.jpeg 150w, https:\/\/www.designenlassen.de\/blog\/wp-content\/uploads\/2019\/12\/designenlassen-imkerei-logo-seehonig-768x768.jpeg 768w\" sizes=\"(max-width: 1024px) 100vw, 1024px\" \/><\/figure>\n\n\n\n<figure class=\"wp-block-image size-large\"><img loading=\"lazy\" decoding=\"async\" width=\"800\" height=\"600\" data-id=\"32256\" src=\"https:\/\/www.designenlassen.de\/blog\/wp-content\/uploads\/2019\/12\/designenlassen-imkerei-logo-kilians.jpeg\" alt=\"\" class=\"wp-image-32256\" srcset=\"https:\/\/www.designenlassen.de\/blog\/wp-content\/uploads\/2019\/12\/designenlassen-imkerei-logo-kilians.jpeg 800w, https:\/\/www.designenlassen.de\/blog\/wp-content\/uploads\/2019\/12\/designenlassen-imkerei-logo-kilians-300x225.jpeg 300w, https:\/\/www.designenlassen.de\/blog\/wp-content\/uploads\/2019\/12\/designenlassen-imkerei-logo-kilians-768x576.jpeg 768w\" sizes=\"(max-width: 800px) 100vw, 800px\" \/><\/figure>\n\n\n\n<figure class=\"wp-block-image size-large\"><img loading=\"lazy\" decoding=\"async\" width=\"1024\" height=\"1024\" data-id=\"32252\" src=\"https:\/\/www.designenlassen.de\/blog\/wp-content\/uploads\/2019\/12\/designenlassen-imkerei-logo-beebandits.jpeg\" alt=\"\" class=\"wp-image-32252\" srcset=\"https:\/\/www.designenlassen.de\/blog\/wp-content\/uploads\/2019\/12\/designenlassen-imkerei-logo-beebandits.jpeg 1024w, https:\/\/www.designenlassen.de\/blog\/wp-content\/uploads\/2019\/12\/designenlassen-imkerei-logo-beebandits-300x300.jpeg 300w, https:\/\/www.designenlassen.de\/blog\/wp-content\/uploads\/2019\/12\/designenlassen-imkerei-logo-beebandits-150x150.jpeg 150w, https:\/\/www.designenlassen.de\/blog\/wp-content\/uploads\/2019\/12\/designenlassen-imkerei-logo-beebandits-768x768.jpeg 768w\" sizes=\"(max-width: 1024px) 100vw, 1024px\" \/><\/figure>\n\n\n\n<figure class=\"wp-block-image size-large\"><img loading=\"lazy\" decoding=\"async\" width=\"1024\" height=\"724\" data-id=\"32253\" src=\"https:\/\/www.designenlassen.de\/blog\/wp-content\/uploads\/2019\/12\/designenlassen-imkerei-logo-beebandits-1024x724.png\" alt=\"\" class=\"wp-image-32253\" srcset=\"https:\/\/www.designenlassen.de\/blog\/wp-content\/uploads\/2019\/12\/designenlassen-imkerei-logo-beebandits-1024x724.png 1024w, https:\/\/www.designenlassen.de\/blog\/wp-content\/uploads\/2019\/12\/designenlassen-imkerei-logo-beebandits-300x212.png 300w, https:\/\/www.designenlassen.de\/blog\/wp-content\/uploads\/2019\/12\/designenlassen-imkerei-logo-beebandits-768x543.png 768w, https:\/\/www.designenlassen.de\/blog\/wp-content\/uploads\/2019\/12\/designenlassen-imkerei-logo-beebandits-1536x1086.png 1536w, https:\/\/www.designenlassen.de\/blog\/wp-content\/uploads\/2019\/12\/designenlassen-imkerei-logo-beebandits.png 1754w\" sizes=\"(max-width: 1024px) 100vw, 1024px\" \/><\/figure>\n\n\n\n<figure class=\"wp-block-image size-large\"><img loading=\"lazy\" decoding=\"async\" width=\"1024\" height=\"1024\" data-id=\"32254\" src=\"https:\/\/www.designenlassen.de\/blog\/wp-content\/uploads\/2019\/12\/designenlassen-imkerei-logo-elm-1024x1024.jpeg\" alt=\"\" class=\"wp-image-32254\" srcset=\"https:\/\/www.designenlassen.de\/blog\/wp-content\/uploads\/2019\/12\/designenlassen-imkerei-logo-elm-1024x1024.jpeg 1024w, https:\/\/www.designenlassen.de\/blog\/wp-content\/uploads\/2019\/12\/designenlassen-imkerei-logo-elm-300x300.jpeg 300w, https:\/\/www.designenlassen.de\/blog\/wp-content\/uploads\/2019\/12\/designenlassen-imkerei-logo-elm-150x150.jpeg 150w, https:\/\/www.designenlassen.de\/blog\/wp-content\/uploads\/2019\/12\/designenlassen-imkerei-logo-elm-768x768.jpeg 768w, https:\/\/www.designenlassen.de\/blog\/wp-content\/uploads\/2019\/12\/designenlassen-imkerei-logo-elm-1536x1536.jpeg 1536w, https:\/\/www.designenlassen.de\/blog\/wp-content\/uploads\/2019\/12\/designenlassen-imkerei-logo-elm-2048x2048.jpeg 2048w\" sizes=\"(max-width: 1024px) 100vw, 1024px\" \/><\/figure>\n<\/figure>\n\n\n\n<figure class=\"wp-block-gallery has-nested-images columns-default is-cropped wp-block-gallery-16 is-layout-flex wp-block-gallery-is-layout-flex\">\n<figure class=\"wp-block-image size-large\"><img loading=\"lazy\" decoding=\"async\" width=\"1024\" height=\"630\" data-id=\"32249\" src=\"https:\/\/www.designenlassen.de\/blog\/wp-content\/uploads\/2019\/12\/designenlassen-honig-logo-bienenmaedel-1024x630.jpeg\" alt=\"\" class=\"wp-image-32249\" srcset=\"https:\/\/www.designenlassen.de\/blog\/wp-content\/uploads\/2019\/12\/designenlassen-honig-logo-bienenmaedel-1024x630.jpeg 1024w, https:\/\/www.designenlassen.de\/blog\/wp-content\/uploads\/2019\/12\/designenlassen-honig-logo-bienenmaedel-300x184.jpeg 300w, https:\/\/www.designenlassen.de\/blog\/wp-content\/uploads\/2019\/12\/designenlassen-honig-logo-bienenmaedel-768x472.jpeg 768w, https:\/\/www.designenlassen.de\/blog\/wp-content\/uploads\/2019\/12\/designenlassen-honig-logo-bienenmaedel-1536x945.jpeg 1536w, https:\/\/www.designenlassen.de\/blog\/wp-content\/uploads\/2019\/12\/designenlassen-honig-logo-bienenmaedel.jpeg 1675w\" sizes=\"(max-width: 1024px) 100vw, 1024px\" \/><\/figure>\n<\/figure>\n\n\n\n<h2 class=\"wp-block-heading\">Emblem-Logos f\u00fcr Imkerei<\/h2>\n\n\n\n<p>Das Imker <a href=\"https:\/\/www.designenlassen.de\/blog\/48-emblem-logos-die-dich-und-deine-kunden-besonders-verbinden\/\">Logo in Form eines Emblems<\/a> verbindet Dich und Deine Kunden auf eine ganz besondere Weise, denn bei dieser speziellen Art des Logos verschmilzt der typografische Anteil des Designs mit dem grafischen Teil und ergibt somit ein einzelnes, gesamtes Logo. Da das Imker-Logo auch sehr oft auf den <a href=\"https:\/\/www.designenlassen.de\/blog\/14-honig-etiketten-designs-die-optisch-besonders-ueberzeugen\/\">Honigetiketten der Gl\u00e4ser<\/a> Verwendung findet, ist das Emblem-Logo sehr beliebt unter Imkereien.<\/p>\n\n\n\n<figure class=\"wp-block-gallery has-nested-images columns-default is-cropped dl_picsub_black wp-block-gallery-17 is-layout-flex wp-block-gallery-is-layout-flex\">\n<figure class=\"wp-block-image size-large\"><img loading=\"lazy\" decoding=\"async\" width=\"800\" height=\"485\" data-id=\"18856\" src=\"https:\/\/www.designenlassen.de\/blog\/wp-content\/uploads\/2019\/11\/Imkerei-Gro\u00dfmann-Imker-Logo-Desingner-755313-Kai79.jpg\" alt=\"Imkerei-Gro\u00dfmann-Imker-Logo-Desingner\" class=\"wp-image-18856\" srcset=\"https:\/\/www.designenlassen.de\/blog\/wp-content\/uploads\/2019\/11\/Imkerei-Gro\u00dfmann-Imker-Logo-Desingner-755313-Kai79.jpg 800w, https:\/\/www.designenlassen.de\/blog\/wp-content\/uploads\/2019\/11\/Imkerei-Gro\u00dfmann-Imker-Logo-Desingner-755313-Kai79-300x182.jpg 300w, https:\/\/www.designenlassen.de\/blog\/wp-content\/uploads\/2019\/11\/Imkerei-Gro\u00dfmann-Imker-Logo-Desingner-755313-Kai79-768x466.jpg 768w\" sizes=\"(max-width: 800px) 100vw, 800px\" \/><figcaption class=\"wp-element-caption\"><a href=\"https:\/\/www.designenlassen.de\/755313-imkerei-sucht-logo\">Imkerei Gro\u00dfmann ben\u00f6tigte ein Imker Logo &#8211; Design von Kai97<\/a><\/figcaption><\/figure>\n<\/figure>\n\n\n\n<figure class=\"wp-block-gallery has-nested-images columns-default is-cropped dl_picsub_black wp-block-gallery-18 is-layout-flex wp-block-gallery-is-layout-flex\">\n<figure class=\"wp-block-image size-large\"><img loading=\"lazy\" decoding=\"async\" width=\"338\" height=\"338\" data-id=\"18857\" src=\"https:\/\/www.designenlassen.de\/blog\/wp-content\/uploads\/2019\/11\/Imkerei-Degode-Imkerei-Logo-Design-269695-ndesign.jpg\" alt=\"Imkerei-Degode-Imkerei-Logo-Design\" class=\"wp-image-18857\" srcset=\"https:\/\/www.designenlassen.de\/blog\/wp-content\/uploads\/2019\/11\/Imkerei-Degode-Imkerei-Logo-Design-269695-ndesign.jpg 338w, https:\/\/www.designenlassen.de\/blog\/wp-content\/uploads\/2019\/11\/Imkerei-Degode-Imkerei-Logo-Design-269695-ndesign-150x150.jpg 150w, https:\/\/www.designenlassen.de\/blog\/wp-content\/uploads\/2019\/11\/Imkerei-Degode-Imkerei-Logo-Design-269695-ndesign-300x300.jpg 300w\" sizes=\"(max-width: 338px) 100vw, 338px\" \/><figcaption class=\"wp-element-caption\">Design von ndesign<\/figcaption><\/figure>\n\n\n\n<figure class=\"wp-block-image size-large\"><img loading=\"lazy\" decoding=\"async\" width=\"338\" height=\"338\" data-id=\"18858\" src=\"https:\/\/www.designenlassen.de\/blog\/wp-content\/uploads\/2019\/11\/Imkerei-Logo-Honig-Manufaktur-934772-Silentsmile.jpg\" alt=\"Imkerei-Logo-Honig-Manufaktur\" class=\"wp-image-18858\" srcset=\"https:\/\/www.designenlassen.de\/blog\/wp-content\/uploads\/2019\/11\/Imkerei-Logo-Honig-Manufaktur-934772-Silentsmile.jpg 338w, https:\/\/www.designenlassen.de\/blog\/wp-content\/uploads\/2019\/11\/Imkerei-Logo-Honig-Manufaktur-934772-Silentsmile-150x150.jpg 150w, https:\/\/www.designenlassen.de\/blog\/wp-content\/uploads\/2019\/11\/Imkerei-Logo-Honig-Manufaktur-934772-Silentsmile-300x300.jpg 300w\" sizes=\"(max-width: 338px) 100vw, 338px\" \/><figcaption class=\"wp-element-caption\">Design von Silentsmile<\/figcaption><\/figure>\n<\/figure>\n\n\n\n<figure class=\"wp-block-gallery has-nested-images columns-default is-cropped dl_picsub_black wp-block-gallery-19 is-layout-flex wp-block-gallery-is-layout-flex\">\n<figure class=\"wp-block-image size-large\"><img loading=\"lazy\" decoding=\"async\" width=\"800\" height=\"501\" data-id=\"18859\" src=\"https:\/\/www.designenlassen.de\/blog\/wp-content\/uploads\/2019\/11\/Honigmanufaktur-Meisterbetrieb-Imker-Logo-934772-star9.png\" alt=\"Honigmanufaktur-Meisterbetrieb-Imker-Logo\" class=\"wp-image-18859\" srcset=\"https:\/\/www.designenlassen.de\/blog\/wp-content\/uploads\/2019\/11\/Honigmanufaktur-Meisterbetrieb-Imker-Logo-934772-star9.png 800w, https:\/\/www.designenlassen.de\/blog\/wp-content\/uploads\/2019\/11\/Honigmanufaktur-Meisterbetrieb-Imker-Logo-934772-star9-300x188.png 300w, https:\/\/www.designenlassen.de\/blog\/wp-content\/uploads\/2019\/11\/Honigmanufaktur-Meisterbetrieb-Imker-Logo-934772-star9-768x481.png 768w\" sizes=\"(max-width: 800px) 100vw, 800px\" \/><figcaption class=\"wp-element-caption\"><a href=\"https:\/\/www.designenlassen.de\/934772-bio-imkerei-sucht-logo\">Logo-Design f\u00fcr Bio-Imkerei von Designer star9<\/a><\/figcaption><\/figure>\n<\/figure>\n\n\n\n<figure class=\"wp-block-gallery has-nested-images columns-default is-cropped dl_picsub_black wp-block-gallery-20 is-layout-flex wp-block-gallery-is-layout-flex\">\n<figure class=\"wp-block-image size-large\"><img loading=\"lazy\" decoding=\"async\" width=\"800\" height=\"556\" data-id=\"18864\" src=\"https:\/\/www.designenlassen.de\/blog\/wp-content\/uploads\/2019\/11\/Logo-Imkerei-Honig-Manufaktur-934772-Silentsmile.jpg\" alt=\"Logo-Imkerei-Honig-Manufaktur\" class=\"wp-image-18864\" srcset=\"https:\/\/www.designenlassen.de\/blog\/wp-content\/uploads\/2019\/11\/Logo-Imkerei-Honig-Manufaktur-934772-Silentsmile.jpg 800w, https:\/\/www.designenlassen.de\/blog\/wp-content\/uploads\/2019\/11\/Logo-Imkerei-Honig-Manufaktur-934772-Silentsmile-300x209.jpg 300w, https:\/\/www.designenlassen.de\/blog\/wp-content\/uploads\/2019\/11\/Logo-Imkerei-Honig-Manufaktur-934772-Silentsmile-768x534.jpg 768w\" sizes=\"(max-width: 800px) 100vw, 800px\" \/><figcaption class=\"wp-element-caption\">Imker Logo f\u00fcr Honig Manufaktur von Silentsmile<\/figcaption><\/figure>\n<\/figure>\n\n\n\n<figure class=\"wp-block-gallery has-nested-images columns-default is-cropped dl_picsub_black wp-block-gallery-21 is-layout-flex wp-block-gallery-is-layout-flex\">\n<figure class=\"wp-block-image size-large\"><img loading=\"lazy\" decoding=\"async\" width=\"338\" height=\"338\" data-id=\"18860\" src=\"https:\/\/www.designenlassen.de\/blog\/wp-content\/uploads\/2019\/11\/Imkerhof-Marius-Imkerei-Logo-332121-Lungarno.jpg\" alt=\"Imkerhof-Marius-Imkerei-Logo\" class=\"wp-image-18860\" srcset=\"https:\/\/www.designenlassen.de\/blog\/wp-content\/uploads\/2019\/11\/Imkerhof-Marius-Imkerei-Logo-332121-Lungarno.jpg 338w, https:\/\/www.designenlassen.de\/blog\/wp-content\/uploads\/2019\/11\/Imkerhof-Marius-Imkerei-Logo-332121-Lungarno-150x150.jpg 150w, https:\/\/www.designenlassen.de\/blog\/wp-content\/uploads\/2019\/11\/Imkerhof-Marius-Imkerei-Logo-332121-Lungarno-300x300.jpg 300w\" sizes=\"(max-width: 338px) 100vw, 338px\" \/><figcaption class=\"wp-element-caption\">Design von Lungarno<\/figcaption><\/figure>\n\n\n\n<figure class=\"wp-block-image size-large\"><img loading=\"lazy\" decoding=\"async\" width=\"338\" height=\"338\" data-id=\"18861\" src=\"https:\/\/www.designenlassen.de\/blog\/wp-content\/uploads\/2019\/11\/Logo-Imkerei-L\u00fcffe-441862-EDNabil.jpg\" alt=\"Logo-Imkerei-L\u00fcffe\" class=\"wp-image-18861\" srcset=\"https:\/\/www.designenlassen.de\/blog\/wp-content\/uploads\/2019\/11\/Logo-Imkerei-L\u00fcffe-441862-EDNabil.jpg 338w, https:\/\/www.designenlassen.de\/blog\/wp-content\/uploads\/2019\/11\/Logo-Imkerei-L\u00fcffe-441862-EDNabil-150x150.jpg 150w, https:\/\/www.designenlassen.de\/blog\/wp-content\/uploads\/2019\/11\/Logo-Imkerei-L\u00fcffe-441862-EDNabil-300x300.jpg 300w\" sizes=\"(max-width: 338px) 100vw, 338px\" \/><figcaption class=\"wp-element-caption\">Design von EDNabil<\/figcaption><\/figure>\n<\/figure>\n\n\n\n<figure class=\"wp-block-gallery has-nested-images columns-default is-cropped dl_picsub_black wp-block-gallery-22 is-layout-flex wp-block-gallery-is-layout-flex\">\n<figure class=\"wp-block-image size-large\"><img loading=\"lazy\" decoding=\"async\" width=\"800\" height=\"456\" data-id=\"18862\" src=\"https:\/\/www.designenlassen.de\/blog\/wp-content\/uploads\/2019\/11\/Imkerei-Logo-Design-Beewald-511821-DesING.jpg\" alt=\"Imkerei-Logo-Design-Beewald\" class=\"wp-image-18862\" srcset=\"https:\/\/www.designenlassen.de\/blog\/wp-content\/uploads\/2019\/11\/Imkerei-Logo-Design-Beewald-511821-DesING.jpg 800w, https:\/\/www.designenlassen.de\/blog\/wp-content\/uploads\/2019\/11\/Imkerei-Logo-Design-Beewald-511821-DesING-300x171.jpg 300w, https:\/\/www.designenlassen.de\/blog\/wp-content\/uploads\/2019\/11\/Imkerei-Logo-Design-Beewald-511821-DesING-768x438.jpg 768w\" sizes=\"(max-width: 800px) 100vw, 800px\" \/><figcaption class=\"wp-element-caption\"><a href=\"https:\/\/www.designenlassen.de\/511821-junge-imkerei-sucht-ein-logo\">Imker Logo f\u00fcr BeeWald von Design DesING<\/a><\/figcaption><\/figure>\n<\/figure>\n\n\n\n<figure class=\"wp-block-gallery has-nested-images columns-default is-cropped dl_picsub_black wp-block-gallery-23 is-layout-flex wp-block-gallery-is-layout-flex\">\n<figure class=\"wp-block-image size-large\"><img loading=\"lazy\" decoding=\"async\" width=\"800\" height=\"320\" data-id=\"18863\" src=\"https:\/\/www.designenlassen.de\/blog\/wp-content\/uploads\/2019\/11\/Imkerhof-Marius-Logo-Imkerei-332121-kaldera.jpg\" alt=\"Imkerhof-Marius-Logo-Imkerei\" class=\"wp-image-18863\" srcset=\"https:\/\/www.designenlassen.de\/blog\/wp-content\/uploads\/2019\/11\/Imkerhof-Marius-Logo-Imkerei-332121-kaldera.jpg 800w, https:\/\/www.designenlassen.de\/blog\/wp-content\/uploads\/2019\/11\/Imkerhof-Marius-Logo-Imkerei-332121-kaldera-300x120.jpg 300w, https:\/\/www.designenlassen.de\/blog\/wp-content\/uploads\/2019\/11\/Imkerhof-Marius-Logo-Imkerei-332121-kaldera-768x307.jpg 768w\" sizes=\"(max-width: 800px) 100vw, 800px\" \/><figcaption class=\"wp-element-caption\"><a href=\"https:\/\/www.designenlassen.de\/332121-logo-design-fuer-imkerhof\">Logo f\u00fcr Imkerei von Designer kaldera<\/a><\/figcaption><\/figure>\n<\/figure>\n\n\n\n<div class=\"wp-block-buttons is-content-justification-center is-layout-flex wp-container-core-buttons-is-layout-16018d1d wp-block-buttons-is-layout-flex\">\n<div class=\"wp-block-button is-style-fill\"><a class=\"wp-block-button__link has-white-color has-text-color has-background has-text-align-left wp-element-button\" href=\"https:\/\/www.designenlassen.de\/logo-design?utm_source=blog&amp;utm_medium=button&amp;utm_campaign=blog-beitraege\" style=\"background-color:#091182\">Jetzt Logo erstellen<\/a><\/div>\n<\/div>\n\n\n\n<div style=\"height:44px\" aria-hidden=\"true\" class=\"wp-block-spacer\"><\/div>\n\n\n\n<h2 class=\"wp-block-heading\">Imker-Logos mit Biene im Design<\/h2>\n\n\n\n<p>Sieht man sich die Logo-Designs von Imkereien mal im Details an, f\u00e4llt direkt auf, dass es eine bevorzugte Art der Gestaltung gibt. <a href=\"https:\/\/www.designenlassen.de\/blog\/farben-logo-designs-mehr-als-nur-bunt\/\">Sehr h\u00e4ufige verwendete Farben sind Gelb und Schwarz<\/a>, oftmals auch in Kombination mit Wei\u00df und Grau. Im Design findet man geh\u00e4uft die Elemente, die in Verbindung mit Honig stehen und ein Element ist dabei fast jedes Mal vorhanden: Die Biene selbst.<\/p>\n\n\n\n<figure class=\"wp-block-gallery has-nested-images columns-default is-cropped dl_picsub_black wp-block-gallery-24 is-layout-flex wp-block-gallery-is-layout-flex\">\n<figure class=\"wp-block-image size-large\"><img loading=\"lazy\" decoding=\"async\" width=\"800\" height=\"506\" data-id=\"18865\" src=\"https:\/\/www.designenlassen.de\/blog\/wp-content\/uploads\/2019\/11\/Honig-Bienen-Imkerei-Logo-774679-zaqibagibagi.png\" alt=\"Honig-Bienen-Imkerei-Logo\" class=\"wp-image-18865\" srcset=\"https:\/\/www.designenlassen.de\/blog\/wp-content\/uploads\/2019\/11\/Honig-Bienen-Imkerei-Logo-774679-zaqibagibagi.png 800w, https:\/\/www.designenlassen.de\/blog\/wp-content\/uploads\/2019\/11\/Honig-Bienen-Imkerei-Logo-774679-zaqibagibagi-300x190.png 300w, https:\/\/www.designenlassen.de\/blog\/wp-content\/uploads\/2019\/11\/Honig-Bienen-Imkerei-Logo-774679-zaqibagibagi-768x486.png 768w\" sizes=\"(max-width: 800px) 100vw, 800px\" \/><figcaption class=\"wp-element-caption\"><a href=\"https:\/\/www.designenlassen.de\/774679-logo-design-fuer-imker\">Logo f\u00fcr Imkerei von Designer zaqibagibagi<\/a><\/figcaption><\/figure>\n<\/figure>\n\n\n\n<figure class=\"wp-block-gallery has-nested-images columns-default is-cropped dl_picsub_black wp-block-gallery-25 is-layout-flex wp-block-gallery-is-layout-flex\">\n<figure class=\"wp-block-image size-large\"><img loading=\"lazy\" decoding=\"async\" width=\"338\" height=\"338\" data-id=\"18869\" src=\"https:\/\/www.designenlassen.de\/blog\/wp-content\/uploads\/2019\/11\/Imkerei-Sievers-Logo-Design-Imker-944153-Marrouch.png\" alt=\"Imkerei-Sievers-Logo-Design-Imker\" class=\"wp-image-18869\" srcset=\"https:\/\/www.designenlassen.de\/blog\/wp-content\/uploads\/2019\/11\/Imkerei-Sievers-Logo-Design-Imker-944153-Marrouch.png 338w, https:\/\/www.designenlassen.de\/blog\/wp-content\/uploads\/2019\/11\/Imkerei-Sievers-Logo-Design-Imker-944153-Marrouch-150x150.png 150w, https:\/\/www.designenlassen.de\/blog\/wp-content\/uploads\/2019\/11\/Imkerei-Sievers-Logo-Design-Imker-944153-Marrouch-300x300.png 300w\" sizes=\"(max-width: 338px) 100vw, 338px\" \/><figcaption class=\"wp-element-caption\">Design von Marrouch<\/figcaption><\/figure>\n\n\n\n<figure class=\"wp-block-image size-large\"><img loading=\"lazy\" decoding=\"async\" width=\"338\" height=\"338\" data-id=\"18870\" src=\"https:\/\/www.designenlassen.de\/blog\/wp-content\/uploads\/2019\/11\/Logo-Imkerei-Sch\u00f6ner-155994-Lexlinx.png\" alt=\"Logo-Imkerei-Sch\u00f6ner\" class=\"wp-image-18870\" srcset=\"https:\/\/www.designenlassen.de\/blog\/wp-content\/uploads\/2019\/11\/Logo-Imkerei-Sch\u00f6ner-155994-Lexlinx.png 338w, https:\/\/www.designenlassen.de\/blog\/wp-content\/uploads\/2019\/11\/Logo-Imkerei-Sch\u00f6ner-155994-Lexlinx-150x150.png 150w, https:\/\/www.designenlassen.de\/blog\/wp-content\/uploads\/2019\/11\/Logo-Imkerei-Sch\u00f6ner-155994-Lexlinx-300x300.png 300w\" sizes=\"(max-width: 338px) 100vw, 338px\" \/><figcaption class=\"wp-element-caption\">Design von Lexlinx<\/figcaption><\/figure>\n<\/figure>\n\n\n\n<figure class=\"wp-block-gallery has-nested-images columns-default is-cropped dl_picsub_black wp-block-gallery-26 is-layout-flex wp-block-gallery-is-layout-flex\">\n<figure class=\"wp-block-image size-large\"><img loading=\"lazy\" decoding=\"async\" width=\"800\" height=\"466\" data-id=\"18871\" src=\"https:\/\/www.designenlassen.de\/blog\/wp-content\/uploads\/2019\/11\/Imkerei-Logo-Imkerhof-Marius-332121-Lexlinx.png\" alt=\"Imkerei-Logo-Imkerhof-Marius\" class=\"wp-image-18871\" srcset=\"https:\/\/www.designenlassen.de\/blog\/wp-content\/uploads\/2019\/11\/Imkerei-Logo-Imkerhof-Marius-332121-Lexlinx.png 800w, https:\/\/www.designenlassen.de\/blog\/wp-content\/uploads\/2019\/11\/Imkerei-Logo-Imkerhof-Marius-332121-Lexlinx-300x175.png 300w, https:\/\/www.designenlassen.de\/blog\/wp-content\/uploads\/2019\/11\/Imkerei-Logo-Imkerhof-Marius-332121-Lexlinx-768x447.png 768w\" sizes=\"(max-width: 800px) 100vw, 800px\" \/><figcaption class=\"wp-element-caption\"><a href=\"https:\/\/www.designenlassen.de\/332121-logo-design-fuer-imkerhof\">Logo-Design f\u00fcr Imkerhof Marius von Designer Lexlinx<\/a><\/figcaption><\/figure>\n<\/figure>\n\n\n\n<figure class=\"wp-block-gallery has-nested-images columns-default is-cropped dl_picsub_black wp-block-gallery-27 is-layout-flex wp-block-gallery-is-layout-flex\">\n<figure class=\"wp-block-image size-large\"><img loading=\"lazy\" decoding=\"async\" width=\"338\" height=\"338\" data-id=\"18866\" src=\"https:\/\/www.designenlassen.de\/blog\/wp-content\/uploads\/2019\/11\/Imker-Logo-Imkerei-Neumann-774679-logopedia.jpg\" alt=\"Imker-Logo-Imkerei-Neumann\" class=\"wp-image-18866\" srcset=\"https:\/\/www.designenlassen.de\/blog\/wp-content\/uploads\/2019\/11\/Imker-Logo-Imkerei-Neumann-774679-logopedia.jpg 338w, https:\/\/www.designenlassen.de\/blog\/wp-content\/uploads\/2019\/11\/Imker-Logo-Imkerei-Neumann-774679-logopedia-150x150.jpg 150w, https:\/\/www.designenlassen.de\/blog\/wp-content\/uploads\/2019\/11\/Imker-Logo-Imkerei-Neumann-774679-logopedia-300x300.jpg 300w\" sizes=\"(max-width: 338px) 100vw, 338px\" \/><figcaption class=\"wp-element-caption\">Design von logopedia<\/figcaption><\/figure>\n\n\n\n<figure class=\"wp-block-image size-large\"><img loading=\"lazy\" decoding=\"async\" width=\"338\" height=\"338\" data-id=\"18867\" src=\"https:\/\/www.designenlassen.de\/blog\/wp-content\/uploads\/2019\/11\/Imkerei-Logo-314519-ahenk.jpg\" alt=\"Imkerei-Logo\" class=\"wp-image-18867\" srcset=\"https:\/\/www.designenlassen.de\/blog\/wp-content\/uploads\/2019\/11\/Imkerei-Logo-314519-ahenk.jpg 338w, https:\/\/www.designenlassen.de\/blog\/wp-content\/uploads\/2019\/11\/Imkerei-Logo-314519-ahenk-150x150.jpg 150w, https:\/\/www.designenlassen.de\/blog\/wp-content\/uploads\/2019\/11\/Imkerei-Logo-314519-ahenk-300x300.jpg 300w\" sizes=\"(max-width: 338px) 100vw, 338px\" \/><figcaption class=\"wp-element-caption\">Design von ahenk<\/figcaption><\/figure>\n<\/figure>\n\n\n\n<figure class=\"wp-block-gallery has-nested-images columns-default is-cropped dl_picsub_black wp-block-gallery-28 is-layout-flex wp-block-gallery-is-layout-flex\">\n<figure class=\"wp-block-image size-large\"><img loading=\"lazy\" decoding=\"async\" width=\"800\" height=\"486\" data-id=\"18868\" src=\"https:\/\/www.designenlassen.de\/blog\/wp-content\/uploads\/2019\/11\/Imkerei-Neumann-Imker-Logo-774679-logopedia.jpg\" alt=\"Imkerei-Neumann-Imker-Logo\" class=\"wp-image-18868\" srcset=\"https:\/\/www.designenlassen.de\/blog\/wp-content\/uploads\/2019\/11\/Imkerei-Neumann-Imker-Logo-774679-logopedia.jpg 800w, https:\/\/www.designenlassen.de\/blog\/wp-content\/uploads\/2019\/11\/Imkerei-Neumann-Imker-Logo-774679-logopedia-300x182.jpg 300w, https:\/\/www.designenlassen.de\/blog\/wp-content\/uploads\/2019\/11\/Imkerei-Neumann-Imker-Logo-774679-logopedia-768x467.jpg 768w\" sizes=\"(max-width: 800px) 100vw, 800px\" \/><figcaption class=\"wp-element-caption\"><a href=\"https:\/\/www.designenlassen.de\/774679-logo-design-fuer-imker\">Imker Logo f\u00fcr Imkerei Neumann von logopedia<\/a><\/figcaption><\/figure>\n<\/figure>\n\n\n\n<figure class=\"wp-block-gallery has-nested-images columns-default is-cropped dl_picsub_black wp-block-gallery-29 is-layout-flex wp-block-gallery-is-layout-flex\">\n<figure class=\"wp-block-image size-large\"><img loading=\"lazy\" decoding=\"async\" width=\"338\" height=\"338\" data-id=\"18872\" src=\"https:\/\/www.designenlassen.de\/blog\/wp-content\/uploads\/2019\/11\/Logo-Design-Imker-BeeWald-511821-rsdesign.jpg\" alt=\"Logo-Design-Imker-BeeWald\" class=\"wp-image-18872\" srcset=\"https:\/\/www.designenlassen.de\/blog\/wp-content\/uploads\/2019\/11\/Logo-Design-Imker-BeeWald-511821-rsdesign.jpg 338w, https:\/\/www.designenlassen.de\/blog\/wp-content\/uploads\/2019\/11\/Logo-Design-Imker-BeeWald-511821-rsdesign-150x150.jpg 150w, https:\/\/www.designenlassen.de\/blog\/wp-content\/uploads\/2019\/11\/Logo-Design-Imker-BeeWald-511821-rsdesign-300x300.jpg 300w\" sizes=\"(max-width: 338px) 100vw, 338px\" \/><figcaption class=\"wp-element-caption\">Design von rsdesign<\/figcaption><\/figure>\n\n\n\n<figure class=\"wp-block-image size-large\"><img loading=\"lazy\" decoding=\"async\" width=\"338\" height=\"338\" data-id=\"18873\" src=\"https:\/\/www.designenlassen.de\/blog\/wp-content\/uploads\/2019\/11\/Mark-Broermann-Imkerei-Logo-787382-davincho.png\" alt=\"Mark-Broermann-Imkerei-Logo\" class=\"wp-image-18873\" srcset=\"https:\/\/www.designenlassen.de\/blog\/wp-content\/uploads\/2019\/11\/Mark-Broermann-Imkerei-Logo-787382-davincho.png 338w, https:\/\/www.designenlassen.de\/blog\/wp-content\/uploads\/2019\/11\/Mark-Broermann-Imkerei-Logo-787382-davincho-150x150.png 150w, https:\/\/www.designenlassen.de\/blog\/wp-content\/uploads\/2019\/11\/Mark-Broermann-Imkerei-Logo-787382-davincho-300x300.png 300w\" sizes=\"(max-width: 338px) 100vw, 338px\" \/><figcaption class=\"wp-element-caption\">Design von davincho<\/figcaption><\/figure>\n<\/figure>\n\n\n\n<p>Setzt Du auch eher auf die klassische Gestaltung in Schwarz-Gelb und mit Bienen-Symbol oder f\u00e4llst Du hierbei aus der Norm? \ud83d\ude42 Lass es uns gerne wissen! Wir hoffen, wir konnten Dich ein wenig f\u00fcr Dein Imker Logo inspirieren.<\/p>\n\n\n\n<div class=\"wp-block-buttons is-content-justification-center is-layout-flex wp-container-core-buttons-is-layout-16018d1d wp-block-buttons-is-layout-flex\">\n<div class=\"wp-block-button is-style-fill\"><a class=\"wp-block-button__link has-white-color has-text-color has-background has-text-align-left wp-element-button\" href=\"https:\/\/www.designenlassen.de\/logo-design?utm_source=blog&amp;utm_medium=button&amp;utm_campaign=blog-beitraege\" style=\"background-color:#091182\">Jetzt Logo erstellen<\/a><\/div>\n<\/div>\n\n\n\n<div style=\"height:73px\" aria-hidden=\"true\" class=\"wp-block-spacer\"><\/div>\n\n\n\n<p><strong>\u00c4hnliche Beitr\u00e4ge:<\/strong><\/p>\n\n\n\n<p><a href=\"https:\/\/www.designenlassen.de\/blog\/14-honig-etiketten-designs-die-optisch-besonders-ueberzeugen\/\">14 Honig Etiketten Designs, die optisch besonders \u00fcberzeugen<\/a><\/p>\n\n\n\n<p><a href=\"https:\/\/www.designenlassen.de\/blog\/48-emblem-logos-die-dich-und-deine-kunden-besonders-verbinden\/\">48 Emblem Logos, die Dich und Deine Kunden besonders verbinden<\/a><\/p>\n\n\n\n<p><a href=\"https:\/\/www.designenlassen.de\/blog\/logo-entwicklung-leicht-gemacht-8-aspekte-die-man-unbedingt-beachten-sollte\/\">Logo Entwicklung leicht gemacht \u2013 8 Aspekte, die man unbedingt beachten sollte<\/a><\/p>\n","protected":false},"excerpt":{"rendered":"<p>Als H\u00fcter der flei\u00dfigen kleinen Bienen bist Du der regionale Profi f\u00fcr die Honigproduktion und Herstellung&hellip;<\/p>\n","protected":false},"author":10,"featured_media":18848,"comment_status":"open","ping_status":"open","sticky":false,"template":"","format":"standard","meta":{"_lmt_disableupdate":"","_lmt_disable":"","footnotes":""},"categories":[19],"tags":[],"class_list":["post-18838","post","type-post","status-publish","format-standard","has-post-thumbnail","hentry","category-inspiration"],"yoast_head":"<!-- This site is optimized with the Yoast SEO plugin v27.5 - https:\/\/yoast.com\/product\/yoast-seo-wordpress\/ -->\n<title>47+ Top Imker Logos, die eine Imkerei perfekt pr\u00e4sentieren<\/title>\n<meta name=\"description\" content=\"Du suchst ein einzigartiges Imker-Logo zum dahinschmelzen? Lass Dich jetzt von 47 Top Beispielen f\u00fcr Imker Logos inspirieren.\" \/>\n<meta name=\"robots\" content=\"index, follow, max-snippet:-1, max-image-preview:large, max-video-preview:-1\" \/>\n<link rel=\"canonical\" href=\"https:\/\/www.designenlassen.de\/blog\/35-imker-logos-die-zum-dahinschmelzen-suess-sind\/\" \/>\n<meta property=\"og:locale\" content=\"de_DE\" \/>\n<meta property=\"og:type\" content=\"article\" \/>\n<meta property=\"og:title\" content=\"47+ Top Imker Logos, die eine Imkerei perfekt pr\u00e4sentieren\" \/>\n<meta property=\"og:description\" content=\"Du suchst ein einzigartiges Imker-Logo zum dahinschmelzen? Lass Dich jetzt von 47 Top Beispielen f\u00fcr Imker Logos inspirieren.\" \/>\n<meta property=\"og:url\" content=\"https:\/\/www.designenlassen.de\/blog\/35-imker-logos-die-zum-dahinschmelzen-suess-sind\/\" \/>\n<meta property=\"og:site_name\" content=\"designenlassen.de Blog\" \/>\n<meta property=\"article:author\" content=\"designenlassen\/\" \/>\n<meta property=\"article:published_time\" content=\"2024-08-28T08:00:00+00:00\" \/>\n<meta property=\"article:modified_time\" content=\"2025-02-04T13:27:24+00:00\" \/>\n<meta property=\"og:image\" content=\"https:\/\/www.designenlassen.de\/blog\/wp-content\/uploads\/2019\/11\/Imker-Logo-Bienenwerk-696869-cschulz.png\" \/>\n\t<meta property=\"og:image:width\" content=\"800\" \/>\n\t<meta property=\"og:image:height\" content=\"625\" \/>\n\t<meta property=\"og:image:type\" content=\"image\/png\" \/>\n<meta name=\"author\" content=\"Christina\" \/>\n<meta name=\"twitter:card\" content=\"summary_large_image\" \/>\n<meta name=\"twitter:label1\" content=\"Verfasst von\" \/>\n\t<meta name=\"twitter:data1\" content=\"Christina\" \/>\n\t<meta name=\"twitter:label2\" content=\"Gesch\u00e4tzte Lesezeit\" \/>\n\t<meta name=\"twitter:data2\" content=\"14\u00a0Minuten\" \/>\n<script type=\"application\/ld+json\" class=\"yoast-schema-graph\">{\"@context\":\"https:\\\/\\\/schema.org\",\"@graph\":[{\"@type\":\"Article\",\"@id\":\"https:\\\/\\\/www.designenlassen.de\\\/blog\\\/35-imker-logos-die-zum-dahinschmelzen-suess-sind\\\/#article\",\"isPartOf\":{\"@id\":\"https:\\\/\\\/www.designenlassen.de\\\/blog\\\/35-imker-logos-die-zum-dahinschmelzen-suess-sind\\\/\"},\"author\":{\"name\":\"Christina\",\"@id\":\"https:\\\/\\\/www.designenlassen.de\\\/blog\\\/#\\\/schema\\\/person\\\/858ff7f9025247949c1b922431f97734\"},\"headline\":\"47 Imker Logos, die zum Dahinschmelzen s\u00fc\u00df sind\",\"datePublished\":\"2024-08-28T08:00:00+00:00\",\"dateModified\":\"2025-02-04T13:27:24+00:00\",\"mainEntityOfPage\":{\"@id\":\"https:\\\/\\\/www.designenlassen.de\\\/blog\\\/35-imker-logos-die-zum-dahinschmelzen-suess-sind\\\/\"},\"wordCount\":758,\"commentCount\":2,\"image\":{\"@id\":\"https:\\\/\\\/www.designenlassen.de\\\/blog\\\/35-imker-logos-die-zum-dahinschmelzen-suess-sind\\\/#primaryimage\"},\"thumbnailUrl\":\"https:\\\/\\\/www.designenlassen.de\\\/blog\\\/wp-content\\\/uploads\\\/2019\\\/11\\\/Imker-Logo-Bienenwerk-696869-cschulz.png\",\"articleSection\":[\"Design-Galerien\"],\"inLanguage\":\"de\",\"potentialAction\":[{\"@type\":\"CommentAction\",\"name\":\"Comment\",\"target\":[\"https:\\\/\\\/www.designenlassen.de\\\/blog\\\/35-imker-logos-die-zum-dahinschmelzen-suess-sind\\\/#respond\"]}]},{\"@type\":\"WebPage\",\"@id\":\"https:\\\/\\\/www.designenlassen.de\\\/blog\\\/35-imker-logos-die-zum-dahinschmelzen-suess-sind\\\/\",\"url\":\"https:\\\/\\\/www.designenlassen.de\\\/blog\\\/35-imker-logos-die-zum-dahinschmelzen-suess-sind\\\/\",\"name\":\"47+ Top Imker Logos, die eine Imkerei perfekt pr\u00e4sentieren\",\"isPartOf\":{\"@id\":\"https:\\\/\\\/www.designenlassen.de\\\/blog\\\/#website\"},\"primaryImageOfPage\":{\"@id\":\"https:\\\/\\\/www.designenlassen.de\\\/blog\\\/35-imker-logos-die-zum-dahinschmelzen-suess-sind\\\/#primaryimage\"},\"image\":{\"@id\":\"https:\\\/\\\/www.designenlassen.de\\\/blog\\\/35-imker-logos-die-zum-dahinschmelzen-suess-sind\\\/#primaryimage\"},\"thumbnailUrl\":\"https:\\\/\\\/www.designenlassen.de\\\/blog\\\/wp-content\\\/uploads\\\/2019\\\/11\\\/Imker-Logo-Bienenwerk-696869-cschulz.png\",\"datePublished\":\"2024-08-28T08:00:00+00:00\",\"dateModified\":\"2025-02-04T13:27:24+00:00\",\"author\":{\"@id\":\"https:\\\/\\\/www.designenlassen.de\\\/blog\\\/#\\\/schema\\\/person\\\/858ff7f9025247949c1b922431f97734\"},\"description\":\"Du suchst ein einzigartiges Imker-Logo zum dahinschmelzen? Lass Dich jetzt von 47 Top Beispielen f\u00fcr Imker Logos inspirieren.\",\"breadcrumb\":{\"@id\":\"https:\\\/\\\/www.designenlassen.de\\\/blog\\\/35-imker-logos-die-zum-dahinschmelzen-suess-sind\\\/#breadcrumb\"},\"inLanguage\":\"de\",\"potentialAction\":[{\"@type\":\"ReadAction\",\"target\":[\"https:\\\/\\\/www.designenlassen.de\\\/blog\\\/35-imker-logos-die-zum-dahinschmelzen-suess-sind\\\/\"]}]},{\"@type\":\"ImageObject\",\"inLanguage\":\"de\",\"@id\":\"https:\\\/\\\/www.designenlassen.de\\\/blog\\\/35-imker-logos-die-zum-dahinschmelzen-suess-sind\\\/#primaryimage\",\"url\":\"https:\\\/\\\/www.designenlassen.de\\\/blog\\\/wp-content\\\/uploads\\\/2019\\\/11\\\/Imker-Logo-Bienenwerk-696869-cschulz.png\",\"contentUrl\":\"https:\\\/\\\/www.designenlassen.de\\\/blog\\\/wp-content\\\/uploads\\\/2019\\\/11\\\/Imker-Logo-Bienenwerk-696869-cschulz.png\",\"width\":800,\"height\":625,\"caption\":\"Imker-Logo-Bienenwerk\"},{\"@type\":\"BreadcrumbList\",\"@id\":\"https:\\\/\\\/www.designenlassen.de\\\/blog\\\/35-imker-logos-die-zum-dahinschmelzen-suess-sind\\\/#breadcrumb\",\"itemListElement\":[{\"@type\":\"ListItem\",\"position\":1,\"name\":\"Start\",\"item\":\"https:\\\/\\\/www.designenlassen.de\\\/blog\\\/\"},{\"@type\":\"ListItem\",\"position\":2,\"name\":\"47 Imker Logos, die zum Dahinschmelzen s\u00fc\u00df sind\"}]},{\"@type\":\"WebSite\",\"@id\":\"https:\\\/\\\/www.designenlassen.de\\\/blog\\\/#website\",\"url\":\"https:\\\/\\\/www.designenlassen.de\\\/blog\\\/\",\"name\":\"designenlassen.de Blog\",\"description\":\"Inspirationen, Tipps und Ideen f\u00fcr Designer sowie Gr\u00fcnder und Kleinbetriebe.\",\"potentialAction\":[{\"@type\":\"SearchAction\",\"target\":{\"@type\":\"EntryPoint\",\"urlTemplate\":\"https:\\\/\\\/www.designenlassen.de\\\/blog\\\/?s={search_term_string}\"},\"query-input\":{\"@type\":\"PropertyValueSpecification\",\"valueRequired\":true,\"valueName\":\"search_term_string\"}}],\"inLanguage\":\"de\"},{\"@type\":\"Person\",\"@id\":\"https:\\\/\\\/www.designenlassen.de\\\/blog\\\/#\\\/schema\\\/person\\\/858ff7f9025247949c1b922431f97734\",\"name\":\"Christina\",\"image\":{\"@type\":\"ImageObject\",\"inLanguage\":\"de\",\"@id\":\"https:\\\/\\\/secure.gravatar.com\\\/avatar\\\/31045bfe41c5fbc86ecbb135f792148b4bf1bee47931b9c8d47c74611d912026?s=96&d=mm&r=g\",\"url\":\"https:\\\/\\\/secure.gravatar.com\\\/avatar\\\/31045bfe41c5fbc86ecbb135f792148b4bf1bee47931b9c8d47c74611d912026?s=96&d=mm&r=g\",\"contentUrl\":\"https:\\\/\\\/secure.gravatar.com\\\/avatar\\\/31045bfe41c5fbc86ecbb135f792148b4bf1bee47931b9c8d47c74611d912026?s=96&d=mm&r=g\",\"caption\":\"Christina\"},\"description\":\"Christina ist bei designenlassen.de f\u00fcr das Content-Marketing &amp; die Social Media Kan\u00e4le zust\u00e4ndig. Sie schreibt hier im Blog zu verschiedensten Design-Themen.\",\"sameAs\":[\"designenlassen\\\/\"],\"url\":\"https:\\\/\\\/www.designenlassen.de\\\/blog\\\/author\\\/christina\\\/\"}]}<\/script>\n<!-- \/ Yoast SEO plugin. -->","yoast_head_json":{"title":"47+ Top Imker Logos, die eine Imkerei perfekt pr\u00e4sentieren","description":"Du suchst ein einzigartiges Imker-Logo zum dahinschmelzen? Lass Dich jetzt von 47 Top Beispielen f\u00fcr Imker Logos inspirieren.","robots":{"index":"index","follow":"follow","max-snippet":"max-snippet:-1","max-image-preview":"max-image-preview:large","max-video-preview":"max-video-preview:-1"},"canonical":"https:\/\/www.designenlassen.de\/blog\/35-imker-logos-die-zum-dahinschmelzen-suess-sind\/","og_locale":"de_DE","og_type":"article","og_title":"47+ Top Imker Logos, die eine Imkerei perfekt pr\u00e4sentieren","og_description":"Du suchst ein einzigartiges Imker-Logo zum dahinschmelzen? Lass Dich jetzt von 47 Top Beispielen f\u00fcr Imker Logos inspirieren.","og_url":"https:\/\/www.designenlassen.de\/blog\/35-imker-logos-die-zum-dahinschmelzen-suess-sind\/","og_site_name":"designenlassen.de Blog","article_author":"designenlassen\/","article_published_time":"2024-08-28T08:00:00+00:00","article_modified_time":"2025-02-04T13:27:24+00:00","og_image":[{"width":800,"height":625,"url":"https:\/\/www.designenlassen.de\/blog\/wp-content\/uploads\/2019\/11\/Imker-Logo-Bienenwerk-696869-cschulz.png","type":"image\/png"}],"author":"Christina","twitter_card":"summary_large_image","twitter_misc":{"Verfasst von":"Christina","Gesch\u00e4tzte Lesezeit":"14\u00a0Minuten"},"schema":{"@context":"https:\/\/schema.org","@graph":[{"@type":"Article","@id":"https:\/\/www.designenlassen.de\/blog\/35-imker-logos-die-zum-dahinschmelzen-suess-sind\/#article","isPartOf":{"@id":"https:\/\/www.designenlassen.de\/blog\/35-imker-logos-die-zum-dahinschmelzen-suess-sind\/"},"author":{"name":"Christina","@id":"https:\/\/www.designenlassen.de\/blog\/#\/schema\/person\/858ff7f9025247949c1b922431f97734"},"headline":"47 Imker Logos, die zum Dahinschmelzen s\u00fc\u00df sind","datePublished":"2024-08-28T08:00:00+00:00","dateModified":"2025-02-04T13:27:24+00:00","mainEntityOfPage":{"@id":"https:\/\/www.designenlassen.de\/blog\/35-imker-logos-die-zum-dahinschmelzen-suess-sind\/"},"wordCount":758,"commentCount":2,"image":{"@id":"https:\/\/www.designenlassen.de\/blog\/35-imker-logos-die-zum-dahinschmelzen-suess-sind\/#primaryimage"},"thumbnailUrl":"https:\/\/www.designenlassen.de\/blog\/wp-content\/uploads\/2019\/11\/Imker-Logo-Bienenwerk-696869-cschulz.png","articleSection":["Design-Galerien"],"inLanguage":"de","potentialAction":[{"@type":"CommentAction","name":"Comment","target":["https:\/\/www.designenlassen.de\/blog\/35-imker-logos-die-zum-dahinschmelzen-suess-sind\/#respond"]}]},{"@type":"WebPage","@id":"https:\/\/www.designenlassen.de\/blog\/35-imker-logos-die-zum-dahinschmelzen-suess-sind\/","url":"https:\/\/www.designenlassen.de\/blog\/35-imker-logos-die-zum-dahinschmelzen-suess-sind\/","name":"47+ Top Imker Logos, die eine Imkerei perfekt pr\u00e4sentieren","isPartOf":{"@id":"https:\/\/www.designenlassen.de\/blog\/#website"},"primaryImageOfPage":{"@id":"https:\/\/www.designenlassen.de\/blog\/35-imker-logos-die-zum-dahinschmelzen-suess-sind\/#primaryimage"},"image":{"@id":"https:\/\/www.designenlassen.de\/blog\/35-imker-logos-die-zum-dahinschmelzen-suess-sind\/#primaryimage"},"thumbnailUrl":"https:\/\/www.designenlassen.de\/blog\/wp-content\/uploads\/2019\/11\/Imker-Logo-Bienenwerk-696869-cschulz.png","datePublished":"2024-08-28T08:00:00+00:00","dateModified":"2025-02-04T13:27:24+00:00","author":{"@id":"https:\/\/www.designenlassen.de\/blog\/#\/schema\/person\/858ff7f9025247949c1b922431f97734"},"description":"Du suchst ein einzigartiges Imker-Logo zum dahinschmelzen? Lass Dich jetzt von 47 Top Beispielen f\u00fcr Imker Logos inspirieren.","breadcrumb":{"@id":"https:\/\/www.designenlassen.de\/blog\/35-imker-logos-die-zum-dahinschmelzen-suess-sind\/#breadcrumb"},"inLanguage":"de","potentialAction":[{"@type":"ReadAction","target":["https:\/\/www.designenlassen.de\/blog\/35-imker-logos-die-zum-dahinschmelzen-suess-sind\/"]}]},{"@type":"ImageObject","inLanguage":"de","@id":"https:\/\/www.designenlassen.de\/blog\/35-imker-logos-die-zum-dahinschmelzen-suess-sind\/#primaryimage","url":"https:\/\/www.designenlassen.de\/blog\/wp-content\/uploads\/2019\/11\/Imker-Logo-Bienenwerk-696869-cschulz.png","contentUrl":"https:\/\/www.designenlassen.de\/blog\/wp-content\/uploads\/2019\/11\/Imker-Logo-Bienenwerk-696869-cschulz.png","width":800,"height":625,"caption":"Imker-Logo-Bienenwerk"},{"@type":"BreadcrumbList","@id":"https:\/\/www.designenlassen.de\/blog\/35-imker-logos-die-zum-dahinschmelzen-suess-sind\/#breadcrumb","itemListElement":[{"@type":"ListItem","position":1,"name":"Start","item":"https:\/\/www.designenlassen.de\/blog\/"},{"@type":"ListItem","position":2,"name":"47 Imker Logos, die zum Dahinschmelzen s\u00fc\u00df sind"}]},{"@type":"WebSite","@id":"https:\/\/www.designenlassen.de\/blog\/#website","url":"https:\/\/www.designenlassen.de\/blog\/","name":"designenlassen.de Blog","description":"Inspirationen, Tipps und Ideen f\u00fcr Designer sowie Gr\u00fcnder und Kleinbetriebe.","potentialAction":[{"@type":"SearchAction","target":{"@type":"EntryPoint","urlTemplate":"https:\/\/www.designenlassen.de\/blog\/?s={search_term_string}"},"query-input":{"@type":"PropertyValueSpecification","valueRequired":true,"valueName":"search_term_string"}}],"inLanguage":"de"},{"@type":"Person","@id":"https:\/\/www.designenlassen.de\/blog\/#\/schema\/person\/858ff7f9025247949c1b922431f97734","name":"Christina","image":{"@type":"ImageObject","inLanguage":"de","@id":"https:\/\/secure.gravatar.com\/avatar\/31045bfe41c5fbc86ecbb135f792148b4bf1bee47931b9c8d47c74611d912026?s=96&d=mm&r=g","url":"https:\/\/secure.gravatar.com\/avatar\/31045bfe41c5fbc86ecbb135f792148b4bf1bee47931b9c8d47c74611d912026?s=96&d=mm&r=g","contentUrl":"https:\/\/secure.gravatar.com\/avatar\/31045bfe41c5fbc86ecbb135f792148b4bf1bee47931b9c8d47c74611d912026?s=96&d=mm&r=g","caption":"Christina"},"description":"Christina ist bei designenlassen.de f\u00fcr das Content-Marketing &amp; die Social Media Kan\u00e4le zust\u00e4ndig. Sie schreibt hier im Blog zu verschiedensten Design-Themen.","sameAs":["designenlassen\/"],"url":"https:\/\/www.designenlassen.de\/blog\/author\/christina\/"}]}},"_links":{"self":[{"href":"https:\/\/www.designenlassen.de\/blog\/wp-json\/wp\/v2\/posts\/18838","targetHints":{"allow":["GET"]}}],"collection":[{"href":"https:\/\/www.designenlassen.de\/blog\/wp-json\/wp\/v2\/posts"}],"about":[{"href":"https:\/\/www.designenlassen.de\/blog\/wp-json\/wp\/v2\/types\/post"}],"author":[{"embeddable":true,"href":"https:\/\/www.designenlassen.de\/blog\/wp-json\/wp\/v2\/users\/10"}],"replies":[{"embeddable":true,"href":"https:\/\/www.designenlassen.de\/blog\/wp-json\/wp\/v2\/comments?post=18838"}],"version-history":[{"count":11,"href":"https:\/\/www.designenlassen.de\/blog\/wp-json\/wp\/v2\/posts\/18838\/revisions"}],"predecessor-version":[{"id":33172,"href":"https:\/\/www.designenlassen.de\/blog\/wp-json\/wp\/v2\/posts\/18838\/revisions\/33172"}],"wp:featuredmedia":[{"embeddable":true,"href":"https:\/\/www.designenlassen.de\/blog\/wp-json\/wp\/v2\/media\/18848"}],"wp:attachment":[{"href":"https:\/\/www.designenlassen.de\/blog\/wp-json\/wp\/v2\/media?parent=18838"}],"wp:term":[{"taxonomy":"category","embeddable":true,"href":"https:\/\/www.designenlassen.de\/blog\/wp-json\/wp\/v2\/categories?post=18838"},{"taxonomy":"post_tag","embeddable":true,"href":"https:\/\/www.designenlassen.de\/blog\/wp-json\/wp\/v2\/tags?post=18838"}],"curies":[{"name":"wp","href":"https:\/\/api.w.org\/{rel}","templated":true}]}}