{"id":18975,"date":"2020-02-27T10:00:00","date_gmt":"2020-02-27T08:00:00","guid":{"rendered":"https:\/\/www.designenlassen.de\/blog\/?p=18975"},"modified":"2023-05-25T09:37:44","modified_gmt":"2023-05-25T07:37:44","slug":"noch-vor-der-einschulung-habe-ich-meine-ersten-geschichten-geschrieben-interview-mit-jonah-herbst","status":"publish","type":"post","link":"https:\/\/www.designenlassen.de\/blog\/noch-vor-der-einschulung-habe-ich-meine-ersten-geschichten-geschrieben-interview-mit-jonah-herbst\/","title":{"rendered":"&#8222;Noch vor der Einschulung habe ich meine ersten Geschichten geschrieben.&#8220; &#8211; Interview mit Jonah Herbst"},"content":{"rendered":"\n<div class=\"wp-block-media-text alignwide\" style=\"grid-template-columns:41% auto\"><figure class=\"wp-block-media-text__media\"><img fetchpriority=\"high\" decoding=\"async\" width=\"1024\" height=\"691\" src=\"https:\/\/www.designenlassen.de\/blog\/wp-content\/uploads\/2019\/12\/Taschenbuch-Vermisst-in-Berlin-Buch-Cover-1024x691.jpg\" alt=\"\" class=\"wp-image-18981\" srcset=\"https:\/\/www.designenlassen.de\/blog\/wp-content\/uploads\/2019\/12\/Taschenbuch-Vermisst-in-Berlin-Buch-Cover-1024x691.jpg 1024w, https:\/\/www.designenlassen.de\/blog\/wp-content\/uploads\/2019\/12\/Taschenbuch-Vermisst-in-Berlin-Buch-Cover-300x202.jpg 300w, https:\/\/www.designenlassen.de\/blog\/wp-content\/uploads\/2019\/12\/Taschenbuch-Vermisst-in-Berlin-Buch-Cover-768x518.jpg 768w, https:\/\/www.designenlassen.de\/blog\/wp-content\/uploads\/2019\/12\/Taschenbuch-Vermisst-in-Berlin-Buch-Cover-1170x789.jpg 1170w, https:\/\/www.designenlassen.de\/blog\/wp-content\/uploads\/2019\/12\/Taschenbuch-Vermisst-in-Berlin-Buch-Cover-585x395.jpg 585w, https:\/\/www.designenlassen.de\/blog\/wp-content\/uploads\/2019\/12\/Taschenbuch-Vermisst-in-Berlin-Buch-Cover-600x405.jpg 600w\" sizes=\"(max-width: 1024px) 100vw, 1024px\" \/><\/figure><div class=\"wp-block-media-text__content\">\n\n<p><em>In diesem Auftraggeber-Interview&nbsp;steht uns Jonah Herbst, die Autorin von <a href=\"https:\/\/www.amazon.de\/dp\/B07ZWF5871\">&#8222;Vermisst in Berlin&#8220;<\/a> Rede und Antwort. Sie hat ihr Cover-Design auf&nbsp;<a rel=\"noreferrer noopener\" href=\"https:\/\/www.designenlassen.de\/\" target=\"_blank\">designenlassen.de<\/a>&nbsp;gefunden. Hier geht&#8217;s zu ihrem Projekt: <a href=\"https:\/\/www.designenlassen.de\/794336-cover-design-fuer-buch-gesucht\">Cover-Design f\u00fcr Kriminalroman gesucht<\/a><\/em>.<\/p>\n\n<\/div><\/div>\n\n\n\n<p><\/p>\n\n\n\n<h2 class=\"wp-block-heading\">Erz\u00e4hlen Sie uns doch etwas \u00fcber sich: <\/h2>\n\n\n\n<p>Das f\u00fcr mich pers\u00f6nlich am Aufregendste momentan ist ganz klar meine Arbeit als Autorin, weil alles noch so neu ist und ich gerade dabei bin, mir meine Wege zu bahnen. Auch wenn ich erst jetzt, im Alter von 34 Jahren, mein erstes Buch ver\u00f6ffentliche, so war ich doch im Grunde schon immer Autorin \ud83d\ude09 <\/p>\n\n\n\n<p>Noch vor der Einschulung habe ich meine ersten \u2013 damals noch reich bebilderten \u2013 Geschichten geschrieben. Sp\u00e4ter wurden aus diesen, l\u00e4ngere Erz\u00e4hlungen und schlie\u00dflich auch Romane. Vielleicht hat es einfach seine Zeit und eine gewisse Reife gebraucht, bis aus den anfangs eher noch kindlich-naiven Ideen ein inhaltlich und auch technisch wirklich vorzeigbares Werk geworden ist \ud83d\ude09<\/p>\n\n\n\n<p>Schreiben macht mir wirklich sehr viel Spa\u00df! Ich liebe es, mir Welten, Geschichten und Menschen auszudenken, sie zum Leben zu erwecken und etwas noch nie Dagewesenes zu erschaffen. Was man allerdings auch ber\u00fccksichtigen sollte: Das Schreiben und vor allem die Ver\u00f6ffentlichung eines Buches im Selbstverlag ist nicht nur ein Hobby, sondern bedeutet auch wirklich, wirklich viel Arbeit!<\/p>\n\n\n\n<p>Hauptberuflich arbeite ich als Psychotherapeutin. Menschen \u00fcber Monate, oft Jahre hinweg zu begleiten, ihnen Hilfestellung zu geben, zu sehen, wie sie verschiedenste Probleme bew\u00e4ltigen, psychische Erkrankungen \u00fcberwinden, neue Chancen ergreifen, sich wieder ein lebenswertes Leben schaffen \u2013 das ist sehr erf\u00fcllend!<\/p>\n\n\n\n<p>Zum Ausgleich treibe ich viel Sport. Ich gehe regelm\u00e4\u00dfig joggen, mache Krafttraining und \u00fcbe mich in den Kampfk\u00fcnsten. Ich fotografiere gerne, stricke, spiele Klavier, habe das G\u00e4rtnern f\u00fcr mich entdeckt und \u2013 ganz wichtig: verbringe m\u00f6glichst viel Zeit mit meinem Mann und meinem bezaubernden vierj\u00e4hrigen Sohn!&nbsp;&nbsp; <\/p>\n\n\n\n<h2 class=\"wp-block-heading\">Worum geht es in Ihrem aktuellen Buch und wie sind Sie auf die Geschichte dazu gekommen? <\/h2>\n\n\n\n<p>Ich pers\u00f6nlich betrachte mein Buch am liebsten als Krimi. Aber ganz so kann man das nat\u00fcrlich nicht stehen lassen \u2013 denn einige meiner Protagonisten sind Vampire. Eigentlich geh\u00f6rt mein Buch also auch ins Genre der Fantasy. Die Besonderheit \u2013 und der Grund, weswegen es sich eben nicht um einen klassischen Fantasy-Roman handelt \u2013 ist, dass \u201emeine Vampire\u201c eben keine \u00fcbernat\u00fcrlichen Wesen mehr sind. Ich bin tats\u00e4chlich eher naturwissenschaftlich gepr\u00e4gt und bei aller Leidenschaft f\u00fcr Vampirromane hat mich doch immer ein wenig gest\u00f6rt, dass es die in den B\u00fcchern beschriebenen Wesen so in unserer Welt niemals h\u00e4tte geben k\u00f6nnen. Jedenfalls h\u00e4tte unsere Welt dazu schon sehr anders sein m\u00fcssen \ud83d\ude09<\/p>\n\n\n\n<p>Also habe ich mir \u00fcberlegt, wie man Vampire m\u00f6glichst \u201erealistisch\u201c gestalten kann. In meinem Buch sind sie schlichtweg eine zweite Art von Mensch \u2013 lebendig, verletzlich und sterblich \u2013, die sich im Laufe der Evolution parallel zu den Homo Sapiens entwickelt haben und in Symbiose mit den Menschen leben. Soll hei\u00dfen: Sie trinken nat\u00fcrlich immer noch Blut. Und sie haben auch spezielle F\u00e4higkeiten, sind zudem st\u00e4rker, sehr viel widerstandsf\u00e4higer und auch attraktiver. All das versuche ich aber in einen f\u00fcr unsere Welt erkl\u00e4rbaren Kontext zu r\u00fccken, ohne den Vampiren dabei ihre Faszination zu nehmen. Das Miteinander von Mensch und Vampir birgt in meinem Roman viele Chancen, aber nat\u00fcrlich ist es auch von Spannungen und Konflikten gepr\u00e4gt, die ich im Buch aufgreife.<br><br>Das Buch handelt von der jungen Vampirfrau Silvana Liebich, die \u2013 von Beruf Polizistin \u2013 zusammen mit ihrem langj\u00e4hrigen Freund und Kollegen Mirco Greifenberg eine Bande von Vampiren aufzusp\u00fcren versucht, die mehrere Kinder entf\u00fchrt und get\u00f6tet hat. Dabei aber wird Mirco von den Vampiren ermordet. Silvana steht nun vor der Herausforderung, ihre Trauer zu bew\u00e4ltigen sowie ihren Rachegef\u00fchlen zu widerstehen und sich auf den menschlichen Kollegen Jan Nehlsen einzulassen, der mit ihr zusammen den Fall weiter bearbeiten soll. Erschwert wird das ganze sichtlich durch dessen Angst vor Vampiren, aber auch durch das Fehlen jeglicher Hinweise oder Spuren. Silvana muss sich au\u00dferdem noch mit dem Vampir Tom Bachmann auseinandersetzen, der ihr das Revier streitig macht, und schlie\u00dflich auch mit den kriminellen Vampiren, die ihr selbst und Jan sehr bald schon zur gro\u00dfen Gefahr werden.<br><br>Den Leser erwartet nicht nur ein spannender Kriminalfall, nicht nur ein Hauch Fantasy, sondern auch eine Geschichte um die tiefe Freundschaft zwischen Silvana und Mirco. Ich greife \u00c4ngste auf, Ausgrenzung und Unverst\u00e4ndnis, die das Anderssein mit sich bringt, thematisiere aber auch das langsame Zusammenfinden von Mensch und Vampir. Die Liebe durfte nat\u00fcrlich auch nicht fehlen! Manchmal wei\u00df ich gar nicht, in welches Genre ich mein Buch eigentlich einordnen soll \ud83d\ude09<\/p>\n\n\n\n<h2 class=\"wp-block-heading\">Was genau haben Sie auf designenlassen.de ausgeschrieben und wieso haben Sie sich dazu entschieden, das Projekt als Designwettbewerb durchzuf\u00fchren? <\/h2>\n\n\n\n<p>Als ich meinen Roman beendet und \u00fcberarbeitet hatte, fehlte f\u00fcr die Ver\u00f6ffentlichung nat\u00fcrlich noch ein aussagekr\u00e4ftiges Cover \u2013 mit das Wichtigste eines Buches, wenn man in den Verkauf gehen m\u00f6chte. Mir war also klar, dass ich nicht f\u00fcr mich allein an einem Bild herumbasteln, sondern daf\u00fcr tats\u00e4chlich Profis beauftragen w\u00fcrde. <\/p>\n\n\n\n<p>In den Weiten des Internets hat man, was das angeht, nat\u00fcrlich die Qual der Wahl. Da kam mir das Angebot von&nbsp;<a rel=\"noreferrer noopener\" href=\"https:\/\/designenlassen.de\/\" target=\"_blank\">designenlassen.de<\/a>&nbsp;ganz recht. Ein tolles Prinzip, dass man einen Wettbewerb ausschreibt, an dem sich alle Designer beteiligen k\u00f6nnen, die Interesse daran zeigen. Damit konnte ich sichergehen, dass die Beteiligten tats\u00e4chlich motiviert f\u00fcr genau mein Projekt waren, hatte einen Haufen Expertise geb\u00fcndelt und konnte unter den vielen Vorschl\u00e4gen genau das Design aussuchen, das am besten zu meinem Buch passt! <\/p>\n\n\n\n<p>Die M\u00f6glichkeit hat man nat\u00fcrlich nicht, wenn man sich im Vorfeld auf einen Designer festlegt. Ich habe letztendlich einen Wettbewerb f\u00fcr ein Taschenbuch-Cover ausgeschrieben. Es war selbstverst\u00e4ndlich, dass die Designerin mit dem Gewinner-Cover mir dann auch eine Datei f\u00fcr das eBook erstellt hat.&nbsp; <\/p>\n\n\n\n<h2 class=\"wp-block-heading\">Was hat Ihnen besonders gut am Projektverlauf gefallen? Welche Erfahrungen haben Sie gemacht? <\/h2>\n\n\n\n<p>Ich habe mich riesig gefreut, dass sich schon ganz kurz nach Einstellen des Wettbewerbs die erste Designerin gemeldet und mir ihren Vorschlag unterbreitet hat. Bereits w\u00e4hrend der ersten zwei Tage haben wir dann zusammen ein wirklich gutes Cover erarbeitet. In den darauffolgenden Tagen habe ich dann mit mehreren anderen Designern noch an deren Vorschl\u00e4gen gearbeitet.<\/p>\n\n\n\n<p>Ich war total begeistert von dem Engagement vieler Designer, die detailliert und sehr, sehr schnell auf meine \u00c4nderungsw\u00fcnsche eingegangen sind. Die Kommunikation \u00fcber die Plattform funktionierte reibungslos. So sind in den insgesamt zehn Tagen Projektlaufzeit mehrere wirklich passende Buchcover entstanden.<\/p>\n\n\n\n<p>Das waren wirklich zehn aufregende, aber tats\u00e4chlich auch anstrengende Tage. Ich war mehrmals t\u00e4glich, oft stundenlang online, habe die Vorschl\u00e4ge und \u00dcberarbeitungen der Designer gepr\u00fcft und ihnen R\u00fcckmeldung gegeben. Die M\u00fche hat sich aber ausgezahlt! Insgesamt habe ich circa 90 \u00fcberarbeitete Designs erhalten und \u00fcberpr\u00fcft. Irgendwann schwirrte mir der Kopf\u2026 \ud83d\ude09 Das waren die Momente, wo die Designer und ich uns dann auch eine Pause geg\u00f6nnt haben!<\/p>\n\n\n\n<p>Das anschlie\u00dfende Voting hat mir schlussendlich noch einmal sehr bei der finalen Entscheidung geholfen. Ich hatte einige wirklich gute Vorschl\u00e4ge, und die R\u00fcckmeldung von Familienmitgliedern, Freunden und Bekannten zu erhalten, hat mir schon einmal einen ersten Eindruck davon vermittelt, wie die verschiedenen Cover bei der potentiellen Leserschaft ankommen.<br><\/p>\n\n\n\n<h2 class=\"wp-block-heading\">K\u00f6nnen Sie uns sagen, warum Sie sich f\u00fcr dieses Gewinnerdesign entschieden haben? Was war Ihnen dabei wichtig? <\/h2>\n\n\n\n<p>Das Cover hat meine Geschichte irgendwie sofort lebendig werden lassen. Das Motiv und die Stimmung, die damit vermittelt wird, passen einfach total gut zum Inhalt meines Buches. Es f\u00fchlt sich richtig an! Mir war auch wichtig, dass das Cover beim potentiellen Leser entsprechende Gef\u00fchle ausl\u00f6st, etwas in ihm r\u00fchrt, neugierig macht. Ich glaube, dass dieses Design das schaffen kann. Und letztendlich war mir sehr wichtig, dass das Cover professionell gestaltet ist und eine gewisse Qualit\u00e4t vermittelt. Wie gesagt \u2013 es ist eines der wesentlichen Kriterien, die dar\u00fcber entscheiden, ob ein Buch gekauft wird oder nicht. <\/p>\n\n\n\n<figure class=\"wp-block-gallery has-nested-images columns-1 is-cropped aligncenter wp-block-gallery-1 is-layout-flex wp-block-gallery-is-layout-flex\">\n<figure class=\"wp-block-image size-large\"><img decoding=\"async\" width=\"1024\" height=\"683\" data-id=\"18977\" src=\"https:\/\/www.designenlassen.de\/blog\/wp-content\/uploads\/2019\/12\/Vermisst-in-Berlin-Buch-Cover-1024x683.jpg\" alt=\"\" class=\"wp-image-18977\" srcset=\"https:\/\/www.designenlassen.de\/blog\/wp-content\/uploads\/2019\/12\/Vermisst-in-Berlin-Buch-Cover-1024x683.jpg 1024w, https:\/\/www.designenlassen.de\/blog\/wp-content\/uploads\/2019\/12\/Vermisst-in-Berlin-Buch-Cover-300x200.jpg 300w, https:\/\/www.designenlassen.de\/blog\/wp-content\/uploads\/2019\/12\/Vermisst-in-Berlin-Buch-Cover-768x513.jpg 768w, https:\/\/www.designenlassen.de\/blog\/wp-content\/uploads\/2019\/12\/Vermisst-in-Berlin-Buch-Cover.jpg 1500w\" sizes=\"(max-width: 1024px) 100vw, 1024px\" \/><\/figure>\n<\/figure>\n\n\n\n<h2 class=\"wp-block-heading\">Haben Sie hilfreiche Tipps f\u00fcr andere Auftraggeber, die ein Projekt ausschreiben m\u00f6chten?<\/h2>\n\n\n\n<p>Ganz wichtig ist nat\u00fcrlich das Briefing im Vorfeld! Daf\u00fcr sollte man sich wirklich Zeit nehmen. Die Designer sollten wissen, um welche Art von Projekt es sich handelt, wer oder was dahinter steckt, welche Erwartungen die Auftraggeber haben, sofern sie selbst Ideen haben, welches Ziel mit dem Projekt erreicht werden soll und f\u00fcr welche Zielgruppe es gedacht ist. Dann sind oft die ersten Entw\u00fcrfe sehr passend und es m\u00fcssen nur noch kleine Ver\u00e4nderungen vorgenommen werden.<\/p>\n\n\n\n<p>Ich habe aber auch die Erfahrung gemacht, dass die Designer konkret nachfragen, wenn ihnen noch einige Informationen fehlen.<br>H\u00e4ufiges Feedback f\u00fcr die Designer ist nat\u00fcrlich von Vorteil. Viele Designer setzen die Vorschl\u00e4ge innerhalb sehr kurzer Zeit um. Wenn man dann am Ball bleibt, kann man die Projektlaufzeit optimal ausnutzen. <\/p>\n\n\n\n<h2 class=\"wp-block-heading\">Wie geht es jetzt weiter f\u00fcr Sie? Was sind Ihre zuk\u00fcnftigen Pl\u00e4ne als Autor? <\/h2>\n\n\n\n<p>Insgesamt habe ich bestimmt zwei Jahre durchweg an diesem Buch gearbeitet. Die kreative Schreibphase war dabei der Teil, der mich am meisten erf\u00fcllt hat \u2013 und der vergleichsweise wenig Zeit erfordert hat. Da ich als Selbstverlegerin nat\u00fcrlich keinen Verlag hinter mir habe, der Korrektorat, Lektorat, Satz und Covergestaltung \u00fcbernimmt, musste ich mich mit diesen Themen sehr ausf\u00fchrlich besch\u00e4ftigen und habe mich viele Monate damit befasst, am Inhalt des Buches, am Ausdruck und schlichtweg auch an einer fehlerfreien Ausf\u00fchrung des Textes zu arbeiten. Das hat neben meinem hauptberuflichen Job, Kind, Mann, Haus, Hof und meinem Sport einiges an Energie gekostet. Eigentlich wollte ich erst einmal eine Verschnaufpause einlegen.<\/p>\n\n\n\n<p>Mein Kopf war da allerdings anderer Meinung. Ich glaube, ich habe es nicht einmal eine Woche geschafft, Pause zu machen, dann begann ich mit der Planung des Nachfolgebuches. Ich habe mich noch einmal mehr mit verschiedenen Dramenmodellen befasst, dem Aufbau eines guten Romans, habe gelernt, wie Romanfiguren gestrickt sein sollten, wie gute B\u00fccher technisch geschrieben werden und habe nun, denke ich, eine wirklich spannende neue Geschichte entwickelt, in der meine Protagonisten vom ersten Buch weiter agieren, vor neue Herausforderungen gestellt werden und ziemlich knifflige Probleme zu l\u00f6sen haben. Einen Teil des Buches habe ich schon geschrieben. Gerade allerdings bin ich mit der Ver\u00f6ffentlichung, Vermarktung und der Werbung des ersten Buches ziemlich besch\u00e4ftigt, hoffe aber, bald wieder in den kreativen Prozess einsteigen zu k\u00f6nnen. Dann k\u00f6nnen sich meine Leser hoffentlich schon n\u00e4chstes Jahr auf das zweite Buch freuen!&nbsp; &nbsp;&nbsp;&nbsp;&nbsp;&nbsp;<\/p>\n\n\n\n<p>Wir bedanken uns bei Jonah Herbst f\u00fcr das tolle Interview und w\u00fcnschen ihr weiterhin viel Erfolg! \ud83d\ude42<\/p>\n\n\n\n<div class=\"sof\">\n<h2>Du bist auch auf der Suche nach einem kreativen Cover-Design?<\/h2>\n<p>Starte einen eigenen Designwettbewerb auf designenlassen.de und erhalte zahlreiche Vorschl\u00e4ge von unterschiedlichen Designern. Kein Risiko durch Preisgeld-zur\u00fcck-Garantie.<br><a class=\"btn aktion1\" href=\"https:\/\/www.designenlassen.de\/ebook-cover-design\">Jetzt starten<\/a><a class=\"btn aktion2\" href=\"https:\/\/www.designenlassen.de\/tour\">Mehr erfahren<\/a><\/p>\n<\/div>\n","protected":false},"excerpt":{"rendered":"<p>In diesem Auftraggeber-Interview&nbsp;steht uns Jonah Herbst, die Autorin von &#8222;Vermisst in Berlin&#8220; Rede und Antwort. Sie&hellip;<\/p>\n","protected":false},"author":24,"featured_media":18981,"comment_status":"open","ping_status":"open","sticky":false,"template":"","format":"standard","meta":{"_lmt_disableupdate":"","_lmt_disable":"","footnotes":""},"categories":[7],"tags":[],"class_list":["post-18975","post","type-post","status-publish","format-standard","has-post-thumbnail","hentry","category-interviews"],"yoast_head":"<!-- This site is optimized with the Yoast SEO plugin v26.7 - https:\/\/yoast.com\/wordpress\/plugins\/seo\/ -->\n<title>Auftraggeber-Interview mit Jonah Herbst, Autorin von &quot;Vermisst in Berlin&quot;<\/title>\n<meta name=\"description\" content=\"In unserem Auftraggeber-Interview beantwortet uns Jonah Herbst, die Autorin von &quot;Vermisst in Berlin&quot; ein paar Fragen zu ihrem Buchcover Design Projekt.\" \/>\n<meta name=\"robots\" content=\"index, follow, max-snippet:-1, max-image-preview:large, max-video-preview:-1\" \/>\n<link rel=\"canonical\" href=\"https:\/\/www.designenlassen.de\/blog\/noch-vor-der-einschulung-habe-ich-meine-ersten-geschichten-geschrieben-interview-mit-jonah-herbst\/\" \/>\n<meta property=\"og:locale\" content=\"de_DE\" \/>\n<meta property=\"og:type\" content=\"article\" \/>\n<meta property=\"og:title\" content=\"Auftraggeber-Interview mit Jonah Herbst, Autorin von &quot;Vermisst in Berlin&quot;\" \/>\n<meta property=\"og:description\" content=\"In unserem Auftraggeber-Interview beantwortet uns Jonah Herbst, die Autorin von &quot;Vermisst in Berlin&quot; ein paar Fragen zu ihrem Buchcover Design Projekt.\" \/>\n<meta property=\"og:url\" content=\"https:\/\/www.designenlassen.de\/blog\/noch-vor-der-einschulung-habe-ich-meine-ersten-geschichten-geschrieben-interview-mit-jonah-herbst\/\" \/>\n<meta property=\"og:site_name\" content=\"designenlassen.de Blog\" \/>\n<meta property=\"article:published_time\" content=\"2020-02-27T08:00:00+00:00\" \/>\n<meta property=\"article:modified_time\" content=\"2023-05-25T07:37:44+00:00\" \/>\n<meta property=\"og:image\" content=\"https:\/\/www.designenlassen.de\/blog\/wp-content\/uploads\/2019\/12\/Taschenbuch-Vermisst-in-Berlin-Buch-Cover-1024x691.jpg\" \/>\n\t<meta property=\"og:image:width\" content=\"1024\" \/>\n\t<meta property=\"og:image:height\" content=\"691\" \/>\n\t<meta property=\"og:image:type\" content=\"image\/jpeg\" \/>\n<meta name=\"author\" content=\"Patrick Schady\" \/>\n<meta name=\"twitter:card\" content=\"summary_large_image\" \/>\n<meta name=\"twitter:label1\" content=\"Verfasst von\" \/>\n\t<meta name=\"twitter:data1\" content=\"Patrick Schady\" \/>\n\t<meta name=\"twitter:label2\" content=\"Gesch\u00e4tzte Lesezeit\" \/>\n\t<meta name=\"twitter:data2\" content=\"10\u00a0Minuten\" \/>\n<script type=\"application\/ld+json\" class=\"yoast-schema-graph\">{\"@context\":\"https:\/\/schema.org\",\"@graph\":[{\"@type\":\"Article\",\"@id\":\"https:\/\/www.designenlassen.de\/blog\/noch-vor-der-einschulung-habe-ich-meine-ersten-geschichten-geschrieben-interview-mit-jonah-herbst\/#article\",\"isPartOf\":{\"@id\":\"https:\/\/www.designenlassen.de\/blog\/noch-vor-der-einschulung-habe-ich-meine-ersten-geschichten-geschrieben-interview-mit-jonah-herbst\/\"},\"author\":{\"name\":\"Patrick Schady\",\"@id\":\"https:\/\/www.designenlassen.de\/blog\/#\/schema\/person\/1e6e4a367ec0359155d5fbb01227c1ca\"},\"headline\":\"&#8222;Noch vor der Einschulung habe ich meine ersten Geschichten geschrieben.&#8220; &#8211; Interview mit Jonah Herbst\",\"datePublished\":\"2020-02-27T08:00:00+00:00\",\"dateModified\":\"2023-05-25T07:37:44+00:00\",\"mainEntityOfPage\":{\"@id\":\"https:\/\/www.designenlassen.de\/blog\/noch-vor-der-einschulung-habe-ich-meine-ersten-geschichten-geschrieben-interview-mit-jonah-herbst\/\"},\"wordCount\":1854,\"commentCount\":0,\"image\":{\"@id\":\"https:\/\/www.designenlassen.de\/blog\/noch-vor-der-einschulung-habe-ich-meine-ersten-geschichten-geschrieben-interview-mit-jonah-herbst\/#primaryimage\"},\"thumbnailUrl\":\"https:\/\/www.designenlassen.de\/blog\/wp-content\/uploads\/2019\/12\/Taschenbuch-Vermisst-in-Berlin-Buch-Cover.jpg\",\"articleSection\":[\"Interviews\"],\"inLanguage\":\"de\",\"potentialAction\":[{\"@type\":\"CommentAction\",\"name\":\"Comment\",\"target\":[\"https:\/\/www.designenlassen.de\/blog\/noch-vor-der-einschulung-habe-ich-meine-ersten-geschichten-geschrieben-interview-mit-jonah-herbst\/#respond\"]}]},{\"@type\":\"WebPage\",\"@id\":\"https:\/\/www.designenlassen.de\/blog\/noch-vor-der-einschulung-habe-ich-meine-ersten-geschichten-geschrieben-interview-mit-jonah-herbst\/\",\"url\":\"https:\/\/www.designenlassen.de\/blog\/noch-vor-der-einschulung-habe-ich-meine-ersten-geschichten-geschrieben-interview-mit-jonah-herbst\/\",\"name\":\"Auftraggeber-Interview mit Jonah Herbst, Autorin von \\\"Vermisst in Berlin\\\"\",\"isPartOf\":{\"@id\":\"https:\/\/www.designenlassen.de\/blog\/#website\"},\"primaryImageOfPage\":{\"@id\":\"https:\/\/www.designenlassen.de\/blog\/noch-vor-der-einschulung-habe-ich-meine-ersten-geschichten-geschrieben-interview-mit-jonah-herbst\/#primaryimage\"},\"image\":{\"@id\":\"https:\/\/www.designenlassen.de\/blog\/noch-vor-der-einschulung-habe-ich-meine-ersten-geschichten-geschrieben-interview-mit-jonah-herbst\/#primaryimage\"},\"thumbnailUrl\":\"https:\/\/www.designenlassen.de\/blog\/wp-content\/uploads\/2019\/12\/Taschenbuch-Vermisst-in-Berlin-Buch-Cover.jpg\",\"datePublished\":\"2020-02-27T08:00:00+00:00\",\"dateModified\":\"2023-05-25T07:37:44+00:00\",\"author\":{\"@id\":\"https:\/\/www.designenlassen.de\/blog\/#\/schema\/person\/1e6e4a367ec0359155d5fbb01227c1ca\"},\"description\":\"In unserem Auftraggeber-Interview beantwortet uns Jonah Herbst, die Autorin von \\\"Vermisst in Berlin\\\" ein paar Fragen zu ihrem Buchcover Design Projekt.\",\"breadcrumb\":{\"@id\":\"https:\/\/www.designenlassen.de\/blog\/noch-vor-der-einschulung-habe-ich-meine-ersten-geschichten-geschrieben-interview-mit-jonah-herbst\/#breadcrumb\"},\"inLanguage\":\"de\",\"potentialAction\":[{\"@type\":\"ReadAction\",\"target\":[\"https:\/\/www.designenlassen.de\/blog\/noch-vor-der-einschulung-habe-ich-meine-ersten-geschichten-geschrieben-interview-mit-jonah-herbst\/\"]}]},{\"@type\":\"ImageObject\",\"inLanguage\":\"de\",\"@id\":\"https:\/\/www.designenlassen.de\/blog\/noch-vor-der-einschulung-habe-ich-meine-ersten-geschichten-geschrieben-interview-mit-jonah-herbst\/#primaryimage\",\"url\":\"https:\/\/www.designenlassen.de\/blog\/wp-content\/uploads\/2019\/12\/Taschenbuch-Vermisst-in-Berlin-Buch-Cover.jpg\",\"contentUrl\":\"https:\/\/www.designenlassen.de\/blog\/wp-content\/uploads\/2019\/12\/Taschenbuch-Vermisst-in-Berlin-Buch-Cover.jpg\",\"width\":4324,\"height\":2916},{\"@type\":\"BreadcrumbList\",\"@id\":\"https:\/\/www.designenlassen.de\/blog\/noch-vor-der-einschulung-habe-ich-meine-ersten-geschichten-geschrieben-interview-mit-jonah-herbst\/#breadcrumb\",\"itemListElement\":[{\"@type\":\"ListItem\",\"position\":1,\"name\":\"Start\",\"item\":\"https:\/\/www.designenlassen.de\/blog\/\"},{\"@type\":\"ListItem\",\"position\":2,\"name\":\"&#8222;Noch vor der Einschulung habe ich meine ersten Geschichten geschrieben.&#8220; &#8211; Interview mit Jonah Herbst\"}]},{\"@type\":\"WebSite\",\"@id\":\"https:\/\/www.designenlassen.de\/blog\/#website\",\"url\":\"https:\/\/www.designenlassen.de\/blog\/\",\"name\":\"designenlassen.de Blog\",\"description\":\"Inspirationen, Tipps und Ideen f\u00fcr Designer sowie Gr\u00fcnder und Kleinbetriebe.\",\"potentialAction\":[{\"@type\":\"SearchAction\",\"target\":{\"@type\":\"EntryPoint\",\"urlTemplate\":\"https:\/\/www.designenlassen.de\/blog\/?s={search_term_string}\"},\"query-input\":{\"@type\":\"PropertyValueSpecification\",\"valueRequired\":true,\"valueName\":\"search_term_string\"}}],\"inLanguage\":\"de\"},{\"@type\":\"Person\",\"@id\":\"https:\/\/www.designenlassen.de\/blog\/#\/schema\/person\/1e6e4a367ec0359155d5fbb01227c1ca\",\"name\":\"Patrick Schady\",\"image\":{\"@type\":\"ImageObject\",\"inLanguage\":\"de\",\"@id\":\"https:\/\/www.designenlassen.de\/blog\/#\/schema\/person\/image\/\",\"url\":\"https:\/\/secure.gravatar.com\/avatar\/41cfafecfbfd30ee6bc4cc02dd530ef067050210239f1d60debda10ce9c038d7?s=96&d=mm&r=g\",\"contentUrl\":\"https:\/\/secure.gravatar.com\/avatar\/41cfafecfbfd30ee6bc4cc02dd530ef067050210239f1d60debda10ce9c038d7?s=96&d=mm&r=g\",\"caption\":\"Patrick Schady\"},\"url\":\"https:\/\/www.designenlassen.de\/blog\/author\/patrick\/\"}]}<\/script>\n<!-- \/ Yoast SEO plugin. -->","yoast_head_json":{"title":"Auftraggeber-Interview mit Jonah Herbst, Autorin von \"Vermisst in Berlin\"","description":"In unserem Auftraggeber-Interview beantwortet uns Jonah Herbst, die Autorin von \"Vermisst in Berlin\" ein paar Fragen zu ihrem Buchcover Design Projekt.","robots":{"index":"index","follow":"follow","max-snippet":"max-snippet:-1","max-image-preview":"max-image-preview:large","max-video-preview":"max-video-preview:-1"},"canonical":"https:\/\/www.designenlassen.de\/blog\/noch-vor-der-einschulung-habe-ich-meine-ersten-geschichten-geschrieben-interview-mit-jonah-herbst\/","og_locale":"de_DE","og_type":"article","og_title":"Auftraggeber-Interview mit Jonah Herbst, Autorin von \"Vermisst in Berlin\"","og_description":"In unserem Auftraggeber-Interview beantwortet uns Jonah Herbst, die Autorin von \"Vermisst in Berlin\" ein paar Fragen zu ihrem Buchcover Design Projekt.","og_url":"https:\/\/www.designenlassen.de\/blog\/noch-vor-der-einschulung-habe-ich-meine-ersten-geschichten-geschrieben-interview-mit-jonah-herbst\/","og_site_name":"designenlassen.de Blog","article_published_time":"2020-02-27T08:00:00+00:00","article_modified_time":"2023-05-25T07:37:44+00:00","og_image":[{"width":1024,"height":691,"url":"https:\/\/www.designenlassen.de\/blog\/wp-content\/uploads\/2019\/12\/Taschenbuch-Vermisst-in-Berlin-Buch-Cover-1024x691.jpg","type":"image\/jpeg"}],"author":"Patrick Schady","twitter_card":"summary_large_image","twitter_misc":{"Verfasst von":"Patrick Schady","Gesch\u00e4tzte Lesezeit":"10\u00a0Minuten"},"schema":{"@context":"https:\/\/schema.org","@graph":[{"@type":"Article","@id":"https:\/\/www.designenlassen.de\/blog\/noch-vor-der-einschulung-habe-ich-meine-ersten-geschichten-geschrieben-interview-mit-jonah-herbst\/#article","isPartOf":{"@id":"https:\/\/www.designenlassen.de\/blog\/noch-vor-der-einschulung-habe-ich-meine-ersten-geschichten-geschrieben-interview-mit-jonah-herbst\/"},"author":{"name":"Patrick Schady","@id":"https:\/\/www.designenlassen.de\/blog\/#\/schema\/person\/1e6e4a367ec0359155d5fbb01227c1ca"},"headline":"&#8222;Noch vor der Einschulung habe ich meine ersten Geschichten geschrieben.&#8220; &#8211; Interview mit Jonah Herbst","datePublished":"2020-02-27T08:00:00+00:00","dateModified":"2023-05-25T07:37:44+00:00","mainEntityOfPage":{"@id":"https:\/\/www.designenlassen.de\/blog\/noch-vor-der-einschulung-habe-ich-meine-ersten-geschichten-geschrieben-interview-mit-jonah-herbst\/"},"wordCount":1854,"commentCount":0,"image":{"@id":"https:\/\/www.designenlassen.de\/blog\/noch-vor-der-einschulung-habe-ich-meine-ersten-geschichten-geschrieben-interview-mit-jonah-herbst\/#primaryimage"},"thumbnailUrl":"https:\/\/www.designenlassen.de\/blog\/wp-content\/uploads\/2019\/12\/Taschenbuch-Vermisst-in-Berlin-Buch-Cover.jpg","articleSection":["Interviews"],"inLanguage":"de","potentialAction":[{"@type":"CommentAction","name":"Comment","target":["https:\/\/www.designenlassen.de\/blog\/noch-vor-der-einschulung-habe-ich-meine-ersten-geschichten-geschrieben-interview-mit-jonah-herbst\/#respond"]}]},{"@type":"WebPage","@id":"https:\/\/www.designenlassen.de\/blog\/noch-vor-der-einschulung-habe-ich-meine-ersten-geschichten-geschrieben-interview-mit-jonah-herbst\/","url":"https:\/\/www.designenlassen.de\/blog\/noch-vor-der-einschulung-habe-ich-meine-ersten-geschichten-geschrieben-interview-mit-jonah-herbst\/","name":"Auftraggeber-Interview mit Jonah Herbst, Autorin von \"Vermisst in Berlin\"","isPartOf":{"@id":"https:\/\/www.designenlassen.de\/blog\/#website"},"primaryImageOfPage":{"@id":"https:\/\/www.designenlassen.de\/blog\/noch-vor-der-einschulung-habe-ich-meine-ersten-geschichten-geschrieben-interview-mit-jonah-herbst\/#primaryimage"},"image":{"@id":"https:\/\/www.designenlassen.de\/blog\/noch-vor-der-einschulung-habe-ich-meine-ersten-geschichten-geschrieben-interview-mit-jonah-herbst\/#primaryimage"},"thumbnailUrl":"https:\/\/www.designenlassen.de\/blog\/wp-content\/uploads\/2019\/12\/Taschenbuch-Vermisst-in-Berlin-Buch-Cover.jpg","datePublished":"2020-02-27T08:00:00+00:00","dateModified":"2023-05-25T07:37:44+00:00","author":{"@id":"https:\/\/www.designenlassen.de\/blog\/#\/schema\/person\/1e6e4a367ec0359155d5fbb01227c1ca"},"description":"In unserem Auftraggeber-Interview beantwortet uns Jonah Herbst, die Autorin von \"Vermisst in Berlin\" ein paar Fragen zu ihrem Buchcover Design Projekt.","breadcrumb":{"@id":"https:\/\/www.designenlassen.de\/blog\/noch-vor-der-einschulung-habe-ich-meine-ersten-geschichten-geschrieben-interview-mit-jonah-herbst\/#breadcrumb"},"inLanguage":"de","potentialAction":[{"@type":"ReadAction","target":["https:\/\/www.designenlassen.de\/blog\/noch-vor-der-einschulung-habe-ich-meine-ersten-geschichten-geschrieben-interview-mit-jonah-herbst\/"]}]},{"@type":"ImageObject","inLanguage":"de","@id":"https:\/\/www.designenlassen.de\/blog\/noch-vor-der-einschulung-habe-ich-meine-ersten-geschichten-geschrieben-interview-mit-jonah-herbst\/#primaryimage","url":"https:\/\/www.designenlassen.de\/blog\/wp-content\/uploads\/2019\/12\/Taschenbuch-Vermisst-in-Berlin-Buch-Cover.jpg","contentUrl":"https:\/\/www.designenlassen.de\/blog\/wp-content\/uploads\/2019\/12\/Taschenbuch-Vermisst-in-Berlin-Buch-Cover.jpg","width":4324,"height":2916},{"@type":"BreadcrumbList","@id":"https:\/\/www.designenlassen.de\/blog\/noch-vor-der-einschulung-habe-ich-meine-ersten-geschichten-geschrieben-interview-mit-jonah-herbst\/#breadcrumb","itemListElement":[{"@type":"ListItem","position":1,"name":"Start","item":"https:\/\/www.designenlassen.de\/blog\/"},{"@type":"ListItem","position":2,"name":"&#8222;Noch vor der Einschulung habe ich meine ersten Geschichten geschrieben.&#8220; &#8211; Interview mit Jonah Herbst"}]},{"@type":"WebSite","@id":"https:\/\/www.designenlassen.de\/blog\/#website","url":"https:\/\/www.designenlassen.de\/blog\/","name":"designenlassen.de Blog","description":"Inspirationen, Tipps und Ideen f\u00fcr Designer sowie Gr\u00fcnder und Kleinbetriebe.","potentialAction":[{"@type":"SearchAction","target":{"@type":"EntryPoint","urlTemplate":"https:\/\/www.designenlassen.de\/blog\/?s={search_term_string}"},"query-input":{"@type":"PropertyValueSpecification","valueRequired":true,"valueName":"search_term_string"}}],"inLanguage":"de"},{"@type":"Person","@id":"https:\/\/www.designenlassen.de\/blog\/#\/schema\/person\/1e6e4a367ec0359155d5fbb01227c1ca","name":"Patrick Schady","image":{"@type":"ImageObject","inLanguage":"de","@id":"https:\/\/www.designenlassen.de\/blog\/#\/schema\/person\/image\/","url":"https:\/\/secure.gravatar.com\/avatar\/41cfafecfbfd30ee6bc4cc02dd530ef067050210239f1d60debda10ce9c038d7?s=96&d=mm&r=g","contentUrl":"https:\/\/secure.gravatar.com\/avatar\/41cfafecfbfd30ee6bc4cc02dd530ef067050210239f1d60debda10ce9c038d7?s=96&d=mm&r=g","caption":"Patrick Schady"},"url":"https:\/\/www.designenlassen.de\/blog\/author\/patrick\/"}]}},"_links":{"self":[{"href":"https:\/\/www.designenlassen.de\/blog\/wp-json\/wp\/v2\/posts\/18975","targetHints":{"allow":["GET"]}}],"collection":[{"href":"https:\/\/www.designenlassen.de\/blog\/wp-json\/wp\/v2\/posts"}],"about":[{"href":"https:\/\/www.designenlassen.de\/blog\/wp-json\/wp\/v2\/types\/post"}],"author":[{"embeddable":true,"href":"https:\/\/www.designenlassen.de\/blog\/wp-json\/wp\/v2\/users\/24"}],"replies":[{"embeddable":true,"href":"https:\/\/www.designenlassen.de\/blog\/wp-json\/wp\/v2\/comments?post=18975"}],"version-history":[{"count":26,"href":"https:\/\/www.designenlassen.de\/blog\/wp-json\/wp\/v2\/posts\/18975\/revisions"}],"predecessor-version":[{"id":26939,"href":"https:\/\/www.designenlassen.de\/blog\/wp-json\/wp\/v2\/posts\/18975\/revisions\/26939"}],"wp:featuredmedia":[{"embeddable":true,"href":"https:\/\/www.designenlassen.de\/blog\/wp-json\/wp\/v2\/media\/18981"}],"wp:attachment":[{"href":"https:\/\/www.designenlassen.de\/blog\/wp-json\/wp\/v2\/media?parent=18975"}],"wp:term":[{"taxonomy":"category","embeddable":true,"href":"https:\/\/www.designenlassen.de\/blog\/wp-json\/wp\/v2\/categories?post=18975"},{"taxonomy":"post_tag","embeddable":true,"href":"https:\/\/www.designenlassen.de\/blog\/wp-json\/wp\/v2\/tags?post=18975"}],"curies":[{"name":"wp","href":"https:\/\/api.w.org\/{rel}","templated":true}]}}