{"id":19106,"date":"2020-02-26T10:00:00","date_gmt":"2020-02-26T08:00:00","guid":{"rendered":"https:\/\/www.designenlassen.de\/blog\/?p=19106"},"modified":"2024-09-03T11:03:42","modified_gmt":"2024-09-03T09:03:42","slug":"26-event-logos-fuer-eine-unvergessliche-veranstaltung","status":"publish","type":"post","link":"https:\/\/www.designenlassen.de\/blog\/26-event-logos-fuer-eine-unvergessliche-veranstaltung\/","title":{"rendered":"42 Event-Logos f\u00fcr eine unvergessliche Veranstaltung"},"content":{"rendered":"\n<p>Du bist Eventveranstalter, <a href=\"https:\/\/www.designenlassen.de\/blog\/45-fotografie-logo-designs-bei-denen-es-klick-macht\/\">Eventfotograf<\/a>, <a href=\"https:\/\/www.designenlassen.de\/blog\/dj-logo-design-inspirationen-25-beispiele-von-minimalistisch-bis-street-style\/\">DJ<\/a> oder Veranstaltungstechniker und sorgst f\u00fcr Momente, die nicht so schnell in Vergessenheit geraten? Dann ben\u00f6tigst Du ein pers\u00f6nliches <a href=\"https:\/\/www.designenlassen.de\/blog\/logo-erstellen-top-firmenlogo-einfach-entwerfen\/\">Logo<\/a>, welches Dir dabei hilft, erkannt zu werden und aus der Konkurrenz hervorzustechen.<\/p>\n\n\n\n<p>Damit Dein Event oder Event-Business ein voller Erfolg wird, haben wir f\u00fcr Dich eine Galerie mit einzigartigen Logos rund ums Thema Events erstellt:<\/p>\n\n\n\n<figure class=\"wp-block-gallery has-nested-images columns-default is-cropped wp-block-gallery-1 is-layout-flex wp-block-gallery-is-layout-flex\">\n<figure class=\"wp-block-image size-large\"><img fetchpriority=\"high\" decoding=\"async\" width=\"1024\" height=\"621\" data-id=\"19386\" src=\"https:\/\/www.designenlassen.de\/blog\/wp-content\/uploads\/2020\/01\/EventLogo_RockWein_868641-4-1024x621.png\" alt=\"Event Logo, Rock &amp; Wein\" class=\"wp-image-19386\" srcset=\"https:\/\/www.designenlassen.de\/blog\/wp-content\/uploads\/2020\/01\/EventLogo_RockWein_868641-4-1024x621.png 1024w, https:\/\/www.designenlassen.de\/blog\/wp-content\/uploads\/2020\/01\/EventLogo_RockWein_868641-4-300x182.png 300w, https:\/\/www.designenlassen.de\/blog\/wp-content\/uploads\/2020\/01\/EventLogo_RockWein_868641-4-768x466.png 768w, https:\/\/www.designenlassen.de\/blog\/wp-content\/uploads\/2020\/01\/EventLogo_RockWein_868641-4.png 1300w\" sizes=\"(max-width: 1024px) 100vw, 1024px\" \/><figcaption class=\"wp-element-caption\"><a href=\"https:\/\/www.designenlassen.de\/868641-logo-design-fuer-rockfestival\">Event Logo, Rock &amp; Wein von zerus<\/a><\/figcaption><\/figure>\n<\/figure>\n\n\n\n<div class=\"wp-block-buttons is-content-justification-center is-layout-flex wp-container-core-buttons-is-layout-16018d1d wp-block-buttons-is-layout-flex\">\n<div class=\"wp-block-button is-style-fill\"><a class=\"wp-block-button__link has-white-color has-text-color has-background has-text-align-left wp-element-button\" href=\"https:\/\/www.designenlassen.de\/logo-design?utm_source=blog&amp;utm_medium=button&amp;utm_campaign=blog-beitraege\" style=\"background-color:#091182\">Jetzt Logo erstellen<\/a><\/div>\n<\/div>\n\n\n\n\n\n<h2 class=\"wp-block-heading\">Logos f\u00fcr Eventveranstalter<\/h2>\n\n\n\n<p>Wenn Du f\u00fcr einmalige Momente sorgst, brauchst Du auch ein Logo, welches dies nach au\u00dfen hin widerspiegelt. Dein Logo sollte besonders einzigartig wirken und direkt ins Auge springen, denn Du m\u00f6chtest ja auf Dein Event aufmerksam machen. Zeige Deinen Besuchern was sie auf Deinem Event erwartet. Der Kreativit\u00e4t sind hier keine Grenzen gesetzt. <a href=\"https:\/\/www.designenlassen.de\/blog\/34-farbenfrohe-logo-designs-die-definitiv-herausstechen\/\">Kreative, farbige Zeichnungen<\/a> werden Dir spielerisch zu einer hohen <a href=\"https:\/\/www.designenlassen.de\/blog\/wie-du-eine-marke-mit-maximalem-wiedererkennungswert-schaffen-kannst\/\">Wiedererkennung<\/a> verhelfen. <a href=\"https:\/\/www.designenlassen.de\/blog\/minimalistische-logos-die-mit-dem-noetigsten-im-design-ueberzeugen\/\">Schlichte, minimalistische Logos<\/a> zeugen eher von Seriosit\u00e4t. Die folgenden Beispiele machen es vor:<\/p>\n\n\n\n<figure class=\"wp-block-gallery has-nested-images columns-default is-cropped wp-block-gallery-2 is-layout-flex wp-block-gallery-is-layout-flex\">\n<figure class=\"wp-block-image size-large\"><img decoding=\"async\" width=\"642\" height=\"289\" data-id=\"19238\" src=\"https:\/\/www.designenlassen.de\/blog\/wp-content\/uploads\/2020\/01\/EventLogo_LandlustHochzeiten_578856-2.jpg\" alt=\"Event Logo, Landlust Hochzeiten\" class=\"wp-image-19238\" srcset=\"https:\/\/www.designenlassen.de\/blog\/wp-content\/uploads\/2020\/01\/EventLogo_LandlustHochzeiten_578856-2.jpg 642w, https:\/\/www.designenlassen.de\/blog\/wp-content\/uploads\/2020\/01\/EventLogo_LandlustHochzeiten_578856-2-300x135.jpg 300w\" sizes=\"(max-width: 642px) 100vw, 642px\" \/><figcaption class=\"wp-element-caption\"><a href=\"https:\/\/www.designenlassen.de\/578856-agentur-fuer-traumhochzeiten-sucht-logo\">Logo f\u00fcr Landlust Hochzeiten von lemondesign<\/a><\/figcaption><\/figure>\n<\/figure>\n\n\n\n<figure class=\"wp-block-gallery has-nested-images columns-default is-cropped wp-block-gallery-3 is-layout-flex wp-block-gallery-is-layout-flex\">\n<figure class=\"wp-block-image size-large\"><img decoding=\"async\" width=\"1001\" height=\"620\" data-id=\"19398\" src=\"https:\/\/www.designenlassen.de\/blog\/wp-content\/uploads\/2020\/01\/EventLogo_avala_213965-2.jpg\" alt=\"Event-Logo, avala-Kinder, Event, Design\" class=\"wp-image-19398\" srcset=\"https:\/\/www.designenlassen.de\/blog\/wp-content\/uploads\/2020\/01\/EventLogo_avala_213965-2.jpg 1001w, https:\/\/www.designenlassen.de\/blog\/wp-content\/uploads\/2020\/01\/EventLogo_avala_213965-2-300x186.jpg 300w, https:\/\/www.designenlassen.de\/blog\/wp-content\/uploads\/2020\/01\/EventLogo_avala_213965-2-768x476.jpg 768w\" sizes=\"(max-width: 1001px) 100vw, 1001px\" \/><figcaption class=\"wp-element-caption\">Event Logo von crowndesign<\/figcaption><\/figure>\n\n\n\n<figure class=\"wp-block-image size-large\"><img loading=\"lazy\" decoding=\"async\" width=\"833\" height=\"533\" data-id=\"19522\" src=\"https:\/\/www.designenlassen.de\/blog\/wp-content\/uploads\/2020\/02\/EventLogo_CarnivalColonia_566996.png\" alt=\"Event Logo, Carnival Colonia\" class=\"wp-image-19522\" srcset=\"https:\/\/www.designenlassen.de\/blog\/wp-content\/uploads\/2020\/02\/EventLogo_CarnivalColonia_566996.png 833w, https:\/\/www.designenlassen.de\/blog\/wp-content\/uploads\/2020\/02\/EventLogo_CarnivalColonia_566996-300x192.png 300w, https:\/\/www.designenlassen.de\/blog\/wp-content\/uploads\/2020\/02\/EventLogo_CarnivalColonia_566996-768x491.png 768w\" sizes=\"(max-width: 833px) 100vw, 833px\" \/><figcaption class=\"wp-element-caption\">Event Logo von Yaleri<\/figcaption><\/figure>\n<\/figure>\n\n\n\n<figure class=\"wp-block-gallery has-nested-images columns-default is-cropped wp-block-gallery-4 is-layout-flex wp-block-gallery-is-layout-flex\">\n<figure class=\"wp-block-image size-large\"><img loading=\"lazy\" decoding=\"async\" width=\"1024\" height=\"753\" data-id=\"19407\" src=\"https:\/\/www.designenlassen.de\/blog\/wp-content\/uploads\/2020\/01\/38_595778-2-1024x753.jpg\" alt=\"Event Logo, La Theatro\" class=\"wp-image-19407\" srcset=\"https:\/\/www.designenlassen.de\/blog\/wp-content\/uploads\/2020\/01\/38_595778-2-1024x753.jpg 1024w, https:\/\/www.designenlassen.de\/blog\/wp-content\/uploads\/2020\/01\/38_595778-2-300x221.jpg 300w, https:\/\/www.designenlassen.de\/blog\/wp-content\/uploads\/2020\/01\/38_595778-2-768x565.jpg 768w, https:\/\/www.designenlassen.de\/blog\/wp-content\/uploads\/2020\/01\/38_595778-2.jpg 1395w\" sizes=\"(max-width: 1024px) 100vw, 1024px\" \/><figcaption class=\"wp-element-caption\"><a href=\"https:\/\/www.designenlassen.de\/348291-logo-design-fuer-bar\">Event Logo f\u00fcr La Theatro von knipsdesign<\/a><\/figcaption><\/figure>\n<\/figure>\n\n\n\n<figure class=\"wp-block-gallery has-nested-images columns-2 is-cropped wp-block-gallery-5 is-layout-flex wp-block-gallery-is-layout-flex\">\n<figure class=\"wp-block-image size-large\"><img loading=\"lazy\" decoding=\"async\" width=\"242\" height=\"169\" data-id=\"19380\" src=\"https:\/\/www.designenlassen.de\/blog\/wp-content\/uploads\/2020\/01\/EventLogo_ParksideCatering_771122.jpg\" alt=\"Event Logo, Parkside Catering\" class=\"wp-image-19380\"\/><figcaption class=\"wp-element-caption\">Logo von finwasit<\/figcaption><\/figure>\n\n\n\n<figure class=\"wp-block-image size-large\"><img loading=\"lazy\" decoding=\"async\" width=\"982\" height=\"554\" data-id=\"19368\" src=\"https:\/\/www.designenlassen.de\/blog\/wp-content\/uploads\/2020\/01\/EventLogo_KesselSecretsCatering_879943-1.jpg\" alt=\"Event Logo, Kesselsecrets\" class=\"wp-image-19368\" srcset=\"https:\/\/www.designenlassen.de\/blog\/wp-content\/uploads\/2020\/01\/EventLogo_KesselSecretsCatering_879943-1.jpg 982w, https:\/\/www.designenlassen.de\/blog\/wp-content\/uploads\/2020\/01\/EventLogo_KesselSecretsCatering_879943-1-300x169.jpg 300w, https:\/\/www.designenlassen.de\/blog\/wp-content\/uploads\/2020\/01\/EventLogo_KesselSecretsCatering_879943-1-768x433.jpg 768w\" sizes=\"(max-width: 982px) 100vw, 982px\" \/><figcaption class=\"wp-element-caption\">Logo von grabowski design<\/figcaption><\/figure>\n\n\n\n<figure class=\"wp-block-image size-large\"><img loading=\"lazy\" decoding=\"async\" width=\"338\" height=\"338\" data-id=\"12165\" src=\"https:\/\/www.designenlassen.de\/blog\/wp-content\/uploads\/2017\/07\/Hochzeitsagentur-Logo-Design-Landlust.png\" alt=\"Hochzeitsagentur Logo Design Landlust\" class=\"wp-image-12165\" srcset=\"https:\/\/www.designenlassen.de\/blog\/wp-content\/uploads\/2017\/07\/Hochzeitsagentur-Logo-Design-Landlust.png 338w, https:\/\/www.designenlassen.de\/blog\/wp-content\/uploads\/2017\/07\/Hochzeitsagentur-Logo-Design-Landlust-150x150.png 150w, https:\/\/www.designenlassen.de\/blog\/wp-content\/uploads\/2017\/07\/Hochzeitsagentur-Logo-Design-Landlust-300x300.png 300w\" sizes=\"(max-width: 338px) 100vw, 338px\" \/><\/figure>\n\n\n\n<figure class=\"wp-block-image size-large\"><img loading=\"lazy\" decoding=\"async\" width=\"338\" height=\"338\" data-id=\"12497\" src=\"https:\/\/www.designenlassen.de\/blog\/wp-content\/uploads\/2018\/02\/Online-Shops-Herz-Logo-Ja-Hochzeitsshop-713999.jpg\" alt=\"Online Shops Herz Logo Ja Hochzeitsshop 713999\" class=\"wp-image-12497\" srcset=\"https:\/\/www.designenlassen.de\/blog\/wp-content\/uploads\/2018\/02\/Online-Shops-Herz-Logo-Ja-Hochzeitsshop-713999.jpg 338w, https:\/\/www.designenlassen.de\/blog\/wp-content\/uploads\/2018\/02\/Online-Shops-Herz-Logo-Ja-Hochzeitsshop-713999-150x150.jpg 150w, https:\/\/www.designenlassen.de\/blog\/wp-content\/uploads\/2018\/02\/Online-Shops-Herz-Logo-Ja-Hochzeitsshop-713999-300x300.jpg 300w\" sizes=\"(max-width: 338px) 100vw, 338px\" \/><\/figure>\n\n\n\n<figure class=\"wp-block-image size-large\"><img loading=\"lazy\" decoding=\"async\" width=\"338\" height=\"338\" data-id=\"12160\" src=\"https:\/\/www.designenlassen.de\/blog\/wp-content\/uploads\/2017\/07\/Weddingagentur-Logo-die-Hochzeitsagenten.jpg\" alt=\"Weddingagentur Logo die Hochzeitsagenten\" class=\"wp-image-12160\" srcset=\"https:\/\/www.designenlassen.de\/blog\/wp-content\/uploads\/2017\/07\/Weddingagentur-Logo-die-Hochzeitsagenten.jpg 338w, https:\/\/www.designenlassen.de\/blog\/wp-content\/uploads\/2017\/07\/Weddingagentur-Logo-die-Hochzeitsagenten-150x150.jpg 150w, https:\/\/www.designenlassen.de\/blog\/wp-content\/uploads\/2017\/07\/Weddingagentur-Logo-die-Hochzeitsagenten-300x300.jpg 300w\" sizes=\"(max-width: 338px) 100vw, 338px\" \/><\/figure>\n\n\n\n<figure class=\"wp-block-image size-large\"><img loading=\"lazy\" decoding=\"async\" width=\"338\" height=\"338\" data-id=\"12071\" src=\"https:\/\/www.designenlassen.de\/blog\/wp-content\/uploads\/2016\/04\/Jennifer-Eder-Hochzeitslogo-S\u00e4ngerin-782165.jpg\" alt=\"Jennifer Eder Hochzeitslogo S\u00e4ngerin 782165\" class=\"wp-image-12071\" srcset=\"https:\/\/www.designenlassen.de\/blog\/wp-content\/uploads\/2016\/04\/Jennifer-Eder-Hochzeitslogo-S\u00e4ngerin-782165.jpg 338w, https:\/\/www.designenlassen.de\/blog\/wp-content\/uploads\/2016\/04\/Jennifer-Eder-Hochzeitslogo-S\u00e4ngerin-782165-150x150.jpg 150w, https:\/\/www.designenlassen.de\/blog\/wp-content\/uploads\/2016\/04\/Jennifer-Eder-Hochzeitslogo-S\u00e4ngerin-782165-300x300.jpg 300w\" sizes=\"(max-width: 338px) 100vw, 338px\" \/><\/figure>\n<\/figure>\n\n\n\n<h2 class=\"wp-block-heading\">Logos f\u00fcr Veranstaltungstechniker<\/h2>\n\n\n\n<p>Licht, Ton, Video und B\u00fchne sind Dein Spezialgebiet. Damit nicht nur die Personen auf der B\u00fchne im Rampenlicht stehen und alle Augen auf sich ziehen, kann Dir ein Logo helfen, die Aufmerksamkeit zu bekommen, die Dein Unternehmen verdient. Beliebte Gestaltungsmittel hierf\u00fcr sind Scheinwerfer oder Schallwellen. Dein Logo sollte Professionalit\u00e4t ausstrahlen und auch f\u00fcr <a href=\"https:\/\/www.designenlassen.de\/blog\/visitenkarten-design-diese-tipps-verhelfen-dir-zum-optimalen-resultat\/\">Visitenkarten<\/a>, <a href=\"https:\/\/www.designenlassen.de\/blog\/professionelle-werbung-fuer-unterwegs-die-fahrzeugbeschriftung-muss-das-sein\/\">Fahrzeugbeschriftungen<\/a> etc. verwendbar sein.<\/p>\n\n\n\n<figure class=\"wp-block-gallery has-nested-images columns-default is-cropped wp-block-gallery-6 is-layout-flex wp-block-gallery-is-layout-flex\">\n<figure class=\"wp-block-image size-large\"><img loading=\"lazy\" decoding=\"async\" width=\"835\" height=\"538\" data-id=\"19240\" src=\"https:\/\/www.designenlassen.de\/blog\/wp-content\/uploads\/2020\/01\/EventLogos_GrouvEvents_971279-1.png\" alt=\"Event Logo, Grouv Events von celere\" class=\"wp-image-19240\" srcset=\"https:\/\/www.designenlassen.de\/blog\/wp-content\/uploads\/2020\/01\/EventLogos_GrouvEvents_971279-1.png 835w, https:\/\/www.designenlassen.de\/blog\/wp-content\/uploads\/2020\/01\/EventLogos_GrouvEvents_971279-1-300x193.png 300w, https:\/\/www.designenlassen.de\/blog\/wp-content\/uploads\/2020\/01\/EventLogos_GrouvEvents_971279-1-768x495.png 768w\" sizes=\"(max-width: 835px) 100vw, 835px\" \/><figcaption class=\"wp-element-caption\">Event Logo von celere<\/figcaption><\/figure>\n\n\n\n<figure class=\"wp-block-image size-large\"><img loading=\"lazy\" decoding=\"async\" width=\"1024\" height=\"494\" data-id=\"19314\" src=\"https:\/\/www.designenlassen.de\/blog\/wp-content\/uploads\/2020\/01\/EventLogo_KMVeranstaltungstechnik_256891-1-1024x494.png\" alt=\"Event Logo, K &amp; M Veranstaltungstechnik\" class=\"wp-image-19314\" srcset=\"https:\/\/www.designenlassen.de\/blog\/wp-content\/uploads\/2020\/01\/EventLogo_KMVeranstaltungstechnik_256891-1-1024x494.png 1024w, https:\/\/www.designenlassen.de\/blog\/wp-content\/uploads\/2020\/01\/EventLogo_KMVeranstaltungstechnik_256891-1-300x145.png 300w, https:\/\/www.designenlassen.de\/blog\/wp-content\/uploads\/2020\/01\/EventLogo_KMVeranstaltungstechnik_256891-1-768x370.png 768w, https:\/\/www.designenlassen.de\/blog\/wp-content\/uploads\/2020\/01\/EventLogo_KMVeranstaltungstechnik_256891-1.png 1257w\" sizes=\"(max-width: 1024px) 100vw, 1024px\" \/><figcaption class=\"wp-element-caption\">Event Logo von Meissners Com Office<\/figcaption><\/figure>\n<\/figure>\n\n\n\n<figure class=\"wp-block-gallery has-nested-images columns-default is-cropped wp-block-gallery-7 is-layout-flex wp-block-gallery-is-layout-flex\">\n<figure class=\"wp-block-image size-large\"><img loading=\"lazy\" decoding=\"async\" width=\"890\" height=\"1024\" data-id=\"19514\" src=\"https:\/\/www.designenlassen.de\/blog\/wp-content\/uploads\/2020\/02\/EventLogo_youngdimension_837588-890x1024.jpg\" alt=\"Event Logo, youngdimension\" class=\"wp-image-19514\" srcset=\"https:\/\/www.designenlassen.de\/blog\/wp-content\/uploads\/2020\/02\/EventLogo_youngdimension_837588-890x1024.jpg 890w, https:\/\/www.designenlassen.de\/blog\/wp-content\/uploads\/2020\/02\/EventLogo_youngdimension_837588-261x300.jpg 261w, https:\/\/www.designenlassen.de\/blog\/wp-content\/uploads\/2020\/02\/EventLogo_youngdimension_837588-768x884.jpg 768w, https:\/\/www.designenlassen.de\/blog\/wp-content\/uploads\/2020\/02\/EventLogo_youngdimension_837588.jpg 1000w\" sizes=\"(max-width: 890px) 100vw, 890px\" \/><figcaption class=\"wp-element-caption\"><a href=\"https:\/\/www.designenlassen.de\/837588-veranstaltungs-dienstleister-sucht-neues-logo\">Event Logo f\u00fcr youngdimension von rsdesign<\/a><\/figcaption><\/figure>\n<\/figure>\n\n\n\n<div class=\"wp-block-buttons is-content-justification-center is-layout-flex wp-container-core-buttons-is-layout-16018d1d wp-block-buttons-is-layout-flex\">\n<div class=\"wp-block-button is-style-fill\"><a class=\"wp-block-button__link has-white-color has-text-color has-background has-text-align-left wp-element-button\" href=\"https:\/\/www.designenlassen.de\/logo-design?utm_source=blog&amp;utm_medium=button&amp;utm_campaign=blog-beitraege\" style=\"background-color:#091182\">Jetzt Logo erstellen<\/a><\/div>\n<\/div>\n\n\n\n<div style=\"height:31px\" aria-hidden=\"true\" class=\"wp-block-spacer\"><\/div>\n\n\n\n<h2 class=\"wp-block-heading\">Event-Logos f\u00fcr DJs und Bands<\/h2>\n\n\n\n<p>Du wei\u00dft, wie man ein Event mit der richtigen Musik unvergesslich macht? Das richtige Logo hilft Dir dabei, dass nicht nur Deine Musik im Ged\u00e4chtnis bleibt, sondern auch Dein Unternehmen. Die Gestaltung Deines Logos darf genauso individuell und kreativ sein wie Du selbst. Ob mit einer einfachen <a href=\"https:\/\/www.designenlassen.de\/blog\/wortmarke-vs-wort-bildmarke-das-musst-du-wissen\/\">Wort- und Bildmarke<\/a> oder vielleicht doch mit Illustrationen ist dabei v\u00f6llig Dir \u00fcberlassen.<\/p>\n\n\n\n<figure class=\"wp-block-gallery has-nested-images columns-default is-cropped dl_picsub_black wp-block-gallery-8 is-layout-flex wp-block-gallery-is-layout-flex\">\n<figure class=\"wp-block-image size-large\"><img loading=\"lazy\" decoding=\"async\" width=\"1008\" height=\"599\" data-id=\"19270\" src=\"https:\/\/www.designenlassen.de\/blog\/wp-content\/uploads\/2020\/01\/EventLogo_LuiAkustik_871714.png\" alt=\"Event Logo, Lui Akustik\" class=\"wp-image-19270\" srcset=\"https:\/\/www.designenlassen.de\/blog\/wp-content\/uploads\/2020\/01\/EventLogo_LuiAkustik_871714.png 1008w, https:\/\/www.designenlassen.de\/blog\/wp-content\/uploads\/2020\/01\/EventLogo_LuiAkustik_871714-300x178.png 300w, https:\/\/www.designenlassen.de\/blog\/wp-content\/uploads\/2020\/01\/EventLogo_LuiAkustik_871714-768x456.png 768w\" sizes=\"(max-width: 1008px) 100vw, 1008px\" \/><figcaption class=\"wp-element-caption\"><a href=\"https:\/\/www.designenlassen.de\/871714-logo-design-fuer-cover-band\">Logo f\u00fcr Lui Akustik von OS Design<\/a><\/figcaption><\/figure>\n<\/figure>\n\n\n\n<figure class=\"wp-block-gallery has-nested-images columns-default is-cropped wp-block-gallery-9 is-layout-flex wp-block-gallery-is-layout-flex\">\n<figure class=\"wp-block-image size-large\"><img loading=\"lazy\" decoding=\"async\" width=\"1000\" height=\"952\" data-id=\"19316\" src=\"https:\/\/www.designenlassen.de\/blog\/wp-content\/uploads\/2020\/01\/EventLogo_RokLaTesta_356288.jpg\" alt=\"Event Logo, DJ Roc La Testa\" class=\"wp-image-19316\" srcset=\"https:\/\/www.designenlassen.de\/blog\/wp-content\/uploads\/2020\/01\/EventLogo_RokLaTesta_356288.jpg 1000w, https:\/\/www.designenlassen.de\/blog\/wp-content\/uploads\/2020\/01\/EventLogo_RokLaTesta_356288-300x286.jpg 300w, https:\/\/www.designenlassen.de\/blog\/wp-content\/uploads\/2020\/01\/EventLogo_RokLaTesta_356288-768x731.jpg 768w\" sizes=\"(max-width: 1000px) 100vw, 1000px\" \/><figcaption class=\"wp-element-caption\">Logo von lis2005<\/figcaption><\/figure>\n\n\n\n<figure class=\"wp-block-image size-large\"><img loading=\"lazy\" decoding=\"async\" width=\"999\" height=\"1024\" data-id=\"19317\" src=\"https:\/\/www.designenlassen.de\/blog\/wp-content\/uploads\/2020\/01\/EventLogo_ClausTrophobia_898388-2-999x1024.jpg\" alt=\"Event Logo, Claus Trophobia\" class=\"wp-image-19317\" srcset=\"https:\/\/www.designenlassen.de\/blog\/wp-content\/uploads\/2020\/01\/EventLogo_ClausTrophobia_898388-2-999x1024.jpg 999w, https:\/\/www.designenlassen.de\/blog\/wp-content\/uploads\/2020\/01\/EventLogo_ClausTrophobia_898388-2-293x300.jpg 293w, https:\/\/www.designenlassen.de\/blog\/wp-content\/uploads\/2020\/01\/EventLogo_ClausTrophobia_898388-2-768x787.jpg 768w, https:\/\/www.designenlassen.de\/blog\/wp-content\/uploads\/2020\/01\/EventLogo_ClausTrophobia_898388-2.jpg 1000w\" sizes=\"(max-width: 999px) 100vw, 999px\" \/><figcaption class=\"wp-element-caption\">Logo von GasMin<\/figcaption><\/figure>\n<\/figure>\n\n\n\n<figure class=\"wp-block-gallery has-nested-images columns-default is-cropped wp-block-gallery-10 is-layout-flex wp-block-gallery-is-layout-flex\">\n<figure class=\"wp-block-image size-large\"><img loading=\"lazy\" decoding=\"async\" width=\"745\" height=\"1024\" data-id=\"19280\" src=\"https:\/\/www.designenlassen.de\/blog\/wp-content\/uploads\/2020\/01\/EventLogo_LIloMolina_754447-3-745x1024.jpg\" alt=\"Event Logo, Lilo Molina\" class=\"wp-image-19280\" srcset=\"https:\/\/www.designenlassen.de\/blog\/wp-content\/uploads\/2020\/01\/EventLogo_LIloMolina_754447-3-745x1024.jpg 745w, https:\/\/www.designenlassen.de\/blog\/wp-content\/uploads\/2020\/01\/EventLogo_LIloMolina_754447-3-218x300.jpg 218w, https:\/\/www.designenlassen.de\/blog\/wp-content\/uploads\/2020\/01\/EventLogo_LIloMolina_754447-3-768x1056.jpg 768w, https:\/\/www.designenlassen.de\/blog\/wp-content\/uploads\/2020\/01\/EventLogo_LIloMolina_754447-3.jpg 1000w\" sizes=\"(max-width: 745px) 100vw, 745px\" \/><figcaption class=\"wp-element-caption\">Logo von WOW DESIGN STUDIOS <\/figcaption><\/figure>\n\n\n\n<figure class=\"wp-block-image size-large\"><img loading=\"lazy\" decoding=\"async\" width=\"1024\" height=\"681\" data-id=\"19354\" src=\"https:\/\/www.designenlassen.de\/blog\/wp-content\/uploads\/2020\/01\/4_631414-1024x681.jpg\" alt=\"Event Logo, Laura Hess\" class=\"wp-image-19354\" srcset=\"https:\/\/www.designenlassen.de\/blog\/wp-content\/uploads\/2020\/01\/4_631414-1024x681.jpg 1024w, https:\/\/www.designenlassen.de\/blog\/wp-content\/uploads\/2020\/01\/4_631414-300x200.jpg 300w, https:\/\/www.designenlassen.de\/blog\/wp-content\/uploads\/2020\/01\/4_631414-768x511.jpg 768w, https:\/\/www.designenlassen.de\/blog\/wp-content\/uploads\/2020\/01\/4_631414.jpg 1690w\" sizes=\"(max-width: 1024px) 100vw, 1024px\" \/><figcaption class=\"wp-element-caption\">Logo von 4Creative<\/figcaption><\/figure>\n<\/figure>\n\n\n\n<figure class=\"wp-block-gallery has-nested-images columns-default is-cropped dl_picsub_red wp-block-gallery-11 is-layout-flex wp-block-gallery-is-layout-flex\">\n<figure class=\"wp-block-image size-large\"><img loading=\"lazy\" decoding=\"async\" width=\"1000\" height=\"506\" data-id=\"19264\" src=\"https:\/\/www.designenlassen.de\/blog\/wp-content\/uploads\/2020\/01\/EventLogo_FUNKAHOLICS_295591-1.jpg\" alt=\"Event Logo, Funkaholics von lina ros\" class=\"wp-image-19264\" srcset=\"https:\/\/www.designenlassen.de\/blog\/wp-content\/uploads\/2020\/01\/EventLogo_FUNKAHOLICS_295591-1.jpg 1000w, https:\/\/www.designenlassen.de\/blog\/wp-content\/uploads\/2020\/01\/EventLogo_FUNKAHOLICS_295591-1-300x152.jpg 300w, https:\/\/www.designenlassen.de\/blog\/wp-content\/uploads\/2020\/01\/EventLogo_FUNKAHOLICS_295591-1-768x389.jpg 768w\" sizes=\"(max-width: 1000px) 100vw, 1000px\" \/><figcaption class=\"wp-element-caption\"><a href=\"https:\/\/www.designenlassen.de\/295591-logo-design-fuer-band-aus-den-bereichen-funk-und-soul\">Logo f\u00fcr Funkaholics von lina ros<\/a><\/figcaption><\/figure>\n<\/figure>\n\n\n\n<figure class=\"wp-block-gallery has-nested-images columns-default is-cropped wp-block-gallery-12 is-layout-flex wp-block-gallery-is-layout-flex\">\n<figure class=\"wp-block-image size-large\"><img loading=\"lazy\" decoding=\"async\" width=\"338\" height=\"338\" data-id=\"12091\" src=\"https:\/\/www.designenlassen.de\/blog\/wp-content\/uploads\/2016\/04\/^FF26E6F0CFEE1FA69E70A45F356627D43433E0EFD422AC54BC^pimgpsh_fullsize_distr.png\" alt=\"Schwungvolles Hochzeitslogo DJ Hochzeit 716216\" class=\"wp-image-12091\" srcset=\"https:\/\/www.designenlassen.de\/blog\/wp-content\/uploads\/2016\/04\/^FF26E6F0CFEE1FA69E70A45F356627D43433E0EFD422AC54BC^pimgpsh_fullsize_distr.png 338w, https:\/\/www.designenlassen.de\/blog\/wp-content\/uploads\/2016\/04\/^FF26E6F0CFEE1FA69E70A45F356627D43433E0EFD422AC54BC^pimgpsh_fullsize_distr-150x150.png 150w, https:\/\/www.designenlassen.de\/blog\/wp-content\/uploads\/2016\/04\/^FF26E6F0CFEE1FA69E70A45F356627D43433E0EFD422AC54BC^pimgpsh_fullsize_distr-300x300.png 300w\" sizes=\"(max-width: 338px) 100vw, 338px\" \/><\/figure>\n\n\n\n<figure class=\"wp-block-image size-large\"><img loading=\"lazy\" decoding=\"async\" width=\"338\" height=\"338\" data-id=\"17237\" src=\"https:\/\/www.designenlassen.de\/blog\/wp-content\/uploads\/2019\/06\/DJ-Logo-Hochzeit-716216-Musik.jpg\" alt=\"DJ Logo Hochzeit 716216 Musik\" class=\"wp-image-17237\" srcset=\"https:\/\/www.designenlassen.de\/blog\/wp-content\/uploads\/2019\/06\/DJ-Logo-Hochzeit-716216-Musik.jpg 338w, https:\/\/www.designenlassen.de\/blog\/wp-content\/uploads\/2019\/06\/DJ-Logo-Hochzeit-716216-Musik-150x150.jpg 150w, https:\/\/www.designenlassen.de\/blog\/wp-content\/uploads\/2019\/06\/DJ-Logo-Hochzeit-716216-Musik-300x300.jpg 300w\" sizes=\"(max-width: 338px) 100vw, 338px\" \/><\/figure>\n<\/figure>\n\n\n\n<p>Inspiration f\u00fcr weitere DJ Logos findest Du hier:  <a href=\"https:\/\/www.designenlassen.de\/blog\/dj-logo-design-inspirationen-25-beispiele-von-minimalistisch-bis-street-style\/\">DJ Logo Design Inspirationen \u2013 25 Beispiele von minimalistisch bis Street-Style<\/a> <\/p>\n\n\n\n<h2 class=\"wp-block-heading\">Logos f\u00fcr Deinen Cateringservice oder Foodtruck<\/h2>\n\n\n\n<p>Mit einem leeren Magen l\u00e4sst es sich nur schwer ein tolles Event genie\u00dfen. Damit alle zufrieden sind, sorgst Du Dich um das Wohl der Besucher. \u201eFalafel, BBQ, Suppe oder doch lieber etwas S\u00fc\u00dfes?\u201c<\/p>\n\n\n\n<p>Mit dem richtigen Logo kannst Du den Eventbesuchern diese Entscheidung garantiert etwas erleichtern und die Kundschaft sicher zu Deinem Stand oder Foodtruck locken. Im Folgenden pr\u00e4sentieren wir Dir eine Auswahl an  Logos, die Appetit machen:<\/p>\n\n\n\n<figure class=\"wp-block-gallery has-nested-images columns-default is-cropped wp-block-gallery-13 is-layout-flex wp-block-gallery-is-layout-flex\">\n<figure class=\"wp-block-image size-large\"><img loading=\"lazy\" decoding=\"async\" width=\"1000\" height=\"788\" data-id=\"19199\" src=\"https:\/\/www.designenlassen.de\/blog\/wp-content\/uploads\/2020\/01\/EventLogo_SweetSoul_848635.png\" alt=\"Event Logo, sweetsoul\" class=\"wp-image-19199\" srcset=\"https:\/\/www.designenlassen.de\/blog\/wp-content\/uploads\/2020\/01\/EventLogo_SweetSoul_848635.png 1000w, https:\/\/www.designenlassen.de\/blog\/wp-content\/uploads\/2020\/01\/EventLogo_SweetSoul_848635-300x236.png 300w, https:\/\/www.designenlassen.de\/blog\/wp-content\/uploads\/2020\/01\/EventLogo_SweetSoul_848635-768x605.png 768w\" sizes=\"(max-width: 1000px) 100vw, 1000px\" \/><figcaption class=\"wp-element-caption\"><a href=\"https:\/\/www.designenlassen.de\/848635-logo-design-fuer-foodtruck-anhaenger\">Logo f\u00fcr Sweet Souls von  mikreativo<\/a><\/figcaption><\/figure>\n<\/figure>\n\n\n\n<figure class=\"wp-block-gallery has-nested-images columns-default is-cropped wp-block-gallery-14 is-layout-flex wp-block-gallery-is-layout-flex\">\n<figure class=\"wp-block-image size-large\"><img loading=\"lazy\" decoding=\"async\" width=\"982\" height=\"554\" data-id=\"19368\" src=\"https:\/\/www.designenlassen.de\/blog\/wp-content\/uploads\/2020\/01\/EventLogo_KesselSecretsCatering_879943-1.jpg\" alt=\"Event Logo, Kesselsecrets\" class=\"wp-image-19368\" srcset=\"https:\/\/www.designenlassen.de\/blog\/wp-content\/uploads\/2020\/01\/EventLogo_KesselSecretsCatering_879943-1.jpg 982w, https:\/\/www.designenlassen.de\/blog\/wp-content\/uploads\/2020\/01\/EventLogo_KesselSecretsCatering_879943-1-300x169.jpg 300w, https:\/\/www.designenlassen.de\/blog\/wp-content\/uploads\/2020\/01\/EventLogo_KesselSecretsCatering_879943-1-768x433.jpg 768w\" sizes=\"(max-width: 982px) 100vw, 982px\" \/><figcaption class=\"wp-element-caption\">Logo von grabowski design<\/figcaption><\/figure>\n\n\n\n<figure class=\"wp-block-image size-large\"><img loading=\"lazy\" decoding=\"async\" width=\"966\" height=\"969\" data-id=\"19369\" src=\"https:\/\/www.designenlassen.de\/blog\/wp-content\/uploads\/2020\/01\/13_454477-2.png\" alt=\"Event Logo, Genusswerk\" class=\"wp-image-19369\" srcset=\"https:\/\/www.designenlassen.de\/blog\/wp-content\/uploads\/2020\/01\/13_454477-2.png 966w, https:\/\/www.designenlassen.de\/blog\/wp-content\/uploads\/2020\/01\/13_454477-2-150x150.png 150w, https:\/\/www.designenlassen.de\/blog\/wp-content\/uploads\/2020\/01\/13_454477-2-300x300.png 300w, https:\/\/www.designenlassen.de\/blog\/wp-content\/uploads\/2020\/01\/13_454477-2-768x770.png 768w\" sizes=\"(max-width: 966px) 100vw, 966px\" \/><figcaption class=\"wp-element-caption\">Logo von typo<\/figcaption><\/figure>\n<\/figure>\n\n\n\n<figure class=\"wp-block-gallery has-nested-images columns-default is-cropped wp-block-gallery-15 is-layout-flex wp-block-gallery-is-layout-flex\">\n<figure class=\"wp-block-image size-large\"><img loading=\"lazy\" decoding=\"async\" width=\"1024\" height=\"768\" data-id=\"19515\" src=\"https:\/\/www.designenlassen.de\/blog\/wp-content\/uploads\/2020\/02\/EventLogo_BurgerFactory_176785-1024x768.jpg\" alt=\"Event Logo, The Burger Factory\" class=\"wp-image-19515\" srcset=\"https:\/\/www.designenlassen.de\/blog\/wp-content\/uploads\/2020\/02\/EventLogo_BurgerFactory_176785.jpg 1024w, https:\/\/www.designenlassen.de\/blog\/wp-content\/uploads\/2020\/02\/EventLogo_BurgerFactory_176785-300x225.jpg 300w, https:\/\/www.designenlassen.de\/blog\/wp-content\/uploads\/2020\/02\/EventLogo_BurgerFactory_176785-768x576.jpg 768w\" sizes=\"(max-width: 1024px) 100vw, 1024px\" \/><figcaption class=\"wp-element-caption\">Logo von mutabor<\/figcaption><\/figure>\n\n\n\n<figure class=\"wp-block-image size-large\"><img loading=\"lazy\" decoding=\"async\" width=\"1024\" height=\"886\" data-id=\"19516\" src=\"https:\/\/www.designenlassen.de\/blog\/wp-content\/uploads\/2020\/02\/EventLogo_WaffleParadise_555332-1-1024x886.jpg\" alt=\"EWvent Logo, Waffle Paradise\" class=\"wp-image-19516\" srcset=\"https:\/\/www.designenlassen.de\/blog\/wp-content\/uploads\/2020\/02\/EventLogo_WaffleParadise_555332-1-1024x886.jpg 1024w, https:\/\/www.designenlassen.de\/blog\/wp-content\/uploads\/2020\/02\/EventLogo_WaffleParadise_555332-1-300x260.jpg 300w, https:\/\/www.designenlassen.de\/blog\/wp-content\/uploads\/2020\/02\/EventLogo_WaffleParadise_555332-1-768x664.jpg 768w, https:\/\/www.designenlassen.de\/blog\/wp-content\/uploads\/2020\/02\/EventLogo_WaffleParadise_555332-1.jpg 1068w\" sizes=\"(max-width: 1024px) 100vw, 1024px\" \/><figcaption class=\"wp-element-caption\">Logo von Sashpictures<\/figcaption><\/figure>\n<\/figure>\n\n\n\n<figure class=\"wp-block-gallery has-nested-images columns-default is-cropped wp-block-gallery-16 is-layout-flex wp-block-gallery-is-layout-flex\">\n<figure class=\"wp-block-image size-large\"><img loading=\"lazy\" decoding=\"async\" width=\"838\" height=\"912\" data-id=\"19371\" src=\"https:\/\/www.designenlassen.de\/blog\/wp-content\/uploads\/2020\/01\/19_974239.jpg\" alt=\"Logo f\u00fcr Himmlische Cupcakes \" class=\"wp-image-19371\" srcset=\"https:\/\/www.designenlassen.de\/blog\/wp-content\/uploads\/2020\/01\/19_974239.jpg 838w, https:\/\/www.designenlassen.de\/blog\/wp-content\/uploads\/2020\/01\/19_974239-276x300.jpg 276w, https:\/\/www.designenlassen.de\/blog\/wp-content\/uploads\/2020\/01\/19_974239-768x836.jpg 768w\" sizes=\"(max-width: 838px) 100vw, 838px\" \/><figcaption class=\"wp-element-caption\"><a href=\"https:\/\/www.designenlassen.de\/128917-logo-design-fuer-vegane-backwaren-cupcakes-cookies-muffins-etc\">Logo f\u00fcr Himmlische Cupcakes von Verena Kempken<\/a><\/figcaption><\/figure>\n<\/figure>\n\n\n\n<p>Mehr leckere Logos gibt es hier: <a href=\"https:\/\/www.designenlassen.de\/blog\/39-fast-food-logos-die-nicht-nur-deinen-kunden-hunger-machen\/\">39 Burger-Logos, Imbiss-Logos und Food-Truck-Logos zu Deiner Inspiration<\/a><\/p>\n\n\n\n<h2 class=\"wp-block-heading\">Event-Logos f\u00fcr Fotografen<\/h2>\n\n\n\n<p>Besondere Momente m\u00fcssen auch festgehalten werden und hier kommst Du ins Spiel. Kamera und Objektiv sind Deine treuesten Helfer, doch um Dich von der Konkurrenz abzuheben, hilft Dir bestenfalls ein <a href=\"http:\/\/designenlassen.de\">Design<\/a>, welches Einzigartigkeit, Professionalit\u00e4t und Charisma ausstrahlt. Zeige mit Deinem Logo, was Du auf dem Kasten hast:<\/p>\n\n\n\n<figure class=\"wp-block-gallery has-nested-images columns-default is-cropped wp-block-gallery-17 is-layout-flex wp-block-gallery-is-layout-flex\">\n<figure class=\"wp-block-image size-large\"><img loading=\"lazy\" decoding=\"async\" width=\"808\" height=\"479\" data-id=\"19286\" src=\"https:\/\/www.designenlassen.de\/blog\/wp-content\/uploads\/2020\/01\/EventLogo_KristinaKohler_858656.png\" alt=\"Event Logo, Kristina Koehler\" class=\"wp-image-19286\" srcset=\"https:\/\/www.designenlassen.de\/blog\/wp-content\/uploads\/2020\/01\/EventLogo_KristinaKohler_858656.png 808w, https:\/\/www.designenlassen.de\/blog\/wp-content\/uploads\/2020\/01\/EventLogo_KristinaKohler_858656-300x178.png 300w, https:\/\/www.designenlassen.de\/blog\/wp-content\/uploads\/2020\/01\/EventLogo_KristinaKohler_858656-768x455.png 768w\" sizes=\"(max-width: 808px) 100vw, 808px\" \/><figcaption class=\"wp-element-caption\"><a href=\"https:\/\/www.designenlassen.de\/858656-logo-design-fuer-premium-fotografie-gesucht\">Logo f\u00fcr Kristina Koehler von rehli<\/a><\/figcaption><\/figure>\n<\/figure>\n\n\n\n<figure class=\"wp-block-gallery has-nested-images columns-default is-cropped dl_picsub_black wp-block-gallery-18 is-layout-flex wp-block-gallery-is-layout-flex\">\n<figure class=\"wp-block-image size-large\"><img loading=\"lazy\" decoding=\"async\" width=\"800\" height=\"386\" data-id=\"22747\" src=\"https:\/\/www.designenlassen.de\/blog\/wp-content\/uploads\/2020\/10\/EventLogo_PhillipSD_546877.jpg\" alt=\"Event Logo, Phillip SD\" class=\"wp-image-22747\" srcset=\"https:\/\/www.designenlassen.de\/blog\/wp-content\/uploads\/2020\/10\/EventLogo_PhillipSD_546877.jpg 800w, https:\/\/www.designenlassen.de\/blog\/wp-content\/uploads\/2020\/10\/EventLogo_PhillipSD_546877-300x145.jpg 300w, https:\/\/www.designenlassen.de\/blog\/wp-content\/uploads\/2020\/10\/EventLogo_PhillipSD_546877-768x371.jpg 768w\" sizes=\"(max-width: 800px) 100vw, 800px\" \/><figcaption class=\"wp-element-caption\"><a href=\"https:\/\/www.designenlassen.de\/546877-logo-design-fuer-fotograf-und-filmer\">Event Design f\u00fcr Philip SD von awasthi<\/a><\/figcaption><\/figure>\n<\/figure>\n\n\n\n<figure class=\"wp-block-gallery has-nested-images columns-default is-cropped wp-block-gallery-19 is-layout-flex wp-block-gallery-is-layout-flex\">\n<figure class=\"wp-block-image size-large\"><img loading=\"lazy\" decoding=\"async\" width=\"540\" height=\"396\" data-id=\"22749\" src=\"https:\/\/www.designenlassen.de\/blog\/wp-content\/uploads\/2020\/10\/EventLogo_VanDanger_651127.jpg\" alt=\"Event Logo, Van Danger Photography\" class=\"wp-image-22749\" srcset=\"https:\/\/www.designenlassen.de\/blog\/wp-content\/uploads\/2020\/10\/EventLogo_VanDanger_651127.jpg 540w, https:\/\/www.designenlassen.de\/blog\/wp-content\/uploads\/2020\/10\/EventLogo_VanDanger_651127-300x220.jpg 300w\" sizes=\"(max-width: 540px) 100vw, 540px\" \/><figcaption class=\"wp-element-caption\"><a href=\"https:\/\/www.designenlassen.de\/651127-logo-design-fuer-fotografen-vd\">Event Logo von vessel4e<\/a><\/figcaption><\/figure>\n\n\n\n<figure class=\"wp-block-image size-large\"><img loading=\"lazy\" decoding=\"async\" width=\"894\" height=\"720\" data-id=\"19223\" src=\"https:\/\/www.designenlassen.de\/blog\/wp-content\/uploads\/2020\/01\/EventLogo_SebastianSchwemmer_782688.png\" alt=\"Event Logo, Sebastian Schwemmer\" class=\"wp-image-19223\" srcset=\"https:\/\/www.designenlassen.de\/blog\/wp-content\/uploads\/2020\/01\/EventLogo_SebastianSchwemmer_782688.png 894w, https:\/\/www.designenlassen.de\/blog\/wp-content\/uploads\/2020\/01\/EventLogo_SebastianSchwemmer_782688-300x242.png 300w, https:\/\/www.designenlassen.de\/blog\/wp-content\/uploads\/2020\/01\/EventLogo_SebastianSchwemmer_782688-768x619.png 768w\" sizes=\"(max-width: 894px) 100vw, 894px\" \/><figcaption class=\"wp-element-caption\"><a href=\"https:\/\/www.designenlassen.de\/783688-logo-design-fuer-hochzeits-und-paarfotograf\">Event Logo von Nuzzo<\/a><\/figcaption><\/figure>\n<\/figure>\n\n\n\n<figure class=\"wp-block-gallery has-nested-images columns-2 is-cropped wp-block-gallery-20 is-layout-flex wp-block-gallery-is-layout-flex\">\n<figure class=\"wp-block-image size-large\"><img loading=\"lazy\" decoding=\"async\" width=\"500\" height=\"500\" data-id=\"32072\" src=\"https:\/\/www.designenlassen.de\/blog\/wp-content\/uploads\/2016\/04\/designenlassen-hochzeits-fotograf-soulmates3.png\" alt=\"Hochzeits Logo\" class=\"wp-image-32072\" srcset=\"https:\/\/www.designenlassen.de\/blog\/wp-content\/uploads\/2016\/04\/designenlassen-hochzeits-fotograf-soulmates3.png 500w, https:\/\/www.designenlassen.de\/blog\/wp-content\/uploads\/2016\/04\/designenlassen-hochzeits-fotograf-soulmates3-300x300.png 300w, https:\/\/www.designenlassen.de\/blog\/wp-content\/uploads\/2016\/04\/designenlassen-hochzeits-fotograf-soulmates3-150x150.png 150w\" sizes=\"(max-width: 500px) 100vw, 500px\" \/><\/figure>\n\n\n\n<figure class=\"wp-block-image size-large\"><img loading=\"lazy\" decoding=\"async\" width=\"1024\" height=\"1007\" data-id=\"32071\" src=\"https:\/\/www.designenlassen.de\/blog\/wp-content\/uploads\/2016\/04\/designenlassen-hochzeits-fotograf-soulmates2-1024x1007.jpeg\" alt=\"Hochzeits Logo\" class=\"wp-image-32071\" srcset=\"https:\/\/www.designenlassen.de\/blog\/wp-content\/uploads\/2016\/04\/designenlassen-hochzeits-fotograf-soulmates2-1024x1007.jpeg 1024w, https:\/\/www.designenlassen.de\/blog\/wp-content\/uploads\/2016\/04\/designenlassen-hochzeits-fotograf-soulmates2-300x295.jpeg 300w, https:\/\/www.designenlassen.de\/blog\/wp-content\/uploads\/2016\/04\/designenlassen-hochzeits-fotograf-soulmates2-768x755.jpeg 768w, https:\/\/www.designenlassen.de\/blog\/wp-content\/uploads\/2016\/04\/designenlassen-hochzeits-fotograf-soulmates2.jpeg 1229w\" sizes=\"(max-width: 1024px) 100vw, 1024px\" \/><\/figure>\n\n\n\n<figure class=\"wp-block-image size-large\"><img loading=\"lazy\" decoding=\"async\" width=\"1024\" height=\"1024\" data-id=\"32067\" src=\"https:\/\/www.designenlassen.de\/blog\/wp-content\/uploads\/2016\/04\/designenlassen-hochzeits-fotograf-lunie-1024x1024.png\" alt=\"Hochzeits Fotograf\" class=\"wp-image-32067\" srcset=\"https:\/\/www.designenlassen.de\/blog\/wp-content\/uploads\/2016\/04\/designenlassen-hochzeits-fotograf-lunie-1024x1024.png 1024w, https:\/\/www.designenlassen.de\/blog\/wp-content\/uploads\/2016\/04\/designenlassen-hochzeits-fotograf-lunie-300x300.png 300w, https:\/\/www.designenlassen.de\/blog\/wp-content\/uploads\/2016\/04\/designenlassen-hochzeits-fotograf-lunie-150x150.png 150w, https:\/\/www.designenlassen.de\/blog\/wp-content\/uploads\/2016\/04\/designenlassen-hochzeits-fotograf-lunie-768x768.png 768w, https:\/\/www.designenlassen.de\/blog\/wp-content\/uploads\/2016\/04\/designenlassen-hochzeits-fotograf-lunie-1536x1536.png 1536w, https:\/\/www.designenlassen.de\/blog\/wp-content\/uploads\/2016\/04\/designenlassen-hochzeits-fotograf-lunie.png 2000w\" sizes=\"(max-width: 1024px) 100vw, 1024px\" \/><\/figure>\n\n\n\n<figure class=\"wp-block-image size-large\"><img loading=\"lazy\" decoding=\"async\" width=\"800\" height=\"455\" data-id=\"24719\" src=\"https:\/\/www.designenlassen.de\/blog\/wp-content\/uploads\/2021\/07\/MF-Fotografie-Kamera-Logo-Design-844713-sayonara.png\" alt=\"MF-Fotografie-Kamera-Logo-Design\" class=\"wp-image-24719\" srcset=\"https:\/\/www.designenlassen.de\/blog\/wp-content\/uploads\/2021\/07\/MF-Fotografie-Kamera-Logo-Design-844713-sayonara.png 800w, https:\/\/www.designenlassen.de\/blog\/wp-content\/uploads\/2021\/07\/MF-Fotografie-Kamera-Logo-Design-844713-sayonara-300x171.png 300w, https:\/\/www.designenlassen.de\/blog\/wp-content\/uploads\/2021\/07\/MF-Fotografie-Kamera-Logo-Design-844713-sayonara-768x437.png 768w\" sizes=\"(max-width: 800px) 100vw, 800px\" \/><\/figure>\n\n\n\n<figure class=\"wp-block-image size-large\"><img loading=\"lazy\" decoding=\"async\" width=\"338\" height=\"338\" data-id=\"23425\" src=\"https:\/\/www.designenlassen.de\/blog\/wp-content\/uploads\/2021\/02\/Anna-Gollnick-Fotografie-Logo-Designs-zeitlos-168835-IdeenreichWerbung.jpg\" alt=\"Anna-Gollnick-Fotografie-Logo-Designs-zeitlos\" class=\"wp-image-23425\" srcset=\"https:\/\/www.designenlassen.de\/blog\/wp-content\/uploads\/2021\/02\/Anna-Gollnick-Fotografie-Logo-Designs-zeitlos-168835-IdeenreichWerbung.jpg 338w, https:\/\/www.designenlassen.de\/blog\/wp-content\/uploads\/2021\/02\/Anna-Gollnick-Fotografie-Logo-Designs-zeitlos-168835-IdeenreichWerbung-300x300.jpg 300w, https:\/\/www.designenlassen.de\/blog\/wp-content\/uploads\/2021\/02\/Anna-Gollnick-Fotografie-Logo-Designs-zeitlos-168835-IdeenreichWerbung-150x150.jpg 150w\" sizes=\"(max-width: 338px) 100vw, 338px\" \/><\/figure>\n\n\n\n<figure class=\"wp-block-image size-large\"><img loading=\"lazy\" decoding=\"async\" width=\"338\" height=\"338\" data-id=\"22620\" src=\"https:\/\/www.designenlassen.de\/blog\/wp-content\/uploads\/2020\/10\/Traumfaenger-Hochzeitsfotografie-Die-besten-Logos-472616-Schnacki2.png\" alt=\"Traumfaenger-Hochzeitsfotografie-Die-besten-Logos\" class=\"wp-image-22620\" srcset=\"https:\/\/www.designenlassen.de\/blog\/wp-content\/uploads\/2020\/10\/Traumfaenger-Hochzeitsfotografie-Die-besten-Logos-472616-Schnacki2.png 338w, https:\/\/www.designenlassen.de\/blog\/wp-content\/uploads\/2020\/10\/Traumfaenger-Hochzeitsfotografie-Die-besten-Logos-472616-Schnacki2-300x300.png 300w, https:\/\/www.designenlassen.de\/blog\/wp-content\/uploads\/2020\/10\/Traumfaenger-Hochzeitsfotografie-Die-besten-Logos-472616-Schnacki2-150x150.png 150w\" sizes=\"(max-width: 338px) 100vw, 338px\" \/><\/figure>\n\n\n\n<figure class=\"wp-block-image size-large\"><img loading=\"lazy\" decoding=\"async\" width=\"338\" height=\"338\" data-id=\"12090\" src=\"https:\/\/www.designenlassen.de\/blog\/wp-content\/uploads\/2016\/04\/Hochzeitsfotograf-Logo-F\u00fcr-Immer-Mein-897781-2.png\" alt=\"Hochzeitsfotograf Logo F\u00fcr Immer Mein 897781\" class=\"wp-image-12090\" srcset=\"https:\/\/www.designenlassen.de\/blog\/wp-content\/uploads\/2016\/04\/Hochzeitsfotograf-Logo-F\u00fcr-Immer-Mein-897781-2.png 338w, https:\/\/www.designenlassen.de\/blog\/wp-content\/uploads\/2016\/04\/Hochzeitsfotograf-Logo-F\u00fcr-Immer-Mein-897781-2-150x150.png 150w, https:\/\/www.designenlassen.de\/blog\/wp-content\/uploads\/2016\/04\/Hochzeitsfotograf-Logo-F\u00fcr-Immer-Mein-897781-2-300x300.png 300w\" sizes=\"(max-width: 338px) 100vw, 338px\" \/><\/figure>\n\n\n\n<figure class=\"wp-block-image size-large\"><img loading=\"lazy\" decoding=\"async\" width=\"338\" height=\"338\" data-id=\"12053\" src=\"https:\/\/www.designenlassen.de\/blog\/wp-content\/uploads\/2016\/04\/Hochzeitsfotograf-Logo-Hochzeitsbildwerk-344967-1.png\" alt=\"Hochzeitsfotograf Logo Hochzeitsbildwerk 344967\" class=\"wp-image-12053\" srcset=\"https:\/\/www.designenlassen.de\/blog\/wp-content\/uploads\/2016\/04\/Hochzeitsfotograf-Logo-Hochzeitsbildwerk-344967-1.png 338w, https:\/\/www.designenlassen.de\/blog\/wp-content\/uploads\/2016\/04\/Hochzeitsfotograf-Logo-Hochzeitsbildwerk-344967-1-150x150.png 150w, https:\/\/www.designenlassen.de\/blog\/wp-content\/uploads\/2016\/04\/Hochzeitsfotograf-Logo-Hochzeitsbildwerk-344967-1-300x300.png 300w\" sizes=\"(max-width: 338px) 100vw, 338px\" \/><\/figure>\n\n\n\n<figure class=\"wp-block-image size-large\"><img loading=\"lazy\" decoding=\"async\" width=\"800\" height=\"316\" data-id=\"12054\" src=\"https:\/\/www.designenlassen.de\/blog\/wp-content\/uploads\/2016\/04\/Hochzeitsfotograf-Logo-Mein-Hochzeitsfoto-542459.png\" alt=\"Hochzeitsfotograf Logo Mein Hochzeitsfoto 542459\" class=\"wp-image-12054\" srcset=\"https:\/\/www.designenlassen.de\/blog\/wp-content\/uploads\/2016\/04\/Hochzeitsfotograf-Logo-Mein-Hochzeitsfoto-542459.png 800w, https:\/\/www.designenlassen.de\/blog\/wp-content\/uploads\/2016\/04\/Hochzeitsfotograf-Logo-Mein-Hochzeitsfoto-542459-300x119.png 300w, https:\/\/www.designenlassen.de\/blog\/wp-content\/uploads\/2016\/04\/Hochzeitsfotograf-Logo-Mein-Hochzeitsfoto-542459-768x303.png 768w\" sizes=\"(max-width: 800px) 100vw, 800px\" \/><\/figure>\n<\/figure>\n\n\n\n<p>Mehr Fotografen Logos findest Du in unserer Fotografen Logo Galerie: <a href=\"https:\/\/www.designenlassen.de\/blog\/45-fotografie-logo-designs-bei-denen-es-klick-macht\/\">54 Fotografie Logo-Designs, bei denen es klick macht<\/a><\/p>\n\n\n\n<p>Welches Event-Logo hat Dir am Besten gefallen? Wir hoffen, diese Galerie konnte Dir ein wenig Inspiration f\u00fcr Deine Logo-Findung bieten und wir freuen uns nat\u00fcrlich darauf, von Dir in den Kommentaren zu h\u00f6ren!<\/p>\n\n\n\n<div class=\"wp-block-buttons is-content-justification-center is-layout-flex wp-container-core-buttons-is-layout-16018d1d wp-block-buttons-is-layout-flex\">\n<div class=\"wp-block-button is-style-fill\"><a class=\"wp-block-button__link has-white-color has-text-color has-background has-text-align-left wp-element-button\" href=\"https:\/\/www.designenlassen.de\/logo-design?utm_source=blog&amp;utm_medium=button&amp;utm_campaign=blog-beitraege\" style=\"background-color:#091182\">Jetzt Logo erstellen<\/a><\/div>\n<\/div>\n\n\n\n<div style=\"height:34px\" aria-hidden=\"true\" class=\"wp-block-spacer\"><\/div>\n\n\n\n<h2 class=\"wp-block-heading\">\u00c4hnliche Themen: <\/h2>\n\n\n\n<p><a href=\"https:\/\/www.designenlassen.de\/blog\/party-logos-bei-denen-die-gute-stimmung-garantiert-ist\/\">Party-Logos bei denen die gute Stimmung garantiert ist<\/a><\/p>\n\n\n\n<p><a href=\"https:\/\/www.designenlassen.de\/blog\/30-logos-zum-thema-hochzeit-bei-denen-man-einfach-ja-sagen-muss\/\">32 Hochzeitslogos als Inspiration f\u00fcr Hochzeits-DJs, Hochzeitsfotografen und Hochzeitsplaner<\/a><\/p>\n\n\n\n<p><a href=\"https:\/\/www.designenlassen.de\/blog\/48-emblem-logos-die-dich-und-deine-kunden-besonders-verbinden\/\">48 Emblem Logos, die Dich und Deine Kunden besonders verbinden<\/a><\/p>\n","protected":false},"excerpt":{"rendered":"<p>Du bist Eventveranstalter, Eventfotograf, DJ oder Veranstaltungstechniker und sorgst f\u00fcr Momente, die nicht so schnell in&hellip;<\/p>\n","protected":false},"author":24,"featured_media":19528,"comment_status":"open","ping_status":"open","sticky":false,"template":"","format":"standard","meta":{"_lmt_disableupdate":"","_lmt_disable":"","footnotes":""},"categories":[19],"tags":[],"class_list":["post-19106","post","type-post","status-publish","format-standard","has-post-thumbnail","hentry","category-inspiration"],"yoast_head":"<!-- This site is optimized with the Yoast SEO plugin v27.5 - https:\/\/yoast.com\/product\/yoast-seo-wordpress\/ -->\n<title>42 einzigartige Event-Logos f\u00fcr deine Veranstaltung<\/title>\n<meta name=\"description\" content=\"Du bist im Bereich Events t\u00e4tig und ben\u00f6tigst ein Event-Logo, aber Dir fehlt noch die n\u00f6tige Inspiration? Dann schau in unsere Galerie rein!\" \/>\n<meta name=\"robots\" content=\"index, follow, max-snippet:-1, max-image-preview:large, max-video-preview:-1\" \/>\n<link rel=\"canonical\" href=\"https:\/\/www.designenlassen.de\/blog\/26-event-logos-fuer-eine-unvergessliche-veranstaltung\/\" \/>\n<meta property=\"og:locale\" content=\"de_DE\" \/>\n<meta property=\"og:type\" content=\"article\" \/>\n<meta property=\"og:title\" content=\"42 einzigartige Event-Logos f\u00fcr deine Veranstaltung\" \/>\n<meta property=\"og:description\" content=\"Du bist im Bereich Events t\u00e4tig und ben\u00f6tigst ein Event-Logo, aber Dir fehlt noch die n\u00f6tige Inspiration? Dann schau in unsere Galerie rein!\" \/>\n<meta property=\"og:url\" content=\"https:\/\/www.designenlassen.de\/blog\/26-event-logos-fuer-eine-unvergessliche-veranstaltung\/\" \/>\n<meta property=\"og:site_name\" content=\"designenlassen.de Blog\" \/>\n<meta property=\"article:published_time\" content=\"2020-02-26T08:00:00+00:00\" \/>\n<meta property=\"article:modified_time\" content=\"2024-09-03T09:03:42+00:00\" \/>\n<meta property=\"og:image\" content=\"https:\/\/www.designenlassen.de\/blog\/wp-content\/uploads\/2020\/02\/EventLogo_RockWein_868641.png\" \/>\n\t<meta property=\"og:image:width\" content=\"1300\" \/>\n\t<meta property=\"og:image:height\" content=\"788\" \/>\n\t<meta property=\"og:image:type\" content=\"image\/png\" \/>\n<meta name=\"author\" content=\"Patrick Schady\" \/>\n<meta name=\"twitter:card\" content=\"summary_large_image\" \/>\n<meta name=\"twitter:label1\" content=\"Verfasst von\" \/>\n\t<meta name=\"twitter:data1\" content=\"Patrick Schady\" \/>\n\t<meta name=\"twitter:label2\" content=\"Gesch\u00e4tzte Lesezeit\" \/>\n\t<meta name=\"twitter:data2\" content=\"12\u00a0Minuten\" \/>\n<script type=\"application\/ld+json\" class=\"yoast-schema-graph\">{\"@context\":\"https:\\\/\\\/schema.org\",\"@graph\":[{\"@type\":\"Article\",\"@id\":\"https:\\\/\\\/www.designenlassen.de\\\/blog\\\/26-event-logos-fuer-eine-unvergessliche-veranstaltung\\\/#article\",\"isPartOf\":{\"@id\":\"https:\\\/\\\/www.designenlassen.de\\\/blog\\\/26-event-logos-fuer-eine-unvergessliche-veranstaltung\\\/\"},\"author\":{\"name\":\"Patrick Schady\",\"@id\":\"https:\\\/\\\/www.designenlassen.de\\\/blog\\\/#\\\/schema\\\/person\\\/1e6e4a367ec0359155d5fbb01227c1ca\"},\"headline\":\"42 Event-Logos f\u00fcr eine unvergessliche Veranstaltung\",\"datePublished\":\"2020-02-26T08:00:00+00:00\",\"dateModified\":\"2024-09-03T09:03:42+00:00\",\"mainEntityOfPage\":{\"@id\":\"https:\\\/\\\/www.designenlassen.de\\\/blog\\\/26-event-logos-fuer-eine-unvergessliche-veranstaltung\\\/\"},\"wordCount\":679,\"commentCount\":2,\"image\":{\"@id\":\"https:\\\/\\\/www.designenlassen.de\\\/blog\\\/26-event-logos-fuer-eine-unvergessliche-veranstaltung\\\/#primaryimage\"},\"thumbnailUrl\":\"https:\\\/\\\/www.designenlassen.de\\\/blog\\\/wp-content\\\/uploads\\\/2020\\\/02\\\/EventLogo_RockWein_868641.png\",\"articleSection\":[\"Design-Galerien\"],\"inLanguage\":\"de\",\"potentialAction\":[{\"@type\":\"CommentAction\",\"name\":\"Comment\",\"target\":[\"https:\\\/\\\/www.designenlassen.de\\\/blog\\\/26-event-logos-fuer-eine-unvergessliche-veranstaltung\\\/#respond\"]}]},{\"@type\":\"WebPage\",\"@id\":\"https:\\\/\\\/www.designenlassen.de\\\/blog\\\/26-event-logos-fuer-eine-unvergessliche-veranstaltung\\\/\",\"url\":\"https:\\\/\\\/www.designenlassen.de\\\/blog\\\/26-event-logos-fuer-eine-unvergessliche-veranstaltung\\\/\",\"name\":\"42 einzigartige Event-Logos f\u00fcr deine Veranstaltung\",\"isPartOf\":{\"@id\":\"https:\\\/\\\/www.designenlassen.de\\\/blog\\\/#website\"},\"primaryImageOfPage\":{\"@id\":\"https:\\\/\\\/www.designenlassen.de\\\/blog\\\/26-event-logos-fuer-eine-unvergessliche-veranstaltung\\\/#primaryimage\"},\"image\":{\"@id\":\"https:\\\/\\\/www.designenlassen.de\\\/blog\\\/26-event-logos-fuer-eine-unvergessliche-veranstaltung\\\/#primaryimage\"},\"thumbnailUrl\":\"https:\\\/\\\/www.designenlassen.de\\\/blog\\\/wp-content\\\/uploads\\\/2020\\\/02\\\/EventLogo_RockWein_868641.png\",\"datePublished\":\"2020-02-26T08:00:00+00:00\",\"dateModified\":\"2024-09-03T09:03:42+00:00\",\"author\":{\"@id\":\"https:\\\/\\\/www.designenlassen.de\\\/blog\\\/#\\\/schema\\\/person\\\/1e6e4a367ec0359155d5fbb01227c1ca\"},\"description\":\"Du bist im Bereich Events t\u00e4tig und ben\u00f6tigst ein Event-Logo, aber Dir fehlt noch die n\u00f6tige Inspiration? Dann schau in unsere Galerie rein!\",\"breadcrumb\":{\"@id\":\"https:\\\/\\\/www.designenlassen.de\\\/blog\\\/26-event-logos-fuer-eine-unvergessliche-veranstaltung\\\/#breadcrumb\"},\"inLanguage\":\"de\",\"potentialAction\":[{\"@type\":\"ReadAction\",\"target\":[\"https:\\\/\\\/www.designenlassen.de\\\/blog\\\/26-event-logos-fuer-eine-unvergessliche-veranstaltung\\\/\"]}]},{\"@type\":\"ImageObject\",\"inLanguage\":\"de\",\"@id\":\"https:\\\/\\\/www.designenlassen.de\\\/blog\\\/26-event-logos-fuer-eine-unvergessliche-veranstaltung\\\/#primaryimage\",\"url\":\"https:\\\/\\\/www.designenlassen.de\\\/blog\\\/wp-content\\\/uploads\\\/2020\\\/02\\\/EventLogo_RockWein_868641.png\",\"contentUrl\":\"https:\\\/\\\/www.designenlassen.de\\\/blog\\\/wp-content\\\/uploads\\\/2020\\\/02\\\/EventLogo_RockWein_868641.png\",\"width\":1300,\"height\":788},{\"@type\":\"BreadcrumbList\",\"@id\":\"https:\\\/\\\/www.designenlassen.de\\\/blog\\\/26-event-logos-fuer-eine-unvergessliche-veranstaltung\\\/#breadcrumb\",\"itemListElement\":[{\"@type\":\"ListItem\",\"position\":1,\"name\":\"Start\",\"item\":\"https:\\\/\\\/www.designenlassen.de\\\/blog\\\/\"},{\"@type\":\"ListItem\",\"position\":2,\"name\":\"42 Event-Logos f\u00fcr eine unvergessliche Veranstaltung\"}]},{\"@type\":\"WebSite\",\"@id\":\"https:\\\/\\\/www.designenlassen.de\\\/blog\\\/#website\",\"url\":\"https:\\\/\\\/www.designenlassen.de\\\/blog\\\/\",\"name\":\"designenlassen.de Blog\",\"description\":\"Inspirationen, Tipps und Ideen f\u00fcr Designer sowie Gr\u00fcnder und Kleinbetriebe.\",\"potentialAction\":[{\"@type\":\"SearchAction\",\"target\":{\"@type\":\"EntryPoint\",\"urlTemplate\":\"https:\\\/\\\/www.designenlassen.de\\\/blog\\\/?s={search_term_string}\"},\"query-input\":{\"@type\":\"PropertyValueSpecification\",\"valueRequired\":true,\"valueName\":\"search_term_string\"}}],\"inLanguage\":\"de\"},{\"@type\":\"Person\",\"@id\":\"https:\\\/\\\/www.designenlassen.de\\\/blog\\\/#\\\/schema\\\/person\\\/1e6e4a367ec0359155d5fbb01227c1ca\",\"name\":\"Patrick Schady\",\"image\":{\"@type\":\"ImageObject\",\"inLanguage\":\"de\",\"@id\":\"https:\\\/\\\/secure.gravatar.com\\\/avatar\\\/41cfafecfbfd30ee6bc4cc02dd530ef067050210239f1d60debda10ce9c038d7?s=96&d=mm&r=g\",\"url\":\"https:\\\/\\\/secure.gravatar.com\\\/avatar\\\/41cfafecfbfd30ee6bc4cc02dd530ef067050210239f1d60debda10ce9c038d7?s=96&d=mm&r=g\",\"contentUrl\":\"https:\\\/\\\/secure.gravatar.com\\\/avatar\\\/41cfafecfbfd30ee6bc4cc02dd530ef067050210239f1d60debda10ce9c038d7?s=96&d=mm&r=g\",\"caption\":\"Patrick Schady\"},\"url\":\"https:\\\/\\\/www.designenlassen.de\\\/blog\\\/author\\\/patrick\\\/\"}]}<\/script>\n<!-- \/ Yoast SEO plugin. -->","yoast_head_json":{"title":"42 einzigartige Event-Logos f\u00fcr deine Veranstaltung","description":"Du bist im Bereich Events t\u00e4tig und ben\u00f6tigst ein Event-Logo, aber Dir fehlt noch die n\u00f6tige Inspiration? Dann schau in unsere Galerie rein!","robots":{"index":"index","follow":"follow","max-snippet":"max-snippet:-1","max-image-preview":"max-image-preview:large","max-video-preview":"max-video-preview:-1"},"canonical":"https:\/\/www.designenlassen.de\/blog\/26-event-logos-fuer-eine-unvergessliche-veranstaltung\/","og_locale":"de_DE","og_type":"article","og_title":"42 einzigartige Event-Logos f\u00fcr deine Veranstaltung","og_description":"Du bist im Bereich Events t\u00e4tig und ben\u00f6tigst ein Event-Logo, aber Dir fehlt noch die n\u00f6tige Inspiration? Dann schau in unsere Galerie rein!","og_url":"https:\/\/www.designenlassen.de\/blog\/26-event-logos-fuer-eine-unvergessliche-veranstaltung\/","og_site_name":"designenlassen.de Blog","article_published_time":"2020-02-26T08:00:00+00:00","article_modified_time":"2024-09-03T09:03:42+00:00","og_image":[{"width":1300,"height":788,"url":"https:\/\/www.designenlassen.de\/blog\/wp-content\/uploads\/2020\/02\/EventLogo_RockWein_868641.png","type":"image\/png"}],"author":"Patrick Schady","twitter_card":"summary_large_image","twitter_misc":{"Verfasst von":"Patrick Schady","Gesch\u00e4tzte Lesezeit":"12\u00a0Minuten"},"schema":{"@context":"https:\/\/schema.org","@graph":[{"@type":"Article","@id":"https:\/\/www.designenlassen.de\/blog\/26-event-logos-fuer-eine-unvergessliche-veranstaltung\/#article","isPartOf":{"@id":"https:\/\/www.designenlassen.de\/blog\/26-event-logos-fuer-eine-unvergessliche-veranstaltung\/"},"author":{"name":"Patrick Schady","@id":"https:\/\/www.designenlassen.de\/blog\/#\/schema\/person\/1e6e4a367ec0359155d5fbb01227c1ca"},"headline":"42 Event-Logos f\u00fcr eine unvergessliche Veranstaltung","datePublished":"2020-02-26T08:00:00+00:00","dateModified":"2024-09-03T09:03:42+00:00","mainEntityOfPage":{"@id":"https:\/\/www.designenlassen.de\/blog\/26-event-logos-fuer-eine-unvergessliche-veranstaltung\/"},"wordCount":679,"commentCount":2,"image":{"@id":"https:\/\/www.designenlassen.de\/blog\/26-event-logos-fuer-eine-unvergessliche-veranstaltung\/#primaryimage"},"thumbnailUrl":"https:\/\/www.designenlassen.de\/blog\/wp-content\/uploads\/2020\/02\/EventLogo_RockWein_868641.png","articleSection":["Design-Galerien"],"inLanguage":"de","potentialAction":[{"@type":"CommentAction","name":"Comment","target":["https:\/\/www.designenlassen.de\/blog\/26-event-logos-fuer-eine-unvergessliche-veranstaltung\/#respond"]}]},{"@type":"WebPage","@id":"https:\/\/www.designenlassen.de\/blog\/26-event-logos-fuer-eine-unvergessliche-veranstaltung\/","url":"https:\/\/www.designenlassen.de\/blog\/26-event-logos-fuer-eine-unvergessliche-veranstaltung\/","name":"42 einzigartige Event-Logos f\u00fcr deine Veranstaltung","isPartOf":{"@id":"https:\/\/www.designenlassen.de\/blog\/#website"},"primaryImageOfPage":{"@id":"https:\/\/www.designenlassen.de\/blog\/26-event-logos-fuer-eine-unvergessliche-veranstaltung\/#primaryimage"},"image":{"@id":"https:\/\/www.designenlassen.de\/blog\/26-event-logos-fuer-eine-unvergessliche-veranstaltung\/#primaryimage"},"thumbnailUrl":"https:\/\/www.designenlassen.de\/blog\/wp-content\/uploads\/2020\/02\/EventLogo_RockWein_868641.png","datePublished":"2020-02-26T08:00:00+00:00","dateModified":"2024-09-03T09:03:42+00:00","author":{"@id":"https:\/\/www.designenlassen.de\/blog\/#\/schema\/person\/1e6e4a367ec0359155d5fbb01227c1ca"},"description":"Du bist im Bereich Events t\u00e4tig und ben\u00f6tigst ein Event-Logo, aber Dir fehlt noch die n\u00f6tige Inspiration? Dann schau in unsere Galerie rein!","breadcrumb":{"@id":"https:\/\/www.designenlassen.de\/blog\/26-event-logos-fuer-eine-unvergessliche-veranstaltung\/#breadcrumb"},"inLanguage":"de","potentialAction":[{"@type":"ReadAction","target":["https:\/\/www.designenlassen.de\/blog\/26-event-logos-fuer-eine-unvergessliche-veranstaltung\/"]}]},{"@type":"ImageObject","inLanguage":"de","@id":"https:\/\/www.designenlassen.de\/blog\/26-event-logos-fuer-eine-unvergessliche-veranstaltung\/#primaryimage","url":"https:\/\/www.designenlassen.de\/blog\/wp-content\/uploads\/2020\/02\/EventLogo_RockWein_868641.png","contentUrl":"https:\/\/www.designenlassen.de\/blog\/wp-content\/uploads\/2020\/02\/EventLogo_RockWein_868641.png","width":1300,"height":788},{"@type":"BreadcrumbList","@id":"https:\/\/www.designenlassen.de\/blog\/26-event-logos-fuer-eine-unvergessliche-veranstaltung\/#breadcrumb","itemListElement":[{"@type":"ListItem","position":1,"name":"Start","item":"https:\/\/www.designenlassen.de\/blog\/"},{"@type":"ListItem","position":2,"name":"42 Event-Logos f\u00fcr eine unvergessliche Veranstaltung"}]},{"@type":"WebSite","@id":"https:\/\/www.designenlassen.de\/blog\/#website","url":"https:\/\/www.designenlassen.de\/blog\/","name":"designenlassen.de Blog","description":"Inspirationen, Tipps und Ideen f\u00fcr Designer sowie Gr\u00fcnder und Kleinbetriebe.","potentialAction":[{"@type":"SearchAction","target":{"@type":"EntryPoint","urlTemplate":"https:\/\/www.designenlassen.de\/blog\/?s={search_term_string}"},"query-input":{"@type":"PropertyValueSpecification","valueRequired":true,"valueName":"search_term_string"}}],"inLanguage":"de"},{"@type":"Person","@id":"https:\/\/www.designenlassen.de\/blog\/#\/schema\/person\/1e6e4a367ec0359155d5fbb01227c1ca","name":"Patrick Schady","image":{"@type":"ImageObject","inLanguage":"de","@id":"https:\/\/secure.gravatar.com\/avatar\/41cfafecfbfd30ee6bc4cc02dd530ef067050210239f1d60debda10ce9c038d7?s=96&d=mm&r=g","url":"https:\/\/secure.gravatar.com\/avatar\/41cfafecfbfd30ee6bc4cc02dd530ef067050210239f1d60debda10ce9c038d7?s=96&d=mm&r=g","contentUrl":"https:\/\/secure.gravatar.com\/avatar\/41cfafecfbfd30ee6bc4cc02dd530ef067050210239f1d60debda10ce9c038d7?s=96&d=mm&r=g","caption":"Patrick Schady"},"url":"https:\/\/www.designenlassen.de\/blog\/author\/patrick\/"}]}},"_links":{"self":[{"href":"https:\/\/www.designenlassen.de\/blog\/wp-json\/wp\/v2\/posts\/19106","targetHints":{"allow":["GET"]}}],"collection":[{"href":"https:\/\/www.designenlassen.de\/blog\/wp-json\/wp\/v2\/posts"}],"about":[{"href":"https:\/\/www.designenlassen.de\/blog\/wp-json\/wp\/v2\/types\/post"}],"author":[{"embeddable":true,"href":"https:\/\/www.designenlassen.de\/blog\/wp-json\/wp\/v2\/users\/24"}],"replies":[{"embeddable":true,"href":"https:\/\/www.designenlassen.de\/blog\/wp-json\/wp\/v2\/comments?post=19106"}],"version-history":[{"count":64,"href":"https:\/\/www.designenlassen.de\/blog\/wp-json\/wp\/v2\/posts\/19106\/revisions"}],"predecessor-version":[{"id":32321,"href":"https:\/\/www.designenlassen.de\/blog\/wp-json\/wp\/v2\/posts\/19106\/revisions\/32321"}],"wp:featuredmedia":[{"embeddable":true,"href":"https:\/\/www.designenlassen.de\/blog\/wp-json\/wp\/v2\/media\/19528"}],"wp:attachment":[{"href":"https:\/\/www.designenlassen.de\/blog\/wp-json\/wp\/v2\/media?parent=19106"}],"wp:term":[{"taxonomy":"category","embeddable":true,"href":"https:\/\/www.designenlassen.de\/blog\/wp-json\/wp\/v2\/categories?post=19106"},{"taxonomy":"post_tag","embeddable":true,"href":"https:\/\/www.designenlassen.de\/blog\/wp-json\/wp\/v2\/tags?post=19106"}],"curies":[{"name":"wp","href":"https:\/\/api.w.org\/{rel}","templated":true}]}}