{"id":19444,"date":"2020-02-28T10:00:00","date_gmt":"2020-02-28T08:00:00","guid":{"rendered":"https:\/\/www.designenlassen.de\/blog\/?p=19444"},"modified":"2024-09-03T10:50:21","modified_gmt":"2024-09-03T08:50:21","slug":"23-flat-logos-die-auch-auf-flacher-ebene-professionell-hervorstechen","status":"publish","type":"post","link":"https:\/\/www.designenlassen.de\/blog\/23-flat-logos-die-auch-auf-flacher-ebene-professionell-hervorstechen\/","title":{"rendered":"23 Flat Logos, die auch auf flacher Ebene professionell hervorstechen"},"content":{"rendered":"\n<p>Ein Flat Logo ist von Natur aus unaufdringlich und hebt sich durch seinen zweidimensionalen Designstil und die daraus resultierende simple Vermittlung von Informationen besonders von anderen Designs ab. Mit farbigen Hintergr\u00fcnden erschafft man einen einzigartigen Effekt und stellt sicher, dass das Logo-Design auch wirklich unmittelbar und dauerhaft im Ged\u00e4chtnis bleibt.<\/p>\n\n\n\n<figure class=\"wp-block-gallery has-nested-images columns-default is-cropped dl_picsub_black wp-block-gallery-1 is-layout-flex wp-block-gallery-is-layout-flex\">\n<figure class=\"wp-block-image size-large\"><img fetchpriority=\"high\" decoding=\"async\" width=\"800\" height=\"566\" data-id=\"19474\" src=\"https:\/\/www.designenlassen.de\/blog\/wp-content\/uploads\/2020\/02\/Digiki-Digital-Strategy-Flat-Design-Logo-836261-isseven7.png\" alt=\"Digiki-Digital-Strategy-Flat-Design-Logo\" class=\"wp-image-19474\" srcset=\"https:\/\/www.designenlassen.de\/blog\/wp-content\/uploads\/2020\/02\/Digiki-Digital-Strategy-Flat-Design-Logo-836261-isseven7.png 800w, https:\/\/www.designenlassen.de\/blog\/wp-content\/uploads\/2020\/02\/Digiki-Digital-Strategy-Flat-Design-Logo-836261-isseven7-300x212.png 300w, https:\/\/www.designenlassen.de\/blog\/wp-content\/uploads\/2020\/02\/Digiki-Digital-Strategy-Flat-Design-Logo-836261-isseven7-768x543.png 768w\" sizes=\"(max-width: 800px) 100vw, 800px\" \/><figcaption class=\"wp-element-caption\"><a href=\"https:\/\/www.designenlassen.de\/836261-logo-und-visitenkarte-fuer-digital-consulting-unternehmen\">Flat Logo f\u00fcr Digiki von isseven7<\/a><\/figcaption><\/figure>\n<\/figure>\n\n\n\n<p>Du denkst, dass ein Flat Design Logo genau das Richtige f\u00fcr Dein <a href=\"https:\/\/www.designenlassen.de\/corporate-design\">Corporate Design<\/a> ist, kannst Dir darunter aber noch nicht so viel vorstellen? Dann lass Dich im Folgenden von unseren 23 beeindruckenden Flat Logos inspirieren und hol Dir ein wenig Input f\u00fcr Dein individuelles Design.<\/p>\n\n\n\n<div class=\"wp-block-buttons is-content-justification-center is-layout-flex wp-container-core-buttons-is-layout-16018d1d wp-block-buttons-is-layout-flex\">\n<div class=\"wp-block-button is-style-fill\"><a class=\"wp-block-button__link has-white-color has-text-color has-background has-text-align-left wp-element-button\" href=\"https:\/\/www.designenlassen.de\/logo-design?utm_source=blog&amp;utm_medium=button&amp;utm_campaign=blog-beitraege\" style=\"background-color:#091182\">Jetzt Logo erstellen<\/a><\/div>\n<\/div>\n\n\n\n<div style=\"height:35px\" aria-hidden=\"true\" class=\"wp-block-spacer\"><\/div>\n\n\n\n<h2 class=\"wp-block-heading\">Minimalistische Flat Logos, die professionell \u00fcberzeugen<\/h2>\n\n\n\n<p>Obwohl ein Flat Logo an sich schon einen <a href=\"https:\/\/www.designenlassen.de\/blog\/minimalistische-logos-die-mit-dem-noetigsten-im-design-ueberzeugen\/\">minimalistischen Touch<\/a> hat, kann man auch hierbei noch einen drauflegen und mit dem N\u00f6tigsten des N\u00f6tigen \u00fcberzeugen. Klassisches Merkmal ist hierbei eine serifenlose Typografie, sowie ein geometrischer, simpler Bildbestandteil.<\/p>\n\n\n\n<figure class=\"wp-block-gallery has-nested-images columns-default is-cropped dl_picsub_black wp-block-gallery-2 is-layout-flex wp-block-gallery-is-layout-flex\">\n<figure class=\"wp-block-image size-large\"><img decoding=\"async\" width=\"800\" height=\"555\" data-id=\"19445\" src=\"https:\/\/www.designenlassen.de\/blog\/wp-content\/uploads\/2020\/02\/My-Little-Steps-Flat-Design-Logo-312769-lemondesign.jpg\" alt=\"My Little Steps Flat Design Logo\" class=\"wp-image-19445\" srcset=\"https:\/\/www.designenlassen.de\/blog\/wp-content\/uploads\/2020\/02\/My-Little-Steps-Flat-Design-Logo-312769-lemondesign.jpg 800w, https:\/\/www.designenlassen.de\/blog\/wp-content\/uploads\/2020\/02\/My-Little-Steps-Flat-Design-Logo-312769-lemondesign-300x208.jpg 300w, https:\/\/www.designenlassen.de\/blog\/wp-content\/uploads\/2020\/02\/My-Little-Steps-Flat-Design-Logo-312769-lemondesign-768x533.jpg 768w\" sizes=\"(max-width: 800px) 100vw, 800px\" \/><figcaption class=\"wp-element-caption\"><a href=\"https:\/\/www.designenlassen.de\/312769-logo-design-fuer-nachhaltigen-online-shop\">Flat Design Logo &#8222;My Little Steps&#8220; von Designerin lemonkom<\/a><\/figcaption><\/figure>\n<\/figure>\n\n\n\n<figure class=\"wp-block-gallery has-nested-images columns-default is-cropped dl_picsub_black wp-block-gallery-3 is-layout-flex wp-block-gallery-is-layout-flex\">\n<figure class=\"wp-block-image size-large\"><img decoding=\"async\" width=\"800\" height=\"368\" data-id=\"19465\" src=\"https:\/\/www.designenlassen.de\/blog\/wp-content\/uploads\/2020\/02\/Flat-Logo-Design-Decron-491993-AXIOM.jpg\" alt=\"Flat Logo Design Decron\" class=\"wp-image-19465\" srcset=\"https:\/\/www.designenlassen.de\/blog\/wp-content\/uploads\/2020\/02\/Flat-Logo-Design-Decron-491993-AXIOM.jpg 800w, https:\/\/www.designenlassen.de\/blog\/wp-content\/uploads\/2020\/02\/Flat-Logo-Design-Decron-491993-AXIOM-300x138.jpg 300w, https:\/\/www.designenlassen.de\/blog\/wp-content\/uploads\/2020\/02\/Flat-Logo-Design-Decron-491993-AXIOM-768x353.jpg 768w\" sizes=\"(max-width: 800px) 100vw, 800px\" \/><figcaption class=\"wp-element-caption\"><a href=\"https:\/\/www.designenlassen.de\/491993-logo-design-fuer-unternehmen-aus-dem-it-cloud-bereich\">Flat Logo f\u00fcr Decron von AXIOM<\/a><\/figcaption><\/figure>\n<\/figure>\n\n\n\n<figure class=\"wp-block-gallery has-nested-images columns-default is-cropped dl_picsub_black wp-block-gallery-4 is-layout-flex wp-block-gallery-is-layout-flex\">\n<figure class=\"wp-block-image size-large\"><img loading=\"lazy\" decoding=\"async\" width=\"338\" height=\"338\" data-id=\"19448\" src=\"https:\/\/www.designenlassen.de\/blog\/wp-content\/uploads\/2020\/02\/Flat-Logo-Creations-549393-fbastiar.png\" alt=\"Flat-Logo-Creations\" class=\"wp-image-19448\" srcset=\"https:\/\/www.designenlassen.de\/blog\/wp-content\/uploads\/2020\/02\/Flat-Logo-Creations-549393-fbastiar.png 338w, https:\/\/www.designenlassen.de\/blog\/wp-content\/uploads\/2020\/02\/Flat-Logo-Creations-549393-fbastiar-150x150.png 150w, https:\/\/www.designenlassen.de\/blog\/wp-content\/uploads\/2020\/02\/Flat-Logo-Creations-549393-fbastiar-300x300.png 300w\" sizes=\"(max-width: 338px) 100vw, 338px\" \/><figcaption class=\"wp-element-caption\">Design von fbastian<\/figcaption><\/figure>\n\n\n\n<figure class=\"wp-block-image size-large\"><img loading=\"lazy\" decoding=\"async\" width=\"338\" height=\"338\" data-id=\"19449\" src=\"https:\/\/www.designenlassen.de\/blog\/wp-content\/uploads\/2020\/02\/Smartpulse-Flat-Design-Logo-151565-Loraeng.png\" alt=\"Smartpulse-Flat-Design-Logo\" class=\"wp-image-19449\" srcset=\"https:\/\/www.designenlassen.de\/blog\/wp-content\/uploads\/2020\/02\/Smartpulse-Flat-Design-Logo-151565-Loraeng.png 338w, https:\/\/www.designenlassen.de\/blog\/wp-content\/uploads\/2020\/02\/Smartpulse-Flat-Design-Logo-151565-Loraeng-150x150.png 150w, https:\/\/www.designenlassen.de\/blog\/wp-content\/uploads\/2020\/02\/Smartpulse-Flat-Design-Logo-151565-Loraeng-300x300.png 300w\" sizes=\"(max-width: 338px) 100vw, 338px\" \/><figcaption class=\"wp-element-caption\">Design von Loraeng<\/figcaption><\/figure>\n<\/figure>\n\n\n\n<h2 class=\"wp-block-heading\">Flat Logo Designs in farbenfroher Gestaltung<\/h2>\n\n\n\n<p>Ist die Bildmarke recht simpel und minimalistisch gehalten, empfiehlt es sich, mit einem geeigneten und doch <a href=\"https:\/\/www.designenlassen.de\/blog\/farben-logo-designs-mehr-als-nur-bunt\/\">attraktiven Farbeinsatz<\/a> hervorzustechen. Je nach Art des Designs kann sich die Farbgestaltung lediglich auf den Hintergrund oder das Design an sich beschr\u00e4nken. Eine farbige Kombination aus Flat Logo und Hintergrund ist aber selbstverst\u00e4ndlich auch denkbar.<\/p>\n\n\n\n<figure class=\"wp-block-gallery has-nested-images columns-default is-cropped dl_picsub_black wp-block-gallery-5 is-layout-flex wp-block-gallery-is-layout-flex\">\n<figure class=\"wp-block-image size-large\"><img loading=\"lazy\" decoding=\"async\" width=\"800\" height=\"493\" data-id=\"19454\" src=\"https:\/\/www.designenlassen.de\/blog\/wp-content\/uploads\/2020\/02\/Maschinero-Flat-Logo-Design-929734-martenvi.jpg\" alt=\"Maschinero-Flat-Logo-Design\" class=\"wp-image-19454\" srcset=\"https:\/\/www.designenlassen.de\/blog\/wp-content\/uploads\/2020\/02\/Maschinero-Flat-Logo-Design-929734-martenvi.jpg 800w, https:\/\/www.designenlassen.de\/blog\/wp-content\/uploads\/2020\/02\/Maschinero-Flat-Logo-Design-929734-martenvi-300x185.jpg 300w, https:\/\/www.designenlassen.de\/blog\/wp-content\/uploads\/2020\/02\/Maschinero-Flat-Logo-Design-929734-martenvi-768x473.jpg 768w\" sizes=\"(max-width: 800px) 100vw, 800px\" \/><figcaption class=\"wp-element-caption\"><a href=\"https:\/\/www.designenlassen.de\/929734-corporate-design-fuer-online-plattform\">Flat Logo Design f\u00fcr Maschinero von martenvi<\/a> <\/figcaption><\/figure>\n<\/figure>\n\n\n\n<figure class=\"wp-block-gallery has-nested-images columns-default is-cropped dl_picsub_black wp-block-gallery-6 is-layout-flex wp-block-gallery-is-layout-flex\">\n<figure class=\"wp-block-image size-large\"><img loading=\"lazy\" decoding=\"async\" width=\"338\" height=\"338\" data-id=\"19446\" src=\"https:\/\/www.designenlassen.de\/blog\/wp-content\/uploads\/2020\/02\/Breakfresh-Logo-Design-Flat-731653-javier182.png\" alt=\"Breakfresh-Logo-Design-Flat\" class=\"wp-image-19446\" srcset=\"https:\/\/www.designenlassen.de\/blog\/wp-content\/uploads\/2020\/02\/Breakfresh-Logo-Design-Flat-731653-javier182.png 338w, https:\/\/www.designenlassen.de\/blog\/wp-content\/uploads\/2020\/02\/Breakfresh-Logo-Design-Flat-731653-javier182-150x150.png 150w, https:\/\/www.designenlassen.de\/blog\/wp-content\/uploads\/2020\/02\/Breakfresh-Logo-Design-Flat-731653-javier182-300x300.png 300w\" sizes=\"(max-width: 338px) 100vw, 338px\" \/><figcaption class=\"wp-element-caption\">Design von javier182<\/figcaption><\/figure>\n\n\n\n<figure class=\"wp-block-image size-large\"><img loading=\"lazy\" decoding=\"async\" width=\"338\" height=\"338\" data-id=\"19447\" src=\"https:\/\/www.designenlassen.de\/blog\/wp-content\/uploads\/2020\/02\/Flat-Logo-Design-Beginental-341637-Vioversum.png\" alt=\"Flat-Logo-Design-Beginental\" class=\"wp-image-19447\" srcset=\"https:\/\/www.designenlassen.de\/blog\/wp-content\/uploads\/2020\/02\/Flat-Logo-Design-Beginental-341637-Vioversum.png 338w, https:\/\/www.designenlassen.de\/blog\/wp-content\/uploads\/2020\/02\/Flat-Logo-Design-Beginental-341637-Vioversum-150x150.png 150w, https:\/\/www.designenlassen.de\/blog\/wp-content\/uploads\/2020\/02\/Flat-Logo-Design-Beginental-341637-Vioversum-300x300.png 300w\" sizes=\"(max-width: 338px) 100vw, 338px\" \/><figcaption class=\"wp-element-caption\">Design von Vioversum<\/figcaption><\/figure>\n<\/figure>\n\n\n\n<figure class=\"wp-block-gallery has-nested-images columns-default is-cropped dl_picsub_black wp-block-gallery-7 is-layout-flex wp-block-gallery-is-layout-flex\">\n<figure class=\"wp-block-image size-large\"><img loading=\"lazy\" decoding=\"async\" width=\"800\" height=\"536\" data-id=\"19472\" src=\"https:\/\/www.designenlassen.de\/blog\/wp-content\/uploads\/2020\/02\/eat-good-feel-good-look-good-Flat-Design-Logo-552476-celere.png\" alt=\"eat-good-feel-good-look-good-Flat-Design-Logo\" class=\"wp-image-19472\" srcset=\"https:\/\/www.designenlassen.de\/blog\/wp-content\/uploads\/2020\/02\/eat-good-feel-good-look-good-Flat-Design-Logo-552476-celere.png 800w, https:\/\/www.designenlassen.de\/blog\/wp-content\/uploads\/2020\/02\/eat-good-feel-good-look-good-Flat-Design-Logo-552476-celere-300x201.png 300w, https:\/\/www.designenlassen.de\/blog\/wp-content\/uploads\/2020\/02\/eat-good-feel-good-look-good-Flat-Design-Logo-552476-celere-768x515.png 768w\" sizes=\"(max-width: 800px) 100vw, 800px\" \/><figcaption class=\"wp-element-caption\"><a href=\"https:\/\/www.designenlassen.de\/552476-logo-design-fuer-ernaehrungsberatung\">Flat Logo Design von celere<\/a><\/figcaption><\/figure>\n<\/figure>\n\n\n\n<figure class=\"wp-block-gallery has-nested-images columns-default is-cropped dl_picsub_black wp-block-gallery-8 is-layout-flex wp-block-gallery-is-layout-flex\">\n<figure class=\"wp-block-image size-large\"><img loading=\"lazy\" decoding=\"async\" width=\"338\" height=\"338\" data-id=\"19463\" src=\"https:\/\/www.designenlassen.de\/blog\/wp-content\/uploads\/2020\/02\/Bee-Aktiv-Flat-Logo-Design-926793-nabila.png\" alt=\"Bee-Aktiv-Flat-Logo-Design\" class=\"wp-image-19463\" srcset=\"https:\/\/www.designenlassen.de\/blog\/wp-content\/uploads\/2020\/02\/Bee-Aktiv-Flat-Logo-Design-926793-nabila.png 338w, https:\/\/www.designenlassen.de\/blog\/wp-content\/uploads\/2020\/02\/Bee-Aktiv-Flat-Logo-Design-926793-nabila-150x150.png 150w, https:\/\/www.designenlassen.de\/blog\/wp-content\/uploads\/2020\/02\/Bee-Aktiv-Flat-Logo-Design-926793-nabila-300x300.png 300w\" sizes=\"(max-width: 338px) 100vw, 338px\" \/><figcaption class=\"wp-element-caption\">Design von nabilo<\/figcaption><\/figure>\n\n\n\n<figure class=\"wp-block-image size-large\"><img loading=\"lazy\" decoding=\"async\" width=\"338\" height=\"338\" data-id=\"19484\" src=\"https:\/\/www.designenlassen.de\/blog\/wp-content\/uploads\/2020\/02\/Boss-Cafe-Flat-Logo-Design-814146-GRAFIKO-2.png\" alt=\"Boss-Cafe-Flat-Logo-Design\" class=\"wp-image-19484\" srcset=\"https:\/\/www.designenlassen.de\/blog\/wp-content\/uploads\/2020\/02\/Boss-Cafe-Flat-Logo-Design-814146-GRAFIKO-2.png 338w, https:\/\/www.designenlassen.de\/blog\/wp-content\/uploads\/2020\/02\/Boss-Cafe-Flat-Logo-Design-814146-GRAFIKO-2-150x150.png 150w, https:\/\/www.designenlassen.de\/blog\/wp-content\/uploads\/2020\/02\/Boss-Cafe-Flat-Logo-Design-814146-GRAFIKO-2-300x300.png 300w\" sizes=\"(max-width: 338px) 100vw, 338px\" \/><figcaption class=\"wp-element-caption\">Design von GRAFIKO<\/figcaption><\/figure>\n<\/figure>\n\n\n\n<h2 class=\"wp-block-heading\">Flat Designs mit cleverer Kombination aus Wort und Bild<\/h2>\n\n\n\n<p>Super wichtig ist nat\u00fcrlich die Message, die hinter einem Flat Design steckt. Stellt man hierbei dann noch eine ansprechende Kombination zur bildlichen Darstellung her, ist das Flat Logo definitiv gelungen. Die <a href=\"https:\/\/www.designenlassen.de\/blog\/wortmarke-vs-wort-bildmarke-das-musst-du-wissen\/\">Kombination von Wort und Bild<\/a> kann durch die Initialen des Logos erfolgen. Sie kann aber auch einfach durch eine bildliche Veranschaulichung des Firmennamens hergestellt werden, wie das zum Beispiel beim Unternehmen &#8222;Palm&#8217;s Appel&#8220; und dem Apfel als Bildmarke durchgef\u00fchrt wurde.<\/p>\n\n\n\n<figure class=\"wp-block-gallery has-nested-images columns-default is-cropped dl_picsub_black wp-block-gallery-9 is-layout-flex wp-block-gallery-is-layout-flex\">\n<figure class=\"wp-block-image size-large\"><img loading=\"lazy\" decoding=\"async\" width=\"338\" height=\"338\" data-id=\"19461\" src=\"https:\/\/www.designenlassen.de\/blog\/wp-content\/uploads\/2020\/02\/Flat-Design-Ern\u00e4hrungsberatung-Amber-Coaching-793675-KScope.png\" alt=\"Flat-Design-Ern\u00e4hrungsberatung-Amber-Coaching\" class=\"wp-image-19461\" srcset=\"https:\/\/www.designenlassen.de\/blog\/wp-content\/uploads\/2020\/02\/Flat-Design-Ern\u00e4hrungsberatung-Amber-Coaching-793675-KScope.png 338w, https:\/\/www.designenlassen.de\/blog\/wp-content\/uploads\/2020\/02\/Flat-Design-Ern\u00e4hrungsberatung-Amber-Coaching-793675-KScope-150x150.png 150w, https:\/\/www.designenlassen.de\/blog\/wp-content\/uploads\/2020\/02\/Flat-Design-Ern\u00e4hrungsberatung-Amber-Coaching-793675-KScope-300x300.png 300w\" sizes=\"(max-width: 338px) 100vw, 338px\" \/><figcaption class=\"wp-element-caption\">Design von KScope<\/figcaption><\/figure>\n\n\n\n<figure class=\"wp-block-image size-large\"><img loading=\"lazy\" decoding=\"async\" width=\"338\" height=\"338\" data-id=\"19462\" src=\"https:\/\/www.designenlassen.de\/blog\/wp-content\/uploads\/2020\/02\/Logo-Flat-Genusskessel-242374-jakobdi.jpg\" alt=\"Logo-Flat-Genusskessel-\" class=\"wp-image-19462\" srcset=\"https:\/\/www.designenlassen.de\/blog\/wp-content\/uploads\/2020\/02\/Logo-Flat-Genusskessel-242374-jakobdi.jpg 338w, https:\/\/www.designenlassen.de\/blog\/wp-content\/uploads\/2020\/02\/Logo-Flat-Genusskessel-242374-jakobdi-150x150.jpg 150w, https:\/\/www.designenlassen.de\/blog\/wp-content\/uploads\/2020\/02\/Logo-Flat-Genusskessel-242374-jakobdi-300x300.jpg 300w\" sizes=\"(max-width: 338px) 100vw, 338px\" \/><figcaption class=\"wp-element-caption\">Design von jakobdi<\/figcaption><\/figure>\n<\/figure>\n\n\n\n<figure class=\"wp-block-gallery has-nested-images columns-default is-cropped dl_picsub_black wp-block-gallery-10 is-layout-flex wp-block-gallery-is-layout-flex\">\n<figure class=\"wp-block-image size-large\"><img loading=\"lazy\" decoding=\"async\" width=\"800\" height=\"546\" data-id=\"19460\" src=\"https:\/\/www.designenlassen.de\/blog\/wp-content\/uploads\/2020\/02\/Alpha-Rockets-Logo-Design-Flat-571128-cariuangbanyak99.jpg\" alt=\"Alpha-Rockets-Logo-Design-Flat\" class=\"wp-image-19460\" srcset=\"https:\/\/www.designenlassen.de\/blog\/wp-content\/uploads\/2020\/02\/Alpha-Rockets-Logo-Design-Flat-571128-cariuangbanyak99.jpg 800w, https:\/\/www.designenlassen.de\/blog\/wp-content\/uploads\/2020\/02\/Alpha-Rockets-Logo-Design-Flat-571128-cariuangbanyak99-300x205.jpg 300w, https:\/\/www.designenlassen.de\/blog\/wp-content\/uploads\/2020\/02\/Alpha-Rockets-Logo-Design-Flat-571128-cariuangbanyak99-768x524.jpg 768w\" sizes=\"(max-width: 800px) 100vw, 800px\" \/><figcaption class=\"wp-element-caption\"><a href=\"https:\/\/www.designenlassen.de\/571128-logo-design-fuer-persoenlichkeits-unternehmensentwicklung\">Logo-Design Flat f\u00fcr Alpha Rockets von cariuangbanyak99<\/a><\/figcaption><\/figure>\n<\/figure>\n\n\n\n<figure class=\"wp-block-gallery has-nested-images columns-default is-cropped dl_picsub_black wp-block-gallery-11 is-layout-flex wp-block-gallery-is-layout-flex\">\n<figure class=\"wp-block-image size-large\"><img loading=\"lazy\" decoding=\"async\" width=\"338\" height=\"338\" data-id=\"19458\" src=\"https:\/\/www.designenlassen.de\/blog\/wp-content\/uploads\/2020\/02\/Flat-Logo-Design-Smartpulse-151565-lemondesign.jpg\" alt=\"Flat Logo Design Smartpulse\" class=\"wp-image-19458\" srcset=\"https:\/\/www.designenlassen.de\/blog\/wp-content\/uploads\/2020\/02\/Flat-Logo-Design-Smartpulse-151565-lemondesign.jpg 338w, https:\/\/www.designenlassen.de\/blog\/wp-content\/uploads\/2020\/02\/Flat-Logo-Design-Smartpulse-151565-lemondesign-150x150.jpg 150w, https:\/\/www.designenlassen.de\/blog\/wp-content\/uploads\/2020\/02\/Flat-Logo-Design-Smartpulse-151565-lemondesign-300x300.jpg 300w\" sizes=\"(max-width: 338px) 100vw, 338px\" \/><figcaption class=\"wp-element-caption\">Design von lemondesign<\/figcaption><\/figure>\n\n\n\n<figure class=\"wp-block-image size-large\"><img loading=\"lazy\" decoding=\"async\" width=\"338\" height=\"338\" data-id=\"19459\" src=\"https:\/\/www.designenlassen.de\/blog\/wp-content\/uploads\/2020\/02\/Palms-Appel-Flat-Logo-592636-andros9.jpg\" alt=\"Palms-Appel-Flat-Logo\" class=\"wp-image-19459\" srcset=\"https:\/\/www.designenlassen.de\/blog\/wp-content\/uploads\/2020\/02\/Palms-Appel-Flat-Logo-592636-andros9.jpg 338w, https:\/\/www.designenlassen.de\/blog\/wp-content\/uploads\/2020\/02\/Palms-Appel-Flat-Logo-592636-andros9-150x150.jpg 150w, https:\/\/www.designenlassen.de\/blog\/wp-content\/uploads\/2020\/02\/Palms-Appel-Flat-Logo-592636-andros9-300x300.jpg 300w\" sizes=\"(max-width: 338px) 100vw, 338px\" \/><figcaption class=\"wp-element-caption\">Design von andros9<\/figcaption><\/figure>\n<\/figure>\n\n\n\n<figure class=\"wp-block-gallery has-nested-images columns-default is-cropped dl_picsub_black wp-block-gallery-12 is-layout-flex wp-block-gallery-is-layout-flex\">\n<figure class=\"wp-block-image size-large\"><img loading=\"lazy\" decoding=\"async\" width=\"800\" height=\"481\" data-id=\"19481\" src=\"https:\/\/www.designenlassen.de\/blog\/wp-content\/uploads\/2020\/02\/Frenchie-Logo-Design-Flat-339927-2bcreativ.png\" alt=\"Frenchie-Logo-Design-Flat\" class=\"wp-image-19481\" srcset=\"https:\/\/www.designenlassen.de\/blog\/wp-content\/uploads\/2020\/02\/Frenchie-Logo-Design-Flat-339927-2bcreativ.png 800w, https:\/\/www.designenlassen.de\/blog\/wp-content\/uploads\/2020\/02\/Frenchie-Logo-Design-Flat-339927-2bcreativ-300x180.png 300w, https:\/\/www.designenlassen.de\/blog\/wp-content\/uploads\/2020\/02\/Frenchie-Logo-Design-Flat-339927-2bcreativ-768x462.png 768w\" sizes=\"(max-width: 800px) 100vw, 800px\" \/><figcaption class=\"wp-element-caption\"><a href=\"https:\/\/www.designenlassen.de\/339927-t-shirt-mit-bulldogge-fuer-hundeliebhaber\">Flat Design f\u00fcr Frenchie von 2bcreativ<\/a><\/figcaption><\/figure>\n<\/figure>\n\n\n\n<figure class=\"wp-block-gallery has-nested-images columns-default is-cropped dl_picsub_black wp-block-gallery-13 is-layout-flex wp-block-gallery-is-layout-flex\">\n<figure class=\"wp-block-image size-large\"><img loading=\"lazy\" decoding=\"async\" width=\"800\" height=\"318\" data-id=\"19480\" src=\"https:\/\/www.designenlassen.de\/blog\/wp-content\/uploads\/2020\/02\/Spoondrink-Flat-Logo-715697-Sashpictures.png\" alt=\"Spoondrink-Flat-Logo\" class=\"wp-image-19480\" srcset=\"https:\/\/www.designenlassen.de\/blog\/wp-content\/uploads\/2020\/02\/Spoondrink-Flat-Logo-715697-Sashpictures.png 800w, https:\/\/www.designenlassen.de\/blog\/wp-content\/uploads\/2020\/02\/Spoondrink-Flat-Logo-715697-Sashpictures-300x119.png 300w, https:\/\/www.designenlassen.de\/blog\/wp-content\/uploads\/2020\/02\/Spoondrink-Flat-Logo-715697-Sashpictures-768x305.png 768w\" sizes=\"(max-width: 800px) 100vw, 800px\" \/><figcaption class=\"wp-element-caption\"><a href=\"https:\/\/www.designenlassen.de\/715697-logo-design-fuer-spoondrink\">Flat Logo &#8222;Spoon Drink&#8220; von Sashpictures<\/a><\/figcaption><\/figure>\n<\/figure>\n\n\n\n<figure class=\"wp-block-gallery has-nested-images columns-default is-cropped dl_picsub_black wp-block-gallery-14 is-layout-flex wp-block-gallery-is-layout-flex\">\n<figure class=\"wp-block-image size-large\"><img loading=\"lazy\" decoding=\"async\" width=\"338\" height=\"338\" data-id=\"19450\" src=\"https:\/\/www.designenlassen.de\/blog\/wp-content\/uploads\/2020\/02\/Flat-Logo-Design-Mavo-Planet-679432-fimbirddesign.jpg\" alt=\"Flat-Logo-Design-Mavo-Planet\" class=\"wp-image-19450\" srcset=\"https:\/\/www.designenlassen.de\/blog\/wp-content\/uploads\/2020\/02\/Flat-Logo-Design-Mavo-Planet-679432-fimbirddesign.jpg 338w, https:\/\/www.designenlassen.de\/blog\/wp-content\/uploads\/2020\/02\/Flat-Logo-Design-Mavo-Planet-679432-fimbirddesign-150x150.jpg 150w, https:\/\/www.designenlassen.de\/blog\/wp-content\/uploads\/2020\/02\/Flat-Logo-Design-Mavo-Planet-679432-fimbirddesign-300x300.jpg 300w\" sizes=\"(max-width: 338px) 100vw, 338px\" \/><figcaption class=\"wp-element-caption\">Design von fimbirddesign<\/figcaption><\/figure>\n\n\n\n<figure class=\"wp-block-image size-large\"><img loading=\"lazy\" decoding=\"async\" width=\"338\" height=\"338\" data-id=\"19451\" src=\"https:\/\/www.designenlassen.de\/blog\/wp-content\/uploads\/2020\/02\/Flat-Logo-Maschinero-929734-Vissart-Media.jpg\" alt=\"Flat-Logo-Maschinero\" class=\"wp-image-19451\" srcset=\"https:\/\/www.designenlassen.de\/blog\/wp-content\/uploads\/2020\/02\/Flat-Logo-Maschinero-929734-Vissart-Media.jpg 338w, https:\/\/www.designenlassen.de\/blog\/wp-content\/uploads\/2020\/02\/Flat-Logo-Maschinero-929734-Vissart-Media-150x150.jpg 150w, https:\/\/www.designenlassen.de\/blog\/wp-content\/uploads\/2020\/02\/Flat-Logo-Maschinero-929734-Vissart-Media-300x300.jpg 300w\" sizes=\"(max-width: 338px) 100vw, 338px\" \/><figcaption class=\"wp-element-caption\">Design von Vissart Media<\/figcaption><\/figure>\n<\/figure>\n\n\n\n<div class=\"wp-block-buttons is-content-justification-center is-layout-flex wp-container-core-buttons-is-layout-16018d1d wp-block-buttons-is-layout-flex\">\n<div class=\"wp-block-button is-style-fill\"><a class=\"wp-block-button__link has-white-color has-text-color has-background has-text-align-left wp-element-button\" href=\"https:\/\/www.designenlassen.de\/logo-design?utm_source=blog&amp;utm_medium=button&amp;utm_campaign=blog-beitraege\" style=\"background-color:#091182\">Jetzt Logo erstellen<\/a><\/div>\n<\/div>\n\n\n\n<div style=\"height:44px\" aria-hidden=\"true\" class=\"wp-block-spacer\"><\/div>\n\n\n\n<h2 class=\"wp-block-heading\">Line Art mit goldenen Elementen in Flat Logos<\/h2>\n\n\n\n<p>Kombiniert man ein Flat Logo mit einer Line Art Gestaltung und <a href=\"https:\/\/www.designenlassen.de\/blog\/44-gold-logos-mit-denen-dein-unternehmen-strahlen-wird\/\">goldenen Elementen<\/a>, erzeugt man ein besonders elegantes und professionelles Logo-Design, das auf den ersten Blick \u00fcberzeugt und im Ged\u00e4chtnis der (potenziellen) Kunden bleibt. Wie Du siehst, muss etwas Eindrucksvolles nicht immer zwingend aufw\u00e4ndig sein.<\/p>\n\n\n\n<figure class=\"wp-block-gallery has-nested-images columns-default is-cropped dl_picsub_black wp-block-gallery-15 is-layout-flex wp-block-gallery-is-layout-flex\">\n<figure class=\"wp-block-image size-large\"><img loading=\"lazy\" decoding=\"async\" width=\"1024\" height=\"1024\" data-id=\"19455\" src=\"https:\/\/www.designenlassen.de\/blog\/wp-content\/uploads\/2020\/02\/hello-deals-Flat-Logo-763559-mang-gon-1024x1024.png\" alt=\"hello-deals-Flat-Logo\" class=\"wp-image-19455\" srcset=\"https:\/\/www.designenlassen.de\/blog\/wp-content\/uploads\/2020\/02\/hello-deals-Flat-Logo-763559-mang-gon-1024x1024.png 1024w, https:\/\/www.designenlassen.de\/blog\/wp-content\/uploads\/2020\/02\/hello-deals-Flat-Logo-763559-mang-gon-150x150.png 150w, https:\/\/www.designenlassen.de\/blog\/wp-content\/uploads\/2020\/02\/hello-deals-Flat-Logo-763559-mang-gon-300x300.png 300w, https:\/\/www.designenlassen.de\/blog\/wp-content\/uploads\/2020\/02\/hello-deals-Flat-Logo-763559-mang-gon-768x768.png 768w, https:\/\/www.designenlassen.de\/blog\/wp-content\/uploads\/2020\/02\/hello-deals-Flat-Logo-763559-mang-gon.png 1080w\" sizes=\"(max-width: 1024px) 100vw, 1024px\" \/><figcaption class=\"wp-element-caption\">Design von mang gon<\/figcaption><\/figure>\n\n\n\n<figure class=\"wp-block-image size-large\"><img loading=\"lazy\" decoding=\"async\" width=\"338\" height=\"338\" data-id=\"19456\" src=\"https:\/\/www.designenlassen.de\/blog\/wp-content\/uploads\/2020\/02\/Success-PR-Flat-Logo-Design-566761-Ramo.png\" alt=\"Success-PR-Flat-Logo-Design\" class=\"wp-image-19456\" srcset=\"https:\/\/www.designenlassen.de\/blog\/wp-content\/uploads\/2020\/02\/Success-PR-Flat-Logo-Design-566761-Ramo.png 338w, https:\/\/www.designenlassen.de\/blog\/wp-content\/uploads\/2020\/02\/Success-PR-Flat-Logo-Design-566761-Ramo-150x150.png 150w, https:\/\/www.designenlassen.de\/blog\/wp-content\/uploads\/2020\/02\/Success-PR-Flat-Logo-Design-566761-Ramo-300x300.png 300w\" sizes=\"(max-width: 338px) 100vw, 338px\" \/><figcaption class=\"wp-element-caption\">Design von Ramo<\/figcaption><\/figure>\n<\/figure>\n\n\n\n<figure class=\"wp-block-gallery has-nested-images columns-default is-cropped dl_picsub_black wp-block-gallery-16 is-layout-flex wp-block-gallery-is-layout-flex\">\n<figure class=\"wp-block-image size-large\"><img loading=\"lazy\" decoding=\"async\" width=\"800\" height=\"520\" data-id=\"19457\" src=\"https:\/\/www.designenlassen.de\/blog\/wp-content\/uploads\/2020\/02\/Genusskessel-Flat-Logo-Design-242374-jakobdi.jpg\" alt=\"Genusskessel-Flat-Logo-Design\" class=\"wp-image-19457\" srcset=\"https:\/\/www.designenlassen.de\/blog\/wp-content\/uploads\/2020\/02\/Genusskessel-Flat-Logo-Design-242374-jakobdi.jpg 800w, https:\/\/www.designenlassen.de\/blog\/wp-content\/uploads\/2020\/02\/Genusskessel-Flat-Logo-Design-242374-jakobdi-300x195.jpg 300w, https:\/\/www.designenlassen.de\/blog\/wp-content\/uploads\/2020\/02\/Genusskessel-Flat-Logo-Design-242374-jakobdi-768x499.jpg 768w\" sizes=\"(max-width: 800px) 100vw, 800px\" \/><figcaption class=\"wp-element-caption\"><a href=\"https:\/\/www.designenlassen.de\/242374-handel-fuer-wein-und-feinkost-sucht-logo-design\">Flat Design f\u00fcr Genusskessel von jakobdi<\/a><\/figcaption><\/figure>\n<\/figure>\n\n\n\n<figure class=\"wp-block-gallery has-nested-images columns-default is-cropped dl_picsub_black wp-block-gallery-17 is-layout-flex wp-block-gallery-is-layout-flex\">\n<figure class=\"wp-block-image size-large\"><img loading=\"lazy\" decoding=\"async\" width=\"338\" height=\"338\" data-id=\"19452\" src=\"https:\/\/www.designenlassen.de\/blog\/wp-content\/uploads\/2020\/02\/Buramont-Logo-Design-Flat-939738-javier182.png\" alt=\"Buramont-Logo-Design-Flat\" class=\"wp-image-19452\" srcset=\"https:\/\/www.designenlassen.de\/blog\/wp-content\/uploads\/2020\/02\/Buramont-Logo-Design-Flat-939738-javier182.png 338w, https:\/\/www.designenlassen.de\/blog\/wp-content\/uploads\/2020\/02\/Buramont-Logo-Design-Flat-939738-javier182-150x150.png 150w, https:\/\/www.designenlassen.de\/blog\/wp-content\/uploads\/2020\/02\/Buramont-Logo-Design-Flat-939738-javier182-300x300.png 300w\" sizes=\"(max-width: 338px) 100vw, 338px\" \/><figcaption class=\"wp-element-caption\">Design von javier182<\/figcaption><\/figure>\n\n\n\n<figure class=\"wp-block-image size-large\"><img loading=\"lazy\" decoding=\"async\" width=\"338\" height=\"338\" data-id=\"19453\" src=\"https:\/\/www.designenlassen.de\/blog\/wp-content\/uploads\/2020\/02\/Drei-Linden-Restaurant-Flat-Logo-Design-544713-majkimalek.jpg\" alt=\"Drei-Linden-Restaurant-Flat-Logo-Design\" class=\"wp-image-19453\" srcset=\"https:\/\/www.designenlassen.de\/blog\/wp-content\/uploads\/2020\/02\/Drei-Linden-Restaurant-Flat-Logo-Design-544713-majkimalek.jpg 338w, https:\/\/www.designenlassen.de\/blog\/wp-content\/uploads\/2020\/02\/Drei-Linden-Restaurant-Flat-Logo-Design-544713-majkimalek-150x150.jpg 150w, https:\/\/www.designenlassen.de\/blog\/wp-content\/uploads\/2020\/02\/Drei-Linden-Restaurant-Flat-Logo-Design-544713-majkimalek-300x300.jpg 300w\" sizes=\"(max-width: 338px) 100vw, 338px\" \/><figcaption class=\"wp-element-caption\">Design von majkimalek<\/figcaption><\/figure>\n<\/figure>\n\n\n\n<p>Welches der oben aufgezeigten Flat Logo Designs ist Dein Favorit? \ud83d\ude42 W\u00fcrdest Du ein Logo-Design dieser Art f\u00fcr Dein Unternehmen einsetzen? Lass es uns gerne in den Kommentaren wissen.<\/p>\n\n\n\n<h2 class=\"wp-block-heading\">\u00c4hnliche Beitr\u00e4ge:<\/h2>\n\n\n\n<p><a href=\"https:\/\/www.designenlassen.de\/blog\/minimalistische-logos-die-mit-dem-noetigsten-im-design-ueberzeugen\/\">Minimalistische Logos, die mit dem N\u00f6tigsten im Design \u00fcberzeugen<\/a><\/p>\n\n\n\n<p><a href=\"https:\/\/www.designenlassen.de\/blog\/welche-groesse-fuer-ein-logo-tipps-fuer-social-media-druck-web-und-vieles-mehr\/\">Welche Gr\u00f6\u00dfe f\u00fcr ein Logo? Tipps f\u00fcr Social Media, Druck, Web und vieles mehr<\/a><\/p>\n\n\n\n<p><a href=\"https:\/\/www.designenlassen.de\/blog\/34-farbenfrohe-logo-designs-die-definitiv-herausstechen\/\">34 farbenfrohe Logo-Designs, die definitiv herausstechen<\/a><\/p>\n","protected":false},"excerpt":{"rendered":"<p>Ein Flat Logo ist von Natur aus unaufdringlich und hebt sich durch seinen zweidimensionalen Designstil und&hellip;<\/p>\n","protected":false},"author":10,"featured_media":19451,"comment_status":"open","ping_status":"open","sticky":false,"template":"","format":"standard","meta":{"_lmt_disableupdate":"","_lmt_disable":"","footnotes":""},"categories":[19],"tags":[],"class_list":["post-19444","post","type-post","status-publish","format-standard","has-post-thumbnail","hentry","category-inspiration"],"yoast_head":"<!-- This site is optimized with the Yoast SEO plugin v26.7 - https:\/\/yoast.com\/wordpress\/plugins\/seo\/ -->\n<title>Flat Design Logos, mit denen Du ein Statement setzt<\/title>\n<meta name=\"description\" content=\"Ein Flat Logo steht f\u00fcr einen zweidimensionalen Designstil und eine minimalistische Gestaltung. Wie ansprechend ein Flat Design Logo aussehen kann, zeigen wir Dir anhand 23 Designs in dieser Logo-Galerie.\" \/>\n<meta name=\"robots\" content=\"index, follow, max-snippet:-1, max-image-preview:large, max-video-preview:-1\" \/>\n<link rel=\"canonical\" href=\"https:\/\/www.designenlassen.de\/blog\/23-flat-logos-die-auch-auf-flacher-ebene-professionell-hervorstechen\/\" \/>\n<meta property=\"og:locale\" content=\"de_DE\" \/>\n<meta property=\"og:type\" content=\"article\" \/>\n<meta property=\"og:title\" content=\"Flat Design Logos, mit denen Du ein Statement setzt\" \/>\n<meta property=\"og:description\" content=\"Ein Flat Logo steht f\u00fcr einen zweidimensionalen Designstil und eine minimalistische Gestaltung. Wie ansprechend ein Flat Design Logo aussehen kann, zeigen wir Dir anhand 23 Designs in dieser Logo-Galerie.\" \/>\n<meta property=\"og:url\" content=\"https:\/\/www.designenlassen.de\/blog\/23-flat-logos-die-auch-auf-flacher-ebene-professionell-hervorstechen\/\" \/>\n<meta property=\"og:site_name\" content=\"designenlassen.de Blog\" \/>\n<meta property=\"article:author\" content=\"designenlassen\/\" \/>\n<meta property=\"article:published_time\" content=\"2020-02-28T08:00:00+00:00\" \/>\n<meta property=\"article:modified_time\" content=\"2024-09-03T08:50:21+00:00\" \/>\n<meta property=\"og:image\" content=\"https:\/\/www.designenlassen.de\/blog\/wp-content\/uploads\/2020\/02\/Flat-Logo-Maschinero-929734-Vissart-Media.jpg\" \/>\n\t<meta property=\"og:image:width\" content=\"338\" \/>\n\t<meta property=\"og:image:height\" content=\"338\" \/>\n\t<meta property=\"og:image:type\" content=\"image\/jpeg\" \/>\n<meta name=\"author\" content=\"Christina\" \/>\n<meta name=\"twitter:card\" content=\"summary_large_image\" \/>\n<meta name=\"twitter:label1\" content=\"Verfasst von\" \/>\n\t<meta name=\"twitter:data1\" content=\"Christina\" \/>\n\t<meta name=\"twitter:label2\" content=\"Gesch\u00e4tzte Lesezeit\" \/>\n\t<meta name=\"twitter:data2\" content=\"9\u00a0Minuten\" \/>\n<script type=\"application\/ld+json\" class=\"yoast-schema-graph\">{\"@context\":\"https:\/\/schema.org\",\"@graph\":[{\"@type\":\"Article\",\"@id\":\"https:\/\/www.designenlassen.de\/blog\/23-flat-logos-die-auch-auf-flacher-ebene-professionell-hervorstechen\/#article\",\"isPartOf\":{\"@id\":\"https:\/\/www.designenlassen.de\/blog\/23-flat-logos-die-auch-auf-flacher-ebene-professionell-hervorstechen\/\"},\"author\":{\"name\":\"Christina\",\"@id\":\"https:\/\/www.designenlassen.de\/blog\/#\/schema\/person\/858ff7f9025247949c1b922431f97734\"},\"headline\":\"23 Flat Logos, die auch auf flacher Ebene professionell hervorstechen\",\"datePublished\":\"2020-02-28T08:00:00+00:00\",\"dateModified\":\"2024-09-03T08:50:21+00:00\",\"mainEntityOfPage\":{\"@id\":\"https:\/\/www.designenlassen.de\/blog\/23-flat-logos-die-auch-auf-flacher-ebene-professionell-hervorstechen\/\"},\"wordCount\":535,\"commentCount\":1,\"image\":{\"@id\":\"https:\/\/www.designenlassen.de\/blog\/23-flat-logos-die-auch-auf-flacher-ebene-professionell-hervorstechen\/#primaryimage\"},\"thumbnailUrl\":\"https:\/\/www.designenlassen.de\/blog\/wp-content\/uploads\/2020\/02\/Flat-Logo-Maschinero-929734-Vissart-Media.jpg\",\"articleSection\":[\"Design-Galerien\"],\"inLanguage\":\"de\",\"potentialAction\":[{\"@type\":\"CommentAction\",\"name\":\"Comment\",\"target\":[\"https:\/\/www.designenlassen.de\/blog\/23-flat-logos-die-auch-auf-flacher-ebene-professionell-hervorstechen\/#respond\"]}]},{\"@type\":\"WebPage\",\"@id\":\"https:\/\/www.designenlassen.de\/blog\/23-flat-logos-die-auch-auf-flacher-ebene-professionell-hervorstechen\/\",\"url\":\"https:\/\/www.designenlassen.de\/blog\/23-flat-logos-die-auch-auf-flacher-ebene-professionell-hervorstechen\/\",\"name\":\"Flat Design Logos, mit denen Du ein Statement setzt\",\"isPartOf\":{\"@id\":\"https:\/\/www.designenlassen.de\/blog\/#website\"},\"primaryImageOfPage\":{\"@id\":\"https:\/\/www.designenlassen.de\/blog\/23-flat-logos-die-auch-auf-flacher-ebene-professionell-hervorstechen\/#primaryimage\"},\"image\":{\"@id\":\"https:\/\/www.designenlassen.de\/blog\/23-flat-logos-die-auch-auf-flacher-ebene-professionell-hervorstechen\/#primaryimage\"},\"thumbnailUrl\":\"https:\/\/www.designenlassen.de\/blog\/wp-content\/uploads\/2020\/02\/Flat-Logo-Maschinero-929734-Vissart-Media.jpg\",\"datePublished\":\"2020-02-28T08:00:00+00:00\",\"dateModified\":\"2024-09-03T08:50:21+00:00\",\"author\":{\"@id\":\"https:\/\/www.designenlassen.de\/blog\/#\/schema\/person\/858ff7f9025247949c1b922431f97734\"},\"description\":\"Ein Flat Logo steht f\u00fcr einen zweidimensionalen Designstil und eine minimalistische Gestaltung. Wie ansprechend ein Flat Design Logo aussehen kann, zeigen wir Dir anhand 23 Designs in dieser Logo-Galerie.\",\"breadcrumb\":{\"@id\":\"https:\/\/www.designenlassen.de\/blog\/23-flat-logos-die-auch-auf-flacher-ebene-professionell-hervorstechen\/#breadcrumb\"},\"inLanguage\":\"de\",\"potentialAction\":[{\"@type\":\"ReadAction\",\"target\":[\"https:\/\/www.designenlassen.de\/blog\/23-flat-logos-die-auch-auf-flacher-ebene-professionell-hervorstechen\/\"]}]},{\"@type\":\"ImageObject\",\"inLanguage\":\"de\",\"@id\":\"https:\/\/www.designenlassen.de\/blog\/23-flat-logos-die-auch-auf-flacher-ebene-professionell-hervorstechen\/#primaryimage\",\"url\":\"https:\/\/www.designenlassen.de\/blog\/wp-content\/uploads\/2020\/02\/Flat-Logo-Maschinero-929734-Vissart-Media.jpg\",\"contentUrl\":\"https:\/\/www.designenlassen.de\/blog\/wp-content\/uploads\/2020\/02\/Flat-Logo-Maschinero-929734-Vissart-Media.jpg\",\"width\":338,\"height\":338,\"caption\":\"Flat-Logo-Maschinero\"},{\"@type\":\"BreadcrumbList\",\"@id\":\"https:\/\/www.designenlassen.de\/blog\/23-flat-logos-die-auch-auf-flacher-ebene-professionell-hervorstechen\/#breadcrumb\",\"itemListElement\":[{\"@type\":\"ListItem\",\"position\":1,\"name\":\"Start\",\"item\":\"https:\/\/www.designenlassen.de\/blog\/\"},{\"@type\":\"ListItem\",\"position\":2,\"name\":\"23 Flat Logos, die auch auf flacher Ebene professionell hervorstechen\"}]},{\"@type\":\"WebSite\",\"@id\":\"https:\/\/www.designenlassen.de\/blog\/#website\",\"url\":\"https:\/\/www.designenlassen.de\/blog\/\",\"name\":\"designenlassen.de Blog\",\"description\":\"Inspirationen, Tipps und Ideen f\u00fcr Designer sowie Gr\u00fcnder und Kleinbetriebe.\",\"potentialAction\":[{\"@type\":\"SearchAction\",\"target\":{\"@type\":\"EntryPoint\",\"urlTemplate\":\"https:\/\/www.designenlassen.de\/blog\/?s={search_term_string}\"},\"query-input\":{\"@type\":\"PropertyValueSpecification\",\"valueRequired\":true,\"valueName\":\"search_term_string\"}}],\"inLanguage\":\"de\"},{\"@type\":\"Person\",\"@id\":\"https:\/\/www.designenlassen.de\/blog\/#\/schema\/person\/858ff7f9025247949c1b922431f97734\",\"name\":\"Christina\",\"image\":{\"@type\":\"ImageObject\",\"inLanguage\":\"de\",\"@id\":\"https:\/\/www.designenlassen.de\/blog\/#\/schema\/person\/image\/\",\"url\":\"https:\/\/secure.gravatar.com\/avatar\/31045bfe41c5fbc86ecbb135f792148b4bf1bee47931b9c8d47c74611d912026?s=96&d=mm&r=g\",\"contentUrl\":\"https:\/\/secure.gravatar.com\/avatar\/31045bfe41c5fbc86ecbb135f792148b4bf1bee47931b9c8d47c74611d912026?s=96&d=mm&r=g\",\"caption\":\"Christina\"},\"description\":\"Christina ist bei designenlassen.de f\u00fcr das Content-Marketing &amp; die Social Media Kan\u00e4le zust\u00e4ndig. Sie schreibt hier im Blog zu verschiedensten Design-Themen.\",\"sameAs\":[\"designenlassen\/\"],\"url\":\"https:\/\/www.designenlassen.de\/blog\/author\/christina\/\"}]}<\/script>\n<!-- \/ Yoast SEO plugin. -->","yoast_head_json":{"title":"Flat Design Logos, mit denen Du ein Statement setzt","description":"Ein Flat Logo steht f\u00fcr einen zweidimensionalen Designstil und eine minimalistische Gestaltung. Wie ansprechend ein Flat Design Logo aussehen kann, zeigen wir Dir anhand 23 Designs in dieser Logo-Galerie.","robots":{"index":"index","follow":"follow","max-snippet":"max-snippet:-1","max-image-preview":"max-image-preview:large","max-video-preview":"max-video-preview:-1"},"canonical":"https:\/\/www.designenlassen.de\/blog\/23-flat-logos-die-auch-auf-flacher-ebene-professionell-hervorstechen\/","og_locale":"de_DE","og_type":"article","og_title":"Flat Design Logos, mit denen Du ein Statement setzt","og_description":"Ein Flat Logo steht f\u00fcr einen zweidimensionalen Designstil und eine minimalistische Gestaltung. Wie ansprechend ein Flat Design Logo aussehen kann, zeigen wir Dir anhand 23 Designs in dieser Logo-Galerie.","og_url":"https:\/\/www.designenlassen.de\/blog\/23-flat-logos-die-auch-auf-flacher-ebene-professionell-hervorstechen\/","og_site_name":"designenlassen.de Blog","article_author":"designenlassen\/","article_published_time":"2020-02-28T08:00:00+00:00","article_modified_time":"2024-09-03T08:50:21+00:00","og_image":[{"width":338,"height":338,"url":"https:\/\/www.designenlassen.de\/blog\/wp-content\/uploads\/2020\/02\/Flat-Logo-Maschinero-929734-Vissart-Media.jpg","type":"image\/jpeg"}],"author":"Christina","twitter_card":"summary_large_image","twitter_misc":{"Verfasst von":"Christina","Gesch\u00e4tzte Lesezeit":"9\u00a0Minuten"},"schema":{"@context":"https:\/\/schema.org","@graph":[{"@type":"Article","@id":"https:\/\/www.designenlassen.de\/blog\/23-flat-logos-die-auch-auf-flacher-ebene-professionell-hervorstechen\/#article","isPartOf":{"@id":"https:\/\/www.designenlassen.de\/blog\/23-flat-logos-die-auch-auf-flacher-ebene-professionell-hervorstechen\/"},"author":{"name":"Christina","@id":"https:\/\/www.designenlassen.de\/blog\/#\/schema\/person\/858ff7f9025247949c1b922431f97734"},"headline":"23 Flat Logos, die auch auf flacher Ebene professionell hervorstechen","datePublished":"2020-02-28T08:00:00+00:00","dateModified":"2024-09-03T08:50:21+00:00","mainEntityOfPage":{"@id":"https:\/\/www.designenlassen.de\/blog\/23-flat-logos-die-auch-auf-flacher-ebene-professionell-hervorstechen\/"},"wordCount":535,"commentCount":1,"image":{"@id":"https:\/\/www.designenlassen.de\/blog\/23-flat-logos-die-auch-auf-flacher-ebene-professionell-hervorstechen\/#primaryimage"},"thumbnailUrl":"https:\/\/www.designenlassen.de\/blog\/wp-content\/uploads\/2020\/02\/Flat-Logo-Maschinero-929734-Vissart-Media.jpg","articleSection":["Design-Galerien"],"inLanguage":"de","potentialAction":[{"@type":"CommentAction","name":"Comment","target":["https:\/\/www.designenlassen.de\/blog\/23-flat-logos-die-auch-auf-flacher-ebene-professionell-hervorstechen\/#respond"]}]},{"@type":"WebPage","@id":"https:\/\/www.designenlassen.de\/blog\/23-flat-logos-die-auch-auf-flacher-ebene-professionell-hervorstechen\/","url":"https:\/\/www.designenlassen.de\/blog\/23-flat-logos-die-auch-auf-flacher-ebene-professionell-hervorstechen\/","name":"Flat Design Logos, mit denen Du ein Statement setzt","isPartOf":{"@id":"https:\/\/www.designenlassen.de\/blog\/#website"},"primaryImageOfPage":{"@id":"https:\/\/www.designenlassen.de\/blog\/23-flat-logos-die-auch-auf-flacher-ebene-professionell-hervorstechen\/#primaryimage"},"image":{"@id":"https:\/\/www.designenlassen.de\/blog\/23-flat-logos-die-auch-auf-flacher-ebene-professionell-hervorstechen\/#primaryimage"},"thumbnailUrl":"https:\/\/www.designenlassen.de\/blog\/wp-content\/uploads\/2020\/02\/Flat-Logo-Maschinero-929734-Vissart-Media.jpg","datePublished":"2020-02-28T08:00:00+00:00","dateModified":"2024-09-03T08:50:21+00:00","author":{"@id":"https:\/\/www.designenlassen.de\/blog\/#\/schema\/person\/858ff7f9025247949c1b922431f97734"},"description":"Ein Flat Logo steht f\u00fcr einen zweidimensionalen Designstil und eine minimalistische Gestaltung. Wie ansprechend ein Flat Design Logo aussehen kann, zeigen wir Dir anhand 23 Designs in dieser Logo-Galerie.","breadcrumb":{"@id":"https:\/\/www.designenlassen.de\/blog\/23-flat-logos-die-auch-auf-flacher-ebene-professionell-hervorstechen\/#breadcrumb"},"inLanguage":"de","potentialAction":[{"@type":"ReadAction","target":["https:\/\/www.designenlassen.de\/blog\/23-flat-logos-die-auch-auf-flacher-ebene-professionell-hervorstechen\/"]}]},{"@type":"ImageObject","inLanguage":"de","@id":"https:\/\/www.designenlassen.de\/blog\/23-flat-logos-die-auch-auf-flacher-ebene-professionell-hervorstechen\/#primaryimage","url":"https:\/\/www.designenlassen.de\/blog\/wp-content\/uploads\/2020\/02\/Flat-Logo-Maschinero-929734-Vissart-Media.jpg","contentUrl":"https:\/\/www.designenlassen.de\/blog\/wp-content\/uploads\/2020\/02\/Flat-Logo-Maschinero-929734-Vissart-Media.jpg","width":338,"height":338,"caption":"Flat-Logo-Maschinero"},{"@type":"BreadcrumbList","@id":"https:\/\/www.designenlassen.de\/blog\/23-flat-logos-die-auch-auf-flacher-ebene-professionell-hervorstechen\/#breadcrumb","itemListElement":[{"@type":"ListItem","position":1,"name":"Start","item":"https:\/\/www.designenlassen.de\/blog\/"},{"@type":"ListItem","position":2,"name":"23 Flat Logos, die auch auf flacher Ebene professionell hervorstechen"}]},{"@type":"WebSite","@id":"https:\/\/www.designenlassen.de\/blog\/#website","url":"https:\/\/www.designenlassen.de\/blog\/","name":"designenlassen.de Blog","description":"Inspirationen, Tipps und Ideen f\u00fcr Designer sowie Gr\u00fcnder und Kleinbetriebe.","potentialAction":[{"@type":"SearchAction","target":{"@type":"EntryPoint","urlTemplate":"https:\/\/www.designenlassen.de\/blog\/?s={search_term_string}"},"query-input":{"@type":"PropertyValueSpecification","valueRequired":true,"valueName":"search_term_string"}}],"inLanguage":"de"},{"@type":"Person","@id":"https:\/\/www.designenlassen.de\/blog\/#\/schema\/person\/858ff7f9025247949c1b922431f97734","name":"Christina","image":{"@type":"ImageObject","inLanguage":"de","@id":"https:\/\/www.designenlassen.de\/blog\/#\/schema\/person\/image\/","url":"https:\/\/secure.gravatar.com\/avatar\/31045bfe41c5fbc86ecbb135f792148b4bf1bee47931b9c8d47c74611d912026?s=96&d=mm&r=g","contentUrl":"https:\/\/secure.gravatar.com\/avatar\/31045bfe41c5fbc86ecbb135f792148b4bf1bee47931b9c8d47c74611d912026?s=96&d=mm&r=g","caption":"Christina"},"description":"Christina ist bei designenlassen.de f\u00fcr das Content-Marketing &amp; die Social Media Kan\u00e4le zust\u00e4ndig. Sie schreibt hier im Blog zu verschiedensten Design-Themen.","sameAs":["designenlassen\/"],"url":"https:\/\/www.designenlassen.de\/blog\/author\/christina\/"}]}},"_links":{"self":[{"href":"https:\/\/www.designenlassen.de\/blog\/wp-json\/wp\/v2\/posts\/19444","targetHints":{"allow":["GET"]}}],"collection":[{"href":"https:\/\/www.designenlassen.de\/blog\/wp-json\/wp\/v2\/posts"}],"about":[{"href":"https:\/\/www.designenlassen.de\/blog\/wp-json\/wp\/v2\/types\/post"}],"author":[{"embeddable":true,"href":"https:\/\/www.designenlassen.de\/blog\/wp-json\/wp\/v2\/users\/10"}],"replies":[{"embeddable":true,"href":"https:\/\/www.designenlassen.de\/blog\/wp-json\/wp\/v2\/comments?post=19444"}],"version-history":[{"count":17,"href":"https:\/\/www.designenlassen.de\/blog\/wp-json\/wp\/v2\/posts\/19444\/revisions"}],"predecessor-version":[{"id":32319,"href":"https:\/\/www.designenlassen.de\/blog\/wp-json\/wp\/v2\/posts\/19444\/revisions\/32319"}],"wp:featuredmedia":[{"embeddable":true,"href":"https:\/\/www.designenlassen.de\/blog\/wp-json\/wp\/v2\/media\/19451"}],"wp:attachment":[{"href":"https:\/\/www.designenlassen.de\/blog\/wp-json\/wp\/v2\/media?parent=19444"}],"wp:term":[{"taxonomy":"category","embeddable":true,"href":"https:\/\/www.designenlassen.de\/blog\/wp-json\/wp\/v2\/categories?post=19444"},{"taxonomy":"post_tag","embeddable":true,"href":"https:\/\/www.designenlassen.de\/blog\/wp-json\/wp\/v2\/tags?post=19444"}],"curies":[{"name":"wp","href":"https:\/\/api.w.org\/{rel}","templated":true}]}}