{"id":20067,"date":"2020-04-01T10:00:00","date_gmt":"2020-04-01T08:00:00","guid":{"rendered":"https:\/\/www.designenlassen.de\/blog\/?p=20067"},"modified":"2024-09-09T12:04:41","modified_gmt":"2024-09-09T10:04:41","slug":"gelbes-logo-22-inspirationen-fuer-dein-unternehmen","status":"publish","type":"post","link":"https:\/\/www.designenlassen.de\/blog\/gelbes-logo-22-inspirationen-fuer-dein-unternehmen\/","title":{"rendered":"Gelbes Logo &#8211; 29 Inspirationen f\u00fcr Dein Unternehmen"},"content":{"rendered":"\n<figure class=\"wp-block-gallery has-nested-images columns-default is-cropped dl_picsub_black wp-block-gallery-1 is-layout-flex wp-block-gallery-is-layout-flex\">\n<figure class=\"wp-block-image size-large\"><img fetchpriority=\"high\" decoding=\"async\" width=\"800\" height=\"490\" data-id=\"20068\" src=\"https:\/\/www.designenlassen.de\/blog\/wp-content\/uploads\/2020\/03\/Honig-Bienen-und-mehr-Gelbes-Design-Logo-\u00b4774679-zaqibagibagi.png\" alt=\"Honig-Bienen-und-mehr-Gelbes-Design-Logo\" class=\"wp-image-20068\" srcset=\"https:\/\/www.designenlassen.de\/blog\/wp-content\/uploads\/2020\/03\/Honig-Bienen-und-mehr-Gelbes-Design-Logo-\u00b4774679-zaqibagibagi.png 800w, https:\/\/www.designenlassen.de\/blog\/wp-content\/uploads\/2020\/03\/Honig-Bienen-und-mehr-Gelbes-Design-Logo-\u00b4774679-zaqibagibagi-300x184.png 300w, https:\/\/www.designenlassen.de\/blog\/wp-content\/uploads\/2020\/03\/Honig-Bienen-und-mehr-Gelbes-Design-Logo-\u00b4774679-zaqibagibagi-768x470.png 768w\" sizes=\"(max-width: 800px) 100vw, 800px\" \/><figcaption class=\"wp-element-caption\"><a href=\"https:\/\/www.designenlassen.de\/774679-logo-design-fuer-imker\">Gelbes Logo-Design von Designer zaqibagibagi<\/a><\/figcaption><\/figure>\n<\/figure>\n\n\n\n<p>Die <a href=\"https:\/\/www.designenlassen.de\/blog\/farben-und-ihre-bedeutung\/\">Farbe Gelb<\/a> ist ein kleiner Muntermacher, verbreitet gute Laune und wird sofort mit Optimismus in Verbindung gebracht. Definitiv ideal, um sie in Deinem Logo-Design einzubauen. Denn ein gelbes Logo l\u00f6st positive Gef\u00fchle aus und bleibt Deinen Kunden sofort im Ged\u00e4chtnis. F\u00fcr jemanden, der sich aktuell in der Unternehmensgr\u00fcndung befindet, ist das nat\u00fcrlich der perfekte Startschuss. Die Gestaltung Deines gelben Logo-Designs kann individuell auf Deine Vorstellungen und W\u00fcnsche angepasst werden. Du entscheidest, wie Du Dein Unternehmen nach au\u00dfen pr\u00e4sentieren m\u00f6chtest. Mit dieser Logo-Galerie voller gelbem Input geben wir Dir ein wenig Inspiration f\u00fcr Dein pers\u00f6nliches Logo-Design.<\/p>\n\n\n\n<div class=\"wp-block-buttons is-content-justification-center is-layout-flex wp-container-core-buttons-is-layout-16018d1d wp-block-buttons-is-layout-flex\">\n<div class=\"wp-block-button is-style-fill\"><a class=\"wp-block-button__link has-white-color has-text-color has-background has-text-align-left wp-element-button\" href=\"https:\/\/www.designenlassen.de\/logo-design\" style=\"background-color:#091182\">Jetzt Logo erstellen<\/a><\/div>\n<\/div>\n\n\n\n\n\n<h2 class=\"wp-block-heading\">Gelbe Honig Logos, die zuckers\u00fc\u00df sind<\/h2>\n\n\n\n<p>Denkt man an die Farbe Gelb, ist eine Sache, die einem sofort in den Kopf kommt, eine Biene oder Honig. Absolut verst\u00e4ndlich, dass die Farbe folglich sehr oft Verwendung in Honig Logos findet. Das gelbe Logo ist ideal, um sich visuell im Kopf der Honigliebhaber zu verankern. H\u00e4ufige Elemente, die in Kombination mit der Farbe <a href=\"https:\/\/www.designenlassen.de\/blog\/farben-logo-designs-mehr-als-nur-bunt\/\">Gelb<\/a> verwendet werden sind Bienen und Honigwaben. Bei der <a href=\"https:\/\/www.designenlassen.de\/blog\/35-imker-logos-die-zum-dahinschmelzen-suess-sind\/\">Gestaltung des gelben Honig Logos<\/a> ist es wichtig sicherzustellen, dass ein <a href=\"https:\/\/www.designenlassen.de\/blog\/wie-du-eine-marke-mit-maximalem-wiedererkennungswert-schaffen-kannst\/\">Alleinstellungsmerkmal<\/a> gegeben ist, das einen von der Vielzahl an Konkurrenten weiterhin unterscheidet.<\/p>\n\n\n\n<figure class=\"wp-block-gallery has-nested-images columns-default is-cropped dl_picsub_black wp-block-gallery-2 is-layout-flex wp-block-gallery-is-layout-flex\">\n<figure class=\"wp-block-image size-large\"><img decoding=\"async\" width=\"800\" height=\"531\" data-id=\"20072\" src=\"https:\/\/www.designenlassen.de\/blog\/wp-content\/uploads\/2020\/03\/Logo-in-Gelb-Imkerei-L\u00fcffe-441862-trollmediendesign.jpg\" alt=\"Logo in Gelb Imkerei L\u00fcffe\" class=\"wp-image-20072\" srcset=\"https:\/\/www.designenlassen.de\/blog\/wp-content\/uploads\/2020\/03\/Logo-in-Gelb-Imkerei-L\u00fcffe-441862-trollmediendesign.jpg 800w, https:\/\/www.designenlassen.de\/blog\/wp-content\/uploads\/2020\/03\/Logo-in-Gelb-Imkerei-L\u00fcffe-441862-trollmediendesign-300x199.jpg 300w, https:\/\/www.designenlassen.de\/blog\/wp-content\/uploads\/2020\/03\/Logo-in-Gelb-Imkerei-L\u00fcffe-441862-trollmediendesign-768x510.jpg 768w\" sizes=\"(max-width: 800px) 100vw, 800px\" \/><figcaption class=\"wp-element-caption\"><a href=\"https:\/\/www.designenlassen.de\/441862-edles-logo-design-fuer-imkerei\">Honig Logo in Gelb von trollmediendesign <\/a><\/figcaption><\/figure>\n<\/figure>\n\n\n\n<figure class=\"wp-block-gallery has-nested-images columns-default is-cropped dl_picsub_black wp-block-gallery-3 is-layout-flex wp-block-gallery-is-layout-flex\">\n<figure class=\"wp-block-image size-large\"><img decoding=\"async\" width=\"338\" height=\"338\" data-id=\"20073\" src=\"https:\/\/www.designenlassen.de\/blog\/wp-content\/uploads\/2020\/03\/BeeAktiv-Gelbes-Logo-Inspiration-926793-Pixelskill.jpg\" alt=\"BeeAktiv-Gelbes-Logo-Inspiration\" class=\"wp-image-20073\" srcset=\"https:\/\/www.designenlassen.de\/blog\/wp-content\/uploads\/2020\/03\/BeeAktiv-Gelbes-Logo-Inspiration-926793-Pixelskill.jpg 338w, https:\/\/www.designenlassen.de\/blog\/wp-content\/uploads\/2020\/03\/BeeAktiv-Gelbes-Logo-Inspiration-926793-Pixelskill-300x300.jpg 300w, https:\/\/www.designenlassen.de\/blog\/wp-content\/uploads\/2020\/03\/BeeAktiv-Gelbes-Logo-Inspiration-926793-Pixelskill-150x150.jpg 150w\" sizes=\"(max-width: 338px) 100vw, 338px\" \/><figcaption class=\"wp-element-caption\">Design von Pixelskill<\/figcaption><\/figure>\n\n\n\n<figure class=\"wp-block-image size-large\"><img loading=\"lazy\" decoding=\"async\" width=\"338\" height=\"338\" data-id=\"20074\" src=\"https:\/\/www.designenlassen.de\/blog\/wp-content\/uploads\/2020\/03\/Imkerei-Sch\u00f6ner-Logo-Design-in-Gelb-155994-Lexlinx.png\" alt=\"Imkerei-Sch\u00f6ner-Logo-Design-in-Gelb\" class=\"wp-image-20074\" srcset=\"https:\/\/www.designenlassen.de\/blog\/wp-content\/uploads\/2020\/03\/Imkerei-Sch\u00f6ner-Logo-Design-in-Gelb-155994-Lexlinx.png 338w, https:\/\/www.designenlassen.de\/blog\/wp-content\/uploads\/2020\/03\/Imkerei-Sch\u00f6ner-Logo-Design-in-Gelb-155994-Lexlinx-300x300.png 300w, https:\/\/www.designenlassen.de\/blog\/wp-content\/uploads\/2020\/03\/Imkerei-Sch\u00f6ner-Logo-Design-in-Gelb-155994-Lexlinx-150x150.png 150w\" sizes=\"(max-width: 338px) 100vw, 338px\" \/><figcaption class=\"wp-element-caption\">Design von Lexlinx<\/figcaption><\/figure>\n<\/figure>\n\n\n\n<figure class=\"wp-block-gallery has-nested-images columns-default is-cropped dl_picsub_black wp-block-gallery-4 is-layout-flex wp-block-gallery-is-layout-flex\">\n<figure class=\"wp-block-image size-large\"><img loading=\"lazy\" decoding=\"async\" width=\"800\" height=\"530\" data-id=\"20075\" src=\"https:\/\/www.designenlassen.de\/blog\/wp-content\/uploads\/2020\/03\/Maik-Broermann-Gelbes-Honig-Logo-787382-LAVIE.png\" alt=\"Maik-Broermann-Gelbes-Honig-Logo\" class=\"wp-image-20075\" srcset=\"https:\/\/www.designenlassen.de\/blog\/wp-content\/uploads\/2020\/03\/Maik-Broermann-Gelbes-Honig-Logo-787382-LAVIE.png 800w, https:\/\/www.designenlassen.de\/blog\/wp-content\/uploads\/2020\/03\/Maik-Broermann-Gelbes-Honig-Logo-787382-LAVIE-300x199.png 300w, https:\/\/www.designenlassen.de\/blog\/wp-content\/uploads\/2020\/03\/Maik-Broermann-Gelbes-Honig-Logo-787382-LAVIE-768x509.png 768w\" sizes=\"(max-width: 800px) 100vw, 800px\" \/><figcaption class=\"wp-element-caption\"><a href=\"https:\/\/www.designenlassen.de\/787382-modernes-logo-design-fuer-hobby-imker-gesucht\">Gelbes Honig Logo von LAVIE<\/a><\/figcaption><\/figure>\n<\/figure>\n\n\n\n<figure class=\"wp-block-gallery has-nested-images columns-default is-cropped dl_picsub_black wp-block-gallery-5 is-layout-flex wp-block-gallery-is-layout-flex\">\n<figure class=\"wp-block-image size-large\"><img loading=\"lazy\" decoding=\"async\" width=\"800\" height=\"442\" data-id=\"20078\" src=\"https:\/\/www.designenlassen.de\/blog\/wp-content\/uploads\/2020\/03\/Imker-Logo-Design-Gelb-774679-TAKARI.png\" alt=\"Imker-Logo-Design-Gelb\" class=\"wp-image-20078\" srcset=\"https:\/\/www.designenlassen.de\/blog\/wp-content\/uploads\/2020\/03\/Imker-Logo-Design-Gelb-774679-TAKARI.png 800w, https:\/\/www.designenlassen.de\/blog\/wp-content\/uploads\/2020\/03\/Imker-Logo-Design-Gelb-774679-TAKARI-300x166.png 300w, https:\/\/www.designenlassen.de\/blog\/wp-content\/uploads\/2020\/03\/Imker-Logo-Design-Gelb-774679-TAKARI-768x424.png 768w\" sizes=\"(max-width: 800px) 100vw, 800px\" \/><figcaption class=\"wp-element-caption\"><a href=\"https:\/\/www.designenlassen.de\/774679-logo-design-fuer-imker\">Logo-Design in Gelb f\u00fcr Imker von TAKARI<\/a><\/figcaption><\/figure>\n<\/figure>\n\n\n\n<figure class=\"wp-block-gallery has-nested-images columns-default is-cropped dl_picsub_black wp-block-gallery-6 is-layout-flex wp-block-gallery-is-layout-flex\">\n<figure class=\"wp-block-image size-large\"><img loading=\"lazy\" decoding=\"async\" width=\"338\" height=\"338\" data-id=\"20076\" src=\"https:\/\/www.designenlassen.de\/blog\/wp-content\/uploads\/2020\/03\/Imkerei-Degode-Gelbes-Logo-269695-bj0le.jpg\" alt=\"Imkerei-Degode-Gelbes-Logo\" class=\"wp-image-20076\" srcset=\"https:\/\/www.designenlassen.de\/blog\/wp-content\/uploads\/2020\/03\/Imkerei-Degode-Gelbes-Logo-269695-bj0le.jpg 338w, https:\/\/www.designenlassen.de\/blog\/wp-content\/uploads\/2020\/03\/Imkerei-Degode-Gelbes-Logo-269695-bj0le-300x300.jpg 300w, https:\/\/www.designenlassen.de\/blog\/wp-content\/uploads\/2020\/03\/Imkerei-Degode-Gelbes-Logo-269695-bj0le-150x150.jpg 150w\" sizes=\"(max-width: 338px) 100vw, 338px\" \/><figcaption class=\"wp-element-caption\">Design von bj0le<\/figcaption><\/figure>\n\n\n\n<figure class=\"wp-block-image size-large\"><img loading=\"lazy\" decoding=\"async\" width=\"338\" height=\"338\" data-id=\"20077\" src=\"https:\/\/www.designenlassen.de\/blog\/wp-content\/uploads\/2020\/03\/Logo-in-Gelb-Imkerei-Degode-269695-DIZAJNAVIENNA.jpg\" alt=\"Logo-in-Gelb-Imkerei-Degode\" class=\"wp-image-20077\" srcset=\"https:\/\/www.designenlassen.de\/blog\/wp-content\/uploads\/2020\/03\/Logo-in-Gelb-Imkerei-Degode-269695-DIZAJNAVIENNA.jpg 338w, https:\/\/www.designenlassen.de\/blog\/wp-content\/uploads\/2020\/03\/Logo-in-Gelb-Imkerei-Degode-269695-DIZAJNAVIENNA-300x300.jpg 300w, https:\/\/www.designenlassen.de\/blog\/wp-content\/uploads\/2020\/03\/Logo-in-Gelb-Imkerei-Degode-269695-DIZAJNAVIENNA-150x150.jpg 150w\" sizes=\"(max-width: 338px) 100vw, 338px\" \/><figcaption class=\"wp-element-caption\">Design von DIZAJNAVIENNA<\/figcaption><\/figure>\n<\/figure>\n\n\n\n<h2 class=\"wp-block-heading\">\u00dcberzeugende Emblem Logos in Gelb<\/h2>\n\n\n\n<p>Ein gelbes Emblem Logo wirkt durch die Gestaltung besonders aufger\u00e4umt und klar strukturiert. Es besitzt durch die gelbe Farbe einen <a href=\"https:\/\/www.designenlassen.de\/blog\/wie-du-eine-marke-mit-maximalem-wiedererkennungswert-schaffen-kannst\/\">starken Wiedererkennungswert <\/a>und macht direkt auf sich aufmerksam. Ein <a href=\"https:\/\/www.designenlassen.de\/blog\/48-emblem-logos-die-dich-und-deine-kunden-besonders-verbinden\/\">Emblem Logo<\/a> wirkt h\u00e4ufig wie eine Art Wappen. Es verbindet die Wort- und Bildbestandteile auf geschickte Weise miteinander und weist durch die gelbe Farbgestaltung einen besonders individuellen Wert auf. Im Folgenden zeigen wir Dir vier unserer favorisierten gelben Emblem Logos.<\/p>\n\n\n\n<figure class=\"wp-block-gallery has-nested-images columns-default is-cropped dl_picsub_black wp-block-gallery-7 is-layout-flex wp-block-gallery-is-layout-flex\">\n<figure class=\"wp-block-image size-large\"><img loading=\"lazy\" decoding=\"async\" width=\"800\" height=\"479\" data-id=\"20079\" src=\"https:\/\/www.designenlassen.de\/blog\/wp-content\/uploads\/2020\/03\/MeCtiv-Gelbes-Logo-562963-Morar.jpg\" alt=\"MeCtiv-Gelbes-Logo\" class=\"wp-image-20079\" srcset=\"https:\/\/www.designenlassen.de\/blog\/wp-content\/uploads\/2020\/03\/MeCtiv-Gelbes-Logo-562963-Morar.jpg 800w, https:\/\/www.designenlassen.de\/blog\/wp-content\/uploads\/2020\/03\/MeCtiv-Gelbes-Logo-562963-Morar-300x180.jpg 300w, https:\/\/www.designenlassen.de\/blog\/wp-content\/uploads\/2020\/03\/MeCtiv-Gelbes-Logo-562963-Morar-768x460.jpg 768w\" sizes=\"(max-width: 800px) 100vw, 800px\" \/><figcaption class=\"wp-element-caption\"><a href=\"https:\/\/www.designenlassen.de\/562963-logo-design-fuer-twitch-und-youtube-kanal\">Gelbes Logo MECTIV von Morar<\/a><\/figcaption><\/figure>\n<\/figure>\n\n\n\n<figure class=\"wp-block-gallery has-nested-images columns-default is-cropped dl_picsub_black wp-block-gallery-8 is-layout-flex wp-block-gallery-is-layout-flex\">\n<figure class=\"wp-block-image size-large\"><img loading=\"lazy\" decoding=\"async\" width=\"338\" height=\"338\" data-id=\"20080\" src=\"https:\/\/www.designenlassen.de\/blog\/wp-content\/uploads\/2020\/03\/Logo-Design-in-Gelb-Cricketers-346136-adgraphic.jpg\" alt=\"Logo-Design-in-Gelb-Cricketers\" class=\"wp-image-20080\" srcset=\"https:\/\/www.designenlassen.de\/blog\/wp-content\/uploads\/2020\/03\/Logo-Design-in-Gelb-Cricketers-346136-adgraphic.jpg 338w, https:\/\/www.designenlassen.de\/blog\/wp-content\/uploads\/2020\/03\/Logo-Design-in-Gelb-Cricketers-346136-adgraphic-300x300.jpg 300w, https:\/\/www.designenlassen.de\/blog\/wp-content\/uploads\/2020\/03\/Logo-Design-in-Gelb-Cricketers-346136-adgraphic-150x150.jpg 150w\" sizes=\"(max-width: 338px) 100vw, 338px\" \/><figcaption class=\"wp-element-caption\">Design von adgraphic<\/figcaption><\/figure>\n\n\n\n<figure class=\"wp-block-image size-large\"><img loading=\"lazy\" decoding=\"async\" width=\"338\" height=\"338\" data-id=\"20081\" src=\"https:\/\/www.designenlassen.de\/blog\/wp-content\/uploads\/2020\/03\/Steak-Automat-Gelbes-Logo-162757-2bcreativ.png\" alt=\"Steak-Automat-Gelbes-Logo\" class=\"wp-image-20081\" srcset=\"https:\/\/www.designenlassen.de\/blog\/wp-content\/uploads\/2020\/03\/Steak-Automat-Gelbes-Logo-162757-2bcreativ.png 338w, https:\/\/www.designenlassen.de\/blog\/wp-content\/uploads\/2020\/03\/Steak-Automat-Gelbes-Logo-162757-2bcreativ-300x300.png 300w, https:\/\/www.designenlassen.de\/blog\/wp-content\/uploads\/2020\/03\/Steak-Automat-Gelbes-Logo-162757-2bcreativ-150x150.png 150w\" sizes=\"(max-width: 338px) 100vw, 338px\" \/><figcaption class=\"wp-element-caption\">Design von 2bcreativ<\/figcaption><\/figure>\n<\/figure>\n\n\n\n<figure class=\"wp-block-gallery has-nested-images columns-default is-cropped dl_picsub_black wp-block-gallery-9 is-layout-flex wp-block-gallery-is-layout-flex\">\n<figure class=\"wp-block-image size-large\"><img loading=\"lazy\" decoding=\"async\" width=\"800\" height=\"338\" data-id=\"20082\" src=\"https:\/\/www.designenlassen.de\/blog\/wp-content\/uploads\/2020\/03\/La-Station-Gourmande-Logo-Gelbes-Design-836575-uveksatobom.png\" alt=\"La-Station-Gourmande-Logo-Gelbes-Design\" class=\"wp-image-20082\" srcset=\"https:\/\/www.designenlassen.de\/blog\/wp-content\/uploads\/2020\/03\/La-Station-Gourmande-Logo-Gelbes-Design-836575-uveksatobom.png 800w, https:\/\/www.designenlassen.de\/blog\/wp-content\/uploads\/2020\/03\/La-Station-Gourmande-Logo-Gelbes-Design-836575-uveksatobom-300x127.png 300w, https:\/\/www.designenlassen.de\/blog\/wp-content\/uploads\/2020\/03\/La-Station-Gourmande-Logo-Gelbes-Design-836575-uveksatobom-768x324.png 768w\" sizes=\"(max-width: 800px) 100vw, 800px\" \/><figcaption class=\"wp-element-caption\"><a href=\"https:\/\/www.designenlassen.de\/836575-food-truck-street-food\">Design in Gelb von Designer uveksatobom<\/a><\/figcaption><\/figure>\n<\/figure>\n\n\n\n<figure class=\"wp-block-gallery has-nested-images columns-2 is-cropped wp-block-gallery-10 is-layout-flex wp-block-gallery-is-layout-flex\">\n<figure class=\"wp-block-image size-large\"><img loading=\"lazy\" decoding=\"async\" width=\"338\" height=\"338\" data-id=\"14422\" src=\"https:\/\/www.designenlassen.de\/blog\/wp-content\/uploads\/2018\/11\/Emblem-Logo-Steak-Automat.png\" alt=\"Emblem Logo Steak Automat\" class=\"wp-image-14422\" srcset=\"https:\/\/www.designenlassen.de\/blog\/wp-content\/uploads\/2018\/11\/Emblem-Logo-Steak-Automat.png 338w, https:\/\/www.designenlassen.de\/blog\/wp-content\/uploads\/2018\/11\/Emblem-Logo-Steak-Automat-150x150.png 150w, https:\/\/www.designenlassen.de\/blog\/wp-content\/uploads\/2018\/11\/Emblem-Logo-Steak-Automat-300x300.png 300w\" sizes=\"(max-width: 338px) 100vw, 338px\" \/><\/figure>\n\n\n\n<figure class=\"wp-block-image size-large\"><img loading=\"lazy\" decoding=\"async\" width=\"338\" height=\"338\" data-id=\"22980\" src=\"https:\/\/www.designenlassen.de\/blog\/wp-content\/uploads\/2020\/11\/Burger-Logo-Biggie-B-518897-lis2005.jpg\" alt=\"Burger-Logo-Biggie-B\" class=\"wp-image-22980\" srcset=\"https:\/\/www.designenlassen.de\/blog\/wp-content\/uploads\/2020\/11\/Burger-Logo-Biggie-B-518897-lis2005.jpg 338w, https:\/\/www.designenlassen.de\/blog\/wp-content\/uploads\/2020\/11\/Burger-Logo-Biggie-B-518897-lis2005-300x300.jpg 300w, https:\/\/www.designenlassen.de\/blog\/wp-content\/uploads\/2020\/11\/Burger-Logo-Biggie-B-518897-lis2005-150x150.jpg 150w\" sizes=\"(max-width: 338px) 100vw, 338px\" \/><\/figure>\n\n\n\n<figure class=\"wp-block-image size-large\"><img loading=\"lazy\" decoding=\"async\" width=\"338\" height=\"338\" data-id=\"22975\" src=\"https:\/\/www.designenlassen.de\/blog\/wp-content\/uploads\/2020\/11\/Frankys-63-Burger-Logo-876218-Nabzigner.jpg\" alt=\"Frankys-63-Burger-Logo\" class=\"wp-image-22975\" srcset=\"https:\/\/www.designenlassen.de\/blog\/wp-content\/uploads\/2020\/11\/Frankys-63-Burger-Logo-876218-Nabzigner.jpg 338w, https:\/\/www.designenlassen.de\/blog\/wp-content\/uploads\/2020\/11\/Frankys-63-Burger-Logo-876218-Nabzigner-300x300.jpg 300w, https:\/\/www.designenlassen.de\/blog\/wp-content\/uploads\/2020\/11\/Frankys-63-Burger-Logo-876218-Nabzigner-150x150.jpg 150w\" sizes=\"(max-width: 338px) 100vw, 338px\" \/><\/figure>\n\n\n\n<figure class=\"wp-block-image size-large\"><img loading=\"lazy\" decoding=\"async\" width=\"650\" height=\"263\" data-id=\"15298\" src=\"https:\/\/www.designenlassen.de\/blog\/wp-content\/uploads\/2019\/01\/Logo-836575-La-Station-Gourmande-Burger-Maison-Emblem-Vintage.png\" alt=\"Logo 836575 La Station Gourmande Burger Maison Emblem Vintage\" class=\"wp-image-15298\" srcset=\"https:\/\/www.designenlassen.de\/blog\/wp-content\/uploads\/2019\/01\/Logo-836575-La-Station-Gourmande-Burger-Maison-Emblem-Vintage.png 650w, https:\/\/www.designenlassen.de\/blog\/wp-content\/uploads\/2019\/01\/Logo-836575-La-Station-Gourmande-Burger-Maison-Emblem-Vintage-300x121.png 300w\" sizes=\"(max-width: 650px) 100vw, 650px\" \/><\/figure>\n<\/figure>\n\n\n\n<figure class=\"wp-block-gallery has-nested-images columns-default is-cropped wp-block-gallery-11 is-layout-flex wp-block-gallery-is-layout-flex\">\n<figure class=\"wp-block-image size-large\"><img loading=\"lazy\" decoding=\"async\" width=\"794\" height=\"669\" data-id=\"25081\" src=\"https:\/\/www.designenlassen.de\/blog\/wp-content\/uploads\/2021\/09\/GamerNamen_ESportsFrankfurt_863779.png\" alt=\"\" class=\"wp-image-25081\" srcset=\"https:\/\/www.designenlassen.de\/blog\/wp-content\/uploads\/2021\/09\/GamerNamen_ESportsFrankfurt_863779.png 794w, https:\/\/www.designenlassen.de\/blog\/wp-content\/uploads\/2021\/09\/GamerNamen_ESportsFrankfurt_863779-300x253.png 300w, https:\/\/www.designenlassen.de\/blog\/wp-content\/uploads\/2021\/09\/GamerNamen_ESportsFrankfurt_863779-768x647.png 768w\" sizes=\"(max-width: 794px) 100vw, 794px\" \/><\/figure>\n\n\n\n<figure class=\"wp-block-image size-large\"><img loading=\"lazy\" decoding=\"async\" width=\"975\" height=\"975\" data-id=\"15929\" src=\"https:\/\/www.designenlassen.de\/blog\/wp-content\/uploads\/2019\/02\/controller-logo-game-nerd-e-sports-frankfurt.jpg\" alt=\"Esports-Logo mit Controller f\u00fcr e-sports frankfurt\" class=\"wp-image-15929\" srcset=\"https:\/\/www.designenlassen.de\/blog\/wp-content\/uploads\/2019\/02\/controller-logo-game-nerd-e-sports-frankfurt.jpg 975w, https:\/\/www.designenlassen.de\/blog\/wp-content\/uploads\/2019\/02\/controller-logo-game-nerd-e-sports-frankfurt-150x150.jpg 150w, https:\/\/www.designenlassen.de\/blog\/wp-content\/uploads\/2019\/02\/controller-logo-game-nerd-e-sports-frankfurt-300x300.jpg 300w, https:\/\/www.designenlassen.de\/blog\/wp-content\/uploads\/2019\/02\/controller-logo-game-nerd-e-sports-frankfurt-768x768.jpg 768w\" sizes=\"(max-width: 975px) 100vw, 975px\" \/><\/figure>\n<\/figure>\n\n\n\n<div class=\"wp-block-buttons is-content-justification-center is-layout-flex wp-container-core-buttons-is-layout-16018d1d wp-block-buttons-is-layout-flex\">\n<div class=\"wp-block-button is-style-fill\"><a class=\"wp-block-button__link has-white-color has-text-color has-background has-text-align-left wp-element-button\" href=\"https:\/\/www.designenlassen.de\/logo-design\" style=\"background-color:#091182\">Jetzt Logo erstellen<\/a><\/div>\n<\/div>\n\n\n\n<div style=\"height:44px\" aria-hidden=\"true\" class=\"wp-block-spacer\"><\/div>\n\n\n\n<h2 class=\"wp-block-heading\">Minimalistische Logos in Gelb<\/h2>\n\n\n\n<p>Eine Art der Gestaltung, die generell in jeder Branche funktioniert, ist der Minimalismus. Ein <a href=\"https:\/\/www.designenlassen.de\/blog\/minimalistische-logos-die-mit-dem-noetigsten-im-design-ueberzeugen\/\">minimalistisches Logo-Design<\/a> in Gelb lenkt den Blick ausschlie\u00dflich auf die simplen Bestandteile des Designs und lenkt nicht durch unn\u00f6tigen Schnick-Schnack ab. Gro\u00dfer Vorteil ist, dass schlichte, minimalistische gelbe Logos sehr gut im Ged\u00e4chtnis bleiben und trotz der simplen Gestaltung auf eine ganz bestimmte Art und Weise \u00fcberzeugen.<\/p>\n\n\n\n<figure class=\"wp-block-gallery has-nested-images columns-default is-cropped dl_picsub_black wp-block-gallery-12 is-layout-flex wp-block-gallery-is-layout-flex\">\n<figure class=\"wp-block-image size-large\"><img loading=\"lazy\" decoding=\"async\" width=\"800\" height=\"410\" data-id=\"20084\" src=\"https:\/\/www.designenlassen.de\/blog\/wp-content\/uploads\/2020\/03\/My-Little-Steps-Logos-Gelb-312769-lemondesign.jpg\" alt=\"My Little Steps Logos Gelb\" class=\"wp-image-20084\" srcset=\"https:\/\/www.designenlassen.de\/blog\/wp-content\/uploads\/2020\/03\/My-Little-Steps-Logos-Gelb-312769-lemondesign.jpg 800w, https:\/\/www.designenlassen.de\/blog\/wp-content\/uploads\/2020\/03\/My-Little-Steps-Logos-Gelb-312769-lemondesign-300x154.jpg 300w, https:\/\/www.designenlassen.de\/blog\/wp-content\/uploads\/2020\/03\/My-Little-Steps-Logos-Gelb-312769-lemondesign-768x394.jpg 768w\" sizes=\"(max-width: 800px) 100vw, 800px\" \/><figcaption class=\"wp-element-caption\"><a href=\"https:\/\/www.designenlassen.de\/312769-logo-design-fuer-nachhaltigen-online-shop\">Logo in Gelb f\u00fcr My Little Steps von lemondesign<\/a><\/figcaption><\/figure>\n<\/figure>\n\n\n\n<figure class=\"wp-block-gallery has-nested-images columns-default is-cropped dl_picsub_black wp-block-gallery-13 is-layout-flex wp-block-gallery-is-layout-flex\">\n<figure class=\"wp-block-image size-large\"><img loading=\"lazy\" decoding=\"async\" width=\"338\" height=\"338\" data-id=\"20085\" src=\"https:\/\/www.designenlassen.de\/blog\/wp-content\/uploads\/2020\/03\/Gelbes-Logo-Design-H\u00fcllenlos-487835-omdesign.jpg\" alt=\"Gelbes-Logo-Design-H\u00fcllenlos\" class=\"wp-image-20085\" srcset=\"https:\/\/www.designenlassen.de\/blog\/wp-content\/uploads\/2020\/03\/Gelbes-Logo-Design-H\u00fcllenlos-487835-omdesign.jpg 338w, https:\/\/www.designenlassen.de\/blog\/wp-content\/uploads\/2020\/03\/Gelbes-Logo-Design-H\u00fcllenlos-487835-omdesign-300x300.jpg 300w, https:\/\/www.designenlassen.de\/blog\/wp-content\/uploads\/2020\/03\/Gelbes-Logo-Design-H\u00fcllenlos-487835-omdesign-150x150.jpg 150w\" sizes=\"(max-width: 338px) 100vw, 338px\" \/><figcaption class=\"wp-element-caption\">Design von omdesign<\/figcaption><\/figure>\n\n\n\n<figure class=\"wp-block-image size-large\"><img loading=\"lazy\" decoding=\"async\" width=\"338\" height=\"338\" data-id=\"20086\" src=\"https:\/\/www.designenlassen.de\/blog\/wp-content\/uploads\/2020\/03\/H\u00fcllenlos-Gelbes-Logo-Design-487835-MrsBrightside.jpg\" alt=\"H\u00fcllenlos-Gelbes-Logo-Design\" class=\"wp-image-20086\" srcset=\"https:\/\/www.designenlassen.de\/blog\/wp-content\/uploads\/2020\/03\/H\u00fcllenlos-Gelbes-Logo-Design-487835-MrsBrightside.jpg 338w, https:\/\/www.designenlassen.de\/blog\/wp-content\/uploads\/2020\/03\/H\u00fcllenlos-Gelbes-Logo-Design-487835-MrsBrightside-300x300.jpg 300w, https:\/\/www.designenlassen.de\/blog\/wp-content\/uploads\/2020\/03\/H\u00fcllenlos-Gelbes-Logo-Design-487835-MrsBrightside-150x150.jpg 150w\" sizes=\"(max-width: 338px) 100vw, 338px\" \/><figcaption class=\"wp-element-caption\">Design von MrsBrightside<\/figcaption><\/figure>\n<\/figure>\n\n\n\n<figure class=\"wp-block-gallery has-nested-images columns-default is-cropped dl_picsub_black wp-block-gallery-14 is-layout-flex wp-block-gallery-is-layout-flex\">\n<figure class=\"wp-block-image size-large\"><img loading=\"lazy\" decoding=\"async\" width=\"800\" height=\"414\" data-id=\"20087\" src=\"https:\/\/www.designenlassen.de\/blog\/wp-content\/uploads\/2020\/03\/Gelbes-Logo-Design-Maschinero-929734-Vissart-Media.jpg\" alt=\"Gelbes-Logo-Design-Maschinero\" class=\"wp-image-20087\" srcset=\"https:\/\/www.designenlassen.de\/blog\/wp-content\/uploads\/2020\/03\/Gelbes-Logo-Design-Maschinero-929734-Vissart-Media.jpg 800w, https:\/\/www.designenlassen.de\/blog\/wp-content\/uploads\/2020\/03\/Gelbes-Logo-Design-Maschinero-929734-Vissart-Media-300x155.jpg 300w, https:\/\/www.designenlassen.de\/blog\/wp-content\/uploads\/2020\/03\/Gelbes-Logo-Design-Maschinero-929734-Vissart-Media-768x397.jpg 768w\" sizes=\"(max-width: 800px) 100vw, 800px\" \/><figcaption class=\"wp-element-caption\"><a href=\"https:\/\/www.designenlassen.de\/929734-corporate-design-fuer-online-plattform\">Gelbes Logo-Design f\u00fcr Maschinero von Vissart Media<\/a><\/figcaption><\/figure>\n<\/figure>\n\n\n\n<figure class=\"wp-block-gallery has-nested-images columns-default is-cropped dl_picsub_black wp-block-gallery-15 is-layout-flex wp-block-gallery-is-layout-flex\">\n<figure class=\"wp-block-image size-large\"><img loading=\"lazy\" decoding=\"async\" width=\"338\" height=\"338\" data-id=\"20088\" src=\"https:\/\/www.designenlassen.de\/blog\/wp-content\/uploads\/2020\/03\/Carver-Kings-Gelbes-Logo-297249-finwasit.png\" alt=\"Carver-Kings-Gelbes-Logo\" class=\"wp-image-20088\" srcset=\"https:\/\/www.designenlassen.de\/blog\/wp-content\/uploads\/2020\/03\/Carver-Kings-Gelbes-Logo-297249-finwasit.png 338w, https:\/\/www.designenlassen.de\/blog\/wp-content\/uploads\/2020\/03\/Carver-Kings-Gelbes-Logo-297249-finwasit-300x300.png 300w, https:\/\/www.designenlassen.de\/blog\/wp-content\/uploads\/2020\/03\/Carver-Kings-Gelbes-Logo-297249-finwasit-150x150.png 150w\" sizes=\"(max-width: 338px) 100vw, 338px\" \/><figcaption class=\"wp-element-caption\">Design von finwasit<\/figcaption><\/figure>\n\n\n\n<figure class=\"wp-block-image size-large\"><img loading=\"lazy\" decoding=\"async\" width=\"338\" height=\"338\" data-id=\"20089\" src=\"https:\/\/www.designenlassen.de\/blog\/wp-content\/uploads\/2020\/03\/SGAAW-Logo-Design-in-Gelb-247652-RBU-grafik.jpg\" alt=\"SGAAW-Logo-Design-in-Gelb\" class=\"wp-image-20089\" srcset=\"https:\/\/www.designenlassen.de\/blog\/wp-content\/uploads\/2020\/03\/SGAAW-Logo-Design-in-Gelb-247652-RBU-grafik.jpg 338w, https:\/\/www.designenlassen.de\/blog\/wp-content\/uploads\/2020\/03\/SGAAW-Logo-Design-in-Gelb-247652-RBU-grafik-300x300.jpg 300w, https:\/\/www.designenlassen.de\/blog\/wp-content\/uploads\/2020\/03\/SGAAW-Logo-Design-in-Gelb-247652-RBU-grafik-150x150.jpg 150w\" sizes=\"(max-width: 338px) 100vw, 338px\" \/><figcaption class=\"wp-element-caption\">Design von RBU grafik<\/figcaption><\/figure>\n<\/figure>\n\n\n\n<h2 class=\"wp-block-heading\">Klassische gelbe Logo-Designs<\/h2>\n\n\n\n<p>Ein klassisches Logo in Gelb ist immer noch eine der beliebtesten Gestaltungsarten, denn mit einem klassischen Design kann man so gut wie nichts falsch machen. Wichtig ist, dass man etwas Besonderes im Design herausstellt, das einen von der Konkurrenz abhebt. Verwende Elemente oder Symbole im <a href=\"https:\/\/www.designenlassen.de\/blog\/logo-erstellen-top-firmenlogo-einfach-entwerfen\/\">Logo-Design<\/a>, die f\u00fcr Dein Unternehmen oder Deine Leistungen stehen und mit denen Du Dich nach au\u00dfen pr\u00e4sentieren m\u00f6chtest.<\/p>\n\n\n\n<figure class=\"wp-block-gallery has-nested-images columns-default is-cropped dl_picsub_black wp-block-gallery-16 is-layout-flex wp-block-gallery-is-layout-flex\">\n<figure class=\"wp-block-image size-large\"><img loading=\"lazy\" decoding=\"async\" width=\"800\" height=\"500\" data-id=\"20102\" src=\"https:\/\/www.designenlassen.de\/blog\/wp-content\/uploads\/2020\/03\/Gelbes-Logo-Design-Hopfriedli-593738-womey-1.png\" alt=\"Gelbes-Logo-Design-Hopfriedli\" class=\"wp-image-20102\" srcset=\"https:\/\/www.designenlassen.de\/blog\/wp-content\/uploads\/2020\/03\/Gelbes-Logo-Design-Hopfriedli-593738-womey-1.png 800w, https:\/\/www.designenlassen.de\/blog\/wp-content\/uploads\/2020\/03\/Gelbes-Logo-Design-Hopfriedli-593738-womey-1-300x188.png 300w, https:\/\/www.designenlassen.de\/blog\/wp-content\/uploads\/2020\/03\/Gelbes-Logo-Design-Hopfriedli-593738-womey-1-768x480.png 768w\" sizes=\"(max-width: 800px) 100vw, 800px\" \/><figcaption class=\"wp-element-caption\"><a href=\"https:\/\/www.designenlassen.de\/593738-junge-moderne-brauerei-sucht-logo-design\">Logo-Design in Gelb f\u00fcr Hopfriedli von womey<\/a><\/figcaption><\/figure>\n<\/figure>\n\n\n\n<figure class=\"wp-block-gallery has-nested-images columns-default is-cropped dl_picsub_black wp-block-gallery-17 is-layout-flex wp-block-gallery-is-layout-flex\">\n<figure class=\"wp-block-image size-large\"><img loading=\"lazy\" decoding=\"async\" width=\"338\" height=\"338\" data-id=\"20092\" src=\"https:\/\/www.designenlassen.de\/blog\/wp-content\/uploads\/2020\/03\/Dealbock-Gelbes-Logo-Design-697997-Ghost1.png\" alt=\"Dealbock-Gelbes-Logo-Design\" class=\"wp-image-20092\" srcset=\"https:\/\/www.designenlassen.de\/blog\/wp-content\/uploads\/2020\/03\/Dealbock-Gelbes-Logo-Design-697997-Ghost1.png 338w, https:\/\/www.designenlassen.de\/blog\/wp-content\/uploads\/2020\/03\/Dealbock-Gelbes-Logo-Design-697997-Ghost1-300x300.png 300w, https:\/\/www.designenlassen.de\/blog\/wp-content\/uploads\/2020\/03\/Dealbock-Gelbes-Logo-Design-697997-Ghost1-150x150.png 150w\" sizes=\"(max-width: 338px) 100vw, 338px\" \/><figcaption class=\"wp-element-caption\">Design von Ghost1<\/figcaption><\/figure>\n\n\n\n<figure class=\"wp-block-image size-large\"><img loading=\"lazy\" decoding=\"async\" width=\"338\" height=\"338\" data-id=\"20093\" src=\"https:\/\/www.designenlassen.de\/blog\/wp-content\/uploads\/2020\/03\/Gelbes-Logo-Biernotruf-568435-Epix.png\" alt=\"Gelbes-Logo-Biernotruf\" class=\"wp-image-20093\" srcset=\"https:\/\/www.designenlassen.de\/blog\/wp-content\/uploads\/2020\/03\/Gelbes-Logo-Biernotruf-568435-Epix.png 338w, https:\/\/www.designenlassen.de\/blog\/wp-content\/uploads\/2020\/03\/Gelbes-Logo-Biernotruf-568435-Epix-300x300.png 300w, https:\/\/www.designenlassen.de\/blog\/wp-content\/uploads\/2020\/03\/Gelbes-Logo-Biernotruf-568435-Epix-150x150.png 150w\" sizes=\"(max-width: 338px) 100vw, 338px\" \/><figcaption class=\"wp-element-caption\">Design von Epix<\/figcaption><\/figure>\n<\/figure>\n\n\n\n<p>Naaa, haben diese gelben Logos ein wenig gute Stimmung verbreiten k\u00f6nnen? Welches Design ist Dein Favorit? Lass es uns gerne in den Kommentaren wissen.<\/p>\n\n\n\n<div class=\"wp-block-buttons is-content-justification-center is-layout-flex wp-container-core-buttons-is-layout-16018d1d wp-block-buttons-is-layout-flex\">\n<div class=\"wp-block-button is-style-fill\"><a class=\"wp-block-button__link has-white-color has-text-color has-background has-text-align-left wp-element-button\" href=\"https:\/\/www.designenlassen.de\/logo-design\" style=\"background-color:#091182\">Jetzt Logo erstellen<\/a><\/div>\n<\/div>\n\n\n\n<div style=\"height:38px\" aria-hidden=\"true\" class=\"wp-block-spacer\"><\/div>\n\n\n\n<h2 class=\"wp-block-heading\">\u00c4hnliche Beitr\u00e4ge:<\/h2>\n\n\n\n<p><a href=\"https:\/\/www.designenlassen.de\/blog\/29-orange-logos-bei-denen-der-frischekick-garantiert-ist\/\">29 orange Logos bei denen der Frischekick garantiert ist<\/a><\/p>\n\n\n\n<p><a href=\"https:\/\/www.designenlassen.de\/blog\/farben-logo-designs-mehr-als-nur-bunt\/\">Farben in Logo Designs \u2013 mehr als nur bunt<\/a><\/p>\n\n\n\n<p><a href=\"https:\/\/www.designenlassen.de\/blog\/corporate-design-worauf-musst-du-beim-erscheinungsbild-deines-unternehmens-achten\/\">Corporate Design \u2013 worauf musst Du beim Erscheinungsbild Deines Unternehmens achten?<\/a><\/p>\n","protected":false},"excerpt":{"rendered":"<p>Die Farbe Gelb ist ein kleiner Muntermacher, verbreitet gute Laune und wird sofort mit Optimismus in&hellip;<\/p>\n","protected":false},"author":10,"featured_media":20074,"comment_status":"open","ping_status":"open","sticky":false,"template":"","format":"standard","meta":{"_lmt_disableupdate":"","_lmt_disable":"","footnotes":""},"categories":[19],"tags":[],"class_list":["post-20067","post","type-post","status-publish","format-standard","has-post-thumbnail","hentry","category-inspiration"],"yoast_head":"<!-- This site is optimized with the Yoast SEO plugin v27.5 - https:\/\/yoast.com\/product\/yoast-seo-wordpress\/ -->\n<title>29+ geniale Gelbe Logos f\u00fcr Dein Business<\/title>\n<meta name=\"description\" content=\"Ein gelbes Logo-Design strahlt Optimismus und gute Laune aus. Es hebt sich klar von der Konkurrenz ab und besitzt einen klaren Wiedererkennungswert. Lass Dich von 22 gelben Prachtst\u00fccken inspirieren!\" \/>\n<meta name=\"robots\" content=\"index, follow, max-snippet:-1, max-image-preview:large, max-video-preview:-1\" \/>\n<link rel=\"canonical\" href=\"https:\/\/www.designenlassen.de\/blog\/gelbes-logo-22-inspirationen-fuer-dein-unternehmen\/\" \/>\n<meta property=\"og:locale\" content=\"de_DE\" \/>\n<meta property=\"og:type\" content=\"article\" \/>\n<meta property=\"og:title\" content=\"29+ geniale Gelbe Logos f\u00fcr Dein Business\" \/>\n<meta property=\"og:description\" content=\"Ein gelbes Logo-Design strahlt Optimismus und gute Laune aus. Es hebt sich klar von der Konkurrenz ab und besitzt einen klaren Wiedererkennungswert. Lass Dich von 22 gelben Prachtst\u00fccken inspirieren!\" \/>\n<meta property=\"og:url\" content=\"https:\/\/www.designenlassen.de\/blog\/gelbes-logo-22-inspirationen-fuer-dein-unternehmen\/\" \/>\n<meta property=\"og:site_name\" content=\"designenlassen.de Blog\" \/>\n<meta property=\"article:author\" content=\"designenlassen\/\" \/>\n<meta property=\"article:published_time\" content=\"2020-04-01T08:00:00+00:00\" \/>\n<meta property=\"article:modified_time\" content=\"2024-09-09T10:04:41+00:00\" \/>\n<meta property=\"og:image\" content=\"https:\/\/www.designenlassen.de\/blog\/wp-content\/uploads\/2020\/03\/Imkerei-Sch\u00f6ner-Logo-Design-in-Gelb-155994-Lexlinx.png\" \/>\n\t<meta property=\"og:image:width\" content=\"338\" \/>\n\t<meta property=\"og:image:height\" content=\"338\" \/>\n\t<meta property=\"og:image:type\" content=\"image\/png\" \/>\n<meta name=\"author\" content=\"Christina\" \/>\n<meta name=\"twitter:card\" content=\"summary_large_image\" \/>\n<meta name=\"twitter:label1\" content=\"Verfasst von\" \/>\n\t<meta name=\"twitter:data1\" content=\"Christina\" \/>\n\t<meta name=\"twitter:label2\" content=\"Gesch\u00e4tzte Lesezeit\" \/>\n\t<meta name=\"twitter:data2\" content=\"9\u00a0Minuten\" \/>\n<script type=\"application\/ld+json\" class=\"yoast-schema-graph\">{\"@context\":\"https:\\\/\\\/schema.org\",\"@graph\":[{\"@type\":\"Article\",\"@id\":\"https:\\\/\\\/www.designenlassen.de\\\/blog\\\/gelbes-logo-22-inspirationen-fuer-dein-unternehmen\\\/#article\",\"isPartOf\":{\"@id\":\"https:\\\/\\\/www.designenlassen.de\\\/blog\\\/gelbes-logo-22-inspirationen-fuer-dein-unternehmen\\\/\"},\"author\":{\"name\":\"Christina\",\"@id\":\"https:\\\/\\\/www.designenlassen.de\\\/blog\\\/#\\\/schema\\\/person\\\/858ff7f9025247949c1b922431f97734\"},\"headline\":\"Gelbes Logo &#8211; 29 Inspirationen f\u00fcr Dein Unternehmen\",\"datePublished\":\"2020-04-01T08:00:00+00:00\",\"dateModified\":\"2024-09-09T10:04:41+00:00\",\"mainEntityOfPage\":{\"@id\":\"https:\\\/\\\/www.designenlassen.de\\\/blog\\\/gelbes-logo-22-inspirationen-fuer-dein-unternehmen\\\/\"},\"wordCount\":588,\"commentCount\":2,\"image\":{\"@id\":\"https:\\\/\\\/www.designenlassen.de\\\/blog\\\/gelbes-logo-22-inspirationen-fuer-dein-unternehmen\\\/#primaryimage\"},\"thumbnailUrl\":\"https:\\\/\\\/www.designenlassen.de\\\/blog\\\/wp-content\\\/uploads\\\/2020\\\/03\\\/Imkerei-Sch\u00f6ner-Logo-Design-in-Gelb-155994-Lexlinx.png\",\"articleSection\":[\"Design-Galerien\"],\"inLanguage\":\"de\",\"potentialAction\":[{\"@type\":\"CommentAction\",\"name\":\"Comment\",\"target\":[\"https:\\\/\\\/www.designenlassen.de\\\/blog\\\/gelbes-logo-22-inspirationen-fuer-dein-unternehmen\\\/#respond\"]}]},{\"@type\":\"WebPage\",\"@id\":\"https:\\\/\\\/www.designenlassen.de\\\/blog\\\/gelbes-logo-22-inspirationen-fuer-dein-unternehmen\\\/\",\"url\":\"https:\\\/\\\/www.designenlassen.de\\\/blog\\\/gelbes-logo-22-inspirationen-fuer-dein-unternehmen\\\/\",\"name\":\"29+ geniale Gelbe Logos f\u00fcr Dein Business\",\"isPartOf\":{\"@id\":\"https:\\\/\\\/www.designenlassen.de\\\/blog\\\/#website\"},\"primaryImageOfPage\":{\"@id\":\"https:\\\/\\\/www.designenlassen.de\\\/blog\\\/gelbes-logo-22-inspirationen-fuer-dein-unternehmen\\\/#primaryimage\"},\"image\":{\"@id\":\"https:\\\/\\\/www.designenlassen.de\\\/blog\\\/gelbes-logo-22-inspirationen-fuer-dein-unternehmen\\\/#primaryimage\"},\"thumbnailUrl\":\"https:\\\/\\\/www.designenlassen.de\\\/blog\\\/wp-content\\\/uploads\\\/2020\\\/03\\\/Imkerei-Sch\u00f6ner-Logo-Design-in-Gelb-155994-Lexlinx.png\",\"datePublished\":\"2020-04-01T08:00:00+00:00\",\"dateModified\":\"2024-09-09T10:04:41+00:00\",\"author\":{\"@id\":\"https:\\\/\\\/www.designenlassen.de\\\/blog\\\/#\\\/schema\\\/person\\\/858ff7f9025247949c1b922431f97734\"},\"description\":\"Ein gelbes Logo-Design strahlt Optimismus und gute Laune aus. Es hebt sich klar von der Konkurrenz ab und besitzt einen klaren Wiedererkennungswert. Lass Dich von 22 gelben Prachtst\u00fccken inspirieren!\",\"breadcrumb\":{\"@id\":\"https:\\\/\\\/www.designenlassen.de\\\/blog\\\/gelbes-logo-22-inspirationen-fuer-dein-unternehmen\\\/#breadcrumb\"},\"inLanguage\":\"de\",\"potentialAction\":[{\"@type\":\"ReadAction\",\"target\":[\"https:\\\/\\\/www.designenlassen.de\\\/blog\\\/gelbes-logo-22-inspirationen-fuer-dein-unternehmen\\\/\"]}]},{\"@type\":\"ImageObject\",\"inLanguage\":\"de\",\"@id\":\"https:\\\/\\\/www.designenlassen.de\\\/blog\\\/gelbes-logo-22-inspirationen-fuer-dein-unternehmen\\\/#primaryimage\",\"url\":\"https:\\\/\\\/www.designenlassen.de\\\/blog\\\/wp-content\\\/uploads\\\/2020\\\/03\\\/Imkerei-Sch\u00f6ner-Logo-Design-in-Gelb-155994-Lexlinx.png\",\"contentUrl\":\"https:\\\/\\\/www.designenlassen.de\\\/blog\\\/wp-content\\\/uploads\\\/2020\\\/03\\\/Imkerei-Sch\u00f6ner-Logo-Design-in-Gelb-155994-Lexlinx.png\",\"width\":338,\"height\":338,\"caption\":\"Design von Lexlinx\"},{\"@type\":\"BreadcrumbList\",\"@id\":\"https:\\\/\\\/www.designenlassen.de\\\/blog\\\/gelbes-logo-22-inspirationen-fuer-dein-unternehmen\\\/#breadcrumb\",\"itemListElement\":[{\"@type\":\"ListItem\",\"position\":1,\"name\":\"Start\",\"item\":\"https:\\\/\\\/www.designenlassen.de\\\/blog\\\/\"},{\"@type\":\"ListItem\",\"position\":2,\"name\":\"Gelbes Logo &#8211; 29 Inspirationen f\u00fcr Dein Unternehmen\"}]},{\"@type\":\"WebSite\",\"@id\":\"https:\\\/\\\/www.designenlassen.de\\\/blog\\\/#website\",\"url\":\"https:\\\/\\\/www.designenlassen.de\\\/blog\\\/\",\"name\":\"designenlassen.de Blog\",\"description\":\"Inspirationen, Tipps und Ideen f\u00fcr Designer sowie Gr\u00fcnder und Kleinbetriebe.\",\"potentialAction\":[{\"@type\":\"SearchAction\",\"target\":{\"@type\":\"EntryPoint\",\"urlTemplate\":\"https:\\\/\\\/www.designenlassen.de\\\/blog\\\/?s={search_term_string}\"},\"query-input\":{\"@type\":\"PropertyValueSpecification\",\"valueRequired\":true,\"valueName\":\"search_term_string\"}}],\"inLanguage\":\"de\"},{\"@type\":\"Person\",\"@id\":\"https:\\\/\\\/www.designenlassen.de\\\/blog\\\/#\\\/schema\\\/person\\\/858ff7f9025247949c1b922431f97734\",\"name\":\"Christina\",\"image\":{\"@type\":\"ImageObject\",\"inLanguage\":\"de\",\"@id\":\"https:\\\/\\\/secure.gravatar.com\\\/avatar\\\/31045bfe41c5fbc86ecbb135f792148b4bf1bee47931b9c8d47c74611d912026?s=96&d=mm&r=g\",\"url\":\"https:\\\/\\\/secure.gravatar.com\\\/avatar\\\/31045bfe41c5fbc86ecbb135f792148b4bf1bee47931b9c8d47c74611d912026?s=96&d=mm&r=g\",\"contentUrl\":\"https:\\\/\\\/secure.gravatar.com\\\/avatar\\\/31045bfe41c5fbc86ecbb135f792148b4bf1bee47931b9c8d47c74611d912026?s=96&d=mm&r=g\",\"caption\":\"Christina\"},\"description\":\"Christina ist bei designenlassen.de f\u00fcr das Content-Marketing &amp; die Social Media Kan\u00e4le zust\u00e4ndig. Sie schreibt hier im Blog zu verschiedensten Design-Themen.\",\"sameAs\":[\"designenlassen\\\/\"],\"url\":\"https:\\\/\\\/www.designenlassen.de\\\/blog\\\/author\\\/christina\\\/\"}]}<\/script>\n<!-- \/ Yoast SEO plugin. -->","yoast_head_json":{"title":"29+ geniale Gelbe Logos f\u00fcr Dein Business","description":"Ein gelbes Logo-Design strahlt Optimismus und gute Laune aus. Es hebt sich klar von der Konkurrenz ab und besitzt einen klaren Wiedererkennungswert. Lass Dich von 22 gelben Prachtst\u00fccken inspirieren!","robots":{"index":"index","follow":"follow","max-snippet":"max-snippet:-1","max-image-preview":"max-image-preview:large","max-video-preview":"max-video-preview:-1"},"canonical":"https:\/\/www.designenlassen.de\/blog\/gelbes-logo-22-inspirationen-fuer-dein-unternehmen\/","og_locale":"de_DE","og_type":"article","og_title":"29+ geniale Gelbe Logos f\u00fcr Dein Business","og_description":"Ein gelbes Logo-Design strahlt Optimismus und gute Laune aus. Es hebt sich klar von der Konkurrenz ab und besitzt einen klaren Wiedererkennungswert. Lass Dich von 22 gelben Prachtst\u00fccken inspirieren!","og_url":"https:\/\/www.designenlassen.de\/blog\/gelbes-logo-22-inspirationen-fuer-dein-unternehmen\/","og_site_name":"designenlassen.de Blog","article_author":"designenlassen\/","article_published_time":"2020-04-01T08:00:00+00:00","article_modified_time":"2024-09-09T10:04:41+00:00","og_image":[{"width":338,"height":338,"url":"https:\/\/www.designenlassen.de\/blog\/wp-content\/uploads\/2020\/03\/Imkerei-Sch\u00f6ner-Logo-Design-in-Gelb-155994-Lexlinx.png","type":"image\/png"}],"author":"Christina","twitter_card":"summary_large_image","twitter_misc":{"Verfasst von":"Christina","Gesch\u00e4tzte Lesezeit":"9\u00a0Minuten"},"schema":{"@context":"https:\/\/schema.org","@graph":[{"@type":"Article","@id":"https:\/\/www.designenlassen.de\/blog\/gelbes-logo-22-inspirationen-fuer-dein-unternehmen\/#article","isPartOf":{"@id":"https:\/\/www.designenlassen.de\/blog\/gelbes-logo-22-inspirationen-fuer-dein-unternehmen\/"},"author":{"name":"Christina","@id":"https:\/\/www.designenlassen.de\/blog\/#\/schema\/person\/858ff7f9025247949c1b922431f97734"},"headline":"Gelbes Logo &#8211; 29 Inspirationen f\u00fcr Dein Unternehmen","datePublished":"2020-04-01T08:00:00+00:00","dateModified":"2024-09-09T10:04:41+00:00","mainEntityOfPage":{"@id":"https:\/\/www.designenlassen.de\/blog\/gelbes-logo-22-inspirationen-fuer-dein-unternehmen\/"},"wordCount":588,"commentCount":2,"image":{"@id":"https:\/\/www.designenlassen.de\/blog\/gelbes-logo-22-inspirationen-fuer-dein-unternehmen\/#primaryimage"},"thumbnailUrl":"https:\/\/www.designenlassen.de\/blog\/wp-content\/uploads\/2020\/03\/Imkerei-Sch\u00f6ner-Logo-Design-in-Gelb-155994-Lexlinx.png","articleSection":["Design-Galerien"],"inLanguage":"de","potentialAction":[{"@type":"CommentAction","name":"Comment","target":["https:\/\/www.designenlassen.de\/blog\/gelbes-logo-22-inspirationen-fuer-dein-unternehmen\/#respond"]}]},{"@type":"WebPage","@id":"https:\/\/www.designenlassen.de\/blog\/gelbes-logo-22-inspirationen-fuer-dein-unternehmen\/","url":"https:\/\/www.designenlassen.de\/blog\/gelbes-logo-22-inspirationen-fuer-dein-unternehmen\/","name":"29+ geniale Gelbe Logos f\u00fcr Dein Business","isPartOf":{"@id":"https:\/\/www.designenlassen.de\/blog\/#website"},"primaryImageOfPage":{"@id":"https:\/\/www.designenlassen.de\/blog\/gelbes-logo-22-inspirationen-fuer-dein-unternehmen\/#primaryimage"},"image":{"@id":"https:\/\/www.designenlassen.de\/blog\/gelbes-logo-22-inspirationen-fuer-dein-unternehmen\/#primaryimage"},"thumbnailUrl":"https:\/\/www.designenlassen.de\/blog\/wp-content\/uploads\/2020\/03\/Imkerei-Sch\u00f6ner-Logo-Design-in-Gelb-155994-Lexlinx.png","datePublished":"2020-04-01T08:00:00+00:00","dateModified":"2024-09-09T10:04:41+00:00","author":{"@id":"https:\/\/www.designenlassen.de\/blog\/#\/schema\/person\/858ff7f9025247949c1b922431f97734"},"description":"Ein gelbes Logo-Design strahlt Optimismus und gute Laune aus. Es hebt sich klar von der Konkurrenz ab und besitzt einen klaren Wiedererkennungswert. Lass Dich von 22 gelben Prachtst\u00fccken inspirieren!","breadcrumb":{"@id":"https:\/\/www.designenlassen.de\/blog\/gelbes-logo-22-inspirationen-fuer-dein-unternehmen\/#breadcrumb"},"inLanguage":"de","potentialAction":[{"@type":"ReadAction","target":["https:\/\/www.designenlassen.de\/blog\/gelbes-logo-22-inspirationen-fuer-dein-unternehmen\/"]}]},{"@type":"ImageObject","inLanguage":"de","@id":"https:\/\/www.designenlassen.de\/blog\/gelbes-logo-22-inspirationen-fuer-dein-unternehmen\/#primaryimage","url":"https:\/\/www.designenlassen.de\/blog\/wp-content\/uploads\/2020\/03\/Imkerei-Sch\u00f6ner-Logo-Design-in-Gelb-155994-Lexlinx.png","contentUrl":"https:\/\/www.designenlassen.de\/blog\/wp-content\/uploads\/2020\/03\/Imkerei-Sch\u00f6ner-Logo-Design-in-Gelb-155994-Lexlinx.png","width":338,"height":338,"caption":"Design von Lexlinx"},{"@type":"BreadcrumbList","@id":"https:\/\/www.designenlassen.de\/blog\/gelbes-logo-22-inspirationen-fuer-dein-unternehmen\/#breadcrumb","itemListElement":[{"@type":"ListItem","position":1,"name":"Start","item":"https:\/\/www.designenlassen.de\/blog\/"},{"@type":"ListItem","position":2,"name":"Gelbes Logo &#8211; 29 Inspirationen f\u00fcr Dein Unternehmen"}]},{"@type":"WebSite","@id":"https:\/\/www.designenlassen.de\/blog\/#website","url":"https:\/\/www.designenlassen.de\/blog\/","name":"designenlassen.de Blog","description":"Inspirationen, Tipps und Ideen f\u00fcr Designer sowie Gr\u00fcnder und Kleinbetriebe.","potentialAction":[{"@type":"SearchAction","target":{"@type":"EntryPoint","urlTemplate":"https:\/\/www.designenlassen.de\/blog\/?s={search_term_string}"},"query-input":{"@type":"PropertyValueSpecification","valueRequired":true,"valueName":"search_term_string"}}],"inLanguage":"de"},{"@type":"Person","@id":"https:\/\/www.designenlassen.de\/blog\/#\/schema\/person\/858ff7f9025247949c1b922431f97734","name":"Christina","image":{"@type":"ImageObject","inLanguage":"de","@id":"https:\/\/secure.gravatar.com\/avatar\/31045bfe41c5fbc86ecbb135f792148b4bf1bee47931b9c8d47c74611d912026?s=96&d=mm&r=g","url":"https:\/\/secure.gravatar.com\/avatar\/31045bfe41c5fbc86ecbb135f792148b4bf1bee47931b9c8d47c74611d912026?s=96&d=mm&r=g","contentUrl":"https:\/\/secure.gravatar.com\/avatar\/31045bfe41c5fbc86ecbb135f792148b4bf1bee47931b9c8d47c74611d912026?s=96&d=mm&r=g","caption":"Christina"},"description":"Christina ist bei designenlassen.de f\u00fcr das Content-Marketing &amp; die Social Media Kan\u00e4le zust\u00e4ndig. Sie schreibt hier im Blog zu verschiedensten Design-Themen.","sameAs":["designenlassen\/"],"url":"https:\/\/www.designenlassen.de\/blog\/author\/christina\/"}]}},"_links":{"self":[{"href":"https:\/\/www.designenlassen.de\/blog\/wp-json\/wp\/v2\/posts\/20067","targetHints":{"allow":["GET"]}}],"collection":[{"href":"https:\/\/www.designenlassen.de\/blog\/wp-json\/wp\/v2\/posts"}],"about":[{"href":"https:\/\/www.designenlassen.de\/blog\/wp-json\/wp\/v2\/types\/post"}],"author":[{"embeddable":true,"href":"https:\/\/www.designenlassen.de\/blog\/wp-json\/wp\/v2\/users\/10"}],"replies":[{"embeddable":true,"href":"https:\/\/www.designenlassen.de\/blog\/wp-json\/wp\/v2\/comments?post=20067"}],"version-history":[{"count":14,"href":"https:\/\/www.designenlassen.de\/blog\/wp-json\/wp\/v2\/posts\/20067\/revisions"}],"predecessor-version":[{"id":32428,"href":"https:\/\/www.designenlassen.de\/blog\/wp-json\/wp\/v2\/posts\/20067\/revisions\/32428"}],"wp:featuredmedia":[{"embeddable":true,"href":"https:\/\/www.designenlassen.de\/blog\/wp-json\/wp\/v2\/media\/20074"}],"wp:attachment":[{"href":"https:\/\/www.designenlassen.de\/blog\/wp-json\/wp\/v2\/media?parent=20067"}],"wp:term":[{"taxonomy":"category","embeddable":true,"href":"https:\/\/www.designenlassen.de\/blog\/wp-json\/wp\/v2\/categories?post=20067"},{"taxonomy":"post_tag","embeddable":true,"href":"https:\/\/www.designenlassen.de\/blog\/wp-json\/wp\/v2\/tags?post=20067"}],"curies":[{"name":"wp","href":"https:\/\/api.w.org\/{rel}","templated":true}]}}