{"id":20173,"date":"2020-04-15T10:00:00","date_gmt":"2020-04-15T08:00:00","guid":{"rendered":"https:\/\/www.designenlassen.de\/blog\/?p=20173"},"modified":"2024-09-09T09:07:26","modified_gmt":"2024-09-09T07:07:26","slug":"39-runde-logos-mit-denen-dein-unternehmen-rund-laeuft","status":"publish","type":"post","link":"https:\/\/www.designenlassen.de\/blog\/39-runde-logos-mit-denen-dein-unternehmen-rund-laeuft\/","title":{"rendered":"39 runde Logos mit denen Dein Unternehmen rund l\u00e4uft"},"content":{"rendered":"\n<p>Runde Logos sind der Inbegriff eines <a href=\"https:\/\/www.designenlassen.de\/blog\/corporate-design\/\">stimmigen Corporate-Designs<\/a> und wirken durch die abgerundeten, organischen Formen besonders freundlich und vertrauenerweckend. Sie lassen sich so gut wie f\u00fcr jede Unternehmensbranche verwenden und stechen durch ihre zahlreichen Gestaltungsm\u00f6glichkeiten definitiv heraus. Wir zeigen Dir im Folgenden einige ansprechende runde Logos, um Dich f\u00fcr Dein Logo-Design zu inspirieren:<\/p>\n\n\n\n<div class=\"wp-block-buttons is-content-justification-center is-layout-flex wp-container-core-buttons-is-layout-16018d1d wp-block-buttons-is-layout-flex\">\n<div class=\"wp-block-button is-style-fill\"><a class=\"wp-block-button__link has-white-color has-text-color has-background has-text-align-left wp-element-button\" href=\"https:\/\/www.designenlassen.de\/logo-design?utm_source=blog&amp;utm_medium=button&amp;utm_campaign=blog-beitraege\" style=\"background-color:#091182\">Jetzt Logo erstellen<\/a><\/div>\n<\/div>\n\n\n\n<div style=\"height:31px\" aria-hidden=\"true\" class=\"wp-block-spacer\"><\/div>\n\n\n\n<h2 class=\"wp-block-heading\">Runde Caf\u00e9 Logos mit aromatischer Wirkung<\/h2>\n\n\n\n<p>Du m\u00f6chtest Dich demn\u00e4chst mit einem eigenen Caf\u00e9 in die Selbstst\u00e4ndigkeit wagen oder Deinem Caf\u00e9 einen neuen Schliff verpassen? Wie w\u00e4re es mit einem runden <a href=\"https:\/\/www.designenlassen.de\/blog\/cafe-logo-designs-von-aromatisch-bis-zuckersuess\/\">Caf\u00e9 Logo<\/a>, das Dein Unternehmen perfekt pr\u00e4sentiert und potenziellen Kunden sofort ein positives Gef\u00fchl vermittelt? Schlie\u00dflich ist Dein Caf\u00e9 ein Wohlf\u00fchlort, wo man sich entspannt mit Freunden auf Klatsch und Tratsch mit Kaffee verabreden kann und genau das sollte auch Dein rundes <a href=\"http:\/\/designenlassen.de\/logo-design\">Logo-Design<\/a> kommunizieren.<\/p>\n\n\n\n<figure class=\"wp-block-gallery has-nested-images columns-default is-cropped dl_picsub_black wp-block-gallery-1 is-layout-flex wp-block-gallery-is-layout-flex\">\n<figure class=\"wp-block-image size-large\"><img fetchpriority=\"high\" decoding=\"async\" width=\"800\" height=\"543\" data-id=\"20215\" src=\"https:\/\/www.designenlassen.de\/blog\/wp-content\/uploads\/2020\/03\/CafeZeit-Logo-Design-rund-628497-amelab.png\" alt=\"CafeZeit-Logo-Design-rund\" class=\"wp-image-20215\" srcset=\"https:\/\/www.designenlassen.de\/blog\/wp-content\/uploads\/2020\/03\/CafeZeit-Logo-Design-rund-628497-amelab.png 800w, https:\/\/www.designenlassen.de\/blog\/wp-content\/uploads\/2020\/03\/CafeZeit-Logo-Design-rund-628497-amelab-300x204.png 300w, https:\/\/www.designenlassen.de\/blog\/wp-content\/uploads\/2020\/03\/CafeZeit-Logo-Design-rund-628497-amelab-768x521.png 768w\" sizes=\"(max-width: 800px) 100vw, 800px\" \/><figcaption class=\"wp-element-caption\"><a href=\"https:\/\/www.designenlassen.de\/628497-logo-design-fuer-ein-cafe\">Rundes Caf\u00e9 Logo von Designer amelab<\/a><\/figcaption><\/figure>\n<\/figure>\n\n\n\n<figure class=\"wp-block-gallery has-nested-images columns-default is-cropped dl_picsub_black wp-block-gallery-2 is-layout-flex wp-block-gallery-is-layout-flex\">\n<figure class=\"wp-block-image size-large\"><img decoding=\"async\" width=\"338\" height=\"338\" data-id=\"20220\" src=\"https:\/\/www.designenlassen.de\/blog\/wp-content\/uploads\/2020\/03\/Revolt-Cafe-Logo-Design-rund-461173-cschulz.png\" alt=\"Revolt-Cafe-Logo-Design-rund\" class=\"wp-image-20220\" srcset=\"https:\/\/www.designenlassen.de\/blog\/wp-content\/uploads\/2020\/03\/Revolt-Cafe-Logo-Design-rund-461173-cschulz.png 338w, https:\/\/www.designenlassen.de\/blog\/wp-content\/uploads\/2020\/03\/Revolt-Cafe-Logo-Design-rund-461173-cschulz-300x300.png 300w, https:\/\/www.designenlassen.de\/blog\/wp-content\/uploads\/2020\/03\/Revolt-Cafe-Logo-Design-rund-461173-cschulz-150x150.png 150w\" sizes=\"(max-width: 338px) 100vw, 338px\" \/><figcaption class=\"wp-element-caption\">Rundes Logo von cschulz<\/figcaption><\/figure>\n\n\n\n<figure class=\"wp-block-image size-large\"><img decoding=\"async\" width=\"338\" height=\"338\" data-id=\"20221\" src=\"https:\/\/www.designenlassen.de\/blog\/wp-content\/uploads\/2020\/03\/Rundes-Logo-Design-Lieblingscafe-214849-TMK.png\" alt=\"Rundes-Logo-Design-Lieblingscafe\" class=\"wp-image-20221\" srcset=\"https:\/\/www.designenlassen.de\/blog\/wp-content\/uploads\/2020\/03\/Rundes-Logo-Design-Lieblingscafe-214849-TMK.png 338w, https:\/\/www.designenlassen.de\/blog\/wp-content\/uploads\/2020\/03\/Rundes-Logo-Design-Lieblingscafe-214849-TMK-300x300.png 300w, https:\/\/www.designenlassen.de\/blog\/wp-content\/uploads\/2020\/03\/Rundes-Logo-Design-Lieblingscafe-214849-TMK-150x150.png 150w\" sizes=\"(max-width: 338px) 100vw, 338px\" \/><figcaption class=\"wp-element-caption\">Rundes Logo von TMK<\/figcaption><\/figure>\n<\/figure>\n\n\n\n<figure class=\"wp-block-gallery has-nested-images columns-default is-cropped dl_picsub_black wp-block-gallery-3 is-layout-flex wp-block-gallery-is-layout-flex\">\n<figure class=\"wp-block-image size-large\"><img loading=\"lazy\" decoding=\"async\" width=\"800\" height=\"564\" data-id=\"20222\" src=\"https:\/\/www.designenlassen.de\/blog\/wp-content\/uploads\/2020\/03\/Cafe-Logo-in-rund-Sahneperle-669814-twins2design.jpg\" alt=\"Cafe-Logo-in-rund-Sahneperle\" class=\"wp-image-20222\" srcset=\"https:\/\/www.designenlassen.de\/blog\/wp-content\/uploads\/2020\/03\/Cafe-Logo-in-rund-Sahneperle-669814-twins2design.jpg 800w, https:\/\/www.designenlassen.de\/blog\/wp-content\/uploads\/2020\/03\/Cafe-Logo-in-rund-Sahneperle-669814-twins2design-300x212.jpg 300w, https:\/\/www.designenlassen.de\/blog\/wp-content\/uploads\/2020\/03\/Cafe-Logo-in-rund-Sahneperle-669814-twins2design-768x541.jpg 768w\" sizes=\"(max-width: 800px) 100vw, 800px\" \/><figcaption class=\"wp-element-caption\"><a href=\"https:\/\/www.designenlassen.de\/669814-logo-design-fuer-gehobenes-cafe\">Rundes Caf\u00e9 Logo f\u00fcr Sahneperle von twins2design<\/a><\/figcaption><\/figure>\n<\/figure>\n\n\n\n<figure class=\"wp-block-gallery has-nested-images columns-default is-cropped dl_picsub_black wp-block-gallery-4 is-layout-flex wp-block-gallery-is-layout-flex\">\n<figure class=\"wp-block-image size-large\"><img loading=\"lazy\" decoding=\"async\" width=\"800\" height=\"480\" data-id=\"20218\" src=\"https:\/\/www.designenlassen.de\/blog\/wp-content\/uploads\/2020\/03\/Cafe-Chance-Rundes-Logo-365493-NazorStudio.png\" alt=\"Cafe-Chance-Rundes-Logo\" class=\"wp-image-20218\" srcset=\"https:\/\/www.designenlassen.de\/blog\/wp-content\/uploads\/2020\/03\/Cafe-Chance-Rundes-Logo-365493-NazorStudio.png 800w, https:\/\/www.designenlassen.de\/blog\/wp-content\/uploads\/2020\/03\/Cafe-Chance-Rundes-Logo-365493-NazorStudio-300x180.png 300w, https:\/\/www.designenlassen.de\/blog\/wp-content\/uploads\/2020\/03\/Cafe-Chance-Rundes-Logo-365493-NazorStudio-768x461.png 768w\" sizes=\"(max-width: 800px) 100vw, 800px\" \/><figcaption class=\"wp-element-caption\"><a href=\"https:\/\/www.designenlassen.de\/365493-cafe-mit-hausgemachten-kuchen-torten-sucht-logo-und-visitenkarte\">Caf\u00e9 Logo in rund von NazorStudio<\/a><\/figcaption><\/figure>\n<\/figure>\n\n\n\n<figure class=\"wp-block-gallery has-nested-images columns-default is-cropped dl_picsub_black wp-block-gallery-5 is-layout-flex wp-block-gallery-is-layout-flex\">\n<figure class=\"wp-block-image size-large\"><img loading=\"lazy\" decoding=\"async\" width=\"800\" height=\"479\" data-id=\"20219\" src=\"https:\/\/www.designenlassen.de\/blog\/wp-content\/uploads\/2020\/03\/Cafe-Lillis-rund-Logo-Design-567899-Teleporter.jpg\" alt=\"Cafe-Lillis-rund-Logo-Design\" class=\"wp-image-20219\" srcset=\"https:\/\/www.designenlassen.de\/blog\/wp-content\/uploads\/2020\/03\/Cafe-Lillis-rund-Logo-Design-567899-Teleporter.jpg 800w, https:\/\/www.designenlassen.de\/blog\/wp-content\/uploads\/2020\/03\/Cafe-Lillis-rund-Logo-Design-567899-Teleporter-300x180.jpg 300w, https:\/\/www.designenlassen.de\/blog\/wp-content\/uploads\/2020\/03\/Cafe-Lillis-rund-Logo-Design-567899-Teleporter-768x460.jpg 768w\" sizes=\"(max-width: 800px) 100vw, 800px\" \/><figcaption class=\"wp-element-caption\"><a href=\"https:\/\/www.designenlassen.de\/567899-logo-design-fuer-lillis-cafe\">Rundes Logo-Design von Teleporter<\/a><\/figcaption><\/figure>\n<\/figure>\n\n\n\n<figure class=\"wp-block-gallery has-nested-images columns-default is-cropped dl_picsub_black wp-block-gallery-6 is-layout-flex wp-block-gallery-is-layout-flex\">\n<figure class=\"wp-block-image size-large\"><img loading=\"lazy\" decoding=\"async\" width=\"338\" height=\"338\" data-id=\"20216\" src=\"https:\/\/www.designenlassen.de\/blog\/wp-content\/uploads\/2020\/03\/Betty-Bakery-rundes-Cafe-Logo-631696-lemondesign.jpg\" alt=\"Betty Bakery rundes Cafe Logo\" class=\"wp-image-20216\" srcset=\"https:\/\/www.designenlassen.de\/blog\/wp-content\/uploads\/2020\/03\/Betty-Bakery-rundes-Cafe-Logo-631696-lemondesign.jpg 338w, https:\/\/www.designenlassen.de\/blog\/wp-content\/uploads\/2020\/03\/Betty-Bakery-rundes-Cafe-Logo-631696-lemondesign-300x300.jpg 300w, https:\/\/www.designenlassen.de\/blog\/wp-content\/uploads\/2020\/03\/Betty-Bakery-rundes-Cafe-Logo-631696-lemondesign-150x150.jpg 150w\" sizes=\"(max-width: 338px) 100vw, 338px\" \/><figcaption class=\"wp-element-caption\">Rundes Logo von lemondesign<\/figcaption><\/figure>\n\n\n\n<figure class=\"wp-block-image size-large\"><img loading=\"lazy\" decoding=\"async\" width=\"338\" height=\"338\" data-id=\"20236\" src=\"https:\/\/www.designenlassen.de\/blog\/wp-content\/uploads\/2020\/03\/Logo-Design-f\u00fcr-Cafe-in-rund-Lieblingscafe-214849-qcgfxlearn-1.jpg\" alt=\"Logo-Design-f\u00fcr-Cafe-in-rund-Lieblingscafe\" class=\"wp-image-20236\" srcset=\"https:\/\/www.designenlassen.de\/blog\/wp-content\/uploads\/2020\/03\/Logo-Design-f\u00fcr-Cafe-in-rund-Lieblingscafe-214849-qcgfxlearn-1.jpg 338w, https:\/\/www.designenlassen.de\/blog\/wp-content\/uploads\/2020\/03\/Logo-Design-f\u00fcr-Cafe-in-rund-Lieblingscafe-214849-qcgfxlearn-1-300x300.jpg 300w, https:\/\/www.designenlassen.de\/blog\/wp-content\/uploads\/2020\/03\/Logo-Design-f\u00fcr-Cafe-in-rund-Lieblingscafe-214849-qcgfxlearn-1-150x150.jpg 150w\" sizes=\"(max-width: 338px) 100vw, 338px\" \/><figcaption class=\"wp-element-caption\">Rundes Logo von qcgfxlearn<\/figcaption><\/figure>\n<\/figure>\n\n\n\n<h2 class=\"wp-block-heading\">Kugelrunde Eis Logos<\/h2>\n\n\n\n<p>Dieses Wortspiel passt wie die Faust auf&#8217;s Auge. Welche <a href=\"https:\/\/www.designenlassen.de\/blog\/was-ist-ein-logo\/\">Logo-Art <\/a>w\u00fcrde besser zu einem Eiscaf\u00e9 oder einer Eisdiele passen, als ein rundes Eis Logo? Hierbei wird direkt die Form der Eiskugel auf das <a href=\"https:\/\/www.designenlassen.de\/blog\/corporate-design\/\">Corporate-Design<\/a> \u00fcbertragen, was allein psychologisch betrachtet schon einen unbewussten Effekt auf Deine (potenziellen) Kunden hat. Lass Dich von den folgenden kugelrunden <a href=\"https:\/\/www.designenlassen.de\/blog\/20-eis-logos-als-inspiration-fuer-deine-eisdiele-dein-eiscafe-oder-deinen-frozen-yoghurt-shop\/\">Eis Logos<\/a> f\u00fcr Dein Design inspirieren!<\/p>\n\n\n\n<figure class=\"wp-block-gallery has-nested-images columns-default is-cropped dl_picsub_black wp-block-gallery-7 is-layout-flex wp-block-gallery-is-layout-flex\">\n<figure class=\"wp-block-image size-large\"><img loading=\"lazy\" decoding=\"async\" width=\"800\" height=\"503\" data-id=\"20228\" src=\"https:\/\/www.designenlassen.de\/blog\/wp-content\/uploads\/2020\/03\/Eisperle-Logo-Design-in-rund-511953-womey.jpg\" alt=\"Eisperle-Logo-Design-in-rund\" class=\"wp-image-20228\" srcset=\"https:\/\/www.designenlassen.de\/blog\/wp-content\/uploads\/2020\/03\/Eisperle-Logo-Design-in-rund-511953-womey.jpg 800w, https:\/\/www.designenlassen.de\/blog\/wp-content\/uploads\/2020\/03\/Eisperle-Logo-Design-in-rund-511953-womey-300x189.jpg 300w, https:\/\/www.designenlassen.de\/blog\/wp-content\/uploads\/2020\/03\/Eisperle-Logo-Design-in-rund-511953-womey-768x483.jpg 768w\" sizes=\"(max-width: 800px) 100vw, 800px\" \/><figcaption class=\"wp-element-caption\"><a href=\"https:\/\/www.designenlassen.de\/511953-kleine-eisdiele-sucht-praegnantes-logo-design\">Rundes Eis Logo f\u00fcr Eisperle von womey<\/a><\/figcaption><\/figure>\n<\/figure>\n\n\n\n<figure class=\"wp-block-gallery has-nested-images columns-default is-cropped dl_picsub_black wp-block-gallery-8 is-layout-flex wp-block-gallery-is-layout-flex\">\n<figure class=\"wp-block-image size-large\"><img loading=\"lazy\" decoding=\"async\" width=\"338\" height=\"338\" data-id=\"20229\" src=\"https:\/\/www.designenlassen.de\/blog\/wp-content\/uploads\/2020\/03\/Calluna-Rundes-Logo-424274-ANawDesign.jpg\" alt=\"Calluna-Rundes-Logo\" class=\"wp-image-20229\" srcset=\"https:\/\/www.designenlassen.de\/blog\/wp-content\/uploads\/2020\/03\/Calluna-Rundes-Logo-424274-ANawDesign.jpg 338w, https:\/\/www.designenlassen.de\/blog\/wp-content\/uploads\/2020\/03\/Calluna-Rundes-Logo-424274-ANawDesign-300x300.jpg 300w, https:\/\/www.designenlassen.de\/blog\/wp-content\/uploads\/2020\/03\/Calluna-Rundes-Logo-424274-ANawDesign-150x150.jpg 150w\" sizes=\"(max-width: 338px) 100vw, 338px\" \/><figcaption class=\"wp-element-caption\">Rundes Logo von ANawDesign<\/figcaption><\/figure>\n\n\n\n<figure class=\"wp-block-image size-large\"><img loading=\"lazy\" decoding=\"async\" width=\"338\" height=\"338\" data-id=\"20230\" src=\"https:\/\/www.designenlassen.de\/blog\/wp-content\/uploads\/2020\/03\/Luise-alternatives-Cafe-Eis-Logo-in-rund-987256-betiobca.jpg\" alt=\"Luise-alternatives-Cafe-Eis-Logo-in-rund\" class=\"wp-image-20230\" srcset=\"https:\/\/www.designenlassen.de\/blog\/wp-content\/uploads\/2020\/03\/Luise-alternatives-Cafe-Eis-Logo-in-rund-987256-betiobca.jpg 338w, https:\/\/www.designenlassen.de\/blog\/wp-content\/uploads\/2020\/03\/Luise-alternatives-Cafe-Eis-Logo-in-rund-987256-betiobca-300x300.jpg 300w, https:\/\/www.designenlassen.de\/blog\/wp-content\/uploads\/2020\/03\/Luise-alternatives-Cafe-Eis-Logo-in-rund-987256-betiobca-150x150.jpg 150w\" sizes=\"(max-width: 338px) 100vw, 338px\" \/><figcaption class=\"wp-element-caption\">Rundes Logo von betiobca<\/figcaption><\/figure>\n<\/figure>\n\n\n\n<figure class=\"wp-block-gallery has-nested-images columns-default is-cropped dl_picsub_black wp-block-gallery-9 is-layout-flex wp-block-gallery-is-layout-flex\">\n<figure class=\"wp-block-image size-large\"><img loading=\"lazy\" decoding=\"async\" width=\"800\" height=\"596\" data-id=\"20231\" src=\"https:\/\/www.designenlassen.de\/blog\/wp-content\/uploads\/2020\/03\/Nino-Sarah-Eiscafe-Logo-in-rund-374424-Jeanne-A.jpg\" alt=\"Nino-Sarah-Eiscafe-Logo-in-rund\" class=\"wp-image-20231\" srcset=\"https:\/\/www.designenlassen.de\/blog\/wp-content\/uploads\/2020\/03\/Nino-Sarah-Eiscafe-Logo-in-rund-374424-Jeanne-A.jpg 800w, https:\/\/www.designenlassen.de\/blog\/wp-content\/uploads\/2020\/03\/Nino-Sarah-Eiscafe-Logo-in-rund-374424-Jeanne-A-300x224.jpg 300w, https:\/\/www.designenlassen.de\/blog\/wp-content\/uploads\/2020\/03\/Nino-Sarah-Eiscafe-Logo-in-rund-374424-Jeanne-A-768x572.jpg 768w\" sizes=\"(max-width: 800px) 100vw, 800px\" \/><figcaption class=\"wp-element-caption\"><a href=\"https:\/\/www.designenlassen.de\/374424-logo-design-fuer-eiscafe\">Eis Logo-Design in rund von Jeanne A<\/a><\/figcaption><\/figure>\n<\/figure>\n\n\n\n<figure class=\"wp-block-gallery has-nested-images columns-default is-cropped dl_picsub_black wp-block-gallery-10 is-layout-flex wp-block-gallery-is-layout-flex\">\n<figure class=\"wp-block-image size-large\"><img loading=\"lazy\" decoding=\"async\" width=\"338\" height=\"338\" data-id=\"20232\" src=\"https:\/\/www.designenlassen.de\/blog\/wp-content\/uploads\/2020\/03\/Eiscafe-Moreno-rundes-Eis-Logo-Design-611712-MissIKS.png\" alt=\"Eiscafe-Moreno-rundes-Eis-Logo-Design\" class=\"wp-image-20232\" srcset=\"https:\/\/www.designenlassen.de\/blog\/wp-content\/uploads\/2020\/03\/Eiscafe-Moreno-rundes-Eis-Logo-Design-611712-MissIKS.png 338w, https:\/\/www.designenlassen.de\/blog\/wp-content\/uploads\/2020\/03\/Eiscafe-Moreno-rundes-Eis-Logo-Design-611712-MissIKS-300x300.png 300w, https:\/\/www.designenlassen.de\/blog\/wp-content\/uploads\/2020\/03\/Eiscafe-Moreno-rundes-Eis-Logo-Design-611712-MissIKS-150x150.png 150w\" sizes=\"(max-width: 338px) 100vw, 338px\" \/><figcaption class=\"wp-element-caption\">Rundes Logo von MissIKS<\/figcaption><\/figure>\n\n\n\n<figure class=\"wp-block-image size-large\"><img loading=\"lazy\" decoding=\"async\" width=\"338\" height=\"338\" data-id=\"20233\" src=\"https:\/\/www.designenlassen.de\/blog\/wp-content\/uploads\/2020\/03\/Rundes-Eis-Logo-You-Dream-244844-Sashpictures.jpg\" alt=\"Rundes-Eis-Logo-You-Dream\" class=\"wp-image-20233\" srcset=\"https:\/\/www.designenlassen.de\/blog\/wp-content\/uploads\/2020\/03\/Rundes-Eis-Logo-You-Dream-244844-Sashpictures.jpg 338w, https:\/\/www.designenlassen.de\/blog\/wp-content\/uploads\/2020\/03\/Rundes-Eis-Logo-You-Dream-244844-Sashpictures-300x300.jpg 300w, https:\/\/www.designenlassen.de\/blog\/wp-content\/uploads\/2020\/03\/Rundes-Eis-Logo-You-Dream-244844-Sashpictures-150x150.jpg 150w\" sizes=\"(max-width: 338px) 100vw, 338px\" \/><figcaption class=\"wp-element-caption\">Rundes Logo von Sashpictures<\/figcaption><\/figure>\n<\/figure>\n\n\n\n<figure class=\"wp-block-gallery has-nested-images columns-default is-cropped dl_picsub_black wp-block-gallery-11 is-layout-flex wp-block-gallery-is-layout-flex\">\n<figure class=\"wp-block-image size-large\"><img loading=\"lazy\" decoding=\"async\" width=\"800\" height=\"435\" data-id=\"20234\" src=\"https:\/\/www.designenlassen.de\/blog\/wp-content\/uploads\/2020\/03\/Calluna-Logo-in-rund-424274-Schnacki2.jpg\" alt=\"Calluna-Logo-in-rund\" class=\"wp-image-20234\" srcset=\"https:\/\/www.designenlassen.de\/blog\/wp-content\/uploads\/2020\/03\/Calluna-Logo-in-rund-424274-Schnacki2.jpg 800w, https:\/\/www.designenlassen.de\/blog\/wp-content\/uploads\/2020\/03\/Calluna-Logo-in-rund-424274-Schnacki2-300x163.jpg 300w, https:\/\/www.designenlassen.de\/blog\/wp-content\/uploads\/2020\/03\/Calluna-Logo-in-rund-424274-Schnacki2-768x418.jpg 768w\" sizes=\"(max-width: 800px) 100vw, 800px\" \/><figcaption class=\"wp-element-caption\"><a href=\"https:\/\/www.designenlassen.de\/424274-logo-design-fuer-calluna-eispatisserie\">Rundes Logo-Design f\u00fcr Calluna von Schnacki2<\/a><\/figcaption><\/figure>\n<\/figure>\n\n\n\n<div class=\"wp-block-buttons is-content-justification-center is-layout-flex wp-container-core-buttons-is-layout-16018d1d wp-block-buttons-is-layout-flex\">\n<div class=\"wp-block-button is-style-fill\"><a class=\"wp-block-button__link has-white-color has-text-color has-background has-text-align-left wp-element-button\" href=\"https:\/\/www.designenlassen.de\/logo-design?utm_source=blog&amp;utm_medium=button&amp;utm_campaign=blog-beitraege\" style=\"background-color:#091182\">Jetzt Logo erstellen<\/a><\/div>\n<\/div>\n\n\n\n<div style=\"height:41px\" aria-hidden=\"true\" class=\"wp-block-spacer\"><\/div>\n\n\n\n<h2 class=\"wp-block-heading\">Rundes Logo-Design f\u00fcr Traurednerin<\/h2>\n\n\n\n<p>Die perfekten Worte zu finden, ist f\u00fcr Dich als Traurednerin kein Problem. Damit Deine wundervolle T\u00e4tigkeit durch ein ansprechendes Logo-Design noch unterstrichen wird, solltest Du Dir Gedanken machen, wie Du Dich pr\u00e4sentieren m\u00f6chtest. Ein rundes Logo in Kombination mit verschn\u00f6rkelten und verspielten Elementen bietet sich hierbei besonders an. Auch die Verwendung von <a href=\"https:\/\/www.designenlassen.de\/blog\/44-gold-logos-mit-denen-dein-unternehmen-strahlen-wird\/\">goldenen Farbakzenten<\/a> im Logo kann Dein Design edel und sch\u00f6n wirken lassen.<\/p>\n\n\n\n<figure class=\"wp-block-gallery has-nested-images columns-default is-cropped dl_picsub_black wp-block-gallery-12 is-layout-flex wp-block-gallery-is-layout-flex\">\n<figure class=\"wp-block-image size-large\"><img loading=\"lazy\" decoding=\"async\" width=\"800\" height=\"451\" data-id=\"20237\" src=\"https:\/\/www.designenlassen.de\/blog\/wp-content\/uploads\/2020\/03\/Konfetti-Moment-rundes-Logo-672851-LaLa.jpg\" alt=\"Konfetti-Moment-rundes-Logo\" class=\"wp-image-20237\" srcset=\"https:\/\/www.designenlassen.de\/blog\/wp-content\/uploads\/2020\/03\/Konfetti-Moment-rundes-Logo-672851-LaLa.jpg 800w, https:\/\/www.designenlassen.de\/blog\/wp-content\/uploads\/2020\/03\/Konfetti-Moment-rundes-Logo-672851-LaLa-300x169.jpg 300w, https:\/\/www.designenlassen.de\/blog\/wp-content\/uploads\/2020\/03\/Konfetti-Moment-rundes-Logo-672851-LaLa-768x433.jpg 768w\" sizes=\"(max-width: 800px) 100vw, 800px\" \/><figcaption class=\"wp-element-caption\"><a href=\"https:\/\/www.designenlassen.de\/672851-konfettimoment-freie-traurednerin-sucht-logo-design\">Rundes Logo f\u00fcr Traurednerin Konfettimoment von LaLa<\/a><\/figcaption><\/figure>\n<\/figure>\n\n\n\n<figure class=\"wp-block-gallery has-nested-images columns-default is-cropped dl_picsub_black wp-block-gallery-13 is-layout-flex wp-block-gallery-is-layout-flex\">\n<figure class=\"wp-block-image size-large\"><img loading=\"lazy\" decoding=\"async\" width=\"338\" height=\"338\" data-id=\"20238\" src=\"https:\/\/www.designenlassen.de\/blog\/wp-content\/uploads\/2020\/03\/Dorin-Geist-Rundes-Logo-164389-Schnacki2.jpg\" alt=\"Dorin-Geist-Rundes-Logo\" class=\"wp-image-20238\" srcset=\"https:\/\/www.designenlassen.de\/blog\/wp-content\/uploads\/2020\/03\/Dorin-Geist-Rundes-Logo-164389-Schnacki2.jpg 338w, https:\/\/www.designenlassen.de\/blog\/wp-content\/uploads\/2020\/03\/Dorin-Geist-Rundes-Logo-164389-Schnacki2-300x300.jpg 300w, https:\/\/www.designenlassen.de\/blog\/wp-content\/uploads\/2020\/03\/Dorin-Geist-Rundes-Logo-164389-Schnacki2-150x150.jpg 150w\" sizes=\"(max-width: 338px) 100vw, 338px\" \/><figcaption class=\"wp-element-caption\">Rundes Logo von Schnacki2<\/figcaption><\/figure>\n\n\n\n<figure class=\"wp-block-image size-large\"><img loading=\"lazy\" decoding=\"async\" width=\"338\" height=\"338\" data-id=\"20239\" src=\"https:\/\/www.designenlassen.de\/blog\/wp-content\/uploads\/2020\/03\/Speech-for-you-rundes-Design-Logo-564584-lemondesign.png\" alt=\"Speech-for-you-rundes-Design-Logo\" class=\"wp-image-20239\" srcset=\"https:\/\/www.designenlassen.de\/blog\/wp-content\/uploads\/2020\/03\/Speech-for-you-rundes-Design-Logo-564584-lemondesign.png 338w, https:\/\/www.designenlassen.de\/blog\/wp-content\/uploads\/2020\/03\/Speech-for-you-rundes-Design-Logo-564584-lemondesign-300x300.png 300w, https:\/\/www.designenlassen.de\/blog\/wp-content\/uploads\/2020\/03\/Speech-for-you-rundes-Design-Logo-564584-lemondesign-150x150.png 150w\" sizes=\"(max-width: 338px) 100vw, 338px\" \/><figcaption class=\"wp-element-caption\">Rundes Logo von lemondesign<\/figcaption><\/figure>\n<\/figure>\n\n\n\n<figure class=\"wp-block-gallery has-nested-images columns-default is-cropped dl_picsub_black wp-block-gallery-14 is-layout-flex wp-block-gallery-is-layout-flex\">\n<figure class=\"wp-block-image size-large\"><img loading=\"lazy\" decoding=\"async\" width=\"800\" height=\"535\" data-id=\"20240\" src=\"https:\/\/www.designenlassen.de\/blog\/wp-content\/uploads\/2020\/03\/Rundes-Logo-Design-Traumfeier-556988-GESANG.png\" alt=\"Rundes-Logo-Design-Traumfeier\" class=\"wp-image-20240\" srcset=\"https:\/\/www.designenlassen.de\/blog\/wp-content\/uploads\/2020\/03\/Rundes-Logo-Design-Traumfeier-556988-GESANG.png 800w, https:\/\/www.designenlassen.de\/blog\/wp-content\/uploads\/2020\/03\/Rundes-Logo-Design-Traumfeier-556988-GESANG-300x201.png 300w, https:\/\/www.designenlassen.de\/blog\/wp-content\/uploads\/2020\/03\/Rundes-Logo-Design-Traumfeier-556988-GESANG-768x514.png 768w\" sizes=\"(max-width: 800px) 100vw, 800px\" \/><figcaption class=\"wp-element-caption\"><a href=\"https:\/\/www.designenlassen.de\/556988-logo-design-fuer-freie-traurednerin-und-hochzeitskoordinatorin\">Rundes Logo f\u00fcr Traumfeier von GESANG<\/a><\/figcaption><\/figure>\n<\/figure>\n\n\n\n<h2 class=\"wp-block-heading\">Moderne Rundlogos mit Wiedererkennungswert<\/h2>\n\n\n\n<p>Ein rundes Logo sollte nicht nur sch\u00f6n aussehen, sondern auch einen <a href=\"https:\/\/www.designenlassen.de\/blog\/wie-du-eine-marke-mit-maximalem-wiedererkennungswert-schaffen-kannst\/\">gewissen Wiedererkennungswert<\/a> besitzen. Ein <a href=\"https:\/\/www.designenlassen.de\/blog\/16-moderne-logos-fuer-unternehmen-mit-wiedererkennungswert\/\">modernes Logo <\/a>ist ideal, wenn Du aus der Masse hervorstechen m\u00f6chtest. Es strahlt eine gewisse Souver\u00e4nit\u00e4t und Seriosit\u00e4t aus und tritt zudem besonders zeitgem\u00e4\u00df auf. Das runde Design im Logo kann sich auf das gesamte Erscheinungsbild oder lediglich auf die <a href=\"https:\/\/www.designenlassen.de\/blog\/wortmarke-vs-wort-bildmarke-das-musst-du-wissen\/\">Bildmarke<\/a> des Designs beschr\u00e4nken. Die Entscheidung ist komplett Dir \u00fcberlassen.<\/p>\n\n\n\n<figure class=\"wp-block-gallery has-nested-images columns-default is-cropped dl_picsub_black wp-block-gallery-15 is-layout-flex wp-block-gallery-is-layout-flex\">\n<figure class=\"wp-block-image size-large\"><img loading=\"lazy\" decoding=\"async\" width=\"800\" height=\"410\" data-id=\"20242\" src=\"https:\/\/www.designenlassen.de\/blog\/wp-content\/uploads\/2020\/03\/Secret-Wiki-Logo-Design-rund-625645-psj.jpg\" alt=\"Secret-Wiki-Logo-Design-rund\" class=\"wp-image-20242\" srcset=\"https:\/\/www.designenlassen.de\/blog\/wp-content\/uploads\/2020\/03\/Secret-Wiki-Logo-Design-rund-625645-psj.jpg 800w, https:\/\/www.designenlassen.de\/blog\/wp-content\/uploads\/2020\/03\/Secret-Wiki-Logo-Design-rund-625645-psj-300x154.jpg 300w, https:\/\/www.designenlassen.de\/blog\/wp-content\/uploads\/2020\/03\/Secret-Wiki-Logo-Design-rund-625645-psj-768x394.jpg 768w\" sizes=\"(max-width: 800px) 100vw, 800px\" \/><figcaption class=\"wp-element-caption\"><a href=\"https:\/\/www.designenlassen.de\/625645-deutschlands-groesstes-online-portal-fuer-persoenlichkeitsentwicklung-braucht-ein-neues-logo\">Modernes rundes Logo f\u00fcr SecretWiki von psj<\/a><\/figcaption><\/figure>\n<\/figure>\n\n\n\n<figure class=\"wp-block-gallery has-nested-images columns-default is-cropped dl_picsub_black wp-block-gallery-16 is-layout-flex wp-block-gallery-is-layout-flex\">\n<figure class=\"wp-block-image size-large\"><img loading=\"lazy\" decoding=\"async\" width=\"338\" height=\"338\" data-id=\"20243\" src=\"https:\/\/www.designenlassen.de\/blog\/wp-content\/uploads\/2020\/03\/Bierbass-Rundes-Logo-341488-maveku.png\" alt=\"Bierbass-Rundes-Logo\" class=\"wp-image-20243\" srcset=\"https:\/\/www.designenlassen.de\/blog\/wp-content\/uploads\/2020\/03\/Bierbass-Rundes-Logo-341488-maveku.png 338w, https:\/\/www.designenlassen.de\/blog\/wp-content\/uploads\/2020\/03\/Bierbass-Rundes-Logo-341488-maveku-300x300.png 300w, https:\/\/www.designenlassen.de\/blog\/wp-content\/uploads\/2020\/03\/Bierbass-Rundes-Logo-341488-maveku-150x150.png 150w\" sizes=\"(max-width: 338px) 100vw, 338px\" \/><figcaption class=\"wp-element-caption\">Rundes Logo von maveku<\/figcaption><\/figure>\n\n\n\n<figure class=\"wp-block-image size-large\"><img loading=\"lazy\" decoding=\"async\" width=\"338\" height=\"338\" data-id=\"20244\" src=\"https:\/\/www.designenlassen.de\/blog\/wp-content\/uploads\/2020\/03\/StellAir-Rundes-Logo-481786-Osterglocke.jpg\" alt=\"StellAir-Rundes-Logo\" class=\"wp-image-20244\" srcset=\"https:\/\/www.designenlassen.de\/blog\/wp-content\/uploads\/2020\/03\/StellAir-Rundes-Logo-481786-Osterglocke.jpg 338w, https:\/\/www.designenlassen.de\/blog\/wp-content\/uploads\/2020\/03\/StellAir-Rundes-Logo-481786-Osterglocke-300x300.jpg 300w, https:\/\/www.designenlassen.de\/blog\/wp-content\/uploads\/2020\/03\/StellAir-Rundes-Logo-481786-Osterglocke-150x150.jpg 150w\" sizes=\"(max-width: 338px) 100vw, 338px\" \/><figcaption class=\"wp-element-caption\">Rundes Logo von Osterglocke<\/figcaption><\/figure>\n<\/figure>\n\n\n\n<figure class=\"wp-block-gallery has-nested-images columns-default is-cropped dl_picsub_black wp-block-gallery-17 is-layout-flex wp-block-gallery-is-layout-flex\">\n<figure class=\"wp-block-image size-large\"><img loading=\"lazy\" decoding=\"async\" width=\"800\" height=\"498\" data-id=\"20248\" src=\"https:\/\/www.designenlassen.de\/blog\/wp-content\/uploads\/2020\/03\/Rund-Logo-Northster-769435-lintinan-art.png\" alt=\"Rund-Logo-Northster\" class=\"wp-image-20248\" srcset=\"https:\/\/www.designenlassen.de\/blog\/wp-content\/uploads\/2020\/03\/Rund-Logo-Northster-769435-lintinan-art.png 800w, https:\/\/www.designenlassen.de\/blog\/wp-content\/uploads\/2020\/03\/Rund-Logo-Northster-769435-lintinan-art-300x187.png 300w, https:\/\/www.designenlassen.de\/blog\/wp-content\/uploads\/2020\/03\/Rund-Logo-Northster-769435-lintinan-art-768x478.png 768w\" sizes=\"(max-width: 800px) 100vw, 800px\" \/><figcaption class=\"wp-element-caption\"><a href=\"https:\/\/www.designenlassen.de\/769435-logo-design-fuer-hersteller-von-outdoor-bekleidung\">Modernes Logo-Design in rund von lintinan art<\/a><\/figcaption><\/figure>\n<\/figure>\n\n\n\n<figure class=\"wp-block-gallery has-nested-images columns-default is-cropped dl_picsub_black wp-block-gallery-18 is-layout-flex wp-block-gallery-is-layout-flex\">\n<figure class=\"wp-block-image size-large\"><img loading=\"lazy\" decoding=\"async\" width=\"338\" height=\"338\" data-id=\"20246\" src=\"https:\/\/www.designenlassen.de\/blog\/wp-content\/uploads\/2020\/03\/Design-Jungle-Rund-Logo-Design-342814-Morar.jpg\" alt=\"Design-Jungle-Rund-Logo-Design\" class=\"wp-image-20246\" srcset=\"https:\/\/www.designenlassen.de\/blog\/wp-content\/uploads\/2020\/03\/Design-Jungle-Rund-Logo-Design-342814-Morar.jpg 338w, https:\/\/www.designenlassen.de\/blog\/wp-content\/uploads\/2020\/03\/Design-Jungle-Rund-Logo-Design-342814-Morar-300x300.jpg 300w, https:\/\/www.designenlassen.de\/blog\/wp-content\/uploads\/2020\/03\/Design-Jungle-Rund-Logo-Design-342814-Morar-150x150.jpg 150w\" sizes=\"(max-width: 338px) 100vw, 338px\" \/><figcaption class=\"wp-element-caption\">Rundes Logo von Morar<\/figcaption><\/figure>\n\n\n\n<figure class=\"wp-block-image size-large\"><img loading=\"lazy\" decoding=\"async\" width=\"338\" height=\"338\" data-id=\"20253\" src=\"https:\/\/www.designenlassen.de\/blog\/wp-content\/uploads\/2020\/03\/Logo-in-rund-PLS-Design-761731-etacephei-1.png\" alt=\"Logo-in-rund-PLS-Design\" class=\"wp-image-20253\" srcset=\"https:\/\/www.designenlassen.de\/blog\/wp-content\/uploads\/2020\/03\/Logo-in-rund-PLS-Design-761731-etacephei-1.png 338w, https:\/\/www.designenlassen.de\/blog\/wp-content\/uploads\/2020\/03\/Logo-in-rund-PLS-Design-761731-etacephei-1-300x300.png 300w, https:\/\/www.designenlassen.de\/blog\/wp-content\/uploads\/2020\/03\/Logo-in-rund-PLS-Design-761731-etacephei-1-150x150.png 150w\" sizes=\"(max-width: 338px) 100vw, 338px\" \/><figcaption class=\"wp-element-caption\">Rundes Logo von etacephei<\/figcaption><\/figure>\n<\/figure>\n\n\n\n<h2 class=\"wp-block-heading\">Verspielte und illustrierte Logos in rund<\/h2>\n\n\n\n<p>Du bist der Meinung, dass ein rundes Logo ideal f\u00fcr Dein Unternehmen ist, aber das gewisse Etwas noch fehlt? Wie w\u00e4re es mit illustrierten und verspielten Elementen, die Deinem runden Logo einen einzigartigen Touch verleihen? Nat\u00fcrlich sollte man diese Art von Logo lediglich verwenden, wenn es sich f\u00fcr das eigene Unternehmen wirklich anbietet. Im Folgenden zeigen wir Dir einige illustrierte runde Logos, die definitiv gelungen sind.<\/p>\n\n\n\n<figure class=\"wp-block-gallery has-nested-images columns-default is-cropped dl_picsub_black wp-block-gallery-19 is-layout-flex wp-block-gallery-is-layout-flex\">\n<figure class=\"wp-block-image size-large\"><img loading=\"lazy\" decoding=\"async\" width=\"800\" height=\"606\" data-id=\"20260\" src=\"https:\/\/www.designenlassen.de\/blog\/wp-content\/uploads\/2020\/03\/Die-Frau-die-euch-traut-Traurednerin-Logo-Design-in-rund-912298-Schnacki2.png\" alt=\"Die-Frau-die-euch-traut-Traurednerin-Logo-Design-in-rund\" class=\"wp-image-20260\" srcset=\"https:\/\/www.designenlassen.de\/blog\/wp-content\/uploads\/2020\/03\/Die-Frau-die-euch-traut-Traurednerin-Logo-Design-in-rund-912298-Schnacki2.png 800w, https:\/\/www.designenlassen.de\/blog\/wp-content\/uploads\/2020\/03\/Die-Frau-die-euch-traut-Traurednerin-Logo-Design-in-rund-912298-Schnacki2-300x227.png 300w, https:\/\/www.designenlassen.de\/blog\/wp-content\/uploads\/2020\/03\/Die-Frau-die-euch-traut-Traurednerin-Logo-Design-in-rund-912298-Schnacki2-768x582.png 768w\" sizes=\"(max-width: 800px) 100vw, 800px\" \/><figcaption class=\"wp-element-caption\"><a href=\"https:\/\/www.designenlassen.de\/912298-logo-design-fuer-traurednerin-gesucht\">Illustriertes Logo in rund von Schnacki2<\/a><\/figcaption><\/figure>\n<\/figure>\n\n\n\n<figure class=\"wp-block-gallery has-nested-images columns-default is-cropped dl_picsub_black wp-block-gallery-20 is-layout-flex wp-block-gallery-is-layout-flex\">\n<figure class=\"wp-block-image size-large\"><img loading=\"lazy\" decoding=\"async\" width=\"338\" height=\"338\" data-id=\"20258\" src=\"https:\/\/www.designenlassen.de\/blog\/wp-content\/uploads\/2020\/03\/Fabelkraft-Rund-Logo-113734-LAVIE.png\" alt=\"Fabelkraft-Rund-Logo\" class=\"wp-image-20258\" srcset=\"https:\/\/www.designenlassen.de\/blog\/wp-content\/uploads\/2020\/03\/Fabelkraft-Rund-Logo-113734-LAVIE.png 338w, https:\/\/www.designenlassen.de\/blog\/wp-content\/uploads\/2020\/03\/Fabelkraft-Rund-Logo-113734-LAVIE-300x300.png 300w, https:\/\/www.designenlassen.de\/blog\/wp-content\/uploads\/2020\/03\/Fabelkraft-Rund-Logo-113734-LAVIE-150x150.png 150w\" sizes=\"(max-width: 338px) 100vw, 338px\" \/><figcaption class=\"wp-element-caption\">Rundes Logo von LAVIE<\/figcaption><\/figure>\n\n\n\n<figure class=\"wp-block-image size-large\"><img loading=\"lazy\" decoding=\"async\" width=\"338\" height=\"338\" data-id=\"20259\" src=\"https:\/\/www.designenlassen.de\/blog\/wp-content\/uploads\/2020\/03\/Rundes-Logo-Candygl\u00fcck-727477.png\" alt=\"Rundes-Logo-Candygl\u00fcck\" class=\"wp-image-20259\" srcset=\"https:\/\/www.designenlassen.de\/blog\/wp-content\/uploads\/2020\/03\/Rundes-Logo-Candygl\u00fcck-727477.png 338w, https:\/\/www.designenlassen.de\/blog\/wp-content\/uploads\/2020\/03\/Rundes-Logo-Candygl\u00fcck-727477-300x300.png 300w, https:\/\/www.designenlassen.de\/blog\/wp-content\/uploads\/2020\/03\/Rundes-Logo-Candygl\u00fcck-727477-150x150.png 150w\" sizes=\"(max-width: 338px) 100vw, 338px\" \/><figcaption class=\"wp-element-caption\">Rundes Logo von Firebird<\/figcaption><\/figure>\n<\/figure>\n\n\n\n<figure class=\"wp-block-gallery has-nested-images columns-default is-cropped dl_picsub_black wp-block-gallery-21 is-layout-flex wp-block-gallery-is-layout-flex\">\n<figure class=\"wp-block-image size-large\"><img loading=\"lazy\" decoding=\"async\" width=\"800\" height=\"513\" data-id=\"20257\" src=\"https:\/\/www.designenlassen.de\/blog\/wp-content\/uploads\/2020\/03\/Sara-Nortmann-Fotografie-Rundlogo-825723-neutron.png\" alt=\"Sara-Nortmann-Fotografie-Rundlogo\" class=\"wp-image-20257\" srcset=\"https:\/\/www.designenlassen.de\/blog\/wp-content\/uploads\/2020\/03\/Sara-Nortmann-Fotografie-Rundlogo-825723-neutron.png 800w, https:\/\/www.designenlassen.de\/blog\/wp-content\/uploads\/2020\/03\/Sara-Nortmann-Fotografie-Rundlogo-825723-neutron-300x192.png 300w, https:\/\/www.designenlassen.de\/blog\/wp-content\/uploads\/2020\/03\/Sara-Nortmann-Fotografie-Rundlogo-825723-neutron-768x492.png 768w\" sizes=\"(max-width: 800px) 100vw, 800px\" \/><figcaption class=\"wp-element-caption\"><a href=\"https:\/\/www.designenlassen.de\/825723-logo-design-fuer-fotografie\">Verspieltes rundes Logo-Design von neutron<\/a><\/figcaption><\/figure>\n<\/figure>\n\n\n\n<figure class=\"wp-block-gallery has-nested-images columns-default is-cropped dl_picsub_black wp-block-gallery-22 is-layout-flex wp-block-gallery-is-layout-flex\">\n<figure class=\"wp-block-image size-large\"><img loading=\"lazy\" decoding=\"async\" width=\"338\" height=\"338\" data-id=\"20255\" src=\"https:\/\/www.designenlassen.de\/blog\/wp-content\/uploads\/2020\/03\/Kates-Universe-Logo-Design-Rund-468248-ZAZA.png\" alt=\"Kates-Universe-Logo-Design-Rund\" class=\"wp-image-20255\" srcset=\"https:\/\/www.designenlassen.de\/blog\/wp-content\/uploads\/2020\/03\/Kates-Universe-Logo-Design-Rund-468248-ZAZA.png 338w, https:\/\/www.designenlassen.de\/blog\/wp-content\/uploads\/2020\/03\/Kates-Universe-Logo-Design-Rund-468248-ZAZA-300x300.png 300w, https:\/\/www.designenlassen.de\/blog\/wp-content\/uploads\/2020\/03\/Kates-Universe-Logo-Design-Rund-468248-ZAZA-150x150.png 150w\" sizes=\"(max-width: 338px) 100vw, 338px\" \/><figcaption class=\"wp-element-caption\">Rundes Logo von ZAZA<\/figcaption><\/figure>\n\n\n\n<figure class=\"wp-block-image size-large\"><img loading=\"lazy\" decoding=\"async\" width=\"338\" height=\"338\" data-id=\"20256\" src=\"https:\/\/www.designenlassen.de\/blog\/wp-content\/uploads\/2020\/03\/Rundes-Logo-Ern\u00e4hrungsprodukte-333751-olvanita.jpg\" alt=\"Rundes-Logo-Ern\u00e4hrungsprodukte\" class=\"wp-image-20256\" srcset=\"https:\/\/www.designenlassen.de\/blog\/wp-content\/uploads\/2020\/03\/Rundes-Logo-Ern\u00e4hrungsprodukte-333751-olvanita.jpg 338w, https:\/\/www.designenlassen.de\/blog\/wp-content\/uploads\/2020\/03\/Rundes-Logo-Ern\u00e4hrungsprodukte-333751-olvanita-300x300.jpg 300w, https:\/\/www.designenlassen.de\/blog\/wp-content\/uploads\/2020\/03\/Rundes-Logo-Ern\u00e4hrungsprodukte-333751-olvanita-150x150.jpg 150w\" sizes=\"(max-width: 338px) 100vw, 338px\" \/><figcaption class=\"wp-element-caption\">Rundes Logo von olvanita<\/figcaption><\/figure>\n<\/figure>\n\n\n\n<figure class=\"wp-block-gallery has-nested-images columns-default is-cropped dl_picsub_black wp-block-gallery-23 is-layout-flex wp-block-gallery-is-layout-flex\">\n<figure class=\"wp-block-image size-large\"><img loading=\"lazy\" decoding=\"async\" width=\"800\" height=\"584\" data-id=\"20254\" src=\"https:\/\/www.designenlassen.de\/blog\/wp-content\/uploads\/2020\/03\/Sophia-Engelleiter-M\u00e4dchenkleider-Logo-Rund-576169-Grafikdesign-LB.jpg\" alt=\"Sophia-Engelleiter-M\u00e4dchenkleider-Logo-Rund\" class=\"wp-image-20254\" srcset=\"https:\/\/www.designenlassen.de\/blog\/wp-content\/uploads\/2020\/03\/Sophia-Engelleiter-M\u00e4dchenkleider-Logo-Rund-576169-Grafikdesign-LB.jpg 800w, https:\/\/www.designenlassen.de\/blog\/wp-content\/uploads\/2020\/03\/Sophia-Engelleiter-M\u00e4dchenkleider-Logo-Rund-576169-Grafikdesign-LB-300x219.jpg 300w, https:\/\/www.designenlassen.de\/blog\/wp-content\/uploads\/2020\/03\/Sophia-Engelleiter-M\u00e4dchenkleider-Logo-Rund-576169-Grafikdesign-LB-768x561.jpg 768w, https:\/\/www.designenlassen.de\/blog\/wp-content\/uploads\/2020\/03\/Sophia-Engelleiter-M\u00e4dchenkleider-Logo-Rund-576169-Grafikdesign-LB-585x427.jpg 585w, https:\/\/www.designenlassen.de\/blog\/wp-content\/uploads\/2020\/03\/Sophia-Engelleiter-M\u00e4dchenkleider-Logo-Rund-576169-Grafikdesign-LB-600x438.jpg 600w\" sizes=\"(max-width: 800px) 100vw, 800px\" \/><figcaption class=\"wp-element-caption\"><a href=\"https:\/\/www.designenlassen.de\/576169-logo-design-fuer-maedchenkleider\">Rundes Logo mit Illustration von Grafikdesign LB<\/a><\/figcaption><\/figure>\n<\/figure>\n\n\n\n<div class=\"wp-block-buttons is-content-justification-center is-layout-flex wp-container-core-buttons-is-layout-16018d1d wp-block-buttons-is-layout-flex\">\n<div class=\"wp-block-button is-style-fill\"><a class=\"wp-block-button__link has-white-color has-text-color has-background has-text-align-left wp-element-button\" href=\"https:\/\/www.designenlassen.de\/logo-design?utm_source=blog&amp;utm_medium=button&amp;utm_campaign=blog-beitraege\" style=\"background-color:#091182\">Jetzt Logo erstellen<\/a><\/div>\n<\/div>\n\n\n\n<div style=\"height:28px\" aria-hidden=\"true\" class=\"wp-block-spacer\"><\/div>\n\n\n\n<h2 class=\"wp-block-heading\">Minimalistische runde Logos, die maximal \u00fcberzeugen<\/h2>\n\n\n\n<p>Diese runden Logo-Designs sind ideal f\u00fcr alle, die mit einem schlichten Logo maximal \u00fcberzeugen wollen. Du kennst das Sprichwort: <a href=\"https:\/\/www.designenlassen.de\/blog\/minimalistische-logos-die-mit-dem-noetigsten-im-design-ueberzeugen\/\">Weniger ist mehr<\/a>. Auch hier bietet es sich an, den Kreis auf die Bildmarke an sich oder eben das gesamte Logo-Design zu beschr\u00e4nken. Die Qualit\u00e4t Deines Unternehmens sollte durch das runde Logo perfekt widergespiegelt werden und potenziellen Kunden sofort aufzeigen, was sie bei Dir erwarten k\u00f6nnen.<\/p>\n\n\n\n<figure class=\"wp-block-gallery has-nested-images columns-default is-cropped dl_picsub_black wp-block-gallery-24 is-layout-flex wp-block-gallery-is-layout-flex\">\n<figure class=\"wp-block-image size-large\"><img loading=\"lazy\" decoding=\"async\" width=\"800\" height=\"512\" data-id=\"20262\" src=\"https:\/\/www.designenlassen.de\/blog\/wp-content\/uploads\/2020\/03\/Pers\u00f6nlichkeitsentwicklung-Daniela-Haase-416689-ITA5A1.png\" alt=\"Pers\u00f6nlichkeitsentwicklung-Daniela-Haase\" class=\"wp-image-20262\" srcset=\"https:\/\/www.designenlassen.de\/blog\/wp-content\/uploads\/2020\/03\/Pers\u00f6nlichkeitsentwicklung-Daniela-Haase-416689-ITA5A1.png 800w, https:\/\/www.designenlassen.de\/blog\/wp-content\/uploads\/2020\/03\/Pers\u00f6nlichkeitsentwicklung-Daniela-Haase-416689-ITA5A1-300x192.png 300w, https:\/\/www.designenlassen.de\/blog\/wp-content\/uploads\/2020\/03\/Pers\u00f6nlichkeitsentwicklung-Daniela-Haase-416689-ITA5A1-768x492.png 768w\" sizes=\"(max-width: 800px) 100vw, 800px\" \/><figcaption class=\"wp-element-caption\"><a href=\"https:\/\/www.designenlassen.de\/416689-logo-design-fuer-persoenlichkeitsentwicklung\">Minimalistisches Logo in rund von ITA5A1<\/a><\/figcaption><\/figure>\n<\/figure>\n\n\n\n<figure class=\"wp-block-gallery has-nested-images columns-default is-cropped dl_picsub_black wp-block-gallery-25 is-layout-flex wp-block-gallery-is-layout-flex\">\n<figure class=\"wp-block-image size-large\"><img loading=\"lazy\" decoding=\"async\" width=\"338\" height=\"338\" data-id=\"20263\" src=\"https:\/\/www.designenlassen.de\/blog\/wp-content\/uploads\/2020\/03\/In-Our-Genes-Rundes-Logo-617935-Erdbeerhexe.jpg\" alt=\"In-Our-Genes-Rundes-Logo\" class=\"wp-image-20263\" srcset=\"https:\/\/www.designenlassen.de\/blog\/wp-content\/uploads\/2020\/03\/In-Our-Genes-Rundes-Logo-617935-Erdbeerhexe.jpg 338w, https:\/\/www.designenlassen.de\/blog\/wp-content\/uploads\/2020\/03\/In-Our-Genes-Rundes-Logo-617935-Erdbeerhexe-300x300.jpg 300w, https:\/\/www.designenlassen.de\/blog\/wp-content\/uploads\/2020\/03\/In-Our-Genes-Rundes-Logo-617935-Erdbeerhexe-150x150.jpg 150w\" sizes=\"(max-width: 338px) 100vw, 338px\" \/><figcaption class=\"wp-element-caption\">Rundes Logo von Erdbeerhexe<\/figcaption><\/figure>\n\n\n\n<figure class=\"wp-block-image size-large\"><img loading=\"lazy\" decoding=\"async\" width=\"338\" height=\"338\" data-id=\"20264\" src=\"https:\/\/www.designenlassen.de\/blog\/wp-content\/uploads\/2020\/03\/Nahrung-f\u00fcrs-Leben-Rundlogo-371373-BenjaminFinzel.png\" alt=\"Nahrung-f\u00fcrs-Leben-Rundlogo\" class=\"wp-image-20264\" srcset=\"https:\/\/www.designenlassen.de\/blog\/wp-content\/uploads\/2020\/03\/Nahrung-f\u00fcrs-Leben-Rundlogo-371373-BenjaminFinzel.png 338w, https:\/\/www.designenlassen.de\/blog\/wp-content\/uploads\/2020\/03\/Nahrung-f\u00fcrs-Leben-Rundlogo-371373-BenjaminFinzel-300x300.png 300w, https:\/\/www.designenlassen.de\/blog\/wp-content\/uploads\/2020\/03\/Nahrung-f\u00fcrs-Leben-Rundlogo-371373-BenjaminFinzel-150x150.png 150w\" sizes=\"(max-width: 338px) 100vw, 338px\" \/><figcaption class=\"wp-element-caption\">Rundes Logo von BenjaminFinzel<\/figcaption><\/figure>\n<\/figure>\n\n\n\n<figure class=\"wp-block-gallery has-nested-images columns-default is-cropped dl_picsub_black wp-block-gallery-26 is-layout-flex wp-block-gallery-is-layout-flex\">\n<figure class=\"wp-block-image size-large\"><img loading=\"lazy\" decoding=\"async\" width=\"800\" height=\"492\" data-id=\"20268\" src=\"https:\/\/www.designenlassen.de\/blog\/wp-content\/uploads\/2020\/03\/Rundes-Logo-El-Mentor-542795-arief-97.png\" alt=\"Rundes-Logo-El-Mentor\" class=\"wp-image-20268\" srcset=\"https:\/\/www.designenlassen.de\/blog\/wp-content\/uploads\/2020\/03\/Rundes-Logo-El-Mentor-542795-arief-97.png 800w, https:\/\/www.designenlassen.de\/blog\/wp-content\/uploads\/2020\/03\/Rundes-Logo-El-Mentor-542795-arief-97-300x185.png 300w, https:\/\/www.designenlassen.de\/blog\/wp-content\/uploads\/2020\/03\/Rundes-Logo-El-Mentor-542795-arief-97-768x472.png 768w\" sizes=\"(max-width: 800px) 100vw, 800px\" \/><figcaption class=\"wp-element-caption\"><a href=\"https:\/\/www.designenlassen.de\/542795-logo-design-fuer-el-mentor-elementor-tutorials\">Rundes Logo f\u00fcr El Mentor von arief 97<\/a><\/figcaption><\/figure>\n<\/figure>\n\n\n\n<figure class=\"wp-block-gallery has-nested-images columns-default is-cropped dl_picsub_black wp-block-gallery-27 is-layout-flex wp-block-gallery-is-layout-flex\">\n<figure class=\"wp-block-image size-large\"><img loading=\"lazy\" decoding=\"async\" width=\"338\" height=\"338\" data-id=\"20266\" src=\"https:\/\/www.designenlassen.de\/blog\/wp-content\/uploads\/2020\/03\/Kosmetik-G\u00f6bbels-Logo-in-Rund-489665-Wyn.png\" alt=\"Kosmetik-G\u00f6bbels-Logo-in-Rund\" class=\"wp-image-20266\" srcset=\"https:\/\/www.designenlassen.de\/blog\/wp-content\/uploads\/2020\/03\/Kosmetik-G\u00f6bbels-Logo-in-Rund-489665-Wyn.png 338w, https:\/\/www.designenlassen.de\/blog\/wp-content\/uploads\/2020\/03\/Kosmetik-G\u00f6bbels-Logo-in-Rund-489665-Wyn-300x300.png 300w, https:\/\/www.designenlassen.de\/blog\/wp-content\/uploads\/2020\/03\/Kosmetik-G\u00f6bbels-Logo-in-Rund-489665-Wyn-150x150.png 150w\" sizes=\"(max-width: 338px) 100vw, 338px\" \/><figcaption class=\"wp-element-caption\">Rundes Logo von Wyn<\/figcaption><\/figure>\n\n\n\n<figure class=\"wp-block-image size-large\"><img loading=\"lazy\" decoding=\"async\" width=\"338\" height=\"338\" data-id=\"20267\" src=\"https:\/\/www.designenlassen.de\/blog\/wp-content\/uploads\/2020\/03\/Lively-Ern\u00e4hrungscoaching-Logo-Design-in-rund-478984-grafikhimmel.png\" alt=\"Lively-Ern\u00e4hrungscoaching-Logo-Design-in-rund\" class=\"wp-image-20267\" srcset=\"https:\/\/www.designenlassen.de\/blog\/wp-content\/uploads\/2020\/03\/Lively-Ern\u00e4hrungscoaching-Logo-Design-in-rund-478984-grafikhimmel.png 338w, https:\/\/www.designenlassen.de\/blog\/wp-content\/uploads\/2020\/03\/Lively-Ern\u00e4hrungscoaching-Logo-Design-in-rund-478984-grafikhimmel-300x300.png 300w, https:\/\/www.designenlassen.de\/blog\/wp-content\/uploads\/2020\/03\/Lively-Ern\u00e4hrungscoaching-Logo-Design-in-rund-478984-grafikhimmel-150x150.png 150w\" sizes=\"(max-width: 338px) 100vw, 338px\" \/><figcaption class=\"wp-element-caption\">Rundes Logo von grafikhimmel<\/figcaption><\/figure>\n<\/figure>\n\n\n\n<figure class=\"wp-block-gallery has-nested-images columns-default is-cropped dl_picsub_black wp-block-gallery-28 is-layout-flex wp-block-gallery-is-layout-flex\">\n<figure class=\"wp-block-image size-large\"><img loading=\"lazy\" decoding=\"async\" width=\"800\" height=\"496\" data-id=\"20265\" src=\"https:\/\/www.designenlassen.de\/blog\/wp-content\/uploads\/2020\/03\/Beginental-Alpakas-Logo-Design-in-Rund-341637-womey.jpg\" alt=\"Beginental-Alpakas-Logo-Design-in-Rund\" class=\"wp-image-20265\" srcset=\"https:\/\/www.designenlassen.de\/blog\/wp-content\/uploads\/2020\/03\/Beginental-Alpakas-Logo-Design-in-Rund-341637-womey.jpg 800w, https:\/\/www.designenlassen.de\/blog\/wp-content\/uploads\/2020\/03\/Beginental-Alpakas-Logo-Design-in-Rund-341637-womey-300x186.jpg 300w, https:\/\/www.designenlassen.de\/blog\/wp-content\/uploads\/2020\/03\/Beginental-Alpakas-Logo-Design-in-Rund-341637-womey-768x476.jpg 768w\" sizes=\"(max-width: 800px) 100vw, 800px\" \/><figcaption class=\"wp-element-caption\"><a href=\"https:\/\/www.designenlassen.de\/341637-logo-design-fuer-kleine-hobbyzucht\">Minimalistisches Logo in rund von womey<\/a><\/figcaption><\/figure>\n<\/figure>\n\n\n\n<p>Wir hoffen, wir konnten Dich mit unseren runden Logos ein wenig inspirieren und w\u00fcnschen Dir, dass bei Deinem Design alles rund l\u00e4uft.<\/p>\n\n\n\n<div class=\"wp-block-buttons is-content-justification-center is-layout-flex wp-container-core-buttons-is-layout-16018d1d wp-block-buttons-is-layout-flex\">\n<div class=\"wp-block-button is-style-fill\"><a class=\"wp-block-button__link has-white-color has-text-color has-background has-text-align-left wp-element-button\" href=\"https:\/\/www.designenlassen.de\/logo-design?utm_source=blog&amp;utm_medium=button&amp;utm_campaign=blog-beitraege\" style=\"background-color:#091182\">Jetzt Logo erstellen<\/a><\/div>\n<\/div>\n\n\n\n<div style=\"height:100px\" aria-hidden=\"true\" class=\"wp-block-spacer\"><\/div>\n\n\n\n<h2 class=\"wp-block-heading\">\u00c4hnliche Beitr\u00e4ge:<\/h2>\n\n\n\n<p><a href=\"https:\/\/www.designenlassen.de\/blog\/20-eis-logos-als-inspiration-fuer-deine-eisdiele-dein-eiscafe-oder-deinen-frozen-yoghurt-shop\/\">20 Eis Logos als Inspiration f\u00fcr Deine Eisdiele oder Eiscaf\u00e9<\/a><\/p>\n\n\n\n<p><a href=\"https:\/\/www.designenlassen.de\/blog\/cafe-logo-designs-von-aromatisch-bis-zuckersuess\/\">Caf\u00e9 Logo-Designs \u2013 von aromatisch bis zuckers\u00fc\u00df<\/a><\/p>\n\n\n\n<p><a href=\"https:\/\/www.designenlassen.de\/blog\/minimalistische-logos-die-mit-dem-noetigsten-im-design-ueberzeugen\/\">Minimalistische Logos, die mit dem N\u00f6tigsten im Design \u00fcberzeugen<\/a><\/p>\n","protected":false},"excerpt":{"rendered":"<p>Runde Logos sind der Inbegriff eines stimmigen Corporate-Designs und wirken durch die abgerundeten, organischen Formen besonders&hellip;<\/p>\n","protected":false},"author":10,"featured_media":20246,"comment_status":"open","ping_status":"open","sticky":false,"template":"","format":"standard","meta":{"_lmt_disableupdate":"","_lmt_disable":"","footnotes":""},"categories":[19],"tags":[],"class_list":["post-20173","post","type-post","status-publish","format-standard","has-post-thumbnail","hentry","category-inspiration"],"yoast_head":"<!-- This site is optimized with the Yoast SEO plugin v26.7 - https:\/\/yoast.com\/wordpress\/plugins\/seo\/ -->\n<title>39+ inspirierende runde Logos, die Deine Marke abrunden<\/title>\n<meta name=\"description\" content=\"Du suchst ein rundes Logo? Wir geben Dir mit 39 ansprechenden runden Logos einen Einblick in die unterschiedlichen Gestaltungsm\u00f6glichkeiten. Jetzt entdecken!\" \/>\n<meta name=\"robots\" content=\"index, follow, max-snippet:-1, max-image-preview:large, max-video-preview:-1\" \/>\n<link rel=\"canonical\" href=\"https:\/\/www.designenlassen.de\/blog\/39-runde-logos-mit-denen-dein-unternehmen-rund-laeuft\/\" \/>\n<meta property=\"og:locale\" content=\"de_DE\" \/>\n<meta property=\"og:type\" content=\"article\" \/>\n<meta property=\"og:title\" content=\"39+ inspirierende runde Logos, die Deine Marke abrunden\" \/>\n<meta property=\"og:description\" content=\"Du suchst ein rundes Logo? Wir geben Dir mit 39 ansprechenden runden Logos einen Einblick in die unterschiedlichen Gestaltungsm\u00f6glichkeiten. Jetzt entdecken!\" \/>\n<meta property=\"og:url\" content=\"https:\/\/www.designenlassen.de\/blog\/39-runde-logos-mit-denen-dein-unternehmen-rund-laeuft\/\" \/>\n<meta property=\"og:site_name\" content=\"designenlassen.de Blog\" \/>\n<meta property=\"article:author\" content=\"designenlassen\/\" \/>\n<meta property=\"article:published_time\" content=\"2020-04-15T08:00:00+00:00\" \/>\n<meta property=\"article:modified_time\" content=\"2024-09-09T07:07:26+00:00\" \/>\n<meta property=\"og:image\" content=\"https:\/\/www.designenlassen.de\/blog\/wp-content\/uploads\/2020\/03\/Design-Jungle-Rund-Logo-Design-342814-Morar.jpg\" \/>\n\t<meta property=\"og:image:width\" content=\"338\" \/>\n\t<meta property=\"og:image:height\" content=\"338\" \/>\n\t<meta property=\"og:image:type\" content=\"image\/jpeg\" \/>\n<meta name=\"author\" content=\"Christina\" \/>\n<meta name=\"twitter:card\" content=\"summary_large_image\" \/>\n<meta name=\"twitter:label1\" content=\"Verfasst von\" \/>\n\t<meta name=\"twitter:data1\" content=\"Christina\" \/>\n\t<meta name=\"twitter:label2\" content=\"Gesch\u00e4tzte Lesezeit\" \/>\n\t<meta name=\"twitter:data2\" content=\"13\u00a0Minuten\" \/>\n<script type=\"application\/ld+json\" class=\"yoast-schema-graph\">{\"@context\":\"https:\/\/schema.org\",\"@graph\":[{\"@type\":\"Article\",\"@id\":\"https:\/\/www.designenlassen.de\/blog\/39-runde-logos-mit-denen-dein-unternehmen-rund-laeuft\/#article\",\"isPartOf\":{\"@id\":\"https:\/\/www.designenlassen.de\/blog\/39-runde-logos-mit-denen-dein-unternehmen-rund-laeuft\/\"},\"author\":{\"name\":\"Christina\",\"@id\":\"https:\/\/www.designenlassen.de\/blog\/#\/schema\/person\/858ff7f9025247949c1b922431f97734\"},\"headline\":\"39 runde Logos mit denen Dein Unternehmen rund l\u00e4uft\",\"datePublished\":\"2020-04-15T08:00:00+00:00\",\"dateModified\":\"2024-09-09T07:07:26+00:00\",\"mainEntityOfPage\":{\"@id\":\"https:\/\/www.designenlassen.de\/blog\/39-runde-logos-mit-denen-dein-unternehmen-rund-laeuft\/\"},\"wordCount\":784,\"commentCount\":1,\"image\":{\"@id\":\"https:\/\/www.designenlassen.de\/blog\/39-runde-logos-mit-denen-dein-unternehmen-rund-laeuft\/#primaryimage\"},\"thumbnailUrl\":\"https:\/\/www.designenlassen.de\/blog\/wp-content\/uploads\/2020\/03\/Design-Jungle-Rund-Logo-Design-342814-Morar.jpg\",\"articleSection\":[\"Design-Galerien\"],\"inLanguage\":\"de\",\"potentialAction\":[{\"@type\":\"CommentAction\",\"name\":\"Comment\",\"target\":[\"https:\/\/www.designenlassen.de\/blog\/39-runde-logos-mit-denen-dein-unternehmen-rund-laeuft\/#respond\"]}]},{\"@type\":\"WebPage\",\"@id\":\"https:\/\/www.designenlassen.de\/blog\/39-runde-logos-mit-denen-dein-unternehmen-rund-laeuft\/\",\"url\":\"https:\/\/www.designenlassen.de\/blog\/39-runde-logos-mit-denen-dein-unternehmen-rund-laeuft\/\",\"name\":\"39+ inspirierende runde Logos, die Deine Marke abrunden\",\"isPartOf\":{\"@id\":\"https:\/\/www.designenlassen.de\/blog\/#website\"},\"primaryImageOfPage\":{\"@id\":\"https:\/\/www.designenlassen.de\/blog\/39-runde-logos-mit-denen-dein-unternehmen-rund-laeuft\/#primaryimage\"},\"image\":{\"@id\":\"https:\/\/www.designenlassen.de\/blog\/39-runde-logos-mit-denen-dein-unternehmen-rund-laeuft\/#primaryimage\"},\"thumbnailUrl\":\"https:\/\/www.designenlassen.de\/blog\/wp-content\/uploads\/2020\/03\/Design-Jungle-Rund-Logo-Design-342814-Morar.jpg\",\"datePublished\":\"2020-04-15T08:00:00+00:00\",\"dateModified\":\"2024-09-09T07:07:26+00:00\",\"author\":{\"@id\":\"https:\/\/www.designenlassen.de\/blog\/#\/schema\/person\/858ff7f9025247949c1b922431f97734\"},\"description\":\"Du suchst ein rundes Logo? Wir geben Dir mit 39 ansprechenden runden Logos einen Einblick in die unterschiedlichen Gestaltungsm\u00f6glichkeiten. Jetzt entdecken!\",\"breadcrumb\":{\"@id\":\"https:\/\/www.designenlassen.de\/blog\/39-runde-logos-mit-denen-dein-unternehmen-rund-laeuft\/#breadcrumb\"},\"inLanguage\":\"de\",\"potentialAction\":[{\"@type\":\"ReadAction\",\"target\":[\"https:\/\/www.designenlassen.de\/blog\/39-runde-logos-mit-denen-dein-unternehmen-rund-laeuft\/\"]}]},{\"@type\":\"ImageObject\",\"inLanguage\":\"de\",\"@id\":\"https:\/\/www.designenlassen.de\/blog\/39-runde-logos-mit-denen-dein-unternehmen-rund-laeuft\/#primaryimage\",\"url\":\"https:\/\/www.designenlassen.de\/blog\/wp-content\/uploads\/2020\/03\/Design-Jungle-Rund-Logo-Design-342814-Morar.jpg\",\"contentUrl\":\"https:\/\/www.designenlassen.de\/blog\/wp-content\/uploads\/2020\/03\/Design-Jungle-Rund-Logo-Design-342814-Morar.jpg\",\"width\":338,\"height\":338,\"caption\":\"Rundes Logo von Morar\"},{\"@type\":\"BreadcrumbList\",\"@id\":\"https:\/\/www.designenlassen.de\/blog\/39-runde-logos-mit-denen-dein-unternehmen-rund-laeuft\/#breadcrumb\",\"itemListElement\":[{\"@type\":\"ListItem\",\"position\":1,\"name\":\"Start\",\"item\":\"https:\/\/www.designenlassen.de\/blog\/\"},{\"@type\":\"ListItem\",\"position\":2,\"name\":\"39 runde Logos mit denen Dein Unternehmen rund l\u00e4uft\"}]},{\"@type\":\"WebSite\",\"@id\":\"https:\/\/www.designenlassen.de\/blog\/#website\",\"url\":\"https:\/\/www.designenlassen.de\/blog\/\",\"name\":\"designenlassen.de Blog\",\"description\":\"Inspirationen, Tipps und Ideen f\u00fcr Designer sowie Gr\u00fcnder und Kleinbetriebe.\",\"potentialAction\":[{\"@type\":\"SearchAction\",\"target\":{\"@type\":\"EntryPoint\",\"urlTemplate\":\"https:\/\/www.designenlassen.de\/blog\/?s={search_term_string}\"},\"query-input\":{\"@type\":\"PropertyValueSpecification\",\"valueRequired\":true,\"valueName\":\"search_term_string\"}}],\"inLanguage\":\"de\"},{\"@type\":\"Person\",\"@id\":\"https:\/\/www.designenlassen.de\/blog\/#\/schema\/person\/858ff7f9025247949c1b922431f97734\",\"name\":\"Christina\",\"image\":{\"@type\":\"ImageObject\",\"inLanguage\":\"de\",\"@id\":\"https:\/\/www.designenlassen.de\/blog\/#\/schema\/person\/image\/\",\"url\":\"https:\/\/secure.gravatar.com\/avatar\/31045bfe41c5fbc86ecbb135f792148b4bf1bee47931b9c8d47c74611d912026?s=96&d=mm&r=g\",\"contentUrl\":\"https:\/\/secure.gravatar.com\/avatar\/31045bfe41c5fbc86ecbb135f792148b4bf1bee47931b9c8d47c74611d912026?s=96&d=mm&r=g\",\"caption\":\"Christina\"},\"description\":\"Christina ist bei designenlassen.de f\u00fcr das Content-Marketing &amp; die Social Media Kan\u00e4le zust\u00e4ndig. Sie schreibt hier im Blog zu verschiedensten Design-Themen.\",\"sameAs\":[\"designenlassen\/\"],\"url\":\"https:\/\/www.designenlassen.de\/blog\/author\/christina\/\"}]}<\/script>\n<!-- \/ Yoast SEO plugin. -->","yoast_head_json":{"title":"39+ inspirierende runde Logos, die Deine Marke abrunden","description":"Du suchst ein rundes Logo? Wir geben Dir mit 39 ansprechenden runden Logos einen Einblick in die unterschiedlichen Gestaltungsm\u00f6glichkeiten. Jetzt entdecken!","robots":{"index":"index","follow":"follow","max-snippet":"max-snippet:-1","max-image-preview":"max-image-preview:large","max-video-preview":"max-video-preview:-1"},"canonical":"https:\/\/www.designenlassen.de\/blog\/39-runde-logos-mit-denen-dein-unternehmen-rund-laeuft\/","og_locale":"de_DE","og_type":"article","og_title":"39+ inspirierende runde Logos, die Deine Marke abrunden","og_description":"Du suchst ein rundes Logo? Wir geben Dir mit 39 ansprechenden runden Logos einen Einblick in die unterschiedlichen Gestaltungsm\u00f6glichkeiten. Jetzt entdecken!","og_url":"https:\/\/www.designenlassen.de\/blog\/39-runde-logos-mit-denen-dein-unternehmen-rund-laeuft\/","og_site_name":"designenlassen.de Blog","article_author":"designenlassen\/","article_published_time":"2020-04-15T08:00:00+00:00","article_modified_time":"2024-09-09T07:07:26+00:00","og_image":[{"width":338,"height":338,"url":"https:\/\/www.designenlassen.de\/blog\/wp-content\/uploads\/2020\/03\/Design-Jungle-Rund-Logo-Design-342814-Morar.jpg","type":"image\/jpeg"}],"author":"Christina","twitter_card":"summary_large_image","twitter_misc":{"Verfasst von":"Christina","Gesch\u00e4tzte Lesezeit":"13\u00a0Minuten"},"schema":{"@context":"https:\/\/schema.org","@graph":[{"@type":"Article","@id":"https:\/\/www.designenlassen.de\/blog\/39-runde-logos-mit-denen-dein-unternehmen-rund-laeuft\/#article","isPartOf":{"@id":"https:\/\/www.designenlassen.de\/blog\/39-runde-logos-mit-denen-dein-unternehmen-rund-laeuft\/"},"author":{"name":"Christina","@id":"https:\/\/www.designenlassen.de\/blog\/#\/schema\/person\/858ff7f9025247949c1b922431f97734"},"headline":"39 runde Logos mit denen Dein Unternehmen rund l\u00e4uft","datePublished":"2020-04-15T08:00:00+00:00","dateModified":"2024-09-09T07:07:26+00:00","mainEntityOfPage":{"@id":"https:\/\/www.designenlassen.de\/blog\/39-runde-logos-mit-denen-dein-unternehmen-rund-laeuft\/"},"wordCount":784,"commentCount":1,"image":{"@id":"https:\/\/www.designenlassen.de\/blog\/39-runde-logos-mit-denen-dein-unternehmen-rund-laeuft\/#primaryimage"},"thumbnailUrl":"https:\/\/www.designenlassen.de\/blog\/wp-content\/uploads\/2020\/03\/Design-Jungle-Rund-Logo-Design-342814-Morar.jpg","articleSection":["Design-Galerien"],"inLanguage":"de","potentialAction":[{"@type":"CommentAction","name":"Comment","target":["https:\/\/www.designenlassen.de\/blog\/39-runde-logos-mit-denen-dein-unternehmen-rund-laeuft\/#respond"]}]},{"@type":"WebPage","@id":"https:\/\/www.designenlassen.de\/blog\/39-runde-logos-mit-denen-dein-unternehmen-rund-laeuft\/","url":"https:\/\/www.designenlassen.de\/blog\/39-runde-logos-mit-denen-dein-unternehmen-rund-laeuft\/","name":"39+ inspirierende runde Logos, die Deine Marke abrunden","isPartOf":{"@id":"https:\/\/www.designenlassen.de\/blog\/#website"},"primaryImageOfPage":{"@id":"https:\/\/www.designenlassen.de\/blog\/39-runde-logos-mit-denen-dein-unternehmen-rund-laeuft\/#primaryimage"},"image":{"@id":"https:\/\/www.designenlassen.de\/blog\/39-runde-logos-mit-denen-dein-unternehmen-rund-laeuft\/#primaryimage"},"thumbnailUrl":"https:\/\/www.designenlassen.de\/blog\/wp-content\/uploads\/2020\/03\/Design-Jungle-Rund-Logo-Design-342814-Morar.jpg","datePublished":"2020-04-15T08:00:00+00:00","dateModified":"2024-09-09T07:07:26+00:00","author":{"@id":"https:\/\/www.designenlassen.de\/blog\/#\/schema\/person\/858ff7f9025247949c1b922431f97734"},"description":"Du suchst ein rundes Logo? Wir geben Dir mit 39 ansprechenden runden Logos einen Einblick in die unterschiedlichen Gestaltungsm\u00f6glichkeiten. Jetzt entdecken!","breadcrumb":{"@id":"https:\/\/www.designenlassen.de\/blog\/39-runde-logos-mit-denen-dein-unternehmen-rund-laeuft\/#breadcrumb"},"inLanguage":"de","potentialAction":[{"@type":"ReadAction","target":["https:\/\/www.designenlassen.de\/blog\/39-runde-logos-mit-denen-dein-unternehmen-rund-laeuft\/"]}]},{"@type":"ImageObject","inLanguage":"de","@id":"https:\/\/www.designenlassen.de\/blog\/39-runde-logos-mit-denen-dein-unternehmen-rund-laeuft\/#primaryimage","url":"https:\/\/www.designenlassen.de\/blog\/wp-content\/uploads\/2020\/03\/Design-Jungle-Rund-Logo-Design-342814-Morar.jpg","contentUrl":"https:\/\/www.designenlassen.de\/blog\/wp-content\/uploads\/2020\/03\/Design-Jungle-Rund-Logo-Design-342814-Morar.jpg","width":338,"height":338,"caption":"Rundes Logo von Morar"},{"@type":"BreadcrumbList","@id":"https:\/\/www.designenlassen.de\/blog\/39-runde-logos-mit-denen-dein-unternehmen-rund-laeuft\/#breadcrumb","itemListElement":[{"@type":"ListItem","position":1,"name":"Start","item":"https:\/\/www.designenlassen.de\/blog\/"},{"@type":"ListItem","position":2,"name":"39 runde Logos mit denen Dein Unternehmen rund l\u00e4uft"}]},{"@type":"WebSite","@id":"https:\/\/www.designenlassen.de\/blog\/#website","url":"https:\/\/www.designenlassen.de\/blog\/","name":"designenlassen.de Blog","description":"Inspirationen, Tipps und Ideen f\u00fcr Designer sowie Gr\u00fcnder und Kleinbetriebe.","potentialAction":[{"@type":"SearchAction","target":{"@type":"EntryPoint","urlTemplate":"https:\/\/www.designenlassen.de\/blog\/?s={search_term_string}"},"query-input":{"@type":"PropertyValueSpecification","valueRequired":true,"valueName":"search_term_string"}}],"inLanguage":"de"},{"@type":"Person","@id":"https:\/\/www.designenlassen.de\/blog\/#\/schema\/person\/858ff7f9025247949c1b922431f97734","name":"Christina","image":{"@type":"ImageObject","inLanguage":"de","@id":"https:\/\/www.designenlassen.de\/blog\/#\/schema\/person\/image\/","url":"https:\/\/secure.gravatar.com\/avatar\/31045bfe41c5fbc86ecbb135f792148b4bf1bee47931b9c8d47c74611d912026?s=96&d=mm&r=g","contentUrl":"https:\/\/secure.gravatar.com\/avatar\/31045bfe41c5fbc86ecbb135f792148b4bf1bee47931b9c8d47c74611d912026?s=96&d=mm&r=g","caption":"Christina"},"description":"Christina ist bei designenlassen.de f\u00fcr das Content-Marketing &amp; die Social Media Kan\u00e4le zust\u00e4ndig. Sie schreibt hier im Blog zu verschiedensten Design-Themen.","sameAs":["designenlassen\/"],"url":"https:\/\/www.designenlassen.de\/blog\/author\/christina\/"}]}},"_links":{"self":[{"href":"https:\/\/www.designenlassen.de\/blog\/wp-json\/wp\/v2\/posts\/20173","targetHints":{"allow":["GET"]}}],"collection":[{"href":"https:\/\/www.designenlassen.de\/blog\/wp-json\/wp\/v2\/posts"}],"about":[{"href":"https:\/\/www.designenlassen.de\/blog\/wp-json\/wp\/v2\/types\/post"}],"author":[{"embeddable":true,"href":"https:\/\/www.designenlassen.de\/blog\/wp-json\/wp\/v2\/users\/10"}],"replies":[{"embeddable":true,"href":"https:\/\/www.designenlassen.de\/blog\/wp-json\/wp\/v2\/comments?post=20173"}],"version-history":[{"count":19,"href":"https:\/\/www.designenlassen.de\/blog\/wp-json\/wp\/v2\/posts\/20173\/revisions"}],"predecessor-version":[{"id":32388,"href":"https:\/\/www.designenlassen.de\/blog\/wp-json\/wp\/v2\/posts\/20173\/revisions\/32388"}],"wp:featuredmedia":[{"embeddable":true,"href":"https:\/\/www.designenlassen.de\/blog\/wp-json\/wp\/v2\/media\/20246"}],"wp:attachment":[{"href":"https:\/\/www.designenlassen.de\/blog\/wp-json\/wp\/v2\/media?parent=20173"}],"wp:term":[{"taxonomy":"category","embeddable":true,"href":"https:\/\/www.designenlassen.de\/blog\/wp-json\/wp\/v2\/categories?post=20173"},{"taxonomy":"post_tag","embeddable":true,"href":"https:\/\/www.designenlassen.de\/blog\/wp-json\/wp\/v2\/tags?post=20173"}],"curies":[{"name":"wp","href":"https:\/\/api.w.org\/{rel}","templated":true}]}}