{"id":20708,"date":"2020-05-28T11:38:23","date_gmt":"2020-05-28T09:38:23","guid":{"rendered":"https:\/\/www.designenlassen.de\/blog\/?p=20708"},"modified":"2024-09-13T11:55:19","modified_gmt":"2024-09-13T09:55:19","slug":"15-forstbetrieb-logos-die-sofort-ins-auge-fallen","status":"publish","type":"post","link":"https:\/\/www.designenlassen.de\/blog\/15-forstbetrieb-logos-die-sofort-ins-auge-fallen\/","title":{"rendered":"27 Forstbetrieb Logos, die sofort ins Auge fallen"},"content":{"rendered":"\n<p>Buche, Birke, Eiche \u2013 jede Baumart hat seine einzigartige Charakteristika. So auch jeder Forstbetrieb. Mit einem individuellen und professionellen Logo kannst Du zeigen, was Deinen Forstbetrieb besonders macht und Dich f\u00fcr Deine Kunden kenntlich machen. Im folgenden Beitrag pr\u00e4sentieren wir einige Beispiele, die Dir als Inspiration bei der Gestaltung Deines Forstbetrieb Logos dienen k\u00f6nnen.<\/p>\n\n\n\n<figure class=\"wp-block-gallery has-nested-images columns-default is-cropped wp-block-gallery-1 is-layout-flex wp-block-gallery-is-layout-flex\">\n<figure class=\"wp-block-image size-large\"><img fetchpriority=\"high\" decoding=\"async\" width=\"800\" height=\"677\" data-id=\"20767\" src=\"https:\/\/www.designenlassen.de\/blog\/wp-content\/uploads\/2020\/04\/Forstebtrieb_Logo_W\u00f6hrle_339325-1.jpg\" alt=\"Forstbetrieb Logo, W\u00f6hrle\" class=\"wp-image-20767\" srcset=\"https:\/\/www.designenlassen.de\/blog\/wp-content\/uploads\/2020\/04\/Forstebtrieb_Logo_W\u00f6hrle_339325-1.jpg 800w, https:\/\/www.designenlassen.de\/blog\/wp-content\/uploads\/2020\/04\/Forstebtrieb_Logo_W\u00f6hrle_339325-1-300x254.jpg 300w, https:\/\/www.designenlassen.de\/blog\/wp-content\/uploads\/2020\/04\/Forstebtrieb_Logo_W\u00f6hrle_339325-1-768x650.jpg 768w, https:\/\/www.designenlassen.de\/blog\/wp-content\/uploads\/2020\/04\/Forstebtrieb_Logo_W\u00f6hrle_339325-1-585x495.jpg 585w, https:\/\/www.designenlassen.de\/blog\/wp-content\/uploads\/2020\/04\/Forstebtrieb_Logo_W\u00f6hrle_339325-1-600x508.jpg 600w\" sizes=\"(max-width: 800px) 100vw, 800px\" \/><figcaption class=\"wp-element-caption\"><a href=\"https:\/\/www.designenlassen.de\/339325-logo-design-fuer-forstbetrieb\">Forstbetrieb Logo f\u00fcr W\u00f6hrle von DESIGNtOOning <\/a><\/figcaption><\/figure>\n<\/figure>\n\n\n\n<div class=\"wp-block-buttons is-content-justification-center is-layout-flex wp-container-core-buttons-is-layout-16018d1d wp-block-buttons-is-layout-flex\">\n<div class=\"wp-block-button is-style-fill\"><a class=\"wp-block-button__link has-white-color has-text-color has-background has-text-align-left wp-element-button\" href=\"https:\/\/www.designenlassen.de\/logo-design?utm_source=blog&amp;utm_medium=button&amp;utm_campaign=blog-beitraege\" style=\"background-color:#091182\">Jetzt Logo erstellen<\/a><\/div>\n<\/div>\n\n\n\n<div style=\"height:55px\" aria-hidden=\"true\" class=\"wp-block-spacer\"><\/div>\n\n\n\n<h2 class=\"wp-block-heading\">Klassische Forstbetrieb Logos<\/h2>\n\n\n\n<p>Bei klassischen Forstbetrieb Logos wird gerne die Farbe <a href=\"https:\/\/www.designenlassen.de\/blog\/farben-logo-designs-mehr-als-nur-bunt\/\">Gr\u00fcn<\/a> verwendet, um eine Assoziation zum Wald und der Natur herzustellen. Zu den beliebten Gestaltungselementen geh\u00f6ren B\u00e4ume, Kettens\u00e4gen oder Bl\u00e4tter. Die folgenden Beispiele machen es vor:<\/p>\n\n\n\n<figure class=\"wp-block-gallery has-nested-images columns-default is-cropped wp-block-gallery-2 is-layout-flex wp-block-gallery-is-layout-flex\">\n<figure class=\"wp-block-image size-large\"><img decoding=\"async\" width=\"800\" height=\"446\" data-id=\"20768\" src=\"https:\/\/www.designenlassen.de\/blog\/wp-content\/uploads\/2020\/04\/Forstbetrieb_Logo_Holzkontor_471841.jpg\" alt=\"Forstbetrieb Logo, Holzkontor\" class=\"wp-image-20768\" srcset=\"https:\/\/www.designenlassen.de\/blog\/wp-content\/uploads\/2020\/04\/Forstbetrieb_Logo_Holzkontor_471841.jpg 800w, https:\/\/www.designenlassen.de\/blog\/wp-content\/uploads\/2020\/04\/Forstbetrieb_Logo_Holzkontor_471841-300x167.jpg 300w, https:\/\/www.designenlassen.de\/blog\/wp-content\/uploads\/2020\/04\/Forstbetrieb_Logo_Holzkontor_471841-768x428.jpg 768w\" sizes=\"(max-width: 800px) 100vw, 800px\" \/><figcaption class=\"wp-element-caption\"><a href=\"https:\/\/www.designenlassen.de\/471841-logo-design-fuer-holzverkauf-gesucht\">Forstbetrieb Logo f\u00fcr Holzkontor von twins2design<\/a><\/figcaption><\/figure>\n<\/figure>\n\n\n\n<figure class=\"wp-block-gallery has-nested-images columns-default is-cropped wp-block-gallery-3 is-layout-flex wp-block-gallery-is-layout-flex\">\n<figure class=\"wp-block-image size-large\"><img decoding=\"async\" width=\"800\" height=\"514\" data-id=\"20857\" src=\"https:\/\/www.designenlassen.de\/blog\/wp-content\/uploads\/2020\/05\/Forstbetrieb_Logo_Jaga1_282596-1.jpg\" alt=\"Forstbetrieb logo, Jaga Weyregg\" class=\"wp-image-20857\" srcset=\"https:\/\/www.designenlassen.de\/blog\/wp-content\/uploads\/2020\/05\/Forstbetrieb_Logo_Jaga1_282596-1.jpg 800w, https:\/\/www.designenlassen.de\/blog\/wp-content\/uploads\/2020\/05\/Forstbetrieb_Logo_Jaga1_282596-1-300x193.jpg 300w, https:\/\/www.designenlassen.de\/blog\/wp-content\/uploads\/2020\/05\/Forstbetrieb_Logo_Jaga1_282596-1-768x493.jpg 768w\" sizes=\"(max-width: 800px) 100vw, 800px\" \/><figcaption class=\"wp-element-caption\">Forstbetrieb Logo von DerPhotowerker<\/figcaption><\/figure>\n\n\n\n<figure class=\"wp-block-image size-large\"><img loading=\"lazy\" decoding=\"async\" width=\"372\" height=\"338\" data-id=\"20898\" src=\"https:\/\/www.designenlassen.de\/blog\/wp-content\/uploads\/2020\/05\/Forstbetrieb_Logo_H\u00f6lzHansel_834715-1.jpg\" alt=\"Forstbetrieb Logo, H\u00f6lz Hansl\" class=\"wp-image-20898\" srcset=\"https:\/\/www.designenlassen.de\/blog\/wp-content\/uploads\/2020\/05\/Forstbetrieb_Logo_H\u00f6lzHansel_834715-1.jpg 372w, https:\/\/www.designenlassen.de\/blog\/wp-content\/uploads\/2020\/05\/Forstbetrieb_Logo_H\u00f6lzHansel_834715-1-300x273.jpg 300w\" sizes=\"(max-width: 372px) 100vw, 372px\" \/><figcaption class=\"wp-element-caption\">Forstbetrieb Logo von mutabor<\/figcaption><\/figure>\n<\/figure>\n\n\n\n<figure class=\"wp-block-gallery has-nested-images columns-default is-cropped dl_picsub_black wp-block-gallery-4 is-layout-flex wp-block-gallery-is-layout-flex\">\n<figure class=\"wp-block-image size-large\"><img loading=\"lazy\" decoding=\"async\" width=\"800\" height=\"563\" data-id=\"20773\" src=\"https:\/\/www.designenlassen.de\/blog\/wp-content\/uploads\/2020\/04\/Forstbetrieb_Logo_W\u00f6hrle2_339325.jpg\" alt=\"Forstbetrieb Logo, W\u00f6hrle\" class=\"wp-image-20773\" srcset=\"https:\/\/www.designenlassen.de\/blog\/wp-content\/uploads\/2020\/04\/Forstbetrieb_Logo_W\u00f6hrle2_339325.jpg 800w, https:\/\/www.designenlassen.de\/blog\/wp-content\/uploads\/2020\/04\/Forstbetrieb_Logo_W\u00f6hrle2_339325-300x211.jpg 300w, https:\/\/www.designenlassen.de\/blog\/wp-content\/uploads\/2020\/04\/Forstbetrieb_Logo_W\u00f6hrle2_339325-768x540.jpg 768w\" sizes=\"(max-width: 800px) 100vw, 800px\" \/><figcaption class=\"wp-element-caption\"><a href=\"https:\/\/www.designenlassen.de\/339325-logo-design-fuer-forstbetrieb\">Forstbetrieb Logo f\u00fcr W\u00f6hrle von Gianni63<\/a><\/figcaption><\/figure>\n<\/figure>\n\n\n\n<figure class=\"wp-block-gallery has-nested-images columns-default is-cropped wp-block-gallery-5 is-layout-flex wp-block-gallery-is-layout-flex\">\n<figure class=\"wp-block-image size-large\"><img loading=\"lazy\" decoding=\"async\" width=\"800\" height=\"408\" data-id=\"20769\" src=\"https:\/\/www.designenlassen.de\/blog\/wp-content\/uploads\/2020\/04\/Forstbetrieb_Logo_Forstschritt_442835.png\" alt=\"Forstbetrieb Logo, Forstschritt\" class=\"wp-image-20769\" srcset=\"https:\/\/www.designenlassen.de\/blog\/wp-content\/uploads\/2020\/04\/Forstbetrieb_Logo_Forstschritt_442835.png 800w, https:\/\/www.designenlassen.de\/blog\/wp-content\/uploads\/2020\/04\/Forstbetrieb_Logo_Forstschritt_442835-300x153.png 300w, https:\/\/www.designenlassen.de\/blog\/wp-content\/uploads\/2020\/04\/Forstbetrieb_Logo_Forstschritt_442835-768x392.png 768w\" sizes=\"(max-width: 800px) 100vw, 800px\" \/><figcaption class=\"wp-element-caption\">Forstbetrieb Logo von grafikhimmel <\/figcaption><\/figure>\n\n\n\n<figure class=\"wp-block-image size-large\"><img loading=\"lazy\" decoding=\"async\" width=\"820\" height=\"380\" data-id=\"20770\" src=\"https:\/\/www.designenlassen.de\/blog\/wp-content\/uploads\/2020\/04\/Forstbetrieb_Logo_Hornow_312941.png\" alt=\"Forstbetrieb Logo, Hornow\" class=\"wp-image-20770\" srcset=\"https:\/\/www.designenlassen.de\/blog\/wp-content\/uploads\/2020\/04\/Forstbetrieb_Logo_Hornow_312941.png 820w, https:\/\/www.designenlassen.de\/blog\/wp-content\/uploads\/2020\/04\/Forstbetrieb_Logo_Hornow_312941-300x139.png 300w, https:\/\/www.designenlassen.de\/blog\/wp-content\/uploads\/2020\/04\/Forstbetrieb_Logo_Hornow_312941-768x356.png 768w\" sizes=\"(max-width: 820px) 100vw, 820px\" \/><figcaption class=\"wp-element-caption\">Forstbetrieb Logo von CencoCP<\/figcaption><\/figure>\n<\/figure>\n\n\n\n<figure class=\"wp-block-gallery has-nested-images columns-2 is-cropped wp-block-gallery-6 is-layout-flex wp-block-gallery-is-layout-flex\">\n<figure class=\"wp-block-image size-large\"><img loading=\"lazy\" decoding=\"async\" width=\"1024\" height=\"1024\" data-id=\"32488\" src=\"https:\/\/www.designenlassen.de\/blog\/wp-content\/uploads\/2020\/05\/designenlassen-forstbetrieb-logo-wurm2-1024x1024.jpeg\" alt=\"\" class=\"wp-image-32488\" srcset=\"https:\/\/www.designenlassen.de\/blog\/wp-content\/uploads\/2020\/05\/designenlassen-forstbetrieb-logo-wurm2-1024x1024.jpeg 1024w, https:\/\/www.designenlassen.de\/blog\/wp-content\/uploads\/2020\/05\/designenlassen-forstbetrieb-logo-wurm2-300x300.jpeg 300w, https:\/\/www.designenlassen.de\/blog\/wp-content\/uploads\/2020\/05\/designenlassen-forstbetrieb-logo-wurm2-150x150.jpeg 150w, https:\/\/www.designenlassen.de\/blog\/wp-content\/uploads\/2020\/05\/designenlassen-forstbetrieb-logo-wurm2-768x768.jpeg 768w, https:\/\/www.designenlassen.de\/blog\/wp-content\/uploads\/2020\/05\/designenlassen-forstbetrieb-logo-wurm2.jpeg 1500w\" sizes=\"(max-width: 1024px) 100vw, 1024px\" \/><\/figure>\n\n\n\n<figure class=\"wp-block-image size-large\"><img loading=\"lazy\" decoding=\"async\" width=\"1022\" height=\"999\" data-id=\"32486\" src=\"https:\/\/www.designenlassen.de\/blog\/wp-content\/uploads\/2020\/05\/designenlassen-forstbetrieb-logo-schuette3.jpeg\" alt=\"\" class=\"wp-image-32486\" srcset=\"https:\/\/www.designenlassen.de\/blog\/wp-content\/uploads\/2020\/05\/designenlassen-forstbetrieb-logo-schuette3.jpeg 1022w, https:\/\/www.designenlassen.de\/blog\/wp-content\/uploads\/2020\/05\/designenlassen-forstbetrieb-logo-schuette3-300x293.jpeg 300w, https:\/\/www.designenlassen.de\/blog\/wp-content\/uploads\/2020\/05\/designenlassen-forstbetrieb-logo-schuette3-768x751.jpeg 768w\" sizes=\"(max-width: 1022px) 100vw, 1022px\" \/><\/figure>\n\n\n\n<figure class=\"wp-block-image size-large\"><img loading=\"lazy\" decoding=\"async\" width=\"1022\" height=\"999\" data-id=\"32485\" src=\"https:\/\/www.designenlassen.de\/blog\/wp-content\/uploads\/2020\/05\/designenlassen-forstbetrieb-logo-schuette2.jpeg\" alt=\"\" class=\"wp-image-32485\" srcset=\"https:\/\/www.designenlassen.de\/blog\/wp-content\/uploads\/2020\/05\/designenlassen-forstbetrieb-logo-schuette2.jpeg 1022w, https:\/\/www.designenlassen.de\/blog\/wp-content\/uploads\/2020\/05\/designenlassen-forstbetrieb-logo-schuette2-300x293.jpeg 300w, https:\/\/www.designenlassen.de\/blog\/wp-content\/uploads\/2020\/05\/designenlassen-forstbetrieb-logo-schuette2-768x751.jpeg 768w\" sizes=\"(max-width: 1022px) 100vw, 1022px\" \/><\/figure>\n\n\n\n<figure class=\"wp-block-image size-large\"><img loading=\"lazy\" decoding=\"async\" width=\"1000\" height=\"1000\" data-id=\"32481\" src=\"https:\/\/www.designenlassen.de\/blog\/wp-content\/uploads\/2020\/05\/designenlassen-forstbetrieb-logo-dyroff2.png\" alt=\"\" class=\"wp-image-32481\" srcset=\"https:\/\/www.designenlassen.de\/blog\/wp-content\/uploads\/2020\/05\/designenlassen-forstbetrieb-logo-dyroff2.png 1000w, https:\/\/www.designenlassen.de\/blog\/wp-content\/uploads\/2020\/05\/designenlassen-forstbetrieb-logo-dyroff2-300x300.png 300w, https:\/\/www.designenlassen.de\/blog\/wp-content\/uploads\/2020\/05\/designenlassen-forstbetrieb-logo-dyroff2-150x150.png 150w, https:\/\/www.designenlassen.de\/blog\/wp-content\/uploads\/2020\/05\/designenlassen-forstbetrieb-logo-dyroff2-768x768.png 768w\" sizes=\"(max-width: 1000px) 100vw, 1000px\" \/><\/figure>\n\n\n\n<figure class=\"wp-block-image size-large\"><img loading=\"lazy\" decoding=\"async\" width=\"1024\" height=\"1024\" data-id=\"32487\" src=\"https:\/\/www.designenlassen.de\/blog\/wp-content\/uploads\/2020\/05\/designenlassen-forstbetrieb-logo-wurm-1024x1024.jpeg\" alt=\"\" class=\"wp-image-32487\" srcset=\"https:\/\/www.designenlassen.de\/blog\/wp-content\/uploads\/2020\/05\/designenlassen-forstbetrieb-logo-wurm-1024x1024.jpeg 1024w, https:\/\/www.designenlassen.de\/blog\/wp-content\/uploads\/2020\/05\/designenlassen-forstbetrieb-logo-wurm-300x300.jpeg 300w, https:\/\/www.designenlassen.de\/blog\/wp-content\/uploads\/2020\/05\/designenlassen-forstbetrieb-logo-wurm-150x150.jpeg 150w, https:\/\/www.designenlassen.de\/blog\/wp-content\/uploads\/2020\/05\/designenlassen-forstbetrieb-logo-wurm-768x769.jpeg 768w, https:\/\/www.designenlassen.de\/blog\/wp-content\/uploads\/2020\/05\/designenlassen-forstbetrieb-logo-wurm.jpeg 1500w\" sizes=\"(max-width: 1024px) 100vw, 1024px\" \/><\/figure>\n<\/figure>\n\n\n\n<figure class=\"wp-block-gallery has-nested-images columns-2 is-cropped wp-block-gallery-7 is-layout-flex wp-block-gallery-is-layout-flex\">\n<figure class=\"wp-block-image size-large\"><img loading=\"lazy\" decoding=\"async\" width=\"747\" height=\"1024\" data-id=\"32484\" src=\"https:\/\/www.designenlassen.de\/blog\/wp-content\/uploads\/2020\/05\/designenlassen-forstbetrieb-logo-kettwieger2-747x1024.jpeg\" alt=\"\" class=\"wp-image-32484\" srcset=\"https:\/\/www.designenlassen.de\/blog\/wp-content\/uploads\/2020\/05\/designenlassen-forstbetrieb-logo-kettwieger2-747x1024.jpeg 747w, https:\/\/www.designenlassen.de\/blog\/wp-content\/uploads\/2020\/05\/designenlassen-forstbetrieb-logo-kettwieger2-219x300.jpeg 219w, https:\/\/www.designenlassen.de\/blog\/wp-content\/uploads\/2020\/05\/designenlassen-forstbetrieb-logo-kettwieger2-768x1053.jpeg 768w, https:\/\/www.designenlassen.de\/blog\/wp-content\/uploads\/2020\/05\/designenlassen-forstbetrieb-logo-kettwieger2.jpeg 1024w\" sizes=\"(max-width: 747px) 100vw, 747px\" \/><\/figure>\n\n\n\n<figure class=\"wp-block-image size-large\"><img loading=\"lazy\" decoding=\"async\" width=\"762\" height=\"887\" data-id=\"32482\" src=\"https:\/\/www.designenlassen.de\/blog\/wp-content\/uploads\/2020\/05\/designenlassen-forstbetrieb-logo-hornow.png\" alt=\"\" class=\"wp-image-32482\" srcset=\"https:\/\/www.designenlassen.de\/blog\/wp-content\/uploads\/2020\/05\/designenlassen-forstbetrieb-logo-hornow.png 762w, https:\/\/www.designenlassen.de\/blog\/wp-content\/uploads\/2020\/05\/designenlassen-forstbetrieb-logo-hornow-258x300.png 258w\" sizes=\"(max-width: 762px) 100vw, 762px\" \/><\/figure>\n\n\n\n<figure class=\"wp-block-image size-large\"><img loading=\"lazy\" decoding=\"async\" width=\"1024\" height=\"870\" data-id=\"32479\" src=\"https:\/\/www.designenlassen.de\/blog\/wp-content\/uploads\/2020\/05\/designenlassen-forstbetrieb-logo-dyroff-1024x870.png\" alt=\"\" class=\"wp-image-32479\" srcset=\"https:\/\/www.designenlassen.de\/blog\/wp-content\/uploads\/2020\/05\/designenlassen-forstbetrieb-logo-dyroff-1024x870.png 1024w, https:\/\/www.designenlassen.de\/blog\/wp-content\/uploads\/2020\/05\/designenlassen-forstbetrieb-logo-dyroff-300x255.png 300w, https:\/\/www.designenlassen.de\/blog\/wp-content\/uploads\/2020\/05\/designenlassen-forstbetrieb-logo-dyroff-768x653.png 768w, https:\/\/www.designenlassen.de\/blog\/wp-content\/uploads\/2020\/05\/designenlassen-forstbetrieb-logo-dyroff-1536x1306.png 1536w, https:\/\/www.designenlassen.de\/blog\/wp-content\/uploads\/2020\/05\/designenlassen-forstbetrieb-logo-dyroff.png 2000w\" sizes=\"(max-width: 1024px) 100vw, 1024px\" \/><\/figure>\n\n\n\n<figure class=\"wp-block-image size-large\"><img loading=\"lazy\" decoding=\"async\" width=\"1000\" height=\"1000\" data-id=\"32481\" src=\"https:\/\/www.designenlassen.de\/blog\/wp-content\/uploads\/2020\/05\/designenlassen-forstbetrieb-logo-dyroff2.png\" alt=\"\" class=\"wp-image-32481\" srcset=\"https:\/\/www.designenlassen.de\/blog\/wp-content\/uploads\/2020\/05\/designenlassen-forstbetrieb-logo-dyroff2.png 1000w, https:\/\/www.designenlassen.de\/blog\/wp-content\/uploads\/2020\/05\/designenlassen-forstbetrieb-logo-dyroff2-300x300.png 300w, https:\/\/www.designenlassen.de\/blog\/wp-content\/uploads\/2020\/05\/designenlassen-forstbetrieb-logo-dyroff2-150x150.png 150w, https:\/\/www.designenlassen.de\/blog\/wp-content\/uploads\/2020\/05\/designenlassen-forstbetrieb-logo-dyroff2-768x768.png 768w\" sizes=\"(max-width: 1000px) 100vw, 1000px\" \/><\/figure>\n\n\n\n<figure class=\"wp-block-image size-large\"><img loading=\"lazy\" decoding=\"async\" width=\"1754\" height=\"987\" data-id=\"32489\" src=\"https:\/\/www.designenlassen.de\/blog\/wp-content\/uploads\/2024\/09\/designenlassen-forstbetrieb-logo-kettwieger-edited.png\" alt=\"\" class=\"wp-image-32489\" srcset=\"https:\/\/www.designenlassen.de\/blog\/wp-content\/uploads\/2024\/09\/designenlassen-forstbetrieb-logo-kettwieger-edited.png 1754w, https:\/\/www.designenlassen.de\/blog\/wp-content\/uploads\/2024\/09\/designenlassen-forstbetrieb-logo-kettwieger-edited-300x169.png 300w, https:\/\/www.designenlassen.de\/blog\/wp-content\/uploads\/2024\/09\/designenlassen-forstbetrieb-logo-kettwieger-edited-1024x576.png 1024w, https:\/\/www.designenlassen.de\/blog\/wp-content\/uploads\/2024\/09\/designenlassen-forstbetrieb-logo-kettwieger-edited-768x432.png 768w, https:\/\/www.designenlassen.de\/blog\/wp-content\/uploads\/2024\/09\/designenlassen-forstbetrieb-logo-kettwieger-edited-1536x864.png 1536w\" sizes=\"(max-width: 1754px) 100vw, 1754px\" \/><\/figure>\n<\/figure>\n\n\n\n<div class=\"wp-block-buttons is-content-justification-center is-layout-flex wp-container-core-buttons-is-layout-16018d1d wp-block-buttons-is-layout-flex\">\n<div class=\"wp-block-button is-style-fill\"><a class=\"wp-block-button__link has-white-color has-text-color has-background has-text-align-left wp-element-button\" href=\"https:\/\/www.designenlassen.de\/logo-design?utm_source=blog&amp;utm_medium=button&amp;utm_campaign=blog-beitraege\" style=\"background-color:#091182\">Jetzt Logo erstellen<\/a><\/div>\n<\/div>\n\n\n\n<div style=\"height:48px\" aria-hidden=\"true\" class=\"wp-block-spacer\"><\/div>\n\n\n\n<h2 class=\"wp-block-heading\">Alternative Forstbetrieb Logos<\/h2>\n\n\n\n<p>Wenn Du m\u00f6chtest, dass sich Dein Logo von der Konkurrenz abhebt, bietet es sich an, ein Logo zu w\u00e4hlen, welches sich von der klassischen Gestaltung losl\u00f6st. Der Gestaltung sind hier keine Grenzen gesetzt. Wie genau das aussehen kann, zeigen Dir folgende Beispiele:<\/p>\n\n\n\n<figure class=\"wp-block-gallery has-nested-images columns-default is-cropped dl_picsub_black wp-block-gallery-8 is-layout-flex wp-block-gallery-is-layout-flex\">\n<figure class=\"wp-block-image size-large\"><img loading=\"lazy\" decoding=\"async\" width=\"880\" height=\"881\" data-id=\"20776\" src=\"https:\/\/www.designenlassen.de\/blog\/wp-content\/uploads\/2020\/04\/Forstbetrieb_Logo_Treelovers_514682.jpg\" alt=\"Forstbetrieb Logos, TreeLovers\" class=\"wp-image-20776\" srcset=\"https:\/\/www.designenlassen.de\/blog\/wp-content\/uploads\/2020\/04\/Forstbetrieb_Logo_Treelovers_514682.jpg 880w, https:\/\/www.designenlassen.de\/blog\/wp-content\/uploads\/2020\/04\/Forstbetrieb_Logo_Treelovers_514682-300x300.jpg 300w, https:\/\/www.designenlassen.de\/blog\/wp-content\/uploads\/2020\/04\/Forstbetrieb_Logo_Treelovers_514682-150x150.jpg 150w, https:\/\/www.designenlassen.de\/blog\/wp-content\/uploads\/2020\/04\/Forstbetrieb_Logo_Treelovers_514682-768x769.jpg 768w\" sizes=\"(max-width: 880px) 100vw, 880px\" \/><figcaption class=\"wp-element-caption\"><a href=\"https:\/\/www.designenlassen.de\/514682-logo-design-fuer-baumpflege-faellung\">Forstbetrieb Logo f\u00fcr Treelovers von Herzblutdesign<\/a><\/figcaption><\/figure>\n<\/figure>\n\n\n\n<figure class=\"wp-block-gallery has-nested-images columns-default is-cropped wp-block-gallery-9 is-layout-flex wp-block-gallery-is-layout-flex\">\n<figure class=\"wp-block-image size-large\"><img loading=\"lazy\" decoding=\"async\" width=\"800\" height=\"613\" data-id=\"20892\" src=\"https:\/\/www.designenlassen.de\/blog\/wp-content\/uploads\/2020\/05\/Forstbetrieb_Logo_Rotfl\u00fcelen_476331-2.png\" alt=\"Forstbetrieb Logo, Rotfl\u00fcelen\" class=\"wp-image-20892\" srcset=\"https:\/\/www.designenlassen.de\/blog\/wp-content\/uploads\/2020\/05\/Forstbetrieb_Logo_Rotfl\u00fcelen_476331-2.png 800w, https:\/\/www.designenlassen.de\/blog\/wp-content\/uploads\/2020\/05\/Forstbetrieb_Logo_Rotfl\u00fcelen_476331-2-300x230.png 300w, https:\/\/www.designenlassen.de\/blog\/wp-content\/uploads\/2020\/05\/Forstbetrieb_Logo_Rotfl\u00fcelen_476331-2-768x588.png 768w\" sizes=\"(max-width: 800px) 100vw, 800px\" \/><figcaption class=\"wp-element-caption\">Forstbetrieb Logo von gestalter <\/figcaption><\/figure>\n\n\n\n<figure class=\"wp-block-image size-large\"><img loading=\"lazy\" decoding=\"async\" width=\"850\" height=\"750\" data-id=\"20834\" src=\"https:\/\/www.designenlassen.de\/blog\/wp-content\/uploads\/2020\/05\/Forstbetrieb_Logo_ForestforFuture_964657.jpg\" alt=\"Forstbetrieb Logo, Forest For Future\" class=\"wp-image-20834\" srcset=\"https:\/\/www.designenlassen.de\/blog\/wp-content\/uploads\/2020\/05\/Forstbetrieb_Logo_ForestforFuture_964657.jpg 850w, https:\/\/www.designenlassen.de\/blog\/wp-content\/uploads\/2020\/05\/Forstbetrieb_Logo_ForestforFuture_964657-300x265.jpg 300w, https:\/\/www.designenlassen.de\/blog\/wp-content\/uploads\/2020\/05\/Forstbetrieb_Logo_ForestforFuture_964657-768x678.jpg 768w\" sizes=\"(max-width: 850px) 100vw, 850px\" \/><figcaption class=\"wp-element-caption\">Forstbetrieb Logo von miQueh<\/figcaption><\/figure>\n<\/figure>\n\n\n\n<figure class=\"wp-block-gallery has-nested-images columns-default is-cropped wp-block-gallery-10 is-layout-flex wp-block-gallery-is-layout-flex\">\n<figure class=\"wp-block-image size-large\"><img loading=\"lazy\" decoding=\"async\" width=\"800\" height=\"528\" data-id=\"20905\" src=\"https:\/\/www.designenlassen.de\/blog\/wp-content\/uploads\/2020\/05\/Forstbetrieb_Logo_WaldgutEbbe_424957.jpg\" alt=\"Forstbetrieb Logo, Waldgut Ebbe\" class=\"wp-image-20905\" srcset=\"https:\/\/www.designenlassen.de\/blog\/wp-content\/uploads\/2020\/05\/Forstbetrieb_Logo_WaldgutEbbe_424957.jpg 800w, https:\/\/www.designenlassen.de\/blog\/wp-content\/uploads\/2020\/05\/Forstbetrieb_Logo_WaldgutEbbe_424957-300x198.jpg 300w, https:\/\/www.designenlassen.de\/blog\/wp-content\/uploads\/2020\/05\/Forstbetrieb_Logo_WaldgutEbbe_424957-768x507.jpg 768w\" sizes=\"(max-width: 800px) 100vw, 800px\" \/><figcaption class=\"wp-element-caption\"><a href=\"https:\/\/www.designenlassen.de\/424957-waldgut-sucht-logo-design\">Forstbetrieb Logo f\u00fcr Waldgut Ebbe von Mustard<\/a><\/figcaption><\/figure>\n<\/figure>\n\n\n\n<figure class=\"wp-block-gallery has-nested-images columns-default is-cropped wp-block-gallery-11 is-layout-flex wp-block-gallery-is-layout-flex\">\n<figure class=\"wp-block-image size-large\"><img loading=\"lazy\" decoding=\"async\" width=\"388\" height=\"380\" data-id=\"20900\" src=\"https:\/\/www.designenlassen.de\/blog\/wp-content\/uploads\/2020\/05\/Forstbetrieb_Logo_ItenHolztransporte_878372.jpg\" alt=\"Forstbetrieb Logo, Iten Holztransporte\" class=\"wp-image-20900\" srcset=\"https:\/\/www.designenlassen.de\/blog\/wp-content\/uploads\/2020\/05\/Forstbetrieb_Logo_ItenHolztransporte_878372.jpg 388w, https:\/\/www.designenlassen.de\/blog\/wp-content\/uploads\/2020\/05\/Forstbetrieb_Logo_ItenHolztransporte_878372-300x294.jpg 300w\" sizes=\"(max-width: 388px) 100vw, 388px\" \/><figcaption class=\"wp-element-caption\">Forstbetrieb Logo von Sashpictures<\/figcaption><\/figure>\n\n\n\n<figure class=\"wp-block-image size-large\"><img loading=\"lazy\" decoding=\"async\" width=\"523\" height=\"380\" data-id=\"20899\" src=\"https:\/\/www.designenlassen.de\/blog\/wp-content\/uploads\/2020\/05\/Forstbetrieb_Jaga_Logo_282596-1.jpg\" alt=\"Forstbetrieb Logo, Jaga Weyregg\" class=\"wp-image-20899\" srcset=\"https:\/\/www.designenlassen.de\/blog\/wp-content\/uploads\/2020\/05\/Forstbetrieb_Jaga_Logo_282596-1.jpg 523w, https:\/\/www.designenlassen.de\/blog\/wp-content\/uploads\/2020\/05\/Forstbetrieb_Jaga_Logo_282596-1-300x218.jpg 300w\" sizes=\"(max-width: 523px) 100vw, 523px\" \/><figcaption class=\"wp-element-caption\">Forstbetrieb Logo von Markus Jaeger <\/figcaption><\/figure>\n<\/figure>\n\n\n\n<figure class=\"wp-block-gallery has-nested-images columns-default is-cropped wp-block-gallery-12 is-layout-flex wp-block-gallery-is-layout-flex\">\n<figure class=\"wp-block-image size-large\"><img loading=\"lazy\" decoding=\"async\" width=\"800\" height=\"668\" data-id=\"20893\" src=\"https:\/\/www.designenlassen.de\/blog\/wp-content\/uploads\/2020\/05\/Forstbetrieb_Logo_meinBaum_356298.jpg\" alt=\"Forstbetrieb Logo, dein Baum \" class=\"wp-image-20893\" srcset=\"https:\/\/www.designenlassen.de\/blog\/wp-content\/uploads\/2020\/05\/Forstbetrieb_Logo_meinBaum_356298.jpg 800w, https:\/\/www.designenlassen.de\/blog\/wp-content\/uploads\/2020\/05\/Forstbetrieb_Logo_meinBaum_356298-300x251.jpg 300w, https:\/\/www.designenlassen.de\/blog\/wp-content\/uploads\/2020\/05\/Forstbetrieb_Logo_meinBaum_356298-768x641.jpg 768w\" sizes=\"(max-width: 800px) 100vw, 800px\" \/><figcaption class=\"wp-element-caption\"><a href=\"https:\/\/www.designenlassen.de\/356298-deinbaum\">Forstbetrieb Logo f\u00fcr dein Baum von TheAlex<\/a><\/figcaption><\/figure>\n<\/figure>\n\n\n\n<figure class=\"wp-block-gallery has-nested-images columns-default is-cropped wp-block-gallery-13 is-layout-flex wp-block-gallery-is-layout-flex\">\n<figure class=\"wp-block-image size-large\"><img loading=\"lazy\" decoding=\"async\" width=\"800\" height=\"259\" data-id=\"20772\" src=\"https:\/\/www.designenlassen.de\/blog\/wp-content\/uploads\/2020\/04\/Forstbetrieb_Logo_LinzerHolz_663842-1.png\" alt=\"Forstbetrieb Logo, Linzer Holz\" class=\"wp-image-20772\" srcset=\"https:\/\/www.designenlassen.de\/blog\/wp-content\/uploads\/2020\/04\/Forstbetrieb_Logo_LinzerHolz_663842-1.png 800w, https:\/\/www.designenlassen.de\/blog\/wp-content\/uploads\/2020\/04\/Forstbetrieb_Logo_LinzerHolz_663842-1-300x97.png 300w, https:\/\/www.designenlassen.de\/blog\/wp-content\/uploads\/2020\/04\/Forstbetrieb_Logo_LinzerHolz_663842-1-768x249.png 768w\" sizes=\"(max-width: 800px) 100vw, 800px\" \/><figcaption class=\"wp-element-caption\"><a href=\"https:\/\/www.designenlassen.de\/663842-logo-design-fuer-hackschnitzelproduzent-und-bandsaegewerk\">Forstbetrieb Logo, Linzer Holz<\/a><\/figcaption><\/figure>\n<\/figure>\n\n\n\n<p>Was sagst Du zu unseren Forstbetrieb Logos? Welches \u00fcberzeugt Dich am meisten? Lass es uns gerne wissen.<\/p>\n\n\n\n<div class=\"wp-block-buttons is-content-justification-center is-layout-flex wp-container-core-buttons-is-layout-16018d1d wp-block-buttons-is-layout-flex\">\n<div class=\"wp-block-button is-style-fill\"><a class=\"wp-block-button__link has-white-color has-text-color has-background has-text-align-left wp-element-button\" href=\"https:\/\/www.designenlassen.de\/logo-design?utm_source=blog&amp;utm_medium=button&amp;utm_campaign=blog-beitraege\" style=\"background-color:#091182\">Jetzt Logo erstellen<\/a><\/div>\n<\/div>\n\n\n\n<div style=\"height:68px\" aria-hidden=\"true\" class=\"wp-block-spacer\"><\/div>\n\n\n\n<h2 class=\"wp-block-heading\">\u00c4hnliche Beitr\u00e4ge:<\/h2>\n\n\n\n<p><a href=\"https:\/\/www.designenlassen.de\/blog\/16-baum-logos-als-inspiration-fuer-dein-business\/\">16 Baum Logos als Inspiration f\u00fcr Dein Business<\/a><\/p>\n\n\n\n<p><a href=\"https:\/\/www.designenlassen.de\/blog\/14-tischler-schreiner-logos-die-das-holzhandwerk-revolutionieren\/\">14 Tischler &amp; Schreiner Logos, die das Holzhandwerk revolutionieren<\/a><\/p>\n\n\n\n<p><a href=\"https:\/\/www.designenlassen.de\/blog\/gruene-logos-mit-denen-dein-unternehmen-gruenes-licht-erhaelt\/\">Gr\u00fcne Logos, mit denen Dein Unternehmen gr\u00fcnes Licht erh\u00e4lt<\/a><\/p>\n","protected":false},"excerpt":{"rendered":"<p>Buche, Birke, Eiche \u2013 jede Baumart hat seine einzigartige Charakteristika. So auch jeder Forstbetrieb. Mit einem&hellip;<\/p>\n","protected":false},"author":24,"featured_media":20767,"comment_status":"open","ping_status":"open","sticky":false,"template":"","format":"standard","meta":{"_lmt_disableupdate":"","_lmt_disable":"","footnotes":""},"categories":[19],"tags":[],"class_list":["post-20708","post","type-post","status-publish","format-standard","has-post-thumbnail","hentry","category-inspiration"],"yoast_head":"<!-- This site is optimized with the Yoast SEO plugin v27.5 - https:\/\/yoast.com\/product\/yoast-seo-wordpress\/ -->\n<title>27 Forstbetrieb Logos, die sofort ins Auge fallen<\/title>\n<meta name=\"description\" content=\"Ein Forstbetrieb Logo soll Qualit\u00e4t, Know-How und Individualit\u00e4t ausstrahlen. Wie ein passendes Logo-Design f\u00fcr einen Forstbetrieb gestaltet werden kann, zeigen wir Dir in dieser Design-Galerie. Lass Dich inspirieren!\" \/>\n<meta name=\"robots\" content=\"index, follow, max-snippet:-1, max-image-preview:large, max-video-preview:-1\" \/>\n<link rel=\"canonical\" href=\"https:\/\/www.designenlassen.de\/blog\/15-forstbetrieb-logos-die-sofort-ins-auge-fallen\/\" \/>\n<meta property=\"og:locale\" content=\"de_DE\" \/>\n<meta property=\"og:type\" content=\"article\" \/>\n<meta property=\"og:title\" content=\"27 Forstbetrieb Logos, die sofort ins Auge fallen\" \/>\n<meta property=\"og:description\" content=\"Ein Forstbetrieb Logo soll Qualit\u00e4t, Know-How und Individualit\u00e4t ausstrahlen. Wie ein passendes Logo-Design f\u00fcr einen Forstbetrieb gestaltet werden kann, zeigen wir Dir in dieser Design-Galerie. Lass Dich inspirieren!\" \/>\n<meta property=\"og:url\" content=\"https:\/\/www.designenlassen.de\/blog\/15-forstbetrieb-logos-die-sofort-ins-auge-fallen\/\" \/>\n<meta property=\"og:site_name\" content=\"designenlassen.de Blog\" \/>\n<meta property=\"article:published_time\" content=\"2020-05-28T09:38:23+00:00\" \/>\n<meta property=\"article:modified_time\" content=\"2024-09-13T09:55:19+00:00\" \/>\n<meta property=\"og:image\" content=\"https:\/\/www.designenlassen.de\/blog\/wp-content\/uploads\/2020\/04\/Forstebtrieb_Logo_W\u00f6hrle_339325-1.jpg\" \/>\n\t<meta property=\"og:image:width\" content=\"800\" \/>\n\t<meta property=\"og:image:height\" content=\"677\" \/>\n\t<meta property=\"og:image:type\" content=\"image\/jpeg\" \/>\n<meta name=\"author\" content=\"Patrick Schady\" \/>\n<meta name=\"twitter:card\" content=\"summary_large_image\" \/>\n<meta name=\"twitter:label1\" content=\"Verfasst von\" \/>\n\t<meta name=\"twitter:data1\" content=\"Patrick Schady\" \/>\n\t<meta name=\"twitter:label2\" content=\"Gesch\u00e4tzte Lesezeit\" \/>\n\t<meta name=\"twitter:data2\" content=\"7\u00a0Minuten\" \/>\n<script type=\"application\/ld+json\" class=\"yoast-schema-graph\">{\"@context\":\"https:\\\/\\\/schema.org\",\"@graph\":[{\"@type\":\"Article\",\"@id\":\"https:\\\/\\\/www.designenlassen.de\\\/blog\\\/15-forstbetrieb-logos-die-sofort-ins-auge-fallen\\\/#article\",\"isPartOf\":{\"@id\":\"https:\\\/\\\/www.designenlassen.de\\\/blog\\\/15-forstbetrieb-logos-die-sofort-ins-auge-fallen\\\/\"},\"author\":{\"name\":\"Patrick Schady\",\"@id\":\"https:\\\/\\\/www.designenlassen.de\\\/blog\\\/#\\\/schema\\\/person\\\/1e6e4a367ec0359155d5fbb01227c1ca\"},\"headline\":\"27 Forstbetrieb Logos, die sofort ins Auge fallen\",\"datePublished\":\"2020-05-28T09:38:23+00:00\",\"dateModified\":\"2024-09-13T09:55:19+00:00\",\"mainEntityOfPage\":{\"@id\":\"https:\\\/\\\/www.designenlassen.de\\\/blog\\\/15-forstbetrieb-logos-die-sofort-ins-auge-fallen\\\/\"},\"wordCount\":294,\"commentCount\":1,\"image\":{\"@id\":\"https:\\\/\\\/www.designenlassen.de\\\/blog\\\/15-forstbetrieb-logos-die-sofort-ins-auge-fallen\\\/#primaryimage\"},\"thumbnailUrl\":\"https:\\\/\\\/www.designenlassen.de\\\/blog\\\/wp-content\\\/uploads\\\/2020\\\/04\\\/Forstebtrieb_Logo_W\u00f6hrle_339325-1.jpg\",\"articleSection\":[\"Design-Galerien\"],\"inLanguage\":\"de\",\"potentialAction\":[{\"@type\":\"CommentAction\",\"name\":\"Comment\",\"target\":[\"https:\\\/\\\/www.designenlassen.de\\\/blog\\\/15-forstbetrieb-logos-die-sofort-ins-auge-fallen\\\/#respond\"]}]},{\"@type\":\"WebPage\",\"@id\":\"https:\\\/\\\/www.designenlassen.de\\\/blog\\\/15-forstbetrieb-logos-die-sofort-ins-auge-fallen\\\/\",\"url\":\"https:\\\/\\\/www.designenlassen.de\\\/blog\\\/15-forstbetrieb-logos-die-sofort-ins-auge-fallen\\\/\",\"name\":\"27 Forstbetrieb Logos, die sofort ins Auge fallen\",\"isPartOf\":{\"@id\":\"https:\\\/\\\/www.designenlassen.de\\\/blog\\\/#website\"},\"primaryImageOfPage\":{\"@id\":\"https:\\\/\\\/www.designenlassen.de\\\/blog\\\/15-forstbetrieb-logos-die-sofort-ins-auge-fallen\\\/#primaryimage\"},\"image\":{\"@id\":\"https:\\\/\\\/www.designenlassen.de\\\/blog\\\/15-forstbetrieb-logos-die-sofort-ins-auge-fallen\\\/#primaryimage\"},\"thumbnailUrl\":\"https:\\\/\\\/www.designenlassen.de\\\/blog\\\/wp-content\\\/uploads\\\/2020\\\/04\\\/Forstebtrieb_Logo_W\u00f6hrle_339325-1.jpg\",\"datePublished\":\"2020-05-28T09:38:23+00:00\",\"dateModified\":\"2024-09-13T09:55:19+00:00\",\"author\":{\"@id\":\"https:\\\/\\\/www.designenlassen.de\\\/blog\\\/#\\\/schema\\\/person\\\/1e6e4a367ec0359155d5fbb01227c1ca\"},\"description\":\"Ein Forstbetrieb Logo soll Qualit\u00e4t, Know-How und Individualit\u00e4t ausstrahlen. Wie ein passendes Logo-Design f\u00fcr einen Forstbetrieb gestaltet werden kann, zeigen wir Dir in dieser Design-Galerie. Lass Dich inspirieren!\",\"breadcrumb\":{\"@id\":\"https:\\\/\\\/www.designenlassen.de\\\/blog\\\/15-forstbetrieb-logos-die-sofort-ins-auge-fallen\\\/#breadcrumb\"},\"inLanguage\":\"de\",\"potentialAction\":[{\"@type\":\"ReadAction\",\"target\":[\"https:\\\/\\\/www.designenlassen.de\\\/blog\\\/15-forstbetrieb-logos-die-sofort-ins-auge-fallen\\\/\"]}]},{\"@type\":\"ImageObject\",\"inLanguage\":\"de\",\"@id\":\"https:\\\/\\\/www.designenlassen.de\\\/blog\\\/15-forstbetrieb-logos-die-sofort-ins-auge-fallen\\\/#primaryimage\",\"url\":\"https:\\\/\\\/www.designenlassen.de\\\/blog\\\/wp-content\\\/uploads\\\/2020\\\/04\\\/Forstebtrieb_Logo_W\u00f6hrle_339325-1.jpg\",\"contentUrl\":\"https:\\\/\\\/www.designenlassen.de\\\/blog\\\/wp-content\\\/uploads\\\/2020\\\/04\\\/Forstebtrieb_Logo_W\u00f6hrle_339325-1.jpg\",\"width\":800,\"height\":677,\"caption\":\"Forstbetrieb Logo, W\u00f6hrle\"},{\"@type\":\"BreadcrumbList\",\"@id\":\"https:\\\/\\\/www.designenlassen.de\\\/blog\\\/15-forstbetrieb-logos-die-sofort-ins-auge-fallen\\\/#breadcrumb\",\"itemListElement\":[{\"@type\":\"ListItem\",\"position\":1,\"name\":\"Start\",\"item\":\"https:\\\/\\\/www.designenlassen.de\\\/blog\\\/\"},{\"@type\":\"ListItem\",\"position\":2,\"name\":\"27 Forstbetrieb Logos, die sofort ins Auge fallen\"}]},{\"@type\":\"WebSite\",\"@id\":\"https:\\\/\\\/www.designenlassen.de\\\/blog\\\/#website\",\"url\":\"https:\\\/\\\/www.designenlassen.de\\\/blog\\\/\",\"name\":\"designenlassen.de Blog\",\"description\":\"Inspirationen, Tipps und Ideen f\u00fcr Designer sowie Gr\u00fcnder und Kleinbetriebe.\",\"potentialAction\":[{\"@type\":\"SearchAction\",\"target\":{\"@type\":\"EntryPoint\",\"urlTemplate\":\"https:\\\/\\\/www.designenlassen.de\\\/blog\\\/?s={search_term_string}\"},\"query-input\":{\"@type\":\"PropertyValueSpecification\",\"valueRequired\":true,\"valueName\":\"search_term_string\"}}],\"inLanguage\":\"de\"},{\"@type\":\"Person\",\"@id\":\"https:\\\/\\\/www.designenlassen.de\\\/blog\\\/#\\\/schema\\\/person\\\/1e6e4a367ec0359155d5fbb01227c1ca\",\"name\":\"Patrick Schady\",\"image\":{\"@type\":\"ImageObject\",\"inLanguage\":\"de\",\"@id\":\"https:\\\/\\\/secure.gravatar.com\\\/avatar\\\/41cfafecfbfd30ee6bc4cc02dd530ef067050210239f1d60debda10ce9c038d7?s=96&d=mm&r=g\",\"url\":\"https:\\\/\\\/secure.gravatar.com\\\/avatar\\\/41cfafecfbfd30ee6bc4cc02dd530ef067050210239f1d60debda10ce9c038d7?s=96&d=mm&r=g\",\"contentUrl\":\"https:\\\/\\\/secure.gravatar.com\\\/avatar\\\/41cfafecfbfd30ee6bc4cc02dd530ef067050210239f1d60debda10ce9c038d7?s=96&d=mm&r=g\",\"caption\":\"Patrick Schady\"},\"url\":\"https:\\\/\\\/www.designenlassen.de\\\/blog\\\/author\\\/patrick\\\/\"}]}<\/script>\n<!-- \/ Yoast SEO plugin. -->","yoast_head_json":{"title":"27 Forstbetrieb Logos, die sofort ins Auge fallen","description":"Ein Forstbetrieb Logo soll Qualit\u00e4t, Know-How und Individualit\u00e4t ausstrahlen. Wie ein passendes Logo-Design f\u00fcr einen Forstbetrieb gestaltet werden kann, zeigen wir Dir in dieser Design-Galerie. Lass Dich inspirieren!","robots":{"index":"index","follow":"follow","max-snippet":"max-snippet:-1","max-image-preview":"max-image-preview:large","max-video-preview":"max-video-preview:-1"},"canonical":"https:\/\/www.designenlassen.de\/blog\/15-forstbetrieb-logos-die-sofort-ins-auge-fallen\/","og_locale":"de_DE","og_type":"article","og_title":"27 Forstbetrieb Logos, die sofort ins Auge fallen","og_description":"Ein Forstbetrieb Logo soll Qualit\u00e4t, Know-How und Individualit\u00e4t ausstrahlen. Wie ein passendes Logo-Design f\u00fcr einen Forstbetrieb gestaltet werden kann, zeigen wir Dir in dieser Design-Galerie. Lass Dich inspirieren!","og_url":"https:\/\/www.designenlassen.de\/blog\/15-forstbetrieb-logos-die-sofort-ins-auge-fallen\/","og_site_name":"designenlassen.de Blog","article_published_time":"2020-05-28T09:38:23+00:00","article_modified_time":"2024-09-13T09:55:19+00:00","og_image":[{"width":800,"height":677,"url":"https:\/\/www.designenlassen.de\/blog\/wp-content\/uploads\/2020\/04\/Forstebtrieb_Logo_W\u00f6hrle_339325-1.jpg","type":"image\/jpeg"}],"author":"Patrick Schady","twitter_card":"summary_large_image","twitter_misc":{"Verfasst von":"Patrick Schady","Gesch\u00e4tzte Lesezeit":"7\u00a0Minuten"},"schema":{"@context":"https:\/\/schema.org","@graph":[{"@type":"Article","@id":"https:\/\/www.designenlassen.de\/blog\/15-forstbetrieb-logos-die-sofort-ins-auge-fallen\/#article","isPartOf":{"@id":"https:\/\/www.designenlassen.de\/blog\/15-forstbetrieb-logos-die-sofort-ins-auge-fallen\/"},"author":{"name":"Patrick Schady","@id":"https:\/\/www.designenlassen.de\/blog\/#\/schema\/person\/1e6e4a367ec0359155d5fbb01227c1ca"},"headline":"27 Forstbetrieb Logos, die sofort ins Auge fallen","datePublished":"2020-05-28T09:38:23+00:00","dateModified":"2024-09-13T09:55:19+00:00","mainEntityOfPage":{"@id":"https:\/\/www.designenlassen.de\/blog\/15-forstbetrieb-logos-die-sofort-ins-auge-fallen\/"},"wordCount":294,"commentCount":1,"image":{"@id":"https:\/\/www.designenlassen.de\/blog\/15-forstbetrieb-logos-die-sofort-ins-auge-fallen\/#primaryimage"},"thumbnailUrl":"https:\/\/www.designenlassen.de\/blog\/wp-content\/uploads\/2020\/04\/Forstebtrieb_Logo_W\u00f6hrle_339325-1.jpg","articleSection":["Design-Galerien"],"inLanguage":"de","potentialAction":[{"@type":"CommentAction","name":"Comment","target":["https:\/\/www.designenlassen.de\/blog\/15-forstbetrieb-logos-die-sofort-ins-auge-fallen\/#respond"]}]},{"@type":"WebPage","@id":"https:\/\/www.designenlassen.de\/blog\/15-forstbetrieb-logos-die-sofort-ins-auge-fallen\/","url":"https:\/\/www.designenlassen.de\/blog\/15-forstbetrieb-logos-die-sofort-ins-auge-fallen\/","name":"27 Forstbetrieb Logos, die sofort ins Auge fallen","isPartOf":{"@id":"https:\/\/www.designenlassen.de\/blog\/#website"},"primaryImageOfPage":{"@id":"https:\/\/www.designenlassen.de\/blog\/15-forstbetrieb-logos-die-sofort-ins-auge-fallen\/#primaryimage"},"image":{"@id":"https:\/\/www.designenlassen.de\/blog\/15-forstbetrieb-logos-die-sofort-ins-auge-fallen\/#primaryimage"},"thumbnailUrl":"https:\/\/www.designenlassen.de\/blog\/wp-content\/uploads\/2020\/04\/Forstebtrieb_Logo_W\u00f6hrle_339325-1.jpg","datePublished":"2020-05-28T09:38:23+00:00","dateModified":"2024-09-13T09:55:19+00:00","author":{"@id":"https:\/\/www.designenlassen.de\/blog\/#\/schema\/person\/1e6e4a367ec0359155d5fbb01227c1ca"},"description":"Ein Forstbetrieb Logo soll Qualit\u00e4t, Know-How und Individualit\u00e4t ausstrahlen. Wie ein passendes Logo-Design f\u00fcr einen Forstbetrieb gestaltet werden kann, zeigen wir Dir in dieser Design-Galerie. Lass Dich inspirieren!","breadcrumb":{"@id":"https:\/\/www.designenlassen.de\/blog\/15-forstbetrieb-logos-die-sofort-ins-auge-fallen\/#breadcrumb"},"inLanguage":"de","potentialAction":[{"@type":"ReadAction","target":["https:\/\/www.designenlassen.de\/blog\/15-forstbetrieb-logos-die-sofort-ins-auge-fallen\/"]}]},{"@type":"ImageObject","inLanguage":"de","@id":"https:\/\/www.designenlassen.de\/blog\/15-forstbetrieb-logos-die-sofort-ins-auge-fallen\/#primaryimage","url":"https:\/\/www.designenlassen.de\/blog\/wp-content\/uploads\/2020\/04\/Forstebtrieb_Logo_W\u00f6hrle_339325-1.jpg","contentUrl":"https:\/\/www.designenlassen.de\/blog\/wp-content\/uploads\/2020\/04\/Forstebtrieb_Logo_W\u00f6hrle_339325-1.jpg","width":800,"height":677,"caption":"Forstbetrieb Logo, W\u00f6hrle"},{"@type":"BreadcrumbList","@id":"https:\/\/www.designenlassen.de\/blog\/15-forstbetrieb-logos-die-sofort-ins-auge-fallen\/#breadcrumb","itemListElement":[{"@type":"ListItem","position":1,"name":"Start","item":"https:\/\/www.designenlassen.de\/blog\/"},{"@type":"ListItem","position":2,"name":"27 Forstbetrieb Logos, die sofort ins Auge fallen"}]},{"@type":"WebSite","@id":"https:\/\/www.designenlassen.de\/blog\/#website","url":"https:\/\/www.designenlassen.de\/blog\/","name":"designenlassen.de Blog","description":"Inspirationen, Tipps und Ideen f\u00fcr Designer sowie Gr\u00fcnder und Kleinbetriebe.","potentialAction":[{"@type":"SearchAction","target":{"@type":"EntryPoint","urlTemplate":"https:\/\/www.designenlassen.de\/blog\/?s={search_term_string}"},"query-input":{"@type":"PropertyValueSpecification","valueRequired":true,"valueName":"search_term_string"}}],"inLanguage":"de"},{"@type":"Person","@id":"https:\/\/www.designenlassen.de\/blog\/#\/schema\/person\/1e6e4a367ec0359155d5fbb01227c1ca","name":"Patrick Schady","image":{"@type":"ImageObject","inLanguage":"de","@id":"https:\/\/secure.gravatar.com\/avatar\/41cfafecfbfd30ee6bc4cc02dd530ef067050210239f1d60debda10ce9c038d7?s=96&d=mm&r=g","url":"https:\/\/secure.gravatar.com\/avatar\/41cfafecfbfd30ee6bc4cc02dd530ef067050210239f1d60debda10ce9c038d7?s=96&d=mm&r=g","contentUrl":"https:\/\/secure.gravatar.com\/avatar\/41cfafecfbfd30ee6bc4cc02dd530ef067050210239f1d60debda10ce9c038d7?s=96&d=mm&r=g","caption":"Patrick Schady"},"url":"https:\/\/www.designenlassen.de\/blog\/author\/patrick\/"}]}},"_links":{"self":[{"href":"https:\/\/www.designenlassen.de\/blog\/wp-json\/wp\/v2\/posts\/20708","targetHints":{"allow":["GET"]}}],"collection":[{"href":"https:\/\/www.designenlassen.de\/blog\/wp-json\/wp\/v2\/posts"}],"about":[{"href":"https:\/\/www.designenlassen.de\/blog\/wp-json\/wp\/v2\/types\/post"}],"author":[{"embeddable":true,"href":"https:\/\/www.designenlassen.de\/blog\/wp-json\/wp\/v2\/users\/24"}],"replies":[{"embeddable":true,"href":"https:\/\/www.designenlassen.de\/blog\/wp-json\/wp\/v2\/comments?post=20708"}],"version-history":[{"count":39,"href":"https:\/\/www.designenlassen.de\/blog\/wp-json\/wp\/v2\/posts\/20708\/revisions"}],"predecessor-version":[{"id":32492,"href":"https:\/\/www.designenlassen.de\/blog\/wp-json\/wp\/v2\/posts\/20708\/revisions\/32492"}],"wp:featuredmedia":[{"embeddable":true,"href":"https:\/\/www.designenlassen.de\/blog\/wp-json\/wp\/v2\/media\/20767"}],"wp:attachment":[{"href":"https:\/\/www.designenlassen.de\/blog\/wp-json\/wp\/v2\/media?parent=20708"}],"wp:term":[{"taxonomy":"category","embeddable":true,"href":"https:\/\/www.designenlassen.de\/blog\/wp-json\/wp\/v2\/categories?post=20708"},{"taxonomy":"post_tag","embeddable":true,"href":"https:\/\/www.designenlassen.de\/blog\/wp-json\/wp\/v2\/tags?post=20708"}],"curies":[{"name":"wp","href":"https:\/\/api.w.org\/{rel}","templated":true}]}}