{"id":20741,"date":"2020-05-20T10:00:00","date_gmt":"2020-05-20T08:00:00","guid":{"rendered":"https:\/\/www.designenlassen.de\/blog\/?p=20741"},"modified":"2024-09-17T09:23:52","modified_gmt":"2024-09-17T07:23:52","slug":"14-berglogos-die-deinem-unternehmen-die-beste-aussicht-ermoeglichen","status":"publish","type":"post","link":"https:\/\/www.designenlassen.de\/blog\/14-berglogos-die-deinem-unternehmen-die-beste-aussicht-ermoeglichen\/","title":{"rendered":"14 Berglogos, die Deinem Unternehmen die beste Aussicht erm\u00f6glichen"},"content":{"rendered":"\n<p>Ein Berg steht symbolisch f\u00fcr Kraft, St\u00e4rke und eine feste Verankerung. Ein Berg im Logo eignet sich somit perfekt f\u00fcr Unternehmen, die genau dies ausstrahlen m\u00f6chten. Doch ein Berg Logo schafft selbstverst\u00e4ndlich auch einen r\u00e4umlichen Bezug zum Standort des Unternehmens und kann demnach auch eingesetzt werden, wenn sich Dein Hof oder Dein Restaurant auf einem Berg befindet. Lass Dich im Folgenden von unseren kr\u00e4ftigen Berglogos f\u00fcr Dein Projekt inspirieren!<\/p>\n\n\n\n<div class=\"wp-block-buttons is-content-justification-center is-layout-flex wp-container-core-buttons-is-layout-16018d1d wp-block-buttons-is-layout-flex\">\n<div class=\"wp-block-button is-style-fill\"><a class=\"wp-block-button__link has-white-color has-text-color has-background has-text-align-left wp-element-button\" href=\"https:\/\/www.designenlassen.de\/logo-design?utm_source=blog&amp;utm_medium=button&amp;utm_campaign=blog-beitraege\" style=\"background-color:#091182\">Jetzt Logo erstellen<\/a><\/div>\n<\/div>\n\n\n\n<div style=\"height:27px\" aria-hidden=\"true\" class=\"wp-block-spacer\"><\/div>\n\n\n\n<h2 class=\"wp-block-heading\">Zarte Bildzeichen im Berglogo<\/h2>\n\n\n\n<p>Minimalistische Bildzeichen oder geometrische Line-Art, im Berglogo ist jede erdenkliche Gestaltung m\u00f6glich. Das Logo-Design sollte zu Dir und Deinen Unternehmenswerten passen und diese auch ansprechend vertreten.<\/p>\n\n\n\n<figure class=\"wp-block-gallery has-nested-images columns-default is-cropped dl_picsub_black wp-block-gallery-1 is-layout-flex wp-block-gallery-is-layout-flex\">\n<figure class=\"wp-block-image size-large\"><img fetchpriority=\"high\" decoding=\"async\" width=\"800\" height=\"463\" data-id=\"20764\" src=\"https:\/\/www.designenlassen.de\/blog\/wp-content\/uploads\/2020\/04\/Berg-Logo-Au\u00dfenwinkler-Hof-253955-frauherrig-2.jpg\" alt=\"Berg-Logo-Au\u00dfenwinkler-Hof\" class=\"wp-image-20764\" srcset=\"https:\/\/www.designenlassen.de\/blog\/wp-content\/uploads\/2020\/04\/Berg-Logo-Au\u00dfenwinkler-Hof-253955-frauherrig-2.jpg 800w, https:\/\/www.designenlassen.de\/blog\/wp-content\/uploads\/2020\/04\/Berg-Logo-Au\u00dfenwinkler-Hof-253955-frauherrig-2-300x174.jpg 300w, https:\/\/www.designenlassen.de\/blog\/wp-content\/uploads\/2020\/04\/Berg-Logo-Au\u00dfenwinkler-Hof-253955-frauherrig-2-768x444.jpg 768w\" sizes=\"(max-width: 800px) 100vw, 800px\" \/><figcaption class=\"wp-element-caption\"><a href=\"https:\/\/www.designenlassen.de\/253955-logo-design-fuer-einen-bergbauern-betrieb\">Berglogo von Designerin frauherrig<\/a><\/figcaption><\/figure>\n<\/figure>\n\n\n\n<figure class=\"wp-block-gallery has-nested-images columns-default is-cropped dl_picsub_black wp-block-gallery-2 is-layout-flex wp-block-gallery-is-layout-flex\">\n<figure class=\"wp-block-image size-large\"><img decoding=\"async\" width=\"338\" height=\"338\" data-id=\"20748\" src=\"https:\/\/www.designenlassen.de\/blog\/wp-content\/uploads\/2020\/04\/Berge-Logo-Design-Alpenwert-Immobilien-982128-bimalkan-1.png\" alt=\"Berge-Logo-Design-Alpenwert-Immobilien\" class=\"wp-image-20748\" srcset=\"https:\/\/www.designenlassen.de\/blog\/wp-content\/uploads\/2020\/04\/Berge-Logo-Design-Alpenwert-Immobilien-982128-bimalkan-1.png 338w, https:\/\/www.designenlassen.de\/blog\/wp-content\/uploads\/2020\/04\/Berge-Logo-Design-Alpenwert-Immobilien-982128-bimalkan-1-300x300.png 300w, https:\/\/www.designenlassen.de\/blog\/wp-content\/uploads\/2020\/04\/Berge-Logo-Design-Alpenwert-Immobilien-982128-bimalkan-1-150x150.png 150w\" sizes=\"(max-width: 338px) 100vw, 338px\" \/><figcaption class=\"wp-element-caption\">Berglogo von bimalkan<\/figcaption><\/figure>\n\n\n\n<figure class=\"wp-block-image size-large\"><img decoding=\"async\" width=\"338\" height=\"338\" data-id=\"20749\" src=\"https:\/\/www.designenlassen.de\/blog\/wp-content\/uploads\/2020\/04\/Berglogo-Alpine-Sicherheit-269966-axelart-1.png\" alt=\"Berglogo-Alpine-Sicherheit\" class=\"wp-image-20749\" srcset=\"https:\/\/www.designenlassen.de\/blog\/wp-content\/uploads\/2020\/04\/Berglogo-Alpine-Sicherheit-269966-axelart-1.png 338w, https:\/\/www.designenlassen.de\/blog\/wp-content\/uploads\/2020\/04\/Berglogo-Alpine-Sicherheit-269966-axelart-1-300x300.png 300w, https:\/\/www.designenlassen.de\/blog\/wp-content\/uploads\/2020\/04\/Berglogo-Alpine-Sicherheit-269966-axelart-1-150x150.png 150w\" sizes=\"(max-width: 338px) 100vw, 338px\" \/><figcaption class=\"wp-element-caption\">Berglogo von axelart<\/figcaption><\/figure>\n<\/figure>\n\n\n\n<figure class=\"wp-block-gallery has-nested-images columns-default is-cropped dl_picsub_black wp-block-gallery-3 is-layout-flex wp-block-gallery-is-layout-flex\">\n<figure class=\"wp-block-image size-large\"><img loading=\"lazy\" decoding=\"async\" width=\"800\" height=\"437\" data-id=\"20750\" src=\"https:\/\/www.designenlassen.de\/blog\/wp-content\/uploads\/2020\/04\/Incredible-Wilderness-Berg-Logo-Design-191725-madeline.jpg\" alt=\"Incredible-Wilderness-Berg-Logo-Design\" class=\"wp-image-20750\" srcset=\"https:\/\/www.designenlassen.de\/blog\/wp-content\/uploads\/2020\/04\/Incredible-Wilderness-Berg-Logo-Design-191725-madeline.jpg 800w, https:\/\/www.designenlassen.de\/blog\/wp-content\/uploads\/2020\/04\/Incredible-Wilderness-Berg-Logo-Design-191725-madeline-300x164.jpg 300w, https:\/\/www.designenlassen.de\/blog\/wp-content\/uploads\/2020\/04\/Incredible-Wilderness-Berg-Logo-Design-191725-madeline-768x420.jpg 768w\" sizes=\"(max-width: 800px) 100vw, 800px\" \/><figcaption class=\"wp-element-caption\"><a href=\"https:\/\/www.designenlassen.de\/191725-die-wildniss-ruft-reiseblog\">Zartes Berg Logo f\u00fcr Incredible Wilderness von madeline<\/a><\/figcaption><\/figure>\n<\/figure>\n\n\n\n<h2 class=\"wp-block-heading\">Einzigartige Berglogos mit Wiedererkennungswert<\/h2>\n\n\n\n<p>Wenn Du das Bildzeichen Deines Berglogos ein wenig auff\u00e4lliger und st\u00e4rker gestalten m\u00f6chtest, bietet sich ein Emblem oder ein allein stehendes Bildelement vielleicht perfekt f\u00fcr Dich an. In Kombination mit einem Schriftzug kann das Ganze direkt aufeinander abgestimmt werden.<\/p>\n\n\n\n<figure class=\"wp-block-gallery has-nested-images columns-default is-cropped dl_picsub_black wp-block-gallery-4 is-layout-flex wp-block-gallery-is-layout-flex\">\n<figure class=\"wp-block-image size-large\"><img loading=\"lazy\" decoding=\"async\" width=\"338\" height=\"338\" data-id=\"20751\" src=\"https:\/\/www.designenlassen.de\/blog\/wp-content\/uploads\/2020\/04\/Almpizza-Logo-Design-Berg-885458-bj0le.jpg\" alt=\"Almpizza-Logo-Design-Berg\" class=\"wp-image-20751\" srcset=\"https:\/\/www.designenlassen.de\/blog\/wp-content\/uploads\/2020\/04\/Almpizza-Logo-Design-Berg-885458-bj0le.jpg 338w, https:\/\/www.designenlassen.de\/blog\/wp-content\/uploads\/2020\/04\/Almpizza-Logo-Design-Berg-885458-bj0le-300x300.jpg 300w, https:\/\/www.designenlassen.de\/blog\/wp-content\/uploads\/2020\/04\/Almpizza-Logo-Design-Berg-885458-bj0le-150x150.jpg 150w\" sizes=\"(max-width: 338px) 100vw, 338px\" \/><figcaption class=\"wp-element-caption\">Berglogo von bj0le<\/figcaption><\/figure>\n\n\n\n<figure class=\"wp-block-image size-large\"><img loading=\"lazy\" decoding=\"async\" width=\"338\" height=\"338\" data-id=\"20752\" src=\"https:\/\/www.designenlassen.de\/blog\/wp-content\/uploads\/2020\/04\/GFL2020-Berge-Logo-211492-BJ-Habibie.png\" alt=\"GFL2020-Berge-Logo\" class=\"wp-image-20752\" srcset=\"https:\/\/www.designenlassen.de\/blog\/wp-content\/uploads\/2020\/04\/GFL2020-Berge-Logo-211492-BJ-Habibie.png 338w, https:\/\/www.designenlassen.de\/blog\/wp-content\/uploads\/2020\/04\/GFL2020-Berge-Logo-211492-BJ-Habibie-300x300.png 300w, https:\/\/www.designenlassen.de\/blog\/wp-content\/uploads\/2020\/04\/GFL2020-Berge-Logo-211492-BJ-Habibie-150x150.png 150w\" sizes=\"(max-width: 338px) 100vw, 338px\" \/><figcaption class=\"wp-element-caption\">Berglogo von BJ Habibie<\/figcaption><\/figure>\n<\/figure>\n\n\n\n<figure class=\"wp-block-gallery has-nested-images columns-default is-cropped dl_picsub_black wp-block-gallery-5 is-layout-flex wp-block-gallery-is-layout-flex\">\n<figure class=\"wp-block-image size-large\"><img loading=\"lazy\" decoding=\"async\" width=\"800\" height=\"445\" data-id=\"20753\" src=\"https:\/\/www.designenlassen.de\/blog\/wp-content\/uploads\/2020\/04\/Allg\u00e4u-Tourenbiker-Logo-Design-mit-Berg-856449-ahenk.jpg\" alt=\"Allg\u00e4u-Tourenbiker-Logo-Design-mit-Berg\" class=\"wp-image-20753\" srcset=\"https:\/\/www.designenlassen.de\/blog\/wp-content\/uploads\/2020\/04\/Allg\u00e4u-Tourenbiker-Logo-Design-mit-Berg-856449-ahenk.jpg 800w, https:\/\/www.designenlassen.de\/blog\/wp-content\/uploads\/2020\/04\/Allg\u00e4u-Tourenbiker-Logo-Design-mit-Berg-856449-ahenk-300x167.jpg 300w, https:\/\/www.designenlassen.de\/blog\/wp-content\/uploads\/2020\/04\/Allg\u00e4u-Tourenbiker-Logo-Design-mit-Berg-856449-ahenk-768x427.jpg 768w\" sizes=\"(max-width: 800px) 100vw, 800px\" \/><figcaption class=\"wp-element-caption\"><a href=\"https:\/\/www.designenlassen.de\/856449-kleine-community-forum-sucht-logo-design\">Berg Logo f\u00fcr Allg\u00e4u Tourenbiker von Designer ahenk<\/a><\/figcaption><\/figure>\n<\/figure>\n\n\n\n<figure class=\"wp-block-gallery has-nested-images columns-default is-cropped dl_picsub_black wp-block-gallery-6 is-layout-flex wp-block-gallery-is-layout-flex\">\n<figure class=\"wp-block-image size-large\"><img loading=\"lazy\" decoding=\"async\" width=\"338\" height=\"338\" data-id=\"20754\" src=\"https:\/\/www.designenlassen.de\/blog\/wp-content\/uploads\/2020\/04\/Artner-Naturprodukte-Berg-Logo-Design-133639-Kreaktiv.jpg\" alt=\"Artner-Naturprodukte-Berg-Logo-Design\" class=\"wp-image-20754\" srcset=\"https:\/\/www.designenlassen.de\/blog\/wp-content\/uploads\/2020\/04\/Artner-Naturprodukte-Berg-Logo-Design-133639-Kreaktiv.jpg 338w, https:\/\/www.designenlassen.de\/blog\/wp-content\/uploads\/2020\/04\/Artner-Naturprodukte-Berg-Logo-Design-133639-Kreaktiv-300x300.jpg 300w, https:\/\/www.designenlassen.de\/blog\/wp-content\/uploads\/2020\/04\/Artner-Naturprodukte-Berg-Logo-Design-133639-Kreaktiv-150x150.jpg 150w\" sizes=\"(max-width: 338px) 100vw, 338px\" \/><figcaption class=\"wp-element-caption\">Berglogo von Kreaktiv<\/figcaption><\/figure>\n\n\n\n<figure class=\"wp-block-image size-large\"><img loading=\"lazy\" decoding=\"async\" width=\"338\" height=\"338\" data-id=\"20755\" src=\"https:\/\/www.designenlassen.de\/blog\/wp-content\/uploads\/2020\/04\/InntalVet-Berglogo-319986-S-GRAPHICS.jpg\" alt=\"InntalVet-Berglogo\" class=\"wp-image-20755\" srcset=\"https:\/\/www.designenlassen.de\/blog\/wp-content\/uploads\/2020\/04\/InntalVet-Berglogo-319986-S-GRAPHICS.jpg 338w, https:\/\/www.designenlassen.de\/blog\/wp-content\/uploads\/2020\/04\/InntalVet-Berglogo-319986-S-GRAPHICS-300x300.jpg 300w, https:\/\/www.designenlassen.de\/blog\/wp-content\/uploads\/2020\/04\/InntalVet-Berglogo-319986-S-GRAPHICS-150x150.jpg 150w\" sizes=\"(max-width: 338px) 100vw, 338px\" \/><figcaption class=\"wp-element-caption\">Berglogo von S GRAPHICS<\/figcaption><\/figure>\n<\/figure>\n\n\n\n<figure class=\"wp-block-gallery has-nested-images columns-default is-cropped dl_picsub_black wp-block-gallery-7 is-layout-flex wp-block-gallery-is-layout-flex\">\n<figure class=\"wp-block-image size-large\"><img loading=\"lazy\" decoding=\"async\" width=\"338\" height=\"338\" data-id=\"20759\" src=\"https:\/\/www.designenlassen.de\/blog\/wp-content\/uploads\/2020\/04\/Berge-Logo-Mountainstamp-714371-PixelCatClub.jpg\" alt=\"Berge-Logo-Mountainstamp\" class=\"wp-image-20759\" srcset=\"https:\/\/www.designenlassen.de\/blog\/wp-content\/uploads\/2020\/04\/Berge-Logo-Mountainstamp-714371-PixelCatClub.jpg 338w, https:\/\/www.designenlassen.de\/blog\/wp-content\/uploads\/2020\/04\/Berge-Logo-Mountainstamp-714371-PixelCatClub-300x300.jpg 300w, https:\/\/www.designenlassen.de\/blog\/wp-content\/uploads\/2020\/04\/Berge-Logo-Mountainstamp-714371-PixelCatClub-150x150.jpg 150w\" sizes=\"(max-width: 338px) 100vw, 338px\" \/><figcaption class=\"wp-element-caption\">Berg Logo von PixelCatClub<\/figcaption><\/figure>\n\n\n\n<figure class=\"wp-block-image size-large\"><img loading=\"lazy\" decoding=\"async\" width=\"338\" height=\"338\" data-id=\"20760\" src=\"https:\/\/www.designenlassen.de\/blog\/wp-content\/uploads\/2020\/04\/Dr-Greisinger-Berg-Logo-449155-Raplizer.jpg\" alt=\"Dr-Greisinger-Berg-Logo\" class=\"wp-image-20760\" srcset=\"https:\/\/www.designenlassen.de\/blog\/wp-content\/uploads\/2020\/04\/Dr-Greisinger-Berg-Logo-449155-Raplizer.jpg 338w, https:\/\/www.designenlassen.de\/blog\/wp-content\/uploads\/2020\/04\/Dr-Greisinger-Berg-Logo-449155-Raplizer-300x300.jpg 300w, https:\/\/www.designenlassen.de\/blog\/wp-content\/uploads\/2020\/04\/Dr-Greisinger-Berg-Logo-449155-Raplizer-150x150.jpg 150w\" sizes=\"(max-width: 338px) 100vw, 338px\" \/><figcaption class=\"wp-element-caption\">Berg Logo von Raplizer<\/figcaption><\/figure>\n<\/figure>\n\n\n\n<h2 class=\"wp-block-heading\">Runde Logos mit Bergen<\/h2>\n\n\n\n<p>Ein rundes Logo strahlt stets ein gewisses Zugeh\u00f6rigkeitsgef\u00fchl und ein stimmiges Erscheinungsbild aus. Auch diese Art der Gestaltung eignet sich also perfekt f\u00fcr Dein Berglogo.<\/p>\n\n\n\n<figure class=\"wp-block-gallery has-nested-images columns-default is-cropped wp-block-gallery-8 is-layout-flex wp-block-gallery-is-layout-flex\">\n<figure class=\"wp-block-image size-large\"><img loading=\"lazy\" decoding=\"async\" width=\"800\" height=\"493\" data-id=\"20758\" src=\"https:\/\/www.designenlassen.de\/blog\/wp-content\/uploads\/2020\/04\/Imkerei-Mauracher-Berge-Logo-212383-lettArie.jpg\" alt=\"Imkerei-Mauracher-Berge-Logo\" class=\"wp-image-20758\" srcset=\"https:\/\/www.designenlassen.de\/blog\/wp-content\/uploads\/2020\/04\/Imkerei-Mauracher-Berge-Logo-212383-lettArie.jpg 800w, https:\/\/www.designenlassen.de\/blog\/wp-content\/uploads\/2020\/04\/Imkerei-Mauracher-Berge-Logo-212383-lettArie-300x185.jpg 300w, https:\/\/www.designenlassen.de\/blog\/wp-content\/uploads\/2020\/04\/Imkerei-Mauracher-Berge-Logo-212383-lettArie-768x473.jpg 768w\" sizes=\"(max-width: 800px) 100vw, 800px\" \/><figcaption class=\"wp-element-caption\">Rundes Logo mit Berg f\u00fcr Imkerei von lettArie<\/figcaption><\/figure>\n<\/figure>\n\n\n\n<figure class=\"wp-block-gallery has-nested-images columns-default is-cropped dl_picsub_black wp-block-gallery-9 is-layout-flex wp-block-gallery-is-layout-flex\">\n<figure class=\"wp-block-image size-large\"><img loading=\"lazy\" decoding=\"async\" width=\"338\" height=\"338\" data-id=\"20756\" src=\"https:\/\/www.designenlassen.de\/blog\/wp-content\/uploads\/2020\/04\/Almpizza-Logo-mit-Berg-885458-wiebkefleischmann.jpg\" alt=\"Almpizza-Logo-mit-Berg\" class=\"wp-image-20756\" srcset=\"https:\/\/www.designenlassen.de\/blog\/wp-content\/uploads\/2020\/04\/Almpizza-Logo-mit-Berg-885458-wiebkefleischmann.jpg 338w, https:\/\/www.designenlassen.de\/blog\/wp-content\/uploads\/2020\/04\/Almpizza-Logo-mit-Berg-885458-wiebkefleischmann-300x300.jpg 300w, https:\/\/www.designenlassen.de\/blog\/wp-content\/uploads\/2020\/04\/Almpizza-Logo-mit-Berg-885458-wiebkefleischmann-150x150.jpg 150w\" sizes=\"(max-width: 338px) 100vw, 338px\" \/><figcaption class=\"wp-element-caption\">Berg Logo von wiebkefleischmann<\/figcaption><\/figure>\n\n\n\n<figure class=\"wp-block-image size-large\"><img loading=\"lazy\" decoding=\"async\" width=\"338\" height=\"338\" data-id=\"20757\" src=\"https:\/\/www.designenlassen.de\/blog\/wp-content\/uploads\/2020\/04\/Leckeres-Weserbergland-344742-qcgfxlearn.jpg\" alt=\"Leckeres-Weserbergland\" class=\"wp-image-20757\" srcset=\"https:\/\/www.designenlassen.de\/blog\/wp-content\/uploads\/2020\/04\/Leckeres-Weserbergland-344742-qcgfxlearn.jpg 338w, https:\/\/www.designenlassen.de\/blog\/wp-content\/uploads\/2020\/04\/Leckeres-Weserbergland-344742-qcgfxlearn-300x300.jpg 300w, https:\/\/www.designenlassen.de\/blog\/wp-content\/uploads\/2020\/04\/Leckeres-Weserbergland-344742-qcgfxlearn-150x150.jpg 150w\" sizes=\"(max-width: 338px) 100vw, 338px\" \/><figcaption class=\"wp-element-caption\">Berg Logo von qcgfxlearn<\/figcaption><\/figure>\n<\/figure>\n\n\n\n<p>Welches der eben gezeigten Berg Logos strahlt Deiner Meinung nach am meisten St\u00e4rke aus?<\/p>\n\n\n\n<div class=\"wp-block-buttons is-content-justification-center is-layout-flex wp-container-core-buttons-is-layout-16018d1d wp-block-buttons-is-layout-flex\">\n<div class=\"wp-block-button is-style-fill\"><a class=\"wp-block-button__link has-white-color has-text-color has-background has-text-align-left wp-element-button\" href=\"https:\/\/www.designenlassen.de\/logo-design?utm_source=blog&amp;utm_medium=button&amp;utm_campaign=blog-beitraege\" style=\"background-color:#091182\">Jetzt Logo erstellen<\/a><\/div>\n<\/div>\n\n\n\n<div style=\"height:88px\" aria-hidden=\"true\" class=\"wp-block-spacer\"><\/div>\n\n\n\n<h2 class=\"wp-block-heading\">\u00c4hnliche Beitr\u00e4ge:<\/h2>\n\n\n\n<p><a href=\"https:\/\/www.designenlassen.de\/blog\/78-natur-logos-fuer-dein-healthy-business\/\">78 Natur Logos f\u00fcr Dein healthy Business<\/a><\/p>\n\n\n\n<p><a href=\"https:\/\/www.designenlassen.de\/blog\/20-reise-logos-die-sofort-lust-auf-urlaub-machen\/\">20 Reise Logos, die sofort Lust auf Urlaub machen<\/a><\/p>\n\n\n\n<p><a href=\"https:\/\/www.designenlassen.de\/blog\/23-sonnen-logos-die-besonders-strahlen\/\">23 Sonnen Logos, die besonders strahlen<\/a><\/p>\n","protected":false},"excerpt":{"rendered":"<p>Ein Berg steht symbolisch f\u00fcr Kraft, St\u00e4rke und eine feste Verankerung. Ein Berg im Logo eignet&hellip;<\/p>\n","protected":false},"author":10,"featured_media":20749,"comment_status":"open","ping_status":"open","sticky":false,"template":"","format":"standard","meta":{"_lmt_disableupdate":"","_lmt_disable":"","footnotes":""},"categories":[19],"tags":[],"class_list":["post-20741","post","type-post","status-publish","format-standard","has-post-thumbnail","hentry","category-inspiration"],"yoast_head":"<!-- This site is optimized with the Yoast SEO plugin v27.5 - https:\/\/yoast.com\/product\/yoast-seo-wordpress\/ -->\n<title>14 Berglogos, die Deinem Unternehmen die beste Aussicht erm\u00f6glichen<\/title>\n<meta name=\"description\" content=\"Ein Berglogo strahlt besonders viel St\u00e4rke und Kraft aus und vermittelt direkt den Eindruck eines festen Halts. Wenn Du Dein Unternehmen mit genau diesen Eigenschaften repr\u00e4sentieren m\u00f6chtest, ist ein Berg Logo genau das Richtige f\u00fcr Dich!\" \/>\n<meta name=\"robots\" content=\"index, follow, max-snippet:-1, max-image-preview:large, max-video-preview:-1\" \/>\n<link rel=\"canonical\" href=\"https:\/\/www.designenlassen.de\/blog\/14-berglogos-die-deinem-unternehmen-die-beste-aussicht-ermoeglichen\/\" \/>\n<meta property=\"og:locale\" content=\"de_DE\" \/>\n<meta property=\"og:type\" content=\"article\" \/>\n<meta property=\"og:title\" content=\"14 Berglogos, die Deinem Unternehmen die beste Aussicht erm\u00f6glichen\" \/>\n<meta property=\"og:description\" content=\"Ein Berglogo strahlt besonders viel St\u00e4rke und Kraft aus und vermittelt direkt den Eindruck eines festen Halts. Wenn Du Dein Unternehmen mit genau diesen Eigenschaften repr\u00e4sentieren m\u00f6chtest, ist ein Berg Logo genau das Richtige f\u00fcr Dich!\" \/>\n<meta property=\"og:url\" content=\"https:\/\/www.designenlassen.de\/blog\/14-berglogos-die-deinem-unternehmen-die-beste-aussicht-ermoeglichen\/\" \/>\n<meta property=\"og:site_name\" content=\"designenlassen.de Blog\" \/>\n<meta property=\"article:author\" content=\"designenlassen\/\" \/>\n<meta property=\"article:published_time\" content=\"2020-05-20T08:00:00+00:00\" \/>\n<meta property=\"article:modified_time\" content=\"2024-09-17T07:23:52+00:00\" \/>\n<meta property=\"og:image\" content=\"https:\/\/www.designenlassen.de\/blog\/wp-content\/uploads\/2020\/04\/Berglogo-Alpine-Sicherheit-269966-axelart-1.png\" \/>\n\t<meta property=\"og:image:width\" content=\"338\" \/>\n\t<meta property=\"og:image:height\" content=\"338\" \/>\n\t<meta property=\"og:image:type\" content=\"image\/png\" \/>\n<meta name=\"author\" content=\"Christina\" \/>\n<meta name=\"twitter:card\" content=\"summary_large_image\" \/>\n<meta name=\"twitter:label1\" content=\"Verfasst von\" \/>\n\t<meta name=\"twitter:data1\" content=\"Christina\" \/>\n\t<meta name=\"twitter:label2\" content=\"Gesch\u00e4tzte Lesezeit\" \/>\n\t<meta name=\"twitter:data2\" content=\"5\u00a0Minuten\" \/>\n<script type=\"application\/ld+json\" class=\"yoast-schema-graph\">{\"@context\":\"https:\\\/\\\/schema.org\",\"@graph\":[{\"@type\":\"Article\",\"@id\":\"https:\\\/\\\/www.designenlassen.de\\\/blog\\\/14-berglogos-die-deinem-unternehmen-die-beste-aussicht-ermoeglichen\\\/#article\",\"isPartOf\":{\"@id\":\"https:\\\/\\\/www.designenlassen.de\\\/blog\\\/14-berglogos-die-deinem-unternehmen-die-beste-aussicht-ermoeglichen\\\/\"},\"author\":{\"name\":\"Christina\",\"@id\":\"https:\\\/\\\/www.designenlassen.de\\\/blog\\\/#\\\/schema\\\/person\\\/858ff7f9025247949c1b922431f97734\"},\"headline\":\"14 Berglogos, die Deinem Unternehmen die beste Aussicht erm\u00f6glichen\",\"datePublished\":\"2020-05-20T08:00:00+00:00\",\"dateModified\":\"2024-09-17T07:23:52+00:00\",\"mainEntityOfPage\":{\"@id\":\"https:\\\/\\\/www.designenlassen.de\\\/blog\\\/14-berglogos-die-deinem-unternehmen-die-beste-aussicht-ermoeglichen\\\/\"},\"wordCount\":309,\"commentCount\":1,\"image\":{\"@id\":\"https:\\\/\\\/www.designenlassen.de\\\/blog\\\/14-berglogos-die-deinem-unternehmen-die-beste-aussicht-ermoeglichen\\\/#primaryimage\"},\"thumbnailUrl\":\"https:\\\/\\\/www.designenlassen.de\\\/blog\\\/wp-content\\\/uploads\\\/2020\\\/04\\\/Berglogo-Alpine-Sicherheit-269966-axelart-1.png\",\"articleSection\":[\"Design-Galerien\"],\"inLanguage\":\"de\",\"potentialAction\":[{\"@type\":\"CommentAction\",\"name\":\"Comment\",\"target\":[\"https:\\\/\\\/www.designenlassen.de\\\/blog\\\/14-berglogos-die-deinem-unternehmen-die-beste-aussicht-ermoeglichen\\\/#respond\"]}]},{\"@type\":\"WebPage\",\"@id\":\"https:\\\/\\\/www.designenlassen.de\\\/blog\\\/14-berglogos-die-deinem-unternehmen-die-beste-aussicht-ermoeglichen\\\/\",\"url\":\"https:\\\/\\\/www.designenlassen.de\\\/blog\\\/14-berglogos-die-deinem-unternehmen-die-beste-aussicht-ermoeglichen\\\/\",\"name\":\"14 Berglogos, die Deinem Unternehmen die beste Aussicht erm\u00f6glichen\",\"isPartOf\":{\"@id\":\"https:\\\/\\\/www.designenlassen.de\\\/blog\\\/#website\"},\"primaryImageOfPage\":{\"@id\":\"https:\\\/\\\/www.designenlassen.de\\\/blog\\\/14-berglogos-die-deinem-unternehmen-die-beste-aussicht-ermoeglichen\\\/#primaryimage\"},\"image\":{\"@id\":\"https:\\\/\\\/www.designenlassen.de\\\/blog\\\/14-berglogos-die-deinem-unternehmen-die-beste-aussicht-ermoeglichen\\\/#primaryimage\"},\"thumbnailUrl\":\"https:\\\/\\\/www.designenlassen.de\\\/blog\\\/wp-content\\\/uploads\\\/2020\\\/04\\\/Berglogo-Alpine-Sicherheit-269966-axelart-1.png\",\"datePublished\":\"2020-05-20T08:00:00+00:00\",\"dateModified\":\"2024-09-17T07:23:52+00:00\",\"author\":{\"@id\":\"https:\\\/\\\/www.designenlassen.de\\\/blog\\\/#\\\/schema\\\/person\\\/858ff7f9025247949c1b922431f97734\"},\"description\":\"Ein Berglogo strahlt besonders viel St\u00e4rke und Kraft aus und vermittelt direkt den Eindruck eines festen Halts. Wenn Du Dein Unternehmen mit genau diesen Eigenschaften repr\u00e4sentieren m\u00f6chtest, ist ein Berg Logo genau das Richtige f\u00fcr Dich!\",\"breadcrumb\":{\"@id\":\"https:\\\/\\\/www.designenlassen.de\\\/blog\\\/14-berglogos-die-deinem-unternehmen-die-beste-aussicht-ermoeglichen\\\/#breadcrumb\"},\"inLanguage\":\"de\",\"potentialAction\":[{\"@type\":\"ReadAction\",\"target\":[\"https:\\\/\\\/www.designenlassen.de\\\/blog\\\/14-berglogos-die-deinem-unternehmen-die-beste-aussicht-ermoeglichen\\\/\"]}]},{\"@type\":\"ImageObject\",\"inLanguage\":\"de\",\"@id\":\"https:\\\/\\\/www.designenlassen.de\\\/blog\\\/14-berglogos-die-deinem-unternehmen-die-beste-aussicht-ermoeglichen\\\/#primaryimage\",\"url\":\"https:\\\/\\\/www.designenlassen.de\\\/blog\\\/wp-content\\\/uploads\\\/2020\\\/04\\\/Berglogo-Alpine-Sicherheit-269966-axelart-1.png\",\"contentUrl\":\"https:\\\/\\\/www.designenlassen.de\\\/blog\\\/wp-content\\\/uploads\\\/2020\\\/04\\\/Berglogo-Alpine-Sicherheit-269966-axelart-1.png\",\"width\":338,\"height\":338,\"caption\":\"Berglogo von axelart\"},{\"@type\":\"BreadcrumbList\",\"@id\":\"https:\\\/\\\/www.designenlassen.de\\\/blog\\\/14-berglogos-die-deinem-unternehmen-die-beste-aussicht-ermoeglichen\\\/#breadcrumb\",\"itemListElement\":[{\"@type\":\"ListItem\",\"position\":1,\"name\":\"Start\",\"item\":\"https:\\\/\\\/www.designenlassen.de\\\/blog\\\/\"},{\"@type\":\"ListItem\",\"position\":2,\"name\":\"14 Berglogos, die Deinem Unternehmen die beste Aussicht erm\u00f6glichen\"}]},{\"@type\":\"WebSite\",\"@id\":\"https:\\\/\\\/www.designenlassen.de\\\/blog\\\/#website\",\"url\":\"https:\\\/\\\/www.designenlassen.de\\\/blog\\\/\",\"name\":\"designenlassen.de Blog\",\"description\":\"Inspirationen, Tipps und Ideen f\u00fcr Designer sowie Gr\u00fcnder und Kleinbetriebe.\",\"potentialAction\":[{\"@type\":\"SearchAction\",\"target\":{\"@type\":\"EntryPoint\",\"urlTemplate\":\"https:\\\/\\\/www.designenlassen.de\\\/blog\\\/?s={search_term_string}\"},\"query-input\":{\"@type\":\"PropertyValueSpecification\",\"valueRequired\":true,\"valueName\":\"search_term_string\"}}],\"inLanguage\":\"de\"},{\"@type\":\"Person\",\"@id\":\"https:\\\/\\\/www.designenlassen.de\\\/blog\\\/#\\\/schema\\\/person\\\/858ff7f9025247949c1b922431f97734\",\"name\":\"Christina\",\"image\":{\"@type\":\"ImageObject\",\"inLanguage\":\"de\",\"@id\":\"https:\\\/\\\/secure.gravatar.com\\\/avatar\\\/31045bfe41c5fbc86ecbb135f792148b4bf1bee47931b9c8d47c74611d912026?s=96&d=mm&r=g\",\"url\":\"https:\\\/\\\/secure.gravatar.com\\\/avatar\\\/31045bfe41c5fbc86ecbb135f792148b4bf1bee47931b9c8d47c74611d912026?s=96&d=mm&r=g\",\"contentUrl\":\"https:\\\/\\\/secure.gravatar.com\\\/avatar\\\/31045bfe41c5fbc86ecbb135f792148b4bf1bee47931b9c8d47c74611d912026?s=96&d=mm&r=g\",\"caption\":\"Christina\"},\"description\":\"Christina ist bei designenlassen.de f\u00fcr das Content-Marketing &amp; die Social Media Kan\u00e4le zust\u00e4ndig. Sie schreibt hier im Blog zu verschiedensten Design-Themen.\",\"sameAs\":[\"designenlassen\\\/\"],\"url\":\"https:\\\/\\\/www.designenlassen.de\\\/blog\\\/author\\\/christina\\\/\"}]}<\/script>\n<!-- \/ Yoast SEO plugin. -->","yoast_head_json":{"title":"14 Berglogos, die Deinem Unternehmen die beste Aussicht erm\u00f6glichen","description":"Ein Berglogo strahlt besonders viel St\u00e4rke und Kraft aus und vermittelt direkt den Eindruck eines festen Halts. Wenn Du Dein Unternehmen mit genau diesen Eigenschaften repr\u00e4sentieren m\u00f6chtest, ist ein Berg Logo genau das Richtige f\u00fcr Dich!","robots":{"index":"index","follow":"follow","max-snippet":"max-snippet:-1","max-image-preview":"max-image-preview:large","max-video-preview":"max-video-preview:-1"},"canonical":"https:\/\/www.designenlassen.de\/blog\/14-berglogos-die-deinem-unternehmen-die-beste-aussicht-ermoeglichen\/","og_locale":"de_DE","og_type":"article","og_title":"14 Berglogos, die Deinem Unternehmen die beste Aussicht erm\u00f6glichen","og_description":"Ein Berglogo strahlt besonders viel St\u00e4rke und Kraft aus und vermittelt direkt den Eindruck eines festen Halts. Wenn Du Dein Unternehmen mit genau diesen Eigenschaften repr\u00e4sentieren m\u00f6chtest, ist ein Berg Logo genau das Richtige f\u00fcr Dich!","og_url":"https:\/\/www.designenlassen.de\/blog\/14-berglogos-die-deinem-unternehmen-die-beste-aussicht-ermoeglichen\/","og_site_name":"designenlassen.de Blog","article_author":"designenlassen\/","article_published_time":"2020-05-20T08:00:00+00:00","article_modified_time":"2024-09-17T07:23:52+00:00","og_image":[{"width":338,"height":338,"url":"https:\/\/www.designenlassen.de\/blog\/wp-content\/uploads\/2020\/04\/Berglogo-Alpine-Sicherheit-269966-axelart-1.png","type":"image\/png"}],"author":"Christina","twitter_card":"summary_large_image","twitter_misc":{"Verfasst von":"Christina","Gesch\u00e4tzte Lesezeit":"5\u00a0Minuten"},"schema":{"@context":"https:\/\/schema.org","@graph":[{"@type":"Article","@id":"https:\/\/www.designenlassen.de\/blog\/14-berglogos-die-deinem-unternehmen-die-beste-aussicht-ermoeglichen\/#article","isPartOf":{"@id":"https:\/\/www.designenlassen.de\/blog\/14-berglogos-die-deinem-unternehmen-die-beste-aussicht-ermoeglichen\/"},"author":{"name":"Christina","@id":"https:\/\/www.designenlassen.de\/blog\/#\/schema\/person\/858ff7f9025247949c1b922431f97734"},"headline":"14 Berglogos, die Deinem Unternehmen die beste Aussicht erm\u00f6glichen","datePublished":"2020-05-20T08:00:00+00:00","dateModified":"2024-09-17T07:23:52+00:00","mainEntityOfPage":{"@id":"https:\/\/www.designenlassen.de\/blog\/14-berglogos-die-deinem-unternehmen-die-beste-aussicht-ermoeglichen\/"},"wordCount":309,"commentCount":1,"image":{"@id":"https:\/\/www.designenlassen.de\/blog\/14-berglogos-die-deinem-unternehmen-die-beste-aussicht-ermoeglichen\/#primaryimage"},"thumbnailUrl":"https:\/\/www.designenlassen.de\/blog\/wp-content\/uploads\/2020\/04\/Berglogo-Alpine-Sicherheit-269966-axelart-1.png","articleSection":["Design-Galerien"],"inLanguage":"de","potentialAction":[{"@type":"CommentAction","name":"Comment","target":["https:\/\/www.designenlassen.de\/blog\/14-berglogos-die-deinem-unternehmen-die-beste-aussicht-ermoeglichen\/#respond"]}]},{"@type":"WebPage","@id":"https:\/\/www.designenlassen.de\/blog\/14-berglogos-die-deinem-unternehmen-die-beste-aussicht-ermoeglichen\/","url":"https:\/\/www.designenlassen.de\/blog\/14-berglogos-die-deinem-unternehmen-die-beste-aussicht-ermoeglichen\/","name":"14 Berglogos, die Deinem Unternehmen die beste Aussicht erm\u00f6glichen","isPartOf":{"@id":"https:\/\/www.designenlassen.de\/blog\/#website"},"primaryImageOfPage":{"@id":"https:\/\/www.designenlassen.de\/blog\/14-berglogos-die-deinem-unternehmen-die-beste-aussicht-ermoeglichen\/#primaryimage"},"image":{"@id":"https:\/\/www.designenlassen.de\/blog\/14-berglogos-die-deinem-unternehmen-die-beste-aussicht-ermoeglichen\/#primaryimage"},"thumbnailUrl":"https:\/\/www.designenlassen.de\/blog\/wp-content\/uploads\/2020\/04\/Berglogo-Alpine-Sicherheit-269966-axelart-1.png","datePublished":"2020-05-20T08:00:00+00:00","dateModified":"2024-09-17T07:23:52+00:00","author":{"@id":"https:\/\/www.designenlassen.de\/blog\/#\/schema\/person\/858ff7f9025247949c1b922431f97734"},"description":"Ein Berglogo strahlt besonders viel St\u00e4rke und Kraft aus und vermittelt direkt den Eindruck eines festen Halts. Wenn Du Dein Unternehmen mit genau diesen Eigenschaften repr\u00e4sentieren m\u00f6chtest, ist ein Berg Logo genau das Richtige f\u00fcr Dich!","breadcrumb":{"@id":"https:\/\/www.designenlassen.de\/blog\/14-berglogos-die-deinem-unternehmen-die-beste-aussicht-ermoeglichen\/#breadcrumb"},"inLanguage":"de","potentialAction":[{"@type":"ReadAction","target":["https:\/\/www.designenlassen.de\/blog\/14-berglogos-die-deinem-unternehmen-die-beste-aussicht-ermoeglichen\/"]}]},{"@type":"ImageObject","inLanguage":"de","@id":"https:\/\/www.designenlassen.de\/blog\/14-berglogos-die-deinem-unternehmen-die-beste-aussicht-ermoeglichen\/#primaryimage","url":"https:\/\/www.designenlassen.de\/blog\/wp-content\/uploads\/2020\/04\/Berglogo-Alpine-Sicherheit-269966-axelart-1.png","contentUrl":"https:\/\/www.designenlassen.de\/blog\/wp-content\/uploads\/2020\/04\/Berglogo-Alpine-Sicherheit-269966-axelart-1.png","width":338,"height":338,"caption":"Berglogo von axelart"},{"@type":"BreadcrumbList","@id":"https:\/\/www.designenlassen.de\/blog\/14-berglogos-die-deinem-unternehmen-die-beste-aussicht-ermoeglichen\/#breadcrumb","itemListElement":[{"@type":"ListItem","position":1,"name":"Start","item":"https:\/\/www.designenlassen.de\/blog\/"},{"@type":"ListItem","position":2,"name":"14 Berglogos, die Deinem Unternehmen die beste Aussicht erm\u00f6glichen"}]},{"@type":"WebSite","@id":"https:\/\/www.designenlassen.de\/blog\/#website","url":"https:\/\/www.designenlassen.de\/blog\/","name":"designenlassen.de Blog","description":"Inspirationen, Tipps und Ideen f\u00fcr Designer sowie Gr\u00fcnder und Kleinbetriebe.","potentialAction":[{"@type":"SearchAction","target":{"@type":"EntryPoint","urlTemplate":"https:\/\/www.designenlassen.de\/blog\/?s={search_term_string}"},"query-input":{"@type":"PropertyValueSpecification","valueRequired":true,"valueName":"search_term_string"}}],"inLanguage":"de"},{"@type":"Person","@id":"https:\/\/www.designenlassen.de\/blog\/#\/schema\/person\/858ff7f9025247949c1b922431f97734","name":"Christina","image":{"@type":"ImageObject","inLanguage":"de","@id":"https:\/\/secure.gravatar.com\/avatar\/31045bfe41c5fbc86ecbb135f792148b4bf1bee47931b9c8d47c74611d912026?s=96&d=mm&r=g","url":"https:\/\/secure.gravatar.com\/avatar\/31045bfe41c5fbc86ecbb135f792148b4bf1bee47931b9c8d47c74611d912026?s=96&d=mm&r=g","contentUrl":"https:\/\/secure.gravatar.com\/avatar\/31045bfe41c5fbc86ecbb135f792148b4bf1bee47931b9c8d47c74611d912026?s=96&d=mm&r=g","caption":"Christina"},"description":"Christina ist bei designenlassen.de f\u00fcr das Content-Marketing &amp; die Social Media Kan\u00e4le zust\u00e4ndig. Sie schreibt hier im Blog zu verschiedensten Design-Themen.","sameAs":["designenlassen\/"],"url":"https:\/\/www.designenlassen.de\/blog\/author\/christina\/"}]}},"_links":{"self":[{"href":"https:\/\/www.designenlassen.de\/blog\/wp-json\/wp\/v2\/posts\/20741","targetHints":{"allow":["GET"]}}],"collection":[{"href":"https:\/\/www.designenlassen.de\/blog\/wp-json\/wp\/v2\/posts"}],"about":[{"href":"https:\/\/www.designenlassen.de\/blog\/wp-json\/wp\/v2\/types\/post"}],"author":[{"embeddable":true,"href":"https:\/\/www.designenlassen.de\/blog\/wp-json\/wp\/v2\/users\/10"}],"replies":[{"embeddable":true,"href":"https:\/\/www.designenlassen.de\/blog\/wp-json\/wp\/v2\/comments?post=20741"}],"version-history":[{"count":12,"href":"https:\/\/www.designenlassen.de\/blog\/wp-json\/wp\/v2\/posts\/20741\/revisions"}],"predecessor-version":[{"id":32505,"href":"https:\/\/www.designenlassen.de\/blog\/wp-json\/wp\/v2\/posts\/20741\/revisions\/32505"}],"wp:featuredmedia":[{"embeddable":true,"href":"https:\/\/www.designenlassen.de\/blog\/wp-json\/wp\/v2\/media\/20749"}],"wp:attachment":[{"href":"https:\/\/www.designenlassen.de\/blog\/wp-json\/wp\/v2\/media?parent=20741"}],"wp:term":[{"taxonomy":"category","embeddable":true,"href":"https:\/\/www.designenlassen.de\/blog\/wp-json\/wp\/v2\/categories?post=20741"},{"taxonomy":"post_tag","embeddable":true,"href":"https:\/\/www.designenlassen.de\/blog\/wp-json\/wp\/v2\/tags?post=20741"}],"curies":[{"name":"wp","href":"https:\/\/api.w.org\/{rel}","templated":true}]}}