{"id":20871,"date":"2020-06-11T10:00:00","date_gmt":"2020-06-11T08:00:00","guid":{"rendered":"https:\/\/www.designenlassen.de\/blog\/?p=20871"},"modified":"2024-09-19T09:39:40","modified_gmt":"2024-09-19T07:39:40","slug":"14-wolken-logos-die-dem-7-himmel-gleichen","status":"publish","type":"post","link":"https:\/\/www.designenlassen.de\/blog\/14-wolken-logos-die-dem-7-himmel-gleichen\/","title":{"rendered":"14 Wolken Logos, die dem 7. Himmel gleichen"},"content":{"rendered":"\n<p>Hast Du schon einmal in den Himmel geblickt und versucht, die Wolken als Bilder zu deuten? Dann wird Dir wahrscheinlich aufgefallen sein, dass sich aus den Wolken meistens nicht nur ein, sondern gleich mehrere Bilder interpretieren lassen \u2013 je nachdem, wie fantasievoll Du bist. \u00c4hnlich verh\u00e4lt es sich beim Designen eines Wolken Logos, denn auch hier sind Deiner Ideen keine Grenzen gesetzt.<\/p>\n\n\n\n<figure class=\"wp-block-gallery has-nested-images columns-default is-cropped wp-block-gallery-1 is-layout-flex wp-block-gallery-is-layout-flex\">\n<figure class=\"wp-block-image size-large\"><img fetchpriority=\"high\" decoding=\"async\" width=\"1024\" height=\"576\" data-id=\"20970\" src=\"https:\/\/www.designenlassen.de\/blog\/wp-content\/uploads\/2020\/05\/Cloud_Wolken_Logo_428792-1-1024x576.jpg\" alt=\"Modernes Wollken-Logo f\u00fcr Hochzeitsdiensleisterin\" class=\"wp-image-20970\" srcset=\"https:\/\/www.designenlassen.de\/blog\/wp-content\/uploads\/2020\/05\/Cloud_Wolken_Logo_428792-1-1024x576.jpg 1024w, https:\/\/www.designenlassen.de\/blog\/wp-content\/uploads\/2020\/05\/Cloud_Wolken_Logo_428792-1-300x169.jpg 300w, https:\/\/www.designenlassen.de\/blog\/wp-content\/uploads\/2020\/05\/Cloud_Wolken_Logo_428792-1-768x432.jpg 768w, https:\/\/www.designenlassen.de\/blog\/wp-content\/uploads\/2020\/05\/Cloud_Wolken_Logo_428792-1.jpg 1366w\" sizes=\"(max-width: 1024px) 100vw, 1024px\" \/><figcaption class=\"wp-element-caption\"> <a href=\"https:\/\/www.designenlassen.de\/428792-modernes-logo-fuer-hochzeitsdiensleisterin-mit-folgeauftraegen\">Wolken-Logo von Chameo Design<\/a><\/figcaption><\/figure>\n<\/figure>\n\n\n\n<p>Als kreativen Denkansto\u00df, pr\u00e4sentiert Dir unsere Galerie zus\u00e4tzlich verschiedene Wolken Designs. Von klassischen Wolken Logos bis hin zu modernen Cloud Logos ist alles dabei. Lass&#8216; Dich von der einfallsreichen Gestaltung mit Wolken inspirieren.<\/p>\n\n\n\n<div class=\"wp-block-buttons is-content-justification-center is-layout-flex wp-container-core-buttons-is-layout-16018d1d wp-block-buttons-is-layout-flex\">\n<div class=\"wp-block-button is-style-fill\"><a class=\"wp-block-button__link has-white-color has-text-color has-background has-text-align-left wp-element-button\" href=\"https:\/\/www.designenlassen.de\/logo-design?utm_source=blog&amp;utm_medium=button&amp;utm_campaign=blog-beitraege\" style=\"background-color:#091182\">Jetzt Logo erstellen<\/a><\/div>\n<\/div>\n\n\n\n<div style=\"height:56px\" aria-hidden=\"true\" class=\"wp-block-spacer\"><\/div>\n\n\n\n<h2 class=\"wp-block-heading\">Traumhafte Wolken Logos f\u00fcr einen bleibenden Eindruck<\/h2>\n\n\n\n<p>Wenn man zun\u00e4chst an eine Wolke denkt, so kommt einem oftmals ein flauschiges, wei\u00dfes Gebilde, \u00e4hnlich wie Zuckerwatte, in den Sinn. Doch gibt es vielerlei M\u00f6glichkeiten, eine Wolke darzustellen, um ein einzigartiges Logo zu kreieren. F\u00fcr eine traumhafte Wirkung eignet sich beispielsweise der Einsatz von zarten Farben. Auch die Kombination mit anderen Elementen des Himmels, wie <a href=\"https:\/\/www.designenlassen.de\/blog\/23-sonnen-logos-die-besonders-strahlen\/\">Sonne<\/a> oder <a href=\"https:\/\/www.designenlassen.de\/blog\/11-mond-logos-die-auch-tagsueber-ueberzeugen\/\">Mond<\/a>, k\u00f6nnen Dein Wolken Logo vollenden. Unsere ausgew\u00e4hlten Designs zeigen Dir, wie es geht:<\/p>\n\n\n\n<figure class=\"wp-block-gallery has-nested-images columns-default is-cropped wp-block-gallery-2 is-layout-flex wp-block-gallery-is-layout-flex\">\n<figure class=\"wp-block-image size-large\"><img decoding=\"async\" width=\"1000\" height=\"634\" data-id=\"20876\" src=\"https:\/\/www.designenlassen.de\/blog\/wp-content\/uploads\/2020\/05\/Stoffhimmel_Wolken_Logo_833485.jpg\" alt=\"Wolken-Logo f\u00fcr mein Stoffhimmel\" class=\"wp-image-20876\" srcset=\"https:\/\/www.designenlassen.de\/blog\/wp-content\/uploads\/2020\/05\/Stoffhimmel_Wolken_Logo_833485.jpg 1000w, https:\/\/www.designenlassen.de\/blog\/wp-content\/uploads\/2020\/05\/Stoffhimmel_Wolken_Logo_833485-300x190.jpg 300w, https:\/\/www.designenlassen.de\/blog\/wp-content\/uploads\/2020\/05\/Stoffhimmel_Wolken_Logo_833485-768x487.jpg 768w\" sizes=\"(max-width: 1000px) 100vw, 1000px\" \/><figcaption class=\"wp-element-caption\"><a href=\"https:\/\/www.designenlassen.de\/833485-mein-stoffhimmel-sucht-passendes-logo\">Logo-Design f\u00fcr Mein Stoffhimmel von\u00a0twins2design <\/a><\/figcaption><\/figure>\n<\/figure>\n\n\n\n<figure class=\"wp-block-gallery has-nested-images columns-0 is-cropped wp-block-gallery-3 is-layout-flex wp-block-gallery-is-layout-flex\">\n<figure class=\"wp-block-image size-large\"><img decoding=\"async\" width=\"1000\" height=\"1000\" data-id=\"20874\" src=\"https:\/\/www.designenlassen.de\/blog\/wp-content\/uploads\/2020\/05\/dondolo_Wolken_Logo_165896.png\" alt=\"Wolken-Logo f\u00fcr dondolo Kinderkrippe\" class=\"wp-image-20874\" srcset=\"https:\/\/www.designenlassen.de\/blog\/wp-content\/uploads\/2020\/05\/dondolo_Wolken_Logo_165896.png 1000w, https:\/\/www.designenlassen.de\/blog\/wp-content\/uploads\/2020\/05\/dondolo_Wolken_Logo_165896-300x300.png 300w, https:\/\/www.designenlassen.de\/blog\/wp-content\/uploads\/2020\/05\/dondolo_Wolken_Logo_165896-150x150.png 150w, https:\/\/www.designenlassen.de\/blog\/wp-content\/uploads\/2020\/05\/dondolo_Wolken_Logo_165896-768x768.png 768w\" sizes=\"(max-width: 1000px) 100vw, 1000px\" \/><\/figure>\n\n\n\n<figure class=\"wp-block-image size-large\"><img loading=\"lazy\" decoding=\"async\" width=\"700\" height=\"700\" data-id=\"20873\" src=\"https:\/\/www.designenlassen.de\/blog\/wp-content\/uploads\/2020\/05\/Die_kleinen_Entdecker_Logo_969818.png\" alt=\"Logo-Design f\u00fcr Gro\u00dftagespflege\" class=\"wp-image-20873\" srcset=\"https:\/\/www.designenlassen.de\/blog\/wp-content\/uploads\/2020\/05\/Die_kleinen_Entdecker_Logo_969818.png 700w, https:\/\/www.designenlassen.de\/blog\/wp-content\/uploads\/2020\/05\/Die_kleinen_Entdecker_Logo_969818-300x300.png 300w, https:\/\/www.designenlassen.de\/blog\/wp-content\/uploads\/2020\/05\/Die_kleinen_Entdecker_Logo_969818-150x150.png 150w\" sizes=\"(max-width: 700px) 100vw, 700px\" \/><\/figure>\n<\/figure>\n\n\n\n<figure class=\"wp-block-gallery has-nested-images columns-default is-cropped wp-block-gallery-4 is-layout-flex wp-block-gallery-is-layout-flex\">\n<figure class=\"wp-block-image size-large\"><img loading=\"lazy\" decoding=\"async\" width=\"1000\" height=\"1000\" data-id=\"20877\" src=\"https:\/\/www.designenlassen.de\/blog\/wp-content\/uploads\/2020\/05\/Up_In_The_Cloud_Logo_428792.jpg\" alt=\"Wolken-Logo f\u00fcr Hochzeitsdiensleisterin\" class=\"wp-image-20877\" srcset=\"https:\/\/www.designenlassen.de\/blog\/wp-content\/uploads\/2020\/05\/Up_In_The_Cloud_Logo_428792.jpg 1000w, https:\/\/www.designenlassen.de\/blog\/wp-content\/uploads\/2020\/05\/Up_In_The_Cloud_Logo_428792-300x300.jpg 300w, https:\/\/www.designenlassen.de\/blog\/wp-content\/uploads\/2020\/05\/Up_In_The_Cloud_Logo_428792-150x150.jpg 150w, https:\/\/www.designenlassen.de\/blog\/wp-content\/uploads\/2020\/05\/Up_In_The_Cloud_Logo_428792-768x768.jpg 768w\" sizes=\"(max-width: 1000px) 100vw, 1000px\" \/><figcaption class=\"wp-element-caption\"><a href=\"https:\/\/www.designenlassen.de\/428792-modernes-logo-fuer-hochzeitsdiensleisterin-mit-folgeauftraegen\">Wolken-Logo von\u00a0rsdesign <\/a><\/figcaption><\/figure>\n<\/figure>\n\n\n\n<figure class=\"wp-block-gallery has-nested-images columns-0 is-cropped wp-block-gallery-5 is-layout-flex wp-block-gallery-is-layout-flex\">\n<figure class=\"wp-block-image size-large\"><img loading=\"lazy\" decoding=\"async\" width=\"1000\" height=\"492\" data-id=\"20875\" src=\"https:\/\/www.designenlassen.de\/blog\/wp-content\/uploads\/2020\/05\/L\u00f6nneken_Wolken_Logo_381473.png\" alt=\"Wolken-Logo f\u00fcr L\u00f6nneken\" class=\"wp-image-20875\" srcset=\"https:\/\/www.designenlassen.de\/blog\/wp-content\/uploads\/2020\/05\/L\u00f6nneken_Wolken_Logo_381473.png 1000w, https:\/\/www.designenlassen.de\/blog\/wp-content\/uploads\/2020\/05\/L\u00f6nneken_Wolken_Logo_381473-300x148.png 300w, https:\/\/www.designenlassen.de\/blog\/wp-content\/uploads\/2020\/05\/L\u00f6nneken_Wolken_Logo_381473-768x378.png 768w\" sizes=\"(max-width: 1000px) 100vw, 1000px\" \/><figcaption class=\"wp-element-caption\"><a href=\"https:\/\/www.designenlassen.de\/381473-logo-design-loenneken\"> Logo-Design f\u00fcr L\u00f6nneken von Lexlinx <\/a><\/figcaption><\/figure>\n<\/figure>\n\n\n\n<h2 class=\"wp-block-heading\">Cloud Logos, die Dich und Deine Kunden digital vernetzen<\/h2>\n\n\n\n<p>Im digitalen Zeitalter gibt es noch ein zweites Verst\u00e4ndnis \u00fcber eine Wolke \u2013 n\u00e4mlich das der Cloud. Eine Cloud stellt eine internetbasierte Bereitstellung von Speicherplatz oder bestimmten Anwendungen dar. Bei der Gestaltung von Cloud Logos setzen viele Unternehmen, wie es im IT-Bereich h\u00e4ufig \u00fcblich ist, auf die Farbe <a href=\"https:\/\/www.designenlassen.de\/blog\/blaue-logos\/\">Blau<\/a>, die Vertrauen und Kompetenz ausstrahlt. Die nachstehenden Beispiele machen es Dir vor: <\/p>\n\n\n\n<figure class=\"wp-block-gallery has-nested-images columns-0 is-cropped wp-block-gallery-6 is-layout-flex wp-block-gallery-is-layout-flex\">\n<figure class=\"wp-block-image size-large\"><img loading=\"lazy\" decoding=\"async\" width=\"1000\" height=\"553\" data-id=\"20912\" src=\"https:\/\/www.designenlassen.de\/blog\/wp-content\/uploads\/2020\/05\/ExpoCloud_Wolken_Logo_552362.png\" alt=\"Cloud-Logo f\u00fcr eine Online Plattform\" class=\"wp-image-20912\" srcset=\"https:\/\/www.designenlassen.de\/blog\/wp-content\/uploads\/2020\/05\/ExpoCloud_Wolken_Logo_552362.png 1000w, https:\/\/www.designenlassen.de\/blog\/wp-content\/uploads\/2020\/05\/ExpoCloud_Wolken_Logo_552362-300x166.png 300w, https:\/\/www.designenlassen.de\/blog\/wp-content\/uploads\/2020\/05\/ExpoCloud_Wolken_Logo_552362-768x425.png 768w\" sizes=\"(max-width: 1000px) 100vw, 1000px\" \/><figcaption class=\"wp-element-caption\"><a href=\"https:\/\/www.designenlassen.de\/552362-logo-design-fuer-eine-online-plattform-zur-organisation-von-veranstaltungen\">Cloud-Logo von ninis design<\/a> <\/figcaption><\/figure>\n<\/figure>\n\n\n\n<figure class=\"wp-block-gallery has-nested-images columns-default is-cropped dl_picsub_black wp-block-gallery-7 is-layout-flex wp-block-gallery-is-layout-flex\">\n<figure class=\"wp-block-image size-large\"><img loading=\"lazy\" decoding=\"async\" width=\"1000\" height=\"1000\" data-id=\"20915\" src=\"https:\/\/www.designenlassen.de\/blog\/wp-content\/uploads\/2020\/05\/ITK.Coach_CloudLogo_254551_2.png\" alt=\"Logo-Design f\u00fcr IT-Dienstleister\" class=\"wp-image-20915\" srcset=\"https:\/\/www.designenlassen.de\/blog\/wp-content\/uploads\/2020\/05\/ITK.Coach_CloudLogo_254551_2.png 1000w, https:\/\/www.designenlassen.de\/blog\/wp-content\/uploads\/2020\/05\/ITK.Coach_CloudLogo_254551_2-300x300.png 300w, https:\/\/www.designenlassen.de\/blog\/wp-content\/uploads\/2020\/05\/ITK.Coach_CloudLogo_254551_2-150x150.png 150w, https:\/\/www.designenlassen.de\/blog\/wp-content\/uploads\/2020\/05\/ITK.Coach_CloudLogo_254551_2-768x768.png 768w\" sizes=\"(max-width: 1000px) 100vw, 1000px\" \/><\/figure>\n\n\n\n<figure class=\"wp-block-image size-large\"><img loading=\"lazy\" decoding=\"async\" width=\"800\" height=\"800\" data-id=\"20916\" src=\"https:\/\/www.designenlassen.de\/blog\/wp-content\/uploads\/2020\/05\/onedit_Wolken_Logo_695598.png\" alt=\"Cloud-Logo f\u00fcr Web-CMS onedit.de\" class=\"wp-image-20916\" srcset=\"https:\/\/www.designenlassen.de\/blog\/wp-content\/uploads\/2020\/05\/onedit_Wolken_Logo_695598.png 800w, https:\/\/www.designenlassen.de\/blog\/wp-content\/uploads\/2020\/05\/onedit_Wolken_Logo_695598-300x300.png 300w, https:\/\/www.designenlassen.de\/blog\/wp-content\/uploads\/2020\/05\/onedit_Wolken_Logo_695598-150x150.png 150w, https:\/\/www.designenlassen.de\/blog\/wp-content\/uploads\/2020\/05\/onedit_Wolken_Logo_695598-768x768.png 768w\" sizes=\"(max-width: 800px) 100vw, 800px\" \/><\/figure>\n<\/figure>\n\n\n\n<figure class=\"wp-block-gallery has-nested-images columns-default is-cropped wp-block-gallery-8 is-layout-flex wp-block-gallery-is-layout-flex\">\n<figure class=\"wp-block-image size-large\"><img loading=\"lazy\" decoding=\"async\" width=\"950\" height=\"491\" data-id=\"20920\" src=\"https:\/\/www.designenlassen.de\/blog\/wp-content\/uploads\/2020\/05\/Cloud_Logo_192174-1.jpg\" alt=\"Logo-Design f\u00fcr Cloud-Hosting wolkenwald\" class=\"wp-image-20920\" srcset=\"https:\/\/www.designenlassen.de\/blog\/wp-content\/uploads\/2020\/05\/Cloud_Logo_192174-1.jpg 950w, https:\/\/www.designenlassen.de\/blog\/wp-content\/uploads\/2020\/05\/Cloud_Logo_192174-1-300x155.jpg 300w, https:\/\/www.designenlassen.de\/blog\/wp-content\/uploads\/2020\/05\/Cloud_Logo_192174-1-768x397.jpg 768w\" sizes=\"(max-width: 950px) 100vw, 950px\" \/><figcaption class=\"wp-element-caption\"> <a href=\"https:\/\/www.designenlassen.de\/192174-logo-design-fuer-cloud-hosting-wolkenwald\">Logo-Design f\u00fcr Cloud-Hosting wolkenwald von mldesign<\/a> <\/figcaption><\/figure>\n<\/figure>\n\n\n\n<figure class=\"wp-block-gallery has-nested-images columns-default is-cropped wp-block-gallery-9 is-layout-flex wp-block-gallery-is-layout-flex\">\n<figure class=\"wp-block-image size-large\"><img loading=\"lazy\" decoding=\"async\" width=\"784\" height=\"592\" data-id=\"20917\" src=\"https:\/\/www.designenlassen.de\/blog\/wp-content\/uploads\/2020\/05\/Cloudteaching_Wolken_Logo_134635.png\" alt=\"Logo-Design f\u00fcr cloudteaching\" class=\"wp-image-20917\" srcset=\"https:\/\/www.designenlassen.de\/blog\/wp-content\/uploads\/2020\/05\/Cloudteaching_Wolken_Logo_134635.png 784w, https:\/\/www.designenlassen.de\/blog\/wp-content\/uploads\/2020\/05\/Cloudteaching_Wolken_Logo_134635-300x227.png 300w, https:\/\/www.designenlassen.de\/blog\/wp-content\/uploads\/2020\/05\/Cloudteaching_Wolken_Logo_134635-768x580.png 768w\" sizes=\"(max-width: 784px) 100vw, 784px\" \/><figcaption class=\"wp-element-caption\"> <a href=\"https:\/\/www.designenlassen.de\/134635-logo-design-fuer-cloudteaching\">Logo-Design f\u00fcr cloudteaching von CencoCP<\/a><\/figcaption><\/figure>\n<\/figure>\n\n\n\n<figure class=\"wp-block-gallery has-nested-images columns-default is-cropped wp-block-gallery-10 is-layout-flex wp-block-gallery-is-layout-flex\">\n<figure class=\"wp-block-image size-large\"><img loading=\"lazy\" decoding=\"async\" width=\"497\" height=\"497\" data-id=\"20923\" src=\"https:\/\/www.designenlassen.de\/blog\/wp-content\/uploads\/2020\/05\/TeamCom_Cloud_Wolken_Logo_522836.jpg\" alt=\"Logo-Design f\u00fcr IT-Unternehmen mit Cloud- und Rechenzentrumsl\u00f6sungen\" class=\"wp-image-20923\" srcset=\"https:\/\/www.designenlassen.de\/blog\/wp-content\/uploads\/2020\/05\/TeamCom_Cloud_Wolken_Logo_522836.jpg 497w, https:\/\/www.designenlassen.de\/blog\/wp-content\/uploads\/2020\/05\/TeamCom_Cloud_Wolken_Logo_522836-300x300.jpg 300w, https:\/\/www.designenlassen.de\/blog\/wp-content\/uploads\/2020\/05\/TeamCom_Cloud_Wolken_Logo_522836-150x150.jpg 150w\" sizes=\"(max-width: 497px) 100vw, 497px\" \/><\/figure>\n\n\n\n<figure class=\"wp-block-image size-large\"><img loading=\"lazy\" decoding=\"async\" width=\"999\" height=\"723\" data-id=\"20925\" src=\"https:\/\/www.designenlassen.de\/blog\/wp-content\/uploads\/2020\/05\/Consulting_Cloud_Logo_254551-1.png\" alt=\"Cloud f\u00fcr IT-Dienstleister\" class=\"wp-image-20925\" srcset=\"https:\/\/www.designenlassen.de\/blog\/wp-content\/uploads\/2020\/05\/Consulting_Cloud_Logo_254551-1.png 999w, https:\/\/www.designenlassen.de\/blog\/wp-content\/uploads\/2020\/05\/Consulting_Cloud_Logo_254551-1-300x217.png 300w, https:\/\/www.designenlassen.de\/blog\/wp-content\/uploads\/2020\/05\/Consulting_Cloud_Logo_254551-1-768x556.png 768w\" sizes=\"(max-width: 999px) 100vw, 999px\" \/><\/figure>\n<\/figure>\n\n\n\n<figure class=\"wp-block-gallery has-nested-images columns-default is-cropped wp-block-gallery-11 is-layout-flex wp-block-gallery-is-layout-flex\">\n<figure class=\"wp-block-image size-large\"><img loading=\"lazy\" decoding=\"async\" width=\"1000\" height=\"523\" data-id=\"20914\" src=\"https:\/\/www.designenlassen.de\/blog\/wp-content\/uploads\/2020\/05\/tuxmania_Cloud_Logo_988229.jpg\" alt=\"Cloud-Logo f\u00fcr IT-Unternehmen\" class=\"wp-image-20914\" srcset=\"https:\/\/www.designenlassen.de\/blog\/wp-content\/uploads\/2020\/05\/tuxmania_Cloud_Logo_988229.jpg 1000w, https:\/\/www.designenlassen.de\/blog\/wp-content\/uploads\/2020\/05\/tuxmania_Cloud_Logo_988229-300x157.jpg 300w, https:\/\/www.designenlassen.de\/blog\/wp-content\/uploads\/2020\/05\/tuxmania_Cloud_Logo_988229-768x402.jpg 768w\" sizes=\"(max-width: 1000px) 100vw, 1000px\" \/><figcaption class=\"wp-element-caption\"><a href=\"https:\/\/www.designenlassen.de\/988229-logo-fuer-t-unternehmen-gesucht\">Cloud-Logo f\u00fcr IT-Unternehmen von rsdesign<\/a><\/figcaption><\/figure>\n<\/figure>\n\n\n\n<p>Wie immer hoffen wir, dass wir Dir mit unserer Galerie einige Anregungen bieten konnten. Haben Dich unsere Designs davon \u00fcberzeugen k\u00f6nnen, Wolken in Dein Logo zu integrieren? Teile uns Deine Antwort gerne in den Kommentaren mit.<\/p>\n\n\n\n<div class=\"wp-block-buttons is-content-justification-center is-layout-flex wp-container-core-buttons-is-layout-16018d1d wp-block-buttons-is-layout-flex\">\n<div class=\"wp-block-button is-style-fill\"><a class=\"wp-block-button__link has-white-color has-text-color has-background has-text-align-left wp-element-button\" href=\"https:\/\/www.designenlassen.de\/logo-design?utm_source=blog&amp;utm_medium=button&amp;utm_campaign=blog-beitraege\" style=\"background-color:#091182\">Jetzt Logo erstellen<\/a><\/div>\n<\/div>\n\n\n\n<p><strong>\u00c4hnliche Themen: <\/strong><\/p>\n\n\n\n<p><a href=\"https:\/\/www.designenlassen.de\/blog\/10-leuchtende-sternen-logos-die-im-gedaechtnis-bleiben\/\">10 leuchtende Sternen Logos, die im Ged\u00e4chtnis bleiben<\/a><\/p>\n\n\n\n<p><a href=\"https:\/\/www.designenlassen.de\/blog\/45-it-logos-fuer-dein-software-und-technik-business\/\">45 IT Logos f\u00fcr Dein Software- und Technik-Business<\/a><\/p>\n","protected":false},"excerpt":{"rendered":"<p>Hast Du schon einmal in den Himmel geblickt und versucht, die Wolken als Bilder zu deuten?&hellip;<\/p>\n","protected":false},"author":24,"featured_media":20929,"comment_status":"open","ping_status":"open","sticky":false,"template":"","format":"standard","meta":{"_lmt_disableupdate":"","_lmt_disable":"","footnotes":""},"categories":[19],"tags":[],"class_list":["post-20871","post","type-post","status-publish","format-standard","has-post-thumbnail","hentry","category-inspiration"],"yoast_head":"<!-- This site is optimized with the Yoast SEO plugin v27.5 - https:\/\/yoast.com\/product\/yoast-seo-wordpress\/ -->\n<title>14 Wolken Logos, die dem 7. Himmel gleichen | designenlassen.de<\/title>\n<meta name=\"description\" content=\"Ein Wolken Logo l\u00e4sst sich vielf\u00e4ltig umsetzen. In unserer Galerie pr\u00e4sentieren wir Dir einige Varianten, die von klassischen Wolken Logos bis hin zu modernen Cloud Logos reichen.\" \/>\n<meta name=\"robots\" content=\"index, follow, max-snippet:-1, max-image-preview:large, max-video-preview:-1\" \/>\n<link rel=\"canonical\" href=\"https:\/\/www.designenlassen.de\/blog\/14-wolken-logos-die-dem-7-himmel-gleichen\/\" \/>\n<meta property=\"og:locale\" content=\"de_DE\" \/>\n<meta property=\"og:type\" content=\"article\" \/>\n<meta property=\"og:title\" content=\"14 Wolken Logos, die dem 7. Himmel gleichen | designenlassen.de\" \/>\n<meta property=\"og:description\" content=\"Ein Wolken Logo l\u00e4sst sich vielf\u00e4ltig umsetzen. In unserer Galerie pr\u00e4sentieren wir Dir einige Varianten, die von klassischen Wolken Logos bis hin zu modernen Cloud Logos reichen.\" \/>\n<meta property=\"og:url\" content=\"https:\/\/www.designenlassen.de\/blog\/14-wolken-logos-die-dem-7-himmel-gleichen\/\" \/>\n<meta property=\"og:site_name\" content=\"designenlassen.de Blog\" \/>\n<meta property=\"article:published_time\" content=\"2020-06-11T08:00:00+00:00\" \/>\n<meta property=\"article:modified_time\" content=\"2024-09-19T07:39:40+00:00\" \/>\n<meta property=\"og:image\" content=\"https:\/\/www.designenlassen.de\/blog\/wp-content\/uploads\/2020\/05\/Wolken_Logo_Stoffhimmel_833485.png\" \/>\n\t<meta property=\"og:image:width\" content=\"1000\" \/>\n\t<meta property=\"og:image:height\" content=\"1000\" \/>\n\t<meta property=\"og:image:type\" content=\"image\/png\" \/>\n<meta name=\"author\" content=\"Patrick Schady\" \/>\n<meta name=\"twitter:card\" content=\"summary_large_image\" \/>\n<meta name=\"twitter:label1\" content=\"Verfasst von\" \/>\n\t<meta name=\"twitter:data1\" content=\"Patrick Schady\" \/>\n\t<meta name=\"twitter:label2\" content=\"Gesch\u00e4tzte Lesezeit\" \/>\n\t<meta name=\"twitter:data2\" content=\"5\u00a0Minuten\" \/>\n<script type=\"application\/ld+json\" class=\"yoast-schema-graph\">{\"@context\":\"https:\\\/\\\/schema.org\",\"@graph\":[{\"@type\":\"Article\",\"@id\":\"https:\\\/\\\/www.designenlassen.de\\\/blog\\\/14-wolken-logos-die-dem-7-himmel-gleichen\\\/#article\",\"isPartOf\":{\"@id\":\"https:\\\/\\\/www.designenlassen.de\\\/blog\\\/14-wolken-logos-die-dem-7-himmel-gleichen\\\/\"},\"author\":{\"name\":\"Patrick Schady\",\"@id\":\"https:\\\/\\\/www.designenlassen.de\\\/blog\\\/#\\\/schema\\\/person\\\/1e6e4a367ec0359155d5fbb01227c1ca\"},\"headline\":\"14 Wolken Logos, die dem 7. Himmel gleichen\",\"datePublished\":\"2020-06-11T08:00:00+00:00\",\"dateModified\":\"2024-09-19T07:39:40+00:00\",\"mainEntityOfPage\":{\"@id\":\"https:\\\/\\\/www.designenlassen.de\\\/blog\\\/14-wolken-logos-die-dem-7-himmel-gleichen\\\/\"},\"wordCount\":367,\"commentCount\":0,\"image\":{\"@id\":\"https:\\\/\\\/www.designenlassen.de\\\/blog\\\/14-wolken-logos-die-dem-7-himmel-gleichen\\\/#primaryimage\"},\"thumbnailUrl\":\"https:\\\/\\\/www.designenlassen.de\\\/blog\\\/wp-content\\\/uploads\\\/2020\\\/05\\\/Wolken_Logo_Stoffhimmel_833485.png\",\"articleSection\":[\"Design-Galerien\"],\"inLanguage\":\"de\",\"potentialAction\":[{\"@type\":\"CommentAction\",\"name\":\"Comment\",\"target\":[\"https:\\\/\\\/www.designenlassen.de\\\/blog\\\/14-wolken-logos-die-dem-7-himmel-gleichen\\\/#respond\"]}]},{\"@type\":\"WebPage\",\"@id\":\"https:\\\/\\\/www.designenlassen.de\\\/blog\\\/14-wolken-logos-die-dem-7-himmel-gleichen\\\/\",\"url\":\"https:\\\/\\\/www.designenlassen.de\\\/blog\\\/14-wolken-logos-die-dem-7-himmel-gleichen\\\/\",\"name\":\"14 Wolken Logos, die dem 7. Himmel gleichen | designenlassen.de\",\"isPartOf\":{\"@id\":\"https:\\\/\\\/www.designenlassen.de\\\/blog\\\/#website\"},\"primaryImageOfPage\":{\"@id\":\"https:\\\/\\\/www.designenlassen.de\\\/blog\\\/14-wolken-logos-die-dem-7-himmel-gleichen\\\/#primaryimage\"},\"image\":{\"@id\":\"https:\\\/\\\/www.designenlassen.de\\\/blog\\\/14-wolken-logos-die-dem-7-himmel-gleichen\\\/#primaryimage\"},\"thumbnailUrl\":\"https:\\\/\\\/www.designenlassen.de\\\/blog\\\/wp-content\\\/uploads\\\/2020\\\/05\\\/Wolken_Logo_Stoffhimmel_833485.png\",\"datePublished\":\"2020-06-11T08:00:00+00:00\",\"dateModified\":\"2024-09-19T07:39:40+00:00\",\"author\":{\"@id\":\"https:\\\/\\\/www.designenlassen.de\\\/blog\\\/#\\\/schema\\\/person\\\/1e6e4a367ec0359155d5fbb01227c1ca\"},\"description\":\"Ein Wolken Logo l\u00e4sst sich vielf\u00e4ltig umsetzen. In unserer Galerie pr\u00e4sentieren wir Dir einige Varianten, die von klassischen Wolken Logos bis hin zu modernen Cloud Logos reichen.\",\"breadcrumb\":{\"@id\":\"https:\\\/\\\/www.designenlassen.de\\\/blog\\\/14-wolken-logos-die-dem-7-himmel-gleichen\\\/#breadcrumb\"},\"inLanguage\":\"de\",\"potentialAction\":[{\"@type\":\"ReadAction\",\"target\":[\"https:\\\/\\\/www.designenlassen.de\\\/blog\\\/14-wolken-logos-die-dem-7-himmel-gleichen\\\/\"]}]},{\"@type\":\"ImageObject\",\"inLanguage\":\"de\",\"@id\":\"https:\\\/\\\/www.designenlassen.de\\\/blog\\\/14-wolken-logos-die-dem-7-himmel-gleichen\\\/#primaryimage\",\"url\":\"https:\\\/\\\/www.designenlassen.de\\\/blog\\\/wp-content\\\/uploads\\\/2020\\\/05\\\/Wolken_Logo_Stoffhimmel_833485.png\",\"contentUrl\":\"https:\\\/\\\/www.designenlassen.de\\\/blog\\\/wp-content\\\/uploads\\\/2020\\\/05\\\/Wolken_Logo_Stoffhimmel_833485.png\",\"width\":1000,\"height\":1000,\"caption\":\"Wolken-Logo von twins2design\"},{\"@type\":\"BreadcrumbList\",\"@id\":\"https:\\\/\\\/www.designenlassen.de\\\/blog\\\/14-wolken-logos-die-dem-7-himmel-gleichen\\\/#breadcrumb\",\"itemListElement\":[{\"@type\":\"ListItem\",\"position\":1,\"name\":\"Start\",\"item\":\"https:\\\/\\\/www.designenlassen.de\\\/blog\\\/\"},{\"@type\":\"ListItem\",\"position\":2,\"name\":\"14 Wolken Logos, die dem 7. Himmel gleichen\"}]},{\"@type\":\"WebSite\",\"@id\":\"https:\\\/\\\/www.designenlassen.de\\\/blog\\\/#website\",\"url\":\"https:\\\/\\\/www.designenlassen.de\\\/blog\\\/\",\"name\":\"designenlassen.de Blog\",\"description\":\"Inspirationen, Tipps und Ideen f\u00fcr Designer sowie Gr\u00fcnder und Kleinbetriebe.\",\"potentialAction\":[{\"@type\":\"SearchAction\",\"target\":{\"@type\":\"EntryPoint\",\"urlTemplate\":\"https:\\\/\\\/www.designenlassen.de\\\/blog\\\/?s={search_term_string}\"},\"query-input\":{\"@type\":\"PropertyValueSpecification\",\"valueRequired\":true,\"valueName\":\"search_term_string\"}}],\"inLanguage\":\"de\"},{\"@type\":\"Person\",\"@id\":\"https:\\\/\\\/www.designenlassen.de\\\/blog\\\/#\\\/schema\\\/person\\\/1e6e4a367ec0359155d5fbb01227c1ca\",\"name\":\"Patrick Schady\",\"image\":{\"@type\":\"ImageObject\",\"inLanguage\":\"de\",\"@id\":\"https:\\\/\\\/secure.gravatar.com\\\/avatar\\\/41cfafecfbfd30ee6bc4cc02dd530ef067050210239f1d60debda10ce9c038d7?s=96&d=mm&r=g\",\"url\":\"https:\\\/\\\/secure.gravatar.com\\\/avatar\\\/41cfafecfbfd30ee6bc4cc02dd530ef067050210239f1d60debda10ce9c038d7?s=96&d=mm&r=g\",\"contentUrl\":\"https:\\\/\\\/secure.gravatar.com\\\/avatar\\\/41cfafecfbfd30ee6bc4cc02dd530ef067050210239f1d60debda10ce9c038d7?s=96&d=mm&r=g\",\"caption\":\"Patrick Schady\"},\"url\":\"https:\\\/\\\/www.designenlassen.de\\\/blog\\\/author\\\/patrick\\\/\"}]}<\/script>\n<!-- \/ Yoast SEO plugin. -->","yoast_head_json":{"title":"14 Wolken Logos, die dem 7. Himmel gleichen | designenlassen.de","description":"Ein Wolken Logo l\u00e4sst sich vielf\u00e4ltig umsetzen. In unserer Galerie pr\u00e4sentieren wir Dir einige Varianten, die von klassischen Wolken Logos bis hin zu modernen Cloud Logos reichen.","robots":{"index":"index","follow":"follow","max-snippet":"max-snippet:-1","max-image-preview":"max-image-preview:large","max-video-preview":"max-video-preview:-1"},"canonical":"https:\/\/www.designenlassen.de\/blog\/14-wolken-logos-die-dem-7-himmel-gleichen\/","og_locale":"de_DE","og_type":"article","og_title":"14 Wolken Logos, die dem 7. Himmel gleichen | designenlassen.de","og_description":"Ein Wolken Logo l\u00e4sst sich vielf\u00e4ltig umsetzen. In unserer Galerie pr\u00e4sentieren wir Dir einige Varianten, die von klassischen Wolken Logos bis hin zu modernen Cloud Logos reichen.","og_url":"https:\/\/www.designenlassen.de\/blog\/14-wolken-logos-die-dem-7-himmel-gleichen\/","og_site_name":"designenlassen.de Blog","article_published_time":"2020-06-11T08:00:00+00:00","article_modified_time":"2024-09-19T07:39:40+00:00","og_image":[{"width":1000,"height":1000,"url":"https:\/\/www.designenlassen.de\/blog\/wp-content\/uploads\/2020\/05\/Wolken_Logo_Stoffhimmel_833485.png","type":"image\/png"}],"author":"Patrick Schady","twitter_card":"summary_large_image","twitter_misc":{"Verfasst von":"Patrick Schady","Gesch\u00e4tzte Lesezeit":"5\u00a0Minuten"},"schema":{"@context":"https:\/\/schema.org","@graph":[{"@type":"Article","@id":"https:\/\/www.designenlassen.de\/blog\/14-wolken-logos-die-dem-7-himmel-gleichen\/#article","isPartOf":{"@id":"https:\/\/www.designenlassen.de\/blog\/14-wolken-logos-die-dem-7-himmel-gleichen\/"},"author":{"name":"Patrick Schady","@id":"https:\/\/www.designenlassen.de\/blog\/#\/schema\/person\/1e6e4a367ec0359155d5fbb01227c1ca"},"headline":"14 Wolken Logos, die dem 7. Himmel gleichen","datePublished":"2020-06-11T08:00:00+00:00","dateModified":"2024-09-19T07:39:40+00:00","mainEntityOfPage":{"@id":"https:\/\/www.designenlassen.de\/blog\/14-wolken-logos-die-dem-7-himmel-gleichen\/"},"wordCount":367,"commentCount":0,"image":{"@id":"https:\/\/www.designenlassen.de\/blog\/14-wolken-logos-die-dem-7-himmel-gleichen\/#primaryimage"},"thumbnailUrl":"https:\/\/www.designenlassen.de\/blog\/wp-content\/uploads\/2020\/05\/Wolken_Logo_Stoffhimmel_833485.png","articleSection":["Design-Galerien"],"inLanguage":"de","potentialAction":[{"@type":"CommentAction","name":"Comment","target":["https:\/\/www.designenlassen.de\/blog\/14-wolken-logos-die-dem-7-himmel-gleichen\/#respond"]}]},{"@type":"WebPage","@id":"https:\/\/www.designenlassen.de\/blog\/14-wolken-logos-die-dem-7-himmel-gleichen\/","url":"https:\/\/www.designenlassen.de\/blog\/14-wolken-logos-die-dem-7-himmel-gleichen\/","name":"14 Wolken Logos, die dem 7. Himmel gleichen | designenlassen.de","isPartOf":{"@id":"https:\/\/www.designenlassen.de\/blog\/#website"},"primaryImageOfPage":{"@id":"https:\/\/www.designenlassen.de\/blog\/14-wolken-logos-die-dem-7-himmel-gleichen\/#primaryimage"},"image":{"@id":"https:\/\/www.designenlassen.de\/blog\/14-wolken-logos-die-dem-7-himmel-gleichen\/#primaryimage"},"thumbnailUrl":"https:\/\/www.designenlassen.de\/blog\/wp-content\/uploads\/2020\/05\/Wolken_Logo_Stoffhimmel_833485.png","datePublished":"2020-06-11T08:00:00+00:00","dateModified":"2024-09-19T07:39:40+00:00","author":{"@id":"https:\/\/www.designenlassen.de\/blog\/#\/schema\/person\/1e6e4a367ec0359155d5fbb01227c1ca"},"description":"Ein Wolken Logo l\u00e4sst sich vielf\u00e4ltig umsetzen. In unserer Galerie pr\u00e4sentieren wir Dir einige Varianten, die von klassischen Wolken Logos bis hin zu modernen Cloud Logos reichen.","breadcrumb":{"@id":"https:\/\/www.designenlassen.de\/blog\/14-wolken-logos-die-dem-7-himmel-gleichen\/#breadcrumb"},"inLanguage":"de","potentialAction":[{"@type":"ReadAction","target":["https:\/\/www.designenlassen.de\/blog\/14-wolken-logos-die-dem-7-himmel-gleichen\/"]}]},{"@type":"ImageObject","inLanguage":"de","@id":"https:\/\/www.designenlassen.de\/blog\/14-wolken-logos-die-dem-7-himmel-gleichen\/#primaryimage","url":"https:\/\/www.designenlassen.de\/blog\/wp-content\/uploads\/2020\/05\/Wolken_Logo_Stoffhimmel_833485.png","contentUrl":"https:\/\/www.designenlassen.de\/blog\/wp-content\/uploads\/2020\/05\/Wolken_Logo_Stoffhimmel_833485.png","width":1000,"height":1000,"caption":"Wolken-Logo von twins2design"},{"@type":"BreadcrumbList","@id":"https:\/\/www.designenlassen.de\/blog\/14-wolken-logos-die-dem-7-himmel-gleichen\/#breadcrumb","itemListElement":[{"@type":"ListItem","position":1,"name":"Start","item":"https:\/\/www.designenlassen.de\/blog\/"},{"@type":"ListItem","position":2,"name":"14 Wolken Logos, die dem 7. Himmel gleichen"}]},{"@type":"WebSite","@id":"https:\/\/www.designenlassen.de\/blog\/#website","url":"https:\/\/www.designenlassen.de\/blog\/","name":"designenlassen.de Blog","description":"Inspirationen, Tipps und Ideen f\u00fcr Designer sowie Gr\u00fcnder und Kleinbetriebe.","potentialAction":[{"@type":"SearchAction","target":{"@type":"EntryPoint","urlTemplate":"https:\/\/www.designenlassen.de\/blog\/?s={search_term_string}"},"query-input":{"@type":"PropertyValueSpecification","valueRequired":true,"valueName":"search_term_string"}}],"inLanguage":"de"},{"@type":"Person","@id":"https:\/\/www.designenlassen.de\/blog\/#\/schema\/person\/1e6e4a367ec0359155d5fbb01227c1ca","name":"Patrick Schady","image":{"@type":"ImageObject","inLanguage":"de","@id":"https:\/\/secure.gravatar.com\/avatar\/41cfafecfbfd30ee6bc4cc02dd530ef067050210239f1d60debda10ce9c038d7?s=96&d=mm&r=g","url":"https:\/\/secure.gravatar.com\/avatar\/41cfafecfbfd30ee6bc4cc02dd530ef067050210239f1d60debda10ce9c038d7?s=96&d=mm&r=g","contentUrl":"https:\/\/secure.gravatar.com\/avatar\/41cfafecfbfd30ee6bc4cc02dd530ef067050210239f1d60debda10ce9c038d7?s=96&d=mm&r=g","caption":"Patrick Schady"},"url":"https:\/\/www.designenlassen.de\/blog\/author\/patrick\/"}]}},"_links":{"self":[{"href":"https:\/\/www.designenlassen.de\/blog\/wp-json\/wp\/v2\/posts\/20871","targetHints":{"allow":["GET"]}}],"collection":[{"href":"https:\/\/www.designenlassen.de\/blog\/wp-json\/wp\/v2\/posts"}],"about":[{"href":"https:\/\/www.designenlassen.de\/blog\/wp-json\/wp\/v2\/types\/post"}],"author":[{"embeddable":true,"href":"https:\/\/www.designenlassen.de\/blog\/wp-json\/wp\/v2\/users\/24"}],"replies":[{"embeddable":true,"href":"https:\/\/www.designenlassen.de\/blog\/wp-json\/wp\/v2\/comments?post=20871"}],"version-history":[{"count":60,"href":"https:\/\/www.designenlassen.de\/blog\/wp-json\/wp\/v2\/posts\/20871\/revisions"}],"predecessor-version":[{"id":32555,"href":"https:\/\/www.designenlassen.de\/blog\/wp-json\/wp\/v2\/posts\/20871\/revisions\/32555"}],"wp:featuredmedia":[{"embeddable":true,"href":"https:\/\/www.designenlassen.de\/blog\/wp-json\/wp\/v2\/media\/20929"}],"wp:attachment":[{"href":"https:\/\/www.designenlassen.de\/blog\/wp-json\/wp\/v2\/media?parent=20871"}],"wp:term":[{"taxonomy":"category","embeddable":true,"href":"https:\/\/www.designenlassen.de\/blog\/wp-json\/wp\/v2\/categories?post=20871"},{"taxonomy":"post_tag","embeddable":true,"href":"https:\/\/www.designenlassen.de\/blog\/wp-json\/wp\/v2\/tags?post=20871"}],"curies":[{"name":"wp","href":"https:\/\/api.w.org\/{rel}","templated":true}]}}