{"id":21630,"date":"2020-09-02T10:00:00","date_gmt":"2020-09-02T08:00:00","guid":{"rendered":"https:\/\/www.designenlassen.de\/blog\/?p=21630"},"modified":"2024-09-23T10:52:40","modified_gmt":"2024-09-23T08:52:40","slug":"9-adler-logos-fuer-einen-federleichten-start-deines-unternehmens","status":"publish","type":"post","link":"https:\/\/www.designenlassen.de\/blog\/9-adler-logos-fuer-einen-federleichten-start-deines-unternehmens\/","title":{"rendered":"27 Adler Logos f\u00fcr einen federleichten Start Deines Unternehmens"},"content":{"rendered":"\n<p>Die Symbolik des Adlers beschreibt allem voran St\u00e4rke und Mut. Eingesetzt im Logo-Design verleiht der Adler einen aussagekr\u00e4ftigen und willensstarken Eindruck und macht direkt auf sich aufmerksam. Damit Du Dein Unternehmen mit einem ansprechenden Adler-Logo repr\u00e4sentieren kannst, muss es einen <a href=\"https:\/\/www.designenlassen.de\/blog\/wie-du-eine-marke-mit-maximalem-wiedererkennungswert-schaffen-kannst\/\">gewissen Wiedererkennungswert besitzen<\/a>. Lass Dich im Folgenden von unseren kreativen Adler Logo-Designs f\u00fcr Dein Projekt inspirieren!<\/p>\n\n\n\n<div class=\"wp-block-buttons is-content-justification-center is-layout-flex wp-container-core-buttons-is-layout-16018d1d wp-block-buttons-is-layout-flex\">\n<div class=\"wp-block-button is-style-fill\"><a class=\"wp-block-button__link has-white-color has-text-color has-background has-text-align-left wp-element-button\" href=\"https:\/\/www.designenlassen.de\/logo-design?utm_source=blog&amp;utm_medium=button&amp;utm_campaign=blog-beitraege\" style=\"background-color:#091182\">Jetzt Logo erstellen<\/a><\/div>\n<\/div>\n\n\n\n<div style=\"height:44px\" aria-hidden=\"true\" class=\"wp-block-spacer\"><\/div>\n\n\n\n<h2 class=\"wp-block-heading\">Klassische Adler-Logos, die besonders eindrucksvoll sind<\/h2>\n\n\n\n<p>Ein klassisches Logo ist nicht automatisch langweilig oder zu einfach. Durch eine bewusste <a href=\"https:\/\/www.designenlassen.de\/blog\/farbenlehre-die-macht-der-farben-verstehen\/\">Farbwahl<\/a>, die passenden Gr\u00f6\u00dfenverh\u00e4ltnisse und eine einzigartige Gestaltung, macht das Adler-Logo direkt auf sich und somit auf Dein Unternehmen aufmerksam. Ob der Adler in Line-Art oder illustriert gestaltet wird, ist v\u00f6llig Dir \u00fcberlassen.<\/p>\n\n\n\n<figure class=\"wp-block-gallery has-nested-images columns-default is-cropped dl_picsub_black wp-block-gallery-1 is-layout-flex wp-block-gallery-is-layout-flex\">\n<figure class=\"wp-block-image size-large\"><img fetchpriority=\"high\" decoding=\"async\" width=\"800\" height=\"554\" data-id=\"21631\" src=\"https:\/\/www.designenlassen.de\/blog\/wp-content\/uploads\/2020\/08\/Logo-mit-Adler-True-Research-461187-kreativkomplex.jpg\" alt=\"Logo-mit-Adler-True-Research\" class=\"wp-image-21631\" srcset=\"https:\/\/www.designenlassen.de\/blog\/wp-content\/uploads\/2020\/08\/Logo-mit-Adler-True-Research-461187-kreativkomplex.jpg 800w, https:\/\/www.designenlassen.de\/blog\/wp-content\/uploads\/2020\/08\/Logo-mit-Adler-True-Research-461187-kreativkomplex-300x208.jpg 300w, https:\/\/www.designenlassen.de\/blog\/wp-content\/uploads\/2020\/08\/Logo-mit-Adler-True-Research-461187-kreativkomplex-768x532.jpg 768w\" sizes=\"(max-width: 800px) 100vw, 800px\" \/><figcaption class=\"wp-element-caption\"><a href=\"https:\/\/www.designenlassen.de\/461187-logo-design-trueresearch\">Logo-Design mit Adler f\u00fcr TrueResearch von kreativkomplex<\/a><\/figcaption><\/figure>\n<\/figure>\n\n\n\n<figure class=\"wp-block-gallery has-nested-images columns-default is-cropped dl_picsub_black wp-block-gallery-2 is-layout-flex wp-block-gallery-is-layout-flex\">\n<figure class=\"wp-block-image size-large\"><img decoding=\"async\" width=\"338\" height=\"338\" data-id=\"21636\" src=\"https:\/\/www.designenlassen.de\/blog\/wp-content\/uploads\/2020\/08\/GR8Progress-Adler-Logo-291273-arief-97.png\" alt=\"GR8Progress-Adler-Logo\" class=\"wp-image-21636\" srcset=\"https:\/\/www.designenlassen.de\/blog\/wp-content\/uploads\/2020\/08\/GR8Progress-Adler-Logo-291273-arief-97.png 338w, https:\/\/www.designenlassen.de\/blog\/wp-content\/uploads\/2020\/08\/GR8Progress-Adler-Logo-291273-arief-97-300x300.png 300w, https:\/\/www.designenlassen.de\/blog\/wp-content\/uploads\/2020\/08\/GR8Progress-Adler-Logo-291273-arief-97-150x150.png 150w\" sizes=\"(max-width: 338px) 100vw, 338px\" \/><figcaption class=\"wp-element-caption\">Adler Logo von arief 97<\/figcaption><\/figure>\n\n\n\n<figure class=\"wp-block-image size-large\"><img decoding=\"async\" width=\"338\" height=\"338\" data-id=\"21637\" src=\"https:\/\/www.designenlassen.de\/blog\/wp-content\/uploads\/2020\/08\/King-Hair-Beauty-Adler-653648fimbirddesign.jpg\" alt=\"King-Hair-Beauty-Adler\" class=\"wp-image-21637\" srcset=\"https:\/\/www.designenlassen.de\/blog\/wp-content\/uploads\/2020\/08\/King-Hair-Beauty-Adler-653648fimbirddesign.jpg 338w, https:\/\/www.designenlassen.de\/blog\/wp-content\/uploads\/2020\/08\/King-Hair-Beauty-Adler-653648fimbirddesign-300x300.jpg 300w, https:\/\/www.designenlassen.de\/blog\/wp-content\/uploads\/2020\/08\/King-Hair-Beauty-Adler-653648fimbirddesign-150x150.jpg 150w\" sizes=\"(max-width: 338px) 100vw, 338px\" \/><figcaption class=\"wp-element-caption\">Adler Logo von fimbirddesign<\/figcaption><\/figure>\n<\/figure>\n\n\n\n<figure class=\"wp-block-gallery has-nested-images columns-default is-cropped dl_picsub_black wp-block-gallery-3 is-layout-flex wp-block-gallery-is-layout-flex\">\n<figure class=\"wp-block-image size-large\"><img loading=\"lazy\" decoding=\"async\" width=\"800\" height=\"497\" data-id=\"21638\" src=\"https:\/\/www.designenlassen.de\/blog\/wp-content\/uploads\/2020\/08\/Adler-Logo-Eagle-Golf-543684-JSatuh.jpg\" alt=\"Adler-Logo-Eagle-Golf\" class=\"wp-image-21638\" srcset=\"https:\/\/www.designenlassen.de\/blog\/wp-content\/uploads\/2020\/08\/Adler-Logo-Eagle-Golf-543684-JSatuh.jpg 800w, https:\/\/www.designenlassen.de\/blog\/wp-content\/uploads\/2020\/08\/Adler-Logo-Eagle-Golf-543684-JSatuh-300x186.jpg 300w, https:\/\/www.designenlassen.de\/blog\/wp-content\/uploads\/2020\/08\/Adler-Logo-Eagle-Golf-543684-JSatuh-768x477.jpg 768w\" sizes=\"(max-width: 800px) 100vw, 800px\" \/><figcaption class=\"wp-element-caption\"><a href=\"https:\/\/www.designenlassen.de\/543684-corporate-design-fuer-mutterkonzern-gesucht\">Adler Logo-Design f\u00fcr EagleGolf von JSatuh<\/a><\/figcaption><\/figure>\n<\/figure>\n\n\n\n<figure class=\"wp-block-gallery has-nested-images columns-2 is-cropped wp-block-gallery-4 is-layout-flex wp-block-gallery-is-layout-flex\">\n<figure class=\"wp-block-image size-large\"><img loading=\"lazy\" decoding=\"async\" width=\"813\" height=\"543\" data-id=\"32599\" src=\"https:\/\/www.designenlassen.de\/blog\/wp-content\/uploads\/2020\/09\/designenlassen-adler-logo-watchcompany2.png\" alt=\"\" class=\"wp-image-32599\" srcset=\"https:\/\/www.designenlassen.de\/blog\/wp-content\/uploads\/2020\/09\/designenlassen-adler-logo-watchcompany2.png 813w, https:\/\/www.designenlassen.de\/blog\/wp-content\/uploads\/2020\/09\/designenlassen-adler-logo-watchcompany2-300x200.png 300w, https:\/\/www.designenlassen.de\/blog\/wp-content\/uploads\/2020\/09\/designenlassen-adler-logo-watchcompany2-768x513.png 768w\" sizes=\"(max-width: 813px) 100vw, 813px\" \/><\/figure>\n\n\n\n<figure class=\"wp-block-image size-large\"><img loading=\"lazy\" decoding=\"async\" width=\"1024\" height=\"768\" data-id=\"32597\" src=\"https:\/\/www.designenlassen.de\/blog\/wp-content\/uploads\/2020\/09\/designenlassen-adler-logo-theeagels3-1024x768.png\" alt=\"\" class=\"wp-image-32597\" srcset=\"https:\/\/www.designenlassen.de\/blog\/wp-content\/uploads\/2020\/09\/designenlassen-adler-logo-theeagels3-1024x768.png 1024w, https:\/\/www.designenlassen.de\/blog\/wp-content\/uploads\/2020\/09\/designenlassen-adler-logo-theeagels3-300x225.png 300w, https:\/\/www.designenlassen.de\/blog\/wp-content\/uploads\/2020\/09\/designenlassen-adler-logo-theeagels3-768x576.png 768w, https:\/\/www.designenlassen.de\/blog\/wp-content\/uploads\/2020\/09\/designenlassen-adler-logo-theeagels3-1536x1152.png 1536w, https:\/\/www.designenlassen.de\/blog\/wp-content\/uploads\/2020\/09\/designenlassen-adler-logo-theeagels3.png 2048w\" sizes=\"(max-width: 1024px) 100vw, 1024px\" \/><\/figure>\n\n\n\n<figure class=\"wp-block-image size-large\"><img loading=\"lazy\" decoding=\"async\" width=\"850\" height=\"850\" data-id=\"32596\" src=\"https:\/\/www.designenlassen.de\/blog\/wp-content\/uploads\/2020\/09\/designenlassen-adler-logo-theeagels2.jpg\" alt=\"\" class=\"wp-image-32596\" srcset=\"https:\/\/www.designenlassen.de\/blog\/wp-content\/uploads\/2020\/09\/designenlassen-adler-logo-theeagels2.jpg 850w, https:\/\/www.designenlassen.de\/blog\/wp-content\/uploads\/2020\/09\/designenlassen-adler-logo-theeagels2-300x300.jpg 300w, https:\/\/www.designenlassen.de\/blog\/wp-content\/uploads\/2020\/09\/designenlassen-adler-logo-theeagels2-150x150.jpg 150w, https:\/\/www.designenlassen.de\/blog\/wp-content\/uploads\/2020\/09\/designenlassen-adler-logo-theeagels2-768x768.jpg 768w\" sizes=\"(max-width: 850px) 100vw, 850px\" \/><\/figure>\n\n\n\n<figure class=\"wp-block-image size-large\"><img loading=\"lazy\" decoding=\"async\" width=\"1024\" height=\"1024\" data-id=\"32595\" src=\"https:\/\/www.designenlassen.de\/blog\/wp-content\/uploads\/2020\/09\/designenlassen-adler-logo-theeagels-1024x1024.jpg\" alt=\"\" class=\"wp-image-32595\" srcset=\"https:\/\/www.designenlassen.de\/blog\/wp-content\/uploads\/2020\/09\/designenlassen-adler-logo-theeagels-1024x1024.jpg 1024w, https:\/\/www.designenlassen.de\/blog\/wp-content\/uploads\/2020\/09\/designenlassen-adler-logo-theeagels-300x300.jpg 300w, https:\/\/www.designenlassen.de\/blog\/wp-content\/uploads\/2020\/09\/designenlassen-adler-logo-theeagels-150x150.jpg 150w, https:\/\/www.designenlassen.de\/blog\/wp-content\/uploads\/2020\/09\/designenlassen-adler-logo-theeagels-768x768.jpg 768w, https:\/\/www.designenlassen.de\/blog\/wp-content\/uploads\/2020\/09\/designenlassen-adler-logo-theeagels-1536x1536.jpg 1536w, https:\/\/www.designenlassen.de\/blog\/wp-content\/uploads\/2020\/09\/designenlassen-adler-logo-theeagels.jpg 2000w\" sizes=\"(max-width: 1024px) 100vw, 1024px\" \/><\/figure>\n\n\n\n<figure class=\"wp-block-image size-large\"><img loading=\"lazy\" decoding=\"async\" width=\"1683\" height=\"1685\" data-id=\"32600\" src=\"https:\/\/www.designenlassen.de\/blog\/wp-content\/uploads\/2024\/09\/designenlassen-adler-logo-teamwakeup-edited.png\" alt=\"\" class=\"wp-image-32600\" srcset=\"https:\/\/www.designenlassen.de\/blog\/wp-content\/uploads\/2024\/09\/designenlassen-adler-logo-teamwakeup-edited.png 1683w, https:\/\/www.designenlassen.de\/blog\/wp-content\/uploads\/2024\/09\/designenlassen-adler-logo-teamwakeup-edited-300x300.png 300w, https:\/\/www.designenlassen.de\/blog\/wp-content\/uploads\/2024\/09\/designenlassen-adler-logo-teamwakeup-edited-1024x1024.png 1024w, https:\/\/www.designenlassen.de\/blog\/wp-content\/uploads\/2024\/09\/designenlassen-adler-logo-teamwakeup-edited-150x150.png 150w, https:\/\/www.designenlassen.de\/blog\/wp-content\/uploads\/2024\/09\/designenlassen-adler-logo-teamwakeup-edited-768x769.png 768w, https:\/\/www.designenlassen.de\/blog\/wp-content\/uploads\/2024\/09\/designenlassen-adler-logo-teamwakeup-edited-1534x1536.png 1534w\" sizes=\"(max-width: 1683px) 100vw, 1683px\" \/><\/figure>\n\n\n\n<figure class=\"wp-block-image size-large\"><img loading=\"lazy\" decoding=\"async\" width=\"1024\" height=\"682\" data-id=\"32591\" src=\"https:\/\/www.designenlassen.de\/blog\/wp-content\/uploads\/2020\/09\/designenlassen-adler-logo-qualiteam-1024x682.jpg\" alt=\"\" class=\"wp-image-32591\" srcset=\"https:\/\/www.designenlassen.de\/blog\/wp-content\/uploads\/2020\/09\/designenlassen-adler-logo-qualiteam-1024x682.jpg 1024w, https:\/\/www.designenlassen.de\/blog\/wp-content\/uploads\/2020\/09\/designenlassen-adler-logo-qualiteam-300x200.jpg 300w, https:\/\/www.designenlassen.de\/blog\/wp-content\/uploads\/2020\/09\/designenlassen-adler-logo-qualiteam-768x512.jpg 768w, https:\/\/www.designenlassen.de\/blog\/wp-content\/uploads\/2020\/09\/designenlassen-adler-logo-qualiteam-1536x1024.jpg 1536w, https:\/\/www.designenlassen.de\/blog\/wp-content\/uploads\/2020\/09\/designenlassen-adler-logo-qualiteam.jpg 1772w\" sizes=\"(max-width: 1024px) 100vw, 1024px\" \/><\/figure>\n\n\n\n<figure class=\"wp-block-image size-large\"><img loading=\"lazy\" decoding=\"async\" width=\"1024\" height=\"1024\" data-id=\"32590\" src=\"https:\/\/www.designenlassen.de\/blog\/wp-content\/uploads\/2020\/09\/designenlassen-adler-logo-maltelanger2-1024x1024.png\" alt=\"\" class=\"wp-image-32590\" srcset=\"https:\/\/www.designenlassen.de\/blog\/wp-content\/uploads\/2020\/09\/designenlassen-adler-logo-maltelanger2-1024x1024.png 1024w, https:\/\/www.designenlassen.de\/blog\/wp-content\/uploads\/2020\/09\/designenlassen-adler-logo-maltelanger2-300x300.png 300w, https:\/\/www.designenlassen.de\/blog\/wp-content\/uploads\/2020\/09\/designenlassen-adler-logo-maltelanger2-150x150.png 150w, https:\/\/www.designenlassen.de\/blog\/wp-content\/uploads\/2020\/09\/designenlassen-adler-logo-maltelanger2-768x768.png 768w, https:\/\/www.designenlassen.de\/blog\/wp-content\/uploads\/2020\/09\/designenlassen-adler-logo-maltelanger2-1536x1536.png 1536w, https:\/\/www.designenlassen.de\/blog\/wp-content\/uploads\/2020\/09\/designenlassen-adler-logo-maltelanger2.png 1603w\" sizes=\"(max-width: 1024px) 100vw, 1024px\" \/><\/figure>\n\n\n\n<figure class=\"wp-block-image size-large\"><img loading=\"lazy\" decoding=\"async\" width=\"1024\" height=\"1024\" data-id=\"32589\" src=\"https:\/\/www.designenlassen.de\/blog\/wp-content\/uploads\/2020\/09\/designenlassen-adler-logo-maltelanger-1024x1024.jpg\" alt=\"\" class=\"wp-image-32589\" srcset=\"https:\/\/www.designenlassen.de\/blog\/wp-content\/uploads\/2020\/09\/designenlassen-adler-logo-maltelanger-1024x1024.jpg 1024w, https:\/\/www.designenlassen.de\/blog\/wp-content\/uploads\/2020\/09\/designenlassen-adler-logo-maltelanger-300x300.jpg 300w, https:\/\/www.designenlassen.de\/blog\/wp-content\/uploads\/2020\/09\/designenlassen-adler-logo-maltelanger-150x150.jpg 150w, https:\/\/www.designenlassen.de\/blog\/wp-content\/uploads\/2020\/09\/designenlassen-adler-logo-maltelanger-768x768.jpg 768w, https:\/\/www.designenlassen.de\/blog\/wp-content\/uploads\/2020\/09\/designenlassen-adler-logo-maltelanger.jpg 1182w\" sizes=\"(max-width: 1024px) 100vw, 1024px\" \/><\/figure>\n\n\n\n<figure class=\"wp-block-image size-large\"><img loading=\"lazy\" decoding=\"async\" width=\"500\" height=\"500\" data-id=\"32588\" src=\"https:\/\/www.designenlassen.de\/blog\/wp-content\/uploads\/2020\/09\/designenlassen-adler-logo-getalpha2.png\" alt=\"\" class=\"wp-image-32588\" srcset=\"https:\/\/www.designenlassen.de\/blog\/wp-content\/uploads\/2020\/09\/designenlassen-adler-logo-getalpha2.png 500w, https:\/\/www.designenlassen.de\/blog\/wp-content\/uploads\/2020\/09\/designenlassen-adler-logo-getalpha2-300x300.png 300w, https:\/\/www.designenlassen.de\/blog\/wp-content\/uploads\/2020\/09\/designenlassen-adler-logo-getalpha2-150x150.png 150w\" sizes=\"(max-width: 500px) 100vw, 500px\" \/><\/figure>\n\n\n\n<figure class=\"wp-block-image size-large\"><img loading=\"lazy\" decoding=\"async\" width=\"1011\" height=\"984\" data-id=\"32585\" src=\"https:\/\/www.designenlassen.de\/blog\/wp-content\/uploads\/2020\/09\/designenlassen-adler-logo-eagleprint.png\" alt=\"\" class=\"wp-image-32585\" srcset=\"https:\/\/www.designenlassen.de\/blog\/wp-content\/uploads\/2020\/09\/designenlassen-adler-logo-eagleprint.png 1011w, https:\/\/www.designenlassen.de\/blog\/wp-content\/uploads\/2020\/09\/designenlassen-adler-logo-eagleprint-300x292.png 300w, https:\/\/www.designenlassen.de\/blog\/wp-content\/uploads\/2020\/09\/designenlassen-adler-logo-eagleprint-768x747.png 768w\" sizes=\"(max-width: 1011px) 100vw, 1011px\" \/><\/figure>\n\n\n\n<figure class=\"wp-block-image size-large\"><img loading=\"lazy\" decoding=\"async\" width=\"1024\" height=\"1024\" data-id=\"32598\" src=\"https:\/\/www.designenlassen.de\/blog\/wp-content\/uploads\/2020\/09\/designenlassen-adler-logo-watchcompany-1024x1024.jpg\" alt=\"\" class=\"wp-image-32598\" srcset=\"https:\/\/www.designenlassen.de\/blog\/wp-content\/uploads\/2020\/09\/designenlassen-adler-logo-watchcompany-1024x1024.jpg 1024w, https:\/\/www.designenlassen.de\/blog\/wp-content\/uploads\/2020\/09\/designenlassen-adler-logo-watchcompany-300x300.jpg 300w, https:\/\/www.designenlassen.de\/blog\/wp-content\/uploads\/2020\/09\/designenlassen-adler-logo-watchcompany-150x150.jpg 150w, https:\/\/www.designenlassen.de\/blog\/wp-content\/uploads\/2020\/09\/designenlassen-adler-logo-watchcompany-768x768.jpg 768w, https:\/\/www.designenlassen.de\/blog\/wp-content\/uploads\/2020\/09\/designenlassen-adler-logo-watchcompany-1536x1536.jpg 1536w, https:\/\/www.designenlassen.de\/blog\/wp-content\/uploads\/2020\/09\/designenlassen-adler-logo-watchcompany-2048x2048.jpg 2048w\" sizes=\"(max-width: 1024px) 100vw, 1024px\" \/><\/figure>\n<\/figure>\n\n\n\n<div class=\"wp-block-buttons is-content-justification-center is-layout-flex wp-container-core-buttons-is-layout-16018d1d wp-block-buttons-is-layout-flex\">\n<div class=\"wp-block-button is-style-fill\"><a class=\"wp-block-button__link has-white-color has-text-color has-background has-text-align-left wp-element-button\" href=\"https:\/\/www.designenlassen.de\/logo-design?utm_source=blog&amp;utm_medium=button&amp;utm_campaign=blog-beitraege\" style=\"background-color:#091182\">Jetzt Logo erstellen<\/a><\/div>\n<\/div>\n\n\n\n<div style=\"height:73px\" aria-hidden=\"true\" class=\"wp-block-spacer\"><\/div>\n\n\n\n<h2 class=\"wp-block-heading\">Illustrierte Logos mit Adlern<\/h2>\n\n\n\n<p>Illustrierte Logos sind besonders kreativ und einzigartig. Ein <a href=\"https:\/\/www.designenlassen.de\/blog\/was-ist-ein-logo\/\">Logo<\/a> mit einer Adler-Illustration hebt sich demnach perfekt von der Konkurrenz ab und vermittelt einen besonders starken Eindruck. Ob f\u00fcr den Verein, das Unternehmen oder ein Projekt, ein Adler-Logo eignet sich f\u00fcr nahezu alle Branchen und kann demnach besonders vielseitig eingesetzt werden.<\/p>\n\n\n\n<figure class=\"wp-block-gallery has-nested-images columns-default is-cropped dl_picsub_black wp-block-gallery-5 is-layout-flex wp-block-gallery-is-layout-flex\">\n<figure class=\"wp-block-image size-large\"><img loading=\"lazy\" decoding=\"async\" width=\"338\" height=\"338\" data-id=\"21632\" src=\"https:\/\/www.designenlassen.de\/blog\/wp-content\/uploads\/2020\/08\/Logo-mit-Adler-Handball-Tirol-424144-Morar.jpg\" alt=\"Logo-mit-Adler-Handball-Tirol\" class=\"wp-image-21632\" srcset=\"https:\/\/www.designenlassen.de\/blog\/wp-content\/uploads\/2020\/08\/Logo-mit-Adler-Handball-Tirol-424144-Morar.jpg 338w, https:\/\/www.designenlassen.de\/blog\/wp-content\/uploads\/2020\/08\/Logo-mit-Adler-Handball-Tirol-424144-Morar-300x300.jpg 300w, https:\/\/www.designenlassen.de\/blog\/wp-content\/uploads\/2020\/08\/Logo-mit-Adler-Handball-Tirol-424144-Morar-150x150.jpg 150w\" sizes=\"(max-width: 338px) 100vw, 338px\" \/><figcaption class=\"wp-element-caption\">Adler Logo von Morar<\/figcaption><\/figure>\n\n\n\n<figure class=\"wp-block-image size-large\"><img loading=\"lazy\" decoding=\"async\" width=\"338\" height=\"338\" data-id=\"21633\" src=\"https:\/\/www.designenlassen.de\/blog\/wp-content\/uploads\/2020\/08\/True-Research-Logo-Adler-461187-alucART.png\" alt=\"True-Research-Logo-Adler\" class=\"wp-image-21633\" srcset=\"https:\/\/www.designenlassen.de\/blog\/wp-content\/uploads\/2020\/08\/True-Research-Logo-Adler-461187-alucART.png 338w, https:\/\/www.designenlassen.de\/blog\/wp-content\/uploads\/2020\/08\/True-Research-Logo-Adler-461187-alucART-300x300.png 300w, https:\/\/www.designenlassen.de\/blog\/wp-content\/uploads\/2020\/08\/True-Research-Logo-Adler-461187-alucART-150x150.png 150w\" sizes=\"(max-width: 338px) 100vw, 338px\" \/><figcaption class=\"wp-element-caption\">Adler Logo von alucART<\/figcaption><\/figure>\n<\/figure>\n\n\n\n<figure class=\"wp-block-gallery has-nested-images columns-default is-cropped dl_picsub_black wp-block-gallery-6 is-layout-flex wp-block-gallery-is-layout-flex\">\n<figure class=\"wp-block-image size-large\"><img loading=\"lazy\" decoding=\"async\" width=\"800\" height=\"492\" data-id=\"21634\" src=\"https:\/\/www.designenlassen.de\/blog\/wp-content\/uploads\/2020\/08\/Eagle-Gold-Logo-Design-mit-Adler-543684-JSatuh.jpg\" alt=\"Eagle-Gold-Logo-Design-mit-Adler\" class=\"wp-image-21634\" srcset=\"https:\/\/www.designenlassen.de\/blog\/wp-content\/uploads\/2020\/08\/Eagle-Gold-Logo-Design-mit-Adler-543684-JSatuh.jpg 800w, https:\/\/www.designenlassen.de\/blog\/wp-content\/uploads\/2020\/08\/Eagle-Gold-Logo-Design-mit-Adler-543684-JSatuh-300x185.jpg 300w, https:\/\/www.designenlassen.de\/blog\/wp-content\/uploads\/2020\/08\/Eagle-Gold-Logo-Design-mit-Adler-543684-JSatuh-768x472.jpg 768w\" sizes=\"(max-width: 800px) 100vw, 800px\" \/><figcaption class=\"wp-element-caption\"><a href=\"https:\/\/www.designenlassen.de\/543684-corporate-design-fuer-mutterkonzern-gesucht\">Eagle Gold Logo mit Adler von Designer JSatuh<\/a><\/figcaption><\/figure>\n<\/figure>\n\n\n\n<figure class=\"wp-block-gallery has-nested-images columns-default is-cropped dl_picsub_black wp-block-gallery-7 is-layout-flex wp-block-gallery-is-layout-flex\">\n<figure class=\"wp-block-image size-large\"><img loading=\"lazy\" decoding=\"async\" width=\"338\" height=\"338\" data-id=\"21640\" src=\"https:\/\/www.designenlassen.de\/blog\/wp-content\/uploads\/2020\/08\/Deutsches-Fu\u00dfball-Quiz-Adler-Logo-Design-155683-Digitalkosmetiker.png\" alt=\"Deutsches-Fu\u00dfball-Quiz-Adler-Logo-Design\" class=\"wp-image-21640\" srcset=\"https:\/\/www.designenlassen.de\/blog\/wp-content\/uploads\/2020\/08\/Deutsches-Fu\u00dfball-Quiz-Adler-Logo-Design-155683-Digitalkosmetiker.png 338w, https:\/\/www.designenlassen.de\/blog\/wp-content\/uploads\/2020\/08\/Deutsches-Fu\u00dfball-Quiz-Adler-Logo-Design-155683-Digitalkosmetiker-300x300.png 300w, https:\/\/www.designenlassen.de\/blog\/wp-content\/uploads\/2020\/08\/Deutsches-Fu\u00dfball-Quiz-Adler-Logo-Design-155683-Digitalkosmetiker-150x150.png 150w\" sizes=\"(max-width: 338px) 100vw, 338px\" \/><figcaption class=\"wp-element-caption\">Adler Logo von Digitalkosmetiker<\/figcaption><\/figure>\n\n\n\n<figure class=\"wp-block-image size-large\"><img loading=\"lazy\" decoding=\"async\" width=\"338\" height=\"338\" data-id=\"21641\" src=\"https:\/\/www.designenlassen.de\/blog\/wp-content\/uploads\/2020\/08\/Handball-Tirol-Logo-Adler-424144-mario21sb.png\" alt=\"Handball-Tirol-Logo-Adler\" class=\"wp-image-21641\" srcset=\"https:\/\/www.designenlassen.de\/blog\/wp-content\/uploads\/2020\/08\/Handball-Tirol-Logo-Adler-424144-mario21sb.png 338w, https:\/\/www.designenlassen.de\/blog\/wp-content\/uploads\/2020\/08\/Handball-Tirol-Logo-Adler-424144-mario21sb-300x300.png 300w, https:\/\/www.designenlassen.de\/blog\/wp-content\/uploads\/2020\/08\/Handball-Tirol-Logo-Adler-424144-mario21sb-150x150.png 150w\" sizes=\"(max-width: 338px) 100vw, 338px\" \/><figcaption class=\"wp-element-caption\">Adler Logo von mario21sb<\/figcaption><\/figure>\n<\/figure>\n\n\n\n<figure class=\"wp-block-gallery has-nested-images columns-2 is-cropped wp-block-gallery-8 is-layout-flex wp-block-gallery-is-layout-flex\">\n<figure class=\"wp-block-image size-large\"><img loading=\"lazy\" decoding=\"async\" width=\"375\" height=\"375\" data-id=\"32593\" src=\"https:\/\/www.designenlassen.de\/blog\/wp-content\/uploads\/2020\/09\/designenlassen-adler-logo-regiaaquila2.png\" alt=\"\" class=\"wp-image-32593\" srcset=\"https:\/\/www.designenlassen.de\/blog\/wp-content\/uploads\/2020\/09\/designenlassen-adler-logo-regiaaquila2.png 375w, https:\/\/www.designenlassen.de\/blog\/wp-content\/uploads\/2020\/09\/designenlassen-adler-logo-regiaaquila2-300x300.png 300w, https:\/\/www.designenlassen.de\/blog\/wp-content\/uploads\/2020\/09\/designenlassen-adler-logo-regiaaquila2-150x150.png 150w\" sizes=\"(max-width: 375px) 100vw, 375px\" \/><\/figure>\n\n\n\n<figure class=\"wp-block-image size-large\"><img loading=\"lazy\" decoding=\"async\" width=\"1024\" height=\"1024\" data-id=\"32592\" src=\"https:\/\/www.designenlassen.de\/blog\/wp-content\/uploads\/2020\/09\/designenlassen-adler-logo-regiaaquila-1024x1024.jpg\" alt=\"\" class=\"wp-image-32592\" srcset=\"https:\/\/www.designenlassen.de\/blog\/wp-content\/uploads\/2020\/09\/designenlassen-adler-logo-regiaaquila-1024x1024.jpg 1024w, https:\/\/www.designenlassen.de\/blog\/wp-content\/uploads\/2020\/09\/designenlassen-adler-logo-regiaaquila-300x300.jpg 300w, https:\/\/www.designenlassen.de\/blog\/wp-content\/uploads\/2020\/09\/designenlassen-adler-logo-regiaaquila-150x150.jpg 150w, https:\/\/www.designenlassen.de\/blog\/wp-content\/uploads\/2020\/09\/designenlassen-adler-logo-regiaaquila-768x768.jpg 768w, https:\/\/www.designenlassen.de\/blog\/wp-content\/uploads\/2020\/09\/designenlassen-adler-logo-regiaaquila.jpg 1260w\" sizes=\"(max-width: 1024px) 100vw, 1024px\" \/><\/figure>\n\n\n\n<figure class=\"wp-block-image size-large\"><img loading=\"lazy\" decoding=\"async\" width=\"1024\" height=\"1024\" data-id=\"32586\" src=\"https:\/\/www.designenlassen.de\/blog\/wp-content\/uploads\/2020\/09\/designenlassen-adler-logo-eagleprint2.png\" alt=\"\" class=\"wp-image-32586\" srcset=\"https:\/\/www.designenlassen.de\/blog\/wp-content\/uploads\/2020\/09\/designenlassen-adler-logo-eagleprint2.png 1024w, https:\/\/www.designenlassen.de\/blog\/wp-content\/uploads\/2020\/09\/designenlassen-adler-logo-eagleprint2-300x300.png 300w, https:\/\/www.designenlassen.de\/blog\/wp-content\/uploads\/2020\/09\/designenlassen-adler-logo-eagleprint2-150x150.png 150w, https:\/\/www.designenlassen.de\/blog\/wp-content\/uploads\/2020\/09\/designenlassen-adler-logo-eagleprint2-768x768.png 768w\" sizes=\"(max-width: 1024px) 100vw, 1024px\" \/><\/figure>\n\n\n\n<figure class=\"wp-block-image size-large\"><img loading=\"lazy\" decoding=\"async\" width=\"1024\" height=\"870\" data-id=\"32587\" src=\"https:\/\/www.designenlassen.de\/blog\/wp-content\/uploads\/2020\/09\/designenlassen-adler-logo-getalpha-1024x870.png\" alt=\"\" class=\"wp-image-32587\" srcset=\"https:\/\/www.designenlassen.de\/blog\/wp-content\/uploads\/2020\/09\/designenlassen-adler-logo-getalpha-1024x870.png 1024w, https:\/\/www.designenlassen.de\/blog\/wp-content\/uploads\/2020\/09\/designenlassen-adler-logo-getalpha-300x255.png 300w, https:\/\/www.designenlassen.de\/blog\/wp-content\/uploads\/2020\/09\/designenlassen-adler-logo-getalpha-768x653.png 768w, https:\/\/www.designenlassen.de\/blog\/wp-content\/uploads\/2020\/09\/designenlassen-adler-logo-getalpha-1536x1306.png 1536w, https:\/\/www.designenlassen.de\/blog\/wp-content\/uploads\/2020\/09\/designenlassen-adler-logo-getalpha.png 2000w\" sizes=\"(max-width: 1024px) 100vw, 1024px\" \/><\/figure>\n\n\n\n<figure class=\"wp-block-image size-large\"><img loading=\"lazy\" decoding=\"async\" width=\"512\" height=\"500\" data-id=\"32583\" src=\"https:\/\/www.designenlassen.de\/blog\/wp-content\/uploads\/2020\/09\/designenlassen-adler-logo-2.jpg\" alt=\"\" class=\"wp-image-32583\" srcset=\"https:\/\/www.designenlassen.de\/blog\/wp-content\/uploads\/2020\/09\/designenlassen-adler-logo-2.jpg 512w, https:\/\/www.designenlassen.de\/blog\/wp-content\/uploads\/2020\/09\/designenlassen-adler-logo-2-300x293.jpg 300w\" sizes=\"(max-width: 512px) 100vw, 512px\" \/><\/figure>\n\n\n\n<figure class=\"wp-block-image size-large\"><img loading=\"lazy\" decoding=\"async\" width=\"739\" height=\"1024\" data-id=\"32582\" src=\"https:\/\/www.designenlassen.de\/blog\/wp-content\/uploads\/2020\/09\/designenlassen-adler-logo-1-739x1024.png\" alt=\"\" class=\"wp-image-32582\" srcset=\"https:\/\/www.designenlassen.de\/blog\/wp-content\/uploads\/2020\/09\/designenlassen-adler-logo-1-739x1024.png 739w, https:\/\/www.designenlassen.de\/blog\/wp-content\/uploads\/2020\/09\/designenlassen-adler-logo-1-217x300.png 217w, https:\/\/www.designenlassen.de\/blog\/wp-content\/uploads\/2020\/09\/designenlassen-adler-logo-1-768x1064.png 768w, https:\/\/www.designenlassen.de\/blog\/wp-content\/uploads\/2020\/09\/designenlassen-adler-logo-1.png 857w\" sizes=\"(max-width: 739px) 100vw, 739px\" \/><\/figure>\n<\/figure>\n\n\n\n<p>Nachdem wir Dir nun einige coole und kreative Adler-Logos vorgestellt haben, w\u00fcrde uns interessieren, welches der Logo-Designs Dir am besten gefallen hat! Lass es uns gerne in den Kommentaren wissen.<\/p>\n\n\n\n<h2 class=\"wp-block-heading\">Du ben\u00f6tigst ein starkes Adler-Logo?<\/h2>\n\n\n\n<p>Starte einen eigenen Designwettbewerb auf designenlassen.de und erhalte zahlreiche individuelle Vorschl\u00e4ge von unterschiedlichen Designern. Kein Risiko durch Preisgeld-zur\u00fcck-Garantie.<\/p>\n\n\n\n<div class=\"wp-block-buttons is-content-justification-center is-layout-flex wp-container-core-buttons-is-layout-16018d1d wp-block-buttons-is-layout-flex\">\n<div class=\"wp-block-button is-style-fill\"><a class=\"wp-block-button__link has-white-color has-text-color has-background has-text-align-left wp-element-button\" href=\"https:\/\/www.designenlassen.de\/logo-design?utm_source=blog&amp;utm_medium=button&amp;utm_campaign=blog-beitraege\" style=\"background-color:#091182\">Jetzt Logo erstellen<\/a><\/div>\n<\/div>\n\n\n\n<div style=\"height:100px\" aria-hidden=\"true\" class=\"wp-block-spacer\"><\/div>\n\n\n\n<p><strong>\u00c4hnliche Beitr\u00e4ge:<\/strong><\/p>\n\n\n\n<p><a href=\"https:\/\/www.designenlassen.de\/blog\/37-tier-logos-fuer-einen-baerenstarken-markenauftritt\/\">37 Tier Logos f\u00fcr einen b\u00e4renstarken Markenauftritt<\/a><\/p>\n\n\n\n<p><a href=\"https:\/\/www.designenlassen.de\/blog\/30-coole-logos-die-den-ton-angeben\/\">30 Coole Logos, die den Ton angeben<\/a><\/p>\n\n\n\n<p><a href=\"https:\/\/www.designenlassen.de\/blog\/20-tierarzt-logos-die-tiere-frauchen-und-herrchen-begeistern\/\">20 Tierarzt-Logos, die Tiere, Frauchen und Herrchen begeistern<\/a><\/p>\n","protected":false},"excerpt":{"rendered":"<p>Die Symbolik des Adlers beschreibt allem voran St\u00e4rke und Mut. Eingesetzt im Logo-Design verleiht der Adler&hellip;<\/p>\n","protected":false},"author":10,"featured_media":21632,"comment_status":"open","ping_status":"open","sticky":false,"template":"","format":"standard","meta":{"_lmt_disableupdate":"","_lmt_disable":"","footnotes":""},"categories":[19],"tags":[],"class_list":["post-21630","post","type-post","status-publish","format-standard","has-post-thumbnail","hentry","category-inspiration"],"yoast_head":"<!-- This site is optimized with the Yoast SEO plugin v26.7 - https:\/\/yoast.com\/wordpress\/plugins\/seo\/ -->\n<title>27 Adler-Logos f\u00fcr einen federleichten Start in die Selbstst\u00e4ndigkeit<\/title>\n<meta name=\"description\" content=\"Ein Adler-Logo w\u00e4r genau das Richtige f\u00fcr Dein Unternehmen? Dann wirf einen Blick in unsere Logo-Galerie und lass Dich von uns f\u00fcr Dein kommendes Projekt inspirieren!\" \/>\n<meta name=\"robots\" content=\"index, follow, max-snippet:-1, max-image-preview:large, max-video-preview:-1\" \/>\n<link rel=\"canonical\" href=\"https:\/\/www.designenlassen.de\/blog\/9-adler-logos-fuer-einen-federleichten-start-deines-unternehmens\/\" \/>\n<meta property=\"og:locale\" content=\"de_DE\" \/>\n<meta property=\"og:type\" content=\"article\" \/>\n<meta property=\"og:title\" content=\"27 Adler-Logos f\u00fcr einen federleichten Start in die Selbstst\u00e4ndigkeit\" \/>\n<meta property=\"og:description\" content=\"Ein Adler-Logo w\u00e4r genau das Richtige f\u00fcr Dein Unternehmen? Dann wirf einen Blick in unsere Logo-Galerie und lass Dich von uns f\u00fcr Dein kommendes Projekt inspirieren!\" \/>\n<meta property=\"og:url\" content=\"https:\/\/www.designenlassen.de\/blog\/9-adler-logos-fuer-einen-federleichten-start-deines-unternehmens\/\" \/>\n<meta property=\"og:site_name\" content=\"designenlassen.de Blog\" \/>\n<meta property=\"article:author\" content=\"designenlassen\/\" \/>\n<meta property=\"article:published_time\" content=\"2020-09-02T08:00:00+00:00\" \/>\n<meta property=\"article:modified_time\" content=\"2024-09-23T08:52:40+00:00\" \/>\n<meta property=\"og:image\" content=\"https:\/\/www.designenlassen.de\/blog\/wp-content\/uploads\/2020\/08\/Logo-mit-Adler-Handball-Tirol-424144-Morar.jpg\" \/>\n\t<meta property=\"og:image:width\" content=\"338\" \/>\n\t<meta property=\"og:image:height\" content=\"338\" \/>\n\t<meta property=\"og:image:type\" content=\"image\/jpeg\" \/>\n<meta name=\"author\" content=\"Christina\" \/>\n<meta name=\"twitter:card\" content=\"summary_large_image\" \/>\n<meta name=\"twitter:label1\" content=\"Verfasst von\" \/>\n\t<meta name=\"twitter:data1\" content=\"Christina\" \/>\n\t<meta name=\"twitter:label2\" content=\"Gesch\u00e4tzte Lesezeit\" \/>\n\t<meta name=\"twitter:data2\" content=\"8\u00a0Minuten\" \/>\n<script type=\"application\/ld+json\" class=\"yoast-schema-graph\">{\"@context\":\"https:\/\/schema.org\",\"@graph\":[{\"@type\":\"Article\",\"@id\":\"https:\/\/www.designenlassen.de\/blog\/9-adler-logos-fuer-einen-federleichten-start-deines-unternehmens\/#article\",\"isPartOf\":{\"@id\":\"https:\/\/www.designenlassen.de\/blog\/9-adler-logos-fuer-einen-federleichten-start-deines-unternehmens\/\"},\"author\":{\"name\":\"Christina\",\"@id\":\"https:\/\/www.designenlassen.de\/blog\/#\/schema\/person\/858ff7f9025247949c1b922431f97734\"},\"headline\":\"27 Adler Logos f\u00fcr einen federleichten Start Deines Unternehmens\",\"datePublished\":\"2020-09-02T08:00:00+00:00\",\"dateModified\":\"2024-09-23T08:52:40+00:00\",\"mainEntityOfPage\":{\"@id\":\"https:\/\/www.designenlassen.de\/blog\/9-adler-logos-fuer-einen-federleichten-start-deines-unternehmens\/\"},\"wordCount\":319,\"commentCount\":0,\"image\":{\"@id\":\"https:\/\/www.designenlassen.de\/blog\/9-adler-logos-fuer-einen-federleichten-start-deines-unternehmens\/#primaryimage\"},\"thumbnailUrl\":\"https:\/\/www.designenlassen.de\/blog\/wp-content\/uploads\/2020\/08\/Logo-mit-Adler-Handball-Tirol-424144-Morar.jpg\",\"articleSection\":[\"Design-Galerien\"],\"inLanguage\":\"de\",\"potentialAction\":[{\"@type\":\"CommentAction\",\"name\":\"Comment\",\"target\":[\"https:\/\/www.designenlassen.de\/blog\/9-adler-logos-fuer-einen-federleichten-start-deines-unternehmens\/#respond\"]}]},{\"@type\":\"WebPage\",\"@id\":\"https:\/\/www.designenlassen.de\/blog\/9-adler-logos-fuer-einen-federleichten-start-deines-unternehmens\/\",\"url\":\"https:\/\/www.designenlassen.de\/blog\/9-adler-logos-fuer-einen-federleichten-start-deines-unternehmens\/\",\"name\":\"27 Adler-Logos f\u00fcr einen federleichten Start in die Selbstst\u00e4ndigkeit\",\"isPartOf\":{\"@id\":\"https:\/\/www.designenlassen.de\/blog\/#website\"},\"primaryImageOfPage\":{\"@id\":\"https:\/\/www.designenlassen.de\/blog\/9-adler-logos-fuer-einen-federleichten-start-deines-unternehmens\/#primaryimage\"},\"image\":{\"@id\":\"https:\/\/www.designenlassen.de\/blog\/9-adler-logos-fuer-einen-federleichten-start-deines-unternehmens\/#primaryimage\"},\"thumbnailUrl\":\"https:\/\/www.designenlassen.de\/blog\/wp-content\/uploads\/2020\/08\/Logo-mit-Adler-Handball-Tirol-424144-Morar.jpg\",\"datePublished\":\"2020-09-02T08:00:00+00:00\",\"dateModified\":\"2024-09-23T08:52:40+00:00\",\"author\":{\"@id\":\"https:\/\/www.designenlassen.de\/blog\/#\/schema\/person\/858ff7f9025247949c1b922431f97734\"},\"description\":\"Ein Adler-Logo w\u00e4r genau das Richtige f\u00fcr Dein Unternehmen? Dann wirf einen Blick in unsere Logo-Galerie und lass Dich von uns f\u00fcr Dein kommendes Projekt inspirieren!\",\"breadcrumb\":{\"@id\":\"https:\/\/www.designenlassen.de\/blog\/9-adler-logos-fuer-einen-federleichten-start-deines-unternehmens\/#breadcrumb\"},\"inLanguage\":\"de\",\"potentialAction\":[{\"@type\":\"ReadAction\",\"target\":[\"https:\/\/www.designenlassen.de\/blog\/9-adler-logos-fuer-einen-federleichten-start-deines-unternehmens\/\"]}]},{\"@type\":\"ImageObject\",\"inLanguage\":\"de\",\"@id\":\"https:\/\/www.designenlassen.de\/blog\/9-adler-logos-fuer-einen-federleichten-start-deines-unternehmens\/#primaryimage\",\"url\":\"https:\/\/www.designenlassen.de\/blog\/wp-content\/uploads\/2020\/08\/Logo-mit-Adler-Handball-Tirol-424144-Morar.jpg\",\"contentUrl\":\"https:\/\/www.designenlassen.de\/blog\/wp-content\/uploads\/2020\/08\/Logo-mit-Adler-Handball-Tirol-424144-Morar.jpg\",\"width\":338,\"height\":338,\"caption\":\"Adler Logo von Morar\"},{\"@type\":\"BreadcrumbList\",\"@id\":\"https:\/\/www.designenlassen.de\/blog\/9-adler-logos-fuer-einen-federleichten-start-deines-unternehmens\/#breadcrumb\",\"itemListElement\":[{\"@type\":\"ListItem\",\"position\":1,\"name\":\"Start\",\"item\":\"https:\/\/www.designenlassen.de\/blog\/\"},{\"@type\":\"ListItem\",\"position\":2,\"name\":\"27 Adler Logos f\u00fcr einen federleichten Start Deines Unternehmens\"}]},{\"@type\":\"WebSite\",\"@id\":\"https:\/\/www.designenlassen.de\/blog\/#website\",\"url\":\"https:\/\/www.designenlassen.de\/blog\/\",\"name\":\"designenlassen.de Blog\",\"description\":\"Inspirationen, Tipps und Ideen f\u00fcr Designer sowie Gr\u00fcnder und Kleinbetriebe.\",\"potentialAction\":[{\"@type\":\"SearchAction\",\"target\":{\"@type\":\"EntryPoint\",\"urlTemplate\":\"https:\/\/www.designenlassen.de\/blog\/?s={search_term_string}\"},\"query-input\":{\"@type\":\"PropertyValueSpecification\",\"valueRequired\":true,\"valueName\":\"search_term_string\"}}],\"inLanguage\":\"de\"},{\"@type\":\"Person\",\"@id\":\"https:\/\/www.designenlassen.de\/blog\/#\/schema\/person\/858ff7f9025247949c1b922431f97734\",\"name\":\"Christina\",\"image\":{\"@type\":\"ImageObject\",\"inLanguage\":\"de\",\"@id\":\"https:\/\/www.designenlassen.de\/blog\/#\/schema\/person\/image\/\",\"url\":\"https:\/\/secure.gravatar.com\/avatar\/31045bfe41c5fbc86ecbb135f792148b4bf1bee47931b9c8d47c74611d912026?s=96&d=mm&r=g\",\"contentUrl\":\"https:\/\/secure.gravatar.com\/avatar\/31045bfe41c5fbc86ecbb135f792148b4bf1bee47931b9c8d47c74611d912026?s=96&d=mm&r=g\",\"caption\":\"Christina\"},\"description\":\"Christina ist bei designenlassen.de f\u00fcr das Content-Marketing &amp; die Social Media Kan\u00e4le zust\u00e4ndig. Sie schreibt hier im Blog zu verschiedensten Design-Themen.\",\"sameAs\":[\"designenlassen\/\"],\"url\":\"https:\/\/www.designenlassen.de\/blog\/author\/christina\/\"}]}<\/script>\n<!-- \/ Yoast SEO plugin. -->","yoast_head_json":{"title":"27 Adler-Logos f\u00fcr einen federleichten Start in die Selbstst\u00e4ndigkeit","description":"Ein Adler-Logo w\u00e4r genau das Richtige f\u00fcr Dein Unternehmen? Dann wirf einen Blick in unsere Logo-Galerie und lass Dich von uns f\u00fcr Dein kommendes Projekt inspirieren!","robots":{"index":"index","follow":"follow","max-snippet":"max-snippet:-1","max-image-preview":"max-image-preview:large","max-video-preview":"max-video-preview:-1"},"canonical":"https:\/\/www.designenlassen.de\/blog\/9-adler-logos-fuer-einen-federleichten-start-deines-unternehmens\/","og_locale":"de_DE","og_type":"article","og_title":"27 Adler-Logos f\u00fcr einen federleichten Start in die Selbstst\u00e4ndigkeit","og_description":"Ein Adler-Logo w\u00e4r genau das Richtige f\u00fcr Dein Unternehmen? Dann wirf einen Blick in unsere Logo-Galerie und lass Dich von uns f\u00fcr Dein kommendes Projekt inspirieren!","og_url":"https:\/\/www.designenlassen.de\/blog\/9-adler-logos-fuer-einen-federleichten-start-deines-unternehmens\/","og_site_name":"designenlassen.de Blog","article_author":"designenlassen\/","article_published_time":"2020-09-02T08:00:00+00:00","article_modified_time":"2024-09-23T08:52:40+00:00","og_image":[{"width":338,"height":338,"url":"https:\/\/www.designenlassen.de\/blog\/wp-content\/uploads\/2020\/08\/Logo-mit-Adler-Handball-Tirol-424144-Morar.jpg","type":"image\/jpeg"}],"author":"Christina","twitter_card":"summary_large_image","twitter_misc":{"Verfasst von":"Christina","Gesch\u00e4tzte Lesezeit":"8\u00a0Minuten"},"schema":{"@context":"https:\/\/schema.org","@graph":[{"@type":"Article","@id":"https:\/\/www.designenlassen.de\/blog\/9-adler-logos-fuer-einen-federleichten-start-deines-unternehmens\/#article","isPartOf":{"@id":"https:\/\/www.designenlassen.de\/blog\/9-adler-logos-fuer-einen-federleichten-start-deines-unternehmens\/"},"author":{"name":"Christina","@id":"https:\/\/www.designenlassen.de\/blog\/#\/schema\/person\/858ff7f9025247949c1b922431f97734"},"headline":"27 Adler Logos f\u00fcr einen federleichten Start Deines Unternehmens","datePublished":"2020-09-02T08:00:00+00:00","dateModified":"2024-09-23T08:52:40+00:00","mainEntityOfPage":{"@id":"https:\/\/www.designenlassen.de\/blog\/9-adler-logos-fuer-einen-federleichten-start-deines-unternehmens\/"},"wordCount":319,"commentCount":0,"image":{"@id":"https:\/\/www.designenlassen.de\/blog\/9-adler-logos-fuer-einen-federleichten-start-deines-unternehmens\/#primaryimage"},"thumbnailUrl":"https:\/\/www.designenlassen.de\/blog\/wp-content\/uploads\/2020\/08\/Logo-mit-Adler-Handball-Tirol-424144-Morar.jpg","articleSection":["Design-Galerien"],"inLanguage":"de","potentialAction":[{"@type":"CommentAction","name":"Comment","target":["https:\/\/www.designenlassen.de\/blog\/9-adler-logos-fuer-einen-federleichten-start-deines-unternehmens\/#respond"]}]},{"@type":"WebPage","@id":"https:\/\/www.designenlassen.de\/blog\/9-adler-logos-fuer-einen-federleichten-start-deines-unternehmens\/","url":"https:\/\/www.designenlassen.de\/blog\/9-adler-logos-fuer-einen-federleichten-start-deines-unternehmens\/","name":"27 Adler-Logos f\u00fcr einen federleichten Start in die Selbstst\u00e4ndigkeit","isPartOf":{"@id":"https:\/\/www.designenlassen.de\/blog\/#website"},"primaryImageOfPage":{"@id":"https:\/\/www.designenlassen.de\/blog\/9-adler-logos-fuer-einen-federleichten-start-deines-unternehmens\/#primaryimage"},"image":{"@id":"https:\/\/www.designenlassen.de\/blog\/9-adler-logos-fuer-einen-federleichten-start-deines-unternehmens\/#primaryimage"},"thumbnailUrl":"https:\/\/www.designenlassen.de\/blog\/wp-content\/uploads\/2020\/08\/Logo-mit-Adler-Handball-Tirol-424144-Morar.jpg","datePublished":"2020-09-02T08:00:00+00:00","dateModified":"2024-09-23T08:52:40+00:00","author":{"@id":"https:\/\/www.designenlassen.de\/blog\/#\/schema\/person\/858ff7f9025247949c1b922431f97734"},"description":"Ein Adler-Logo w\u00e4r genau das Richtige f\u00fcr Dein Unternehmen? Dann wirf einen Blick in unsere Logo-Galerie und lass Dich von uns f\u00fcr Dein kommendes Projekt inspirieren!","breadcrumb":{"@id":"https:\/\/www.designenlassen.de\/blog\/9-adler-logos-fuer-einen-federleichten-start-deines-unternehmens\/#breadcrumb"},"inLanguage":"de","potentialAction":[{"@type":"ReadAction","target":["https:\/\/www.designenlassen.de\/blog\/9-adler-logos-fuer-einen-federleichten-start-deines-unternehmens\/"]}]},{"@type":"ImageObject","inLanguage":"de","@id":"https:\/\/www.designenlassen.de\/blog\/9-adler-logos-fuer-einen-federleichten-start-deines-unternehmens\/#primaryimage","url":"https:\/\/www.designenlassen.de\/blog\/wp-content\/uploads\/2020\/08\/Logo-mit-Adler-Handball-Tirol-424144-Morar.jpg","contentUrl":"https:\/\/www.designenlassen.de\/blog\/wp-content\/uploads\/2020\/08\/Logo-mit-Adler-Handball-Tirol-424144-Morar.jpg","width":338,"height":338,"caption":"Adler Logo von Morar"},{"@type":"BreadcrumbList","@id":"https:\/\/www.designenlassen.de\/blog\/9-adler-logos-fuer-einen-federleichten-start-deines-unternehmens\/#breadcrumb","itemListElement":[{"@type":"ListItem","position":1,"name":"Start","item":"https:\/\/www.designenlassen.de\/blog\/"},{"@type":"ListItem","position":2,"name":"27 Adler Logos f\u00fcr einen federleichten Start Deines Unternehmens"}]},{"@type":"WebSite","@id":"https:\/\/www.designenlassen.de\/blog\/#website","url":"https:\/\/www.designenlassen.de\/blog\/","name":"designenlassen.de Blog","description":"Inspirationen, Tipps und Ideen f\u00fcr Designer sowie Gr\u00fcnder und Kleinbetriebe.","potentialAction":[{"@type":"SearchAction","target":{"@type":"EntryPoint","urlTemplate":"https:\/\/www.designenlassen.de\/blog\/?s={search_term_string}"},"query-input":{"@type":"PropertyValueSpecification","valueRequired":true,"valueName":"search_term_string"}}],"inLanguage":"de"},{"@type":"Person","@id":"https:\/\/www.designenlassen.de\/blog\/#\/schema\/person\/858ff7f9025247949c1b922431f97734","name":"Christina","image":{"@type":"ImageObject","inLanguage":"de","@id":"https:\/\/www.designenlassen.de\/blog\/#\/schema\/person\/image\/","url":"https:\/\/secure.gravatar.com\/avatar\/31045bfe41c5fbc86ecbb135f792148b4bf1bee47931b9c8d47c74611d912026?s=96&d=mm&r=g","contentUrl":"https:\/\/secure.gravatar.com\/avatar\/31045bfe41c5fbc86ecbb135f792148b4bf1bee47931b9c8d47c74611d912026?s=96&d=mm&r=g","caption":"Christina"},"description":"Christina ist bei designenlassen.de f\u00fcr das Content-Marketing &amp; die Social Media Kan\u00e4le zust\u00e4ndig. Sie schreibt hier im Blog zu verschiedensten Design-Themen.","sameAs":["designenlassen\/"],"url":"https:\/\/www.designenlassen.de\/blog\/author\/christina\/"}]}},"_links":{"self":[{"href":"https:\/\/www.designenlassen.de\/blog\/wp-json\/wp\/v2\/posts\/21630","targetHints":{"allow":["GET"]}}],"collection":[{"href":"https:\/\/www.designenlassen.de\/blog\/wp-json\/wp\/v2\/posts"}],"about":[{"href":"https:\/\/www.designenlassen.de\/blog\/wp-json\/wp\/v2\/types\/post"}],"author":[{"embeddable":true,"href":"https:\/\/www.designenlassen.de\/blog\/wp-json\/wp\/v2\/users\/10"}],"replies":[{"embeddable":true,"href":"https:\/\/www.designenlassen.de\/blog\/wp-json\/wp\/v2\/comments?post=21630"}],"version-history":[{"count":7,"href":"https:\/\/www.designenlassen.de\/blog\/wp-json\/wp\/v2\/posts\/21630\/revisions"}],"predecessor-version":[{"id":32602,"href":"https:\/\/www.designenlassen.de\/blog\/wp-json\/wp\/v2\/posts\/21630\/revisions\/32602"}],"wp:featuredmedia":[{"embeddable":true,"href":"https:\/\/www.designenlassen.de\/blog\/wp-json\/wp\/v2\/media\/21632"}],"wp:attachment":[{"href":"https:\/\/www.designenlassen.de\/blog\/wp-json\/wp\/v2\/media?parent=21630"}],"wp:term":[{"taxonomy":"category","embeddable":true,"href":"https:\/\/www.designenlassen.de\/blog\/wp-json\/wp\/v2\/categories?post=21630"},{"taxonomy":"post_tag","embeddable":true,"href":"https:\/\/www.designenlassen.de\/blog\/wp-json\/wp\/v2\/tags?post=21630"}],"curies":[{"name":"wp","href":"https:\/\/api.w.org\/{rel}","templated":true}]}}