{"id":22419,"date":"2020-10-19T10:00:00","date_gmt":"2020-10-19T08:00:00","guid":{"rendered":"https:\/\/www.designenlassen.de\/blog\/?p=22419"},"modified":"2020-10-16T11:41:40","modified_gmt":"2020-10-16T09:41:40","slug":"der-projektverlauf-war-fuer-mich-einfach-inspirierend-kompetent-interview-mit-benjamin-schwarz","status":"publish","type":"post","link":"https:\/\/www.designenlassen.de\/blog\/der-projektverlauf-war-fuer-mich-einfach-inspirierend-kompetent-interview-mit-benjamin-schwarz\/","title":{"rendered":"&#8222;Der Projektverlauf war f\u00fcr mich: Einfach. Inspirierend. Kompetent.&#8220; &#8211; Interview mit Benjamin Schwarz"},"content":{"rendered":"\n<div class=\"wp-block-media-text alignwide\" style=\"grid-template-columns:36% auto\"><figure class=\"wp-block-media-text__media\"><img fetchpriority=\"high\" decoding=\"async\" width=\"736\" height=\"1024\" src=\"https:\/\/www.designenlassen.de\/blog\/wp-content\/uploads\/2020\/09\/Benjamin-Schwarz_Interview_Supermarkt-736x1024.jpg\" alt=\"\" class=\"wp-image-22464\" srcset=\"https:\/\/www.designenlassen.de\/blog\/wp-content\/uploads\/2020\/09\/Benjamin-Schwarz_Interview_Supermarkt-736x1024.jpg 736w, https:\/\/www.designenlassen.de\/blog\/wp-content\/uploads\/2020\/09\/Benjamin-Schwarz_Interview_Supermarkt-216x300.jpg 216w, https:\/\/www.designenlassen.de\/blog\/wp-content\/uploads\/2020\/09\/Benjamin-Schwarz_Interview_Supermarkt-768x1069.jpg 768w, https:\/\/www.designenlassen.de\/blog\/wp-content\/uploads\/2020\/09\/Benjamin-Schwarz_Interview_Supermarkt-1104x1536.jpg 1104w, https:\/\/www.designenlassen.de\/blog\/wp-content\/uploads\/2020\/09\/Benjamin-Schwarz_Interview_Supermarkt.jpg 1368w\" sizes=\"(max-width: 736px) 100vw, 736px\" \/><\/figure><div class=\"wp-block-media-text__content\">\n<p>  <br>In diesem Auftraggeber-Interview steht uns Benjamin Schwarz von <a href=\"https:\/\/www.hydr8-drink.com\/\">HYDR8<\/a> Rede und Antwort. Er hat sein Etiketten-Design auf <a href=\"https:\/\/www.designenlassen.de\/\">designenlassen.de<\/a> gefunden. Hier geht&#8217;s zu seinem Projekt:<strong> <\/strong><a href=\"https:\/\/www.designenlassen.de\/836825-start-up-braucht-modernes-hochwertiges-getraenkeetikett\">Start-up sucht modernes Getr\u00e4nkeetikett<\/a>.<\/p>\n<\/div><\/div>\n\n\n\n<p><\/p>\n\n\n\n<h2 class=\"wp-block-heading\">Erz\u00e4hlen Sie uns doch etwas \u00fcber sich.<\/h2>\n\n\n\n<p>Mein Name ist Benjamin Schwarz, ich bin 24 Jahre alt und bin der Gr\u00fcnder von HYDR8. Da das Start-up noch relativ am Anfang steht, bin ich neben dem Gesch\u00e4ftsf\u00fchrer ebenfalls Sekret\u00e4r, Buchhalter, Marketing-Manager und Verk\u00e4ufer. Kurz gesagt: Der Mann f\u00fcr alles.<\/p>\n\n\n\n<p>Worum geht es bei HYDR8?<\/p>\n\n\n\n<p>Am Anfang stand die Idee &#8211; ein Produkt zu erschaffen, welches nicht nur Placebo ist, sondern den K\u00f6rper tats\u00e4chlich bei der Regeneration &#8211; nach einer Party, Hitze oder Sport &#8211; so effizient wie m\u00f6glich unterst\u00fctzt. Nach \u00fcber einem Jahr Forschung und Entwicklung ist es endlich gelungen. Die Rezeptur von HYDR8 ist final und die Elektrolyte in der L\u00f6sung stabil. Nachdem nun auch das endg\u00fcltige Design der Flasche steht, arbeiten wir daran, das Getr\u00e4nk f\u00fcr jeden zug\u00e4nglich zu machen!<\/p>\n\n\n\n<h2 class=\"wp-block-heading\">Wie sind Sie auf die Idee gekommen, Ihr eigenes Start-up zu gr\u00fcnden?<\/h2>\n\n\n\n<p>Die Idee f\u00fcr das Produkt hatte ich bereits vor drei Jahren. Sie kam mir im Studentenwohnheim nach ein paar Bier mit Kumpels. Hintergrund war, dass ich selbst nach bereits wenigen Bier am n\u00e4chsten Tag unglaublich litt und f\u00fcr nichts zu gebrauchen war. Ich war fest \u00fcberzeugt, dass dies nicht sein muss und dass sich daf\u00fcr sicher eine L\u00f6sung finden lassen w\u00fcrde. Da ich jedoch keinerlei Ahnung hatte, wie man so etwas angeht, geriet die Idee bereits nach drei Tagen wieder in Vergessenheit. Erst knapp eineinhalb Jahre sp\u00e4ter, w\u00e4hrend eines Kurses in der Uni, in dem man einen Businessplan schreiben musste, nahm ich die Idee wieder auf und merkte schnell, dass tats\u00e4chlich Potenzial hinter der Idee steckte.<\/p>\n\n\n\n<p>Da ich ein Produkt entwickeln wollte, das wirklich hilft \u2013 auch um meiner selbst willen \u2013 setzte ich mich im ersten Schritt mit \u00c4rzten, Biologen und Chemikern zusammen, um mir bis ins kleinste Detail erkl\u00e4ren zu lassen, was genau mit dem K\u00f6rper bei Alkoholkonsum passiert und wieso man am Tag darauf so leidet. Nachdem ich verstanden hatte worauf es ankommt, habe ich mir von einem renommierten Chemiker aufschreiben lassen, welche Stoffe sich am besten eignen, um den K\u00f6rper zu unterst\u00fctzen. Mit dieser Liste bin ich dann zu dem Marktf\u00fchrer f\u00fcr Grundstoffherstellung gegangen. Allerdings mit der sehr naiven Vorstellung, dass diese mir in maximal drei Monaten eine Rezeptur entwickeln und es dann losgehen kann. Falsch gedacht.<\/p>\n\n\n\n<p>Da die Rezeptur enorm komplex war und es auf dem europ\u00e4ischen Markt kein \u00e4hnliches Produkt gab, das man h\u00e4tte zum Vergleich nehmen k\u00f6nnen, zog sich die Entwicklung der Rezeptur auf knapp ein gesamtes Jahr und wurde erst vor zwei Monaten abgeschlossen.<\/p>\n\n\n\n<h2 class=\"wp-block-heading\">Was genau haben Sie auf designenlassen.de ausgeschrieben und wieso haben Sie sich dazu entschieden, das Projekt als Designwettbewerb durchzuf\u00fchren? <\/h2>\n\n\n\n<p><\/p>\n\n\n\n<p><strong>Mein Ausschreibungstext:<\/strong><\/p>\n\n\n\n<blockquote class=\"wp-block-quote is-layout-flow wp-block-quote-is-layout-flow\"><p>Das Etikett soll:<\/p><\/blockquote>\n\n\n\n<ul class=\"wp-block-list\"><li><em>MODERN, SCHLICHT und HOCHWERTIG sein, sodass es im Supermarkt hervorsticht<\/em><\/li><li><em>Erkenntlich machen, dass die Stoffe Magnesium, Natrium, Calcium und Kalium enthalten sind<\/em><\/li><li><em>Sich farblich deutlich von der Farbe des Inhalts (wei\u00df) abheben. (Vorzugsweise mit einem hellen Blau\/T\u00fcrkis)<\/em><\/li><\/ul>\n\n\n\n<ul class=\"wp-block-list\"><li><em>F\u00fcr unsere junge Zielgruppe ansprechend sein<\/em><\/li><li><em>Ebenfalls auf die Geschmacksrichtung (Zitrone-Limette) hinweisen, und zwar so, dass wenn man eine weitere Geschmacksrichtung auf den Markt bringen m\u00f6chte, diese leicht angepasst werden kann.<\/em><\/li><li><em>Nicht nach einem Energydrink oder einem typischen Sportgetr\u00e4nk aussehen<\/em><\/li><li><em>Unter dem Namen den Slogan &#8218;Elektrolyt-Getr\u00e4nk&#8216; stehen haben<\/em><\/li><li><em>Das Etikett ist nicht dursichtig, sondern besteht aus Papier<\/em><\/li><li><em>Der Name sowie das Logo k\u00f6nnen selbstverst\u00e4ndlich farblich ver\u00e4ndert werden. Bei dem Logo k\u00f6nnen auch gr\u00f6\u00dfere \u00c4nderungen vollzogen werden.<\/em><\/li><\/ul>\n\n\n\n<p>So sah das Briefing nach ca. 2\/3 der Projektlaufzeit nach ca. zehn fortlaufenden Anpassungen aus.<\/p>\n\n\n\n<p>Ich hatte zuvor schon drei <a href=\"https:\/\/www.designenlassen.de\/821585-modernes-ansprechendes-logo-fuer-elektrolytgetraenk\">Projekte auf designenlassen.de<\/a> ausgeschrieben, welche alle tolle Ergebnisse erzielt hatten. Auch bei Fragen steht das Support-Team einem sofort zur Seite.<\/p>\n\n\n\n<h2 class=\"wp-block-heading\">Was hat Ihnen besonders gut am Projektverlauf gefallen? <\/h2>\n\n\n\n<p>In drei Worten<strong>: Einfach. Inspirierend. Kompetent.<\/strong><\/p>\n\n\n\n<p>Der Aufbau der Webseite ist sehr benutzerfreundlich und man findet sich intuitiv zurecht. Da ich am Anfang selbst nur eine vage Vorstellung hatte, wie ich mein Design haben m\u00f6chte, lie\u00df mein Briefing zu Beginn sehr viel Interpretationsspielraum zu. Durch die ersten eingereichten Designs inspiriert, \u00fcberarbeitete ich nach und nach mein Briefing, bis die Aufgabenstellung klar definiert war.<\/p>\n\n\n\n<p>Ebenfalls sehr begeistert hat mich die \u201eEinlade-Funktion\u201c, mit der ich gezielt Designer einladen konnte, deren Designs mir pers\u00f6nlich zugesagt haben. So habe ich auch <a href=\"https:\/\/www.designenlassen.de\/profil\/296255\">den Designer<\/a> gefunden, welcher schlussendlich das Projekt gewonnen hat und meine Vorstellungen weit \u00fcbertraf. Am Ende wurde es bei den Details noch etwas komplizierter, doch auch hier hat der Designer \u00fcberragend kooperiert, selbst mitgedacht und eine sehr gute Arbeit geleistet!<\/p>\n\n\n\n<h2 class=\"wp-block-heading\">K\u00f6nnen Sie uns sagen, warum Sie sich f\u00fcr genau dieses Gewinnerdesign entschieden haben? <\/h2>\n\n\n\n<p>Das Gewinnerdesign war mein absoluter Favorit, da der Designer alle Vorgaben aus dem Briefing ber\u00fccksichtigt hatte und diese in einem bemerkenswerten Design umgesetzt hat. Da meine Meinung schlussendlich jedoch nicht die Entscheidende ist, sondern die der zuk\u00fcnftigen K\u00e4ufer, mussten noch diese gefragt werden. Und hier hat das Team von designenlassen.de mit der \u201eVoting-Funktion\u201c wirklich mitgedacht! Ich habe die besten 7 Designs ausgew\u00e4hlt und dann alle m\u00f6glichen Leute (Freunde, Bekannte aber auch Fremde via <a href=\"https:\/\/www.instagram.com\/hydr8_de\/\">Instagram<\/a>) abstimmen lassen, welches Design am sch\u00f6nsten ist. Denn schlie\u00dflich sind es ja auch am Ende diese Leute, die das Produkt kaufen sollen. Nach dem Voting war das Ergebnis eindeutig und mein pers\u00f6nlicher Favorit wurde von der Crowd ebenfalls zum Sieger erkl\u00e4rt!<\/p>\n\n\n\n<figure class=\"wp-block-gallery aligncenter columns-0 is-cropped wp-block-gallery-1 is-layout-flex wp-block-gallery-is-layout-flex\"><ul class=\"blocks-gallery-grid\"><li class=\"blocks-gallery-item\"><figure><img decoding=\"async\" width=\"1024\" height=\"616\" src=\"https:\/\/www.designenlassen.de\/blog\/wp-content\/uploads\/2020\/09\/Hydr8-1024x616.jpg\" alt=\"\" data-id=\"22424\" data-full-url=\"https:\/\/www.designenlassen.de\/blog\/wp-content\/uploads\/2020\/09\/Hydr8-scaled.jpg\" data-link=\"https:\/\/www.designenlassen.de\/blog\/hydr8\/\" class=\"wp-image-22424\" srcset=\"https:\/\/www.designenlassen.de\/blog\/wp-content\/uploads\/2020\/09\/Hydr8-1024x616.jpg 1024w, https:\/\/www.designenlassen.de\/blog\/wp-content\/uploads\/2020\/09\/Hydr8-300x180.jpg 300w, https:\/\/www.designenlassen.de\/blog\/wp-content\/uploads\/2020\/09\/Hydr8-768x462.jpg 768w, https:\/\/www.designenlassen.de\/blog\/wp-content\/uploads\/2020\/09\/Hydr8-1536x924.jpg 1536w, https:\/\/www.designenlassen.de\/blog\/wp-content\/uploads\/2020\/09\/Hydr8-2048x1232.jpg 2048w\" sizes=\"(max-width: 1024px) 100vw, 1024px\" \/><figcaption class=\"blocks-gallery-item__caption\"><a href=\"https:\/\/www.designenlassen.de\/836825-start-up-braucht-modernes-hochwertiges-getraenkeetikett\">Etiketten-Design f\u00fcr HYDR8 von dgl<\/a><\/figcaption><\/figure><\/li><\/ul><\/figure>\n\n\n\n<h2 class=\"wp-block-heading\">Haben Sie hilfreiche Tipps f\u00fcr andere Auftraggeber, die ein Projekt ausschreiben m\u00f6chten? <\/h2>\n\n\n\n<p>Kontinuierlich das Briefing \u00fcberarbeiten und anpassen! Direkte Kommunikation mit den Designern und stetiges Feedback. Schauen Sie sich andere Projekte an und lernen Sie daraus. Und zu guter Letzt: Einfach machen!<\/p>\n\n\n\n<h2 class=\"wp-block-heading\">Wie geht es jetzt weiter? Was sind Ihre zuk\u00fcnftigen Pl\u00e4ne mit dem neuen Design? <\/h2>\n\n\n\n<p>Nachdem das Etikett von der daf\u00fcr zust\u00e4ndigen Beh\u00f6rde f\u00fcr Lebensmitteldeklaration \u00fcberpr\u00fcft wurde, k\u00f6nnen wir in die Produktion einsteigen. Bis dahin arbeite ich gerade auf Hochtouren an einer Crowdfunding-Kampagne f\u00fcr die nachhaltige Finanzierung. Sobald diese beiden Punkte abgeschlossen sind, kann man das Produkt dann Online und in Superm\u00e4rkten kaufen.<\/p>\n\n\n\n<figure class=\"wp-block-gallery columns-2 is-cropped wp-block-gallery-2 is-layout-flex wp-block-gallery-is-layout-flex\"><ul class=\"blocks-gallery-grid\"><li class=\"blocks-gallery-item\"><figure><img decoding=\"async\" width=\"1024\" height=\"1024\" src=\"https:\/\/www.designenlassen.de\/blog\/wp-content\/uploads\/2020\/09\/Benjamin-Schwarz_HYDR8-1024x1024.png\" alt=\"\" data-id=\"22422\" data-full-url=\"https:\/\/www.designenlassen.de\/blog\/wp-content\/uploads\/2020\/09\/Benjamin-Schwarz_HYDR8.png\" data-link=\"https:\/\/www.designenlassen.de\/blog\/benjamin-schwarz_hydr8\/\" class=\"wp-image-22422\" srcset=\"https:\/\/www.designenlassen.de\/blog\/wp-content\/uploads\/2020\/09\/Benjamin-Schwarz_HYDR8-1024x1024.png 1024w, https:\/\/www.designenlassen.de\/blog\/wp-content\/uploads\/2020\/09\/Benjamin-Schwarz_HYDR8-300x300.png 300w, https:\/\/www.designenlassen.de\/blog\/wp-content\/uploads\/2020\/09\/Benjamin-Schwarz_HYDR8-150x150.png 150w, https:\/\/www.designenlassen.de\/blog\/wp-content\/uploads\/2020\/09\/Benjamin-Schwarz_HYDR8-768x768.png 768w, https:\/\/www.designenlassen.de\/blog\/wp-content\/uploads\/2020\/09\/Benjamin-Schwarz_HYDR8-585x585.png 585w, https:\/\/www.designenlassen.de\/blog\/wp-content\/uploads\/2020\/09\/Benjamin-Schwarz_HYDR8-600x600.png 600w, https:\/\/www.designenlassen.de\/blog\/wp-content\/uploads\/2020\/09\/Benjamin-Schwarz_HYDR8.png 1080w\" sizes=\"(max-width: 1024px) 100vw, 1024px\" \/><\/figure><\/li><li class=\"blocks-gallery-item\"><figure><img loading=\"lazy\" decoding=\"async\" width=\"1024\" height=\"1024\" src=\"https:\/\/www.designenlassen.de\/blog\/wp-content\/uploads\/2020\/09\/Produkt_Foto-1024x1024.png\" alt=\"\" data-id=\"22425\" data-full-url=\"https:\/\/www.designenlassen.de\/blog\/wp-content\/uploads\/2020\/09\/Produkt_Foto.png\" data-link=\"https:\/\/www.designenlassen.de\/blog\/produkt_foto\/\" class=\"wp-image-22425\" srcset=\"https:\/\/www.designenlassen.de\/blog\/wp-content\/uploads\/2020\/09\/Produkt_Foto-1024x1024.png 1024w, https:\/\/www.designenlassen.de\/blog\/wp-content\/uploads\/2020\/09\/Produkt_Foto-300x300.png 300w, https:\/\/www.designenlassen.de\/blog\/wp-content\/uploads\/2020\/09\/Produkt_Foto-150x150.png 150w, https:\/\/www.designenlassen.de\/blog\/wp-content\/uploads\/2020\/09\/Produkt_Foto-768x768.png 768w, https:\/\/www.designenlassen.de\/blog\/wp-content\/uploads\/2020\/09\/Produkt_Foto.png 1080w\" sizes=\"(max-width: 1024px) 100vw, 1024px\" \/><\/figure><\/li><\/ul><\/figure>\n\n\n\n<p>Wir bedanken uns bei Benjamin Schwarz f\u00fcr das tolle Interview und w\u00fcnschen ihm weiterhin viel Erfolg!&nbsp;\ud83d\ude42 <\/p>\n\n\n\n<div class=\"sof\">\n<h2>Du bist auch auf der Suche nach einem individuellen Etiketten-Design?<\/h2>\n<p>Starte einen eigenen Designwettbewerb auf designenlassen.de und erhalte zahlreiche Vorschl\u00e4ge von unterschiedlichen Designern. Kein Risiko durch Preisgeld-zur\u00fcck-Garantie.<br><a class=\"btn aktion1\" href=\"https:\/\/www.designenlassen.de\/etiketten-design\">Jetzt starten<\/a><a class=\"btn aktion2\" href=\"https:\/\/www.designenlassen.de\/tour\">Mehr erfahren<\/a><\/p>\n<\/div>\n\n\n\n<h2 class=\"wp-block-heading\">\u00c4hnliche Themen<\/h2>\n\n\n\n<p><a href=\"https:\/\/www.designenlassen.de\/blog\/dos-donts-beim-etiketten-design\/\">Dos and Don\u2019ts beim Etiketten Design<\/a><\/p>\n\n\n\n<p><a href=\"https:\/\/www.designenlassen.de\/blog\/bieretiketten-designs-die-das-traditionelle-brauhandwerk-unterstreichen\/\">Bieretiketten Designs, die das traditionelle Brauhandwerk unterstreichen<\/a><\/p>\n\n\n\n<p><a href=\"https:\/\/www.designenlassen.de\/blog\/weinetiketten-design-das-nicht-nur-feinschmecker-ueberzeugt\/\">Weinetiketten Design, das nicht nur Feinschmecker \u00fcberzeugt<\/a><\/p>\n","protected":false},"excerpt":{"rendered":"<p>In diesem Auftraggeber-Interview steht uns Benjamin Schwarz von HYDR8 Rede und Antwort. Er hat sein Etiketten-Design&hellip;<\/p>\n","protected":false},"author":24,"featured_media":22422,"comment_status":"open","ping_status":"open","sticky":false,"template":"","format":"standard","meta":{"_lmt_disableupdate":"","_lmt_disable":"","footnotes":""},"categories":[7],"tags":[],"class_list":["post-22419","post","type-post","status-publish","format-standard","has-post-thumbnail","hentry","category-interviews"],"yoast_head":"<!-- This site is optimized with the Yoast SEO plugin v27.5 - https:\/\/yoast.com\/product\/yoast-seo-wordpress\/ -->\n<title>Auftraggeber-Interview mit Lukas Rauscher<\/title>\n<meta name=\"description\" content=\"In seinem Interview erz\u00e4hlt uns Lukas Rauscher alles \u00fcber sich und seine Imkerei und berichtet \u00fcber den Ablauf seines Design Projekts auf designenlassen.de.\" \/>\n<meta name=\"robots\" content=\"index, follow, max-snippet:-1, max-image-preview:large, max-video-preview:-1\" \/>\n<link rel=\"canonical\" href=\"https:\/\/www.designenlassen.de\/blog\/der-projektverlauf-war-fuer-mich-einfach-inspirierend-kompetent-interview-mit-benjamin-schwarz\/\" \/>\n<meta property=\"og:locale\" content=\"de_DE\" \/>\n<meta property=\"og:type\" content=\"article\" \/>\n<meta property=\"og:title\" content=\"Auftraggeber-Interview mit Lukas Rauscher\" \/>\n<meta property=\"og:description\" content=\"In seinem Interview erz\u00e4hlt uns Lukas Rauscher alles \u00fcber sich und seine Imkerei und berichtet \u00fcber den Ablauf seines Design Projekts auf designenlassen.de.\" \/>\n<meta property=\"og:url\" content=\"https:\/\/www.designenlassen.de\/blog\/der-projektverlauf-war-fuer-mich-einfach-inspirierend-kompetent-interview-mit-benjamin-schwarz\/\" \/>\n<meta property=\"og:site_name\" content=\"designenlassen.de Blog\" \/>\n<meta property=\"article:published_time\" content=\"2020-10-19T08:00:00+00:00\" \/>\n<meta property=\"og:image\" content=\"https:\/\/www.designenlassen.de\/blog\/wp-content\/uploads\/2020\/09\/Benjamin-Schwarz_HYDR8.png\" \/>\n\t<meta property=\"og:image:width\" content=\"1080\" \/>\n\t<meta property=\"og:image:height\" content=\"1080\" \/>\n\t<meta property=\"og:image:type\" content=\"image\/png\" \/>\n<meta name=\"author\" content=\"Patrick Schady\" \/>\n<meta name=\"twitter:card\" content=\"summary_large_image\" \/>\n<meta name=\"twitter:label1\" content=\"Verfasst von\" \/>\n\t<meta name=\"twitter:data1\" content=\"Patrick Schady\" \/>\n\t<meta name=\"twitter:label2\" content=\"Gesch\u00e4tzte Lesezeit\" \/>\n\t<meta name=\"twitter:data2\" content=\"6\u00a0Minuten\" \/>\n<script type=\"application\/ld+json\" class=\"yoast-schema-graph\">{\"@context\":\"https:\\\/\\\/schema.org\",\"@graph\":[{\"@type\":\"Article\",\"@id\":\"https:\\\/\\\/www.designenlassen.de\\\/blog\\\/der-projektverlauf-war-fuer-mich-einfach-inspirierend-kompetent-interview-mit-benjamin-schwarz\\\/#article\",\"isPartOf\":{\"@id\":\"https:\\\/\\\/www.designenlassen.de\\\/blog\\\/der-projektverlauf-war-fuer-mich-einfach-inspirierend-kompetent-interview-mit-benjamin-schwarz\\\/\"},\"author\":{\"name\":\"Patrick Schady\",\"@id\":\"https:\\\/\\\/www.designenlassen.de\\\/blog\\\/#\\\/schema\\\/person\\\/1e6e4a367ec0359155d5fbb01227c1ca\"},\"headline\":\"&#8222;Der Projektverlauf war f\u00fcr mich: Einfach. Inspirierend. Kompetent.&#8220; &#8211; Interview mit Benjamin Schwarz\",\"datePublished\":\"2020-10-19T08:00:00+00:00\",\"mainEntityOfPage\":{\"@id\":\"https:\\\/\\\/www.designenlassen.de\\\/blog\\\/der-projektverlauf-war-fuer-mich-einfach-inspirierend-kompetent-interview-mit-benjamin-schwarz\\\/\"},\"wordCount\":1156,\"commentCount\":0,\"image\":{\"@id\":\"https:\\\/\\\/www.designenlassen.de\\\/blog\\\/der-projektverlauf-war-fuer-mich-einfach-inspirierend-kompetent-interview-mit-benjamin-schwarz\\\/#primaryimage\"},\"thumbnailUrl\":\"https:\\\/\\\/www.designenlassen.de\\\/blog\\\/wp-content\\\/uploads\\\/2020\\\/09\\\/Benjamin-Schwarz_HYDR8.png\",\"articleSection\":[\"Interviews\"],\"inLanguage\":\"de\",\"potentialAction\":[{\"@type\":\"CommentAction\",\"name\":\"Comment\",\"target\":[\"https:\\\/\\\/www.designenlassen.de\\\/blog\\\/der-projektverlauf-war-fuer-mich-einfach-inspirierend-kompetent-interview-mit-benjamin-schwarz\\\/#respond\"]}]},{\"@type\":\"WebPage\",\"@id\":\"https:\\\/\\\/www.designenlassen.de\\\/blog\\\/der-projektverlauf-war-fuer-mich-einfach-inspirierend-kompetent-interview-mit-benjamin-schwarz\\\/\",\"url\":\"https:\\\/\\\/www.designenlassen.de\\\/blog\\\/der-projektverlauf-war-fuer-mich-einfach-inspirierend-kompetent-interview-mit-benjamin-schwarz\\\/\",\"name\":\"Auftraggeber-Interview mit Lukas Rauscher\",\"isPartOf\":{\"@id\":\"https:\\\/\\\/www.designenlassen.de\\\/blog\\\/#website\"},\"primaryImageOfPage\":{\"@id\":\"https:\\\/\\\/www.designenlassen.de\\\/blog\\\/der-projektverlauf-war-fuer-mich-einfach-inspirierend-kompetent-interview-mit-benjamin-schwarz\\\/#primaryimage\"},\"image\":{\"@id\":\"https:\\\/\\\/www.designenlassen.de\\\/blog\\\/der-projektverlauf-war-fuer-mich-einfach-inspirierend-kompetent-interview-mit-benjamin-schwarz\\\/#primaryimage\"},\"thumbnailUrl\":\"https:\\\/\\\/www.designenlassen.de\\\/blog\\\/wp-content\\\/uploads\\\/2020\\\/09\\\/Benjamin-Schwarz_HYDR8.png\",\"datePublished\":\"2020-10-19T08:00:00+00:00\",\"author\":{\"@id\":\"https:\\\/\\\/www.designenlassen.de\\\/blog\\\/#\\\/schema\\\/person\\\/1e6e4a367ec0359155d5fbb01227c1ca\"},\"description\":\"In seinem Interview erz\u00e4hlt uns Lukas Rauscher alles \u00fcber sich und seine Imkerei und berichtet \u00fcber den Ablauf seines Design Projekts auf designenlassen.de.\",\"breadcrumb\":{\"@id\":\"https:\\\/\\\/www.designenlassen.de\\\/blog\\\/der-projektverlauf-war-fuer-mich-einfach-inspirierend-kompetent-interview-mit-benjamin-schwarz\\\/#breadcrumb\"},\"inLanguage\":\"de\",\"potentialAction\":[{\"@type\":\"ReadAction\",\"target\":[\"https:\\\/\\\/www.designenlassen.de\\\/blog\\\/der-projektverlauf-war-fuer-mich-einfach-inspirierend-kompetent-interview-mit-benjamin-schwarz\\\/\"]}]},{\"@type\":\"ImageObject\",\"inLanguage\":\"de\",\"@id\":\"https:\\\/\\\/www.designenlassen.de\\\/blog\\\/der-projektverlauf-war-fuer-mich-einfach-inspirierend-kompetent-interview-mit-benjamin-schwarz\\\/#primaryimage\",\"url\":\"https:\\\/\\\/www.designenlassen.de\\\/blog\\\/wp-content\\\/uploads\\\/2020\\\/09\\\/Benjamin-Schwarz_HYDR8.png\",\"contentUrl\":\"https:\\\/\\\/www.designenlassen.de\\\/blog\\\/wp-content\\\/uploads\\\/2020\\\/09\\\/Benjamin-Schwarz_HYDR8.png\",\"width\":1080,\"height\":1080},{\"@type\":\"BreadcrumbList\",\"@id\":\"https:\\\/\\\/www.designenlassen.de\\\/blog\\\/der-projektverlauf-war-fuer-mich-einfach-inspirierend-kompetent-interview-mit-benjamin-schwarz\\\/#breadcrumb\",\"itemListElement\":[{\"@type\":\"ListItem\",\"position\":1,\"name\":\"Start\",\"item\":\"https:\\\/\\\/www.designenlassen.de\\\/blog\\\/\"},{\"@type\":\"ListItem\",\"position\":2,\"name\":\"&#8222;Der Projektverlauf war f\u00fcr mich: Einfach. Inspirierend. Kompetent.&#8220; &#8211; Interview mit Benjamin Schwarz\"}]},{\"@type\":\"WebSite\",\"@id\":\"https:\\\/\\\/www.designenlassen.de\\\/blog\\\/#website\",\"url\":\"https:\\\/\\\/www.designenlassen.de\\\/blog\\\/\",\"name\":\"designenlassen.de Blog\",\"description\":\"Inspirationen, Tipps und Ideen f\u00fcr Designer sowie Gr\u00fcnder und Kleinbetriebe.\",\"potentialAction\":[{\"@type\":\"SearchAction\",\"target\":{\"@type\":\"EntryPoint\",\"urlTemplate\":\"https:\\\/\\\/www.designenlassen.de\\\/blog\\\/?s={search_term_string}\"},\"query-input\":{\"@type\":\"PropertyValueSpecification\",\"valueRequired\":true,\"valueName\":\"search_term_string\"}}],\"inLanguage\":\"de\"},{\"@type\":\"Person\",\"@id\":\"https:\\\/\\\/www.designenlassen.de\\\/blog\\\/#\\\/schema\\\/person\\\/1e6e4a367ec0359155d5fbb01227c1ca\",\"name\":\"Patrick Schady\",\"image\":{\"@type\":\"ImageObject\",\"inLanguage\":\"de\",\"@id\":\"https:\\\/\\\/secure.gravatar.com\\\/avatar\\\/41cfafecfbfd30ee6bc4cc02dd530ef067050210239f1d60debda10ce9c038d7?s=96&d=mm&r=g\",\"url\":\"https:\\\/\\\/secure.gravatar.com\\\/avatar\\\/41cfafecfbfd30ee6bc4cc02dd530ef067050210239f1d60debda10ce9c038d7?s=96&d=mm&r=g\",\"contentUrl\":\"https:\\\/\\\/secure.gravatar.com\\\/avatar\\\/41cfafecfbfd30ee6bc4cc02dd530ef067050210239f1d60debda10ce9c038d7?s=96&d=mm&r=g\",\"caption\":\"Patrick Schady\"},\"url\":\"https:\\\/\\\/www.designenlassen.de\\\/blog\\\/author\\\/patrick\\\/\"}]}<\/script>\n<!-- \/ Yoast SEO plugin. -->","yoast_head_json":{"title":"Auftraggeber-Interview mit Lukas Rauscher","description":"In seinem Interview erz\u00e4hlt uns Lukas Rauscher alles \u00fcber sich und seine Imkerei und berichtet \u00fcber den Ablauf seines Design Projekts auf designenlassen.de.","robots":{"index":"index","follow":"follow","max-snippet":"max-snippet:-1","max-image-preview":"max-image-preview:large","max-video-preview":"max-video-preview:-1"},"canonical":"https:\/\/www.designenlassen.de\/blog\/der-projektverlauf-war-fuer-mich-einfach-inspirierend-kompetent-interview-mit-benjamin-schwarz\/","og_locale":"de_DE","og_type":"article","og_title":"Auftraggeber-Interview mit Lukas Rauscher","og_description":"In seinem Interview erz\u00e4hlt uns Lukas Rauscher alles \u00fcber sich und seine Imkerei und berichtet \u00fcber den Ablauf seines Design Projekts auf designenlassen.de.","og_url":"https:\/\/www.designenlassen.de\/blog\/der-projektverlauf-war-fuer-mich-einfach-inspirierend-kompetent-interview-mit-benjamin-schwarz\/","og_site_name":"designenlassen.de Blog","article_published_time":"2020-10-19T08:00:00+00:00","og_image":[{"width":1080,"height":1080,"url":"https:\/\/www.designenlassen.de\/blog\/wp-content\/uploads\/2020\/09\/Benjamin-Schwarz_HYDR8.png","type":"image\/png"}],"author":"Patrick Schady","twitter_card":"summary_large_image","twitter_misc":{"Verfasst von":"Patrick Schady","Gesch\u00e4tzte Lesezeit":"6\u00a0Minuten"},"schema":{"@context":"https:\/\/schema.org","@graph":[{"@type":"Article","@id":"https:\/\/www.designenlassen.de\/blog\/der-projektverlauf-war-fuer-mich-einfach-inspirierend-kompetent-interview-mit-benjamin-schwarz\/#article","isPartOf":{"@id":"https:\/\/www.designenlassen.de\/blog\/der-projektverlauf-war-fuer-mich-einfach-inspirierend-kompetent-interview-mit-benjamin-schwarz\/"},"author":{"name":"Patrick Schady","@id":"https:\/\/www.designenlassen.de\/blog\/#\/schema\/person\/1e6e4a367ec0359155d5fbb01227c1ca"},"headline":"&#8222;Der Projektverlauf war f\u00fcr mich: Einfach. Inspirierend. Kompetent.&#8220; &#8211; Interview mit Benjamin Schwarz","datePublished":"2020-10-19T08:00:00+00:00","mainEntityOfPage":{"@id":"https:\/\/www.designenlassen.de\/blog\/der-projektverlauf-war-fuer-mich-einfach-inspirierend-kompetent-interview-mit-benjamin-schwarz\/"},"wordCount":1156,"commentCount":0,"image":{"@id":"https:\/\/www.designenlassen.de\/blog\/der-projektverlauf-war-fuer-mich-einfach-inspirierend-kompetent-interview-mit-benjamin-schwarz\/#primaryimage"},"thumbnailUrl":"https:\/\/www.designenlassen.de\/blog\/wp-content\/uploads\/2020\/09\/Benjamin-Schwarz_HYDR8.png","articleSection":["Interviews"],"inLanguage":"de","potentialAction":[{"@type":"CommentAction","name":"Comment","target":["https:\/\/www.designenlassen.de\/blog\/der-projektverlauf-war-fuer-mich-einfach-inspirierend-kompetent-interview-mit-benjamin-schwarz\/#respond"]}]},{"@type":"WebPage","@id":"https:\/\/www.designenlassen.de\/blog\/der-projektverlauf-war-fuer-mich-einfach-inspirierend-kompetent-interview-mit-benjamin-schwarz\/","url":"https:\/\/www.designenlassen.de\/blog\/der-projektverlauf-war-fuer-mich-einfach-inspirierend-kompetent-interview-mit-benjamin-schwarz\/","name":"Auftraggeber-Interview mit Lukas Rauscher","isPartOf":{"@id":"https:\/\/www.designenlassen.de\/blog\/#website"},"primaryImageOfPage":{"@id":"https:\/\/www.designenlassen.de\/blog\/der-projektverlauf-war-fuer-mich-einfach-inspirierend-kompetent-interview-mit-benjamin-schwarz\/#primaryimage"},"image":{"@id":"https:\/\/www.designenlassen.de\/blog\/der-projektverlauf-war-fuer-mich-einfach-inspirierend-kompetent-interview-mit-benjamin-schwarz\/#primaryimage"},"thumbnailUrl":"https:\/\/www.designenlassen.de\/blog\/wp-content\/uploads\/2020\/09\/Benjamin-Schwarz_HYDR8.png","datePublished":"2020-10-19T08:00:00+00:00","author":{"@id":"https:\/\/www.designenlassen.de\/blog\/#\/schema\/person\/1e6e4a367ec0359155d5fbb01227c1ca"},"description":"In seinem Interview erz\u00e4hlt uns Lukas Rauscher alles \u00fcber sich und seine Imkerei und berichtet \u00fcber den Ablauf seines Design Projekts auf designenlassen.de.","breadcrumb":{"@id":"https:\/\/www.designenlassen.de\/blog\/der-projektverlauf-war-fuer-mich-einfach-inspirierend-kompetent-interview-mit-benjamin-schwarz\/#breadcrumb"},"inLanguage":"de","potentialAction":[{"@type":"ReadAction","target":["https:\/\/www.designenlassen.de\/blog\/der-projektverlauf-war-fuer-mich-einfach-inspirierend-kompetent-interview-mit-benjamin-schwarz\/"]}]},{"@type":"ImageObject","inLanguage":"de","@id":"https:\/\/www.designenlassen.de\/blog\/der-projektverlauf-war-fuer-mich-einfach-inspirierend-kompetent-interview-mit-benjamin-schwarz\/#primaryimage","url":"https:\/\/www.designenlassen.de\/blog\/wp-content\/uploads\/2020\/09\/Benjamin-Schwarz_HYDR8.png","contentUrl":"https:\/\/www.designenlassen.de\/blog\/wp-content\/uploads\/2020\/09\/Benjamin-Schwarz_HYDR8.png","width":1080,"height":1080},{"@type":"BreadcrumbList","@id":"https:\/\/www.designenlassen.de\/blog\/der-projektverlauf-war-fuer-mich-einfach-inspirierend-kompetent-interview-mit-benjamin-schwarz\/#breadcrumb","itemListElement":[{"@type":"ListItem","position":1,"name":"Start","item":"https:\/\/www.designenlassen.de\/blog\/"},{"@type":"ListItem","position":2,"name":"&#8222;Der Projektverlauf war f\u00fcr mich: Einfach. Inspirierend. Kompetent.&#8220; &#8211; Interview mit Benjamin Schwarz"}]},{"@type":"WebSite","@id":"https:\/\/www.designenlassen.de\/blog\/#website","url":"https:\/\/www.designenlassen.de\/blog\/","name":"designenlassen.de Blog","description":"Inspirationen, Tipps und Ideen f\u00fcr Designer sowie Gr\u00fcnder und Kleinbetriebe.","potentialAction":[{"@type":"SearchAction","target":{"@type":"EntryPoint","urlTemplate":"https:\/\/www.designenlassen.de\/blog\/?s={search_term_string}"},"query-input":{"@type":"PropertyValueSpecification","valueRequired":true,"valueName":"search_term_string"}}],"inLanguage":"de"},{"@type":"Person","@id":"https:\/\/www.designenlassen.de\/blog\/#\/schema\/person\/1e6e4a367ec0359155d5fbb01227c1ca","name":"Patrick Schady","image":{"@type":"ImageObject","inLanguage":"de","@id":"https:\/\/secure.gravatar.com\/avatar\/41cfafecfbfd30ee6bc4cc02dd530ef067050210239f1d60debda10ce9c038d7?s=96&d=mm&r=g","url":"https:\/\/secure.gravatar.com\/avatar\/41cfafecfbfd30ee6bc4cc02dd530ef067050210239f1d60debda10ce9c038d7?s=96&d=mm&r=g","contentUrl":"https:\/\/secure.gravatar.com\/avatar\/41cfafecfbfd30ee6bc4cc02dd530ef067050210239f1d60debda10ce9c038d7?s=96&d=mm&r=g","caption":"Patrick Schady"},"url":"https:\/\/www.designenlassen.de\/blog\/author\/patrick\/"}]}},"_links":{"self":[{"href":"https:\/\/www.designenlassen.de\/blog\/wp-json\/wp\/v2\/posts\/22419","targetHints":{"allow":["GET"]}}],"collection":[{"href":"https:\/\/www.designenlassen.de\/blog\/wp-json\/wp\/v2\/posts"}],"about":[{"href":"https:\/\/www.designenlassen.de\/blog\/wp-json\/wp\/v2\/types\/post"}],"author":[{"embeddable":true,"href":"https:\/\/www.designenlassen.de\/blog\/wp-json\/wp\/v2\/users\/24"}],"replies":[{"embeddable":true,"href":"https:\/\/www.designenlassen.de\/blog\/wp-json\/wp\/v2\/comments?post=22419"}],"version-history":[{"count":23,"href":"https:\/\/www.designenlassen.de\/blog\/wp-json\/wp\/v2\/posts\/22419\/revisions"}],"predecessor-version":[{"id":22705,"href":"https:\/\/www.designenlassen.de\/blog\/wp-json\/wp\/v2\/posts\/22419\/revisions\/22705"}],"wp:featuredmedia":[{"embeddable":true,"href":"https:\/\/www.designenlassen.de\/blog\/wp-json\/wp\/v2\/media\/22422"}],"wp:attachment":[{"href":"https:\/\/www.designenlassen.de\/blog\/wp-json\/wp\/v2\/media?parent=22419"}],"wp:term":[{"taxonomy":"category","embeddable":true,"href":"https:\/\/www.designenlassen.de\/blog\/wp-json\/wp\/v2\/categories?post=22419"},{"taxonomy":"post_tag","embeddable":true,"href":"https:\/\/www.designenlassen.de\/blog\/wp-json\/wp\/v2\/tags?post=22419"}],"curies":[{"name":"wp","href":"https:\/\/api.w.org\/{rel}","templated":true}]}}