{"id":22521,"date":"2020-11-04T10:00:00","date_gmt":"2020-11-04T08:00:00","guid":{"rendered":"https:\/\/www.designenlassen.de\/blog\/?p=22521"},"modified":"2024-09-27T09:00:52","modified_gmt":"2024-09-27T07:00:52","slug":"10-barber-shop-logos-fuer-einen-haarscharfen-markenauftritt","status":"publish","type":"post","link":"https:\/\/www.designenlassen.de\/blog\/10-barber-shop-logos-fuer-einen-haarscharfen-markenauftritt\/","title":{"rendered":"17 Barber Shop Logos f\u00fcr einen haarscharfen Markenauftritt"},"content":{"rendered":"\n<p>Der Trend geht schon seit Jahren Richtung M\u00e4nnerfriseur und mittlerweile gibt es schon ein ganzes Sortiment an Barber-Shops, die ihre Dienstleistungen anbieten. Um herauszustechen und sich einen Namen unter der gro\u00dfen Vielzahl an Konkurrenten zu machen, ist ein einzigartiges Barber Shop Logo Pflicht. Lass Dich von unseren Design-Inspirationen zu einem <a href=\"https:\/\/www.designenlassen.de\/blog\/logo-erstellen-top-firmenlogo-einfach-entwerfen\/\">ansprechenden Logo<\/a> f\u00fcr Deinen Barber Shop inspirieren!<\/p>\n\n\n\n<div class=\"wp-block-buttons is-content-justification-center is-layout-flex wp-container-core-buttons-is-layout-16018d1d wp-block-buttons-is-layout-flex\">\n<div class=\"wp-block-button is-style-fill\"><a class=\"wp-block-button__link has-white-color has-text-color has-background has-text-align-left wp-element-button\" href=\"https:\/\/www.designenlassen.de\/logo-design?utm_source=blog&amp;utm_medium=button&amp;utm_campaign=blog-beitraege\" style=\"background-color:#091182\">Jetzt Logo erstellen<\/a><\/div>\n<\/div>\n\n\n\n<div style=\"height:40px\" aria-hidden=\"true\" class=\"wp-block-spacer\"><\/div>\n\n\n\n<h2 class=\"wp-block-heading\">\u00dcberzeugende Logos f\u00fcr Deinen Barber Shop<\/h2>\n\n\n\n<p>Das Barber Logo sollte auf den ersten Blick \u00fcberzeugen und die potenzielle Kundschaft auf sich aufmerksam machen. Mach Dir einen Namen und steche durch Deine erstklassige Qualit\u00e4t, Dein professionelles Angebot und Dein <a href=\"https:\/\/www.designenlassen.de\/blog\/corporate-design\/\">\u00fcberzeugendes Corporate-Design<\/a> hervor. Auch Deine Barber-Shop-Gestaltung sollte optimal auf Dein Unternehmen angepasst sein.<\/p>\n\n\n\n<figure class=\"wp-block-gallery has-nested-images columns-default is-cropped dl_picsub_black wp-block-gallery-1 is-layout-flex wp-block-gallery-is-layout-flex\">\n<figure class=\"wp-block-image size-large\"><img fetchpriority=\"high\" decoding=\"async\" width=\"800\" height=\"564\" data-id=\"22528\" src=\"https:\/\/www.designenlassen.de\/blog\/wp-content\/uploads\/2020\/09\/Porto-Barba-Logo-Design-fuer-Barber-365148-ados.jpg\" alt=\"Porto-Barba-Logo-Design-fuer-Barber\" class=\"wp-image-22528\" srcset=\"https:\/\/www.designenlassen.de\/blog\/wp-content\/uploads\/2020\/09\/Porto-Barba-Logo-Design-fuer-Barber-365148-ados.jpg 800w, https:\/\/www.designenlassen.de\/blog\/wp-content\/uploads\/2020\/09\/Porto-Barba-Logo-Design-fuer-Barber-365148-ados-300x212.jpg 300w, https:\/\/www.designenlassen.de\/blog\/wp-content\/uploads\/2020\/09\/Porto-Barba-Logo-Design-fuer-Barber-365148-ados-768x541.jpg 768w\" sizes=\"(max-width: 800px) 100vw, 800px\" \/><figcaption class=\"wp-element-caption\"><a href=\"https:\/\/www.designenlassen.de\/365148-barber-shop\">Barber Shop Logo f\u00fcr Porto Barba von ados<\/a><\/figcaption><\/figure>\n<\/figure>\n\n\n\n<figure class=\"wp-block-gallery has-nested-images columns-default is-cropped dl_picsub_black wp-block-gallery-2 is-layout-flex wp-block-gallery-is-layout-flex\">\n<figure class=\"wp-block-image size-large\"><img decoding=\"async\" width=\"338\" height=\"338\" data-id=\"22523\" src=\"https:\/\/www.designenlassen.de\/blog\/wp-content\/uploads\/2020\/09\/Best-Barber-in-Town-Barber-Shop-Logo-Design-755663-finwasit.png\" alt=\"Best-Barber-in-Town-Barber-Shop-Logo-Design\" class=\"wp-image-22523\" srcset=\"https:\/\/www.designenlassen.de\/blog\/wp-content\/uploads\/2020\/09\/Best-Barber-in-Town-Barber-Shop-Logo-Design-755663-finwasit.png 338w, https:\/\/www.designenlassen.de\/blog\/wp-content\/uploads\/2020\/09\/Best-Barber-in-Town-Barber-Shop-Logo-Design-755663-finwasit-300x300.png 300w, https:\/\/www.designenlassen.de\/blog\/wp-content\/uploads\/2020\/09\/Best-Barber-in-Town-Barber-Shop-Logo-Design-755663-finwasit-150x150.png 150w\" sizes=\"(max-width: 338px) 100vw, 338px\" \/><figcaption class=\"wp-element-caption\">Barber Logo von finwasit<\/figcaption><\/figure>\n\n\n\n<figure class=\"wp-block-image size-large\"><img decoding=\"async\" width=\"338\" height=\"338\" data-id=\"22524\" src=\"https:\/\/www.designenlassen.de\/blog\/wp-content\/uploads\/2020\/09\/Novo-Haircut-Barber-Logo-Design-246818-typo.png\" alt=\"Novo-Haircut-Barber-Logo-Design\" class=\"wp-image-22524\" srcset=\"https:\/\/www.designenlassen.de\/blog\/wp-content\/uploads\/2020\/09\/Novo-Haircut-Barber-Logo-Design-246818-typo.png 338w, https:\/\/www.designenlassen.de\/blog\/wp-content\/uploads\/2020\/09\/Novo-Haircut-Barber-Logo-Design-246818-typo-300x300.png 300w, https:\/\/www.designenlassen.de\/blog\/wp-content\/uploads\/2020\/09\/Novo-Haircut-Barber-Logo-Design-246818-typo-150x150.png 150w\" sizes=\"(max-width: 338px) 100vw, 338px\" \/><figcaption class=\"wp-element-caption\">Barber Logo von typo<\/figcaption><\/figure>\n<\/figure>\n\n\n\n<figure class=\"wp-block-gallery has-nested-images columns-default is-cropped dl_picsub_black wp-block-gallery-3 is-layout-flex wp-block-gallery-is-layout-flex\">\n<figure class=\"wp-block-image size-large\"><img loading=\"lazy\" decoding=\"async\" width=\"800\" height=\"508\" data-id=\"22533\" src=\"https:\/\/www.designenlassen.de\/blog\/wp-content\/uploads\/2020\/09\/Nordmaenner-Barbershop-Logo-Design-687577-womey.jpg\" alt=\"Nordmaenner-Barbershop-Logo-Design\" class=\"wp-image-22533\" srcset=\"https:\/\/www.designenlassen.de\/blog\/wp-content\/uploads\/2020\/09\/Nordmaenner-Barbershop-Logo-Design-687577-womey.jpg 800w, https:\/\/www.designenlassen.de\/blog\/wp-content\/uploads\/2020\/09\/Nordmaenner-Barbershop-Logo-Design-687577-womey-300x191.jpg 300w, https:\/\/www.designenlassen.de\/blog\/wp-content\/uploads\/2020\/09\/Nordmaenner-Barbershop-Logo-Design-687577-womey-768x488.jpg 768w\" sizes=\"(max-width: 800px) 100vw, 800px\" \/><figcaption class=\"wp-element-caption\"><a href=\"https:\/\/www.designenlassen.de\/687577-logo-design-fuer-barbershop\">Die NordM\u00e4nner &#8211; Barber Shop Logo von womey<\/a><\/figcaption><\/figure>\n<\/figure>\n\n\n\n<figure class=\"wp-block-gallery has-nested-images columns-2 is-cropped wp-block-gallery-4 is-layout-flex wp-block-gallery-is-layout-flex\">\n<figure class=\"wp-block-image size-large\"><img loading=\"lazy\" decoding=\"async\" width=\"800\" height=\"800\" data-id=\"32702\" src=\"https:\/\/www.designenlassen.de\/blog\/wp-content\/uploads\/2020\/11\/designenlassen-baber-shop-logo-wildunger.jpg\" alt=\"\" class=\"wp-image-32702\" srcset=\"https:\/\/www.designenlassen.de\/blog\/wp-content\/uploads\/2020\/11\/designenlassen-baber-shop-logo-wildunger.jpg 800w, https:\/\/www.designenlassen.de\/blog\/wp-content\/uploads\/2020\/11\/designenlassen-baber-shop-logo-wildunger-300x300.jpg 300w, https:\/\/www.designenlassen.de\/blog\/wp-content\/uploads\/2020\/11\/designenlassen-baber-shop-logo-wildunger-150x150.jpg 150w, https:\/\/www.designenlassen.de\/blog\/wp-content\/uploads\/2020\/11\/designenlassen-baber-shop-logo-wildunger-768x768.jpg 768w\" sizes=\"(max-width: 800px) 100vw, 800px\" \/><\/figure>\n\n\n\n<figure class=\"wp-block-image size-large\"><img loading=\"lazy\" decoding=\"async\" width=\"1024\" height=\"1024\" data-id=\"32700\" src=\"https:\/\/www.designenlassen.de\/blog\/wp-content\/uploads\/2020\/11\/designenlassen-baber-shop-logo-shellbys4-1024x1024.jpg\" alt=\"\" class=\"wp-image-32700\" srcset=\"https:\/\/www.designenlassen.de\/blog\/wp-content\/uploads\/2020\/11\/designenlassen-baber-shop-logo-shellbys4-1024x1024.jpg 1024w, https:\/\/www.designenlassen.de\/blog\/wp-content\/uploads\/2020\/11\/designenlassen-baber-shop-logo-shellbys4-300x300.jpg 300w, https:\/\/www.designenlassen.de\/blog\/wp-content\/uploads\/2020\/11\/designenlassen-baber-shop-logo-shellbys4-150x150.jpg 150w, https:\/\/www.designenlassen.de\/blog\/wp-content\/uploads\/2020\/11\/designenlassen-baber-shop-logo-shellbys4-768x768.jpg 768w, https:\/\/www.designenlassen.de\/blog\/wp-content\/uploads\/2020\/11\/designenlassen-baber-shop-logo-shellbys4-1536x1536.jpg 1536w, https:\/\/www.designenlassen.de\/blog\/wp-content\/uploads\/2020\/11\/designenlassen-baber-shop-logo-shellbys4-2048x2048.jpg 2048w\" sizes=\"(max-width: 1024px) 100vw, 1024px\" \/><\/figure>\n\n\n\n<figure class=\"wp-block-image size-large\"><img loading=\"lazy\" decoding=\"async\" width=\"1024\" height=\"1024\" data-id=\"32696\" src=\"https:\/\/www.designenlassen.de\/blog\/wp-content\/uploads\/2020\/11\/designenlassen-baber-shop-logo-bestbarber-1024x1024.jpg\" alt=\"\" class=\"wp-image-32696\" srcset=\"https:\/\/www.designenlassen.de\/blog\/wp-content\/uploads\/2020\/11\/designenlassen-baber-shop-logo-bestbarber-1024x1024.jpg 1024w, https:\/\/www.designenlassen.de\/blog\/wp-content\/uploads\/2020\/11\/designenlassen-baber-shop-logo-bestbarber-300x300.jpg 300w, https:\/\/www.designenlassen.de\/blog\/wp-content\/uploads\/2020\/11\/designenlassen-baber-shop-logo-bestbarber-150x150.jpg 150w, https:\/\/www.designenlassen.de\/blog\/wp-content\/uploads\/2020\/11\/designenlassen-baber-shop-logo-bestbarber-768x768.jpg 768w, https:\/\/www.designenlassen.de\/blog\/wp-content\/uploads\/2020\/11\/designenlassen-baber-shop-logo-bestbarber-1536x1536.jpg 1536w, https:\/\/www.designenlassen.de\/blog\/wp-content\/uploads\/2020\/11\/designenlassen-baber-shop-logo-bestbarber-2048x2048.jpg 2048w\" sizes=\"(max-width: 1024px) 100vw, 1024px\" \/><\/figure>\n\n\n\n<figure class=\"wp-block-image size-large\"><img loading=\"lazy\" decoding=\"async\" width=\"1024\" height=\"1024\" data-id=\"32699\" src=\"https:\/\/www.designenlassen.de\/blog\/wp-content\/uploads\/2020\/11\/designenlassen-baber-shop-logo-shellbys3-1024x1024.png\" alt=\"\" class=\"wp-image-32699\" srcset=\"https:\/\/www.designenlassen.de\/blog\/wp-content\/uploads\/2020\/11\/designenlassen-baber-shop-logo-shellbys3-1024x1024.png 1024w, https:\/\/www.designenlassen.de\/blog\/wp-content\/uploads\/2020\/11\/designenlassen-baber-shop-logo-shellbys3-300x300.png 300w, https:\/\/www.designenlassen.de\/blog\/wp-content\/uploads\/2020\/11\/designenlassen-baber-shop-logo-shellbys3-150x150.png 150w, https:\/\/www.designenlassen.de\/blog\/wp-content\/uploads\/2020\/11\/designenlassen-baber-shop-logo-shellbys3-768x768.png 768w, https:\/\/www.designenlassen.de\/blog\/wp-content\/uploads\/2020\/11\/designenlassen-baber-shop-logo-shellbys3.png 1080w\" sizes=\"(max-width: 1024px) 100vw, 1024px\" \/><\/figure>\n\n\n\n<figure class=\"wp-block-image size-large\"><img loading=\"lazy\" decoding=\"async\" width=\"1024\" height=\"1024\" data-id=\"32701\" src=\"https:\/\/www.designenlassen.de\/blog\/wp-content\/uploads\/2020\/11\/designenlassen-baber-shop-logo-shellys-1024x1024.jpg\" alt=\"\" class=\"wp-image-32701\" srcset=\"https:\/\/www.designenlassen.de\/blog\/wp-content\/uploads\/2020\/11\/designenlassen-baber-shop-logo-shellys-1024x1024.jpg 1024w, https:\/\/www.designenlassen.de\/blog\/wp-content\/uploads\/2020\/11\/designenlassen-baber-shop-logo-shellys-300x300.jpg 300w, https:\/\/www.designenlassen.de\/blog\/wp-content\/uploads\/2020\/11\/designenlassen-baber-shop-logo-shellys-150x150.jpg 150w, https:\/\/www.designenlassen.de\/blog\/wp-content\/uploads\/2020\/11\/designenlassen-baber-shop-logo-shellys-768x768.jpg 768w, https:\/\/www.designenlassen.de\/blog\/wp-content\/uploads\/2020\/11\/designenlassen-baber-shop-logo-shellys-1536x1536.jpg 1536w, https:\/\/www.designenlassen.de\/blog\/wp-content\/uploads\/2020\/11\/designenlassen-baber-shop-logo-shellys-2048x2048.jpg 2048w\" sizes=\"(max-width: 1024px) 100vw, 1024px\" \/><\/figure>\n\n\n\n<figure class=\"wp-block-image size-large\"><img loading=\"lazy\" decoding=\"async\" width=\"854\" height=\"1024\" data-id=\"32697\" src=\"https:\/\/www.designenlassen.de\/blog\/wp-content\/uploads\/2020\/11\/designenlassen-baber-shop-logo-bestbarber2-854x1024.png\" alt=\"\" class=\"wp-image-32697\" srcset=\"https:\/\/www.designenlassen.de\/blog\/wp-content\/uploads\/2020\/11\/designenlassen-baber-shop-logo-bestbarber2-854x1024.png 854w, https:\/\/www.designenlassen.de\/blog\/wp-content\/uploads\/2020\/11\/designenlassen-baber-shop-logo-bestbarber2-250x300.png 250w, https:\/\/www.designenlassen.de\/blog\/wp-content\/uploads\/2020\/11\/designenlassen-baber-shop-logo-bestbarber2-768x921.png 768w, https:\/\/www.designenlassen.de\/blog\/wp-content\/uploads\/2020\/11\/designenlassen-baber-shop-logo-bestbarber2.png 964w\" sizes=\"(max-width: 854px) 100vw, 854px\" \/><\/figure>\n<\/figure>\n\n\n\n<figure class=\"wp-block-gallery has-nested-images columns-default is-cropped wp-block-gallery-5 is-layout-flex wp-block-gallery-is-layout-flex\">\n<figure class=\"wp-block-image size-large\"><img loading=\"lazy\" decoding=\"async\" width=\"1024\" height=\"683\" data-id=\"32705\" src=\"https:\/\/www.designenlassen.de\/blog\/wp-content\/uploads\/2024\/09\/designenlassen-baber-shop-logo-shellbys2-edited-1.jpg\" alt=\"\" class=\"wp-image-32705\" srcset=\"https:\/\/www.designenlassen.de\/blog\/wp-content\/uploads\/2024\/09\/designenlassen-baber-shop-logo-shellbys2-edited-1.jpg 1024w, https:\/\/www.designenlassen.de\/blog\/wp-content\/uploads\/2024\/09\/designenlassen-baber-shop-logo-shellbys2-edited-1-300x200.jpg 300w, https:\/\/www.designenlassen.de\/blog\/wp-content\/uploads\/2024\/09\/designenlassen-baber-shop-logo-shellbys2-edited-1-768x512.jpg 768w\" sizes=\"(max-width: 1024px) 100vw, 1024px\" \/><\/figure>\n<\/figure>\n\n\n\n<div class=\"wp-block-buttons is-content-justification-center is-layout-flex wp-container-core-buttons-is-layout-16018d1d wp-block-buttons-is-layout-flex\">\n<div class=\"wp-block-button is-style-fill\"><a class=\"wp-block-button__link has-white-color has-text-color has-background has-text-align-left wp-element-button\" href=\"https:\/\/www.designenlassen.de\/logo-design?utm_source=blog&amp;utm_medium=button&amp;utm_campaign=blog-beitraege\" style=\"background-color:#091182\">Jetzt Logo erstellen<\/a><\/div>\n<\/div>\n\n\n\n<div style=\"height:43px\" aria-hidden=\"true\" class=\"wp-block-spacer\"><\/div>\n\n\n\n<h2 class=\"wp-block-heading\">Barber Logos mit Scheren<\/h2>\n\n\n\n<p>Klassisches Element in Friseur Logos oder Barber Logos ist und bleibt die Schere, die tagt\u00e4glich ihre Dienste erweist. Die <a href=\"https:\/\/www.designenlassen.de\/blog\/logo-entwicklung-leicht-gemacht-8-aspekte-die-man-unbedingt-beachten-sollte\/\">Gestaltung<\/a> kann hierbei deutlich variieren und erm\u00f6glicht es, das Scherenelement auf unterschiedliche Arten in das Design einflie\u00dfen zu lassen. Ob als zus\u00e4tzliches Designelement oder einer Kombination aus anderer Teile, lass Deiner Kreativit\u00e4t freien Lauf.<\/p>\n\n\n\n<figure class=\"wp-block-gallery has-nested-images columns-default is-cropped dl_picsub_black wp-block-gallery-6 is-layout-flex wp-block-gallery-is-layout-flex\">\n<figure class=\"wp-block-image size-large\"><img loading=\"lazy\" decoding=\"async\" width=\"800\" height=\"498\" data-id=\"22527\" src=\"https:\/\/www.designenlassen.de\/blog\/wp-content\/uploads\/2020\/09\/Barber-Logo-DA-XS-Barber-587446-yusuf.png\" alt=\"Barber-Logo-DA-XS-Barber\" class=\"wp-image-22527\" srcset=\"https:\/\/www.designenlassen.de\/blog\/wp-content\/uploads\/2020\/09\/Barber-Logo-DA-XS-Barber-587446-yusuf.png 800w, https:\/\/www.designenlassen.de\/blog\/wp-content\/uploads\/2020\/09\/Barber-Logo-DA-XS-Barber-587446-yusuf-300x187.png 300w, https:\/\/www.designenlassen.de\/blog\/wp-content\/uploads\/2020\/09\/Barber-Logo-DA-XS-Barber-587446-yusuf-768x478.png 768w\" sizes=\"(max-width: 800px) 100vw, 800px\" \/><figcaption class=\"wp-element-caption\"><a href=\"https:\/\/www.designenlassen.de\/587446-barbershop-sucht-logo-design\">Barber Shop Logo mit Schere von yusuf<\/a><\/figcaption><\/figure>\n<\/figure>\n\n\n\n<figure class=\"wp-block-gallery has-nested-images columns-default is-cropped dl_picsub_black wp-block-gallery-7 is-layout-flex wp-block-gallery-is-layout-flex\">\n<figure class=\"wp-block-image size-large\"><img loading=\"lazy\" decoding=\"async\" width=\"338\" height=\"338\" data-id=\"22525\" src=\"https:\/\/www.designenlassen.de\/blog\/wp-content\/uploads\/2020\/09\/DA-XS-Barber-Logo-Design-fuer-Shop-587446-bimalkan.png\" alt=\"DA-XS-Barber-Logo-Design-fuer-Shop\" class=\"wp-image-22525\" srcset=\"https:\/\/www.designenlassen.de\/blog\/wp-content\/uploads\/2020\/09\/DA-XS-Barber-Logo-Design-fuer-Shop-587446-bimalkan.png 338w, https:\/\/www.designenlassen.de\/blog\/wp-content\/uploads\/2020\/09\/DA-XS-Barber-Logo-Design-fuer-Shop-587446-bimalkan-300x300.png 300w, https:\/\/www.designenlassen.de\/blog\/wp-content\/uploads\/2020\/09\/DA-XS-Barber-Logo-Design-fuer-Shop-587446-bimalkan-150x150.png 150w\" sizes=\"(max-width: 338px) 100vw, 338px\" \/><figcaption class=\"wp-element-caption\">Barber Logo von bimalkan<\/figcaption><\/figure>\n\n\n\n<figure class=\"wp-block-image size-large\"><img loading=\"lazy\" decoding=\"async\" width=\"338\" height=\"338\" data-id=\"22526\" src=\"https:\/\/www.designenlassen.de\/blog\/wp-content\/uploads\/2020\/09\/King-Coiffeur-fuer-Maenner-Barber-Shop-Logos-653648-LAVIE.png\" alt=\"King-Coiffeur-fuer-Maenner-Barber-Shop-Logos\" class=\"wp-image-22526\" srcset=\"https:\/\/www.designenlassen.de\/blog\/wp-content\/uploads\/2020\/09\/King-Coiffeur-fuer-Maenner-Barber-Shop-Logos-653648-LAVIE.png 338w, https:\/\/www.designenlassen.de\/blog\/wp-content\/uploads\/2020\/09\/King-Coiffeur-fuer-Maenner-Barber-Shop-Logos-653648-LAVIE-300x300.png 300w, https:\/\/www.designenlassen.de\/blog\/wp-content\/uploads\/2020\/09\/King-Coiffeur-fuer-Maenner-Barber-Shop-Logos-653648-LAVIE-150x150.png 150w\" sizes=\"(max-width: 338px) 100vw, 338px\" \/><figcaption class=\"wp-element-caption\">Barber Logo von LAVIE<\/figcaption><\/figure>\n<\/figure>\n\n\n\n<figure class=\"wp-block-gallery has-nested-images columns-default is-cropped dl_picsub_black wp-block-gallery-8 is-layout-flex wp-block-gallery-is-layout-flex\">\n<figure class=\"wp-block-image size-large\"><img loading=\"lazy\" decoding=\"async\" width=\"800\" height=\"474\" data-id=\"22522\" src=\"https:\/\/www.designenlassen.de\/blog\/wp-content\/uploads\/2020\/09\/Barber-Logo-Die-NordMaenner-687577-4allDesign.jpg\" alt=\"Barber-Logo-Die-NordMaenner\" class=\"wp-image-22522\" srcset=\"https:\/\/www.designenlassen.de\/blog\/wp-content\/uploads\/2020\/09\/Barber-Logo-Die-NordMaenner-687577-4allDesign.jpg 800w, https:\/\/www.designenlassen.de\/blog\/wp-content\/uploads\/2020\/09\/Barber-Logo-Die-NordMaenner-687577-4allDesign-300x178.jpg 300w, https:\/\/www.designenlassen.de\/blog\/wp-content\/uploads\/2020\/09\/Barber-Logo-Die-NordMaenner-687577-4allDesign-768x455.jpg 768w\" sizes=\"(max-width: 800px) 100vw, 800px\" \/><figcaption class=\"wp-element-caption\">Barber Shop Logo-Design von 4allDesign<\/figcaption><\/figure>\n<\/figure>\n\n\n\n<figure class=\"wp-block-gallery has-nested-images columns-default is-cropped dl_picsub_black wp-block-gallery-9 is-layout-flex wp-block-gallery-is-layout-flex\">\n<figure class=\"wp-block-image size-large\"><img loading=\"lazy\" decoding=\"async\" width=\"338\" height=\"338\" data-id=\"22531\" src=\"https:\/\/www.designenlassen.de\/blog\/wp-content\/uploads\/2020\/09\/Barber-Shop-Logo-King-Hair-Beauty-653648-fimbirddesign-1.jpg\" alt=\"Barber-Shop-Logo-King-Hair-Beauty\" class=\"wp-image-22531\" srcset=\"https:\/\/www.designenlassen.de\/blog\/wp-content\/uploads\/2020\/09\/Barber-Shop-Logo-King-Hair-Beauty-653648-fimbirddesign-1.jpg 338w, https:\/\/www.designenlassen.de\/blog\/wp-content\/uploads\/2020\/09\/Barber-Shop-Logo-King-Hair-Beauty-653648-fimbirddesign-1-300x300.jpg 300w, https:\/\/www.designenlassen.de\/blog\/wp-content\/uploads\/2020\/09\/Barber-Shop-Logo-King-Hair-Beauty-653648-fimbirddesign-1-150x150.jpg 150w\" sizes=\"(max-width: 338px) 100vw, 338px\" \/><figcaption class=\"wp-element-caption\">Barber Logo von fimbirddesign<\/figcaption><\/figure>\n\n\n\n<figure class=\"wp-block-image size-large\"><img loading=\"lazy\" decoding=\"async\" width=\"338\" height=\"338\" data-id=\"22532\" src=\"https:\/\/www.designenlassen.de\/blog\/wp-content\/uploads\/2020\/09\/Logo-Design-Barber-Shop-Best-Barber-in-Town-755663-mutabor-1.png\" alt=\"Logo-Design-Barber-Shop-Best-Barber-in-Town\" class=\"wp-image-22532\" srcset=\"https:\/\/www.designenlassen.de\/blog\/wp-content\/uploads\/2020\/09\/Logo-Design-Barber-Shop-Best-Barber-in-Town-755663-mutabor-1.png 338w, https:\/\/www.designenlassen.de\/blog\/wp-content\/uploads\/2020\/09\/Logo-Design-Barber-Shop-Best-Barber-in-Town-755663-mutabor-1-300x300.png 300w, https:\/\/www.designenlassen.de\/blog\/wp-content\/uploads\/2020\/09\/Logo-Design-Barber-Shop-Best-Barber-in-Town-755663-mutabor-1-150x150.png 150w\" sizes=\"(max-width: 338px) 100vw, 338px\" \/><figcaption class=\"wp-element-caption\">Barber Logo von mutabor<\/figcaption><\/figure>\n<\/figure>\n\n\n\n<p>Welches der Barber Shop Logos hat Dir auf Anhieb am besten gefallen? Lass es uns gerne in den Kommentaren wissen, wir freuen uns, von Dir zu h\u00f6ren.<\/p>\n\n\n\n<div class=\"wp-block-buttons is-content-justification-center is-layout-flex wp-container-core-buttons-is-layout-16018d1d wp-block-buttons-is-layout-flex\">\n<div class=\"wp-block-button is-style-fill\"><a class=\"wp-block-button__link has-white-color has-text-color has-background has-text-align-left wp-element-button\" href=\"https:\/\/www.designenlassen.de\/logo-design?utm_source=blog&amp;utm_medium=button&amp;utm_campaign=blog-beitraege\" style=\"background-color:#091182\">Jetzt Logo erstellen<\/a><\/div>\n<\/div>\n\n\n\n<div style=\"height:100px\" aria-hidden=\"true\" class=\"wp-block-spacer\"><\/div>\n\n\n\n<p><strong>\u00c4hnliche Beitr\u00e4ge:<\/strong><\/p>\n\n\n\n<p><a href=\"https:\/\/www.designenlassen.de\/blog\/21-friseur-logos-mit-denen-du-gut-abschneidest\/\">25 Friseur Logos, mit denen Du gut abschneidest<\/a><\/p>\n\n\n\n<p><a href=\"https:\/\/www.designenlassen.de\/blog\/51-beauty-logos-fuer-deinen-start-in-die-selbststaendigkeit\/\">59 Beauty Logos f\u00fcr Deinen Start in die Selbstst\u00e4ndigkeit<\/a><\/p>\n\n\n\n<p><a href=\"https:\/\/www.designenlassen.de\/blog\/28-kreative-logos-die-dir-die-perfekte-inspiration-bieten\/\">28 kreative Logos, die Dir die perfekte Inspiration bieten<\/a><\/p>\n","protected":false},"excerpt":{"rendered":"<p>Der Trend geht schon seit Jahren Richtung M\u00e4nnerfriseur und mittlerweile gibt es schon ein ganzes Sortiment&hellip;<\/p>\n","protected":false},"author":10,"featured_media":22523,"comment_status":"open","ping_status":"open","sticky":false,"template":"","format":"standard","meta":{"_lmt_disableupdate":"","_lmt_disable":"","footnotes":""},"categories":[19],"tags":[],"class_list":["post-22521","post","type-post","status-publish","format-standard","has-post-thumbnail","hentry","category-inspiration"],"yoast_head":"<!-- This site is optimized with the Yoast SEO plugin v26.7 - https:\/\/yoast.com\/wordpress\/plugins\/seo\/ -->\n<title>17+ Barber Shop Logos f\u00fcr einen haarscharfen Auftritt<\/title>\n<meta name=\"description\" content=\"Barber Logo gesucht? Hol Dir ein wenig Input f\u00fcr Dein Unternehmen und starte selbst mit einem einzigartigen Barber Shop Logo durch!\" \/>\n<meta name=\"robots\" content=\"index, follow, max-snippet:-1, max-image-preview:large, max-video-preview:-1\" \/>\n<link rel=\"canonical\" href=\"https:\/\/www.designenlassen.de\/blog\/10-barber-shop-logos-fuer-einen-haarscharfen-markenauftritt\/\" \/>\n<meta property=\"og:locale\" content=\"de_DE\" \/>\n<meta property=\"og:type\" content=\"article\" \/>\n<meta property=\"og:title\" content=\"17+ Barber Shop Logos f\u00fcr einen haarscharfen Auftritt\" \/>\n<meta property=\"og:description\" content=\"Barber Logo gesucht? Hol Dir ein wenig Input f\u00fcr Dein Unternehmen und starte selbst mit einem einzigartigen Barber Shop Logo durch!\" \/>\n<meta property=\"og:url\" content=\"https:\/\/www.designenlassen.de\/blog\/10-barber-shop-logos-fuer-einen-haarscharfen-markenauftritt\/\" \/>\n<meta property=\"og:site_name\" content=\"designenlassen.de Blog\" \/>\n<meta property=\"article:author\" content=\"designenlassen\/\" \/>\n<meta property=\"article:published_time\" content=\"2020-11-04T08:00:00+00:00\" \/>\n<meta property=\"article:modified_time\" content=\"2024-09-27T07:00:52+00:00\" \/>\n<meta property=\"og:image\" content=\"https:\/\/www.designenlassen.de\/blog\/wp-content\/uploads\/2020\/09\/Best-Barber-in-Town-Barber-Shop-Logo-Design-755663-finwasit.png\" \/>\n\t<meta property=\"og:image:width\" content=\"338\" \/>\n\t<meta property=\"og:image:height\" content=\"338\" \/>\n\t<meta property=\"og:image:type\" content=\"image\/png\" \/>\n<meta name=\"author\" content=\"Christina\" \/>\n<meta name=\"twitter:card\" content=\"summary_large_image\" \/>\n<meta name=\"twitter:label1\" content=\"Verfasst von\" \/>\n\t<meta name=\"twitter:data1\" content=\"Christina\" \/>\n\t<meta name=\"twitter:label2\" content=\"Gesch\u00e4tzte Lesezeit\" \/>\n\t<meta name=\"twitter:data2\" content=\"6\u00a0Minuten\" \/>\n<script type=\"application\/ld+json\" class=\"yoast-schema-graph\">{\"@context\":\"https:\/\/schema.org\",\"@graph\":[{\"@type\":\"Article\",\"@id\":\"https:\/\/www.designenlassen.de\/blog\/10-barber-shop-logos-fuer-einen-haarscharfen-markenauftritt\/#article\",\"isPartOf\":{\"@id\":\"https:\/\/www.designenlassen.de\/blog\/10-barber-shop-logos-fuer-einen-haarscharfen-markenauftritt\/\"},\"author\":{\"name\":\"Christina\",\"@id\":\"https:\/\/www.designenlassen.de\/blog\/#\/schema\/person\/858ff7f9025247949c1b922431f97734\"},\"headline\":\"17 Barber Shop Logos f\u00fcr einen haarscharfen Markenauftritt\",\"datePublished\":\"2020-11-04T08:00:00+00:00\",\"dateModified\":\"2024-09-27T07:00:52+00:00\",\"mainEntityOfPage\":{\"@id\":\"https:\/\/www.designenlassen.de\/blog\/10-barber-shop-logos-fuer-einen-haarscharfen-markenauftritt\/\"},\"wordCount\":302,\"commentCount\":0,\"image\":{\"@id\":\"https:\/\/www.designenlassen.de\/blog\/10-barber-shop-logos-fuer-einen-haarscharfen-markenauftritt\/#primaryimage\"},\"thumbnailUrl\":\"https:\/\/www.designenlassen.de\/blog\/wp-content\/uploads\/2020\/09\/Best-Barber-in-Town-Barber-Shop-Logo-Design-755663-finwasit.png\",\"articleSection\":[\"Design-Galerien\"],\"inLanguage\":\"de\",\"potentialAction\":[{\"@type\":\"CommentAction\",\"name\":\"Comment\",\"target\":[\"https:\/\/www.designenlassen.de\/blog\/10-barber-shop-logos-fuer-einen-haarscharfen-markenauftritt\/#respond\"]}]},{\"@type\":\"WebPage\",\"@id\":\"https:\/\/www.designenlassen.de\/blog\/10-barber-shop-logos-fuer-einen-haarscharfen-markenauftritt\/\",\"url\":\"https:\/\/www.designenlassen.de\/blog\/10-barber-shop-logos-fuer-einen-haarscharfen-markenauftritt\/\",\"name\":\"17+ Barber Shop Logos f\u00fcr einen haarscharfen Auftritt\",\"isPartOf\":{\"@id\":\"https:\/\/www.designenlassen.de\/blog\/#website\"},\"primaryImageOfPage\":{\"@id\":\"https:\/\/www.designenlassen.de\/blog\/10-barber-shop-logos-fuer-einen-haarscharfen-markenauftritt\/#primaryimage\"},\"image\":{\"@id\":\"https:\/\/www.designenlassen.de\/blog\/10-barber-shop-logos-fuer-einen-haarscharfen-markenauftritt\/#primaryimage\"},\"thumbnailUrl\":\"https:\/\/www.designenlassen.de\/blog\/wp-content\/uploads\/2020\/09\/Best-Barber-in-Town-Barber-Shop-Logo-Design-755663-finwasit.png\",\"datePublished\":\"2020-11-04T08:00:00+00:00\",\"dateModified\":\"2024-09-27T07:00:52+00:00\",\"author\":{\"@id\":\"https:\/\/www.designenlassen.de\/blog\/#\/schema\/person\/858ff7f9025247949c1b922431f97734\"},\"description\":\"Barber Logo gesucht? Hol Dir ein wenig Input f\u00fcr Dein Unternehmen und starte selbst mit einem einzigartigen Barber Shop Logo durch!\",\"breadcrumb\":{\"@id\":\"https:\/\/www.designenlassen.de\/blog\/10-barber-shop-logos-fuer-einen-haarscharfen-markenauftritt\/#breadcrumb\"},\"inLanguage\":\"de\",\"potentialAction\":[{\"@type\":\"ReadAction\",\"target\":[\"https:\/\/www.designenlassen.de\/blog\/10-barber-shop-logos-fuer-einen-haarscharfen-markenauftritt\/\"]}]},{\"@type\":\"ImageObject\",\"inLanguage\":\"de\",\"@id\":\"https:\/\/www.designenlassen.de\/blog\/10-barber-shop-logos-fuer-einen-haarscharfen-markenauftritt\/#primaryimage\",\"url\":\"https:\/\/www.designenlassen.de\/blog\/wp-content\/uploads\/2020\/09\/Best-Barber-in-Town-Barber-Shop-Logo-Design-755663-finwasit.png\",\"contentUrl\":\"https:\/\/www.designenlassen.de\/blog\/wp-content\/uploads\/2020\/09\/Best-Barber-in-Town-Barber-Shop-Logo-Design-755663-finwasit.png\",\"width\":338,\"height\":338,\"caption\":\"Best-Barber-in-Town-Barber-Shop-Logo-Design\"},{\"@type\":\"BreadcrumbList\",\"@id\":\"https:\/\/www.designenlassen.de\/blog\/10-barber-shop-logos-fuer-einen-haarscharfen-markenauftritt\/#breadcrumb\",\"itemListElement\":[{\"@type\":\"ListItem\",\"position\":1,\"name\":\"Start\",\"item\":\"https:\/\/www.designenlassen.de\/blog\/\"},{\"@type\":\"ListItem\",\"position\":2,\"name\":\"17 Barber Shop Logos f\u00fcr einen haarscharfen Markenauftritt\"}]},{\"@type\":\"WebSite\",\"@id\":\"https:\/\/www.designenlassen.de\/blog\/#website\",\"url\":\"https:\/\/www.designenlassen.de\/blog\/\",\"name\":\"designenlassen.de Blog\",\"description\":\"Inspirationen, Tipps und Ideen f\u00fcr Designer sowie Gr\u00fcnder und Kleinbetriebe.\",\"potentialAction\":[{\"@type\":\"SearchAction\",\"target\":{\"@type\":\"EntryPoint\",\"urlTemplate\":\"https:\/\/www.designenlassen.de\/blog\/?s={search_term_string}\"},\"query-input\":{\"@type\":\"PropertyValueSpecification\",\"valueRequired\":true,\"valueName\":\"search_term_string\"}}],\"inLanguage\":\"de\"},{\"@type\":\"Person\",\"@id\":\"https:\/\/www.designenlassen.de\/blog\/#\/schema\/person\/858ff7f9025247949c1b922431f97734\",\"name\":\"Christina\",\"image\":{\"@type\":\"ImageObject\",\"inLanguage\":\"de\",\"@id\":\"https:\/\/www.designenlassen.de\/blog\/#\/schema\/person\/image\/\",\"url\":\"https:\/\/secure.gravatar.com\/avatar\/31045bfe41c5fbc86ecbb135f792148b4bf1bee47931b9c8d47c74611d912026?s=96&d=mm&r=g\",\"contentUrl\":\"https:\/\/secure.gravatar.com\/avatar\/31045bfe41c5fbc86ecbb135f792148b4bf1bee47931b9c8d47c74611d912026?s=96&d=mm&r=g\",\"caption\":\"Christina\"},\"description\":\"Christina ist bei designenlassen.de f\u00fcr das Content-Marketing &amp; die Social Media Kan\u00e4le zust\u00e4ndig. Sie schreibt hier im Blog zu verschiedensten Design-Themen.\",\"sameAs\":[\"designenlassen\/\"],\"url\":\"https:\/\/www.designenlassen.de\/blog\/author\/christina\/\"}]}<\/script>\n<!-- \/ Yoast SEO plugin. -->","yoast_head_json":{"title":"17+ Barber Shop Logos f\u00fcr einen haarscharfen Auftritt","description":"Barber Logo gesucht? Hol Dir ein wenig Input f\u00fcr Dein Unternehmen und starte selbst mit einem einzigartigen Barber Shop Logo durch!","robots":{"index":"index","follow":"follow","max-snippet":"max-snippet:-1","max-image-preview":"max-image-preview:large","max-video-preview":"max-video-preview:-1"},"canonical":"https:\/\/www.designenlassen.de\/blog\/10-barber-shop-logos-fuer-einen-haarscharfen-markenauftritt\/","og_locale":"de_DE","og_type":"article","og_title":"17+ Barber Shop Logos f\u00fcr einen haarscharfen Auftritt","og_description":"Barber Logo gesucht? Hol Dir ein wenig Input f\u00fcr Dein Unternehmen und starte selbst mit einem einzigartigen Barber Shop Logo durch!","og_url":"https:\/\/www.designenlassen.de\/blog\/10-barber-shop-logos-fuer-einen-haarscharfen-markenauftritt\/","og_site_name":"designenlassen.de Blog","article_author":"designenlassen\/","article_published_time":"2020-11-04T08:00:00+00:00","article_modified_time":"2024-09-27T07:00:52+00:00","og_image":[{"width":338,"height":338,"url":"https:\/\/www.designenlassen.de\/blog\/wp-content\/uploads\/2020\/09\/Best-Barber-in-Town-Barber-Shop-Logo-Design-755663-finwasit.png","type":"image\/png"}],"author":"Christina","twitter_card":"summary_large_image","twitter_misc":{"Verfasst von":"Christina","Gesch\u00e4tzte Lesezeit":"6\u00a0Minuten"},"schema":{"@context":"https:\/\/schema.org","@graph":[{"@type":"Article","@id":"https:\/\/www.designenlassen.de\/blog\/10-barber-shop-logos-fuer-einen-haarscharfen-markenauftritt\/#article","isPartOf":{"@id":"https:\/\/www.designenlassen.de\/blog\/10-barber-shop-logos-fuer-einen-haarscharfen-markenauftritt\/"},"author":{"name":"Christina","@id":"https:\/\/www.designenlassen.de\/blog\/#\/schema\/person\/858ff7f9025247949c1b922431f97734"},"headline":"17 Barber Shop Logos f\u00fcr einen haarscharfen Markenauftritt","datePublished":"2020-11-04T08:00:00+00:00","dateModified":"2024-09-27T07:00:52+00:00","mainEntityOfPage":{"@id":"https:\/\/www.designenlassen.de\/blog\/10-barber-shop-logos-fuer-einen-haarscharfen-markenauftritt\/"},"wordCount":302,"commentCount":0,"image":{"@id":"https:\/\/www.designenlassen.de\/blog\/10-barber-shop-logos-fuer-einen-haarscharfen-markenauftritt\/#primaryimage"},"thumbnailUrl":"https:\/\/www.designenlassen.de\/blog\/wp-content\/uploads\/2020\/09\/Best-Barber-in-Town-Barber-Shop-Logo-Design-755663-finwasit.png","articleSection":["Design-Galerien"],"inLanguage":"de","potentialAction":[{"@type":"CommentAction","name":"Comment","target":["https:\/\/www.designenlassen.de\/blog\/10-barber-shop-logos-fuer-einen-haarscharfen-markenauftritt\/#respond"]}]},{"@type":"WebPage","@id":"https:\/\/www.designenlassen.de\/blog\/10-barber-shop-logos-fuer-einen-haarscharfen-markenauftritt\/","url":"https:\/\/www.designenlassen.de\/blog\/10-barber-shop-logos-fuer-einen-haarscharfen-markenauftritt\/","name":"17+ Barber Shop Logos f\u00fcr einen haarscharfen Auftritt","isPartOf":{"@id":"https:\/\/www.designenlassen.de\/blog\/#website"},"primaryImageOfPage":{"@id":"https:\/\/www.designenlassen.de\/blog\/10-barber-shop-logos-fuer-einen-haarscharfen-markenauftritt\/#primaryimage"},"image":{"@id":"https:\/\/www.designenlassen.de\/blog\/10-barber-shop-logos-fuer-einen-haarscharfen-markenauftritt\/#primaryimage"},"thumbnailUrl":"https:\/\/www.designenlassen.de\/blog\/wp-content\/uploads\/2020\/09\/Best-Barber-in-Town-Barber-Shop-Logo-Design-755663-finwasit.png","datePublished":"2020-11-04T08:00:00+00:00","dateModified":"2024-09-27T07:00:52+00:00","author":{"@id":"https:\/\/www.designenlassen.de\/blog\/#\/schema\/person\/858ff7f9025247949c1b922431f97734"},"description":"Barber Logo gesucht? Hol Dir ein wenig Input f\u00fcr Dein Unternehmen und starte selbst mit einem einzigartigen Barber Shop Logo durch!","breadcrumb":{"@id":"https:\/\/www.designenlassen.de\/blog\/10-barber-shop-logos-fuer-einen-haarscharfen-markenauftritt\/#breadcrumb"},"inLanguage":"de","potentialAction":[{"@type":"ReadAction","target":["https:\/\/www.designenlassen.de\/blog\/10-barber-shop-logos-fuer-einen-haarscharfen-markenauftritt\/"]}]},{"@type":"ImageObject","inLanguage":"de","@id":"https:\/\/www.designenlassen.de\/blog\/10-barber-shop-logos-fuer-einen-haarscharfen-markenauftritt\/#primaryimage","url":"https:\/\/www.designenlassen.de\/blog\/wp-content\/uploads\/2020\/09\/Best-Barber-in-Town-Barber-Shop-Logo-Design-755663-finwasit.png","contentUrl":"https:\/\/www.designenlassen.de\/blog\/wp-content\/uploads\/2020\/09\/Best-Barber-in-Town-Barber-Shop-Logo-Design-755663-finwasit.png","width":338,"height":338,"caption":"Best-Barber-in-Town-Barber-Shop-Logo-Design"},{"@type":"BreadcrumbList","@id":"https:\/\/www.designenlassen.de\/blog\/10-barber-shop-logos-fuer-einen-haarscharfen-markenauftritt\/#breadcrumb","itemListElement":[{"@type":"ListItem","position":1,"name":"Start","item":"https:\/\/www.designenlassen.de\/blog\/"},{"@type":"ListItem","position":2,"name":"17 Barber Shop Logos f\u00fcr einen haarscharfen Markenauftritt"}]},{"@type":"WebSite","@id":"https:\/\/www.designenlassen.de\/blog\/#website","url":"https:\/\/www.designenlassen.de\/blog\/","name":"designenlassen.de Blog","description":"Inspirationen, Tipps und Ideen f\u00fcr Designer sowie Gr\u00fcnder und Kleinbetriebe.","potentialAction":[{"@type":"SearchAction","target":{"@type":"EntryPoint","urlTemplate":"https:\/\/www.designenlassen.de\/blog\/?s={search_term_string}"},"query-input":{"@type":"PropertyValueSpecification","valueRequired":true,"valueName":"search_term_string"}}],"inLanguage":"de"},{"@type":"Person","@id":"https:\/\/www.designenlassen.de\/blog\/#\/schema\/person\/858ff7f9025247949c1b922431f97734","name":"Christina","image":{"@type":"ImageObject","inLanguage":"de","@id":"https:\/\/www.designenlassen.de\/blog\/#\/schema\/person\/image\/","url":"https:\/\/secure.gravatar.com\/avatar\/31045bfe41c5fbc86ecbb135f792148b4bf1bee47931b9c8d47c74611d912026?s=96&d=mm&r=g","contentUrl":"https:\/\/secure.gravatar.com\/avatar\/31045bfe41c5fbc86ecbb135f792148b4bf1bee47931b9c8d47c74611d912026?s=96&d=mm&r=g","caption":"Christina"},"description":"Christina ist bei designenlassen.de f\u00fcr das Content-Marketing &amp; die Social Media Kan\u00e4le zust\u00e4ndig. Sie schreibt hier im Blog zu verschiedensten Design-Themen.","sameAs":["designenlassen\/"],"url":"https:\/\/www.designenlassen.de\/blog\/author\/christina\/"}]}},"_links":{"self":[{"href":"https:\/\/www.designenlassen.de\/blog\/wp-json\/wp\/v2\/posts\/22521","targetHints":{"allow":["GET"]}}],"collection":[{"href":"https:\/\/www.designenlassen.de\/blog\/wp-json\/wp\/v2\/posts"}],"about":[{"href":"https:\/\/www.designenlassen.de\/blog\/wp-json\/wp\/v2\/types\/post"}],"author":[{"embeddable":true,"href":"https:\/\/www.designenlassen.de\/blog\/wp-json\/wp\/v2\/users\/10"}],"replies":[{"embeddable":true,"href":"https:\/\/www.designenlassen.de\/blog\/wp-json\/wp\/v2\/comments?post=22521"}],"version-history":[{"count":5,"href":"https:\/\/www.designenlassen.de\/blog\/wp-json\/wp\/v2\/posts\/22521\/revisions"}],"predecessor-version":[{"id":32707,"href":"https:\/\/www.designenlassen.de\/blog\/wp-json\/wp\/v2\/posts\/22521\/revisions\/32707"}],"wp:featuredmedia":[{"embeddable":true,"href":"https:\/\/www.designenlassen.de\/blog\/wp-json\/wp\/v2\/media\/22523"}],"wp:attachment":[{"href":"https:\/\/www.designenlassen.de\/blog\/wp-json\/wp\/v2\/media?parent=22521"}],"wp:term":[{"taxonomy":"category","embeddable":true,"href":"https:\/\/www.designenlassen.de\/blog\/wp-json\/wp\/v2\/categories?post=22521"},{"taxonomy":"post_tag","embeddable":true,"href":"https:\/\/www.designenlassen.de\/blog\/wp-json\/wp\/v2\/tags?post=22521"}],"curies":[{"name":"wp","href":"https:\/\/api.w.org\/{rel}","templated":true}]}}