{"id":22627,"date":"2020-11-02T10:00:00","date_gmt":"2020-11-02T08:00:00","guid":{"rendered":"https:\/\/www.designenlassen.de\/blog\/?p=22627"},"modified":"2024-09-27T09:27:04","modified_gmt":"2024-09-27T07:27:04","slug":"16-moderne-logos-fuer-unternehmen-mit-wiedererkennungswert","status":"publish","type":"post","link":"https:\/\/www.designenlassen.de\/blog\/16-moderne-logos-fuer-unternehmen-mit-wiedererkennungswert\/","title":{"rendered":"33 moderne Logos f\u00fcr Unternehmen mit Wiedererkennungswert"},"content":{"rendered":"\n<p>Mit einem modernen Logo-Design l\u00e4sst Du die Trends vergangener Zeit hinter Dir und pr\u00e4sentierst Dein Unternehmen mit einem ansprechenden, zeitgem\u00e4\u00dfen Design, das Dir einen gewissen <a href=\"https:\/\/www.designenlassen.de\/blog\/wie-du-eine-marke-mit-maximalem-wiedererkennungswert-schaffen-kannst\/\">Wiedererkennungswert<\/a> sichert. F\u00fcr Dein Business solltest Du ein individuelles Logo w\u00e4hlen, das Dich von Deinen Konkurrenten abhebt. Lass Dich im Folgenden von unseren modernen Logos inspirieren!<\/p>\n\n\n\n<div class=\"wp-block-buttons is-content-justification-center is-layout-flex wp-container-core-buttons-is-layout-16018d1d wp-block-buttons-is-layout-flex\">\n<div class=\"wp-block-button is-style-fill\"><a class=\"wp-block-button__link has-white-color has-text-color has-background has-text-align-left wp-element-button\" href=\"https:\/\/www.designenlassen.de\/logo-design?utm_source=blog&amp;utm_medium=button&amp;utm_campaign=blog-beitraege\" style=\"background-color:#091182\">Jetzt Logo erstellen<\/a><\/div>\n<\/div>\n\n\n\n<div style=\"height:32px\" aria-hidden=\"true\" class=\"wp-block-spacer\"><\/div>\n\n\n\n<h2 class=\"wp-block-heading\">Moderne Logos mit dem gewissen Etwas<\/h2>\n\n\n\n<p>Um aufzufallen, sich einen Namen zu machen und im Kopf der potenziellen Kundschaft zu bleiben, ist ein modernes Logo mit einem gewissen Etwas ein Muss. Wie willst Du Dich von Deiner Konkurrenz abheben, wenn Dein <a href=\"http:\/\/designenlassen.de\/logo-design\">Logo-Design<\/a> dem eines anderen gleicht und sich keiner merken kann, zu welchem Unternehmen das Design eigentlich geh\u00f6rt?<\/p>\n\n\n\n<figure class=\"wp-block-gallery has-nested-images columns-default is-cropped dl_picsub_black wp-block-gallery-1 is-layout-flex wp-block-gallery-is-layout-flex\">\n<figure class=\"wp-block-image size-large\"><img fetchpriority=\"high\" decoding=\"async\" width=\"800\" height=\"470\" data-id=\"22628\" src=\"https:\/\/www.designenlassen.de\/blog\/wp-content\/uploads\/2020\/10\/Pakka-Gear-moderne-Logos-297358-arief-97.png\" alt=\"Pakka-Gear-moderne-Logos\" class=\"wp-image-22628\" srcset=\"https:\/\/www.designenlassen.de\/blog\/wp-content\/uploads\/2020\/10\/Pakka-Gear-moderne-Logos-297358-arief-97.png 800w, https:\/\/www.designenlassen.de\/blog\/wp-content\/uploads\/2020\/10\/Pakka-Gear-moderne-Logos-297358-arief-97-300x176.png 300w, https:\/\/www.designenlassen.de\/blog\/wp-content\/uploads\/2020\/10\/Pakka-Gear-moderne-Logos-297358-arief-97-768x451.png 768w\" sizes=\"(max-width: 800px) 100vw, 800px\" \/><figcaption class=\"wp-element-caption\"><a href=\"https:\/\/www.designenlassen.de\/297358-logo-design-fuer-produzent-von-textilen-babyartikeln\">Modernes Logo f\u00fcr Pakka Gear von arief 97<\/a><\/figcaption><\/figure>\n<\/figure>\n\n\n\n<figure class=\"wp-block-gallery has-nested-images columns-default is-cropped dl_picsub_black wp-block-gallery-2 is-layout-flex wp-block-gallery-is-layout-flex\">\n<figure class=\"wp-block-image size-large\"><img decoding=\"async\" width=\"338\" height=\"338\" data-id=\"22629\" src=\"https:\/\/www.designenlassen.de\/blog\/wp-content\/uploads\/2020\/10\/Moderne-Designs-Betreuungswelt-Logo-738657-pramskii.jpg\" alt=\"Moderne-Designs-Betreuungswelt-Logo\" class=\"wp-image-22629\" srcset=\"https:\/\/www.designenlassen.de\/blog\/wp-content\/uploads\/2020\/10\/Moderne-Designs-Betreuungswelt-Logo-738657-pramskii.jpg 338w, https:\/\/www.designenlassen.de\/blog\/wp-content\/uploads\/2020\/10\/Moderne-Designs-Betreuungswelt-Logo-738657-pramskii-300x300.jpg 300w, https:\/\/www.designenlassen.de\/blog\/wp-content\/uploads\/2020\/10\/Moderne-Designs-Betreuungswelt-Logo-738657-pramskii-150x150.jpg 150w\" sizes=\"(max-width: 338px) 100vw, 338px\" \/><figcaption class=\"wp-element-caption\">Modernes Logo von pramskii<\/figcaption><\/figure>\n\n\n\n<figure class=\"wp-block-image size-large\"><img decoding=\"async\" width=\"338\" height=\"338\" data-id=\"22630\" src=\"https:\/\/www.designenlassen.de\/blog\/wp-content\/uploads\/2020\/10\/Rechtswanwaltskanzlei-Tomas-Krause-Modernes-Logo-Design-154246-analla.png\" alt=\"Rechtswanwaltskanzlei-Tomas-Krause-Modernes-Logo-Design\" class=\"wp-image-22630\" srcset=\"https:\/\/www.designenlassen.de\/blog\/wp-content\/uploads\/2020\/10\/Rechtswanwaltskanzlei-Tomas-Krause-Modernes-Logo-Design-154246-analla.png 338w, https:\/\/www.designenlassen.de\/blog\/wp-content\/uploads\/2020\/10\/Rechtswanwaltskanzlei-Tomas-Krause-Modernes-Logo-Design-154246-analla-300x300.png 300w, https:\/\/www.designenlassen.de\/blog\/wp-content\/uploads\/2020\/10\/Rechtswanwaltskanzlei-Tomas-Krause-Modernes-Logo-Design-154246-analla-150x150.png 150w\" sizes=\"(max-width: 338px) 100vw, 338px\" \/><figcaption class=\"wp-element-caption\">Modernes Logo von analla<\/figcaption><\/figure>\n<\/figure>\n\n\n\n<figure class=\"wp-block-gallery has-nested-images columns-default is-cropped dl_picsub_black wp-block-gallery-3 is-layout-flex wp-block-gallery-is-layout-flex\">\n<figure class=\"wp-block-image size-large\"><img loading=\"lazy\" decoding=\"async\" width=\"800\" height=\"516\" data-id=\"22631\" src=\"https:\/\/www.designenlassen.de\/blog\/wp-content\/uploads\/2020\/10\/Die-Schnitteria-modernes-Logo-fuer-Friseur-723999-analla.png\" alt=\"Die-Schnitteria-modernes-Logo-fuer-Friseur\" class=\"wp-image-22631\" srcset=\"https:\/\/www.designenlassen.de\/blog\/wp-content\/uploads\/2020\/10\/Die-Schnitteria-modernes-Logo-fuer-Friseur-723999-analla.png 800w, https:\/\/www.designenlassen.de\/blog\/wp-content\/uploads\/2020\/10\/Die-Schnitteria-modernes-Logo-fuer-Friseur-723999-analla-300x194.png 300w, https:\/\/www.designenlassen.de\/blog\/wp-content\/uploads\/2020\/10\/Die-Schnitteria-modernes-Logo-fuer-Friseur-723999-analla-768x495.png 768w\" sizes=\"(max-width: 800px) 100vw, 800px\" \/><figcaption class=\"wp-element-caption\"><a href=\"https:\/\/www.designenlassen.de\/723999-corporate-design-fuer-friseursalon\">Friseursalon Schnitteria suchte modernes Logo &#8211; Design von analla<\/a><\/figcaption><\/figure>\n<\/figure>\n\n\n\n<figure class=\"wp-block-gallery has-nested-images columns-2 is-cropped wp-block-gallery-4 is-layout-flex wp-block-gallery-is-layout-flex\">\n<figure class=\"wp-block-image size-large\"><img loading=\"lazy\" decoding=\"async\" width=\"1024\" height=\"823\" data-id=\"32612\" src=\"https:\/\/www.designenlassen.de\/blog\/wp-content\/uploads\/2020\/08\/designenlassen-software-logo-faktly2-1024x823.jpg\" alt=\"Software Logo von Faktly\" class=\"wp-image-32612\" srcset=\"https:\/\/www.designenlassen.de\/blog\/wp-content\/uploads\/2020\/08\/designenlassen-software-logo-faktly2-1024x823.jpg 1024w, https:\/\/www.designenlassen.de\/blog\/wp-content\/uploads\/2020\/08\/designenlassen-software-logo-faktly2-300x241.jpg 300w, https:\/\/www.designenlassen.de\/blog\/wp-content\/uploads\/2020\/08\/designenlassen-software-logo-faktly2-768x618.jpg 768w, https:\/\/www.designenlassen.de\/blog\/wp-content\/uploads\/2020\/08\/designenlassen-software-logo-faktly2.jpg 1200w\" sizes=\"(max-width: 1024px) 100vw, 1024px\" \/><\/figure>\n\n\n\n<figure class=\"wp-block-image size-large\"><img loading=\"lazy\" decoding=\"async\" width=\"338\" height=\"338\" data-id=\"21777\" src=\"https:\/\/www.designenlassen.de\/blog\/wp-content\/uploads\/2020\/08\/Software-Logo-Design-Sevencode-561437-BJ-Habibie.png\" alt=\"Software-Logo-Design-Sevencode\" class=\"wp-image-21777\" srcset=\"https:\/\/www.designenlassen.de\/blog\/wp-content\/uploads\/2020\/08\/Software-Logo-Design-Sevencode-561437-BJ-Habibie.png 338w, https:\/\/www.designenlassen.de\/blog\/wp-content\/uploads\/2020\/08\/Software-Logo-Design-Sevencode-561437-BJ-Habibie-300x300.png 300w, https:\/\/www.designenlassen.de\/blog\/wp-content\/uploads\/2020\/08\/Software-Logo-Design-Sevencode-561437-BJ-Habibie-150x150.png 150w\" sizes=\"(max-width: 338px) 100vw, 338px\" \/><figcaption class=\"wp-element-caption\">Software-Logo von BJ Habibie<\/figcaption><\/figure>\n\n\n\n<figure class=\"wp-block-image size-large\"><img loading=\"lazy\" decoding=\"async\" width=\"1000\" height=\"1000\" data-id=\"20915\" src=\"https:\/\/www.designenlassen.de\/blog\/wp-content\/uploads\/2020\/05\/ITK.Coach_CloudLogo_254551_2.png\" alt=\"Logo-Design f\u00fcr IT-Dienstleister\" class=\"wp-image-20915\" srcset=\"https:\/\/www.designenlassen.de\/blog\/wp-content\/uploads\/2020\/05\/ITK.Coach_CloudLogo_254551_2.png 1000w, https:\/\/www.designenlassen.de\/blog\/wp-content\/uploads\/2020\/05\/ITK.Coach_CloudLogo_254551_2-300x300.png 300w, https:\/\/www.designenlassen.de\/blog\/wp-content\/uploads\/2020\/05\/ITK.Coach_CloudLogo_254551_2-150x150.png 150w, https:\/\/www.designenlassen.de\/blog\/wp-content\/uploads\/2020\/05\/ITK.Coach_CloudLogo_254551_2-768x768.png 768w\" sizes=\"(max-width: 1000px) 100vw, 1000px\" \/><figcaption class=\"wp-element-caption\">Cloud-Logo f\u00fcr IT-Dienstleister von gonanggo<\/figcaption><\/figure>\n\n\n\n<figure class=\"wp-block-image size-large\"><img loading=\"lazy\" decoding=\"async\" width=\"338\" height=\"339\" data-id=\"11930\" src=\"https:\/\/www.designenlassen.de\/blog\/wp-content\/uploads\/2018\/06\/it-logo-dienstleistung-feuerstack.jpg\" alt=\"\" class=\"wp-image-11930\" srcset=\"https:\/\/www.designenlassen.de\/blog\/wp-content\/uploads\/2018\/06\/it-logo-dienstleistung-feuerstack.jpg 338w, https:\/\/www.designenlassen.de\/blog\/wp-content\/uploads\/2018\/06\/it-logo-dienstleistung-feuerstack-150x150.jpg 150w, https:\/\/www.designenlassen.de\/blog\/wp-content\/uploads\/2018\/06\/it-logo-dienstleistung-feuerstack-300x300.jpg 300w\" sizes=\"(max-width: 338px) 100vw, 338px\" \/><\/figure>\n\n\n\n<figure class=\"wp-block-image size-large\"><img loading=\"lazy\" decoding=\"async\" width=\"800\" height=\"600\" data-id=\"32450\" src=\"https:\/\/www.designenlassen.de\/blog\/wp-content\/uploads\/2024\/09\/designenlassen-finanz-logo-vermoegensimpuls.jpeg\" alt=\"finanzen logo von designenlassen\" class=\"wp-image-32450\" srcset=\"https:\/\/www.designenlassen.de\/blog\/wp-content\/uploads\/2024\/09\/designenlassen-finanz-logo-vermoegensimpuls.jpeg 800w, https:\/\/www.designenlassen.de\/blog\/wp-content\/uploads\/2024\/09\/designenlassen-finanz-logo-vermoegensimpuls-300x225.jpeg 300w, https:\/\/www.designenlassen.de\/blog\/wp-content\/uploads\/2024\/09\/designenlassen-finanz-logo-vermoegensimpuls-768x576.jpeg 768w\" sizes=\"(max-width: 800px) 100vw, 800px\" \/><\/figure>\n\n\n\n<figure class=\"wp-block-image size-large\"><img loading=\"lazy\" decoding=\"async\" width=\"1024\" height=\"1024\" data-id=\"32451\" src=\"https:\/\/www.designenlassen.de\/blog\/wp-content\/uploads\/2024\/09\/designenlassen-finanz-logo-servicebusinessxcerators2-edited-1024x1024.jpeg\" alt=\"finanzen logo von designenlassen\" class=\"wp-image-32451\" srcset=\"https:\/\/www.designenlassen.de\/blog\/wp-content\/uploads\/2024\/09\/designenlassen-finanz-logo-servicebusinessxcerators2-edited-1024x1024.jpeg 1024w, https:\/\/www.designenlassen.de\/blog\/wp-content\/uploads\/2024\/09\/designenlassen-finanz-logo-servicebusinessxcerators2-edited-300x300.jpeg 300w, https:\/\/www.designenlassen.de\/blog\/wp-content\/uploads\/2024\/09\/designenlassen-finanz-logo-servicebusinessxcerators2-edited-150x150.jpeg 150w, https:\/\/www.designenlassen.de\/blog\/wp-content\/uploads\/2024\/09\/designenlassen-finanz-logo-servicebusinessxcerators2-edited-768x768.jpeg 768w, https:\/\/www.designenlassen.de\/blog\/wp-content\/uploads\/2024\/09\/designenlassen-finanz-logo-servicebusinessxcerators2-edited.jpeg 1500w\" sizes=\"(max-width: 1024px) 100vw, 1024px\" \/><\/figure>\n\n\n\n<figure class=\"wp-block-image size-large\"><img loading=\"lazy\" decoding=\"async\" width=\"1024\" height=\"819\" data-id=\"32435\" src=\"https:\/\/www.designenlassen.de\/blog\/wp-content\/uploads\/2024\/09\/designenlassen-finanz-logo-deltacapital-1024x819.png\" alt=\"Finanz logo von designenlassen\" class=\"wp-image-32435\" srcset=\"https:\/\/www.designenlassen.de\/blog\/wp-content\/uploads\/2024\/09\/designenlassen-finanz-logo-deltacapital-1024x819.png 1024w, https:\/\/www.designenlassen.de\/blog\/wp-content\/uploads\/2024\/09\/designenlassen-finanz-logo-deltacapital-300x240.png 300w, https:\/\/www.designenlassen.de\/blog\/wp-content\/uploads\/2024\/09\/designenlassen-finanz-logo-deltacapital-768x614.png 768w, https:\/\/www.designenlassen.de\/blog\/wp-content\/uploads\/2024\/09\/designenlassen-finanz-logo-deltacapital-1536x1229.png 1536w, https:\/\/www.designenlassen.de\/blog\/wp-content\/uploads\/2024\/09\/designenlassen-finanz-logo-deltacapital-2048x1638.png 2048w\" sizes=\"(max-width: 1024px) 100vw, 1024px\" \/><\/figure>\n\n\n\n<figure class=\"wp-block-image size-large\"><img loading=\"lazy\" decoding=\"async\" width=\"779\" height=\"770\" data-id=\"21429\" src=\"https:\/\/www.designenlassen.de\/blog\/wp-content\/uploads\/2020\/07\/HausLogo_QuinnImmobilien_985816-1.png\" alt=\"Haus Logo, Quinn Immobilien AG\" class=\"wp-image-21429\" srcset=\"https:\/\/www.designenlassen.de\/blog\/wp-content\/uploads\/2020\/07\/HausLogo_QuinnImmobilien_985816-1.png 779w, https:\/\/www.designenlassen.de\/blog\/wp-content\/uploads\/2020\/07\/HausLogo_QuinnImmobilien_985816-1-300x297.png 300w, https:\/\/www.designenlassen.de\/blog\/wp-content\/uploads\/2020\/07\/HausLogo_QuinnImmobilien_985816-1-768x759.png 768w\" sizes=\"(max-width: 779px) 100vw, 779px\" \/><figcaption class=\"wp-element-caption\">Haus Logo von Naya<\/figcaption><\/figure>\n<\/figure>\n\n\n\n<figure class=\"wp-block-gallery has-nested-images columns-default is-cropped wp-block-gallery-5 is-layout-flex wp-block-gallery-is-layout-flex\">\n<figure class=\"wp-block-image size-large\"><img loading=\"lazy\" decoding=\"async\" width=\"1000\" height=\"1000\" data-id=\"26218\" src=\"https:\/\/www.designenlassen.de\/blog\/wp-content\/uploads\/2023\/03\/designenlassen.de_zahnarzt-logo_sfd.jpg\" alt=\"\" class=\"wp-image-26218\" srcset=\"https:\/\/www.designenlassen.de\/blog\/wp-content\/uploads\/2023\/03\/designenlassen.de_zahnarzt-logo_sfd.jpg 1000w, https:\/\/www.designenlassen.de\/blog\/wp-content\/uploads\/2023\/03\/designenlassen.de_zahnarzt-logo_sfd-300x300.jpg 300w, https:\/\/www.designenlassen.de\/blog\/wp-content\/uploads\/2023\/03\/designenlassen.de_zahnarzt-logo_sfd-150x150.jpg 150w, https:\/\/www.designenlassen.de\/blog\/wp-content\/uploads\/2023\/03\/designenlassen.de_zahnarzt-logo_sfd-768x768.jpg 768w\" sizes=\"(max-width: 1000px) 100vw, 1000px\" \/><\/figure>\n<\/figure>\n\n\n\n<figure class=\"wp-block-gallery has-nested-images columns-2 is-cropped wp-block-gallery-6 is-layout-flex wp-block-gallery-is-layout-flex\">\n<figure class=\"wp-block-image size-large\"><img loading=\"lazy\" decoding=\"async\" width=\"338\" height=\"338\" data-id=\"24128\" src=\"https:\/\/www.designenlassen.de\/blog\/wp-content\/uploads\/2021\/05\/Werbeagentur-Logo-Simplefox.png\" alt=\"Quadrat Firmenlogo f\u00fcr Werbeagentur &amp; Bookingagentur Simplefox\" class=\"wp-image-24128\" srcset=\"https:\/\/www.designenlassen.de\/blog\/wp-content\/uploads\/2021\/05\/Werbeagentur-Logo-Simplefox.png 338w, https:\/\/www.designenlassen.de\/blog\/wp-content\/uploads\/2021\/05\/Werbeagentur-Logo-Simplefox-300x300.png 300w, https:\/\/www.designenlassen.de\/blog\/wp-content\/uploads\/2021\/05\/Werbeagentur-Logo-Simplefox-150x150.png 150w\" sizes=\"(max-width: 338px) 100vw, 338px\" \/><figcaption class=\"wp-element-caption\">Logo-Design mit Quadraten f\u00fcr simplefox<\/figcaption><\/figure>\n\n\n\n<figure class=\"wp-block-image size-large\"><img loading=\"lazy\" decoding=\"async\" width=\"800\" height=\"396\" data-id=\"19595\" src=\"https:\/\/www.designenlassen.de\/blog\/wp-content\/uploads\/2020\/02\/eCommerce-Logo-Design-Go2Flow-845428-JSatuh.png\" alt=\"eCommerce-Logo-Design-Go2Flow\" class=\"wp-image-19595\" srcset=\"https:\/\/www.designenlassen.de\/blog\/wp-content\/uploads\/2020\/02\/eCommerce-Logo-Design-Go2Flow-845428-JSatuh.png 800w, https:\/\/www.designenlassen.de\/blog\/wp-content\/uploads\/2020\/02\/eCommerce-Logo-Design-Go2Flow-845428-JSatuh-300x149.png 300w, https:\/\/www.designenlassen.de\/blog\/wp-content\/uploads\/2020\/02\/eCommerce-Logo-Design-Go2Flow-845428-JSatuh-768x380.png 768w\" sizes=\"(max-width: 800px) 100vw, 800px\" \/><figcaption class=\"wp-element-caption\">eCommerce Logo f\u00fcr Agentur von Designer JSatuh<\/figcaption><\/figure>\n\n\n\n<figure class=\"wp-block-image size-large\"><img loading=\"lazy\" decoding=\"async\" width=\"338\" height=\"338\" data-id=\"12195\" src=\"https:\/\/www.designenlassen.de\/blog\/wp-content\/uploads\/2017\/07\/SEO-Agentur-Logo-espresSEO.png\" alt=\"SEO Agentur Logo espresSEO\" class=\"wp-image-12195\" srcset=\"https:\/\/www.designenlassen.de\/blog\/wp-content\/uploads\/2017\/07\/SEO-Agentur-Logo-espresSEO.png 338w, https:\/\/www.designenlassen.de\/blog\/wp-content\/uploads\/2017\/07\/SEO-Agentur-Logo-espresSEO-150x150.png 150w, https:\/\/www.designenlassen.de\/blog\/wp-content\/uploads\/2017\/07\/SEO-Agentur-Logo-espresSEO-300x300.png 300w\" sizes=\"(max-width: 338px) 100vw, 338px\" \/><\/figure>\n\n\n\n<figure class=\"wp-block-image size-large\"><img loading=\"lazy\" decoding=\"async\" width=\"700\" height=\"525\" data-id=\"32646\" src=\"https:\/\/www.designenlassen.de\/blog\/wp-content\/uploads\/2020\/12\/designenlassen-kuenstler-logo-grandi2.png\" alt=\"Kunst Logo von Grandi\" class=\"wp-image-32646\" srcset=\"https:\/\/www.designenlassen.de\/blog\/wp-content\/uploads\/2020\/12\/designenlassen-kuenstler-logo-grandi2.png 700w, https:\/\/www.designenlassen.de\/blog\/wp-content\/uploads\/2020\/12\/designenlassen-kuenstler-logo-grandi2-300x225.png 300w\" sizes=\"(max-width: 700px) 100vw, 700px\" \/><\/figure>\n<\/figure>\n\n\n\n<h2 class=\"wp-block-heading\">Moderne Business-Logos mit Pepp<\/h2>\n\n\n\n<p>Moderne Logos sind zeitgem\u00e4\u00df und sollten dies auch auf den ersten Blick transportieren. Sie ben\u00f6tigen einen gewissen Pepp, um Dein Business perfekt zu repr\u00e4sentieren. Als wichtiger Teil des <a href=\"https:\/\/www.designenlassen.de\/blog\/corporate-design\/\">Corporate-Designs<\/a>, nimmt Dein modernes Business-Logo auch einen entscheidenden Teil Deiner Corporate-Identity ein.<\/p>\n\n\n\n<figure class=\"wp-block-gallery has-nested-images columns-default is-cropped dl_picsub_black wp-block-gallery-7 is-layout-flex wp-block-gallery-is-layout-flex\">\n<figure class=\"wp-block-image size-large\"><img loading=\"lazy\" decoding=\"async\" width=\"338\" height=\"338\" data-id=\"22632\" src=\"https:\/\/www.designenlassen.de\/blog\/wp-content\/uploads\/2020\/10\/Infinity-Flavor-modernes-Logo-228222-womey.jpg\" alt=\"Infinity-Flavor-modernes-Logo\" class=\"wp-image-22632\" srcset=\"https:\/\/www.designenlassen.de\/blog\/wp-content\/uploads\/2020\/10\/Infinity-Flavor-modernes-Logo-228222-womey.jpg 338w, https:\/\/www.designenlassen.de\/blog\/wp-content\/uploads\/2020\/10\/Infinity-Flavor-modernes-Logo-228222-womey-300x300.jpg 300w, https:\/\/www.designenlassen.de\/blog\/wp-content\/uploads\/2020\/10\/Infinity-Flavor-modernes-Logo-228222-womey-150x150.jpg 150w\" sizes=\"(max-width: 338px) 100vw, 338px\" \/><figcaption class=\"wp-element-caption\">Modernes Logo von womey<\/figcaption><\/figure>\n\n\n\n<figure class=\"wp-block-image size-large\"><img loading=\"lazy\" decoding=\"async\" width=\"338\" height=\"338\" data-id=\"22633\" src=\"https:\/\/www.designenlassen.de\/blog\/wp-content\/uploads\/2020\/10\/Logo-modern-Wisibly-336688-banaspati.png\" alt=\"Logo-modern-Wisibly\" class=\"wp-image-22633\" srcset=\"https:\/\/www.designenlassen.de\/blog\/wp-content\/uploads\/2020\/10\/Logo-modern-Wisibly-336688-banaspati.png 338w, https:\/\/www.designenlassen.de\/blog\/wp-content\/uploads\/2020\/10\/Logo-modern-Wisibly-336688-banaspati-300x300.png 300w, https:\/\/www.designenlassen.de\/blog\/wp-content\/uploads\/2020\/10\/Logo-modern-Wisibly-336688-banaspati-150x150.png 150w\" sizes=\"(max-width: 338px) 100vw, 338px\" \/><figcaption class=\"wp-element-caption\">Modernes Logo von banaspati<\/figcaption><\/figure>\n<\/figure>\n\n\n\n<figure class=\"wp-block-gallery has-nested-images columns-default is-cropped dl_picsub_black wp-block-gallery-8 is-layout-flex wp-block-gallery-is-layout-flex\">\n<figure class=\"wp-block-image size-large\"><img loading=\"lazy\" decoding=\"async\" width=\"800\" height=\"597\" data-id=\"22634\" src=\"https:\/\/www.designenlassen.de\/blog\/wp-content\/uploads\/2020\/10\/Moderne-Logos-Voellbrei-676857-typo.png\" alt=\"Moderne-Logos-Voellbrei\" class=\"wp-image-22634\" srcset=\"https:\/\/www.designenlassen.de\/blog\/wp-content\/uploads\/2020\/10\/Moderne-Logos-Voellbrei-676857-typo.png 800w, https:\/\/www.designenlassen.de\/blog\/wp-content\/uploads\/2020\/10\/Moderne-Logos-Voellbrei-676857-typo-300x224.png 300w, https:\/\/www.designenlassen.de\/blog\/wp-content\/uploads\/2020\/10\/Moderne-Logos-Voellbrei-676857-typo-768x573.png 768w\" sizes=\"(max-width: 800px) 100vw, 800px\" \/><figcaption class=\"wp-element-caption\"><a href=\"https:\/\/www.designenlassen.de\/676857-logo-und-social-media-paket-fuer-neueroeffnung-eines-restaurants\">Modernes Business-Logo f\u00fcr Restaurant von typo<\/a><\/figcaption><\/figure>\n<\/figure>\n\n\n\n<figure class=\"wp-block-gallery has-nested-images columns-default is-cropped dl_picsub_black wp-block-gallery-9 is-layout-flex wp-block-gallery-is-layout-flex\">\n<figure class=\"wp-block-image size-large\"><img loading=\"lazy\" decoding=\"async\" width=\"338\" height=\"338\" data-id=\"22635\" src=\"https:\/\/www.designenlassen.de\/blog\/wp-content\/uploads\/2020\/10\/Moderne-Logos-Bien-Royal-324289-volfdrag.jpg\" alt=\"Moderne-Logos-Bien-Royal\" class=\"wp-image-22635\" srcset=\"https:\/\/www.designenlassen.de\/blog\/wp-content\/uploads\/2020\/10\/Moderne-Logos-Bien-Royal-324289-volfdrag.jpg 338w, https:\/\/www.designenlassen.de\/blog\/wp-content\/uploads\/2020\/10\/Moderne-Logos-Bien-Royal-324289-volfdrag-300x300.jpg 300w, https:\/\/www.designenlassen.de\/blog\/wp-content\/uploads\/2020\/10\/Moderne-Logos-Bien-Royal-324289-volfdrag-150x150.jpg 150w\" sizes=\"(max-width: 338px) 100vw, 338px\" \/><figcaption class=\"wp-element-caption\">Modernes Logo von volfdrag<\/figcaption><\/figure>\n\n\n\n<figure class=\"wp-block-image size-large\"><img loading=\"lazy\" decoding=\"async\" width=\"338\" height=\"338\" data-id=\"22637\" src=\"https:\/\/www.designenlassen.de\/blog\/wp-content\/uploads\/2020\/10\/Zum-Schmied-modernes-Logo-Design-illustriert-323391-azizha-1.jpg\" alt=\"Zum-Schmied-modernes-Logo-Design-illustriert\" class=\"wp-image-22637\" srcset=\"https:\/\/www.designenlassen.de\/blog\/wp-content\/uploads\/2020\/10\/Zum-Schmied-modernes-Logo-Design-illustriert-323391-azizha-1.jpg 338w, https:\/\/www.designenlassen.de\/blog\/wp-content\/uploads\/2020\/10\/Zum-Schmied-modernes-Logo-Design-illustriert-323391-azizha-1-300x300.jpg 300w, https:\/\/www.designenlassen.de\/blog\/wp-content\/uploads\/2020\/10\/Zum-Schmied-modernes-Logo-Design-illustriert-323391-azizha-1-150x150.jpg 150w\" sizes=\"(max-width: 338px) 100vw, 338px\" \/><figcaption class=\"wp-element-caption\">Modernes Logo von azizha<\/figcaption><\/figure>\n<\/figure>\n\n\n\n<figure class=\"wp-block-gallery has-nested-images columns-default is-cropped dl_picsub_black wp-block-gallery-10 is-layout-flex wp-block-gallery-is-layout-flex\">\n<figure class=\"wp-block-image size-large\"><img loading=\"lazy\" decoding=\"async\" width=\"800\" height=\"461\" data-id=\"22641\" src=\"https:\/\/www.designenlassen.de\/blog\/wp-content\/uploads\/2020\/10\/Modernes-Unternehmenslogo-Schink-Consulting-564788-Ariza-Mauliza.jpg\" alt=\"Modernes-Unternehmenslogo-Schink-Consulting\" class=\"wp-image-22641\" srcset=\"https:\/\/www.designenlassen.de\/blog\/wp-content\/uploads\/2020\/10\/Modernes-Unternehmenslogo-Schink-Consulting-564788-Ariza-Mauliza.jpg 800w, https:\/\/www.designenlassen.de\/blog\/wp-content\/uploads\/2020\/10\/Modernes-Unternehmenslogo-Schink-Consulting-564788-Ariza-Mauliza-300x173.jpg 300w, https:\/\/www.designenlassen.de\/blog\/wp-content\/uploads\/2020\/10\/Modernes-Unternehmenslogo-Schink-Consulting-564788-Ariza-Mauliza-768x443.jpg 768w\" sizes=\"(max-width: 800px) 100vw, 800px\" \/><figcaption class=\"wp-element-caption\"><a href=\"https:\/\/www.designenlassen.de\/564788-logo-design-fuer-unternehmensberater\">Modernes Consulting-Logo f\u00fcr Schink von Ariza Mauliza<\/a><\/figcaption><\/figure>\n<\/figure>\n\n\n\n<figure class=\"wp-block-gallery has-nested-images columns-default is-cropped dl_picsub_black wp-block-gallery-11 is-layout-flex wp-block-gallery-is-layout-flex\">\n<figure class=\"wp-block-image size-large\"><img loading=\"lazy\" decoding=\"async\" width=\"338\" height=\"338\" data-id=\"22643\" src=\"https:\/\/www.designenlassen.de\/blog\/wp-content\/uploads\/2020\/10\/cloudXpress-Logo-Design-modern-511396-Arry12.jpg\" alt=\"cloudXpress-Logo-Design-modern\" class=\"wp-image-22643\" srcset=\"https:\/\/www.designenlassen.de\/blog\/wp-content\/uploads\/2020\/10\/cloudXpress-Logo-Design-modern-511396-Arry12.jpg 338w, https:\/\/www.designenlassen.de\/blog\/wp-content\/uploads\/2020\/10\/cloudXpress-Logo-Design-modern-511396-Arry12-300x300.jpg 300w, https:\/\/www.designenlassen.de\/blog\/wp-content\/uploads\/2020\/10\/cloudXpress-Logo-Design-modern-511396-Arry12-150x150.jpg 150w\" sizes=\"(max-width: 338px) 100vw, 338px\" \/><figcaption class=\"wp-element-caption\">Modernes Logo von Arry12<\/figcaption><\/figure>\n\n\n\n<figure class=\"wp-block-image size-large\"><img loading=\"lazy\" decoding=\"async\" width=\"997\" height=\"1024\" data-id=\"22644\" src=\"https:\/\/www.designenlassen.de\/blog\/wp-content\/uploads\/2020\/10\/Modernes-Logo-fuer-Food-Factory-Aarberg-589522-RB-designs-997x1024.jpg\" alt=\"Modernes-Logo-fuer-Food-Factory-Aarberg\" class=\"wp-image-22644\" srcset=\"https:\/\/www.designenlassen.de\/blog\/wp-content\/uploads\/2020\/10\/Modernes-Logo-fuer-Food-Factory-Aarberg-589522-RB-designs-997x1024.jpg 997w, https:\/\/www.designenlassen.de\/blog\/wp-content\/uploads\/2020\/10\/Modernes-Logo-fuer-Food-Factory-Aarberg-589522-RB-designs-292x300.jpg 292w, https:\/\/www.designenlassen.de\/blog\/wp-content\/uploads\/2020\/10\/Modernes-Logo-fuer-Food-Factory-Aarberg-589522-RB-designs-768x789.jpg 768w, https:\/\/www.designenlassen.de\/blog\/wp-content\/uploads\/2020\/10\/Modernes-Logo-fuer-Food-Factory-Aarberg-589522-RB-designs-1496x1536.jpg 1496w, https:\/\/www.designenlassen.de\/blog\/wp-content\/uploads\/2020\/10\/Modernes-Logo-fuer-Food-Factory-Aarberg-589522-RB-designs-1994x2048.jpg 1994w\" sizes=\"(max-width: 997px) 100vw, 997px\" \/><figcaption class=\"wp-element-caption\">Modernes Logo von RB designs<\/figcaption><\/figure>\n<\/figure>\n\n\n\n<div class=\"wp-block-buttons is-content-justification-center is-layout-flex wp-container-core-buttons-is-layout-16018d1d wp-block-buttons-is-layout-flex\">\n<div class=\"wp-block-button is-style-fill\"><a class=\"wp-block-button__link has-white-color has-text-color has-background has-text-align-left wp-element-button\" href=\"https:\/\/www.designenlassen.de\/logo-design?utm_source=blog&amp;utm_medium=button&amp;utm_campaign=blog-beitraege\" style=\"background-color:#091182\">Jetzt Logo erstellen<\/a><\/div>\n<\/div>\n\n\n\n<div style=\"height:32px\" aria-hidden=\"true\" class=\"wp-block-spacer\"><\/div>\n\n\n\n<h2 class=\"wp-block-heading\">Minimalistische moderne Logo-Designs<\/h2>\n\n\n\n<p>Weniger ist meist mehr und auch bei modernen Logos bew\u00e4hrt sich dieser Spruch. F\u00fcr die Unternehmenspr\u00e4sentation ist im Allgemeinen schon ein minimalistisches Design mit einer simplen Wortmarke ausreichend. Das beweisen auch die folgenden <a href=\"https:\/\/www.designenlassen.de\/blog\/minimalistische-logos-die-mit-dem-noetigsten-im-design-ueberzeugen\/\">minimalistischen Logos<\/a> in modern.<\/p>\n\n\n\n<figure class=\"wp-block-gallery has-nested-images columns-default is-cropped dl_picsub_black wp-block-gallery-12 is-layout-flex wp-block-gallery-is-layout-flex\">\n<figure class=\"wp-block-image size-large\"><img loading=\"lazy\" decoding=\"async\" width=\"800\" height=\"477\" data-id=\"22638\" src=\"https:\/\/www.designenlassen.de\/blog\/wp-content\/uploads\/2020\/10\/AllAboutProp-Logo-Design-modern-352833-Syaroni.jpg\" alt=\"AllAboutProp-Logo-Design-modern\" class=\"wp-image-22638\" srcset=\"https:\/\/www.designenlassen.de\/blog\/wp-content\/uploads\/2020\/10\/AllAboutProp-Logo-Design-modern-352833-Syaroni.jpg 800w, https:\/\/www.designenlassen.de\/blog\/wp-content\/uploads\/2020\/10\/AllAboutProp-Logo-Design-modern-352833-Syaroni-300x179.jpg 300w, https:\/\/www.designenlassen.de\/blog\/wp-content\/uploads\/2020\/10\/AllAboutProp-Logo-Design-modern-352833-Syaroni-768x458.jpg 768w\" sizes=\"(max-width: 800px) 100vw, 800px\" \/><figcaption class=\"wp-element-caption\"><a href=\"https:\/\/www.designenlassen.de\/352833-logo-design-fuer-immobilienmanagement\">Logo in modern f\u00fcr AllAboutProp von Syaroni<\/a><\/figcaption><\/figure>\n<\/figure>\n\n\n\n<figure class=\"wp-block-gallery has-nested-images columns-default is-cropped dl_picsub_black wp-block-gallery-13 is-layout-flex wp-block-gallery-is-layout-flex\">\n<figure class=\"wp-block-image size-large\"><img loading=\"lazy\" decoding=\"async\" width=\"338\" height=\"338\" data-id=\"22639\" src=\"https:\/\/www.designenlassen.de\/blog\/wp-content\/uploads\/2020\/10\/Dogs2life-Modernes-Logo-888573-Liti.png\" alt=\"Dogs2life-Modernes-Logo\" class=\"wp-image-22639\" srcset=\"https:\/\/www.designenlassen.de\/blog\/wp-content\/uploads\/2020\/10\/Dogs2life-Modernes-Logo-888573-Liti.png 338w, https:\/\/www.designenlassen.de\/blog\/wp-content\/uploads\/2020\/10\/Dogs2life-Modernes-Logo-888573-Liti-300x300.png 300w, https:\/\/www.designenlassen.de\/blog\/wp-content\/uploads\/2020\/10\/Dogs2life-Modernes-Logo-888573-Liti-150x150.png 150w\" sizes=\"(max-width: 338px) 100vw, 338px\" \/><figcaption class=\"wp-element-caption\">Modernes Logo von Liti<\/figcaption><\/figure>\n\n\n\n<figure class=\"wp-block-image size-large\"><img loading=\"lazy\" decoding=\"async\" width=\"338\" height=\"338\" data-id=\"22640\" src=\"https:\/\/www.designenlassen.de\/blog\/wp-content\/uploads\/2020\/10\/Famino-Moderne-Logo-Designs-378974-Samidi.png\" alt=\"Famino-Moderne-Logo-Designs\" class=\"wp-image-22640\" srcset=\"https:\/\/www.designenlassen.de\/blog\/wp-content\/uploads\/2020\/10\/Famino-Moderne-Logo-Designs-378974-Samidi.png 338w, https:\/\/www.designenlassen.de\/blog\/wp-content\/uploads\/2020\/10\/Famino-Moderne-Logo-Designs-378974-Samidi-300x300.png 300w, https:\/\/www.designenlassen.de\/blog\/wp-content\/uploads\/2020\/10\/Famino-Moderne-Logo-Designs-378974-Samidi-150x150.png 150w\" sizes=\"(max-width: 338px) 100vw, 338px\" \/><figcaption class=\"wp-element-caption\">Modernes Logo von Samidi<\/figcaption><\/figure>\n<\/figure>\n\n\n\n<figure class=\"wp-block-gallery has-nested-images columns-default is-cropped dl_picsub_black wp-block-gallery-14 is-layout-flex wp-block-gallery-is-layout-flex\">\n<figure class=\"wp-block-image size-large\"><img loading=\"lazy\" decoding=\"async\" width=\"800\" height=\"517\" data-id=\"22642\" src=\"https:\/\/www.designenlassen.de\/blog\/wp-content\/uploads\/2020\/10\/Mango-Kurierapp-modernes-Logo-181316-arief-97.png\" alt=\"Mango-Kurierapp-modernes-Logo\" class=\"wp-image-22642\" srcset=\"https:\/\/www.designenlassen.de\/blog\/wp-content\/uploads\/2020\/10\/Mango-Kurierapp-modernes-Logo-181316-arief-97.png 800w, https:\/\/www.designenlassen.de\/blog\/wp-content\/uploads\/2020\/10\/Mango-Kurierapp-modernes-Logo-181316-arief-97-300x194.png 300w, https:\/\/www.designenlassen.de\/blog\/wp-content\/uploads\/2020\/10\/Mango-Kurierapp-modernes-Logo-181316-arief-97-768x496.png 768w\" sizes=\"(max-width: 800px) 100vw, 800px\" \/><figcaption class=\"wp-element-caption\"><a href=\"https:\/\/www.designenlassen.de\/181316-logo-design-fuer-vermarktung-einer-kurier-app\">Modernes Logo-Design f\u00fcr Mango von arief 97<\/a><\/figcaption><\/figure>\n<\/figure>\n\n\n\n<figure class=\"wp-block-gallery has-nested-images columns-2 is-cropped wp-block-gallery-15 is-layout-flex wp-block-gallery-is-layout-flex\">\n<figure class=\"wp-block-image size-large\"><img loading=\"lazy\" decoding=\"async\" width=\"338\" height=\"338\" data-id=\"23519\" src=\"https:\/\/www.designenlassen.de\/blog\/wp-content\/uploads\/2021\/02\/Lilys-Asia-Asian-Food-Sushi-Logo-986337-Julia-Florcyk.jpg\" alt=\"Lilys-Asia-Asian-Food-Sushi-Logo\" class=\"wp-image-23519\" srcset=\"https:\/\/www.designenlassen.de\/blog\/wp-content\/uploads\/2021\/02\/Lilys-Asia-Asian-Food-Sushi-Logo-986337-Julia-Florcyk.jpg 338w, https:\/\/www.designenlassen.de\/blog\/wp-content\/uploads\/2021\/02\/Lilys-Asia-Asian-Food-Sushi-Logo-986337-Julia-Florcyk-300x300.jpg 300w, https:\/\/www.designenlassen.de\/blog\/wp-content\/uploads\/2021\/02\/Lilys-Asia-Asian-Food-Sushi-Logo-986337-Julia-Florcyk-150x150.jpg 150w\" sizes=\"(max-width: 338px) 100vw, 338px\" \/><\/figure>\n\n\n\n<figure class=\"wp-block-image size-large\"><img loading=\"lazy\" decoding=\"async\" width=\"800\" height=\"500\" data-id=\"14320\" src=\"https:\/\/www.designenlassen.de\/blog\/wp-content\/uploads\/2018\/11\/Emblem-Design-Angry-Moose-Foodtruck-Illustration-farbe.png\" alt=\"Emblem Design Angry Moose Foodtruck Illustration farbe\" class=\"wp-image-14320\" srcset=\"https:\/\/www.designenlassen.de\/blog\/wp-content\/uploads\/2018\/11\/Emblem-Design-Angry-Moose-Foodtruck-Illustration-farbe.png 800w, https:\/\/www.designenlassen.de\/blog\/wp-content\/uploads\/2018\/11\/Emblem-Design-Angry-Moose-Foodtruck-Illustration-farbe-300x188.png 300w, https:\/\/www.designenlassen.de\/blog\/wp-content\/uploads\/2018\/11\/Emblem-Design-Angry-Moose-Foodtruck-Illustration-farbe-768x480.png 768w\" sizes=\"(max-width: 800px) 100vw, 800px\" \/><\/figure>\n\n\n\n<figure class=\"wp-block-image size-large\"><img loading=\"lazy\" decoding=\"async\" width=\"338\" height=\"338\" data-id=\"20080\" src=\"https:\/\/www.designenlassen.de\/blog\/wp-content\/uploads\/2020\/03\/Logo-Design-in-Gelb-Cricketers-346136-adgraphic.jpg\" alt=\"Logo-Design-in-Gelb-Cricketers\" class=\"wp-image-20080\" srcset=\"https:\/\/www.designenlassen.de\/blog\/wp-content\/uploads\/2020\/03\/Logo-Design-in-Gelb-Cricketers-346136-adgraphic.jpg 338w, https:\/\/www.designenlassen.de\/blog\/wp-content\/uploads\/2020\/03\/Logo-Design-in-Gelb-Cricketers-346136-adgraphic-300x300.jpg 300w, https:\/\/www.designenlassen.de\/blog\/wp-content\/uploads\/2020\/03\/Logo-Design-in-Gelb-Cricketers-346136-adgraphic-150x150.jpg 150w\" sizes=\"(max-width: 338px) 100vw, 338px\" \/><figcaption class=\"wp-element-caption\">Design von adgraphic<\/figcaption><\/figure>\n\n\n\n<figure class=\"wp-block-image size-large\"><img loading=\"lazy\" decoding=\"async\" width=\"338\" height=\"338\" data-id=\"13973\" src=\"https:\/\/www.designenlassen.de\/blog\/wp-content\/uploads\/2018\/10\/Gr\u00fcnes-Logo-Maskottchen-Superheld-Illustration-Glasfaserhelden.jpg\" alt=\"Gr\u00fcnes Logo Maskottchen Superheld Illustration Glasfaserhelden\" class=\"wp-image-13973\" srcset=\"https:\/\/www.designenlassen.de\/blog\/wp-content\/uploads\/2018\/10\/Gr\u00fcnes-Logo-Maskottchen-Superheld-Illustration-Glasfaserhelden.jpg 338w, https:\/\/www.designenlassen.de\/blog\/wp-content\/uploads\/2018\/10\/Gr\u00fcnes-Logo-Maskottchen-Superheld-Illustration-Glasfaserhelden-150x150.jpg 150w, https:\/\/www.designenlassen.de\/blog\/wp-content\/uploads\/2018\/10\/Gr\u00fcnes-Logo-Maskottchen-Superheld-Illustration-Glasfaserhelden-300x300.jpg 300w\" sizes=\"(max-width: 338px) 100vw, 338px\" \/><\/figure>\n\n\n\n<figure class=\"wp-block-image size-large\"><img loading=\"lazy\" decoding=\"async\" width=\"800\" height=\"512\" data-id=\"28997\" src=\"https:\/\/www.designenlassen.de\/blog\/wp-content\/uploads\/2024\/02\/designenlassen_transport-logistik-logo_scherenbacher.jpg\" alt=\"Spedition &amp; Transport Logo\" class=\"wp-image-28997\" srcset=\"https:\/\/www.designenlassen.de\/blog\/wp-content\/uploads\/2024\/02\/designenlassen_transport-logistik-logo_scherenbacher.jpg 800w, https:\/\/www.designenlassen.de\/blog\/wp-content\/uploads\/2024\/02\/designenlassen_transport-logistik-logo_scherenbacher-300x192.jpg 300w, https:\/\/www.designenlassen.de\/blog\/wp-content\/uploads\/2024\/02\/designenlassen_transport-logistik-logo_scherenbacher-768x492.jpg 768w\" sizes=\"(max-width: 800px) 100vw, 800px\" \/><\/figure>\n<\/figure>\n\n\n\n<figure class=\"wp-block-gallery has-nested-images columns-2 is-cropped wp-block-gallery-16 is-layout-flex wp-block-gallery-is-layout-flex\">\n<figure class=\"wp-block-image size-large\"><img loading=\"lazy\" decoding=\"async\" width=\"338\" height=\"338\" data-id=\"16365\" src=\"https:\/\/www.designenlassen.de\/blog\/wp-content\/uploads\/2019\/03\/Minimalism-Orange-Logo-Alex-Autoteile-226752.jpg\" alt=\"Minimalism Orange Logo Alex Autoteile 226752\" class=\"wp-image-16365\" srcset=\"https:\/\/www.designenlassen.de\/blog\/wp-content\/uploads\/2019\/03\/Minimalism-Orange-Logo-Alex-Autoteile-226752.jpg 338w, https:\/\/www.designenlassen.de\/blog\/wp-content\/uploads\/2019\/03\/Minimalism-Orange-Logo-Alex-Autoteile-226752-150x150.jpg 150w, https:\/\/www.designenlassen.de\/blog\/wp-content\/uploads\/2019\/03\/Minimalism-Orange-Logo-Alex-Autoteile-226752-300x300.jpg 300w\" sizes=\"(max-width: 338px) 100vw, 338px\" \/><\/figure>\n\n\n\n<figure class=\"wp-block-image size-large\"><img loading=\"lazy\" decoding=\"async\" width=\"338\" height=\"338\" data-id=\"11856\" src=\"https:\/\/www.designenlassen.de\/blog\/wp-content\/uploads\/2018\/06\/Friseur-Logo-Best-Barber-755663.png\" alt=\"Friseur Logo Best Barber 755663\" class=\"wp-image-11856\" srcset=\"https:\/\/www.designenlassen.de\/blog\/wp-content\/uploads\/2018\/06\/Friseur-Logo-Best-Barber-755663.png 338w, https:\/\/www.designenlassen.de\/blog\/wp-content\/uploads\/2018\/06\/Friseur-Logo-Best-Barber-755663-150x150.png 150w, https:\/\/www.designenlassen.de\/blog\/wp-content\/uploads\/2018\/06\/Friseur-Logo-Best-Barber-755663-300x300.png 300w\" sizes=\"(max-width: 338px) 100vw, 338px\" \/><\/figure>\n\n\n\n<figure class=\"wp-block-image size-large\"><img loading=\"lazy\" decoding=\"async\" width=\"338\" height=\"338\" data-id=\"12091\" src=\"https:\/\/www.designenlassen.de\/blog\/wp-content\/uploads\/2016\/04\/^FF26E6F0CFEE1FA69E70A45F356627D43433E0EFD422AC54BC^pimgpsh_fullsize_distr.png\" alt=\"Schwungvolles Hochzeitslogo DJ Hochzeit 716216\" class=\"wp-image-12091\" srcset=\"https:\/\/www.designenlassen.de\/blog\/wp-content\/uploads\/2016\/04\/^FF26E6F0CFEE1FA69E70A45F356627D43433E0EFD422AC54BC^pimgpsh_fullsize_distr.png 338w, https:\/\/www.designenlassen.de\/blog\/wp-content\/uploads\/2016\/04\/^FF26E6F0CFEE1FA69E70A45F356627D43433E0EFD422AC54BC^pimgpsh_fullsize_distr-150x150.png 150w, https:\/\/www.designenlassen.de\/blog\/wp-content\/uploads\/2016\/04\/^FF26E6F0CFEE1FA69E70A45F356627D43433E0EFD422AC54BC^pimgpsh_fullsize_distr-300x300.png 300w\" sizes=\"(max-width: 338px) 100vw, 338px\" \/><\/figure>\n\n\n\n<figure class=\"wp-block-image size-large\"><img loading=\"lazy\" decoding=\"async\" width=\"1024\" height=\"1024\" data-id=\"32592\" src=\"https:\/\/www.designenlassen.de\/blog\/wp-content\/uploads\/2020\/09\/designenlassen-adler-logo-regiaaquila-1024x1024.jpg\" alt=\"Adler Logo von Regia Aquila\" class=\"wp-image-32592\" srcset=\"https:\/\/www.designenlassen.de\/blog\/wp-content\/uploads\/2020\/09\/designenlassen-adler-logo-regiaaquila-1024x1024.jpg 1024w, https:\/\/www.designenlassen.de\/blog\/wp-content\/uploads\/2020\/09\/designenlassen-adler-logo-regiaaquila-300x300.jpg 300w, https:\/\/www.designenlassen.de\/blog\/wp-content\/uploads\/2020\/09\/designenlassen-adler-logo-regiaaquila-150x150.jpg 150w, https:\/\/www.designenlassen.de\/blog\/wp-content\/uploads\/2020\/09\/designenlassen-adler-logo-regiaaquila-768x768.jpg 768w, https:\/\/www.designenlassen.de\/blog\/wp-content\/uploads\/2020\/09\/designenlassen-adler-logo-regiaaquila.jpg 1260w\" sizes=\"(max-width: 1024px) 100vw, 1024px\" \/><\/figure>\n<\/figure>\n\n\n\n<p>Uns w\u00fcrde brennend interessieren, was h\u00e4ltst Du von modernen Logo-Designs und hast Du vielleicht schon das f\u00fcr Dich perfekte gefunden? Lass es uns gerne in den Kommentaren wissen.<\/p>\n\n\n\n<div class=\"wp-block-buttons is-content-justification-center is-layout-flex wp-container-core-buttons-is-layout-16018d1d wp-block-buttons-is-layout-flex\">\n<div class=\"wp-block-button is-style-fill\"><a class=\"wp-block-button__link has-white-color has-text-color has-background has-text-align-left wp-element-button\" href=\"https:\/\/www.designenlassen.de\/logo-design?utm_source=blog&amp;utm_medium=button&amp;utm_campaign=blog-beitraege\" style=\"background-color:#091182\">Jetzt Logo erstellen<\/a><\/div>\n<\/div>\n\n\n\n<div style=\"height:100px\" aria-hidden=\"true\" class=\"wp-block-spacer\"><\/div>\n\n\n\n<p><strong>\u00c4hnliche Beitr\u00e4ge:<\/strong><\/p>\n\n\n\n<p><a href=\"https:\/\/www.designenlassen.de\/blog\/18-business-logos-die-schwung-in-dein-unternehmen-bringen\/\">18 Business Logos, die Schwung in Dein Unternehmen bringen<\/a><\/p>\n\n\n\n<p><a href=\"https:\/\/www.designenlassen.de\/blog\/individuellen-geschaeftsnamen-finden-inspirationen-fuer-dein-business\/\">Individuellen Gesch\u00e4ftsnamen finden \u2013 Inspirationen f\u00fcr Dein Business<\/a><\/p>\n\n\n\n<p><a href=\"https:\/\/www.designenlassen.de\/blog\/minimalistische-logos-die-mit-dem-noetigsten-im-design-ueberzeugen\/\">Minimalistische Logos, die mit dem N\u00f6tigsten im Design \u00fcberzeugen<\/a><\/p>\n","protected":false},"excerpt":{"rendered":"<p>Mit einem modernen Logo-Design l\u00e4sst Du die Trends vergangener Zeit hinter Dir und pr\u00e4sentierst Dein Unternehmen&hellip;<\/p>\n","protected":false},"author":10,"featured_media":22630,"comment_status":"open","ping_status":"open","sticky":false,"template":"","format":"standard","meta":{"_lmt_disableupdate":"","_lmt_disable":"","footnotes":""},"categories":[19],"tags":[],"class_list":["post-22627","post","type-post","status-publish","format-standard","has-post-thumbnail","hentry","category-inspiration"],"yoast_head":"<!-- This site is optimized with the Yoast SEO plugin v26.7 - https:\/\/yoast.com\/wordpress\/plugins\/seo\/ -->\n<title>33+ Moderne Logos mit denen Du garantiert auff\u00e4llst<\/title>\n<meta name=\"description\" content=\"Moderne Logos, die sich durch ihre einzigartige Gestaltung, meist serifenlose Schrift und den Einsatz von Minimalismus auszeichnen, haben wir Dir in dieser Logo-Galerie als Inspiration zusammengetragen.\" \/>\n<meta name=\"robots\" content=\"index, follow, max-snippet:-1, max-image-preview:large, max-video-preview:-1\" \/>\n<link rel=\"canonical\" href=\"https:\/\/www.designenlassen.de\/blog\/16-moderne-logos-fuer-unternehmen-mit-wiedererkennungswert\/\" \/>\n<meta property=\"og:locale\" content=\"de_DE\" \/>\n<meta property=\"og:type\" content=\"article\" \/>\n<meta property=\"og:title\" content=\"33+ Moderne Logos mit denen Du garantiert auff\u00e4llst\" \/>\n<meta property=\"og:description\" content=\"Moderne Logos, die sich durch ihre einzigartige Gestaltung, meist serifenlose Schrift und den Einsatz von Minimalismus auszeichnen, haben wir Dir in dieser Logo-Galerie als Inspiration zusammengetragen.\" \/>\n<meta property=\"og:url\" content=\"https:\/\/www.designenlassen.de\/blog\/16-moderne-logos-fuer-unternehmen-mit-wiedererkennungswert\/\" \/>\n<meta property=\"og:site_name\" content=\"designenlassen.de Blog\" \/>\n<meta property=\"article:author\" content=\"designenlassen\/\" \/>\n<meta property=\"article:published_time\" content=\"2020-11-02T08:00:00+00:00\" \/>\n<meta property=\"article:modified_time\" content=\"2024-09-27T07:27:04+00:00\" \/>\n<meta property=\"og:image\" content=\"https:\/\/www.designenlassen.de\/blog\/wp-content\/uploads\/2020\/10\/Rechtswanwaltskanzlei-Tomas-Krause-Modernes-Logo-Design-154246-analla.png\" \/>\n\t<meta property=\"og:image:width\" content=\"338\" \/>\n\t<meta property=\"og:image:height\" content=\"338\" \/>\n\t<meta property=\"og:image:type\" content=\"image\/png\" \/>\n<meta name=\"author\" content=\"Christina\" \/>\n<meta name=\"twitter:card\" content=\"summary_large_image\" \/>\n<meta name=\"twitter:label1\" content=\"Verfasst von\" \/>\n\t<meta name=\"twitter:data1\" content=\"Christina\" \/>\n\t<meta name=\"twitter:label2\" content=\"Gesch\u00e4tzte Lesezeit\" \/>\n\t<meta name=\"twitter:data2\" content=\"10\u00a0Minuten\" \/>\n<script type=\"application\/ld+json\" class=\"yoast-schema-graph\">{\"@context\":\"https:\/\/schema.org\",\"@graph\":[{\"@type\":\"Article\",\"@id\":\"https:\/\/www.designenlassen.de\/blog\/16-moderne-logos-fuer-unternehmen-mit-wiedererkennungswert\/#article\",\"isPartOf\":{\"@id\":\"https:\/\/www.designenlassen.de\/blog\/16-moderne-logos-fuer-unternehmen-mit-wiedererkennungswert\/\"},\"author\":{\"name\":\"Christina\",\"@id\":\"https:\/\/www.designenlassen.de\/blog\/#\/schema\/person\/858ff7f9025247949c1b922431f97734\"},\"headline\":\"33 moderne Logos f\u00fcr Unternehmen mit Wiedererkennungswert\",\"datePublished\":\"2020-11-02T08:00:00+00:00\",\"dateModified\":\"2024-09-27T07:27:04+00:00\",\"mainEntityOfPage\":{\"@id\":\"https:\/\/www.designenlassen.de\/blog\/16-moderne-logos-fuer-unternehmen-mit-wiedererkennungswert\/\"},\"wordCount\":400,\"commentCount\":2,\"image\":{\"@id\":\"https:\/\/www.designenlassen.de\/blog\/16-moderne-logos-fuer-unternehmen-mit-wiedererkennungswert\/#primaryimage\"},\"thumbnailUrl\":\"https:\/\/www.designenlassen.de\/blog\/wp-content\/uploads\/2020\/10\/Rechtswanwaltskanzlei-Tomas-Krause-Modernes-Logo-Design-154246-analla.png\",\"articleSection\":[\"Design-Galerien\"],\"inLanguage\":\"de\",\"potentialAction\":[{\"@type\":\"CommentAction\",\"name\":\"Comment\",\"target\":[\"https:\/\/www.designenlassen.de\/blog\/16-moderne-logos-fuer-unternehmen-mit-wiedererkennungswert\/#respond\"]}]},{\"@type\":\"WebPage\",\"@id\":\"https:\/\/www.designenlassen.de\/blog\/16-moderne-logos-fuer-unternehmen-mit-wiedererkennungswert\/\",\"url\":\"https:\/\/www.designenlassen.de\/blog\/16-moderne-logos-fuer-unternehmen-mit-wiedererkennungswert\/\",\"name\":\"33+ Moderne Logos mit denen Du garantiert auff\u00e4llst\",\"isPartOf\":{\"@id\":\"https:\/\/www.designenlassen.de\/blog\/#website\"},\"primaryImageOfPage\":{\"@id\":\"https:\/\/www.designenlassen.de\/blog\/16-moderne-logos-fuer-unternehmen-mit-wiedererkennungswert\/#primaryimage\"},\"image\":{\"@id\":\"https:\/\/www.designenlassen.de\/blog\/16-moderne-logos-fuer-unternehmen-mit-wiedererkennungswert\/#primaryimage\"},\"thumbnailUrl\":\"https:\/\/www.designenlassen.de\/blog\/wp-content\/uploads\/2020\/10\/Rechtswanwaltskanzlei-Tomas-Krause-Modernes-Logo-Design-154246-analla.png\",\"datePublished\":\"2020-11-02T08:00:00+00:00\",\"dateModified\":\"2024-09-27T07:27:04+00:00\",\"author\":{\"@id\":\"https:\/\/www.designenlassen.de\/blog\/#\/schema\/person\/858ff7f9025247949c1b922431f97734\"},\"description\":\"Moderne Logos, die sich durch ihre einzigartige Gestaltung, meist serifenlose Schrift und den Einsatz von Minimalismus auszeichnen, haben wir Dir in dieser Logo-Galerie als Inspiration zusammengetragen.\",\"breadcrumb\":{\"@id\":\"https:\/\/www.designenlassen.de\/blog\/16-moderne-logos-fuer-unternehmen-mit-wiedererkennungswert\/#breadcrumb\"},\"inLanguage\":\"de\",\"potentialAction\":[{\"@type\":\"ReadAction\",\"target\":[\"https:\/\/www.designenlassen.de\/blog\/16-moderne-logos-fuer-unternehmen-mit-wiedererkennungswert\/\"]}]},{\"@type\":\"ImageObject\",\"inLanguage\":\"de\",\"@id\":\"https:\/\/www.designenlassen.de\/blog\/16-moderne-logos-fuer-unternehmen-mit-wiedererkennungswert\/#primaryimage\",\"url\":\"https:\/\/www.designenlassen.de\/blog\/wp-content\/uploads\/2020\/10\/Rechtswanwaltskanzlei-Tomas-Krause-Modernes-Logo-Design-154246-analla.png\",\"contentUrl\":\"https:\/\/www.designenlassen.de\/blog\/wp-content\/uploads\/2020\/10\/Rechtswanwaltskanzlei-Tomas-Krause-Modernes-Logo-Design-154246-analla.png\",\"width\":338,\"height\":338,\"caption\":\"Rechtswanwaltskanzlei-Tomas-Krause-Modernes-Logo-Design\"},{\"@type\":\"BreadcrumbList\",\"@id\":\"https:\/\/www.designenlassen.de\/blog\/16-moderne-logos-fuer-unternehmen-mit-wiedererkennungswert\/#breadcrumb\",\"itemListElement\":[{\"@type\":\"ListItem\",\"position\":1,\"name\":\"Start\",\"item\":\"https:\/\/www.designenlassen.de\/blog\/\"},{\"@type\":\"ListItem\",\"position\":2,\"name\":\"33 moderne Logos f\u00fcr Unternehmen mit Wiedererkennungswert\"}]},{\"@type\":\"WebSite\",\"@id\":\"https:\/\/www.designenlassen.de\/blog\/#website\",\"url\":\"https:\/\/www.designenlassen.de\/blog\/\",\"name\":\"designenlassen.de Blog\",\"description\":\"Inspirationen, Tipps und Ideen f\u00fcr Designer sowie Gr\u00fcnder und Kleinbetriebe.\",\"potentialAction\":[{\"@type\":\"SearchAction\",\"target\":{\"@type\":\"EntryPoint\",\"urlTemplate\":\"https:\/\/www.designenlassen.de\/blog\/?s={search_term_string}\"},\"query-input\":{\"@type\":\"PropertyValueSpecification\",\"valueRequired\":true,\"valueName\":\"search_term_string\"}}],\"inLanguage\":\"de\"},{\"@type\":\"Person\",\"@id\":\"https:\/\/www.designenlassen.de\/blog\/#\/schema\/person\/858ff7f9025247949c1b922431f97734\",\"name\":\"Christina\",\"image\":{\"@type\":\"ImageObject\",\"inLanguage\":\"de\",\"@id\":\"https:\/\/www.designenlassen.de\/blog\/#\/schema\/person\/image\/\",\"url\":\"https:\/\/secure.gravatar.com\/avatar\/31045bfe41c5fbc86ecbb135f792148b4bf1bee47931b9c8d47c74611d912026?s=96&d=mm&r=g\",\"contentUrl\":\"https:\/\/secure.gravatar.com\/avatar\/31045bfe41c5fbc86ecbb135f792148b4bf1bee47931b9c8d47c74611d912026?s=96&d=mm&r=g\",\"caption\":\"Christina\"},\"description\":\"Christina ist bei designenlassen.de f\u00fcr das Content-Marketing &amp; die Social Media Kan\u00e4le zust\u00e4ndig. Sie schreibt hier im Blog zu verschiedensten Design-Themen.\",\"sameAs\":[\"designenlassen\/\"],\"url\":\"https:\/\/www.designenlassen.de\/blog\/author\/christina\/\"}]}<\/script>\n<!-- \/ Yoast SEO plugin. -->","yoast_head_json":{"title":"33+ Moderne Logos mit denen Du garantiert auff\u00e4llst","description":"Moderne Logos, die sich durch ihre einzigartige Gestaltung, meist serifenlose Schrift und den Einsatz von Minimalismus auszeichnen, haben wir Dir in dieser Logo-Galerie als Inspiration zusammengetragen.","robots":{"index":"index","follow":"follow","max-snippet":"max-snippet:-1","max-image-preview":"max-image-preview:large","max-video-preview":"max-video-preview:-1"},"canonical":"https:\/\/www.designenlassen.de\/blog\/16-moderne-logos-fuer-unternehmen-mit-wiedererkennungswert\/","og_locale":"de_DE","og_type":"article","og_title":"33+ Moderne Logos mit denen Du garantiert auff\u00e4llst","og_description":"Moderne Logos, die sich durch ihre einzigartige Gestaltung, meist serifenlose Schrift und den Einsatz von Minimalismus auszeichnen, haben wir Dir in dieser Logo-Galerie als Inspiration zusammengetragen.","og_url":"https:\/\/www.designenlassen.de\/blog\/16-moderne-logos-fuer-unternehmen-mit-wiedererkennungswert\/","og_site_name":"designenlassen.de Blog","article_author":"designenlassen\/","article_published_time":"2020-11-02T08:00:00+00:00","article_modified_time":"2024-09-27T07:27:04+00:00","og_image":[{"width":338,"height":338,"url":"https:\/\/www.designenlassen.de\/blog\/wp-content\/uploads\/2020\/10\/Rechtswanwaltskanzlei-Tomas-Krause-Modernes-Logo-Design-154246-analla.png","type":"image\/png"}],"author":"Christina","twitter_card":"summary_large_image","twitter_misc":{"Verfasst von":"Christina","Gesch\u00e4tzte Lesezeit":"10\u00a0Minuten"},"schema":{"@context":"https:\/\/schema.org","@graph":[{"@type":"Article","@id":"https:\/\/www.designenlassen.de\/blog\/16-moderne-logos-fuer-unternehmen-mit-wiedererkennungswert\/#article","isPartOf":{"@id":"https:\/\/www.designenlassen.de\/blog\/16-moderne-logos-fuer-unternehmen-mit-wiedererkennungswert\/"},"author":{"name":"Christina","@id":"https:\/\/www.designenlassen.de\/blog\/#\/schema\/person\/858ff7f9025247949c1b922431f97734"},"headline":"33 moderne Logos f\u00fcr Unternehmen mit Wiedererkennungswert","datePublished":"2020-11-02T08:00:00+00:00","dateModified":"2024-09-27T07:27:04+00:00","mainEntityOfPage":{"@id":"https:\/\/www.designenlassen.de\/blog\/16-moderne-logos-fuer-unternehmen-mit-wiedererkennungswert\/"},"wordCount":400,"commentCount":2,"image":{"@id":"https:\/\/www.designenlassen.de\/blog\/16-moderne-logos-fuer-unternehmen-mit-wiedererkennungswert\/#primaryimage"},"thumbnailUrl":"https:\/\/www.designenlassen.de\/blog\/wp-content\/uploads\/2020\/10\/Rechtswanwaltskanzlei-Tomas-Krause-Modernes-Logo-Design-154246-analla.png","articleSection":["Design-Galerien"],"inLanguage":"de","potentialAction":[{"@type":"CommentAction","name":"Comment","target":["https:\/\/www.designenlassen.de\/blog\/16-moderne-logos-fuer-unternehmen-mit-wiedererkennungswert\/#respond"]}]},{"@type":"WebPage","@id":"https:\/\/www.designenlassen.de\/blog\/16-moderne-logos-fuer-unternehmen-mit-wiedererkennungswert\/","url":"https:\/\/www.designenlassen.de\/blog\/16-moderne-logos-fuer-unternehmen-mit-wiedererkennungswert\/","name":"33+ Moderne Logos mit denen Du garantiert auff\u00e4llst","isPartOf":{"@id":"https:\/\/www.designenlassen.de\/blog\/#website"},"primaryImageOfPage":{"@id":"https:\/\/www.designenlassen.de\/blog\/16-moderne-logos-fuer-unternehmen-mit-wiedererkennungswert\/#primaryimage"},"image":{"@id":"https:\/\/www.designenlassen.de\/blog\/16-moderne-logos-fuer-unternehmen-mit-wiedererkennungswert\/#primaryimage"},"thumbnailUrl":"https:\/\/www.designenlassen.de\/blog\/wp-content\/uploads\/2020\/10\/Rechtswanwaltskanzlei-Tomas-Krause-Modernes-Logo-Design-154246-analla.png","datePublished":"2020-11-02T08:00:00+00:00","dateModified":"2024-09-27T07:27:04+00:00","author":{"@id":"https:\/\/www.designenlassen.de\/blog\/#\/schema\/person\/858ff7f9025247949c1b922431f97734"},"description":"Moderne Logos, die sich durch ihre einzigartige Gestaltung, meist serifenlose Schrift und den Einsatz von Minimalismus auszeichnen, haben wir Dir in dieser Logo-Galerie als Inspiration zusammengetragen.","breadcrumb":{"@id":"https:\/\/www.designenlassen.de\/blog\/16-moderne-logos-fuer-unternehmen-mit-wiedererkennungswert\/#breadcrumb"},"inLanguage":"de","potentialAction":[{"@type":"ReadAction","target":["https:\/\/www.designenlassen.de\/blog\/16-moderne-logos-fuer-unternehmen-mit-wiedererkennungswert\/"]}]},{"@type":"ImageObject","inLanguage":"de","@id":"https:\/\/www.designenlassen.de\/blog\/16-moderne-logos-fuer-unternehmen-mit-wiedererkennungswert\/#primaryimage","url":"https:\/\/www.designenlassen.de\/blog\/wp-content\/uploads\/2020\/10\/Rechtswanwaltskanzlei-Tomas-Krause-Modernes-Logo-Design-154246-analla.png","contentUrl":"https:\/\/www.designenlassen.de\/blog\/wp-content\/uploads\/2020\/10\/Rechtswanwaltskanzlei-Tomas-Krause-Modernes-Logo-Design-154246-analla.png","width":338,"height":338,"caption":"Rechtswanwaltskanzlei-Tomas-Krause-Modernes-Logo-Design"},{"@type":"BreadcrumbList","@id":"https:\/\/www.designenlassen.de\/blog\/16-moderne-logos-fuer-unternehmen-mit-wiedererkennungswert\/#breadcrumb","itemListElement":[{"@type":"ListItem","position":1,"name":"Start","item":"https:\/\/www.designenlassen.de\/blog\/"},{"@type":"ListItem","position":2,"name":"33 moderne Logos f\u00fcr Unternehmen mit Wiedererkennungswert"}]},{"@type":"WebSite","@id":"https:\/\/www.designenlassen.de\/blog\/#website","url":"https:\/\/www.designenlassen.de\/blog\/","name":"designenlassen.de Blog","description":"Inspirationen, Tipps und Ideen f\u00fcr Designer sowie Gr\u00fcnder und Kleinbetriebe.","potentialAction":[{"@type":"SearchAction","target":{"@type":"EntryPoint","urlTemplate":"https:\/\/www.designenlassen.de\/blog\/?s={search_term_string}"},"query-input":{"@type":"PropertyValueSpecification","valueRequired":true,"valueName":"search_term_string"}}],"inLanguage":"de"},{"@type":"Person","@id":"https:\/\/www.designenlassen.de\/blog\/#\/schema\/person\/858ff7f9025247949c1b922431f97734","name":"Christina","image":{"@type":"ImageObject","inLanguage":"de","@id":"https:\/\/www.designenlassen.de\/blog\/#\/schema\/person\/image\/","url":"https:\/\/secure.gravatar.com\/avatar\/31045bfe41c5fbc86ecbb135f792148b4bf1bee47931b9c8d47c74611d912026?s=96&d=mm&r=g","contentUrl":"https:\/\/secure.gravatar.com\/avatar\/31045bfe41c5fbc86ecbb135f792148b4bf1bee47931b9c8d47c74611d912026?s=96&d=mm&r=g","caption":"Christina"},"description":"Christina ist bei designenlassen.de f\u00fcr das Content-Marketing &amp; die Social Media Kan\u00e4le zust\u00e4ndig. Sie schreibt hier im Blog zu verschiedensten Design-Themen.","sameAs":["designenlassen\/"],"url":"https:\/\/www.designenlassen.de\/blog\/author\/christina\/"}]}},"_links":{"self":[{"href":"https:\/\/www.designenlassen.de\/blog\/wp-json\/wp\/v2\/posts\/22627","targetHints":{"allow":["GET"]}}],"collection":[{"href":"https:\/\/www.designenlassen.de\/blog\/wp-json\/wp\/v2\/posts"}],"about":[{"href":"https:\/\/www.designenlassen.de\/blog\/wp-json\/wp\/v2\/types\/post"}],"author":[{"embeddable":true,"href":"https:\/\/www.designenlassen.de\/blog\/wp-json\/wp\/v2\/users\/10"}],"replies":[{"embeddable":true,"href":"https:\/\/www.designenlassen.de\/blog\/wp-json\/wp\/v2\/comments?post=22627"}],"version-history":[{"count":3,"href":"https:\/\/www.designenlassen.de\/blog\/wp-json\/wp\/v2\/posts\/22627\/revisions"}],"predecessor-version":[{"id":32710,"href":"https:\/\/www.designenlassen.de\/blog\/wp-json\/wp\/v2\/posts\/22627\/revisions\/32710"}],"wp:featuredmedia":[{"embeddable":true,"href":"https:\/\/www.designenlassen.de\/blog\/wp-json\/wp\/v2\/media\/22630"}],"wp:attachment":[{"href":"https:\/\/www.designenlassen.de\/blog\/wp-json\/wp\/v2\/media?parent=22627"}],"wp:term":[{"taxonomy":"category","embeddable":true,"href":"https:\/\/www.designenlassen.de\/blog\/wp-json\/wp\/v2\/categories?post=22627"},{"taxonomy":"post_tag","embeddable":true,"href":"https:\/\/www.designenlassen.de\/blog\/wp-json\/wp\/v2\/tags?post=22627"}],"curies":[{"name":"wp","href":"https:\/\/api.w.org\/{rel}","templated":true}]}}