{"id":23047,"date":"2020-12-16T10:00:00","date_gmt":"2020-12-16T08:00:00","guid":{"rendered":"https:\/\/www.designenlassen.de\/blog\/?p=23047"},"modified":"2024-09-24T10:16:46","modified_gmt":"2024-09-24T08:16:46","slug":"20-flammen-logos-die-dich-entzuenden-lassen","status":"publish","type":"post","link":"https:\/\/www.designenlassen.de\/blog\/20-flammen-logos-die-dich-entzuenden-lassen\/","title":{"rendered":"36 Flammen-Logos, die Dich entz\u00fcnden lassen"},"content":{"rendered":"\n<p>Du bist Feuer und Flamme f\u00fcr Deinen Beruf, aber Dir fehlt noch das geeignete Flammen-Logo? Kein Problem, denn wir haben eine Galerie rund um das Thema Flammen-Logos erstellt, die Dir als Inspiration f\u00fcr Dein pers\u00f6nliches Logo dienen soll. Schau gerne rein!<\/p>\n\n\n\n<figure class=\"wp-block-gallery has-nested-images columns-default is-cropped wp-block-gallery-1 is-layout-flex wp-block-gallery-is-layout-flex\">\n<figure class=\"wp-block-image size-large\"><img fetchpriority=\"high\" decoding=\"async\" width=\"800\" height=\"668\" data-id=\"23128\" src=\"https:\/\/www.designenlassen.de\/blog\/wp-content\/uploads\/2020\/11\/FlammenLogo_DieckseeinFlammen_963553.jpg\" alt=\"Flammen Logo, Dieksee Flammen\" class=\"wp-image-23128\" srcset=\"https:\/\/www.designenlassen.de\/blog\/wp-content\/uploads\/2020\/11\/FlammenLogo_DieckseeinFlammen_963553.jpg 800w, https:\/\/www.designenlassen.de\/blog\/wp-content\/uploads\/2020\/11\/FlammenLogo_DieckseeinFlammen_963553-300x251.jpg 300w, https:\/\/www.designenlassen.de\/blog\/wp-content\/uploads\/2020\/11\/FlammenLogo_DieckseeinFlammen_963553-768x641.jpg 768w\" sizes=\"(max-width: 800px) 100vw, 800px\" \/><figcaption class=\"wp-element-caption\"><a href=\"https:\/\/www.designenlassen.de\/963553-logo-design-fuer-stadtfest-gesucht\">Flammen Logo f\u00fcr Dieksee in Flammen von <\/a>\u00a0<a href=\"https:\/\/www.designenlassen.de\/profil\/239824\">fantastischelastisch<\/a><\/figcaption><\/figure>\n<\/figure>\n\n\n\n<div class=\"wp-block-buttons is-content-justification-center is-layout-flex wp-container-core-buttons-is-layout-16018d1d wp-block-buttons-is-layout-flex\">\n<div class=\"wp-block-button is-style-fill\"><a class=\"wp-block-button__link has-white-color has-text-color has-background has-text-align-left wp-element-button\" href=\"https:\/\/www.designenlassen.de\/logo-design?utm_source=blog&amp;utm_medium=button&amp;utm_campaign=blog-beitraege\" style=\"background-color:#091182\">Jetzt Logo erstellen<\/a><\/div>\n<\/div>\n\n\n\n<div style=\"height:55px\" aria-hidden=\"true\" class=\"wp-block-spacer\"><\/div>\n\n\n\n<h2 class=\"wp-block-heading\">Minimalistische Flammen-Logos<\/h2>\n\n\n\n<p><a href=\"https:\/\/www.designenlassen.de\/blog\/28-kreative-logos-die-dir-die-perfekte-inspiration-bieten\/\">Minimalistische Logos <\/a> \u00fcberzeugen mit dem N\u00f6tigsten, doch sind alles andere als langweilig. Durch ihre abstrakte, simple Art l\u00e4sst sich ein minimalistisches Logo einfach einpr\u00e4gen und wird direkt erkannt. In Branchen, bei denen ein Fahrzeug oder ein Aush\u00e4ngeschild eine wichtige Rolle spielt, ist dies von gro\u00dfem Vorteil, da das <a href=\"https:\/\/www.designenlassen.de\/blog\/logo-erstellen-top-firmenlogo-einfach-entwerfen\/\">Logo<\/a> auch \u00fcber eine gro\u00dfe Distanz zu erkennen ist. Folgende Beispiele zeigen Dir ,wie dies umgesetzt aussehen kann:<\/p>\n\n\n\n<figure class=\"wp-block-gallery has-nested-images columns-default is-cropped wp-block-gallery-2 is-layout-flex wp-block-gallery-is-layout-flex\">\n<figure class=\"wp-block-image size-large\"><img decoding=\"async\" width=\"850\" height=\"604\" data-id=\"23077\" src=\"https:\/\/www.designenlassen.de\/blog\/wp-content\/uploads\/2020\/11\/FlammenLogo_MuellerTechnik_974174.jpg\" alt=\"Flammen Logo, M\u00fcller Technik\" class=\"wp-image-23077\" srcset=\"https:\/\/www.designenlassen.de\/blog\/wp-content\/uploads\/2020\/11\/FlammenLogo_MuellerTechnik_974174.jpg 850w, https:\/\/www.designenlassen.de\/blog\/wp-content\/uploads\/2020\/11\/FlammenLogo_MuellerTechnik_974174-300x213.jpg 300w, https:\/\/www.designenlassen.de\/blog\/wp-content\/uploads\/2020\/11\/FlammenLogo_MuellerTechnik_974174-768x546.jpg 768w\" sizes=\"(max-width: 850px) 100vw, 850px\" \/><figcaption class=\"wp-element-caption\"><a href=\"https:\/\/www.designenlassen.de\/554298-nicht-nur-feuer-und-flamme\">Flammen Logo f\u00fcr M\u00fcller Technik von Pixelskill<\/a><\/figcaption><\/figure>\n<\/figure>\n\n\n\n<figure class=\"wp-block-gallery has-nested-images columns-default is-cropped wp-block-gallery-3 is-layout-flex wp-block-gallery-is-layout-flex\">\n<figure class=\"wp-block-image size-large\"><img decoding=\"async\" width=\"800\" height=\"326\" data-id=\"23124\" src=\"https:\/\/www.designenlassen.de\/blog\/wp-content\/uploads\/2020\/11\/FlammenLogo_DinoraKerzenmanufaktur_918516-1.png\" alt=\"Flammen Logo, Dinora\" class=\"wp-image-23124\" srcset=\"https:\/\/www.designenlassen.de\/blog\/wp-content\/uploads\/2020\/11\/FlammenLogo_DinoraKerzenmanufaktur_918516-1.png 800w, https:\/\/www.designenlassen.de\/blog\/wp-content\/uploads\/2020\/11\/FlammenLogo_DinoraKerzenmanufaktur_918516-1-300x122.png 300w, https:\/\/www.designenlassen.de\/blog\/wp-content\/uploads\/2020\/11\/FlammenLogo_DinoraKerzenmanufaktur_918516-1-768x313.png 768w\" sizes=\"(max-width: 800px) 100vw, 800px\" \/><figcaption class=\"wp-element-caption\"><a href=\"https:\/\/www.designenlassen.de\/918516-logo-design-fuer-kerzenmanufaktur\">Flammen Logo f\u00fcr Dinora von Kailius02<\/a><\/figcaption><\/figure>\n<\/figure>\n\n\n\n<figure class=\"wp-block-gallery has-nested-images columns-default is-cropped dl_picsub_black wp-block-gallery-4 is-layout-flex wp-block-gallery-is-layout-flex\">\n<figure class=\"wp-block-image size-large\"><img loading=\"lazy\" decoding=\"async\" width=\"594\" height=\"531\" data-id=\"23074\" src=\"https:\/\/www.designenlassen.de\/blog\/wp-content\/uploads\/2020\/11\/FlammenLogo_Grillwelt_427355.png\" alt=\"Flammen Logo, Grillwelt\" class=\"wp-image-23074\" srcset=\"https:\/\/www.designenlassen.de\/blog\/wp-content\/uploads\/2020\/11\/FlammenLogo_Grillwelt_427355.png 594w, https:\/\/www.designenlassen.de\/blog\/wp-content\/uploads\/2020\/11\/FlammenLogo_Grillwelt_427355-300x268.png 300w, https:\/\/www.designenlassen.de\/blog\/wp-content\/uploads\/2020\/11\/FlammenLogo_Grillwelt_427355-585x523.png 585w\" sizes=\"(max-width: 594px) 100vw, 594px\" \/><figcaption class=\"wp-element-caption\"><a href=\"https:\/\/www.designenlassen.de\/427355-logo-design-fuer-eine-grillmesse\">Flammen Logo von davincho<\/a><\/figcaption><\/figure>\n\n\n\n<figure class=\"wp-block-image size-large\"><img loading=\"lazy\" decoding=\"async\" width=\"338\" height=\"260\" data-id=\"23132\" src=\"https:\/\/www.designenlassen.de\/blog\/wp-content\/uploads\/2020\/11\/FlammenLogo_Feuerhause_974174.jpg\" alt=\"Flammen Logo, Feuerdesign\" class=\"wp-image-23132\" srcset=\"https:\/\/www.designenlassen.de\/blog\/wp-content\/uploads\/2020\/11\/FlammenLogo_Feuerhause_974174.jpg 338w, https:\/\/www.designenlassen.de\/blog\/wp-content\/uploads\/2020\/11\/FlammenLogo_Feuerhause_974174-300x231.jpg 300w\" sizes=\"(max-width: 338px) 100vw, 338px\" \/><figcaption class=\"wp-element-caption\"><a href=\"https:\/\/www.designenlassen.de\/974174-ofenfirma-sucht-logo\">Flammen Logo von zulobo<\/a><\/figcaption><\/figure>\n<\/figure>\n\n\n\n<figure class=\"wp-block-gallery has-nested-images columns-default is-cropped wp-block-gallery-5 is-layout-flex wp-block-gallery-is-layout-flex\">\n<figure class=\"wp-block-image size-large\"><img loading=\"lazy\" decoding=\"async\" width=\"338\" height=\"294\" data-id=\"23131\" src=\"https:\/\/www.designenlassen.de\/blog\/wp-content\/uploads\/2020\/11\/FlammenLogo_Heatfox_914377-1.jpg\" alt=\"Flammen Logo, Heatfox\" class=\"wp-image-23131\" srcset=\"https:\/\/www.designenlassen.de\/blog\/wp-content\/uploads\/2020\/11\/FlammenLogo_Heatfox_914377-1.jpg 338w, https:\/\/www.designenlassen.de\/blog\/wp-content\/uploads\/2020\/11\/FlammenLogo_Heatfox_914377-1-300x261.jpg 300w\" sizes=\"(max-width: 338px) 100vw, 338px\" \/><figcaption class=\"wp-element-caption\"><a href=\"https:\/\/www.designenlassen.de\/914377-logo-design-fuer-gross-und-einzelhandel-von-heizsystemen\">Flammen Logo von fimbirddesign<\/a><\/figcaption><\/figure>\n\n\n\n<figure class=\"wp-block-image size-large\"><img loading=\"lazy\" decoding=\"async\" width=\"380\" height=\"332\" data-id=\"23072\" src=\"https:\/\/www.designenlassen.de\/blog\/wp-content\/uploads\/2020\/11\/FlammenLogo_EkinivvachBurger_929849.png\" alt=\"Flammen Logo, Eskinivvach Burger\" class=\"wp-image-23072\" srcset=\"https:\/\/www.designenlassen.de\/blog\/wp-content\/uploads\/2020\/11\/FlammenLogo_EkinivvachBurger_929849.png 380w, https:\/\/www.designenlassen.de\/blog\/wp-content\/uploads\/2020\/11\/FlammenLogo_EkinivvachBurger_929849-300x262.png 300w\" sizes=\"(max-width: 380px) 100vw, 380px\" \/><figcaption class=\"wp-element-caption\"><a href=\"https:\/\/www.designenlassen.de\/929849-logo-vereinfachung-zu-icon-fuer-burgerrestaurant\">Flammen Logo von andros9<\/a><\/figcaption><\/figure>\n<\/figure>\n\n\n\n<figure class=\"wp-block-gallery has-nested-images columns-default is-cropped dl_picsub_black wp-block-gallery-6 is-layout-flex wp-block-gallery-is-layout-flex\">\n<figure class=\"wp-block-image size-large\"><img loading=\"lazy\" decoding=\"async\" width=\"750\" height=\"288\" data-id=\"23070\" src=\"https:\/\/www.designenlassen.de\/blog\/wp-content\/uploads\/2020\/11\/FlammenLogo_FyreConsulting_666131.jpg\" alt=\"Flammen Logo, Fyre Consultig\" class=\"wp-image-23070\" srcset=\"https:\/\/www.designenlassen.de\/blog\/wp-content\/uploads\/2020\/11\/FlammenLogo_FyreConsulting_666131.jpg 750w, https:\/\/www.designenlassen.de\/blog\/wp-content\/uploads\/2020\/11\/FlammenLogo_FyreConsulting_666131-300x115.jpg 300w\" sizes=\"(max-width: 750px) 100vw, 750px\" \/><figcaption class=\"wp-element-caption\"><a href=\"https:\/\/www.designenlassen.de\/666131-logo-fuer-consulting-firma\">Flammen Logo f\u00fcr Fyre Consulting von AlexFl<\/a><\/figcaption><\/figure>\n<\/figure>\n\n\n\n<figure class=\"wp-block-gallery has-nested-images columns-default is-cropped wp-block-gallery-7 is-layout-flex wp-block-gallery-is-layout-flex\">\n<figure class=\"wp-block-image size-large\"><img loading=\"lazy\" decoding=\"async\" width=\"380\" height=\"348\" data-id=\"23075\" src=\"https:\/\/www.designenlassen.de\/blog\/wp-content\/uploads\/2020\/11\/FlammenLogo_Camping_751458.png\" alt=\"Flammen Logo, Outdoor Adventure\" class=\"wp-image-23075\" srcset=\"https:\/\/www.designenlassen.de\/blog\/wp-content\/uploads\/2020\/11\/FlammenLogo_Camping_751458.png 380w, https:\/\/www.designenlassen.de\/blog\/wp-content\/uploads\/2020\/11\/FlammenLogo_Camping_751458-300x275.png 300w\" sizes=\"(max-width: 380px) 100vw, 380px\" \/><figcaption class=\"wp-element-caption\"><a href=\"https:\/\/www.designenlassen.de\/751458-logo-design-fuer-outdoor-firma\">Flammen Logo von grafikhimmel<\/a><\/figcaption><\/figure>\n\n\n\n<figure class=\"wp-block-image size-large\"><img loading=\"lazy\" decoding=\"async\" width=\"380\" height=\"353\" data-id=\"23076\" src=\"https:\/\/www.designenlassen.de\/blog\/wp-content\/uploads\/2020\/11\/FlammenLogo_BrennholzBodensee_369915.jpg\" alt=\"Flammen Logo, Brennholz Bodensee\" class=\"wp-image-23076\" srcset=\"https:\/\/www.designenlassen.de\/blog\/wp-content\/uploads\/2020\/11\/FlammenLogo_BrennholzBodensee_369915.jpg 380w, https:\/\/www.designenlassen.de\/blog\/wp-content\/uploads\/2020\/11\/FlammenLogo_BrennholzBodensee_369915-300x279.jpg 300w\" sizes=\"(max-width: 380px) 100vw, 380px\" \/><figcaption class=\"wp-element-caption\"><a href=\"https:\/\/www.designenlassen.de\/369915-logo-design-fuer-brennholzservice\">Flammen Logo von majkimalek<\/a><\/figcaption><\/figure>\n<\/figure>\n\n\n\n<figure class=\"wp-block-gallery has-nested-images columns-default is-cropped dl_picsub_black wp-block-gallery-8 is-layout-flex wp-block-gallery-is-layout-flex\">\n<figure class=\"wp-block-image size-large\"><img loading=\"lazy\" decoding=\"async\" width=\"729\" height=\"174\" data-id=\"23079\" src=\"https:\/\/www.designenlassen.de\/blog\/wp-content\/uploads\/2020\/11\/FlammenLogo_Michalitz_549282.jpg\" alt=\"Flammen Logo, Michalitz\" class=\"wp-image-23079\" srcset=\"https:\/\/www.designenlassen.de\/blog\/wp-content\/uploads\/2020\/11\/FlammenLogo_Michalitz_549282.jpg 729w, https:\/\/www.designenlassen.de\/blog\/wp-content\/uploads\/2020\/11\/FlammenLogo_Michalitz_549282-300x72.jpg 300w\" sizes=\"(max-width: 729px) 100vw, 729px\" \/><figcaption class=\"wp-element-caption\"><a href=\"https:\/\/www.designenlassen.de\/549282-logo-design-fuer-dienstleistung-im-bereich-arbeitssicherheit-und-brandschutz\">Flammen Logo f\u00fcr Michalitz von omdesign<\/a><\/figcaption><\/figure>\n<\/figure>\n\n\n\n<figure class=\"wp-block-gallery has-nested-images columns-2 is-cropped wp-block-gallery-9 is-layout-flex wp-block-gallery-is-layout-flex\">\n<figure class=\"wp-block-image size-large\"><img loading=\"lazy\" decoding=\"async\" width=\"1024\" height=\"1024\" data-id=\"32533\" src=\"https:\/\/www.designenlassen.de\/blog\/wp-content\/uploads\/2020\/04\/designenlassen-logo-brandschutz2-1024x1024.png\" alt=\"\" class=\"wp-image-32533\" srcset=\"https:\/\/www.designenlassen.de\/blog\/wp-content\/uploads\/2020\/04\/designenlassen-logo-brandschutz2-1024x1024.png 1024w, https:\/\/www.designenlassen.de\/blog\/wp-content\/uploads\/2020\/04\/designenlassen-logo-brandschutz2-300x300.png 300w, https:\/\/www.designenlassen.de\/blog\/wp-content\/uploads\/2020\/04\/designenlassen-logo-brandschutz2-150x150.png 150w, https:\/\/www.designenlassen.de\/blog\/wp-content\/uploads\/2020\/04\/designenlassen-logo-brandschutz2-768x768.png 768w, https:\/\/www.designenlassen.de\/blog\/wp-content\/uploads\/2020\/04\/designenlassen-logo-brandschutz2.png 1215w\" sizes=\"(max-width: 1024px) 100vw, 1024px\" \/><\/figure>\n\n\n\n<figure class=\"wp-block-image size-large\"><img loading=\"lazy\" decoding=\"async\" width=\"800\" height=\"502\" data-id=\"20363\" src=\"https:\/\/www.designenlassen.de\/blog\/wp-content\/uploads\/2020\/03\/Brandschutzteam-Westfalen-Feuer-Logo-679999-torodes77.jpg\" alt=\"Brandschutzteam-Westfalen-Feuer-Logo\" class=\"wp-image-20363\" srcset=\"https:\/\/www.designenlassen.de\/blog\/wp-content\/uploads\/2020\/03\/Brandschutzteam-Westfalen-Feuer-Logo-679999-torodes77.jpg 800w, https:\/\/www.designenlassen.de\/blog\/wp-content\/uploads\/2020\/03\/Brandschutzteam-Westfalen-Feuer-Logo-679999-torodes77-300x188.jpg 300w, https:\/\/www.designenlassen.de\/blog\/wp-content\/uploads\/2020\/03\/Brandschutzteam-Westfalen-Feuer-Logo-679999-torodes77-768x482.jpg 768w\" sizes=\"(max-width: 800px) 100vw, 800px\" \/><figcaption class=\"wp-element-caption\">Feuer Logo f\u00fcr Brandschutzteam Westfalen von Designer torodes77<\/figcaption><\/figure>\n\n\n\n<figure class=\"wp-block-image size-large\"><img loading=\"lazy\" decoding=\"async\" width=\"1024\" height=\"1024\" data-id=\"32534\" src=\"https:\/\/www.designenlassen.de\/blog\/wp-content\/uploads\/2024\/09\/designenlassen-logo-brandschutz-edited-1024x1024.jpeg\" alt=\"\" class=\"wp-image-32534\" srcset=\"https:\/\/www.designenlassen.de\/blog\/wp-content\/uploads\/2024\/09\/designenlassen-logo-brandschutz-edited-1024x1024.jpeg 1024w, https:\/\/www.designenlassen.de\/blog\/wp-content\/uploads\/2024\/09\/designenlassen-logo-brandschutz-edited-300x300.jpeg 300w, https:\/\/www.designenlassen.de\/blog\/wp-content\/uploads\/2024\/09\/designenlassen-logo-brandschutz-edited-150x150.jpeg 150w, https:\/\/www.designenlassen.de\/blog\/wp-content\/uploads\/2024\/09\/designenlassen-logo-brandschutz-edited-768x768.jpeg 768w, https:\/\/www.designenlassen.de\/blog\/wp-content\/uploads\/2024\/09\/designenlassen-logo-brandschutz-edited-1536x1536.jpeg 1536w, https:\/\/www.designenlassen.de\/blog\/wp-content\/uploads\/2024\/09\/designenlassen-logo-brandschutz-edited-2048x2048.jpeg 2048w\" sizes=\"(max-width: 1024px) 100vw, 1024px\" \/><\/figure>\n<\/figure>\n\n\n\n<figure class=\"wp-block-gallery has-nested-images columns-2 is-cropped wp-block-gallery-10 is-layout-flex wp-block-gallery-is-layout-flex\">\n<figure class=\"wp-block-image size-large\"><img loading=\"lazy\" decoding=\"async\" width=\"338\" height=\"339\" data-id=\"11930\" src=\"https:\/\/www.designenlassen.de\/blog\/wp-content\/uploads\/2018\/06\/it-logo-dienstleistung-feuerstack.jpg\" alt=\"\" class=\"wp-image-11930\" srcset=\"https:\/\/www.designenlassen.de\/blog\/wp-content\/uploads\/2018\/06\/it-logo-dienstleistung-feuerstack.jpg 338w, https:\/\/www.designenlassen.de\/blog\/wp-content\/uploads\/2018\/06\/it-logo-dienstleistung-feuerstack-150x150.jpg 150w, https:\/\/www.designenlassen.de\/blog\/wp-content\/uploads\/2018\/06\/it-logo-dienstleistung-feuerstack-300x300.jpg 300w\" sizes=\"(max-width: 338px) 100vw, 338px\" \/><\/figure>\n\n\n\n<figure class=\"wp-block-image size-large\"><img loading=\"lazy\" decoding=\"async\" width=\"338\" height=\"338\" data-id=\"20365\" src=\"https:\/\/www.designenlassen.de\/blog\/wp-content\/uploads\/2020\/03\/Freiwillige-Feuerwehr-Sinntal-Logo-Design-Feuer-627983-shothat.jpg\" alt=\"Freiwillige-Feuerwehr-Sinntal-Logo-Design-Feuer\" class=\"wp-image-20365\" srcset=\"https:\/\/www.designenlassen.de\/blog\/wp-content\/uploads\/2020\/03\/Freiwillige-Feuerwehr-Sinntal-Logo-Design-Feuer-627983-shothat.jpg 338w, https:\/\/www.designenlassen.de\/blog\/wp-content\/uploads\/2020\/03\/Freiwillige-Feuerwehr-Sinntal-Logo-Design-Feuer-627983-shothat-300x300.jpg 300w, https:\/\/www.designenlassen.de\/blog\/wp-content\/uploads\/2020\/03\/Freiwillige-Feuerwehr-Sinntal-Logo-Design-Feuer-627983-shothat-150x150.jpg 150w\" sizes=\"(max-width: 338px) 100vw, 338px\" \/><figcaption class=\"wp-element-caption\">Feuer Logo von shothat<\/figcaption><\/figure>\n\n\n\n<figure class=\"wp-block-image size-large\"><img loading=\"lazy\" decoding=\"async\" width=\"900\" height=\"500\" data-id=\"10001\" src=\"https:\/\/www.designenlassen.de\/blog\/wp-content\/uploads\/2017\/12\/Logo-Onlineshop-Grillagenten.de_.png\" alt=\"\" class=\"wp-image-10001\" srcset=\"https:\/\/www.designenlassen.de\/blog\/wp-content\/uploads\/2017\/12\/Logo-Onlineshop-Grillagenten.de_.png 900w, https:\/\/www.designenlassen.de\/blog\/wp-content\/uploads\/2017\/12\/Logo-Onlineshop-Grillagenten.de_-300x167.png 300w, https:\/\/www.designenlassen.de\/blog\/wp-content\/uploads\/2017\/12\/Logo-Onlineshop-Grillagenten.de_-768x427.png 768w\" sizes=\"(max-width: 900px) 100vw, 900px\" \/><\/figure>\n\n\n\n<figure class=\"wp-block-image size-large\"><img loading=\"lazy\" decoding=\"async\" width=\"380\" height=\"332\" data-id=\"23072\" src=\"https:\/\/www.designenlassen.de\/blog\/wp-content\/uploads\/2020\/11\/FlammenLogo_EkinivvachBurger_929849.png\" alt=\"Flammen Logo, Eskinivvach Burger\" class=\"wp-image-23072\" srcset=\"https:\/\/www.designenlassen.de\/blog\/wp-content\/uploads\/2020\/11\/FlammenLogo_EkinivvachBurger_929849.png 380w, https:\/\/www.designenlassen.de\/blog\/wp-content\/uploads\/2020\/11\/FlammenLogo_EkinivvachBurger_929849-300x262.png 300w\" sizes=\"(max-width: 380px) 100vw, 380px\" \/><figcaption class=\"wp-element-caption\">Flammen Logo von andros9<\/figcaption><\/figure>\n\n\n\n<figure class=\"wp-block-image size-large\"><img loading=\"lazy\" decoding=\"async\" width=\"500\" height=\"385\" data-id=\"8405\" src=\"https:\/\/www.designenlassen.de\/blog\/wp-content\/uploads\/2017\/08\/Grillagenten.de-Logo-Design-Lebensmittel-Online-Shop.jpg\" alt=\"\" class=\"wp-image-8405\" srcset=\"https:\/\/www.designenlassen.de\/blog\/wp-content\/uploads\/2017\/08\/Grillagenten.de-Logo-Design-Lebensmittel-Online-Shop.jpg 500w, https:\/\/www.designenlassen.de\/blog\/wp-content\/uploads\/2017\/08\/Grillagenten.de-Logo-Design-Lebensmittel-Online-Shop-300x231.jpg 300w\" sizes=\"(max-width: 500px) 100vw, 500px\" \/><\/figure>\n<\/figure>\n\n\n\n<div class=\"wp-block-buttons is-content-justification-center is-layout-flex wp-container-core-buttons-is-layout-16018d1d wp-block-buttons-is-layout-flex\">\n<div class=\"wp-block-button is-style-fill\"><a class=\"wp-block-button__link has-white-color has-text-color has-background has-text-align-left wp-element-button\" href=\"https:\/\/www.designenlassen.de\/logo-design?utm_source=blog&amp;utm_medium=button&amp;utm_campaign=blog-beitraege\" style=\"background-color:#091182\">Jetzt Logo erstellen<\/a><\/div>\n<\/div>\n\n\n\n<div style=\"height:43px\" aria-hidden=\"true\" class=\"wp-block-spacer\"><\/div>\n\n\n\n<h2 class=\"wp-block-heading\">Flammen-Logos mit dem besonderen Etwas<\/h2>\n\n\n\n<p>Dein Unternehmen soll sich von der Konkurrenz abheben? Dann kann ein <a href=\"https:\/\/www.designenlassen.de\/blog\/logo-entwicklung-leicht-gemacht-8-aspekte-die-man-unbedingt-beachten-sollte\/\">ausgefallenes Logo<\/a> der erste Schritt sein. Bei den folgenden Logos steht nicht nur die Flamme im Fokus, sondern wird von weiteren Elementen, die zu der jeweiligen Branche passen begleitet. Lass Dich von den folgenden Beispielen inspirieren:<\/p>\n\n\n\n<figure class=\"wp-block-gallery has-nested-images columns-default is-cropped wp-block-gallery-11 is-layout-flex wp-block-gallery-is-layout-flex\">\n<figure class=\"wp-block-image size-large\"><img loading=\"lazy\" decoding=\"async\" width=\"800\" height=\"310\" data-id=\"23102\" src=\"https:\/\/www.designenlassen.de\/blog\/wp-content\/uploads\/2020\/11\/FlammenLogo_Kandila1_285592.jpg\" alt=\"Flammen Logo, Kandila\" class=\"wp-image-23102\" srcset=\"https:\/\/www.designenlassen.de\/blog\/wp-content\/uploads\/2020\/11\/FlammenLogo_Kandila1_285592.jpg 800w, https:\/\/www.designenlassen.de\/blog\/wp-content\/uploads\/2020\/11\/FlammenLogo_Kandila1_285592-300x116.jpg 300w, https:\/\/www.designenlassen.de\/blog\/wp-content\/uploads\/2020\/11\/FlammenLogo_Kandila1_285592-768x298.jpg 768w\" sizes=\"(max-width: 800px) 100vw, 800px\" \/><figcaption class=\"wp-element-caption\"><a href=\"https:\/\/www.designenlassen.de\/285592-onlineshop-mit-kerzen-besonderer-art-sucht-logo\">Flammen Logo f\u00fcr Kandila von Aleksandar <\/a><\/figcaption><\/figure>\n<\/figure>\n\n\n\n<figure class=\"wp-block-gallery has-nested-images columns-default is-cropped wp-block-gallery-12 is-layout-flex wp-block-gallery-is-layout-flex\">\n<figure class=\"wp-block-image size-large\"><img loading=\"lazy\" decoding=\"async\" width=\"323\" height=\"269\" data-id=\"23104\" src=\"https:\/\/www.designenlassen.de\/blog\/wp-content\/uploads\/2020\/11\/FlammenLogo_GassnerKerzenstudio_379973.jpg\" alt=\"Flammen Logo, Glassner\" class=\"wp-image-23104\" srcset=\"https:\/\/www.designenlassen.de\/blog\/wp-content\/uploads\/2020\/11\/FlammenLogo_GassnerKerzenstudio_379973.jpg 323w, https:\/\/www.designenlassen.de\/blog\/wp-content\/uploads\/2020\/11\/FlammenLogo_GassnerKerzenstudio_379973-300x250.jpg 300w\" sizes=\"(max-width: 323px) 100vw, 323px\" \/><figcaption class=\"wp-element-caption\"><a href=\"https:\/\/www.designenlassen.de\/379973-handwerksfirma-sucht-logo\">Flammen Logo von vessel4e<\/a><\/figcaption><\/figure>\n\n\n\n<figure class=\"wp-block-image size-large\"><img loading=\"lazy\" decoding=\"async\" width=\"380\" height=\"338\" data-id=\"23103\" src=\"https:\/\/www.designenlassen.de\/blog\/wp-content\/uploads\/2020\/11\/FlammenLogo_HausdesGebets_968669.jpg\" alt=\"Flammen Logo, Haus des Gebets\" class=\"wp-image-23103\" srcset=\"https:\/\/www.designenlassen.de\/blog\/wp-content\/uploads\/2020\/11\/FlammenLogo_HausdesGebets_968669.jpg 380w, https:\/\/www.designenlassen.de\/blog\/wp-content\/uploads\/2020\/11\/FlammenLogo_HausdesGebets_968669-300x267.jpg 300w\" sizes=\"(max-width: 380px) 100vw, 380px\" \/><figcaption class=\"wp-element-caption\"><a href=\"https:\/\/www.designenlassen.de\/968669-haus-des-gebets-st-georgen\">Flammen Logo von twins2design<\/a><\/figcaption><\/figure>\n<\/figure>\n\n\n\n<figure class=\"wp-block-gallery has-nested-images columns-default is-cropped wp-block-gallery-13 is-layout-flex wp-block-gallery-is-layout-flex\">\n<figure class=\"wp-block-image size-large\"><img loading=\"lazy\" decoding=\"async\" width=\"338\" height=\"326\" data-id=\"23105\" src=\"https:\/\/www.designenlassen.de\/blog\/wp-content\/uploads\/2020\/11\/FlammenLogo_KatesUniverse_468248.jpg\" alt=\"Flammen Logo, Kates Universe\" class=\"wp-image-23105\" srcset=\"https:\/\/www.designenlassen.de\/blog\/wp-content\/uploads\/2020\/11\/FlammenLogo_KatesUniverse_468248.jpg 338w, https:\/\/www.designenlassen.de\/blog\/wp-content\/uploads\/2020\/11\/FlammenLogo_KatesUniverse_468248-300x289.jpg 300w\" sizes=\"(max-width: 338px) 100vw, 338px\" \/><figcaption class=\"wp-element-caption\"><a href=\"https:\/\/www.designenlassen.de\/468248-logo-design-fuer-kates-universe\">Flammen Logo von ZAZA <\/a><\/figcaption><\/figure>\n\n\n\n<figure class=\"wp-block-image size-large\"><img loading=\"lazy\" decoding=\"async\" width=\"338\" height=\"337\" data-id=\"23106\" src=\"https:\/\/www.designenlassen.de\/blog\/wp-content\/uploads\/2020\/11\/FlammenLogo_BrennholserviceBodensee1_369915.png\" alt=\"Flammen Logo, Bodensee Brennholzservice\" class=\"wp-image-23106\" srcset=\"https:\/\/www.designenlassen.de\/blog\/wp-content\/uploads\/2020\/11\/FlammenLogo_BrennholserviceBodensee1_369915.png 338w, https:\/\/www.designenlassen.de\/blog\/wp-content\/uploads\/2020\/11\/FlammenLogo_BrennholserviceBodensee1_369915-300x300.png 300w, https:\/\/www.designenlassen.de\/blog\/wp-content\/uploads\/2020\/11\/FlammenLogo_BrennholserviceBodensee1_369915-150x150.png 150w\" sizes=\"(max-width: 338px) 100vw, 338px\" \/><figcaption class=\"wp-element-caption\"><a href=\"https:\/\/www.designenlassen.de\/369915-logo-design-fuer-brennholzservice\">Flammen Logo von davincho<\/a><\/figcaption><\/figure>\n<\/figure>\n\n\n\n<figure class=\"wp-block-gallery has-nested-images columns-default is-cropped wp-block-gallery-14 is-layout-flex wp-block-gallery-is-layout-flex\">\n<figure class=\"wp-block-image size-large\"><img loading=\"lazy\" decoding=\"async\" width=\"800\" height=\"634\" data-id=\"23127\" src=\"https:\/\/www.designenlassen.de\/blog\/wp-content\/uploads\/2020\/11\/FlammenLogo_Kandila_285592.jpg\" alt=\"Flammen Logo, Kandila\" class=\"wp-image-23127\" srcset=\"https:\/\/www.designenlassen.de\/blog\/wp-content\/uploads\/2020\/11\/FlammenLogo_Kandila_285592.jpg 800w, https:\/\/www.designenlassen.de\/blog\/wp-content\/uploads\/2020\/11\/FlammenLogo_Kandila_285592-300x238.jpg 300w, https:\/\/www.designenlassen.de\/blog\/wp-content\/uploads\/2020\/11\/FlammenLogo_Kandila_285592-768x609.jpg 768w\" sizes=\"(max-width: 800px) 100vw, 800px\" \/><figcaption class=\"wp-element-caption\"><a href=\"https:\/\/www.designenlassen.de\/285592-onlineshop-mit-kerzen-besonderer-art-sucht-logo\">Flammen Logo f\u00fcr Kandila von S GRAPHICS<\/a><\/figcaption><\/figure>\n<\/figure>\n\n\n\n<figure class=\"wp-block-gallery has-nested-images columns-default is-cropped wp-block-gallery-15 is-layout-flex wp-block-gallery-is-layout-flex\">\n<figure class=\"wp-block-image size-large\"><img loading=\"lazy\" decoding=\"async\" width=\"338\" height=\"293\" data-id=\"23109\" src=\"https:\/\/www.designenlassen.de\/blog\/wp-content\/uploads\/2020\/11\/FlammenLogo_DaniLea_471437.png\" alt=\"Flammen Logo, Dani Lea\" class=\"wp-image-23109\" srcset=\"https:\/\/www.designenlassen.de\/blog\/wp-content\/uploads\/2020\/11\/FlammenLogo_DaniLea_471437.png 338w, https:\/\/www.designenlassen.de\/blog\/wp-content\/uploads\/2020\/11\/FlammenLogo_DaniLea_471437-300x260.png 300w\" sizes=\"(max-width: 338px) 100vw, 338px\" \/><figcaption class=\"wp-element-caption\"><a href=\"https:\/\/www.designenlassen.de\/471437-logo-fuer-kalligraphie-und-kerzendesign-gesucht\">Flammen Logo von designhour<\/a><\/figcaption><\/figure>\n\n\n\n<figure class=\"wp-block-image size-large\"><img loading=\"lazy\" decoding=\"async\" width=\"338\" height=\"276\" data-id=\"23126\" src=\"https:\/\/www.designenlassen.de\/blog\/wp-content\/uploads\/2020\/11\/FlammenLogo_Kerzenuschi_321849-2.jpg\" alt=\"Flammen Logo, Kerzenuschi\" class=\"wp-image-23126\" srcset=\"https:\/\/www.designenlassen.de\/blog\/wp-content\/uploads\/2020\/11\/FlammenLogo_Kerzenuschi_321849-2.jpg 338w, https:\/\/www.designenlassen.de\/blog\/wp-content\/uploads\/2020\/11\/FlammenLogo_Kerzenuschi_321849-2-300x245.jpg 300w\" sizes=\"(max-width: 338px) 100vw, 338px\" \/><figcaption class=\"wp-element-caption\"><a href=\"https:\/\/www.designenlassen.de\/321849-logo-design-fuer-kerzen-und-accessoires\">Flammen Logo von zisdsg<\/a><\/figcaption><\/figure>\n<\/figure>\n\n\n\n<figure class=\"wp-block-gallery has-nested-images columns-default is-cropped wp-block-gallery-16 is-layout-flex wp-block-gallery-is-layout-flex\">\n<figure class=\"wp-block-image size-large\"><img loading=\"lazy\" decoding=\"async\" width=\"623\" height=\"270\" data-id=\"23093\" src=\"https:\/\/www.designenlassen.de\/blog\/wp-content\/uploads\/2020\/11\/FlammenLogo_GlasperlenArt_898851.png\" alt=\"Flammen Logo. Glasperlendesign\" class=\"wp-image-23093\" srcset=\"https:\/\/www.designenlassen.de\/blog\/wp-content\/uploads\/2020\/11\/FlammenLogo_GlasperlenArt_898851.png 623w, https:\/\/www.designenlassen.de\/blog\/wp-content\/uploads\/2020\/11\/FlammenLogo_GlasperlenArt_898851-300x130.png 300w\" sizes=\"(max-width: 623px) 100vw, 623px\" \/><figcaption class=\"wp-element-caption\"><a href=\"https:\/\/www.designenlassen.de\/898851-logo-design-fuer-glasperlenkuenstler\">Flammen Logo f\u00fcr Glasperlen Art von Yaleri<\/a><\/figcaption><\/figure>\n<\/figure>\n\n\n\n<figure class=\"wp-block-gallery has-nested-images columns-2 is-cropped wp-block-gallery-17 is-layout-flex wp-block-gallery-is-layout-flex\">\n<figure class=\"wp-block-image size-large\"><img loading=\"lazy\" decoding=\"async\" width=\"803\" height=\"486\" data-id=\"32529\" src=\"https:\/\/www.designenlassen.de\/blog\/wp-content\/uploads\/2020\/04\/designenlassen-feuerwehr-logo-mainer-e1726564828869.jpeg\" alt=\"\" class=\"wp-image-32529\" srcset=\"https:\/\/www.designenlassen.de\/blog\/wp-content\/uploads\/2020\/04\/designenlassen-feuerwehr-logo-mainer-e1726564828869.jpeg 803w, https:\/\/www.designenlassen.de\/blog\/wp-content\/uploads\/2020\/04\/designenlassen-feuerwehr-logo-mainer-e1726564828869-300x182.jpeg 300w, https:\/\/www.designenlassen.de\/blog\/wp-content\/uploads\/2020\/04\/designenlassen-feuerwehr-logo-mainer-e1726564828869-768x465.jpeg 768w\" sizes=\"(max-width: 803px) 100vw, 803px\" \/><\/figure>\n\n\n\n<figure class=\"wp-block-image size-large\"><img loading=\"lazy\" decoding=\"async\" width=\"338\" height=\"338\" data-id=\"20381\" src=\"https:\/\/www.designenlassen.de\/blog\/wp-content\/uploads\/2020\/03\/Feuer-Logo-Design-Brennholzservice-Bodensee-369915-davincho.png\" alt=\"Feuer-Logo-Design-Brennholzservice-Bodensee\" class=\"wp-image-20381\" srcset=\"https:\/\/www.designenlassen.de\/blog\/wp-content\/uploads\/2020\/03\/Feuer-Logo-Design-Brennholzservice-Bodensee-369915-davincho.png 338w, https:\/\/www.designenlassen.de\/blog\/wp-content\/uploads\/2020\/03\/Feuer-Logo-Design-Brennholzservice-Bodensee-369915-davincho-300x300.png 300w, https:\/\/www.designenlassen.de\/blog\/wp-content\/uploads\/2020\/03\/Feuer-Logo-Design-Brennholzservice-Bodensee-369915-davincho-150x150.png 150w\" sizes=\"(max-width: 338px) 100vw, 338px\" \/><figcaption class=\"wp-element-caption\">Feuer Logo von davincho<\/figcaption><\/figure>\n\n\n\n<figure class=\"wp-block-image size-large\"><img loading=\"lazy\" decoding=\"async\" width=\"338\" height=\"338\" data-id=\"20378\" src=\"https:\/\/www.designenlassen.de\/blog\/wp-content\/uploads\/2020\/03\/Logo-Design-mit-Feuer-Esuriens-356344-achrafhamza.png\" alt=\"Logo-Design-mit-Feuer-Esuriens\" class=\"wp-image-20378\" srcset=\"https:\/\/www.designenlassen.de\/blog\/wp-content\/uploads\/2020\/03\/Logo-Design-mit-Feuer-Esuriens-356344-achrafhamza.png 338w, https:\/\/www.designenlassen.de\/blog\/wp-content\/uploads\/2020\/03\/Logo-Design-mit-Feuer-Esuriens-356344-achrafhamza-300x300.png 300w, https:\/\/www.designenlassen.de\/blog\/wp-content\/uploads\/2020\/03\/Logo-Design-mit-Feuer-Esuriens-356344-achrafhamza-150x150.png 150w\" sizes=\"(max-width: 338px) 100vw, 338px\" \/><figcaption class=\"wp-element-caption\">Feuer Logo von achrafhamza<\/figcaption><\/figure>\n\n\n\n<figure class=\"wp-block-image size-large\"><img loading=\"lazy\" decoding=\"async\" width=\"338\" height=\"338\" data-id=\"20372\" src=\"https:\/\/www.designenlassen.de\/blog\/wp-content\/uploads\/2020\/03\/Logo-Design-mit-Feuer-Die-Grillfreunde-295667-Z-DESIGN.jpg\" alt=\"Logo-Design-mit-Feuer-Die-Grillfreunde\" class=\"wp-image-20372\" srcset=\"https:\/\/www.designenlassen.de\/blog\/wp-content\/uploads\/2020\/03\/Logo-Design-mit-Feuer-Die-Grillfreunde-295667-Z-DESIGN.jpg 338w, https:\/\/www.designenlassen.de\/blog\/wp-content\/uploads\/2020\/03\/Logo-Design-mit-Feuer-Die-Grillfreunde-295667-Z-DESIGN-300x300.jpg 300w, https:\/\/www.designenlassen.de\/blog\/wp-content\/uploads\/2020\/03\/Logo-Design-mit-Feuer-Die-Grillfreunde-295667-Z-DESIGN-150x150.jpg 150w\" sizes=\"(max-width: 338px) 100vw, 338px\" \/><figcaption class=\"wp-element-caption\">Feuer Logo von Z DESIGN<\/figcaption><\/figure>\n\n\n\n<figure class=\"wp-block-image size-large\"><img loading=\"lazy\" decoding=\"async\" width=\"800\" height=\"491\" data-id=\"20373\" src=\"https:\/\/www.designenlassen.de\/blog\/wp-content\/uploads\/2020\/03\/Die-Grillfreunde-Feuer-Logo-Design-295667-omdesign.jpg\" alt=\"Die-Grillfreunde-Feuer-Logo-Design\" class=\"wp-image-20373\" srcset=\"https:\/\/www.designenlassen.de\/blog\/wp-content\/uploads\/2020\/03\/Die-Grillfreunde-Feuer-Logo-Design-295667-omdesign.jpg 800w, https:\/\/www.designenlassen.de\/blog\/wp-content\/uploads\/2020\/03\/Die-Grillfreunde-Feuer-Logo-Design-295667-omdesign-300x184.jpg 300w, https:\/\/www.designenlassen.de\/blog\/wp-content\/uploads\/2020\/03\/Die-Grillfreunde-Feuer-Logo-Design-295667-omdesign-768x471.jpg 768w\" sizes=\"(max-width: 800px) 100vw, 800px\" \/><figcaption class=\"wp-element-caption\">Feuer Logo f\u00fcr Die Grillfreunde von omdesign<\/figcaption><\/figure>\n\n\n\n<figure class=\"wp-block-image size-large\"><img loading=\"lazy\" decoding=\"async\" width=\"800\" height=\"535\" data-id=\"20380\" src=\"https:\/\/www.designenlassen.de\/blog\/wp-content\/uploads\/2020\/03\/Feuer-Helden-Feuer-Logo-287463-Nuzzo.jpg\" alt=\"Feuer-Helden-Feuer-Logo\" class=\"wp-image-20380\" srcset=\"https:\/\/www.designenlassen.de\/blog\/wp-content\/uploads\/2020\/03\/Feuer-Helden-Feuer-Logo-287463-Nuzzo.jpg 800w, https:\/\/www.designenlassen.de\/blog\/wp-content\/uploads\/2020\/03\/Feuer-Helden-Feuer-Logo-287463-Nuzzo-300x201.jpg 300w, https:\/\/www.designenlassen.de\/blog\/wp-content\/uploads\/2020\/03\/Feuer-Helden-Feuer-Logo-287463-Nuzzo-768x514.jpg 768w\" sizes=\"(max-width: 800px) 100vw, 800px\" \/><figcaption class=\"wp-element-caption\">\u00dcberzeugendes Feuer Logo von Designer Nuzzo<\/figcaption><\/figure>\n\n\n\n<figure class=\"wp-block-image size-large\"><img loading=\"lazy\" decoding=\"async\" width=\"800\" height=\"454\" data-id=\"20377\" src=\"https:\/\/www.designenlassen.de\/blog\/wp-content\/uploads\/2020\/03\/Logo-mit-Feuer-Heizkreis-4-476383-grafikhimmel.png\" alt=\"Logo-mit-Feuer-Heizkreis-4\" class=\"wp-image-20377\" srcset=\"https:\/\/www.designenlassen.de\/blog\/wp-content\/uploads\/2020\/03\/Logo-mit-Feuer-Heizkreis-4-476383-grafikhimmel.png 800w, https:\/\/www.designenlassen.de\/blog\/wp-content\/uploads\/2020\/03\/Logo-mit-Feuer-Heizkreis-4-476383-grafikhimmel-300x170.png 300w, https:\/\/www.designenlassen.de\/blog\/wp-content\/uploads\/2020\/03\/Logo-mit-Feuer-Heizkreis-4-476383-grafikhimmel-768x436.png 768w\" sizes=\"(max-width: 800px) 100vw, 800px\" \/><figcaption class=\"wp-element-caption\">Feuer Logo f\u00fcr Heizkreis 4 von grafikhimmel<\/figcaption><\/figure>\n<\/figure>\n\n\n\n<p>Uns w\u00fcrde interessieren, was Du von unseren Flammen-Logo-Designs h\u00e4ltst und ob Du vielleicht schon das f\u00fcr Dich perfekte Logo gefunden hast? Lass es uns gerne in den Kommentaren wissen.<\/p>\n\n\n\n<div class=\"wp-block-buttons is-content-justification-center is-layout-flex wp-container-core-buttons-is-layout-16018d1d wp-block-buttons-is-layout-flex\">\n<div class=\"wp-block-button is-style-fill\"><a class=\"wp-block-button__link has-white-color has-text-color has-background has-text-align-left wp-element-button\" href=\"https:\/\/www.designenlassen.de\/logo-design?utm_source=blog&amp;utm_medium=button&amp;utm_campaign=blog-beitraege\" style=\"background-color:#091182\">Jetzt Logo erstellen<\/a><\/div>\n<\/div>\n\n\n\n<div style=\"height:100px\" aria-hidden=\"true\" class=\"wp-block-spacer\"><\/div>\n\n\n\n<p><strong>\u00c4hnliche Beitr\u00e4ge:<\/strong><\/p>\n\n\n\n<p><a href=\"https:\/\/www.designenlassen.de\/blog\/17-feuer-logos-die-sich-ins-gedaechtnis-brennen\/\">27 Feuer Logos, die sich ins Ged\u00e4chtnis brennen<\/a><\/p>\n\n\n\n<p><a href=\"https:\/\/www.designenlassen.de\/blog\/20-outdoor-logos-die-lust-auf-abenteuer-machen\/\">20 Outdoor Logos, die Lust auf Abenteuer machen<\/a><\/p>\n\n\n\n<p><a href=\"https:\/\/www.designenlassen.de\/blog\/minimalistische-logos-die-mit-dem-noetigsten-im-design-ueberzeugen\/\">Minimalistische Logos, die mit dem N\u00f6tigsten im Design \u00fcberzeugen<\/a><\/p>\n","protected":false},"excerpt":{"rendered":"<p>Du bist Feuer und Flamme f\u00fcr Deinen Beruf, aber Dir fehlt noch das geeignete Flammen-Logo? Kein&hellip;<\/p>\n","protected":false},"author":24,"featured_media":23074,"comment_status":"open","ping_status":"open","sticky":false,"template":"","format":"standard","meta":{"_lmt_disableupdate":"","_lmt_disable":"","footnotes":""},"categories":[19],"tags":[],"class_list":["post-23047","post","type-post","status-publish","format-standard","has-post-thumbnail","hentry","category-inspiration"],"yoast_head":"<!-- This site is optimized with the Yoast SEO plugin v26.7 - https:\/\/yoast.com\/wordpress\/plugins\/seo\/ -->\n<title>36+ Flammen Logos, die Dich entz\u00fcnden lassen<\/title>\n<meta name=\"description\" content=\"Diese Flammen Logo Galerie brennt vor Inspiration. Du willst einzigartige Flammen-Logos? Dann bist Du hier genau richtig \u25ba Jetzt Logos entdecken!\" \/>\n<meta name=\"robots\" content=\"index, follow, max-snippet:-1, max-image-preview:large, max-video-preview:-1\" \/>\n<link rel=\"canonical\" href=\"https:\/\/www.designenlassen.de\/blog\/20-flammen-logos-die-dich-entzuenden-lassen\/\" \/>\n<meta property=\"og:locale\" content=\"de_DE\" \/>\n<meta property=\"og:type\" content=\"article\" \/>\n<meta property=\"og:title\" content=\"36+ Flammen Logos, die Dich entz\u00fcnden lassen\" \/>\n<meta property=\"og:description\" content=\"Diese Flammen Logo Galerie brennt vor Inspiration. Du willst einzigartige Flammen-Logos? Dann bist Du hier genau richtig \u25ba Jetzt Logos entdecken!\" \/>\n<meta property=\"og:url\" content=\"https:\/\/www.designenlassen.de\/blog\/20-flammen-logos-die-dich-entzuenden-lassen\/\" \/>\n<meta property=\"og:site_name\" content=\"designenlassen.de Blog\" \/>\n<meta property=\"article:published_time\" content=\"2020-12-16T08:00:00+00:00\" \/>\n<meta property=\"article:modified_time\" content=\"2024-09-24T08:16:46+00:00\" \/>\n<meta property=\"og:image\" content=\"https:\/\/www.designenlassen.de\/blog\/wp-content\/uploads\/2020\/11\/FlammenLogo_Grillwelt_427355.png\" \/>\n\t<meta property=\"og:image:width\" content=\"594\" \/>\n\t<meta property=\"og:image:height\" content=\"531\" \/>\n\t<meta property=\"og:image:type\" content=\"image\/png\" \/>\n<meta name=\"author\" content=\"Patrick Schady\" \/>\n<meta name=\"twitter:card\" content=\"summary_large_image\" \/>\n<meta name=\"twitter:label1\" content=\"Verfasst von\" \/>\n\t<meta name=\"twitter:data1\" content=\"Patrick Schady\" \/>\n\t<meta name=\"twitter:label2\" content=\"Gesch\u00e4tzte Lesezeit\" \/>\n\t<meta name=\"twitter:data2\" content=\"10\u00a0Minuten\" \/>\n<script type=\"application\/ld+json\" class=\"yoast-schema-graph\">{\"@context\":\"https:\/\/schema.org\",\"@graph\":[{\"@type\":\"Article\",\"@id\":\"https:\/\/www.designenlassen.de\/blog\/20-flammen-logos-die-dich-entzuenden-lassen\/#article\",\"isPartOf\":{\"@id\":\"https:\/\/www.designenlassen.de\/blog\/20-flammen-logos-die-dich-entzuenden-lassen\/\"},\"author\":{\"name\":\"Patrick Schady\",\"@id\":\"https:\/\/www.designenlassen.de\/blog\/#\/schema\/person\/1e6e4a367ec0359155d5fbb01227c1ca\"},\"headline\":\"36 Flammen-Logos, die Dich entz\u00fcnden lassen\",\"datePublished\":\"2020-12-16T08:00:00+00:00\",\"dateModified\":\"2024-09-24T08:16:46+00:00\",\"mainEntityOfPage\":{\"@id\":\"https:\/\/www.designenlassen.de\/blog\/20-flammen-logos-die-dich-entzuenden-lassen\/\"},\"wordCount\":409,\"commentCount\":0,\"image\":{\"@id\":\"https:\/\/www.designenlassen.de\/blog\/20-flammen-logos-die-dich-entzuenden-lassen\/#primaryimage\"},\"thumbnailUrl\":\"https:\/\/www.designenlassen.de\/blog\/wp-content\/uploads\/2020\/11\/FlammenLogo_Grillwelt_427355.png\",\"articleSection\":[\"Design-Galerien\"],\"inLanguage\":\"de\",\"potentialAction\":[{\"@type\":\"CommentAction\",\"name\":\"Comment\",\"target\":[\"https:\/\/www.designenlassen.de\/blog\/20-flammen-logos-die-dich-entzuenden-lassen\/#respond\"]}]},{\"@type\":\"WebPage\",\"@id\":\"https:\/\/www.designenlassen.de\/blog\/20-flammen-logos-die-dich-entzuenden-lassen\/\",\"url\":\"https:\/\/www.designenlassen.de\/blog\/20-flammen-logos-die-dich-entzuenden-lassen\/\",\"name\":\"36+ Flammen Logos, die Dich entz\u00fcnden lassen\",\"isPartOf\":{\"@id\":\"https:\/\/www.designenlassen.de\/blog\/#website\"},\"primaryImageOfPage\":{\"@id\":\"https:\/\/www.designenlassen.de\/blog\/20-flammen-logos-die-dich-entzuenden-lassen\/#primaryimage\"},\"image\":{\"@id\":\"https:\/\/www.designenlassen.de\/blog\/20-flammen-logos-die-dich-entzuenden-lassen\/#primaryimage\"},\"thumbnailUrl\":\"https:\/\/www.designenlassen.de\/blog\/wp-content\/uploads\/2020\/11\/FlammenLogo_Grillwelt_427355.png\",\"datePublished\":\"2020-12-16T08:00:00+00:00\",\"dateModified\":\"2024-09-24T08:16:46+00:00\",\"author\":{\"@id\":\"https:\/\/www.designenlassen.de\/blog\/#\/schema\/person\/1e6e4a367ec0359155d5fbb01227c1ca\"},\"description\":\"Diese Flammen Logo Galerie brennt vor Inspiration. Du willst einzigartige Flammen-Logos? Dann bist Du hier genau richtig \u25ba Jetzt Logos entdecken!\",\"breadcrumb\":{\"@id\":\"https:\/\/www.designenlassen.de\/blog\/20-flammen-logos-die-dich-entzuenden-lassen\/#breadcrumb\"},\"inLanguage\":\"de\",\"potentialAction\":[{\"@type\":\"ReadAction\",\"target\":[\"https:\/\/www.designenlassen.de\/blog\/20-flammen-logos-die-dich-entzuenden-lassen\/\"]}]},{\"@type\":\"ImageObject\",\"inLanguage\":\"de\",\"@id\":\"https:\/\/www.designenlassen.de\/blog\/20-flammen-logos-die-dich-entzuenden-lassen\/#primaryimage\",\"url\":\"https:\/\/www.designenlassen.de\/blog\/wp-content\/uploads\/2020\/11\/FlammenLogo_Grillwelt_427355.png\",\"contentUrl\":\"https:\/\/www.designenlassen.de\/blog\/wp-content\/uploads\/2020\/11\/FlammenLogo_Grillwelt_427355.png\",\"width\":594,\"height\":531,\"caption\":\"Flammen Logo von davincho\"},{\"@type\":\"BreadcrumbList\",\"@id\":\"https:\/\/www.designenlassen.de\/blog\/20-flammen-logos-die-dich-entzuenden-lassen\/#breadcrumb\",\"itemListElement\":[{\"@type\":\"ListItem\",\"position\":1,\"name\":\"Start\",\"item\":\"https:\/\/www.designenlassen.de\/blog\/\"},{\"@type\":\"ListItem\",\"position\":2,\"name\":\"36 Flammen-Logos, die Dich entz\u00fcnden lassen\"}]},{\"@type\":\"WebSite\",\"@id\":\"https:\/\/www.designenlassen.de\/blog\/#website\",\"url\":\"https:\/\/www.designenlassen.de\/blog\/\",\"name\":\"designenlassen.de Blog\",\"description\":\"Inspirationen, Tipps und Ideen f\u00fcr Designer sowie Gr\u00fcnder und Kleinbetriebe.\",\"potentialAction\":[{\"@type\":\"SearchAction\",\"target\":{\"@type\":\"EntryPoint\",\"urlTemplate\":\"https:\/\/www.designenlassen.de\/blog\/?s={search_term_string}\"},\"query-input\":{\"@type\":\"PropertyValueSpecification\",\"valueRequired\":true,\"valueName\":\"search_term_string\"}}],\"inLanguage\":\"de\"},{\"@type\":\"Person\",\"@id\":\"https:\/\/www.designenlassen.de\/blog\/#\/schema\/person\/1e6e4a367ec0359155d5fbb01227c1ca\",\"name\":\"Patrick Schady\",\"image\":{\"@type\":\"ImageObject\",\"inLanguage\":\"de\",\"@id\":\"https:\/\/www.designenlassen.de\/blog\/#\/schema\/person\/image\/\",\"url\":\"https:\/\/secure.gravatar.com\/avatar\/41cfafecfbfd30ee6bc4cc02dd530ef067050210239f1d60debda10ce9c038d7?s=96&d=mm&r=g\",\"contentUrl\":\"https:\/\/secure.gravatar.com\/avatar\/41cfafecfbfd30ee6bc4cc02dd530ef067050210239f1d60debda10ce9c038d7?s=96&d=mm&r=g\",\"caption\":\"Patrick Schady\"},\"url\":\"https:\/\/www.designenlassen.de\/blog\/author\/patrick\/\"}]}<\/script>\n<!-- \/ Yoast SEO plugin. -->","yoast_head_json":{"title":"36+ Flammen Logos, die Dich entz\u00fcnden lassen","description":"Diese Flammen Logo Galerie brennt vor Inspiration. Du willst einzigartige Flammen-Logos? Dann bist Du hier genau richtig \u25ba Jetzt Logos entdecken!","robots":{"index":"index","follow":"follow","max-snippet":"max-snippet:-1","max-image-preview":"max-image-preview:large","max-video-preview":"max-video-preview:-1"},"canonical":"https:\/\/www.designenlassen.de\/blog\/20-flammen-logos-die-dich-entzuenden-lassen\/","og_locale":"de_DE","og_type":"article","og_title":"36+ Flammen Logos, die Dich entz\u00fcnden lassen","og_description":"Diese Flammen Logo Galerie brennt vor Inspiration. Du willst einzigartige Flammen-Logos? Dann bist Du hier genau richtig \u25ba Jetzt Logos entdecken!","og_url":"https:\/\/www.designenlassen.de\/blog\/20-flammen-logos-die-dich-entzuenden-lassen\/","og_site_name":"designenlassen.de Blog","article_published_time":"2020-12-16T08:00:00+00:00","article_modified_time":"2024-09-24T08:16:46+00:00","og_image":[{"width":594,"height":531,"url":"https:\/\/www.designenlassen.de\/blog\/wp-content\/uploads\/2020\/11\/FlammenLogo_Grillwelt_427355.png","type":"image\/png"}],"author":"Patrick Schady","twitter_card":"summary_large_image","twitter_misc":{"Verfasst von":"Patrick Schady","Gesch\u00e4tzte Lesezeit":"10\u00a0Minuten"},"schema":{"@context":"https:\/\/schema.org","@graph":[{"@type":"Article","@id":"https:\/\/www.designenlassen.de\/blog\/20-flammen-logos-die-dich-entzuenden-lassen\/#article","isPartOf":{"@id":"https:\/\/www.designenlassen.de\/blog\/20-flammen-logos-die-dich-entzuenden-lassen\/"},"author":{"name":"Patrick Schady","@id":"https:\/\/www.designenlassen.de\/blog\/#\/schema\/person\/1e6e4a367ec0359155d5fbb01227c1ca"},"headline":"36 Flammen-Logos, die Dich entz\u00fcnden lassen","datePublished":"2020-12-16T08:00:00+00:00","dateModified":"2024-09-24T08:16:46+00:00","mainEntityOfPage":{"@id":"https:\/\/www.designenlassen.de\/blog\/20-flammen-logos-die-dich-entzuenden-lassen\/"},"wordCount":409,"commentCount":0,"image":{"@id":"https:\/\/www.designenlassen.de\/blog\/20-flammen-logos-die-dich-entzuenden-lassen\/#primaryimage"},"thumbnailUrl":"https:\/\/www.designenlassen.de\/blog\/wp-content\/uploads\/2020\/11\/FlammenLogo_Grillwelt_427355.png","articleSection":["Design-Galerien"],"inLanguage":"de","potentialAction":[{"@type":"CommentAction","name":"Comment","target":["https:\/\/www.designenlassen.de\/blog\/20-flammen-logos-die-dich-entzuenden-lassen\/#respond"]}]},{"@type":"WebPage","@id":"https:\/\/www.designenlassen.de\/blog\/20-flammen-logos-die-dich-entzuenden-lassen\/","url":"https:\/\/www.designenlassen.de\/blog\/20-flammen-logos-die-dich-entzuenden-lassen\/","name":"36+ Flammen Logos, die Dich entz\u00fcnden lassen","isPartOf":{"@id":"https:\/\/www.designenlassen.de\/blog\/#website"},"primaryImageOfPage":{"@id":"https:\/\/www.designenlassen.de\/blog\/20-flammen-logos-die-dich-entzuenden-lassen\/#primaryimage"},"image":{"@id":"https:\/\/www.designenlassen.de\/blog\/20-flammen-logos-die-dich-entzuenden-lassen\/#primaryimage"},"thumbnailUrl":"https:\/\/www.designenlassen.de\/blog\/wp-content\/uploads\/2020\/11\/FlammenLogo_Grillwelt_427355.png","datePublished":"2020-12-16T08:00:00+00:00","dateModified":"2024-09-24T08:16:46+00:00","author":{"@id":"https:\/\/www.designenlassen.de\/blog\/#\/schema\/person\/1e6e4a367ec0359155d5fbb01227c1ca"},"description":"Diese Flammen Logo Galerie brennt vor Inspiration. Du willst einzigartige Flammen-Logos? Dann bist Du hier genau richtig \u25ba Jetzt Logos entdecken!","breadcrumb":{"@id":"https:\/\/www.designenlassen.de\/blog\/20-flammen-logos-die-dich-entzuenden-lassen\/#breadcrumb"},"inLanguage":"de","potentialAction":[{"@type":"ReadAction","target":["https:\/\/www.designenlassen.de\/blog\/20-flammen-logos-die-dich-entzuenden-lassen\/"]}]},{"@type":"ImageObject","inLanguage":"de","@id":"https:\/\/www.designenlassen.de\/blog\/20-flammen-logos-die-dich-entzuenden-lassen\/#primaryimage","url":"https:\/\/www.designenlassen.de\/blog\/wp-content\/uploads\/2020\/11\/FlammenLogo_Grillwelt_427355.png","contentUrl":"https:\/\/www.designenlassen.de\/blog\/wp-content\/uploads\/2020\/11\/FlammenLogo_Grillwelt_427355.png","width":594,"height":531,"caption":"Flammen Logo von davincho"},{"@type":"BreadcrumbList","@id":"https:\/\/www.designenlassen.de\/blog\/20-flammen-logos-die-dich-entzuenden-lassen\/#breadcrumb","itemListElement":[{"@type":"ListItem","position":1,"name":"Start","item":"https:\/\/www.designenlassen.de\/blog\/"},{"@type":"ListItem","position":2,"name":"36 Flammen-Logos, die Dich entz\u00fcnden lassen"}]},{"@type":"WebSite","@id":"https:\/\/www.designenlassen.de\/blog\/#website","url":"https:\/\/www.designenlassen.de\/blog\/","name":"designenlassen.de Blog","description":"Inspirationen, Tipps und Ideen f\u00fcr Designer sowie Gr\u00fcnder und Kleinbetriebe.","potentialAction":[{"@type":"SearchAction","target":{"@type":"EntryPoint","urlTemplate":"https:\/\/www.designenlassen.de\/blog\/?s={search_term_string}"},"query-input":{"@type":"PropertyValueSpecification","valueRequired":true,"valueName":"search_term_string"}}],"inLanguage":"de"},{"@type":"Person","@id":"https:\/\/www.designenlassen.de\/blog\/#\/schema\/person\/1e6e4a367ec0359155d5fbb01227c1ca","name":"Patrick Schady","image":{"@type":"ImageObject","inLanguage":"de","@id":"https:\/\/www.designenlassen.de\/blog\/#\/schema\/person\/image\/","url":"https:\/\/secure.gravatar.com\/avatar\/41cfafecfbfd30ee6bc4cc02dd530ef067050210239f1d60debda10ce9c038d7?s=96&d=mm&r=g","contentUrl":"https:\/\/secure.gravatar.com\/avatar\/41cfafecfbfd30ee6bc4cc02dd530ef067050210239f1d60debda10ce9c038d7?s=96&d=mm&r=g","caption":"Patrick Schady"},"url":"https:\/\/www.designenlassen.de\/blog\/author\/patrick\/"}]}},"_links":{"self":[{"href":"https:\/\/www.designenlassen.de\/blog\/wp-json\/wp\/v2\/posts\/23047","targetHints":{"allow":["GET"]}}],"collection":[{"href":"https:\/\/www.designenlassen.de\/blog\/wp-json\/wp\/v2\/posts"}],"about":[{"href":"https:\/\/www.designenlassen.de\/blog\/wp-json\/wp\/v2\/types\/post"}],"author":[{"embeddable":true,"href":"https:\/\/www.designenlassen.de\/blog\/wp-json\/wp\/v2\/users\/24"}],"replies":[{"embeddable":true,"href":"https:\/\/www.designenlassen.de\/blog\/wp-json\/wp\/v2\/comments?post=23047"}],"version-history":[{"count":36,"href":"https:\/\/www.designenlassen.de\/blog\/wp-json\/wp\/v2\/posts\/23047\/revisions"}],"predecessor-version":[{"id":32640,"href":"https:\/\/www.designenlassen.de\/blog\/wp-json\/wp\/v2\/posts\/23047\/revisions\/32640"}],"wp:featuredmedia":[{"embeddable":true,"href":"https:\/\/www.designenlassen.de\/blog\/wp-json\/wp\/v2\/media\/23074"}],"wp:attachment":[{"href":"https:\/\/www.designenlassen.de\/blog\/wp-json\/wp\/v2\/media?parent=23047"}],"wp:term":[{"taxonomy":"category","embeddable":true,"href":"https:\/\/www.designenlassen.de\/blog\/wp-json\/wp\/v2\/categories?post=23047"},{"taxonomy":"post_tag","embeddable":true,"href":"https:\/\/www.designenlassen.de\/blog\/wp-json\/wp\/v2\/tags?post=23047"}],"curies":[{"name":"wp","href":"https:\/\/api.w.org\/{rel}","templated":true}]}}