{"id":23220,"date":"2021-01-20T10:00:00","date_gmt":"2021-01-20T08:00:00","guid":{"rendered":"https:\/\/www.designenlassen.de\/blog\/?p=23220"},"modified":"2024-10-04T09:11:28","modified_gmt":"2024-10-04T07:11:28","slug":"15-farbverlauf-logos-mit-fliessenden-uebergaengen","status":"publish","type":"post","link":"https:\/\/www.designenlassen.de\/blog\/15-farbverlauf-logos-mit-fliessenden-uebergaengen\/","title":{"rendered":"25 Farbverlauf Logos mit flie\u00dfenden \u00dcberg\u00e4ngen"},"content":{"rendered":"\n<p>Das eigene Logo-Design ist das Aush\u00e4ngeschild Deines Unternehmens. Es ist das, was Dein Unternehmen nach au\u00dfen hin pr\u00e4sentiert und Dir einen <a href=\"https:\/\/www.designenlassen.de\/blog\/wie-du-eine-marke-mit-maximalem-wiedererkennungswert-schaffen-kannst\/\">gewissen Wiedererkennungswert<\/a> sichert. Sieht ein Kunde Dein Design in einem Prospekt, auf Social-Media oder beispielsweise auch auf der Stra\u00dfe an Deinem Laden, sollte er das <a href=\"https:\/\/www.designenlassen.de\/blog\/logo-erstellen-top-firmenlogo-einfach-entwerfen\/\">Logo<\/a> direkt in Verbindung mit Deinem Gesch\u00e4ft und Deinen Leistungen bringen und es nicht mit dem Logo-Design eines anderen Unternehmens verwechseln. Mit einem einzigartigen Farbverlauf-Logo beugst Du zweiteren Aspekt auf jeden Fall schon mal vor.<\/p>\n\n\n\n<div class=\"wp-block-buttons is-content-justification-center is-layout-flex wp-container-core-buttons-is-layout-16018d1d wp-block-buttons-is-layout-flex\">\n<div class=\"wp-block-button is-style-fill\"><a class=\"wp-block-button__link has-white-color has-text-color has-background has-text-align-left wp-element-button\" href=\"https:\/\/www.designenlassen.de\/logo-design?utm_source=blog&amp;utm_medium=button&amp;utm_campaign=blog-beitraege\" style=\"background-color:#091182\">Jetzt Logo erstellen<\/a><\/div>\n<\/div>\n\n\n\n<div style=\"height:38px\" aria-hidden=\"true\" class=\"wp-block-spacer\"><\/div>\n\n\n\n<h2 class=\"wp-block-heading\">Farbverlauf Logos in Blau<\/h2>\n\n\n\n<p>Die <a href=\"https:\/\/www.designenlassen.de\/blog\/farben-logo-designs-mehr-als-nur-bunt\/\">Farbe Blau<\/a> wirkt direkt vertrauensw\u00fcrdig und sympathisch und dies wirkt sich nat\u00fcrlich auch auf Dein Unternehmen aus. Mit einem leichten Verlauf von bl\u00e4ulichen <a href=\"https:\/\/www.designenlassen.de\/blog\/farbenlehre-die-macht-der-farben-verstehen\/\">Farbt\u00f6nen<\/a> machst Du sofort auf Dich aufmerksam und sicherst Dir durch eine einzigartige Gestaltung einen gewissen Wiedererkennungswert. Im Folgenden zeigen wir Dir noch ein paar weitere Designs mit blauem Farbverlauf.<\/p>\n\n\n\n<figure class=\"wp-block-gallery has-nested-images columns-default is-cropped dl_picsub_black wp-block-gallery-1 is-layout-flex wp-block-gallery-is-layout-flex\">\n<figure class=\"wp-block-image size-large\"><img fetchpriority=\"high\" decoding=\"async\" width=\"800\" height=\"461\" data-id=\"23226\" src=\"https:\/\/www.designenlassen.de\/blog\/wp-content\/uploads\/2021\/01\/Fenomeno-Farbverlauf-Logo-Design-768832-knipsdesign.jpg\" alt=\"Fenomeno-Farbverlauf-Logo-Design\" class=\"wp-image-23226\" srcset=\"https:\/\/www.designenlassen.de\/blog\/wp-content\/uploads\/2021\/01\/Fenomeno-Farbverlauf-Logo-Design-768832-knipsdesign.jpg 800w, https:\/\/www.designenlassen.de\/blog\/wp-content\/uploads\/2021\/01\/Fenomeno-Farbverlauf-Logo-Design-768832-knipsdesign-300x173.jpg 300w, https:\/\/www.designenlassen.de\/blog\/wp-content\/uploads\/2021\/01\/Fenomeno-Farbverlauf-Logo-Design-768832-knipsdesign-768x443.jpg 768w\" sizes=\"(max-width: 800px) 100vw, 800px\" \/><figcaption class=\"wp-element-caption\"><a href=\"https:\/\/www.designenlassen.de\/768832-logo-design-fuer-fenomeno\">Logo mit Farbverlauf f\u00fcr Fenomento von knipsdesign<\/a><\/figcaption><\/figure>\n<\/figure>\n\n\n\n<figure class=\"wp-block-gallery has-nested-images columns-default is-cropped dl_picsub_black wp-block-gallery-2 is-layout-flex wp-block-gallery-is-layout-flex\">\n<figure class=\"wp-block-image size-large\"><img decoding=\"async\" width=\"338\" height=\"338\" data-id=\"23227\" src=\"https:\/\/www.designenlassen.de\/blog\/wp-content\/uploads\/2021\/01\/General-Services-Logo-mit-Farbverlauf-412411-DESIGN-BUDE.jpg\" alt=\"General Services Logo mit Farbverlauf\" class=\"wp-image-23227\" srcset=\"https:\/\/www.designenlassen.de\/blog\/wp-content\/uploads\/2021\/01\/General-Services-Logo-mit-Farbverlauf-412411-DESIGN-BUDE.jpg 338w, https:\/\/www.designenlassen.de\/blog\/wp-content\/uploads\/2021\/01\/General-Services-Logo-mit-Farbverlauf-412411-DESIGN-BUDE-300x300.jpg 300w, https:\/\/www.designenlassen.de\/blog\/wp-content\/uploads\/2021\/01\/General-Services-Logo-mit-Farbverlauf-412411-DESIGN-BUDE-150x150.jpg 150w\" sizes=\"(max-width: 338px) 100vw, 338px\" \/><figcaption class=\"wp-element-caption\">Farbverlauf-Logo von DESIGN BUDE<\/figcaption><\/figure>\n\n\n\n<figure class=\"wp-block-image size-large\"><img decoding=\"async\" width=\"338\" height=\"338\" data-id=\"23228\" src=\"https:\/\/www.designenlassen.de\/blog\/wp-content\/uploads\/2021\/01\/Logo-mit-Farbverlauf-ergocomb-583698-amrproject.png\" alt=\"Logo-mit-Farbverlauf-ergocomb\" class=\"wp-image-23228\" srcset=\"https:\/\/www.designenlassen.de\/blog\/wp-content\/uploads\/2021\/01\/Logo-mit-Farbverlauf-ergocomb-583698-amrproject.png 338w, https:\/\/www.designenlassen.de\/blog\/wp-content\/uploads\/2021\/01\/Logo-mit-Farbverlauf-ergocomb-583698-amrproject-300x300.png 300w, https:\/\/www.designenlassen.de\/blog\/wp-content\/uploads\/2021\/01\/Logo-mit-Farbverlauf-ergocomb-583698-amrproject-150x150.png 150w\" sizes=\"(max-width: 338px) 100vw, 338px\" \/><figcaption class=\"wp-element-caption\">Farbverlauf-Logo von amrproject<\/figcaption><\/figure>\n<\/figure>\n\n\n\n<figure class=\"wp-block-gallery has-nested-images columns-default is-cropped dl_picsub_black wp-block-gallery-3 is-layout-flex wp-block-gallery-is-layout-flex\">\n<figure class=\"wp-block-image size-large\"><img loading=\"lazy\" decoding=\"async\" width=\"800\" height=\"498\" data-id=\"23232\" src=\"https:\/\/www.designenlassen.de\/blog\/wp-content\/uploads\/2021\/01\/CRA-Net-Farbverlauf-Logo-Design-346395-methodmem.jpg\" alt=\"CRA-Net-Farbverlauf-Logo-Design\" class=\"wp-image-23232\" srcset=\"https:\/\/www.designenlassen.de\/blog\/wp-content\/uploads\/2021\/01\/CRA-Net-Farbverlauf-Logo-Design-346395-methodmem.jpg 800w, https:\/\/www.designenlassen.de\/blog\/wp-content\/uploads\/2021\/01\/CRA-Net-Farbverlauf-Logo-Design-346395-methodmem-300x187.jpg 300w, https:\/\/www.designenlassen.de\/blog\/wp-content\/uploads\/2021\/01\/CRA-Net-Farbverlauf-Logo-Design-346395-methodmem-768x478.jpg 768w\" sizes=\"(max-width: 800px) 100vw, 800px\" \/><figcaption class=\"wp-element-caption\"><a href=\"https:\/\/www.designenlassen.de\/346395-verein-fuer-klinische-monitore-und-cras-benoetigt-logo-design\">Logo-Design mit Farbverlauf von Designer methodmem<\/a><\/figcaption><\/figure>\n<\/figure>\n\n\n\n<figure class=\"wp-block-gallery has-nested-images columns-default is-cropped dl_picsub_black wp-block-gallery-4 is-layout-flex wp-block-gallery-is-layout-flex\">\n<figure class=\"wp-block-image size-large\"><img loading=\"lazy\" decoding=\"async\" width=\"338\" height=\"338\" data-id=\"23230\" src=\"https:\/\/www.designenlassen.de\/blog\/wp-content\/uploads\/2021\/01\/Farbverlauf-Logo-Trauma-Welten-175971-lettArie.jpg\" alt=\"Farbverlauf-Logo-Trauma-Welten\" class=\"wp-image-23230\" srcset=\"https:\/\/www.designenlassen.de\/blog\/wp-content\/uploads\/2021\/01\/Farbverlauf-Logo-Trauma-Welten-175971-lettArie.jpg 338w, https:\/\/www.designenlassen.de\/blog\/wp-content\/uploads\/2021\/01\/Farbverlauf-Logo-Trauma-Welten-175971-lettArie-300x300.jpg 300w, https:\/\/www.designenlassen.de\/blog\/wp-content\/uploads\/2021\/01\/Farbverlauf-Logo-Trauma-Welten-175971-lettArie-150x150.jpg 150w\" sizes=\"(max-width: 338px) 100vw, 338px\" \/><figcaption class=\"wp-element-caption\">Farbverlauf-Logo von lettArie<\/figcaption><\/figure>\n\n\n\n<figure class=\"wp-block-image size-large\"><img loading=\"lazy\" decoding=\"async\" width=\"338\" height=\"338\" data-id=\"23231\" src=\"https:\/\/www.designenlassen.de\/blog\/wp-content\/uploads\/2021\/01\/Reinhold-Naegele-Realschule-Logo-mit-Farbverlauf-751538-wuenschwerk.png\" alt=\"Reinhold-Naegele-Realschule-Logo-mit-Farbverlauf\" class=\"wp-image-23231\" srcset=\"https:\/\/www.designenlassen.de\/blog\/wp-content\/uploads\/2021\/01\/Reinhold-Naegele-Realschule-Logo-mit-Farbverlauf-751538-wuenschwerk.png 338w, https:\/\/www.designenlassen.de\/blog\/wp-content\/uploads\/2021\/01\/Reinhold-Naegele-Realschule-Logo-mit-Farbverlauf-751538-wuenschwerk-300x300.png 300w, https:\/\/www.designenlassen.de\/blog\/wp-content\/uploads\/2021\/01\/Reinhold-Naegele-Realschule-Logo-mit-Farbverlauf-751538-wuenschwerk-150x150.png 150w\" sizes=\"(max-width: 338px) 100vw, 338px\" \/><figcaption class=\"wp-element-caption\">Farbverlauf-Logo von  wuenschwerk<\/figcaption><\/figure>\n<\/figure>\n\n\n\n<figure class=\"wp-block-gallery has-nested-images columns-default is-cropped dl_picsub_black wp-block-gallery-5 is-layout-flex wp-block-gallery-is-layout-flex\">\n<figure class=\"wp-block-image size-large\"><img loading=\"lazy\" decoding=\"async\" width=\"800\" height=\"536\" data-id=\"23229\" src=\"https:\/\/www.designenlassen.de\/blog\/wp-content\/uploads\/2021\/01\/Paula-Kolibri-Logo-mit-Farbverlauf-968974-S-GRAPHICS.jpg\" alt=\"Paula Kolibri Logo mit Farbverlauf \" class=\"wp-image-23229\" srcset=\"https:\/\/www.designenlassen.de\/blog\/wp-content\/uploads\/2021\/01\/Paula-Kolibri-Logo-mit-Farbverlauf-968974-S-GRAPHICS.jpg 800w, https:\/\/www.designenlassen.de\/blog\/wp-content\/uploads\/2021\/01\/Paula-Kolibri-Logo-mit-Farbverlauf-968974-S-GRAPHICS-300x201.jpg 300w, https:\/\/www.designenlassen.de\/blog\/wp-content\/uploads\/2021\/01\/Paula-Kolibri-Logo-mit-Farbverlauf-968974-S-GRAPHICS-768x515.jpg 768w\" sizes=\"(max-width: 800px) 100vw, 800px\" \/><figcaption class=\"wp-element-caption\"><a href=\"https:\/\/www.designenlassen.de\/968974-logo-design-mit-illustration-eines-kolibris-fuer-trauerreden\">Logo-Design mit Farbverlauf von Designer S GRAPHICS<\/a><\/figcaption><\/figure>\n<\/figure>\n\n\n\n<figure class=\"wp-block-gallery has-nested-images columns-2 is-cropped wp-block-gallery-6 is-layout-flex wp-block-gallery-is-layout-flex\">\n<figure class=\"wp-block-image size-large\"><img loading=\"lazy\" decoding=\"async\" width=\"667\" height=\"606\" data-id=\"32634\" src=\"https:\/\/www.designenlassen.de\/blog\/wp-content\/uploads\/2020\/08\/designenlassen-buch-logo-tukaverlag2.png\" alt=\"Buch Logo von Tuka\" class=\"wp-image-32634\" srcset=\"https:\/\/www.designenlassen.de\/blog\/wp-content\/uploads\/2020\/08\/designenlassen-buch-logo-tukaverlag2.png 667w, https:\/\/www.designenlassen.de\/blog\/wp-content\/uploads\/2020\/08\/designenlassen-buch-logo-tukaverlag2-300x273.png 300w\" sizes=\"(max-width: 667px) 100vw, 667px\" \/><\/figure>\n\n\n\n<figure class=\"wp-block-image size-large\"><img loading=\"lazy\" decoding=\"async\" width=\"1024\" height=\"966\" data-id=\"32619\" src=\"https:\/\/www.designenlassen.de\/blog\/wp-content\/uploads\/2020\/08\/designenlassen-software-logo-visionary-1024x966.jpg\" alt=\"Software Logo von Visionary\" class=\"wp-image-32619\" srcset=\"https:\/\/www.designenlassen.de\/blog\/wp-content\/uploads\/2020\/08\/designenlassen-software-logo-visionary-1024x966.jpg 1024w, https:\/\/www.designenlassen.de\/blog\/wp-content\/uploads\/2020\/08\/designenlassen-software-logo-visionary-300x283.jpg 300w, https:\/\/www.designenlassen.de\/blog\/wp-content\/uploads\/2020\/08\/designenlassen-software-logo-visionary-768x724.jpg 768w, https:\/\/www.designenlassen.de\/blog\/wp-content\/uploads\/2020\/08\/designenlassen-software-logo-visionary-1536x1449.jpg 1536w, https:\/\/www.designenlassen.de\/blog\/wp-content\/uploads\/2020\/08\/designenlassen-software-logo-visionary-2048x1932.jpg 2048w, https:\/\/www.designenlassen.de\/blog\/wp-content\/uploads\/2020\/08\/designenlassen-software-logo-visionary-585x552.jpg 585w, https:\/\/www.designenlassen.de\/blog\/wp-content\/uploads\/2020\/08\/designenlassen-software-logo-visionary-1170x1104.jpg 1170w, https:\/\/www.designenlassen.de\/blog\/wp-content\/uploads\/2020\/08\/designenlassen-software-logo-visionary-600x566.jpg 600w\" sizes=\"(max-width: 1024px) 100vw, 1024px\" \/><\/figure>\n\n\n\n<figure class=\"wp-block-image size-large\"><img loading=\"lazy\" decoding=\"async\" width=\"1024\" height=\"1024\" data-id=\"32606\" src=\"https:\/\/www.designenlassen.de\/blog\/wp-content\/uploads\/2020\/08\/designenlassen-software-logo-confineon-1024x1024.png\" alt=\"Software Logo von Confineon\" class=\"wp-image-32606\" srcset=\"https:\/\/www.designenlassen.de\/blog\/wp-content\/uploads\/2020\/08\/designenlassen-software-logo-confineon-1024x1024.png 1024w, https:\/\/www.designenlassen.de\/blog\/wp-content\/uploads\/2020\/08\/designenlassen-software-logo-confineon-300x300.png 300w, https:\/\/www.designenlassen.de\/blog\/wp-content\/uploads\/2020\/08\/designenlassen-software-logo-confineon-150x150.png 150w, https:\/\/www.designenlassen.de\/blog\/wp-content\/uploads\/2020\/08\/designenlassen-software-logo-confineon-768x768.png 768w, https:\/\/www.designenlassen.de\/blog\/wp-content\/uploads\/2020\/08\/designenlassen-software-logo-confineon-1536x1536.png 1536w, https:\/\/www.designenlassen.de\/blog\/wp-content\/uploads\/2020\/08\/designenlassen-software-logo-confineon-2048x2048.png 2048w\" sizes=\"(max-width: 1024px) 100vw, 1024px\" \/><\/figure>\n\n\n\n<figure class=\"wp-block-image size-large\"><img loading=\"lazy\" decoding=\"async\" width=\"983\" height=\"983\" data-id=\"32448\" src=\"https:\/\/www.designenlassen.de\/blog\/wp-content\/uploads\/2024\/09\/designenlassen-finanz-logo-servicebusinessxcerators.png\" alt=\"logo f\u00fcr finanzen von designenlassen\" class=\"wp-image-32448\" srcset=\"https:\/\/www.designenlassen.de\/blog\/wp-content\/uploads\/2024\/09\/designenlassen-finanz-logo-servicebusinessxcerators.png 983w, https:\/\/www.designenlassen.de\/blog\/wp-content\/uploads\/2024\/09\/designenlassen-finanz-logo-servicebusinessxcerators-300x300.png 300w, https:\/\/www.designenlassen.de\/blog\/wp-content\/uploads\/2024\/09\/designenlassen-finanz-logo-servicebusinessxcerators-150x150.png 150w, https:\/\/www.designenlassen.de\/blog\/wp-content\/uploads\/2024\/09\/designenlassen-finanz-logo-servicebusinessxcerators-768x768.png 768w\" sizes=\"(max-width: 983px) 100vw, 983px\" \/><\/figure>\n\n\n\n<figure class=\"wp-block-image size-large\"><img loading=\"lazy\" decoding=\"async\" width=\"1002\" height=\"802\" data-id=\"32441\" src=\"https:\/\/www.designenlassen.de\/blog\/wp-content\/uploads\/2024\/09\/designenlassen-finanz-logo-geopolitical.png\" alt=\"Finanzlogo von designenlassen\" class=\"wp-image-32441\" srcset=\"https:\/\/www.designenlassen.de\/blog\/wp-content\/uploads\/2024\/09\/designenlassen-finanz-logo-geopolitical.png 1002w, https:\/\/www.designenlassen.de\/blog\/wp-content\/uploads\/2024\/09\/designenlassen-finanz-logo-geopolitical-300x240.png 300w, https:\/\/www.designenlassen.de\/blog\/wp-content\/uploads\/2024\/09\/designenlassen-finanz-logo-geopolitical-768x615.png 768w\" sizes=\"(max-width: 1002px) 100vw, 1002px\" \/><\/figure>\n\n\n\n<figure class=\"wp-block-image size-large\"><img loading=\"lazy\" decoding=\"async\" width=\"1001\" height=\"1000\" data-id=\"32347\" src=\"https:\/\/www.designenlassen.de\/blog\/wp-content\/uploads\/2020\/01\/designenlassen-botique-logo-mila.jpeg\" alt=\"\" class=\"wp-image-32347\" srcset=\"https:\/\/www.designenlassen.de\/blog\/wp-content\/uploads\/2020\/01\/designenlassen-botique-logo-mila.jpeg 1001w, https:\/\/www.designenlassen.de\/blog\/wp-content\/uploads\/2020\/01\/designenlassen-botique-logo-mila-300x300.jpeg 300w, https:\/\/www.designenlassen.de\/blog\/wp-content\/uploads\/2020\/01\/designenlassen-botique-logo-mila-150x150.jpeg 150w, https:\/\/www.designenlassen.de\/blog\/wp-content\/uploads\/2020\/01\/designenlassen-botique-logo-mila-768x767.jpeg 768w\" sizes=\"(max-width: 1001px) 100vw, 1001px\" \/><\/figure>\n<\/figure>\n\n\n\n<div class=\"wp-block-buttons is-content-justification-center is-layout-flex wp-container-core-buttons-is-layout-16018d1d wp-block-buttons-is-layout-flex\">\n<div class=\"wp-block-button is-style-fill\"><a class=\"wp-block-button__link has-white-color has-text-color has-background has-text-align-left wp-element-button\" href=\"https:\/\/www.designenlassen.de\/logo-design?utm_source=blog&amp;utm_medium=button&amp;utm_campaign=blog-beitraege\" style=\"background-color:#091182\">Jetzt Logo erstellen<\/a><\/div>\n<\/div>\n\n\n\n<div style=\"height:37px\" aria-hidden=\"true\" class=\"wp-block-spacer\"><\/div>\n\n\n\n<h2 class=\"wp-block-heading\">Kreative Logos mit Farbverlauf<\/h2>\n\n\n\n<p>Um zwischen der heutigen Vielzahl an Unternehmen, Konkurrenten und Logo-Designs trotzdem hervorzustechen, ist es immer empfehlenswert, etwas zu machen oder zu kreieren, das bisher noch keiner hat. Um dies zu erreichen, ist ein <a href=\"https:\/\/www.designenlassen.de\/blog\/28-kreative-logos-die-dir-die-perfekte-inspiration-bieten\/\">kreativ gestaltetes Logo<\/a> immer von Vorteil. Mit einem <a href=\"https:\/\/www.designenlassen.de\/blog\/28-kreative-logos-die-dir-die-perfekte-inspiration-bieten\/\">kreativen Logo<\/a> in Kombination mit einem Farbverlauf legst Du schon mal einen entscheidenden Grundstein in Richtung Individualit\u00e4t.<\/p>\n\n\n\n<figure class=\"wp-block-gallery has-nested-images columns-default is-cropped dl_picsub_black wp-block-gallery-7 is-layout-flex wp-block-gallery-is-layout-flex\">\n<figure class=\"wp-block-image size-large\"><img loading=\"lazy\" decoding=\"async\" width=\"338\" height=\"338\" data-id=\"23221\" src=\"https:\/\/www.designenlassen.de\/blog\/wp-content\/uploads\/2021\/01\/Coaching-Unternehmen-Traumawelten-Logo-mit-Farbverlauf-175971-Agentur3a.png\" alt=\"Coaching-Unternehmen-Traumawelten-Logo-mit-Farbverlauf\" class=\"wp-image-23221\" srcset=\"https:\/\/www.designenlassen.de\/blog\/wp-content\/uploads\/2021\/01\/Coaching-Unternehmen-Traumawelten-Logo-mit-Farbverlauf-175971-Agentur3a.png 338w, https:\/\/www.designenlassen.de\/blog\/wp-content\/uploads\/2021\/01\/Coaching-Unternehmen-Traumawelten-Logo-mit-Farbverlauf-175971-Agentur3a-300x300.png 300w, https:\/\/www.designenlassen.de\/blog\/wp-content\/uploads\/2021\/01\/Coaching-Unternehmen-Traumawelten-Logo-mit-Farbverlauf-175971-Agentur3a-150x150.png 150w\" sizes=\"(max-width: 338px) 100vw, 338px\" \/><figcaption class=\"wp-element-caption\">Farbverlauf-Logo von Agentur3a<\/figcaption><\/figure>\n\n\n\n<figure class=\"wp-block-image size-large\"><img loading=\"lazy\" decoding=\"async\" width=\"338\" height=\"338\" data-id=\"23222\" src=\"https:\/\/www.designenlassen.de\/blog\/wp-content\/uploads\/2021\/01\/Dinora-Kerzenmanufaktur-Farbverlauf-Logo-Design-918516-olvanita.png\" alt=\"Dinora-Kerzenmanufaktur-Farbverlauf-Logo-Design\" class=\"wp-image-23222\" srcset=\"https:\/\/www.designenlassen.de\/blog\/wp-content\/uploads\/2021\/01\/Dinora-Kerzenmanufaktur-Farbverlauf-Logo-Design-918516-olvanita.png 338w, https:\/\/www.designenlassen.de\/blog\/wp-content\/uploads\/2021\/01\/Dinora-Kerzenmanufaktur-Farbverlauf-Logo-Design-918516-olvanita-300x300.png 300w, https:\/\/www.designenlassen.de\/blog\/wp-content\/uploads\/2021\/01\/Dinora-Kerzenmanufaktur-Farbverlauf-Logo-Design-918516-olvanita-150x150.png 150w\" sizes=\"(max-width: 338px) 100vw, 338px\" \/><figcaption class=\"wp-element-caption\">Farbverlauf-Logo von olvanita<\/figcaption><\/figure>\n<\/figure>\n\n\n\n<figure class=\"wp-block-gallery has-nested-images columns-default is-cropped dl_picsub_black wp-block-gallery-8 is-layout-flex wp-block-gallery-is-layout-flex\">\n<figure class=\"wp-block-image size-large\"><img loading=\"lazy\" decoding=\"async\" width=\"800\" height=\"498\" data-id=\"23223\" src=\"https:\/\/www.designenlassen.de\/blog\/wp-content\/uploads\/2021\/01\/membermate-Logo-Farbverlauf-726275-Wyn.png\" alt=\"membermate-Logo-Farbverlauf\" class=\"wp-image-23223\" srcset=\"https:\/\/www.designenlassen.de\/blog\/wp-content\/uploads\/2021\/01\/membermate-Logo-Farbverlauf-726275-Wyn.png 800w, https:\/\/www.designenlassen.de\/blog\/wp-content\/uploads\/2021\/01\/membermate-Logo-Farbverlauf-726275-Wyn-300x187.png 300w, https:\/\/www.designenlassen.de\/blog\/wp-content\/uploads\/2021\/01\/membermate-Logo-Farbverlauf-726275-Wyn-768x478.png 768w\" sizes=\"(max-width: 800px) 100vw, 800px\" \/><figcaption class=\"wp-element-caption\"><a href=\"https:\/\/www.designenlassen.de\/726275-logo-design-fuer-hochwertige-und-flexible-online-mitgliederbereiche\">Logo mit Farbverlauf f\u00fcr membermate von Wyn<\/a><\/figcaption><\/figure>\n<\/figure>\n\n\n\n<figure class=\"wp-block-gallery has-nested-images columns-default is-cropped dl_picsub_black wp-block-gallery-9 is-layout-flex wp-block-gallery-is-layout-flex\">\n<figure class=\"wp-block-image size-large\"><img loading=\"lazy\" decoding=\"async\" width=\"338\" height=\"338\" data-id=\"23224\" src=\"https:\/\/www.designenlassen.de\/blog\/wp-content\/uploads\/2021\/01\/Lebensveraenderung-Lisa-Abbuehl-Logo-Design-mit-Farbverlauf-397254-KS1Design.png\" alt=\"Lebensveraenderung-Lisa-Abbuehl-Logo-Design-mit-Farbverlauf\" class=\"wp-image-23224\" srcset=\"https:\/\/www.designenlassen.de\/blog\/wp-content\/uploads\/2021\/01\/Lebensveraenderung-Lisa-Abbuehl-Logo-Design-mit-Farbverlauf-397254-KS1Design.png 338w, https:\/\/www.designenlassen.de\/blog\/wp-content\/uploads\/2021\/01\/Lebensveraenderung-Lisa-Abbuehl-Logo-Design-mit-Farbverlauf-397254-KS1Design-300x300.png 300w, https:\/\/www.designenlassen.de\/blog\/wp-content\/uploads\/2021\/01\/Lebensveraenderung-Lisa-Abbuehl-Logo-Design-mit-Farbverlauf-397254-KS1Design-150x150.png 150w\" sizes=\"(max-width: 338px) 100vw, 338px\" \/><figcaption class=\"wp-element-caption\">Farbverlauf-Logo von KS1Design<\/figcaption><\/figure>\n\n\n\n<figure class=\"wp-block-image size-large\"><img loading=\"lazy\" decoding=\"async\" width=\"338\" height=\"338\" data-id=\"23225\" src=\"https:\/\/www.designenlassen.de\/blog\/wp-content\/uploads\/2021\/01\/Logo-mit-Farbverlauf-change2green-892221-OMRAM.png\" alt=\"Logo-mit-Farbverlauf-change2green\" class=\"wp-image-23225\" srcset=\"https:\/\/www.designenlassen.de\/blog\/wp-content\/uploads\/2021\/01\/Logo-mit-Farbverlauf-change2green-892221-OMRAM.png 338w, https:\/\/www.designenlassen.de\/blog\/wp-content\/uploads\/2021\/01\/Logo-mit-Farbverlauf-change2green-892221-OMRAM-300x300.png 300w, https:\/\/www.designenlassen.de\/blog\/wp-content\/uploads\/2021\/01\/Logo-mit-Farbverlauf-change2green-892221-OMRAM-150x150.png 150w\" sizes=\"(max-width: 338px) 100vw, 338px\" \/><figcaption class=\"wp-element-caption\">Farbverlauf-Logo von OMRAM<\/figcaption><\/figure>\n<\/figure>\n\n\n\n<figure class=\"wp-block-gallery has-nested-images columns-2 is-cropped wp-block-gallery-10 is-layout-flex wp-block-gallery-is-layout-flex\">\n<figure class=\"wp-block-image size-large\"><img loading=\"lazy\" decoding=\"async\" width=\"1024\" height=\"1024\" data-id=\"32718\" src=\"https:\/\/www.designenlassen.de\/blog\/wp-content\/uploads\/2021\/03\/designenlassen-gebaeude-logo-raffinservices-1024x1024.jpg\" alt=\"\" class=\"wp-image-32718\" srcset=\"https:\/\/www.designenlassen.de\/blog\/wp-content\/uploads\/2021\/03\/designenlassen-gebaeude-logo-raffinservices-1024x1024.jpg 1024w, https:\/\/www.designenlassen.de\/blog\/wp-content\/uploads\/2021\/03\/designenlassen-gebaeude-logo-raffinservices-300x300.jpg 300w, https:\/\/www.designenlassen.de\/blog\/wp-content\/uploads\/2021\/03\/designenlassen-gebaeude-logo-raffinservices-150x150.jpg 150w, https:\/\/www.designenlassen.de\/blog\/wp-content\/uploads\/2021\/03\/designenlassen-gebaeude-logo-raffinservices-768x768.jpg 768w, https:\/\/www.designenlassen.de\/blog\/wp-content\/uploads\/2021\/03\/designenlassen-gebaeude-logo-raffinservices.jpg 1080w\" sizes=\"(max-width: 1024px) 100vw, 1024px\" \/><\/figure>\n\n\n\n<figure class=\"wp-block-image size-large\"><img loading=\"lazy\" decoding=\"async\" width=\"1024\" height=\"768\" data-id=\"32597\" src=\"https:\/\/www.designenlassen.de\/blog\/wp-content\/uploads\/2020\/09\/designenlassen-adler-logo-theeagels3-1024x768.png\" alt=\"Adler Logo von The Eagels\" class=\"wp-image-32597\" srcset=\"https:\/\/www.designenlassen.de\/blog\/wp-content\/uploads\/2020\/09\/designenlassen-adler-logo-theeagels3-1024x768.png 1024w, https:\/\/www.designenlassen.de\/blog\/wp-content\/uploads\/2020\/09\/designenlassen-adler-logo-theeagels3-300x225.png 300w, https:\/\/www.designenlassen.de\/blog\/wp-content\/uploads\/2020\/09\/designenlassen-adler-logo-theeagels3-768x576.png 768w, https:\/\/www.designenlassen.de\/blog\/wp-content\/uploads\/2020\/09\/designenlassen-adler-logo-theeagels3-1536x1152.png 1536w, https:\/\/www.designenlassen.de\/blog\/wp-content\/uploads\/2020\/09\/designenlassen-adler-logo-theeagels3.png 2048w\" sizes=\"(max-width: 1024px) 100vw, 1024px\" \/><\/figure>\n\n\n\n<figure class=\"wp-block-image size-large\"><img loading=\"lazy\" decoding=\"async\" width=\"1024\" height=\"1024\" data-id=\"32461\" src=\"https:\/\/www.designenlassen.de\/blog\/wp-content\/uploads\/2020\/03\/designlassen-golf-logo-golfish2-1024x1024.png\" alt=\"Logo f\u00fcr Golfclub von von designenlassen.de\" class=\"wp-image-32461\" srcset=\"https:\/\/www.designenlassen.de\/blog\/wp-content\/uploads\/2020\/03\/designlassen-golf-logo-golfish2-1024x1024.png 1024w, https:\/\/www.designenlassen.de\/blog\/wp-content\/uploads\/2020\/03\/designlassen-golf-logo-golfish2-300x300.png 300w, https:\/\/www.designenlassen.de\/blog\/wp-content\/uploads\/2020\/03\/designlassen-golf-logo-golfish2-150x150.png 150w, https:\/\/www.designenlassen.de\/blog\/wp-content\/uploads\/2020\/03\/designlassen-golf-logo-golfish2-768x768.png 768w, https:\/\/www.designenlassen.de\/blog\/wp-content\/uploads\/2020\/03\/designlassen-golf-logo-golfish2-1536x1536.png 1536w, https:\/\/www.designenlassen.de\/blog\/wp-content\/uploads\/2020\/03\/designlassen-golf-logo-golfish2-2048x2048.png 2048w\" sizes=\"(max-width: 1024px) 100vw, 1024px\" \/><\/figure>\n\n\n\n<figure class=\"wp-block-image size-large\"><img loading=\"lazy\" decoding=\"async\" width=\"800\" height=\"600\" data-id=\"32463\" src=\"https:\/\/www.designenlassen.de\/blog\/wp-content\/uploads\/2020\/03\/designlassen-golf-logo-golfloft.jpeg\" alt=\"Logo f\u00fcr Golfclub von von designenlassen.de\" class=\"wp-image-32463\" srcset=\"https:\/\/www.designenlassen.de\/blog\/wp-content\/uploads\/2020\/03\/designlassen-golf-logo-golfloft.jpeg 800w, https:\/\/www.designenlassen.de\/blog\/wp-content\/uploads\/2020\/03\/designlassen-golf-logo-golfloft-300x225.jpeg 300w, https:\/\/www.designenlassen.de\/blog\/wp-content\/uploads\/2020\/03\/designlassen-golf-logo-golfloft-768x576.jpeg 768w\" sizes=\"(max-width: 800px) 100vw, 800px\" \/><\/figure>\n<\/figure>\n\n\n\n<h2 class=\"wp-block-heading\">Bunte Farbverlauf Logo-Designs, die besonders eindrucksvoll sind<\/h2>\n\n\n\n<p>Ein <a href=\"https:\/\/www.designenlassen.de\/blog\/12-farbenfrohe-regenbogen-logos-mit-zauberhafter-wirkung\/\">bunter Farbverlauf<\/a> in Deinem Logo sorgt garantiert f\u00fcr einen einzigartigen Eindruck. Wichtig ist, dass Du Dich f\u00fcr ein Design entscheidest, das auch wirklich zu Dir und zu Deinem Unternehmen passt. Ist die Gestaltung zu extravagant, kann der Gesamteindruck an Seriosit\u00e4t verlieren. Eine objektive Einsch\u00e4tzung kann hierbei besonders hilfreich sein.<\/p>\n\n\n\n<figure class=\"wp-block-gallery has-nested-images columns-default is-cropped dl_picsub_black wp-block-gallery-11 is-layout-flex wp-block-gallery-is-layout-flex\">\n<figure class=\"wp-block-image size-large\"><img loading=\"lazy\" decoding=\"async\" width=\"800\" height=\"508\" data-id=\"23233\" src=\"https:\/\/www.designenlassen.de\/blog\/wp-content\/uploads\/2021\/01\/Farbverlauf-Logo-Insight-811355-Circle.jpg\" alt=\"Farbverlauf-Logo-Insight\" class=\"wp-image-23233\" srcset=\"https:\/\/www.designenlassen.de\/blog\/wp-content\/uploads\/2021\/01\/Farbverlauf-Logo-Insight-811355-Circle.jpg 800w, https:\/\/www.designenlassen.de\/blog\/wp-content\/uploads\/2021\/01\/Farbverlauf-Logo-Insight-811355-Circle-300x191.jpg 300w, https:\/\/www.designenlassen.de\/blog\/wp-content\/uploads\/2021\/01\/Farbverlauf-Logo-Insight-811355-Circle-768x488.jpg 768w\" sizes=\"(max-width: 800px) 100vw, 800px\" \/><figcaption class=\"wp-element-caption\"><a href=\"https:\/\/www.designenlassen.de\/811355-logo-design-fuer-verkauf-von-produkten-auf-amazon\">Buntes Farbverlauf-Logo f\u00fcr insight  von Designer Circle<\/a><\/figcaption><\/figure>\n<\/figure>\n\n\n\n<figure class=\"wp-block-gallery has-nested-images columns-default is-cropped dl_picsub_black wp-block-gallery-12 is-layout-flex wp-block-gallery-is-layout-flex\">\n<figure class=\"wp-block-image size-large\"><img loading=\"lazy\" decoding=\"async\" width=\"338\" height=\"338\" data-id=\"23237\" src=\"https:\/\/www.designenlassen.de\/blog\/wp-content\/uploads\/2021\/01\/Dunja-Schenk-Coaching-Logo-mit-Farbverlauf-362992-FFDesign16-1.png\" alt=\"Dunja-Schenk-Coaching-Logo-mit-Farbverlauf\" class=\"wp-image-23237\" srcset=\"https:\/\/www.designenlassen.de\/blog\/wp-content\/uploads\/2021\/01\/Dunja-Schenk-Coaching-Logo-mit-Farbverlauf-362992-FFDesign16-1.png 338w, https:\/\/www.designenlassen.de\/blog\/wp-content\/uploads\/2021\/01\/Dunja-Schenk-Coaching-Logo-mit-Farbverlauf-362992-FFDesign16-1-300x300.png 300w, https:\/\/www.designenlassen.de\/blog\/wp-content\/uploads\/2021\/01\/Dunja-Schenk-Coaching-Logo-mit-Farbverlauf-362992-FFDesign16-1-150x150.png 150w\" sizes=\"(max-width: 338px) 100vw, 338px\" \/><figcaption class=\"wp-element-caption\">Farbverlauf-Logo von FFDesign16<\/figcaption><\/figure>\n\n\n\n<figure class=\"wp-block-image size-large\"><img loading=\"lazy\" decoding=\"async\" width=\"338\" height=\"338\" data-id=\"23238\" src=\"https:\/\/www.designenlassen.de\/blog\/wp-content\/uploads\/2021\/01\/Farbverlauf-Logo-Design-Passiolana-334732-INDIEGO-1.jpg\" alt=\"Farbverlauf-Logo-Design-Passiolana\" class=\"wp-image-23238\" srcset=\"https:\/\/www.designenlassen.de\/blog\/wp-content\/uploads\/2021\/01\/Farbverlauf-Logo-Design-Passiolana-334732-INDIEGO-1.jpg 338w, https:\/\/www.designenlassen.de\/blog\/wp-content\/uploads\/2021\/01\/Farbverlauf-Logo-Design-Passiolana-334732-INDIEGO-1-300x300.jpg 300w, https:\/\/www.designenlassen.de\/blog\/wp-content\/uploads\/2021\/01\/Farbverlauf-Logo-Design-Passiolana-334732-INDIEGO-1-150x150.jpg 150w\" sizes=\"(max-width: 338px) 100vw, 338px\" \/><figcaption class=\"wp-element-caption\">Farbverlauf-Logo von INDIEGO<\/figcaption><\/figure>\n<\/figure>\n\n\n\n<p>Eins steht fest: Mit einem Farbverlauf im Logo hinterl\u00e4sst Du garantiert einen gewissen Eindruck und stichst zwischen der Konkurrenz besser hervor. Wir hoffen, wir konnten Dir mit unseren Farbverlauf-Logos ein wenig Inspiration bieten.<\/p>\n\n\n\n<div class=\"wp-block-buttons is-content-justification-center is-layout-flex wp-container-core-buttons-is-layout-16018d1d wp-block-buttons-is-layout-flex\">\n<div class=\"wp-block-button is-style-fill\"><a class=\"wp-block-button__link has-white-color has-text-color has-background has-text-align-left wp-element-button\" href=\"https:\/\/www.designenlassen.de\/logo-design?utm_source=blog&amp;utm_medium=button&amp;utm_campaign=blog-beitraege\" style=\"background-color:#091182\">Jetzt Logo erstellen<\/a><\/div>\n<\/div>\n\n\n\n<div style=\"height:100px\" aria-hidden=\"true\" class=\"wp-block-spacer\"><\/div>\n\n\n\n<p><strong>\u00c4hnliche Beitr\u00e4ge:<\/strong><\/p>\n\n\n\n<p><a href=\"https:\/\/www.designenlassen.de\/blog\/farben-logo-designs-mehr-als-nur-bunt\/\">Farben in Logo Designs \u2013 mehr als nur bunt<\/a><\/p>\n\n\n\n<p><a href=\"https:\/\/www.designenlassen.de\/blog\/28-kreative-logos-die-dir-die-perfekte-inspiration-bieten\/\">33 kreative Logos, die Dir die perfekte Inspiration bieten<\/a><\/p>\n\n\n\n<p><a href=\"https:\/\/www.designenlassen.de\/blog\/12-farbenfrohe-regenbogen-logos-mit-zauberhafter-wirkung\/\">12 farbenfrohe Regenbogen Logos mit zauberhafter Wirkung<\/a><\/p>\n","protected":false},"excerpt":{"rendered":"<p>Das eigene Logo-Design ist das Aush\u00e4ngeschild Deines Unternehmens. Es ist das, was Dein Unternehmen nach au\u00dfen&hellip;<\/p>\n","protected":false},"author":10,"featured_media":23228,"comment_status":"open","ping_status":"open","sticky":false,"template":"","format":"standard","meta":{"_lmt_disableupdate":"","_lmt_disable":"","footnotes":""},"categories":[19],"tags":[],"class_list":["post-23220","post","type-post","status-publish","format-standard","has-post-thumbnail","hentry","category-inspiration"],"yoast_head":"<!-- This site is optimized with the Yoast SEO plugin v27.5 - https:\/\/yoast.com\/product\/yoast-seo-wordpress\/ -->\n<title>25+ Farbverlauf-Logos mit flie\u00dfenden \u00dcberg\u00e4ngen<\/title>\n<meta name=\"description\" content=\"Wir zeigen Dir in unserer Logo-Galerie einige Farbverlauf-Logos als Inspiration, damit auch Du das perfekte Logo f\u00fcr Dich findest!\" \/>\n<meta name=\"robots\" content=\"index, follow, max-snippet:-1, max-image-preview:large, max-video-preview:-1\" \/>\n<link rel=\"canonical\" href=\"https:\/\/www.designenlassen.de\/blog\/15-farbverlauf-logos-mit-fliessenden-uebergaengen\/\" \/>\n<meta property=\"og:locale\" content=\"de_DE\" \/>\n<meta property=\"og:type\" content=\"article\" \/>\n<meta property=\"og:title\" content=\"25+ Farbverlauf-Logos mit flie\u00dfenden \u00dcberg\u00e4ngen\" \/>\n<meta property=\"og:description\" content=\"Wir zeigen Dir in unserer Logo-Galerie einige Farbverlauf-Logos als Inspiration, damit auch Du das perfekte Logo f\u00fcr Dich findest!\" \/>\n<meta property=\"og:url\" content=\"https:\/\/www.designenlassen.de\/blog\/15-farbverlauf-logos-mit-fliessenden-uebergaengen\/\" \/>\n<meta property=\"og:site_name\" content=\"designenlassen.de Blog\" \/>\n<meta property=\"article:author\" content=\"designenlassen\/\" \/>\n<meta property=\"article:published_time\" content=\"2021-01-20T08:00:00+00:00\" \/>\n<meta property=\"article:modified_time\" content=\"2024-10-04T07:11:28+00:00\" \/>\n<meta property=\"og:image\" content=\"https:\/\/www.designenlassen.de\/blog\/wp-content\/uploads\/2021\/01\/Logo-mit-Farbverlauf-ergocomb-583698-amrproject.png\" \/>\n\t<meta property=\"og:image:width\" content=\"338\" \/>\n\t<meta property=\"og:image:height\" content=\"338\" \/>\n\t<meta property=\"og:image:type\" content=\"image\/png\" \/>\n<meta name=\"author\" content=\"Christina\" \/>\n<meta name=\"twitter:card\" content=\"summary_large_image\" \/>\n<meta name=\"twitter:label1\" content=\"Verfasst von\" \/>\n\t<meta name=\"twitter:data1\" content=\"Christina\" \/>\n\t<meta name=\"twitter:label2\" content=\"Gesch\u00e4tzte Lesezeit\" \/>\n\t<meta name=\"twitter:data2\" content=\"8\u00a0Minuten\" \/>\n<script type=\"application\/ld+json\" class=\"yoast-schema-graph\">{\"@context\":\"https:\\\/\\\/schema.org\",\"@graph\":[{\"@type\":\"Article\",\"@id\":\"https:\\\/\\\/www.designenlassen.de\\\/blog\\\/15-farbverlauf-logos-mit-fliessenden-uebergaengen\\\/#article\",\"isPartOf\":{\"@id\":\"https:\\\/\\\/www.designenlassen.de\\\/blog\\\/15-farbverlauf-logos-mit-fliessenden-uebergaengen\\\/\"},\"author\":{\"name\":\"Christina\",\"@id\":\"https:\\\/\\\/www.designenlassen.de\\\/blog\\\/#\\\/schema\\\/person\\\/858ff7f9025247949c1b922431f97734\"},\"headline\":\"25 Farbverlauf Logos mit flie\u00dfenden \u00dcberg\u00e4ngen\",\"datePublished\":\"2021-01-20T08:00:00+00:00\",\"dateModified\":\"2024-10-04T07:11:28+00:00\",\"mainEntityOfPage\":{\"@id\":\"https:\\\/\\\/www.designenlassen.de\\\/blog\\\/15-farbverlauf-logos-mit-fliessenden-uebergaengen\\\/\"},\"wordCount\":417,\"commentCount\":0,\"image\":{\"@id\":\"https:\\\/\\\/www.designenlassen.de\\\/blog\\\/15-farbverlauf-logos-mit-fliessenden-uebergaengen\\\/#primaryimage\"},\"thumbnailUrl\":\"https:\\\/\\\/www.designenlassen.de\\\/blog\\\/wp-content\\\/uploads\\\/2021\\\/01\\\/Logo-mit-Farbverlauf-ergocomb-583698-amrproject.png\",\"articleSection\":[\"Design-Galerien\"],\"inLanguage\":\"de\",\"potentialAction\":[{\"@type\":\"CommentAction\",\"name\":\"Comment\",\"target\":[\"https:\\\/\\\/www.designenlassen.de\\\/blog\\\/15-farbverlauf-logos-mit-fliessenden-uebergaengen\\\/#respond\"]}]},{\"@type\":\"WebPage\",\"@id\":\"https:\\\/\\\/www.designenlassen.de\\\/blog\\\/15-farbverlauf-logos-mit-fliessenden-uebergaengen\\\/\",\"url\":\"https:\\\/\\\/www.designenlassen.de\\\/blog\\\/15-farbverlauf-logos-mit-fliessenden-uebergaengen\\\/\",\"name\":\"25+ Farbverlauf-Logos mit flie\u00dfenden \u00dcberg\u00e4ngen\",\"isPartOf\":{\"@id\":\"https:\\\/\\\/www.designenlassen.de\\\/blog\\\/#website\"},\"primaryImageOfPage\":{\"@id\":\"https:\\\/\\\/www.designenlassen.de\\\/blog\\\/15-farbverlauf-logos-mit-fliessenden-uebergaengen\\\/#primaryimage\"},\"image\":{\"@id\":\"https:\\\/\\\/www.designenlassen.de\\\/blog\\\/15-farbverlauf-logos-mit-fliessenden-uebergaengen\\\/#primaryimage\"},\"thumbnailUrl\":\"https:\\\/\\\/www.designenlassen.de\\\/blog\\\/wp-content\\\/uploads\\\/2021\\\/01\\\/Logo-mit-Farbverlauf-ergocomb-583698-amrproject.png\",\"datePublished\":\"2021-01-20T08:00:00+00:00\",\"dateModified\":\"2024-10-04T07:11:28+00:00\",\"author\":{\"@id\":\"https:\\\/\\\/www.designenlassen.de\\\/blog\\\/#\\\/schema\\\/person\\\/858ff7f9025247949c1b922431f97734\"},\"description\":\"Wir zeigen Dir in unserer Logo-Galerie einige Farbverlauf-Logos als Inspiration, damit auch Du das perfekte Logo f\u00fcr Dich findest!\",\"breadcrumb\":{\"@id\":\"https:\\\/\\\/www.designenlassen.de\\\/blog\\\/15-farbverlauf-logos-mit-fliessenden-uebergaengen\\\/#breadcrumb\"},\"inLanguage\":\"de\",\"potentialAction\":[{\"@type\":\"ReadAction\",\"target\":[\"https:\\\/\\\/www.designenlassen.de\\\/blog\\\/15-farbverlauf-logos-mit-fliessenden-uebergaengen\\\/\"]}]},{\"@type\":\"ImageObject\",\"inLanguage\":\"de\",\"@id\":\"https:\\\/\\\/www.designenlassen.de\\\/blog\\\/15-farbverlauf-logos-mit-fliessenden-uebergaengen\\\/#primaryimage\",\"url\":\"https:\\\/\\\/www.designenlassen.de\\\/blog\\\/wp-content\\\/uploads\\\/2021\\\/01\\\/Logo-mit-Farbverlauf-ergocomb-583698-amrproject.png\",\"contentUrl\":\"https:\\\/\\\/www.designenlassen.de\\\/blog\\\/wp-content\\\/uploads\\\/2021\\\/01\\\/Logo-mit-Farbverlauf-ergocomb-583698-amrproject.png\",\"width\":338,\"height\":338,\"caption\":\"Logo-mit-Farbverlauf-ergocomb\"},{\"@type\":\"BreadcrumbList\",\"@id\":\"https:\\\/\\\/www.designenlassen.de\\\/blog\\\/15-farbverlauf-logos-mit-fliessenden-uebergaengen\\\/#breadcrumb\",\"itemListElement\":[{\"@type\":\"ListItem\",\"position\":1,\"name\":\"Start\",\"item\":\"https:\\\/\\\/www.designenlassen.de\\\/blog\\\/\"},{\"@type\":\"ListItem\",\"position\":2,\"name\":\"25 Farbverlauf Logos mit flie\u00dfenden \u00dcberg\u00e4ngen\"}]},{\"@type\":\"WebSite\",\"@id\":\"https:\\\/\\\/www.designenlassen.de\\\/blog\\\/#website\",\"url\":\"https:\\\/\\\/www.designenlassen.de\\\/blog\\\/\",\"name\":\"designenlassen.de Blog\",\"description\":\"Inspirationen, Tipps und Ideen f\u00fcr Designer sowie Gr\u00fcnder und Kleinbetriebe.\",\"potentialAction\":[{\"@type\":\"SearchAction\",\"target\":{\"@type\":\"EntryPoint\",\"urlTemplate\":\"https:\\\/\\\/www.designenlassen.de\\\/blog\\\/?s={search_term_string}\"},\"query-input\":{\"@type\":\"PropertyValueSpecification\",\"valueRequired\":true,\"valueName\":\"search_term_string\"}}],\"inLanguage\":\"de\"},{\"@type\":\"Person\",\"@id\":\"https:\\\/\\\/www.designenlassen.de\\\/blog\\\/#\\\/schema\\\/person\\\/858ff7f9025247949c1b922431f97734\",\"name\":\"Christina\",\"image\":{\"@type\":\"ImageObject\",\"inLanguage\":\"de\",\"@id\":\"https:\\\/\\\/secure.gravatar.com\\\/avatar\\\/31045bfe41c5fbc86ecbb135f792148b4bf1bee47931b9c8d47c74611d912026?s=96&d=mm&r=g\",\"url\":\"https:\\\/\\\/secure.gravatar.com\\\/avatar\\\/31045bfe41c5fbc86ecbb135f792148b4bf1bee47931b9c8d47c74611d912026?s=96&d=mm&r=g\",\"contentUrl\":\"https:\\\/\\\/secure.gravatar.com\\\/avatar\\\/31045bfe41c5fbc86ecbb135f792148b4bf1bee47931b9c8d47c74611d912026?s=96&d=mm&r=g\",\"caption\":\"Christina\"},\"description\":\"Christina ist bei designenlassen.de f\u00fcr das Content-Marketing &amp; die Social Media Kan\u00e4le zust\u00e4ndig. Sie schreibt hier im Blog zu verschiedensten Design-Themen.\",\"sameAs\":[\"designenlassen\\\/\"],\"url\":\"https:\\\/\\\/www.designenlassen.de\\\/blog\\\/author\\\/christina\\\/\"}]}<\/script>\n<!-- \/ Yoast SEO plugin. -->","yoast_head_json":{"title":"25+ Farbverlauf-Logos mit flie\u00dfenden \u00dcberg\u00e4ngen","description":"Wir zeigen Dir in unserer Logo-Galerie einige Farbverlauf-Logos als Inspiration, damit auch Du das perfekte Logo f\u00fcr Dich findest!","robots":{"index":"index","follow":"follow","max-snippet":"max-snippet:-1","max-image-preview":"max-image-preview:large","max-video-preview":"max-video-preview:-1"},"canonical":"https:\/\/www.designenlassen.de\/blog\/15-farbverlauf-logos-mit-fliessenden-uebergaengen\/","og_locale":"de_DE","og_type":"article","og_title":"25+ Farbverlauf-Logos mit flie\u00dfenden \u00dcberg\u00e4ngen","og_description":"Wir zeigen Dir in unserer Logo-Galerie einige Farbverlauf-Logos als Inspiration, damit auch Du das perfekte Logo f\u00fcr Dich findest!","og_url":"https:\/\/www.designenlassen.de\/blog\/15-farbverlauf-logos-mit-fliessenden-uebergaengen\/","og_site_name":"designenlassen.de Blog","article_author":"designenlassen\/","article_published_time":"2021-01-20T08:00:00+00:00","article_modified_time":"2024-10-04T07:11:28+00:00","og_image":[{"width":338,"height":338,"url":"https:\/\/www.designenlassen.de\/blog\/wp-content\/uploads\/2021\/01\/Logo-mit-Farbverlauf-ergocomb-583698-amrproject.png","type":"image\/png"}],"author":"Christina","twitter_card":"summary_large_image","twitter_misc":{"Verfasst von":"Christina","Gesch\u00e4tzte Lesezeit":"8\u00a0Minuten"},"schema":{"@context":"https:\/\/schema.org","@graph":[{"@type":"Article","@id":"https:\/\/www.designenlassen.de\/blog\/15-farbverlauf-logos-mit-fliessenden-uebergaengen\/#article","isPartOf":{"@id":"https:\/\/www.designenlassen.de\/blog\/15-farbverlauf-logos-mit-fliessenden-uebergaengen\/"},"author":{"name":"Christina","@id":"https:\/\/www.designenlassen.de\/blog\/#\/schema\/person\/858ff7f9025247949c1b922431f97734"},"headline":"25 Farbverlauf Logos mit flie\u00dfenden \u00dcberg\u00e4ngen","datePublished":"2021-01-20T08:00:00+00:00","dateModified":"2024-10-04T07:11:28+00:00","mainEntityOfPage":{"@id":"https:\/\/www.designenlassen.de\/blog\/15-farbverlauf-logos-mit-fliessenden-uebergaengen\/"},"wordCount":417,"commentCount":0,"image":{"@id":"https:\/\/www.designenlassen.de\/blog\/15-farbverlauf-logos-mit-fliessenden-uebergaengen\/#primaryimage"},"thumbnailUrl":"https:\/\/www.designenlassen.de\/blog\/wp-content\/uploads\/2021\/01\/Logo-mit-Farbverlauf-ergocomb-583698-amrproject.png","articleSection":["Design-Galerien"],"inLanguage":"de","potentialAction":[{"@type":"CommentAction","name":"Comment","target":["https:\/\/www.designenlassen.de\/blog\/15-farbverlauf-logos-mit-fliessenden-uebergaengen\/#respond"]}]},{"@type":"WebPage","@id":"https:\/\/www.designenlassen.de\/blog\/15-farbverlauf-logos-mit-fliessenden-uebergaengen\/","url":"https:\/\/www.designenlassen.de\/blog\/15-farbverlauf-logos-mit-fliessenden-uebergaengen\/","name":"25+ Farbverlauf-Logos mit flie\u00dfenden \u00dcberg\u00e4ngen","isPartOf":{"@id":"https:\/\/www.designenlassen.de\/blog\/#website"},"primaryImageOfPage":{"@id":"https:\/\/www.designenlassen.de\/blog\/15-farbverlauf-logos-mit-fliessenden-uebergaengen\/#primaryimage"},"image":{"@id":"https:\/\/www.designenlassen.de\/blog\/15-farbverlauf-logos-mit-fliessenden-uebergaengen\/#primaryimage"},"thumbnailUrl":"https:\/\/www.designenlassen.de\/blog\/wp-content\/uploads\/2021\/01\/Logo-mit-Farbverlauf-ergocomb-583698-amrproject.png","datePublished":"2021-01-20T08:00:00+00:00","dateModified":"2024-10-04T07:11:28+00:00","author":{"@id":"https:\/\/www.designenlassen.de\/blog\/#\/schema\/person\/858ff7f9025247949c1b922431f97734"},"description":"Wir zeigen Dir in unserer Logo-Galerie einige Farbverlauf-Logos als Inspiration, damit auch Du das perfekte Logo f\u00fcr Dich findest!","breadcrumb":{"@id":"https:\/\/www.designenlassen.de\/blog\/15-farbverlauf-logos-mit-fliessenden-uebergaengen\/#breadcrumb"},"inLanguage":"de","potentialAction":[{"@type":"ReadAction","target":["https:\/\/www.designenlassen.de\/blog\/15-farbverlauf-logos-mit-fliessenden-uebergaengen\/"]}]},{"@type":"ImageObject","inLanguage":"de","@id":"https:\/\/www.designenlassen.de\/blog\/15-farbverlauf-logos-mit-fliessenden-uebergaengen\/#primaryimage","url":"https:\/\/www.designenlassen.de\/blog\/wp-content\/uploads\/2021\/01\/Logo-mit-Farbverlauf-ergocomb-583698-amrproject.png","contentUrl":"https:\/\/www.designenlassen.de\/blog\/wp-content\/uploads\/2021\/01\/Logo-mit-Farbverlauf-ergocomb-583698-amrproject.png","width":338,"height":338,"caption":"Logo-mit-Farbverlauf-ergocomb"},{"@type":"BreadcrumbList","@id":"https:\/\/www.designenlassen.de\/blog\/15-farbverlauf-logos-mit-fliessenden-uebergaengen\/#breadcrumb","itemListElement":[{"@type":"ListItem","position":1,"name":"Start","item":"https:\/\/www.designenlassen.de\/blog\/"},{"@type":"ListItem","position":2,"name":"25 Farbverlauf Logos mit flie\u00dfenden \u00dcberg\u00e4ngen"}]},{"@type":"WebSite","@id":"https:\/\/www.designenlassen.de\/blog\/#website","url":"https:\/\/www.designenlassen.de\/blog\/","name":"designenlassen.de Blog","description":"Inspirationen, Tipps und Ideen f\u00fcr Designer sowie Gr\u00fcnder und Kleinbetriebe.","potentialAction":[{"@type":"SearchAction","target":{"@type":"EntryPoint","urlTemplate":"https:\/\/www.designenlassen.de\/blog\/?s={search_term_string}"},"query-input":{"@type":"PropertyValueSpecification","valueRequired":true,"valueName":"search_term_string"}}],"inLanguage":"de"},{"@type":"Person","@id":"https:\/\/www.designenlassen.de\/blog\/#\/schema\/person\/858ff7f9025247949c1b922431f97734","name":"Christina","image":{"@type":"ImageObject","inLanguage":"de","@id":"https:\/\/secure.gravatar.com\/avatar\/31045bfe41c5fbc86ecbb135f792148b4bf1bee47931b9c8d47c74611d912026?s=96&d=mm&r=g","url":"https:\/\/secure.gravatar.com\/avatar\/31045bfe41c5fbc86ecbb135f792148b4bf1bee47931b9c8d47c74611d912026?s=96&d=mm&r=g","contentUrl":"https:\/\/secure.gravatar.com\/avatar\/31045bfe41c5fbc86ecbb135f792148b4bf1bee47931b9c8d47c74611d912026?s=96&d=mm&r=g","caption":"Christina"},"description":"Christina ist bei designenlassen.de f\u00fcr das Content-Marketing &amp; die Social Media Kan\u00e4le zust\u00e4ndig. Sie schreibt hier im Blog zu verschiedensten Design-Themen.","sameAs":["designenlassen\/"],"url":"https:\/\/www.designenlassen.de\/blog\/author\/christina\/"}]}},"_links":{"self":[{"href":"https:\/\/www.designenlassen.de\/blog\/wp-json\/wp\/v2\/posts\/23220","targetHints":{"allow":["GET"]}}],"collection":[{"href":"https:\/\/www.designenlassen.de\/blog\/wp-json\/wp\/v2\/posts"}],"about":[{"href":"https:\/\/www.designenlassen.de\/blog\/wp-json\/wp\/v2\/types\/post"}],"author":[{"embeddable":true,"href":"https:\/\/www.designenlassen.de\/blog\/wp-json\/wp\/v2\/users\/10"}],"replies":[{"embeddable":true,"href":"https:\/\/www.designenlassen.de\/blog\/wp-json\/wp\/v2\/comments?post=23220"}],"version-history":[{"count":4,"href":"https:\/\/www.designenlassen.de\/blog\/wp-json\/wp\/v2\/posts\/23220\/revisions"}],"predecessor-version":[{"id":32747,"href":"https:\/\/www.designenlassen.de\/blog\/wp-json\/wp\/v2\/posts\/23220\/revisions\/32747"}],"wp:featuredmedia":[{"embeddable":true,"href":"https:\/\/www.designenlassen.de\/blog\/wp-json\/wp\/v2\/media\/23228"}],"wp:attachment":[{"href":"https:\/\/www.designenlassen.de\/blog\/wp-json\/wp\/v2\/media?parent=23220"}],"wp:term":[{"taxonomy":"category","embeddable":true,"href":"https:\/\/www.designenlassen.de\/blog\/wp-json\/wp\/v2\/categories?post=23220"},{"taxonomy":"post_tag","embeddable":true,"href":"https:\/\/www.designenlassen.de\/blog\/wp-json\/wp\/v2\/tags?post=23220"}],"curies":[{"name":"wp","href":"https:\/\/api.w.org\/{rel}","templated":true}]}}