{"id":23472,"date":"2021-05-03T14:00:00","date_gmt":"2021-05-03T12:00:00","guid":{"rendered":"https:\/\/www.designenlassen.de\/blog\/?p=23472"},"modified":"2021-10-19T14:32:25","modified_gmt":"2021-10-19T12:32:25","slug":"die-designerin-hat-den-ansatz-sofort-verstanden-und-meine-erwartungen-mehr-als-erfuellt-interview-mit-katharina-schoen","status":"publish","type":"post","link":"https:\/\/www.designenlassen.de\/blog\/die-designerin-hat-den-ansatz-sofort-verstanden-und-meine-erwartungen-mehr-als-erfuellt-interview-mit-katharina-schoen\/","title":{"rendered":"\u201eDie Designerin hat den Ansatz sofort verstanden und meine Erwartungen mehr als erf\u00fcllt.\u201c &#8211; Interview mit Katharina Sch\u00f6n"},"content":{"rendered":"\n<div class=\"wp-block-media-text alignwide\" style=\"grid-template-columns:40% auto\"><figure class=\"wp-block-media-text__media\"><img fetchpriority=\"high\" decoding=\"async\" width=\"815\" height=\"1024\" src=\"https:\/\/www.designenlassen.de\/blog\/wp-content\/uploads\/2021\/02\/Katharina_Schoen_Auftraggeber_Interview-1-815x1024.jpg\" alt=\"\" class=\"wp-image-23485 size-full\" srcset=\"https:\/\/www.designenlassen.de\/blog\/wp-content\/uploads\/2021\/02\/Katharina_Schoen_Auftraggeber_Interview-1-815x1024.jpg 815w, https:\/\/www.designenlassen.de\/blog\/wp-content\/uploads\/2021\/02\/Katharina_Schoen_Auftraggeber_Interview-1-239x300.jpg 239w, https:\/\/www.designenlassen.de\/blog\/wp-content\/uploads\/2021\/02\/Katharina_Schoen_Auftraggeber_Interview-1-768x965.jpg 768w, https:\/\/www.designenlassen.de\/blog\/wp-content\/uploads\/2021\/02\/Katharina_Schoen_Auftraggeber_Interview-1-1222x1536.jpg 1222w, https:\/\/www.designenlassen.de\/blog\/wp-content\/uploads\/2021\/02\/Katharina_Schoen_Auftraggeber_Interview-1-1629x2048.jpg 1629w, https:\/\/www.designenlassen.de\/blog\/wp-content\/uploads\/2021\/02\/Katharina_Schoen_Auftraggeber_Interview-1-scaled.jpg 2037w\" sizes=\"(max-width: 815px) 100vw, 815px\" \/><\/figure><div class=\"wp-block-media-text__content\">\n<p>  <br>In diesem Auftraggeber-Interview steht uns Katharina Sch\u00f6n von <a href=\"https:\/\/better-without.de\/\">BETTER WITHOUT<\/a> Rede und Antwort. Sie hat ihr Logo-Design auf <a href=\"https:\/\/www.designenlassen.de\/\">designenlassen.de<\/a> gefunden. Hier geht&#8217;s zu ihrem Projekt: <a href=\"https:\/\/www.designenlassen.de\/968599-logo-und-visitenkarte-fuer-mobilen-unverpackt-laden\">Logo-Design f\u00fcr mobilen Unverpackt-Laden<\/a>.<\/p>\n<\/div><\/div>\n\n\n\n<p><\/p>\n\n\n\n<h2 class=\"wp-block-heading\">Erz\u00e4hlen Sie uns doch etwas \u00fcber sich.<\/h2>\n\n\n\n<p>Ich bin Katharina Sch\u00f6n, 40 Jahre alt, Outdoor-Enthusiast, Vanlife-Lover, Zero-waste-Anh\u00e4ngerin, verheiratet, Mutter von 2 Kindern und Diplom-Kauffrau.<\/p>\n\n\n\n<p>Bei BETTER WITHOUT handelt es sich um einen mobilen Unverpackt-Laden, also ein Verkaufsfahrzeug, mit dem ich zun\u00e4chst auf Wochenm\u00e4rkten stehen werde, um unverpackte, qualitativ hochwertige Lebensmittel zu verkaufen (prim\u00e4r Trockenprodukte wie Nudeln, Getreide, Cerealien, Gew\u00fcrze etc.) sowie sonstige Produkte f\u00fcr einen plastikfreien Alltag (Naturseifen, Bienenwachst\u00fccher, plastikfreie Strohhalme etc.). <\/p>\n\n\n\n<figure class=\"wp-block-gallery columns-1 is-cropped wp-block-gallery-1 is-layout-flex wp-block-gallery-is-layout-flex\"><ul class=\"blocks-gallery-grid\"><li class=\"blocks-gallery-item\"><figure><img decoding=\"async\" width=\"1024\" height=\"683\" src=\"https:\/\/www.designenlassen.de\/blog\/wp-content\/uploads\/2021\/05\/better_without_unverpackt_truck-1024x683.jpg\" alt=\"\" data-id=\"24320\" data-full-url=\"https:\/\/www.designenlassen.de\/blog\/wp-content\/uploads\/2021\/05\/better_without_unverpackt_truck.jpg\" data-link=\"https:\/\/www.designenlassen.de\/blog\/die-designerin-hat-den-ansatz-sofort-verstanden-und-meine-erwartungen-mehr-als-erfuellt-interview-mit-katharina-schoen\/better_without_unverpackt_truck\/\" class=\"wp-image-24320\" srcset=\"https:\/\/www.designenlassen.de\/blog\/wp-content\/uploads\/2021\/05\/better_without_unverpackt_truck-1024x683.jpg 1024w, https:\/\/www.designenlassen.de\/blog\/wp-content\/uploads\/2021\/05\/better_without_unverpackt_truck-300x200.jpg 300w, https:\/\/www.designenlassen.de\/blog\/wp-content\/uploads\/2021\/05\/better_without_unverpackt_truck-768x512.jpg 768w, https:\/\/www.designenlassen.de\/blog\/wp-content\/uploads\/2021\/05\/better_without_unverpackt_truck-1536x1024.jpg 1536w, https:\/\/www.designenlassen.de\/blog\/wp-content\/uploads\/2021\/05\/better_without_unverpackt_truck.jpg 2048w\" sizes=\"(max-width: 1024px) 100vw, 1024px\" \/><figcaption class=\"blocks-gallery-item__caption\"><a href=\"https:\/\/www.designenlassen.de\/968599-logo-und-visitenkarte-fuer-mobilen-unverpackt-laden\">Logo-Design f\u00fcr BETTER WITHOUT von madeline<\/a><\/figcaption><\/figure><\/li><\/ul><\/figure>\n\n\n\n<p>Im zweiten Schritt plane ich dann auch Kooperationen mit Firmen und Organisationen wie z.B. Kitas, um es den Mitarbeitern bzw. den Eltern zu erm\u00f6glichen, w\u00e4hrend der Mittagspause bzw. beim Abholen der Kinder unkompliziert unverpackt und plastikfrei einzukaufen. Meine \u201eMission\u201c ist es also, das unverpackte Einkaufen einer breiteren Masse schmackhaft und zug\u00e4nglich zu machen, indem ich Nachhaltigkeit mit Convenience verbinde. <\/p>\n\n\n\n<p>Das Ganze werde ich zumindest zu Beginn als \u201eOne-Woman-Show\u201c betreiben, sprich, in meinen Aufgabenbereich f\u00e4llt alles, vom Einkauf \u00fcber die Buchhaltung und das Marketing, bis hin zum Fahren des Trucks und nat\u00fcrlich auch der Verkauf.<\/p>\n\n\n\n<h2 class=\"wp-block-heading\">Wie sind Sie auf die Idee gekommen, Ihren eigenen Laden zu er\u00f6ffnen?<\/h2>\n\n\n\n<p>Ich bin letztes Jahr zusammen mit meinem Mann und meinen beiden Kindern im Camper durch S\u00fcdamerika gereist. Urspr\u00fcnglich hatten wir vor, ein ganzes Jahr unterwegs zu sein, doch dann kam Corona und wir mussten unsere Reise 4 Monate fr\u00fcher als geplant abbrechen. <\/p>\n\n\n\n<p>In der Nacht nachdem wir uns dazu entschieden hatten, dass wir versuchen werden, einen Platz in einem R\u00fcckholflieger zu bekommen, lag ich lange wach. Ich hatte wenige Wochen davor erfahren, dass mein bisheriger Arbeitgeber noch vor Corona Insolvenz angemeldet hatte. Insofern war es unsicher, wie es mit meinem bisherigen Job weitergehen w\u00fcrde. <\/p>\n\n\n\n<p>Ich hatte schon fr\u00fcher mit der Idee eines Unverpackt-Ladens gelieb\u00e4ugelt, aber erstens hatte in der Zwischenzeit in meiner Heimatstadt ein Unverpackt-Laden er\u00f6ffnet und zweites widerstrebte mir nach so langer Zeit \u201eon the road\u201c der Gedanke, tagein tagaus von fr\u00fch bis sp\u00e4t immer im gleichen Laden zu stehen. Und dann kam mir pl\u00f6tzlich die Idee, einen Unverpackt-Truck zu er\u00f6ffnen.<\/p>\n\n\n\n<h2 class=\"wp-block-heading\">Was genau haben Sie auf designenlassen.de ausgeschrieben und wieso haben Sie sich dazu entschieden, das Projekt als Designwettbewerb durchzuf\u00fchren? <\/h2>\n\n\n\n<p>Ich habe das Logo-Design, sowie den Entwurf von Visitenkarten auf designenlassen.de ausgeschrieben. Auf die Farbe hatte ich mich vorab festgelegt, aber ansonsten hatte ich keine konkrete Vorstellung davon, wie mein Logo aussehen sollte. Ich hatte die Hoffnung, dass das Thema durch den Design-Wettbewerb aus den unterschiedlichsten Blickwinkeln interpretiert wird und daraus diverse Ans\u00e4tze resultieren. Und diese Hoffnung wurde nicht entt\u00e4uscht.<\/p>\n\n\n\n<h2 class=\"wp-block-heading\">Was hat Ihnen besonders gut am Projektverlauf gefallen? <\/h2>\n\n\n\n<p>Besonders angenehm am Projektverlauf fand ich den gut strukturierten Ablauf und den schnellen, netten und unkomplizierten Austausch mit den Designern.<\/p>\n\n\n\n<h2 class=\"wp-block-heading\">K\u00f6nnen Sie uns sagen, warum Sie sich f\u00fcr genau dieses Gewinnerdesign entschieden haben? <\/h2>\n\n\n\n<p>Das Gewinnerdesign war der zweite Entwurf, den ich erhalten hatte und es stand eigentlich sehr schnell fest, dass dieses Design, mit ein paar kleinen Anpassungen, das Gewinnerdesign werden w\u00fcrde. F\u00fcr mich war es wichtig, dass das Logo \u00fcber ein Icon mit einem hohen Wiedererkennungswert verf\u00fcgt, das ich auch einzeln verwenden kann. Auch sollte das Logo ohne den Claim nutzbar sein. Das Icon bringt die Kernidee aus meiner Sicht ideal zum Ausdruck: \u201eNatur pur aus dem Glas.\u201c Oder auch: \u201eDie Verwendung von Mehrweggl\u00e4sern sch\u00fctzt die Natur\u201c. Auch emotional hat es mich pers\u00f6nlich sehr angesprochen aufgrund meiner Leidenschaft f\u00fcr die Berge und die Natur.<\/p>\n\n\n\n<figure class=\"wp-block-gallery aligncenter columns-0 is-cropped wp-block-gallery-2 is-layout-flex wp-block-gallery-is-layout-flex\"><ul class=\"blocks-gallery-grid\"><li class=\"blocks-gallery-item\"><figure><img decoding=\"async\" width=\"883\" height=\"1024\" src=\"https:\/\/www.designenlassen.de\/blog\/wp-content\/uploads\/2021\/02\/better_without_nachhaltiges_Logo-883x1024.jpg\" alt=\"\" data-id=\"23476\" data-full-url=\"https:\/\/www.designenlassen.de\/blog\/wp-content\/uploads\/2021\/02\/better_without_nachhaltiges_Logo.jpg\" data-link=\"https:\/\/www.designenlassen.de\/blog\/?attachment_id=23476\" class=\"wp-image-23476\" srcset=\"https:\/\/www.designenlassen.de\/blog\/wp-content\/uploads\/2021\/02\/better_without_nachhaltiges_Logo-883x1024.jpg 883w, https:\/\/www.designenlassen.de\/blog\/wp-content\/uploads\/2021\/02\/better_without_nachhaltiges_Logo-259x300.jpg 259w, https:\/\/www.designenlassen.de\/blog\/wp-content\/uploads\/2021\/02\/better_without_nachhaltiges_Logo-768x891.jpg 768w, https:\/\/www.designenlassen.de\/blog\/wp-content\/uploads\/2021\/02\/better_without_nachhaltiges_Logo.jpg 1000w\" sizes=\"(max-width: 883px) 100vw, 883px\" \/><figcaption class=\"blocks-gallery-item__caption\"><a href=\"https:\/\/www.designenlassen.de\/968599-logo-und-visitenkarte-fuer-mobilen-unverpackt-laden\">Nachhaltiges Logo f\u00fcr Unverpackt-Truck BETTER WITHOUT<\/a><\/figcaption><\/figure><\/li><\/ul><\/figure>\n\n\n\n<p>Die Typewriter-Schrift spiegelt den nostalgischen Aspekt des unverpackt Einkaufens wider, dennoch wirkt das Logo in seiner Gesamtheit modern und passt somit perfekt zu meinem hoffentlich zukunftsweisenden Gesch\u00e4ftsmodell.<\/p>\n\n\n\n<p>Die Designerin <a href=\"https:\/\/www.designenlassen.de\/profil\/482941\">madeline<\/a>, die vorrangig Auftr\u00e4ge von <a href=\"https:\/\/www.designenlassen.de\/blog\/22-nachhaltige-logos-die-besonders-zukunftsorientiert-sind\/\">nachhaltigen und achtsamen Unternehmen<\/a> annimmt, hat den Ansatz sofort verstanden und meine Erwartungen mehr als erf\u00fcllt.<\/p>\n\n\n\n<h2 class=\"wp-block-heading\">Haben Sie hilfreiche Tipps f\u00fcr andere Auftraggeber, die ein Projekt ausschreiben m\u00f6chten? <\/h2>\n\n\n\n<p>Es ist sicherlich von Vorteil, das Briefing entsprechend ausf\u00fchrlich zu gestalten. So kann man sich lange, individuelle Abstimmungsprozesse mit den einzelnen Designern sparen. Ich habe davon zwar keinen Gebrauch gemacht, aber wenn man am Ende mehrere Favoriten hat und sich nicht f\u00fcr ein Design entscheiden kann, dann ist das Voting mit Sicherheit eine gute M\u00f6glichkeit, um das Gewinnerdesign festzulegen.<\/p>\n\n\n\n<h2 class=\"wp-block-heading\">Wie geht es jetzt weiter? Was sind Ihre zuk\u00fcnftigen Pl\u00e4ne mit dem neuen Design? <\/h2>\n\n\n\n<p>Momentan wird mein Truck noch ausgebaut. Bevor ich damit im April auf die ersten Wochenm\u00e4rkte losstarte, wird er nat\u00fcrlich ganz gro\u00df mit meinem Logo versehen werden. Das Logo wird sich eingestickt auf meinen Sch\u00fcrzen wiederfinden und es wird auf Taschen und Beutel gestempelt werden, die ich f\u00fcr das unverpackte Einkaufen zum Verkauf anbieten werde. Ansonsten verwende ich es bereits jetzt in meiner Kommunikation auf meiner Website <a href=\"http:\/\/www.better-without.de\">www.better-without.de<\/a> sowie auf meinen Social Media Kan\u00e4len (<a href=\"https:\/\/www.instagram.com\/betterwithout.unverpackttruck\/\">Instagram<\/a> und <a href=\"https:\/\/www.facebook.com\/betterwithout.unverpackttruck\">Facebook<\/a>).<\/p>\n\n\n\n<figure class=\"wp-block-gallery columns-2 is-cropped wp-block-gallery-3 is-layout-flex wp-block-gallery-is-layout-flex\"><ul class=\"blocks-gallery-grid\"><li class=\"blocks-gallery-item\"><figure><img loading=\"lazy\" decoding=\"async\" width=\"683\" height=\"1024\" src=\"https:\/\/www.designenlassen.de\/blog\/wp-content\/uploads\/2021\/05\/Auftraggeber_Interview_Katharina_Schoen-683x1024.jpg\" alt=\"\" data-id=\"24323\" data-link=\"https:\/\/www.designenlassen.de\/blog\/die-designerin-hat-den-ansatz-sofort-verstanden-und-meine-erwartungen-mehr-als-erfuellt-interview-mit-katharina-schoen\/auftraggeber_interview_katharina_schoen\/\" class=\"wp-image-24323\" srcset=\"https:\/\/www.designenlassen.de\/blog\/wp-content\/uploads\/2021\/05\/Auftraggeber_Interview_Katharina_Schoen-683x1024.jpg 683w, https:\/\/www.designenlassen.de\/blog\/wp-content\/uploads\/2021\/05\/Auftraggeber_Interview_Katharina_Schoen-200x300.jpg 200w, https:\/\/www.designenlassen.de\/blog\/wp-content\/uploads\/2021\/05\/Auftraggeber_Interview_Katharina_Schoen-768x1152.jpg 768w, https:\/\/www.designenlassen.de\/blog\/wp-content\/uploads\/2021\/05\/Auftraggeber_Interview_Katharina_Schoen-1024x1536.jpg 1024w, https:\/\/www.designenlassen.de\/blog\/wp-content\/uploads\/2021\/05\/Auftraggeber_Interview_Katharina_Schoen-1365x2048.jpg 1365w, https:\/\/www.designenlassen.de\/blog\/wp-content\/uploads\/2021\/05\/Auftraggeber_Interview_Katharina_Schoen-scaled.jpg 1707w\" sizes=\"(max-width: 683px) 100vw, 683px\" \/><\/figure><\/li><li class=\"blocks-gallery-item\"><figure><img decoding=\"async\" src=\"https:\/\/www.designenlassen.de\/blog\/wp-content\/uploads\/2021\/05\/better_without_truck_aufschrift-683x1024.jpg\" alt=\"\" data-id=\"24326\" data-full-url=\"https:\/\/www.designenlassen.de\/blog\/wp-content\/uploads\/2021\/05\/better_without_truck_aufschrift-scaled.jpg\" data-link=\"https:\/\/www.designenlassen.de\/blog\/die-designerin-hat-den-ansatz-sofort-verstanden-und-meine-erwartungen-mehr-als-erfuellt-interview-mit-katharina-schoen\/better_without_truck_aufschrift\/\" class=\"wp-image-24326\"\/><\/figure><\/li><\/ul><\/figure>\n\n\n\n<p>Wir bedanken uns bei Katharina Sch\u00f6n f\u00fcr das tolle Interview und w\u00fcnschen ihr weiterhin viel Erfolg!&nbsp;\ud83d\ude42 <\/p>\n\n\n\n<div class=\"sof\">\n<h2>Du bist auf der Suche nach einem individuellen Logo-Design?<\/h2>\n<p>Starte einen eigenen Designwettbewerb auf designenlassen.de und erhalte zahlreiche individuelle Vorschl\u00e4ge von unterschiedlichen Designern. Kein Risiko durch Preisgeld-zur\u00fcck-Garantie.<br><a class=\"btn aktion1\" href=\"https:\/\/www.designenlassen.de\/logo-design\">Jetzt starten<\/a><a class=\"btn aktion2\" href=\"https:\/\/www.designenlassen.de\/tour\">Mehr erfahren<\/a><\/p>\n<\/div>\n\n\n\n<h2 class=\"wp-block-heading\">\u00c4hnliche Themen<\/h2>\n\n\n\n<p><a href=\"https:\/\/www.designenlassen.de\/blog\/78-natur-logos-fuer-dein-healthy-business\/\">78 Natur Logos f\u00fcr Dein healthy Business<\/a><\/p>\n\n\n\n<p><a href=\"https:\/\/www.designenlassen.de\/blog\/gruene-logos-mit-denen-dein-unternehmen-gruenes-licht-erhaelt\/\">Gr\u00fcne Logos, mit denen Dein Unternehmen gr\u00fcnes Licht erh\u00e4lt<\/a><\/p>\n\n\n\n<p><a href=\"https:\/\/www.designenlassen.de\/blog\/25-pflanzen-logos-die-deinem-unternehmen-zum-wachstum-verhelfen\/\">25 Pflanzen Logos, die Deinem Unternehmen zum Wachstum verhelfen<\/a><\/p>\n","protected":false},"excerpt":{"rendered":"<p>In diesem Auftraggeber-Interview steht uns Katharina Sch\u00f6n von BETTER WITHOUT Rede und Antwort. Sie hat ihr&hellip;<\/p>\n","protected":false},"author":24,"featured_media":23482,"comment_status":"open","ping_status":"open","sticky":false,"template":"","format":"standard","meta":{"_lmt_disableupdate":"","_lmt_disable":"","footnotes":""},"categories":[7],"tags":[],"class_list":["post-23472","post","type-post","status-publish","format-standard","has-post-thumbnail","hentry","category-interviews"],"yoast_head":"<!-- This site is optimized with the Yoast SEO plugin v27.5 - https:\/\/yoast.com\/product\/yoast-seo-wordpress\/ -->\n<title>\u201eDie Designerin hat den Ansatz sofort verstanden und meine Erwartungen mehr als erf\u00fcllt.\u201c - Interview mit Katharina Sch\u00f6n - designenlassen.de Blog<\/title>\n<meta name=\"description\" content=\"In diesem Auftraggeber-Interview steht uns Katharina Sch\u00f6n von BETTER WITHOUT Rede und Antwort. Sie hat ihr Logo-Design auf designenlassen.de gefunden.\" \/>\n<meta name=\"robots\" content=\"index, follow, max-snippet:-1, max-image-preview:large, max-video-preview:-1\" \/>\n<link rel=\"canonical\" href=\"https:\/\/www.designenlassen.de\/blog\/die-designerin-hat-den-ansatz-sofort-verstanden-und-meine-erwartungen-mehr-als-erfuellt-interview-mit-katharina-schoen\/\" \/>\n<meta property=\"og:locale\" content=\"de_DE\" \/>\n<meta property=\"og:type\" content=\"article\" \/>\n<meta property=\"og:title\" content=\"\u201eDie Designerin hat den Ansatz sofort verstanden und meine Erwartungen mehr als erf\u00fcllt.\u201c - Interview mit Katharina Sch\u00f6n - designenlassen.de Blog\" \/>\n<meta property=\"og:description\" content=\"In diesem Auftraggeber-Interview steht uns Katharina Sch\u00f6n von BETTER WITHOUT Rede und Antwort. Sie hat ihr Logo-Design auf designenlassen.de gefunden.\" \/>\n<meta property=\"og:url\" content=\"https:\/\/www.designenlassen.de\/blog\/die-designerin-hat-den-ansatz-sofort-verstanden-und-meine-erwartungen-mehr-als-erfuellt-interview-mit-katharina-schoen\/\" \/>\n<meta property=\"og:site_name\" content=\"designenlassen.de Blog\" \/>\n<meta property=\"article:published_time\" content=\"2021-05-03T12:00:00+00:00\" \/>\n<meta property=\"article:modified_time\" content=\"2021-10-19T12:32:25+00:00\" \/>\n<meta property=\"og:image\" content=\"https:\/\/www.designenlassen.de\/blog\/wp-content\/uploads\/2021\/02\/better_without_natur_Logo.jpg\" \/>\n\t<meta property=\"og:image:width\" content=\"1080\" \/>\n\t<meta property=\"og:image:height\" content=\"1080\" \/>\n\t<meta property=\"og:image:type\" content=\"image\/jpeg\" \/>\n<meta name=\"author\" content=\"Patrick Schady\" \/>\n<meta name=\"twitter:card\" content=\"summary_large_image\" \/>\n<meta name=\"twitter:label1\" content=\"Verfasst von\" \/>\n\t<meta name=\"twitter:data1\" content=\"Patrick Schady\" \/>\n\t<meta name=\"twitter:label2\" content=\"Gesch\u00e4tzte Lesezeit\" \/>\n\t<meta name=\"twitter:data2\" content=\"5\u00a0Minuten\" \/>\n<script type=\"application\/ld+json\" class=\"yoast-schema-graph\">{\"@context\":\"https:\\\/\\\/schema.org\",\"@graph\":[{\"@type\":\"Article\",\"@id\":\"https:\\\/\\\/www.designenlassen.de\\\/blog\\\/die-designerin-hat-den-ansatz-sofort-verstanden-und-meine-erwartungen-mehr-als-erfuellt-interview-mit-katharina-schoen\\\/#article\",\"isPartOf\":{\"@id\":\"https:\\\/\\\/www.designenlassen.de\\\/blog\\\/die-designerin-hat-den-ansatz-sofort-verstanden-und-meine-erwartungen-mehr-als-erfuellt-interview-mit-katharina-schoen\\\/\"},\"author\":{\"name\":\"Patrick Schady\",\"@id\":\"https:\\\/\\\/www.designenlassen.de\\\/blog\\\/#\\\/schema\\\/person\\\/1e6e4a367ec0359155d5fbb01227c1ca\"},\"headline\":\"\u201eDie Designerin hat den Ansatz sofort verstanden und meine Erwartungen mehr als erf\u00fcllt.\u201c &#8211; Interview mit Katharina Sch\u00f6n\",\"datePublished\":\"2021-05-03T12:00:00+00:00\",\"dateModified\":\"2021-10-19T12:32:25+00:00\",\"mainEntityOfPage\":{\"@id\":\"https:\\\/\\\/www.designenlassen.de\\\/blog\\\/die-designerin-hat-den-ansatz-sofort-verstanden-und-meine-erwartungen-mehr-als-erfuellt-interview-mit-katharina-schoen\\\/\"},\"wordCount\":969,\"commentCount\":0,\"image\":{\"@id\":\"https:\\\/\\\/www.designenlassen.de\\\/blog\\\/die-designerin-hat-den-ansatz-sofort-verstanden-und-meine-erwartungen-mehr-als-erfuellt-interview-mit-katharina-schoen\\\/#primaryimage\"},\"thumbnailUrl\":\"https:\\\/\\\/www.designenlassen.de\\\/blog\\\/wp-content\\\/uploads\\\/2021\\\/02\\\/better_without_natur_Logo.jpg\",\"articleSection\":[\"Interviews\"],\"inLanguage\":\"de\",\"potentialAction\":[{\"@type\":\"CommentAction\",\"name\":\"Comment\",\"target\":[\"https:\\\/\\\/www.designenlassen.de\\\/blog\\\/die-designerin-hat-den-ansatz-sofort-verstanden-und-meine-erwartungen-mehr-als-erfuellt-interview-mit-katharina-schoen\\\/#respond\"]}]},{\"@type\":\"WebPage\",\"@id\":\"https:\\\/\\\/www.designenlassen.de\\\/blog\\\/die-designerin-hat-den-ansatz-sofort-verstanden-und-meine-erwartungen-mehr-als-erfuellt-interview-mit-katharina-schoen\\\/\",\"url\":\"https:\\\/\\\/www.designenlassen.de\\\/blog\\\/die-designerin-hat-den-ansatz-sofort-verstanden-und-meine-erwartungen-mehr-als-erfuellt-interview-mit-katharina-schoen\\\/\",\"name\":\"\u201eDie Designerin hat den Ansatz sofort verstanden und meine Erwartungen mehr als erf\u00fcllt.\u201c - Interview mit Katharina Sch\u00f6n - designenlassen.de Blog\",\"isPartOf\":{\"@id\":\"https:\\\/\\\/www.designenlassen.de\\\/blog\\\/#website\"},\"primaryImageOfPage\":{\"@id\":\"https:\\\/\\\/www.designenlassen.de\\\/blog\\\/die-designerin-hat-den-ansatz-sofort-verstanden-und-meine-erwartungen-mehr-als-erfuellt-interview-mit-katharina-schoen\\\/#primaryimage\"},\"image\":{\"@id\":\"https:\\\/\\\/www.designenlassen.de\\\/blog\\\/die-designerin-hat-den-ansatz-sofort-verstanden-und-meine-erwartungen-mehr-als-erfuellt-interview-mit-katharina-schoen\\\/#primaryimage\"},\"thumbnailUrl\":\"https:\\\/\\\/www.designenlassen.de\\\/blog\\\/wp-content\\\/uploads\\\/2021\\\/02\\\/better_without_natur_Logo.jpg\",\"datePublished\":\"2021-05-03T12:00:00+00:00\",\"dateModified\":\"2021-10-19T12:32:25+00:00\",\"author\":{\"@id\":\"https:\\\/\\\/www.designenlassen.de\\\/blog\\\/#\\\/schema\\\/person\\\/1e6e4a367ec0359155d5fbb01227c1ca\"},\"description\":\"In diesem Auftraggeber-Interview steht uns Katharina Sch\u00f6n von BETTER WITHOUT Rede und Antwort. Sie hat ihr Logo-Design auf designenlassen.de gefunden.\",\"breadcrumb\":{\"@id\":\"https:\\\/\\\/www.designenlassen.de\\\/blog\\\/die-designerin-hat-den-ansatz-sofort-verstanden-und-meine-erwartungen-mehr-als-erfuellt-interview-mit-katharina-schoen\\\/#breadcrumb\"},\"inLanguage\":\"de\",\"potentialAction\":[{\"@type\":\"ReadAction\",\"target\":[\"https:\\\/\\\/www.designenlassen.de\\\/blog\\\/die-designerin-hat-den-ansatz-sofort-verstanden-und-meine-erwartungen-mehr-als-erfuellt-interview-mit-katharina-schoen\\\/\"]}]},{\"@type\":\"ImageObject\",\"inLanguage\":\"de\",\"@id\":\"https:\\\/\\\/www.designenlassen.de\\\/blog\\\/die-designerin-hat-den-ansatz-sofort-verstanden-und-meine-erwartungen-mehr-als-erfuellt-interview-mit-katharina-schoen\\\/#primaryimage\",\"url\":\"https:\\\/\\\/www.designenlassen.de\\\/blog\\\/wp-content\\\/uploads\\\/2021\\\/02\\\/better_without_natur_Logo.jpg\",\"contentUrl\":\"https:\\\/\\\/www.designenlassen.de\\\/blog\\\/wp-content\\\/uploads\\\/2021\\\/02\\\/better_without_natur_Logo.jpg\",\"width\":1080,\"height\":1080},{\"@type\":\"BreadcrumbList\",\"@id\":\"https:\\\/\\\/www.designenlassen.de\\\/blog\\\/die-designerin-hat-den-ansatz-sofort-verstanden-und-meine-erwartungen-mehr-als-erfuellt-interview-mit-katharina-schoen\\\/#breadcrumb\",\"itemListElement\":[{\"@type\":\"ListItem\",\"position\":1,\"name\":\"Start\",\"item\":\"https:\\\/\\\/www.designenlassen.de\\\/blog\\\/\"},{\"@type\":\"ListItem\",\"position\":2,\"name\":\"\u201eDie Designerin hat den Ansatz sofort verstanden und meine Erwartungen mehr als erf\u00fcllt.\u201c &#8211; Interview mit Katharina Sch\u00f6n\"}]},{\"@type\":\"WebSite\",\"@id\":\"https:\\\/\\\/www.designenlassen.de\\\/blog\\\/#website\",\"url\":\"https:\\\/\\\/www.designenlassen.de\\\/blog\\\/\",\"name\":\"designenlassen.de Blog\",\"description\":\"Inspirationen, Tipps und Ideen f\u00fcr Designer sowie Gr\u00fcnder und Kleinbetriebe.\",\"potentialAction\":[{\"@type\":\"SearchAction\",\"target\":{\"@type\":\"EntryPoint\",\"urlTemplate\":\"https:\\\/\\\/www.designenlassen.de\\\/blog\\\/?s={search_term_string}\"},\"query-input\":{\"@type\":\"PropertyValueSpecification\",\"valueRequired\":true,\"valueName\":\"search_term_string\"}}],\"inLanguage\":\"de\"},{\"@type\":\"Person\",\"@id\":\"https:\\\/\\\/www.designenlassen.de\\\/blog\\\/#\\\/schema\\\/person\\\/1e6e4a367ec0359155d5fbb01227c1ca\",\"name\":\"Patrick Schady\",\"image\":{\"@type\":\"ImageObject\",\"inLanguage\":\"de\",\"@id\":\"https:\\\/\\\/secure.gravatar.com\\\/avatar\\\/41cfafecfbfd30ee6bc4cc02dd530ef067050210239f1d60debda10ce9c038d7?s=96&d=mm&r=g\",\"url\":\"https:\\\/\\\/secure.gravatar.com\\\/avatar\\\/41cfafecfbfd30ee6bc4cc02dd530ef067050210239f1d60debda10ce9c038d7?s=96&d=mm&r=g\",\"contentUrl\":\"https:\\\/\\\/secure.gravatar.com\\\/avatar\\\/41cfafecfbfd30ee6bc4cc02dd530ef067050210239f1d60debda10ce9c038d7?s=96&d=mm&r=g\",\"caption\":\"Patrick Schady\"},\"url\":\"https:\\\/\\\/www.designenlassen.de\\\/blog\\\/author\\\/patrick\\\/\"}]}<\/script>\n<!-- \/ Yoast SEO plugin. -->","yoast_head_json":{"title":"\u201eDie Designerin hat den Ansatz sofort verstanden und meine Erwartungen mehr als erf\u00fcllt.\u201c - Interview mit Katharina Sch\u00f6n - designenlassen.de Blog","description":"In diesem Auftraggeber-Interview steht uns Katharina Sch\u00f6n von BETTER WITHOUT Rede und Antwort. Sie hat ihr Logo-Design auf designenlassen.de gefunden.","robots":{"index":"index","follow":"follow","max-snippet":"max-snippet:-1","max-image-preview":"max-image-preview:large","max-video-preview":"max-video-preview:-1"},"canonical":"https:\/\/www.designenlassen.de\/blog\/die-designerin-hat-den-ansatz-sofort-verstanden-und-meine-erwartungen-mehr-als-erfuellt-interview-mit-katharina-schoen\/","og_locale":"de_DE","og_type":"article","og_title":"\u201eDie Designerin hat den Ansatz sofort verstanden und meine Erwartungen mehr als erf\u00fcllt.\u201c - Interview mit Katharina Sch\u00f6n - designenlassen.de Blog","og_description":"In diesem Auftraggeber-Interview steht uns Katharina Sch\u00f6n von BETTER WITHOUT Rede und Antwort. Sie hat ihr Logo-Design auf designenlassen.de gefunden.","og_url":"https:\/\/www.designenlassen.de\/blog\/die-designerin-hat-den-ansatz-sofort-verstanden-und-meine-erwartungen-mehr-als-erfuellt-interview-mit-katharina-schoen\/","og_site_name":"designenlassen.de Blog","article_published_time":"2021-05-03T12:00:00+00:00","article_modified_time":"2021-10-19T12:32:25+00:00","og_image":[{"width":1080,"height":1080,"url":"https:\/\/www.designenlassen.de\/blog\/wp-content\/uploads\/2021\/02\/better_without_natur_Logo.jpg","type":"image\/jpeg"}],"author":"Patrick Schady","twitter_card":"summary_large_image","twitter_misc":{"Verfasst von":"Patrick Schady","Gesch\u00e4tzte Lesezeit":"5\u00a0Minuten"},"schema":{"@context":"https:\/\/schema.org","@graph":[{"@type":"Article","@id":"https:\/\/www.designenlassen.de\/blog\/die-designerin-hat-den-ansatz-sofort-verstanden-und-meine-erwartungen-mehr-als-erfuellt-interview-mit-katharina-schoen\/#article","isPartOf":{"@id":"https:\/\/www.designenlassen.de\/blog\/die-designerin-hat-den-ansatz-sofort-verstanden-und-meine-erwartungen-mehr-als-erfuellt-interview-mit-katharina-schoen\/"},"author":{"name":"Patrick Schady","@id":"https:\/\/www.designenlassen.de\/blog\/#\/schema\/person\/1e6e4a367ec0359155d5fbb01227c1ca"},"headline":"\u201eDie Designerin hat den Ansatz sofort verstanden und meine Erwartungen mehr als erf\u00fcllt.\u201c &#8211; Interview mit Katharina Sch\u00f6n","datePublished":"2021-05-03T12:00:00+00:00","dateModified":"2021-10-19T12:32:25+00:00","mainEntityOfPage":{"@id":"https:\/\/www.designenlassen.de\/blog\/die-designerin-hat-den-ansatz-sofort-verstanden-und-meine-erwartungen-mehr-als-erfuellt-interview-mit-katharina-schoen\/"},"wordCount":969,"commentCount":0,"image":{"@id":"https:\/\/www.designenlassen.de\/blog\/die-designerin-hat-den-ansatz-sofort-verstanden-und-meine-erwartungen-mehr-als-erfuellt-interview-mit-katharina-schoen\/#primaryimage"},"thumbnailUrl":"https:\/\/www.designenlassen.de\/blog\/wp-content\/uploads\/2021\/02\/better_without_natur_Logo.jpg","articleSection":["Interviews"],"inLanguage":"de","potentialAction":[{"@type":"CommentAction","name":"Comment","target":["https:\/\/www.designenlassen.de\/blog\/die-designerin-hat-den-ansatz-sofort-verstanden-und-meine-erwartungen-mehr-als-erfuellt-interview-mit-katharina-schoen\/#respond"]}]},{"@type":"WebPage","@id":"https:\/\/www.designenlassen.de\/blog\/die-designerin-hat-den-ansatz-sofort-verstanden-und-meine-erwartungen-mehr-als-erfuellt-interview-mit-katharina-schoen\/","url":"https:\/\/www.designenlassen.de\/blog\/die-designerin-hat-den-ansatz-sofort-verstanden-und-meine-erwartungen-mehr-als-erfuellt-interview-mit-katharina-schoen\/","name":"\u201eDie Designerin hat den Ansatz sofort verstanden und meine Erwartungen mehr als erf\u00fcllt.\u201c - Interview mit Katharina Sch\u00f6n - designenlassen.de Blog","isPartOf":{"@id":"https:\/\/www.designenlassen.de\/blog\/#website"},"primaryImageOfPage":{"@id":"https:\/\/www.designenlassen.de\/blog\/die-designerin-hat-den-ansatz-sofort-verstanden-und-meine-erwartungen-mehr-als-erfuellt-interview-mit-katharina-schoen\/#primaryimage"},"image":{"@id":"https:\/\/www.designenlassen.de\/blog\/die-designerin-hat-den-ansatz-sofort-verstanden-und-meine-erwartungen-mehr-als-erfuellt-interview-mit-katharina-schoen\/#primaryimage"},"thumbnailUrl":"https:\/\/www.designenlassen.de\/blog\/wp-content\/uploads\/2021\/02\/better_without_natur_Logo.jpg","datePublished":"2021-05-03T12:00:00+00:00","dateModified":"2021-10-19T12:32:25+00:00","author":{"@id":"https:\/\/www.designenlassen.de\/blog\/#\/schema\/person\/1e6e4a367ec0359155d5fbb01227c1ca"},"description":"In diesem Auftraggeber-Interview steht uns Katharina Sch\u00f6n von BETTER WITHOUT Rede und Antwort. Sie hat ihr Logo-Design auf designenlassen.de gefunden.","breadcrumb":{"@id":"https:\/\/www.designenlassen.de\/blog\/die-designerin-hat-den-ansatz-sofort-verstanden-und-meine-erwartungen-mehr-als-erfuellt-interview-mit-katharina-schoen\/#breadcrumb"},"inLanguage":"de","potentialAction":[{"@type":"ReadAction","target":["https:\/\/www.designenlassen.de\/blog\/die-designerin-hat-den-ansatz-sofort-verstanden-und-meine-erwartungen-mehr-als-erfuellt-interview-mit-katharina-schoen\/"]}]},{"@type":"ImageObject","inLanguage":"de","@id":"https:\/\/www.designenlassen.de\/blog\/die-designerin-hat-den-ansatz-sofort-verstanden-und-meine-erwartungen-mehr-als-erfuellt-interview-mit-katharina-schoen\/#primaryimage","url":"https:\/\/www.designenlassen.de\/blog\/wp-content\/uploads\/2021\/02\/better_without_natur_Logo.jpg","contentUrl":"https:\/\/www.designenlassen.de\/blog\/wp-content\/uploads\/2021\/02\/better_without_natur_Logo.jpg","width":1080,"height":1080},{"@type":"BreadcrumbList","@id":"https:\/\/www.designenlassen.de\/blog\/die-designerin-hat-den-ansatz-sofort-verstanden-und-meine-erwartungen-mehr-als-erfuellt-interview-mit-katharina-schoen\/#breadcrumb","itemListElement":[{"@type":"ListItem","position":1,"name":"Start","item":"https:\/\/www.designenlassen.de\/blog\/"},{"@type":"ListItem","position":2,"name":"\u201eDie Designerin hat den Ansatz sofort verstanden und meine Erwartungen mehr als erf\u00fcllt.\u201c &#8211; Interview mit Katharina Sch\u00f6n"}]},{"@type":"WebSite","@id":"https:\/\/www.designenlassen.de\/blog\/#website","url":"https:\/\/www.designenlassen.de\/blog\/","name":"designenlassen.de Blog","description":"Inspirationen, Tipps und Ideen f\u00fcr Designer sowie Gr\u00fcnder und Kleinbetriebe.","potentialAction":[{"@type":"SearchAction","target":{"@type":"EntryPoint","urlTemplate":"https:\/\/www.designenlassen.de\/blog\/?s={search_term_string}"},"query-input":{"@type":"PropertyValueSpecification","valueRequired":true,"valueName":"search_term_string"}}],"inLanguage":"de"},{"@type":"Person","@id":"https:\/\/www.designenlassen.de\/blog\/#\/schema\/person\/1e6e4a367ec0359155d5fbb01227c1ca","name":"Patrick Schady","image":{"@type":"ImageObject","inLanguage":"de","@id":"https:\/\/secure.gravatar.com\/avatar\/41cfafecfbfd30ee6bc4cc02dd530ef067050210239f1d60debda10ce9c038d7?s=96&d=mm&r=g","url":"https:\/\/secure.gravatar.com\/avatar\/41cfafecfbfd30ee6bc4cc02dd530ef067050210239f1d60debda10ce9c038d7?s=96&d=mm&r=g","contentUrl":"https:\/\/secure.gravatar.com\/avatar\/41cfafecfbfd30ee6bc4cc02dd530ef067050210239f1d60debda10ce9c038d7?s=96&d=mm&r=g","caption":"Patrick Schady"},"url":"https:\/\/www.designenlassen.de\/blog\/author\/patrick\/"}]}},"_links":{"self":[{"href":"https:\/\/www.designenlassen.de\/blog\/wp-json\/wp\/v2\/posts\/23472","targetHints":{"allow":["GET"]}}],"collection":[{"href":"https:\/\/www.designenlassen.de\/blog\/wp-json\/wp\/v2\/posts"}],"about":[{"href":"https:\/\/www.designenlassen.de\/blog\/wp-json\/wp\/v2\/types\/post"}],"author":[{"embeddable":true,"href":"https:\/\/www.designenlassen.de\/blog\/wp-json\/wp\/v2\/users\/24"}],"replies":[{"embeddable":true,"href":"https:\/\/www.designenlassen.de\/blog\/wp-json\/wp\/v2\/comments?post=23472"}],"version-history":[{"count":18,"href":"https:\/\/www.designenlassen.de\/blog\/wp-json\/wp\/v2\/posts\/23472\/revisions"}],"predecessor-version":[{"id":24327,"href":"https:\/\/www.designenlassen.de\/blog\/wp-json\/wp\/v2\/posts\/23472\/revisions\/24327"}],"wp:featuredmedia":[{"embeddable":true,"href":"https:\/\/www.designenlassen.de\/blog\/wp-json\/wp\/v2\/media\/23482"}],"wp:attachment":[{"href":"https:\/\/www.designenlassen.de\/blog\/wp-json\/wp\/v2\/media?parent=23472"}],"wp:term":[{"taxonomy":"category","embeddable":true,"href":"https:\/\/www.designenlassen.de\/blog\/wp-json\/wp\/v2\/categories?post=23472"},{"taxonomy":"post_tag","embeddable":true,"href":"https:\/\/www.designenlassen.de\/blog\/wp-json\/wp\/v2\/tags?post=23472"}],"curies":[{"name":"wp","href":"https:\/\/api.w.org\/{rel}","templated":true}]}}