{"id":24089,"date":"2021-05-17T10:00:00","date_gmt":"2021-05-17T08:00:00","guid":{"rendered":"https:\/\/www.designenlassen.de\/blog\/?p=24089"},"modified":"2023-11-07T13:24:37","modified_gmt":"2023-11-07T11:24:37","slug":"namensgebung-interessiert-mich-schon-seit-sehr-langer-zeit-designer-interview-mit-maremo","status":"publish","type":"post","link":"https:\/\/www.designenlassen.de\/blog\/namensgebung-interessiert-mich-schon-seit-sehr-langer-zeit-designer-interview-mit-maremo\/","title":{"rendered":"&#8222;Namensgebung interessiert mich schon seit sehr langer Zeit.&#8220; \u2013 Designer-Interview mit maremo"},"content":{"rendered":"\n<h2 class=\"wp-block-heading\">Designer-Interview: 12 Fragen an maremo<\/h2>\n\n\n\n<div class=\"wp-block-media-text alignwide is-stacked-on-mobile\" style=\"grid-template-columns:21% auto\"><figure class=\"wp-block-media-text__media\"><img fetchpriority=\"high\" decoding=\"async\" width=\"720\" height=\"922\" src=\"https:\/\/www.designenlassen.de\/blog\/wp-content\/uploads\/2021\/05\/IMG_2827-1.jpg\" alt=\"\" class=\"wp-image-24092 size-full\" srcset=\"https:\/\/www.designenlassen.de\/blog\/wp-content\/uploads\/2021\/05\/IMG_2827-1.jpg 720w, https:\/\/www.designenlassen.de\/blog\/wp-content\/uploads\/2021\/05\/IMG_2827-1-234x300.jpg 234w, https:\/\/www.designenlassen.de\/blog\/wp-content\/uploads\/2021\/05\/IMG_2827-1-585x749.jpg 585w, https:\/\/www.designenlassen.de\/blog\/wp-content\/uploads\/2021\/05\/IMG_2827-1-600x768.jpg 600w\" sizes=\"(max-width: 720px) 100vw, 720px\" \/><\/figure><div class=\"wp-block-media-text__content\">\n<p>In unserer Serie 12 Fragen wollen wir in unregelm\u00e4\u00dfigen Abst\u00e4nden Mitglieder aus der designenlassen.de-Community vorstellen. F\u00fcr diese kleinen Interviews w\u00e4hlen wir Menschen aus, die auf designenlassen.de besonders aktiv sind und sich durch ihre gute Arbeit hervortun.<\/p>\n\n\n\n<p>Diesmal steht uns Michael Hug (designenlassen.de Benutzername: <a href=\"https:\/\/www.designenlassen.de\/profil\/445438\">maremo<\/a>) Rede und Antwort.<\/p>\n<\/div><\/div>\n\n\n\n<h2 class=\"wp-block-heading\">Erz\u00e4hl uns ein bisschen was \u00fcber Dich. Seit wann bist Du als kreativer Kopf t\u00e4tig? Wie kamst Du dazu?<\/h2>\n\n\n\n<p>Namensgebung interessiert mich schon seit sehr langer Zeit. Selbst aktiv bin ich in diesem Bereich seit 2011.<\/p>\n\n\n\n<h2 class=\"wp-block-heading\">Bist Du Vollzeit als Kreativer t\u00e4tig?<\/h2>\n\n\n\n<p>Nein, ich mache das nebenbei. Einfach weil es mir Spa\u00df macht.<\/p>\n\n\n\n<h2 class=\"wp-block-heading\">Du hast bei designenlassen.de schon mehrere Wettbewerbe gewonnen. Was ist Dein \u201cErfolgsrezept\u201d?<\/h2>\n\n\n\n<p>Ich kann mich gut in die Aufgabenstellung reindenken und habe ein Gesp\u00fcr daf\u00fcr, was der Auftraggeber sich w\u00fcnscht bzw. was ihm gef\u00e4llt.<\/p>\n\n\n\n<h2 class=\"wp-block-heading\">Welche Erfahrungen hast Du insgesamt mit designenlassen.de gemacht?<\/h2>\n\n\n\n<p>Alles in allem gute Erfahrungen! Die Plattform ist \u00fcbersichtlich gemacht, das Handling funktioniert und wenn mal was nicht klappt, ist der Support seitens DL sehr aktiv.<\/p>\n\n\n\n<h2 class=\"wp-block-heading\">Wie hast Du von designenlassen.de erfahren und welchen Einfluss hatte designenlassen.de auf Deine Karriere?<\/h2>\n\n\n\n<p>Es war Mund-zu-Mund-Propaganda. Einfluss auf die Karriere hat es keinen, da ich es wie oben gesagt nur nebenbei mache.<\/p>\n\n\n\n<h2 class=\"wp-block-heading\">Wie entwickelst Du einen neuen Namen, nachdem Du ein Briefing gelesen hast?<\/h2>\n\n\n\n<p>Nun, ich verinnerliche die Aufgabenstellung intensiv, begebe mich quasi in die \u201eWelt\u201c des Projektes und dann beginnt das Spiel mit den Buchstaben, um einen optimal passenden Namen zu kreieren.<\/p>\n\n\n\n<h2 class=\"wp-block-heading\">Gibt es einige \u201cLieblingsdesigns\u201c unter Deinen Arbeiten, auf die Du besonders stolz bist?<\/h2>\n\n\n\n<p>H\u00e4ufig sind meine eigenen Favoriten gar nicht die, welche ausgew\u00e4hlt wurden. Aber es ist ja der Auftraggeber, dem es gefallen muss. Generell mag ich bei Namen kreative Wortspiele.<\/p>\n\n\n\n<h2 class=\"wp-block-heading\">Was sind die gr\u00f6\u00dften Herausforderungen im Alltag eines Kreativen?<\/h2>\n\n\n\n<p>Ich kann nicht f\u00fcr einen hauptberuflich Kreativen sprechen. Hier auf der Plattform finde ich es immer entt\u00e4uschend, wenn Auftraggeber das Projekt nicht ordentlich beenden. Wir Designer gehen da mit viel Leidenschaft rein und m\u00f6chten dann nicht lesen \u201eDas Preisgeld wurde unter allen Designern aufgeteilt\u201c.<\/p>\n\n\n\n<h2 class=\"wp-block-heading\">Was tust Du, wenn Du gerade nicht designst?<\/h2>\n\n\n\n<p>Nicht designen &#x1f60a; \u2026aber um die Frage zu beantworten: Essen, trinken, schlafen, meiner anderen Arbeit und meinen Hobbies nachgehen.<\/p>\n\n\n\n<h2 class=\"wp-block-heading\">Was unterscheidet Deiner Meinung nach ein schlechtes Design von einem wirklich guten Design?<\/h2>\n\n\n\n<p>Ich w\u00fcrde nicht in gut und schlecht unterteilen, h\u00f6chstens in passend oder unpassend. Alles liegt im Auge des Betrachters, bzw. beim Design kommt es darauf an, ob es seine gew\u00fcnschte Wirkung entfaltet oder nicht.<\/p>\n\n\n\n<h2 class=\"wp-block-heading\">Welchen Rat kannst Du jungen Menschen geben, deren Berufsziel es ist, Designer zu werden?<\/h2>\n\n\n\n<p>Wenn es deine Leidenschaft ist, mach es!<\/p>\n\n\n\n<h2 class=\"wp-block-heading\">M\u00f6chtest Du uns sonst noch etwas mitteilen?<\/h2>\n\n\n\n<p>Bei den Namensfindungsprojekten sollte komplett auf garantierte Projekte umgestellt werden. Ich habe immer ein ungutes Gef\u00fchl, wenn da m\u00f6glicherweise sonst Namen f\u00fcr umme abgegriffen werden k\u00f6nnen\u2026<\/p>\n\n\n\n<\/p>\n<div class=\"sof\">\n<h2>M\u00f6chtest Du, dass maremo Deinen Namen kreiert?<\/h2>\n<p>Starte ein 1-zu-1 Projekt mit maremo auf designenlassen.de und erhalte ein kreatives Design von dem Designer.<br \/><a class=\"btn aktion1\" href=\"https:\/\/www.designenlassen.de\/profil\/445438\">Jetzt starten<\/a><a class=\"btn aktion2\" href=\"https:\/\/www.designenlassen.de\/tour\">Mehr erfahren<\/a><\/p>\n<\/div>\n","protected":false},"excerpt":{"rendered":"<p>Designer-Interview: 12 Fragen an maremo In unserer Serie 12 Fragen wollen wir in unregelm\u00e4\u00dfigen Abst\u00e4nden Mitglieder&hellip;<\/p>\n","protected":false},"author":10,"featured_media":24092,"comment_status":"open","ping_status":"open","sticky":false,"template":"","format":"standard","meta":{"_lmt_disableupdate":"","_lmt_disable":"","footnotes":""},"categories":[7],"tags":[],"class_list":["post-24089","post","type-post","status-publish","format-standard","has-post-thumbnail","hentry","category-interviews"],"yoast_head":"<!-- This site is optimized with the Yoast SEO plugin v27.5 - https:\/\/yoast.com\/product\/yoast-seo-wordpress\/ -->\n<title>maremo berichtet \u00fcber sein Dasein als Kreativer<\/title>\n<meta name=\"description\" content=\"In unserem Designer-Interview erz\u00e4hlt uns der Designer maremo von verschiedensten Dingen, die ihn als kreativen Kopf bewegen.\" \/>\n<meta name=\"robots\" content=\"index, follow, max-snippet:-1, max-image-preview:large, max-video-preview:-1\" \/>\n<link rel=\"canonical\" href=\"https:\/\/www.designenlassen.de\/blog\/namensgebung-interessiert-mich-schon-seit-sehr-langer-zeit-designer-interview-mit-maremo\/\" \/>\n<meta property=\"og:locale\" content=\"de_DE\" \/>\n<meta property=\"og:type\" content=\"article\" \/>\n<meta property=\"og:title\" content=\"maremo berichtet \u00fcber sein Dasein als Kreativer\" \/>\n<meta property=\"og:description\" content=\"In unserem Designer-Interview erz\u00e4hlt uns der Designer maremo von verschiedensten Dingen, die ihn als kreativen Kopf bewegen.\" \/>\n<meta property=\"og:url\" content=\"https:\/\/www.designenlassen.de\/blog\/namensgebung-interessiert-mich-schon-seit-sehr-langer-zeit-designer-interview-mit-maremo\/\" \/>\n<meta property=\"og:site_name\" content=\"designenlassen.de Blog\" \/>\n<meta property=\"article:author\" content=\"designenlassen\/\" \/>\n<meta property=\"article:published_time\" content=\"2021-05-17T08:00:00+00:00\" \/>\n<meta property=\"article:modified_time\" content=\"2023-11-07T11:24:37+00:00\" \/>\n<meta property=\"og:image\" content=\"https:\/\/www.designenlassen.de\/blog\/wp-content\/uploads\/2021\/05\/IMG_2827-1.jpg\" \/>\n\t<meta property=\"og:image:width\" content=\"720\" \/>\n\t<meta property=\"og:image:height\" content=\"922\" \/>\n\t<meta property=\"og:image:type\" content=\"image\/jpeg\" \/>\n<meta name=\"author\" content=\"Christina\" \/>\n<meta name=\"twitter:card\" content=\"summary_large_image\" \/>\n<meta name=\"twitter:label1\" content=\"Verfasst von\" \/>\n\t<meta name=\"twitter:data1\" content=\"Christina\" \/>\n\t<meta name=\"twitter:label2\" content=\"Gesch\u00e4tzte Lesezeit\" \/>\n\t<meta name=\"twitter:data2\" content=\"3\u00a0Minuten\" \/>\n<script type=\"application\/ld+json\" class=\"yoast-schema-graph\">{\"@context\":\"https:\\\/\\\/schema.org\",\"@graph\":[{\"@type\":\"Article\",\"@id\":\"https:\\\/\\\/www.designenlassen.de\\\/blog\\\/namensgebung-interessiert-mich-schon-seit-sehr-langer-zeit-designer-interview-mit-maremo\\\/#article\",\"isPartOf\":{\"@id\":\"https:\\\/\\\/www.designenlassen.de\\\/blog\\\/namensgebung-interessiert-mich-schon-seit-sehr-langer-zeit-designer-interview-mit-maremo\\\/\"},\"author\":{\"name\":\"Christina\",\"@id\":\"https:\\\/\\\/www.designenlassen.de\\\/blog\\\/#\\\/schema\\\/person\\\/858ff7f9025247949c1b922431f97734\"},\"headline\":\"&#8222;Namensgebung interessiert mich schon seit sehr langer Zeit.&#8220; \u2013 Designer-Interview mit maremo\",\"datePublished\":\"2021-05-17T08:00:00+00:00\",\"dateModified\":\"2023-11-07T11:24:37+00:00\",\"mainEntityOfPage\":{\"@id\":\"https:\\\/\\\/www.designenlassen.de\\\/blog\\\/namensgebung-interessiert-mich-schon-seit-sehr-langer-zeit-designer-interview-mit-maremo\\\/\"},\"wordCount\":540,\"commentCount\":0,\"image\":{\"@id\":\"https:\\\/\\\/www.designenlassen.de\\\/blog\\\/namensgebung-interessiert-mich-schon-seit-sehr-langer-zeit-designer-interview-mit-maremo\\\/#primaryimage\"},\"thumbnailUrl\":\"https:\\\/\\\/www.designenlassen.de\\\/blog\\\/wp-content\\\/uploads\\\/2021\\\/05\\\/IMG_2827-1.jpg\",\"articleSection\":[\"Interviews\"],\"inLanguage\":\"de\",\"potentialAction\":[{\"@type\":\"CommentAction\",\"name\":\"Comment\",\"target\":[\"https:\\\/\\\/www.designenlassen.de\\\/blog\\\/namensgebung-interessiert-mich-schon-seit-sehr-langer-zeit-designer-interview-mit-maremo\\\/#respond\"]}]},{\"@type\":\"WebPage\",\"@id\":\"https:\\\/\\\/www.designenlassen.de\\\/blog\\\/namensgebung-interessiert-mich-schon-seit-sehr-langer-zeit-designer-interview-mit-maremo\\\/\",\"url\":\"https:\\\/\\\/www.designenlassen.de\\\/blog\\\/namensgebung-interessiert-mich-schon-seit-sehr-langer-zeit-designer-interview-mit-maremo\\\/\",\"name\":\"maremo berichtet \u00fcber sein Dasein als Kreativer\",\"isPartOf\":{\"@id\":\"https:\\\/\\\/www.designenlassen.de\\\/blog\\\/#website\"},\"primaryImageOfPage\":{\"@id\":\"https:\\\/\\\/www.designenlassen.de\\\/blog\\\/namensgebung-interessiert-mich-schon-seit-sehr-langer-zeit-designer-interview-mit-maremo\\\/#primaryimage\"},\"image\":{\"@id\":\"https:\\\/\\\/www.designenlassen.de\\\/blog\\\/namensgebung-interessiert-mich-schon-seit-sehr-langer-zeit-designer-interview-mit-maremo\\\/#primaryimage\"},\"thumbnailUrl\":\"https:\\\/\\\/www.designenlassen.de\\\/blog\\\/wp-content\\\/uploads\\\/2021\\\/05\\\/IMG_2827-1.jpg\",\"datePublished\":\"2021-05-17T08:00:00+00:00\",\"dateModified\":\"2023-11-07T11:24:37+00:00\",\"author\":{\"@id\":\"https:\\\/\\\/www.designenlassen.de\\\/blog\\\/#\\\/schema\\\/person\\\/858ff7f9025247949c1b922431f97734\"},\"description\":\"In unserem Designer-Interview erz\u00e4hlt uns der Designer maremo von verschiedensten Dingen, die ihn als kreativen Kopf bewegen.\",\"breadcrumb\":{\"@id\":\"https:\\\/\\\/www.designenlassen.de\\\/blog\\\/namensgebung-interessiert-mich-schon-seit-sehr-langer-zeit-designer-interview-mit-maremo\\\/#breadcrumb\"},\"inLanguage\":\"de\",\"potentialAction\":[{\"@type\":\"ReadAction\",\"target\":[\"https:\\\/\\\/www.designenlassen.de\\\/blog\\\/namensgebung-interessiert-mich-schon-seit-sehr-langer-zeit-designer-interview-mit-maremo\\\/\"]}]},{\"@type\":\"ImageObject\",\"inLanguage\":\"de\",\"@id\":\"https:\\\/\\\/www.designenlassen.de\\\/blog\\\/namensgebung-interessiert-mich-schon-seit-sehr-langer-zeit-designer-interview-mit-maremo\\\/#primaryimage\",\"url\":\"https:\\\/\\\/www.designenlassen.de\\\/blog\\\/wp-content\\\/uploads\\\/2021\\\/05\\\/IMG_2827-1.jpg\",\"contentUrl\":\"https:\\\/\\\/www.designenlassen.de\\\/blog\\\/wp-content\\\/uploads\\\/2021\\\/05\\\/IMG_2827-1.jpg\",\"width\":720,\"height\":922,\"caption\":\"Designer-Interview maremo Designer-Community designenlassen.de\"},{\"@type\":\"BreadcrumbList\",\"@id\":\"https:\\\/\\\/www.designenlassen.de\\\/blog\\\/namensgebung-interessiert-mich-schon-seit-sehr-langer-zeit-designer-interview-mit-maremo\\\/#breadcrumb\",\"itemListElement\":[{\"@type\":\"ListItem\",\"position\":1,\"name\":\"Start\",\"item\":\"https:\\\/\\\/www.designenlassen.de\\\/blog\\\/\"},{\"@type\":\"ListItem\",\"position\":2,\"name\":\"&#8222;Namensgebung interessiert mich schon seit sehr langer Zeit.&#8220; \u2013 Designer-Interview mit maremo\"}]},{\"@type\":\"WebSite\",\"@id\":\"https:\\\/\\\/www.designenlassen.de\\\/blog\\\/#website\",\"url\":\"https:\\\/\\\/www.designenlassen.de\\\/blog\\\/\",\"name\":\"designenlassen.de Blog\",\"description\":\"Inspirationen, Tipps und Ideen f\u00fcr Designer sowie Gr\u00fcnder und Kleinbetriebe.\",\"potentialAction\":[{\"@type\":\"SearchAction\",\"target\":{\"@type\":\"EntryPoint\",\"urlTemplate\":\"https:\\\/\\\/www.designenlassen.de\\\/blog\\\/?s={search_term_string}\"},\"query-input\":{\"@type\":\"PropertyValueSpecification\",\"valueRequired\":true,\"valueName\":\"search_term_string\"}}],\"inLanguage\":\"de\"},{\"@type\":\"Person\",\"@id\":\"https:\\\/\\\/www.designenlassen.de\\\/blog\\\/#\\\/schema\\\/person\\\/858ff7f9025247949c1b922431f97734\",\"name\":\"Christina\",\"image\":{\"@type\":\"ImageObject\",\"inLanguage\":\"de\",\"@id\":\"https:\\\/\\\/secure.gravatar.com\\\/avatar\\\/31045bfe41c5fbc86ecbb135f792148b4bf1bee47931b9c8d47c74611d912026?s=96&d=mm&r=g\",\"url\":\"https:\\\/\\\/secure.gravatar.com\\\/avatar\\\/31045bfe41c5fbc86ecbb135f792148b4bf1bee47931b9c8d47c74611d912026?s=96&d=mm&r=g\",\"contentUrl\":\"https:\\\/\\\/secure.gravatar.com\\\/avatar\\\/31045bfe41c5fbc86ecbb135f792148b4bf1bee47931b9c8d47c74611d912026?s=96&d=mm&r=g\",\"caption\":\"Christina\"},\"description\":\"Christina ist bei designenlassen.de f\u00fcr das Content-Marketing &amp; die Social Media Kan\u00e4le zust\u00e4ndig. Sie schreibt hier im Blog zu verschiedensten Design-Themen.\",\"sameAs\":[\"designenlassen\\\/\"],\"url\":\"https:\\\/\\\/www.designenlassen.de\\\/blog\\\/author\\\/christina\\\/\"}]}<\/script>\n<!-- \/ Yoast SEO plugin. -->","yoast_head_json":{"title":"maremo berichtet \u00fcber sein Dasein als Kreativer","description":"In unserem Designer-Interview erz\u00e4hlt uns der Designer maremo von verschiedensten Dingen, die ihn als kreativen Kopf bewegen.","robots":{"index":"index","follow":"follow","max-snippet":"max-snippet:-1","max-image-preview":"max-image-preview:large","max-video-preview":"max-video-preview:-1"},"canonical":"https:\/\/www.designenlassen.de\/blog\/namensgebung-interessiert-mich-schon-seit-sehr-langer-zeit-designer-interview-mit-maremo\/","og_locale":"de_DE","og_type":"article","og_title":"maremo berichtet \u00fcber sein Dasein als Kreativer","og_description":"In unserem Designer-Interview erz\u00e4hlt uns der Designer maremo von verschiedensten Dingen, die ihn als kreativen Kopf bewegen.","og_url":"https:\/\/www.designenlassen.de\/blog\/namensgebung-interessiert-mich-schon-seit-sehr-langer-zeit-designer-interview-mit-maremo\/","og_site_name":"designenlassen.de Blog","article_author":"designenlassen\/","article_published_time":"2021-05-17T08:00:00+00:00","article_modified_time":"2023-11-07T11:24:37+00:00","og_image":[{"width":720,"height":922,"url":"https:\/\/www.designenlassen.de\/blog\/wp-content\/uploads\/2021\/05\/IMG_2827-1.jpg","type":"image\/jpeg"}],"author":"Christina","twitter_card":"summary_large_image","twitter_misc":{"Verfasst von":"Christina","Gesch\u00e4tzte Lesezeit":"3\u00a0Minuten"},"schema":{"@context":"https:\/\/schema.org","@graph":[{"@type":"Article","@id":"https:\/\/www.designenlassen.de\/blog\/namensgebung-interessiert-mich-schon-seit-sehr-langer-zeit-designer-interview-mit-maremo\/#article","isPartOf":{"@id":"https:\/\/www.designenlassen.de\/blog\/namensgebung-interessiert-mich-schon-seit-sehr-langer-zeit-designer-interview-mit-maremo\/"},"author":{"name":"Christina","@id":"https:\/\/www.designenlassen.de\/blog\/#\/schema\/person\/858ff7f9025247949c1b922431f97734"},"headline":"&#8222;Namensgebung interessiert mich schon seit sehr langer Zeit.&#8220; \u2013 Designer-Interview mit maremo","datePublished":"2021-05-17T08:00:00+00:00","dateModified":"2023-11-07T11:24:37+00:00","mainEntityOfPage":{"@id":"https:\/\/www.designenlassen.de\/blog\/namensgebung-interessiert-mich-schon-seit-sehr-langer-zeit-designer-interview-mit-maremo\/"},"wordCount":540,"commentCount":0,"image":{"@id":"https:\/\/www.designenlassen.de\/blog\/namensgebung-interessiert-mich-schon-seit-sehr-langer-zeit-designer-interview-mit-maremo\/#primaryimage"},"thumbnailUrl":"https:\/\/www.designenlassen.de\/blog\/wp-content\/uploads\/2021\/05\/IMG_2827-1.jpg","articleSection":["Interviews"],"inLanguage":"de","potentialAction":[{"@type":"CommentAction","name":"Comment","target":["https:\/\/www.designenlassen.de\/blog\/namensgebung-interessiert-mich-schon-seit-sehr-langer-zeit-designer-interview-mit-maremo\/#respond"]}]},{"@type":"WebPage","@id":"https:\/\/www.designenlassen.de\/blog\/namensgebung-interessiert-mich-schon-seit-sehr-langer-zeit-designer-interview-mit-maremo\/","url":"https:\/\/www.designenlassen.de\/blog\/namensgebung-interessiert-mich-schon-seit-sehr-langer-zeit-designer-interview-mit-maremo\/","name":"maremo berichtet \u00fcber sein Dasein als Kreativer","isPartOf":{"@id":"https:\/\/www.designenlassen.de\/blog\/#website"},"primaryImageOfPage":{"@id":"https:\/\/www.designenlassen.de\/blog\/namensgebung-interessiert-mich-schon-seit-sehr-langer-zeit-designer-interview-mit-maremo\/#primaryimage"},"image":{"@id":"https:\/\/www.designenlassen.de\/blog\/namensgebung-interessiert-mich-schon-seit-sehr-langer-zeit-designer-interview-mit-maremo\/#primaryimage"},"thumbnailUrl":"https:\/\/www.designenlassen.de\/blog\/wp-content\/uploads\/2021\/05\/IMG_2827-1.jpg","datePublished":"2021-05-17T08:00:00+00:00","dateModified":"2023-11-07T11:24:37+00:00","author":{"@id":"https:\/\/www.designenlassen.de\/blog\/#\/schema\/person\/858ff7f9025247949c1b922431f97734"},"description":"In unserem Designer-Interview erz\u00e4hlt uns der Designer maremo von verschiedensten Dingen, die ihn als kreativen Kopf bewegen.","breadcrumb":{"@id":"https:\/\/www.designenlassen.de\/blog\/namensgebung-interessiert-mich-schon-seit-sehr-langer-zeit-designer-interview-mit-maremo\/#breadcrumb"},"inLanguage":"de","potentialAction":[{"@type":"ReadAction","target":["https:\/\/www.designenlassen.de\/blog\/namensgebung-interessiert-mich-schon-seit-sehr-langer-zeit-designer-interview-mit-maremo\/"]}]},{"@type":"ImageObject","inLanguage":"de","@id":"https:\/\/www.designenlassen.de\/blog\/namensgebung-interessiert-mich-schon-seit-sehr-langer-zeit-designer-interview-mit-maremo\/#primaryimage","url":"https:\/\/www.designenlassen.de\/blog\/wp-content\/uploads\/2021\/05\/IMG_2827-1.jpg","contentUrl":"https:\/\/www.designenlassen.de\/blog\/wp-content\/uploads\/2021\/05\/IMG_2827-1.jpg","width":720,"height":922,"caption":"Designer-Interview maremo Designer-Community designenlassen.de"},{"@type":"BreadcrumbList","@id":"https:\/\/www.designenlassen.de\/blog\/namensgebung-interessiert-mich-schon-seit-sehr-langer-zeit-designer-interview-mit-maremo\/#breadcrumb","itemListElement":[{"@type":"ListItem","position":1,"name":"Start","item":"https:\/\/www.designenlassen.de\/blog\/"},{"@type":"ListItem","position":2,"name":"&#8222;Namensgebung interessiert mich schon seit sehr langer Zeit.&#8220; \u2013 Designer-Interview mit maremo"}]},{"@type":"WebSite","@id":"https:\/\/www.designenlassen.de\/blog\/#website","url":"https:\/\/www.designenlassen.de\/blog\/","name":"designenlassen.de Blog","description":"Inspirationen, Tipps und Ideen f\u00fcr Designer sowie Gr\u00fcnder und Kleinbetriebe.","potentialAction":[{"@type":"SearchAction","target":{"@type":"EntryPoint","urlTemplate":"https:\/\/www.designenlassen.de\/blog\/?s={search_term_string}"},"query-input":{"@type":"PropertyValueSpecification","valueRequired":true,"valueName":"search_term_string"}}],"inLanguage":"de"},{"@type":"Person","@id":"https:\/\/www.designenlassen.de\/blog\/#\/schema\/person\/858ff7f9025247949c1b922431f97734","name":"Christina","image":{"@type":"ImageObject","inLanguage":"de","@id":"https:\/\/secure.gravatar.com\/avatar\/31045bfe41c5fbc86ecbb135f792148b4bf1bee47931b9c8d47c74611d912026?s=96&d=mm&r=g","url":"https:\/\/secure.gravatar.com\/avatar\/31045bfe41c5fbc86ecbb135f792148b4bf1bee47931b9c8d47c74611d912026?s=96&d=mm&r=g","contentUrl":"https:\/\/secure.gravatar.com\/avatar\/31045bfe41c5fbc86ecbb135f792148b4bf1bee47931b9c8d47c74611d912026?s=96&d=mm&r=g","caption":"Christina"},"description":"Christina ist bei designenlassen.de f\u00fcr das Content-Marketing &amp; die Social Media Kan\u00e4le zust\u00e4ndig. Sie schreibt hier im Blog zu verschiedensten Design-Themen.","sameAs":["designenlassen\/"],"url":"https:\/\/www.designenlassen.de\/blog\/author\/christina\/"}]}},"_links":{"self":[{"href":"https:\/\/www.designenlassen.de\/blog\/wp-json\/wp\/v2\/posts\/24089","targetHints":{"allow":["GET"]}}],"collection":[{"href":"https:\/\/www.designenlassen.de\/blog\/wp-json\/wp\/v2\/posts"}],"about":[{"href":"https:\/\/www.designenlassen.de\/blog\/wp-json\/wp\/v2\/types\/post"}],"author":[{"embeddable":true,"href":"https:\/\/www.designenlassen.de\/blog\/wp-json\/wp\/v2\/users\/10"}],"replies":[{"embeddable":true,"href":"https:\/\/www.designenlassen.de\/blog\/wp-json\/wp\/v2\/comments?post=24089"}],"version-history":[{"count":5,"href":"https:\/\/www.designenlassen.de\/blog\/wp-json\/wp\/v2\/posts\/24089\/revisions"}],"predecessor-version":[{"id":27601,"href":"https:\/\/www.designenlassen.de\/blog\/wp-json\/wp\/v2\/posts\/24089\/revisions\/27601"}],"wp:featuredmedia":[{"embeddable":true,"href":"https:\/\/www.designenlassen.de\/blog\/wp-json\/wp\/v2\/media\/24092"}],"wp:attachment":[{"href":"https:\/\/www.designenlassen.de\/blog\/wp-json\/wp\/v2\/media?parent=24089"}],"wp:term":[{"taxonomy":"category","embeddable":true,"href":"https:\/\/www.designenlassen.de\/blog\/wp-json\/wp\/v2\/categories?post=24089"},{"taxonomy":"post_tag","embeddable":true,"href":"https:\/\/www.designenlassen.de\/blog\/wp-json\/wp\/v2\/tags?post=24089"}],"curies":[{"name":"wp","href":"https:\/\/api.w.org\/{rel}","templated":true}]}}