{"id":24563,"date":"2024-04-28T13:38:00","date_gmt":"2024-04-28T11:38:00","guid":{"rendered":"https:\/\/www.designenlassen.de\/blog\/?p=24563"},"modified":"2025-05-06T09:49:44","modified_gmt":"2025-05-06T07:49:44","slug":"podcast-namen-so-findest-du-den-passenden-namen-fuer-deinen-podcast","status":"publish","type":"post","link":"https:\/\/www.designenlassen.de\/blog\/podcast-namen-so-findest-du-den-passenden-namen-fuer-deinen-podcast\/","title":{"rendered":"Podcast-Namen &#8211; So findest Du den passenden Namen f\u00fcr Deinen Podcast!"},"content":{"rendered":"\n<p>Es ist das Medium, das sich in den letzten Jahren wohl am st\u00e4rksten etabliert und verbreitet hat: Der Podcast. Mittlerweile gibt unterschiedliche Podcast wie Sand am Meer. Doch genau das ist es, was das Medium so beliebt macht. Es wird rund um alle m\u00f6glichen Themen berichtet und es ist garantiert f\u00fcr jeden etwas dabei. <\/p>\n\n\n\n<p>Damit Du mit Deinem eigenen Podcast Erfolg verzeichnen kannst, ben\u00f6tigst Du einen ansprechenden Namen, der ins Ohr geht und sofort im Kopf bleibt. Wir zeigen Dir in diesem Beitrag anhand einiger Beispiele, wie Du den perfekten Podcast-Namen findest. <\/p>\n\n\n\n<figure class=\"wp-block-gallery has-nested-images columns-default is-cropped dl_picsub_black wp-block-gallery-1 is-layout-flex wp-block-gallery-is-layout-flex\">\n<figure class=\"wp-block-image size-large\"><img fetchpriority=\"high\" decoding=\"async\" width=\"800\" height=\"618\" data-id=\"24565\" src=\"https:\/\/www.designenlassen.de\/blog\/wp-content\/uploads\/2021\/07\/Podcast-Namen-Hysterisch-gewachsen-194912-LakoDesigns.jpg\" alt=\"Podcast-Namen-Hysterisch-gewachsen\" class=\"wp-image-24565\" srcset=\"https:\/\/www.designenlassen.de\/blog\/wp-content\/uploads\/2021\/07\/Podcast-Namen-Hysterisch-gewachsen-194912-LakoDesigns.jpg 800w, https:\/\/www.designenlassen.de\/blog\/wp-content\/uploads\/2021\/07\/Podcast-Namen-Hysterisch-gewachsen-194912-LakoDesigns-300x232.jpg 300w, https:\/\/www.designenlassen.de\/blog\/wp-content\/uploads\/2021\/07\/Podcast-Namen-Hysterisch-gewachsen-194912-LakoDesigns-768x593.jpg 768w\" sizes=\"(max-width: 800px) 100vw, 800px\" \/><figcaption class=\"wp-element-caption\"><a href=\"https:\/\/www.designenlassen.de\/194912-cover-fuer-podcast-gesucht\">Podcast-Name &#8222;Hysterisch Gewachsen&#8220; &#8211; Cover-Design von LakoDesigns<\/a><\/figcaption><\/figure>\n<\/figure>\n\n\n\n<div style=\"height:27px\" aria-hidden=\"true\" class=\"wp-block-spacer\"><\/div>\n\n\n\n<div class=\"wp-block-buttons is-content-justification-center is-layout-flex wp-container-core-buttons-is-layout-16018d1d wp-block-buttons-is-layout-flex\">\n<div class=\"wp-block-button is-style-fill\"><a class=\"wp-block-button__link has-white-color has-text-color has-background has-text-align-left wp-element-button\" href=\"https:\/\/www.designenlassen.de\/firmennamen-finden?utm_source=blog&amp;utm_medium=button&amp;utm_campaign=blog-beitraege\" style=\"background-color:#091182\">Jetzt Podcast-Namen finden<\/a><\/div>\n<\/div>\n\n\n\n<div style=\"height:37px\" aria-hidden=\"true\" class=\"wp-block-spacer\"><\/div>\n\n\n\n<hr class=\"wp-block-separator has-alpha-channel-opacity\"\/>\n\n\n\n<p><strong>Das Wichtigste in K\u00fcrze:<\/strong><\/p>\n\n\n\n<ul class=\"wp-block-list\">\n<li><strong>Kreative Techniken nutzen<\/strong>: Methoden wie die ABC-Technik oder die Ping-Pong-Kreativit\u00e4tstechnik k\u00f6nnen helfen, ungew\u00f6hnliche und originelle Namen zu entwickeln. Diese f\u00f6rdern gezielte Ideenfindung und Kreativit\u00e4t, indem sie Denkmuster aufbrechen und neue Perspektiven er\u00f6ffnen.<\/li>\n\n\n\n<li><strong>Relevanz und Pr\u00fcfung der Verf\u00fcgbarkeit<\/strong>: Ein Podcast-Name sollte einpr\u00e4gsam, themenbezogen und leicht zu merken sein. Vor der finalen Auswahl ist es entscheidend, die Verf\u00fcgbarkeit als Domain und in sozialen Medien zu pr\u00fcfen und sicherzustellen, dass keine rechtlichen Konflikte bestehen.<\/li>\n\n\n\n<li><strong>Feedback und Optimierung<\/strong>: Hole Dir Feedback aus Ihrem Umfeld, um Vorschl\u00e4ge weiterzuentwickeln. Dynamische Iterationen mit Kreativen f\u00fchren oft zu einem treffenderen und markenkonformen Podcast-Namen.<\/li>\n<\/ul>\n\n\n\n<hr class=\"wp-block-separator has-alpha-channel-opacity\"\/>\n\n\n\n<h2 class=\"wp-block-heading\">Individualit\u00e4t beim Podcast-Namen ist das A und O<\/h2>\n\n\n\n<p>Warum ein individueller und ansprechender Podcast-Name unumg\u00e4nglich ist? Weil es genau das ist, was potenzielle H\u00f6rer zuallererst von Dir sehen bzw. lesen. Ist der Name unverkennbar und leicht zu merken, hast Du Dir bereits einen <a href=\"https:\/\/www.designenlassen.de\/blog\/wie-du-eine-marke-mit-maximalem-wiedererkennungswert-schaffen-kannst\/\">gewissen Wiedererkennungswert<\/a> gesichert, der Dich von der gro\u00dfen Vielzahl an Konkurrenz abhebt.<\/p>\n\n\n\n<figure class=\"wp-block-gallery has-nested-images columns-default is-cropped wp-block-gallery-2 is-layout-flex wp-block-gallery-is-layout-flex\">\n<figure class=\"wp-block-image size-large\"><img decoding=\"async\" width=\"1000\" height=\"1000\" data-id=\"29648\" src=\"https:\/\/www.designenlassen.de\/blog\/wp-content\/uploads\/2024\/02\/designenlassen_podcast-logo-midlifer-edited.jpeg\" alt=\"\" class=\"wp-image-29648\" srcset=\"https:\/\/www.designenlassen.de\/blog\/wp-content\/uploads\/2024\/02\/designenlassen_podcast-logo-midlifer-edited.jpeg 1000w, https:\/\/www.designenlassen.de\/blog\/wp-content\/uploads\/2024\/02\/designenlassen_podcast-logo-midlifer-edited-300x300.jpeg 300w, https:\/\/www.designenlassen.de\/blog\/wp-content\/uploads\/2024\/02\/designenlassen_podcast-logo-midlifer-edited-150x150.jpeg 150w, https:\/\/www.designenlassen.de\/blog\/wp-content\/uploads\/2024\/02\/designenlassen_podcast-logo-midlifer-edited-768x768.jpeg 768w\" sizes=\"(max-width: 1000px) 100vw, 1000px\" \/><\/figure>\n\n\n\n<figure class=\"wp-block-image size-large\"><img decoding=\"async\" width=\"1024\" height=\"1024\" data-id=\"29638\" src=\"https:\/\/www.designenlassen.de\/blog\/wp-content\/uploads\/2020\/05\/designenlassen_podcast-logo-sigrit2-1024x1024.png\" alt=\"Podcast Logo\" class=\"wp-image-29638\" srcset=\"https:\/\/www.designenlassen.de\/blog\/wp-content\/uploads\/2020\/05\/designenlassen_podcast-logo-sigrit2-1024x1024.png 1024w, https:\/\/www.designenlassen.de\/blog\/wp-content\/uploads\/2020\/05\/designenlassen_podcast-logo-sigrit2-300x300.png 300w, https:\/\/www.designenlassen.de\/blog\/wp-content\/uploads\/2020\/05\/designenlassen_podcast-logo-sigrit2-150x150.png 150w, https:\/\/www.designenlassen.de\/blog\/wp-content\/uploads\/2020\/05\/designenlassen_podcast-logo-sigrit2-768x768.png 768w, https:\/\/www.designenlassen.de\/blog\/wp-content\/uploads\/2020\/05\/designenlassen_podcast-logo-sigrit2.png 1500w\" sizes=\"(max-width: 1024px) 100vw, 1024px\" \/><\/figure>\n\n\n\n<figure class=\"wp-block-image size-large\"><img loading=\"lazy\" decoding=\"async\" width=\"338\" height=\"338\" data-id=\"24572\" src=\"https:\/\/www.designenlassen.de\/blog\/wp-content\/uploads\/2021\/07\/Juristischer-Podcast-Fussnote-Podcast-Name-855737-florianbuchmann.jpg\" alt=\"Juristischer-Podcast-Fussnote-Podcast-Name\" class=\"wp-image-24572\" srcset=\"https:\/\/www.designenlassen.de\/blog\/wp-content\/uploads\/2021\/07\/Juristischer-Podcast-Fussnote-Podcast-Name-855737-florianbuchmann.jpg 338w, https:\/\/www.designenlassen.de\/blog\/wp-content\/uploads\/2021\/07\/Juristischer-Podcast-Fussnote-Podcast-Name-855737-florianbuchmann-300x300.jpg 300w, https:\/\/www.designenlassen.de\/blog\/wp-content\/uploads\/2021\/07\/Juristischer-Podcast-Fussnote-Podcast-Name-855737-florianbuchmann-150x150.jpg 150w\" sizes=\"(max-width: 338px) 100vw, 338px\" \/><\/figure>\n<\/figure>\n\n\n\n<h2 class=\"wp-block-heading\">Der Prozess der Namensfindung f\u00fcr Deinen Podcast &#8211; Brainstorming<\/h2>\n\n\n\n<p>Mit folgenden Fragen kommst Du Deinem Podcast-Namen schon ein gutes St\u00fcck n\u00e4her. Beantworte jede einzelne Frage in Ruhe und informier Dich gegebenenfalls im Internet oder bei Leuten, die dich sehr gut kennen, wenn Du Dir unsicher bist.<\/p>\n\n\n\n<ul class=\"wp-block-list\">\n<li>Auf welches Thema\/welchen Bereich m\u00f6chtest Du Dich mit Deinem Podcast schwerpunktm\u00e4\u00dfig konzentrieren?<\/li>\n\n\n\n<li>Wer ist Deine Zielgruppe?<\/li>\n\n\n\n<li>Was unterscheidet Dich von \u00e4hnlichen Podcasts? Was ist das Besondere an Deinem Podcast?<\/li>\n\n\n\n<li>Hast Du schon erste Ideen oder W\u00f6rter im Kopf, die Du Dir f\u00fcr Deinen Podcast-Namen vorstellen k\u00f6nntest?<\/li>\n\n\n\n<li>Gibt es Deinen ausgedachten Namen vielleicht schon?<\/li>\n\n\n\n<li>Ist Dein ausgedachter Podcast-Name leicht zu merken und einzigartig?<\/li>\n<\/ul>\n\n\n\n<figure class=\"wp-block-gallery has-nested-images columns-default is-cropped dl_picsub_black wp-block-gallery-3 is-layout-flex wp-block-gallery-is-layout-flex\">\n<figure class=\"wp-block-image size-large\"><img loading=\"lazy\" decoding=\"async\" width=\"338\" height=\"338\" data-id=\"24566\" src=\"https:\/\/www.designenlassen.de\/blog\/wp-content\/uploads\/2021\/07\/Abgehoben-der-Reisepodcast-Namen-155855-fuer-Podcast-arief-97.png\" alt=\"Abgehoben-der-Reisepodcast-Namen-155855-fuer-Podcast\" class=\"wp-image-24566\" srcset=\"https:\/\/www.designenlassen.de\/blog\/wp-content\/uploads\/2021\/07\/Abgehoben-der-Reisepodcast-Namen-155855-fuer-Podcast-arief-97.png 338w, https:\/\/www.designenlassen.de\/blog\/wp-content\/uploads\/2021\/07\/Abgehoben-der-Reisepodcast-Namen-155855-fuer-Podcast-arief-97-300x300.png 300w, https:\/\/www.designenlassen.de\/blog\/wp-content\/uploads\/2021\/07\/Abgehoben-der-Reisepodcast-Namen-155855-fuer-Podcast-arief-97-150x150.png 150w\" sizes=\"(max-width: 338px) 100vw, 338px\" \/><figcaption class=\"wp-element-caption\">Design von arief 97<\/figcaption><\/figure>\n\n\n\n<figure class=\"wp-block-image size-large\"><img loading=\"lazy\" decoding=\"async\" width=\"338\" height=\"338\" data-id=\"24567\" src=\"https:\/\/www.designenlassen.de\/blog\/wp-content\/uploads\/2021\/07\/Sportpsychologie-Helden-Podcast-Name-612946-YMIdesign.jpg\" alt=\"Sportpsychologie-Helden-Podcast-Name\" class=\"wp-image-24567\" srcset=\"https:\/\/www.designenlassen.de\/blog\/wp-content\/uploads\/2021\/07\/Sportpsychologie-Helden-Podcast-Name-612946-YMIdesign.jpg 338w, https:\/\/www.designenlassen.de\/blog\/wp-content\/uploads\/2021\/07\/Sportpsychologie-Helden-Podcast-Name-612946-YMIdesign-300x300.jpg 300w, https:\/\/www.designenlassen.de\/blog\/wp-content\/uploads\/2021\/07\/Sportpsychologie-Helden-Podcast-Name-612946-YMIdesign-150x150.jpg 150w\" sizes=\"(max-width: 338px) 100vw, 338px\" \/><figcaption class=\"wp-element-caption\">Design von YMIdesign<\/figcaption><\/figure>\n<\/figure>\n\n\n\n<p>Du willst mehr? In unserem Beitrag &#8222;<a href=\"https:\/\/www.designenlassen.de\/blog\/namensfindung-fuer-ihre-firma-das-muessen-sie-wissen\/\">Namansfindung<\/a>&#8220; findest Du eine umfassende Schritt-f\u00fcr-Schritt-Anleitung, um einen perfekten Podcast-Namen zu finden.<\/p>\n\n\n\n<h2 class=\"wp-block-heading\">Eine Liste kreativer Podcast-Namen<\/h2>\n\n\n\n<p>Mit der folgenden Liste kreativer Podcast-Namen m\u00f6chten wir Dir ein wenig Inspiration bieten! (Diese Liste enth\u00e4lt einige der bekanntesten und beliebtesten Podcasts Deutschlands) <\/p>\n\n\n\n<ul class=\"wp-block-list\">\n<li>Lach&#8216; doch mal<\/li>\n\n\n\n<li>Es war vielleicht einmal<\/li>\n\n\n\n<li>Rollentausch<\/li>\n\n\n\n<li>Fest &amp; Flauschig<\/li>\n\n\n\n<li>Gemischtes Hack<\/li>\n\n\n\n<li>Busenfreundin<\/li>\n\n\n\n<li>Gef\u00fchlte Fakten<\/li>\n\n\n\n<li>Dick &amp; Doof<\/li>\n\n\n\n<li>Edeltalk<\/li>\n\n\n\n<li>Herrengedeck<\/li>\n\n\n\n<li>Mit den Waffeln einer Frau<\/li>\n\n\n\n<li>Betreutes F\u00fchlen<\/li>\n\n\n\n<li>Rothaarig und Langhalsig<\/li>\n\n\n\n<li>Chips und Kaviar<\/li>\n\n\n\n<li>Apokalypse &amp; Filterkaffee<\/li>\n\n\n\n<li>Zuckerwatte<\/li>\n\n\n\n<li>Allgemein gebildet<\/li>\n\n\n\n<li>Was jetzt?<\/li>\n\n\n\n<li>KurzVorZw\u00f6lf<\/li>\n\n\n\n<li>Hebammensalon<\/li>\n<\/ul>\n\n\n\n<div class=\"wp-block-buttons is-content-justification-center is-layout-flex wp-container-core-buttons-is-layout-16018d1d wp-block-buttons-is-layout-flex\">\n<div class=\"wp-block-button is-style-fill\"><a class=\"wp-block-button__link has-white-color has-text-color has-background has-text-align-left wp-element-button\" href=\"https:\/\/www.designenlassen.de\/firmennamen-finden?utm_source=blog&amp;utm_medium=button&amp;utm_campaign=blog-beitraege\" style=\"background-color:#091182\">Jetzt Podcast-Namen finden<\/a><\/div>\n<\/div>\n\n\n\n<div style=\"height:42px\" aria-hidden=\"true\" class=\"wp-block-spacer\"><\/div>\n\n\n\n<h2 class=\"wp-block-heading\">Weitere Inspirationen: Podcast-Namen mit ansprechenden Podcast-Logos<\/h2>\n\n\n\n<p>Weil nicht nur der Podcast-Name an sich eine wichtige Position einnimmt, sondern auch das Logo-Design, das Deinen Kanal schm\u00fcckt, zeigen wir Dir im Folgenden <a href=\"https:\/\/www.designenlassen.de\/blog\/9-podcast-logos-bei-denen-jeder-zuhoeren-moechte\/\">einige Logo-Inspirationen<\/a>, die f\u00fcr einen Podcast besonders geeignet sind.<\/p>\n\n\n\n<figure class=\"wp-block-gallery has-nested-images columns-default is-cropped dl_picsub_black wp-block-gallery-4 is-layout-flex wp-block-gallery-is-layout-flex\">\n<figure class=\"wp-block-image size-large\"><img loading=\"lazy\" decoding=\"async\" width=\"800\" height=\"538\" data-id=\"24568\" src=\"https:\/\/www.designenlassen.de\/blog\/wp-content\/uploads\/2021\/07\/Kinderbuecher-on-Air-Podcast-Namen-797776-Zernen.png\" alt=\"Kinderbuecher-on-Air-Podcast-Namen\" class=\"wp-image-24568\" srcset=\"https:\/\/www.designenlassen.de\/blog\/wp-content\/uploads\/2021\/07\/Kinderbuecher-on-Air-Podcast-Namen-797776-Zernen.png 800w, https:\/\/www.designenlassen.de\/blog\/wp-content\/uploads\/2021\/07\/Kinderbuecher-on-Air-Podcast-Namen-797776-Zernen-300x202.png 300w, https:\/\/www.designenlassen.de\/blog\/wp-content\/uploads\/2021\/07\/Kinderbuecher-on-Air-Podcast-Namen-797776-Zernen-768x516.png 768w\" sizes=\"(max-width: 800px) 100vw, 800px\" \/><figcaption class=\"wp-element-caption\"><a href=\"https:\/\/www.designenlassen.de\/797776-logo-design-fuer-podcast-fuer-kinder\">Podcast-Name &#8222;Kinderb\u00fccher on Air&#8220; &#8211; Podcast-Logo von Zernen<\/a><\/figcaption><\/figure>\n<\/figure>\n\n\n\n<figure class=\"wp-block-gallery has-nested-images columns-default is-cropped dl_picsub_black wp-block-gallery-5 is-layout-flex wp-block-gallery-is-layout-flex\">\n<figure class=\"wp-block-image size-large\"><img loading=\"lazy\" decoding=\"async\" width=\"338\" height=\"338\" data-id=\"24569\" src=\"https:\/\/www.designenlassen.de\/blog\/wp-content\/uploads\/2021\/07\/Mein-authentisches-Selbst-Name-fuer-Podcast-781526-grafikhimmel.png\" alt=\"Mein-authentisches-Selbst-Name-fuer-Podcast\" class=\"wp-image-24569\" srcset=\"https:\/\/www.designenlassen.de\/blog\/wp-content\/uploads\/2021\/07\/Mein-authentisches-Selbst-Name-fuer-Podcast-781526-grafikhimmel.png 338w, https:\/\/www.designenlassen.de\/blog\/wp-content\/uploads\/2021\/07\/Mein-authentisches-Selbst-Name-fuer-Podcast-781526-grafikhimmel-300x300.png 300w, https:\/\/www.designenlassen.de\/blog\/wp-content\/uploads\/2021\/07\/Mein-authentisches-Selbst-Name-fuer-Podcast-781526-grafikhimmel-150x150.png 150w\" sizes=\"(max-width: 338px) 100vw, 338px\" \/><figcaption class=\"wp-element-caption\">Design von grafikhimmel<\/figcaption><\/figure>\n\n\n\n<figure class=\"wp-block-image size-large\"><img loading=\"lazy\" decoding=\"async\" width=\"338\" height=\"338\" data-id=\"24570\" src=\"https:\/\/www.designenlassen.de\/blog\/wp-content\/uploads\/2021\/07\/Mein-authentisches-Selbst-Podcast-Namensfindung-781526-Naya.png\" alt=\"Mein-authentisches-Selbst-Podcast-Namensfindung\" class=\"wp-image-24570\" srcset=\"https:\/\/www.designenlassen.de\/blog\/wp-content\/uploads\/2021\/07\/Mein-authentisches-Selbst-Podcast-Namensfindung-781526-Naya.png 338w, https:\/\/www.designenlassen.de\/blog\/wp-content\/uploads\/2021\/07\/Mein-authentisches-Selbst-Podcast-Namensfindung-781526-Naya-300x300.png 300w, https:\/\/www.designenlassen.de\/blog\/wp-content\/uploads\/2021\/07\/Mein-authentisches-Selbst-Podcast-Namensfindung-781526-Naya-150x150.png 150w\" sizes=\"(max-width: 338px) 100vw, 338px\" \/><figcaption class=\"wp-element-caption\">Design von Naya<\/figcaption><\/figure>\n<\/figure>\n\n\n\n<figure class=\"wp-block-gallery has-nested-images columns-default is-cropped dl_picsub_black wp-block-gallery-6 is-layout-flex wp-block-gallery-is-layout-flex\">\n<figure class=\"wp-block-image size-large\"><img loading=\"lazy\" decoding=\"async\" width=\"800\" height=\"396\" data-id=\"24571\" src=\"https:\/\/www.designenlassen.de\/blog\/wp-content\/uploads\/2021\/07\/Nur-mal-kurz-Podcast-Namensfindung-769875-OMRAM.jpg\" alt=\"Nur-mal-kurz-Podcast-Namensfindung\" class=\"wp-image-24571\" srcset=\"https:\/\/www.designenlassen.de\/blog\/wp-content\/uploads\/2021\/07\/Nur-mal-kurz-Podcast-Namensfindung-769875-OMRAM.jpg 800w, https:\/\/www.designenlassen.de\/blog\/wp-content\/uploads\/2021\/07\/Nur-mal-kurz-Podcast-Namensfindung-769875-OMRAM-300x149.jpg 300w, https:\/\/www.designenlassen.de\/blog\/wp-content\/uploads\/2021\/07\/Nur-mal-kurz-Podcast-Namensfindung-769875-OMRAM-768x380.jpg 768w\" sizes=\"(max-width: 800px) 100vw, 800px\" \/><figcaption class=\"wp-element-caption\"><a href=\"https:\/\/www.designenlassen.de\/769875-logo-und-social-media-paket-fuer-website-youtube-channel\">Podcast-Name &#8222;Nur mal kurz&#8220; &#8211; Podcast-Logo von OMRAM<\/a><\/figcaption><\/figure>\n<\/figure>\n\n\n\n<figure class=\"wp-block-gallery has-nested-images columns-default is-cropped dl_picsub_black wp-block-gallery-7 is-layout-flex wp-block-gallery-is-layout-flex\">\n<figure class=\"wp-block-image size-large\"><img loading=\"lazy\" decoding=\"async\" width=\"338\" height=\"338\" data-id=\"24572\" src=\"https:\/\/www.designenlassen.de\/blog\/wp-content\/uploads\/2021\/07\/Juristischer-Podcast-Fussnote-Podcast-Name-855737-florianbuchmann.jpg\" alt=\"Juristischer-Podcast-Fussnote-Podcast-Name\" class=\"wp-image-24572\" srcset=\"https:\/\/www.designenlassen.de\/blog\/wp-content\/uploads\/2021\/07\/Juristischer-Podcast-Fussnote-Podcast-Name-855737-florianbuchmann.jpg 338w, https:\/\/www.designenlassen.de\/blog\/wp-content\/uploads\/2021\/07\/Juristischer-Podcast-Fussnote-Podcast-Name-855737-florianbuchmann-300x300.jpg 300w, https:\/\/www.designenlassen.de\/blog\/wp-content\/uploads\/2021\/07\/Juristischer-Podcast-Fussnote-Podcast-Name-855737-florianbuchmann-150x150.jpg 150w\" sizes=\"(max-width: 338px) 100vw, 338px\" \/><figcaption class=\"wp-element-caption\">Design von florianbuchmann<\/figcaption><\/figure>\n\n\n\n<figure class=\"wp-block-image size-large\"><img loading=\"lazy\" decoding=\"async\" width=\"338\" height=\"338\" data-id=\"24573\" src=\"https:\/\/www.designenlassen.de\/blog\/wp-content\/uploads\/2021\/07\/midlifer-Podcast-Namen-595782-virtua73.jpg\" alt=\"midlifer-Podcast-Namen\" class=\"wp-image-24573\" srcset=\"https:\/\/www.designenlassen.de\/blog\/wp-content\/uploads\/2021\/07\/midlifer-Podcast-Namen-595782-virtua73.jpg 338w, https:\/\/www.designenlassen.de\/blog\/wp-content\/uploads\/2021\/07\/midlifer-Podcast-Namen-595782-virtua73-300x300.jpg 300w, https:\/\/www.designenlassen.de\/blog\/wp-content\/uploads\/2021\/07\/midlifer-Podcast-Namen-595782-virtua73-150x150.jpg 150w\" sizes=\"(max-width: 338px) 100vw, 338px\" \/><figcaption class=\"wp-element-caption\">Design von virtua73<\/figcaption><\/figure>\n<\/figure>\n\n\n\n<div class=\"wp-block-buttons is-content-justification-center is-layout-flex wp-container-core-buttons-is-layout-16018d1d wp-block-buttons-is-layout-flex\">\n<div class=\"wp-block-button is-style-fill\"><a class=\"wp-block-button__link has-white-color has-text-color has-background has-text-align-left wp-element-button\" href=\"https:\/\/www.designenlassen.de\/podcast-logo?utm_source=blog&amp;utm_medium=button&amp;utm_campaign=blog-beitraege\" style=\"background-color:#091182\">Podcast-Logo erstellen<\/a><\/div>\n<\/div>\n\n\n\n<div style=\"height:30px\" aria-hidden=\"true\" class=\"wp-block-spacer\"><\/div>\n\n\n\n<h2 class=\"wp-block-heading\">Einzigartigen Podcast-Namen erstellen lassen<\/h2>\n\n\n\n<p>Nach der ganzen Inspiration ist es nun an der Zeit, Deinen eigenen Podcast-Namen zu finden. Wenn Du Dir dabei Hilfe suchen m\u00f6chtest, ist designenlassen.de der ideale Ansprechpartner. Mit der Ausschreibung einer Namensfindung erh\u00e4ltst Du von verschiedenen Kreative unterschiedliche Namensvorschl\u00e4ge, die genau auf Dich und Deinen Podcast zugeschnitten sind. Dein Favorit wird anschlie\u00dfend zum Gewinner gek\u00fcrt!<\/p>\n\n\n\n<p>Wir hoffen wir konnten Dir bei der Suche nach einem passenden Namen f\u00fcr Deinen Podcast ein wenig behilflich sein und w\u00fcnschen Dir schon mal viel Erfolg!<\/p>\n\n\n\n<p><strong>\u00c4hnliche Beitr\u00e4ge:<\/strong><\/p>\n\n\n\n<p><a href=\"https:\/\/www.designenlassen.de\/blog\/9-podcast-logos-bei-denen-jeder-zuhoeren-moechte\/\">49 Podcast Logos bei denen jeder zuh\u00f6ren m\u00f6chte<\/a><\/p>\n\n\n\n<p><a href=\"https:\/\/www.designenlassen.de\/blog\/coole-youtube-namen-die-den-youtube-kanal-perfekt-praesentieren\/\">Coole Youtube Namen, die den Youtube-Kanal perfekt pr\u00e4sentieren<\/a><\/p>\n\n\n\n<p><a href=\"https:\/\/www.designenlassen.de\/blog\/eine-liste-kreativer-firmennamen-lerne-bei-der-namensgebung-von-den-besten\/\">Eine Liste kreativer Firmennamen \u2013 Lerne bei der Namensgebung von den Besten!<\/a><\/p>\n","protected":false},"excerpt":{"rendered":"<p>Es ist das Medium, das sich in den letzten Jahren wohl am st\u00e4rksten etabliert und verbreitet&hellip;<\/p>\n","protected":false},"author":10,"featured_media":24570,"comment_status":"open","ping_status":"open","sticky":false,"template":"","format":"standard","meta":{"_lmt_disableupdate":"","_lmt_disable":"","footnotes":""},"categories":[19],"tags":[],"class_list":["post-24563","post","type-post","status-publish","format-standard","has-post-thumbnail","hentry","category-inspiration"],"yoast_head":"<!-- This site is optimized with the Yoast SEO plugin v27.5 - https:\/\/yoast.com\/product\/yoast-seo-wordpress\/ -->\n<title>Top Podcast Namen finden in nur wenigen Minuten<\/title>\n<meta name=\"description\" content=\"Mit einem individuellen Podcast-Namen erschaffst Du einen Wiedererkennungswert und hebst Dich von der Vielzahl an Konkurrenten ab. Wir m\u00f6chten Dir mit unseren Inspirationen &amp; Tipps zu Deinem Podcast-Namen verhelfen!\" \/>\n<meta name=\"robots\" content=\"index, follow, max-snippet:-1, max-image-preview:large, max-video-preview:-1\" \/>\n<link rel=\"canonical\" href=\"https:\/\/www.designenlassen.de\/blog\/podcast-namen-so-findest-du-den-passenden-namen-fuer-deinen-podcast\/\" \/>\n<meta property=\"og:locale\" content=\"de_DE\" \/>\n<meta property=\"og:type\" content=\"article\" \/>\n<meta property=\"og:title\" content=\"Top Podcast Namen finden in nur wenigen Minuten\" \/>\n<meta property=\"og:description\" content=\"Mit einem individuellen Podcast-Namen erschaffst Du einen Wiedererkennungswert und hebst Dich von der Vielzahl an Konkurrenten ab. Wir m\u00f6chten Dir mit unseren Inspirationen &amp; Tipps zu Deinem Podcast-Namen verhelfen!\" \/>\n<meta property=\"og:url\" content=\"https:\/\/www.designenlassen.de\/blog\/podcast-namen-so-findest-du-den-passenden-namen-fuer-deinen-podcast\/\" \/>\n<meta property=\"og:site_name\" content=\"designenlassen.de Blog\" \/>\n<meta property=\"article:author\" content=\"designenlassen\/\" \/>\n<meta property=\"article:published_time\" content=\"2024-04-28T11:38:00+00:00\" \/>\n<meta property=\"article:modified_time\" content=\"2025-05-06T07:49:44+00:00\" \/>\n<meta property=\"og:image\" content=\"https:\/\/www.designenlassen.de\/blog\/wp-content\/uploads\/2021\/07\/Mein-authentisches-Selbst-Podcast-Namensfindung-781526-Naya.png\" \/>\n\t<meta property=\"og:image:width\" content=\"338\" \/>\n\t<meta property=\"og:image:height\" content=\"338\" \/>\n\t<meta property=\"og:image:type\" content=\"image\/png\" \/>\n<meta name=\"author\" content=\"Christina\" \/>\n<meta name=\"twitter:card\" content=\"summary_large_image\" \/>\n<meta name=\"twitter:label1\" content=\"Verfasst von\" \/>\n\t<meta name=\"twitter:data1\" content=\"Christina\" \/>\n\t<meta name=\"twitter:label2\" content=\"Gesch\u00e4tzte Lesezeit\" \/>\n\t<meta name=\"twitter:data2\" content=\"7\u00a0Minuten\" \/>\n<script type=\"application\/ld+json\" class=\"yoast-schema-graph\">{\"@context\":\"https:\\\/\\\/schema.org\",\"@graph\":[{\"@type\":\"Article\",\"@id\":\"https:\\\/\\\/www.designenlassen.de\\\/blog\\\/podcast-namen-so-findest-du-den-passenden-namen-fuer-deinen-podcast\\\/#article\",\"isPartOf\":{\"@id\":\"https:\\\/\\\/www.designenlassen.de\\\/blog\\\/podcast-namen-so-findest-du-den-passenden-namen-fuer-deinen-podcast\\\/\"},\"author\":{\"name\":\"Christina\",\"@id\":\"https:\\\/\\\/www.designenlassen.de\\\/blog\\\/#\\\/schema\\\/person\\\/858ff7f9025247949c1b922431f97734\"},\"headline\":\"Podcast-Namen &#8211; So findest Du den passenden Namen f\u00fcr Deinen Podcast!\",\"datePublished\":\"2024-04-28T11:38:00+00:00\",\"dateModified\":\"2025-05-06T07:49:44+00:00\",\"mainEntityOfPage\":{\"@id\":\"https:\\\/\\\/www.designenlassen.de\\\/blog\\\/podcast-namen-so-findest-du-den-passenden-namen-fuer-deinen-podcast\\\/\"},\"wordCount\":708,\"commentCount\":0,\"image\":{\"@id\":\"https:\\\/\\\/www.designenlassen.de\\\/blog\\\/podcast-namen-so-findest-du-den-passenden-namen-fuer-deinen-podcast\\\/#primaryimage\"},\"thumbnailUrl\":\"https:\\\/\\\/www.designenlassen.de\\\/blog\\\/wp-content\\\/uploads\\\/2021\\\/07\\\/Mein-authentisches-Selbst-Podcast-Namensfindung-781526-Naya.png\",\"articleSection\":[\"Design-Galerien\"],\"inLanguage\":\"de\",\"potentialAction\":[{\"@type\":\"CommentAction\",\"name\":\"Comment\",\"target\":[\"https:\\\/\\\/www.designenlassen.de\\\/blog\\\/podcast-namen-so-findest-du-den-passenden-namen-fuer-deinen-podcast\\\/#respond\"]}]},{\"@type\":\"WebPage\",\"@id\":\"https:\\\/\\\/www.designenlassen.de\\\/blog\\\/podcast-namen-so-findest-du-den-passenden-namen-fuer-deinen-podcast\\\/\",\"url\":\"https:\\\/\\\/www.designenlassen.de\\\/blog\\\/podcast-namen-so-findest-du-den-passenden-namen-fuer-deinen-podcast\\\/\",\"name\":\"Top Podcast Namen finden in nur wenigen Minuten\",\"isPartOf\":{\"@id\":\"https:\\\/\\\/www.designenlassen.de\\\/blog\\\/#website\"},\"primaryImageOfPage\":{\"@id\":\"https:\\\/\\\/www.designenlassen.de\\\/blog\\\/podcast-namen-so-findest-du-den-passenden-namen-fuer-deinen-podcast\\\/#primaryimage\"},\"image\":{\"@id\":\"https:\\\/\\\/www.designenlassen.de\\\/blog\\\/podcast-namen-so-findest-du-den-passenden-namen-fuer-deinen-podcast\\\/#primaryimage\"},\"thumbnailUrl\":\"https:\\\/\\\/www.designenlassen.de\\\/blog\\\/wp-content\\\/uploads\\\/2021\\\/07\\\/Mein-authentisches-Selbst-Podcast-Namensfindung-781526-Naya.png\",\"datePublished\":\"2024-04-28T11:38:00+00:00\",\"dateModified\":\"2025-05-06T07:49:44+00:00\",\"author\":{\"@id\":\"https:\\\/\\\/www.designenlassen.de\\\/blog\\\/#\\\/schema\\\/person\\\/858ff7f9025247949c1b922431f97734\"},\"description\":\"Mit einem individuellen Podcast-Namen erschaffst Du einen Wiedererkennungswert und hebst Dich von der Vielzahl an Konkurrenten ab. Wir m\u00f6chten Dir mit unseren Inspirationen & Tipps zu Deinem Podcast-Namen verhelfen!\",\"breadcrumb\":{\"@id\":\"https:\\\/\\\/www.designenlassen.de\\\/blog\\\/podcast-namen-so-findest-du-den-passenden-namen-fuer-deinen-podcast\\\/#breadcrumb\"},\"inLanguage\":\"de\",\"potentialAction\":[{\"@type\":\"ReadAction\",\"target\":[\"https:\\\/\\\/www.designenlassen.de\\\/blog\\\/podcast-namen-so-findest-du-den-passenden-namen-fuer-deinen-podcast\\\/\"]}]},{\"@type\":\"ImageObject\",\"inLanguage\":\"de\",\"@id\":\"https:\\\/\\\/www.designenlassen.de\\\/blog\\\/podcast-namen-so-findest-du-den-passenden-namen-fuer-deinen-podcast\\\/#primaryimage\",\"url\":\"https:\\\/\\\/www.designenlassen.de\\\/blog\\\/wp-content\\\/uploads\\\/2021\\\/07\\\/Mein-authentisches-Selbst-Podcast-Namensfindung-781526-Naya.png\",\"contentUrl\":\"https:\\\/\\\/www.designenlassen.de\\\/blog\\\/wp-content\\\/uploads\\\/2021\\\/07\\\/Mein-authentisches-Selbst-Podcast-Namensfindung-781526-Naya.png\",\"width\":338,\"height\":338,\"caption\":\"Mein-authentisches-Selbst-Podcast-Namensfindung\"},{\"@type\":\"BreadcrumbList\",\"@id\":\"https:\\\/\\\/www.designenlassen.de\\\/blog\\\/podcast-namen-so-findest-du-den-passenden-namen-fuer-deinen-podcast\\\/#breadcrumb\",\"itemListElement\":[{\"@type\":\"ListItem\",\"position\":1,\"name\":\"Start\",\"item\":\"https:\\\/\\\/www.designenlassen.de\\\/blog\\\/\"},{\"@type\":\"ListItem\",\"position\":2,\"name\":\"Podcast-Namen &#8211; So findest Du den passenden Namen f\u00fcr Deinen Podcast!\"}]},{\"@type\":\"WebSite\",\"@id\":\"https:\\\/\\\/www.designenlassen.de\\\/blog\\\/#website\",\"url\":\"https:\\\/\\\/www.designenlassen.de\\\/blog\\\/\",\"name\":\"designenlassen.de Blog\",\"description\":\"Inspirationen, Tipps und Ideen f\u00fcr Designer sowie Gr\u00fcnder und Kleinbetriebe.\",\"potentialAction\":[{\"@type\":\"SearchAction\",\"target\":{\"@type\":\"EntryPoint\",\"urlTemplate\":\"https:\\\/\\\/www.designenlassen.de\\\/blog\\\/?s={search_term_string}\"},\"query-input\":{\"@type\":\"PropertyValueSpecification\",\"valueRequired\":true,\"valueName\":\"search_term_string\"}}],\"inLanguage\":\"de\"},{\"@type\":\"Person\",\"@id\":\"https:\\\/\\\/www.designenlassen.de\\\/blog\\\/#\\\/schema\\\/person\\\/858ff7f9025247949c1b922431f97734\",\"name\":\"Christina\",\"image\":{\"@type\":\"ImageObject\",\"inLanguage\":\"de\",\"@id\":\"https:\\\/\\\/secure.gravatar.com\\\/avatar\\\/31045bfe41c5fbc86ecbb135f792148b4bf1bee47931b9c8d47c74611d912026?s=96&d=mm&r=g\",\"url\":\"https:\\\/\\\/secure.gravatar.com\\\/avatar\\\/31045bfe41c5fbc86ecbb135f792148b4bf1bee47931b9c8d47c74611d912026?s=96&d=mm&r=g\",\"contentUrl\":\"https:\\\/\\\/secure.gravatar.com\\\/avatar\\\/31045bfe41c5fbc86ecbb135f792148b4bf1bee47931b9c8d47c74611d912026?s=96&d=mm&r=g\",\"caption\":\"Christina\"},\"description\":\"Christina ist bei designenlassen.de f\u00fcr das Content-Marketing &amp; die Social Media Kan\u00e4le zust\u00e4ndig. Sie schreibt hier im Blog zu verschiedensten Design-Themen.\",\"sameAs\":[\"designenlassen\\\/\"],\"url\":\"https:\\\/\\\/www.designenlassen.de\\\/blog\\\/author\\\/christina\\\/\"}]}<\/script>\n<!-- \/ Yoast SEO plugin. -->","yoast_head_json":{"title":"Top Podcast Namen finden in nur wenigen Minuten","description":"Mit einem individuellen Podcast-Namen erschaffst Du einen Wiedererkennungswert und hebst Dich von der Vielzahl an Konkurrenten ab. Wir m\u00f6chten Dir mit unseren Inspirationen & Tipps zu Deinem Podcast-Namen verhelfen!","robots":{"index":"index","follow":"follow","max-snippet":"max-snippet:-1","max-image-preview":"max-image-preview:large","max-video-preview":"max-video-preview:-1"},"canonical":"https:\/\/www.designenlassen.de\/blog\/podcast-namen-so-findest-du-den-passenden-namen-fuer-deinen-podcast\/","og_locale":"de_DE","og_type":"article","og_title":"Top Podcast Namen finden in nur wenigen Minuten","og_description":"Mit einem individuellen Podcast-Namen erschaffst Du einen Wiedererkennungswert und hebst Dich von der Vielzahl an Konkurrenten ab. Wir m\u00f6chten Dir mit unseren Inspirationen & Tipps zu Deinem Podcast-Namen verhelfen!","og_url":"https:\/\/www.designenlassen.de\/blog\/podcast-namen-so-findest-du-den-passenden-namen-fuer-deinen-podcast\/","og_site_name":"designenlassen.de Blog","article_author":"designenlassen\/","article_published_time":"2024-04-28T11:38:00+00:00","article_modified_time":"2025-05-06T07:49:44+00:00","og_image":[{"width":338,"height":338,"url":"https:\/\/www.designenlassen.de\/blog\/wp-content\/uploads\/2021\/07\/Mein-authentisches-Selbst-Podcast-Namensfindung-781526-Naya.png","type":"image\/png"}],"author":"Christina","twitter_card":"summary_large_image","twitter_misc":{"Verfasst von":"Christina","Gesch\u00e4tzte Lesezeit":"7\u00a0Minuten"},"schema":{"@context":"https:\/\/schema.org","@graph":[{"@type":"Article","@id":"https:\/\/www.designenlassen.de\/blog\/podcast-namen-so-findest-du-den-passenden-namen-fuer-deinen-podcast\/#article","isPartOf":{"@id":"https:\/\/www.designenlassen.de\/blog\/podcast-namen-so-findest-du-den-passenden-namen-fuer-deinen-podcast\/"},"author":{"name":"Christina","@id":"https:\/\/www.designenlassen.de\/blog\/#\/schema\/person\/858ff7f9025247949c1b922431f97734"},"headline":"Podcast-Namen &#8211; So findest Du den passenden Namen f\u00fcr Deinen Podcast!","datePublished":"2024-04-28T11:38:00+00:00","dateModified":"2025-05-06T07:49:44+00:00","mainEntityOfPage":{"@id":"https:\/\/www.designenlassen.de\/blog\/podcast-namen-so-findest-du-den-passenden-namen-fuer-deinen-podcast\/"},"wordCount":708,"commentCount":0,"image":{"@id":"https:\/\/www.designenlassen.de\/blog\/podcast-namen-so-findest-du-den-passenden-namen-fuer-deinen-podcast\/#primaryimage"},"thumbnailUrl":"https:\/\/www.designenlassen.de\/blog\/wp-content\/uploads\/2021\/07\/Mein-authentisches-Selbst-Podcast-Namensfindung-781526-Naya.png","articleSection":["Design-Galerien"],"inLanguage":"de","potentialAction":[{"@type":"CommentAction","name":"Comment","target":["https:\/\/www.designenlassen.de\/blog\/podcast-namen-so-findest-du-den-passenden-namen-fuer-deinen-podcast\/#respond"]}]},{"@type":"WebPage","@id":"https:\/\/www.designenlassen.de\/blog\/podcast-namen-so-findest-du-den-passenden-namen-fuer-deinen-podcast\/","url":"https:\/\/www.designenlassen.de\/blog\/podcast-namen-so-findest-du-den-passenden-namen-fuer-deinen-podcast\/","name":"Top Podcast Namen finden in nur wenigen Minuten","isPartOf":{"@id":"https:\/\/www.designenlassen.de\/blog\/#website"},"primaryImageOfPage":{"@id":"https:\/\/www.designenlassen.de\/blog\/podcast-namen-so-findest-du-den-passenden-namen-fuer-deinen-podcast\/#primaryimage"},"image":{"@id":"https:\/\/www.designenlassen.de\/blog\/podcast-namen-so-findest-du-den-passenden-namen-fuer-deinen-podcast\/#primaryimage"},"thumbnailUrl":"https:\/\/www.designenlassen.de\/blog\/wp-content\/uploads\/2021\/07\/Mein-authentisches-Selbst-Podcast-Namensfindung-781526-Naya.png","datePublished":"2024-04-28T11:38:00+00:00","dateModified":"2025-05-06T07:49:44+00:00","author":{"@id":"https:\/\/www.designenlassen.de\/blog\/#\/schema\/person\/858ff7f9025247949c1b922431f97734"},"description":"Mit einem individuellen Podcast-Namen erschaffst Du einen Wiedererkennungswert und hebst Dich von der Vielzahl an Konkurrenten ab. Wir m\u00f6chten Dir mit unseren Inspirationen & Tipps zu Deinem Podcast-Namen verhelfen!","breadcrumb":{"@id":"https:\/\/www.designenlassen.de\/blog\/podcast-namen-so-findest-du-den-passenden-namen-fuer-deinen-podcast\/#breadcrumb"},"inLanguage":"de","potentialAction":[{"@type":"ReadAction","target":["https:\/\/www.designenlassen.de\/blog\/podcast-namen-so-findest-du-den-passenden-namen-fuer-deinen-podcast\/"]}]},{"@type":"ImageObject","inLanguage":"de","@id":"https:\/\/www.designenlassen.de\/blog\/podcast-namen-so-findest-du-den-passenden-namen-fuer-deinen-podcast\/#primaryimage","url":"https:\/\/www.designenlassen.de\/blog\/wp-content\/uploads\/2021\/07\/Mein-authentisches-Selbst-Podcast-Namensfindung-781526-Naya.png","contentUrl":"https:\/\/www.designenlassen.de\/blog\/wp-content\/uploads\/2021\/07\/Mein-authentisches-Selbst-Podcast-Namensfindung-781526-Naya.png","width":338,"height":338,"caption":"Mein-authentisches-Selbst-Podcast-Namensfindung"},{"@type":"BreadcrumbList","@id":"https:\/\/www.designenlassen.de\/blog\/podcast-namen-so-findest-du-den-passenden-namen-fuer-deinen-podcast\/#breadcrumb","itemListElement":[{"@type":"ListItem","position":1,"name":"Start","item":"https:\/\/www.designenlassen.de\/blog\/"},{"@type":"ListItem","position":2,"name":"Podcast-Namen &#8211; So findest Du den passenden Namen f\u00fcr Deinen Podcast!"}]},{"@type":"WebSite","@id":"https:\/\/www.designenlassen.de\/blog\/#website","url":"https:\/\/www.designenlassen.de\/blog\/","name":"designenlassen.de Blog","description":"Inspirationen, Tipps und Ideen f\u00fcr Designer sowie Gr\u00fcnder und Kleinbetriebe.","potentialAction":[{"@type":"SearchAction","target":{"@type":"EntryPoint","urlTemplate":"https:\/\/www.designenlassen.de\/blog\/?s={search_term_string}"},"query-input":{"@type":"PropertyValueSpecification","valueRequired":true,"valueName":"search_term_string"}}],"inLanguage":"de"},{"@type":"Person","@id":"https:\/\/www.designenlassen.de\/blog\/#\/schema\/person\/858ff7f9025247949c1b922431f97734","name":"Christina","image":{"@type":"ImageObject","inLanguage":"de","@id":"https:\/\/secure.gravatar.com\/avatar\/31045bfe41c5fbc86ecbb135f792148b4bf1bee47931b9c8d47c74611d912026?s=96&d=mm&r=g","url":"https:\/\/secure.gravatar.com\/avatar\/31045bfe41c5fbc86ecbb135f792148b4bf1bee47931b9c8d47c74611d912026?s=96&d=mm&r=g","contentUrl":"https:\/\/secure.gravatar.com\/avatar\/31045bfe41c5fbc86ecbb135f792148b4bf1bee47931b9c8d47c74611d912026?s=96&d=mm&r=g","caption":"Christina"},"description":"Christina ist bei designenlassen.de f\u00fcr das Content-Marketing &amp; die Social Media Kan\u00e4le zust\u00e4ndig. Sie schreibt hier im Blog zu verschiedensten Design-Themen.","sameAs":["designenlassen\/"],"url":"https:\/\/www.designenlassen.de\/blog\/author\/christina\/"}]}},"_links":{"self":[{"href":"https:\/\/www.designenlassen.de\/blog\/wp-json\/wp\/v2\/posts\/24563","targetHints":{"allow":["GET"]}}],"collection":[{"href":"https:\/\/www.designenlassen.de\/blog\/wp-json\/wp\/v2\/posts"}],"about":[{"href":"https:\/\/www.designenlassen.de\/blog\/wp-json\/wp\/v2\/types\/post"}],"author":[{"embeddable":true,"href":"https:\/\/www.designenlassen.de\/blog\/wp-json\/wp\/v2\/users\/10"}],"replies":[{"embeddable":true,"href":"https:\/\/www.designenlassen.de\/blog\/wp-json\/wp\/v2\/comments?post=24563"}],"version-history":[{"count":7,"href":"https:\/\/www.designenlassen.de\/blog\/wp-json\/wp\/v2\/posts\/24563\/revisions"}],"predecessor-version":[{"id":33534,"href":"https:\/\/www.designenlassen.de\/blog\/wp-json\/wp\/v2\/posts\/24563\/revisions\/33534"}],"wp:featuredmedia":[{"embeddable":true,"href":"https:\/\/www.designenlassen.de\/blog\/wp-json\/wp\/v2\/media\/24570"}],"wp:attachment":[{"href":"https:\/\/www.designenlassen.de\/blog\/wp-json\/wp\/v2\/media?parent=24563"}],"wp:term":[{"taxonomy":"category","embeddable":true,"href":"https:\/\/www.designenlassen.de\/blog\/wp-json\/wp\/v2\/categories?post=24563"},{"taxonomy":"post_tag","embeddable":true,"href":"https:\/\/www.designenlassen.de\/blog\/wp-json\/wp\/v2\/tags?post=24563"}],"curies":[{"name":"wp","href":"https:\/\/api.w.org\/{rel}","templated":true}]}}