{"id":24695,"date":"2023-08-04T10:00:00","date_gmt":"2023-08-04T08:00:00","guid":{"rendered":"https:\/\/www.designenlassen.de\/blog\/?p=24695"},"modified":"2024-06-19T12:48:49","modified_gmt":"2024-06-19T10:48:49","slug":"24-kamera-logos-mit-denen-jedes-foto-ein-treffer-wird","status":"publish","type":"post","link":"https:\/\/www.designenlassen.de\/blog\/24-kamera-logos-mit-denen-jedes-foto-ein-treffer-wird\/","title":{"rendered":"39 geniale Kamera-Logos mit denen jedes Foto ein Treffer wird"},"content":{"rendered":"\n<p>Als Fotograf oder Unternehmen, das im Produktionsbereich t\u00e4tig ist, ist ein Logo-Design mit Kamera perfekt geeignet, um den Kunden direkt zu verklickern, welche Art von Dienstleistung bei Deiner T\u00e4tigkeit zu erwarten ist. Geht es um die Gestaltung des Ganzen, ist der Kreativit\u00e4t keine Grenze gesetzt. Dein Kamera-Logo kann durch eine kreative Bildmarke hervorgehoben werden. Es kann aber auch durch eine schlichte Gestaltung \u00fcberzeugen, die Dir ebenfalls einen <a href=\"https:\/\/www.designenlassen.de\/blog\/wie-du-eine-marke-mit-maximalem-wiedererkennungswert-schaffen-kannst\/\">Wiedererkennungswert<\/a> sichert. Lass Dich von unseren folgenden Logo-Designs f\u00fcr Dein Business inspirieren!<\/p>\n\n\n\n<div class=\"wp-block-buttons is-content-justification-center is-layout-flex wp-container-core-buttons-is-layout-16018d1d wp-block-buttons-is-layout-flex\">\n<div class=\"wp-block-button is-style-fill\"><a class=\"wp-block-button__link has-white-color has-text-color has-background has-text-align-left wp-element-button\" href=\"https:\/\/www.designenlassen.de\/logo-design?utm_source=blog&amp;utm_medium=button&amp;utm_campaign=blog-beitraege\" style=\"background-color:#091182\">Jetzt Logo erstellen<\/a><\/div>\n<\/div>\n\n\n\n\n\n<h2 class=\"wp-block-heading\">Kreative Kamera-Logos, die besonders einzigartig sind<\/h2>\n\n\n\n<p>Wie bereits so oft erw\u00e4hnt, ist es unheimlich wichtig, sich ein Logo-Design erstellen zu lassen, das besonders einzigartig ist. Denn nur so kann gew\u00e4hrleistet werden, dass Du Dich von Deiner Konkurrenz abhebst und bei (potenziellen) Kunden im Ged\u00e4chtnis bleibst. Ein gro\u00dfer Vorteil bietet sich hierbei durch<a href=\"https:\/\/www.designenlassen.de\/blog\/45-fotografie-logo-designs-bei-denen-es-klick-macht\/\"> kreative Kamera-Logos<\/a>, die einen Wow-Effekt erzeugen und sofort begeistern.<\/p>\n\n\n\n<figure class=\"wp-block-gallery has-nested-images columns-default is-cropped dl_picsub_black wp-block-gallery-1 is-layout-flex wp-block-gallery-is-layout-flex\">\n<figure class=\"wp-block-image size-large\"><img fetchpriority=\"high\" decoding=\"async\" width=\"338\" height=\"338\" data-id=\"24706\" src=\"https:\/\/www.designenlassen.de\/blog\/wp-content\/uploads\/2021\/07\/Kamera-Logos-Sascha-Dein-Fotograf-362919-davincho.png\" alt=\"Kamera-Logos-Sascha-Dein-Fotograf\" class=\"wp-image-24706\" srcset=\"https:\/\/www.designenlassen.de\/blog\/wp-content\/uploads\/2021\/07\/Kamera-Logos-Sascha-Dein-Fotograf-362919-davincho.png 338w, https:\/\/www.designenlassen.de\/blog\/wp-content\/uploads\/2021\/07\/Kamera-Logos-Sascha-Dein-Fotograf-362919-davincho-300x300.png 300w, https:\/\/www.designenlassen.de\/blog\/wp-content\/uploads\/2021\/07\/Kamera-Logos-Sascha-Dein-Fotograf-362919-davincho-150x150.png 150w\" sizes=\"(max-width: 338px) 100vw, 338px\" \/><figcaption class=\"wp-element-caption\">Kamera-Logo von davincho<\/figcaption><\/figure>\n\n\n\n<figure class=\"wp-block-image size-large\"><img decoding=\"async\" width=\"338\" height=\"338\" data-id=\"24707\" src=\"https:\/\/www.designenlassen.de\/blog\/wp-content\/uploads\/2021\/07\/Sascha-Fotografie-Kamera-Logos-362919-arrasyiqjpr.jpg\" alt=\"Sascha-Fotografie-Kamera-Logos\" class=\"wp-image-24707\" srcset=\"https:\/\/www.designenlassen.de\/blog\/wp-content\/uploads\/2021\/07\/Sascha-Fotografie-Kamera-Logos-362919-arrasyiqjpr.jpg 338w, https:\/\/www.designenlassen.de\/blog\/wp-content\/uploads\/2021\/07\/Sascha-Fotografie-Kamera-Logos-362919-arrasyiqjpr-300x300.jpg 300w, https:\/\/www.designenlassen.de\/blog\/wp-content\/uploads\/2021\/07\/Sascha-Fotografie-Kamera-Logos-362919-arrasyiqjpr-150x150.jpg 150w\" sizes=\"(max-width: 338px) 100vw, 338px\" \/><figcaption class=\"wp-element-caption\">Kamera-Logo von arrasyiqjpr<\/figcaption><\/figure>\n<\/figure>\n\n\n\n<figure class=\"wp-block-gallery has-nested-images columns-default is-cropped dl_picsub_black wp-block-gallery-2 is-layout-flex wp-block-gallery-is-layout-flex\">\n<figure class=\"wp-block-image size-large\"><img decoding=\"async\" width=\"800\" height=\"454\" data-id=\"24708\" src=\"https:\/\/www.designenlassen.de\/blog\/wp-content\/uploads\/2021\/07\/Florian-Schmidt-Kamera-Logo-Design-463595-hery.jpg\" alt=\"Florian-Schmidt-Kamera-Logo-Design\" class=\"wp-image-24708\" srcset=\"https:\/\/www.designenlassen.de\/blog\/wp-content\/uploads\/2021\/07\/Florian-Schmidt-Kamera-Logo-Design-463595-hery.jpg 800w, https:\/\/www.designenlassen.de\/blog\/wp-content\/uploads\/2021\/07\/Florian-Schmidt-Kamera-Logo-Design-463595-hery-300x170.jpg 300w, https:\/\/www.designenlassen.de\/blog\/wp-content\/uploads\/2021\/07\/Florian-Schmidt-Kamera-Logo-Design-463595-hery-768x436.jpg 768w\" sizes=\"(max-width: 800px) 100vw, 800px\" \/><figcaption class=\"wp-element-caption\"><a href=\"https:\/\/www.designenlassen.de\/463595-logo-und-visitenkarte-fuer-hochzeits-und-portraitfotografie\">Kreatives Kamera-Logo f\u00fcr Florian Schmidt Fotografie von Designer hery<\/a><\/figcaption><\/figure>\n<\/figure>\n\n\n\n<figure class=\"wp-block-gallery has-nested-images columns-default is-cropped dl_picsub_black wp-block-gallery-3 is-layout-flex wp-block-gallery-is-layout-flex\">\n<figure class=\"wp-block-image size-large\"><img loading=\"lazy\" decoding=\"async\" width=\"338\" height=\"338\" data-id=\"24709\" src=\"https:\/\/www.designenlassen.de\/blog\/wp-content\/uploads\/2021\/07\/Blende-1-Null-Kamera-Logos-354185-wanzkarat.jpg\" alt=\"Blende-1-Null-Kamera-Logos\" class=\"wp-image-24709\" srcset=\"https:\/\/www.designenlassen.de\/blog\/wp-content\/uploads\/2021\/07\/Blende-1-Null-Kamera-Logos-354185-wanzkarat.jpg 338w, https:\/\/www.designenlassen.de\/blog\/wp-content\/uploads\/2021\/07\/Blende-1-Null-Kamera-Logos-354185-wanzkarat-300x300.jpg 300w, https:\/\/www.designenlassen.de\/blog\/wp-content\/uploads\/2021\/07\/Blende-1-Null-Kamera-Logos-354185-wanzkarat-150x150.jpg 150w\" sizes=\"(max-width: 338px) 100vw, 338px\" \/><figcaption class=\"wp-element-caption\">Kamera-Logo von wanzkarat<\/figcaption><\/figure>\n\n\n\n<figure class=\"wp-block-image size-large\"><img loading=\"lazy\" decoding=\"async\" width=\"338\" height=\"338\" data-id=\"24710\" src=\"https:\/\/www.designenlassen.de\/blog\/wp-content\/uploads\/2021\/07\/Chili-Stylez-Logo-Design-Kamera-642359-Sashpictures.jpg\" alt=\"Chili-Stylez-Logo-Design-Kamera\" class=\"wp-image-24710\" srcset=\"https:\/\/www.designenlassen.de\/blog\/wp-content\/uploads\/2021\/07\/Chili-Stylez-Logo-Design-Kamera-642359-Sashpictures.jpg 338w, https:\/\/www.designenlassen.de\/blog\/wp-content\/uploads\/2021\/07\/Chili-Stylez-Logo-Design-Kamera-642359-Sashpictures-300x300.jpg 300w, https:\/\/www.designenlassen.de\/blog\/wp-content\/uploads\/2021\/07\/Chili-Stylez-Logo-Design-Kamera-642359-Sashpictures-150x150.jpg 150w\" sizes=\"(max-width: 338px) 100vw, 338px\" \/><figcaption class=\"wp-element-caption\">Kamera-Logo von Sashpictures<\/figcaption><\/figure>\n<\/figure>\n\n\n\n<figure class=\"wp-block-gallery has-nested-images columns-default is-cropped dl_picsub_black wp-block-gallery-4 is-layout-flex wp-block-gallery-is-layout-flex\">\n<figure class=\"wp-block-image size-large\"><img loading=\"lazy\" decoding=\"async\" width=\"800\" height=\"497\" data-id=\"24711\" src=\"https:\/\/www.designenlassen.de\/blog\/wp-content\/uploads\/2021\/07\/Kamera-Logos-MF-Fotografie-844713-Maxobiz.jpg\" alt=\"Kamera-Logos-MF-Fotografie\" class=\"wp-image-24711\" srcset=\"https:\/\/www.designenlassen.de\/blog\/wp-content\/uploads\/2021\/07\/Kamera-Logos-MF-Fotografie-844713-Maxobiz.jpg 800w, https:\/\/www.designenlassen.de\/blog\/wp-content\/uploads\/2021\/07\/Kamera-Logos-MF-Fotografie-844713-Maxobiz-300x186.jpg 300w, https:\/\/www.designenlassen.de\/blog\/wp-content\/uploads\/2021\/07\/Kamera-Logos-MF-Fotografie-844713-Maxobiz-768x477.jpg 768w\" sizes=\"(max-width: 800px) 100vw, 800px\" \/><figcaption class=\"wp-element-caption\"><a href=\"https:\/\/www.designenlassen.de\/844713-fotograf-fuer-hochzeiten-und-portraits-benoetigt-logo-design\">MF-Fotografie Kamera-Logo von Designer Maxobiz<\/a><\/figcaption><\/figure>\n<\/figure>\n\n\n\n<figure class=\"wp-block-gallery has-nested-images columns-default is-cropped dl_picsub_black wp-block-gallery-5 is-layout-flex wp-block-gallery-is-layout-flex\">\n<figure class=\"wp-block-image size-large\"><img loading=\"lazy\" decoding=\"async\" width=\"338\" height=\"338\" data-id=\"24712\" src=\"https:\/\/www.designenlassen.de\/blog\/wp-content\/uploads\/2021\/07\/BerryVision-Kamera-Logo-761926-Sashpictures.jpg\" alt=\"BerryVision-Kamera-Logo\" class=\"wp-image-24712\" srcset=\"https:\/\/www.designenlassen.de\/blog\/wp-content\/uploads\/2021\/07\/BerryVision-Kamera-Logo-761926-Sashpictures.jpg 338w, https:\/\/www.designenlassen.de\/blog\/wp-content\/uploads\/2021\/07\/BerryVision-Kamera-Logo-761926-Sashpictures-300x300.jpg 300w, https:\/\/www.designenlassen.de\/blog\/wp-content\/uploads\/2021\/07\/BerryVision-Kamera-Logo-761926-Sashpictures-150x150.jpg 150w\" sizes=\"(max-width: 338px) 100vw, 338px\" \/><figcaption class=\"wp-element-caption\">Kamera-Logo von Sashpictures<\/figcaption><\/figure>\n\n\n\n<figure class=\"wp-block-image size-large\"><img loading=\"lazy\" decoding=\"async\" width=\"338\" height=\"338\" data-id=\"24713\" src=\"https:\/\/www.designenlassen.de\/blog\/wp-content\/uploads\/2021\/07\/Mammut-Momente-Logo-mit-Kamera-845129-achrafhamza.jpg\" alt=\"Mammut-Momente-Logo-mit-Kamera\" class=\"wp-image-24713\" srcset=\"https:\/\/www.designenlassen.de\/blog\/wp-content\/uploads\/2021\/07\/Mammut-Momente-Logo-mit-Kamera-845129-achrafhamza.jpg 338w, https:\/\/www.designenlassen.de\/blog\/wp-content\/uploads\/2021\/07\/Mammut-Momente-Logo-mit-Kamera-845129-achrafhamza-300x300.jpg 300w, https:\/\/www.designenlassen.de\/blog\/wp-content\/uploads\/2021\/07\/Mammut-Momente-Logo-mit-Kamera-845129-achrafhamza-150x150.jpg 150w\" sizes=\"(max-width: 338px) 100vw, 338px\" \/><figcaption class=\"wp-element-caption\">Kamera-Logo von achrafhamza<\/figcaption><\/figure>\n<\/figure>\n\n\n\n<h2 class=\"wp-block-heading\">Professionelles Kamera-Logo erstellen lassen<\/h2>\n\n\n\n<p>Mit einem professionellen Kamera-Logo verleihst Du Deinem Unternehmen oder Startup maximale Aufmerksamkeit und legst den Grundstein f\u00fcr ein starkes Branding.<\/p>\n\n\n\n<p>So einfach geht\u00b4s: In nur kurzer Zeit kreieren Dir unsere Profi-Designer zahlreiche individuelle Logo-Entw\u00fcrfe nach Deinen W\u00fcnschen. Anschlie\u00dfend kannst Du ganz bequem aus all den Vorschl\u00e4gen Deinen Favoriten ausw\u00e4hlen. Du bekommst ein 100% einzigartiges Logo und keine 0815-Vorlagen, die bereits 1000ende male verwendet werden. Neugierig? Dann entdecke hier Dein neues Logo-Design:<\/p>\n\n\n\n<div style=\"height:22px\" aria-hidden=\"true\" class=\"wp-block-spacer\"><\/div>\n\n\n\n<div class=\"wp-block-buttons is-content-justification-center is-layout-flex wp-container-core-buttons-is-layout-16018d1d wp-block-buttons-is-layout-flex\">\n<div class=\"wp-block-button is-style-fill\"><a class=\"wp-block-button__link has-white-color has-text-color has-background has-text-align-left wp-element-button\" href=\"https:\/\/www.designenlassen.de\/logo-design?utm_source=blog&amp;utm_medium=button&amp;utm_campaign=blog-beitraege\" style=\"background-color:#091182\">Jetzt Logo erstellen<\/a><\/div>\n<\/div>\n\n\n\n<div style=\"height:39px\" aria-hidden=\"true\" class=\"wp-block-spacer\"><\/div>\n\n\n\n<h2 class=\"wp-block-heading\">\u00dcberzeugende Kamera-Logos mit Wiedererkennungswert<\/h2>\n\n\n\n<p>Mit einem \u00fcberzeugenden Kamera-Logos bist Du nicht nur selbst gl\u00fccklich \u00fcber Deine Wahl, sondern begeisterst auch Kunden oder l\u00e4sst Deine Konkurrenten neidisch werden. Bei einem Logo dieser Art ist es naheliegend, ein Symbol einer Kamera oder einer Linse im Design einzubinden. Lass Dich von unseren folgenden \u00fcberzeugenden Kamera-Logos f\u00fcr Dein Business inspirieren!<\/p>\n\n\n\n<figure class=\"wp-block-gallery has-nested-images columns-default is-cropped dl_picsub_black wp-block-gallery-6 is-layout-flex wp-block-gallery-is-layout-flex\">\n<figure class=\"wp-block-image size-large\"><img loading=\"lazy\" decoding=\"async\" width=\"338\" height=\"338\" data-id=\"24714\" src=\"https:\/\/www.designenlassen.de\/blog\/wp-content\/uploads\/2021\/07\/Kamera-Logo-Tobias-Rauchmann-Fotografie-173482-Jrx-Art.png\" alt=\"Kamera-Logo-Tobias-Rauchmann-Fotografie\" class=\"wp-image-24714\" srcset=\"https:\/\/www.designenlassen.de\/blog\/wp-content\/uploads\/2021\/07\/Kamera-Logo-Tobias-Rauchmann-Fotografie-173482-Jrx-Art.png 338w, https:\/\/www.designenlassen.de\/blog\/wp-content\/uploads\/2021\/07\/Kamera-Logo-Tobias-Rauchmann-Fotografie-173482-Jrx-Art-300x300.png 300w, https:\/\/www.designenlassen.de\/blog\/wp-content\/uploads\/2021\/07\/Kamera-Logo-Tobias-Rauchmann-Fotografie-173482-Jrx-Art-150x150.png 150w\" sizes=\"(max-width: 338px) 100vw, 338px\" \/><figcaption class=\"wp-element-caption\">Kamera-Logo von Jrx Art<\/figcaption><\/figure>\n\n\n\n<figure class=\"wp-block-image size-large\"><img loading=\"lazy\" decoding=\"async\" width=\"338\" height=\"338\" data-id=\"24715\" src=\"https:\/\/www.designenlassen.de\/blog\/wp-content\/uploads\/2021\/07\/Sascha-Dein-Fotograf-Kamera-Logo-362919-Luleo.jpg\" alt=\"Sascha-Dein-Fotograf-Kamera-Logo\" class=\"wp-image-24715\" srcset=\"https:\/\/www.designenlassen.de\/blog\/wp-content\/uploads\/2021\/07\/Sascha-Dein-Fotograf-Kamera-Logo-362919-Luleo.jpg 338w, https:\/\/www.designenlassen.de\/blog\/wp-content\/uploads\/2021\/07\/Sascha-Dein-Fotograf-Kamera-Logo-362919-Luleo-300x300.jpg 300w, https:\/\/www.designenlassen.de\/blog\/wp-content\/uploads\/2021\/07\/Sascha-Dein-Fotograf-Kamera-Logo-362919-Luleo-150x150.jpg 150w\" sizes=\"(max-width: 338px) 100vw, 338px\" \/><figcaption class=\"wp-element-caption\">Kamera-Logo von Luleo<\/figcaption><\/figure>\n<\/figure>\n\n\n\n<figure class=\"wp-block-gallery has-nested-images columns-default is-cropped dl_picsub_black wp-block-gallery-7 is-layout-flex wp-block-gallery-is-layout-flex\">\n<figure class=\"wp-block-image size-large\"><img loading=\"lazy\" decoding=\"async\" width=\"800\" height=\"520\" data-id=\"24716\" src=\"https:\/\/www.designenlassen.de\/blog\/wp-content\/uploads\/2021\/07\/Kamera-Logos-Tobias-Rauchmann-Fotografie-173482-Jrx-Art.png\" alt=\"Kamera-Logos-Tobias-Rauchmann-Fotografie\" class=\"wp-image-24716\" srcset=\"https:\/\/www.designenlassen.de\/blog\/wp-content\/uploads\/2021\/07\/Kamera-Logos-Tobias-Rauchmann-Fotografie-173482-Jrx-Art.png 800w, https:\/\/www.designenlassen.de\/blog\/wp-content\/uploads\/2021\/07\/Kamera-Logos-Tobias-Rauchmann-Fotografie-173482-Jrx-Art-300x195.png 300w, https:\/\/www.designenlassen.de\/blog\/wp-content\/uploads\/2021\/07\/Kamera-Logos-Tobias-Rauchmann-Fotografie-173482-Jrx-Art-768x499.png 768w\" sizes=\"(max-width: 800px) 100vw, 800px\" \/><figcaption class=\"wp-element-caption\"><a href=\"https:\/\/www.designenlassen.de\/173482-logo-design-fuer-fotografie\">Kamera-Logo-Design f\u00fcr Tobias Rauchmann Fotografie von Designer Jrx Art<\/a><\/figcaption><\/figure>\n<\/figure>\n\n\n\n<figure class=\"wp-block-gallery has-nested-images columns-default is-cropped dl_picsub_black wp-block-gallery-8 is-layout-flex wp-block-gallery-is-layout-flex\">\n<figure class=\"wp-block-image size-large\"><img loading=\"lazy\" decoding=\"async\" width=\"338\" height=\"338\" data-id=\"24720\" src=\"https:\/\/www.designenlassen.de\/blog\/wp-content\/uploads\/2021\/07\/Chris-Pfanzelt-Photography-Kamera-Logos-291113-andre-renaldy.png\" alt=\"Chris-Pfanzelt-Photography-Kamera-Logos\" class=\"wp-image-24720\" srcset=\"https:\/\/www.designenlassen.de\/blog\/wp-content\/uploads\/2021\/07\/Chris-Pfanzelt-Photography-Kamera-Logos-291113-andre-renaldy.png 338w, https:\/\/www.designenlassen.de\/blog\/wp-content\/uploads\/2021\/07\/Chris-Pfanzelt-Photography-Kamera-Logos-291113-andre-renaldy-300x300.png 300w, https:\/\/www.designenlassen.de\/blog\/wp-content\/uploads\/2021\/07\/Chris-Pfanzelt-Photography-Kamera-Logos-291113-andre-renaldy-150x150.png 150w\" sizes=\"(max-width: 338px) 100vw, 338px\" \/><figcaption class=\"wp-element-caption\">Kamera-Logo von andre renaldy<\/figcaption><\/figure>\n\n\n\n<figure class=\"wp-block-image size-large\"><img loading=\"lazy\" decoding=\"async\" width=\"338\" height=\"338\" data-id=\"24721\" src=\"https:\/\/www.designenlassen.de\/blog\/wp-content\/uploads\/2021\/07\/Tobias-Rauchmann-Fotografie-Kamera-Logo-173482-FBASTIART.jpg\" alt=\"Tobias-Rauchmann-Fotografie-Kamera-Logo\" class=\"wp-image-24721\" srcset=\"https:\/\/www.designenlassen.de\/blog\/wp-content\/uploads\/2021\/07\/Tobias-Rauchmann-Fotografie-Kamera-Logo-173482-FBASTIART.jpg 338w, https:\/\/www.designenlassen.de\/blog\/wp-content\/uploads\/2021\/07\/Tobias-Rauchmann-Fotografie-Kamera-Logo-173482-FBASTIART-300x300.jpg 300w, https:\/\/www.designenlassen.de\/blog\/wp-content\/uploads\/2021\/07\/Tobias-Rauchmann-Fotografie-Kamera-Logo-173482-FBASTIART-150x150.jpg 150w\" sizes=\"(max-width: 338px) 100vw, 338px\" \/><figcaption class=\"wp-element-caption\">Kamera-Logo von FBASTIART<\/figcaption><\/figure>\n<\/figure>\n\n\n\n<figure class=\"wp-block-gallery has-nested-images columns-default is-cropped dl_picsub_black wp-block-gallery-9 is-layout-flex wp-block-gallery-is-layout-flex\">\n<figure class=\"wp-block-image size-large\"><img loading=\"lazy\" decoding=\"async\" width=\"800\" height=\"455\" data-id=\"24719\" src=\"https:\/\/www.designenlassen.de\/blog\/wp-content\/uploads\/2021\/07\/MF-Fotografie-Kamera-Logo-Design-844713-sayonara.png\" alt=\"MF-Fotografie-Kamera-Logo-Design\" class=\"wp-image-24719\" srcset=\"https:\/\/www.designenlassen.de\/blog\/wp-content\/uploads\/2021\/07\/MF-Fotografie-Kamera-Logo-Design-844713-sayonara.png 800w, https:\/\/www.designenlassen.de\/blog\/wp-content\/uploads\/2021\/07\/MF-Fotografie-Kamera-Logo-Design-844713-sayonara-300x171.png 300w, https:\/\/www.designenlassen.de\/blog\/wp-content\/uploads\/2021\/07\/MF-Fotografie-Kamera-Logo-Design-844713-sayonara-768x437.png 768w\" sizes=\"(max-width: 800px) 100vw, 800px\" \/><figcaption class=\"wp-element-caption\"><a href=\"https:\/\/www.designenlassen.de\/844713-fotograf-fuer-hochzeiten-und-portraits-benoetigt-logo-design\">Kamera-Logo mit Wiedererkennungswert f\u00fcr MF Fotografie von Designer sayonara<\/a><\/figcaption><\/figure>\n<\/figure>\n\n\n\n<figure class=\"wp-block-gallery has-nested-images columns-default is-cropped dl_picsub_black wp-block-gallery-10 is-layout-flex wp-block-gallery-is-layout-flex\">\n<figure class=\"wp-block-image size-large\"><img loading=\"lazy\" decoding=\"async\" width=\"338\" height=\"338\" data-id=\"24717\" src=\"https:\/\/www.designenlassen.de\/blog\/wp-content\/uploads\/2021\/07\/Kamera-Logo-Sascha-Fotograf-362919-arrasyiqjpr.jpg\" alt=\"Kamera-Logo-Sascha-Fotograf\" class=\"wp-image-24717\" srcset=\"https:\/\/www.designenlassen.de\/blog\/wp-content\/uploads\/2021\/07\/Kamera-Logo-Sascha-Fotograf-362919-arrasyiqjpr.jpg 338w, https:\/\/www.designenlassen.de\/blog\/wp-content\/uploads\/2021\/07\/Kamera-Logo-Sascha-Fotograf-362919-arrasyiqjpr-300x300.jpg 300w, https:\/\/www.designenlassen.de\/blog\/wp-content\/uploads\/2021\/07\/Kamera-Logo-Sascha-Fotograf-362919-arrasyiqjpr-150x150.jpg 150w\" sizes=\"(max-width: 338px) 100vw, 338px\" \/><figcaption class=\"wp-element-caption\">Kamera-Logo von arrasyiqjpr<\/figcaption><\/figure>\n\n\n\n<figure class=\"wp-block-image size-large\"><img loading=\"lazy\" decoding=\"async\" width=\"338\" height=\"338\" data-id=\"24718\" src=\"https:\/\/www.designenlassen.de\/blog\/wp-content\/uploads\/2021\/07\/Masson-Fotografie-Kamera-Logo-765129-Marrouch.png\" alt=\"Masson-Fotografie-Kamera-Logo\" class=\"wp-image-24718\" srcset=\"https:\/\/www.designenlassen.de\/blog\/wp-content\/uploads\/2021\/07\/Masson-Fotografie-Kamera-Logo-765129-Marrouch.png 338w, https:\/\/www.designenlassen.de\/blog\/wp-content\/uploads\/2021\/07\/Masson-Fotografie-Kamera-Logo-765129-Marrouch-300x300.png 300w, https:\/\/www.designenlassen.de\/blog\/wp-content\/uploads\/2021\/07\/Masson-Fotografie-Kamera-Logo-765129-Marrouch-150x150.png 150w\" sizes=\"(max-width: 338px) 100vw, 338px\" \/><figcaption class=\"wp-element-caption\">Kamera-Logo von Marrouch<\/figcaption><\/figure>\n<\/figure>\n\n\n\n<figure class=\"wp-block-gallery has-nested-images columns-2 is-cropped wp-block-gallery-11 is-layout-flex wp-block-gallery-is-layout-flex\">\n<figure class=\"wp-block-image size-large\"><img loading=\"lazy\" decoding=\"async\" width=\"750\" height=\"300\" data-id=\"4757\" src=\"https:\/\/www.designenlassen.de\/blog\/wp-content\/uploads\/2015\/08\/Logo_Fotografie_Kamera_Bildwerk.png\" alt=\"\" class=\"wp-image-4757\" srcset=\"https:\/\/www.designenlassen.de\/blog\/wp-content\/uploads\/2015\/08\/Logo_Fotografie_Kamera_Bildwerk.png 750w, https:\/\/www.designenlassen.de\/blog\/wp-content\/uploads\/2015\/08\/Logo_Fotografie_Kamera_Bildwerk-300x120.png 300w\" sizes=\"(max-width: 750px) 100vw, 750px\" \/><\/figure>\n\n\n\n<figure class=\"wp-block-image size-large\"><img loading=\"lazy\" decoding=\"async\" width=\"750\" height=\"299\" data-id=\"4763\" src=\"https:\/\/www.designenlassen.de\/blog\/wp-content\/uploads\/2015\/08\/Logo_Fotografie_Kamera_Pictures.png\" alt=\"\" class=\"wp-image-4763\" srcset=\"https:\/\/www.designenlassen.de\/blog\/wp-content\/uploads\/2015\/08\/Logo_Fotografie_Kamera_Pictures.png 750w, https:\/\/www.designenlassen.de\/blog\/wp-content\/uploads\/2015\/08\/Logo_Fotografie_Kamera_Pictures-300x120.png 300w\" sizes=\"(max-width: 750px) 100vw, 750px\" \/><\/figure>\n\n\n\n<figure class=\"wp-block-image size-large\"><img loading=\"lazy\" decoding=\"async\" width=\"750\" height=\"270\" data-id=\"4782\" src=\"https:\/\/www.designenlassen.de\/blog\/wp-content\/uploads\/2015\/08\/Fotografen_Logo_Hochzeitsfotografie.png\" alt=\"\" class=\"wp-image-4782\" srcset=\"https:\/\/www.designenlassen.de\/blog\/wp-content\/uploads\/2015\/08\/Fotografen_Logo_Hochzeitsfotografie.png 750w, https:\/\/www.designenlassen.de\/blog\/wp-content\/uploads\/2015\/08\/Fotografen_Logo_Hochzeitsfotografie-300x108.png 300w\" sizes=\"(max-width: 750px) 100vw, 750px\" \/><\/figure>\n\n\n\n<figure class=\"wp-block-image size-large\"><img loading=\"lazy\" decoding=\"async\" width=\"750\" height=\"264\" data-id=\"4786\" src=\"https:\/\/www.designenlassen.de\/blog\/wp-content\/uploads\/2015\/08\/Logo_Fotograf_Initialen_MW.png\" alt=\"\" class=\"wp-image-4786\" srcset=\"https:\/\/www.designenlassen.de\/blog\/wp-content\/uploads\/2015\/08\/Logo_Fotograf_Initialen_MW.png 750w, https:\/\/www.designenlassen.de\/blog\/wp-content\/uploads\/2015\/08\/Logo_Fotograf_Initialen_MW-300x106.png 300w\" sizes=\"(max-width: 750px) 100vw, 750px\" \/><\/figure>\n\n\n\n<figure class=\"wp-block-image size-large\"><img loading=\"lazy\" decoding=\"async\" width=\"338\" height=\"322\" data-id=\"10467\" src=\"https:\/\/www.designenlassen.de\/blog\/wp-content\/uploads\/2015\/08\/Logo-Fotograf-Hochzeit-Kamera-Andy-und-Claudia.jpg\" alt=\"Logo Fotograf Hochzeit Kamera Andy und Claudia\" class=\"wp-image-10467\" srcset=\"https:\/\/www.designenlassen.de\/blog\/wp-content\/uploads\/2015\/08\/Logo-Fotograf-Hochzeit-Kamera-Andy-und-Claudia.jpg 338w, https:\/\/www.designenlassen.de\/blog\/wp-content\/uploads\/2015\/08\/Logo-Fotograf-Hochzeit-Kamera-Andy-und-Claudia-300x286.jpg 300w\" sizes=\"(max-width: 338px) 100vw, 338px\" \/><\/figure>\n\n\n\n<figure class=\"wp-block-image size-large\"><img loading=\"lazy\" decoding=\"async\" width=\"336\" height=\"336\" data-id=\"10475\" src=\"https:\/\/www.designenlassen.de\/blog\/wp-content\/uploads\/2015\/08\/Fitness-Fotograf-Logo-Design-starke-Fotos.png\" alt=\"Fitness Fotograf Logo Design starke Fotos\" class=\"wp-image-10475\" srcset=\"https:\/\/www.designenlassen.de\/blog\/wp-content\/uploads\/2015\/08\/Fitness-Fotograf-Logo-Design-starke-Fotos.png 336w, https:\/\/www.designenlassen.de\/blog\/wp-content\/uploads\/2015\/08\/Fitness-Fotograf-Logo-Design-starke-Fotos-150x150.png 150w, https:\/\/www.designenlassen.de\/blog\/wp-content\/uploads\/2015\/08\/Fitness-Fotograf-Logo-Design-starke-Fotos-300x300.png 300w\" sizes=\"(max-width: 336px) 100vw, 336px\" \/><\/figure>\n\n\n\n<figure class=\"wp-block-image size-large\"><img loading=\"lazy\" decoding=\"async\" width=\"800\" height=\"685\" data-id=\"10477\" src=\"https:\/\/www.designenlassen.de\/blog\/wp-content\/uploads\/2015\/08\/chilistylez-Fotograf-Logo-Design-Kamera.jpg\" alt=\"chilistylez Fotograf Logo Design Kamera\" class=\"wp-image-10477\" srcset=\"https:\/\/www.designenlassen.de\/blog\/wp-content\/uploads\/2015\/08\/chilistylez-Fotograf-Logo-Design-Kamera.jpg 800w, https:\/\/www.designenlassen.de\/blog\/wp-content\/uploads\/2015\/08\/chilistylez-Fotograf-Logo-Design-Kamera-300x257.jpg 300w, https:\/\/www.designenlassen.de\/blog\/wp-content\/uploads\/2015\/08\/chilistylez-Fotograf-Logo-Design-Kamera-768x658.jpg 768w\" sizes=\"(max-width: 800px) 100vw, 800px\" \/><\/figure>\n\n\n\n<figure class=\"wp-block-image size-large\"><img loading=\"lazy\" decoding=\"async\" width=\"338\" height=\"338\" data-id=\"10480\" src=\"https:\/\/www.designenlassen.de\/blog\/wp-content\/uploads\/2015\/08\/Florian-Schmidz-Wedding-Portrait-Fotografie-Logo-Design.png\" alt=\"Florian Schmidt Wedding &amp; Portrait Fotografie Logo Design\" class=\"wp-image-10480\" srcset=\"https:\/\/www.designenlassen.de\/blog\/wp-content\/uploads\/2015\/08\/Florian-Schmidz-Wedding-Portrait-Fotografie-Logo-Design.png 338w, https:\/\/www.designenlassen.de\/blog\/wp-content\/uploads\/2015\/08\/Florian-Schmidz-Wedding-Portrait-Fotografie-Logo-Design-150x150.png 150w, https:\/\/www.designenlassen.de\/blog\/wp-content\/uploads\/2015\/08\/Florian-Schmidz-Wedding-Portrait-Fotografie-Logo-Design-300x300.png 300w\" sizes=\"(max-width: 338px) 100vw, 338px\" \/><\/figure>\n\n\n\n<figure class=\"wp-block-image size-large\"><img loading=\"lazy\" decoding=\"async\" width=\"800\" height=\"420\" data-id=\"10472\" src=\"https:\/\/www.designenlassen.de\/blog\/wp-content\/uploads\/2015\/08\/Hochzeits-Fotografin-Logo-Hochzeits-Bildwerk.jpg\" alt=\"Hochzeits Fotografin Logo Hochzeits Bildwerk\" class=\"wp-image-10472\" srcset=\"https:\/\/www.designenlassen.de\/blog\/wp-content\/uploads\/2015\/08\/Hochzeits-Fotografin-Logo-Hochzeits-Bildwerk.jpg 800w, https:\/\/www.designenlassen.de\/blog\/wp-content\/uploads\/2015\/08\/Hochzeits-Fotografin-Logo-Hochzeits-Bildwerk-300x158.jpg 300w, https:\/\/www.designenlassen.de\/blog\/wp-content\/uploads\/2015\/08\/Hochzeits-Fotografin-Logo-Hochzeits-Bildwerk-768x403.jpg 768w\" sizes=\"(max-width: 800px) 100vw, 800px\" \/><\/figure>\n\n\n\n<figure class=\"wp-block-image size-large\"><img loading=\"lazy\" decoding=\"async\" width=\"500\" height=\"327\" data-id=\"6280\" src=\"https:\/\/www.designenlassen.de\/blog\/wp-content\/uploads\/2016\/03\/lets-get-married-Hochzeitsfotograf-Logo.jpg\" alt=\"\" class=\"wp-image-6280\" srcset=\"https:\/\/www.designenlassen.de\/blog\/wp-content\/uploads\/2016\/03\/lets-get-married-Hochzeitsfotograf-Logo.jpg 500w, https:\/\/www.designenlassen.de\/blog\/wp-content\/uploads\/2016\/03\/lets-get-married-Hochzeitsfotograf-Logo-300x196.jpg 300w\" sizes=\"(max-width: 500px) 100vw, 500px\" \/><\/figure>\n\n\n\n<figure class=\"wp-block-image size-large\"><img loading=\"lazy\" decoding=\"async\" width=\"500\" height=\"314\" data-id=\"6274\" src=\"https:\/\/www.designenlassen.de\/blog\/wp-content\/uploads\/2016\/03\/AndyClaudia-Hochzeitsfotograf.jpg\" alt=\"\" class=\"wp-image-6274\" srcset=\"https:\/\/www.designenlassen.de\/blog\/wp-content\/uploads\/2016\/03\/AndyClaudia-Hochzeitsfotograf.jpg 500w, https:\/\/www.designenlassen.de\/blog\/wp-content\/uploads\/2016\/03\/AndyClaudia-Hochzeitsfotograf-300x188.jpg 300w\" sizes=\"(max-width: 500px) 100vw, 500px\" \/><\/figure>\n\n\n\n<figure class=\"wp-block-image size-large\"><img loading=\"lazy\" decoding=\"async\" width=\"338\" height=\"338\" data-id=\"10469\" src=\"https:\/\/www.designenlassen.de\/blog\/wp-content\/uploads\/2015\/08\/Fotograf-Logo-Hochzeit-Kamera-Hochzeits-Bildwerk.jpg\" alt=\"Fotograf Logo Hochzeit Kamera Hochzeits Bildwerk\" class=\"wp-image-10469\" srcset=\"https:\/\/www.designenlassen.de\/blog\/wp-content\/uploads\/2015\/08\/Fotograf-Logo-Hochzeit-Kamera-Hochzeits-Bildwerk.jpg 338w, https:\/\/www.designenlassen.de\/blog\/wp-content\/uploads\/2015\/08\/Fotograf-Logo-Hochzeit-Kamera-Hochzeits-Bildwerk-150x150.jpg 150w, https:\/\/www.designenlassen.de\/blog\/wp-content\/uploads\/2015\/08\/Fotograf-Logo-Hochzeit-Kamera-Hochzeits-Bildwerk-300x300.jpg 300w\" sizes=\"(max-width: 338px) 100vw, 338px\" \/><\/figure>\n\n\n\n<figure class=\"wp-block-image size-large\"><img loading=\"lazy\" decoding=\"async\" width=\"328\" height=\"296\" data-id=\"4765\" src=\"https:\/\/www.designenlassen.de\/blog\/wp-content\/uploads\/2015\/08\/Logo_Fotografie_Kamera_SamRey-e1445527482177.png\" alt=\"\" class=\"wp-image-4765\" srcset=\"https:\/\/www.designenlassen.de\/blog\/wp-content\/uploads\/2015\/08\/Logo_Fotografie_Kamera_SamRey-e1445527482177.png 328w, https:\/\/www.designenlassen.de\/blog\/wp-content\/uploads\/2015\/08\/Logo_Fotografie_Kamera_SamRey-e1445527482177-300x271.png 300w\" sizes=\"(max-width: 328px) 100vw, 328px\" \/><\/figure>\n\n\n\n<figure class=\"wp-block-image size-large\"><img loading=\"lazy\" decoding=\"async\" width=\"750\" height=\"350\" data-id=\"4762\" src=\"https:\/\/www.designenlassen.de\/blog\/wp-content\/uploads\/2015\/08\/Logo_Fotografie_Kamera_Hochzeitsfotografie.png\" alt=\"\" class=\"wp-image-4762\" srcset=\"https:\/\/www.designenlassen.de\/blog\/wp-content\/uploads\/2015\/08\/Logo_Fotografie_Kamera_Hochzeitsfotografie.png 750w, https:\/\/www.designenlassen.de\/blog\/wp-content\/uploads\/2015\/08\/Logo_Fotografie_Kamera_Hochzeitsfotografie-300x140.png 300w\" sizes=\"(max-width: 750px) 100vw, 750px\" \/><\/figure>\n<\/figure>\n\n\n\n<h2 class=\"wp-block-heading\">Videokamera-Logos, die absolut filmreif sind<\/h2>\n\n\n\n<p>Als Videograf bist Du auf die Produktion von Bewegtbildern spezialisiert und solltest dies auch im Logo-Design zum Ausdruck bringen. Auch hier ist es naheliegend, auf ein bekanntes Symbol zur\u00fcckzugreifen, zum Beispiel eine Videokamera oder Filmband. Mit Deinem Videokamera-Logo dr\u00fcckst Du direkt aus, was potenzielle Kunden bei Dir erwarten k\u00f6nnen und welche Dienstleistung Du anbietest.<\/p>\n\n\n\n<figure class=\"wp-block-gallery has-nested-images columns-default is-cropped dl_picsub_black wp-block-gallery-12 is-layout-flex wp-block-gallery-is-layout-flex\">\n<figure class=\"wp-block-image size-large\"><img loading=\"lazy\" decoding=\"async\" width=\"800\" height=\"470\" data-id=\"24696\" src=\"https:\/\/www.designenlassen.de\/blog\/wp-content\/uploads\/2021\/07\/Image-Industries-Logo-mit-Videokamera-974734-Zlajks.jpg\" alt=\"Image-Industries-Logo-mit-Videokamera\" class=\"wp-image-24696\" srcset=\"https:\/\/www.designenlassen.de\/blog\/wp-content\/uploads\/2021\/07\/Image-Industries-Logo-mit-Videokamera-974734-Zlajks.jpg 800w, https:\/\/www.designenlassen.de\/blog\/wp-content\/uploads\/2021\/07\/Image-Industries-Logo-mit-Videokamera-974734-Zlajks-300x176.jpg 300w, https:\/\/www.designenlassen.de\/blog\/wp-content\/uploads\/2021\/07\/Image-Industries-Logo-mit-Videokamera-974734-Zlajks-768x451.jpg 768w\" sizes=\"(max-width: 800px) 100vw, 800px\" \/><figcaption class=\"wp-element-caption\"><a href=\"https:\/\/www.designenlassen.de\/974734-image-industries-film-fuer-unternehmer\">Videokamera-Logo f\u00fcr Image Industries von Designer Zlajks<\/a><\/figcaption><\/figure>\n<\/figure>\n\n\n\n<figure class=\"wp-block-gallery has-nested-images columns-default is-cropped dl_picsub_black wp-block-gallery-13 is-layout-flex wp-block-gallery-is-layout-flex\">\n<figure class=\"wp-block-image size-large\"><img loading=\"lazy\" decoding=\"async\" width=\"338\" height=\"338\" data-id=\"24697\" src=\"https:\/\/www.designenlassen.de\/blog\/wp-content\/uploads\/2021\/07\/Fotonomad-Videokamera-Logo-Design-499453-2bcreativ.png\" alt=\"Fotonomad-Videokamera-Logo-Design\" class=\"wp-image-24697\" srcset=\"https:\/\/www.designenlassen.de\/blog\/wp-content\/uploads\/2021\/07\/Fotonomad-Videokamera-Logo-Design-499453-2bcreativ.png 338w, https:\/\/www.designenlassen.de\/blog\/wp-content\/uploads\/2021\/07\/Fotonomad-Videokamera-Logo-Design-499453-2bcreativ-300x300.png 300w, https:\/\/www.designenlassen.de\/blog\/wp-content\/uploads\/2021\/07\/Fotonomad-Videokamera-Logo-Design-499453-2bcreativ-150x150.png 150w\" sizes=\"(max-width: 338px) 100vw, 338px\" \/><figcaption class=\"wp-element-caption\">Videokamera-Logo von 2bcreativ<\/figcaption><\/figure>\n\n\n\n<figure class=\"wp-block-image size-large\"><img loading=\"lazy\" decoding=\"async\" width=\"338\" height=\"338\" data-id=\"24698\" src=\"https:\/\/www.designenlassen.de\/blog\/wp-content\/uploads\/2021\/07\/MedienKoch-Logo-mit-Videokamera-528362-Sashpictures.jpg\" alt=\"MedienKoch-Logo-mit-Videokamera\" class=\"wp-image-24698\" srcset=\"https:\/\/www.designenlassen.de\/blog\/wp-content\/uploads\/2021\/07\/MedienKoch-Logo-mit-Videokamera-528362-Sashpictures.jpg 338w, https:\/\/www.designenlassen.de\/blog\/wp-content\/uploads\/2021\/07\/MedienKoch-Logo-mit-Videokamera-528362-Sashpictures-300x300.jpg 300w, https:\/\/www.designenlassen.de\/blog\/wp-content\/uploads\/2021\/07\/MedienKoch-Logo-mit-Videokamera-528362-Sashpictures-150x150.jpg 150w\" sizes=\"(max-width: 338px) 100vw, 338px\" \/><figcaption class=\"wp-element-caption\">Videokamera-Logo von Sashpictures<\/figcaption><\/figure>\n<\/figure>\n\n\n\n<figure class=\"wp-block-gallery has-nested-images columns-default is-cropped dl_picsub_black wp-block-gallery-14 is-layout-flex wp-block-gallery-is-layout-flex\">\n<figure class=\"wp-block-image size-large\"><img loading=\"lazy\" decoding=\"async\" width=\"800\" height=\"409\" data-id=\"24699\" src=\"https:\/\/www.designenlassen.de\/blog\/wp-content\/uploads\/2021\/07\/Avbaby-Filmproduktion-Videokamera-Logo-Design-456687-edgee.jpg\" alt=\"Avbaby-Filmproduktion-Videokamera-Logo-Design\" class=\"wp-image-24699\" srcset=\"https:\/\/www.designenlassen.de\/blog\/wp-content\/uploads\/2021\/07\/Avbaby-Filmproduktion-Videokamera-Logo-Design-456687-edgee.jpg 800w, https:\/\/www.designenlassen.de\/blog\/wp-content\/uploads\/2021\/07\/Avbaby-Filmproduktion-Videokamera-Logo-Design-456687-edgee-300x153.jpg 300w, https:\/\/www.designenlassen.de\/blog\/wp-content\/uploads\/2021\/07\/Avbaby-Filmproduktion-Videokamera-Logo-Design-456687-edgee-768x393.jpg 768w\" sizes=\"(max-width: 800px) 100vw, 800px\" \/><figcaption class=\"wp-element-caption\"><a href=\"https:\/\/www.designenlassen.de\/456687-avbaby-filmstudio-logo\">Logo mit Videokamera f\u00fcr AVBABY-Filmproduktion von Designer edgee<\/a><\/figcaption><\/figure>\n<\/figure>\n\n\n\n<figure class=\"wp-block-gallery has-nested-images columns-default is-cropped dl_picsub_black wp-block-gallery-15 is-layout-flex wp-block-gallery-is-layout-flex\">\n<figure class=\"wp-block-image size-large\"><img loading=\"lazy\" decoding=\"async\" width=\"338\" height=\"338\" data-id=\"24700\" src=\"https:\/\/www.designenlassen.de\/blog\/wp-content\/uploads\/2021\/07\/Image-Industries-Videokamera-Logo-Design-974734-uveksatobom.png\" alt=\"Image-Industries-Videokamera-Logo-Design\" class=\"wp-image-24700\" srcset=\"https:\/\/www.designenlassen.de\/blog\/wp-content\/uploads\/2021\/07\/Image-Industries-Videokamera-Logo-Design-974734-uveksatobom.png 338w, https:\/\/www.designenlassen.de\/blog\/wp-content\/uploads\/2021\/07\/Image-Industries-Videokamera-Logo-Design-974734-uveksatobom-300x300.png 300w, https:\/\/www.designenlassen.de\/blog\/wp-content\/uploads\/2021\/07\/Image-Industries-Videokamera-Logo-Design-974734-uveksatobom-150x150.png 150w\" sizes=\"(max-width: 338px) 100vw, 338px\" \/><figcaption class=\"wp-element-caption\">Videokamera-Logo von uveksatobom<\/figcaption><\/figure>\n\n\n\n<figure class=\"wp-block-image size-large\"><img loading=\"lazy\" decoding=\"async\" width=\"338\" height=\"338\" data-id=\"24701\" src=\"https:\/\/www.designenlassen.de\/blog\/wp-content\/uploads\/2021\/07\/Videokamera-Logo-Vide-Kommunikation-389524-Rays.png\" alt=\"Videokamera-Logo-Vide-Kommunikation\" class=\"wp-image-24701\" srcset=\"https:\/\/www.designenlassen.de\/blog\/wp-content\/uploads\/2021\/07\/Videokamera-Logo-Vide-Kommunikation-389524-Rays.png 338w, https:\/\/www.designenlassen.de\/blog\/wp-content\/uploads\/2021\/07\/Videokamera-Logo-Vide-Kommunikation-389524-Rays-300x300.png 300w, https:\/\/www.designenlassen.de\/blog\/wp-content\/uploads\/2021\/07\/Videokamera-Logo-Vide-Kommunikation-389524-Rays-150x150.png 150w\" sizes=\"(max-width: 338px) 100vw, 338px\" \/><figcaption class=\"wp-element-caption\">Videokamera-Logo von Rays<\/figcaption><\/figure>\n<\/figure>\n\n\n\n<figure class=\"wp-block-gallery has-nested-images columns-default is-cropped dl_picsub_black wp-block-gallery-16 is-layout-flex wp-block-gallery-is-layout-flex\">\n<figure class=\"wp-block-image size-large\"><img loading=\"lazy\" decoding=\"async\" width=\"338\" height=\"338\" data-id=\"24702\" src=\"https:\/\/www.designenlassen.de\/blog\/wp-content\/uploads\/2021\/07\/Videokamera-Logo-media-rental-233528-davincho.png\" alt=\"Videokamera-Logo-media-rental\" class=\"wp-image-24702\" srcset=\"https:\/\/www.designenlassen.de\/blog\/wp-content\/uploads\/2021\/07\/Videokamera-Logo-media-rental-233528-davincho.png 338w, https:\/\/www.designenlassen.de\/blog\/wp-content\/uploads\/2021\/07\/Videokamera-Logo-media-rental-233528-davincho-300x300.png 300w, https:\/\/www.designenlassen.de\/blog\/wp-content\/uploads\/2021\/07\/Videokamera-Logo-media-rental-233528-davincho-150x150.png 150w\" sizes=\"(max-width: 338px) 100vw, 338px\" \/><figcaption class=\"wp-element-caption\">Videokamera-Logo von davincho<\/figcaption><\/figure>\n\n\n\n<figure class=\"wp-block-image size-large\"><img loading=\"lazy\" decoding=\"async\" width=\"338\" height=\"338\" data-id=\"24703\" src=\"https:\/\/www.designenlassen.de\/blog\/wp-content\/uploads\/2021\/07\/Videokamera-Logo-Design-Image-Industries-974734-LORIENT.png\" alt=\"Videokamera-Logo-Design-Image-Industries\" class=\"wp-image-24703\" srcset=\"https:\/\/www.designenlassen.de\/blog\/wp-content\/uploads\/2021\/07\/Videokamera-Logo-Design-Image-Industries-974734-LORIENT.png 338w, https:\/\/www.designenlassen.de\/blog\/wp-content\/uploads\/2021\/07\/Videokamera-Logo-Design-Image-Industries-974734-LORIENT-300x300.png 300w, https:\/\/www.designenlassen.de\/blog\/wp-content\/uploads\/2021\/07\/Videokamera-Logo-Design-Image-Industries-974734-LORIENT-150x150.png 150w\" sizes=\"(max-width: 338px) 100vw, 338px\" \/><figcaption class=\"wp-element-caption\">Videokamera-Logo von LORIENT<\/figcaption><\/figure>\n<\/figure>\n\n\n\n<h2 class=\"wp-block-heading\">Wieso ist ein Logo so wichtig?<\/h2>\n\n\n\n<p>Ein Logo ist wichtig, da es die Aufmerksamkeit auf sich zieht, einen starken ersten Eindruck vermittelt und die Basis der <a href=\"https:\/\/www.designenlassen.de\/blog\/erfolgreiches-branding\/\">Markenidentit\u00e4t<\/a> bildet. Es dient als Erkennungszeichen der Marke, weckt positive Erinnerungen, erzeugt Vertrauen und f\u00f6rdert die Markenloyalit\u00e4t. Zudem wertet ein <a href=\"https:\/\/www.designenlassen.de\/blog\/logo-erstellen-top-firmenlogo-einfach-entwerfen\/\">professionelles Firmenlogo<\/a> die Au\u00dfendarstellung eines Unternehmens auf und tr\u00e4gt zur Schaffung einer konkreten und wettbewerbsf\u00e4higen Markenidentit\u00e4t bei. Letztendlich ist ein Logo das Erste, wonach Kunden suchen, wenn sie mit der Marke in Kontakt kommen.<\/p>\n\n\n\n<p>Wir hoffen wir konnten Dir mit unseren Kamera-Logos ein wenig Inspiration f\u00fcr Dein individuelles Logo-Design bieten &#x1f60a; Lass uns doch gerne in den Kommentaren wissen, welches der Designs Dir am besten gef\u00e4llt!<\/p>\n\n\n\n<div style=\"height:20px\" aria-hidden=\"true\" class=\"wp-block-spacer\"><\/div>\n\n\n\n<div class=\"wp-block-buttons is-content-justification-center is-layout-flex wp-container-core-buttons-is-layout-16018d1d wp-block-buttons-is-layout-flex\">\n<div class=\"wp-block-button is-style-fill\"><a class=\"wp-block-button__link has-white-color has-text-color has-background has-text-align-left wp-element-button\" href=\"https:\/\/www.designenlassen.de\/logo-design?utm_source=blog&amp;utm_medium=button&amp;utm_campaign=blog-beitraege\" style=\"background-color:#091182\">Jetzt Logo erstellen<\/a><\/div>\n<\/div>\n\n\n\n<div style=\"height:54px\" aria-hidden=\"true\" class=\"wp-block-spacer\"><\/div>\n\n\n\n<p><strong>\u00c4hnliche Beitr\u00e4ge:<\/strong><\/p>\n\n\n\n<p><a href=\"https:\/\/www.designenlassen.de\/blog\/45-fotografie-logo-designs-bei-denen-es-klick-macht\/\">54 Fotografie Logo-Designs, bei denen es klick macht<\/a><\/p>\n\n\n\n<p><a href=\"https:\/\/www.designenlassen.de\/blog\/30-logos-zum-thema-hochzeit-bei-denen-man-einfach-ja-sagen-muss\/\">32 Hochzeitslogos als Inspiration f\u00fcr Hochzeits-DJs, Hochzeitsfotografen und Hochzeitsplaner<\/a><\/p>\n\n\n\n<p><a href=\"https:\/\/www.designenlassen.de\/blog\/21-zeitlose-logos-mit-denen-du-immer-im-trend-bist\/\">21 zeitlose Logos mit denen Du immer im Trend bist<\/a><\/p>\n","protected":false},"excerpt":{"rendered":"<p>Als Fotograf oder Unternehmen, das im Produktionsbereich t\u00e4tig ist, ist ein Logo-Design mit Kamera perfekt geeignet,&hellip;<\/p>\n","protected":false},"author":10,"featured_media":24706,"comment_status":"open","ping_status":"open","sticky":false,"template":"","format":"standard","meta":{"_lmt_disableupdate":"","_lmt_disable":"","footnotes":""},"categories":[19],"tags":[],"class_list":["post-24695","post","type-post","status-publish","format-standard","has-post-thumbnail","hentry","category-inspiration"],"yoast_head":"<!-- This site is optimized with the Yoast SEO plugin v26.7 - https:\/\/yoast.com\/wordpress\/plugins\/seo\/ -->\n<title>39 geniale Kamera-Logos mit denen jedes Foto ein Treffer wird<\/title>\n<meta name=\"description\" content=\"Wir zeigen Dir in unserer Logo-Galerie 39 inspirierende Kamera-Logos, um Dir eine grobe Orientierung zu bieten. Jetzt ansehen!\" \/>\n<meta name=\"robots\" content=\"index, follow, max-snippet:-1, max-image-preview:large, max-video-preview:-1\" \/>\n<link rel=\"canonical\" href=\"https:\/\/www.designenlassen.de\/blog\/24-kamera-logos-mit-denen-jedes-foto-ein-treffer-wird\/\" \/>\n<meta property=\"og:locale\" content=\"de_DE\" \/>\n<meta property=\"og:type\" content=\"article\" \/>\n<meta property=\"og:title\" content=\"39 geniale Kamera-Logos mit denen jedes Foto ein Treffer wird\" \/>\n<meta property=\"og:description\" content=\"Wir zeigen Dir in unserer Logo-Galerie 39 inspirierende Kamera-Logos, um Dir eine grobe Orientierung zu bieten. Jetzt ansehen!\" \/>\n<meta property=\"og:url\" content=\"https:\/\/www.designenlassen.de\/blog\/24-kamera-logos-mit-denen-jedes-foto-ein-treffer-wird\/\" \/>\n<meta property=\"og:site_name\" content=\"designenlassen.de Blog\" \/>\n<meta property=\"article:author\" content=\"designenlassen\/\" \/>\n<meta property=\"article:published_time\" content=\"2023-08-04T08:00:00+00:00\" \/>\n<meta property=\"article:modified_time\" content=\"2024-06-19T10:48:49+00:00\" \/>\n<meta property=\"og:image\" content=\"https:\/\/www.designenlassen.de\/blog\/wp-content\/uploads\/2021\/07\/Kamera-Logos-Sascha-Dein-Fotograf-362919-davincho.png\" \/>\n\t<meta property=\"og:image:width\" content=\"338\" \/>\n\t<meta property=\"og:image:height\" content=\"338\" \/>\n\t<meta property=\"og:image:type\" content=\"image\/png\" \/>\n<meta name=\"author\" content=\"Christina\" \/>\n<meta name=\"twitter:card\" content=\"summary_large_image\" \/>\n<meta name=\"twitter:label1\" content=\"Verfasst von\" \/>\n\t<meta name=\"twitter:data1\" content=\"Christina\" \/>\n\t<meta name=\"twitter:label2\" content=\"Gesch\u00e4tzte Lesezeit\" \/>\n\t<meta name=\"twitter:data2\" content=\"12\u00a0Minuten\" \/>\n<script type=\"application\/ld+json\" class=\"yoast-schema-graph\">{\"@context\":\"https:\/\/schema.org\",\"@graph\":[{\"@type\":\"Article\",\"@id\":\"https:\/\/www.designenlassen.de\/blog\/24-kamera-logos-mit-denen-jedes-foto-ein-treffer-wird\/#article\",\"isPartOf\":{\"@id\":\"https:\/\/www.designenlassen.de\/blog\/24-kamera-logos-mit-denen-jedes-foto-ein-treffer-wird\/\"},\"author\":{\"name\":\"Christina\",\"@id\":\"https:\/\/www.designenlassen.de\/blog\/#\/schema\/person\/858ff7f9025247949c1b922431f97734\"},\"headline\":\"39 geniale Kamera-Logos mit denen jedes Foto ein Treffer wird\",\"datePublished\":\"2023-08-04T08:00:00+00:00\",\"dateModified\":\"2024-06-19T10:48:49+00:00\",\"mainEntityOfPage\":{\"@id\":\"https:\/\/www.designenlassen.de\/blog\/24-kamera-logos-mit-denen-jedes-foto-ein-treffer-wird\/\"},\"wordCount\":627,\"commentCount\":0,\"image\":{\"@id\":\"https:\/\/www.designenlassen.de\/blog\/24-kamera-logos-mit-denen-jedes-foto-ein-treffer-wird\/#primaryimage\"},\"thumbnailUrl\":\"https:\/\/www.designenlassen.de\/blog\/wp-content\/uploads\/2021\/07\/Kamera-Logos-Sascha-Dein-Fotograf-362919-davincho.png\",\"articleSection\":[\"Design-Galerien\"],\"inLanguage\":\"de\",\"potentialAction\":[{\"@type\":\"CommentAction\",\"name\":\"Comment\",\"target\":[\"https:\/\/www.designenlassen.de\/blog\/24-kamera-logos-mit-denen-jedes-foto-ein-treffer-wird\/#respond\"]}]},{\"@type\":\"WebPage\",\"@id\":\"https:\/\/www.designenlassen.de\/blog\/24-kamera-logos-mit-denen-jedes-foto-ein-treffer-wird\/\",\"url\":\"https:\/\/www.designenlassen.de\/blog\/24-kamera-logos-mit-denen-jedes-foto-ein-treffer-wird\/\",\"name\":\"39 geniale Kamera-Logos mit denen jedes Foto ein Treffer wird\",\"isPartOf\":{\"@id\":\"https:\/\/www.designenlassen.de\/blog\/#website\"},\"primaryImageOfPage\":{\"@id\":\"https:\/\/www.designenlassen.de\/blog\/24-kamera-logos-mit-denen-jedes-foto-ein-treffer-wird\/#primaryimage\"},\"image\":{\"@id\":\"https:\/\/www.designenlassen.de\/blog\/24-kamera-logos-mit-denen-jedes-foto-ein-treffer-wird\/#primaryimage\"},\"thumbnailUrl\":\"https:\/\/www.designenlassen.de\/blog\/wp-content\/uploads\/2021\/07\/Kamera-Logos-Sascha-Dein-Fotograf-362919-davincho.png\",\"datePublished\":\"2023-08-04T08:00:00+00:00\",\"dateModified\":\"2024-06-19T10:48:49+00:00\",\"author\":{\"@id\":\"https:\/\/www.designenlassen.de\/blog\/#\/schema\/person\/858ff7f9025247949c1b922431f97734\"},\"description\":\"Wir zeigen Dir in unserer Logo-Galerie 39 inspirierende Kamera-Logos, um Dir eine grobe Orientierung zu bieten. Jetzt ansehen!\",\"breadcrumb\":{\"@id\":\"https:\/\/www.designenlassen.de\/blog\/24-kamera-logos-mit-denen-jedes-foto-ein-treffer-wird\/#breadcrumb\"},\"inLanguage\":\"de\",\"potentialAction\":[{\"@type\":\"ReadAction\",\"target\":[\"https:\/\/www.designenlassen.de\/blog\/24-kamera-logos-mit-denen-jedes-foto-ein-treffer-wird\/\"]}]},{\"@type\":\"ImageObject\",\"inLanguage\":\"de\",\"@id\":\"https:\/\/www.designenlassen.de\/blog\/24-kamera-logos-mit-denen-jedes-foto-ein-treffer-wird\/#primaryimage\",\"url\":\"https:\/\/www.designenlassen.de\/blog\/wp-content\/uploads\/2021\/07\/Kamera-Logos-Sascha-Dein-Fotograf-362919-davincho.png\",\"contentUrl\":\"https:\/\/www.designenlassen.de\/blog\/wp-content\/uploads\/2021\/07\/Kamera-Logos-Sascha-Dein-Fotograf-362919-davincho.png\",\"width\":338,\"height\":338,\"caption\":\"Kamera-Logos-Sascha-Dein-Fotograf\"},{\"@type\":\"BreadcrumbList\",\"@id\":\"https:\/\/www.designenlassen.de\/blog\/24-kamera-logos-mit-denen-jedes-foto-ein-treffer-wird\/#breadcrumb\",\"itemListElement\":[{\"@type\":\"ListItem\",\"position\":1,\"name\":\"Start\",\"item\":\"https:\/\/www.designenlassen.de\/blog\/\"},{\"@type\":\"ListItem\",\"position\":2,\"name\":\"39 geniale Kamera-Logos mit denen jedes Foto ein Treffer wird\"}]},{\"@type\":\"WebSite\",\"@id\":\"https:\/\/www.designenlassen.de\/blog\/#website\",\"url\":\"https:\/\/www.designenlassen.de\/blog\/\",\"name\":\"designenlassen.de Blog\",\"description\":\"Inspirationen, Tipps und Ideen f\u00fcr Designer sowie Gr\u00fcnder und Kleinbetriebe.\",\"potentialAction\":[{\"@type\":\"SearchAction\",\"target\":{\"@type\":\"EntryPoint\",\"urlTemplate\":\"https:\/\/www.designenlassen.de\/blog\/?s={search_term_string}\"},\"query-input\":{\"@type\":\"PropertyValueSpecification\",\"valueRequired\":true,\"valueName\":\"search_term_string\"}}],\"inLanguage\":\"de\"},{\"@type\":\"Person\",\"@id\":\"https:\/\/www.designenlassen.de\/blog\/#\/schema\/person\/858ff7f9025247949c1b922431f97734\",\"name\":\"Christina\",\"image\":{\"@type\":\"ImageObject\",\"inLanguage\":\"de\",\"@id\":\"https:\/\/www.designenlassen.de\/blog\/#\/schema\/person\/image\/\",\"url\":\"https:\/\/secure.gravatar.com\/avatar\/31045bfe41c5fbc86ecbb135f792148b4bf1bee47931b9c8d47c74611d912026?s=96&d=mm&r=g\",\"contentUrl\":\"https:\/\/secure.gravatar.com\/avatar\/31045bfe41c5fbc86ecbb135f792148b4bf1bee47931b9c8d47c74611d912026?s=96&d=mm&r=g\",\"caption\":\"Christina\"},\"description\":\"Christina ist bei designenlassen.de f\u00fcr das Content-Marketing &amp; die Social Media Kan\u00e4le zust\u00e4ndig. Sie schreibt hier im Blog zu verschiedensten Design-Themen.\",\"sameAs\":[\"designenlassen\/\"],\"url\":\"https:\/\/www.designenlassen.de\/blog\/author\/christina\/\"}]}<\/script>\n<!-- \/ Yoast SEO plugin. -->","yoast_head_json":{"title":"39 geniale Kamera-Logos mit denen jedes Foto ein Treffer wird","description":"Wir zeigen Dir in unserer Logo-Galerie 39 inspirierende Kamera-Logos, um Dir eine grobe Orientierung zu bieten. Jetzt ansehen!","robots":{"index":"index","follow":"follow","max-snippet":"max-snippet:-1","max-image-preview":"max-image-preview:large","max-video-preview":"max-video-preview:-1"},"canonical":"https:\/\/www.designenlassen.de\/blog\/24-kamera-logos-mit-denen-jedes-foto-ein-treffer-wird\/","og_locale":"de_DE","og_type":"article","og_title":"39 geniale Kamera-Logos mit denen jedes Foto ein Treffer wird","og_description":"Wir zeigen Dir in unserer Logo-Galerie 39 inspirierende Kamera-Logos, um Dir eine grobe Orientierung zu bieten. Jetzt ansehen!","og_url":"https:\/\/www.designenlassen.de\/blog\/24-kamera-logos-mit-denen-jedes-foto-ein-treffer-wird\/","og_site_name":"designenlassen.de Blog","article_author":"designenlassen\/","article_published_time":"2023-08-04T08:00:00+00:00","article_modified_time":"2024-06-19T10:48:49+00:00","og_image":[{"width":338,"height":338,"url":"https:\/\/www.designenlassen.de\/blog\/wp-content\/uploads\/2021\/07\/Kamera-Logos-Sascha-Dein-Fotograf-362919-davincho.png","type":"image\/png"}],"author":"Christina","twitter_card":"summary_large_image","twitter_misc":{"Verfasst von":"Christina","Gesch\u00e4tzte Lesezeit":"12\u00a0Minuten"},"schema":{"@context":"https:\/\/schema.org","@graph":[{"@type":"Article","@id":"https:\/\/www.designenlassen.de\/blog\/24-kamera-logos-mit-denen-jedes-foto-ein-treffer-wird\/#article","isPartOf":{"@id":"https:\/\/www.designenlassen.de\/blog\/24-kamera-logos-mit-denen-jedes-foto-ein-treffer-wird\/"},"author":{"name":"Christina","@id":"https:\/\/www.designenlassen.de\/blog\/#\/schema\/person\/858ff7f9025247949c1b922431f97734"},"headline":"39 geniale Kamera-Logos mit denen jedes Foto ein Treffer wird","datePublished":"2023-08-04T08:00:00+00:00","dateModified":"2024-06-19T10:48:49+00:00","mainEntityOfPage":{"@id":"https:\/\/www.designenlassen.de\/blog\/24-kamera-logos-mit-denen-jedes-foto-ein-treffer-wird\/"},"wordCount":627,"commentCount":0,"image":{"@id":"https:\/\/www.designenlassen.de\/blog\/24-kamera-logos-mit-denen-jedes-foto-ein-treffer-wird\/#primaryimage"},"thumbnailUrl":"https:\/\/www.designenlassen.de\/blog\/wp-content\/uploads\/2021\/07\/Kamera-Logos-Sascha-Dein-Fotograf-362919-davincho.png","articleSection":["Design-Galerien"],"inLanguage":"de","potentialAction":[{"@type":"CommentAction","name":"Comment","target":["https:\/\/www.designenlassen.de\/blog\/24-kamera-logos-mit-denen-jedes-foto-ein-treffer-wird\/#respond"]}]},{"@type":"WebPage","@id":"https:\/\/www.designenlassen.de\/blog\/24-kamera-logos-mit-denen-jedes-foto-ein-treffer-wird\/","url":"https:\/\/www.designenlassen.de\/blog\/24-kamera-logos-mit-denen-jedes-foto-ein-treffer-wird\/","name":"39 geniale Kamera-Logos mit denen jedes Foto ein Treffer wird","isPartOf":{"@id":"https:\/\/www.designenlassen.de\/blog\/#website"},"primaryImageOfPage":{"@id":"https:\/\/www.designenlassen.de\/blog\/24-kamera-logos-mit-denen-jedes-foto-ein-treffer-wird\/#primaryimage"},"image":{"@id":"https:\/\/www.designenlassen.de\/blog\/24-kamera-logos-mit-denen-jedes-foto-ein-treffer-wird\/#primaryimage"},"thumbnailUrl":"https:\/\/www.designenlassen.de\/blog\/wp-content\/uploads\/2021\/07\/Kamera-Logos-Sascha-Dein-Fotograf-362919-davincho.png","datePublished":"2023-08-04T08:00:00+00:00","dateModified":"2024-06-19T10:48:49+00:00","author":{"@id":"https:\/\/www.designenlassen.de\/blog\/#\/schema\/person\/858ff7f9025247949c1b922431f97734"},"description":"Wir zeigen Dir in unserer Logo-Galerie 39 inspirierende Kamera-Logos, um Dir eine grobe Orientierung zu bieten. Jetzt ansehen!","breadcrumb":{"@id":"https:\/\/www.designenlassen.de\/blog\/24-kamera-logos-mit-denen-jedes-foto-ein-treffer-wird\/#breadcrumb"},"inLanguage":"de","potentialAction":[{"@type":"ReadAction","target":["https:\/\/www.designenlassen.de\/blog\/24-kamera-logos-mit-denen-jedes-foto-ein-treffer-wird\/"]}]},{"@type":"ImageObject","inLanguage":"de","@id":"https:\/\/www.designenlassen.de\/blog\/24-kamera-logos-mit-denen-jedes-foto-ein-treffer-wird\/#primaryimage","url":"https:\/\/www.designenlassen.de\/blog\/wp-content\/uploads\/2021\/07\/Kamera-Logos-Sascha-Dein-Fotograf-362919-davincho.png","contentUrl":"https:\/\/www.designenlassen.de\/blog\/wp-content\/uploads\/2021\/07\/Kamera-Logos-Sascha-Dein-Fotograf-362919-davincho.png","width":338,"height":338,"caption":"Kamera-Logos-Sascha-Dein-Fotograf"},{"@type":"BreadcrumbList","@id":"https:\/\/www.designenlassen.de\/blog\/24-kamera-logos-mit-denen-jedes-foto-ein-treffer-wird\/#breadcrumb","itemListElement":[{"@type":"ListItem","position":1,"name":"Start","item":"https:\/\/www.designenlassen.de\/blog\/"},{"@type":"ListItem","position":2,"name":"39 geniale Kamera-Logos mit denen jedes Foto ein Treffer wird"}]},{"@type":"WebSite","@id":"https:\/\/www.designenlassen.de\/blog\/#website","url":"https:\/\/www.designenlassen.de\/blog\/","name":"designenlassen.de Blog","description":"Inspirationen, Tipps und Ideen f\u00fcr Designer sowie Gr\u00fcnder und Kleinbetriebe.","potentialAction":[{"@type":"SearchAction","target":{"@type":"EntryPoint","urlTemplate":"https:\/\/www.designenlassen.de\/blog\/?s={search_term_string}"},"query-input":{"@type":"PropertyValueSpecification","valueRequired":true,"valueName":"search_term_string"}}],"inLanguage":"de"},{"@type":"Person","@id":"https:\/\/www.designenlassen.de\/blog\/#\/schema\/person\/858ff7f9025247949c1b922431f97734","name":"Christina","image":{"@type":"ImageObject","inLanguage":"de","@id":"https:\/\/www.designenlassen.de\/blog\/#\/schema\/person\/image\/","url":"https:\/\/secure.gravatar.com\/avatar\/31045bfe41c5fbc86ecbb135f792148b4bf1bee47931b9c8d47c74611d912026?s=96&d=mm&r=g","contentUrl":"https:\/\/secure.gravatar.com\/avatar\/31045bfe41c5fbc86ecbb135f792148b4bf1bee47931b9c8d47c74611d912026?s=96&d=mm&r=g","caption":"Christina"},"description":"Christina ist bei designenlassen.de f\u00fcr das Content-Marketing &amp; die Social Media Kan\u00e4le zust\u00e4ndig. Sie schreibt hier im Blog zu verschiedensten Design-Themen.","sameAs":["designenlassen\/"],"url":"https:\/\/www.designenlassen.de\/blog\/author\/christina\/"}]}},"_links":{"self":[{"href":"https:\/\/www.designenlassen.de\/blog\/wp-json\/wp\/v2\/posts\/24695","targetHints":{"allow":["GET"]}}],"collection":[{"href":"https:\/\/www.designenlassen.de\/blog\/wp-json\/wp\/v2\/posts"}],"about":[{"href":"https:\/\/www.designenlassen.de\/blog\/wp-json\/wp\/v2\/types\/post"}],"author":[{"embeddable":true,"href":"https:\/\/www.designenlassen.de\/blog\/wp-json\/wp\/v2\/users\/10"}],"replies":[{"embeddable":true,"href":"https:\/\/www.designenlassen.de\/blog\/wp-json\/wp\/v2\/comments?post=24695"}],"version-history":[{"count":10,"href":"https:\/\/www.designenlassen.de\/blog\/wp-json\/wp\/v2\/posts\/24695\/revisions"}],"predecessor-version":[{"id":31918,"href":"https:\/\/www.designenlassen.de\/blog\/wp-json\/wp\/v2\/posts\/24695\/revisions\/31918"}],"wp:featuredmedia":[{"embeddable":true,"href":"https:\/\/www.designenlassen.de\/blog\/wp-json\/wp\/v2\/media\/24706"}],"wp:attachment":[{"href":"https:\/\/www.designenlassen.de\/blog\/wp-json\/wp\/v2\/media?parent=24695"}],"wp:term":[{"taxonomy":"category","embeddable":true,"href":"https:\/\/www.designenlassen.de\/blog\/wp-json\/wp\/v2\/categories?post=24695"},{"taxonomy":"post_tag","embeddable":true,"href":"https:\/\/www.designenlassen.de\/blog\/wp-json\/wp\/v2\/tags?post=24695"}],"curies":[{"name":"wp","href":"https:\/\/api.w.org\/{rel}","templated":true}]}}