{"id":24765,"date":"2021-09-01T10:00:00","date_gmt":"2021-09-01T08:00:00","guid":{"rendered":"https:\/\/www.designenlassen.de\/blog\/?p=24765"},"modified":"2021-09-03T10:03:53","modified_gmt":"2021-09-03T08:03:53","slug":"ich-werde-auf-jeden-fall-auch-das-cover-fuer-jedes-weitere-buch-ueber-designenlassen-de-in-auftrag-geben-interview-mit-christine-lange","status":"publish","type":"post","link":"https:\/\/www.designenlassen.de\/blog\/ich-werde-auf-jeden-fall-auch-das-cover-fuer-jedes-weitere-buch-ueber-designenlassen-de-in-auftrag-geben-interview-mit-christine-lange\/","title":{"rendered":"&#8222;Ich werde auf jeden Fall auch das Cover f\u00fcr jedes weitere Buch \u00fcber designenlassen.de in Auftrag geben.&#8220; \u2013 Interview mit Christine Lange"},"content":{"rendered":"\n<div class=\"wp-block-media-text alignwide is-stacked-on-mobile\" style=\"grid-template-columns:46% auto\"><figure class=\"wp-block-media-text__media\"><img fetchpriority=\"high\" decoding=\"async\" width=\"1000\" height=\"1024\" src=\"https:\/\/www.designenlassen.de\/blog\/wp-content\/uploads\/2021\/08\/Christine_Lange_Auftraggeber_Interview-1000x1024.jpg\" alt=\"\" class=\"wp-image-24771 size-full\" srcset=\"https:\/\/www.designenlassen.de\/blog\/wp-content\/uploads\/2021\/08\/Christine_Lange_Auftraggeber_Interview-1000x1024.jpg 1000w, https:\/\/www.designenlassen.de\/blog\/wp-content\/uploads\/2021\/08\/Christine_Lange_Auftraggeber_Interview-293x300.jpg 293w, https:\/\/www.designenlassen.de\/blog\/wp-content\/uploads\/2021\/08\/Christine_Lange_Auftraggeber_Interview-768x786.jpg 768w, https:\/\/www.designenlassen.de\/blog\/wp-content\/uploads\/2021\/08\/Christine_Lange_Auftraggeber_Interview-1170x1198.jpg 1170w, https:\/\/www.designenlassen.de\/blog\/wp-content\/uploads\/2021\/08\/Christine_Lange_Auftraggeber_Interview-585x599.jpg 585w, https:\/\/www.designenlassen.de\/blog\/wp-content\/uploads\/2021\/08\/Christine_Lange_Auftraggeber_Interview-600x614.jpg 600w, https:\/\/www.designenlassen.de\/blog\/wp-content\/uploads\/2021\/08\/Christine_Lange_Auftraggeber_Interview.jpg 1381w\" sizes=\"(max-width: 1000px) 100vw, 1000px\" \/><\/figure><div class=\"wp-block-media-text__content\">\n<p><em>In diesem Auftraggeber-Interview&nbsp;steht uns Christine Lange, die Autorin von <a href=\"https:\/\/einbuchentsteht.blogspot.com\/\">&#8222;Tonleiter der Gef\u00fchle&#8220;<\/a> Rede und Antwort. Sie hat ihr Cover-Design auf&nbsp;<a rel=\"noreferrer noopener\" href=\"https:\/\/www.designenlassen.de\/\" target=\"_blank\">designenlassen.de<\/a>&nbsp;gefunden. Hier geht&#8217;s zu ihrem Projekt: <a href=\"https:\/\/www.designenlassen.de\/956246-ebook-cover-fuer-mein-buch-tonleiter-der-gefuehle\">eBook-Cover f\u00fcr mein Buch<\/a>.<\/em><\/p>\n<\/div><\/div>\n\n\n\n<p><\/p>\n\n\n\n<h2 class=\"wp-block-heading\">Erz\u00e4hlen Sie uns doch etwas \u00fcber sich: <\/h2>\n\n\n\n<p>Mein Name ist Christine Lange, ich bin 31 Jahre alt und lebe in Halle (Saale). Ich arbeite als Fachangestellte f\u00fcr Medien- und Informationsdienste, Fachrichtung Bibliothek. Das ist eine sehr lange Berufsbezeichnung, f\u00fcr eine im Prinzip einfach erkl\u00e4rte T\u00e4tigkeit: Ich arbeite in einer Bibliothek. Das war der Beruf, den ich lernen wollte, nachdem ich einen Zukunftstag in der Bibliothek absolviert hatte.<\/p>\n\n\n\n<p>Nebenbei habe ich Ende des vorletzten Jahres angefangen mein erstes Buch zu schreiben. Geplant war urspr\u00fcnglich ein einziges Buch, erst einmal. Nun wird es eine Trilogie und ich arbeite bereits am dritten Band. Meine Testleser hatten diverse W\u00fcnsche und ich sehr viele Ideen. Deswegen habe ich es zu einer Trilogie ausgedehnt.<\/p>\n\n\n\n<p>Ich schreibe seit meiner Kindheit. Deutsch war in der Schule mein Lieblingsfach. Meist habe ich Geschichten geschrieben. Zwischendurch gab es aber auch eine Zeit, in der ich auch einige Gedichte verfasst habe.<\/p>\n\n\n\n<p>Bevor ich mit meinem ersten Buch angefangen habe, absolvierte ich ein Fernstudium im kreativen Schreiben. Da mein Fernlehrer s\u00e4mtliche Texte von mir gut bewertete, wuchs dann der Wunsch, wirklich ein Buch zu schreiben.<\/p>\n\n\n\n<h2 class=\"wp-block-heading\">Worum geht es in Ihrem aktuellen Buch &#8222;Tonleiter der Gef\u00fchle&#8220; und wie sind Sie auf die Geschichte dazu gekommen? <\/h2>\n\n\n\n<p>Es geht um den Psychologen Rudolf, dessen Frau auf tragische Weise ums Leben kommt. Er st\u00fcrzt aufgrund dessen ziemlich ab in seinem Leben. Tabletten und Alkohol geh\u00f6ren f\u00fcr ihn bald zum Alltag. Doch er hat seine gute Freundin Svea, die ihm unbedingt helfen will. Zu allem \u00dcberfluss gibt es auch noch eine Patientin von ihm, die sehr an ihm interessiert ist.<\/p>\n\n\n\n<p>Im vorangegangenen Band geht es um Svea und Timo. Die beiden haben einen Unfall und Svea ist schwer verletzt, woraufhin sie in eine Depression verf\u00e4llt. Dort lernt sie Rudolf kennen. Er versucht ihr zu helfen und sie mit Timo wieder zusammen zu bringen.<\/p>\n\n\n\n<p>Ich habe f\u00fcr beide B\u00e4nde eine eigene Geschichte erfunden, damit es spannend bleibt. Aber es spielen dieselben Personen mit. Lediglich die Frau von Rudolf und seine Patientin kommen neu dazu. Jedoch bleibt eine Frage im zweiten Teil offen. Diese wird dann im dritten Teil aufgel\u00f6st.<\/p>\n\n\n\n<p>Meine Trilogie geh\u00f6rt in die Kategorie Liebe, aber man kann sie auch als Erfahrungsgeschichten bezeichnen. Da gehen die Meinungen etwas auseinander. Es ist immer eine gewisse Dramatik in jedem Band enthalten.<\/p>\n\n\n\n<p>Die Idee hinter dem zweiten Band liegt bei Rudolf. Im ersten Band hatte er eine eher untergeordnete Rolle. Man hat nicht viel \u00fcber ihn erfahren. Es ging vordergr\u00fcndig um Sveas Therapie bei ihm. Ich wollte Rudolf einfach besser \u201ekennenlernen\u201c. Daraufhin habe ich dar\u00fcber nachgedacht, was ihm passieren kann und schlie\u00dflich diese Geschichte geschrieben.<\/p>\n\n\n\n<h2 class=\"wp-block-heading\">Was genau haben Sie auf designenlassen.de ausgeschrieben und wieso haben Sie sich dazu entschieden, das Projekt als Designwettbewerb durchzuf\u00fchren? <\/h2>\n\n\n\n<blockquote class=\"wp-block-quote is-layout-flow wp-block-quote-is-layout-flow\"><p>Da es sich um den zweiten Band handelt, m\u00f6chte ich gern ein Cover, aus dem sich schlie\u00dfen l\u00e4sst, dass beide B\u00fccher zusammen geh\u00f6ren. Deshalb habe ich das erste Cover als Bild hinzugef\u00fcgt.<br>Es kann gern wieder in schwarz-wei\u00df sein, muss aber nicht.<br><br>Auch bei diesem Cover w\u00e4re es gut, wenn man die Verbindung zur Musik wieder erkennt, da es im zweiten Buch auch wieder viel Musik gibt. Nat\u00fcrlich ist es gut, wenn man eine kleine Andeutung auf den Inhalt erh\u00e4lt. Allerdings sollte es nicht so offensichtlich sein. Das hei\u00dft, ich m\u00f6chte nicht unbedingt eine Flasche Bier und eine Tablettenschachtel auf dem Cover haben. \ud83d\ude09<br><br>Die Schriftart kann gern wieder in die Richtung vom ersten Cover gehen.<\/p><\/blockquote>\n\n\n\n<p>Das ist das Briefing meines Wettbewerbes. Ich wollte alles genau beschreiben, damit man eine gewisse Vorstellung hat, was genau ich m\u00f6chte. Nat\u00fcrlich habe ich auch vieles zum Inhalt erkl\u00e4rt. Das habe ich hier herausgelassen, damit es noch einen Grund gibt, das Buch zu lesen. Denn ich habe bei der Inhaltsbeschreibung alles geschrieben, was im Buch passiert, einschlie\u00dflich dem Schluss. Au\u00dferdem hatte ich noch ein Bild vom ersten Cover angef\u00fcgt, damit die Designer eine Vorstellung davon hatten, in welche Richtung es gehen sollte.<\/p>\n\n\n\n<p>Bereits beim ersten Band habe ich auf designenlassen.de einen Wettbewerb gestartet. Ich hatte bei einer Internetrecherche gelesen, dass es solche Seiten gibt, auf denen man einen Designwettbewerb starten kann. Die Idee, dass man mehrere Cover von unterschiedlichen Designern bekommt, fand ich gut. Da ich keinen Coverdesigner kenne, wollte ich nicht auf gut Gl\u00fcck einfach einen anschreiben. Durch den Wettbewerb hatte ich viele Vorschl\u00e4ge mit unterschiedlichen Ans\u00e4tzen. Jeder Designer hat eine eigene \u201eHandschrift\u201c.<\/p>\n\n\n\n<p>Da es beim ersten Mal so super geklappt hatte, habe ich auch die zweite Ausschreibung hier gestartet. Ich hatte dieses Mal auch <a href=\"https:\/\/www.designenlassen.de\/profil\/327472\/sort\/1\">den Designer<\/a>, der beim ersten Cover gewonnen hat, auf meine neue Ausschreibung hingewiesen und er hat sich ebenfalls wieder beteiligt.<\/p>\n\n\n\n<h2 class=\"wp-block-heading\">Was hat Ihnen besonders gut am Projektverlauf gefallen? Welche Erfahrungen haben Sie gemacht? <\/h2>\n\n\n\n<p>Mir gef\u00e4llt gut, dass ich bereits nach 2 Tagen viele Vorschl\u00e4ge hatte. Dieses Mal waren es auch bedeutend mehr, als beim ersten Cover. Aber ich hatte auch das Preisgeld garantiert. Da ich aus meinen Erfahrungen vom ersten Mal profitieren konnte, wusste ich, dass ich auf jeden Fall ein passendes Cover finde.<\/p>\n\n\n\n<p>Mich hat auch gefreut, dass sich der Gewinner vom ersten Cover wieder beteiligt hat. Es hat zwar ein paar Tage gedauert, ehe ich einen Vorschlag von ihm hatte, aber das Warten war es eindeutig wert.<\/p>\n\n\n\n<p>Bevor ich die Vorschl\u00e4ge meines Gewinners gesehen hatte, habe ich bereits zwei Cover in Betracht gezogen. Es waren wirklich wundersch\u00f6ne Sachen dabei. Ich bin nach wie vor begeistert von der Vielf\u00e4ltigkeit und den Ideen der Designer.<\/p>\n\n\n\n<h2 class=\"wp-block-heading\">K\u00f6nnen Sie uns sagen, warum Sie sich f\u00fcr dieses Gewinnerdesign entschieden haben? Was war Ihnen dabei wichtig? <\/h2>\n\n\n\n<p>Um es kurz zu formulieren: Der Gewinner wusste genau, was ich wollte, obwohl ich es selbst nicht genau wusste! Er hat bereits beim <a href=\"https:\/\/www.designenlassen.de\/633455-ich-suche-ein-e-book-cover-fuer-mein-buch-der-anfang-ist-musik\">ersten Cover<\/a> meinen Geschmack getroffen. Beim <a href=\"https:\/\/www.designenlassen.de\/956246-ebook-cover-fuer-mein-buch-tonleiter-der-gefuehle\">zweiten<\/a> war es ganz genauso. Ich habe seine Vorschl\u00e4ge gesehen und war sofort verliebt.<\/p>\n\n\n\n<figure class=\"wp-block-gallery columns-0 is-cropped aligncenter wp-block-gallery-1 is-layout-flex wp-block-gallery-is-layout-flex\"><ul class=\"blocks-gallery-grid\"><li class=\"blocks-gallery-item\"><figure><img decoding=\"async\" width=\"1024\" height=\"1024\" src=\"https:\/\/www.designenlassen.de\/blog\/wp-content\/uploads\/2021\/08\/Der_Anfang_ist_Musik_Buchcover-1024x1024.png\" alt=\"\" data-id=\"24784\" data-full-url=\"https:\/\/www.designenlassen.de\/blog\/wp-content\/uploads\/2021\/08\/Der_Anfang_ist_Musik_Buchcover.png\" data-link=\"https:\/\/www.designenlassen.de\/blog\/?attachment_id=24784\" class=\"wp-image-24784\" srcset=\"https:\/\/www.designenlassen.de\/blog\/wp-content\/uploads\/2021\/08\/Der_Anfang_ist_Musik_Buchcover-1024x1024.png 1024w, https:\/\/www.designenlassen.de\/blog\/wp-content\/uploads\/2021\/08\/Der_Anfang_ist_Musik_Buchcover-300x300.png 300w, https:\/\/www.designenlassen.de\/blog\/wp-content\/uploads\/2021\/08\/Der_Anfang_ist_Musik_Buchcover-150x150.png 150w, https:\/\/www.designenlassen.de\/blog\/wp-content\/uploads\/2021\/08\/Der_Anfang_ist_Musik_Buchcover-768x768.png 768w, https:\/\/www.designenlassen.de\/blog\/wp-content\/uploads\/2021\/08\/Der_Anfang_ist_Musik_Buchcover-1536x1536.png 1536w, https:\/\/www.designenlassen.de\/blog\/wp-content\/uploads\/2021\/08\/Der_Anfang_ist_Musik_Buchcover.png 2000w\" sizes=\"(max-width: 1024px) 100vw, 1024px\" \/><\/figure><\/li><li class=\"blocks-gallery-item\"><figure><img decoding=\"async\" width=\"500\" height=\"500\" src=\"https:\/\/www.designenlassen.de\/blog\/wp-content\/uploads\/2021\/08\/Tonleiter_der_Gefuehle_Buchcover.jpg\" alt=\"\" data-id=\"24769\" data-full-url=\"https:\/\/www.designenlassen.de\/blog\/wp-content\/uploads\/2021\/08\/Tonleiter_der_Gefuehle_Buchcover.jpg\" data-link=\"https:\/\/www.designenlassen.de\/blog\/?attachment_id=24769\" class=\"wp-image-24769\" srcset=\"https:\/\/www.designenlassen.de\/blog\/wp-content\/uploads\/2021\/08\/Tonleiter_der_Gefuehle_Buchcover.jpg 500w, https:\/\/www.designenlassen.de\/blog\/wp-content\/uploads\/2021\/08\/Tonleiter_der_Gefuehle_Buchcover-300x300.jpg 300w, https:\/\/www.designenlassen.de\/blog\/wp-content\/uploads\/2021\/08\/Tonleiter_der_Gefuehle_Buchcover-150x150.jpg 150w\" sizes=\"(max-width: 500px) 100vw, 500px\" \/><\/figure><\/li><\/ul><\/figure>\n\n\n\n<p>Mir war wichtig, dass man eine Verbindung zum ersten Cover herstellen kann. Ich finde, das ist dem Designer sehr gut gelungen. Er hat es geschafft, die Tragik der Geschichte einzufangen und es trotzdem nicht klischeehaft zu gestalten. Auch das schwarz-wei\u00df hat mir gefallen. Da ich zur Zeit einen Trend erkenne, dass viele Cover bunt, bunter und noch bunter gestaltet werden, finde ich den Kontrast meines Covers gelungen.<\/p>\n\n\n\n<h2 class=\"wp-block-heading\">Wie kommt das Design bei ihren Lesern an?<\/h2>\n\n\n\n<p>Sehr gut! Ich habe nur positive R\u00fcckmeldungen erhalten. Vielen gef\u00e4llt das schwarz-wei\u00df und sie finden, dass es gut zum Inhalt passt. Meine Leser sehen in dem Cover genau das, was ich darin sehe und das freut mich nat\u00fcrlich extrem.<\/p>\n\n\n\n<h2 class=\"wp-block-heading\">Wie geht es jetzt weiter f\u00fcr Sie? Was sind Ihre zuk\u00fcnftigen Pl\u00e4ne als Autorin? <\/h2>\n\n\n\n<p>Ich werde auf jeden Fall auch das Cover f\u00fcr den dritten Band und jedem weiteren Buch \u00fcber designenlassen.de in Auftrag geben. Au\u00dferdem habe ich bereits eine Idee f\u00fcr ein weiteres Buch, welches ich nach der Trilogie schreiben m\u00f6chte. Dazu habe ich auch schon einige Szenen geschrieben. Ebenfalls m\u00f6chte ich auch gern das Genre wechseln und in Richtung Erotik schreiben. Dieses dann unter einem Pseudonym, welches mir von einer Kollegin vorgeschlagen wurde.<\/p>\n\n\n\n<p>Kurz und gut: Es bleibt weiter spannend und bisher gehen mir auch die Ideen nicht aus. Ich hoffe auf noch mehr Leser und treue Fans.<\/p>\n\n\n\n<h2 class=\"wp-block-heading\">Weitere Designs, die im Projekt eingereicht wurden<\/h2>\n\n\n\n<figure class=\"wp-block-gallery columns-3 is-cropped aligncenter wp-block-gallery-2 is-layout-flex wp-block-gallery-is-layout-flex\"><ul class=\"blocks-gallery-grid\"><li class=\"blocks-gallery-item\"><figure><img loading=\"lazy\" decoding=\"async\" width=\"640\" height=\"1024\" src=\"https:\/\/www.designenlassen.de\/blog\/wp-content\/uploads\/2021\/08\/Buchcover_Design_Tonleiter_der_Gefuehle_1-640x1024.jpg\" alt=\"\" data-id=\"24774\" data-full-url=\"https:\/\/www.designenlassen.de\/blog\/wp-content\/uploads\/2021\/08\/Buchcover_Design_Tonleiter_der_Gefuehle_1.jpg\" data-link=\"https:\/\/www.designenlassen.de\/blog\/?attachment_id=24774\" class=\"wp-image-24774\" srcset=\"https:\/\/www.designenlassen.de\/blog\/wp-content\/uploads\/2021\/08\/Buchcover_Design_Tonleiter_der_Gefuehle_1-640x1024.jpg 640w, https:\/\/www.designenlassen.de\/blog\/wp-content\/uploads\/2021\/08\/Buchcover_Design_Tonleiter_der_Gefuehle_1-188x300.jpg 188w, https:\/\/www.designenlassen.de\/blog\/wp-content\/uploads\/2021\/08\/Buchcover_Design_Tonleiter_der_Gefuehle_1-768x1229.jpg 768w, https:\/\/www.designenlassen.de\/blog\/wp-content\/uploads\/2021\/08\/Buchcover_Design_Tonleiter_der_Gefuehle_1-960x1536.jpg 960w, https:\/\/www.designenlassen.de\/blog\/wp-content\/uploads\/2021\/08\/Buchcover_Design_Tonleiter_der_Gefuehle_1-1280x2048.jpg 1280w, https:\/\/www.designenlassen.de\/blog\/wp-content\/uploads\/2021\/08\/Buchcover_Design_Tonleiter_der_Gefuehle_1.jpg 1600w\" sizes=\"(max-width: 640px) 100vw, 640px\" \/><\/figure><\/li><li class=\"blocks-gallery-item\"><figure><img loading=\"lazy\" decoding=\"async\" width=\"682\" height=\"1024\" src=\"https:\/\/www.designenlassen.de\/blog\/wp-content\/uploads\/2021\/08\/Buchcover_Design_Tonleiter_der_Gefuehle_3-682x1024.jpg\" alt=\"\" data-id=\"24776\" data-full-url=\"https:\/\/www.designenlassen.de\/blog\/wp-content\/uploads\/2021\/08\/Buchcover_Design_Tonleiter_der_Gefuehle_3.jpg\" data-link=\"https:\/\/www.designenlassen.de\/blog\/?attachment_id=24776\" class=\"wp-image-24776\" srcset=\"https:\/\/www.designenlassen.de\/blog\/wp-content\/uploads\/2021\/08\/Buchcover_Design_Tonleiter_der_Gefuehle_3-682x1024.jpg 682w, https:\/\/www.designenlassen.de\/blog\/wp-content\/uploads\/2021\/08\/Buchcover_Design_Tonleiter_der_Gefuehle_3-200x300.jpg 200w, https:\/\/www.designenlassen.de\/blog\/wp-content\/uploads\/2021\/08\/Buchcover_Design_Tonleiter_der_Gefuehle_3-768x1153.jpg 768w, https:\/\/www.designenlassen.de\/blog\/wp-content\/uploads\/2021\/08\/Buchcover_Design_Tonleiter_der_Gefuehle_3-1024x1536.jpg 1024w, https:\/\/www.designenlassen.de\/blog\/wp-content\/uploads\/2021\/08\/Buchcover_Design_Tonleiter_der_Gefuehle_3-1365x2048.jpg 1365w, https:\/\/www.designenlassen.de\/blog\/wp-content\/uploads\/2021\/08\/Buchcover_Design_Tonleiter_der_Gefuehle_3.jpg 1466w\" sizes=\"(max-width: 682px) 100vw, 682px\" \/><\/figure><\/li><li class=\"blocks-gallery-item\"><figure><img decoding=\"async\" src=\"https:\/\/www.designenlassen.de\/blog\/wp-content\/uploads\/2021\/08\/Buchcover_Design_Tonleiter_der_Gefuehle_2-618x1024.jpg\" alt=\"\" data-id=\"24775\" data-full-url=\"https:\/\/www.designenlassen.de\/blog\/wp-content\/uploads\/2021\/08\/Buchcover_Design_Tonleiter_der_Gefuehle_2-scaled.jpg\" data-link=\"https:\/\/www.designenlassen.de\/blog\/?attachment_id=24775\" class=\"wp-image-24775\"\/><\/figure><\/li><li class=\"blocks-gallery-item\"><figure><img loading=\"lazy\" decoding=\"async\" width=\"686\" height=\"1024\" src=\"https:\/\/www.designenlassen.de\/blog\/wp-content\/uploads\/2021\/08\/Buchcover_Design_Tonleiter_der_Gefuehle_5-686x1024.jpg\" alt=\"\" data-id=\"24778\" data-full-url=\"https:\/\/www.designenlassen.de\/blog\/wp-content\/uploads\/2021\/08\/Buchcover_Design_Tonleiter_der_Gefuehle_5.jpg\" data-link=\"https:\/\/www.designenlassen.de\/blog\/?attachment_id=24778\" class=\"wp-image-24778\" srcset=\"https:\/\/www.designenlassen.de\/blog\/wp-content\/uploads\/2021\/08\/Buchcover_Design_Tonleiter_der_Gefuehle_5-686x1024.jpg 686w, https:\/\/www.designenlassen.de\/blog\/wp-content\/uploads\/2021\/08\/Buchcover_Design_Tonleiter_der_Gefuehle_5-201x300.jpg 201w, https:\/\/www.designenlassen.de\/blog\/wp-content\/uploads\/2021\/08\/Buchcover_Design_Tonleiter_der_Gefuehle_5-768x1147.jpg 768w, https:\/\/www.designenlassen.de\/blog\/wp-content\/uploads\/2021\/08\/Buchcover_Design_Tonleiter_der_Gefuehle_5-1028x1536.jpg 1028w, https:\/\/www.designenlassen.de\/blog\/wp-content\/uploads\/2021\/08\/Buchcover_Design_Tonleiter_der_Gefuehle_5.jpg 1209w\" sizes=\"(max-width: 686px) 100vw, 686px\" \/><\/figure><\/li><li class=\"blocks-gallery-item\"><figure><img loading=\"lazy\" decoding=\"async\" width=\"686\" height=\"1024\" src=\"https:\/\/www.designenlassen.de\/blog\/wp-content\/uploads\/2021\/08\/Buchcover_Design_Tonleiter_der_Gefuehle_4-686x1024.jpg\" alt=\"\" data-id=\"24777\" data-full-url=\"https:\/\/www.designenlassen.de\/blog\/wp-content\/uploads\/2021\/08\/Buchcover_Design_Tonleiter_der_Gefuehle_4.jpg\" data-link=\"https:\/\/www.designenlassen.de\/blog\/?attachment_id=24777\" class=\"wp-image-24777\" srcset=\"https:\/\/www.designenlassen.de\/blog\/wp-content\/uploads\/2021\/08\/Buchcover_Design_Tonleiter_der_Gefuehle_4-686x1024.jpg 686w, https:\/\/www.designenlassen.de\/blog\/wp-content\/uploads\/2021\/08\/Buchcover_Design_Tonleiter_der_Gefuehle_4-201x300.jpg 201w, https:\/\/www.designenlassen.de\/blog\/wp-content\/uploads\/2021\/08\/Buchcover_Design_Tonleiter_der_Gefuehle_4-768x1147.jpg 768w, https:\/\/www.designenlassen.de\/blog\/wp-content\/uploads\/2021\/08\/Buchcover_Design_Tonleiter_der_Gefuehle_4-1028x1536.jpg 1028w, https:\/\/www.designenlassen.de\/blog\/wp-content\/uploads\/2021\/08\/Buchcover_Design_Tonleiter_der_Gefuehle_4.jpg 1209w\" sizes=\"(max-width: 686px) 100vw, 686px\" \/><\/figure><\/li><li class=\"blocks-gallery-item\"><figure><img loading=\"lazy\" decoding=\"async\" width=\"686\" height=\"1024\" src=\"https:\/\/www.designenlassen.de\/blog\/wp-content\/uploads\/2021\/08\/Buchcover_Design_Tonleiter_der_Gefuehle_6-686x1024.jpg\" alt=\"\" data-id=\"24780\" data-full-url=\"https:\/\/www.designenlassen.de\/blog\/wp-content\/uploads\/2021\/08\/Buchcover_Design_Tonleiter_der_Gefuehle_6.jpg\" data-link=\"https:\/\/www.designenlassen.de\/blog\/?attachment_id=24780\" class=\"wp-image-24780\" srcset=\"https:\/\/www.designenlassen.de\/blog\/wp-content\/uploads\/2021\/08\/Buchcover_Design_Tonleiter_der_Gefuehle_6-686x1024.jpg 686w, https:\/\/www.designenlassen.de\/blog\/wp-content\/uploads\/2021\/08\/Buchcover_Design_Tonleiter_der_Gefuehle_6-201x300.jpg 201w, https:\/\/www.designenlassen.de\/blog\/wp-content\/uploads\/2021\/08\/Buchcover_Design_Tonleiter_der_Gefuehle_6-768x1147.jpg 768w, https:\/\/www.designenlassen.de\/blog\/wp-content\/uploads\/2021\/08\/Buchcover_Design_Tonleiter_der_Gefuehle_6-1028x1536.jpg 1028w, https:\/\/www.designenlassen.de\/blog\/wp-content\/uploads\/2021\/08\/Buchcover_Design_Tonleiter_der_Gefuehle_6.jpg 1209w\" sizes=\"(max-width: 686px) 100vw, 686px\" \/><\/figure><\/li><\/ul><\/figure>\n\n\n\n<p>Wir bedanken uns bei Christine Lange f\u00fcr das tolle Interview und w\u00fcnschen ihr weiterhin viel Erfolg! \ud83d\ude42 <\/p>\n\n\n\n<div class=\"sof\">\n<h2>Du bist auch auf der Suche nach einem kreativen Cover-Design?<\/h2>\n<p>Starte einen eigenen Designwettbewerb auf designenlassen.de und erhalte zahlreiche Vorschl\u00e4ge von unterschiedlichen Designern. Kein Risiko durch Preisgeld-zur\u00fcck-Garantie.<br><a class=\"btn aktion1\" href=\"https:\/\/www.designenlassen.de\/ebook-cover-design\">Jetzt starten<\/a><a class=\"btn aktion2\" href=\"https:\/\/www.designenlassen.de\/tour\">Mehr erfahren<\/a><\/p>\n<\/div>\n\n\n\n<h2 class=\"wp-block-heading\">\u00c4hnliche Themen<\/h2>\n\n\n\n<p><a href=\"https:\/\/www.designenlassen.de\/blog\/e-book-cover-vs-buchcover-das-sind-die-unterschiede\/\">E-Book Cover vs. Buchcover \u2013 das sind die Unterschiede<\/a><\/p>\n\n\n\n<p><a href=\"https:\/\/www.designenlassen.de\/blog\/21-buchcover-designs-die-nicht-nur-leseratten-ansprechen\/\">21 Buchcover-Designs, die nicht nur Leseratten ansprechen<\/a><\/p>\n\n\n\n<p><a href=\"https:\/\/www.designenlassen.de\/blog\/14-fantasy-buchcover-die-dich-in-eine-magische-welt-entfuehren\/\">14 Fantasy Buchcover, die Dich in eine magische Welt entf\u00fchren<\/a><\/p>\n","protected":false},"excerpt":{"rendered":"<p>In diesem Auftraggeber-Interview&nbsp;steht uns Christine Lange, die Autorin von &#8222;Tonleiter der Gef\u00fchle&#8220; Rede und Antwort. Sie&hellip;<\/p>\n","protected":false},"author":24,"featured_media":24771,"comment_status":"open","ping_status":"open","sticky":false,"template":"","format":"standard","meta":{"_lmt_disableupdate":"","_lmt_disable":"","footnotes":""},"categories":[7],"tags":[],"class_list":["post-24765","post","type-post","status-publish","format-standard","has-post-thumbnail","hentry","category-interviews"],"yoast_head":"<!-- This site is optimized with the Yoast SEO plugin v27.5 - https:\/\/yoast.com\/product\/yoast-seo-wordpress\/ -->\n<title>&quot;Ich werde auf jeden Fall auch das Cover f\u00fcr jedes weitere Buch \u00fcber designenlassen.de in Auftrag geben.&quot; \u2013 Interview mit Christine Lange - designenlassen.de Blog<\/title>\n<meta name=\"robots\" content=\"index, follow, max-snippet:-1, max-image-preview:large, max-video-preview:-1\" \/>\n<link rel=\"canonical\" href=\"https:\/\/www.designenlassen.de\/blog\/ich-werde-auf-jeden-fall-auch-das-cover-fuer-jedes-weitere-buch-ueber-designenlassen-de-in-auftrag-geben-interview-mit-christine-lange\/\" \/>\n<meta property=\"og:locale\" content=\"de_DE\" \/>\n<meta property=\"og:type\" content=\"article\" \/>\n<meta property=\"og:title\" content=\"&quot;Ich werde auf jeden Fall auch das Cover f\u00fcr jedes weitere Buch \u00fcber designenlassen.de in Auftrag geben.&quot; \u2013 Interview mit Christine Lange - designenlassen.de Blog\" \/>\n<meta property=\"og:description\" content=\"In diesem Auftraggeber-Interview&nbsp;steht uns Christine Lange, die Autorin von &#8222;Tonleiter der Gef\u00fchle&#8220; Rede und Antwort. Sie&hellip;\" \/>\n<meta property=\"og:url\" content=\"https:\/\/www.designenlassen.de\/blog\/ich-werde-auf-jeden-fall-auch-das-cover-fuer-jedes-weitere-buch-ueber-designenlassen-de-in-auftrag-geben-interview-mit-christine-lange\/\" \/>\n<meta property=\"og:site_name\" content=\"designenlassen.de Blog\" \/>\n<meta property=\"article:published_time\" content=\"2021-09-01T08:00:00+00:00\" \/>\n<meta property=\"article:modified_time\" content=\"2021-09-03T08:03:53+00:00\" \/>\n<meta property=\"og:image\" content=\"https:\/\/www.designenlassen.de\/blog\/wp-content\/uploads\/2021\/08\/Christine_Lange_Auftraggeber_Interview.jpg\" \/>\n\t<meta property=\"og:image:width\" content=\"1381\" \/>\n\t<meta property=\"og:image:height\" content=\"1414\" \/>\n\t<meta property=\"og:image:type\" content=\"image\/jpeg\" \/>\n<meta name=\"author\" content=\"Patrick Schady\" \/>\n<meta name=\"twitter:card\" content=\"summary_large_image\" \/>\n<meta name=\"twitter:label1\" content=\"Verfasst von\" \/>\n\t<meta name=\"twitter:data1\" content=\"Patrick Schady\" \/>\n\t<meta name=\"twitter:label2\" content=\"Gesch\u00e4tzte Lesezeit\" \/>\n\t<meta name=\"twitter:data2\" content=\"7\u00a0Minuten\" \/>\n<script type=\"application\/ld+json\" class=\"yoast-schema-graph\">{\"@context\":\"https:\\\/\\\/schema.org\",\"@graph\":[{\"@type\":\"Article\",\"@id\":\"https:\\\/\\\/www.designenlassen.de\\\/blog\\\/ich-werde-auf-jeden-fall-auch-das-cover-fuer-jedes-weitere-buch-ueber-designenlassen-de-in-auftrag-geben-interview-mit-christine-lange\\\/#article\",\"isPartOf\":{\"@id\":\"https:\\\/\\\/www.designenlassen.de\\\/blog\\\/ich-werde-auf-jeden-fall-auch-das-cover-fuer-jedes-weitere-buch-ueber-designenlassen-de-in-auftrag-geben-interview-mit-christine-lange\\\/\"},\"author\":{\"name\":\"Patrick Schady\",\"@id\":\"https:\\\/\\\/www.designenlassen.de\\\/blog\\\/#\\\/schema\\\/person\\\/1e6e4a367ec0359155d5fbb01227c1ca\"},\"headline\":\"&#8222;Ich werde auf jeden Fall auch das Cover f\u00fcr jedes weitere Buch \u00fcber designenlassen.de in Auftrag geben.&#8220; \u2013 Interview mit Christine Lange\",\"datePublished\":\"2021-09-01T08:00:00+00:00\",\"dateModified\":\"2021-09-03T08:03:53+00:00\",\"mainEntityOfPage\":{\"@id\":\"https:\\\/\\\/www.designenlassen.de\\\/blog\\\/ich-werde-auf-jeden-fall-auch-das-cover-fuer-jedes-weitere-buch-ueber-designenlassen-de-in-auftrag-geben-interview-mit-christine-lange\\\/\"},\"wordCount\":1393,\"commentCount\":0,\"image\":{\"@id\":\"https:\\\/\\\/www.designenlassen.de\\\/blog\\\/ich-werde-auf-jeden-fall-auch-das-cover-fuer-jedes-weitere-buch-ueber-designenlassen-de-in-auftrag-geben-interview-mit-christine-lange\\\/#primaryimage\"},\"thumbnailUrl\":\"https:\\\/\\\/www.designenlassen.de\\\/blog\\\/wp-content\\\/uploads\\\/2021\\\/08\\\/Christine_Lange_Auftraggeber_Interview.jpg\",\"articleSection\":[\"Interviews\"],\"inLanguage\":\"de\",\"potentialAction\":[{\"@type\":\"CommentAction\",\"name\":\"Comment\",\"target\":[\"https:\\\/\\\/www.designenlassen.de\\\/blog\\\/ich-werde-auf-jeden-fall-auch-das-cover-fuer-jedes-weitere-buch-ueber-designenlassen-de-in-auftrag-geben-interview-mit-christine-lange\\\/#respond\"]}]},{\"@type\":\"WebPage\",\"@id\":\"https:\\\/\\\/www.designenlassen.de\\\/blog\\\/ich-werde-auf-jeden-fall-auch-das-cover-fuer-jedes-weitere-buch-ueber-designenlassen-de-in-auftrag-geben-interview-mit-christine-lange\\\/\",\"url\":\"https:\\\/\\\/www.designenlassen.de\\\/blog\\\/ich-werde-auf-jeden-fall-auch-das-cover-fuer-jedes-weitere-buch-ueber-designenlassen-de-in-auftrag-geben-interview-mit-christine-lange\\\/\",\"name\":\"\\\"Ich werde auf jeden Fall auch das Cover f\u00fcr jedes weitere Buch \u00fcber designenlassen.de in Auftrag geben.\\\" \u2013 Interview mit Christine Lange - designenlassen.de Blog\",\"isPartOf\":{\"@id\":\"https:\\\/\\\/www.designenlassen.de\\\/blog\\\/#website\"},\"primaryImageOfPage\":{\"@id\":\"https:\\\/\\\/www.designenlassen.de\\\/blog\\\/ich-werde-auf-jeden-fall-auch-das-cover-fuer-jedes-weitere-buch-ueber-designenlassen-de-in-auftrag-geben-interview-mit-christine-lange\\\/#primaryimage\"},\"image\":{\"@id\":\"https:\\\/\\\/www.designenlassen.de\\\/blog\\\/ich-werde-auf-jeden-fall-auch-das-cover-fuer-jedes-weitere-buch-ueber-designenlassen-de-in-auftrag-geben-interview-mit-christine-lange\\\/#primaryimage\"},\"thumbnailUrl\":\"https:\\\/\\\/www.designenlassen.de\\\/blog\\\/wp-content\\\/uploads\\\/2021\\\/08\\\/Christine_Lange_Auftraggeber_Interview.jpg\",\"datePublished\":\"2021-09-01T08:00:00+00:00\",\"dateModified\":\"2021-09-03T08:03:53+00:00\",\"author\":{\"@id\":\"https:\\\/\\\/www.designenlassen.de\\\/blog\\\/#\\\/schema\\\/person\\\/1e6e4a367ec0359155d5fbb01227c1ca\"},\"breadcrumb\":{\"@id\":\"https:\\\/\\\/www.designenlassen.de\\\/blog\\\/ich-werde-auf-jeden-fall-auch-das-cover-fuer-jedes-weitere-buch-ueber-designenlassen-de-in-auftrag-geben-interview-mit-christine-lange\\\/#breadcrumb\"},\"inLanguage\":\"de\",\"potentialAction\":[{\"@type\":\"ReadAction\",\"target\":[\"https:\\\/\\\/www.designenlassen.de\\\/blog\\\/ich-werde-auf-jeden-fall-auch-das-cover-fuer-jedes-weitere-buch-ueber-designenlassen-de-in-auftrag-geben-interview-mit-christine-lange\\\/\"]}]},{\"@type\":\"ImageObject\",\"inLanguage\":\"de\",\"@id\":\"https:\\\/\\\/www.designenlassen.de\\\/blog\\\/ich-werde-auf-jeden-fall-auch-das-cover-fuer-jedes-weitere-buch-ueber-designenlassen-de-in-auftrag-geben-interview-mit-christine-lange\\\/#primaryimage\",\"url\":\"https:\\\/\\\/www.designenlassen.de\\\/blog\\\/wp-content\\\/uploads\\\/2021\\\/08\\\/Christine_Lange_Auftraggeber_Interview.jpg\",\"contentUrl\":\"https:\\\/\\\/www.designenlassen.de\\\/blog\\\/wp-content\\\/uploads\\\/2021\\\/08\\\/Christine_Lange_Auftraggeber_Interview.jpg\",\"width\":1381,\"height\":1414,\"caption\":\"Auftraggeber Interview mit Christine Lange\"},{\"@type\":\"BreadcrumbList\",\"@id\":\"https:\\\/\\\/www.designenlassen.de\\\/blog\\\/ich-werde-auf-jeden-fall-auch-das-cover-fuer-jedes-weitere-buch-ueber-designenlassen-de-in-auftrag-geben-interview-mit-christine-lange\\\/#breadcrumb\",\"itemListElement\":[{\"@type\":\"ListItem\",\"position\":1,\"name\":\"Start\",\"item\":\"https:\\\/\\\/www.designenlassen.de\\\/blog\\\/\"},{\"@type\":\"ListItem\",\"position\":2,\"name\":\"&#8222;Ich werde auf jeden Fall auch das Cover f\u00fcr jedes weitere Buch \u00fcber designenlassen.de in Auftrag geben.&#8220; \u2013 Interview mit Christine Lange\"}]},{\"@type\":\"WebSite\",\"@id\":\"https:\\\/\\\/www.designenlassen.de\\\/blog\\\/#website\",\"url\":\"https:\\\/\\\/www.designenlassen.de\\\/blog\\\/\",\"name\":\"designenlassen.de Blog\",\"description\":\"Inspirationen, Tipps und Ideen f\u00fcr Designer sowie Gr\u00fcnder und Kleinbetriebe.\",\"potentialAction\":[{\"@type\":\"SearchAction\",\"target\":{\"@type\":\"EntryPoint\",\"urlTemplate\":\"https:\\\/\\\/www.designenlassen.de\\\/blog\\\/?s={search_term_string}\"},\"query-input\":{\"@type\":\"PropertyValueSpecification\",\"valueRequired\":true,\"valueName\":\"search_term_string\"}}],\"inLanguage\":\"de\"},{\"@type\":\"Person\",\"@id\":\"https:\\\/\\\/www.designenlassen.de\\\/blog\\\/#\\\/schema\\\/person\\\/1e6e4a367ec0359155d5fbb01227c1ca\",\"name\":\"Patrick Schady\",\"image\":{\"@type\":\"ImageObject\",\"inLanguage\":\"de\",\"@id\":\"https:\\\/\\\/secure.gravatar.com\\\/avatar\\\/41cfafecfbfd30ee6bc4cc02dd530ef067050210239f1d60debda10ce9c038d7?s=96&d=mm&r=g\",\"url\":\"https:\\\/\\\/secure.gravatar.com\\\/avatar\\\/41cfafecfbfd30ee6bc4cc02dd530ef067050210239f1d60debda10ce9c038d7?s=96&d=mm&r=g\",\"contentUrl\":\"https:\\\/\\\/secure.gravatar.com\\\/avatar\\\/41cfafecfbfd30ee6bc4cc02dd530ef067050210239f1d60debda10ce9c038d7?s=96&d=mm&r=g\",\"caption\":\"Patrick Schady\"},\"url\":\"https:\\\/\\\/www.designenlassen.de\\\/blog\\\/author\\\/patrick\\\/\"}]}<\/script>\n<!-- \/ Yoast SEO plugin. -->","yoast_head_json":{"title":"\"Ich werde auf jeden Fall auch das Cover f\u00fcr jedes weitere Buch \u00fcber designenlassen.de in Auftrag geben.\" \u2013 Interview mit Christine Lange - designenlassen.de Blog","robots":{"index":"index","follow":"follow","max-snippet":"max-snippet:-1","max-image-preview":"max-image-preview:large","max-video-preview":"max-video-preview:-1"},"canonical":"https:\/\/www.designenlassen.de\/blog\/ich-werde-auf-jeden-fall-auch-das-cover-fuer-jedes-weitere-buch-ueber-designenlassen-de-in-auftrag-geben-interview-mit-christine-lange\/","og_locale":"de_DE","og_type":"article","og_title":"\"Ich werde auf jeden Fall auch das Cover f\u00fcr jedes weitere Buch \u00fcber designenlassen.de in Auftrag geben.\" \u2013 Interview mit Christine Lange - designenlassen.de Blog","og_description":"In diesem Auftraggeber-Interview&nbsp;steht uns Christine Lange, die Autorin von &#8222;Tonleiter der Gef\u00fchle&#8220; Rede und Antwort. Sie&hellip;","og_url":"https:\/\/www.designenlassen.de\/blog\/ich-werde-auf-jeden-fall-auch-das-cover-fuer-jedes-weitere-buch-ueber-designenlassen-de-in-auftrag-geben-interview-mit-christine-lange\/","og_site_name":"designenlassen.de Blog","article_published_time":"2021-09-01T08:00:00+00:00","article_modified_time":"2021-09-03T08:03:53+00:00","og_image":[{"width":1381,"height":1414,"url":"https:\/\/www.designenlassen.de\/blog\/wp-content\/uploads\/2021\/08\/Christine_Lange_Auftraggeber_Interview.jpg","type":"image\/jpeg"}],"author":"Patrick Schady","twitter_card":"summary_large_image","twitter_misc":{"Verfasst von":"Patrick Schady","Gesch\u00e4tzte Lesezeit":"7\u00a0Minuten"},"schema":{"@context":"https:\/\/schema.org","@graph":[{"@type":"Article","@id":"https:\/\/www.designenlassen.de\/blog\/ich-werde-auf-jeden-fall-auch-das-cover-fuer-jedes-weitere-buch-ueber-designenlassen-de-in-auftrag-geben-interview-mit-christine-lange\/#article","isPartOf":{"@id":"https:\/\/www.designenlassen.de\/blog\/ich-werde-auf-jeden-fall-auch-das-cover-fuer-jedes-weitere-buch-ueber-designenlassen-de-in-auftrag-geben-interview-mit-christine-lange\/"},"author":{"name":"Patrick Schady","@id":"https:\/\/www.designenlassen.de\/blog\/#\/schema\/person\/1e6e4a367ec0359155d5fbb01227c1ca"},"headline":"&#8222;Ich werde auf jeden Fall auch das Cover f\u00fcr jedes weitere Buch \u00fcber designenlassen.de in Auftrag geben.&#8220; \u2013 Interview mit Christine Lange","datePublished":"2021-09-01T08:00:00+00:00","dateModified":"2021-09-03T08:03:53+00:00","mainEntityOfPage":{"@id":"https:\/\/www.designenlassen.de\/blog\/ich-werde-auf-jeden-fall-auch-das-cover-fuer-jedes-weitere-buch-ueber-designenlassen-de-in-auftrag-geben-interview-mit-christine-lange\/"},"wordCount":1393,"commentCount":0,"image":{"@id":"https:\/\/www.designenlassen.de\/blog\/ich-werde-auf-jeden-fall-auch-das-cover-fuer-jedes-weitere-buch-ueber-designenlassen-de-in-auftrag-geben-interview-mit-christine-lange\/#primaryimage"},"thumbnailUrl":"https:\/\/www.designenlassen.de\/blog\/wp-content\/uploads\/2021\/08\/Christine_Lange_Auftraggeber_Interview.jpg","articleSection":["Interviews"],"inLanguage":"de","potentialAction":[{"@type":"CommentAction","name":"Comment","target":["https:\/\/www.designenlassen.de\/blog\/ich-werde-auf-jeden-fall-auch-das-cover-fuer-jedes-weitere-buch-ueber-designenlassen-de-in-auftrag-geben-interview-mit-christine-lange\/#respond"]}]},{"@type":"WebPage","@id":"https:\/\/www.designenlassen.de\/blog\/ich-werde-auf-jeden-fall-auch-das-cover-fuer-jedes-weitere-buch-ueber-designenlassen-de-in-auftrag-geben-interview-mit-christine-lange\/","url":"https:\/\/www.designenlassen.de\/blog\/ich-werde-auf-jeden-fall-auch-das-cover-fuer-jedes-weitere-buch-ueber-designenlassen-de-in-auftrag-geben-interview-mit-christine-lange\/","name":"\"Ich werde auf jeden Fall auch das Cover f\u00fcr jedes weitere Buch \u00fcber designenlassen.de in Auftrag geben.\" \u2013 Interview mit Christine Lange - designenlassen.de Blog","isPartOf":{"@id":"https:\/\/www.designenlassen.de\/blog\/#website"},"primaryImageOfPage":{"@id":"https:\/\/www.designenlassen.de\/blog\/ich-werde-auf-jeden-fall-auch-das-cover-fuer-jedes-weitere-buch-ueber-designenlassen-de-in-auftrag-geben-interview-mit-christine-lange\/#primaryimage"},"image":{"@id":"https:\/\/www.designenlassen.de\/blog\/ich-werde-auf-jeden-fall-auch-das-cover-fuer-jedes-weitere-buch-ueber-designenlassen-de-in-auftrag-geben-interview-mit-christine-lange\/#primaryimage"},"thumbnailUrl":"https:\/\/www.designenlassen.de\/blog\/wp-content\/uploads\/2021\/08\/Christine_Lange_Auftraggeber_Interview.jpg","datePublished":"2021-09-01T08:00:00+00:00","dateModified":"2021-09-03T08:03:53+00:00","author":{"@id":"https:\/\/www.designenlassen.de\/blog\/#\/schema\/person\/1e6e4a367ec0359155d5fbb01227c1ca"},"breadcrumb":{"@id":"https:\/\/www.designenlassen.de\/blog\/ich-werde-auf-jeden-fall-auch-das-cover-fuer-jedes-weitere-buch-ueber-designenlassen-de-in-auftrag-geben-interview-mit-christine-lange\/#breadcrumb"},"inLanguage":"de","potentialAction":[{"@type":"ReadAction","target":["https:\/\/www.designenlassen.de\/blog\/ich-werde-auf-jeden-fall-auch-das-cover-fuer-jedes-weitere-buch-ueber-designenlassen-de-in-auftrag-geben-interview-mit-christine-lange\/"]}]},{"@type":"ImageObject","inLanguage":"de","@id":"https:\/\/www.designenlassen.de\/blog\/ich-werde-auf-jeden-fall-auch-das-cover-fuer-jedes-weitere-buch-ueber-designenlassen-de-in-auftrag-geben-interview-mit-christine-lange\/#primaryimage","url":"https:\/\/www.designenlassen.de\/blog\/wp-content\/uploads\/2021\/08\/Christine_Lange_Auftraggeber_Interview.jpg","contentUrl":"https:\/\/www.designenlassen.de\/blog\/wp-content\/uploads\/2021\/08\/Christine_Lange_Auftraggeber_Interview.jpg","width":1381,"height":1414,"caption":"Auftraggeber Interview mit Christine Lange"},{"@type":"BreadcrumbList","@id":"https:\/\/www.designenlassen.de\/blog\/ich-werde-auf-jeden-fall-auch-das-cover-fuer-jedes-weitere-buch-ueber-designenlassen-de-in-auftrag-geben-interview-mit-christine-lange\/#breadcrumb","itemListElement":[{"@type":"ListItem","position":1,"name":"Start","item":"https:\/\/www.designenlassen.de\/blog\/"},{"@type":"ListItem","position":2,"name":"&#8222;Ich werde auf jeden Fall auch das Cover f\u00fcr jedes weitere Buch \u00fcber designenlassen.de in Auftrag geben.&#8220; \u2013 Interview mit Christine Lange"}]},{"@type":"WebSite","@id":"https:\/\/www.designenlassen.de\/blog\/#website","url":"https:\/\/www.designenlassen.de\/blog\/","name":"designenlassen.de Blog","description":"Inspirationen, Tipps und Ideen f\u00fcr Designer sowie Gr\u00fcnder und Kleinbetriebe.","potentialAction":[{"@type":"SearchAction","target":{"@type":"EntryPoint","urlTemplate":"https:\/\/www.designenlassen.de\/blog\/?s={search_term_string}"},"query-input":{"@type":"PropertyValueSpecification","valueRequired":true,"valueName":"search_term_string"}}],"inLanguage":"de"},{"@type":"Person","@id":"https:\/\/www.designenlassen.de\/blog\/#\/schema\/person\/1e6e4a367ec0359155d5fbb01227c1ca","name":"Patrick Schady","image":{"@type":"ImageObject","inLanguage":"de","@id":"https:\/\/secure.gravatar.com\/avatar\/41cfafecfbfd30ee6bc4cc02dd530ef067050210239f1d60debda10ce9c038d7?s=96&d=mm&r=g","url":"https:\/\/secure.gravatar.com\/avatar\/41cfafecfbfd30ee6bc4cc02dd530ef067050210239f1d60debda10ce9c038d7?s=96&d=mm&r=g","contentUrl":"https:\/\/secure.gravatar.com\/avatar\/41cfafecfbfd30ee6bc4cc02dd530ef067050210239f1d60debda10ce9c038d7?s=96&d=mm&r=g","caption":"Patrick Schady"},"url":"https:\/\/www.designenlassen.de\/blog\/author\/patrick\/"}]}},"_links":{"self":[{"href":"https:\/\/www.designenlassen.de\/blog\/wp-json\/wp\/v2\/posts\/24765","targetHints":{"allow":["GET"]}}],"collection":[{"href":"https:\/\/www.designenlassen.de\/blog\/wp-json\/wp\/v2\/posts"}],"about":[{"href":"https:\/\/www.designenlassen.de\/blog\/wp-json\/wp\/v2\/types\/post"}],"author":[{"embeddable":true,"href":"https:\/\/www.designenlassen.de\/blog\/wp-json\/wp\/v2\/users\/24"}],"replies":[{"embeddable":true,"href":"https:\/\/www.designenlassen.de\/blog\/wp-json\/wp\/v2\/comments?post=24765"}],"version-history":[{"count":27,"href":"https:\/\/www.designenlassen.de\/blog\/wp-json\/wp\/v2\/posts\/24765\/revisions"}],"predecessor-version":[{"id":24836,"href":"https:\/\/www.designenlassen.de\/blog\/wp-json\/wp\/v2\/posts\/24765\/revisions\/24836"}],"wp:featuredmedia":[{"embeddable":true,"href":"https:\/\/www.designenlassen.de\/blog\/wp-json\/wp\/v2\/media\/24771"}],"wp:attachment":[{"href":"https:\/\/www.designenlassen.de\/blog\/wp-json\/wp\/v2\/media?parent=24765"}],"wp:term":[{"taxonomy":"category","embeddable":true,"href":"https:\/\/www.designenlassen.de\/blog\/wp-json\/wp\/v2\/categories?post=24765"},{"taxonomy":"post_tag","embeddable":true,"href":"https:\/\/www.designenlassen.de\/blog\/wp-json\/wp\/v2\/tags?post=24765"}],"curies":[{"name":"wp","href":"https:\/\/api.w.org\/{rel}","templated":true}]}}