{"id":25101,"date":"2021-10-14T11:00:00","date_gmt":"2021-10-14T09:00:00","guid":{"rendered":"https:\/\/www.designenlassen.de\/blog\/?p=25101"},"modified":"2023-04-28T09:46:42","modified_gmt":"2023-04-28T07:46:42","slug":"new-normal-und-home-office-der-arbeitsalltag-durchlebt-einen-tiefen-wandel","status":"publish","type":"post","link":"https:\/\/www.designenlassen.de\/blog\/new-normal-und-home-office-der-arbeitsalltag-durchlebt-einen-tiefen-wandel\/","title":{"rendered":"New Normal\u00a0und Home Office &#8211; der tiefe Wandel des Arbeitsalltags"},"content":{"rendered":"\n<p>Was lange fast undenkbar war, hat die Corona-Krise geschafft Home Office geh\u00f6rt f\u00fcr viele Menschen zum Arbeitsalltag und gilt als &#8222;Neue Normalit\u00e4t&#8220;, auch bekannt als&nbsp;New Normal. Nun stellt sich die Frage, wie Du mit Deinem Unternehmen vorgehen kannst, damit daraus ein dauerhafter Erfolg wird.<\/p>\n\n\n\n<figure class=\"wp-block-gallery has-nested-images columns-default is-cropped wp-block-gallery-1 is-layout-flex wp-block-gallery-is-layout-flex\">\n<figure class=\"wp-block-image size-large\"><img fetchpriority=\"high\" decoding=\"async\" width=\"1024\" height=\"683\" data-id=\"26332\" src=\"https:\/\/www.designenlassen.de\/blog\/wp-content\/uploads\/2021\/10\/designenlassen_blog_home-office-1024x683.jpg\" alt=\"Home Office\" class=\"wp-image-26332\" srcset=\"https:\/\/www.designenlassen.de\/blog\/wp-content\/uploads\/2021\/10\/designenlassen_blog_home-office-1024x683.jpg 1024w, https:\/\/www.designenlassen.de\/blog\/wp-content\/uploads\/2021\/10\/designenlassen_blog_home-office-300x200.jpg 300w, https:\/\/www.designenlassen.de\/blog\/wp-content\/uploads\/2021\/10\/designenlassen_blog_home-office-768x512.jpg 768w, https:\/\/www.designenlassen.de\/blog\/wp-content\/uploads\/2021\/10\/designenlassen_blog_home-office-1170x780.jpg 1170w, https:\/\/www.designenlassen.de\/blog\/wp-content\/uploads\/2021\/10\/designenlassen_blog_home-office-585x390.jpg 585w, https:\/\/www.designenlassen.de\/blog\/wp-content\/uploads\/2021\/10\/designenlassen_blog_home-office-600x400.jpg 600w, https:\/\/www.designenlassen.de\/blog\/wp-content\/uploads\/2021\/10\/designenlassen_blog_home-office.jpg 1500w\" sizes=\"(max-width: 1024px) 100vw, 1024px\" \/><\/figure>\n<\/figure>\n\n\n\n<h2 class=\"wp-block-heading\">Was ist unter&nbsp;New Normal&nbsp;zu verstehen?<\/h2>\n\n\n\n<p>Eine ver\u00e4nderte Work-Life-Balance ist schon seit mehreren Jahren ein Thema im Arbeits- und Wirtschaftsleben. Damit verbunden war auch immer der Wunsch von Arbeitnehmern, wenigstens teilweise zu Hause zu arbeiten, sofern ihr Job dies grunds\u00e4tzlich erlaubt. Die meisten Unternehmen waren jedoch aus verschiedenen Gr\u00fcnden dagegen, ihre Mitarbeiter ins Home Office zu schicken. Allerdings hat die Corona-Pandemie die Situation grundlegend ver\u00e4ndert. <br><br>Um das Ansteckungsrisiko im B\u00fcro zu verringern, haben viele Firmen ihren Mitarbeitern erlaubt, vom Home Office aus zu arbeiten bzw. sie wurden durch rechtliche Vorschriften dazu gezwungen. Was zun\u00e4chst als provisorische Ma\u00dfnahme gedacht war, hat sich aber nicht zuletzt durch die L\u00e4nge der Pandemie zur &#8222;Neuen Normalit\u00e4t&#8220; entwickelt. Man k\u00f6nnte auch sagen, es war ein ungewolltes, aber notwendiges Experiment, das letztendlich den digitalen Wandel im Arbeitsleben \u2013 und nicht nur da \u2013 beschleunigt hat.<br><br>Das&nbsp;New Normal&nbsp;hat sich mittlerweile in vielen Bereichen durchaus als praxistauglich erwiesen und wird von vielen Arbeitgebern und Arbeitnehmern gerne angenommen. Trotzdem ist die Diskussion dar\u00fcber, ob Home Office in jedem Fall eine gute L\u00f6sung darstellt, in vollem Gange. Endg\u00fcltig entschieden ist die Zukunft der Arbeitswelt also noch nicht.<\/p>\n\n\n\n<h2 class=\"wp-block-heading\">New Normal&nbsp;ist kein Selbstl\u00e4ufer<\/h2>\n\n\n\n<p>Bevor sich&nbsp;New Normal&nbsp;wirklich als normal durchsetzen kann, sind noch einige H\u00fcrden zu nehmen. Dazu z\u00e4hlen vor allem soziale und zahlreiche technische Komponenten. Was das Soziale angeht, ist die Arbeitnehmerschaft durchaus gespalten. Viele wollen gar nicht mehr ins B\u00fcro an ihren alten Arbeitsplatz zur\u00fcck, andere haben gro\u00dfe Probleme mit dem Home Office. Die technische Seite betrifft einerseits die Ausstattung des heimischen Arbeitsplatzes, andererseits und in hohem Ma\u00dfe die Sicherheit von IT-Infrastrukturen, wenn Mitarbeiter von vielen verschiedenen Orten aus auf das zentrale System ihres Unternehmens zugreifen. Zudem kommt gerade in l\u00e4ndlichen Gebieten teilweise der schlechte Internetausbau hinzu.<\/p>\n\n\n\n<h2 class=\"wp-block-heading\">Die soziale Komponente<\/h2>\n\n\n\n<p>Viele Arbeitnehmer haben durch die Erfahrungen w\u00e4hrend der Pandemie im Home Office festgestellt, dass sich durch die T\u00e4tigkeit zu Hause Beruf und Familienleben leichter gestalten lassen. Auf der anderen Seite hat ein gro\u00dfer Teil aber auch erlebt\u2013 das gilt besonders f\u00fcr berufst\u00e4tige Paare mit Kindern \u2013 wie schwer es ist, sich auf den Job zu konzentrieren, wenn der Nachwuchs permanent anwesend ist und besch\u00e4ftigt werden will. Kitas und Schulen waren lange geschlossen und \u00f6ffnen nur langsam wieder ihre Tore. Vor allem Kindern im Kita-Alter d\u00fcrfte es nur schwer zu erkl\u00e4ren gewesen sein, warum Mama und Papa pl\u00f6tzlich den ganzen Tag zu Hause sind, aber trotzdem ihre Zeit ben\u00f6tigen, um sich auf den Job zu konzentrieren.<br><br>Durch diese ungewohnten Abl\u00e4ufe verschwimmen f\u00fcr Arbeitnehmer die Grenzen zwischen Beruf und Freizeit, was zum Teil negativ wahrgenommen wird. Als negativ und belastend hat sich auch herausgestellt, dass h\u00e4ufig kein klares Arbeitsende gefunden, also nicht deutlich Feierabend gemacht wird. Arbeitszeiten dehnen sich aus, weil dann doch noch eine Mail gelesen und beantwortet oder ein &#8222;kurzes&#8220; Videotelefonat mit dem Teamleiter oder einem Kollegen erledigt wird.<br><br>Hier bist Du als Chef gefragt, eine klare Linie zu finden und diese gemeinsam mit Deinen Mitarbeiterinnen und Mitarbeitern umzusetzen. Also: Feierabend ist Feierabend, morgen geht es weiter. Ansonsten d\u00fcrfte es langfristig zu Unzufriedenheit und Frust kommen, was sich dann wohl letztendlich auf die Motivation und Produktivit\u00e4t auswirkt.<br><br>Ein weiterer Punkt ist, dass die Arbeit im Home Office viele direkte pers\u00f6nliche Kontakte abschneidet. Der Austausch mit Kollegen erfolgt nur noch \u00fcber Videokonferenzen. Der kurze Plausch an der Kaffeemaschine oder am Kopierer, die gemeinsame Mittagspause in der Kantine \u2013 all dies f\u00e4llt weg. Viele Menschen kommen damit nicht klar und leiden unter Vereinsamung. Die Aneinanderreihung von vielen digitalen Meetings kann zu mangelnder Konzentration und Ersch\u00f6pfungszust\u00e4nden f\u00fchren, was nat\u00fcrlich wiederum Einfluss auf Produktivit\u00e4t und Motivation hat. Hier muss die Zukunft zeigen, mit welchen Ma\u00dfnahmen man dem entgegensteuern kann.<br><br>Wenn Deine Mitarbeiter komplett oder zu einem \u00fcberwiegenden Teil im Home Office t\u00e4tig sind, wird es auch schwieriger, neue Arbeitskr\u00e4fte in das Team zu integrieren und ein pers\u00f6nliches Kennenlernen zu erm\u00f6glichen. Das erfordert viel Aufmerksamkeit, Fingerspitzengef\u00fchl, Geduld und Disziplin von allen Beteiligten, wenn die Eingliederung von neuen Kolleginnen und Kollegen gelingen soll.<\/p>\n\n\n\n<h2 class=\"wp-block-heading\">Die technische Komponente<\/h2>\n\n\n\n<p>Ein Teil der technischen Komponente von Home Office und&nbsp;New Normal&nbsp;ist die Ausstattung des Arbeitsplatzes im Haus oder in der Wohnung, zumal wenn in Familien und Partnerschaften beide Partner berufst\u00e4tig sind. Nicht jeder Deiner Mitarbeiter verf\u00fcgt \u00fcber so viel Platz, dass er sich einen eigenen B\u00fcroraum einrichten kann, wo ein ungest\u00f6rtes Arbeiten und Kommunizieren mit Kolleginnen und Kollegen, Kunden oder Lieferanten ohne weiteres m\u00f6glich ist.<br><br>Zudem sind einige Investitionen erforderlich, um den Arbeitsplatz ergonomisch zu gestalten. F\u00fcr die Anschaffung eines hochwertigen B\u00fcrostuhls und dazu passenden Schreibtisches muss man mit einer Summe zwischen 1.500 Euro und 2.000 Euro rechnen. Hinzu kommen technische Ger\u00e4te. Reicht ein gutes Notebook oder muss auch ein gro\u00dfer Monitor her? Wird ein Drucker oder Kopierer ben\u00f6tigt? Sind Internet und WLAN leistungsf\u00e4hig genug? Als Arbeitgeber ist es Deine Aufgabe, f\u00fcr eine angemessene Ausstattung zu sorgen. Das verursacht zun\u00e4chst nicht gerade geringe Kosten. Andererseits kannst Du langfristig \u2013 wenn sich&nbsp;New Normal&nbsp;f\u00fcr Deinen Betrieb als erfolgreich erweist \u2013 Deine Kosten f\u00fcr die B\u00fcromiete und die Ausstattung deutlich senken.<br><br>Eine besondere Brisanz hat im Zusammenhang mit der Arbeit im Home Office das Thema IT-Sicherheit gewonnen. Viele Mechanismen, die in der Unternehmensumgebung greifen, werden ausgehebelt. F\u00fcr Dich als Verantwortlichen bedeutet das, nicht nur technische Ma\u00dfnahmen zu ergreifen, sondern Deine Mitarbeiter f\u00fcr m\u00f6gliche Gef\u00e4hrdungen zu sensibilisieren, damit vertrauliche Daten nicht in die H\u00e4nde unbefugter Dritter gelangen. Mit jedem Home-Office-Arbeitsplatz und jedem f\u00fcr den Job genutzten privaten Ger\u00e4t ergibt sich eine weitere T\u00fcr, \u00fcber die Cyberkriminellen die M\u00f6glichkeit einer Attacke er\u00f6ffnet wird. Hier gilt es, sich mit Spezialisten f\u00fcr die IT-Security zusammenzusetzen und ein tragbares Konzept zu entwickeln, das die Risiken minimiert.<\/p>\n\n\n\n<h2 class=\"wp-block-heading\">New Normal&nbsp;und Outsourcing<\/h2>\n\n\n\n<p>New Normal&nbsp;wird wohl auch Schranken abbauen, was das Outsourcing bestimmter Arbeiten angeht. Wenn Du Gr\u00fcnder eines Startups bist oder ein kleines oder mittelst\u00e4ndisches Unternehmen leitest, k\u00f6nnen nicht alle Aufgaben von den Mitarbeiterinnen und Mitarbeitern in Deinem Betrieb \u00fcbernommen werden. Das betrifft zum Beispiel die Programmierung und Pflege Deiner Webseite, Dein Online Marketing auf Social Media Kan\u00e4len, die Erstellung von Content oder das <a href=\"https:\/\/www.designenlassen.de\/blog\/logo-entwicklung-leicht-gemacht-8-aspekte-die-man-unbedingt-beachten-sollte\/\">Design Deines Logos<\/a> und <a href=\"https:\/\/www.designenlassen.de\/blog\/corporate-design-worauf-musst-du-beim-erscheinungsbild-deines-unternehmens-achten\/\">Deiner gesamten Corporate Identity<\/a>.<br><br>Die meisten Freelancer in diesen Bereichen arbeiten schon immer von zu Hause oder einem anderen, beliebigen Ort aus und kommunizieren mit ihren Kunden vorwiegend \u00fcber das Internet. Denn es ist f\u00fcr sie und ihre Auftraggeber nicht relevant, von wo aus sie arbeiten, so lange das Ergebnis stimmt und rechtzeitig geliefert wird. Das ist aber dank der Digitalisierung des Berufsalltags heute \u00fcberhaupt kein Problem mehr.<br><br>Wenn aus einem Auftrag dann eine l\u00e4ngere Zusammenarbeit entsteht, hast Du Dir praktisch einen Experten f\u00fcr Texte, Design oder Programmierung ins Team geholt, ohne dass daraus ein festes Arbeitsverh\u00e4ltnis wird. Davon profitieren letztendlich beide Seiten. Du sparst einiges an Personalkosten, w\u00e4hrend der Freelancer sich seine Freiheiten bez\u00fcglich Arbeitseinteilung und Arbeitsort bewahrt.<\/p>\n\n\n\n<h2 class=\"wp-block-heading\">Die Kultur des&nbsp;New Normal&nbsp;steckt noch in den Kinderschuhen<\/h2>\n\n\n\n<p>Damit eine digitale Arbeitskultur entstehen kann, bei der Produktivit\u00e4t und Leistungsf\u00e4higkeit nicht leiden und pers\u00f6nliche Kontakte zwischen Kollegen, zwischen Mitarbeitern und Vorgesetzten einen m\u00f6glichst breiten Raum einnehmen k\u00f6nnen, m\u00fcssen noch viele Erfahrungen gesammelt werden. Das erfordert eine sensible und konsequente Auseinandersetzung mit der eigenen Wahrnehmung und dem individuellen Kommunikationsverhalten. <\/p>\n\n\n\n<p>Die Umgew\u00f6hnung von &#8222;Nine-to-five&#8220; auf flexible Arbeitsmodelle mit viel Home Office und deutlich weniger Pr\u00e4senzzeiten in der Unternehmensumgebung ist nicht von heute auf morgen hundertprozentig umsetzbar. Das erfordert von allen Beteiligten ein neues Denken und Handeln, ein anderes Bewusstsein von Teamverantwortlichkeit, Erreichbarkeit, Verbindlichkeit und Kommunikationsweisen. Dabei sind nicht nur Gesch\u00e4ftsleitungen und F\u00fchrungskr\u00e4fte gefragt, sondern jeder einzelne Mitarbeiter. Die Betonung bei&nbsp;New Normal&nbsp;liegt derzeit noch auf dem &#8222;New&#8220;, dem Neuen. Damit das &#8222;New&#8220; irgendwann einmal wegfallen kann und die derzeitigen, Corona-bedingten Arbeitsmodelle einfach nur noch das &#8222;Normal&#8220; sind, bleibt noch einiges zu tun.<\/p>\n\n\n\n<h2 class=\"wp-block-heading\">\u00c4hnliche Themen<\/h2>\n\n\n\n<p><a href=\"https:\/\/www.designenlassen.de\/blog\/workspace-feng-shui\/\">Workspace Feng Shui<\/a><\/p>\n\n\n\n<p><a href=\"https:\/\/www.designenlassen.de\/blog\/familie-und-beruf-als-designer-vereinbaren-ein-ding-der-unmoeglichkeit\/\">Familie und Beruf als Designer vereinbaren, ein Ding der Unm\u00f6glichkeit?<\/a><\/p>\n\n\n\n<p>Bildquelle: \u00a9\u00a0master1305 \/ freepik.com<\/p>\n","protected":false},"excerpt":{"rendered":"<p>Was lange fast undenkbar war, hat die Corona-Krise geschafft Home Office geh\u00f6rt f\u00fcr viele Menschen zum&hellip;<\/p>\n","protected":false},"author":24,"featured_media":26332,"comment_status":"open","ping_status":"open","sticky":false,"template":"","format":"standard","meta":{"_lmt_disableupdate":"","_lmt_disable":"","footnotes":""},"categories":[1,41],"tags":[],"class_list":["post-25101","post","type-post","status-publish","format-standard","has-post-thumbnail","hentry","category-allgemein","category-tipps-tricks"],"yoast_head":"<!-- This site is optimized with the Yoast SEO plugin v27.5 - https:\/\/yoast.com\/product\/yoast-seo-wordpress\/ -->\n<title>New Normal\u00a0und Home Office - der Arbeitsalltag durchlebt einen tiefen Wandel<\/title>\n<meta name=\"description\" content=\"Bedingt durch die Corona-Krise geh\u00f6rt Home Office zum Arbeitsalltag und gilt als &quot;Neue Normalit\u00e4t&quot;. Erfahre hier mehr zu New Normal.\" \/>\n<meta name=\"robots\" content=\"index, follow, max-snippet:-1, max-image-preview:large, max-video-preview:-1\" \/>\n<link rel=\"canonical\" href=\"https:\/\/www.designenlassen.de\/blog\/new-normal-und-home-office-der-arbeitsalltag-durchlebt-einen-tiefen-wandel\/\" \/>\n<meta property=\"og:locale\" content=\"de_DE\" \/>\n<meta property=\"og:type\" content=\"article\" \/>\n<meta property=\"og:title\" content=\"New Normal\u00a0und Home Office - der Arbeitsalltag durchlebt einen tiefen Wandel\" \/>\n<meta property=\"og:description\" content=\"Bedingt durch die Corona-Krise geh\u00f6rt Home Office zum Arbeitsalltag und gilt als &quot;Neue Normalit\u00e4t&quot;. Erfahre hier mehr zu New Normal.\" \/>\n<meta property=\"og:url\" content=\"https:\/\/www.designenlassen.de\/blog\/new-normal-und-home-office-der-arbeitsalltag-durchlebt-einen-tiefen-wandel\/\" \/>\n<meta property=\"og:site_name\" content=\"designenlassen.de Blog\" \/>\n<meta property=\"article:published_time\" content=\"2021-10-14T09:00:00+00:00\" \/>\n<meta property=\"article:modified_time\" content=\"2023-04-28T07:46:42+00:00\" \/>\n<meta property=\"og:image\" content=\"https:\/\/www.designenlassen.de\/blog\/wp-content\/uploads\/2021\/10\/designenlassen_blog_home-office.jpg\" \/>\n\t<meta property=\"og:image:width\" content=\"1500\" \/>\n\t<meta property=\"og:image:height\" content=\"1000\" \/>\n\t<meta property=\"og:image:type\" content=\"image\/jpeg\" \/>\n<meta name=\"author\" content=\"Patrick Schady\" \/>\n<meta name=\"twitter:card\" content=\"summary_large_image\" \/>\n<meta name=\"twitter:label1\" content=\"Verfasst von\" \/>\n\t<meta name=\"twitter:data1\" content=\"Patrick Schady\" \/>\n\t<meta name=\"twitter:label2\" content=\"Gesch\u00e4tzte Lesezeit\" \/>\n\t<meta name=\"twitter:data2\" content=\"8\u00a0Minuten\" \/>\n<script type=\"application\/ld+json\" class=\"yoast-schema-graph\">{\"@context\":\"https:\\\/\\\/schema.org\",\"@graph\":[{\"@type\":\"Article\",\"@id\":\"https:\\\/\\\/www.designenlassen.de\\\/blog\\\/new-normal-und-home-office-der-arbeitsalltag-durchlebt-einen-tiefen-wandel\\\/#article\",\"isPartOf\":{\"@id\":\"https:\\\/\\\/www.designenlassen.de\\\/blog\\\/new-normal-und-home-office-der-arbeitsalltag-durchlebt-einen-tiefen-wandel\\\/\"},\"author\":{\"name\":\"Patrick Schady\",\"@id\":\"https:\\\/\\\/www.designenlassen.de\\\/blog\\\/#\\\/schema\\\/person\\\/1e6e4a367ec0359155d5fbb01227c1ca\"},\"headline\":\"New Normal\u00a0und Home Office &#8211; der tiefe Wandel des Arbeitsalltags\",\"datePublished\":\"2021-10-14T09:00:00+00:00\",\"dateModified\":\"2023-04-28T07:46:42+00:00\",\"mainEntityOfPage\":{\"@id\":\"https:\\\/\\\/www.designenlassen.de\\\/blog\\\/new-normal-und-home-office-der-arbeitsalltag-durchlebt-einen-tiefen-wandel\\\/\"},\"wordCount\":1465,\"commentCount\":0,\"image\":{\"@id\":\"https:\\\/\\\/www.designenlassen.de\\\/blog\\\/new-normal-und-home-office-der-arbeitsalltag-durchlebt-einen-tiefen-wandel\\\/#primaryimage\"},\"thumbnailUrl\":\"https:\\\/\\\/www.designenlassen.de\\\/blog\\\/wp-content\\\/uploads\\\/2021\\\/10\\\/designenlassen_blog_home-office.jpg\",\"articleSection\":{\"1\":\"Tipps &amp; Tricks\"},\"inLanguage\":\"de\",\"potentialAction\":[{\"@type\":\"CommentAction\",\"name\":\"Comment\",\"target\":[\"https:\\\/\\\/www.designenlassen.de\\\/blog\\\/new-normal-und-home-office-der-arbeitsalltag-durchlebt-einen-tiefen-wandel\\\/#respond\"]}]},{\"@type\":\"WebPage\",\"@id\":\"https:\\\/\\\/www.designenlassen.de\\\/blog\\\/new-normal-und-home-office-der-arbeitsalltag-durchlebt-einen-tiefen-wandel\\\/\",\"url\":\"https:\\\/\\\/www.designenlassen.de\\\/blog\\\/new-normal-und-home-office-der-arbeitsalltag-durchlebt-einen-tiefen-wandel\\\/\",\"name\":\"New Normal\u00a0und Home Office - der Arbeitsalltag durchlebt einen tiefen Wandel\",\"isPartOf\":{\"@id\":\"https:\\\/\\\/www.designenlassen.de\\\/blog\\\/#website\"},\"primaryImageOfPage\":{\"@id\":\"https:\\\/\\\/www.designenlassen.de\\\/blog\\\/new-normal-und-home-office-der-arbeitsalltag-durchlebt-einen-tiefen-wandel\\\/#primaryimage\"},\"image\":{\"@id\":\"https:\\\/\\\/www.designenlassen.de\\\/blog\\\/new-normal-und-home-office-der-arbeitsalltag-durchlebt-einen-tiefen-wandel\\\/#primaryimage\"},\"thumbnailUrl\":\"https:\\\/\\\/www.designenlassen.de\\\/blog\\\/wp-content\\\/uploads\\\/2021\\\/10\\\/designenlassen_blog_home-office.jpg\",\"datePublished\":\"2021-10-14T09:00:00+00:00\",\"dateModified\":\"2023-04-28T07:46:42+00:00\",\"author\":{\"@id\":\"https:\\\/\\\/www.designenlassen.de\\\/blog\\\/#\\\/schema\\\/person\\\/1e6e4a367ec0359155d5fbb01227c1ca\"},\"description\":\"Bedingt durch die Corona-Krise geh\u00f6rt Home Office zum Arbeitsalltag und gilt als \\\"Neue Normalit\u00e4t\\\". Erfahre hier mehr zu New Normal.\",\"breadcrumb\":{\"@id\":\"https:\\\/\\\/www.designenlassen.de\\\/blog\\\/new-normal-und-home-office-der-arbeitsalltag-durchlebt-einen-tiefen-wandel\\\/#breadcrumb\"},\"inLanguage\":\"de\",\"potentialAction\":[{\"@type\":\"ReadAction\",\"target\":[\"https:\\\/\\\/www.designenlassen.de\\\/blog\\\/new-normal-und-home-office-der-arbeitsalltag-durchlebt-einen-tiefen-wandel\\\/\"]}]},{\"@type\":\"ImageObject\",\"inLanguage\":\"de\",\"@id\":\"https:\\\/\\\/www.designenlassen.de\\\/blog\\\/new-normal-und-home-office-der-arbeitsalltag-durchlebt-einen-tiefen-wandel\\\/#primaryimage\",\"url\":\"https:\\\/\\\/www.designenlassen.de\\\/blog\\\/wp-content\\\/uploads\\\/2021\\\/10\\\/designenlassen_blog_home-office.jpg\",\"contentUrl\":\"https:\\\/\\\/www.designenlassen.de\\\/blog\\\/wp-content\\\/uploads\\\/2021\\\/10\\\/designenlassen_blog_home-office.jpg\",\"width\":1500,\"height\":1000,\"caption\":\"Home Office\"},{\"@type\":\"BreadcrumbList\",\"@id\":\"https:\\\/\\\/www.designenlassen.de\\\/blog\\\/new-normal-und-home-office-der-arbeitsalltag-durchlebt-einen-tiefen-wandel\\\/#breadcrumb\",\"itemListElement\":[{\"@type\":\"ListItem\",\"position\":1,\"name\":\"Start\",\"item\":\"https:\\\/\\\/www.designenlassen.de\\\/blog\\\/\"},{\"@type\":\"ListItem\",\"position\":2,\"name\":\"New Normal\u00a0und Home Office &#8211; der tiefe Wandel des Arbeitsalltags\"}]},{\"@type\":\"WebSite\",\"@id\":\"https:\\\/\\\/www.designenlassen.de\\\/blog\\\/#website\",\"url\":\"https:\\\/\\\/www.designenlassen.de\\\/blog\\\/\",\"name\":\"designenlassen.de Blog\",\"description\":\"Inspirationen, Tipps und Ideen f\u00fcr Designer sowie Gr\u00fcnder und Kleinbetriebe.\",\"potentialAction\":[{\"@type\":\"SearchAction\",\"target\":{\"@type\":\"EntryPoint\",\"urlTemplate\":\"https:\\\/\\\/www.designenlassen.de\\\/blog\\\/?s={search_term_string}\"},\"query-input\":{\"@type\":\"PropertyValueSpecification\",\"valueRequired\":true,\"valueName\":\"search_term_string\"}}],\"inLanguage\":\"de\"},{\"@type\":\"Person\",\"@id\":\"https:\\\/\\\/www.designenlassen.de\\\/blog\\\/#\\\/schema\\\/person\\\/1e6e4a367ec0359155d5fbb01227c1ca\",\"name\":\"Patrick Schady\",\"image\":{\"@type\":\"ImageObject\",\"inLanguage\":\"de\",\"@id\":\"https:\\\/\\\/secure.gravatar.com\\\/avatar\\\/41cfafecfbfd30ee6bc4cc02dd530ef067050210239f1d60debda10ce9c038d7?s=96&d=mm&r=g\",\"url\":\"https:\\\/\\\/secure.gravatar.com\\\/avatar\\\/41cfafecfbfd30ee6bc4cc02dd530ef067050210239f1d60debda10ce9c038d7?s=96&d=mm&r=g\",\"contentUrl\":\"https:\\\/\\\/secure.gravatar.com\\\/avatar\\\/41cfafecfbfd30ee6bc4cc02dd530ef067050210239f1d60debda10ce9c038d7?s=96&d=mm&r=g\",\"caption\":\"Patrick Schady\"},\"url\":\"https:\\\/\\\/www.designenlassen.de\\\/blog\\\/author\\\/patrick\\\/\"}]}<\/script>\n<!-- \/ Yoast SEO plugin. -->","yoast_head_json":{"title":"New Normal\u00a0und Home Office - der Arbeitsalltag durchlebt einen tiefen Wandel","description":"Bedingt durch die Corona-Krise geh\u00f6rt Home Office zum Arbeitsalltag und gilt als \"Neue Normalit\u00e4t\". Erfahre hier mehr zu New Normal.","robots":{"index":"index","follow":"follow","max-snippet":"max-snippet:-1","max-image-preview":"max-image-preview:large","max-video-preview":"max-video-preview:-1"},"canonical":"https:\/\/www.designenlassen.de\/blog\/new-normal-und-home-office-der-arbeitsalltag-durchlebt-einen-tiefen-wandel\/","og_locale":"de_DE","og_type":"article","og_title":"New Normal\u00a0und Home Office - der Arbeitsalltag durchlebt einen tiefen Wandel","og_description":"Bedingt durch die Corona-Krise geh\u00f6rt Home Office zum Arbeitsalltag und gilt als \"Neue Normalit\u00e4t\". Erfahre hier mehr zu New Normal.","og_url":"https:\/\/www.designenlassen.de\/blog\/new-normal-und-home-office-der-arbeitsalltag-durchlebt-einen-tiefen-wandel\/","og_site_name":"designenlassen.de Blog","article_published_time":"2021-10-14T09:00:00+00:00","article_modified_time":"2023-04-28T07:46:42+00:00","og_image":[{"width":1500,"height":1000,"url":"https:\/\/www.designenlassen.de\/blog\/wp-content\/uploads\/2021\/10\/designenlassen_blog_home-office.jpg","type":"image\/jpeg"}],"author":"Patrick Schady","twitter_card":"summary_large_image","twitter_misc":{"Verfasst von":"Patrick Schady","Gesch\u00e4tzte Lesezeit":"8\u00a0Minuten"},"schema":{"@context":"https:\/\/schema.org","@graph":[{"@type":"Article","@id":"https:\/\/www.designenlassen.de\/blog\/new-normal-und-home-office-der-arbeitsalltag-durchlebt-einen-tiefen-wandel\/#article","isPartOf":{"@id":"https:\/\/www.designenlassen.de\/blog\/new-normal-und-home-office-der-arbeitsalltag-durchlebt-einen-tiefen-wandel\/"},"author":{"name":"Patrick Schady","@id":"https:\/\/www.designenlassen.de\/blog\/#\/schema\/person\/1e6e4a367ec0359155d5fbb01227c1ca"},"headline":"New Normal\u00a0und Home Office &#8211; der tiefe Wandel des Arbeitsalltags","datePublished":"2021-10-14T09:00:00+00:00","dateModified":"2023-04-28T07:46:42+00:00","mainEntityOfPage":{"@id":"https:\/\/www.designenlassen.de\/blog\/new-normal-und-home-office-der-arbeitsalltag-durchlebt-einen-tiefen-wandel\/"},"wordCount":1465,"commentCount":0,"image":{"@id":"https:\/\/www.designenlassen.de\/blog\/new-normal-und-home-office-der-arbeitsalltag-durchlebt-einen-tiefen-wandel\/#primaryimage"},"thumbnailUrl":"https:\/\/www.designenlassen.de\/blog\/wp-content\/uploads\/2021\/10\/designenlassen_blog_home-office.jpg","articleSection":{"1":"Tipps &amp; Tricks"},"inLanguage":"de","potentialAction":[{"@type":"CommentAction","name":"Comment","target":["https:\/\/www.designenlassen.de\/blog\/new-normal-und-home-office-der-arbeitsalltag-durchlebt-einen-tiefen-wandel\/#respond"]}]},{"@type":"WebPage","@id":"https:\/\/www.designenlassen.de\/blog\/new-normal-und-home-office-der-arbeitsalltag-durchlebt-einen-tiefen-wandel\/","url":"https:\/\/www.designenlassen.de\/blog\/new-normal-und-home-office-der-arbeitsalltag-durchlebt-einen-tiefen-wandel\/","name":"New Normal\u00a0und Home Office - der Arbeitsalltag durchlebt einen tiefen Wandel","isPartOf":{"@id":"https:\/\/www.designenlassen.de\/blog\/#website"},"primaryImageOfPage":{"@id":"https:\/\/www.designenlassen.de\/blog\/new-normal-und-home-office-der-arbeitsalltag-durchlebt-einen-tiefen-wandel\/#primaryimage"},"image":{"@id":"https:\/\/www.designenlassen.de\/blog\/new-normal-und-home-office-der-arbeitsalltag-durchlebt-einen-tiefen-wandel\/#primaryimage"},"thumbnailUrl":"https:\/\/www.designenlassen.de\/blog\/wp-content\/uploads\/2021\/10\/designenlassen_blog_home-office.jpg","datePublished":"2021-10-14T09:00:00+00:00","dateModified":"2023-04-28T07:46:42+00:00","author":{"@id":"https:\/\/www.designenlassen.de\/blog\/#\/schema\/person\/1e6e4a367ec0359155d5fbb01227c1ca"},"description":"Bedingt durch die Corona-Krise geh\u00f6rt Home Office zum Arbeitsalltag und gilt als \"Neue Normalit\u00e4t\". Erfahre hier mehr zu New Normal.","breadcrumb":{"@id":"https:\/\/www.designenlassen.de\/blog\/new-normal-und-home-office-der-arbeitsalltag-durchlebt-einen-tiefen-wandel\/#breadcrumb"},"inLanguage":"de","potentialAction":[{"@type":"ReadAction","target":["https:\/\/www.designenlassen.de\/blog\/new-normal-und-home-office-der-arbeitsalltag-durchlebt-einen-tiefen-wandel\/"]}]},{"@type":"ImageObject","inLanguage":"de","@id":"https:\/\/www.designenlassen.de\/blog\/new-normal-und-home-office-der-arbeitsalltag-durchlebt-einen-tiefen-wandel\/#primaryimage","url":"https:\/\/www.designenlassen.de\/blog\/wp-content\/uploads\/2021\/10\/designenlassen_blog_home-office.jpg","contentUrl":"https:\/\/www.designenlassen.de\/blog\/wp-content\/uploads\/2021\/10\/designenlassen_blog_home-office.jpg","width":1500,"height":1000,"caption":"Home Office"},{"@type":"BreadcrumbList","@id":"https:\/\/www.designenlassen.de\/blog\/new-normal-und-home-office-der-arbeitsalltag-durchlebt-einen-tiefen-wandel\/#breadcrumb","itemListElement":[{"@type":"ListItem","position":1,"name":"Start","item":"https:\/\/www.designenlassen.de\/blog\/"},{"@type":"ListItem","position":2,"name":"New Normal\u00a0und Home Office &#8211; der tiefe Wandel des Arbeitsalltags"}]},{"@type":"WebSite","@id":"https:\/\/www.designenlassen.de\/blog\/#website","url":"https:\/\/www.designenlassen.de\/blog\/","name":"designenlassen.de Blog","description":"Inspirationen, Tipps und Ideen f\u00fcr Designer sowie Gr\u00fcnder und Kleinbetriebe.","potentialAction":[{"@type":"SearchAction","target":{"@type":"EntryPoint","urlTemplate":"https:\/\/www.designenlassen.de\/blog\/?s={search_term_string}"},"query-input":{"@type":"PropertyValueSpecification","valueRequired":true,"valueName":"search_term_string"}}],"inLanguage":"de"},{"@type":"Person","@id":"https:\/\/www.designenlassen.de\/blog\/#\/schema\/person\/1e6e4a367ec0359155d5fbb01227c1ca","name":"Patrick Schady","image":{"@type":"ImageObject","inLanguage":"de","@id":"https:\/\/secure.gravatar.com\/avatar\/41cfafecfbfd30ee6bc4cc02dd530ef067050210239f1d60debda10ce9c038d7?s=96&d=mm&r=g","url":"https:\/\/secure.gravatar.com\/avatar\/41cfafecfbfd30ee6bc4cc02dd530ef067050210239f1d60debda10ce9c038d7?s=96&d=mm&r=g","contentUrl":"https:\/\/secure.gravatar.com\/avatar\/41cfafecfbfd30ee6bc4cc02dd530ef067050210239f1d60debda10ce9c038d7?s=96&d=mm&r=g","caption":"Patrick Schady"},"url":"https:\/\/www.designenlassen.de\/blog\/author\/patrick\/"}]}},"_links":{"self":[{"href":"https:\/\/www.designenlassen.de\/blog\/wp-json\/wp\/v2\/posts\/25101","targetHints":{"allow":["GET"]}}],"collection":[{"href":"https:\/\/www.designenlassen.de\/blog\/wp-json\/wp\/v2\/posts"}],"about":[{"href":"https:\/\/www.designenlassen.de\/blog\/wp-json\/wp\/v2\/types\/post"}],"author":[{"embeddable":true,"href":"https:\/\/www.designenlassen.de\/blog\/wp-json\/wp\/v2\/users\/24"}],"replies":[{"embeddable":true,"href":"https:\/\/www.designenlassen.de\/blog\/wp-json\/wp\/v2\/comments?post=25101"}],"version-history":[{"count":36,"href":"https:\/\/www.designenlassen.de\/blog\/wp-json\/wp\/v2\/posts\/25101\/revisions"}],"predecessor-version":[{"id":26334,"href":"https:\/\/www.designenlassen.de\/blog\/wp-json\/wp\/v2\/posts\/25101\/revisions\/26334"}],"wp:featuredmedia":[{"embeddable":true,"href":"https:\/\/www.designenlassen.de\/blog\/wp-json\/wp\/v2\/media\/26332"}],"wp:attachment":[{"href":"https:\/\/www.designenlassen.de\/blog\/wp-json\/wp\/v2\/media?parent=25101"}],"wp:term":[{"taxonomy":"category","embeddable":true,"href":"https:\/\/www.designenlassen.de\/blog\/wp-json\/wp\/v2\/categories?post=25101"},{"taxonomy":"post_tag","embeddable":true,"href":"https:\/\/www.designenlassen.de\/blog\/wp-json\/wp\/v2\/tags?post=25101"}],"curies":[{"name":"wp","href":"https:\/\/api.w.org\/{rel}","templated":true}]}}