{"id":26586,"date":"2025-12-16T08:58:00","date_gmt":"2025-12-16T06:58:00","guid":{"rendered":"https:\/\/www.designenlassen.de\/blog\/?p=26586"},"modified":"2025-12-17T12:13:20","modified_gmt":"2025-12-17T10:13:20","slug":"verpackungsdesign-alles-was-du-wissen-musst","status":"publish","type":"post","link":"https:\/\/www.designenlassen.de\/blog\/verpackungsdesign-alles-was-du-wissen-musst\/","title":{"rendered":"Verpackungsdesign: Alles, was Du 2026 wissen musst &#8211; mit 49 Beispielen"},"content":{"rendered":"\n<figure class=\"wp-block-image size-full\"><img fetchpriority=\"high\" decoding=\"async\" width=\"1000\" height=\"750\" src=\"https:\/\/www.designenlassen.de\/blog\/wp-content\/uploads\/2023\/05\/Produktverpackung-Einzigartigkeit-Matcha-Tee-191953-edited.jpg\" alt=\"Produktverpackung-Einzigartigkeit-Matcha-Tee-191953\" class=\"wp-image-26590\" srcset=\"https:\/\/www.designenlassen.de\/blog\/wp-content\/uploads\/2023\/05\/Produktverpackung-Einzigartigkeit-Matcha-Tee-191953-edited.jpg 1000w, https:\/\/www.designenlassen.de\/blog\/wp-content\/uploads\/2023\/05\/Produktverpackung-Einzigartigkeit-Matcha-Tee-191953-edited-300x225.jpg 300w, https:\/\/www.designenlassen.de\/blog\/wp-content\/uploads\/2023\/05\/Produktverpackung-Einzigartigkeit-Matcha-Tee-191953-edited-768x576.jpg 768w\" sizes=\"(max-width: 1000px) 100vw, 1000px\" \/><\/figure>\n\n\n\n<p>Kaum betritt man den Laden begegnet uns ein Meer an eckige Schachtel und kleine Verpackungen jeder Art. Die Regale sind voll, die Auswahl riesig, doch nicht jedes Produkt entpuppt sich zum Kassenschlager. Das <strong>Verpackungsdesign spielt eine immens wichtige Rolle<\/strong>, ob ein Produkt zum Erfolgsgarant wird oder nicht.<\/p>\n\n\n\n<p><strong>Wie Du eine fesselnde Verpackung designen kannst und was Du unbedingt \u00fcber Produktverpackungen wissen musst, verraten wir Dir in diesem Blog-Beitrag.<\/strong><\/p>\n\n\n\n\n\n<h2 class=\"wp-block-heading\">Was versteht man unter Verpackungsdesign?<\/h2>\n\n\n\n<p>Verpackungsdesign k\u00fcmmert sich um die Gestaltung und Entwicklung von Verpackungen f\u00fcr verschiedene Produkte. Es umfasst sowohl die \u00e4sthetischen als auch die funktionalen Aspekte einer Verpackung, einschlie\u00dflich<\/p>\n\n\n\n<ul class=\"wp-block-list\">\n<li>Form<\/li>\n\n\n\n<li>Farbe<\/li>\n\n\n\n<li>Materialien<\/li>\n\n\n\n<li>Grafiken<\/li>\n\n\n\n<li>Schriftarten<\/li>\n<\/ul>\n\n\n\n<p>Ziel des Verpackungsdesigns ist es, ein ansprechendes Erscheinungsbild zu schaffen, das die Aufmerksamkeit der Verbraucher auf sich zieht, gleichzeitig aber auch die Sicherheit, den Schutz und die Haltbarkeit des Produkts zu gew\u00e4hrleisten. Dar\u00fcber hinaus spielt Verpackungsdesign eine wichtige Rolle beim Transport, der Lagerung und der Pr\u00e4sentation von Waren im Einzelhandel.<\/p>\n\n\n\n<div style=\"height:24px\" aria-hidden=\"true\" class=\"wp-block-spacer\"><\/div>\n\n\n\n<h2 class=\"wp-block-heading\">Wieso ist ein gutes Verpackungsdesign so wichtig?<\/h2>\n\n\n\n<p>Ein auff\u00e4lliges und ansprechendes Verpackungsdesign kann die Aufmerksamkeit des Kunden auf sich ziehen und ihn dazu ermutigen, das Produkt auszuprobieren. Laut einer Studie von <a href=\"https:\/\/www.nielsen.com\/de\/insights\/2023\/need-for-consistent-measurement-2023-nielsen-annual-marketing-report\/\">Nielsen<\/a> beeinflusst das Verpackungsdesign die <strong>Kaufentscheidung bei 64% der Kunden<\/strong>, insbesondere bei Neuprodukten.<\/p>\n\n\n\n<p>Ferner tr\u00e4gt ein gutes Verpackungsdesign dazu bei, das Image eines Produkts oder einer Marke zu verbessern. Einzigartig gestaltete Verpackung vermitteln das Gef\u00fchl von Qualit\u00e4t, Professionalit\u00e4t und Kreativit\u00e4t. Dadurch wird der USP sowie das Vertrauen in die Marke gest\u00e4rkt, was dem Unternehmen erlaubt h\u00f6here Preise f\u00fcr sein Produkt aufzurufen.<\/p>\n\n\n\n<p>Neben der Steigerung des Verkaufspotenzials, l\u00e4sst sich auch die Funktionalit\u00e4t des Produkts mit einer guten Verpackung verbessern. Eine Verpackung, die gut gestaltet und leicht zu \u00f6ffnen ist, sorgt f\u00fcr ein positives Produkterlebnis und erh\u00f6ht die Wahrscheinlichkeit, dass der Kunde das Produkt wieder kauft.<\/p>\n\n\n\n<div style=\"height:21px\" aria-hidden=\"true\" class=\"wp-block-spacer\"><\/div>\n\n\n\n<figure class=\"wp-block-gallery has-nested-images columns-2 is-cropped wp-block-gallery-1 is-layout-flex wp-block-gallery-is-layout-flex\">\n<figure class=\"wp-block-image size-large\"><img decoding=\"async\" width=\"1024\" height=\"1024\" data-id=\"34170\" src=\"https:\/\/www.designenlassen.de\/blog\/wp-content\/uploads\/2023\/05\/verpackungen_2_432522-1024x1024.jpg\" alt=\"\" class=\"wp-image-34170\" srcset=\"https:\/\/www.designenlassen.de\/blog\/wp-content\/uploads\/2023\/05\/verpackungen_2_432522-1024x1024.jpg 1024w, https:\/\/www.designenlassen.de\/blog\/wp-content\/uploads\/2023\/05\/verpackungen_2_432522-300x300.jpg 300w, https:\/\/www.designenlassen.de\/blog\/wp-content\/uploads\/2023\/05\/verpackungen_2_432522-150x150.jpg 150w, https:\/\/www.designenlassen.de\/blog\/wp-content\/uploads\/2023\/05\/verpackungen_2_432522-768x768.jpg 768w, https:\/\/www.designenlassen.de\/blog\/wp-content\/uploads\/2023\/05\/verpackungen_2_432522-1536x1536.jpg 1536w, https:\/\/www.designenlassen.de\/blog\/wp-content\/uploads\/2023\/05\/verpackungen_2_432522-2048x2048.jpg 2048w, https:\/\/www.designenlassen.de\/blog\/wp-content\/uploads\/2023\/05\/verpackungen_2_432522-1920x1920.jpg 1920w, https:\/\/www.designenlassen.de\/blog\/wp-content\/uploads\/2023\/05\/verpackungen_2_432522-1170x1170.jpg 1170w, https:\/\/www.designenlassen.de\/blog\/wp-content\/uploads\/2023\/05\/verpackungen_2_432522-585x585.jpg 585w\" sizes=\"(max-width: 1024px) 100vw, 1024px\" \/><\/figure>\n\n\n\n<figure class=\"wp-block-image size-large\"><img decoding=\"async\" width=\"1024\" height=\"1024\" data-id=\"34169\" src=\"https:\/\/www.designenlassen.de\/blog\/wp-content\/uploads\/2023\/05\/tragetasche-fuer-kartoffeln-gesucht_99_392462-1024x1024.jpg\" alt=\"\" class=\"wp-image-34169\" srcset=\"https:\/\/www.designenlassen.de\/blog\/wp-content\/uploads\/2023\/05\/tragetasche-fuer-kartoffeln-gesucht_99_392462-1024x1024.jpg 1024w, https:\/\/www.designenlassen.de\/blog\/wp-content\/uploads\/2023\/05\/tragetasche-fuer-kartoffeln-gesucht_99_392462-300x300.jpg 300w, https:\/\/www.designenlassen.de\/blog\/wp-content\/uploads\/2023\/05\/tragetasche-fuer-kartoffeln-gesucht_99_392462-150x150.jpg 150w, https:\/\/www.designenlassen.de\/blog\/wp-content\/uploads\/2023\/05\/tragetasche-fuer-kartoffeln-gesucht_99_392462-768x768.jpg 768w, https:\/\/www.designenlassen.de\/blog\/wp-content\/uploads\/2023\/05\/tragetasche-fuer-kartoffeln-gesucht_99_392462-1536x1536.jpg 1536w, https:\/\/www.designenlassen.de\/blog\/wp-content\/uploads\/2023\/05\/tragetasche-fuer-kartoffeln-gesucht_99_392462-2048x2048.jpg 2048w, https:\/\/www.designenlassen.de\/blog\/wp-content\/uploads\/2023\/05\/tragetasche-fuer-kartoffeln-gesucht_99_392462-1920x1920.jpg 1920w, https:\/\/www.designenlassen.de\/blog\/wp-content\/uploads\/2023\/05\/tragetasche-fuer-kartoffeln-gesucht_99_392462-1170x1170.jpg 1170w, https:\/\/www.designenlassen.de\/blog\/wp-content\/uploads\/2023\/05\/tragetasche-fuer-kartoffeln-gesucht_99_392462-585x585.jpg 585w\" sizes=\"(max-width: 1024px) 100vw, 1024px\" \/><\/figure>\n\n\n\n<figure class=\"wp-block-image size-large\"><img loading=\"lazy\" decoding=\"async\" width=\"981\" height=\"1024\" data-id=\"34161\" src=\"https:\/\/www.designenlassen.de\/blog\/wp-content\/uploads\/2023\/05\/verpackungen-fuer-modernes-matcha-set_1_126549-981x1024.jpg\" alt=\"\" class=\"wp-image-34161\" srcset=\"https:\/\/www.designenlassen.de\/blog\/wp-content\/uploads\/2023\/05\/verpackungen-fuer-modernes-matcha-set_1_126549-981x1024.jpg 981w, https:\/\/www.designenlassen.de\/blog\/wp-content\/uploads\/2023\/05\/verpackungen-fuer-modernes-matcha-set_1_126549-288x300.jpg 288w, https:\/\/www.designenlassen.de\/blog\/wp-content\/uploads\/2023\/05\/verpackungen-fuer-modernes-matcha-set_1_126549-768x801.jpg 768w, https:\/\/www.designenlassen.de\/blog\/wp-content\/uploads\/2023\/05\/verpackungen-fuer-modernes-matcha-set_1_126549-1170x1221.jpg 1170w, https:\/\/www.designenlassen.de\/blog\/wp-content\/uploads\/2023\/05\/verpackungen-fuer-modernes-matcha-set_1_126549-585x610.jpg 585w, https:\/\/www.designenlassen.de\/blog\/wp-content\/uploads\/2023\/05\/verpackungen-fuer-modernes-matcha-set_1_126549.jpg 1408w\" sizes=\"(max-width: 981px) 100vw, 981px\" \/><\/figure>\n\n\n\n<figure class=\"wp-block-image size-large\"><img loading=\"lazy\" decoding=\"async\" width=\"1024\" height=\"744\" data-id=\"34163\" src=\"https:\/\/www.designenlassen.de\/blog\/wp-content\/uploads\/2023\/05\/verpackungen-pferdefutter_13_467774-1024x744.png\" alt=\"\" class=\"wp-image-34163\" srcset=\"https:\/\/www.designenlassen.de\/blog\/wp-content\/uploads\/2023\/05\/verpackungen-pferdefutter_13_467774-1024x744.png 1024w, https:\/\/www.designenlassen.de\/blog\/wp-content\/uploads\/2023\/05\/verpackungen-pferdefutter_13_467774-300x218.png 300w, https:\/\/www.designenlassen.de\/blog\/wp-content\/uploads\/2023\/05\/verpackungen-pferdefutter_13_467774-768x558.png 768w, https:\/\/www.designenlassen.de\/blog\/wp-content\/uploads\/2023\/05\/verpackungen-pferdefutter_13_467774-1536x1116.png 1536w, https:\/\/www.designenlassen.de\/blog\/wp-content\/uploads\/2023\/05\/verpackungen-pferdefutter_13_467774-2048x1488.png 2048w, https:\/\/www.designenlassen.de\/blog\/wp-content\/uploads\/2023\/05\/verpackungen-pferdefutter_13_467774-1920x1395.png 1920w, https:\/\/www.designenlassen.de\/blog\/wp-content\/uploads\/2023\/05\/verpackungen-pferdefutter_13_467774-1170x850.png 1170w, https:\/\/www.designenlassen.de\/blog\/wp-content\/uploads\/2023\/05\/verpackungen-pferdefutter_13_467774-585x425.png 585w\" sizes=\"(max-width: 1024px) 100vw, 1024px\" \/><\/figure>\n\n\n\n<figure class=\"wp-block-image size-large\"><img loading=\"lazy\" decoding=\"async\" width=\"1000\" height=\"1000\" data-id=\"34162\" src=\"https:\/\/www.designenlassen.de\/blog\/wp-content\/uploads\/2023\/05\/verpackungen-fuer-modernes-matcha-set_5_811733.jpg\" alt=\"\" class=\"wp-image-34162\" srcset=\"https:\/\/www.designenlassen.de\/blog\/wp-content\/uploads\/2023\/05\/verpackungen-fuer-modernes-matcha-set_5_811733.jpg 1000w, https:\/\/www.designenlassen.de\/blog\/wp-content\/uploads\/2023\/05\/verpackungen-fuer-modernes-matcha-set_5_811733-300x300.jpg 300w, https:\/\/www.designenlassen.de\/blog\/wp-content\/uploads\/2023\/05\/verpackungen-fuer-modernes-matcha-set_5_811733-150x150.jpg 150w, https:\/\/www.designenlassen.de\/blog\/wp-content\/uploads\/2023\/05\/verpackungen-fuer-modernes-matcha-set_5_811733-768x768.jpg 768w, https:\/\/www.designenlassen.de\/blog\/wp-content\/uploads\/2023\/05\/verpackungen-fuer-modernes-matcha-set_5_811733-585x585.jpg 585w\" sizes=\"(max-width: 1000px) 100vw, 1000px\" \/><\/figure>\n\n\n\n<figure class=\"wp-block-image size-large\"><img loading=\"lazy\" decoding=\"async\" width=\"1024\" height=\"768\" data-id=\"34158\" src=\"https:\/\/www.designenlassen.de\/blog\/wp-content\/uploads\/2023\/05\/verpackungsdesign-fuer-wasserfilterkartusche_23_464568-1024x768.jpg\" alt=\"\" class=\"wp-image-34158\" srcset=\"https:\/\/www.designenlassen.de\/blog\/wp-content\/uploads\/2023\/05\/verpackungsdesign-fuer-wasserfilterkartusche_23_464568-1024x768.jpg 1024w, https:\/\/www.designenlassen.de\/blog\/wp-content\/uploads\/2023\/05\/verpackungsdesign-fuer-wasserfilterkartusche_23_464568-300x225.jpg 300w, https:\/\/www.designenlassen.de\/blog\/wp-content\/uploads\/2023\/05\/verpackungsdesign-fuer-wasserfilterkartusche_23_464568-768x576.jpg 768w, https:\/\/www.designenlassen.de\/blog\/wp-content\/uploads\/2023\/05\/verpackungsdesign-fuer-wasserfilterkartusche_23_464568-1536x1152.jpg 1536w, https:\/\/www.designenlassen.de\/blog\/wp-content\/uploads\/2023\/05\/verpackungsdesign-fuer-wasserfilterkartusche_23_464568-1920x1440.jpg 1920w, https:\/\/www.designenlassen.de\/blog\/wp-content\/uploads\/2023\/05\/verpackungsdesign-fuer-wasserfilterkartusche_23_464568-1170x878.jpg 1170w, https:\/\/www.designenlassen.de\/blog\/wp-content\/uploads\/2023\/05\/verpackungsdesign-fuer-wasserfilterkartusche_23_464568-585x439.jpg 585w, https:\/\/www.designenlassen.de\/blog\/wp-content\/uploads\/2023\/05\/verpackungsdesign-fuer-wasserfilterkartusche_23_464568.jpg 2000w\" sizes=\"(max-width: 1024px) 100vw, 1024px\" \/><\/figure>\n<\/figure>\n\n\n\n<div style=\"height:24px\" aria-hidden=\"true\" class=\"wp-block-spacer\"><\/div>\n\n\n\n<h2 class=\"wp-block-heading\">5 Erfolgsfaktoren f\u00fcr ein verkaufsstarkes Verpackungsdesign<\/h2>\n\n\n\n<p>Starke Produkte, brauchen starke Designs. Welche 5 einfachen Schritte den Erfolg Deiner Produkte verbessert, zeigen wir Dir im Folgenden:<\/p>\n\n\n\n<h3 class=\"wp-block-heading\">Einzigartigkeit<\/h3>\n\n\n\n<p>Das Aussehen der Verpackung spielt nat\u00fcrlich die wichtigste Rolle bei der Kaufentscheidung. In einem \u00fcberf\u00fcllten Markt ist es zudem wichtig, sich von der Konkurrenz abzuheben. Ein einzigartiges und unverwechselbares Verpackungsdesign hilft die <strong>Aufmerksamkeit der Kunden zu gewinnen und die Marke leichter wiedererkennbar zu machen.<\/strong><\/p>\n\n\n\n<p>Setze deshalb auf kreative Ideen, die sich von der Masse abheben, um Dein Produkt ins Rampenlicht zu r\u00fccken.<\/p>\n\n\n\n<p>Ein verkaufsstarkes Verpackungsdesign sollte au\u00dferdem konsistent mit Deiner gesamten Markenkommunikation und <a href=\"https:\/\/www.designenlassen.de\/blog\/corporate-design\/\">Corporate Design<\/a> sein. Die Verpackung sollte die Markenfarben, das <a href=\"https:\/\/www.designenlassen.de\/blog\/logo-erstellen-top-firmenlogo-einfach-entwerfen\/\">Logo<\/a> und andere Designelemente aufgreifen und so f\u00fcr einen hohen <a href=\"https:\/\/www.designenlassen.de\/blog\/wie-du-eine-marke-mit-maximalem-wiedererkennungswert-schaffen-kannst\/\">Wiedererkennungswert<\/a> sorgen. Eine einheitliche Markenpr\u00e4senz schafft Vertrauen und f\u00f6rdert die Kundenbindung.<\/p>\n\n\n\n<figure class=\"wp-block-gallery has-nested-images columns-default is-cropped wp-block-gallery-2 is-layout-flex wp-block-gallery-is-layout-flex\">\n<figure class=\"wp-block-image size-large\"><img loading=\"lazy\" decoding=\"async\" width=\"568\" height=\"1024\" data-id=\"34168\" src=\"https:\/\/www.designenlassen.de\/blog\/wp-content\/uploads\/2023\/05\/produktdisplays-passend-zur-produktverpackung_37_762199-scaled-568x1024.jpg\" alt=\"\" class=\"wp-image-34168\" srcset=\"https:\/\/www.designenlassen.de\/blog\/wp-content\/uploads\/2023\/05\/produktdisplays-passend-zur-produktverpackung_37_762199-scaled-568x1024.jpg 568w, https:\/\/www.designenlassen.de\/blog\/wp-content\/uploads\/2023\/05\/produktdisplays-passend-zur-produktverpackung_37_762199-scaled-167x300.jpg 167w, https:\/\/www.designenlassen.de\/blog\/wp-content\/uploads\/2023\/05\/produktdisplays-passend-zur-produktverpackung_37_762199-768x1383.jpg 768w, https:\/\/www.designenlassen.de\/blog\/wp-content\/uploads\/2023\/05\/produktdisplays-passend-zur-produktverpackung_37_762199-scaled-853x1536.jpg 853w, https:\/\/www.designenlassen.de\/blog\/wp-content\/uploads\/2023\/05\/produktdisplays-passend-zur-produktverpackung_37_762199-scaled-1137x2048.jpg 1137w, https:\/\/www.designenlassen.de\/blog\/wp-content\/uploads\/2023\/05\/produktdisplays-passend-zur-produktverpackung_37_762199-1920x3458.jpg 1920w, https:\/\/www.designenlassen.de\/blog\/wp-content\/uploads\/2023\/05\/produktdisplays-passend-zur-produktverpackung_37_762199-scaled-1170x2108.jpg 1170w, https:\/\/www.designenlassen.de\/blog\/wp-content\/uploads\/2023\/05\/produktdisplays-passend-zur-produktverpackung_37_762199-scaled-585x1054.jpg 585w, https:\/\/www.designenlassen.de\/blog\/wp-content\/uploads\/2023\/05\/produktdisplays-passend-zur-produktverpackung_37_762199-scaled.jpg 1421w\" sizes=\"(max-width: 568px) 100vw, 568px\" \/><\/figure>\n\n\n\n<figure class=\"wp-block-image size-large\"><img loading=\"lazy\" decoding=\"async\" width=\"1024\" height=\"1024\" data-id=\"34167\" src=\"https:\/\/www.designenlassen.de\/blog\/wp-content\/uploads\/2023\/05\/produktdisplays-passend-zur-produktverpackung_31_972557-1024x1024.jpg\" alt=\"\" class=\"wp-image-34167\" srcset=\"https:\/\/www.designenlassen.de\/blog\/wp-content\/uploads\/2023\/05\/produktdisplays-passend-zur-produktverpackung_31_972557-1024x1024.jpg 1024w, https:\/\/www.designenlassen.de\/blog\/wp-content\/uploads\/2023\/05\/produktdisplays-passend-zur-produktverpackung_31_972557-300x300.jpg 300w, https:\/\/www.designenlassen.de\/blog\/wp-content\/uploads\/2023\/05\/produktdisplays-passend-zur-produktverpackung_31_972557-150x150.jpg 150w, https:\/\/www.designenlassen.de\/blog\/wp-content\/uploads\/2023\/05\/produktdisplays-passend-zur-produktverpackung_31_972557-768x768.jpg 768w, https:\/\/www.designenlassen.de\/blog\/wp-content\/uploads\/2023\/05\/produktdisplays-passend-zur-produktverpackung_31_972557-1536x1536.jpg 1536w, https:\/\/www.designenlassen.de\/blog\/wp-content\/uploads\/2023\/05\/produktdisplays-passend-zur-produktverpackung_31_972557-2048x2048.jpg 2048w, https:\/\/www.designenlassen.de\/blog\/wp-content\/uploads\/2023\/05\/produktdisplays-passend-zur-produktverpackung_31_972557-1920x1920.jpg 1920w, https:\/\/www.designenlassen.de\/blog\/wp-content\/uploads\/2023\/05\/produktdisplays-passend-zur-produktverpackung_31_972557-1170x1170.jpg 1170w, https:\/\/www.designenlassen.de\/blog\/wp-content\/uploads\/2023\/05\/produktdisplays-passend-zur-produktverpackung_31_972557-585x585.jpg 585w\" sizes=\"(max-width: 1024px) 100vw, 1024px\" \/><\/figure>\n<\/figure>\n\n\n\n<div style=\"height:24px\" aria-hidden=\"true\" class=\"wp-block-spacer\"><\/div>\n\n\n\n<h3 class=\"wp-block-heading\">Form und Gr\u00f6\u00dfe<\/h3>\n\n\n\n<p>Gro\u00dfe Packungen haben mehr Inhalt? Nicht immer, aber zumindest denken wir das und zahlen deshalb auch einen h\u00f6heren Preis. Die<strong> Form und Gr\u00f6\u00dfe der Verpackung<\/strong> haben einen direkten Einfluss auf unsere Kaufentscheidung. Sie runden das Gesamtbild des Verpackungsdesigns ab und beeinflussen unsere Wahrnehmung f\u00fcr das Produkt.<\/p>\n\n\n\n<h3 class=\"wp-block-heading\">Material<\/h3>\n\n\n\n<p>Das Verpackungsmaterial wird heutzutage immer wichtiger. Die <a href=\"https:\/\/www.designenlassen.de\/blog\/nachhaltiges-verpackungsdesign-mehr-als-nur-ein-trend\/\">Nachhaltigkeit<\/a> steht im Vordergrund. Unn\u00f6tiger Verpackungsm\u00fcll sowie der Plastikanteil sollen nach M\u00f6glichkeit vermieden werden. Laut einer Studie von Unilever bevorzugen <strong>33% der Verbraucher nachhaltige Marken<\/strong> und sind bereit, mehr f\u00fcr umweltfreundliche Verpackungen zu bezahlen. Daneben muss sich eine Verpackung beim Anfassen auch gut anf\u00fchlen.<\/p>\n\n\n\n<p>Das Material beeinflusst nachweislich den wahrgenommenen Wert und Qualit\u00e4t des Produktes. Wer ein hochpreisiges Produkt anbietet, sollte deshalb auf nachhaltiges und hochwertiges Verpackungsmaterial setzen.<\/p>\n\n\n\n<h3 class=\"wp-block-heading\">Informationen<\/h3>\n\n\n\n<p>Was selbstverst\u00e4ndlich auf einer Verpackung nicht fehlen darf, sind wichtige Informationen zum Produkt. Einige Angaben sind sogar vom Gesetzgeber vorgeschrieben und m\u00fcssen auf der Verpackung enthalten sein.<\/p>\n\n\n\n<p>Je nach Produkt(art) <strong>m\u00fcssen <\/strong>folgende Angaben auf der Produktverpackung vermerkt sein:<\/p>\n\n\n\n<ul class=\"wp-block-list\">\n<li>Mindesthaltbarkeitsdatum<\/li>\n\n\n\n<li>Inhaltsstoffe<\/li>\n\n\n\n<li>Ursprungsland<\/li>\n\n\n\n<li>Mengenangabe<\/li>\n\n\n\n<li>N\u00e4hrwertangaben<\/li>\n<\/ul>\n\n\n\n<p>Neben den Pflichtangaben braucht das Design auch noch Platz f\u00fcr das eigene <a href=\"https:\/\/www.designenlassen.de\/logo-design\">Firmenlogo<\/a>, die Produktbeschreibung, Verkaufsf\u00f6rdernde Siegel wie z.B. \u201eBio\u201c oder Anwendungsbilder. Hierbei lautet die Devise so wenig Informationen wie m\u00f6glich, so viel wie n\u00f6tig. \u00dcberlagere die Produktverpackung nicht mit unwichtigen Inhalten. Der Kunde sollte alle <strong>relevanten Informationen<\/strong> schnell und einfach aufnehmen k\u00f6nnen und dabei eine Kauflust entwickeln.<\/p>\n\n\n\n<figure class=\"wp-block-gallery has-nested-images columns-default is-cropped wp-block-gallery-3 is-layout-flex wp-block-gallery-is-layout-flex\">\n<figure class=\"wp-block-image size-large\"><img loading=\"lazy\" decoding=\"async\" width=\"722\" height=\"1024\" data-id=\"34164\" src=\"https:\/\/www.designenlassen.de\/blog\/wp-content\/uploads\/2023\/05\/verpackungsdesign-fuer-hochwertigs-nahrungsergaenzungmittel_13_647343-722x1024.jpg\" alt=\"\" class=\"wp-image-34164\" srcset=\"https:\/\/www.designenlassen.de\/blog\/wp-content\/uploads\/2023\/05\/verpackungsdesign-fuer-hochwertigs-nahrungsergaenzungmittel_13_647343-722x1024.jpg 722w, https:\/\/www.designenlassen.de\/blog\/wp-content\/uploads\/2023\/05\/verpackungsdesign-fuer-hochwertigs-nahrungsergaenzungmittel_13_647343-211x300.jpg 211w, https:\/\/www.designenlassen.de\/blog\/wp-content\/uploads\/2023\/05\/verpackungsdesign-fuer-hochwertigs-nahrungsergaenzungmittel_13_647343-768x1090.jpg 768w, https:\/\/www.designenlassen.de\/blog\/wp-content\/uploads\/2023\/05\/verpackungsdesign-fuer-hochwertigs-nahrungsergaenzungmittel_13_647343-585x830.jpg 585w, https:\/\/www.designenlassen.de\/blog\/wp-content\/uploads\/2023\/05\/verpackungsdesign-fuer-hochwertigs-nahrungsergaenzungmittel_13_647343.jpg 900w\" sizes=\"(max-width: 722px) 100vw, 722px\" \/><\/figure>\n\n\n\n<figure class=\"wp-block-image size-large\"><img loading=\"lazy\" decoding=\"async\" width=\"1024\" height=\"1024\" data-id=\"34171\" src=\"https:\/\/www.designenlassen.de\/blog\/wp-content\/uploads\/2023\/05\/verpackungen-fuer-diagnostischen-schnelltests_13_617837-1024x1024.jpg\" alt=\"\" class=\"wp-image-34171\" srcset=\"https:\/\/www.designenlassen.de\/blog\/wp-content\/uploads\/2023\/05\/verpackungen-fuer-diagnostischen-schnelltests_13_617837-1024x1024.jpg 1024w, https:\/\/www.designenlassen.de\/blog\/wp-content\/uploads\/2023\/05\/verpackungen-fuer-diagnostischen-schnelltests_13_617837-300x300.jpg 300w, https:\/\/www.designenlassen.de\/blog\/wp-content\/uploads\/2023\/05\/verpackungen-fuer-diagnostischen-schnelltests_13_617837-150x150.jpg 150w, https:\/\/www.designenlassen.de\/blog\/wp-content\/uploads\/2023\/05\/verpackungen-fuer-diagnostischen-schnelltests_13_617837-768x769.jpg 768w, https:\/\/www.designenlassen.de\/blog\/wp-content\/uploads\/2023\/05\/verpackungen-fuer-diagnostischen-schnelltests_13_617837-1534x1536.jpg 1534w, https:\/\/www.designenlassen.de\/blog\/wp-content\/uploads\/2023\/05\/verpackungen-fuer-diagnostischen-schnelltests_13_617837-585x585.jpg 585w\" sizes=\"(max-width: 1024px) 100vw, 1024px\" \/><\/figure>\n\n\n\n<figure class=\"wp-block-image size-large\"><img loading=\"lazy\" decoding=\"async\" width=\"744\" height=\"1024\" data-id=\"34160\" src=\"https:\/\/www.designenlassen.de\/blog\/wp-content\/uploads\/2023\/05\/verpackungen-fuer-low-carb-backwaren_58_337178-744x1024.png\" alt=\"\" class=\"wp-image-34160\" srcset=\"https:\/\/www.designenlassen.de\/blog\/wp-content\/uploads\/2023\/05\/verpackungen-fuer-low-carb-backwaren_58_337178-744x1024.png 744w, https:\/\/www.designenlassen.de\/blog\/wp-content\/uploads\/2023\/05\/verpackungen-fuer-low-carb-backwaren_58_337178-218x300.png 218w, https:\/\/www.designenlassen.de\/blog\/wp-content\/uploads\/2023\/05\/verpackungen-fuer-low-carb-backwaren_58_337178-768x1057.png 768w, https:\/\/www.designenlassen.de\/blog\/wp-content\/uploads\/2023\/05\/verpackungen-fuer-low-carb-backwaren_58_337178-1116x1536.png 1116w, https:\/\/www.designenlassen.de\/blog\/wp-content\/uploads\/2023\/05\/verpackungen-fuer-low-carb-backwaren_58_337178-1489x2048.png 1489w, https:\/\/www.designenlassen.de\/blog\/wp-content\/uploads\/2023\/05\/verpackungen-fuer-low-carb-backwaren_58_337178-1170x1610.png 1170w, https:\/\/www.designenlassen.de\/blog\/wp-content\/uploads\/2023\/05\/verpackungen-fuer-low-carb-backwaren_58_337178-585x805.png 585w, https:\/\/www.designenlassen.de\/blog\/wp-content\/uploads\/2023\/05\/verpackungen-fuer-low-carb-backwaren_58_337178.png 1493w\" sizes=\"(max-width: 744px) 100vw, 744px\" \/><\/figure>\n<\/figure>\n\n\n\n<div style=\"height:24px\" aria-hidden=\"true\" class=\"wp-block-spacer\"><\/div>\n\n\n\n<h2 class=\"wp-block-heading\">Funktionalit\u00e4t<\/h2>\n\n\n\n<p>Neben der \u00c4sthetik spielt auch die Funktionalit\u00e4t der Verpackung eine wichtige Rolle. Die Verpackung sollte einfach zu \u00f6ffnen, zu verwenden und wieder zu verschlie\u00dfen sein. Achte darauf, dass die Verpackung das Produkt effektiv sch\u00fctzt und die Haltbarkeit gew\u00e4hrleistet.<\/p>\n\n\n\n<div style=\"height:24px\" aria-hidden=\"true\" class=\"wp-block-spacer\"><\/div>\n\n\n\n<h2 class=\"wp-block-heading\">Verpackung designen lassen?<\/h2>\n\n\n\n<p>Ein einzigartiges und unverwechselbares Verpackungsdesign ist oftmals der Schl\u00fcssel zum Erfolg beim Verkauf eines Produkts. <strong>64% der Kunden<\/strong> lassen sich durch das Verpackungsdesign in ihrer Kaufentscheidung beeinflussen. Was gut aussieht wird gekauft. Produkte, die nicht positiv in Erscheinung treten, werden zum Ladenh\u00fcter.<\/p>\n\n\n\n<p>Damit Dein Produkt zum absoluten Verkaufsschlager wird, helfen Dir unsere Designer ein perfektes Verpackungsdesign zu kreieren, dass all Deinen W\u00fcnschen gerecht wird.<\/p>\n\n\n\n<p>Dein Vorteil: Du erh\u00e4ltst <strong>zahlreiche individuelle Entw\u00fcrfe<\/strong> von unterschiedlichen Profi-Designern und kannst anschlie\u00dfend aus einer gro\u00dfen Anzahl ganz bequem Dein Wunsch-Design ausw\u00e4hlen. Ist kein Design dabei das Dir gef\u00e4llt? Kein Problem! Du kannst von unserer <strong>100% Preisgeld-zur\u00fcck-Garantie<\/strong> gebrauch machen.<\/p>\n\n\n\n<div style=\"height:14px\" aria-hidden=\"true\" class=\"wp-block-spacer\"><\/div>\n\n\n\n<div class=\"wp-block-buttons is-content-justification-center is-layout-flex wp-container-core-buttons-is-layout-16018d1d wp-block-buttons-is-layout-flex\">\n<div class=\"wp-block-button is-style-fill\"><a class=\"wp-block-button__link has-white-color has-text-color has-background has-text-align-left wp-element-button\" href=\"https:\/\/www.designenlassen.de\/verpackungsdesign?utm_source=blog&amp;utm_medium=button&amp;utm_campaign=blog-beitraege\" style=\"background-color:#091182\">Jetzt Verpackungsdesign erstellen<\/a><\/div>\n<\/div>\n\n\n\n<div style=\"height:26px\" aria-hidden=\"true\" class=\"wp-block-spacer\"><\/div>\n\n\n\n<h2 class=\"wp-block-heading\">Produktverpackung: Die besten Design-Beispiele<\/h2>\n\n\n\n<p>Entdecke erfolgreiche Verpackungsdesigns unserer Kunden. Lass Dich inspirieren!<\/p>\n\n\n\n<h3 class=\"wp-block-heading\">Nachhaltiges Verpackungsdesign<\/h3>\n\n\n\n<p>In unserer hektischen und sich schnell wandelnden Welt, die uns t\u00e4glich mit einer F\u00fclle von Eindr\u00fccken bombardiert, sehnen wir uns nach einer Pause und Entspannung. Daher setzen einige Marken bei ihren Designs auf freundliche, dezente Farben und klare Linien, um eine beruhigende und angenehme Wirkung auf Kunden zu erzielen.<\/p>\n\n\n\n<figure class=\"wp-block-gallery has-nested-images columns-2 is-cropped wp-block-gallery-4 is-layout-flex wp-block-gallery-is-layout-flex\">\n<figure class=\"wp-block-image size-large\"><img loading=\"lazy\" decoding=\"async\" width=\"395\" height=\"520\" data-id=\"25666\" src=\"https:\/\/www.designenlassen.de\/blog\/wp-content\/uploads\/2022\/05\/hero_verpackungsdesign_Porridge_971876-1.jpg\" alt=\"\" class=\"wp-image-25666\" srcset=\"https:\/\/www.designenlassen.de\/blog\/wp-content\/uploads\/2022\/05\/hero_verpackungsdesign_Porridge_971876-1.jpg 395w, https:\/\/www.designenlassen.de\/blog\/wp-content\/uploads\/2022\/05\/hero_verpackungsdesign_Porridge_971876-1-228x300.jpg 228w\" sizes=\"(max-width: 395px) 100vw, 395px\" \/><\/figure>\n\n\n\n<figure class=\"wp-block-image size-large\"><img loading=\"lazy\" decoding=\"async\" width=\"338\" height=\"338\" data-id=\"18821\" src=\"https:\/\/www.designenlassen.de\/blog\/wp-content\/uploads\/2019\/11\/Kosmetik-Verpackung-Br\u00e4unungskapseln-485559-cpunktlubo.png\" alt=\"Kosmetik-Verpackung-Br\u00e4unungskapseln\" class=\"wp-image-18821\" srcset=\"https:\/\/www.designenlassen.de\/blog\/wp-content\/uploads\/2019\/11\/Kosmetik-Verpackung-Br\u00e4unungskapseln-485559-cpunktlubo.png 338w, https:\/\/www.designenlassen.de\/blog\/wp-content\/uploads\/2019\/11\/Kosmetik-Verpackung-Br\u00e4unungskapseln-485559-cpunktlubo-150x150.png 150w, https:\/\/www.designenlassen.de\/blog\/wp-content\/uploads\/2019\/11\/Kosmetik-Verpackung-Br\u00e4unungskapseln-485559-cpunktlubo-300x300.png 300w\" sizes=\"(max-width: 338px) 100vw, 338px\" \/><\/figure>\n\n\n\n<figure class=\"wp-block-image size-large\"><img loading=\"lazy\" decoding=\"async\" width=\"800\" height=\"538\" data-id=\"18811\" src=\"https:\/\/www.designenlassen.de\/blog\/wp-content\/uploads\/2019\/11\/Nachhaltig-Kosmetikverpackung-Anders-Abschminkpads-874814-mompreneur.jpg\" alt=\"Nachhaltig-Kosmetikverpackung-Anders-Abschminkpads\" class=\"wp-image-18811\" srcset=\"https:\/\/www.designenlassen.de\/blog\/wp-content\/uploads\/2019\/11\/Nachhaltig-Kosmetikverpackung-Anders-Abschminkpads-874814-mompreneur.jpg 800w, https:\/\/www.designenlassen.de\/blog\/wp-content\/uploads\/2019\/11\/Nachhaltig-Kosmetikverpackung-Anders-Abschminkpads-874814-mompreneur-300x202.jpg 300w, https:\/\/www.designenlassen.de\/blog\/wp-content\/uploads\/2019\/11\/Nachhaltig-Kosmetikverpackung-Anders-Abschminkpads-874814-mompreneur-768x516.jpg 768w\" sizes=\"(max-width: 800px) 100vw, 800px\" \/><\/figure>\n\n\n\n<figure class=\"wp-block-image size-large\"><img loading=\"lazy\" decoding=\"async\" width=\"338\" height=\"338\" data-id=\"18813\" src=\"https:\/\/www.designenlassen.de\/blog\/wp-content\/uploads\/2019\/11\/Nachhaltige-Kosmetik-Verpackung-Anders-Abschminkpads-874814-ANawDesign.jpg\" alt=\"Nachhaltige-Kosmetik-Verpackung-Anders-Abschminkpads\" class=\"wp-image-18813\" srcset=\"https:\/\/www.designenlassen.de\/blog\/wp-content\/uploads\/2019\/11\/Nachhaltige-Kosmetik-Verpackung-Anders-Abschminkpads-874814-ANawDesign.jpg 338w, https:\/\/www.designenlassen.de\/blog\/wp-content\/uploads\/2019\/11\/Nachhaltige-Kosmetik-Verpackung-Anders-Abschminkpads-874814-ANawDesign-150x150.jpg 150w, https:\/\/www.designenlassen.de\/blog\/wp-content\/uploads\/2019\/11\/Nachhaltige-Kosmetik-Verpackung-Anders-Abschminkpads-874814-ANawDesign-300x300.jpg 300w\" sizes=\"(max-width: 338px) 100vw, 338px\" \/><\/figure>\n\n\n\n<figure class=\"wp-block-image size-large\"><img loading=\"lazy\" decoding=\"async\" width=\"1000\" height=\"842\" data-id=\"21177\" src=\"https:\/\/www.designenlassen.de\/blog\/wp-content\/uploads\/2020\/06\/Happy_Seed_Pflanze_Logo_928536.jpg\" alt=\"Verpackungsdesign f\u00fcr Kakteen Anzuchtset\" class=\"wp-image-21177\" srcset=\"https:\/\/www.designenlassen.de\/blog\/wp-content\/uploads\/2020\/06\/Happy_Seed_Pflanze_Logo_928536.jpg 1000w, https:\/\/www.designenlassen.de\/blog\/wp-content\/uploads\/2020\/06\/Happy_Seed_Pflanze_Logo_928536-300x253.jpg 300w, https:\/\/www.designenlassen.de\/blog\/wp-content\/uploads\/2020\/06\/Happy_Seed_Pflanze_Logo_928536-768x647.jpg 768w\" sizes=\"(max-width: 1000px) 100vw, 1000px\" \/><figcaption class=\"wp-element-caption\">Pflanzen-Verpackungsdesign f\u00fcr Kakteen Anzuchtset von Anja B<\/figcaption><\/figure>\n\n\n\n<figure class=\"wp-block-image size-large\"><img loading=\"lazy\" decoding=\"async\" width=\"800\" height=\"437\" data-id=\"18494\" src=\"https:\/\/www.designenlassen.de\/blog\/wp-content\/uploads\/2019\/11\/Moop-Babykokon-Design-Produktverpackung-338621.jpg\" alt=\"Moop Babykokon Design Produktverpackung\" class=\"wp-image-18494\" srcset=\"https:\/\/www.designenlassen.de\/blog\/wp-content\/uploads\/2019\/11\/Moop-Babykokon-Design-Produktverpackung-338621.jpg 800w, https:\/\/www.designenlassen.de\/blog\/wp-content\/uploads\/2019\/11\/Moop-Babykokon-Design-Produktverpackung-338621-300x164.jpg 300w, https:\/\/www.designenlassen.de\/blog\/wp-content\/uploads\/2019\/11\/Moop-Babykokon-Design-Produktverpackung-338621-768x420.jpg 768w\" sizes=\"(max-width: 800px) 100vw, 800px\" \/><\/figure>\n\n\n\n<figure class=\"wp-block-image size-large\"><img loading=\"lazy\" decoding=\"async\" width=\"338\" height=\"338\" data-id=\"18505\" src=\"https:\/\/www.designenlassen.de\/blog\/wp-content\/uploads\/2019\/11\/Kr\u00e4uterpaket-Samenquelle-Verpackungsdesign-Produkt-879237.jpg\" alt=\"\" class=\"wp-image-18505\" srcset=\"https:\/\/www.designenlassen.de\/blog\/wp-content\/uploads\/2019\/11\/Kr\u00e4uterpaket-Samenquelle-Verpackungsdesign-Produkt-879237.jpg 338w, https:\/\/www.designenlassen.de\/blog\/wp-content\/uploads\/2019\/11\/Kr\u00e4uterpaket-Samenquelle-Verpackungsdesign-Produkt-879237-150x150.jpg 150w, https:\/\/www.designenlassen.de\/blog\/wp-content\/uploads\/2019\/11\/Kr\u00e4uterpaket-Samenquelle-Verpackungsdesign-Produkt-879237-300x300.jpg 300w\" sizes=\"(max-width: 338px) 100vw, 338px\" \/><\/figure>\n\n\n\n<figure class=\"wp-block-image size-large\"><img loading=\"lazy\" decoding=\"async\" width=\"338\" height=\"338\" data-id=\"20613\" src=\"https:\/\/www.designenlassen.de\/blog\/wp-content\/uploads\/2020\/04\/Cooles-Logo-f\u00fcr-Kaffeezwerg-776673-mang-gon.jpg\" alt=\"Cooles-Logo-f\u00fcr-Kaffeezwerg\" class=\"wp-image-20613\" srcset=\"https:\/\/www.designenlassen.de\/blog\/wp-content\/uploads\/2020\/04\/Cooles-Logo-f\u00fcr-Kaffeezwerg-776673-mang-gon.jpg 338w, https:\/\/www.designenlassen.de\/blog\/wp-content\/uploads\/2020\/04\/Cooles-Logo-f\u00fcr-Kaffeezwerg-776673-mang-gon-300x300.jpg 300w, https:\/\/www.designenlassen.de\/blog\/wp-content\/uploads\/2020\/04\/Cooles-Logo-f\u00fcr-Kaffeezwerg-776673-mang-gon-150x150.jpg 150w\" sizes=\"(max-width: 338px) 100vw, 338px\" \/><figcaption class=\"wp-element-caption\">Cooles Logo von mang gon<\/figcaption><\/figure>\n\n\n\n<figure class=\"wp-block-image size-large\"><img loading=\"lazy\" decoding=\"async\" width=\"338\" height=\"338\" data-id=\"21575\" src=\"https:\/\/www.designenlassen.de\/blog\/wp-content\/uploads\/2020\/07\/Food-Logo-Design-Barku-532387-Cresign-Zone.png\" alt=\"Food-Logo-Design-Barku\" class=\"wp-image-21575\" srcset=\"https:\/\/www.designenlassen.de\/blog\/wp-content\/uploads\/2020\/07\/Food-Logo-Design-Barku-532387-Cresign-Zone.png 338w, https:\/\/www.designenlassen.de\/blog\/wp-content\/uploads\/2020\/07\/Food-Logo-Design-Barku-532387-Cresign-Zone-300x300.png 300w, https:\/\/www.designenlassen.de\/blog\/wp-content\/uploads\/2020\/07\/Food-Logo-Design-Barku-532387-Cresign-Zone-150x150.png 150w\" sizes=\"(max-width: 338px) 100vw, 338px\" \/><figcaption class=\"wp-element-caption\">Essen Logo von Cresign Zone<\/figcaption><\/figure>\n\n\n\n<figure class=\"wp-block-image size-large\"><img loading=\"lazy\" decoding=\"async\" width=\"338\" height=\"338\" data-id=\"18506\" src=\"https:\/\/www.designenlassen.de\/blog\/wp-content\/uploads\/2019\/11\/Nussprodukte-Verpackungsdesign-571475.jpg\" alt=\"Nussprodukte-Verpackungsdesign\" class=\"wp-image-18506\" srcset=\"https:\/\/www.designenlassen.de\/blog\/wp-content\/uploads\/2019\/11\/Nussprodukte-Verpackungsdesign-571475.jpg 338w, https:\/\/www.designenlassen.de\/blog\/wp-content\/uploads\/2019\/11\/Nussprodukte-Verpackungsdesign-571475-150x150.jpg 150w, https:\/\/www.designenlassen.de\/blog\/wp-content\/uploads\/2019\/11\/Nussprodukte-Verpackungsdesign-571475-300x300.jpg 300w\" sizes=\"(max-width: 338px) 100vw, 338px\" \/><\/figure>\n<\/figure>\n\n\n\n<div style=\"height:24px\" aria-hidden=\"true\" class=\"wp-block-spacer\"><\/div>\n\n\n\n<h3 class=\"wp-block-heading\">Verpackungsdesign mit Vintage-\u00c4sthetik<\/h3>\n\n\n\n<p>Vintage ist wieder \u201eIn\u201c. Es vermittelt sofort einen Eindruck von Tradition und Handwerkskunst. Viele neue Marken verwenden den Vintage-Look in ihren zeitgen\u00f6ssischen Verpackungsdesigns. Die Vintage-\u00c4sthetik wird oft bei der Verpackung von Lebensmitteln wie Pralinen, Tee- und Kaffeedosen sowie alkoholischen Getr\u00e4nken verwendet. Auch Hersteller von Kosmetikprodukten setzen mittlerweile verst\u00e4rkt auf den Vintage-Stil.<\/p>\n\n\n\n<figure class=\"wp-block-gallery has-nested-images columns-default is-cropped wp-block-gallery-5 is-layout-flex wp-block-gallery-is-layout-flex\">\n<figure class=\"wp-block-image size-large\"><img loading=\"lazy\" decoding=\"async\" width=\"800\" height=\"507\" data-id=\"18518\" src=\"https:\/\/www.designenlassen.de\/blog\/wp-content\/uploads\/2019\/11\/Kleine-Pause-Milcheis-Produktverpackung-Eisbecher-268718.jpg\" alt=\"Kleine Pause Milcheis Produktverpackung Eisbecher\" class=\"wp-image-18518\" srcset=\"https:\/\/www.designenlassen.de\/blog\/wp-content\/uploads\/2019\/11\/Kleine-Pause-Milcheis-Produktverpackung-Eisbecher-268718.jpg 800w, https:\/\/www.designenlassen.de\/blog\/wp-content\/uploads\/2019\/11\/Kleine-Pause-Milcheis-Produktverpackung-Eisbecher-268718-300x190.jpg 300w, https:\/\/www.designenlassen.de\/blog\/wp-content\/uploads\/2019\/11\/Kleine-Pause-Milcheis-Produktverpackung-Eisbecher-268718-768x487.jpg 768w\" sizes=\"(max-width: 800px) 100vw, 800px\" \/><\/figure>\n\n\n\n<figure class=\"wp-block-image size-large\"><img loading=\"lazy\" decoding=\"async\" width=\"338\" height=\"338\" data-id=\"18493\" src=\"https:\/\/www.designenlassen.de\/blog\/wp-content\/uploads\/2019\/11\/Produktverpackung-BA-Beauty-Box-329584.jpg\" alt=\"Produktverpackung BA Beauty Box\" class=\"wp-image-18493\" srcset=\"https:\/\/www.designenlassen.de\/blog\/wp-content\/uploads\/2019\/11\/Produktverpackung-BA-Beauty-Box-329584.jpg 338w, https:\/\/www.designenlassen.de\/blog\/wp-content\/uploads\/2019\/11\/Produktverpackung-BA-Beauty-Box-329584-150x150.jpg 150w, https:\/\/www.designenlassen.de\/blog\/wp-content\/uploads\/2019\/11\/Produktverpackung-BA-Beauty-Box-329584-300x300.jpg 300w\" sizes=\"(max-width: 338px) 100vw, 338px\" \/><\/figure>\n\n\n\n<figure class=\"wp-block-image size-large\"><img loading=\"lazy\" decoding=\"async\" width=\"800\" height=\"498\" data-id=\"18830\" src=\"https:\/\/www.designenlassen.de\/blog\/wp-content\/uploads\/2019\/11\/Kosmetik-Verpackung-Beauty-Box-329584-printworks.jpg\" alt=\"Kosmetik-Verpackung-Beauty-Box\" class=\"wp-image-18830\" srcset=\"https:\/\/www.designenlassen.de\/blog\/wp-content\/uploads\/2019\/11\/Kosmetik-Verpackung-Beauty-Box-329584-printworks.jpg 800w, https:\/\/www.designenlassen.de\/blog\/wp-content\/uploads\/2019\/11\/Kosmetik-Verpackung-Beauty-Box-329584-printworks-300x187.jpg 300w, https:\/\/www.designenlassen.de\/blog\/wp-content\/uploads\/2019\/11\/Kosmetik-Verpackung-Beauty-Box-329584-printworks-768x478.jpg 768w\" sizes=\"(max-width: 800px) 100vw, 800px\" \/><\/figure>\n\n\n\n<figure class=\"wp-block-image size-large\"><img loading=\"lazy\" decoding=\"async\" width=\"314\" height=\"315\" data-id=\"26600\" src=\"https:\/\/www.designenlassen.de\/blog\/wp-content\/uploads\/2023\/05\/popup_44_449894-edited.jpg\" alt=\"\" class=\"wp-image-26600\" srcset=\"https:\/\/www.designenlassen.de\/blog\/wp-content\/uploads\/2023\/05\/popup_44_449894-edited.jpg 314w, https:\/\/www.designenlassen.de\/blog\/wp-content\/uploads\/2023\/05\/popup_44_449894-edited-300x300.jpg 300w, https:\/\/www.designenlassen.de\/blog\/wp-content\/uploads\/2023\/05\/popup_44_449894-edited-150x150.jpg 150w\" sizes=\"(max-width: 314px) 100vw, 314px\" \/><\/figure>\n\n\n\n<figure class=\"wp-block-image size-large\"><img loading=\"lazy\" decoding=\"async\" width=\"308\" height=\"308\" data-id=\"26601\" src=\"https:\/\/www.designenlassen.de\/blog\/wp-content\/uploads\/2023\/05\/popup_49_995865-edited.jpg\" alt=\"\" class=\"wp-image-26601\" srcset=\"https:\/\/www.designenlassen.de\/blog\/wp-content\/uploads\/2023\/05\/popup_49_995865-edited.jpg 308w, https:\/\/www.designenlassen.de\/blog\/wp-content\/uploads\/2023\/05\/popup_49_995865-edited-300x300.jpg 300w, https:\/\/www.designenlassen.de\/blog\/wp-content\/uploads\/2023\/05\/popup_49_995865-edited-150x150.jpg 150w\" sizes=\"(max-width: 308px) 100vw, 308px\" \/><\/figure>\n<\/figure>\n\n\n\n<div style=\"height:19px\" aria-hidden=\"true\" class=\"wp-block-spacer\"><\/div>\n\n\n\n<div class=\"wp-block-buttons is-content-justification-center is-layout-flex wp-container-core-buttons-is-layout-16018d1d wp-block-buttons-is-layout-flex\">\n<div class=\"wp-block-button is-style-fill\"><a class=\"wp-block-button__link has-white-color has-text-color has-background has-text-align-left wp-element-button\" href=\"https:\/\/www.designenlassen.de\/verpackungsdesign?utm_source=blog&amp;utm_medium=button&amp;utm_campaign=blog-beitraege\" style=\"background-color:#091182\">Verpackungsdesign erstellen<\/a><\/div>\n<\/div>\n\n\n\n<div style=\"height:24px\" aria-hidden=\"true\" class=\"wp-block-spacer\"><\/div>\n\n\n\n<h3 class=\"wp-block-heading\">Auffallende Produktverpackungen<\/h3>\n\n\n\n<p>Wie w\u00e4re es, wenn du dein Produkt auf eine v\u00f6llig neue und unerwartete Art und Weise pr\u00e4sentierst? Durch auffallende oder witzige Verpackungsformen kannst du die Aufmerksamkeit der Kunden erregen und ein unvergessliches Kundenerlebnis schaffen.<\/p>\n\n\n\n<figure class=\"wp-block-gallery has-nested-images columns-2 is-cropped wp-block-gallery-6 is-layout-flex wp-block-gallery-is-layout-flex\">\n<figure class=\"wp-block-image size-large\"><img loading=\"lazy\" decoding=\"async\" width=\"500\" height=\"500\" data-id=\"26607\" src=\"https:\/\/www.designenlassen.de\/blog\/wp-content\/uploads\/2023\/05\/popup_29_337887.jpg\" alt=\"\" class=\"wp-image-26607\" srcset=\"https:\/\/www.designenlassen.de\/blog\/wp-content\/uploads\/2023\/05\/popup_29_337887.jpg 500w, https:\/\/www.designenlassen.de\/blog\/wp-content\/uploads\/2023\/05\/popup_29_337887-300x300.jpg 300w, https:\/\/www.designenlassen.de\/blog\/wp-content\/uploads\/2023\/05\/popup_29_337887-150x150.jpg 150w\" sizes=\"(max-width: 500px) 100vw, 500px\" \/><\/figure>\n\n\n\n<figure class=\"wp-block-image size-large\"><img loading=\"lazy\" decoding=\"async\" width=\"500\" height=\"371\" data-id=\"26606\" src=\"https:\/\/www.designenlassen.de\/blog\/wp-content\/uploads\/2023\/05\/popup_103_583315.jpg\" alt=\"\" class=\"wp-image-26606\" srcset=\"https:\/\/www.designenlassen.de\/blog\/wp-content\/uploads\/2023\/05\/popup_103_583315.jpg 500w, https:\/\/www.designenlassen.de\/blog\/wp-content\/uploads\/2023\/05\/popup_103_583315-300x223.jpg 300w\" sizes=\"(max-width: 500px) 100vw, 500px\" \/><\/figure>\n\n\n\n<figure class=\"wp-block-image size-large\"><img loading=\"lazy\" decoding=\"async\" width=\"500\" height=\"500\" data-id=\"26605\" src=\"https:\/\/www.designenlassen.de\/blog\/wp-content\/uploads\/2023\/05\/popup_19_352645.jpg\" alt=\"\" class=\"wp-image-26605\" srcset=\"https:\/\/www.designenlassen.de\/blog\/wp-content\/uploads\/2023\/05\/popup_19_352645.jpg 500w, https:\/\/www.designenlassen.de\/blog\/wp-content\/uploads\/2023\/05\/popup_19_352645-300x300.jpg 300w, https:\/\/www.designenlassen.de\/blog\/wp-content\/uploads\/2023\/05\/popup_19_352645-150x150.jpg 150w\" sizes=\"(max-width: 500px) 100vw, 500px\" \/><\/figure>\n\n\n\n<figure class=\"wp-block-image size-large\"><img loading=\"lazy\" decoding=\"async\" width=\"1000\" height=\"842\" data-id=\"21177\" src=\"https:\/\/www.designenlassen.de\/blog\/wp-content\/uploads\/2020\/06\/Happy_Seed_Pflanze_Logo_928536.jpg\" alt=\"Verpackungsdesign f\u00fcr Kakteen Anzuchtset\" class=\"wp-image-21177\" srcset=\"https:\/\/www.designenlassen.de\/blog\/wp-content\/uploads\/2020\/06\/Happy_Seed_Pflanze_Logo_928536.jpg 1000w, https:\/\/www.designenlassen.de\/blog\/wp-content\/uploads\/2020\/06\/Happy_Seed_Pflanze_Logo_928536-300x253.jpg 300w, https:\/\/www.designenlassen.de\/blog\/wp-content\/uploads\/2020\/06\/Happy_Seed_Pflanze_Logo_928536-768x647.jpg 768w\" sizes=\"(max-width: 1000px) 100vw, 1000px\" \/><figcaption class=\"wp-element-caption\">Pflanzen-Verpackungsdesign f\u00fcr Kakteen Anzuchtset von Anja B<\/figcaption><\/figure>\n\n\n\n<figure class=\"wp-block-image size-large\"><img loading=\"lazy\" decoding=\"async\" width=\"800\" height=\"504\" data-id=\"18820\" src=\"https:\/\/www.designenlassen.de\/blog\/wp-content\/uploads\/2019\/11\/Kosmetik-Verpackung-Olivine-Intensivcreme-652613-frauherrig.jpg\" alt=\"Kosmetik Verpackung Olivine Intensivcreme\" class=\"wp-image-18820\" srcset=\"https:\/\/www.designenlassen.de\/blog\/wp-content\/uploads\/2019\/11\/Kosmetik-Verpackung-Olivine-Intensivcreme-652613-frauherrig.jpg 800w, https:\/\/www.designenlassen.de\/blog\/wp-content\/uploads\/2019\/11\/Kosmetik-Verpackung-Olivine-Intensivcreme-652613-frauherrig-300x189.jpg 300w, https:\/\/www.designenlassen.de\/blog\/wp-content\/uploads\/2019\/11\/Kosmetik-Verpackung-Olivine-Intensivcreme-652613-frauherrig-768x484.jpg 768w, https:\/\/www.designenlassen.de\/blog\/wp-content\/uploads\/2019\/11\/Kosmetik-Verpackung-Olivine-Intensivcreme-652613-frauherrig-585x369.jpg 585w, https:\/\/www.designenlassen.de\/blog\/wp-content\/uploads\/2019\/11\/Kosmetik-Verpackung-Olivine-Intensivcreme-652613-frauherrig-600x378.jpg 600w\" sizes=\"(max-width: 800px) 100vw, 800px\" \/><\/figure>\n\n\n\n<figure class=\"wp-block-image size-large\"><img loading=\"lazy\" decoding=\"async\" width=\"338\" height=\"338\" data-id=\"18517\" src=\"https:\/\/www.designenlassen.de\/blog\/wp-content\/uploads\/2019\/11\/Schokolade-Edelmond-Design-Produktverpackung-675216.jpg\" alt=\"Schokolade Edelmond Design Produktverpackung\" class=\"wp-image-18517\" srcset=\"https:\/\/www.designenlassen.de\/blog\/wp-content\/uploads\/2019\/11\/Schokolade-Edelmond-Design-Produktverpackung-675216.jpg 338w, https:\/\/www.designenlassen.de\/blog\/wp-content\/uploads\/2019\/11\/Schokolade-Edelmond-Design-Produktverpackung-675216-150x150.jpg 150w, https:\/\/www.designenlassen.de\/blog\/wp-content\/uploads\/2019\/11\/Schokolade-Edelmond-Design-Produktverpackung-675216-300x300.jpg 300w\" sizes=\"(max-width: 338px) 100vw, 338px\" \/><\/figure>\n\n\n\n<figure class=\"wp-block-image size-large\"><img loading=\"lazy\" decoding=\"async\" width=\"500\" height=\"500\" data-id=\"25630\" src=\"https:\/\/www.designenlassen.de\/blog\/wp-content\/uploads\/2022\/05\/popup_53_189175.jpg\" alt=\"Kaffeeverpackung\" class=\"wp-image-25630\" srcset=\"https:\/\/www.designenlassen.de\/blog\/wp-content\/uploads\/2022\/05\/popup_53_189175.jpg 500w, https:\/\/www.designenlassen.de\/blog\/wp-content\/uploads\/2022\/05\/popup_53_189175-300x300.jpg 300w, https:\/\/www.designenlassen.de\/blog\/wp-content\/uploads\/2022\/05\/popup_53_189175-150x150.jpg 150w\" sizes=\"(max-width: 500px) 100vw, 500px\" \/><\/figure>\n\n\n\n<figure class=\"wp-block-image size-large\"><img loading=\"lazy\" decoding=\"async\" width=\"338\" height=\"338\" data-id=\"18516\" src=\"https:\/\/www.designenlassen.de\/blog\/wp-content\/uploads\/2019\/11\/Produktdesign-Dentafresh-Feel-Goodz-737394.png\" alt=\"Produktdesign Dentafresh Feel Goodz\" class=\"wp-image-18516\" srcset=\"https:\/\/www.designenlassen.de\/blog\/wp-content\/uploads\/2019\/11\/Produktdesign-Dentafresh-Feel-Goodz-737394.png 338w, https:\/\/www.designenlassen.de\/blog\/wp-content\/uploads\/2019\/11\/Produktdesign-Dentafresh-Feel-Goodz-737394-150x150.png 150w, https:\/\/www.designenlassen.de\/blog\/wp-content\/uploads\/2019\/11\/Produktdesign-Dentafresh-Feel-Goodz-737394-300x300.png 300w\" sizes=\"(max-width: 338px) 100vw, 338px\" \/><\/figure>\n<\/figure>\n\n\n\n<div style=\"height:24px\" aria-hidden=\"true\" class=\"wp-block-spacer\"><\/div>\n\n\n\n<h3 class=\"wp-block-heading\">Trendige Verpackungen<\/h3>\n\n\n\n<p>Trendige Designs zeichnen sich oft durch eine Kombination verschiedener Stile aus, wie zum Beispiel eine opulente Marke, die von Minimalismus inspiriert ist. Gleichzeitig stehen trendige Verpackungsdesigns auch f\u00fcr die Suche nach neuen und modernen Looks.<\/p>\n\n\n\n<figure class=\"wp-block-gallery has-nested-images columns-default is-cropped wp-block-gallery-7 is-layout-flex wp-block-gallery-is-layout-flex\">\n<figure class=\"wp-block-image size-large\"><img loading=\"lazy\" decoding=\"async\" width=\"395\" height=\"520\" data-id=\"25666\" src=\"https:\/\/www.designenlassen.de\/blog\/wp-content\/uploads\/2022\/05\/hero_verpackungsdesign_Porridge_971876-1.jpg\" alt=\"\" class=\"wp-image-25666\" srcset=\"https:\/\/www.designenlassen.de\/blog\/wp-content\/uploads\/2022\/05\/hero_verpackungsdesign_Porridge_971876-1.jpg 395w, https:\/\/www.designenlassen.de\/blog\/wp-content\/uploads\/2022\/05\/hero_verpackungsdesign_Porridge_971876-1-228x300.jpg 228w\" sizes=\"(max-width: 395px) 100vw, 395px\" \/><\/figure>\n\n\n\n<figure class=\"wp-block-image size-large\"><img loading=\"lazy\" decoding=\"async\" width=\"500\" height=\"500\" data-id=\"25509\" src=\"https:\/\/www.designenlassen.de\/blog\/wp-content\/uploads\/2022\/02\/Nachhaltiges-Verpackungsdesign_3.jpg\" alt=\"\" class=\"wp-image-25509\" srcset=\"https:\/\/www.designenlassen.de\/blog\/wp-content\/uploads\/2022\/02\/Nachhaltiges-Verpackungsdesign_3.jpg 500w, https:\/\/www.designenlassen.de\/blog\/wp-content\/uploads\/2022\/02\/Nachhaltiges-Verpackungsdesign_3-300x300.jpg 300w, https:\/\/www.designenlassen.de\/blog\/wp-content\/uploads\/2022\/02\/Nachhaltiges-Verpackungsdesign_3-150x150.jpg 150w\" sizes=\"(max-width: 500px) 100vw, 500px\" \/><\/figure>\n\n\n\n<figure class=\"wp-block-image size-large\"><img loading=\"lazy\" decoding=\"async\" width=\"800\" height=\"513\" data-id=\"18809\" src=\"https:\/\/www.designenlassen.de\/blog\/wp-content\/uploads\/2019\/11\/Kosmetik-Verpackung-Beauty-Wimpern-Extensions-271644-cernst.jpg\" alt=\"Kosmetik-Verpackung-Beauty-Wimpern-Extensions\" class=\"wp-image-18809\" srcset=\"https:\/\/www.designenlassen.de\/blog\/wp-content\/uploads\/2019\/11\/Kosmetik-Verpackung-Beauty-Wimpern-Extensions-271644-cernst.jpg 800w, https:\/\/www.designenlassen.de\/blog\/wp-content\/uploads\/2019\/11\/Kosmetik-Verpackung-Beauty-Wimpern-Extensions-271644-cernst-300x192.jpg 300w, https:\/\/www.designenlassen.de\/blog\/wp-content\/uploads\/2019\/11\/Kosmetik-Verpackung-Beauty-Wimpern-Extensions-271644-cernst-768x492.jpg 768w\" sizes=\"(max-width: 800px) 100vw, 800px\" \/><\/figure>\n\n\n\n<figure class=\"wp-block-image size-large\"><img loading=\"lazy\" decoding=\"async\" width=\"338\" height=\"338\" data-id=\"18521\" src=\"https:\/\/www.designenlassen.de\/blog\/wp-content\/uploads\/2019\/11\/Primekitchen-Individuelle-Verpackungen-Salz-und-Pfefferm\u00fchle-992665-1.jpg\" alt=\"Primekitchen Individuelle Verpackungen Salz und Pfefferm\u00fchle\" class=\"wp-image-18521\" srcset=\"https:\/\/www.designenlassen.de\/blog\/wp-content\/uploads\/2019\/11\/Primekitchen-Individuelle-Verpackungen-Salz-und-Pfefferm\u00fchle-992665-1.jpg 338w, https:\/\/www.designenlassen.de\/blog\/wp-content\/uploads\/2019\/11\/Primekitchen-Individuelle-Verpackungen-Salz-und-Pfefferm\u00fchle-992665-1-150x150.jpg 150w, https:\/\/www.designenlassen.de\/blog\/wp-content\/uploads\/2019\/11\/Primekitchen-Individuelle-Verpackungen-Salz-und-Pfefferm\u00fchle-992665-1-300x300.jpg 300w\" sizes=\"(max-width: 338px) 100vw, 338px\" \/><\/figure>\n\n\n\n<figure class=\"wp-block-image size-large\"><img loading=\"lazy\" decoding=\"async\" width=\"800\" height=\"469\" data-id=\"18522\" src=\"https:\/\/www.designenlassen.de\/blog\/wp-content\/uploads\/2019\/11\/Verpackung-Produkt-Selbstgie\u00dfender-Pflanzentopf-119584-1.png\" alt=\"Verpackung Produkt Selbstgie\u00dfender Pflanzentopf\" class=\"wp-image-18522\" srcset=\"https:\/\/www.designenlassen.de\/blog\/wp-content\/uploads\/2019\/11\/Verpackung-Produkt-Selbstgie\u00dfender-Pflanzentopf-119584-1.png 800w, https:\/\/www.designenlassen.de\/blog\/wp-content\/uploads\/2019\/11\/Verpackung-Produkt-Selbstgie\u00dfender-Pflanzentopf-119584-1-300x176.png 300w, https:\/\/www.designenlassen.de\/blog\/wp-content\/uploads\/2019\/11\/Verpackung-Produkt-Selbstgie\u00dfender-Pflanzentopf-119584-1-768x450.png 768w\" sizes=\"(max-width: 800px) 100vw, 800px\" \/><\/figure>\n\n\n\n<figure class=\"wp-block-image size-large\"><img loading=\"lazy\" decoding=\"async\" width=\"338\" height=\"338\" data-id=\"18495\" src=\"https:\/\/www.designenlassen.de\/blog\/wp-content\/uploads\/2019\/11\/Produktverpackung-Design-Kumanu-Brotbeutel-611342.jpg\" alt=\"Produktverpackung Design Kumanu Brotbeutel\" class=\"wp-image-18495\" srcset=\"https:\/\/www.designenlassen.de\/blog\/wp-content\/uploads\/2019\/11\/Produktverpackung-Design-Kumanu-Brotbeutel-611342.jpg 338w, https:\/\/www.designenlassen.de\/blog\/wp-content\/uploads\/2019\/11\/Produktverpackung-Design-Kumanu-Brotbeutel-611342-150x150.jpg 150w, https:\/\/www.designenlassen.de\/blog\/wp-content\/uploads\/2019\/11\/Produktverpackung-Design-Kumanu-Brotbeutel-611342-300x300.jpg 300w\" sizes=\"(max-width: 338px) 100vw, 338px\" \/><\/figure>\n\n\n\n<figure class=\"wp-block-image size-large\"><img loading=\"lazy\" decoding=\"async\" width=\"338\" height=\"338\" data-id=\"18807\" src=\"https:\/\/www.designenlassen.de\/blog\/wp-content\/uploads\/2019\/11\/Kosmetik-Verpackung-Dentafresh-737394-lauradesign.jpg\" alt=\"Kosmetik-Verpackung-Dentafresh\" class=\"wp-image-18807\" srcset=\"https:\/\/www.designenlassen.de\/blog\/wp-content\/uploads\/2019\/11\/Kosmetik-Verpackung-Dentafresh-737394-lauradesign.jpg 338w, https:\/\/www.designenlassen.de\/blog\/wp-content\/uploads\/2019\/11\/Kosmetik-Verpackung-Dentafresh-737394-lauradesign-150x150.jpg 150w, https:\/\/www.designenlassen.de\/blog\/wp-content\/uploads\/2019\/11\/Kosmetik-Verpackung-Dentafresh-737394-lauradesign-300x300.jpg 300w\" sizes=\"(max-width: 338px) 100vw, 338px\" \/><\/figure>\n\n\n\n<figure class=\"wp-block-image size-large\"><img loading=\"lazy\" decoding=\"async\" width=\"800\" height=\"440\" data-id=\"21578\" src=\"https:\/\/www.designenlassen.de\/blog\/wp-content\/uploads\/2020\/07\/Breakfresh-Logo-Design-f\u00fcr-Essen-731653-javier182.png\" alt=\"Breakfresh-Logo-Design-f\u00fcr-Essen\" class=\"wp-image-21578\" srcset=\"https:\/\/www.designenlassen.de\/blog\/wp-content\/uploads\/2020\/07\/Breakfresh-Logo-Design-f\u00fcr-Essen-731653-javier182.png 800w, https:\/\/www.designenlassen.de\/blog\/wp-content\/uploads\/2020\/07\/Breakfresh-Logo-Design-f\u00fcr-Essen-731653-javier182-300x165.png 300w, https:\/\/www.designenlassen.de\/blog\/wp-content\/uploads\/2020\/07\/Breakfresh-Logo-Design-f\u00fcr-Essen-731653-javier182-768x422.png 768w\" sizes=\"(max-width: 800px) 100vw, 800px\" \/><\/figure>\n\n\n\n<figure class=\"wp-block-image size-large\"><img loading=\"lazy\" decoding=\"async\" width=\"800\" height=\"542\" data-id=\"23774\" src=\"https:\/\/www.designenlassen.de\/blog\/wp-content\/uploads\/2021\/03\/Muskattrollinger-Rose-Qualitaetswein-Logo-Design-fuer-Wein-758495-creativetoolkit.jpg\" alt=\"Muskattrollinger-Rose-Qualitaetswein-Logo-Design-fuer-Wein\" class=\"wp-image-23774\" srcset=\"https:\/\/www.designenlassen.de\/blog\/wp-content\/uploads\/2021\/03\/Muskattrollinger-Rose-Qualitaetswein-Logo-Design-fuer-Wein-758495-creativetoolkit.jpg 800w, https:\/\/www.designenlassen.de\/blog\/wp-content\/uploads\/2021\/03\/Muskattrollinger-Rose-Qualitaetswein-Logo-Design-fuer-Wein-758495-creativetoolkit-300x203.jpg 300w, https:\/\/www.designenlassen.de\/blog\/wp-content\/uploads\/2021\/03\/Muskattrollinger-Rose-Qualitaetswein-Logo-Design-fuer-Wein-758495-creativetoolkit-768x520.jpg 768w\" sizes=\"(max-width: 800px) 100vw, 800px\" \/><\/figure>\n<\/figure>\n\n\n\n<div style=\"height:34px\" aria-hidden=\"true\" class=\"wp-block-spacer\"><\/div>\n\n\n\n<h3 class=\"wp-block-heading\">Farbenfrohe Produktverpackung<\/h3>\n\n\n\n<p>Wie w\u00e4re es mit bunt? Sanfte, farbenfrohe Farbt\u00f6ne wie Rosa, Blau und Violett, die sich vermischen und zu verschiedenen Farbkombinationen f\u00fchren ziehen alle Blicke auf sich.<\/p>\n\n\n\n<figure class=\"wp-block-gallery has-nested-images columns-2 is-cropped wp-block-gallery-8 is-layout-flex wp-block-gallery-is-layout-flex\">\n<figure class=\"wp-block-image size-large\"><img loading=\"lazy\" decoding=\"async\" width=\"800\" height=\"623\" data-id=\"18515\" src=\"https:\/\/www.designenlassen.de\/blog\/wp-content\/uploads\/2019\/11\/Mayo-Produktverpackung-Design-762753.png\" alt=\"Mayo Produktverpackung Design\" class=\"wp-image-18515\" srcset=\"https:\/\/www.designenlassen.de\/blog\/wp-content\/uploads\/2019\/11\/Mayo-Produktverpackung-Design-762753.png 800w, https:\/\/www.designenlassen.de\/blog\/wp-content\/uploads\/2019\/11\/Mayo-Produktverpackung-Design-762753-300x234.png 300w, https:\/\/www.designenlassen.de\/blog\/wp-content\/uploads\/2019\/11\/Mayo-Produktverpackung-Design-762753-768x598.png 768w\" sizes=\"(max-width: 800px) 100vw, 800px\" \/><\/figure>\n\n\n\n<figure class=\"wp-block-image size-large\"><img loading=\"lazy\" decoding=\"async\" width=\"913\" height=\"525\" data-id=\"13411\" src=\"https:\/\/www.designenlassen.de\/blog\/wp-content\/uploads\/2018\/08\/Bierflasche-Etikett-Verpackungsdesign-Boheme.png\" alt=\"Bierflasche Etikett Verpackungsdesign Boheme\" class=\"wp-image-13411\" srcset=\"https:\/\/www.designenlassen.de\/blog\/wp-content\/uploads\/2018\/08\/Bierflasche-Etikett-Verpackungsdesign-Boheme.png 913w, https:\/\/www.designenlassen.de\/blog\/wp-content\/uploads\/2018\/08\/Bierflasche-Etikett-Verpackungsdesign-Boheme-300x173.png 300w, https:\/\/www.designenlassen.de\/blog\/wp-content\/uploads\/2018\/08\/Bierflasche-Etikett-Verpackungsdesign-Boheme-768x442.png 768w\" sizes=\"(max-width: 913px) 100vw, 913px\" \/><\/figure>\n\n\n\n<figure class=\"wp-block-image size-large\"><img loading=\"lazy\" decoding=\"async\" width=\"1024\" height=\"1024\" data-id=\"13409\" src=\"https:\/\/www.designenlassen.de\/blog\/wp-content\/uploads\/2018\/08\/Verpackungsdesign-Bierflasche-Luftpost-1024x1024.jpg\" alt=\"Verpackungsdesign Bierflasche Luftpost\" class=\"wp-image-13409\" srcset=\"https:\/\/www.designenlassen.de\/blog\/wp-content\/uploads\/2018\/08\/Verpackungsdesign-Bierflasche-Luftpost-1024x1024.jpg 1024w, https:\/\/www.designenlassen.de\/blog\/wp-content\/uploads\/2018\/08\/Verpackungsdesign-Bierflasche-Luftpost-150x150.jpg 150w, https:\/\/www.designenlassen.de\/blog\/wp-content\/uploads\/2018\/08\/Verpackungsdesign-Bierflasche-Luftpost-300x300.jpg 300w, https:\/\/www.designenlassen.de\/blog\/wp-content\/uploads\/2018\/08\/Verpackungsdesign-Bierflasche-Luftpost-768x768.jpg 768w, https:\/\/www.designenlassen.de\/blog\/wp-content\/uploads\/2018\/08\/Verpackungsdesign-Bierflasche-Luftpost.jpg 1500w\" sizes=\"(max-width: 1024px) 100vw, 1024px\" \/><\/figure>\n\n\n\n<figure class=\"wp-block-image size-large\"><img loading=\"lazy\" decoding=\"async\" width=\"800\" height=\"429\" data-id=\"18810\" src=\"https:\/\/www.designenlassen.de\/blog\/wp-content\/uploads\/2019\/11\/Kosmetik-Verpackung-BA-Beauty-Box-329584-printworks.jpg\" alt=\"Kosmetik-Verpackung-BA-Beauty-Box\" class=\"wp-image-18810\" srcset=\"https:\/\/www.designenlassen.de\/blog\/wp-content\/uploads\/2019\/11\/Kosmetik-Verpackung-BA-Beauty-Box-329584-printworks.jpg 800w, https:\/\/www.designenlassen.de\/blog\/wp-content\/uploads\/2019\/11\/Kosmetik-Verpackung-BA-Beauty-Box-329584-printworks-300x161.jpg 300w, https:\/\/www.designenlassen.de\/blog\/wp-content\/uploads\/2019\/11\/Kosmetik-Verpackung-BA-Beauty-Box-329584-printworks-768x412.jpg 768w\" sizes=\"(max-width: 800px) 100vw, 800px\" \/><\/figure>\n\n\n\n<figure class=\"wp-block-image size-full\"><img loading=\"lazy\" decoding=\"async\" width=\"338\" height=\"338\" data-id=\"18496\" src=\"https:\/\/www.designenlassen.de\/blog\/wp-content\/uploads\/2019\/11\/Produktverpackung-Luvos-676422.png\" alt=\"\" class=\"wp-image-18496\" srcset=\"https:\/\/www.designenlassen.de\/blog\/wp-content\/uploads\/2019\/11\/Produktverpackung-Luvos-676422.png 338w, https:\/\/www.designenlassen.de\/blog\/wp-content\/uploads\/2019\/11\/Produktverpackung-Luvos-676422-150x150.png 150w, https:\/\/www.designenlassen.de\/blog\/wp-content\/uploads\/2019\/11\/Produktverpackung-Luvos-676422-300x300.png 300w\" sizes=\"(max-width: 338px) 100vw, 338px\" \/><\/figure>\n\n\n\n<figure class=\"wp-block-image size-large\"><img loading=\"lazy\" decoding=\"async\" width=\"1024\" height=\"1024\" data-id=\"18487\" src=\"https:\/\/www.designenlassen.de\/blog\/wp-content\/uploads\/2019\/11\/Edelmond-Schokoladen-Verpackung-Farbenfroh-675216-1024x1024.jpg\" alt=\"\" class=\"wp-image-18487\" srcset=\"https:\/\/www.designenlassen.de\/blog\/wp-content\/uploads\/2019\/11\/Edelmond-Schokoladen-Verpackung-Farbenfroh-675216-1024x1024.jpg 1024w, https:\/\/www.designenlassen.de\/blog\/wp-content\/uploads\/2019\/11\/Edelmond-Schokoladen-Verpackung-Farbenfroh-675216-150x150.jpg 150w, https:\/\/www.designenlassen.de\/blog\/wp-content\/uploads\/2019\/11\/Edelmond-Schokoladen-Verpackung-Farbenfroh-675216-300x300.jpg 300w, https:\/\/www.designenlassen.de\/blog\/wp-content\/uploads\/2019\/11\/Edelmond-Schokoladen-Verpackung-Farbenfroh-675216-768x768.jpg 768w, https:\/\/www.designenlassen.de\/blog\/wp-content\/uploads\/2019\/11\/Edelmond-Schokoladen-Verpackung-Farbenfroh-675216.jpg 1200w\" sizes=\"(max-width: 1024px) 100vw, 1024px\" \/><\/figure>\n<\/figure>\n\n\n\n<div style=\"height:24px\" aria-hidden=\"true\" class=\"wp-block-spacer\"><\/div>\n\n\n\n<h3 class=\"wp-block-heading\">Luxuri\u00f6ses Verpackungsdesign<\/h3>\n\n\n\n<p>Au\u00dfergew\u00f6hnliche Veredelungen, Pr\u00e4gungen mit Silber- und Goldelementen \u2013 Einfachheit ist das Grundprinzip f\u00fcr luxuri\u00f6se Produkte.<\/p>\n\n\n\n<figure class=\"wp-block-gallery has-nested-images columns-default is-cropped wp-block-gallery-9 is-layout-flex wp-block-gallery-is-layout-flex\">\n<figure class=\"wp-block-image size-large\"><img loading=\"lazy\" decoding=\"async\" width=\"1024\" height=\"777\" data-id=\"23338\" src=\"https:\/\/www.designenlassen.de\/blog\/wp-content\/uploads\/2021\/02\/Vitalsteps_Produkt-1024x777.jpg\" alt=\"Vitalsteps Produkt Mockup\" class=\"wp-image-23338\" srcset=\"https:\/\/www.designenlassen.de\/blog\/wp-content\/uploads\/2021\/02\/Vitalsteps_Produkt-1024x777.jpg 1024w, https:\/\/www.designenlassen.de\/blog\/wp-content\/uploads\/2021\/02\/Vitalsteps_Produkt-300x228.jpg 300w, https:\/\/www.designenlassen.de\/blog\/wp-content\/uploads\/2021\/02\/Vitalsteps_Produkt-768x582.jpg 768w, https:\/\/www.designenlassen.de\/blog\/wp-content\/uploads\/2021\/02\/Vitalsteps_Produkt-1536x1165.jpg 1536w, https:\/\/www.designenlassen.de\/blog\/wp-content\/uploads\/2021\/02\/Vitalsteps_Produkt-2048x1553.jpg 2048w\" sizes=\"(max-width: 1024px) 100vw, 1024px\" \/><figcaption class=\"wp-element-caption\">Mockup-Design f\u00fcr Vitalsteps von AD80<\/figcaption><\/figure>\n\n\n\n<figure class=\"wp-block-image size-large\"><img loading=\"lazy\" decoding=\"async\" width=\"338\" height=\"338\" data-id=\"18525\" src=\"https:\/\/www.designenlassen.de\/blog\/wp-content\/uploads\/2019\/11\/DelMartin-Zigarren-Produktverpackung-Auff\u00e4llig-273187-1.jpg\" alt=\"DelMartin Zigarren Produktverpackung Auff\u00e4llig\" class=\"wp-image-18525\" srcset=\"https:\/\/www.designenlassen.de\/blog\/wp-content\/uploads\/2019\/11\/DelMartin-Zigarren-Produktverpackung-Auff\u00e4llig-273187-1.jpg 338w, https:\/\/www.designenlassen.de\/blog\/wp-content\/uploads\/2019\/11\/DelMartin-Zigarren-Produktverpackung-Auff\u00e4llig-273187-1-150x150.jpg 150w, https:\/\/www.designenlassen.de\/blog\/wp-content\/uploads\/2019\/11\/DelMartin-Zigarren-Produktverpackung-Auff\u00e4llig-273187-1-300x300.jpg 300w\" sizes=\"(max-width: 338px) 100vw, 338px\" \/><\/figure>\n\n\n\n<figure class=\"wp-block-image size-large\"><img loading=\"lazy\" decoding=\"async\" width=\"1024\" height=\"836\" data-id=\"13405\" src=\"https:\/\/www.designenlassen.de\/blog\/wp-content\/uploads\/2018\/08\/Verpackungsdesign-Dose-Matcha-edel-Matcha2Travel-1024x836.jpg\" alt=\"Verpackungsdesign Dose Matcha edel Matcha2Travel\" class=\"wp-image-13405\" srcset=\"https:\/\/www.designenlassen.de\/blog\/wp-content\/uploads\/2018\/08\/Verpackungsdesign-Dose-Matcha-edel-Matcha2Travel-1024x836.jpg 1024w, https:\/\/www.designenlassen.de\/blog\/wp-content\/uploads\/2018\/08\/Verpackungsdesign-Dose-Matcha-edel-Matcha2Travel-300x245.jpg 300w, https:\/\/www.designenlassen.de\/blog\/wp-content\/uploads\/2018\/08\/Verpackungsdesign-Dose-Matcha-edel-Matcha2Travel-768x627.jpg 768w, https:\/\/www.designenlassen.de\/blog\/wp-content\/uploads\/2018\/08\/Verpackungsdesign-Dose-Matcha-edel-Matcha2Travel.jpg 1347w\" sizes=\"(max-width: 1024px) 100vw, 1024px\" \/><figcaption class=\"wp-element-caption\">Produkt-Design f\u00fcr Vitalsteps von AD80<\/figcaption><\/figure>\n\n\n\n<figure class=\"wp-block-image size-large\"><img loading=\"lazy\" decoding=\"async\" width=\"338\" height=\"338\" data-id=\"18488\" src=\"https:\/\/www.designenlassen.de\/blog\/wp-content\/uploads\/2019\/11\/Farbige-Produktverpackung-Zartbitter-Schokolade-675216.jpg\" alt=\"Farbige-Produktverpackung-Zartbitter-Schokolade\" class=\"wp-image-18488\" srcset=\"https:\/\/www.designenlassen.de\/blog\/wp-content\/uploads\/2019\/11\/Farbige-Produktverpackung-Zartbitter-Schokolade-675216.jpg 338w, https:\/\/www.designenlassen.de\/blog\/wp-content\/uploads\/2019\/11\/Farbige-Produktverpackung-Zartbitter-Schokolade-675216-150x150.jpg 150w, https:\/\/www.designenlassen.de\/blog\/wp-content\/uploads\/2019\/11\/Farbige-Produktverpackung-Zartbitter-Schokolade-675216-300x300.jpg 300w\" sizes=\"(max-width: 338px) 100vw, 338px\" \/><\/figure>\n\n\n\n<figure class=\"wp-block-image size-large\"><img loading=\"lazy\" decoding=\"async\" width=\"1000\" height=\"1000\" data-id=\"18489\" src=\"https:\/\/www.designenlassen.de\/blog\/wp-content\/uploads\/2019\/11\/Produktverpackung-Einzigartigkeit-Matcha-Tee-191953.jpg\" alt=\"Produktverpackung-Einzigartigkeit-Matcha-Tee-191953\" class=\"wp-image-18489\" srcset=\"https:\/\/www.designenlassen.de\/blog\/wp-content\/uploads\/2019\/11\/Produktverpackung-Einzigartigkeit-Matcha-Tee-191953.jpg 1000w, https:\/\/www.designenlassen.de\/blog\/wp-content\/uploads\/2019\/11\/Produktverpackung-Einzigartigkeit-Matcha-Tee-191953-150x150.jpg 150w, https:\/\/www.designenlassen.de\/blog\/wp-content\/uploads\/2019\/11\/Produktverpackung-Einzigartigkeit-Matcha-Tee-191953-300x300.jpg 300w, https:\/\/www.designenlassen.de\/blog\/wp-content\/uploads\/2019\/11\/Produktverpackung-Einzigartigkeit-Matcha-Tee-191953-768x768.jpg 768w\" sizes=\"(max-width: 1000px) 100vw, 1000px\" \/><\/figure>\n\n\n\n<figure class=\"wp-block-image size-large\"><img loading=\"lazy\" decoding=\"async\" width=\"1024\" height=\"1024\" data-id=\"22425\" src=\"https:\/\/www.designenlassen.de\/blog\/wp-content\/uploads\/2020\/09\/Produkt_Foto-1024x1024.png\" alt=\"\" class=\"wp-image-22425\" srcset=\"https:\/\/www.designenlassen.de\/blog\/wp-content\/uploads\/2020\/09\/Produkt_Foto-1024x1024.png 1024w, https:\/\/www.designenlassen.de\/blog\/wp-content\/uploads\/2020\/09\/Produkt_Foto-300x300.png 300w, https:\/\/www.designenlassen.de\/blog\/wp-content\/uploads\/2020\/09\/Produkt_Foto-150x150.png 150w, https:\/\/www.designenlassen.de\/blog\/wp-content\/uploads\/2020\/09\/Produkt_Foto-768x768.png 768w, https:\/\/www.designenlassen.de\/blog\/wp-content\/uploads\/2020\/09\/Produkt_Foto.png 1080w\" sizes=\"(max-width: 1024px) 100vw, 1024px\" \/><\/figure>\n\n\n\n<figure class=\"wp-block-image size-large\"><img loading=\"lazy\" decoding=\"async\" width=\"800\" height=\"567\" data-id=\"22277\" src=\"https:\/\/www.designenlassen.de\/blog\/wp-content\/uploads\/2020\/09\/Auftraggeber-Interview-designenlassen.de-Zichorienkaffee.jpeg\" alt=\"\" class=\"wp-image-22277\" srcset=\"https:\/\/www.designenlassen.de\/blog\/wp-content\/uploads\/2020\/09\/Auftraggeber-Interview-designenlassen.de-Zichorienkaffee.jpeg 800w, https:\/\/www.designenlassen.de\/blog\/wp-content\/uploads\/2020\/09\/Auftraggeber-Interview-designenlassen.de-Zichorienkaffee-300x213.jpeg 300w, https:\/\/www.designenlassen.de\/blog\/wp-content\/uploads\/2020\/09\/Auftraggeber-Interview-designenlassen.de-Zichorienkaffee-768x544.jpeg 768w\" sizes=\"(max-width: 800px) 100vw, 800px\" \/><\/figure>\n\n\n\n<figure class=\"wp-block-image size-large\"><img loading=\"lazy\" decoding=\"async\" width=\"800\" height=\"533\" data-id=\"18824\" src=\"https:\/\/www.designenlassen.de\/blog\/wp-content\/uploads\/2019\/11\/Kosmetikverpackung-Argan\u00f6l-513757-S-GRAPHICS.jpg\" alt=\"Kosmetikverpackung Argan\u00f6l\" class=\"wp-image-18824\" srcset=\"https:\/\/www.designenlassen.de\/blog\/wp-content\/uploads\/2019\/11\/Kosmetikverpackung-Argan\u00f6l-513757-S-GRAPHICS.jpg 800w, https:\/\/www.designenlassen.de\/blog\/wp-content\/uploads\/2019\/11\/Kosmetikverpackung-Argan\u00f6l-513757-S-GRAPHICS-300x200.jpg 300w, https:\/\/www.designenlassen.de\/blog\/wp-content\/uploads\/2019\/11\/Kosmetikverpackung-Argan\u00f6l-513757-S-GRAPHICS-768x512.jpg 768w\" sizes=\"(max-width: 800px) 100vw, 800px\" \/><\/figure>\n<\/figure>\n\n\n\n<div style=\"height:24px\" aria-hidden=\"true\" class=\"wp-block-spacer\"><\/div>\n\n\n\n<h2 class=\"wp-block-heading\">Fazit: Einzigartiges Verpackungsdesign<\/h2>\n\n\n\n<p>Ein gutes Verpackungsdesign ist oftmals der kleine Unterschied zwischen einem Kassenschlager und einem Ladenh\u00fcter. Um ein solches Design zu entwickeln, sollte man die Bed\u00fcrfnisse der Zielgruppe genau analysieren und ein einzigartiges Design schaffen, das sich von der Konkurrenz abhebt. Funktionalit\u00e4t, Gr\u00f6\u00dfe, Material und Nachhaltigkeit sind ebenfalls wichtige Faktoren, die bei der Gestaltung ber\u00fccksichtigt werden sollten. Das Verpackungsdesign sollte auch konsistent mit dem <a href=\"https:\/\/www.designenlassen.de\/blog\/corporate-design\/\">Corporate Design<\/a> sein und eine unverwechselbare <a href=\"https:\/\/www.designenlassen.de\/blog\/markenbotschaft-so-wirst-du-zur-marke-nummer-1\/\">(Werbe-)Botschaft<\/a> \u00fcberbringen.<\/p>\n\n\n\n<p>Damit Deine Verpackung auf ganzer Linie \u00fcberzeugt, helfen Dir unsere zahlreichen Profi-Designer bei der Gestaltung Deines Designs.<\/p>\n\n\n\n<div style=\"height:13px\" aria-hidden=\"true\" class=\"wp-block-spacer\"><\/div>\n\n\n\n<div class=\"wp-block-buttons is-content-justification-center is-layout-flex wp-container-core-buttons-is-layout-16018d1d wp-block-buttons-is-layout-flex\">\n<div class=\"wp-block-button is-style-fill\"><a class=\"wp-block-button__link has-white-color has-text-color has-background has-text-align-left wp-element-button\" href=\"https:\/\/www.designenlassen.de\/verpackungsdesign?utm_source=blog&amp;utm_medium=button&amp;utm_campaign=blog-beitraege\" style=\"background-color:#091182\">Jetzt Verpackungsdesign erstellen<\/a><\/div>\n<\/div>\n\n\n\n<div style=\"height:34px\" aria-hidden=\"true\" class=\"wp-block-spacer\"><\/div>\n\n\n\n<h2 class=\"wp-block-heading\">FAQS zu Verpackungsdesign<\/h2>\n\n\n\n<h3 class=\"wp-block-heading\">Welche Rolle spielt die Gesetzgebung beim Verpackungsdesign 2026 in der EU? <\/h3>\n\n\n\n<p>Die EU treibt die Kreislaufwirtschaft massiv voran. Die Verpackungsverordnung (PPWR) zielt darauf ab, Verpackungsabf\u00e4lle zu reduzieren die Wiederverwendung zu f\u00f6rdern. Das bedeutet strengere Anforderungen an die Recyclingf\u00e4higkeit, die Reduzierung von Leerraum und das Verbot bestimmter Einwegverpackungen. Dein Design muss diese gesetzlichen Vorgaben unbedingt erf\u00fcllen, um zukunftssicher zu sein.<\/p>\n\n\n\n<h3 class=\"wp-block-heading\">Wie kann ich sicherstellen, dass mein &#8222;Quiet Luxury&#8220; Design nicht langweilig wirkt? <\/h3>\n\n\n\n<p>Der Schl\u00fcssel liegt in der Haptik und den Details. Verwende hochwertige Veredelungen wie Pr\u00e4gungen, partielle UV-Lacke oder ungew\u00f6hnliche Texturen. Die <a href=\"https:\/\/www.designenlassen.de\/blog\/farbenlehre-die-macht-der-farben-verstehen\/\">Farbe<\/a> sollte zwar gedeckt sein, aber die Qualit\u00e4t des Materials (z.B. ein schwerer Karton) und die Pr\u00e4zision der Verarbeitung machen den Unterschied. Der Luxus liegt in der Erfahrung, nicht im lauten Branding.<\/p>\n\n\n\n<h3 class=\"wp-block-heading\">Ist &#8222;Paperization&#8220; wirklich die einzige nachhaltige L\u00f6sung f\u00fcr 2026? <\/h3>\n\n\n\n<p>Nein, es ist eine der dominantesten, aber nicht die einzige. Die Kreislaufwirtschaft umfasst auch innovative, hochrecycelbare Kunststoffe (Monostoffe) oder Mehrwegsysteme. &#8222;Paperization&#8220; ist jedoch oft die einfachste und am besten akzeptierte L\u00f6sung f\u00fcr Einwegverpackungen, da die Recyclinginfrastruktur f\u00fcr Papier weltweit gut etabliert ist.<\/p>\n\n\n\n<p><\/p>\n","protected":false},"excerpt":{"rendered":"<p>Kaum betritt man den Laden begegnet uns ein Meer an eckige Schachtel und kleine Verpackungen jeder&hellip;<\/p>\n","protected":false},"author":24,"featured_media":25668,"comment_status":"open","ping_status":"closed","sticky":false,"template":"","format":"standard","meta":{"_lmt_disableupdate":"","_lmt_disable":"","footnotes":""},"categories":[1],"tags":[],"class_list":["post-26586","post","type-post","status-publish","format-standard","has-post-thumbnail","hentry","category-allgemein"],"yoast_head":"<!-- This site is optimized with the Yoast SEO plugin v26.7 - https:\/\/yoast.com\/wordpress\/plugins\/seo\/ -->\n<title>Verpackungsdesign: Alles, was Du 2026 wissen musst (+ 49 Beispiele)<\/title>\n<meta name=\"description\" content=\"Du suchst ein perfektes Verpackungsdesign? \u25ba Erfahre alles Wichtige, um verkaufsstarke Produktverpackungen zu designen. Tipps \u2713 Anleitung \u2713 u.v.m.\" \/>\n<meta name=\"robots\" content=\"index, follow, max-snippet:-1, max-image-preview:large, max-video-preview:-1\" \/>\n<link rel=\"canonical\" href=\"https:\/\/www.designenlassen.de\/blog\/verpackungsdesign-alles-was-du-wissen-musst\/\" \/>\n<meta property=\"og:locale\" content=\"de_DE\" \/>\n<meta property=\"og:type\" content=\"article\" \/>\n<meta property=\"og:title\" content=\"Verpackungsdesign: Alles, was Du 2026 wissen musst (+ 49 Beispiele)\" \/>\n<meta property=\"og:description\" content=\"Du suchst ein perfektes Verpackungsdesign? \u25ba Erfahre alles Wichtige, um verkaufsstarke Produktverpackungen zu designen. Tipps \u2713 Anleitung \u2713 u.v.m.\" \/>\n<meta property=\"og:url\" content=\"https:\/\/www.designenlassen.de\/blog\/verpackungsdesign-alles-was-du-wissen-musst\/\" \/>\n<meta property=\"og:site_name\" content=\"designenlassen.de Blog\" \/>\n<meta property=\"article:published_time\" content=\"2025-12-16T06:58:00+00:00\" \/>\n<meta property=\"article:modified_time\" content=\"2025-12-17T10:13:20+00:00\" \/>\n<meta property=\"og:image\" content=\"https:\/\/www.designenlassen.de\/blog\/wp-content\/uploads\/2022\/05\/popup_16_952176.png\" \/>\n\t<meta property=\"og:image:width\" content=\"500\" \/>\n\t<meta property=\"og:image:height\" content=\"500\" \/>\n\t<meta property=\"og:image:type\" content=\"image\/png\" \/>\n<meta name=\"author\" content=\"Patrick Schady\" \/>\n<meta name=\"twitter:card\" content=\"summary_large_image\" \/>\n<meta name=\"twitter:label1\" content=\"Verfasst von\" \/>\n\t<meta name=\"twitter:data1\" content=\"Patrick Schady\" \/>\n\t<meta name=\"twitter:label2\" content=\"Gesch\u00e4tzte Lesezeit\" \/>\n\t<meta name=\"twitter:data2\" content=\"20\u00a0Minuten\" \/>\n<script type=\"application\/ld+json\" class=\"yoast-schema-graph\">{\"@context\":\"https:\/\/schema.org\",\"@graph\":[{\"@type\":\"Article\",\"@id\":\"https:\/\/www.designenlassen.de\/blog\/verpackungsdesign-alles-was-du-wissen-musst\/#article\",\"isPartOf\":{\"@id\":\"https:\/\/www.designenlassen.de\/blog\/verpackungsdesign-alles-was-du-wissen-musst\/\"},\"author\":{\"name\":\"Patrick Schady\",\"@id\":\"https:\/\/www.designenlassen.de\/blog\/#\/schema\/person\/1e6e4a367ec0359155d5fbb01227c1ca\"},\"headline\":\"Verpackungsdesign: Alles, was Du 2026 wissen musst &#8211; mit 49 Beispielen\",\"datePublished\":\"2025-12-16T06:58:00+00:00\",\"dateModified\":\"2025-12-17T10:13:20+00:00\",\"mainEntityOfPage\":{\"@id\":\"https:\/\/www.designenlassen.de\/blog\/verpackungsdesign-alles-was-du-wissen-musst\/\"},\"wordCount\":1444,\"commentCount\":0,\"image\":{\"@id\":\"https:\/\/www.designenlassen.de\/blog\/verpackungsdesign-alles-was-du-wissen-musst\/#primaryimage\"},\"thumbnailUrl\":\"https:\/\/www.designenlassen.de\/blog\/wp-content\/uploads\/2022\/05\/popup_16_952176.png\",\"inLanguage\":\"de\",\"potentialAction\":[{\"@type\":\"CommentAction\",\"name\":\"Comment\",\"target\":[\"https:\/\/www.designenlassen.de\/blog\/verpackungsdesign-alles-was-du-wissen-musst\/#respond\"]}]},{\"@type\":\"WebPage\",\"@id\":\"https:\/\/www.designenlassen.de\/blog\/verpackungsdesign-alles-was-du-wissen-musst\/\",\"url\":\"https:\/\/www.designenlassen.de\/blog\/verpackungsdesign-alles-was-du-wissen-musst\/\",\"name\":\"Verpackungsdesign: Alles, was Du 2026 wissen musst (+ 49 Beispiele)\",\"isPartOf\":{\"@id\":\"https:\/\/www.designenlassen.de\/blog\/#website\"},\"primaryImageOfPage\":{\"@id\":\"https:\/\/www.designenlassen.de\/blog\/verpackungsdesign-alles-was-du-wissen-musst\/#primaryimage\"},\"image\":{\"@id\":\"https:\/\/www.designenlassen.de\/blog\/verpackungsdesign-alles-was-du-wissen-musst\/#primaryimage\"},\"thumbnailUrl\":\"https:\/\/www.designenlassen.de\/blog\/wp-content\/uploads\/2022\/05\/popup_16_952176.png\",\"datePublished\":\"2025-12-16T06:58:00+00:00\",\"dateModified\":\"2025-12-17T10:13:20+00:00\",\"author\":{\"@id\":\"https:\/\/www.designenlassen.de\/blog\/#\/schema\/person\/1e6e4a367ec0359155d5fbb01227c1ca\"},\"description\":\"Du suchst ein perfektes Verpackungsdesign? \u25ba Erfahre alles Wichtige, um verkaufsstarke Produktverpackungen zu designen. Tipps \u2713 Anleitung \u2713 u.v.m.\",\"breadcrumb\":{\"@id\":\"https:\/\/www.designenlassen.de\/blog\/verpackungsdesign-alles-was-du-wissen-musst\/#breadcrumb\"},\"inLanguage\":\"de\",\"potentialAction\":[{\"@type\":\"ReadAction\",\"target\":[\"https:\/\/www.designenlassen.de\/blog\/verpackungsdesign-alles-was-du-wissen-musst\/\"]}]},{\"@type\":\"ImageObject\",\"inLanguage\":\"de\",\"@id\":\"https:\/\/www.designenlassen.de\/blog\/verpackungsdesign-alles-was-du-wissen-musst\/#primaryimage\",\"url\":\"https:\/\/www.designenlassen.de\/blog\/wp-content\/uploads\/2022\/05\/popup_16_952176.png\",\"contentUrl\":\"https:\/\/www.designenlassen.de\/blog\/wp-content\/uploads\/2022\/05\/popup_16_952176.png\",\"width\":500,\"height\":500},{\"@type\":\"BreadcrumbList\",\"@id\":\"https:\/\/www.designenlassen.de\/blog\/verpackungsdesign-alles-was-du-wissen-musst\/#breadcrumb\",\"itemListElement\":[{\"@type\":\"ListItem\",\"position\":1,\"name\":\"Start\",\"item\":\"https:\/\/www.designenlassen.de\/blog\/\"},{\"@type\":\"ListItem\",\"position\":2,\"name\":\"Verpackungsdesign: Alles, was Du 2026 wissen musst &#8211; mit 49 Beispielen\"}]},{\"@type\":\"WebSite\",\"@id\":\"https:\/\/www.designenlassen.de\/blog\/#website\",\"url\":\"https:\/\/www.designenlassen.de\/blog\/\",\"name\":\"designenlassen.de Blog\",\"description\":\"Inspirationen, Tipps und Ideen f\u00fcr Designer sowie Gr\u00fcnder und Kleinbetriebe.\",\"potentialAction\":[{\"@type\":\"SearchAction\",\"target\":{\"@type\":\"EntryPoint\",\"urlTemplate\":\"https:\/\/www.designenlassen.de\/blog\/?s={search_term_string}\"},\"query-input\":{\"@type\":\"PropertyValueSpecification\",\"valueRequired\":true,\"valueName\":\"search_term_string\"}}],\"inLanguage\":\"de\"},{\"@type\":\"Person\",\"@id\":\"https:\/\/www.designenlassen.de\/blog\/#\/schema\/person\/1e6e4a367ec0359155d5fbb01227c1ca\",\"name\":\"Patrick Schady\",\"image\":{\"@type\":\"ImageObject\",\"inLanguage\":\"de\",\"@id\":\"https:\/\/www.designenlassen.de\/blog\/#\/schema\/person\/image\/\",\"url\":\"https:\/\/secure.gravatar.com\/avatar\/41cfafecfbfd30ee6bc4cc02dd530ef067050210239f1d60debda10ce9c038d7?s=96&d=mm&r=g\",\"contentUrl\":\"https:\/\/secure.gravatar.com\/avatar\/41cfafecfbfd30ee6bc4cc02dd530ef067050210239f1d60debda10ce9c038d7?s=96&d=mm&r=g\",\"caption\":\"Patrick Schady\"},\"url\":\"https:\/\/www.designenlassen.de\/blog\/author\/patrick\/\"}]}<\/script>\n<!-- \/ Yoast SEO plugin. -->","yoast_head_json":{"title":"Verpackungsdesign: Alles, was Du 2026 wissen musst (+ 49 Beispiele)","description":"Du suchst ein perfektes Verpackungsdesign? \u25ba Erfahre alles Wichtige, um verkaufsstarke Produktverpackungen zu designen. Tipps \u2713 Anleitung \u2713 u.v.m.","robots":{"index":"index","follow":"follow","max-snippet":"max-snippet:-1","max-image-preview":"max-image-preview:large","max-video-preview":"max-video-preview:-1"},"canonical":"https:\/\/www.designenlassen.de\/blog\/verpackungsdesign-alles-was-du-wissen-musst\/","og_locale":"de_DE","og_type":"article","og_title":"Verpackungsdesign: Alles, was Du 2026 wissen musst (+ 49 Beispiele)","og_description":"Du suchst ein perfektes Verpackungsdesign? \u25ba Erfahre alles Wichtige, um verkaufsstarke Produktverpackungen zu designen. Tipps \u2713 Anleitung \u2713 u.v.m.","og_url":"https:\/\/www.designenlassen.de\/blog\/verpackungsdesign-alles-was-du-wissen-musst\/","og_site_name":"designenlassen.de Blog","article_published_time":"2025-12-16T06:58:00+00:00","article_modified_time":"2025-12-17T10:13:20+00:00","og_image":[{"width":500,"height":500,"url":"https:\/\/www.designenlassen.de\/blog\/wp-content\/uploads\/2022\/05\/popup_16_952176.png","type":"image\/png"}],"author":"Patrick Schady","twitter_card":"summary_large_image","twitter_misc":{"Verfasst von":"Patrick Schady","Gesch\u00e4tzte Lesezeit":"20\u00a0Minuten"},"schema":{"@context":"https:\/\/schema.org","@graph":[{"@type":"Article","@id":"https:\/\/www.designenlassen.de\/blog\/verpackungsdesign-alles-was-du-wissen-musst\/#article","isPartOf":{"@id":"https:\/\/www.designenlassen.de\/blog\/verpackungsdesign-alles-was-du-wissen-musst\/"},"author":{"name":"Patrick Schady","@id":"https:\/\/www.designenlassen.de\/blog\/#\/schema\/person\/1e6e4a367ec0359155d5fbb01227c1ca"},"headline":"Verpackungsdesign: Alles, was Du 2026 wissen musst &#8211; mit 49 Beispielen","datePublished":"2025-12-16T06:58:00+00:00","dateModified":"2025-12-17T10:13:20+00:00","mainEntityOfPage":{"@id":"https:\/\/www.designenlassen.de\/blog\/verpackungsdesign-alles-was-du-wissen-musst\/"},"wordCount":1444,"commentCount":0,"image":{"@id":"https:\/\/www.designenlassen.de\/blog\/verpackungsdesign-alles-was-du-wissen-musst\/#primaryimage"},"thumbnailUrl":"https:\/\/www.designenlassen.de\/blog\/wp-content\/uploads\/2022\/05\/popup_16_952176.png","inLanguage":"de","potentialAction":[{"@type":"CommentAction","name":"Comment","target":["https:\/\/www.designenlassen.de\/blog\/verpackungsdesign-alles-was-du-wissen-musst\/#respond"]}]},{"@type":"WebPage","@id":"https:\/\/www.designenlassen.de\/blog\/verpackungsdesign-alles-was-du-wissen-musst\/","url":"https:\/\/www.designenlassen.de\/blog\/verpackungsdesign-alles-was-du-wissen-musst\/","name":"Verpackungsdesign: Alles, was Du 2026 wissen musst (+ 49 Beispiele)","isPartOf":{"@id":"https:\/\/www.designenlassen.de\/blog\/#website"},"primaryImageOfPage":{"@id":"https:\/\/www.designenlassen.de\/blog\/verpackungsdesign-alles-was-du-wissen-musst\/#primaryimage"},"image":{"@id":"https:\/\/www.designenlassen.de\/blog\/verpackungsdesign-alles-was-du-wissen-musst\/#primaryimage"},"thumbnailUrl":"https:\/\/www.designenlassen.de\/blog\/wp-content\/uploads\/2022\/05\/popup_16_952176.png","datePublished":"2025-12-16T06:58:00+00:00","dateModified":"2025-12-17T10:13:20+00:00","author":{"@id":"https:\/\/www.designenlassen.de\/blog\/#\/schema\/person\/1e6e4a367ec0359155d5fbb01227c1ca"},"description":"Du suchst ein perfektes Verpackungsdesign? \u25ba Erfahre alles Wichtige, um verkaufsstarke Produktverpackungen zu designen. Tipps \u2713 Anleitung \u2713 u.v.m.","breadcrumb":{"@id":"https:\/\/www.designenlassen.de\/blog\/verpackungsdesign-alles-was-du-wissen-musst\/#breadcrumb"},"inLanguage":"de","potentialAction":[{"@type":"ReadAction","target":["https:\/\/www.designenlassen.de\/blog\/verpackungsdesign-alles-was-du-wissen-musst\/"]}]},{"@type":"ImageObject","inLanguage":"de","@id":"https:\/\/www.designenlassen.de\/blog\/verpackungsdesign-alles-was-du-wissen-musst\/#primaryimage","url":"https:\/\/www.designenlassen.de\/blog\/wp-content\/uploads\/2022\/05\/popup_16_952176.png","contentUrl":"https:\/\/www.designenlassen.de\/blog\/wp-content\/uploads\/2022\/05\/popup_16_952176.png","width":500,"height":500},{"@type":"BreadcrumbList","@id":"https:\/\/www.designenlassen.de\/blog\/verpackungsdesign-alles-was-du-wissen-musst\/#breadcrumb","itemListElement":[{"@type":"ListItem","position":1,"name":"Start","item":"https:\/\/www.designenlassen.de\/blog\/"},{"@type":"ListItem","position":2,"name":"Verpackungsdesign: Alles, was Du 2026 wissen musst &#8211; mit 49 Beispielen"}]},{"@type":"WebSite","@id":"https:\/\/www.designenlassen.de\/blog\/#website","url":"https:\/\/www.designenlassen.de\/blog\/","name":"designenlassen.de Blog","description":"Inspirationen, Tipps und Ideen f\u00fcr Designer sowie Gr\u00fcnder und Kleinbetriebe.","potentialAction":[{"@type":"SearchAction","target":{"@type":"EntryPoint","urlTemplate":"https:\/\/www.designenlassen.de\/blog\/?s={search_term_string}"},"query-input":{"@type":"PropertyValueSpecification","valueRequired":true,"valueName":"search_term_string"}}],"inLanguage":"de"},{"@type":"Person","@id":"https:\/\/www.designenlassen.de\/blog\/#\/schema\/person\/1e6e4a367ec0359155d5fbb01227c1ca","name":"Patrick Schady","image":{"@type":"ImageObject","inLanguage":"de","@id":"https:\/\/www.designenlassen.de\/blog\/#\/schema\/person\/image\/","url":"https:\/\/secure.gravatar.com\/avatar\/41cfafecfbfd30ee6bc4cc02dd530ef067050210239f1d60debda10ce9c038d7?s=96&d=mm&r=g","contentUrl":"https:\/\/secure.gravatar.com\/avatar\/41cfafecfbfd30ee6bc4cc02dd530ef067050210239f1d60debda10ce9c038d7?s=96&d=mm&r=g","caption":"Patrick Schady"},"url":"https:\/\/www.designenlassen.de\/blog\/author\/patrick\/"}]}},"_links":{"self":[{"href":"https:\/\/www.designenlassen.de\/blog\/wp-json\/wp\/v2\/posts\/26586","targetHints":{"allow":["GET"]}}],"collection":[{"href":"https:\/\/www.designenlassen.de\/blog\/wp-json\/wp\/v2\/posts"}],"about":[{"href":"https:\/\/www.designenlassen.de\/blog\/wp-json\/wp\/v2\/types\/post"}],"author":[{"embeddable":true,"href":"https:\/\/www.designenlassen.de\/blog\/wp-json\/wp\/v2\/users\/24"}],"replies":[{"embeddable":true,"href":"https:\/\/www.designenlassen.de\/blog\/wp-json\/wp\/v2\/comments?post=26586"}],"version-history":[{"count":20,"href":"https:\/\/www.designenlassen.de\/blog\/wp-json\/wp\/v2\/posts\/26586\/revisions"}],"predecessor-version":[{"id":34172,"href":"https:\/\/www.designenlassen.de\/blog\/wp-json\/wp\/v2\/posts\/26586\/revisions\/34172"}],"wp:featuredmedia":[{"embeddable":true,"href":"https:\/\/www.designenlassen.de\/blog\/wp-json\/wp\/v2\/media\/25668"}],"wp:attachment":[{"href":"https:\/\/www.designenlassen.de\/blog\/wp-json\/wp\/v2\/media?parent=26586"}],"wp:term":[{"taxonomy":"category","embeddable":true,"href":"https:\/\/www.designenlassen.de\/blog\/wp-json\/wp\/v2\/categories?post=26586"},{"taxonomy":"post_tag","embeddable":true,"href":"https:\/\/www.designenlassen.de\/blog\/wp-json\/wp\/v2\/tags?post=26586"}],"curies":[{"name":"wp","href":"https:\/\/api.w.org\/{rel}","templated":true}]}}