{"id":2684,"date":"2013-09-02T15:15:48","date_gmt":"2013-09-02T13:15:48","guid":{"rendered":"http:\/\/www.designenlassen.de\/blog\/?p=2684"},"modified":"2023-11-10T11:50:02","modified_gmt":"2023-11-10T09:50:02","slug":"steuerliche-behandlung-von-logo-design-webdesign","status":"publish","type":"post","link":"https:\/\/www.designenlassen.de\/blog\/steuerliche-behandlung-von-logo-design-webdesign\/","title":{"rendered":"Steuerliche Behandlung von Logo-Design, Webdesign etc."},"content":{"rendered":"<p>Gastbeitrag von Dilek Aktan, Steuerberaterin und designenlassen.de-Kundin (<a href=\"http:\/\/www.steuerberatung-aktan.de\/\">steuerberatung-aktan.de<\/a>).<\/p>\n<p>Wer heutzutage als Existenzgr\u00fcnder und Unternehmer erfolgreich sein m\u00f6chte, ist fast schon gezwungen eine Internetpr\u00e4senz aufzubauen und sich seinen Kunden professionell und ansprechend zu pr\u00e4sentieren. Als ich mich vor einiger Zeit als Steuerberaterin f\u00fcr die Selbst\u00e4ndigkeit entschied, habe ich das Angebot von <strong>designenlassen.de<\/strong> in Anspruch genommen. Entscheidender Vorteil f\u00fcr mich war die M\u00f6glichkeit, ohne extra Kosten <a href=\"http:\/\/www.designenlassen.de\/wettbewerbe-abgeschlossen\/\" target=\"_blank\" rel=\"noopener\">aus einem gro\u00dfen Angebot von professionellen Design-Vorschl\u00e4gen<\/a> ausw\u00e4hlen zu k\u00f6nnen. In diesem Beitrag soll es darum gehen, ein paar &nbsp;Antworten zur steuerlichen Behandlung von Logo-Design, Webdesign und Co. zu geben.<\/p>\n<p style=\"text-align: center;\"><img fetchpriority=\"high\" decoding=\"async\" class=\"aligncenter wp-image-2685\" src=\"http:\/\/www.designenlassen.de\/blog\/wp-content\/uploads\/2013\/09\/Fotolia_11074698_XS.jpg\" alt=\"Paragraphenw\u00fcste\" width=\"750\" height=\"512\" srcset=\"https:\/\/www.designenlassen.de\/blog\/wp-content\/uploads\/2013\/09\/Fotolia_11074698_XS.jpg 419w, https:\/\/www.designenlassen.de\/blog\/wp-content\/uploads\/2013\/09\/Fotolia_11074698_XS-300x204.jpg 300w\" sizes=\"(max-width: 750px) 100vw, 750px\" \/><\/p>\n<p><!--more--><\/p>\n<p>&nbsp;<\/p>\n<h2>Logo, Drucksachen und Werbemittel<\/h2>\n<p>Die Gestaltung eines eigenen Logos wirkt professionell, positioniert das eigene Unternehmen als Marke und ist oft Basis f\u00fcr weitere Werbema\u00dfnahmen. Die Kosten f\u00fcr die Gestaltung eines Logos und f\u00fcr Drucksachen, wie Visitenkarten, Gesch\u00e4ftspapieren und Imagebrosch\u00fcren, sind steuerlich sofort abzugsf\u00e4hige Betriebsausgaben.<\/p>\n<h2>Internetseite<\/h2>\n<p>\u00c4hnlich wie bei Computer-Software handelt es sich bei Internetseiten um <strong>immaterielle <\/strong><strong>Wirtschaftsg\u00fcter<\/strong>. Im weiteren stellt sich die Frage, ob die Aufwendungen aktiviert werden m\u00fcssen und damit \u00fcber Deine&nbsp; Nutzungsdauer abgeschrieben werden (Kosten verteilen sich gleichm\u00e4\u00dfig auf den Gesamt-Nutzungszeitraum) oder sofort Betriebsausgaben darstellen und damit im Jahr Deiner Entstehung bzw. Zahlung den Gewinn mindern.<\/p>\n<p>F\u00fcr die handels- und steuerrechtliche Behandlung der angefallen Kosten sind die Domain und die Homepage zwingend getrennt zu betrachten.<\/p>\n<p>Eine <strong>Domain<\/strong> ist lediglich die technische Adresse im Internet. Die Kosten f\u00fcr den Erwerb und die Registrierung einer Domain sind Anschaffungskosten f\u00fcr ein nicht abnutzbares immaterielles Wirtschaftsgut (\u00a7 266 Abs. 2 Buchtstabe A I 1 HGB). Die entstandenen Kosten werden im Rahmen der Gewinnermittlung durch Bilanzierung aktiviert. Bei Einnahmen-\u00dcberschussrechnern werden die&nbsp;Wirtschaftsg\u00fcter ins Anlagenverzeichnis \u00fcbernommen. Erst im Zeitpunkt der Betriebsaufgabe, Ver\u00e4u\u00dferung oder Entnahme wirken sich die Aufwendungen f\u00fcr den Erwerb aus.<\/p>\n<p><img decoding=\"async\" class=\"size-full wp-image-10446 alignright\" src=\"http:\/\/www.designenlassen.de\/blog\/wp-content\/uploads\/2013\/09\/Fotolia_146803710_XS.jpg\" alt=\"Logo Webseite Steuern absetzen\" width=\"424\" height=\"283\" srcset=\"https:\/\/www.designenlassen.de\/blog\/wp-content\/uploads\/2013\/09\/Fotolia_146803710_XS.jpg 424w, https:\/\/www.designenlassen.de\/blog\/wp-content\/uploads\/2013\/09\/Fotolia_146803710_XS-300x200.jpg 300w\" sizes=\"(max-width: 424px) 100vw, 424px\" \/>Zu den <strong>aktivierbaren Anschaffungskosten<\/strong> geh\u00f6ren alle einzeln zuordenbaren Kosten, die erforderlich sind, um einen Gegenstand zu erwerben und in einen betriebsbereiten Zustand zu versetzen (\u00a7 255 HGB). Demnach geh\u00f6ren dazu auch alle erforderlichen Nebenkosten (beispielsweise gezahlte Entgelte an den bisherigen Domain-Inhaber, Fahrtkosten, Beratungskosten).<\/p>\n<p>Bei der Behandlung der Aufwendungen f\u00fcr die Erstellung und der Programmierung einer Homepage ist zwischen einer <strong>selbst erstellten und einer fremd erstellten Homepage<\/strong> zu unterscheiden.<\/p>\n<p>Seit Einf\u00fchrung des BilMoG (<a href=\"https:\/\/www.gruenderszene.de\/lexikon\/begriffe\/bilanzmodernisierungsgesetz-bilmog\" target=\"_blank\" rel=\"noopener\">Bilanzrechtsmodernisierungsgesetzes<\/a>) besteht im Handelsrecht ein Wahlrecht, die Kosten f\u00fcr eine <strong>selbst erstellte Internetseite<\/strong> zu aktivieren. Im Steuerrecht k\u00f6nnen dagegen immaterielle Wirtschaftsg\u00fcter nur dann aktiviert werden, wenn ein entgeltlicher Erwerb vorliegt. Bei selbst erstellten Webseiten ist dies nicht der Fall. Die im eigenen Unternehmen angefallenen Kosten sind f\u00fcr steuerliche Zwecke sofort abzugsf\u00e4hige Betriebsausgaben. Um eine unterschiedliche Behandlung in der Handels- und Steuerbilanz zu vermeiden, sollten Unternehmer das Wahlrecht in der Handelsbilanz dahingehend aus\u00fcben, dass in der Handelsbilanz auf eine Aktivierung verzichtet wird.<\/p>\n<p>L\u00e4sst ein Unternehmer seine Website von einem <a href=\"https:\/\/www.designenlassen.de\/webdesign\" target=\"_blank\" rel=\"noopener\"><strong>externen Webdesigner<\/strong><\/a> erstellen, liegt ein entgeltlicher Erwerb eines immateriellen Wirtschaftsgutes vor. Die Anschaffungskosten f\u00fcr den Webdesigner, Grafiker und die Programmierung werden sowohl nach Handelsrecht als auch nach Steuerrecht aktiviert&nbsp;und \u00fcber die Nutzungsdauer abgeschrieben. Die Abschreibung beginnt mit der Online-Stellung.<\/p>\n<p>Die <strong>Nutzungsdauer<\/strong> eines Internetauftritts ist amtlich nicht geregelt. Diese richtet sich daher an die Abschreibung von Computer-Software und betr\u00e4gt 3 Jahre. Immaterielle Verm\u00f6gensgegenst\u00e4nde d\u00fcrfen ausschlie\u00dflich linear abgeschrieben werden. Praxisrelevant ist auch die Behandlung von <strong>regelm\u00e4\u00dfig anfallenden Kosten<\/strong> f\u00fcr die Pflege, Update, Wartung und den Provider des Internetauftritts. Diese Kosten f\u00fchren zu sofort abzugsf\u00e4higen Betriebsausgaben. Die in den Kosten enthaltene <strong>Umsatzsteuer<\/strong> geh\u00f6rt, bei nicht zur Vorsteuerabzug berechtigten Unternehmen zu den Anschaffungskosten bzw. Betriebsausgaben.<\/p>\n<p><strong>Softwareprodukte<\/strong>, z.B. f\u00fcr das Zahlungs-System eines Internet-Shops, k\u00f6nnen nur entgeltlich erworben werden. Im Ergebnis liegen beim Unternehmer aktivierungspflichtige Anschaffungen vor.<\/p>\n<h2>Logo-Design Kosten<\/h2>\n<p>Wie Design steuerlich behandelt wird, konnten wir nun dank unserer Steuerberaterin, kl\u00e4ren. Aber woher wei\u00dft Du, wie viel Du als Gr\u00fcnder im Allgemeinen f\u00fcr ein Logo-Design ausgeben musst, damit es Dein Unternehmen perfekt repr\u00e4sentiert? Ist ein kostenfreies Logo von einem Logogenerator ausreichend? Oder ist eine professionelle Designagentur der richtige Weg f\u00fcr Dich? In unserem Beitrag schildern wir Dir genau, bei welchem Anbieter Du welche Leistungen erh\u00e4ltst und welche <a href=\"https:\/\/www.designenlassen.de\/blog\/2018\/03\/15\/welche-logo-design-kosten-kommen-auf-dich-zu-tipps-fuer-gruender\/\" target=\"_blank\" rel=\"noopener\">Logo-Kosten<\/a>&nbsp;auf Dich zukommen.<\/p>\n<div class=\"sof\">\n<h2>Du ben\u00f6tigst ein Logo-Design?<\/h2>\n<p>Starte einen eigenen Designwettbewerb auf designenlassen.de und erhalte zahlreiche individuelle Vorschl\u00e4ge von unterschiedlichen Designern. Du erh\u00e4ltst die uneingeschr\u00e4nkten Nutzungsrechte und hast kein Risiko durch Preisgeld-zur\u00fcck-Garantie.<br \/>\n<a class=\"btn aktion1\" href=\"https:\/\/www.designenlassen.de\/logo-design\">Jetzt starten<\/a><a class=\"btn aktion2\" href=\"https:\/\/www.designenlassen.de\/tour\">Mehr erfahren<\/a><\/p>\n<\/div>\n<p>&nbsp;<\/p>\n","protected":false},"excerpt":{"rendered":"<p>Gastbeitrag von Dilek Aktan, Steuerberaterin und designenlassen.de-Kundin (steuerberatung-aktan.de). Wer heutzutage als Existenzgr\u00fcnder und Unternehmer erfolgreich sein&hellip;<\/p>\n","protected":false},"author":1,"featured_media":10446,"comment_status":"open","ping_status":"open","sticky":false,"template":"","format":"standard","meta":{"_lmt_disableupdate":"","_lmt_disable":"","footnotes":""},"categories":[41],"tags":[],"class_list":["post-2684","post","type-post","status-publish","format-standard","has-post-thumbnail","hentry","category-tipps-tricks"],"yoast_head":"<!-- This site is optimized with the Yoast SEO plugin v26.7 - https:\/\/yoast.com\/wordpress\/plugins\/seo\/ -->\n<title>Wie wird Logo-Design, Webdesign und Co. steuerlich behandelt?<\/title>\n<meta name=\"description\" content=\"Der richtige Umgang mit Kosten f\u00fcr die Gestaltung eines Logos und von Drucksachen, wie Visitenkarten, Gesch\u00e4ftspapieren und Imagebrosch\u00fcren.\" \/>\n<meta name=\"robots\" content=\"index, follow, max-snippet:-1, max-image-preview:large, max-video-preview:-1\" \/>\n<link rel=\"canonical\" href=\"https:\/\/www.designenlassen.de\/blog\/steuerliche-behandlung-von-logo-design-webdesign\/\" \/>\n<meta property=\"og:locale\" content=\"de_DE\" \/>\n<meta property=\"og:type\" content=\"article\" \/>\n<meta property=\"og:title\" content=\"Wie wird Logo-Design, Webdesign und Co. steuerlich behandelt?\" \/>\n<meta property=\"og:description\" content=\"Der richtige Umgang mit Kosten f\u00fcr die Gestaltung eines Logos und von Drucksachen, wie Visitenkarten, Gesch\u00e4ftspapieren und Imagebrosch\u00fcren.\" \/>\n<meta property=\"og:url\" content=\"https:\/\/www.designenlassen.de\/blog\/steuerliche-behandlung-von-logo-design-webdesign\/\" \/>\n<meta property=\"og:site_name\" content=\"designenlassen.de Blog\" \/>\n<meta property=\"article:author\" content=\"designenlassen\" \/>\n<meta property=\"article:published_time\" content=\"2013-09-02T13:15:48+00:00\" \/>\n<meta property=\"article:modified_time\" content=\"2023-11-10T09:50:02+00:00\" \/>\n<meta property=\"og:image\" content=\"https:\/\/www.designenlassen.de\/blog\/wp-content\/uploads\/2013\/09\/Fotolia_146803710_XS.jpg\" \/>\n\t<meta property=\"og:image:width\" content=\"424\" \/>\n\t<meta property=\"og:image:height\" content=\"283\" \/>\n\t<meta property=\"og:image:type\" content=\"image\/jpeg\" \/>\n<meta name=\"author\" content=\"Michael\" \/>\n<meta name=\"twitter:card\" content=\"summary_large_image\" \/>\n<meta name=\"twitter:label1\" content=\"Verfasst von\" \/>\n\t<meta name=\"twitter:data1\" content=\"Michael\" \/>\n\t<meta name=\"twitter:label2\" content=\"Gesch\u00e4tzte Lesezeit\" \/>\n\t<meta name=\"twitter:data2\" content=\"5\u00a0Minuten\" \/>\n<script type=\"application\/ld+json\" class=\"yoast-schema-graph\">{\"@context\":\"https:\/\/schema.org\",\"@graph\":[{\"@type\":\"Article\",\"@id\":\"https:\/\/www.designenlassen.de\/blog\/steuerliche-behandlung-von-logo-design-webdesign\/#article\",\"isPartOf\":{\"@id\":\"https:\/\/www.designenlassen.de\/blog\/steuerliche-behandlung-von-logo-design-webdesign\/\"},\"author\":{\"name\":\"Michael\",\"@id\":\"https:\/\/www.designenlassen.de\/blog\/#\/schema\/person\/23826c4c9da4e90bfb2ae6458e3a56f7\"},\"headline\":\"Steuerliche Behandlung von Logo-Design, Webdesign etc.\",\"datePublished\":\"2013-09-02T13:15:48+00:00\",\"dateModified\":\"2023-11-10T09:50:02+00:00\",\"mainEntityOfPage\":{\"@id\":\"https:\/\/www.designenlassen.de\/blog\/steuerliche-behandlung-von-logo-design-webdesign\/\"},\"wordCount\":758,\"commentCount\":0,\"image\":{\"@id\":\"https:\/\/www.designenlassen.de\/blog\/steuerliche-behandlung-von-logo-design-webdesign\/#primaryimage\"},\"thumbnailUrl\":\"https:\/\/www.designenlassen.de\/blog\/wp-content\/uploads\/2013\/09\/Fotolia_146803710_XS.jpg\",\"articleSection\":[\"Tipps &amp; Tricks\"],\"inLanguage\":\"de\",\"potentialAction\":[{\"@type\":\"CommentAction\",\"name\":\"Comment\",\"target\":[\"https:\/\/www.designenlassen.de\/blog\/steuerliche-behandlung-von-logo-design-webdesign\/#respond\"]}]},{\"@type\":\"WebPage\",\"@id\":\"https:\/\/www.designenlassen.de\/blog\/steuerliche-behandlung-von-logo-design-webdesign\/\",\"url\":\"https:\/\/www.designenlassen.de\/blog\/steuerliche-behandlung-von-logo-design-webdesign\/\",\"name\":\"Wie wird Logo-Design, Webdesign und Co. steuerlich behandelt?\",\"isPartOf\":{\"@id\":\"https:\/\/www.designenlassen.de\/blog\/#website\"},\"primaryImageOfPage\":{\"@id\":\"https:\/\/www.designenlassen.de\/blog\/steuerliche-behandlung-von-logo-design-webdesign\/#primaryimage\"},\"image\":{\"@id\":\"https:\/\/www.designenlassen.de\/blog\/steuerliche-behandlung-von-logo-design-webdesign\/#primaryimage\"},\"thumbnailUrl\":\"https:\/\/www.designenlassen.de\/blog\/wp-content\/uploads\/2013\/09\/Fotolia_146803710_XS.jpg\",\"datePublished\":\"2013-09-02T13:15:48+00:00\",\"dateModified\":\"2023-11-10T09:50:02+00:00\",\"author\":{\"@id\":\"https:\/\/www.designenlassen.de\/blog\/#\/schema\/person\/23826c4c9da4e90bfb2ae6458e3a56f7\"},\"description\":\"Der richtige Umgang mit Kosten f\u00fcr die Gestaltung eines Logos und von Drucksachen, wie Visitenkarten, Gesch\u00e4ftspapieren und Imagebrosch\u00fcren.\",\"breadcrumb\":{\"@id\":\"https:\/\/www.designenlassen.de\/blog\/steuerliche-behandlung-von-logo-design-webdesign\/#breadcrumb\"},\"inLanguage\":\"de\",\"potentialAction\":[{\"@type\":\"ReadAction\",\"target\":[\"https:\/\/www.designenlassen.de\/blog\/steuerliche-behandlung-von-logo-design-webdesign\/\"]}]},{\"@type\":\"ImageObject\",\"inLanguage\":\"de\",\"@id\":\"https:\/\/www.designenlassen.de\/blog\/steuerliche-behandlung-von-logo-design-webdesign\/#primaryimage\",\"url\":\"https:\/\/www.designenlassen.de\/blog\/wp-content\/uploads\/2013\/09\/Fotolia_146803710_XS.jpg\",\"contentUrl\":\"https:\/\/www.designenlassen.de\/blog\/wp-content\/uploads\/2013\/09\/Fotolia_146803710_XS.jpg\",\"width\":424,\"height\":283,\"caption\":\"Logo Webseite Steuern absetzen\"},{\"@type\":\"BreadcrumbList\",\"@id\":\"https:\/\/www.designenlassen.de\/blog\/steuerliche-behandlung-von-logo-design-webdesign\/#breadcrumb\",\"itemListElement\":[{\"@type\":\"ListItem\",\"position\":1,\"name\":\"Start\",\"item\":\"https:\/\/www.designenlassen.de\/blog\/\"},{\"@type\":\"ListItem\",\"position\":2,\"name\":\"Steuerliche Behandlung von Logo-Design, Webdesign etc.\"}]},{\"@type\":\"WebSite\",\"@id\":\"https:\/\/www.designenlassen.de\/blog\/#website\",\"url\":\"https:\/\/www.designenlassen.de\/blog\/\",\"name\":\"designenlassen.de Blog\",\"description\":\"Inspirationen, Tipps und Ideen f\u00fcr Designer sowie Gr\u00fcnder und Kleinbetriebe.\",\"potentialAction\":[{\"@type\":\"SearchAction\",\"target\":{\"@type\":\"EntryPoint\",\"urlTemplate\":\"https:\/\/www.designenlassen.de\/blog\/?s={search_term_string}\"},\"query-input\":{\"@type\":\"PropertyValueSpecification\",\"valueRequired\":true,\"valueName\":\"search_term_string\"}}],\"inLanguage\":\"de\"},{\"@type\":\"Person\",\"@id\":\"https:\/\/www.designenlassen.de\/blog\/#\/schema\/person\/23826c4c9da4e90bfb2ae6458e3a56f7\",\"name\":\"Michael\",\"image\":{\"@type\":\"ImageObject\",\"inLanguage\":\"de\",\"@id\":\"https:\/\/www.designenlassen.de\/blog\/#\/schema\/person\/image\/\",\"url\":\"https:\/\/secure.gravatar.com\/avatar\/5fa10ddc102742b9339fcb7e3486ffe59189bde4da4b5b776a3d1e83cd66f4b2?s=96&d=mm&r=g\",\"contentUrl\":\"https:\/\/secure.gravatar.com\/avatar\/5fa10ddc102742b9339fcb7e3486ffe59189bde4da4b5b776a3d1e83cd66f4b2?s=96&d=mm&r=g\",\"caption\":\"Michael\"},\"description\":\"Michael ist einer der Gr\u00fcnder von designenlassen.de und schreibt hier im Blog \u00fcber Weiterentwicklungen der Plattform und verschiedenste Design-Themen.\",\"sameAs\":[\"designenlassen\"],\"url\":\"https:\/\/www.designenlassen.de\/blog\/author\/admin\/\"}]}<\/script>\n<!-- \/ Yoast SEO plugin. -->","yoast_head_json":{"title":"Wie wird Logo-Design, Webdesign und Co. steuerlich behandelt?","description":"Der richtige Umgang mit Kosten f\u00fcr die Gestaltung eines Logos und von Drucksachen, wie Visitenkarten, Gesch\u00e4ftspapieren und Imagebrosch\u00fcren.","robots":{"index":"index","follow":"follow","max-snippet":"max-snippet:-1","max-image-preview":"max-image-preview:large","max-video-preview":"max-video-preview:-1"},"canonical":"https:\/\/www.designenlassen.de\/blog\/steuerliche-behandlung-von-logo-design-webdesign\/","og_locale":"de_DE","og_type":"article","og_title":"Wie wird Logo-Design, Webdesign und Co. steuerlich behandelt?","og_description":"Der richtige Umgang mit Kosten f\u00fcr die Gestaltung eines Logos und von Drucksachen, wie Visitenkarten, Gesch\u00e4ftspapieren und Imagebrosch\u00fcren.","og_url":"https:\/\/www.designenlassen.de\/blog\/steuerliche-behandlung-von-logo-design-webdesign\/","og_site_name":"designenlassen.de Blog","article_author":"designenlassen","article_published_time":"2013-09-02T13:15:48+00:00","article_modified_time":"2023-11-10T09:50:02+00:00","og_image":[{"width":424,"height":283,"url":"https:\/\/www.designenlassen.de\/blog\/wp-content\/uploads\/2013\/09\/Fotolia_146803710_XS.jpg","type":"image\/jpeg"}],"author":"Michael","twitter_card":"summary_large_image","twitter_misc":{"Verfasst von":"Michael","Gesch\u00e4tzte Lesezeit":"5\u00a0Minuten"},"schema":{"@context":"https:\/\/schema.org","@graph":[{"@type":"Article","@id":"https:\/\/www.designenlassen.de\/blog\/steuerliche-behandlung-von-logo-design-webdesign\/#article","isPartOf":{"@id":"https:\/\/www.designenlassen.de\/blog\/steuerliche-behandlung-von-logo-design-webdesign\/"},"author":{"name":"Michael","@id":"https:\/\/www.designenlassen.de\/blog\/#\/schema\/person\/23826c4c9da4e90bfb2ae6458e3a56f7"},"headline":"Steuerliche Behandlung von Logo-Design, Webdesign etc.","datePublished":"2013-09-02T13:15:48+00:00","dateModified":"2023-11-10T09:50:02+00:00","mainEntityOfPage":{"@id":"https:\/\/www.designenlassen.de\/blog\/steuerliche-behandlung-von-logo-design-webdesign\/"},"wordCount":758,"commentCount":0,"image":{"@id":"https:\/\/www.designenlassen.de\/blog\/steuerliche-behandlung-von-logo-design-webdesign\/#primaryimage"},"thumbnailUrl":"https:\/\/www.designenlassen.de\/blog\/wp-content\/uploads\/2013\/09\/Fotolia_146803710_XS.jpg","articleSection":["Tipps &amp; Tricks"],"inLanguage":"de","potentialAction":[{"@type":"CommentAction","name":"Comment","target":["https:\/\/www.designenlassen.de\/blog\/steuerliche-behandlung-von-logo-design-webdesign\/#respond"]}]},{"@type":"WebPage","@id":"https:\/\/www.designenlassen.de\/blog\/steuerliche-behandlung-von-logo-design-webdesign\/","url":"https:\/\/www.designenlassen.de\/blog\/steuerliche-behandlung-von-logo-design-webdesign\/","name":"Wie wird Logo-Design, Webdesign und Co. steuerlich behandelt?","isPartOf":{"@id":"https:\/\/www.designenlassen.de\/blog\/#website"},"primaryImageOfPage":{"@id":"https:\/\/www.designenlassen.de\/blog\/steuerliche-behandlung-von-logo-design-webdesign\/#primaryimage"},"image":{"@id":"https:\/\/www.designenlassen.de\/blog\/steuerliche-behandlung-von-logo-design-webdesign\/#primaryimage"},"thumbnailUrl":"https:\/\/www.designenlassen.de\/blog\/wp-content\/uploads\/2013\/09\/Fotolia_146803710_XS.jpg","datePublished":"2013-09-02T13:15:48+00:00","dateModified":"2023-11-10T09:50:02+00:00","author":{"@id":"https:\/\/www.designenlassen.de\/blog\/#\/schema\/person\/23826c4c9da4e90bfb2ae6458e3a56f7"},"description":"Der richtige Umgang mit Kosten f\u00fcr die Gestaltung eines Logos und von Drucksachen, wie Visitenkarten, Gesch\u00e4ftspapieren und Imagebrosch\u00fcren.","breadcrumb":{"@id":"https:\/\/www.designenlassen.de\/blog\/steuerliche-behandlung-von-logo-design-webdesign\/#breadcrumb"},"inLanguage":"de","potentialAction":[{"@type":"ReadAction","target":["https:\/\/www.designenlassen.de\/blog\/steuerliche-behandlung-von-logo-design-webdesign\/"]}]},{"@type":"ImageObject","inLanguage":"de","@id":"https:\/\/www.designenlassen.de\/blog\/steuerliche-behandlung-von-logo-design-webdesign\/#primaryimage","url":"https:\/\/www.designenlassen.de\/blog\/wp-content\/uploads\/2013\/09\/Fotolia_146803710_XS.jpg","contentUrl":"https:\/\/www.designenlassen.de\/blog\/wp-content\/uploads\/2013\/09\/Fotolia_146803710_XS.jpg","width":424,"height":283,"caption":"Logo Webseite Steuern absetzen"},{"@type":"BreadcrumbList","@id":"https:\/\/www.designenlassen.de\/blog\/steuerliche-behandlung-von-logo-design-webdesign\/#breadcrumb","itemListElement":[{"@type":"ListItem","position":1,"name":"Start","item":"https:\/\/www.designenlassen.de\/blog\/"},{"@type":"ListItem","position":2,"name":"Steuerliche Behandlung von Logo-Design, Webdesign etc."}]},{"@type":"WebSite","@id":"https:\/\/www.designenlassen.de\/blog\/#website","url":"https:\/\/www.designenlassen.de\/blog\/","name":"designenlassen.de Blog","description":"Inspirationen, Tipps und Ideen f\u00fcr Designer sowie Gr\u00fcnder und Kleinbetriebe.","potentialAction":[{"@type":"SearchAction","target":{"@type":"EntryPoint","urlTemplate":"https:\/\/www.designenlassen.de\/blog\/?s={search_term_string}"},"query-input":{"@type":"PropertyValueSpecification","valueRequired":true,"valueName":"search_term_string"}}],"inLanguage":"de"},{"@type":"Person","@id":"https:\/\/www.designenlassen.de\/blog\/#\/schema\/person\/23826c4c9da4e90bfb2ae6458e3a56f7","name":"Michael","image":{"@type":"ImageObject","inLanguage":"de","@id":"https:\/\/www.designenlassen.de\/blog\/#\/schema\/person\/image\/","url":"https:\/\/secure.gravatar.com\/avatar\/5fa10ddc102742b9339fcb7e3486ffe59189bde4da4b5b776a3d1e83cd66f4b2?s=96&d=mm&r=g","contentUrl":"https:\/\/secure.gravatar.com\/avatar\/5fa10ddc102742b9339fcb7e3486ffe59189bde4da4b5b776a3d1e83cd66f4b2?s=96&d=mm&r=g","caption":"Michael"},"description":"Michael ist einer der Gr\u00fcnder von designenlassen.de und schreibt hier im Blog \u00fcber Weiterentwicklungen der Plattform und verschiedenste Design-Themen.","sameAs":["designenlassen"],"url":"https:\/\/www.designenlassen.de\/blog\/author\/admin\/"}]}},"_links":{"self":[{"href":"https:\/\/www.designenlassen.de\/blog\/wp-json\/wp\/v2\/posts\/2684","targetHints":{"allow":["GET"]}}],"collection":[{"href":"https:\/\/www.designenlassen.de\/blog\/wp-json\/wp\/v2\/posts"}],"about":[{"href":"https:\/\/www.designenlassen.de\/blog\/wp-json\/wp\/v2\/types\/post"}],"author":[{"embeddable":true,"href":"https:\/\/www.designenlassen.de\/blog\/wp-json\/wp\/v2\/users\/1"}],"replies":[{"embeddable":true,"href":"https:\/\/www.designenlassen.de\/blog\/wp-json\/wp\/v2\/comments?post=2684"}],"version-history":[{"count":15,"href":"https:\/\/www.designenlassen.de\/blog\/wp-json\/wp\/v2\/posts\/2684\/revisions"}],"predecessor-version":[{"id":25789,"href":"https:\/\/www.designenlassen.de\/blog\/wp-json\/wp\/v2\/posts\/2684\/revisions\/25789"}],"wp:featuredmedia":[{"embeddable":true,"href":"https:\/\/www.designenlassen.de\/blog\/wp-json\/wp\/v2\/media\/10446"}],"wp:attachment":[{"href":"https:\/\/www.designenlassen.de\/blog\/wp-json\/wp\/v2\/media?parent=2684"}],"wp:term":[{"taxonomy":"category","embeddable":true,"href":"https:\/\/www.designenlassen.de\/blog\/wp-json\/wp\/v2\/categories?post=2684"},{"taxonomy":"post_tag","embeddable":true,"href":"https:\/\/www.designenlassen.de\/blog\/wp-json\/wp\/v2\/tags?post=2684"}],"curies":[{"name":"wp","href":"https:\/\/api.w.org\/{rel}","templated":true}]}}