{"id":27009,"date":"2023-06-07T09:01:32","date_gmt":"2023-06-07T07:01:32","guid":{"rendered":"https:\/\/www.designenlassen.de\/blog\/?p=27009"},"modified":"2024-02-27T10:10:53","modified_gmt":"2024-02-27T08:10:53","slug":"farbenlehre-die-macht-der-farben-verstehen","status":"publish","type":"post","link":"https:\/\/www.designenlassen.de\/blog\/farbenlehre-die-macht-der-farben-verstehen\/","title":{"rendered":"Farbenlehre: Die Macht der Farben verstehen"},"content":{"rendered":"\n<figure class=\"wp-block-image size-large is-resized\"><img fetchpriority=\"high\" decoding=\"async\" width=\"1200\" height=\"675\" src=\"https:\/\/www.designenlassen.de\/blog\/wp-content\/uploads\/2023\/06\/designenlassen_blog_farblehre-edited.jpg\" alt=\"\" class=\"wp-image-27019\" style=\"width:839px\" srcset=\"https:\/\/www.designenlassen.de\/blog\/wp-content\/uploads\/2023\/06\/designenlassen_blog_farblehre-edited.jpg 1200w, https:\/\/www.designenlassen.de\/blog\/wp-content\/uploads\/2023\/06\/designenlassen_blog_farblehre-edited-300x169.jpg 300w, https:\/\/www.designenlassen.de\/blog\/wp-content\/uploads\/2023\/06\/designenlassen_blog_farblehre-edited-1024x576.jpg 1024w, https:\/\/www.designenlassen.de\/blog\/wp-content\/uploads\/2023\/06\/designenlassen_blog_farblehre-edited-768x432.jpg 768w\" sizes=\"(max-width: 1200px) 100vw, 1200px\" \/><\/figure>\n\n\n\n<p>Farben haben auf uns eine starke Anziehungskraft. Sie helfen dabei, gezielte emotionale Reaktionen hervorzurufen, Stimmungen zu erzeugen und eine effektive Kommunikation durch Farbgebung zu erm\u00f6glichen. Die Farbenlehre dient zudem als Grundlage f\u00fcr die Gestaltung von visuellen Medien, wie beispielsweise der Malerei, Grafikdesign, Innenarchitektur und der Markenbildung.<\/p>\n\n\n\n<p>In diesem Artikel verraten wir Dir alles Wichtige, was Du \u00fcber die Farbenlehre unbedingt wissen musst.<\/p>\n\n\n\n\n\n<h2 class=\"wp-block-heading\">Warum ist die Farbenlehre f\u00fcr Dich als Unternehmer so wichtig?<\/h2>\n\n\n\n<p>Die Farbenlehre unterst\u00fctzt dich dabei, eine einzigartige <a href=\"https:\/\/www.designenlassen.de\/blog\/erfolgreiches-branding\/\">Markenidentit\u00e4t<\/a> aufzubauen. Farben k\u00f6nnen Emotionen ausl\u00f6sen, die Aufmerksamkeit lenken und die Wahrnehmung signifikant beeinflussen. Dadurch kannst Du Deinem Marketing einen starken Schub verleihen und Deine Produkte oder Dienstleistung viel besser und leichter verkaufen.<\/p>\n\n\n\n<div style=\"height:20px\" aria-hidden=\"true\" class=\"wp-block-spacer\"><\/div>\n\n\n\n<h2 class=\"wp-block-heading\">Die Bedeutung von Farben<\/h2>\n\n\n\n<p>Farben sind nicht nur \u00e4sthetisch ansprechend, sondern haben auch tiefere Bedeutungen und symbolische Assoziationen. Hier sind einige Beispiele f\u00fcr die unterschiedliche Bedeutung von Farben:<\/p>\n\n\n\n<ul class=\"wp-block-list\">\n<li>Rot: Leidenschaft, Energie, Liebe<\/li>\n\n\n\n<li>Blau: Ruhe, Vertrauen, Intelligenz<\/li>\n\n\n\n<li>Gr\u00fcn: Natur, Wachstum, Harmonie<\/li>\n\n\n\n<li>Gelb: Optimismus, Gl\u00fcck, Kreativit\u00e4t<\/li>\n\n\n\n<li>Orange: Begeisterung, Energie, W\u00e4rme<\/li>\n\n\n\n<li>Violett: Luxus, Spiritualit\u00e4t, Kreativit\u00e4t<\/li>\n\n\n\n<li>Schwarz: Eleganz, Macht, Geheimnis<\/li>\n\n\n\n<li>Wei\u00df: Reinheit, Unschuld, Weisheit<\/li>\n<\/ul>\n\n\n\n<p>Illustrative Beispiele und eine ausf\u00fchrliche Erkl\u00e4rung zu den einzelnen Farben findest Du in unserem Beitrag \u201e<a href=\"https:\/\/www.designenlassen.de\/blog\/farben-und-ihre-bedeutung\/#Welche_Farbe_hat_welche_Bedeutung\">Farben und ihre Bedeutung<\/a>\u201c.<\/p>\n\n\n\n<figure class=\"wp-block-gallery has-nested-images columns-default is-cropped wp-block-gallery-1 is-layout-flex wp-block-gallery-is-layout-flex\">\n<figure class=\"wp-block-image size-large\"><img decoding=\"async\" width=\"711\" height=\"444\" data-id=\"26745\" src=\"https:\/\/www.designenlassen.de\/blog\/wp-content\/uploads\/2023\/05\/packaging-LAB-Visitenkarten-Design-Beispiele-634978-1-edited.png\" alt=\"\" class=\"wp-image-26745\" srcset=\"https:\/\/www.designenlassen.de\/blog\/wp-content\/uploads\/2023\/05\/packaging-LAB-Visitenkarten-Design-Beispiele-634978-1-edited.png 711w, https:\/\/www.designenlassen.de\/blog\/wp-content\/uploads\/2023\/05\/packaging-LAB-Visitenkarten-Design-Beispiele-634978-1-edited-300x187.png 300w\" sizes=\"(max-width: 711px) 100vw, 711px\" \/><\/figure>\n\n\n\n<figure class=\"wp-block-image size-large\"><img decoding=\"async\" width=\"800\" height=\"512\" data-id=\"23953\" src=\"https:\/\/www.designenlassen.de\/blog\/wp-content\/uploads\/2021\/04\/Tierheilpraxis-Richner-Heilpraktiker-Logo-634653-Moovendhan.jpg\" alt=\"Tierheilpraxis-Richner-Heilpraktiker-Logo\" class=\"wp-image-23953\" srcset=\"https:\/\/www.designenlassen.de\/blog\/wp-content\/uploads\/2021\/04\/Tierheilpraxis-Richner-Heilpraktiker-Logo-634653-Moovendhan.jpg 800w, https:\/\/www.designenlassen.de\/blog\/wp-content\/uploads\/2021\/04\/Tierheilpraxis-Richner-Heilpraktiker-Logo-634653-Moovendhan-300x192.jpg 300w, https:\/\/www.designenlassen.de\/blog\/wp-content\/uploads\/2021\/04\/Tierheilpraxis-Richner-Heilpraktiker-Logo-634653-Moovendhan-768x492.jpg 768w\" sizes=\"(max-width: 800px) 100vw, 800px\" \/><\/figure>\n\n\n\n<figure class=\"wp-block-image size-large\"><img loading=\"lazy\" decoding=\"async\" width=\"338\" height=\"338\" data-id=\"23288\" src=\"https:\/\/www.designenlassen.de\/blog\/wp-content\/uploads\/2021\/02\/SEK-Elektrotechnik-Elektriker-Logo-Design-536236-Ariza-Mauliza.jpg\" alt=\"SEK-Elektrotechnik-Elektriker-Logo-Design\" class=\"wp-image-23288\" srcset=\"https:\/\/www.designenlassen.de\/blog\/wp-content\/uploads\/2021\/02\/SEK-Elektrotechnik-Elektriker-Logo-Design-536236-Ariza-Mauliza.jpg 338w, https:\/\/www.designenlassen.de\/blog\/wp-content\/uploads\/2021\/02\/SEK-Elektrotechnik-Elektriker-Logo-Design-536236-Ariza-Mauliza-300x300.jpg 300w, https:\/\/www.designenlassen.de\/blog\/wp-content\/uploads\/2021\/02\/SEK-Elektrotechnik-Elektriker-Logo-Design-536236-Ariza-Mauliza-150x150.jpg 150w\" sizes=\"(max-width: 338px) 100vw, 338px\" \/><\/figure>\n\n\n\n<figure class=\"wp-block-image size-large\"><img loading=\"lazy\" decoding=\"async\" width=\"338\" height=\"338\" data-id=\"23175\" src=\"https:\/\/www.designenlassen.de\/blog\/wp-content\/uploads\/2020\/12\/Cinderella-Boutique-Feminine-Logos-231644-lisab.jpg\" alt=\"Cinderella-Boutique-Feminine-Logos\" class=\"wp-image-23175\" srcset=\"https:\/\/www.designenlassen.de\/blog\/wp-content\/uploads\/2020\/12\/Cinderella-Boutique-Feminine-Logos-231644-lisab.jpg 338w, https:\/\/www.designenlassen.de\/blog\/wp-content\/uploads\/2020\/12\/Cinderella-Boutique-Feminine-Logos-231644-lisab-300x300.jpg 300w, https:\/\/www.designenlassen.de\/blog\/wp-content\/uploads\/2020\/12\/Cinderella-Boutique-Feminine-Logos-231644-lisab-150x150.jpg 150w\" sizes=\"(max-width: 338px) 100vw, 338px\" \/><\/figure>\n\n\n\n<figure class=\"wp-block-image size-large\"><img loading=\"lazy\" decoding=\"async\" width=\"338\" height=\"338\" data-id=\"23036\" src=\"https:\/\/www.designenlassen.de\/blog\/wp-content\/uploads\/2020\/11\/Verano-Tinto-Logo-Design-fuer-Getraenkedose-853632-dgl.jpg\" alt=\"Verano-Tinto-Logo-Design-fuer-Getraenkedose\" class=\"wp-image-23036\" srcset=\"https:\/\/www.designenlassen.de\/blog\/wp-content\/uploads\/2020\/11\/Verano-Tinto-Logo-Design-fuer-Getraenkedose-853632-dgl.jpg 338w, https:\/\/www.designenlassen.de\/blog\/wp-content\/uploads\/2020\/11\/Verano-Tinto-Logo-Design-fuer-Getraenkedose-853632-dgl-300x300.jpg 300w, https:\/\/www.designenlassen.de\/blog\/wp-content\/uploads\/2020\/11\/Verano-Tinto-Logo-Design-fuer-Getraenkedose-853632-dgl-150x150.jpg 150w\" sizes=\"(max-width: 338px) 100vw, 338px\" \/><\/figure>\n\n\n\n<figure class=\"wp-block-image size-large\"><img loading=\"lazy\" decoding=\"async\" width=\"338\" height=\"338\" data-id=\"22440\" src=\"https:\/\/www.designenlassen.de\/blog\/wp-content\/uploads\/2020\/09\/24h-Steak-Automat-Emblem-Logos-fuer-Unternehmen-162757-2bcreativ.png\" alt=\"24h-Steak-Automat-Emblem-Logos-fuer-Unternehmen\" class=\"wp-image-22440\" srcset=\"https:\/\/www.designenlassen.de\/blog\/wp-content\/uploads\/2020\/09\/24h-Steak-Automat-Emblem-Logos-fuer-Unternehmen-162757-2bcreativ.png 338w, https:\/\/www.designenlassen.de\/blog\/wp-content\/uploads\/2020\/09\/24h-Steak-Automat-Emblem-Logos-fuer-Unternehmen-162757-2bcreativ-300x300.png 300w, https:\/\/www.designenlassen.de\/blog\/wp-content\/uploads\/2020\/09\/24h-Steak-Automat-Emblem-Logos-fuer-Unternehmen-162757-2bcreativ-150x150.png 150w\" sizes=\"(max-width: 338px) 100vw, 338px\" \/><\/figure>\n<\/figure>\n\n\n\n<div style=\"height:20px\" aria-hidden=\"true\" class=\"wp-block-spacer\"><\/div>\n\n\n\n<h2 class=\"wp-block-heading\">Welche Grundfarben gibt es?<\/h2>\n\n\n\n<p>Die Grundfarben, auch Prim\u00e4rfarben genannt, sind die Farben, aus denen alle anderen Farben gemischt werden k\u00f6nnen. Es gibt drei Grundfarben:<\/p>\n\n\n\n<ul class=\"wp-block-list\">\n<li>Rot<\/li>\n\n\n\n<li>Blau<\/li>\n\n\n\n<li>Gelb<\/li>\n<\/ul>\n\n\n\n<p>Diese drei Farben k\u00f6nnen nicht durch die Mischung anderer Farben erzeugt werden, sondern dienen als Ausgangspunkt f\u00fcr die Farbmischung. Durch das Kombinieren der Grundfarben in unterschiedlichen Anteilen k\u00f6nnen Sekund\u00e4rfarben, wie zum Beispiel Gr\u00fcn, Orange und Violett, erzeugt werden. Die Grundfarben spielen eine wichtige Rolle in der Farblehre und bilden die Basis f\u00fcr Farbmischung und -harmonie.<\/p>\n\n\n\n<div style=\"height:20px\" aria-hidden=\"true\" class=\"wp-block-spacer\"><\/div>\n\n\n\n<h2 class=\"wp-block-heading\">Der Farbkreis<\/h2>\n\n\n<div class=\"wp-block-image\">\n<figure class=\"alignright size-full is-resized\"><img loading=\"lazy\" decoding=\"async\" width=\"675\" height=\"680\" src=\"https:\/\/www.designenlassen.de\/blog\/wp-content\/uploads\/2023\/06\/farbkreis.jpg\" alt=\"\" class=\"wp-image-27015\" style=\"width:214px;height:216px\" srcset=\"https:\/\/www.designenlassen.de\/blog\/wp-content\/uploads\/2023\/06\/farbkreis.jpg 675w, https:\/\/www.designenlassen.de\/blog\/wp-content\/uploads\/2023\/06\/farbkreis-298x300.jpg 298w, https:\/\/www.designenlassen.de\/blog\/wp-content\/uploads\/2023\/06\/farbkreis-150x150.jpg 150w\" sizes=\"(max-width: 675px) 100vw, 675px\" \/><\/figure>\n<\/div>\n\n\n<p>Der Farbkreis ist ein grundlegendes Werkzeug der Farbenlehre, das die Beziehungen zwischen Farben veranschaulicht. Er besteht aus drei prim\u00e4ren Farben (Rot, Blau, Gelb), drei sekund\u00e4ren Farben (Orange, Gr\u00fcn, Violett) und sechs terti\u00e4ren Farben, die aus der Mischung von prim\u00e4ren und sekund\u00e4ren Farben entstehen.<\/p>\n\n\n\n<div style=\"height:20px\" aria-hidden=\"true\" class=\"wp-block-spacer\"><\/div>\n\n\n\n<h2 class=\"wp-block-heading\">Farbharmonien<\/h2>\n\n\n\n<p>Farbharmonien sind Kombinationen von Farben, die aufgrund ihrer Beziehungen im Farbkreis gut zusammenpassen. Es gibt verschiedene Arten von Farbharmonien:<\/p>\n\n\n\n<div style=\"height:20px\" aria-hidden=\"true\" class=\"wp-block-spacer\"><\/div>\n\n\n\n<h3 class=\"wp-block-heading\">Komplement\u00e4rfarben<\/h3>\n\n\n\n<p>Komplement\u00e4rfarben sind Farben, die sich im Farbkreis gegen\u00fcberliegen. Sie erzeugen einen starken Kontrast und k\u00f6nnen in der Gestaltung verwendet werden, um Aufmerksamkeit zu erregen. Beispiele f\u00fcr Komplement\u00e4rfarben sind Blau und Orange, Rot und Gr\u00fcn sowie Gelb und Violett.<\/p>\n\n\n\n<figure class=\"wp-block-gallery has-nested-images columns-default is-cropped wp-block-gallery-2 is-layout-flex wp-block-gallery-is-layout-flex\">\n<figure class=\"wp-block-image size-large\"><img loading=\"lazy\" decoding=\"async\" width=\"548\" height=\"548\" data-id=\"26427\" src=\"https:\/\/www.designenlassen.de\/blog\/wp-content\/uploads\/2023\/05\/Retro-Logo-936789-Martin-Nocker-Photo-Video.jpg\" alt=\"\" class=\"wp-image-26427\" srcset=\"https:\/\/www.designenlassen.de\/blog\/wp-content\/uploads\/2023\/05\/Retro-Logo-936789-Martin-Nocker-Photo-Video.jpg 548w, https:\/\/www.designenlassen.de\/blog\/wp-content\/uploads\/2023\/05\/Retro-Logo-936789-Martin-Nocker-Photo-Video-300x300.jpg 300w, https:\/\/www.designenlassen.de\/blog\/wp-content\/uploads\/2023\/05\/Retro-Logo-936789-Martin-Nocker-Photo-Video-150x150.jpg 150w\" sizes=\"(max-width: 548px) 100vw, 548px\" \/><\/figure>\n\n\n\n<figure class=\"wp-block-image size-large\"><img loading=\"lazy\" decoding=\"async\" width=\"338\" height=\"338\" data-id=\"24712\" src=\"https:\/\/www.designenlassen.de\/blog\/wp-content\/uploads\/2021\/07\/BerryVision-Kamera-Logo-761926-Sashpictures.jpg\" alt=\"BerryVision-Kamera-Logo\" class=\"wp-image-24712\" srcset=\"https:\/\/www.designenlassen.de\/blog\/wp-content\/uploads\/2021\/07\/BerryVision-Kamera-Logo-761926-Sashpictures.jpg 338w, https:\/\/www.designenlassen.de\/blog\/wp-content\/uploads\/2021\/07\/BerryVision-Kamera-Logo-761926-Sashpictures-300x300.jpg 300w, https:\/\/www.designenlassen.de\/blog\/wp-content\/uploads\/2021\/07\/BerryVision-Kamera-Logo-761926-Sashpictures-150x150.jpg 150w\" sizes=\"(max-width: 338px) 100vw, 338px\" \/><\/figure>\n\n\n\n<figure class=\"wp-block-image size-large\"><img loading=\"lazy\" decoding=\"async\" width=\"381\" height=\"238\" data-id=\"26733\" src=\"https:\/\/www.designenlassen.de\/blog\/wp-content\/uploads\/2023\/05\/VisitenkartenDesign_Eugler_755599-edited.jpg\" alt=\"Visitenkarte-Design\" class=\"wp-image-26733\" srcset=\"https:\/\/www.designenlassen.de\/blog\/wp-content\/uploads\/2023\/05\/VisitenkartenDesign_Eugler_755599-edited.jpg 381w, https:\/\/www.designenlassen.de\/blog\/wp-content\/uploads\/2023\/05\/VisitenkartenDesign_Eugler_755599-edited-300x187.jpg 300w\" sizes=\"(max-width: 381px) 100vw, 381px\" \/><\/figure>\n\n\n\n<figure class=\"wp-block-image size-large\"><img loading=\"lazy\" decoding=\"async\" width=\"900\" height=\"900\" data-id=\"24520\" src=\"https:\/\/www.designenlassen.de\/blog\/wp-content\/uploads\/2021\/06\/Fuchs_Logo_Fitz_gerald_648364.png\" alt=\"Logo-Design f\u00fcr Content und Social Media Marketing\" class=\"wp-image-24520\" srcset=\"https:\/\/www.designenlassen.de\/blog\/wp-content\/uploads\/2021\/06\/Fuchs_Logo_Fitz_gerald_648364.png 900w, https:\/\/www.designenlassen.de\/blog\/wp-content\/uploads\/2021\/06\/Fuchs_Logo_Fitz_gerald_648364-300x300.png 300w, https:\/\/www.designenlassen.de\/blog\/wp-content\/uploads\/2021\/06\/Fuchs_Logo_Fitz_gerald_648364-150x150.png 150w, https:\/\/www.designenlassen.de\/blog\/wp-content\/uploads\/2021\/06\/Fuchs_Logo_Fitz_gerald_648364-768x768.png 768w\" sizes=\"(max-width: 900px) 100vw, 900px\" \/><figcaption class=\"wp-element-caption\">Fitz Gerald Logo mit Fuchs von sax75<\/figcaption><\/figure>\n\n\n\n<figure class=\"wp-block-image size-large\"><img loading=\"lazy\" decoding=\"async\" width=\"900\" height=\"900\" data-id=\"24417\" src=\"https:\/\/www.designenlassen.de\/blog\/wp-content\/uploads\/2021\/06\/Fox_Logo_Fuchs_sucht_Hase_161652.jpg\" alt=\"Logo-Design f\u00fcr Fuchs sucht Hase\" class=\"wp-image-24417\" srcset=\"https:\/\/www.designenlassen.de\/blog\/wp-content\/uploads\/2021\/06\/Fox_Logo_Fuchs_sucht_Hase_161652.jpg 900w, https:\/\/www.designenlassen.de\/blog\/wp-content\/uploads\/2021\/06\/Fox_Logo_Fuchs_sucht_Hase_161652-300x300.jpg 300w, https:\/\/www.designenlassen.de\/blog\/wp-content\/uploads\/2021\/06\/Fox_Logo_Fuchs_sucht_Hase_161652-150x150.jpg 150w, https:\/\/www.designenlassen.de\/blog\/wp-content\/uploads\/2021\/06\/Fox_Logo_Fuchs_sucht_Hase_161652-768x768.jpg 768w\" sizes=\"(max-width: 900px) 100vw, 900px\" \/><figcaption class=\"wp-element-caption\">Logo-Design f\u00fcr Dating Internetseite von PixelCatClub<\/figcaption><\/figure>\n\n\n\n<figure class=\"wp-block-image size-large\"><img loading=\"lazy\" decoding=\"async\" width=\"850\" height=\"720\" data-id=\"23073\" src=\"https:\/\/www.designenlassen.de\/blog\/wp-content\/uploads\/2020\/11\/FlammenLogo_KfzKomfort_215182.jpg\" alt=\"\" class=\"wp-image-23073\" srcset=\"https:\/\/www.designenlassen.de\/blog\/wp-content\/uploads\/2020\/11\/FlammenLogo_KfzKomfort_215182.jpg 850w, https:\/\/www.designenlassen.de\/blog\/wp-content\/uploads\/2020\/11\/FlammenLogo_KfzKomfort_215182-300x254.jpg 300w, https:\/\/www.designenlassen.de\/blog\/wp-content\/uploads\/2020\/11\/FlammenLogo_KfzKomfort_215182-768x651.jpg 768w\" sizes=\"(max-width: 850px) 100vw, 850px\" \/><\/figure>\n<\/figure>\n\n\n\n<div style=\"height:20px\" aria-hidden=\"true\" class=\"wp-block-spacer\"><\/div>\n\n\n\n<div class=\"wp-block-group\"><div class=\"wp-block-group__inner-container is-layout-constrained wp-block-group-is-layout-constrained\">\n<div class=\"wp-block-buttons is-layout-flex wp-block-buttons-is-layout-flex\">\n<div class=\"wp-block-button aligncenter\"><a class=\"wp-block-button__link has-white-color has-text-color has-background wp-element-button\" href=\"https:\/\/www.designenlassen.de?utm_source=blog&amp;utm_medium=button&amp;utm_campaign=blog-beitraege\" style=\"background-color:#091182\">Jetzt Designs erstellen<\/a><\/div>\n<\/div>\n\n\n\n<div style=\"height:41px\" aria-hidden=\"true\" class=\"wp-block-spacer\"><\/div>\n<\/div><\/div>\n\n\n\n<h3 class=\"wp-block-heading\">Analoge Farben<\/h3>\n\n\n\n<p>Analoge Farben sind Farben, die im Farbkreis nebeneinander liegen. Sie haben eine \u00e4hnliche Farbtemperatur und erzeugen harmonische Farbkombinationen. Beispiele f\u00fcr analoge Farben sind Blau, Blaugr\u00fcn und Gr\u00fcn oder Rot, Orange und Gelb.<\/p>\n\n\n\n<figure class=\"wp-block-gallery has-nested-images columns-default is-cropped wp-block-gallery-3 is-layout-flex wp-block-gallery-is-layout-flex\">\n<figure class=\"wp-block-image size-large\"><img loading=\"lazy\" decoding=\"async\" width=\"800\" height=\"495\" data-id=\"25045\" src=\"https:\/\/www.designenlassen.de\/blog\/wp-content\/uploads\/2021\/09\/Biolieferbox-Lieferdienst-Logo-165475-Kailius02.png\" alt=\"Biolieferbox-Lieferdienst-Logo\" class=\"wp-image-25045\" srcset=\"https:\/\/www.designenlassen.de\/blog\/wp-content\/uploads\/2021\/09\/Biolieferbox-Lieferdienst-Logo-165475-Kailius02.png 800w, https:\/\/www.designenlassen.de\/blog\/wp-content\/uploads\/2021\/09\/Biolieferbox-Lieferdienst-Logo-165475-Kailius02-300x186.png 300w, https:\/\/www.designenlassen.de\/blog\/wp-content\/uploads\/2021\/09\/Biolieferbox-Lieferdienst-Logo-165475-Kailius02-768x475.png 768w\" sizes=\"(max-width: 800px) 100vw, 800px\" \/><\/figure>\n\n\n\n<figure class=\"wp-block-image size-large\"><img loading=\"lazy\" decoding=\"async\" width=\"800\" height=\"463\" data-id=\"23291\" src=\"https:\/\/www.designenlassen.de\/blog\/wp-content\/uploads\/2021\/02\/Elektriker-Logo-fuer-Thor-Charge-781133-Maxobiz-1.jpg\" alt=\"Elektriker-Logo-fuer-Thor-Charge\" class=\"wp-image-23291\" srcset=\"https:\/\/www.designenlassen.de\/blog\/wp-content\/uploads\/2021\/02\/Elektriker-Logo-fuer-Thor-Charge-781133-Maxobiz-1.jpg 800w, https:\/\/www.designenlassen.de\/blog\/wp-content\/uploads\/2021\/02\/Elektriker-Logo-fuer-Thor-Charge-781133-Maxobiz-1-300x174.jpg 300w, https:\/\/www.designenlassen.de\/blog\/wp-content\/uploads\/2021\/02\/Elektriker-Logo-fuer-Thor-Charge-781133-Maxobiz-1-768x444.jpg 768w\" sizes=\"(max-width: 800px) 100vw, 800px\" \/><\/figure>\n\n\n\n<figure class=\"wp-block-image size-large\"><img loading=\"lazy\" decoding=\"async\" width=\"338\" height=\"338\" data-id=\"22972\" src=\"https:\/\/www.designenlassen.de\/blog\/wp-content\/uploads\/2020\/11\/Burger-Lounge-Logo-Design-Burger-355154-mikreativo.png\" alt=\"Burger-Lounge-Logo-Design-Burger\" class=\"wp-image-22972\" srcset=\"https:\/\/www.designenlassen.de\/blog\/wp-content\/uploads\/2020\/11\/Burger-Lounge-Logo-Design-Burger-355154-mikreativo.png 338w, https:\/\/www.designenlassen.de\/blog\/wp-content\/uploads\/2020\/11\/Burger-Lounge-Logo-Design-Burger-355154-mikreativo-300x300.png 300w, https:\/\/www.designenlassen.de\/blog\/wp-content\/uploads\/2020\/11\/Burger-Lounge-Logo-Design-Burger-355154-mikreativo-150x150.png 150w\" sizes=\"(max-width: 338px) 100vw, 338px\" \/><\/figure>\n<\/figure>\n\n\n\n<div style=\"height:20px\" aria-hidden=\"true\" class=\"wp-block-spacer\"><\/div>\n\n\n\n<h3 class=\"wp-block-heading\">Triadische Farben<\/h3>\n\n\n\n<p>Triadische Farben sind drei Farben, die im Farbkreis den gleichen Abstand haben. Sie bieten eine ausgewogene Farbpalette und eignen sich gut f\u00fcr lebendige und energische Gestaltungen. Zu diesen geh\u00f6ren beispielsweise die Farben Rot, Blau und Gelb oder Orange, Gr\u00fcn und Violett.<\/p>\n\n\n\n<div style=\"height:20px\" aria-hidden=\"true\" class=\"wp-block-spacer\"><\/div>\n\n\n\n<h3 class=\"wp-block-heading\">Farbmischungen: Split-Komplement\u00e4rfarben<\/h3>\n\n\n\n<p>Farbmischungen wie beispielsweise Split-Komplement\u00e4rfarben bestehen aus einer Farbe und den beiden Farben, die direkt neben ihrer Komplement\u00e4rfarbe im Farbkreis liegen. Diese Farbkombinationen bieten einen hohen Kontrast, wirken jedoch weniger intensiv als reine Komplement\u00e4rfarben. Beispiele f\u00fcr Split-Komplement\u00e4rfarben sind Rot, Blaugr\u00fcn und Gelbgr\u00fcn oder Blau, Gelborange und Rotorange.<\/p>\n\n\n\n<figure class=\"wp-block-gallery has-nested-images columns-default is-cropped wp-block-gallery-4 is-layout-flex wp-block-gallery-is-layout-flex\">\n<figure class=\"wp-block-image size-large\"><img loading=\"lazy\" decoding=\"async\" width=\"338\" height=\"338\" data-id=\"17354\" src=\"https:\/\/www.designenlassen.de\/blog\/wp-content\/uploads\/2019\/07\/Pinselzauber-215559-Farben-Logo.png\" alt=\"Pinselzauber 215559 Farben Logo\" class=\"wp-image-17354\" srcset=\"https:\/\/www.designenlassen.de\/blog\/wp-content\/uploads\/2019\/07\/Pinselzauber-215559-Farben-Logo.png 338w, https:\/\/www.designenlassen.de\/blog\/wp-content\/uploads\/2019\/07\/Pinselzauber-215559-Farben-Logo-150x150.png 150w, https:\/\/www.designenlassen.de\/blog\/wp-content\/uploads\/2019\/07\/Pinselzauber-215559-Farben-Logo-300x300.png 300w\" sizes=\"(max-width: 338px) 100vw, 338px\" \/><\/figure>\n\n\n\n<figure class=\"wp-block-image size-large\"><img loading=\"lazy\" decoding=\"async\" width=\"703\" height=\"527\" data-id=\"26525\" src=\"https:\/\/www.designenlassen.de\/blog\/wp-content\/uploads\/2023\/05\/Pizza_Mario_Pizzeria_Logo_989972-edited.jpg\" alt=\"\" class=\"wp-image-26525\" srcset=\"https:\/\/www.designenlassen.de\/blog\/wp-content\/uploads\/2023\/05\/Pizza_Mario_Pizzeria_Logo_989972-edited.jpg 703w, https:\/\/www.designenlassen.de\/blog\/wp-content\/uploads\/2023\/05\/Pizza_Mario_Pizzeria_Logo_989972-edited-300x225.jpg 300w\" sizes=\"(max-width: 703px) 100vw, 703px\" \/><\/figure>\n\n\n\n<figure class=\"wp-block-image size-large\"><img loading=\"lazy\" decoding=\"async\" width=\"800\" height=\"499\" data-id=\"26548\" src=\"https:\/\/www.designenlassen.de\/blog\/wp-content\/uploads\/2023\/05\/GeschmacksWerk-Kochen-mit-Thermomix-das-beste-Logo-999376-Das-kreative-Atelier.png\" alt=\"\" class=\"wp-image-26548\" srcset=\"https:\/\/www.designenlassen.de\/blog\/wp-content\/uploads\/2023\/05\/GeschmacksWerk-Kochen-mit-Thermomix-das-beste-Logo-999376-Das-kreative-Atelier.png 800w, https:\/\/www.designenlassen.de\/blog\/wp-content\/uploads\/2023\/05\/GeschmacksWerk-Kochen-mit-Thermomix-das-beste-Logo-999376-Das-kreative-Atelier-300x187.png 300w, https:\/\/www.designenlassen.de\/blog\/wp-content\/uploads\/2023\/05\/GeschmacksWerk-Kochen-mit-Thermomix-das-beste-Logo-999376-Das-kreative-Atelier-768x479.png 768w\" sizes=\"(max-width: 800px) 100vw, 800px\" \/><\/figure>\n<\/figure>\n\n\n\n<div style=\"height:20px\" aria-hidden=\"true\" class=\"wp-block-spacer\"><\/div>\n\n\n\n<h2 class=\"wp-block-heading\">Farbton, S\u00e4ttigung und Helligkeit<\/h2>\n\n\n\n<p>Farben lassen sich auch in Bezug auf Farbton, S\u00e4ttigung und Helligkeit unterscheiden. Diese drei Eigenschaften erm\u00f6glichen es, Farben pr\u00e4zise darzustellen und anzupassen.<\/p>\n\n\n\n<ul class=\"wp-block-list\">\n<li>Der Farbton beschreibt die spezifische Farbe, wie beispielsweise Rot, Blau oder Gelb.<\/li>\n\n\n\n<li>Die S\u00e4ttigung gibt an, wie intensiv oder rein eine Farbe ist. Eine hohe S\u00e4ttigung bedeutet eine lebendige Farbe, w\u00e4hrend eine niedrige S\u00e4ttigung eine ged\u00e4mpfte, pastellartige Farbe ergibt.<\/li>\n\n\n\n<li>Die Helligkeit beschreibt, wie hell oder dunkel eine Farbe ist. Eine hohe Helligkeit f\u00fchrt zu einer hellen Farbe, w\u00e4hrend eine niedrige Helligkeit eine dunklere Farbe ergibt.<\/li>\n<\/ul>\n\n\n\n<div style=\"height:20px\" aria-hidden=\"true\" class=\"wp-block-spacer\"><\/div>\n\n\n\n<h2 class=\"wp-block-heading\">Farbkontrast<\/h2>\n\n\n\n<p>Der Farbkontrast ist ein wichtiges Gestaltungselement, das die Lesbarkeit und die visuelle Hierarchie beeinflusst. Es gibt verschiedene Arten von Farbkontrasten, die in der Gestaltung verwendet werden k\u00f6nnen:<\/p>\n\n\n\n<ul class=\"wp-block-list\">\n<li><strong>Komplement\u00e4rkontrast<\/strong>: Der Kontrast zwischen Komplement\u00e4rfarben, wie beispielsweise Blau und Orange.<\/li>\n\n\n\n<li><strong>Kalt-Warm-Kontrast<\/strong>: Der Kontrast zwischen warmen (Rot, Orange, Gelb) und kalten (Blau, Gr\u00fcn, Violett) Farben.<\/li>\n\n\n\n<li><strong>Hell-Dunkel-Kontrast<\/strong>: Der Kontrast zwischen hellen und dunklen Farben, der die Lesbarkeit von Texten beeinflusst.<\/li>\n<\/ul>\n\n\n\n<figure class=\"wp-block-gallery has-nested-images columns-default is-cropped wp-block-gallery-5 is-layout-flex wp-block-gallery-is-layout-flex\">\n<figure class=\"wp-block-image size-large\"><img loading=\"lazy\" decoding=\"async\" width=\"381\" height=\"238\" data-id=\"26733\" src=\"https:\/\/www.designenlassen.de\/blog\/wp-content\/uploads\/2023\/05\/VisitenkartenDesign_Eugler_755599-edited.jpg\" alt=\"Visitenkarte-Design\" class=\"wp-image-26733\" srcset=\"https:\/\/www.designenlassen.de\/blog\/wp-content\/uploads\/2023\/05\/VisitenkartenDesign_Eugler_755599-edited.jpg 381w, https:\/\/www.designenlassen.de\/blog\/wp-content\/uploads\/2023\/05\/VisitenkartenDesign_Eugler_755599-edited-300x187.jpg 300w\" sizes=\"(max-width: 381px) 100vw, 381px\" \/><\/figure>\n\n\n\n<figure class=\"wp-block-image size-large\"><img loading=\"lazy\" decoding=\"async\" width=\"338\" height=\"338\" data-id=\"23525\" src=\"https:\/\/www.designenlassen.de\/blog\/wp-content\/uploads\/2021\/02\/Sushi-Logo-Design-Lilys-Asia-986337-FineArt-1.jpg\" alt=\"Sushi-Logo-Design-Lilys-Asia\" class=\"wp-image-23525\" srcset=\"https:\/\/www.designenlassen.de\/blog\/wp-content\/uploads\/2021\/02\/Sushi-Logo-Design-Lilys-Asia-986337-FineArt-1.jpg 338w, https:\/\/www.designenlassen.de\/blog\/wp-content\/uploads\/2021\/02\/Sushi-Logo-Design-Lilys-Asia-986337-FineArt-1-300x300.jpg 300w, https:\/\/www.designenlassen.de\/blog\/wp-content\/uploads\/2021\/02\/Sushi-Logo-Design-Lilys-Asia-986337-FineArt-1-150x150.jpg 150w\" sizes=\"(max-width: 338px) 100vw, 338px\" \/><\/figure>\n\n\n\n<figure class=\"wp-block-image size-full\"><img loading=\"lazy\" decoding=\"async\" width=\"900\" height=\"900\" data-id=\"24519\" src=\"https:\/\/www.designenlassen.de\/blog\/wp-content\/uploads\/2021\/06\/Kreative_Fuchs_Logos_536993.png\" alt=\"Logo-Design f\u00fcr Content und Social Media Marketing\" class=\"wp-image-24519\" srcset=\"https:\/\/www.designenlassen.de\/blog\/wp-content\/uploads\/2021\/06\/Kreative_Fuchs_Logos_536993.png 900w, https:\/\/www.designenlassen.de\/blog\/wp-content\/uploads\/2021\/06\/Kreative_Fuchs_Logos_536993-300x300.png 300w, https:\/\/www.designenlassen.de\/blog\/wp-content\/uploads\/2021\/06\/Kreative_Fuchs_Logos_536993-150x150.png 150w, https:\/\/www.designenlassen.de\/blog\/wp-content\/uploads\/2021\/06\/Kreative_Fuchs_Logos_536993-768x768.png 768w, https:\/\/www.designenlassen.de\/blog\/wp-content\/uploads\/2021\/06\/Kreative_Fuchs_Logos_536993-585x585.png 585w, https:\/\/www.designenlassen.de\/blog\/wp-content\/uploads\/2021\/06\/Kreative_Fuchs_Logos_536993-600x600.png 600w\" sizes=\"(max-width: 900px) 100vw, 900px\" \/><figcaption class=\"wp-element-caption\">Quadratisches Logo mit Fuchs f\u00fcr Fox Words von ILZ<\/figcaption><\/figure>\n\n\n\n<figure class=\"wp-block-image size-large\"><img decoding=\"async\" data-id=\"26648\" src=\"https:\/\/www.designenlassen.de\/blog\/wp-content\/uploads\/2023\/05\/30_785736-724x1024.jpg\" alt=\"\" class=\"wp-image-26648\"\/><\/figure>\n\n\n\n<figure class=\"wp-block-image size-large\"><img loading=\"lazy\" decoding=\"async\" width=\"338\" height=\"338\" data-id=\"26462\" src=\"https:\/\/www.designenlassen.de\/blog\/wp-content\/uploads\/2023\/05\/Flat-Design-Ernaehrungsberatung-Amber-Coaching-793675-KScope.png\" alt=\"\" class=\"wp-image-26462\" srcset=\"https:\/\/www.designenlassen.de\/blog\/wp-content\/uploads\/2023\/05\/Flat-Design-Ernaehrungsberatung-Amber-Coaching-793675-KScope.png 338w, https:\/\/www.designenlassen.de\/blog\/wp-content\/uploads\/2023\/05\/Flat-Design-Ernaehrungsberatung-Amber-Coaching-793675-KScope-300x300.png 300w, https:\/\/www.designenlassen.de\/blog\/wp-content\/uploads\/2023\/05\/Flat-Design-Ernaehrungsberatung-Amber-Coaching-793675-KScope-150x150.png 150w\" sizes=\"(max-width: 338px) 100vw, 338px\" \/><\/figure>\n\n\n\n<figure class=\"wp-block-image size-large\"><img loading=\"lazy\" decoding=\"async\" width=\"385\" height=\"385\" data-id=\"24397\" src=\"https:\/\/www.designenlassen.de\/blog\/wp-content\/uploads\/2021\/06\/Fox_Logo_Fox_compliance_311625.jpg\" alt=\"Fuchs Logo f\u00fcr Unternehmensberatungs- und Servicedienstleistungen\" class=\"wp-image-24397\" srcset=\"https:\/\/www.designenlassen.de\/blog\/wp-content\/uploads\/2021\/06\/Fox_Logo_Fox_compliance_311625.jpg 385w, https:\/\/www.designenlassen.de\/blog\/wp-content\/uploads\/2021\/06\/Fox_Logo_Fox_compliance_311625-300x300.jpg 300w, https:\/\/www.designenlassen.de\/blog\/wp-content\/uploads\/2021\/06\/Fox_Logo_Fox_compliance_311625-150x150.jpg 150w\" sizes=\"(max-width: 385px) 100vw, 385px\" \/><figcaption class=\"wp-element-caption\">Logo-Design f\u00fcr Fox Compliance von Italhoo<\/figcaption><\/figure>\n<\/figure>\n\n\n\n<div style=\"height:20px\" aria-hidden=\"true\" class=\"wp-block-spacer\"><\/div>\n\n\n\n<h2 class=\"wp-block-heading\">Farben im digitalen Bereich<\/h2>\n\n\n\n<p>In der digitalen Gestaltung wie bei Webseiten Bannern werden Farben h\u00e4ufig mithilfe des RGB-Farbraums (Rot, Gr\u00fcn, Blau) oder des Hexadezimalcodes definiert. Der RGB-Farbraum basiert auf der Mischung von Rot, Gr\u00fcn und Blau in verschiedenen Intensit\u00e4ten, um eine Vielzahl von Farben zu erzeugen. Hexadezimalcodes sind eine numerische Darstellung von Farben, die aus sechs Zeichen bestehen und den RGB-Wert der Farbe angeben. Beachte zudem, dass Farben im digitalen Bereich eine andere Wirkung haben k\u00f6nnen als im Print.<\/p>\n\n\n\n<div style=\"height:20px\" aria-hidden=\"true\" class=\"wp-block-spacer\"><\/div>\n\n\n\n<h2 class=\"wp-block-heading\">Maximale Wirkung f\u00fcr Deine Designs<\/h2>\n\n\n\n<p>Willst Du eine einzigartige Identit\u00e4t f\u00fcr dein Unternehmen schaffen?<\/p>\n\n\n\n<p>Bei designenlassen.de findest Du viele Top-Designer, die Dir nach Deinen Vorgaben und W\u00fcnschen ein unverwechselbares Corporate Design und mehr gestalten. Du erh\u00e4ltst +50 individuelle Entw\u00fcrfe und kannst anschlie\u00dfend Deinen Favoriten aussuchen. Ist kein Design dabei, dass Dir gef\u00e4llt? Kein Problem! Du profitierst von unserer Preisgeld-zur\u00fcck-Garantie. Es besteht f\u00fcr Dich keine Abnahmeverpflichtung.<\/p>\n\n\n\n<div class=\"wp-block-buttons is-layout-flex wp-block-buttons-is-layout-flex\">\n<div class=\"wp-block-button aligncenter\"><a class=\"wp-block-button__link has-white-color has-text-color has-background wp-element-button\" href=\"https:\/\/www.designenlassen.de\/corporate-design?utm_source=blog&amp;utm_medium=button&amp;utm_campaign=blog-beitraege\" style=\"background-color:#091182\">Corporate Design erstellen<\/a><\/div>\n<\/div>\n\n\n\n<div style=\"height:40px\" aria-hidden=\"true\" class=\"wp-block-spacer\"><\/div>\n\n\n\n<h2 class=\"wp-block-heading\">Fazit Farbenlehre<\/h2>\n\n\n\n<p>Farben sind ein m\u00e4chtiges Werkzeug, um Emotionen zu wecken, Botschaften zu vermitteln und die Wahrnehmung einer Marke positiv zu beeinflussen. Farben werden gezielt in Werbung, Design und Kunst eingesetzt, um bestimmte Reaktionen beim Betrachter auszul\u00f6sen.<\/p>\n\n\n\n<p>Prim\u00e4rfarben bilden dabei die Grundlage der Farbenlehre. Mit Komplement\u00e4rfarben wie Wei\u00df und Schwarz kannst Du starke Kontrasteffekte schaffen.<\/p>\n\n\n\n<p>Bildquelle: \u00a9 macrovector \/ freepic<\/p>\n","protected":false},"excerpt":{"rendered":"<p>Farben haben auf uns eine starke Anziehungskraft. Sie helfen dabei, gezielte emotionale Reaktionen hervorzurufen, Stimmungen zu&hellip;<\/p>\n","protected":false},"author":24,"featured_media":27018,"comment_status":"open","ping_status":"closed","sticky":false,"template":"","format":"standard","meta":{"_lmt_disableupdate":"","_lmt_disable":"","footnotes":""},"categories":[1],"tags":[],"class_list":["post-27009","post","type-post","status-publish","format-standard","has-post-thumbnail","hentry","category-allgemein"],"yoast_head":"<!-- This site is optimized with the Yoast SEO plugin v26.7 - https:\/\/yoast.com\/wordpress\/plugins\/seo\/ -->\n<title>Farbenlehre: Die Macht der Farben verstehen<\/title>\n<meta name=\"description\" content=\"Farben haben auf uns eine starke Anziehungskraft. Erfahre in diesem Beitrag alles Wichtige \u00fcberdie Farbenlehre und wie Du sie nutzen kannst.\" \/>\n<meta name=\"robots\" content=\"index, follow, max-snippet:-1, max-image-preview:large, max-video-preview:-1\" \/>\n<link rel=\"canonical\" href=\"https:\/\/www.designenlassen.de\/blog\/farbenlehre-die-macht-der-farben-verstehen\/\" \/>\n<meta property=\"og:locale\" content=\"de_DE\" \/>\n<meta property=\"og:type\" content=\"article\" \/>\n<meta property=\"og:title\" content=\"Farbenlehre: Die Macht der Farben verstehen\" \/>\n<meta property=\"og:description\" content=\"Farben haben auf uns eine starke Anziehungskraft. Erfahre in diesem Beitrag alles Wichtige \u00fcberdie Farbenlehre und wie Du sie nutzen kannst.\" \/>\n<meta property=\"og:url\" content=\"https:\/\/www.designenlassen.de\/blog\/farbenlehre-die-macht-der-farben-verstehen\/\" \/>\n<meta property=\"og:site_name\" content=\"designenlassen.de Blog\" \/>\n<meta property=\"article:published_time\" content=\"2023-06-07T07:01:32+00:00\" \/>\n<meta property=\"article:modified_time\" content=\"2024-02-27T08:10:53+00:00\" \/>\n<meta property=\"og:image\" content=\"https:\/\/www.designenlassen.de\/blog\/wp-content\/uploads\/2023\/06\/designenlassen_blog_farblehre.jpg\" \/>\n\t<meta property=\"og:image:width\" content=\"1200\" \/>\n\t<meta property=\"og:image:height\" content=\"800\" \/>\n\t<meta property=\"og:image:type\" content=\"image\/jpeg\" \/>\n<meta name=\"author\" content=\"Patrick Schady\" \/>\n<meta name=\"twitter:card\" content=\"summary_large_image\" \/>\n<meta name=\"twitter:label1\" content=\"Verfasst von\" \/>\n\t<meta name=\"twitter:data1\" content=\"Patrick Schady\" \/>\n\t<meta name=\"twitter:label2\" content=\"Gesch\u00e4tzte Lesezeit\" \/>\n\t<meta name=\"twitter:data2\" content=\"11\u00a0Minuten\" \/>\n<script type=\"application\/ld+json\" class=\"yoast-schema-graph\">{\"@context\":\"https:\/\/schema.org\",\"@graph\":[{\"@type\":\"Article\",\"@id\":\"https:\/\/www.designenlassen.de\/blog\/farbenlehre-die-macht-der-farben-verstehen\/#article\",\"isPartOf\":{\"@id\":\"https:\/\/www.designenlassen.de\/blog\/farbenlehre-die-macht-der-farben-verstehen\/\"},\"author\":{\"name\":\"Patrick Schady\",\"@id\":\"https:\/\/www.designenlassen.de\/blog\/#\/schema\/person\/1e6e4a367ec0359155d5fbb01227c1ca\"},\"headline\":\"Farbenlehre: Die Macht der Farben verstehen\",\"datePublished\":\"2023-06-07T07:01:32+00:00\",\"dateModified\":\"2024-02-27T08:10:53+00:00\",\"mainEntityOfPage\":{\"@id\":\"https:\/\/www.designenlassen.de\/blog\/farbenlehre-die-macht-der-farben-verstehen\/\"},\"wordCount\":989,\"commentCount\":0,\"image\":{\"@id\":\"https:\/\/www.designenlassen.de\/blog\/farbenlehre-die-macht-der-farben-verstehen\/#primaryimage\"},\"thumbnailUrl\":\"https:\/\/www.designenlassen.de\/blog\/wp-content\/uploads\/2023\/06\/designenlassen_blog_farblehre.jpg\",\"inLanguage\":\"de\",\"potentialAction\":[{\"@type\":\"CommentAction\",\"name\":\"Comment\",\"target\":[\"https:\/\/www.designenlassen.de\/blog\/farbenlehre-die-macht-der-farben-verstehen\/#respond\"]}]},{\"@type\":\"WebPage\",\"@id\":\"https:\/\/www.designenlassen.de\/blog\/farbenlehre-die-macht-der-farben-verstehen\/\",\"url\":\"https:\/\/www.designenlassen.de\/blog\/farbenlehre-die-macht-der-farben-verstehen\/\",\"name\":\"Farbenlehre: Die Macht der Farben verstehen\",\"isPartOf\":{\"@id\":\"https:\/\/www.designenlassen.de\/blog\/#website\"},\"primaryImageOfPage\":{\"@id\":\"https:\/\/www.designenlassen.de\/blog\/farbenlehre-die-macht-der-farben-verstehen\/#primaryimage\"},\"image\":{\"@id\":\"https:\/\/www.designenlassen.de\/blog\/farbenlehre-die-macht-der-farben-verstehen\/#primaryimage\"},\"thumbnailUrl\":\"https:\/\/www.designenlassen.de\/blog\/wp-content\/uploads\/2023\/06\/designenlassen_blog_farblehre.jpg\",\"datePublished\":\"2023-06-07T07:01:32+00:00\",\"dateModified\":\"2024-02-27T08:10:53+00:00\",\"author\":{\"@id\":\"https:\/\/www.designenlassen.de\/blog\/#\/schema\/person\/1e6e4a367ec0359155d5fbb01227c1ca\"},\"description\":\"Farben haben auf uns eine starke Anziehungskraft. Erfahre in diesem Beitrag alles Wichtige \u00fcberdie Farbenlehre und wie Du sie nutzen kannst.\",\"breadcrumb\":{\"@id\":\"https:\/\/www.designenlassen.de\/blog\/farbenlehre-die-macht-der-farben-verstehen\/#breadcrumb\"},\"inLanguage\":\"de\",\"potentialAction\":[{\"@type\":\"ReadAction\",\"target\":[\"https:\/\/www.designenlassen.de\/blog\/farbenlehre-die-macht-der-farben-verstehen\/\"]}]},{\"@type\":\"ImageObject\",\"inLanguage\":\"de\",\"@id\":\"https:\/\/www.designenlassen.de\/blog\/farbenlehre-die-macht-der-farben-verstehen\/#primaryimage\",\"url\":\"https:\/\/www.designenlassen.de\/blog\/wp-content\/uploads\/2023\/06\/designenlassen_blog_farblehre.jpg\",\"contentUrl\":\"https:\/\/www.designenlassen.de\/blog\/wp-content\/uploads\/2023\/06\/designenlassen_blog_farblehre.jpg\",\"width\":1200,\"height\":800},{\"@type\":\"BreadcrumbList\",\"@id\":\"https:\/\/www.designenlassen.de\/blog\/farbenlehre-die-macht-der-farben-verstehen\/#breadcrumb\",\"itemListElement\":[{\"@type\":\"ListItem\",\"position\":1,\"name\":\"Start\",\"item\":\"https:\/\/www.designenlassen.de\/blog\/\"},{\"@type\":\"ListItem\",\"position\":2,\"name\":\"Farbenlehre: Die Macht der Farben verstehen\"}]},{\"@type\":\"WebSite\",\"@id\":\"https:\/\/www.designenlassen.de\/blog\/#website\",\"url\":\"https:\/\/www.designenlassen.de\/blog\/\",\"name\":\"designenlassen.de Blog\",\"description\":\"Inspirationen, Tipps und Ideen f\u00fcr Designer sowie Gr\u00fcnder und Kleinbetriebe.\",\"potentialAction\":[{\"@type\":\"SearchAction\",\"target\":{\"@type\":\"EntryPoint\",\"urlTemplate\":\"https:\/\/www.designenlassen.de\/blog\/?s={search_term_string}\"},\"query-input\":{\"@type\":\"PropertyValueSpecification\",\"valueRequired\":true,\"valueName\":\"search_term_string\"}}],\"inLanguage\":\"de\"},{\"@type\":\"Person\",\"@id\":\"https:\/\/www.designenlassen.de\/blog\/#\/schema\/person\/1e6e4a367ec0359155d5fbb01227c1ca\",\"name\":\"Patrick Schady\",\"image\":{\"@type\":\"ImageObject\",\"inLanguage\":\"de\",\"@id\":\"https:\/\/www.designenlassen.de\/blog\/#\/schema\/person\/image\/\",\"url\":\"https:\/\/secure.gravatar.com\/avatar\/41cfafecfbfd30ee6bc4cc02dd530ef067050210239f1d60debda10ce9c038d7?s=96&d=mm&r=g\",\"contentUrl\":\"https:\/\/secure.gravatar.com\/avatar\/41cfafecfbfd30ee6bc4cc02dd530ef067050210239f1d60debda10ce9c038d7?s=96&d=mm&r=g\",\"caption\":\"Patrick Schady\"},\"url\":\"https:\/\/www.designenlassen.de\/blog\/author\/patrick\/\"}]}<\/script>\n<!-- \/ Yoast SEO plugin. -->","yoast_head_json":{"title":"Farbenlehre: Die Macht der Farben verstehen","description":"Farben haben auf uns eine starke Anziehungskraft. Erfahre in diesem Beitrag alles Wichtige \u00fcberdie Farbenlehre und wie Du sie nutzen kannst.","robots":{"index":"index","follow":"follow","max-snippet":"max-snippet:-1","max-image-preview":"max-image-preview:large","max-video-preview":"max-video-preview:-1"},"canonical":"https:\/\/www.designenlassen.de\/blog\/farbenlehre-die-macht-der-farben-verstehen\/","og_locale":"de_DE","og_type":"article","og_title":"Farbenlehre: Die Macht der Farben verstehen","og_description":"Farben haben auf uns eine starke Anziehungskraft. Erfahre in diesem Beitrag alles Wichtige \u00fcberdie Farbenlehre und wie Du sie nutzen kannst.","og_url":"https:\/\/www.designenlassen.de\/blog\/farbenlehre-die-macht-der-farben-verstehen\/","og_site_name":"designenlassen.de Blog","article_published_time":"2023-06-07T07:01:32+00:00","article_modified_time":"2024-02-27T08:10:53+00:00","og_image":[{"width":1200,"height":800,"url":"https:\/\/www.designenlassen.de\/blog\/wp-content\/uploads\/2023\/06\/designenlassen_blog_farblehre.jpg","type":"image\/jpeg"}],"author":"Patrick Schady","twitter_card":"summary_large_image","twitter_misc":{"Verfasst von":"Patrick Schady","Gesch\u00e4tzte Lesezeit":"11\u00a0Minuten"},"schema":{"@context":"https:\/\/schema.org","@graph":[{"@type":"Article","@id":"https:\/\/www.designenlassen.de\/blog\/farbenlehre-die-macht-der-farben-verstehen\/#article","isPartOf":{"@id":"https:\/\/www.designenlassen.de\/blog\/farbenlehre-die-macht-der-farben-verstehen\/"},"author":{"name":"Patrick Schady","@id":"https:\/\/www.designenlassen.de\/blog\/#\/schema\/person\/1e6e4a367ec0359155d5fbb01227c1ca"},"headline":"Farbenlehre: Die Macht der Farben verstehen","datePublished":"2023-06-07T07:01:32+00:00","dateModified":"2024-02-27T08:10:53+00:00","mainEntityOfPage":{"@id":"https:\/\/www.designenlassen.de\/blog\/farbenlehre-die-macht-der-farben-verstehen\/"},"wordCount":989,"commentCount":0,"image":{"@id":"https:\/\/www.designenlassen.de\/blog\/farbenlehre-die-macht-der-farben-verstehen\/#primaryimage"},"thumbnailUrl":"https:\/\/www.designenlassen.de\/blog\/wp-content\/uploads\/2023\/06\/designenlassen_blog_farblehre.jpg","inLanguage":"de","potentialAction":[{"@type":"CommentAction","name":"Comment","target":["https:\/\/www.designenlassen.de\/blog\/farbenlehre-die-macht-der-farben-verstehen\/#respond"]}]},{"@type":"WebPage","@id":"https:\/\/www.designenlassen.de\/blog\/farbenlehre-die-macht-der-farben-verstehen\/","url":"https:\/\/www.designenlassen.de\/blog\/farbenlehre-die-macht-der-farben-verstehen\/","name":"Farbenlehre: Die Macht der Farben verstehen","isPartOf":{"@id":"https:\/\/www.designenlassen.de\/blog\/#website"},"primaryImageOfPage":{"@id":"https:\/\/www.designenlassen.de\/blog\/farbenlehre-die-macht-der-farben-verstehen\/#primaryimage"},"image":{"@id":"https:\/\/www.designenlassen.de\/blog\/farbenlehre-die-macht-der-farben-verstehen\/#primaryimage"},"thumbnailUrl":"https:\/\/www.designenlassen.de\/blog\/wp-content\/uploads\/2023\/06\/designenlassen_blog_farblehre.jpg","datePublished":"2023-06-07T07:01:32+00:00","dateModified":"2024-02-27T08:10:53+00:00","author":{"@id":"https:\/\/www.designenlassen.de\/blog\/#\/schema\/person\/1e6e4a367ec0359155d5fbb01227c1ca"},"description":"Farben haben auf uns eine starke Anziehungskraft. Erfahre in diesem Beitrag alles Wichtige \u00fcberdie Farbenlehre und wie Du sie nutzen kannst.","breadcrumb":{"@id":"https:\/\/www.designenlassen.de\/blog\/farbenlehre-die-macht-der-farben-verstehen\/#breadcrumb"},"inLanguage":"de","potentialAction":[{"@type":"ReadAction","target":["https:\/\/www.designenlassen.de\/blog\/farbenlehre-die-macht-der-farben-verstehen\/"]}]},{"@type":"ImageObject","inLanguage":"de","@id":"https:\/\/www.designenlassen.de\/blog\/farbenlehre-die-macht-der-farben-verstehen\/#primaryimage","url":"https:\/\/www.designenlassen.de\/blog\/wp-content\/uploads\/2023\/06\/designenlassen_blog_farblehre.jpg","contentUrl":"https:\/\/www.designenlassen.de\/blog\/wp-content\/uploads\/2023\/06\/designenlassen_blog_farblehre.jpg","width":1200,"height":800},{"@type":"BreadcrumbList","@id":"https:\/\/www.designenlassen.de\/blog\/farbenlehre-die-macht-der-farben-verstehen\/#breadcrumb","itemListElement":[{"@type":"ListItem","position":1,"name":"Start","item":"https:\/\/www.designenlassen.de\/blog\/"},{"@type":"ListItem","position":2,"name":"Farbenlehre: Die Macht der Farben verstehen"}]},{"@type":"WebSite","@id":"https:\/\/www.designenlassen.de\/blog\/#website","url":"https:\/\/www.designenlassen.de\/blog\/","name":"designenlassen.de Blog","description":"Inspirationen, Tipps und Ideen f\u00fcr Designer sowie Gr\u00fcnder und Kleinbetriebe.","potentialAction":[{"@type":"SearchAction","target":{"@type":"EntryPoint","urlTemplate":"https:\/\/www.designenlassen.de\/blog\/?s={search_term_string}"},"query-input":{"@type":"PropertyValueSpecification","valueRequired":true,"valueName":"search_term_string"}}],"inLanguage":"de"},{"@type":"Person","@id":"https:\/\/www.designenlassen.de\/blog\/#\/schema\/person\/1e6e4a367ec0359155d5fbb01227c1ca","name":"Patrick Schady","image":{"@type":"ImageObject","inLanguage":"de","@id":"https:\/\/www.designenlassen.de\/blog\/#\/schema\/person\/image\/","url":"https:\/\/secure.gravatar.com\/avatar\/41cfafecfbfd30ee6bc4cc02dd530ef067050210239f1d60debda10ce9c038d7?s=96&d=mm&r=g","contentUrl":"https:\/\/secure.gravatar.com\/avatar\/41cfafecfbfd30ee6bc4cc02dd530ef067050210239f1d60debda10ce9c038d7?s=96&d=mm&r=g","caption":"Patrick Schady"},"url":"https:\/\/www.designenlassen.de\/blog\/author\/patrick\/"}]}},"_links":{"self":[{"href":"https:\/\/www.designenlassen.de\/blog\/wp-json\/wp\/v2\/posts\/27009","targetHints":{"allow":["GET"]}}],"collection":[{"href":"https:\/\/www.designenlassen.de\/blog\/wp-json\/wp\/v2\/posts"}],"about":[{"href":"https:\/\/www.designenlassen.de\/blog\/wp-json\/wp\/v2\/types\/post"}],"author":[{"embeddable":true,"href":"https:\/\/www.designenlassen.de\/blog\/wp-json\/wp\/v2\/users\/24"}],"replies":[{"embeddable":true,"href":"https:\/\/www.designenlassen.de\/blog\/wp-json\/wp\/v2\/comments?post=27009"}],"version-history":[{"count":13,"href":"https:\/\/www.designenlassen.de\/blog\/wp-json\/wp\/v2\/posts\/27009\/revisions"}],"predecessor-version":[{"id":29360,"href":"https:\/\/www.designenlassen.de\/blog\/wp-json\/wp\/v2\/posts\/27009\/revisions\/29360"}],"wp:featuredmedia":[{"embeddable":true,"href":"https:\/\/www.designenlassen.de\/blog\/wp-json\/wp\/v2\/media\/27018"}],"wp:attachment":[{"href":"https:\/\/www.designenlassen.de\/blog\/wp-json\/wp\/v2\/media?parent=27009"}],"wp:term":[{"taxonomy":"category","embeddable":true,"href":"https:\/\/www.designenlassen.de\/blog\/wp-json\/wp\/v2\/categories?post=27009"},{"taxonomy":"post_tag","embeddable":true,"href":"https:\/\/www.designenlassen.de\/blog\/wp-json\/wp\/v2\/tags?post=27009"}],"curies":[{"name":"wp","href":"https:\/\/api.w.org\/{rel}","templated":true}]}}