{"id":32099,"date":"2024-08-14T11:10:06","date_gmt":"2024-08-14T09:10:06","guid":{"rendered":"https:\/\/www.designenlassen.de\/blog\/?p=32099"},"modified":"2025-05-22T08:53:48","modified_gmt":"2025-05-22T06:53:48","slug":"buchcover-gestaltung-in-4-schritten-zum-bestseller","status":"publish","type":"post","link":"https:\/\/www.designenlassen.de\/blog\/buchcover-gestaltung-in-4-schritten-zum-bestseller\/","title":{"rendered":"Buchcover gestalten: In 4 Schritten zum Bestseller"},"content":{"rendered":"\n<p>4.900 B\u00fccher werden t\u00e4glich ver\u00f6ffentlicht. Das Buchcover macht dabei oft den Unterschied zwischen Beststeller und Ladenh\u00fcter. Damit auch Dein Buch aus der Masse hervorsticht und zum Kassenschlager wird, braucht es neben dem Inhalt ein verkaufsstarkes sowie optisch ansprechendes Design.<\/p>\n\n\n\n<p><strong>Erfahre in Diesem Beitrag alles Wichtige zur Buchcover-Gestaltung, damit auch Dein Buch massenweise \u00fcber die Ladentheke geht.<\/strong><\/p>\n\n\n\n<div class=\"wp-block-buttons is-content-justification-center is-layout-flex wp-container-core-buttons-is-layout-16018d1d wp-block-buttons-is-layout-flex\">\n<div class=\"wp-block-button is-style-fill\"><a class=\"wp-block-button__link has-white-color has-text-color has-background has-text-align-left wp-element-button\" href=\"https:\/\/www.designenlassen.de\/buchcover-design?utm_source=blog&amp;utm_medium=button&amp;utm_campaign=blog-beitraege\" style=\"background-color:#091182\">Jetzt Buchcover gestalten<\/a><\/div>\n<\/div>\n\n\n\n\n\n<h2 class=\"wp-block-heading\">Wieso ist ein gutes Buchcover-Design so wichtig?<\/h2>\n\n\n\n<p>Das Buchcover ist das erste, was potenzielle Leser von einem Buch sehen und eines der wichtigsten Verkaufsargumente. Es beeinflusst die (erste) Wahrnehmung des Lesers und entscheidet oft dar\u00fcber, ob ein Buch aus dem Regal genommen und n\u00e4her betrachtet wird. Ein ansprechendes Cover weckt <strong>Interesse und zieht potenzielle Leser <\/strong>an, was letztlich zu h\u00f6heren Verkaufszahlen f\u00fchren kann.<\/p>\n\n\n\n<figure class=\"wp-block-gallery has-nested-images columns-default is-cropped wp-block-gallery-1 is-layout-flex wp-block-gallery-is-layout-flex\">\n<figure class=\"wp-block-image size-large\"><img fetchpriority=\"high\" decoding=\"async\" width=\"900\" height=\"600\" data-id=\"24991\" src=\"https:\/\/www.designenlassen.de\/blog\/wp-content\/uploads\/2021\/09\/Humboldt_und_der_tiefe_Fall_Krimi_Cover_796442.jpg\" alt=\"Krimi Buchcover f\u00fcr Humboldt und der tiefe Fall\" class=\"wp-image-24991\" srcset=\"https:\/\/www.designenlassen.de\/blog\/wp-content\/uploads\/2021\/09\/Humboldt_und_der_tiefe_Fall_Krimi_Cover_796442.jpg 900w, https:\/\/www.designenlassen.de\/blog\/wp-content\/uploads\/2021\/09\/Humboldt_und_der_tiefe_Fall_Krimi_Cover_796442-300x200.jpg 300w, https:\/\/www.designenlassen.de\/blog\/wp-content\/uploads\/2021\/09\/Humboldt_und_der_tiefe_Fall_Krimi_Cover_796442-768x512.jpg 768w\" sizes=\"(max-width: 900px) 100vw, 900px\" \/><figcaption class=\"wp-element-caption\">Buchcover f\u00fcr Kriminalroman von Nivine<\/figcaption><\/figure>\n\n\n\n<figure class=\"wp-block-image size-large\"><img decoding=\"async\" width=\"1000\" height=\"667\" data-id=\"23864\" src=\"https:\/\/www.designenlassen.de\/blog\/wp-content\/uploads\/2021\/04\/Der_Schattenmann_Fantasy_Buchcover_762221.jpg\" alt=\"Buchcover f\u00fcr Fantasyroman\" class=\"wp-image-23864\" srcset=\"https:\/\/www.designenlassen.de\/blog\/wp-content\/uploads\/2021\/04\/Der_Schattenmann_Fantasy_Buchcover_762221.jpg 1000w, https:\/\/www.designenlassen.de\/blog\/wp-content\/uploads\/2021\/04\/Der_Schattenmann_Fantasy_Buchcover_762221-300x200.jpg 300w, https:\/\/www.designenlassen.de\/blog\/wp-content\/uploads\/2021\/04\/Der_Schattenmann_Fantasy_Buchcover_762221-768x512.jpg 768w\" sizes=\"(max-width: 1000px) 100vw, 1000px\" \/><figcaption class=\"wp-element-caption\">Fantasy Buchcover von Nivine<\/figcaption><\/figure>\n<\/figure>\n\n\n\n<h2 class=\"wp-block-heading\">Welche Elemente hat ein Buchcover?<\/h2>\n\n\n\n<p>F\u00fcr den Erfolg eines Buches, sollte das Buchcover bestimmte Elemente enthalten, um sowohl ansprechend als auch informativ zu sein und das Interesse des Lesers zu gewinnen:<\/p>\n\n\n\n<h3 class=\"wp-block-heading\">Buchtitel<\/h3>\n\n\n\n<p>Der Titel des Buches ist nat\u00fcrlich das zentrale Element eines Buchcovers. Er sollte pr\u00e4gnant und einpr\u00e4gsam sein, den Inhalt des Buches widerspiegeln und idealerweise die Neugier der Leser wecken.<\/p>\n\n\n\n<h3 class=\"wp-block-heading\">Autorennamen<\/h3>\n\n\n\n<p>Neben dem Buchtitel sollte der Name des Autors oder der Autorin gut sichtbar platziert werden, da er oft entscheidend f\u00fcr die Kaufentscheidung ist, insbesondere wenn der Autor bereits bekannt ist.<\/p>\n\n\n\n<figure class=\"wp-block-image size-full\"><img decoding=\"async\" width=\"900\" height=\"600\" src=\"https:\/\/www.designenlassen.de\/blog\/wp-content\/uploads\/2021\/09\/Die_Physikerin_Thriller_Buchcover_175838.jpg\" alt=\"Thriller Buchcover f\u00fcr Moritz Hirche\" class=\"wp-image-25001\" srcset=\"https:\/\/www.designenlassen.de\/blog\/wp-content\/uploads\/2021\/09\/Die_Physikerin_Thriller_Buchcover_175838.jpg 900w, https:\/\/www.designenlassen.de\/blog\/wp-content\/uploads\/2021\/09\/Die_Physikerin_Thriller_Buchcover_175838-300x200.jpg 300w, https:\/\/www.designenlassen.de\/blog\/wp-content\/uploads\/2021\/09\/Die_Physikerin_Thriller_Buchcover_175838-768x512.jpg 768w\" sizes=\"(max-width: 900px) 100vw, 900px\" \/><\/figure>\n\n\n\n<h3 class=\"wp-block-heading\">Genre-Identifikation<\/h3>\n\n\n\n<p>Eine klare Kennzeichnung des Genres hilft den Lesern, das Buch sofort einzuordnen. Dies kann durch spezifische <a href=\"https:\/\/www.designenlassen.de\/blog\/farbenlehre-die-macht-der-farben-verstehen\/\">Farben<\/a>, Schriftarten oder Bilder geschehen, die mit dem Genre assoziiert werden.<\/p>\n\n\n\n<h3 class=\"wp-block-heading\">Visuelle Elemente<\/h3>\n\n\n\n<p>Auch Bilder oder Grafiken sollten sorgf\u00e4ltig ausgew\u00e4hlt werden, um die Stimmung und das Thema des Buches zu vermitteln. Sie k\u00f6nnen entscheidend dazu beitragen, das Interesse der Leser zu wecken.<\/p>\n\n\n\n<h3 class=\"wp-block-heading\">Klappentext<\/h3>\n\n\n\n<p>Auf der R\u00fcckseite des Buchcovers sollte ein kurzer Klappentext stehen, der den Inhalt des Buches zusammenfasst und die Leser anspricht. Dieser Text sollte klar und ansprechend formuliert sein.<\/p>\n\n\n\n<h3 class=\"wp-block-heading\">Zus\u00e4tzliche Informationen<\/h3>\n\n\n\n<p>Elemente wie Pressestimmen, Auszeichnungen oder Angaben zur Buchreihe k\u00f6nnen ebenfalls hilfreich sein, um das Buch attraktiver zu machen und Vertrauen zu schaffen. Diese Informationen findet man meistens ebenfalls wie den Klappentext auf der Buchr\u00fcckseite.<\/p>\n\n\n\n<div class=\"wp-block-buttons is-content-justification-center is-layout-flex wp-container-core-buttons-is-layout-16018d1d wp-block-buttons-is-layout-flex\">\n<div class=\"wp-block-button is-style-fill\"><a class=\"wp-block-button__link has-white-color has-text-color has-background has-text-align-left wp-element-button\" href=\"https:\/\/www.designenlassen.de\/buchcover-design?utm_source=blog&amp;utm_medium=button&amp;utm_campaign=blog-beitraege\" style=\"background-color:#091182\">Jetzt Buchcover gestalten<\/a><\/div>\n<\/div>\n\n\n\n<div style=\"height:35px\" aria-hidden=\"true\" class=\"wp-block-spacer\"><\/div>\n\n\n\n<h2 class=\"wp-block-heading\">4 Tipps, um ein einzigartiges Buchcover zu gestalten<\/h2>\n\n\n\n<h3 class=\"wp-block-heading\">1. Denke wie ein Leser<\/h3>\n\n\n\n<p>Zun\u00e4chst solltest Du Dich in die Perspektive Deiner Zielgruppe zu versetzen. \u00dcberlege, wie Dein Cover in Online-Shops oder Buchhandlungen wahrgenommen wird. Das Buchcover sollte sowohl im Vorschaubild als auch im Detail <strong>gut erkennbar sein<\/strong> und Emotionen wecken, anstatt nur die Handlung des Buches zu erz\u00e4hlen.<\/p>\n\n\n\n<h3 class=\"wp-block-heading\">2. Klare und aussagekr\u00e4ftige Gestaltung<\/h3>\n\n\n\n<p>Ein gelungenes Cover sollte eine klare Botschaft vermitteln und visuell ansprechend sein. Vermeide deshalb bei der Buchcover-Gestaltung <strong>\u00fcberladene Designs<\/strong>, die den Leser verwirren k\u00f6nnten. Stattdessen solltest Du Dich auf wesentliche Elemente konzentrieren, die das Genre und die Stimmung Deines Buches widerspiegeln. <\/p>\n\n\n\n<p>Bedenke dabei auch, dass \u201eweniger oft mehr\u201c ist. Ein <a href=\"https:\/\/www.designenlassen.de\/blog\/minimalistische-logos-die-mit-dem-noetigsten-im-design-ueberzeugen\/\">minimalistisches Design<\/a> kann genauso kraftvoll sein wie ein detailliertes <a href=\"https:\/\/www.designenlassen.de\/blog\/21-buchcover-designs\/\">Buchcover-Design<\/a>. Einfache, klare Linien und dezente Farben k\u00f6nnen eine starke Botschaft vermitteln und das Wesentliche in den Vordergrund r\u00fccken.<\/p>\n\n\n\n<figure class=\"wp-block-gallery has-nested-images columns-default is-cropped wp-block-gallery-2 is-layout-flex wp-block-gallery-is-layout-flex\">\n<figure class=\"wp-block-image size-large\"><img loading=\"lazy\" decoding=\"async\" width=\"1024\" height=\"1024\" data-id=\"31505\" src=\"https:\/\/www.designenlassen.de\/blog\/wp-content\/uploads\/2024\/04\/designenlassen-blumenladen-flyer-buchs-1024x1024.jpeg\" alt=\"Flyer f\u00fcr Blumenladen und Florist\" class=\"wp-image-31505\" srcset=\"https:\/\/www.designenlassen.de\/blog\/wp-content\/uploads\/2024\/04\/designenlassen-blumenladen-flyer-buchs-1024x1024.jpeg 1024w, https:\/\/www.designenlassen.de\/blog\/wp-content\/uploads\/2024\/04\/designenlassen-blumenladen-flyer-buchs-300x300.jpeg 300w, https:\/\/www.designenlassen.de\/blog\/wp-content\/uploads\/2024\/04\/designenlassen-blumenladen-flyer-buchs-150x150.jpeg 150w, https:\/\/www.designenlassen.de\/blog\/wp-content\/uploads\/2024\/04\/designenlassen-blumenladen-flyer-buchs-768x768.jpeg 768w, https:\/\/www.designenlassen.de\/blog\/wp-content\/uploads\/2024\/04\/designenlassen-blumenladen-flyer-buchs.jpeg 1500w\" sizes=\"(max-width: 1024px) 100vw, 1024px\" \/><\/figure>\n\n\n\n<figure class=\"wp-block-image size-large\"><img loading=\"lazy\" decoding=\"async\" width=\"1000\" height=\"708\" data-id=\"24990\" src=\"https:\/\/www.designenlassen.de\/blog\/wp-content\/uploads\/2021\/09\/Dicke_Liebe_Krimi_Cover_696636.jpg\" alt=\"Buchcover f\u00fcr Krimi Reihe von Nivine\" class=\"wp-image-24990\" srcset=\"https:\/\/www.designenlassen.de\/blog\/wp-content\/uploads\/2021\/09\/Dicke_Liebe_Krimi_Cover_696636.jpg 1000w, https:\/\/www.designenlassen.de\/blog\/wp-content\/uploads\/2021\/09\/Dicke_Liebe_Krimi_Cover_696636-300x212.jpg 300w, https:\/\/www.designenlassen.de\/blog\/wp-content\/uploads\/2021\/09\/Dicke_Liebe_Krimi_Cover_696636-768x544.jpg 768w\" sizes=\"(max-width: 1000px) 100vw, 1000px\" \/><figcaption class=\"wp-element-caption\">E-Book-Cover f\u00fcr Bergmann-Krimis von Nivine<\/figcaption><\/figure>\n<\/figure>\n\n\n\n<h3 class=\"wp-block-heading\">3. Typografie und Farbwahl<\/h3>\n\n\n\n<p>Auch die richtige Auswahl von Schriftart und <a href=\"https:\/\/www.designenlassen.de\/blog\/farbenlehre-die-macht-der-farben-verstehen\/\">Farben<\/a> ist ein wichtiger Faktor f\u00fcr den Verkaufserfolg Deines Buches. Die Schrift sollte zum Genre und zur Stimmung des Buches passen. Setze Farben gezielt ein, um Emotionen zu wecken und Dein Buch auff\u00e4llig zu machen.<\/p>\n\n\n\n<h3 class=\"wp-block-heading\">4. Einzigartige Illustrationen oder Fotos<\/h3>\n\n\n\n<p>Verwende nach M\u00f6glichkeit individuelle Illustrationen oder Fotos, die speziell f\u00fcr Ihr Buch erstellt wurden. Denn generische Stockbilder k\u00f6nnen das Cover unpers\u00f6nlich wirken lassen. Ein originelles Bild kann Dein Buch eine besondere Note verleihen, es von der Masse abheben und es einzigartig wirken lassen.<\/p>\n\n\n\n<h2 class=\"wp-block-heading\">Buchcover gestalten Beispiele<\/h2>\n\n\n\n<figure class=\"wp-block-gallery has-nested-images columns-2 is-cropped wp-block-gallery-3 is-layout-flex wp-block-gallery-is-layout-flex\">\n<figure class=\"wp-block-image size-large\"><img loading=\"lazy\" decoding=\"async\" width=\"338\" height=\"338\" data-id=\"20125\" src=\"https:\/\/www.designenlassen.de\/blog\/wp-content\/uploads\/2020\/03\/Buchcover-Design-Der-literarische-Geschenkkorb-431292-volfdrag.jpg\" alt=\"Buchcover-Design-Der-literarische-Geschenkkorb\" class=\"wp-image-20125\" srcset=\"https:\/\/www.designenlassen.de\/blog\/wp-content\/uploads\/2020\/03\/Buchcover-Design-Der-literarische-Geschenkkorb-431292-volfdrag.jpg 338w, https:\/\/www.designenlassen.de\/blog\/wp-content\/uploads\/2020\/03\/Buchcover-Design-Der-literarische-Geschenkkorb-431292-volfdrag-300x300.jpg 300w, https:\/\/www.designenlassen.de\/blog\/wp-content\/uploads\/2020\/03\/Buchcover-Design-Der-literarische-Geschenkkorb-431292-volfdrag-150x150.jpg 150w\" sizes=\"(max-width: 338px) 100vw, 338px\" \/><figcaption class=\"wp-element-caption\">Buchcover-Design von volfdrag<\/figcaption><\/figure>\n\n\n\n<figure class=\"wp-block-image size-large\"><img loading=\"lazy\" decoding=\"async\" width=\"800\" height=\"554\" data-id=\"20133\" src=\"https:\/\/www.designenlassen.de\/blog\/wp-content\/uploads\/2020\/03\/Der-Angstfresser-Buchcover-Design-273846-ce-graphics.png\" alt=\"Der-Angstfresser-Buchcover-Design\" class=\"wp-image-20133\" srcset=\"https:\/\/www.designenlassen.de\/blog\/wp-content\/uploads\/2020\/03\/Der-Angstfresser-Buchcover-Design-273846-ce-graphics.png 800w, https:\/\/www.designenlassen.de\/blog\/wp-content\/uploads\/2020\/03\/Der-Angstfresser-Buchcover-Design-273846-ce-graphics-300x208.png 300w, https:\/\/www.designenlassen.de\/blog\/wp-content\/uploads\/2020\/03\/Der-Angstfresser-Buchcover-Design-273846-ce-graphics-768x532.png 768w\" sizes=\"(max-width: 800px) 100vw, 800px\" \/><figcaption class=\"wp-element-caption\">Buchcover-Design &#8222;Der Angstfresser&#8220; von ce graphics<\/figcaption><\/figure>\n\n\n\n<figure class=\"wp-block-image size-large\"><img loading=\"lazy\" decoding=\"async\" width=\"800\" height=\"544\" data-id=\"20134\" src=\"https:\/\/www.designenlassen.de\/blog\/wp-content\/uploads\/2020\/03\/Vermisst-in-Berlin-Cover-f\u00fcr-Buch-794336-Firebird.jpg\" alt=\"Vermisst-in-Berlin-Cover-f\u00fcr-Buch\" class=\"wp-image-20134\" srcset=\"https:\/\/www.designenlassen.de\/blog\/wp-content\/uploads\/2020\/03\/Vermisst-in-Berlin-Cover-f\u00fcr-Buch-794336-Firebird.jpg 800w, https:\/\/www.designenlassen.de\/blog\/wp-content\/uploads\/2020\/03\/Vermisst-in-Berlin-Cover-f\u00fcr-Buch-794336-Firebird-300x204.jpg 300w, https:\/\/www.designenlassen.de\/blog\/wp-content\/uploads\/2020\/03\/Vermisst-in-Berlin-Cover-f\u00fcr-Buch-794336-Firebird-768x522.jpg 768w\" sizes=\"(max-width: 800px) 100vw, 800px\" \/><figcaption class=\"wp-element-caption\">Buchcover-Design in mystischer Gestaltung von Firebird<\/figcaption><\/figure>\n\n\n\n<figure class=\"wp-block-image size-large\"><img loading=\"lazy\" decoding=\"async\" width=\"338\" height=\"338\" data-id=\"20126\" src=\"https:\/\/www.designenlassen.de\/blog\/wp-content\/uploads\/2020\/03\/MIA-Buch-Cover-Design-883729-stro.jpg\" alt=\"MIA-Buch-Cover-Design\" class=\"wp-image-20126\" srcset=\"https:\/\/www.designenlassen.de\/blog\/wp-content\/uploads\/2020\/03\/MIA-Buch-Cover-Design-883729-stro.jpg 338w, https:\/\/www.designenlassen.de\/blog\/wp-content\/uploads\/2020\/03\/MIA-Buch-Cover-Design-883729-stro-300x300.jpg 300w, https:\/\/www.designenlassen.de\/blog\/wp-content\/uploads\/2020\/03\/MIA-Buch-Cover-Design-883729-stro-150x150.jpg 150w\" sizes=\"(max-width: 338px) 100vw, 338px\" \/><figcaption class=\"wp-element-caption\">Buchcover-Design von stro<\/figcaption><\/figure>\n\n\n\n<figure class=\"wp-block-image size-large\"><img loading=\"lazy\" decoding=\"async\" width=\"800\" height=\"538\" data-id=\"20124\" src=\"https:\/\/www.designenlassen.de\/blog\/wp-content\/uploads\/2020\/03\/Kinderbuch-Cover-Design-Finjas-Zauberring-118866-volfdrag.jpg\" alt=\"Kinderbuch-Cover-Design-Finjas-Zauberring\" class=\"wp-image-20124\" srcset=\"https:\/\/www.designenlassen.de\/blog\/wp-content\/uploads\/2020\/03\/Kinderbuch-Cover-Design-Finjas-Zauberring-118866-volfdrag.jpg 800w, https:\/\/www.designenlassen.de\/blog\/wp-content\/uploads\/2020\/03\/Kinderbuch-Cover-Design-Finjas-Zauberring-118866-volfdrag-300x202.jpg 300w, https:\/\/www.designenlassen.de\/blog\/wp-content\/uploads\/2020\/03\/Kinderbuch-Cover-Design-Finjas-Zauberring-118866-volfdrag-768x516.jpg 768w\" sizes=\"(max-width: 800px) 100vw, 800px\" \/><figcaption class=\"wp-element-caption\">Verspieltes Buch Cover-Design von volfdrag<\/figcaption><\/figure>\n\n\n\n<figure class=\"wp-block-image size-large\"><img loading=\"lazy\" decoding=\"async\" width=\"800\" height=\"527\" data-id=\"20131\" src=\"https:\/\/www.designenlassen.de\/blog\/wp-content\/uploads\/2020\/03\/Handbuch-der-universellen-Weisheit-Buchcover-Design-631546-volfdrag.jpg\" alt=\"\" class=\"wp-image-20131\" srcset=\"https:\/\/www.designenlassen.de\/blog\/wp-content\/uploads\/2020\/03\/Handbuch-der-universellen-Weisheit-Buchcover-Design-631546-volfdrag.jpg 800w, https:\/\/www.designenlassen.de\/blog\/wp-content\/uploads\/2020\/03\/Handbuch-der-universellen-Weisheit-Buchcover-Design-631546-volfdrag-300x198.jpg 300w, https:\/\/www.designenlassen.de\/blog\/wp-content\/uploads\/2020\/03\/Handbuch-der-universellen-Weisheit-Buchcover-Design-631546-volfdrag-768x506.jpg 768w\" sizes=\"(max-width: 800px) 100vw, 800px\" \/><\/figure>\n\n\n\n<figure class=\"wp-block-image size-large\"><img loading=\"lazy\" decoding=\"async\" width=\"338\" height=\"338\" data-id=\"20129\" src=\"https:\/\/www.designenlassen.de\/blog\/wp-content\/uploads\/2020\/03\/Sommer-in-Sieteb\u00fchl-Buch-Cover-Designer-669897-moda1.jpg\" alt=\"Sommer-in-Sieteb\u00fchl-Buch-Cover-Designer\" class=\"wp-image-20129\" srcset=\"https:\/\/www.designenlassen.de\/blog\/wp-content\/uploads\/2020\/03\/Sommer-in-Sieteb\u00fchl-Buch-Cover-Designer-669897-moda1.jpg 338w, https:\/\/www.designenlassen.de\/blog\/wp-content\/uploads\/2020\/03\/Sommer-in-Sieteb\u00fchl-Buch-Cover-Designer-669897-moda1-300x300.jpg 300w, https:\/\/www.designenlassen.de\/blog\/wp-content\/uploads\/2020\/03\/Sommer-in-Sieteb\u00fchl-Buch-Cover-Designer-669897-moda1-150x150.jpg 150w\" sizes=\"(max-width: 338px) 100vw, 338px\" \/><figcaption class=\"wp-element-caption\">Buchcover-Design f\u00fcr moda1<\/figcaption><\/figure>\n\n\n\n<figure class=\"wp-block-image size-large\"><img loading=\"lazy\" decoding=\"async\" width=\"800\" height=\"637\" data-id=\"20135\" src=\"https:\/\/www.designenlassen.de\/blog\/wp-content\/uploads\/2020\/03\/Buch-Cover-Design-Gebrochenes-L\u00f6wenherz-948648-yomony.jpg\" alt=\"Buch-Cover-Design-Gebrochenes-L\u00f6wenherz\" class=\"wp-image-20135\" srcset=\"https:\/\/www.designenlassen.de\/blog\/wp-content\/uploads\/2020\/03\/Buch-Cover-Design-Gebrochenes-L\u00f6wenherz-948648-yomony.jpg 800w, https:\/\/www.designenlassen.de\/blog\/wp-content\/uploads\/2020\/03\/Buch-Cover-Design-Gebrochenes-L\u00f6wenherz-948648-yomony-300x239.jpg 300w, https:\/\/www.designenlassen.de\/blog\/wp-content\/uploads\/2020\/03\/Buch-Cover-Design-Gebrochenes-L\u00f6wenherz-948648-yomony-768x612.jpg 768w\" sizes=\"(max-width: 800px) 100vw, 800px\" \/><figcaption class=\"wp-element-caption\">Buchcover-Design von Designer yomony<\/figcaption><\/figure>\n\n\n\n<figure class=\"wp-block-image size-large\"><img loading=\"lazy\" decoding=\"async\" width=\"900\" height=\"574\" data-id=\"25002\" src=\"https:\/\/www.designenlassen.de\/blog\/wp-content\/uploads\/2021\/09\/Apotheose_Thriller_Cover_229798.png\" alt=\"Thriller Buchcover f\u00fcr Matthias Kilgenstein\" class=\"wp-image-25002\" srcset=\"https:\/\/www.designenlassen.de\/blog\/wp-content\/uploads\/2021\/09\/Apotheose_Thriller_Cover_229798.png 900w, https:\/\/www.designenlassen.de\/blog\/wp-content\/uploads\/2021\/09\/Apotheose_Thriller_Cover_229798-300x191.png 300w, https:\/\/www.designenlassen.de\/blog\/wp-content\/uploads\/2021\/09\/Apotheose_Thriller_Cover_229798-768x490.png 768w\" sizes=\"(max-width: 900px) 100vw, 900px\" \/><figcaption class=\"wp-element-caption\">Buchcover-Design f\u00fcr Thriller von hopesgrafikwerkstatt<\/figcaption><\/figure>\n\n\n\n<figure class=\"wp-block-image size-large\"><img loading=\"lazy\" decoding=\"async\" width=\"1000\" height=\"667\" data-id=\"23872\" src=\"https:\/\/www.designenlassen.de\/blog\/wp-content\/uploads\/2021\/04\/Fantasy_Cover_Ueber_Geister_625663.jpg\" alt=\"E-Book-Cover-Design im Stil eines magischen Buches\" class=\"wp-image-23872\" srcset=\"https:\/\/www.designenlassen.de\/blog\/wp-content\/uploads\/2021\/04\/Fantasy_Cover_Ueber_Geister_625663.jpg 1000w, https:\/\/www.designenlassen.de\/blog\/wp-content\/uploads\/2021\/04\/Fantasy_Cover_Ueber_Geister_625663-300x200.jpg 300w, https:\/\/www.designenlassen.de\/blog\/wp-content\/uploads\/2021\/04\/Fantasy_Cover_Ueber_Geister_625663-768x512.jpg 768w\" sizes=\"(max-width: 1000px) 100vw, 1000px\" \/><figcaption class=\"wp-element-caption\">Magisches Buch-Design von volfdrag<\/figcaption><\/figure>\n<\/figure>\n\n\n\n<div class=\"wp-block-buttons is-content-justification-center is-layout-flex wp-container-core-buttons-is-layout-16018d1d wp-block-buttons-is-layout-flex\">\n<div class=\"wp-block-button is-style-fill\"><a class=\"wp-block-button__link has-white-color has-text-color has-background has-text-align-left wp-element-button\" href=\"https:\/\/www.designenlassen.de\/buchcover-design?utm_source=blog&amp;utm_medium=button&amp;utm_campaign=blog-beitraege\" style=\"background-color:#091182\">Jetzt Buchcover gestalten<\/a><\/div>\n<\/div>\n\n\n\n<div style=\"height:26px\" aria-hidden=\"true\" class=\"wp-block-spacer\"><\/div>\n\n\n\n<h2 class=\"wp-block-heading\">FAQs zu Buchcover<\/h2>\n\n\n\n<h3 class=\"wp-block-heading\">Welche Schriftarten eignen sich f\u00fcr Buchcover?<\/h3>\n\n\n\n<p>F\u00fcr das Design eines Buchcovers eignen sich verschiedene Schriftarten, die je nach Genre und Inhalt des Buches ausgew\u00e4hlt werden sollten. <a href=\"https:\/\/www.designenlassen.de\/blog\/buch-oder-ebook-cover-was-ist-die-richtige-wahl-fuer-dein-schriftwerk\/\">Serifenschriftarten<\/a> wirken oft elegant, stilvoll und hochwertig. Sie sind besonders geeignet f\u00fcr Buchcover, die ein klassisches oder traditionelles Gef\u00fchl vermitteln sollen, wie etwa historische Romane oder literarische Werke. <\/p>\n\n\n\n<p>Sans-Serif-Schriften erscheinen bodenst\u00e4ndig und stark. Diese Schriften eignen sich gut f\u00fcr moderne oder <a href=\"https:\/\/www.designenlassen.de\/blog\/23-krimi-und-thriller-buchcover-die-vor-spannung-strotzen\/\">minimalistische Buchcover<\/a> und k\u00f6nnen bei Sachb\u00fcchern oder zeitgen\u00f6ssischen Romanen verwendet werden.<\/p>\n\n\n\n<h3 class=\"wp-block-heading\">Wie wichtig ist die Farbwahl beim Buchcover?<\/h3>\n\n\n\n<p>Farben haben die F\u00e4higkeit, Emotionen hervorzurufen und Stimmungen zu setzen. Deshalb ist die richtige <a href=\"https:\/\/www.designenlassen.de\/blog\/farben-und-ihre-bedeutung\/\">Farbwahl<\/a> bei der Buchcover-Gestaltung wichtig. Um ein ansprechendes Cover zu gestalten, sollten die Farben von Schrift und Motiven harmonisch aufeinander abgestimmt sein. Es sollten maximal zwei Hauptfarben verwendet und Kontraste gezielt eingesetzt werden, um wichtige Elemente hervorzuheben. Eine gut durchdachte Farbgestaltung sorgt f\u00fcr optische Klarheit und zieht die Aufmerksamkeit der Leser an.<\/p>\n\n\n\n<h3 class=\"wp-block-heading\">Was kostet ein professionelles Buchcover?<\/h3>\n\n\n\n<p>Wenn du eine Agentur beauftragst, die auf Buchcover-Design spezialisiert ist, k\u00f6nnen die Kosten oft zwischen 1000 und 3000 Euro oder mehr liegen. Plattformen wie designenlassen.de bieten die M\u00f6glichkeit, einen Wettbewerb f\u00fcr Dein Buchcover auszuschreiben. Die Preise f\u00fcr ein professionelles Buchcover-Design bei <a href=\"https:\/\/www.designenlassen.de\/buchcover-design\">designenlassen.de<\/a> beginnen bereits <strong>ab unschlagbare 189\u20ac.<\/strong><\/p>\n\n\n\n<h2 class=\"wp-block-heading\">Fazit: Buchcover professionell gestalten<\/h2>\n\n\n\n<p>Ein gutes Buchcover ist mit Abstand der wichtigste Erfolgsfaktor beim B\u00fccherverkauf. Es kann den Leser ansprechen und neugierig machen, ihn dazu verleiten, das Buch n\u00e4her zu betrachten und schlie\u00dflich zu kaufen. Auf der anderen Seite kann ein schlechtes <a href=\"http:\/\/designenlassen.de\">Design<\/a> genau das Gegenteil bewirken und Kunden vom Kauf abschrecken.<\/p>\n\n\n\n<p>\u00dcberlasse deshalb den Erfolg Deines Buches nicht dem Zufall und lasse Dir ein einzigartiges Buchcover gestalten.<\/p>\n\n\n\n<div class=\"wp-block-buttons is-content-justification-center is-layout-flex wp-container-core-buttons-is-layout-16018d1d wp-block-buttons-is-layout-flex\">\n<div class=\"wp-block-button is-style-fill\"><a class=\"wp-block-button__link has-white-color has-text-color has-background has-text-align-left wp-element-button\" href=\"https:\/\/www.designenlassen.de\/buchcover-design?utm_source=blog&amp;utm_medium=button&amp;utm_campaign=blog-beitraege\" style=\"background-color:#091182\">Jetzt Buchcover gestalten<\/a><\/div>\n<\/div>\n\n\n\n<div style=\"height:100px\" aria-hidden=\"true\" class=\"wp-block-spacer\"><\/div>\n","protected":false},"excerpt":{"rendered":"<p>4.900 B\u00fccher werden t\u00e4glich ver\u00f6ffentlicht. Das Buchcover macht dabei oft den Unterschied zwischen Beststeller und Ladenh\u00fcter.&hellip;<\/p>\n","protected":false},"author":24,"featured_media":20125,"comment_status":"open","ping_status":"closed","sticky":false,"template":"","format":"standard","meta":{"_lmt_disableupdate":"","_lmt_disable":"","footnotes":""},"categories":[1,18,41],"tags":[],"class_list":["post-32099","post","type-post","status-publish","format-standard","has-post-thumbnail","hentry","category-allgemein","category-design-know-how","category-tipps-tricks"],"yoast_head":"<!-- This site is optimized with the Yoast SEO plugin v26.7 - https:\/\/yoast.com\/wordpress\/plugins\/seo\/ -->\n<title>Buchcover gestalten: In 4 Schritten zum Bestseller<\/title>\n<meta name=\"description\" content=\"Bist Du bereit f\u00fcr einen Bestseller? Entdecke in diesem Beitrag die besten Tipps, um ein verkaufstarkes Buchcover zu gestalten. Jetzt ansehen!\" \/>\n<meta name=\"robots\" content=\"index, follow, max-snippet:-1, max-image-preview:large, max-video-preview:-1\" \/>\n<link rel=\"canonical\" href=\"https:\/\/www.designenlassen.de\/blog\/buchcover-gestaltung-in-4-schritten-zum-bestseller\/\" \/>\n<meta property=\"og:locale\" content=\"de_DE\" \/>\n<meta property=\"og:type\" content=\"article\" \/>\n<meta property=\"og:title\" content=\"Buchcover gestalten: In 4 Schritten zum Bestseller\" \/>\n<meta property=\"og:description\" content=\"Bist Du bereit f\u00fcr einen Bestseller? Entdecke in diesem Beitrag die besten Tipps, um ein verkaufstarkes Buchcover zu gestalten. Jetzt ansehen!\" \/>\n<meta property=\"og:url\" content=\"https:\/\/www.designenlassen.de\/blog\/buchcover-gestaltung-in-4-schritten-zum-bestseller\/\" \/>\n<meta property=\"og:site_name\" content=\"designenlassen.de Blog\" \/>\n<meta property=\"article:published_time\" content=\"2024-08-14T09:10:06+00:00\" \/>\n<meta property=\"article:modified_time\" content=\"2025-05-22T06:53:48+00:00\" \/>\n<meta property=\"og:image\" content=\"https:\/\/www.designenlassen.de\/blog\/wp-content\/uploads\/2020\/03\/Buchcover-Design-Der-literarische-Geschenkkorb-431292-volfdrag.jpg\" \/>\n\t<meta property=\"og:image:width\" content=\"338\" \/>\n\t<meta property=\"og:image:height\" content=\"338\" \/>\n\t<meta property=\"og:image:type\" content=\"image\/jpeg\" \/>\n<meta name=\"author\" content=\"Patrick Schady\" \/>\n<meta name=\"twitter:card\" content=\"summary_large_image\" \/>\n<meta name=\"twitter:label1\" content=\"Verfasst von\" \/>\n\t<meta name=\"twitter:data1\" content=\"Patrick Schady\" \/>\n\t<meta name=\"twitter:label2\" content=\"Gesch\u00e4tzte Lesezeit\" \/>\n\t<meta name=\"twitter:data2\" content=\"9\u00a0Minuten\" \/>\n<script type=\"application\/ld+json\" class=\"yoast-schema-graph\">{\"@context\":\"https:\/\/schema.org\",\"@graph\":[{\"@type\":\"Article\",\"@id\":\"https:\/\/www.designenlassen.de\/blog\/buchcover-gestaltung-in-4-schritten-zum-bestseller\/#article\",\"isPartOf\":{\"@id\":\"https:\/\/www.designenlassen.de\/blog\/buchcover-gestaltung-in-4-schritten-zum-bestseller\/\"},\"author\":{\"name\":\"Patrick Schady\",\"@id\":\"https:\/\/www.designenlassen.de\/blog\/#\/schema\/person\/1e6e4a367ec0359155d5fbb01227c1ca\"},\"headline\":\"Buchcover gestalten: In 4 Schritten zum Bestseller\",\"datePublished\":\"2024-08-14T09:10:06+00:00\",\"dateModified\":\"2025-05-22T06:53:48+00:00\",\"mainEntityOfPage\":{\"@id\":\"https:\/\/www.designenlassen.de\/blog\/buchcover-gestaltung-in-4-schritten-zum-bestseller\/\"},\"wordCount\":966,\"commentCount\":0,\"image\":{\"@id\":\"https:\/\/www.designenlassen.de\/blog\/buchcover-gestaltung-in-4-schritten-zum-bestseller\/#primaryimage\"},\"thumbnailUrl\":\"https:\/\/www.designenlassen.de\/blog\/wp-content\/uploads\/2020\/03\/Buchcover-Design-Der-literarische-Geschenkkorb-431292-volfdrag.jpg\",\"articleSection\":{\"1\":\"Design Know How\",\"2\":\"Tipps &amp; Tricks\"},\"inLanguage\":\"de\",\"potentialAction\":[{\"@type\":\"CommentAction\",\"name\":\"Comment\",\"target\":[\"https:\/\/www.designenlassen.de\/blog\/buchcover-gestaltung-in-4-schritten-zum-bestseller\/#respond\"]}]},{\"@type\":\"WebPage\",\"@id\":\"https:\/\/www.designenlassen.de\/blog\/buchcover-gestaltung-in-4-schritten-zum-bestseller\/\",\"url\":\"https:\/\/www.designenlassen.de\/blog\/buchcover-gestaltung-in-4-schritten-zum-bestseller\/\",\"name\":\"Buchcover gestalten: In 4 Schritten zum Bestseller\",\"isPartOf\":{\"@id\":\"https:\/\/www.designenlassen.de\/blog\/#website\"},\"primaryImageOfPage\":{\"@id\":\"https:\/\/www.designenlassen.de\/blog\/buchcover-gestaltung-in-4-schritten-zum-bestseller\/#primaryimage\"},\"image\":{\"@id\":\"https:\/\/www.designenlassen.de\/blog\/buchcover-gestaltung-in-4-schritten-zum-bestseller\/#primaryimage\"},\"thumbnailUrl\":\"https:\/\/www.designenlassen.de\/blog\/wp-content\/uploads\/2020\/03\/Buchcover-Design-Der-literarische-Geschenkkorb-431292-volfdrag.jpg\",\"datePublished\":\"2024-08-14T09:10:06+00:00\",\"dateModified\":\"2025-05-22T06:53:48+00:00\",\"author\":{\"@id\":\"https:\/\/www.designenlassen.de\/blog\/#\/schema\/person\/1e6e4a367ec0359155d5fbb01227c1ca\"},\"description\":\"Bist Du bereit f\u00fcr einen Bestseller? Entdecke in diesem Beitrag die besten Tipps, um ein verkaufstarkes Buchcover zu gestalten. Jetzt ansehen!\",\"breadcrumb\":{\"@id\":\"https:\/\/www.designenlassen.de\/blog\/buchcover-gestaltung-in-4-schritten-zum-bestseller\/#breadcrumb\"},\"inLanguage\":\"de\",\"potentialAction\":[{\"@type\":\"ReadAction\",\"target\":[\"https:\/\/www.designenlassen.de\/blog\/buchcover-gestaltung-in-4-schritten-zum-bestseller\/\"]}]},{\"@type\":\"ImageObject\",\"inLanguage\":\"de\",\"@id\":\"https:\/\/www.designenlassen.de\/blog\/buchcover-gestaltung-in-4-schritten-zum-bestseller\/#primaryimage\",\"url\":\"https:\/\/www.designenlassen.de\/blog\/wp-content\/uploads\/2020\/03\/Buchcover-Design-Der-literarische-Geschenkkorb-431292-volfdrag.jpg\",\"contentUrl\":\"https:\/\/www.designenlassen.de\/blog\/wp-content\/uploads\/2020\/03\/Buchcover-Design-Der-literarische-Geschenkkorb-431292-volfdrag.jpg\",\"width\":338,\"height\":338,\"caption\":\"Buchcover-Design von volfdrag\"},{\"@type\":\"BreadcrumbList\",\"@id\":\"https:\/\/www.designenlassen.de\/blog\/buchcover-gestaltung-in-4-schritten-zum-bestseller\/#breadcrumb\",\"itemListElement\":[{\"@type\":\"ListItem\",\"position\":1,\"name\":\"Start\",\"item\":\"https:\/\/www.designenlassen.de\/blog\/\"},{\"@type\":\"ListItem\",\"position\":2,\"name\":\"Buchcover gestalten: In 4 Schritten zum Bestseller\"}]},{\"@type\":\"WebSite\",\"@id\":\"https:\/\/www.designenlassen.de\/blog\/#website\",\"url\":\"https:\/\/www.designenlassen.de\/blog\/\",\"name\":\"designenlassen.de Blog\",\"description\":\"Inspirationen, Tipps und Ideen f\u00fcr Designer sowie Gr\u00fcnder und Kleinbetriebe.\",\"potentialAction\":[{\"@type\":\"SearchAction\",\"target\":{\"@type\":\"EntryPoint\",\"urlTemplate\":\"https:\/\/www.designenlassen.de\/blog\/?s={search_term_string}\"},\"query-input\":{\"@type\":\"PropertyValueSpecification\",\"valueRequired\":true,\"valueName\":\"search_term_string\"}}],\"inLanguage\":\"de\"},{\"@type\":\"Person\",\"@id\":\"https:\/\/www.designenlassen.de\/blog\/#\/schema\/person\/1e6e4a367ec0359155d5fbb01227c1ca\",\"name\":\"Patrick Schady\",\"image\":{\"@type\":\"ImageObject\",\"inLanguage\":\"de\",\"@id\":\"https:\/\/www.designenlassen.de\/blog\/#\/schema\/person\/image\/\",\"url\":\"https:\/\/secure.gravatar.com\/avatar\/41cfafecfbfd30ee6bc4cc02dd530ef067050210239f1d60debda10ce9c038d7?s=96&d=mm&r=g\",\"contentUrl\":\"https:\/\/secure.gravatar.com\/avatar\/41cfafecfbfd30ee6bc4cc02dd530ef067050210239f1d60debda10ce9c038d7?s=96&d=mm&r=g\",\"caption\":\"Patrick Schady\"},\"url\":\"https:\/\/www.designenlassen.de\/blog\/author\/patrick\/\"}]}<\/script>\n<!-- \/ Yoast SEO plugin. -->","yoast_head_json":{"title":"Buchcover gestalten: In 4 Schritten zum Bestseller","description":"Bist Du bereit f\u00fcr einen Bestseller? Entdecke in diesem Beitrag die besten Tipps, um ein verkaufstarkes Buchcover zu gestalten. Jetzt ansehen!","robots":{"index":"index","follow":"follow","max-snippet":"max-snippet:-1","max-image-preview":"max-image-preview:large","max-video-preview":"max-video-preview:-1"},"canonical":"https:\/\/www.designenlassen.de\/blog\/buchcover-gestaltung-in-4-schritten-zum-bestseller\/","og_locale":"de_DE","og_type":"article","og_title":"Buchcover gestalten: In 4 Schritten zum Bestseller","og_description":"Bist Du bereit f\u00fcr einen Bestseller? Entdecke in diesem Beitrag die besten Tipps, um ein verkaufstarkes Buchcover zu gestalten. Jetzt ansehen!","og_url":"https:\/\/www.designenlassen.de\/blog\/buchcover-gestaltung-in-4-schritten-zum-bestseller\/","og_site_name":"designenlassen.de Blog","article_published_time":"2024-08-14T09:10:06+00:00","article_modified_time":"2025-05-22T06:53:48+00:00","og_image":[{"width":338,"height":338,"url":"https:\/\/www.designenlassen.de\/blog\/wp-content\/uploads\/2020\/03\/Buchcover-Design-Der-literarische-Geschenkkorb-431292-volfdrag.jpg","type":"image\/jpeg"}],"author":"Patrick Schady","twitter_card":"summary_large_image","twitter_misc":{"Verfasst von":"Patrick Schady","Gesch\u00e4tzte Lesezeit":"9\u00a0Minuten"},"schema":{"@context":"https:\/\/schema.org","@graph":[{"@type":"Article","@id":"https:\/\/www.designenlassen.de\/blog\/buchcover-gestaltung-in-4-schritten-zum-bestseller\/#article","isPartOf":{"@id":"https:\/\/www.designenlassen.de\/blog\/buchcover-gestaltung-in-4-schritten-zum-bestseller\/"},"author":{"name":"Patrick Schady","@id":"https:\/\/www.designenlassen.de\/blog\/#\/schema\/person\/1e6e4a367ec0359155d5fbb01227c1ca"},"headline":"Buchcover gestalten: In 4 Schritten zum Bestseller","datePublished":"2024-08-14T09:10:06+00:00","dateModified":"2025-05-22T06:53:48+00:00","mainEntityOfPage":{"@id":"https:\/\/www.designenlassen.de\/blog\/buchcover-gestaltung-in-4-schritten-zum-bestseller\/"},"wordCount":966,"commentCount":0,"image":{"@id":"https:\/\/www.designenlassen.de\/blog\/buchcover-gestaltung-in-4-schritten-zum-bestseller\/#primaryimage"},"thumbnailUrl":"https:\/\/www.designenlassen.de\/blog\/wp-content\/uploads\/2020\/03\/Buchcover-Design-Der-literarische-Geschenkkorb-431292-volfdrag.jpg","articleSection":{"1":"Design Know How","2":"Tipps &amp; Tricks"},"inLanguage":"de","potentialAction":[{"@type":"CommentAction","name":"Comment","target":["https:\/\/www.designenlassen.de\/blog\/buchcover-gestaltung-in-4-schritten-zum-bestseller\/#respond"]}]},{"@type":"WebPage","@id":"https:\/\/www.designenlassen.de\/blog\/buchcover-gestaltung-in-4-schritten-zum-bestseller\/","url":"https:\/\/www.designenlassen.de\/blog\/buchcover-gestaltung-in-4-schritten-zum-bestseller\/","name":"Buchcover gestalten: In 4 Schritten zum Bestseller","isPartOf":{"@id":"https:\/\/www.designenlassen.de\/blog\/#website"},"primaryImageOfPage":{"@id":"https:\/\/www.designenlassen.de\/blog\/buchcover-gestaltung-in-4-schritten-zum-bestseller\/#primaryimage"},"image":{"@id":"https:\/\/www.designenlassen.de\/blog\/buchcover-gestaltung-in-4-schritten-zum-bestseller\/#primaryimage"},"thumbnailUrl":"https:\/\/www.designenlassen.de\/blog\/wp-content\/uploads\/2020\/03\/Buchcover-Design-Der-literarische-Geschenkkorb-431292-volfdrag.jpg","datePublished":"2024-08-14T09:10:06+00:00","dateModified":"2025-05-22T06:53:48+00:00","author":{"@id":"https:\/\/www.designenlassen.de\/blog\/#\/schema\/person\/1e6e4a367ec0359155d5fbb01227c1ca"},"description":"Bist Du bereit f\u00fcr einen Bestseller? Entdecke in diesem Beitrag die besten Tipps, um ein verkaufstarkes Buchcover zu gestalten. Jetzt ansehen!","breadcrumb":{"@id":"https:\/\/www.designenlassen.de\/blog\/buchcover-gestaltung-in-4-schritten-zum-bestseller\/#breadcrumb"},"inLanguage":"de","potentialAction":[{"@type":"ReadAction","target":["https:\/\/www.designenlassen.de\/blog\/buchcover-gestaltung-in-4-schritten-zum-bestseller\/"]}]},{"@type":"ImageObject","inLanguage":"de","@id":"https:\/\/www.designenlassen.de\/blog\/buchcover-gestaltung-in-4-schritten-zum-bestseller\/#primaryimage","url":"https:\/\/www.designenlassen.de\/blog\/wp-content\/uploads\/2020\/03\/Buchcover-Design-Der-literarische-Geschenkkorb-431292-volfdrag.jpg","contentUrl":"https:\/\/www.designenlassen.de\/blog\/wp-content\/uploads\/2020\/03\/Buchcover-Design-Der-literarische-Geschenkkorb-431292-volfdrag.jpg","width":338,"height":338,"caption":"Buchcover-Design von volfdrag"},{"@type":"BreadcrumbList","@id":"https:\/\/www.designenlassen.de\/blog\/buchcover-gestaltung-in-4-schritten-zum-bestseller\/#breadcrumb","itemListElement":[{"@type":"ListItem","position":1,"name":"Start","item":"https:\/\/www.designenlassen.de\/blog\/"},{"@type":"ListItem","position":2,"name":"Buchcover gestalten: In 4 Schritten zum Bestseller"}]},{"@type":"WebSite","@id":"https:\/\/www.designenlassen.de\/blog\/#website","url":"https:\/\/www.designenlassen.de\/blog\/","name":"designenlassen.de Blog","description":"Inspirationen, Tipps und Ideen f\u00fcr Designer sowie Gr\u00fcnder und Kleinbetriebe.","potentialAction":[{"@type":"SearchAction","target":{"@type":"EntryPoint","urlTemplate":"https:\/\/www.designenlassen.de\/blog\/?s={search_term_string}"},"query-input":{"@type":"PropertyValueSpecification","valueRequired":true,"valueName":"search_term_string"}}],"inLanguage":"de"},{"@type":"Person","@id":"https:\/\/www.designenlassen.de\/blog\/#\/schema\/person\/1e6e4a367ec0359155d5fbb01227c1ca","name":"Patrick Schady","image":{"@type":"ImageObject","inLanguage":"de","@id":"https:\/\/www.designenlassen.de\/blog\/#\/schema\/person\/image\/","url":"https:\/\/secure.gravatar.com\/avatar\/41cfafecfbfd30ee6bc4cc02dd530ef067050210239f1d60debda10ce9c038d7?s=96&d=mm&r=g","contentUrl":"https:\/\/secure.gravatar.com\/avatar\/41cfafecfbfd30ee6bc4cc02dd530ef067050210239f1d60debda10ce9c038d7?s=96&d=mm&r=g","caption":"Patrick Schady"},"url":"https:\/\/www.designenlassen.de\/blog\/author\/patrick\/"}]}},"_links":{"self":[{"href":"https:\/\/www.designenlassen.de\/blog\/wp-json\/wp\/v2\/posts\/32099","targetHints":{"allow":["GET"]}}],"collection":[{"href":"https:\/\/www.designenlassen.de\/blog\/wp-json\/wp\/v2\/posts"}],"about":[{"href":"https:\/\/www.designenlassen.de\/blog\/wp-json\/wp\/v2\/types\/post"}],"author":[{"embeddable":true,"href":"https:\/\/www.designenlassen.de\/blog\/wp-json\/wp\/v2\/users\/24"}],"replies":[{"embeddable":true,"href":"https:\/\/www.designenlassen.de\/blog\/wp-json\/wp\/v2\/comments?post=32099"}],"version-history":[{"count":7,"href":"https:\/\/www.designenlassen.de\/blog\/wp-json\/wp\/v2\/posts\/32099\/revisions"}],"predecessor-version":[{"id":33603,"href":"https:\/\/www.designenlassen.de\/blog\/wp-json\/wp\/v2\/posts\/32099\/revisions\/33603"}],"wp:featuredmedia":[{"embeddable":true,"href":"https:\/\/www.designenlassen.de\/blog\/wp-json\/wp\/v2\/media\/20125"}],"wp:attachment":[{"href":"https:\/\/www.designenlassen.de\/blog\/wp-json\/wp\/v2\/media?parent=32099"}],"wp:term":[{"taxonomy":"category","embeddable":true,"href":"https:\/\/www.designenlassen.de\/blog\/wp-json\/wp\/v2\/categories?post=32099"},{"taxonomy":"post_tag","embeddable":true,"href":"https:\/\/www.designenlassen.de\/blog\/wp-json\/wp\/v2\/tags?post=32099"}],"curies":[{"name":"wp","href":"https:\/\/api.w.org\/{rel}","templated":true}]}}