{"id":33432,"date":"2025-04-11T10:35:17","date_gmt":"2025-04-11T08:35:17","guid":{"rendered":"https:\/\/www.designenlassen.de\/blog\/?p=33432"},"modified":"2025-04-11T10:35:57","modified_gmt":"2025-04-11T08:35:57","slug":"wie-gutes-webdesign-die-markenwahrnehmung-staerkt-design-als-erfolgsfaktor","status":"publish","type":"post","link":"https:\/\/www.designenlassen.de\/blog\/wie-gutes-webdesign-die-markenwahrnehmung-staerkt-design-als-erfolgsfaktor\/","title":{"rendered":"Wie gutes Webdesign die Markenwahrnehmung st\u00e4rkt \u2013 Design als Erfolgsfaktor"},"content":{"rendered":"\n<figure class=\"wp-block-image size-full\"><img fetchpriority=\"high\" decoding=\"async\" width=\"904\" height=\"509\" src=\"https:\/\/www.designenlassen.de\/blog\/wp-content\/uploads\/2025\/04\/designenlassen-webdesign2-edited.jpg\" alt=\"\" class=\"wp-image-33434\" srcset=\"https:\/\/www.designenlassen.de\/blog\/wp-content\/uploads\/2025\/04\/designenlassen-webdesign2-edited.jpg 904w, https:\/\/www.designenlassen.de\/blog\/wp-content\/uploads\/2025\/04\/designenlassen-webdesign2-edited-300x169.jpg 300w, https:\/\/www.designenlassen.de\/blog\/wp-content\/uploads\/2025\/04\/designenlassen-webdesign2-edited-768x432.jpg 768w, https:\/\/www.designenlassen.de\/blog\/wp-content\/uploads\/2025\/04\/designenlassen-webdesign2-edited-585x329.jpg 585w\" sizes=\"(max-width: 904px) 100vw, 904px\" \/><\/figure>\n\n\n\n<p>In der heutigen digitalen Welt beginnt die Markenwahrnehmung nicht im Laden, auf Plakaten oder durch pers\u00f6nlichen Kontakt \u2013 sie beginnt online. Genauer: auf der Website. Hier entscheidet sich oft in Sekunden, ob ein Unternehmen als professionell, vertrauensw\u00fcrdig und relevant wahrgenommen wird. Webdesign spielt dabei eine Schl\u00fcsselrolle \u2013 nicht nur als \u201esch\u00f6nes Beiwerk\u201c, sondern als strategisches Mittel zur Markenbildung und Kundengewinnung.<\/p>\n\n\n\n<p>Doch was macht gutes Webdesign im Kontext von Branding aus? Und wie tragen professionelle Gestaltungsprozesse dazu bei, dass Marken nicht nur gut aussehen, sondern sich auch langfristig im Kopf der Zielgruppe verankern?<\/p>\n\n\n\n\n\n<h2 class=\"wp-block-heading\"><a><\/a>Markenwahrnehmung beginnt mit dem ersten Klick<\/h2>\n\n\n\n<p>Bevor Inhalte gelesen oder Produkte betrachtet werden, wirken <a href=\"https:\/\/www.designenlassen.de\/blog\/farbenlehre-die-macht-der-farben-verstehen\/\">Farben<\/a>, Formen, Schriftarten und Layouts. Der erste Eindruck entsteht visuell \u2013 und das in Bruchteilen einer Sekunde. Studien zeigen, dass User innerhalb von 50 Millisekunden beurteilen, ob eine Website seri\u00f6s wirkt. Design beeinflusst dabei nicht nur die \u00e4sthetische Anziehungskraft, sondern auch das Vertrauen und die Glaubw\u00fcrdigkeit einer Marke.<\/p>\n\n\n\n<p>Die Website wird damit zur digitalen Visitenkarte \u2013 aber auch zur Plattform f\u00fcr Markenbotschaft, Positionierung und Wertevermittlung. Wer es schafft, diese Faktoren visuell und funktional konsistent darzustellen, baut eine stabile Verbindung zur Zielgruppe auf.<\/p>\n\n\n\n<h2 class=\"wp-block-heading\"><a><\/a>Was Marken von Designagenturen erwarten k\u00f6nnen<\/h2>\n\n\n\n<p>Gerade wenn es um strategisches Branding im digitalen Raum geht, sto\u00dfen interne Ressourcen oft an Grenzen. Designagenturen bringen hier nicht nur gestalterische F\u00e4higkeiten mit, sondern auch methodisches Know-how, Markterfahrung und technisches Verst\u00e4ndnis.<\/p>\n\n\n\n<p>Eine professionelle<a href=\"https:\/\/www.designtribe.com\"> <\/a><a href=\"https:\/\/www.designtribe.com\">Webdesign Agentur<\/a>:<\/p>\n\n\n\n<ul class=\"wp-block-list\">\n<li>entwickelt ma\u00dfgeschneiderte Designkonzepte,<\/li>\n\n\n\n<li>arbeitet eng mit der Markenf\u00fchrung zusammen,<\/li>\n\n\n\n<li>verbindet kreative Ideen mit funktionaler Umsetzung,<\/li>\n\n\n\n<li>begleitet technische Umsetzung (z.\u202fB. CMS, SEO, Performance),<\/li>\n\n\n\n<li>sorgt f\u00fcr langfristige Wartung und Weiterentwicklung.<\/li>\n<\/ul>\n\n\n\n<p>Besonders wichtig: Eine gute Agentur denkt ganzheitlich. Sie versteht Webdesign nicht als abgeschlossenes Projekt, sondern als kontinuierlichen Prozess \u2013 angepasst an Marktver\u00e4nderungen, Nutzerverhalten und technologische Trends.<\/p>\n\n\n\n<h2 class=\"wp-block-heading\"><a><\/a>Design als Ausdruck der Markenidentit\u00e4t<\/h2>\n\n\n\n<p>Ein<a href=\"https:\/\/www.designenlassen.de\/blog\/corporate-design-fur-existenzgrunder\/\"> starkes Corporate Design<\/a> ist mehr als ein Logo. Es umfasst Farben, Typografie, Bildsprache, Tonalit\u00e4t und Layout \u2013 und findet im Webdesign seine konsequente Umsetzung. Dabei ist es entscheidend, dass s\u00e4mtliche Designentscheidungen mit der Markenstrategie im Einklang stehen.<\/p>\n\n\n\n<p>Ein nachhaltiges Webdesign\u2026<\/p>\n\n\n\n<ul class=\"wp-block-list\">\n<li>vermittelt Kompetenz und Professionalit\u00e4t,<\/li>\n\n\n\n<li>schafft Wiedererkennbarkeit,<\/li>\n\n\n\n<li>\u00fcbersetzt Werte und Positionierung ins Visuelle,<\/li>\n\n\n\n<li>spricht die richtige Zielgruppe gezielt an,<\/li>\n\n\n\n<li>und f\u00f6rdert emotionales Vertrauen.<\/li>\n<\/ul>\n\n\n\n<p>Ob es um ein innovatives Start-up, ein nachhaltiges Produkt oder ein traditionelles Familienunternehmen geht \u2013 die Website muss die Markenpers\u00f6nlichkeit erlebbar machen.<\/p>\n\n\n\n<h2 class=\"wp-block-heading\"><a><\/a>Strategie trifft Gestaltung: \u00c4sthetik mit Funktion<\/h2>\n\n\n\n<p>Professionelles Webdesign funktioniert nicht allein \u00fcber \u00c4sthetik. Entscheidend ist das Zusammenspiel von Gestaltung und Funktion. Eine optisch beeindruckende Seite, die nicht intuitiv bedienbar ist oder auf mobilen Ger\u00e4ten nicht funktioniert, verliert ihre Wirkung \u2013 oder schlimmer: sie schadet dem Markenimage.<\/p>\n\n\n\n<p><strong>Modernes Webdesign muss daher:<\/strong><\/p>\n\n\n\n<ul class=\"wp-block-list\">\n<li>responsiv sein \u2013 also auf allen Ger\u00e4ten optimal funktionieren,<\/li>\n\n\n\n<li>barrierefrei und zug\u00e4nglich gestaltet werden,<\/li>\n\n\n\n<li>eine klare Benutzerf\u00fchrung (UX) bieten,<\/li>\n\n\n\n<li>schnelle Ladezeiten und technische Stabilit\u00e4t garantieren,<\/li>\n\n\n\n<li>und Conversion-orientiert aufgebaut sein.<\/li>\n<\/ul>\n\n\n\n<p>Erfolgreiche Marken wissen: Design ohne Strategie ist Dekoration. Erst die Verbindung von Zielgruppenanalyse, Markenpositionierung und Benutzerfreundlichkeit macht aus einer Website ein echtes <a href=\"https:\/\/www.designenlassen.de\/blog\/branding-und-logo\/\">Branding-Instrument<\/a>.<\/p>\n\n\n\n<h2 class=\"wp-block-heading\"><a><\/a>Warum Konsistenz der Schl\u00fcssel ist<\/h2>\n\n\n\n<p>In einer fragmentierten Online-Welt mit dutzenden Touchpoints \u2013 Website, Social Media, Newsletter, Ads \u2013 ist visuelle Konsistenz entscheidend. Die Website wird hier zur zentralen B\u00fchne, auf der alle Design- und Kommunikationsf\u00e4den zusammenlaufen.<\/p>\n\n\n\n<p><strong>Ein konsistentes Webdesign bedeutet:<\/strong><\/p>\n\n\n\n<ul class=\"wp-block-list\">\n<li>gleiche Farbwelt und Schriftarten,<\/li>\n\n\n\n<li>wiederkehrende Design-Elemente,<\/li>\n\n\n\n<li>stringente Bildsprache,<\/li>\n\n\n\n<li>und eine koh\u00e4rente Tonalit\u00e4t.<\/li>\n<\/ul>\n\n\n\n<p>Diese Einheitlichkeit sorgt f\u00fcr Wiedererkennung, erh\u00f6ht die Markenbindung und st\u00e4rkt das Vertrauen. Sie signalisiert: Dieses Unternehmen wei\u00df, wer es ist \u2013 und das sp\u00fcren auch die Nutzer.<\/p>\n\n\n\n<h2 class=\"wp-block-heading\"><a><\/a>Der emotionale Faktor: Vertrauen und Markenbindung<\/h2>\n\n\n\n<p>Neben Funktion und \u00c4sthetik ist einer der wichtigsten Aspekte die emotionale Wirkung von Webdesign. Farben, Formen und Typografie l\u00f6sen unbewusst Assoziationen aus \u2013 ob seri\u00f6s, verspielt, kreativ oder exklusiv. Diese emotionale Ansprache tr\u00e4gt entscheidend zur Markenbindung bei.<\/p>\n\n\n\n<p>Ein hochwertiges Design\u2026<\/p>\n\n\n\n<ul class=\"wp-block-list\">\n<li>erzeugt Sympathie \u2013 durch visuelle Anziehungskraft,<\/li>\n\n\n\n<li>st\u00e4rkt Vertrauen \u2013 durch Klarheit und Professionalit\u00e4t,<\/li>\n\n\n\n<li>motiviert zur Interaktion \u2013 durch gute Nutzerf\u00fchrung,<\/li>\n\n\n\n<li>und steigert die Conversion \u2013 weil sich Nutzer wohl und sicher f\u00fchlen.<\/li>\n<\/ul>\n\n\n\n<p>Gutes Webdesign ist also nicht Selbstzweck, sondern ein Mittel zur langfristigen <a href=\"https:\/\/www.business-on.de\/kundenbindung-im-e-commerce-der-weg-zur-markentreue.html\">Kundenbeziehung <\/a>\u2013 oft ohne, dass die Nutzer genau benennen k\u00f6nnten, warum sie einer Marke \u201evertrauen\u201c.<\/p>\n\n\n\n<h2 class=\"wp-block-heading\"><a><\/a>Fallbeispiele: Wenn Design Marken pr\u00e4gt<\/h2>\n\n\n\n<p>Ein Blick auf bekannte Marken zeigt: Viele Unternehmen w\u00e4ren ohne ihr pr\u00e4gnantes Webdesign kaum so erfolgreich. Apple, Airbnb oder Patagonia setzen nicht nur auf starke Produkte, sondern auf markenpr\u00e4gende Interfaces, emotionale Bilder und intuitive Nutzerf\u00fchrung.<\/p>\n\n\n\n<p>Doch auch kleinere Unternehmen profitieren \u2013 etwa, wenn durch ein <a href=\"https:\/\/www.designenlassen.de\/blog\/logo-redesign-wann-ist-es-wirklich-noetig\/\">Redesign<\/a> die Absprungrate sinkt, mehr Kontaktanfragen generiert werden oder das Image deutlich aufgewertet wird. Oft sind es gerade visuelle Kleinigkeiten (etwa Abstand, Wei\u00dfraum, Farbverlauf), die einen professionellen Eindruck ausmachen.<\/p>\n\n\n\n<h2 class=\"wp-block-heading\"><a><\/a>Webdesign im Wandel: Trends und Perspektiven<\/h2>\n\n\n\n<p>Die digitale Welt ist in Bewegung \u2013 und damit auch die Anforderungen an Webdesign. Was gestern modern war, wirkt heute veraltet. Zu den aktuellen Trends, die Marken nutzen sollten, geh\u00f6ren:<\/p>\n\n\n\n<ul class=\"wp-block-list\">\n<li>Dark Mode: Angenehmer f\u00fcr die Augen und modern im Look<\/li>\n\n\n\n<li>Micro-Animationen: Kleine Bewegungen, die die Benutzerf\u00fchrung unterst\u00fctzen<\/li>\n\n\n\n<li>Emotional Design: Farben und Formen, die Stimmungen ausl\u00f6sen<\/li>\n\n\n\n<li>Storytelling durch Design: Visuelle Erz\u00e4hlstrukturen mit klarer Dramaturgie<\/li>\n\n\n\n<li>Accessible Design: Barrierefreiheit als Standard, nicht als Extra<br><br><\/li>\n<\/ul>\n\n\n\n<p>Die Kunst besteht darin, diese Trends mit der eigenen Markenstrategie zu verkn\u00fcpfen \u2013 statt blind dem Zeitgeist zu folgen.<\/p>\n\n\n\n<h2 class=\"wp-block-heading\"><a><\/a>Langfristig denken: Webdesign als Investition in Markenvertrauen<\/h2>\n\n\n\n<p>In einer Zeit, in der digitale Ber\u00fchrungspunkte immer wichtiger werden, ist gutes Webdesign keine optionale Sch\u00f6nheitskorrektur \u2013 es ist ein wesentlicher Bestandteil strategischer Markenf\u00fchrung. Wer investiert, um die eigene Website auf hohem gestalterischen und funktionalen Niveau zu halten, investiert in Sichtbarkeit, Wiedererkennbarkeit und Vertrauen.<\/p>\n\n\n\n<p>Das bedeutet auch: Webdesign darf kein Einmalprojekt sein. Es muss regelm\u00e4\u00dfig \u00fcberpr\u00fcft, aktualisiert und weiterentwickelt werden \u2013 im Sinne einer lebendigen, mitwachsenden Marke. Denn nur wer flexibel bleibt, kann auf neue Nutzererwartungen, technische Standards oder Marktver\u00e4nderungen schnell und effektiv reagieren.<\/p>\n\n\n\n<h2 class=\"wp-block-heading\"><a><\/a>Webdesign ist Markenf\u00fchrung \u2013 nur digital<\/h2>\n\n\n\n<p>Eine Website ist heute nicht einfach nur ein digitaler <a href=\"https:\/\/www.designenlassen.de\/blog\/flyer-design-diese-tipps-verhelfen-dir-zum-erfolg\/\">Flyer<\/a>. Sie ist Markenbotschafter, Verkaufsplattform, Kommunikationsraum und Vertrauensanker in einem. Professionelles Webdesign verbindet \u00c4sthetik mit Strategie, visuelle Klarheit mit technischer Pr\u00e4zision \u2013 und damit entsteht Markenwahrnehmung, die wirkt.<\/p>\n\n\n\n<p>Unternehmen, die diesen Zusammenhang erkennen, investieren nicht nur in sch\u00f6ne Seiten \u2013 sondern in ihren langfristigen Erfolg. Ob Start-up oder Traditionsmarke: Wer mit einer erfahrenen Webdesign Agentur zusammenarbeitet, schafft die Grundlage f\u00fcr ein digitales Markenbild, das nicht nur gesehen, sondern gesp\u00fcrt wird.<\/p>\n\n\n\n<div style=\"height:100px\" aria-hidden=\"true\" class=\"wp-block-spacer\"><\/div>\n\n\n\n<p>Bildquelle: Freedomz \/ stock.adobe.com<\/p>\n","protected":false},"excerpt":{"rendered":"<p>In der heutigen digitalen Welt beginnt die Markenwahrnehmung nicht im Laden, auf Plakaten oder durch pers\u00f6nlichen&hellip;<\/p>\n","protected":false},"author":24,"featured_media":33433,"comment_status":"open","ping_status":"closed","sticky":false,"template":"","format":"standard","meta":{"_lmt_disableupdate":"","_lmt_disable":"","footnotes":""},"categories":[1],"tags":[],"class_list":["post-33432","post","type-post","status-publish","format-standard","has-post-thumbnail","hentry","category-allgemein"],"yoast_head":"<!-- This site is optimized with the Yoast SEO plugin v26.7 - https:\/\/yoast.com\/wordpress\/plugins\/seo\/ -->\n<title>Wie Webdesign die Markenwahrnehmung pr\u00e4gt<\/title>\n<meta name=\"description\" content=\"Webdesign als Schl\u00fcssel zur Markenbindung: Wie Gestaltung, Technik und Strategie Vertrauen schaffen.\" \/>\n<meta name=\"robots\" content=\"index, follow, max-snippet:-1, max-image-preview:large, max-video-preview:-1\" \/>\n<link rel=\"canonical\" href=\"https:\/\/www.designenlassen.de\/blog\/wie-gutes-webdesign-die-markenwahrnehmung-staerkt-design-als-erfolgsfaktor\/\" \/>\n<meta property=\"og:locale\" content=\"de_DE\" \/>\n<meta property=\"og:type\" content=\"article\" \/>\n<meta property=\"og:title\" content=\"Wie Webdesign die Markenwahrnehmung pr\u00e4gt\" \/>\n<meta property=\"og:description\" content=\"Webdesign als Schl\u00fcssel zur Markenbindung: Wie Gestaltung, Technik und Strategie Vertrauen schaffen.\" \/>\n<meta property=\"og:url\" content=\"https:\/\/www.designenlassen.de\/blog\/wie-gutes-webdesign-die-markenwahrnehmung-staerkt-design-als-erfolgsfaktor\/\" \/>\n<meta property=\"og:site_name\" content=\"designenlassen.de Blog\" \/>\n<meta property=\"article:published_time\" content=\"2025-04-11T08:35:17+00:00\" \/>\n<meta property=\"article:modified_time\" content=\"2025-04-11T08:35:57+00:00\" \/>\n<meta property=\"og:image\" content=\"https:\/\/www.designenlassen.de\/blog\/wp-content\/uploads\/2025\/04\/designenlassen-webdesign2.jpg\" \/>\n\t<meta property=\"og:image:width\" content=\"904\" \/>\n\t<meta property=\"og:image:height\" content=\"602\" \/>\n\t<meta property=\"og:image:type\" content=\"image\/jpeg\" \/>\n<meta name=\"author\" content=\"Patrick Schady\" \/>\n<meta name=\"twitter:card\" content=\"summary_large_image\" \/>\n<meta name=\"twitter:label1\" content=\"Verfasst von\" \/>\n\t<meta name=\"twitter:data1\" content=\"Patrick Schady\" \/>\n\t<meta name=\"twitter:label2\" content=\"Gesch\u00e4tzte Lesezeit\" \/>\n\t<meta name=\"twitter:data2\" content=\"6\u00a0Minuten\" \/>\n<script type=\"application\/ld+json\" class=\"yoast-schema-graph\">{\"@context\":\"https:\/\/schema.org\",\"@graph\":[{\"@type\":\"Article\",\"@id\":\"https:\/\/www.designenlassen.de\/blog\/wie-gutes-webdesign-die-markenwahrnehmung-staerkt-design-als-erfolgsfaktor\/#article\",\"isPartOf\":{\"@id\":\"https:\/\/www.designenlassen.de\/blog\/wie-gutes-webdesign-die-markenwahrnehmung-staerkt-design-als-erfolgsfaktor\/\"},\"author\":{\"name\":\"Patrick Schady\",\"@id\":\"https:\/\/www.designenlassen.de\/blog\/#\/schema\/person\/1e6e4a367ec0359155d5fbb01227c1ca\"},\"headline\":\"Wie gutes Webdesign die Markenwahrnehmung st\u00e4rkt \u2013 Design als Erfolgsfaktor\",\"datePublished\":\"2025-04-11T08:35:17+00:00\",\"dateModified\":\"2025-04-11T08:35:57+00:00\",\"mainEntityOfPage\":{\"@id\":\"https:\/\/www.designenlassen.de\/blog\/wie-gutes-webdesign-die-markenwahrnehmung-staerkt-design-als-erfolgsfaktor\/\"},\"wordCount\":1067,\"commentCount\":0,\"image\":{\"@id\":\"https:\/\/www.designenlassen.de\/blog\/wie-gutes-webdesign-die-markenwahrnehmung-staerkt-design-als-erfolgsfaktor\/#primaryimage\"},\"thumbnailUrl\":\"https:\/\/www.designenlassen.de\/blog\/wp-content\/uploads\/2025\/04\/designenlassen-webdesign2.jpg\",\"inLanguage\":\"de\",\"potentialAction\":[{\"@type\":\"CommentAction\",\"name\":\"Comment\",\"target\":[\"https:\/\/www.designenlassen.de\/blog\/wie-gutes-webdesign-die-markenwahrnehmung-staerkt-design-als-erfolgsfaktor\/#respond\"]}]},{\"@type\":\"WebPage\",\"@id\":\"https:\/\/www.designenlassen.de\/blog\/wie-gutes-webdesign-die-markenwahrnehmung-staerkt-design-als-erfolgsfaktor\/\",\"url\":\"https:\/\/www.designenlassen.de\/blog\/wie-gutes-webdesign-die-markenwahrnehmung-staerkt-design-als-erfolgsfaktor\/\",\"name\":\"Wie Webdesign die Markenwahrnehmung pr\u00e4gt\",\"isPartOf\":{\"@id\":\"https:\/\/www.designenlassen.de\/blog\/#website\"},\"primaryImageOfPage\":{\"@id\":\"https:\/\/www.designenlassen.de\/blog\/wie-gutes-webdesign-die-markenwahrnehmung-staerkt-design-als-erfolgsfaktor\/#primaryimage\"},\"image\":{\"@id\":\"https:\/\/www.designenlassen.de\/blog\/wie-gutes-webdesign-die-markenwahrnehmung-staerkt-design-als-erfolgsfaktor\/#primaryimage\"},\"thumbnailUrl\":\"https:\/\/www.designenlassen.de\/blog\/wp-content\/uploads\/2025\/04\/designenlassen-webdesign2.jpg\",\"datePublished\":\"2025-04-11T08:35:17+00:00\",\"dateModified\":\"2025-04-11T08:35:57+00:00\",\"author\":{\"@id\":\"https:\/\/www.designenlassen.de\/blog\/#\/schema\/person\/1e6e4a367ec0359155d5fbb01227c1ca\"},\"description\":\"Webdesign als Schl\u00fcssel zur Markenbindung: Wie Gestaltung, Technik und Strategie Vertrauen schaffen.\",\"breadcrumb\":{\"@id\":\"https:\/\/www.designenlassen.de\/blog\/wie-gutes-webdesign-die-markenwahrnehmung-staerkt-design-als-erfolgsfaktor\/#breadcrumb\"},\"inLanguage\":\"de\",\"potentialAction\":[{\"@type\":\"ReadAction\",\"target\":[\"https:\/\/www.designenlassen.de\/blog\/wie-gutes-webdesign-die-markenwahrnehmung-staerkt-design-als-erfolgsfaktor\/\"]}]},{\"@type\":\"ImageObject\",\"inLanguage\":\"de\",\"@id\":\"https:\/\/www.designenlassen.de\/blog\/wie-gutes-webdesign-die-markenwahrnehmung-staerkt-design-als-erfolgsfaktor\/#primaryimage\",\"url\":\"https:\/\/www.designenlassen.de\/blog\/wp-content\/uploads\/2025\/04\/designenlassen-webdesign2.jpg\",\"contentUrl\":\"https:\/\/www.designenlassen.de\/blog\/wp-content\/uploads\/2025\/04\/designenlassen-webdesign2.jpg\",\"width\":904,\"height\":602},{\"@type\":\"BreadcrumbList\",\"@id\":\"https:\/\/www.designenlassen.de\/blog\/wie-gutes-webdesign-die-markenwahrnehmung-staerkt-design-als-erfolgsfaktor\/#breadcrumb\",\"itemListElement\":[{\"@type\":\"ListItem\",\"position\":1,\"name\":\"Start\",\"item\":\"https:\/\/www.designenlassen.de\/blog\/\"},{\"@type\":\"ListItem\",\"position\":2,\"name\":\"Wie gutes Webdesign die Markenwahrnehmung st\u00e4rkt \u2013 Design als Erfolgsfaktor\"}]},{\"@type\":\"WebSite\",\"@id\":\"https:\/\/www.designenlassen.de\/blog\/#website\",\"url\":\"https:\/\/www.designenlassen.de\/blog\/\",\"name\":\"designenlassen.de Blog\",\"description\":\"Inspirationen, Tipps und Ideen f\u00fcr Designer sowie Gr\u00fcnder und Kleinbetriebe.\",\"potentialAction\":[{\"@type\":\"SearchAction\",\"target\":{\"@type\":\"EntryPoint\",\"urlTemplate\":\"https:\/\/www.designenlassen.de\/blog\/?s={search_term_string}\"},\"query-input\":{\"@type\":\"PropertyValueSpecification\",\"valueRequired\":true,\"valueName\":\"search_term_string\"}}],\"inLanguage\":\"de\"},{\"@type\":\"Person\",\"@id\":\"https:\/\/www.designenlassen.de\/blog\/#\/schema\/person\/1e6e4a367ec0359155d5fbb01227c1ca\",\"name\":\"Patrick Schady\",\"image\":{\"@type\":\"ImageObject\",\"inLanguage\":\"de\",\"@id\":\"https:\/\/www.designenlassen.de\/blog\/#\/schema\/person\/image\/\",\"url\":\"https:\/\/secure.gravatar.com\/avatar\/41cfafecfbfd30ee6bc4cc02dd530ef067050210239f1d60debda10ce9c038d7?s=96&d=mm&r=g\",\"contentUrl\":\"https:\/\/secure.gravatar.com\/avatar\/41cfafecfbfd30ee6bc4cc02dd530ef067050210239f1d60debda10ce9c038d7?s=96&d=mm&r=g\",\"caption\":\"Patrick Schady\"},\"url\":\"https:\/\/www.designenlassen.de\/blog\/author\/patrick\/\"}]}<\/script>\n<!-- \/ Yoast SEO plugin. -->","yoast_head_json":{"title":"Wie Webdesign die Markenwahrnehmung pr\u00e4gt","description":"Webdesign als Schl\u00fcssel zur Markenbindung: Wie Gestaltung, Technik und Strategie Vertrauen schaffen.","robots":{"index":"index","follow":"follow","max-snippet":"max-snippet:-1","max-image-preview":"max-image-preview:large","max-video-preview":"max-video-preview:-1"},"canonical":"https:\/\/www.designenlassen.de\/blog\/wie-gutes-webdesign-die-markenwahrnehmung-staerkt-design-als-erfolgsfaktor\/","og_locale":"de_DE","og_type":"article","og_title":"Wie Webdesign die Markenwahrnehmung pr\u00e4gt","og_description":"Webdesign als Schl\u00fcssel zur Markenbindung: Wie Gestaltung, Technik und Strategie Vertrauen schaffen.","og_url":"https:\/\/www.designenlassen.de\/blog\/wie-gutes-webdesign-die-markenwahrnehmung-staerkt-design-als-erfolgsfaktor\/","og_site_name":"designenlassen.de Blog","article_published_time":"2025-04-11T08:35:17+00:00","article_modified_time":"2025-04-11T08:35:57+00:00","og_image":[{"width":904,"height":602,"url":"https:\/\/www.designenlassen.de\/blog\/wp-content\/uploads\/2025\/04\/designenlassen-webdesign2.jpg","type":"image\/jpeg"}],"author":"Patrick Schady","twitter_card":"summary_large_image","twitter_misc":{"Verfasst von":"Patrick Schady","Gesch\u00e4tzte Lesezeit":"6\u00a0Minuten"},"schema":{"@context":"https:\/\/schema.org","@graph":[{"@type":"Article","@id":"https:\/\/www.designenlassen.de\/blog\/wie-gutes-webdesign-die-markenwahrnehmung-staerkt-design-als-erfolgsfaktor\/#article","isPartOf":{"@id":"https:\/\/www.designenlassen.de\/blog\/wie-gutes-webdesign-die-markenwahrnehmung-staerkt-design-als-erfolgsfaktor\/"},"author":{"name":"Patrick Schady","@id":"https:\/\/www.designenlassen.de\/blog\/#\/schema\/person\/1e6e4a367ec0359155d5fbb01227c1ca"},"headline":"Wie gutes Webdesign die Markenwahrnehmung st\u00e4rkt \u2013 Design als Erfolgsfaktor","datePublished":"2025-04-11T08:35:17+00:00","dateModified":"2025-04-11T08:35:57+00:00","mainEntityOfPage":{"@id":"https:\/\/www.designenlassen.de\/blog\/wie-gutes-webdesign-die-markenwahrnehmung-staerkt-design-als-erfolgsfaktor\/"},"wordCount":1067,"commentCount":0,"image":{"@id":"https:\/\/www.designenlassen.de\/blog\/wie-gutes-webdesign-die-markenwahrnehmung-staerkt-design-als-erfolgsfaktor\/#primaryimage"},"thumbnailUrl":"https:\/\/www.designenlassen.de\/blog\/wp-content\/uploads\/2025\/04\/designenlassen-webdesign2.jpg","inLanguage":"de","potentialAction":[{"@type":"CommentAction","name":"Comment","target":["https:\/\/www.designenlassen.de\/blog\/wie-gutes-webdesign-die-markenwahrnehmung-staerkt-design-als-erfolgsfaktor\/#respond"]}]},{"@type":"WebPage","@id":"https:\/\/www.designenlassen.de\/blog\/wie-gutes-webdesign-die-markenwahrnehmung-staerkt-design-als-erfolgsfaktor\/","url":"https:\/\/www.designenlassen.de\/blog\/wie-gutes-webdesign-die-markenwahrnehmung-staerkt-design-als-erfolgsfaktor\/","name":"Wie Webdesign die Markenwahrnehmung pr\u00e4gt","isPartOf":{"@id":"https:\/\/www.designenlassen.de\/blog\/#website"},"primaryImageOfPage":{"@id":"https:\/\/www.designenlassen.de\/blog\/wie-gutes-webdesign-die-markenwahrnehmung-staerkt-design-als-erfolgsfaktor\/#primaryimage"},"image":{"@id":"https:\/\/www.designenlassen.de\/blog\/wie-gutes-webdesign-die-markenwahrnehmung-staerkt-design-als-erfolgsfaktor\/#primaryimage"},"thumbnailUrl":"https:\/\/www.designenlassen.de\/blog\/wp-content\/uploads\/2025\/04\/designenlassen-webdesign2.jpg","datePublished":"2025-04-11T08:35:17+00:00","dateModified":"2025-04-11T08:35:57+00:00","author":{"@id":"https:\/\/www.designenlassen.de\/blog\/#\/schema\/person\/1e6e4a367ec0359155d5fbb01227c1ca"},"description":"Webdesign als Schl\u00fcssel zur Markenbindung: Wie Gestaltung, Technik und Strategie Vertrauen schaffen.","breadcrumb":{"@id":"https:\/\/www.designenlassen.de\/blog\/wie-gutes-webdesign-die-markenwahrnehmung-staerkt-design-als-erfolgsfaktor\/#breadcrumb"},"inLanguage":"de","potentialAction":[{"@type":"ReadAction","target":["https:\/\/www.designenlassen.de\/blog\/wie-gutes-webdesign-die-markenwahrnehmung-staerkt-design-als-erfolgsfaktor\/"]}]},{"@type":"ImageObject","inLanguage":"de","@id":"https:\/\/www.designenlassen.de\/blog\/wie-gutes-webdesign-die-markenwahrnehmung-staerkt-design-als-erfolgsfaktor\/#primaryimage","url":"https:\/\/www.designenlassen.de\/blog\/wp-content\/uploads\/2025\/04\/designenlassen-webdesign2.jpg","contentUrl":"https:\/\/www.designenlassen.de\/blog\/wp-content\/uploads\/2025\/04\/designenlassen-webdesign2.jpg","width":904,"height":602},{"@type":"BreadcrumbList","@id":"https:\/\/www.designenlassen.de\/blog\/wie-gutes-webdesign-die-markenwahrnehmung-staerkt-design-als-erfolgsfaktor\/#breadcrumb","itemListElement":[{"@type":"ListItem","position":1,"name":"Start","item":"https:\/\/www.designenlassen.de\/blog\/"},{"@type":"ListItem","position":2,"name":"Wie gutes Webdesign die Markenwahrnehmung st\u00e4rkt \u2013 Design als Erfolgsfaktor"}]},{"@type":"WebSite","@id":"https:\/\/www.designenlassen.de\/blog\/#website","url":"https:\/\/www.designenlassen.de\/blog\/","name":"designenlassen.de Blog","description":"Inspirationen, Tipps und Ideen f\u00fcr Designer sowie Gr\u00fcnder und Kleinbetriebe.","potentialAction":[{"@type":"SearchAction","target":{"@type":"EntryPoint","urlTemplate":"https:\/\/www.designenlassen.de\/blog\/?s={search_term_string}"},"query-input":{"@type":"PropertyValueSpecification","valueRequired":true,"valueName":"search_term_string"}}],"inLanguage":"de"},{"@type":"Person","@id":"https:\/\/www.designenlassen.de\/blog\/#\/schema\/person\/1e6e4a367ec0359155d5fbb01227c1ca","name":"Patrick Schady","image":{"@type":"ImageObject","inLanguage":"de","@id":"https:\/\/www.designenlassen.de\/blog\/#\/schema\/person\/image\/","url":"https:\/\/secure.gravatar.com\/avatar\/41cfafecfbfd30ee6bc4cc02dd530ef067050210239f1d60debda10ce9c038d7?s=96&d=mm&r=g","contentUrl":"https:\/\/secure.gravatar.com\/avatar\/41cfafecfbfd30ee6bc4cc02dd530ef067050210239f1d60debda10ce9c038d7?s=96&d=mm&r=g","caption":"Patrick Schady"},"url":"https:\/\/www.designenlassen.de\/blog\/author\/patrick\/"}]}},"_links":{"self":[{"href":"https:\/\/www.designenlassen.de\/blog\/wp-json\/wp\/v2\/posts\/33432","targetHints":{"allow":["GET"]}}],"collection":[{"href":"https:\/\/www.designenlassen.de\/blog\/wp-json\/wp\/v2\/posts"}],"about":[{"href":"https:\/\/www.designenlassen.de\/blog\/wp-json\/wp\/v2\/types\/post"}],"author":[{"embeddable":true,"href":"https:\/\/www.designenlassen.de\/blog\/wp-json\/wp\/v2\/users\/24"}],"replies":[{"embeddable":true,"href":"https:\/\/www.designenlassen.de\/blog\/wp-json\/wp\/v2\/comments?post=33432"}],"version-history":[{"count":3,"href":"https:\/\/www.designenlassen.de\/blog\/wp-json\/wp\/v2\/posts\/33432\/revisions"}],"predecessor-version":[{"id":33437,"href":"https:\/\/www.designenlassen.de\/blog\/wp-json\/wp\/v2\/posts\/33432\/revisions\/33437"}],"wp:featuredmedia":[{"embeddable":true,"href":"https:\/\/www.designenlassen.de\/blog\/wp-json\/wp\/v2\/media\/33433"}],"wp:attachment":[{"href":"https:\/\/www.designenlassen.de\/blog\/wp-json\/wp\/v2\/media?parent=33432"}],"wp:term":[{"taxonomy":"category","embeddable":true,"href":"https:\/\/www.designenlassen.de\/blog\/wp-json\/wp\/v2\/categories?post=33432"},{"taxonomy":"post_tag","embeddable":true,"href":"https:\/\/www.designenlassen.de\/blog\/wp-json\/wp\/v2\/tags?post=33432"}],"curies":[{"name":"wp","href":"https:\/\/api.w.org\/{rel}","templated":true}]}}