{"id":33910,"date":"2025-10-01T11:04:57","date_gmt":"2025-10-01T09:04:57","guid":{"rendered":"https:\/\/www.designenlassen.de\/blog\/?p=33910"},"modified":"2025-10-01T11:05:08","modified_gmt":"2025-10-01T09:05:08","slug":"visuelle-kraft-im-oeffentlichen-raum-warum-banner-menschen-bewegen","status":"publish","type":"post","link":"https:\/\/www.designenlassen.de\/blog\/visuelle-kraft-im-oeffentlichen-raum-warum-banner-menschen-bewegen\/","title":{"rendered":"Visuelle Kraft im \u00f6ffentlichen Raum: Warum Banner Menschen bewegen"},"content":{"rendered":"\n<figure class=\"wp-block-gallery has-nested-images columns-default is-cropped wp-block-gallery-1 is-layout-flex wp-block-gallery-is-layout-flex\">\n<figure class=\"wp-block-image size-large\"><img fetchpriority=\"high\" decoding=\"async\" width=\"1024\" height=\"683\" data-id=\"33809\" src=\"https:\/\/www.designenlassen.de\/blog\/wp-content\/uploads\/2025\/09\/bauzaun-banner-fuer-abbruchfirma-und-schadstoffsanierung_40_896333-1024x683.png\" alt=\"\" class=\"wp-image-33809\" srcset=\"https:\/\/www.designenlassen.de\/blog\/wp-content\/uploads\/2025\/09\/bauzaun-banner-fuer-abbruchfirma-und-schadstoffsanierung_40_896333-1024x683.png 1024w, https:\/\/www.designenlassen.de\/blog\/wp-content\/uploads\/2025\/09\/bauzaun-banner-fuer-abbruchfirma-und-schadstoffsanierung_40_896333-300x200.png 300w, https:\/\/www.designenlassen.de\/blog\/wp-content\/uploads\/2025\/09\/bauzaun-banner-fuer-abbruchfirma-und-schadstoffsanierung_40_896333-768x512.png 768w, https:\/\/www.designenlassen.de\/blog\/wp-content\/uploads\/2025\/09\/bauzaun-banner-fuer-abbruchfirma-und-schadstoffsanierung_40_896333-1536x1024.png 1536w, https:\/\/www.designenlassen.de\/blog\/wp-content\/uploads\/2025\/09\/bauzaun-banner-fuer-abbruchfirma-und-schadstoffsanierung_40_896333-1920x1280.png 1920w, https:\/\/www.designenlassen.de\/blog\/wp-content\/uploads\/2025\/09\/bauzaun-banner-fuer-abbruchfirma-und-schadstoffsanierung_40_896333-1170x780.png 1170w, https:\/\/www.designenlassen.de\/blog\/wp-content\/uploads\/2025\/09\/bauzaun-banner-fuer-abbruchfirma-und-schadstoffsanierung_40_896333-585x390.png 585w, https:\/\/www.designenlassen.de\/blog\/wp-content\/uploads\/2025\/09\/bauzaun-banner-fuer-abbruchfirma-und-schadstoffsanierung_40_896333-263x175.png 263w, https:\/\/www.designenlassen.de\/blog\/wp-content\/uploads\/2025\/09\/bauzaun-banner-fuer-abbruchfirma-und-schadstoffsanierung_40_896333-600x400.png 600w, https:\/\/www.designenlassen.de\/blog\/wp-content\/uploads\/2025\/09\/bauzaun-banner-fuer-abbruchfirma-und-schadstoffsanierung_40_896333.png 1933w\" sizes=\"(max-width: 1024px) 100vw, 1024px\" \/><\/figure>\n<\/figure>\n\n\n\n<p><a href=\"https:\/\/www.designenlassen.de\/blog\/das-perfekte-banner-design-worauf-musst-du-achten\/\">Banner<\/a> sind l\u00e4ngst mehr als nur bedruckte Stoffe oder PVC-Planen \u2013 sie sind Kommunikationsmittel, emotionale Symbole und visuelle Ankerpunkte, die Aufmerksamkeit schaffen und <a href=\"https:\/\/www.designenlassen.de\/blog\/markenbotschaft-so-wirst-du-zur-marke-nummer-1\/\">Botschaften<\/a> greifbar machen. Ob in der Werbung, bei Demonstrationen oder als dekoratives Element in der Stadtkultur: Banner haben eine Pr\u00e4senz, die kaum ein anderes Medium erreicht. Ihre Gr\u00f6\u00dfe, Materialit\u00e4t und Un\u00fcbersehbarkeit machen sie zu einem wichtigen Teil des \u00f6ffentlichen Raums.<\/p>\n\n\n\n<p>Besonders spannend ist, dass Banner immer wieder neu interpretiert werden. Sie sind nicht starr, sondern flexibel in Einsatz und Bedeutung. Unternehmen setzen sie ein, um Markenbotschaften im Ged\u00e4chtnis zu verankern, w\u00e4hrend politische Bewegungen sie nutzen, um Forderungen lautstark sichtbar zu machen. Auch Privatpersonen greifen darauf zur\u00fcck \u2013 sei es f\u00fcr ein Sportevent, eine Hochzeit oder kulturelle Projekte. Genau dieser Facettenreichtum ist es, der die Leitfrage so aktuell macht: <em>Sichtbar im Gro\u00dfformat: Warum Menschen Banner drucken.<\/em><\/p>\n\n\n\n<p>Dass die Nachfrage nach <a href=\"https:\/\/www.bannerstop.com\/\">Banner drucken<\/a> stetig zunimmt, liegt nicht nur an den technischen M\u00f6glichkeiten des modernen Digitaldrucks, sondern vor allem daran, dass Banner ein Gef\u00fchl von Sichtbarkeit und Dauerhaftigkeit vermitteln. Sie machen das Unsichtbare sichtbar und verwandeln Botschaften in eindrucksvolle Bilder, die mitten im Alltag bestehen k\u00f6nnen.<\/p>\n\n\n\n<h2 class=\"wp-block-heading\"><strong>Banner als politisches und gesellschaftliches Sprachrohr<\/strong><\/h2>\n\n\n\n<p>Banner sind seit jeher ein starkes Symbol im politischen und gesellschaftlichen Kontext. Von Arbeiterdemonstrationen des fr\u00fchen 20. Jahrhunderts \u00fcber die Proteste der 1968er bis zu heutigen Klimabewegungen: Banner fassen die Anliegen einer Bewegung zusammen und transportieren sie direkt in die \u00d6ffentlichkeit. Sie sind nicht nur ein visuelles Signal, sondern auch ein Ausdruck von Gemeinschaft. Ein Banner wird oft kollektiv entworfen, getragen und pr\u00e4sentiert \u2013 es steht f\u00fcr ein \u201eWir\u201c, das sich Geh\u00f6r verschaffen m\u00f6chte.<\/p>\n\n\n\n<p>Ihre St\u00e4rke liegt darin, dass sie den \u00f6ffentlichen Raum transformieren. Ein Platz, der sonst von allt\u00e4glicher Gesch\u00e4ftigkeit gepr\u00e4gt ist, wird durch Banner zu einem Ort der politischen Debatte. Dadurch entsteht eine Art tempor\u00e4re B\u00fchne, auf der Forderungen, Emotionen und Ideen inszeniert werden. Banner wirken dabei nicht nur nach au\u00dfen, sondern auch nach innen: Sie geben den Beteiligten das Gef\u00fchl, Teil von etwas Gr\u00f6\u00dferem zu sein, und st\u00e4rken so die Identit\u00e4t einer Bewegung.<\/p>\n\n\n\n<h3 class=\"wp-block-heading\"><strong>\u201eBanner sind keine blo\u00dfen Dekorationen \u2013 sie sind Projektionsfl\u00e4chen f\u00fcr kollektive Gef\u00fchle, die unsere Gesellschaft pr\u00e4gen und ver\u00e4ndern.\u201c<\/strong><\/h3>\n\n\n\n<p>Banner sind au\u00dferdem erstaunlich wandelbar. Ein und dieselbe Fl\u00e4che kann am einen Tag als Protestbanner gegen soziale Ungerechtigkeit genutzt werden, am n\u00e4chsten Tag aber als Werbebanner f\u00fcr ein Konzert dienen. Diese Vielseitigkeit unterstreicht, wie eng Banner mit dem Rhythmus des \u00f6ffentlichen Lebens verbunden sind \u2013 sie sind ein Spiegel der aktuellen Themen und verschaffen ihnen visuelle Pr\u00e4senz.<\/p>\n\n\n\n<figure class=\"wp-block-gallery has-nested-images columns-2 is-cropped wp-block-gallery-2 is-layout-flex wp-block-gallery-is-layout-flex\">\n<figure class=\"wp-block-image\"><img decoding=\"async\" width=\"2000\" height=\"1862\" data-id=\"33483\" src=\"https:\/\/www.designenlassen.de\/blog\/wp-content\/uploads\/2025\/04\/bauzaun-und-geruest-banner-fuer-sachverstaendigenbuero-arbeitssicherheit-und-brandschutz_6_587173.jpg\" alt=\"\" class=\"wp-image-33483\" srcset=\"https:\/\/www.designenlassen.de\/blog\/wp-content\/uploads\/2025\/04\/bauzaun-und-geruest-banner-fuer-sachverstaendigenbuero-arbeitssicherheit-und-brandschutz_6_587173.jpg 2000w, https:\/\/www.designenlassen.de\/blog\/wp-content\/uploads\/2025\/04\/bauzaun-und-geruest-banner-fuer-sachverstaendigenbuero-arbeitssicherheit-und-brandschutz_6_587173-300x279.jpg 300w, https:\/\/www.designenlassen.de\/blog\/wp-content\/uploads\/2025\/04\/bauzaun-und-geruest-banner-fuer-sachverstaendigenbuero-arbeitssicherheit-und-brandschutz_6_587173-1024x953.jpg 1024w, https:\/\/www.designenlassen.de\/blog\/wp-content\/uploads\/2025\/04\/bauzaun-und-geruest-banner-fuer-sachverstaendigenbuero-arbeitssicherheit-und-brandschutz_6_587173-768x715.jpg 768w, https:\/\/www.designenlassen.de\/blog\/wp-content\/uploads\/2025\/04\/bauzaun-und-geruest-banner-fuer-sachverstaendigenbuero-arbeitssicherheit-und-brandschutz_6_587173-1536x1430.jpg 1536w, https:\/\/www.designenlassen.de\/blog\/wp-content\/uploads\/2025\/04\/bauzaun-und-geruest-banner-fuer-sachverstaendigenbuero-arbeitssicherheit-und-brandschutz_6_587173-1920x1788.jpg 1920w, https:\/\/www.designenlassen.de\/blog\/wp-content\/uploads\/2025\/04\/bauzaun-und-geruest-banner-fuer-sachverstaendigenbuero-arbeitssicherheit-und-brandschutz_6_587173-1170x1089.jpg 1170w, https:\/\/www.designenlassen.de\/blog\/wp-content\/uploads\/2025\/04\/bauzaun-und-geruest-banner-fuer-sachverstaendigenbuero-arbeitssicherheit-und-brandschutz_6_587173-585x545.jpg 585w, https:\/\/www.designenlassen.de\/blog\/wp-content\/uploads\/2025\/04\/bauzaun-und-geruest-banner-fuer-sachverstaendigenbuero-arbeitssicherheit-und-brandschutz_6_587173-600x559.jpg 600w\" sizes=\"(max-width: 2000px) 100vw, 2000px\" \/><\/figure>\n\n\n\n<figure class=\"wp-block-image\"><img decoding=\"async\" width=\"2305\" height=\"2305\" data-id=\"33484\" src=\"https:\/\/www.designenlassen.de\/blog\/wp-content\/uploads\/2025\/04\/designenlassen-werbeplakate_54_852132.jpg\" alt=\"\" class=\"wp-image-33484\" srcset=\"https:\/\/www.designenlassen.de\/blog\/wp-content\/uploads\/2025\/04\/designenlassen-werbeplakate_54_852132.jpg 2305w, https:\/\/www.designenlassen.de\/blog\/wp-content\/uploads\/2025\/04\/designenlassen-werbeplakate_54_852132-300x300.jpg 300w, https:\/\/www.designenlassen.de\/blog\/wp-content\/uploads\/2025\/04\/designenlassen-werbeplakate_54_852132-1024x1024.jpg 1024w, https:\/\/www.designenlassen.de\/blog\/wp-content\/uploads\/2025\/04\/designenlassen-werbeplakate_54_852132-150x150.jpg 150w, https:\/\/www.designenlassen.de\/blog\/wp-content\/uploads\/2025\/04\/designenlassen-werbeplakate_54_852132-768x768.jpg 768w, https:\/\/www.designenlassen.de\/blog\/wp-content\/uploads\/2025\/04\/designenlassen-werbeplakate_54_852132-1536x1536.jpg 1536w, https:\/\/www.designenlassen.de\/blog\/wp-content\/uploads\/2025\/04\/designenlassen-werbeplakate_54_852132-2048x2048.jpg 2048w, https:\/\/www.designenlassen.de\/blog\/wp-content\/uploads\/2025\/04\/designenlassen-werbeplakate_54_852132-1920x1920.jpg 1920w, https:\/\/www.designenlassen.de\/blog\/wp-content\/uploads\/2025\/04\/designenlassen-werbeplakate_54_852132-1170x1170.jpg 1170w, https:\/\/www.designenlassen.de\/blog\/wp-content\/uploads\/2025\/04\/designenlassen-werbeplakate_54_852132-585x585.jpg 585w, https:\/\/www.designenlassen.de\/blog\/wp-content\/uploads\/2025\/04\/designenlassen-werbeplakate_54_852132-600x600.jpg 600w\" sizes=\"(max-width: 2305px) 100vw, 2305px\" \/><\/figure>\n\n\n\n<figure class=\"wp-block-image\"><img loading=\"lazy\" decoding=\"async\" width=\"1000\" height=\"1000\" data-id=\"33810\" src=\"https:\/\/www.designenlassen.de\/blog\/wp-content\/uploads\/2025\/09\/plakate-fuer-glasfaserausbau_32_611425.png\" alt=\"\" class=\"wp-image-33810\" srcset=\"https:\/\/www.designenlassen.de\/blog\/wp-content\/uploads\/2025\/09\/plakate-fuer-glasfaserausbau_32_611425.png 1000w, https:\/\/www.designenlassen.de\/blog\/wp-content\/uploads\/2025\/09\/plakate-fuer-glasfaserausbau_32_611425-300x300.png 300w, https:\/\/www.designenlassen.de\/blog\/wp-content\/uploads\/2025\/09\/plakate-fuer-glasfaserausbau_32_611425-150x150.png 150w, https:\/\/www.designenlassen.de\/blog\/wp-content\/uploads\/2025\/09\/plakate-fuer-glasfaserausbau_32_611425-768x768.png 768w, https:\/\/www.designenlassen.de\/blog\/wp-content\/uploads\/2025\/09\/plakate-fuer-glasfaserausbau_32_611425-585x585.png 585w\" sizes=\"(max-width: 1000px) 100vw, 1000px\" \/><\/figure>\n\n\n\n<figure class=\"wp-block-image\"><img loading=\"lazy\" decoding=\"async\" width=\"2000\" height=\"1862\" data-id=\"33488\" src=\"https:\/\/www.designenlassen.de\/blog\/wp-content\/uploads\/2025\/04\/plakate-fuer-glasfaserausbau_31_619241.jpg\" alt=\"\" class=\"wp-image-33488\" srcset=\"https:\/\/www.designenlassen.de\/blog\/wp-content\/uploads\/2025\/04\/plakate-fuer-glasfaserausbau_31_619241.jpg 2000w, https:\/\/www.designenlassen.de\/blog\/wp-content\/uploads\/2025\/04\/plakate-fuer-glasfaserausbau_31_619241-300x279.jpg 300w, https:\/\/www.designenlassen.de\/blog\/wp-content\/uploads\/2025\/04\/plakate-fuer-glasfaserausbau_31_619241-1024x953.jpg 1024w, https:\/\/www.designenlassen.de\/blog\/wp-content\/uploads\/2025\/04\/plakate-fuer-glasfaserausbau_31_619241-768x715.jpg 768w, https:\/\/www.designenlassen.de\/blog\/wp-content\/uploads\/2025\/04\/plakate-fuer-glasfaserausbau_31_619241-1536x1430.jpg 1536w, https:\/\/www.designenlassen.de\/blog\/wp-content\/uploads\/2025\/04\/plakate-fuer-glasfaserausbau_31_619241-1920x1788.jpg 1920w, https:\/\/www.designenlassen.de\/blog\/wp-content\/uploads\/2025\/04\/plakate-fuer-glasfaserausbau_31_619241-1170x1089.jpg 1170w, https:\/\/www.designenlassen.de\/blog\/wp-content\/uploads\/2025\/04\/plakate-fuer-glasfaserausbau_31_619241-585x545.jpg 585w\" sizes=\"(max-width: 2000px) 100vw, 2000px\" \/><\/figure>\n<\/figure>\n\n\n\n<h2 class=\"wp-block-heading\"><strong>Kommerzielle Banner: Sichtbarkeit f\u00fcr Marken und Produkte<\/strong><\/h2>\n\n\n\n<p>Neben der politischen Dimension sind Banner l\u00e4ngst ein fester Bestandteil der kommerziellen Kommunikation. Unternehmen setzen sie ein, um Aufmerksamkeit zu erzeugen, Markenbekanntheit zu steigern und Konsumentscheidungen zu beeinflussen. Gro\u00dfformatige Banner an Fassaden, bei Sportevents oder in Einkaufszentren haben eine enorme Reichweite, da sie kaum zu \u00fcbersehen sind. Anders als digitale Werbung, die h\u00e4ufig geblockt oder \u00fcbersehen wird, wirken Banner direkt im physischen Raum, in dem Menschen sich bewegen.<\/p>\n\n\n\n<p>Die Gestaltung spielt dabei eine entscheidende Rolle. <a href=\"https:\/\/www.designenlassen.de\/blog\/farben-und-ihre-bedeutung\/\">Farben<\/a>, Typografie und Bildsprache m\u00fcssen so gew\u00e4hlt sein, dass die Botschaft auf einen Blick erfasst wird. Ein gutes Banner ist klar, pr\u00e4gnant und visuell stark. Es schafft es, Emotionen zu wecken und eine Marke mit bestimmten Gef\u00fchlen zu verbinden. So wird das Banner nicht nur zum Werbetr\u00e4ger, sondern zum Teil der Markenidentit\u00e4t.<\/p>\n\n\n\n<ul class=\"wp-block-list\">\n<li>Gro\u00dfbanner an Geb\u00e4uden erzeugen urbane Aufmerksamkeit.<br><\/li>\n\n\n\n<li>Event-Banner pr\u00e4gen die Atmosph\u00e4re von Konzerten, Festivals oder Sportveranstaltungen.<br><\/li>\n\n\n\n<li>Indoor-Banner in Malls oder Messen schaffen Orientierung und Markenbindung.<br><\/li>\n<\/ul>\n\n\n\n<p>Dabei sind Banner auch aus \u00f6konomischer Sicht interessant. Sie sind vergleichsweise kosteng\u00fcnstig herzustellen und k\u00f6nnen mehrfach genutzt werden. Gleichzeitig erlauben sie eine enorme Flexibilit\u00e4t, da sie in unterschiedlichen Formaten, Materialien und Designs produziert werden k\u00f6nnen. F\u00fcr Unternehmen bedeutet das: maximale Sichtbarkeit bei \u00fcberschaubarem Aufwand \u2013 und damit ein unverzichtbares Instrument im Marketingmix.<\/p>\n\n\n\n<figure class=\"wp-block-gallery has-nested-images columns-default is-cropped wp-block-gallery-3 is-layout-flex wp-block-gallery-is-layout-flex\">\n<figure class=\"wp-block-image size-large\"><img loading=\"lazy\" decoding=\"async\" width=\"1024\" height=\"903\" data-id=\"33836\" src=\"https:\/\/www.designenlassen.de\/blog\/wp-content\/uploads\/2025\/09\/plakate-fuer-haushaltshilfe-roll-up-banner-mm-x-mm_33_474834-1024x903.jpg\" alt=\"\" class=\"wp-image-33836\" srcset=\"https:\/\/www.designenlassen.de\/blog\/wp-content\/uploads\/2025\/09\/plakate-fuer-haushaltshilfe-roll-up-banner-mm-x-mm_33_474834-1024x903.jpg 1024w, https:\/\/www.designenlassen.de\/blog\/wp-content\/uploads\/2025\/09\/plakate-fuer-haushaltshilfe-roll-up-banner-mm-x-mm_33_474834-300x265.jpg 300w, https:\/\/www.designenlassen.de\/blog\/wp-content\/uploads\/2025\/09\/plakate-fuer-haushaltshilfe-roll-up-banner-mm-x-mm_33_474834-768x677.jpg 768w, https:\/\/www.designenlassen.de\/blog\/wp-content\/uploads\/2025\/09\/plakate-fuer-haushaltshilfe-roll-up-banner-mm-x-mm_33_474834-1536x1355.jpg 1536w, https:\/\/www.designenlassen.de\/blog\/wp-content\/uploads\/2025\/09\/plakate-fuer-haushaltshilfe-roll-up-banner-mm-x-mm_33_474834-2048x1806.jpg 2048w, https:\/\/www.designenlassen.de\/blog\/wp-content\/uploads\/2025\/09\/plakate-fuer-haushaltshilfe-roll-up-banner-mm-x-mm_33_474834-1920x1693.jpg 1920w, https:\/\/www.designenlassen.de\/blog\/wp-content\/uploads\/2025\/09\/plakate-fuer-haushaltshilfe-roll-up-banner-mm-x-mm_33_474834-1170x1032.jpg 1170w, https:\/\/www.designenlassen.de\/blog\/wp-content\/uploads\/2025\/09\/plakate-fuer-haushaltshilfe-roll-up-banner-mm-x-mm_33_474834-585x516.jpg 585w\" sizes=\"(max-width: 1024px) 100vw, 1024px\" \/><\/figure>\n\n\n\n<figure class=\"wp-block-image size-large\"><img loading=\"lazy\" decoding=\"async\" width=\"776\" height=\"1024\" data-id=\"33835\" src=\"https:\/\/www.designenlassen.de\/blog\/wp-content\/uploads\/2025\/09\/plakate-fuer-haushaltshilfe-roll-up-banner-mm-x-mm_23_933762-scaled-776x1024.jpg\" alt=\"\" class=\"wp-image-33835\" srcset=\"https:\/\/www.designenlassen.de\/blog\/wp-content\/uploads\/2025\/09\/plakate-fuer-haushaltshilfe-roll-up-banner-mm-x-mm_23_933762-scaled-776x1024.jpg 776w, https:\/\/www.designenlassen.de\/blog\/wp-content\/uploads\/2025\/09\/plakate-fuer-haushaltshilfe-roll-up-banner-mm-x-mm_23_933762-scaled-227x300.jpg 227w, https:\/\/www.designenlassen.de\/blog\/wp-content\/uploads\/2025\/09\/plakate-fuer-haushaltshilfe-roll-up-banner-mm-x-mm_23_933762-768x1014.jpg 768w, https:\/\/www.designenlassen.de\/blog\/wp-content\/uploads\/2025\/09\/plakate-fuer-haushaltshilfe-roll-up-banner-mm-x-mm_23_933762-scaled-1163x1536.jpg 1163w, https:\/\/www.designenlassen.de\/blog\/wp-content\/uploads\/2025\/09\/plakate-fuer-haushaltshilfe-roll-up-banner-mm-x-mm_23_933762-scaled-1551x2048.jpg 1551w, https:\/\/www.designenlassen.de\/blog\/wp-content\/uploads\/2025\/09\/plakate-fuer-haushaltshilfe-roll-up-banner-mm-x-mm_23_933762-scaled-1920x2535.jpg 1920w, https:\/\/www.designenlassen.de\/blog\/wp-content\/uploads\/2025\/09\/plakate-fuer-haushaltshilfe-roll-up-banner-mm-x-mm_23_933762-scaled-1170x1545.jpg 1170w, https:\/\/www.designenlassen.de\/blog\/wp-content\/uploads\/2025\/09\/plakate-fuer-haushaltshilfe-roll-up-banner-mm-x-mm_23_933762-scaled-585x772.jpg 585w, https:\/\/www.designenlassen.de\/blog\/wp-content\/uploads\/2025\/09\/plakate-fuer-haushaltshilfe-roll-up-banner-mm-x-mm_23_933762-scaled.jpg 1939w\" sizes=\"(max-width: 776px) 100vw, 776px\" \/><\/figure>\n<\/figure>\n\n\n\n<h2 class=\"wp-block-heading\"><strong>\u00c4sthetik und Gestaltung im Alltag<\/strong><\/h2>\n\n\n\n<p>Banner sind nicht nur Kommunikationsmittel, sondern auch \u00e4sthetische Elemente, die das Bild von St\u00e4dten, Universit\u00e4ten oder Events pr\u00e4gen. Ihre Farbigkeit, Gr\u00f6\u00dfe und Platzierung k\u00f6nnen urbane R\u00e4ume ver\u00e4ndern und sie in neue Kontexte r\u00fccken. Ein schlichtes Geb\u00e4ude wirkt pl\u00f6tzlich lebendig, wenn ein farbenfrohes Banner seine Fassade schm\u00fcckt. Ebenso verwandelt ein gut platziertes Banner einen leeren Platz in eine B\u00fchne f\u00fcr Botschaften oder Ereignisse.<\/p>\n\n\n\n<p>Die Gestaltung ist dabei mehr als reine Dekoration. Sie entscheidet dar\u00fcber, wie ein Banner wahrgenommen wird und welche Emotionen es hervorruft. Ein <a href=\"https:\/\/www.designenlassen.de\/blog\/minimalistische-logos-die-mit-dem-noetigsten-im-design-ueberzeugen\/\">minimalistisches Design<\/a> mit klaren Linien signalisiert Seriosit\u00e4t und Professionalit\u00e4t, w\u00e4hrend handgemalte, verspielte Motive eher Spontaneit\u00e4t und Authentizit\u00e4t ausdr\u00fccken. Banner schaffen damit nicht nur Sichtbarkeit, sondern auch Atmosph\u00e4re. Sie sind visuelle Marker, die im Ged\u00e4chtnis bleiben und einen Raum mit neuer Bedeutung aufladen.<\/p>\n\n\n\n<p>Besonders in kulturellen Kontexten entfalten Banner ihre gestalterische Kraft. Festivals, Stadtfeste oder Ausstellungen w\u00e4ren ohne Banner kaum vorstellbar. Sie setzen Farbakzente, geben Orientierung und tragen dazu bei, dass ein Event unverwechselbar wirkt. Banner werden damit zu tempor\u00e4ren Kunstwerken, die eine Balance zwischen Funktionalit\u00e4t und Kreativit\u00e4t schaffen.<\/p>\n\n\n\n<h2 class=\"wp-block-heading\"><strong>Nachhaltigkeit und Zukunft<\/strong><\/h2>\n\n\n\n<p>So stark Banner wirken, so sehr r\u00fcckt in den letzten Jahren auch das Thema Nachhaltigkeit in den Fokus. Lange Zeit wurden Banner \u00fcberwiegend aus PVC gefertigt \u2013 ein Material, das zwar robust und wetterfest ist, aber kaum recycelt werden kann. Angesichts wachsender \u00f6kologischer Verantwortung suchen immer mehr Akteure nach Alternativen.<\/p>\n\n\n\n<p>Heute gibt es eine breite Palette an nachhaltigen L\u00f6sungen: Banner aus Recyclingmaterialien, biologisch abbaubare Stoffe oder Systeme, die wiederverwendbar sind. Gerade f\u00fcr politische Bewegungen oder kulturelle Initiativen spielt dies eine gro\u00dfe Rolle, da die Botschaft der Nachhaltigkeit auch durch die Wahl des Mediums unterst\u00fctzt wird. Unternehmen wiederum profitieren davon, wenn sie ihre Kommunikationsmittel umweltbewusst gestalten \u2013 das st\u00e4rkt ihr Image und entspricht den Erwartungen vieler Konsumenten.<\/p>\n\n\n\n<p>Ein kurzer \u00dcberblick \u00fcber g\u00e4ngige Materialien:<\/p>\n\n\n\n<figure class=\"wp-block-table\"><div class=\"pcrstb-wrap\"><table class=\"has-fixed-layout\"><tbody><tr><td><strong>Material<\/strong><\/td><td><strong>Vorteile<\/strong><\/td><td><strong>Nachteile<\/strong><\/td><td><strong>Typischer Einsatz<\/strong><\/td><\/tr><tr><td>PVC<\/td><td>Sehr haltbar, wetterfest<\/td><td>Umweltbelastend, kaum recycelbar<\/td><td>Dauerhafte Au\u00dfenwerbung<\/td><\/tr><tr><td>Stoff (z. B. Baumwolle)<\/td><td>Nat\u00fcrlich, leicht zu bedrucken<\/td><td>Weniger wetterbest\u00e4ndig<\/td><td>Indoor-Events, Dekoration<\/td><\/tr><tr><td>Recyclingmaterialien<\/td><td>Umweltfreundlich, innovativ<\/td><td>Teilweise h\u00f6here Kosten<\/td><td>Nachhaltige Projekte, Festivals<\/td><\/tr><tr><td>Biologisch abbaubar<\/td><td>Kompostierbar, ressourcenschonend<\/td><td>Geringere Haltbarkeit<\/td><td>Kurzfristige Aktionen, Kampagnen<\/td><\/tr><\/tbody><\/table><\/div><\/figure>\n\n\n\n<p>Die Zukunft der Bannerproduktion wird von zwei Trends gepr\u00e4gt: Innovation und Nachhaltigkeit. Einerseits erm\u00f6glichen moderne Drucktechniken eine noch individuellere Gestaltung und schnellere Produktion, andererseits werden Materialien immer umweltfreundlicher. Damit bleiben Banner ein Medium, das nicht nur relevant, sondern auch zukunftsf\u00e4hig ist.<\/p>\n\n\n\n<figure class=\"wp-block-gallery has-nested-images columns-default is-cropped wp-block-gallery-4 is-layout-flex wp-block-gallery-is-layout-flex\">\n<figure class=\"wp-block-image size-large\"><img loading=\"lazy\" decoding=\"async\" width=\"357\" height=\"201\" data-id=\"33262\" src=\"https:\/\/www.designenlassen.de\/blog\/wp-content\/uploads\/2025\/03\/designenlassen_bauunternehmen-plakat-design-uniqbau-edited.jpg\" alt=\"\" class=\"wp-image-33262\" srcset=\"https:\/\/www.designenlassen.de\/blog\/wp-content\/uploads\/2025\/03\/designenlassen_bauunternehmen-plakat-design-uniqbau-edited.jpg 357w, https:\/\/www.designenlassen.de\/blog\/wp-content\/uploads\/2025\/03\/designenlassen_bauunternehmen-plakat-design-uniqbau-edited-300x169.jpg 300w\" sizes=\"(max-width: 357px) 100vw, 357px\" \/><\/figure>\n\n\n\n<figure class=\"wp-block-image size-large\"><img loading=\"lazy\" decoding=\"async\" width=\"300\" height=\"225\" data-id=\"27607\" src=\"https:\/\/www.designenlassen.de\/blog\/wp-content\/uploads\/2023\/11\/plakat-design-gestaltung-kreativ-bunt-meisterwerk-edited.png\" alt=\"\" class=\"wp-image-27607\"\/><\/figure>\n<\/figure>\n\n\n\n<h2 class=\"wp-block-heading\"><strong>Die bleibende Kraft des Gro\u00dfformats<\/strong><\/h2>\n\n\n\n<p>Banner sind weit mehr als nur bedruckte Fl\u00e4chen. Sie sind Symbole, die unsere Gesellschaft in all ihren Facetten widerspiegeln: als politische Sprachrohre, als Werbetr\u00e4ger f\u00fcr Unternehmen, als \u00e4sthetische Elemente im Alltag und als kulturelle Marker bei Events. Ihre St\u00e4rke liegt in ihrer Sichtbarkeit und ihrer emotionalen Wirkung \u2013 sie schaffen Aufmerksamkeit, b\u00fcndeln Gemeinschaft und verleihen Botschaften Nachdruck.Die Leitidee <em>Sichtbar im Gro\u00dfformat: Warum Menschen Banner drucken<\/em> verdeutlicht, dass Banner ein unverzichtbarer Bestandteil unserer visuellen Kultur sind. Sie begleiten uns im Alltag, sie pr\u00e4gen Erinnerungen und sie bleiben im kollektiven Ged\u00e4chtnis. Auch in Zukunft werden Banner eine wichtige Rolle spielen \u2013 vielleicht nachhaltiger, vielleicht digitaler, aber immer sichtbar und wirksam.<\/p>\n","protected":false},"excerpt":{"rendered":"<p>Banner sind l\u00e4ngst mehr als nur bedruckte Stoffe oder PVC-Planen \u2013 sie sind Kommunikationsmittel, emotionale Symbole&hellip;<\/p>\n","protected":false},"author":24,"featured_media":33809,"comment_status":"open","ping_status":"closed","sticky":false,"template":"","format":"standard","meta":{"_lmt_disableupdate":"","_lmt_disable":"","footnotes":""},"categories":[1],"tags":[],"class_list":["post-33910","post","type-post","status-publish","format-standard","has-post-thumbnail","hentry","category-allgemein"],"yoast_head":"<!-- This site is optimized with the Yoast SEO plugin v26.7 - https:\/\/yoast.com\/wordpress\/plugins\/seo\/ -->\n<title>Visuelle Kraft im \u00f6ffentlichen Raum: Warum Banner Menschen bewegen<\/title>\n<meta name=\"description\" content=\"Banner sind l\u00e4ngst mehr als nur bedruckte Stoffe oder PVC-Planen \u2013 sie sind Kommunikationsmittel, emotionale Symbole und visuelle Ankerpunkte, die Aufmerksamkeit schaffen und Botschaften greifbar machen.\" \/>\n<meta name=\"robots\" content=\"index, follow, max-snippet:-1, max-image-preview:large, max-video-preview:-1\" \/>\n<link rel=\"canonical\" href=\"https:\/\/www.designenlassen.de\/blog\/visuelle-kraft-im-oeffentlichen-raum-warum-banner-menschen-bewegen\/\" \/>\n<meta property=\"og:locale\" content=\"de_DE\" \/>\n<meta property=\"og:type\" content=\"article\" \/>\n<meta property=\"og:title\" content=\"Visuelle Kraft im \u00f6ffentlichen Raum: Warum Banner Menschen bewegen\" \/>\n<meta property=\"og:description\" content=\"Banner sind l\u00e4ngst mehr als nur bedruckte Stoffe oder PVC-Planen \u2013 sie sind Kommunikationsmittel, emotionale Symbole und visuelle Ankerpunkte, die Aufmerksamkeit schaffen und Botschaften greifbar machen.\" \/>\n<meta property=\"og:url\" content=\"https:\/\/www.designenlassen.de\/blog\/visuelle-kraft-im-oeffentlichen-raum-warum-banner-menschen-bewegen\/\" \/>\n<meta property=\"og:site_name\" content=\"designenlassen.de Blog\" \/>\n<meta property=\"article:published_time\" content=\"2025-10-01T09:04:57+00:00\" \/>\n<meta property=\"article:modified_time\" content=\"2025-10-01T09:05:08+00:00\" \/>\n<meta property=\"og:image\" content=\"https:\/\/www.designenlassen.de\/blog\/wp-content\/uploads\/2025\/09\/bauzaun-banner-fuer-abbruchfirma-und-schadstoffsanierung_40_896333.png\" \/>\n\t<meta property=\"og:image:width\" content=\"1933\" \/>\n\t<meta property=\"og:image:height\" content=\"1289\" \/>\n\t<meta property=\"og:image:type\" content=\"image\/png\" \/>\n<meta name=\"author\" content=\"Patrick Schady\" \/>\n<meta name=\"twitter:card\" content=\"summary_large_image\" \/>\n<meta name=\"twitter:label1\" content=\"Verfasst von\" \/>\n\t<meta name=\"twitter:data1\" content=\"Patrick Schady\" \/>\n\t<meta name=\"twitter:label2\" content=\"Gesch\u00e4tzte Lesezeit\" \/>\n\t<meta name=\"twitter:data2\" content=\"9\u00a0Minuten\" \/>\n<script type=\"application\/ld+json\" class=\"yoast-schema-graph\">{\"@context\":\"https:\/\/schema.org\",\"@graph\":[{\"@type\":\"Article\",\"@id\":\"https:\/\/www.designenlassen.de\/blog\/visuelle-kraft-im-oeffentlichen-raum-warum-banner-menschen-bewegen\/#article\",\"isPartOf\":{\"@id\":\"https:\/\/www.designenlassen.de\/blog\/visuelle-kraft-im-oeffentlichen-raum-warum-banner-menschen-bewegen\/\"},\"author\":{\"name\":\"Patrick Schady\",\"@id\":\"https:\/\/www.designenlassen.de\/blog\/#\/schema\/person\/1e6e4a367ec0359155d5fbb01227c1ca\"},\"headline\":\"Visuelle Kraft im \u00f6ffentlichen Raum: Warum Banner Menschen bewegen\",\"datePublished\":\"2025-10-01T09:04:57+00:00\",\"dateModified\":\"2025-10-01T09:05:08+00:00\",\"mainEntityOfPage\":{\"@id\":\"https:\/\/www.designenlassen.de\/blog\/visuelle-kraft-im-oeffentlichen-raum-warum-banner-menschen-bewegen\/\"},\"wordCount\":1230,\"commentCount\":0,\"image\":{\"@id\":\"https:\/\/www.designenlassen.de\/blog\/visuelle-kraft-im-oeffentlichen-raum-warum-banner-menschen-bewegen\/#primaryimage\"},\"thumbnailUrl\":\"https:\/\/www.designenlassen.de\/blog\/wp-content\/uploads\/2025\/09\/bauzaun-banner-fuer-abbruchfirma-und-schadstoffsanierung_40_896333.png\",\"inLanguage\":\"de\",\"potentialAction\":[{\"@type\":\"CommentAction\",\"name\":\"Comment\",\"target\":[\"https:\/\/www.designenlassen.de\/blog\/visuelle-kraft-im-oeffentlichen-raum-warum-banner-menschen-bewegen\/#respond\"]}]},{\"@type\":\"WebPage\",\"@id\":\"https:\/\/www.designenlassen.de\/blog\/visuelle-kraft-im-oeffentlichen-raum-warum-banner-menschen-bewegen\/\",\"url\":\"https:\/\/www.designenlassen.de\/blog\/visuelle-kraft-im-oeffentlichen-raum-warum-banner-menschen-bewegen\/\",\"name\":\"Visuelle Kraft im \u00f6ffentlichen Raum: Warum Banner Menschen bewegen\",\"isPartOf\":{\"@id\":\"https:\/\/www.designenlassen.de\/blog\/#website\"},\"primaryImageOfPage\":{\"@id\":\"https:\/\/www.designenlassen.de\/blog\/visuelle-kraft-im-oeffentlichen-raum-warum-banner-menschen-bewegen\/#primaryimage\"},\"image\":{\"@id\":\"https:\/\/www.designenlassen.de\/blog\/visuelle-kraft-im-oeffentlichen-raum-warum-banner-menschen-bewegen\/#primaryimage\"},\"thumbnailUrl\":\"https:\/\/www.designenlassen.de\/blog\/wp-content\/uploads\/2025\/09\/bauzaun-banner-fuer-abbruchfirma-und-schadstoffsanierung_40_896333.png\",\"datePublished\":\"2025-10-01T09:04:57+00:00\",\"dateModified\":\"2025-10-01T09:05:08+00:00\",\"author\":{\"@id\":\"https:\/\/www.designenlassen.de\/blog\/#\/schema\/person\/1e6e4a367ec0359155d5fbb01227c1ca\"},\"description\":\"Banner sind l\u00e4ngst mehr als nur bedruckte Stoffe oder PVC-Planen \u2013 sie sind Kommunikationsmittel, emotionale Symbole und visuelle Ankerpunkte, die Aufmerksamkeit schaffen und Botschaften greifbar machen.\",\"breadcrumb\":{\"@id\":\"https:\/\/www.designenlassen.de\/blog\/visuelle-kraft-im-oeffentlichen-raum-warum-banner-menschen-bewegen\/#breadcrumb\"},\"inLanguage\":\"de\",\"potentialAction\":[{\"@type\":\"ReadAction\",\"target\":[\"https:\/\/www.designenlassen.de\/blog\/visuelle-kraft-im-oeffentlichen-raum-warum-banner-menschen-bewegen\/\"]}]},{\"@type\":\"ImageObject\",\"inLanguage\":\"de\",\"@id\":\"https:\/\/www.designenlassen.de\/blog\/visuelle-kraft-im-oeffentlichen-raum-warum-banner-menschen-bewegen\/#primaryimage\",\"url\":\"https:\/\/www.designenlassen.de\/blog\/wp-content\/uploads\/2025\/09\/bauzaun-banner-fuer-abbruchfirma-und-schadstoffsanierung_40_896333.png\",\"contentUrl\":\"https:\/\/www.designenlassen.de\/blog\/wp-content\/uploads\/2025\/09\/bauzaun-banner-fuer-abbruchfirma-und-schadstoffsanierung_40_896333.png\",\"width\":1933,\"height\":1289},{\"@type\":\"BreadcrumbList\",\"@id\":\"https:\/\/www.designenlassen.de\/blog\/visuelle-kraft-im-oeffentlichen-raum-warum-banner-menschen-bewegen\/#breadcrumb\",\"itemListElement\":[{\"@type\":\"ListItem\",\"position\":1,\"name\":\"Start\",\"item\":\"https:\/\/www.designenlassen.de\/blog\/\"},{\"@type\":\"ListItem\",\"position\":2,\"name\":\"Visuelle Kraft im \u00f6ffentlichen Raum: Warum Banner Menschen bewegen\"}]},{\"@type\":\"WebSite\",\"@id\":\"https:\/\/www.designenlassen.de\/blog\/#website\",\"url\":\"https:\/\/www.designenlassen.de\/blog\/\",\"name\":\"designenlassen.de Blog\",\"description\":\"Inspirationen, Tipps und Ideen f\u00fcr Designer sowie Gr\u00fcnder und Kleinbetriebe.\",\"potentialAction\":[{\"@type\":\"SearchAction\",\"target\":{\"@type\":\"EntryPoint\",\"urlTemplate\":\"https:\/\/www.designenlassen.de\/blog\/?s={search_term_string}\"},\"query-input\":{\"@type\":\"PropertyValueSpecification\",\"valueRequired\":true,\"valueName\":\"search_term_string\"}}],\"inLanguage\":\"de\"},{\"@type\":\"Person\",\"@id\":\"https:\/\/www.designenlassen.de\/blog\/#\/schema\/person\/1e6e4a367ec0359155d5fbb01227c1ca\",\"name\":\"Patrick Schady\",\"image\":{\"@type\":\"ImageObject\",\"inLanguage\":\"de\",\"@id\":\"https:\/\/www.designenlassen.de\/blog\/#\/schema\/person\/image\/\",\"url\":\"https:\/\/secure.gravatar.com\/avatar\/41cfafecfbfd30ee6bc4cc02dd530ef067050210239f1d60debda10ce9c038d7?s=96&d=mm&r=g\",\"contentUrl\":\"https:\/\/secure.gravatar.com\/avatar\/41cfafecfbfd30ee6bc4cc02dd530ef067050210239f1d60debda10ce9c038d7?s=96&d=mm&r=g\",\"caption\":\"Patrick Schady\"},\"url\":\"https:\/\/www.designenlassen.de\/blog\/author\/patrick\/\"}]}<\/script>\n<!-- \/ Yoast SEO plugin. -->","yoast_head_json":{"title":"Visuelle Kraft im \u00f6ffentlichen Raum: Warum Banner Menschen bewegen","description":"Banner sind l\u00e4ngst mehr als nur bedruckte Stoffe oder PVC-Planen \u2013 sie sind Kommunikationsmittel, emotionale Symbole und visuelle Ankerpunkte, die Aufmerksamkeit schaffen und Botschaften greifbar machen.","robots":{"index":"index","follow":"follow","max-snippet":"max-snippet:-1","max-image-preview":"max-image-preview:large","max-video-preview":"max-video-preview:-1"},"canonical":"https:\/\/www.designenlassen.de\/blog\/visuelle-kraft-im-oeffentlichen-raum-warum-banner-menschen-bewegen\/","og_locale":"de_DE","og_type":"article","og_title":"Visuelle Kraft im \u00f6ffentlichen Raum: Warum Banner Menschen bewegen","og_description":"Banner sind l\u00e4ngst mehr als nur bedruckte Stoffe oder PVC-Planen \u2013 sie sind Kommunikationsmittel, emotionale Symbole und visuelle Ankerpunkte, die Aufmerksamkeit schaffen und Botschaften greifbar machen.","og_url":"https:\/\/www.designenlassen.de\/blog\/visuelle-kraft-im-oeffentlichen-raum-warum-banner-menschen-bewegen\/","og_site_name":"designenlassen.de Blog","article_published_time":"2025-10-01T09:04:57+00:00","article_modified_time":"2025-10-01T09:05:08+00:00","og_image":[{"width":1933,"height":1289,"url":"https:\/\/www.designenlassen.de\/blog\/wp-content\/uploads\/2025\/09\/bauzaun-banner-fuer-abbruchfirma-und-schadstoffsanierung_40_896333.png","type":"image\/png"}],"author":"Patrick Schady","twitter_card":"summary_large_image","twitter_misc":{"Verfasst von":"Patrick Schady","Gesch\u00e4tzte Lesezeit":"9\u00a0Minuten"},"schema":{"@context":"https:\/\/schema.org","@graph":[{"@type":"Article","@id":"https:\/\/www.designenlassen.de\/blog\/visuelle-kraft-im-oeffentlichen-raum-warum-banner-menschen-bewegen\/#article","isPartOf":{"@id":"https:\/\/www.designenlassen.de\/blog\/visuelle-kraft-im-oeffentlichen-raum-warum-banner-menschen-bewegen\/"},"author":{"name":"Patrick Schady","@id":"https:\/\/www.designenlassen.de\/blog\/#\/schema\/person\/1e6e4a367ec0359155d5fbb01227c1ca"},"headline":"Visuelle Kraft im \u00f6ffentlichen Raum: Warum Banner Menschen bewegen","datePublished":"2025-10-01T09:04:57+00:00","dateModified":"2025-10-01T09:05:08+00:00","mainEntityOfPage":{"@id":"https:\/\/www.designenlassen.de\/blog\/visuelle-kraft-im-oeffentlichen-raum-warum-banner-menschen-bewegen\/"},"wordCount":1230,"commentCount":0,"image":{"@id":"https:\/\/www.designenlassen.de\/blog\/visuelle-kraft-im-oeffentlichen-raum-warum-banner-menschen-bewegen\/#primaryimage"},"thumbnailUrl":"https:\/\/www.designenlassen.de\/blog\/wp-content\/uploads\/2025\/09\/bauzaun-banner-fuer-abbruchfirma-und-schadstoffsanierung_40_896333.png","inLanguage":"de","potentialAction":[{"@type":"CommentAction","name":"Comment","target":["https:\/\/www.designenlassen.de\/blog\/visuelle-kraft-im-oeffentlichen-raum-warum-banner-menschen-bewegen\/#respond"]}]},{"@type":"WebPage","@id":"https:\/\/www.designenlassen.de\/blog\/visuelle-kraft-im-oeffentlichen-raum-warum-banner-menschen-bewegen\/","url":"https:\/\/www.designenlassen.de\/blog\/visuelle-kraft-im-oeffentlichen-raum-warum-banner-menschen-bewegen\/","name":"Visuelle Kraft im \u00f6ffentlichen Raum: Warum Banner Menschen bewegen","isPartOf":{"@id":"https:\/\/www.designenlassen.de\/blog\/#website"},"primaryImageOfPage":{"@id":"https:\/\/www.designenlassen.de\/blog\/visuelle-kraft-im-oeffentlichen-raum-warum-banner-menschen-bewegen\/#primaryimage"},"image":{"@id":"https:\/\/www.designenlassen.de\/blog\/visuelle-kraft-im-oeffentlichen-raum-warum-banner-menschen-bewegen\/#primaryimage"},"thumbnailUrl":"https:\/\/www.designenlassen.de\/blog\/wp-content\/uploads\/2025\/09\/bauzaun-banner-fuer-abbruchfirma-und-schadstoffsanierung_40_896333.png","datePublished":"2025-10-01T09:04:57+00:00","dateModified":"2025-10-01T09:05:08+00:00","author":{"@id":"https:\/\/www.designenlassen.de\/blog\/#\/schema\/person\/1e6e4a367ec0359155d5fbb01227c1ca"},"description":"Banner sind l\u00e4ngst mehr als nur bedruckte Stoffe oder PVC-Planen \u2013 sie sind Kommunikationsmittel, emotionale Symbole und visuelle Ankerpunkte, die Aufmerksamkeit schaffen und Botschaften greifbar machen.","breadcrumb":{"@id":"https:\/\/www.designenlassen.de\/blog\/visuelle-kraft-im-oeffentlichen-raum-warum-banner-menschen-bewegen\/#breadcrumb"},"inLanguage":"de","potentialAction":[{"@type":"ReadAction","target":["https:\/\/www.designenlassen.de\/blog\/visuelle-kraft-im-oeffentlichen-raum-warum-banner-menschen-bewegen\/"]}]},{"@type":"ImageObject","inLanguage":"de","@id":"https:\/\/www.designenlassen.de\/blog\/visuelle-kraft-im-oeffentlichen-raum-warum-banner-menschen-bewegen\/#primaryimage","url":"https:\/\/www.designenlassen.de\/blog\/wp-content\/uploads\/2025\/09\/bauzaun-banner-fuer-abbruchfirma-und-schadstoffsanierung_40_896333.png","contentUrl":"https:\/\/www.designenlassen.de\/blog\/wp-content\/uploads\/2025\/09\/bauzaun-banner-fuer-abbruchfirma-und-schadstoffsanierung_40_896333.png","width":1933,"height":1289},{"@type":"BreadcrumbList","@id":"https:\/\/www.designenlassen.de\/blog\/visuelle-kraft-im-oeffentlichen-raum-warum-banner-menschen-bewegen\/#breadcrumb","itemListElement":[{"@type":"ListItem","position":1,"name":"Start","item":"https:\/\/www.designenlassen.de\/blog\/"},{"@type":"ListItem","position":2,"name":"Visuelle Kraft im \u00f6ffentlichen Raum: Warum Banner Menschen bewegen"}]},{"@type":"WebSite","@id":"https:\/\/www.designenlassen.de\/blog\/#website","url":"https:\/\/www.designenlassen.de\/blog\/","name":"designenlassen.de Blog","description":"Inspirationen, Tipps und Ideen f\u00fcr Designer sowie Gr\u00fcnder und Kleinbetriebe.","potentialAction":[{"@type":"SearchAction","target":{"@type":"EntryPoint","urlTemplate":"https:\/\/www.designenlassen.de\/blog\/?s={search_term_string}"},"query-input":{"@type":"PropertyValueSpecification","valueRequired":true,"valueName":"search_term_string"}}],"inLanguage":"de"},{"@type":"Person","@id":"https:\/\/www.designenlassen.de\/blog\/#\/schema\/person\/1e6e4a367ec0359155d5fbb01227c1ca","name":"Patrick Schady","image":{"@type":"ImageObject","inLanguage":"de","@id":"https:\/\/www.designenlassen.de\/blog\/#\/schema\/person\/image\/","url":"https:\/\/secure.gravatar.com\/avatar\/41cfafecfbfd30ee6bc4cc02dd530ef067050210239f1d60debda10ce9c038d7?s=96&d=mm&r=g","contentUrl":"https:\/\/secure.gravatar.com\/avatar\/41cfafecfbfd30ee6bc4cc02dd530ef067050210239f1d60debda10ce9c038d7?s=96&d=mm&r=g","caption":"Patrick Schady"},"url":"https:\/\/www.designenlassen.de\/blog\/author\/patrick\/"}]}},"_links":{"self":[{"href":"https:\/\/www.designenlassen.de\/blog\/wp-json\/wp\/v2\/posts\/33910","targetHints":{"allow":["GET"]}}],"collection":[{"href":"https:\/\/www.designenlassen.de\/blog\/wp-json\/wp\/v2\/posts"}],"about":[{"href":"https:\/\/www.designenlassen.de\/blog\/wp-json\/wp\/v2\/types\/post"}],"author":[{"embeddable":true,"href":"https:\/\/www.designenlassen.de\/blog\/wp-json\/wp\/v2\/users\/24"}],"replies":[{"embeddable":true,"href":"https:\/\/www.designenlassen.de\/blog\/wp-json\/wp\/v2\/comments?post=33910"}],"version-history":[{"count":3,"href":"https:\/\/www.designenlassen.de\/blog\/wp-json\/wp\/v2\/posts\/33910\/revisions"}],"predecessor-version":[{"id":33913,"href":"https:\/\/www.designenlassen.de\/blog\/wp-json\/wp\/v2\/posts\/33910\/revisions\/33913"}],"wp:featuredmedia":[{"embeddable":true,"href":"https:\/\/www.designenlassen.de\/blog\/wp-json\/wp\/v2\/media\/33809"}],"wp:attachment":[{"href":"https:\/\/www.designenlassen.de\/blog\/wp-json\/wp\/v2\/media?parent=33910"}],"wp:term":[{"taxonomy":"category","embeddable":true,"href":"https:\/\/www.designenlassen.de\/blog\/wp-json\/wp\/v2\/categories?post=33910"},{"taxonomy":"post_tag","embeddable":true,"href":"https:\/\/www.designenlassen.de\/blog\/wp-json\/wp\/v2\/tags?post=33910"}],"curies":[{"name":"wp","href":"https:\/\/api.w.org\/{rel}","templated":true}]}}