{"id":33927,"date":"2025-10-07T07:55:55","date_gmt":"2025-10-07T05:55:55","guid":{"rendered":"https:\/\/www.designenlassen.de\/blog\/?p=33927"},"modified":"2025-10-07T07:55:56","modified_gmt":"2025-10-07T05:55:56","slug":"selbst-gemacht-oder-individuell-entwickelt-welches-webdesign-ueberzeugt-langfristig","status":"publish","type":"post","link":"https:\/\/www.designenlassen.de\/blog\/selbst-gemacht-oder-individuell-entwickelt-welches-webdesign-ueberzeugt-langfristig\/","title":{"rendered":"Selbst gemacht oder individuell entwickelt: Welches Webdesign \u00fcberzeugt langfristig?"},"content":{"rendered":"\n<figure class=\"wp-block-gallery has-nested-images columns-default is-cropped wp-block-gallery-1 is-layout-flex wp-block-gallery-is-layout-flex\">\n<figure class=\"wp-block-image size-large\"><img fetchpriority=\"high\" decoding=\"async\" width=\"1024\" height=\"1024\" data-id=\"33756\" src=\"https:\/\/www.designenlassen.de\/blog\/wp-content\/uploads\/2025\/08\/webdesign-fuer-vermietung-von-ferienwohnungen_30_798592-1024x1024.jpg\" alt=\"\" class=\"wp-image-33756\" srcset=\"https:\/\/www.designenlassen.de\/blog\/wp-content\/uploads\/2025\/08\/webdesign-fuer-vermietung-von-ferienwohnungen_30_798592-1024x1024.jpg 1024w, https:\/\/www.designenlassen.de\/blog\/wp-content\/uploads\/2025\/08\/webdesign-fuer-vermietung-von-ferienwohnungen_30_798592-300x300.jpg 300w, https:\/\/www.designenlassen.de\/blog\/wp-content\/uploads\/2025\/08\/webdesign-fuer-vermietung-von-ferienwohnungen_30_798592-150x150.jpg 150w, https:\/\/www.designenlassen.de\/blog\/wp-content\/uploads\/2025\/08\/webdesign-fuer-vermietung-von-ferienwohnungen_30_798592-768x768.jpg 768w, https:\/\/www.designenlassen.de\/blog\/wp-content\/uploads\/2025\/08\/webdesign-fuer-vermietung-von-ferienwohnungen_30_798592-1536x1536.jpg 1536w, https:\/\/www.designenlassen.de\/blog\/wp-content\/uploads\/2025\/08\/webdesign-fuer-vermietung-von-ferienwohnungen_30_798592-1170x1170.jpg 1170w, https:\/\/www.designenlassen.de\/blog\/wp-content\/uploads\/2025\/08\/webdesign-fuer-vermietung-von-ferienwohnungen_30_798592-585x585.jpg 585w, https:\/\/www.designenlassen.de\/blog\/wp-content\/uploads\/2025\/08\/webdesign-fuer-vermietung-von-ferienwohnungen_30_798592-600x600.jpg 600w, https:\/\/www.designenlassen.de\/blog\/wp-content\/uploads\/2025\/08\/webdesign-fuer-vermietung-von-ferienwohnungen_30_798592.jpg 1800w\" sizes=\"(max-width: 1024px) 100vw, 1024px\" \/><\/figure>\n<\/figure>\n\n\n\n<p>Eine <a href=\"https:\/\/www.designenlassen.de\/blog\/eigene-professionelle-webseite-erstellen-diese-tools-und-baukaesten-koennen-wir-empfehlen-auch-mit-kleinem-budget\/\">eigene Website<\/a> geh\u00f6rt l\u00e4ngst zu den Grundlagen eines professionellen Auftritts im Netz. Die Wahl zwischen Do-it-yourself-Baukasten und individuell entwickeltem Design stellt jedoch viele Unternehmen vor eine Entscheidung, die weitreichende Folgen haben kann.<\/p>\n\n\n\n<p>Denn: Der erste Eindruck z\u00e4hlt. Und er entscheidet dar\u00fcber, ob Besucher bleiben und sich mit dem Angebot auseinandersetzen oder sofort abspringen.<\/p>\n\n\n\n<h2 class=\"wp-block-heading\"><a><\/a>DIY-L\u00f6sungen: Schneller Einstieg mit Abstrichen<\/h2>\n\n\n\n<p>Website-Bauk\u00e4sten wie Wix, Jimdo oder Squarespace sind beliebt, weil sie einen besonders schnellen Start erm\u00f6glichen.<\/p>\n\n\n\n<p>Die Inhalte lassen sich per Drag-and-drop platzieren, <a href=\"https:\/\/www.designenlassen.de\/blog\/farben-und-ihre-bedeutung\/\">Farben<\/a> k\u00f6nnen mit einem Klick ausgew\u00e4hlt und die Layouts flexibel angepasst werden. Besonders f\u00fcr Gr\u00fcnder:innen oder kleinere Projekte ist das attraktiv, weil keine hohen Investitionskosten anfallen und die Bedienung auch ohne Vorkenntnisse problemlos gelingt.<\/p>\n\n\n\n<p>Allerdings bringen diese Systeme auch gewisse Einschr\u00e4nkungen mit sich. In Bezug auf die Ladegeschwindigkeit, die individuellen Gestaltungsm\u00f6glichkeiten und die technischen Erweiterungen sto\u00dfen die Bauk\u00e4sten schnell an ihre Grenzen.<\/p>\n\n\n\n<p>Google hat schon mehrfach betont, wie entscheidend schnelle Ladezeiten und <a href=\"https:\/\/www.designenlassen.de\/blog\/was-ist-responsives-webdesign\/\">mobile Optimierung<\/a> f\u00fcr die Sichtbarkeit in den Suchergebnissen sind. Die Unterschiede machen sich langfristig also auf verschiedenen Ebenen bemerkbar.<\/p>\n\n\n\n<h2 class=\"wp-block-heading\"><a><\/a>Professionelle Umsetzung: Investition in Stabilit\u00e4t<\/h2>\n\n\n\n<p>Ein <a href=\"https:\/\/firmencharisma.de\">professionelles Webdesign<\/a> setzt genau dort an, wo Standardl\u00f6sungen aufh\u00f6ren. Es geht hier nicht nur um ein ansprechendes Layout. Sichergestellt wird auch ein sauberer Code, flexible Strukturen und die M\u00f6glichkeit, ein Content-Management-System wie WordPress oder Typo3 exakt an die eigenen Anforderungen anzupassen.<\/p>\n\n\n\n<p>Besonders relevant ist heute die mobile Nutzung. Laut Statista stammen inzwischen deutlich mehr als die H\u00e4lfte aller weltweiten Webseitenaufrufe von Smartphones oder Tablets. Ma\u00dfgeschneiderte L\u00f6sungen k\u00f6nnen auf diese Entwicklung mit einem konsequent responsiven Design reagieren, das sich nahtlos an jedes Endger\u00e4t anpasst.<\/p>\n\n\n\n<figure class=\"wp-block-gallery has-nested-images columns-default is-cropped wp-block-gallery-2 is-layout-flex wp-block-gallery-is-layout-flex\">\n<figure class=\"wp-block-image size-large\"><img decoding=\"async\" width=\"1024\" height=\"682\" data-id=\"33576\" src=\"https:\/\/www.designenlassen.de\/blog\/wp-content\/uploads\/2025\/05\/webdesign_38_986393-1024x682.jpg\" alt=\"\" class=\"wp-image-33576\" srcset=\"https:\/\/www.designenlassen.de\/blog\/wp-content\/uploads\/2025\/05\/webdesign_38_986393-1024x682.jpg 1024w, https:\/\/www.designenlassen.de\/blog\/wp-content\/uploads\/2025\/05\/webdesign_38_986393-300x200.jpg 300w, https:\/\/www.designenlassen.de\/blog\/wp-content\/uploads\/2025\/05\/webdesign_38_986393-768x512.jpg 768w, https:\/\/www.designenlassen.de\/blog\/wp-content\/uploads\/2025\/05\/webdesign_38_986393-1536x1024.jpg 1536w, https:\/\/www.designenlassen.de\/blog\/wp-content\/uploads\/2025\/05\/webdesign_38_986393-1920x1280.jpg 1920w, https:\/\/www.designenlassen.de\/blog\/wp-content\/uploads\/2025\/05\/webdesign_38_986393-1170x780.jpg 1170w, https:\/\/www.designenlassen.de\/blog\/wp-content\/uploads\/2025\/05\/webdesign_38_986393-585x390.jpg 585w, https:\/\/www.designenlassen.de\/blog\/wp-content\/uploads\/2025\/05\/webdesign_38_986393-263x175.jpg 263w, https:\/\/www.designenlassen.de\/blog\/wp-content\/uploads\/2025\/05\/webdesign_38_986393-600x400.jpg 600w, https:\/\/www.designenlassen.de\/blog\/wp-content\/uploads\/2025\/05\/webdesign_38_986393.jpg 2000w\" sizes=\"(max-width: 1024px) 100vw, 1024px\" \/><\/figure>\n<\/figure>\n\n\n\n<h2 class=\"wp-block-heading\"><a><\/a>Entscheidend ist das Nutzererlebnis<\/h2>\n\n\n\n<p>Ob eine Seite \u00fcberzeugt, entscheidet sich schon in den ersten Sekunden. Entsprechende Untersuchungen haben bereits belegt, dass die Nutzer sehr schnell beurteilen, ob eine Website vertrauensw\u00fcrdig und intuitiv nutzbar wirkt.<\/p>\n\n\n\n<p>Klare Strukturen, eine gut lesbare Typografie und eine intuitive Navigation sind daher nicht nur nebens\u00e4chliche Details, sondern zentrale Erfolgsfaktoren. Ein individuell entwickeltes Webdesign erlaubt es, diese Aspekte konsequent auf die Bed\u00fcrfnisse der Zielgruppe abzustimmen. Standardisierte Vorlagen lassen diesen Spielraum dagegen h\u00e4ufig nicht zu.<\/p>\n\n\n\n<h2 class=\"wp-block-heading\"><a><\/a>Sicherheit und Zukunftsf\u00e4higkeit von Anfang an bedenken<\/h2>\n\n\n\n<p>Einen weiteren Aspekt stellt die technische Absicherung dar. Baukastensysteme liefern Updates und Backups zentral, was grunds\u00e4tzlich vorteilhaft ist. Dennoch bleibt ihre Anpassbarkeit begrenzt.<\/p>\n\n\n\n<p>Wer langfristig auf wachsende Anforderungen reagieren m\u00f6chte, profitiert deshalb von der individuellen Gestaltung. Eigene Sicherheitsma\u00dfnahmen, spezielle Schnittstellen oder auch die Integration neuer Funktionen lassen sich bei ma\u00dfgeschneiderten L\u00f6sungen professionell umsetzen. Vor allem in einer Zeit, in der Cyberangriffe stetig zunehmen, ist dieser Punkt nicht zu untersch\u00e4tzen.<\/p>\n\n\n\n<h2 class=\"wp-block-heading\"><a><\/a>Entscheidung mit Blick nach vorn treffen<\/h2>\n\n\n\n<p>Ob der Baukasten ausreicht oder eine individuelle Entwicklung sinnvoller ist, h\u00e4ngt in erster Linie von den individuellen Zielen ab.<\/p>\n\n\n\n<p>F\u00fcr ein kleines Projekt oder einen schnellen Start ist eine DIY-L\u00f6sung durchaus eine M\u00f6glichkeit, die in Erw\u00e4gung gezogen werden kann. Wird jedoch Wert auf langfristige Stabilit\u00e4t, hohe Flexibilit\u00e4t und eine starke <a href=\"https:\/\/www.firma.de\/magazin\/aufbau-von-markenpraesenz-so-wird-ihre-marke-wahrgenommen\/\">Markenpr\u00e4senz<\/a> gelegt, ist die Investition in ein professionelles Design zu empfehlen.<\/p>\n\n\n\n<p>Eine Website wirkt l\u00e4ngst nicht mehr nur als digitale <a href=\"https:\/\/www.designenlassen.de\/blog\/visitenkarten-selbst-gestalten-schritt-fuer-schritt-anleitung\/\">Visitenkarte<\/a>. Sie stellt einer der wichtigsten Kontaktpunkte zwischen Unternehmen und Kundschaft dar. Entsprechend lohnt es sich, diese Entscheidung mit Blick auf die Zukunft zu treffen.<\/p>\n","protected":false},"excerpt":{"rendered":"<p>Eine eigene Website geh\u00f6rt l\u00e4ngst zu den Grundlagen eines professionellen Auftritts im Netz. Die Wahl zwischen&hellip;<\/p>\n","protected":false},"author":24,"featured_media":33756,"comment_status":"open","ping_status":"closed","sticky":false,"template":"","format":"standard","meta":{"_lmt_disableupdate":"","_lmt_disable":"","footnotes":""},"categories":[1],"tags":[],"class_list":["post-33927","post","type-post","status-publish","format-standard","has-post-thumbnail","hentry","category-allgemein"],"yoast_head":"<!-- This site is optimized with the Yoast SEO plugin v26.7 - https:\/\/yoast.com\/wordpress\/plugins\/seo\/ -->\n<title>Selbst gemacht oder individuell entwickelt: Welches Webdesign \u00fcberzeugt langfristig?<\/title>\n<meta name=\"description\" content=\"Eine eigene Website geh\u00f6rt l\u00e4ngst zu den Grundlagen eines professionellen Auftritts im Netz. Die Wahl zwischen Do-it-yourself-Baukasten und individuell entwickeltem Design stellt jedoch viele Unternehmen vor eine Entscheidung, die weitreichende Folgen haben kann.\" \/>\n<meta name=\"robots\" content=\"index, follow, max-snippet:-1, max-image-preview:large, max-video-preview:-1\" \/>\n<link rel=\"canonical\" href=\"https:\/\/www.designenlassen.de\/blog\/selbst-gemacht-oder-individuell-entwickelt-welches-webdesign-ueberzeugt-langfristig\/\" \/>\n<meta property=\"og:locale\" content=\"de_DE\" \/>\n<meta property=\"og:type\" content=\"article\" \/>\n<meta property=\"og:title\" content=\"Selbst gemacht oder individuell entwickelt: Welches Webdesign \u00fcberzeugt langfristig?\" \/>\n<meta property=\"og:description\" content=\"Eine eigene Website geh\u00f6rt l\u00e4ngst zu den Grundlagen eines professionellen Auftritts im Netz. Die Wahl zwischen Do-it-yourself-Baukasten und individuell entwickeltem Design stellt jedoch viele Unternehmen vor eine Entscheidung, die weitreichende Folgen haben kann.\" \/>\n<meta property=\"og:url\" content=\"https:\/\/www.designenlassen.de\/blog\/selbst-gemacht-oder-individuell-entwickelt-welches-webdesign-ueberzeugt-langfristig\/\" \/>\n<meta property=\"og:site_name\" content=\"designenlassen.de Blog\" \/>\n<meta property=\"article:published_time\" content=\"2025-10-07T05:55:55+00:00\" \/>\n<meta property=\"article:modified_time\" content=\"2025-10-07T05:55:56+00:00\" \/>\n<meta property=\"og:image\" content=\"https:\/\/www.designenlassen.de\/blog\/wp-content\/uploads\/2025\/08\/webdesign-fuer-vermietung-von-ferienwohnungen_30_798592.jpg\" \/>\n\t<meta property=\"og:image:width\" content=\"1800\" \/>\n\t<meta property=\"og:image:height\" content=\"1800\" \/>\n\t<meta property=\"og:image:type\" content=\"image\/jpeg\" \/>\n<meta name=\"author\" content=\"Patrick Schady\" \/>\n<meta name=\"twitter:card\" content=\"summary_large_image\" \/>\n<meta name=\"twitter:label1\" content=\"Verfasst von\" \/>\n\t<meta name=\"twitter:data1\" content=\"Patrick Schady\" \/>\n\t<meta name=\"twitter:label2\" content=\"Gesch\u00e4tzte Lesezeit\" \/>\n\t<meta name=\"twitter:data2\" content=\"4\u00a0Minuten\" \/>\n<script type=\"application\/ld+json\" class=\"yoast-schema-graph\">{\"@context\":\"https:\/\/schema.org\",\"@graph\":[{\"@type\":\"Article\",\"@id\":\"https:\/\/www.designenlassen.de\/blog\/selbst-gemacht-oder-individuell-entwickelt-welches-webdesign-ueberzeugt-langfristig\/#article\",\"isPartOf\":{\"@id\":\"https:\/\/www.designenlassen.de\/blog\/selbst-gemacht-oder-individuell-entwickelt-welches-webdesign-ueberzeugt-langfristig\/\"},\"author\":{\"name\":\"Patrick Schady\",\"@id\":\"https:\/\/www.designenlassen.de\/blog\/#\/schema\/person\/1e6e4a367ec0359155d5fbb01227c1ca\"},\"headline\":\"Selbst gemacht oder individuell entwickelt: Welches Webdesign \u00fcberzeugt langfristig?\",\"datePublished\":\"2025-10-07T05:55:55+00:00\",\"dateModified\":\"2025-10-07T05:55:56+00:00\",\"mainEntityOfPage\":{\"@id\":\"https:\/\/www.designenlassen.de\/blog\/selbst-gemacht-oder-individuell-entwickelt-welches-webdesign-ueberzeugt-langfristig\/\"},\"wordCount\":570,\"commentCount\":0,\"image\":{\"@id\":\"https:\/\/www.designenlassen.de\/blog\/selbst-gemacht-oder-individuell-entwickelt-welches-webdesign-ueberzeugt-langfristig\/#primaryimage\"},\"thumbnailUrl\":\"https:\/\/www.designenlassen.de\/blog\/wp-content\/uploads\/2025\/08\/webdesign-fuer-vermietung-von-ferienwohnungen_30_798592.jpg\",\"inLanguage\":\"de\",\"potentialAction\":[{\"@type\":\"CommentAction\",\"name\":\"Comment\",\"target\":[\"https:\/\/www.designenlassen.de\/blog\/selbst-gemacht-oder-individuell-entwickelt-welches-webdesign-ueberzeugt-langfristig\/#respond\"]}]},{\"@type\":\"WebPage\",\"@id\":\"https:\/\/www.designenlassen.de\/blog\/selbst-gemacht-oder-individuell-entwickelt-welches-webdesign-ueberzeugt-langfristig\/\",\"url\":\"https:\/\/www.designenlassen.de\/blog\/selbst-gemacht-oder-individuell-entwickelt-welches-webdesign-ueberzeugt-langfristig\/\",\"name\":\"Selbst gemacht oder individuell entwickelt: Welches Webdesign \u00fcberzeugt langfristig?\",\"isPartOf\":{\"@id\":\"https:\/\/www.designenlassen.de\/blog\/#website\"},\"primaryImageOfPage\":{\"@id\":\"https:\/\/www.designenlassen.de\/blog\/selbst-gemacht-oder-individuell-entwickelt-welches-webdesign-ueberzeugt-langfristig\/#primaryimage\"},\"image\":{\"@id\":\"https:\/\/www.designenlassen.de\/blog\/selbst-gemacht-oder-individuell-entwickelt-welches-webdesign-ueberzeugt-langfristig\/#primaryimage\"},\"thumbnailUrl\":\"https:\/\/www.designenlassen.de\/blog\/wp-content\/uploads\/2025\/08\/webdesign-fuer-vermietung-von-ferienwohnungen_30_798592.jpg\",\"datePublished\":\"2025-10-07T05:55:55+00:00\",\"dateModified\":\"2025-10-07T05:55:56+00:00\",\"author\":{\"@id\":\"https:\/\/www.designenlassen.de\/blog\/#\/schema\/person\/1e6e4a367ec0359155d5fbb01227c1ca\"},\"description\":\"Eine eigene Website geh\u00f6rt l\u00e4ngst zu den Grundlagen eines professionellen Auftritts im Netz. Die Wahl zwischen Do-it-yourself-Baukasten und individuell entwickeltem Design stellt jedoch viele Unternehmen vor eine Entscheidung, die weitreichende Folgen haben kann.\",\"breadcrumb\":{\"@id\":\"https:\/\/www.designenlassen.de\/blog\/selbst-gemacht-oder-individuell-entwickelt-welches-webdesign-ueberzeugt-langfristig\/#breadcrumb\"},\"inLanguage\":\"de\",\"potentialAction\":[{\"@type\":\"ReadAction\",\"target\":[\"https:\/\/www.designenlassen.de\/blog\/selbst-gemacht-oder-individuell-entwickelt-welches-webdesign-ueberzeugt-langfristig\/\"]}]},{\"@type\":\"ImageObject\",\"inLanguage\":\"de\",\"@id\":\"https:\/\/www.designenlassen.de\/blog\/selbst-gemacht-oder-individuell-entwickelt-welches-webdesign-ueberzeugt-langfristig\/#primaryimage\",\"url\":\"https:\/\/www.designenlassen.de\/blog\/wp-content\/uploads\/2025\/08\/webdesign-fuer-vermietung-von-ferienwohnungen_30_798592.jpg\",\"contentUrl\":\"https:\/\/www.designenlassen.de\/blog\/wp-content\/uploads\/2025\/08\/webdesign-fuer-vermietung-von-ferienwohnungen_30_798592.jpg\",\"width\":1800,\"height\":1800},{\"@type\":\"BreadcrumbList\",\"@id\":\"https:\/\/www.designenlassen.de\/blog\/selbst-gemacht-oder-individuell-entwickelt-welches-webdesign-ueberzeugt-langfristig\/#breadcrumb\",\"itemListElement\":[{\"@type\":\"ListItem\",\"position\":1,\"name\":\"Start\",\"item\":\"https:\/\/www.designenlassen.de\/blog\/\"},{\"@type\":\"ListItem\",\"position\":2,\"name\":\"Selbst gemacht oder individuell entwickelt: Welches Webdesign \u00fcberzeugt langfristig?\"}]},{\"@type\":\"WebSite\",\"@id\":\"https:\/\/www.designenlassen.de\/blog\/#website\",\"url\":\"https:\/\/www.designenlassen.de\/blog\/\",\"name\":\"designenlassen.de Blog\",\"description\":\"Inspirationen, Tipps und Ideen f\u00fcr Designer sowie Gr\u00fcnder und Kleinbetriebe.\",\"potentialAction\":[{\"@type\":\"SearchAction\",\"target\":{\"@type\":\"EntryPoint\",\"urlTemplate\":\"https:\/\/www.designenlassen.de\/blog\/?s={search_term_string}\"},\"query-input\":{\"@type\":\"PropertyValueSpecification\",\"valueRequired\":true,\"valueName\":\"search_term_string\"}}],\"inLanguage\":\"de\"},{\"@type\":\"Person\",\"@id\":\"https:\/\/www.designenlassen.de\/blog\/#\/schema\/person\/1e6e4a367ec0359155d5fbb01227c1ca\",\"name\":\"Patrick Schady\",\"image\":{\"@type\":\"ImageObject\",\"inLanguage\":\"de\",\"@id\":\"https:\/\/www.designenlassen.de\/blog\/#\/schema\/person\/image\/\",\"url\":\"https:\/\/secure.gravatar.com\/avatar\/41cfafecfbfd30ee6bc4cc02dd530ef067050210239f1d60debda10ce9c038d7?s=96&d=mm&r=g\",\"contentUrl\":\"https:\/\/secure.gravatar.com\/avatar\/41cfafecfbfd30ee6bc4cc02dd530ef067050210239f1d60debda10ce9c038d7?s=96&d=mm&r=g\",\"caption\":\"Patrick Schady\"},\"url\":\"https:\/\/www.designenlassen.de\/blog\/author\/patrick\/\"}]}<\/script>\n<!-- \/ Yoast SEO plugin. -->","yoast_head_json":{"title":"Selbst gemacht oder individuell entwickelt: Welches Webdesign \u00fcberzeugt langfristig?","description":"Eine eigene Website geh\u00f6rt l\u00e4ngst zu den Grundlagen eines professionellen Auftritts im Netz. Die Wahl zwischen Do-it-yourself-Baukasten und individuell entwickeltem Design stellt jedoch viele Unternehmen vor eine Entscheidung, die weitreichende Folgen haben kann.","robots":{"index":"index","follow":"follow","max-snippet":"max-snippet:-1","max-image-preview":"max-image-preview:large","max-video-preview":"max-video-preview:-1"},"canonical":"https:\/\/www.designenlassen.de\/blog\/selbst-gemacht-oder-individuell-entwickelt-welches-webdesign-ueberzeugt-langfristig\/","og_locale":"de_DE","og_type":"article","og_title":"Selbst gemacht oder individuell entwickelt: Welches Webdesign \u00fcberzeugt langfristig?","og_description":"Eine eigene Website geh\u00f6rt l\u00e4ngst zu den Grundlagen eines professionellen Auftritts im Netz. Die Wahl zwischen Do-it-yourself-Baukasten und individuell entwickeltem Design stellt jedoch viele Unternehmen vor eine Entscheidung, die weitreichende Folgen haben kann.","og_url":"https:\/\/www.designenlassen.de\/blog\/selbst-gemacht-oder-individuell-entwickelt-welches-webdesign-ueberzeugt-langfristig\/","og_site_name":"designenlassen.de Blog","article_published_time":"2025-10-07T05:55:55+00:00","article_modified_time":"2025-10-07T05:55:56+00:00","og_image":[{"width":1800,"height":1800,"url":"https:\/\/www.designenlassen.de\/blog\/wp-content\/uploads\/2025\/08\/webdesign-fuer-vermietung-von-ferienwohnungen_30_798592.jpg","type":"image\/jpeg"}],"author":"Patrick Schady","twitter_card":"summary_large_image","twitter_misc":{"Verfasst von":"Patrick Schady","Gesch\u00e4tzte Lesezeit":"4\u00a0Minuten"},"schema":{"@context":"https:\/\/schema.org","@graph":[{"@type":"Article","@id":"https:\/\/www.designenlassen.de\/blog\/selbst-gemacht-oder-individuell-entwickelt-welches-webdesign-ueberzeugt-langfristig\/#article","isPartOf":{"@id":"https:\/\/www.designenlassen.de\/blog\/selbst-gemacht-oder-individuell-entwickelt-welches-webdesign-ueberzeugt-langfristig\/"},"author":{"name":"Patrick Schady","@id":"https:\/\/www.designenlassen.de\/blog\/#\/schema\/person\/1e6e4a367ec0359155d5fbb01227c1ca"},"headline":"Selbst gemacht oder individuell entwickelt: Welches Webdesign \u00fcberzeugt langfristig?","datePublished":"2025-10-07T05:55:55+00:00","dateModified":"2025-10-07T05:55:56+00:00","mainEntityOfPage":{"@id":"https:\/\/www.designenlassen.de\/blog\/selbst-gemacht-oder-individuell-entwickelt-welches-webdesign-ueberzeugt-langfristig\/"},"wordCount":570,"commentCount":0,"image":{"@id":"https:\/\/www.designenlassen.de\/blog\/selbst-gemacht-oder-individuell-entwickelt-welches-webdesign-ueberzeugt-langfristig\/#primaryimage"},"thumbnailUrl":"https:\/\/www.designenlassen.de\/blog\/wp-content\/uploads\/2025\/08\/webdesign-fuer-vermietung-von-ferienwohnungen_30_798592.jpg","inLanguage":"de","potentialAction":[{"@type":"CommentAction","name":"Comment","target":["https:\/\/www.designenlassen.de\/blog\/selbst-gemacht-oder-individuell-entwickelt-welches-webdesign-ueberzeugt-langfristig\/#respond"]}]},{"@type":"WebPage","@id":"https:\/\/www.designenlassen.de\/blog\/selbst-gemacht-oder-individuell-entwickelt-welches-webdesign-ueberzeugt-langfristig\/","url":"https:\/\/www.designenlassen.de\/blog\/selbst-gemacht-oder-individuell-entwickelt-welches-webdesign-ueberzeugt-langfristig\/","name":"Selbst gemacht oder individuell entwickelt: Welches Webdesign \u00fcberzeugt langfristig?","isPartOf":{"@id":"https:\/\/www.designenlassen.de\/blog\/#website"},"primaryImageOfPage":{"@id":"https:\/\/www.designenlassen.de\/blog\/selbst-gemacht-oder-individuell-entwickelt-welches-webdesign-ueberzeugt-langfristig\/#primaryimage"},"image":{"@id":"https:\/\/www.designenlassen.de\/blog\/selbst-gemacht-oder-individuell-entwickelt-welches-webdesign-ueberzeugt-langfristig\/#primaryimage"},"thumbnailUrl":"https:\/\/www.designenlassen.de\/blog\/wp-content\/uploads\/2025\/08\/webdesign-fuer-vermietung-von-ferienwohnungen_30_798592.jpg","datePublished":"2025-10-07T05:55:55+00:00","dateModified":"2025-10-07T05:55:56+00:00","author":{"@id":"https:\/\/www.designenlassen.de\/blog\/#\/schema\/person\/1e6e4a367ec0359155d5fbb01227c1ca"},"description":"Eine eigene Website geh\u00f6rt l\u00e4ngst zu den Grundlagen eines professionellen Auftritts im Netz. Die Wahl zwischen Do-it-yourself-Baukasten und individuell entwickeltem Design stellt jedoch viele Unternehmen vor eine Entscheidung, die weitreichende Folgen haben kann.","breadcrumb":{"@id":"https:\/\/www.designenlassen.de\/blog\/selbst-gemacht-oder-individuell-entwickelt-welches-webdesign-ueberzeugt-langfristig\/#breadcrumb"},"inLanguage":"de","potentialAction":[{"@type":"ReadAction","target":["https:\/\/www.designenlassen.de\/blog\/selbst-gemacht-oder-individuell-entwickelt-welches-webdesign-ueberzeugt-langfristig\/"]}]},{"@type":"ImageObject","inLanguage":"de","@id":"https:\/\/www.designenlassen.de\/blog\/selbst-gemacht-oder-individuell-entwickelt-welches-webdesign-ueberzeugt-langfristig\/#primaryimage","url":"https:\/\/www.designenlassen.de\/blog\/wp-content\/uploads\/2025\/08\/webdesign-fuer-vermietung-von-ferienwohnungen_30_798592.jpg","contentUrl":"https:\/\/www.designenlassen.de\/blog\/wp-content\/uploads\/2025\/08\/webdesign-fuer-vermietung-von-ferienwohnungen_30_798592.jpg","width":1800,"height":1800},{"@type":"BreadcrumbList","@id":"https:\/\/www.designenlassen.de\/blog\/selbst-gemacht-oder-individuell-entwickelt-welches-webdesign-ueberzeugt-langfristig\/#breadcrumb","itemListElement":[{"@type":"ListItem","position":1,"name":"Start","item":"https:\/\/www.designenlassen.de\/blog\/"},{"@type":"ListItem","position":2,"name":"Selbst gemacht oder individuell entwickelt: Welches Webdesign \u00fcberzeugt langfristig?"}]},{"@type":"WebSite","@id":"https:\/\/www.designenlassen.de\/blog\/#website","url":"https:\/\/www.designenlassen.de\/blog\/","name":"designenlassen.de Blog","description":"Inspirationen, Tipps und Ideen f\u00fcr Designer sowie Gr\u00fcnder und Kleinbetriebe.","potentialAction":[{"@type":"SearchAction","target":{"@type":"EntryPoint","urlTemplate":"https:\/\/www.designenlassen.de\/blog\/?s={search_term_string}"},"query-input":{"@type":"PropertyValueSpecification","valueRequired":true,"valueName":"search_term_string"}}],"inLanguage":"de"},{"@type":"Person","@id":"https:\/\/www.designenlassen.de\/blog\/#\/schema\/person\/1e6e4a367ec0359155d5fbb01227c1ca","name":"Patrick Schady","image":{"@type":"ImageObject","inLanguage":"de","@id":"https:\/\/www.designenlassen.de\/blog\/#\/schema\/person\/image\/","url":"https:\/\/secure.gravatar.com\/avatar\/41cfafecfbfd30ee6bc4cc02dd530ef067050210239f1d60debda10ce9c038d7?s=96&d=mm&r=g","contentUrl":"https:\/\/secure.gravatar.com\/avatar\/41cfafecfbfd30ee6bc4cc02dd530ef067050210239f1d60debda10ce9c038d7?s=96&d=mm&r=g","caption":"Patrick Schady"},"url":"https:\/\/www.designenlassen.de\/blog\/author\/patrick\/"}]}},"_links":{"self":[{"href":"https:\/\/www.designenlassen.de\/blog\/wp-json\/wp\/v2\/posts\/33927","targetHints":{"allow":["GET"]}}],"collection":[{"href":"https:\/\/www.designenlassen.de\/blog\/wp-json\/wp\/v2\/posts"}],"about":[{"href":"https:\/\/www.designenlassen.de\/blog\/wp-json\/wp\/v2\/types\/post"}],"author":[{"embeddable":true,"href":"https:\/\/www.designenlassen.de\/blog\/wp-json\/wp\/v2\/users\/24"}],"replies":[{"embeddable":true,"href":"https:\/\/www.designenlassen.de\/blog\/wp-json\/wp\/v2\/comments?post=33927"}],"version-history":[{"count":1,"href":"https:\/\/www.designenlassen.de\/blog\/wp-json\/wp\/v2\/posts\/33927\/revisions"}],"predecessor-version":[{"id":33928,"href":"https:\/\/www.designenlassen.de\/blog\/wp-json\/wp\/v2\/posts\/33927\/revisions\/33928"}],"wp:featuredmedia":[{"embeddable":true,"href":"https:\/\/www.designenlassen.de\/blog\/wp-json\/wp\/v2\/media\/33756"}],"wp:attachment":[{"href":"https:\/\/www.designenlassen.de\/blog\/wp-json\/wp\/v2\/media?parent=33927"}],"wp:term":[{"taxonomy":"category","embeddable":true,"href":"https:\/\/www.designenlassen.de\/blog\/wp-json\/wp\/v2\/categories?post=33927"},{"taxonomy":"post_tag","embeddable":true,"href":"https:\/\/www.designenlassen.de\/blog\/wp-json\/wp\/v2\/tags?post=33927"}],"curies":[{"name":"wp","href":"https:\/\/api.w.org\/{rel}","templated":true}]}}