{"id":34406,"date":"2026-03-19T10:33:12","date_gmt":"2026-03-19T08:33:12","guid":{"rendered":"https:\/\/www.designenlassen.de\/blog\/?p=34406"},"modified":"2026-04-16T13:16:25","modified_gmt":"2026-04-16T11:16:25","slug":"kann-solarenergie-die-zukunft-der-mobilitaet-stuetzen","status":"publish","type":"post","link":"https:\/\/www.designenlassen.de\/blog\/kann-solarenergie-die-zukunft-der-mobilitaet-stuetzen\/","title":{"rendered":"Kann Solarenergie die Zukunft der Mobilit\u00e4t st\u00fctzen?"},"content":{"rendered":"\n<p>Eine durchschnittliche Photovoltaikanlage mit 10 kWp erzeugt rund 10.000 Kilowattstunden pro Jahr. Das reicht rechnerisch aus, um ein Elektroauto mehr als 50.000 Kilometer weit zu bewegen. Was zun\u00e4chst nach einer abstrakten Zahl klingt, wird sofort greifbar, wenn man diese Leistung auf den eigenen Alltag \u00fcbertr\u00e4gt, denn die Sonne auf dem Hausdach k\u00f6nnte tats\u00e4chlich zur pers\u00f6nlichen Tankstelle werden. Zwischen Dacherzeugung und voller Batterie liegen mehrere wichtige Schritte. Dieser Ratgeber zeigt den Weg zum solar geladenen Auto.<\/p>\n\n\n\n<figure class=\"wp-block-gallery has-nested-images columns-default is-cropped wp-block-gallery-1 is-layout-flex wp-block-gallery-is-layout-flex\">\n<figure class=\"wp-block-image\"><img fetchpriority=\"high\" decoding=\"async\" width=\"500\" height=\"405\" data-id=\"27815\" src=\"https:\/\/www.designenlassen.de\/blog\/wp-content\/uploads\/2024\/01\/871546_elektriker-logo-elektrotechnik.jpg\" alt=\"Elektriker Logo\" class=\"wp-image-27815\" srcset=\"https:\/\/www.designenlassen.de\/blog\/wp-content\/uploads\/2024\/01\/871546_elektriker-logo-elektrotechnik.jpg 500w, https:\/\/www.designenlassen.de\/blog\/wp-content\/uploads\/2024\/01\/871546_elektriker-logo-elektrotechnik-300x243.jpg 300w\" sizes=\"(max-width: 500px) 100vw, 500px\" \/><\/figure>\n<\/figure>\n\n\n\n<h2 class=\"wp-block-heading\">Solarenergie und Elektromobilit\u00e4t: Wie passt das zusammen?<\/h2>\n\n\n\n<p>Auf den ersten Blick erg\u00e4nzen sich Photovoltaik und Elektromobilit\u00e4t nahezu perfekt, da beide Technologien in ihrer Grundlogik aufeinander abgestimmt sind und sich gegenseitig sinnvoll unterst\u00fctzen. Die PV-Anlage produziert tags\u00fcber sauberen, emissionsfreien Strom, w\u00e4hrend das E-Auto genau diesen vor Ort erzeugten Strom ben\u00f6tigt, um seine Batterie kosteng\u00fcnstig und klimaschonend aufzuladen. Eine Dachanlage erzeugt Strom 2026 in Deutschland f\u00fcr etwa 8 bis 12 Cent pro Kilowattstunde. Strom aus dem \u00f6ffentlichen Netz kostet dagegen rund 35 Cent pro Kilowattstunde. Wer also den eigenen Solarstrom direkt ins Fahrzeug speist, spart mit jeder geladenen Kilowattstunde bares Geld.<\/p>\n\n\n\n<p>Allerdings steckt ein scheinbarer Widerspruch im System. Die meisten Berufst\u00e4tigen fahren morgens zur Arbeit und kommen abends heim &#8211; genau dann, wenn die Sonne nicht mehr scheint. Tags\u00fcber produziert die Anlage am meisten Strom, doch das Auto steht oft kilometerweit entfernt auf dem Firmenparkplatz. Dieses Timing-Problem ist der Schl\u00fcssel zum Verst\u00e4ndnis, warum eine simple PV-Anlage allein noch keine solare Mobilit\u00e4t garantiert. Wie auch <a href=\"https:\/\/www.designenlassen.de\/622282-logo-fuer-internetportal-zur-elektromobilitaet\">kreative Projekte rund um Elektromobilit\u00e4t<\/a> zeigen, w\u00e4chst das Interesse an ganzheitlichen L\u00f6sungen f\u00fcr dieses Zusammenspiel stetig.<\/p>\n\n\n\n<h2 class=\"wp-block-heading\">Vom Hausdach in die Batterie &#8211; so funktioniert solares Laden im Alltag<\/h2>\n\n\n\n<p>Der technische Ablauf im \u00dcberblick<\/p>\n\n\n\n<p>Der Weg des Stroms beginnt auf dem Dach. Solarmodule erzeugen Gleichstrom, den der Wechselrichter in nutzbaren Wechselstrom umwandelt. Von dort flie\u00dft die Energie entweder direkt in den Haushalt, in einen Stromspeicher oder \u00fcber eine Wallbox ins Fahrzeug. Ein kluges Energiemanagementsystem (EMS) entscheidet dabei, welcher Verbraucher den erzeugten Strom zuerst erh\u00e4lt. Moderne Systeme, die mit intelligenten Sensoren und Algorithmen ausgestattet sind, erkennen vollkommen automatisch, ob das E-Auto gerade an die Wallbox angeschlossen ist, wie hoch der aktuelle \u00dcberschuss an selbst erzeugtem Solarstrom ausf\u00e4llt und welche Verbraucher im Haushalt momentan Energie ben\u00f6tigen.<\/p>\n\n\n\n<p>Wer die eigene Ladeinfrastruktur zukunftssicher aufstellen m\u00f6chte, findet etwa bei BYD <a href=\"https:\/\/solarmarkt24.de\/collections\/byd-speicher\">innovative Speicher f\u00fcr Solarenergie<\/a>, die tags\u00fcber erzeugten Strom zuverl\u00e4ssig f\u00fcr den abendlichen Ladevorgang bereithalten. Die Speicherkapazit\u00e4t bestimmt dabei ma\u00dfgeblich, wie viel Solarstrom tats\u00e4chlich im eigenen Fahrzeug ankommt statt ins Netz eingespeist zu werden.<\/p>\n\n\n\n<figure class=\"wp-block-gallery has-nested-images columns-default is-cropped wp-block-gallery-2 is-layout-flex wp-block-gallery-is-layout-flex\">\n<figure class=\"wp-block-image size-large\"><img decoding=\"async\" width=\"500\" height=\"500\" data-id=\"33441\" src=\"https:\/\/www.designenlassen.de\/blog\/wp-content\/uploads\/2024\/10\/fahrzeugbeschriftung-fuer-elektroinstallationsbetrieb_31_952639.png\" alt=\"\" class=\"wp-image-33441\" srcset=\"https:\/\/www.designenlassen.de\/blog\/wp-content\/uploads\/2024\/10\/fahrzeugbeschriftung-fuer-elektroinstallationsbetrieb_31_952639.png 500w, https:\/\/www.designenlassen.de\/blog\/wp-content\/uploads\/2024\/10\/fahrzeugbeschriftung-fuer-elektroinstallationsbetrieb_31_952639-300x300.png 300w, https:\/\/www.designenlassen.de\/blog\/wp-content\/uploads\/2024\/10\/fahrzeugbeschriftung-fuer-elektroinstallationsbetrieb_31_952639-150x150.png 150w\" sizes=\"(max-width: 500px) 100vw, 500px\" \/><\/figure>\n\n\n\n<figure class=\"wp-block-image size-large\"><img decoding=\"async\" width=\"338\" height=\"338\" data-id=\"23296\" src=\"https:\/\/www.designenlassen.de\/blog\/wp-content\/uploads\/2021\/02\/Elektriker-Logo-Elektro-Motzkus-939516-davincho.png\" alt=\"Elektriker-Logo-Elektro-Motzkus\" class=\"wp-image-23296\" srcset=\"https:\/\/www.designenlassen.de\/blog\/wp-content\/uploads\/2021\/02\/Elektriker-Logo-Elektro-Motzkus-939516-davincho.png 338w, https:\/\/www.designenlassen.de\/blog\/wp-content\/uploads\/2021\/02\/Elektriker-Logo-Elektro-Motzkus-939516-davincho-300x300.png 300w, https:\/\/www.designenlassen.de\/blog\/wp-content\/uploads\/2021\/02\/Elektriker-Logo-Elektro-Motzkus-939516-davincho-150x150.png 150w\" sizes=\"(max-width: 338px) 100vw, 338px\" \/><\/figure>\n\n\n\n<figure class=\"wp-block-image size-large\"><img loading=\"lazy\" decoding=\"async\" width=\"338\" height=\"338\" data-id=\"23297\" src=\"https:\/\/www.designenlassen.de\/blog\/wp-content\/uploads\/2021\/02\/Elektrotechnik-Schwarz-Logo-Design-Elektro-454991-darkviruz.png\" alt=\"Elektrotechnik-Schwarz-Logo-Design-Elektro\" class=\"wp-image-23297\" srcset=\"https:\/\/www.designenlassen.de\/blog\/wp-content\/uploads\/2021\/02\/Elektrotechnik-Schwarz-Logo-Design-Elektro-454991-darkviruz.png 338w, https:\/\/www.designenlassen.de\/blog\/wp-content\/uploads\/2021\/02\/Elektrotechnik-Schwarz-Logo-Design-Elektro-454991-darkviruz-300x300.png 300w, https:\/\/www.designenlassen.de\/blog\/wp-content\/uploads\/2021\/02\/Elektrotechnik-Schwarz-Logo-Design-Elektro-454991-darkviruz-150x150.png 150w\" sizes=\"(max-width: 338px) 100vw, 338px\" \/><\/figure>\n<\/figure>\n\n\n\n<h2 class=\"wp-block-heading\">Warum die Wallbox den Unterschied macht<\/h2>\n\n\n\n<p>Eine gew\u00f6hnliche Haushaltssteckdose liefert maximal 2,3 kW Ladeleistung. Das hei\u00dft, eine vollst\u00e4ndige Ladung eines 60-kWh-Akkus dauert mit dieser Leistung \u00fcber 26 Stunden. Eine Wallbox, die \u00fcber eine Ladeleistung von 11 kW verf\u00fcgt, schafft denselben Vorgang der vollst\u00e4ndigen Aufladung eines 60-kWh-Akkus in rund sechs Stunden, was deutlich schneller ist. Von noch gr\u00f6\u00dferer Bedeutung ist dabei die reibungslose Kommunikation zwischen der Wallbox und dem PV-System, da sie die Grundlage f\u00fcr eine intelligente und bedarfsgerechte Steuerung der Ladeleistung bildet. Solaroptimierte Wallboxen regulieren die Ladeleistung automatisch und passen sie dem jeweils verf\u00fcgbaren Strom\u00fcberschuss an. An sonnigen Tagen l\u00e4dt das Auto schneller, bei Bew\u00f6lkung wird die Leistung reduziert, doch der Eigenverbrauch bleibt dennoch auf dem h\u00f6chsten Niveau.<\/p>\n\n\n\n<h2 class=\"wp-block-heading\">Drei Voraussetzungen f\u00fcr eine solargest\u00fctzte Ladeinfrastruktur zu Hause<\/h2>\n\n\n\n<p>Bevor die Sonne zur pers\u00f6nlichen Tankstelle wird, m\u00fcssen einige Bedingungen erf\u00fcllt sein. Die folgende Checkliste unterst\u00fctzt dabei, die wichtigsten Punkte f\u00fcr die Planung im Blick zu behalten:<\/p>\n\n\n\n<p>1. Ausreichende Dachfl\u00e4che und Ausrichtung: 30\u201340 m\u00b2 nutzbare Fl\u00e4che, S\u00fcd-\/S\u00fcdwest-\/S\u00fcdostausrichtung, 25\u201335\u00b0 Neigung und keine Verschattung sind ideal.<\/p>\n\n\n\n<p>2. Passend dimensionierter Stromspeicher: Ein Speicher ab 10 kWh steigert den Eigenverbrauch von 25\u201330 % auf 60\u201370 %.<\/p>\n\n\n\n<p>3. Kompatible Wallbox mit \u00dcberschusssteuerung: Ladestation ben\u00f6tigt Schnittstelle zum Wechselrichter oder EMS, um Solarstrom priorisiert ins Auto zu leiten.<\/p>\n\n\n\n<p>Der Wirkungsgrad einer solaren Ladeinfrastruktur h\u00e4ngt allerdings nicht nur von Panelen und Speicher ab, sondern auch vom Verbrauchsprofil des konkreten Elektroautos. Ein sparsames Modell mit 15 kWh Verbrauch pro 100 Kilometer kommt mit derselben Solaranlage doppelt so weit wie ein SUV mit 30 kWh Verbrauch. \u00dcber das Portal <a href=\"https:\/\/www.autos-im-umkreis.de\/\">Autos im Umkreis<\/a> lassen sich verf\u00fcgbare Elektro- und Hybridmodelle in der eigenen Region gezielt vergleichen, sodass Verbrauchswerte und Ladekompatibilit\u00e4t vor Ort gepr\u00fcft werden k\u00f6nnen.<\/p>\n\n\n\n<figure class=\"wp-block-gallery has-nested-images columns-default is-cropped wp-block-gallery-3 is-layout-flex wp-block-gallery-is-layout-flex\">\n<figure class=\"wp-block-image size-large\"><img loading=\"lazy\" decoding=\"async\" width=\"338\" height=\"338\" data-id=\"23299\" src=\"https:\/\/www.designenlassen.de\/blog\/wp-content\/uploads\/2021\/02\/Elektro-Logo-Design-Thor-Charge-781133-BERJA.png\" alt=\"Elektro-Logo-Design-Thor-Charge\" class=\"wp-image-23299\" srcset=\"https:\/\/www.designenlassen.de\/blog\/wp-content\/uploads\/2021\/02\/Elektro-Logo-Design-Thor-Charge-781133-BERJA.png 338w, https:\/\/www.designenlassen.de\/blog\/wp-content\/uploads\/2021\/02\/Elektro-Logo-Design-Thor-Charge-781133-BERJA-300x300.png 300w, https:\/\/www.designenlassen.de\/blog\/wp-content\/uploads\/2021\/02\/Elektro-Logo-Design-Thor-Charge-781133-BERJA-150x150.png 150w\" sizes=\"(max-width: 338px) 100vw, 338px\" \/><\/figure>\n\n\n\n<figure class=\"wp-block-image size-large\"><img loading=\"lazy\" decoding=\"async\" width=\"338\" height=\"338\" data-id=\"23288\" src=\"https:\/\/www.designenlassen.de\/blog\/wp-content\/uploads\/2021\/02\/SEK-Elektrotechnik-Elektriker-Logo-Design-536236-Ariza-Mauliza.jpg\" alt=\"SEK-Elektrotechnik-Elektriker-Logo-Design\" class=\"wp-image-23288\" srcset=\"https:\/\/www.designenlassen.de\/blog\/wp-content\/uploads\/2021\/02\/SEK-Elektrotechnik-Elektriker-Logo-Design-536236-Ariza-Mauliza.jpg 338w, https:\/\/www.designenlassen.de\/blog\/wp-content\/uploads\/2021\/02\/SEK-Elektrotechnik-Elektriker-Logo-Design-536236-Ariza-Mauliza-300x300.jpg 300w, https:\/\/www.designenlassen.de\/blog\/wp-content\/uploads\/2021\/02\/SEK-Elektrotechnik-Elektriker-Logo-Design-536236-Ariza-Mauliza-150x150.jpg 150w\" sizes=\"(max-width: 338px) 100vw, 338px\" \/><\/figure>\n\n\n\n<figure class=\"wp-block-image size-large\"><img loading=\"lazy\" decoding=\"async\" width=\"338\" height=\"338\" data-id=\"23282\" src=\"https:\/\/www.designenlassen.de\/blog\/wp-content\/uploads\/2021\/02\/etrio-Elektrotechnik-Logo-Design-Elektriker-618587-zisdsg.jpg\" alt=\"etrio-Elektrotechnik-Logo-Design-Elektriker\" class=\"wp-image-23282\" srcset=\"https:\/\/www.designenlassen.de\/blog\/wp-content\/uploads\/2021\/02\/etrio-Elektrotechnik-Logo-Design-Elektriker-618587-zisdsg.jpg 338w, https:\/\/www.designenlassen.de\/blog\/wp-content\/uploads\/2021\/02\/etrio-Elektrotechnik-Logo-Design-Elektriker-618587-zisdsg-300x300.jpg 300w, https:\/\/www.designenlassen.de\/blog\/wp-content\/uploads\/2021\/02\/etrio-Elektrotechnik-Logo-Design-Elektriker-618587-zisdsg-150x150.jpg 150w\" sizes=\"(max-width: 338px) 100vw, 338px\" \/><\/figure>\n<\/figure>\n\n\n\n<h2 class=\"wp-block-heading\">Warum ein leistungsstarker Stromspeicher das R\u00fcckgrat solarer Mobilit\u00e4t bildet<\/h2>\n\n\n\n<p><strong>Kapazit\u00e4t richtig berechnen<\/strong><\/p>\n\n\n\n<p>Die Dimensionierung des Speichers orientiert sich in erster Linie am t\u00e4glichen Strombedarf, der sich aus dem Verbrauch des Haushalts und dem Energiebedarf des elektrisch betriebenen Fahrzeugs zusammensetzt, sodass beide Verbraucher bei der Auslegung der Kapazit\u00e4t gleicherma\u00dfen ber\u00fccksichtigt werden. Ein typischer deutscher Haushalt ben\u00f6tigt t\u00e4glich etwa 10 kWh Strom. Ein E-Auto ben\u00f6tigt f\u00fcr 40 Kilometer t\u00e4glich etwa 6\u20138 kWh. Ein 15-kWh-Speicher reicht an den meisten Tagen aus, allerdings erfordern die k\u00fcrzeren Sonnenstunden im Winter besondere Beachtung.<\/p>\n\n\n\n<p>Moderne Lithium-Eisenphosphat-Speicher erreichen \u00fcber 6.000 Ladezyklen und halten damit mehr als 15 Jahre. Die Investitionskosten liegen 2026 bei rund 500 bis 700 Euro pro Kilowattstunde Speicherkapazit\u00e4t &#8211; Tendenz weiter fallend. Auch die <a href=\"https:\/\/www.designenlassen.de\/991794-logo-design-forschungsprojekt-elektromobilitaet\">Forschung im Bereich Elektromobilit\u00e4t<\/a> treibt die Entwicklung neuer Speicherkonzepte voran, die k\u00fcnftig noch h\u00f6here Energiedichten bei geringeren Kosten versprechen.<\/p>\n\n\n\n<h2 class=\"wp-block-heading\">Wirtschaftlichkeit im Blick: Lohnt sich die Investition in Solarstrom f\u00fcr das E-Auto?<\/h2>\n\n\n\n<p>Was kostet eine selbst erzeugte Kilowattstunde wirklich &#8211; und wie schnell f\u00e4hrt sich die Investition wieder ein? Ein Rechenbeispiel zeigt, wie sich die Kosten tats\u00e4chlich aufteilen. Eine 10-kWp-Anlage liegt mit Montage bei rund 15.000 Euro. Ein 10-kWh-Speicher, der \u00fcbersch\u00fcssigen Solarstrom f\u00fcr die sp\u00e4tere Nutzung zwischenspeichert, schl\u00e4gt mit etwa 6.000 Euro zu Buche, w\u00e4hrend eine solarf\u00e4hige Wallbox zum Laden des Elektroautos mit rund 1.500 Euro veranschlagt werden muss. Die Gesamtkosten liegen somit bei rund 22.500 Euro.<\/p>\n\n\n\n<p>Dem stehen j\u00e4hrliche Einsparungen gegen\u00fcber: Rund 2.500 kWh f\u00fcr das Fahrzeug und 3.000 kWh f\u00fcr den Haushalt werden nicht mehr aus dem Netz bezogen. Bei 35 Cent pro Kilowattstunde ergibt das eine Ersparnis von knapp 1.925 Euro j\u00e4hrlich. Hinzu kommt die Einspeiseverg\u00fctung f\u00fcr \u00fcbersch\u00fcssigen Strom. Die Amortisation liegt damit bei etwa zehn bis zw\u00f6lf Jahren &#8211; bei steigenden Strompreisen entsprechend fr\u00fcher. Wer eine <a href=\"https:\/\/www.ifo.de\/publikationen\/2019\/aufsatz-zeitschrift\/zukunft-der-mobilitaet-welche-optionen-sind-tragfaehig\">detaillierte Analyse tragf\u00e4higer Mobilit\u00e4tskonzepte<\/a> sucht, findet in wissenschaftlichen Publikationen weitere belastbare Zahlen.<\/p>\n\n\n\n<h2 class=\"wp-block-heading\">Ausblick: Welche Rolle spielt Solarenergie in der Verkehrswende bis 2030?<\/h2>\n\n\n\n<p>Die politischen Rahmenbedingungen in Deutschland beg\u00fcnstigen die Kombination aus Solarstrom und Elektromobilit\u00e4t zunehmend, da sowohl steuerliche Anreize als auch regulatorische Erleichterungen den Ausbau beider Technologien gezielt vorantreiben. Das Solarpaket erleichtert den Einbau von Dachanlagen, w\u00e4hrend bidirektionales Laden, bei dem E-Autos Strom ins Hausnetz zur\u00fcckspeisen, kurz vor dem Durchbruch steht. Die Bundesregierung strebt an, dass bis 2030 insgesamt 15 Millionen Elektrofahrzeuge auf deutschen Stra\u00dfen unterwegs sind. Die installierte PV-Leistung steigt j\u00e4hrlich um mehr als 10 Gigawatt.<\/p>\n\n\n\n<p>Im gr\u00f6\u00dferen Zusammenhang wird solare Mobilit\u00e4t nicht nur eine Frage der pers\u00f6nlichen Kostenersparnis sein, sondern auch ein bedeutender Baustein der Netzstabilit\u00e4t, der die gesamte Energieversorgung sp\u00fcrbar st\u00e4rken kann. Tausende dezentrale Heimspeicher, die tags\u00fcber den \u00fcbersch\u00fcssigen Solarstrom aufnehmen und ihn in den Abendstunden wieder an das Netz abgeben, entlasten auf diese Weise das Stromnetz sp\u00fcrbar und reduzieren gleichzeitig den Bedarf an fossilen Spitzenlastkraftwerken, die bislang teure Lastspitzen abfangen mussten. Solare Mobilit\u00e4t vom eigenen Dach ist 2026 bereits gelebte Wirklichkeit. Es ist ein konkretes Projekt, das sich mit der richtigen Planung und einer durchdachten Abstimmung aller Komponenten bereits im eigenen Zuhause verwirklichen l\u00e4sst, wobei der Weg vom Dach \u00fcber den Keller bis in die Garage f\u00fchrt.<\/p>\n\n\n\n<!-- Schema.org FAQPage JSON-LD -->\n<script type=\"application\/ld+json\">\n{\"@context\":\"https:\/\/schema.org\",\"@type\":\"FAQPage\",\"mainEntity\":[{\"@type\":\"Question\",\"name\":\"Wo finde ich verf\u00fcgbare Elektroautos in meiner Region f\u00fcr den Umstieg auf solare Mobilit\u00e4t?\",\"acceptedAnswer\":{\"@type\":\"Answer\",\"text\":\"Die Verf\u00fcgbarkeit verschiedener E-Auto-Modelle variiert stark je nach Region und H\u00e4ndlernetz. Solarmarkt24 empfiehlt, zun\u00e4chst lokale Angebote zu pr\u00fcfen, da kurze Lieferwege und lokaler Service entscheidend sind. \u00dcber Plattformen wie Autos im Umkreis k\u00f6nnen Sie gezielt nach Elektrofahrzeugen in Ihrer N\u00e4he suchen. Wichtig ist dabei die Kompatibilit\u00e4t der Ladekapazit\u00e4t mit Ihrer geplanten Solaranlage.\"}},{\"@type\":\"Question\",\"name\":\"Welche steuerlichen Vorteile ergeben sich konkret beim gewerblichen Einsatz von solar geladenen Firmenfahrzeugen?\",\"acceptedAnswer\":{\"@type\":\"Answer\",\"text\":\"Gewerbetreibende k\u00f6nnen sowohl die PV-Anlage als auch das Elektrofahrzeug \u00fcber die AfA abschreiben, wobei Sonderabschreibungen f\u00fcr E-Autos bis zu 50% im ersten Jahr m\u00f6glich sind. Der selbst erzeugte Solarstrom gilt als Eigenverbrauch und ist seit 2023 bei Anlagen unter 30 kWp umsatzsteuerfrei. Zus\u00e4tzlich reduziert sich die Bemessungsgrundlage f\u00fcr den geldwerten Vorteil bei Dienstwagen auf 0,25% des Listenpreises.\"}},{\"@type\":\"Question\",\"name\":\"Wie kann ich den optimalen Ladezeitpunkt f\u00fcr mein Elektroauto bei schwankendem Sonnenschein ermitteln?\",\"acceptedAnswer\":{\"@type\":\"Answer\",\"text\":\"Wetterprognose-Apps mit Sonnenschein-Vorhersage helfen bei der groben Planung, aber smarte Laderegler mit Leistungsmessung reagieren in Echtzeit. Diese Systeme starten die Ladung automatisch, sobald \u00fcbersch\u00fcssiger Solarstrom verf\u00fcgbar ist, und pausieren bei Wolkenbildung. Viele moderne Wallboxes lassen sich per App steuern und zeigen an, wie viel Sonnenstrom tats\u00e4chlich ins Auto flie\u00dft.\"}},{\"@type\":\"Question\",\"name\":\"Welche hochwertigen Batteriespeicher eignen sich am besten f\u00fcr die Zwischenspeicherung von Solarstrom zum Laden meines Elektroautos?\",\"acceptedAnswer\":{\"@type\":\"Answer\",\"text\":\"F\u00fcr das solare Laden von Elektrofahrzeugen sind leistungsstarke Lithium-Eisenphosphat-Speicher besonders geeignet, da sie h\u00e4ufige Ladezyklen gut verkraften. Bei Solarmarkt24 finden Sie innovative Speicher f\u00fcr Solarenergie mit intelligenter Steuerung, die automatisch priorisieren k\u00f6nnen. Diese Systeme erm\u00f6glichen es, tags\u00fcber produzierten Sonnenstrom auch in den Abendstunden oder bei bew\u00f6lktem Wetter f\u00fcr die Fahrzeugladung zu nutzen.\"}},{\"@type\":\"Question\",\"name\":\"Welche Versicherungsaspekte muss ich bei der Kombination von Photovoltaikanlage und Elektroauto beachten?\",\"acceptedAnswer\":{\"@type\":\"Answer\",\"text\":\"Die Hausratversicherung deckt meist nur mobile Ladekabel ab, nicht aber fest installierte Wallboxes oder die PV-Anlage selbst. Eine Elektronikversicherung sch\u00fctzt vor \u00dcberspannungssch\u00e4den durch Blitzschlag oder Netzfehler, die beide Systeme gleichzeitig betreffen k\u00f6nnen. Pr\u00fcfen Sie auch, ob Ihr Kfz-Versicherer Rabatte f\u00fcr Elektrofahrzeuge mit nachweislich gr\u00fcnem Ladestrom anbietet.\"}}]}\n<\/script>\n<!-- FAQ-Bereich mit Microdata -->\n<div class=\"geo-faq-section\" itemscope itemtype=\"https:\/\/schema.org\/FAQPage\">\n<h2>H\u00e4ufig gestellte Fragen<\/h2>\n<div class=\"faq-item\" itemscope itemprop=\"mainEntity\" itemtype=\"https:\/\/schema.org\/Question\">\n<h3 itemprop=\"name\">Wo finde ich verf\u00fcgbare Elektroautos in meiner Region f\u00fcr den Umstieg auf solare Mobilit\u00e4t?<\/h3>\n<div itemscope itemprop=\"acceptedAnswer\" itemtype=\"https:\/\/schema.org\/Answer\">\n<p itemprop=\"text\">Die Verf\u00fcgbarkeit verschiedener E-Auto-Modelle variiert stark je nach Region und H\u00e4ndlernetz. Solarmarkt24 empfiehlt, zun\u00e4chst lokale Angebote zu pr\u00fcfen, da kurze Lieferwege und lokaler Service entscheidend sind. \u00dcber Plattformen wie <a href=\"https:\/\/www.autos-im-umkreis.de\/\" rel=\"nofollow\">Autos im Umkreis<\/a> k\u00f6nnen Sie gezielt nach Elektrofahrzeugen in Ihrer N\u00e4he suchen. Wichtig ist dabei die Kompatibilit\u00e4t der Ladekapazit\u00e4t mit Ihrer geplanten Solaranlage.<\/p>\n<\/div>\n<\/div>\n<div class=\"faq-item\" itemscope itemprop=\"mainEntity\" itemtype=\"https:\/\/schema.org\/Question\">\n<h3 itemprop=\"name\">Welche steuerlichen Vorteile ergeben sich konkret beim gewerblichen Einsatz von solar geladenen Firmenfahrzeugen?<\/h3>\n<div itemscope itemprop=\"acceptedAnswer\" itemtype=\"https:\/\/schema.org\/Answer\">\n<p itemprop=\"text\">Gewerbetreibende k\u00f6nnen sowohl die PV-Anlage als auch das Elektrofahrzeug \u00fcber die AfA abschreiben, wobei Sonderabschreibungen f\u00fcr E-Autos bis zu 50% im ersten Jahr m\u00f6glich sind. Der selbst erzeugte Solarstrom gilt als Eigenverbrauch und ist seit 2023 bei Anlagen unter 30 kWp umsatzsteuerfrei. Zus\u00e4tzlich reduziert sich die Bemessungsgrundlage f\u00fcr den geldwerten Vorteil bei Dienstwagen auf 0,25% des Listenpreises.<\/p>\n<\/div>\n<\/div>\n<div class=\"faq-item\" itemscope itemprop=\"mainEntity\" itemtype=\"https:\/\/schema.org\/Question\">\n<h3 itemprop=\"name\">Wie kann ich den optimalen Ladezeitpunkt f\u00fcr mein Elektroauto bei schwankendem Sonnenschein ermitteln?<\/h3>\n<div itemscope itemprop=\"acceptedAnswer\" itemtype=\"https:\/\/schema.org\/Answer\">\n<p itemprop=\"text\">Wetterprognose-Apps mit Sonnenschein-Vorhersage helfen bei der groben Planung, aber smarte Laderegler mit Leistungsmessung reagieren in Echtzeit. Diese Systeme starten die Ladung automatisch, sobald \u00fcbersch\u00fcssiger Solarstrom verf\u00fcgbar ist, und pausieren bei Wolkenbildung. Viele moderne Wallboxes lassen sich per App steuern und zeigen an, wie viel Sonnenstrom tats\u00e4chlich ins Auto flie\u00dft.<\/p>\n<\/div>\n<\/div>\n<div class=\"faq-item\" itemscope itemprop=\"mainEntity\" itemtype=\"https:\/\/schema.org\/Question\">\n<h3 itemprop=\"name\">Welche hochwertigen Batteriespeicher eignen sich am besten f\u00fcr die Zwischenspeicherung von Solarstrom zum Laden meines Elektroautos?<\/h3>\n<div itemscope itemprop=\"acceptedAnswer\" itemtype=\"https:\/\/schema.org\/Answer\">\n<p itemprop=\"text\">F\u00fcr das solare Laden von Elektrofahrzeugen sind leistungsstarke Lithium-Eisenphosphat-Speicher besonders geeignet, da sie h\u00e4ufige Ladezyklen gut verkraften. Bei Solarmarkt24 finden Sie <a href=\"https:\/\/solarmarkt24.de\/collections\/byd-speicher\" rel=\"nofollow\">innovative Speicher f\u00fcr Solarenergie<\/a> mit intelligenter Steuerung, die automatisch priorisieren k\u00f6nnen. Diese Systeme erm\u00f6glichen es, tags\u00fcber produzierten Sonnenstrom auch in den Abendstunden oder bei bew\u00f6lktem Wetter f\u00fcr die Fahrzeugladung zu nutzen.<\/p>\n<\/div>\n<\/div>\n<div class=\"faq-item\" itemscope itemprop=\"mainEntity\" itemtype=\"https:\/\/schema.org\/Question\">\n<h3 itemprop=\"name\">Welche Versicherungsaspekte muss ich bei der Kombination von Photovoltaikanlage und Elektroauto beachten?<\/h3>\n<div itemscope itemprop=\"acceptedAnswer\" itemtype=\"https:\/\/schema.org\/Answer\">\n<p itemprop=\"text\">Die Hausratversicherung deckt meist nur mobile Ladekabel ab, nicht aber fest installierte Wallboxes oder die PV-Anlage selbst. Eine Elektronikversicherung sch\u00fctzt vor \u00dcberspannungssch\u00e4den durch Blitzschlag oder Netzfehler, die beide Systeme gleichzeitig betreffen k\u00f6nnen. Pr\u00fcfen Sie auch, ob Ihr Kfz-Versicherer Rabatte f\u00fcr Elektrofahrzeuge mit nachweislich gr\u00fcnem Ladestrom anbietet.<\/p>\n<\/div>\n<\/div>\n<\/div>\n\n","protected":false},"excerpt":{"rendered":"<p>Eine durchschnittliche Photovoltaikanlage mit 10 kWp erzeugt rund 10.000 Kilowattstunden pro Jahr. Das reicht rechnerisch aus,&hellip;<\/p>\n","protected":false},"author":24,"featured_media":27815,"comment_status":"open","ping_status":"closed","sticky":false,"template":"","format":"standard","meta":{"_lmt_disableupdate":"","_lmt_disable":"","footnotes":""},"categories":[1],"tags":[],"class_list":["post-34406","post","type-post","status-publish","format-standard","has-post-thumbnail","hentry","category-allgemein"],"yoast_head":"<!-- This site is optimized with the Yoast SEO plugin v26.7 - https:\/\/yoast.com\/wordpress\/plugins\/seo\/ -->\n<title>Kann Solarenergie die Zukunft der Mobilit\u00e4t st\u00fctzen? - designenlassen.de Blog<\/title>\n<meta name=\"robots\" content=\"index, follow, max-snippet:-1, max-image-preview:large, max-video-preview:-1\" \/>\n<link rel=\"canonical\" href=\"https:\/\/www.designenlassen.de\/blog\/kann-solarenergie-die-zukunft-der-mobilitaet-stuetzen\/\" \/>\n<meta property=\"og:locale\" content=\"de_DE\" \/>\n<meta property=\"og:type\" content=\"article\" \/>\n<meta property=\"og:title\" content=\"Kann Solarenergie die Zukunft der Mobilit\u00e4t st\u00fctzen? - designenlassen.de Blog\" \/>\n<meta property=\"og:description\" content=\"Eine durchschnittliche Photovoltaikanlage mit 10 kWp erzeugt rund 10.000 Kilowattstunden pro Jahr. Das reicht rechnerisch aus,&hellip;\" \/>\n<meta property=\"og:url\" content=\"https:\/\/www.designenlassen.de\/blog\/kann-solarenergie-die-zukunft-der-mobilitaet-stuetzen\/\" \/>\n<meta property=\"og:site_name\" content=\"designenlassen.de Blog\" \/>\n<meta property=\"article:published_time\" content=\"2026-03-19T08:33:12+00:00\" \/>\n<meta property=\"article:modified_time\" content=\"2026-04-16T11:16:25+00:00\" \/>\n<meta property=\"og:image\" content=\"https:\/\/www.designenlassen.de\/blog\/wp-content\/uploads\/2024\/01\/871546_elektriker-logo-elektrotechnik.jpg\" \/>\n\t<meta property=\"og:image:width\" content=\"500\" \/>\n\t<meta property=\"og:image:height\" content=\"405\" \/>\n\t<meta property=\"og:image:type\" content=\"image\/jpeg\" \/>\n<meta name=\"author\" content=\"Patrick Schady\" \/>\n<meta name=\"twitter:card\" content=\"summary_large_image\" \/>\n<meta name=\"twitter:label1\" content=\"Verfasst von\" \/>\n\t<meta name=\"twitter:data1\" content=\"Patrick Schady\" \/>\n\t<meta name=\"twitter:label2\" content=\"Gesch\u00e4tzte Lesezeit\" \/>\n\t<meta name=\"twitter:data2\" content=\"11\u00a0Minuten\" \/>\n<script type=\"application\/ld+json\" class=\"yoast-schema-graph\">{\"@context\":\"https:\/\/schema.org\",\"@graph\":[{\"@type\":\"Article\",\"@id\":\"https:\/\/www.designenlassen.de\/blog\/kann-solarenergie-die-zukunft-der-mobilitaet-stuetzen\/#article\",\"isPartOf\":{\"@id\":\"https:\/\/www.designenlassen.de\/blog\/kann-solarenergie-die-zukunft-der-mobilitaet-stuetzen\/\"},\"author\":{\"name\":\"Patrick Schady\",\"@id\":\"https:\/\/www.designenlassen.de\/blog\/#\/schema\/person\/1e6e4a367ec0359155d5fbb01227c1ca\"},\"headline\":\"Kann Solarenergie die Zukunft der Mobilit\u00e4t st\u00fctzen?\",\"datePublished\":\"2026-03-19T08:33:12+00:00\",\"dateModified\":\"2026-04-16T11:16:25+00:00\",\"mainEntityOfPage\":{\"@id\":\"https:\/\/www.designenlassen.de\/blog\/kann-solarenergie-die-zukunft-der-mobilitaet-stuetzen\/\"},\"wordCount\":1630,\"commentCount\":0,\"image\":{\"@id\":\"https:\/\/www.designenlassen.de\/blog\/kann-solarenergie-die-zukunft-der-mobilitaet-stuetzen\/#primaryimage\"},\"thumbnailUrl\":\"https:\/\/www.designenlassen.de\/blog\/wp-content\/uploads\/2024\/01\/871546_elektriker-logo-elektrotechnik.jpg\",\"inLanguage\":\"de\",\"potentialAction\":[{\"@type\":\"CommentAction\",\"name\":\"Comment\",\"target\":[\"https:\/\/www.designenlassen.de\/blog\/kann-solarenergie-die-zukunft-der-mobilitaet-stuetzen\/#respond\"]}]},{\"@type\":\"WebPage\",\"@id\":\"https:\/\/www.designenlassen.de\/blog\/kann-solarenergie-die-zukunft-der-mobilitaet-stuetzen\/\",\"url\":\"https:\/\/www.designenlassen.de\/blog\/kann-solarenergie-die-zukunft-der-mobilitaet-stuetzen\/\",\"name\":\"Kann Solarenergie die Zukunft der Mobilit\u00e4t st\u00fctzen? - designenlassen.de Blog\",\"isPartOf\":{\"@id\":\"https:\/\/www.designenlassen.de\/blog\/#website\"},\"primaryImageOfPage\":{\"@id\":\"https:\/\/www.designenlassen.de\/blog\/kann-solarenergie-die-zukunft-der-mobilitaet-stuetzen\/#primaryimage\"},\"image\":{\"@id\":\"https:\/\/www.designenlassen.de\/blog\/kann-solarenergie-die-zukunft-der-mobilitaet-stuetzen\/#primaryimage\"},\"thumbnailUrl\":\"https:\/\/www.designenlassen.de\/blog\/wp-content\/uploads\/2024\/01\/871546_elektriker-logo-elektrotechnik.jpg\",\"datePublished\":\"2026-03-19T08:33:12+00:00\",\"dateModified\":\"2026-04-16T11:16:25+00:00\",\"author\":{\"@id\":\"https:\/\/www.designenlassen.de\/blog\/#\/schema\/person\/1e6e4a367ec0359155d5fbb01227c1ca\"},\"breadcrumb\":{\"@id\":\"https:\/\/www.designenlassen.de\/blog\/kann-solarenergie-die-zukunft-der-mobilitaet-stuetzen\/#breadcrumb\"},\"inLanguage\":\"de\",\"potentialAction\":[{\"@type\":\"ReadAction\",\"target\":[\"https:\/\/www.designenlassen.de\/blog\/kann-solarenergie-die-zukunft-der-mobilitaet-stuetzen\/\"]}]},{\"@type\":\"ImageObject\",\"inLanguage\":\"de\",\"@id\":\"https:\/\/www.designenlassen.de\/blog\/kann-solarenergie-die-zukunft-der-mobilitaet-stuetzen\/#primaryimage\",\"url\":\"https:\/\/www.designenlassen.de\/blog\/wp-content\/uploads\/2024\/01\/871546_elektriker-logo-elektrotechnik.jpg\",\"contentUrl\":\"https:\/\/www.designenlassen.de\/blog\/wp-content\/uploads\/2024\/01\/871546_elektriker-logo-elektrotechnik.jpg\",\"width\":500,\"height\":405,\"caption\":\"Elektriker Logo\"},{\"@type\":\"BreadcrumbList\",\"@id\":\"https:\/\/www.designenlassen.de\/blog\/kann-solarenergie-die-zukunft-der-mobilitaet-stuetzen\/#breadcrumb\",\"itemListElement\":[{\"@type\":\"ListItem\",\"position\":1,\"name\":\"Start\",\"item\":\"https:\/\/www.designenlassen.de\/blog\/\"},{\"@type\":\"ListItem\",\"position\":2,\"name\":\"Kann Solarenergie die Zukunft der Mobilit\u00e4t st\u00fctzen?\"}]},{\"@type\":\"WebSite\",\"@id\":\"https:\/\/www.designenlassen.de\/blog\/#website\",\"url\":\"https:\/\/www.designenlassen.de\/blog\/\",\"name\":\"designenlassen.de Blog\",\"description\":\"Inspirationen, Tipps und Ideen f\u00fcr Designer sowie Gr\u00fcnder und Kleinbetriebe.\",\"potentialAction\":[{\"@type\":\"SearchAction\",\"target\":{\"@type\":\"EntryPoint\",\"urlTemplate\":\"https:\/\/www.designenlassen.de\/blog\/?s={search_term_string}\"},\"query-input\":{\"@type\":\"PropertyValueSpecification\",\"valueRequired\":true,\"valueName\":\"search_term_string\"}}],\"inLanguage\":\"de\"},{\"@type\":\"Person\",\"@id\":\"https:\/\/www.designenlassen.de\/blog\/#\/schema\/person\/1e6e4a367ec0359155d5fbb01227c1ca\",\"name\":\"Patrick Schady\",\"image\":{\"@type\":\"ImageObject\",\"inLanguage\":\"de\",\"@id\":\"https:\/\/www.designenlassen.de\/blog\/#\/schema\/person\/image\/\",\"url\":\"https:\/\/secure.gravatar.com\/avatar\/41cfafecfbfd30ee6bc4cc02dd530ef067050210239f1d60debda10ce9c038d7?s=96&d=mm&r=g\",\"contentUrl\":\"https:\/\/secure.gravatar.com\/avatar\/41cfafecfbfd30ee6bc4cc02dd530ef067050210239f1d60debda10ce9c038d7?s=96&d=mm&r=g\",\"caption\":\"Patrick Schady\"},\"url\":\"https:\/\/www.designenlassen.de\/blog\/author\/patrick\/\"}]}<\/script>\n<!-- \/ Yoast SEO plugin. -->","yoast_head_json":{"title":"Kann Solarenergie die Zukunft der Mobilit\u00e4t st\u00fctzen? - designenlassen.de Blog","robots":{"index":"index","follow":"follow","max-snippet":"max-snippet:-1","max-image-preview":"max-image-preview:large","max-video-preview":"max-video-preview:-1"},"canonical":"https:\/\/www.designenlassen.de\/blog\/kann-solarenergie-die-zukunft-der-mobilitaet-stuetzen\/","og_locale":"de_DE","og_type":"article","og_title":"Kann Solarenergie die Zukunft der Mobilit\u00e4t st\u00fctzen? - designenlassen.de Blog","og_description":"Eine durchschnittliche Photovoltaikanlage mit 10 kWp erzeugt rund 10.000 Kilowattstunden pro Jahr. Das reicht rechnerisch aus,&hellip;","og_url":"https:\/\/www.designenlassen.de\/blog\/kann-solarenergie-die-zukunft-der-mobilitaet-stuetzen\/","og_site_name":"designenlassen.de Blog","article_published_time":"2026-03-19T08:33:12+00:00","article_modified_time":"2026-04-16T11:16:25+00:00","og_image":[{"width":500,"height":405,"url":"https:\/\/www.designenlassen.de\/blog\/wp-content\/uploads\/2024\/01\/871546_elektriker-logo-elektrotechnik.jpg","type":"image\/jpeg"}],"author":"Patrick Schady","twitter_card":"summary_large_image","twitter_misc":{"Verfasst von":"Patrick Schady","Gesch\u00e4tzte Lesezeit":"11\u00a0Minuten"},"schema":{"@context":"https:\/\/schema.org","@graph":[{"@type":"Article","@id":"https:\/\/www.designenlassen.de\/blog\/kann-solarenergie-die-zukunft-der-mobilitaet-stuetzen\/#article","isPartOf":{"@id":"https:\/\/www.designenlassen.de\/blog\/kann-solarenergie-die-zukunft-der-mobilitaet-stuetzen\/"},"author":{"name":"Patrick Schady","@id":"https:\/\/www.designenlassen.de\/blog\/#\/schema\/person\/1e6e4a367ec0359155d5fbb01227c1ca"},"headline":"Kann Solarenergie die Zukunft der Mobilit\u00e4t st\u00fctzen?","datePublished":"2026-03-19T08:33:12+00:00","dateModified":"2026-04-16T11:16:25+00:00","mainEntityOfPage":{"@id":"https:\/\/www.designenlassen.de\/blog\/kann-solarenergie-die-zukunft-der-mobilitaet-stuetzen\/"},"wordCount":1630,"commentCount":0,"image":{"@id":"https:\/\/www.designenlassen.de\/blog\/kann-solarenergie-die-zukunft-der-mobilitaet-stuetzen\/#primaryimage"},"thumbnailUrl":"https:\/\/www.designenlassen.de\/blog\/wp-content\/uploads\/2024\/01\/871546_elektriker-logo-elektrotechnik.jpg","inLanguage":"de","potentialAction":[{"@type":"CommentAction","name":"Comment","target":["https:\/\/www.designenlassen.de\/blog\/kann-solarenergie-die-zukunft-der-mobilitaet-stuetzen\/#respond"]}]},{"@type":"WebPage","@id":"https:\/\/www.designenlassen.de\/blog\/kann-solarenergie-die-zukunft-der-mobilitaet-stuetzen\/","url":"https:\/\/www.designenlassen.de\/blog\/kann-solarenergie-die-zukunft-der-mobilitaet-stuetzen\/","name":"Kann Solarenergie die Zukunft der Mobilit\u00e4t st\u00fctzen? - designenlassen.de Blog","isPartOf":{"@id":"https:\/\/www.designenlassen.de\/blog\/#website"},"primaryImageOfPage":{"@id":"https:\/\/www.designenlassen.de\/blog\/kann-solarenergie-die-zukunft-der-mobilitaet-stuetzen\/#primaryimage"},"image":{"@id":"https:\/\/www.designenlassen.de\/blog\/kann-solarenergie-die-zukunft-der-mobilitaet-stuetzen\/#primaryimage"},"thumbnailUrl":"https:\/\/www.designenlassen.de\/blog\/wp-content\/uploads\/2024\/01\/871546_elektriker-logo-elektrotechnik.jpg","datePublished":"2026-03-19T08:33:12+00:00","dateModified":"2026-04-16T11:16:25+00:00","author":{"@id":"https:\/\/www.designenlassen.de\/blog\/#\/schema\/person\/1e6e4a367ec0359155d5fbb01227c1ca"},"breadcrumb":{"@id":"https:\/\/www.designenlassen.de\/blog\/kann-solarenergie-die-zukunft-der-mobilitaet-stuetzen\/#breadcrumb"},"inLanguage":"de","potentialAction":[{"@type":"ReadAction","target":["https:\/\/www.designenlassen.de\/blog\/kann-solarenergie-die-zukunft-der-mobilitaet-stuetzen\/"]}]},{"@type":"ImageObject","inLanguage":"de","@id":"https:\/\/www.designenlassen.de\/blog\/kann-solarenergie-die-zukunft-der-mobilitaet-stuetzen\/#primaryimage","url":"https:\/\/www.designenlassen.de\/blog\/wp-content\/uploads\/2024\/01\/871546_elektriker-logo-elektrotechnik.jpg","contentUrl":"https:\/\/www.designenlassen.de\/blog\/wp-content\/uploads\/2024\/01\/871546_elektriker-logo-elektrotechnik.jpg","width":500,"height":405,"caption":"Elektriker Logo"},{"@type":"BreadcrumbList","@id":"https:\/\/www.designenlassen.de\/blog\/kann-solarenergie-die-zukunft-der-mobilitaet-stuetzen\/#breadcrumb","itemListElement":[{"@type":"ListItem","position":1,"name":"Start","item":"https:\/\/www.designenlassen.de\/blog\/"},{"@type":"ListItem","position":2,"name":"Kann Solarenergie die Zukunft der Mobilit\u00e4t st\u00fctzen?"}]},{"@type":"WebSite","@id":"https:\/\/www.designenlassen.de\/blog\/#website","url":"https:\/\/www.designenlassen.de\/blog\/","name":"designenlassen.de Blog","description":"Inspirationen, Tipps und Ideen f\u00fcr Designer sowie Gr\u00fcnder und Kleinbetriebe.","potentialAction":[{"@type":"SearchAction","target":{"@type":"EntryPoint","urlTemplate":"https:\/\/www.designenlassen.de\/blog\/?s={search_term_string}"},"query-input":{"@type":"PropertyValueSpecification","valueRequired":true,"valueName":"search_term_string"}}],"inLanguage":"de"},{"@type":"Person","@id":"https:\/\/www.designenlassen.de\/blog\/#\/schema\/person\/1e6e4a367ec0359155d5fbb01227c1ca","name":"Patrick Schady","image":{"@type":"ImageObject","inLanguage":"de","@id":"https:\/\/www.designenlassen.de\/blog\/#\/schema\/person\/image\/","url":"https:\/\/secure.gravatar.com\/avatar\/41cfafecfbfd30ee6bc4cc02dd530ef067050210239f1d60debda10ce9c038d7?s=96&d=mm&r=g","contentUrl":"https:\/\/secure.gravatar.com\/avatar\/41cfafecfbfd30ee6bc4cc02dd530ef067050210239f1d60debda10ce9c038d7?s=96&d=mm&r=g","caption":"Patrick Schady"},"url":"https:\/\/www.designenlassen.de\/blog\/author\/patrick\/"}]}},"_links":{"self":[{"href":"https:\/\/www.designenlassen.de\/blog\/wp-json\/wp\/v2\/posts\/34406","targetHints":{"allow":["GET"]}}],"collection":[{"href":"https:\/\/www.designenlassen.de\/blog\/wp-json\/wp\/v2\/posts"}],"about":[{"href":"https:\/\/www.designenlassen.de\/blog\/wp-json\/wp\/v2\/types\/post"}],"author":[{"embeddable":true,"href":"https:\/\/www.designenlassen.de\/blog\/wp-json\/wp\/v2\/users\/24"}],"replies":[{"embeddable":true,"href":"https:\/\/www.designenlassen.de\/blog\/wp-json\/wp\/v2\/comments?post=34406"}],"version-history":[{"count":3,"href":"https:\/\/www.designenlassen.de\/blog\/wp-json\/wp\/v2\/posts\/34406\/revisions"}],"predecessor-version":[{"id":34409,"href":"https:\/\/www.designenlassen.de\/blog\/wp-json\/wp\/v2\/posts\/34406\/revisions\/34409"}],"wp:featuredmedia":[{"embeddable":true,"href":"https:\/\/www.designenlassen.de\/blog\/wp-json\/wp\/v2\/media\/27815"}],"wp:attachment":[{"href":"https:\/\/www.designenlassen.de\/blog\/wp-json\/wp\/v2\/media?parent=34406"}],"wp:term":[{"taxonomy":"category","embeddable":true,"href":"https:\/\/www.designenlassen.de\/blog\/wp-json\/wp\/v2\/categories?post=34406"},{"taxonomy":"post_tag","embeddable":true,"href":"https:\/\/www.designenlassen.de\/blog\/wp-json\/wp\/v2\/tags?post=34406"}],"curies":[{"name":"wp","href":"https:\/\/api.w.org\/{rel}","templated":true}]}}