{"id":3948,"date":"2015-06-26T07:07:52","date_gmt":"2015-06-26T06:07:52","guid":{"rendered":"http:\/\/www.designenlassen.de\/blog\/?p=3948"},"modified":"2023-05-25T09:49:08","modified_gmt":"2023-05-25T07:49:08","slug":"logo-design-fuer-personal-trainer-frisch-modern-kernig-maennlich-und-kraftvoll","status":"publish","type":"post","link":"https:\/\/www.designenlassen.de\/blog\/logo-design-fuer-personal-trainer-frisch-modern-kernig-maennlich-und-kraftvoll\/","title":{"rendered":"Logo-Design f\u00fcr Personal Trainer &#8211; frisch, modern, kernig, m\u00e4nnlich und kraftvoll"},"content":{"rendered":"<h2>Auftraggeber-Interview: Jonathan Wagner &#8211; Urkraft Athletik<\/h2>\n<h4>Erz\u00e4hlen Sie uns doch zun\u00e4chst etwas \u00fcber sich und Ihre T\u00e4tigkeit?<\/h4>\n<p><img fetchpriority=\"high\" decoding=\"async\" class=\"alignleft wp-image-3950 size-medium\" src=\"https:\/\/www.designenlassen.de\/blog\/wp-content\/uploads\/2015\/06\/Jonathan-Wagner-246x300.jpg\" alt=\"Jonathan Wagner\" width=\"246\" height=\"300\" srcset=\"https:\/\/www.designenlassen.de\/blog\/wp-content\/uploads\/2015\/06\/Jonathan-Wagner-246x300.jpg 246w, https:\/\/www.designenlassen.de\/blog\/wp-content\/uploads\/2015\/06\/Jonathan-Wagner-839x1024.jpg 839w, https:\/\/www.designenlassen.de\/blog\/wp-content\/uploads\/2015\/06\/Jonathan-Wagner-1170x1428.jpg 1170w, https:\/\/www.designenlassen.de\/blog\/wp-content\/uploads\/2015\/06\/Jonathan-Wagner-585x714.jpg 585w, https:\/\/www.designenlassen.de\/blog\/wp-content\/uploads\/2015\/06\/Jonathan-Wagner-600x732.jpg 600w, https:\/\/www.designenlassen.de\/blog\/wp-content\/uploads\/2015\/06\/Jonathan-Wagner.jpg 1302w\" sizes=\"(max-width: 246px) 100vw, 246px\" \/>Mein Name ist Jonathan Wagner und bin gerade dabei mich als Trainer selbstst\u00e4ndig zu machen. Mein gro\u00dfer Traum ist es, von etwas leben zu k\u00f6nnen, was mir Spa\u00df macht und in dem ich als Mensch aufgehen kann &#8211; das ist f\u00fcr mich Sport und Bewegung. Ich habe viele Jahre als Trainer in Vereinen gearbeitet und nun beschlossen mich als Trainer selbstst\u00e4ndig zu machen. Dabei kam mir die Idee nicht in Fitnessstudio oder Hallen Training zu geben, sondern drau\u00dfen in der Natur. Aber nicht wie das vielf\u00e4ltige \u00fcbliche Outdoor Training, mit mitgebrachtem Equipment, sondern mit dem was die Natur selbst schon mitbringt. Also Baumst\u00e4mme oder Steine als Krafttrainingsger\u00e4te, sowie nat\u00fcrlich das eigene K\u00f6rpergewicht. In meinem Training steht der gesamte K\u00f6rper des Menschen im Fokus. Es geht um die Urspr\u00fcnglichkeit von Bewegung, Kraft, Ausdauer und das erleben in der Natur zu jeder Jahreszeit. Es geht um das f\u00fchlen und erfahren seiner eigenen Kraft, Leistungsf\u00e4higkeit, Grenzen die der Mensch zu allen Zeiten erlebt, genutzt und besessen hat und immer noch in sich tr\u00e4gt, aber durch den heutigen Alltag stark unterdr\u00fcckt. Mir geht es in meinem Training darum diese Kraft und Leistungsf\u00e4higkeit, die jeder in sich hat, wieder hervor zu holen.<!--more--><\/p>\n<h4>Was genau haben Sie auf designenlassen.de ausgeschrieben und was hat f\u00fcr Sie den Ausschlag gegeben, das Projekt als Designwettbewerb durchzuf\u00fchren?<\/h4>\n<p>Da ich noch am Anfang meiner Selbstst\u00e4ndigkeit stehe ist mir gerade das Logo sehr wichtig, da es sowohl f\u00fcr mich als Mensch als auch f\u00fcr das Unternehmen stehen sollte. Deswegen wollte ich das so viele Designer wie m\u00f6glich ihre Ideen dazu beitragen, um f\u00fcr mich das passende Logo zu finden. Deswegen fand ich die Idee mein Logo bei designenlassen.de auszuschreiben so interessant, da dort einfach sehr viel mehr kreative Ideen zusammen kommen, als wenn ich nur einen Designer beauftragt h\u00e4tte.<\/p>\n<p>Ausgeschrieben war das Projekt als Logo f\u00fcr einen Personal Trainer mit einer genauen Beschreibung meines Trainings, der genauen Beschreibung meiner Zielgruppe, welche Farben ich mir vorstellen k\u00f6nnte, das es ein Tiermensch enthalten sollte, die Vorstellung von Schrift und wie das Logo wirken sollte &#8211; also kernig, modern und so weiter.<\/p>\n<h4><span style=\"line-height: 1.5;\">Wie war der Projektverlauf? Wie war die Zusammenarbeit mit den Designern auf der Online-Plattform?<\/span><\/h4>\n<p>W\u00e4hrend der Projektlaufzeit habe ich immer wieder Erg\u00e4nzungen, Anregungen, Vorstellungen als \u00f6ffentlichen Kommentar mitgeteilt und habe auf die Designer und deren Entw\u00fcrfe schnell reagiert. Ich fand die Zusammenarbeit mit den Designern super, da diese sehr schnell reagiert haben auf meine Kommentare. Insgesamt habe ich <a href=\"https:\/\/www.designenlassen.de\/843216-logo-fuer-personal-trainer\">\u00fcber 50 Vorschl\u00e4ge<\/a> erhalten, wobei mir dann der Designer Majkimalek ganz besonders gut gefallen hat, da dieser meine Vorstellungen meines Logos perfekt umgesetzt hat.<\/p>\n<p>\u200bNochmal Danke daf\u00fcr !!!<\/p>\n<p>Es gab kein Design was wirklich schlecht war, alle Designs die ich bekommen habe waren qualitativ sehr gut, aber es kann eben nur einer der Gewinner sein.<\/p>\n<h4>K\u00f6nnen Sie uns sagen, warum genau dies Ihr Gewinner-Design wurde?<\/h4>\n<p>Das Design von Majkimalek hat deswegen Gewonnen, da er genau meine Vorstellung umgesetzt hat. Ich mag einfach seinen Stil, frisch, modern &#8211; in meinem Fall kernig, m\u00e4nnlich und kraftvoll. Au\u00dferdem fand ich die Zusammenarbeit sehr gut mit ihm und ich w\u00fcrde ihn auch bei einem neuen Projekt erneut als Designer beauftragen wollen.<\/p>\n<p><img decoding=\"async\" class=\"aligncenter wp-image-3949\" src=\"https:\/\/www.designenlassen.de\/blog\/wp-content\/uploads\/2015\/06\/Logo-Design-Urkraft-1024x576.jpg\" alt=\"Logo-Design Urkraft\" width=\"750\" height=\"422\" srcset=\"https:\/\/www.designenlassen.de\/blog\/wp-content\/uploads\/2015\/06\/Logo-Design-Urkraft-1024x576.jpg 1024w, https:\/\/www.designenlassen.de\/blog\/wp-content\/uploads\/2015\/06\/Logo-Design-Urkraft-300x169.jpg 300w, https:\/\/www.designenlassen.de\/blog\/wp-content\/uploads\/2015\/06\/Logo-Design-Urkraft.jpg 1920w\" sizes=\"(max-width: 750px) 100vw, 750px\" \/><\/p>\n<h4><span style=\"line-height: 1.5;\">Haben Sie f\u00fcr andere Auftraggeber Tipps f\u00fcr einen erfolgreichen Projektverlauf?<\/span><\/h4>\n<p>Mein Tipp f\u00fcr zuk\u00fcnftige Auftraggeber w\u00e4re, schon im Vorfeld genau zu wissen, wer meine Zielgruppe sein soll und ein gutes Briefing zu schreiben. Je genauer dieses ist, umso besser wird auch das Ergebnis werden. Und ich w\u00fcrde auf die Designvorschl\u00e4ge schnell reagieren. Au\u00dferdem w\u00fcrde ich Designer zu meinem Projekt einladen oder auch gezielt anschreiben. Dadurch erweitere ich die Anzahl von Designervorschl\u00e4gen und bekomme direkt Vorschl\u00e4ge von Designern deren Stil mir von vorne herein gef\u00e4llt.<\/p>\n<h4>Wie geht es jetzt weiter? Was sind Ihre Pl\u00e4ne mit dem neuen Design?<\/h4>\n<p>Mein Logo wird in jedem Fall f\u00fcr meine Homepage, Werbung und T-Shirts seine Verwendung finden und dort zum Einsatz kommen.<\/p>\n<hr>\n<p style=\"text-align: center;\">Hier geht es zu unserem letzten <a href=\"\/blog\/nur-wenige-stunden-und-ich-hatte-zehn-logo-design-vorschlaege\/\">Auftraggeber-Interview mit Markus Weise<\/a>.<\/p>\n<hr>\n","protected":false},"excerpt":{"rendered":"<p>Auftraggeber-Interview: Jonathan Wagner &#8211; Urkraft Athletik Erz\u00e4hlen Sie uns doch zun\u00e4chst etwas \u00fcber sich und Ihre&hellip;<\/p>\n","protected":false},"author":1,"featured_media":3950,"comment_status":"open","ping_status":"open","sticky":false,"template":"","format":"standard","meta":{"_lmt_disableupdate":"","_lmt_disable":"","footnotes":""},"categories":[7],"tags":[],"class_list":["post-3948","post","type-post","status-publish","format-standard","has-post-thumbnail","hentry","category-interviews"],"yoast_head":"<!-- This site is optimized with the Yoast SEO plugin v26.7 - https:\/\/yoast.com\/wordpress\/plugins\/seo\/ -->\n<title>Logo-Design f\u00fcr Personal Trainer - frisch, modern, kernig, m\u00e4nnlich und kraftvoll - designenlassen.de Blog<\/title>\n<meta name=\"description\" content=\"Personal Trainer Jonathan \u00fcber seine Erfahrungen auf designenlassen.de: &quot;Ich fand die Zusammenarbeit mit den Designern super!&quot;\" \/>\n<meta name=\"robots\" content=\"index, follow, max-snippet:-1, max-image-preview:large, max-video-preview:-1\" \/>\n<link rel=\"canonical\" href=\"https:\/\/www.designenlassen.de\/blog\/logo-design-fuer-personal-trainer-frisch-modern-kernig-maennlich-und-kraftvoll\/\" \/>\n<meta property=\"og:locale\" content=\"de_DE\" \/>\n<meta property=\"og:type\" content=\"article\" \/>\n<meta property=\"og:title\" content=\"Logo-Design f\u00fcr Personal Trainer - frisch, modern, kernig, m\u00e4nnlich und kraftvoll - designenlassen.de Blog\" \/>\n<meta property=\"og:description\" content=\"Personal Trainer Jonathan \u00fcber seine Erfahrungen auf designenlassen.de: &quot;Ich fand die Zusammenarbeit mit den Designern super!&quot;\" \/>\n<meta property=\"og:url\" content=\"https:\/\/www.designenlassen.de\/blog\/logo-design-fuer-personal-trainer-frisch-modern-kernig-maennlich-und-kraftvoll\/\" \/>\n<meta property=\"og:site_name\" content=\"designenlassen.de Blog\" \/>\n<meta property=\"article:author\" content=\"designenlassen\" \/>\n<meta property=\"article:published_time\" content=\"2015-06-26T06:07:52+00:00\" \/>\n<meta property=\"article:modified_time\" content=\"2023-05-25T07:49:08+00:00\" \/>\n<meta property=\"og:image\" content=\"https:\/\/www.designenlassen.de\/blog\/wp-content\/uploads\/2015\/06\/Jonathan-Wagner.jpg\" \/>\n\t<meta property=\"og:image:width\" content=\"1302\" \/>\n\t<meta property=\"og:image:height\" content=\"1589\" \/>\n\t<meta property=\"og:image:type\" content=\"image\/jpeg\" \/>\n<meta name=\"author\" content=\"Michael\" \/>\n<meta name=\"twitter:card\" content=\"summary_large_image\" \/>\n<meta name=\"twitter:label1\" content=\"Verfasst von\" \/>\n\t<meta name=\"twitter:data1\" content=\"Michael\" \/>\n\t<meta name=\"twitter:label2\" content=\"Gesch\u00e4tzte Lesezeit\" \/>\n\t<meta name=\"twitter:data2\" content=\"5\u00a0Minuten\" \/>\n<script type=\"application\/ld+json\" class=\"yoast-schema-graph\">{\"@context\":\"https:\/\/schema.org\",\"@graph\":[{\"@type\":\"Article\",\"@id\":\"https:\/\/www.designenlassen.de\/blog\/logo-design-fuer-personal-trainer-frisch-modern-kernig-maennlich-und-kraftvoll\/#article\",\"isPartOf\":{\"@id\":\"https:\/\/www.designenlassen.de\/blog\/logo-design-fuer-personal-trainer-frisch-modern-kernig-maennlich-und-kraftvoll\/\"},\"author\":{\"name\":\"Michael\",\"@id\":\"https:\/\/www.designenlassen.de\/blog\/#\/schema\/person\/23826c4c9da4e90bfb2ae6458e3a56f7\"},\"headline\":\"Logo-Design f\u00fcr Personal Trainer &#8211; frisch, modern, kernig, m\u00e4nnlich und kraftvoll\",\"datePublished\":\"2015-06-26T06:07:52+00:00\",\"dateModified\":\"2023-05-25T07:49:08+00:00\",\"mainEntityOfPage\":{\"@id\":\"https:\/\/www.designenlassen.de\/blog\/logo-design-fuer-personal-trainer-frisch-modern-kernig-maennlich-und-kraftvoll\/\"},\"wordCount\":733,\"commentCount\":1,\"image\":{\"@id\":\"https:\/\/www.designenlassen.de\/blog\/logo-design-fuer-personal-trainer-frisch-modern-kernig-maennlich-und-kraftvoll\/#primaryimage\"},\"thumbnailUrl\":\"https:\/\/www.designenlassen.de\/blog\/wp-content\/uploads\/2015\/06\/Jonathan-Wagner.jpg\",\"articleSection\":[\"Interviews\"],\"inLanguage\":\"de\",\"potentialAction\":[{\"@type\":\"CommentAction\",\"name\":\"Comment\",\"target\":[\"https:\/\/www.designenlassen.de\/blog\/logo-design-fuer-personal-trainer-frisch-modern-kernig-maennlich-und-kraftvoll\/#respond\"]}]},{\"@type\":\"WebPage\",\"@id\":\"https:\/\/www.designenlassen.de\/blog\/logo-design-fuer-personal-trainer-frisch-modern-kernig-maennlich-und-kraftvoll\/\",\"url\":\"https:\/\/www.designenlassen.de\/blog\/logo-design-fuer-personal-trainer-frisch-modern-kernig-maennlich-und-kraftvoll\/\",\"name\":\"Logo-Design f\u00fcr Personal Trainer - frisch, modern, kernig, m\u00e4nnlich und kraftvoll - designenlassen.de Blog\",\"isPartOf\":{\"@id\":\"https:\/\/www.designenlassen.de\/blog\/#website\"},\"primaryImageOfPage\":{\"@id\":\"https:\/\/www.designenlassen.de\/blog\/logo-design-fuer-personal-trainer-frisch-modern-kernig-maennlich-und-kraftvoll\/#primaryimage\"},\"image\":{\"@id\":\"https:\/\/www.designenlassen.de\/blog\/logo-design-fuer-personal-trainer-frisch-modern-kernig-maennlich-und-kraftvoll\/#primaryimage\"},\"thumbnailUrl\":\"https:\/\/www.designenlassen.de\/blog\/wp-content\/uploads\/2015\/06\/Jonathan-Wagner.jpg\",\"datePublished\":\"2015-06-26T06:07:52+00:00\",\"dateModified\":\"2023-05-25T07:49:08+00:00\",\"author\":{\"@id\":\"https:\/\/www.designenlassen.de\/blog\/#\/schema\/person\/23826c4c9da4e90bfb2ae6458e3a56f7\"},\"description\":\"Personal Trainer Jonathan \u00fcber seine Erfahrungen auf designenlassen.de: \\\"Ich fand die Zusammenarbeit mit den Designern super!\\\"\",\"breadcrumb\":{\"@id\":\"https:\/\/www.designenlassen.de\/blog\/logo-design-fuer-personal-trainer-frisch-modern-kernig-maennlich-und-kraftvoll\/#breadcrumb\"},\"inLanguage\":\"de\",\"potentialAction\":[{\"@type\":\"ReadAction\",\"target\":[\"https:\/\/www.designenlassen.de\/blog\/logo-design-fuer-personal-trainer-frisch-modern-kernig-maennlich-und-kraftvoll\/\"]}]},{\"@type\":\"ImageObject\",\"inLanguage\":\"de\",\"@id\":\"https:\/\/www.designenlassen.de\/blog\/logo-design-fuer-personal-trainer-frisch-modern-kernig-maennlich-und-kraftvoll\/#primaryimage\",\"url\":\"https:\/\/www.designenlassen.de\/blog\/wp-content\/uploads\/2015\/06\/Jonathan-Wagner.jpg\",\"contentUrl\":\"https:\/\/www.designenlassen.de\/blog\/wp-content\/uploads\/2015\/06\/Jonathan-Wagner.jpg\",\"width\":1302,\"height\":1589},{\"@type\":\"BreadcrumbList\",\"@id\":\"https:\/\/www.designenlassen.de\/blog\/logo-design-fuer-personal-trainer-frisch-modern-kernig-maennlich-und-kraftvoll\/#breadcrumb\",\"itemListElement\":[{\"@type\":\"ListItem\",\"position\":1,\"name\":\"Start\",\"item\":\"https:\/\/www.designenlassen.de\/blog\/\"},{\"@type\":\"ListItem\",\"position\":2,\"name\":\"Logo-Design f\u00fcr Personal Trainer &#8211; frisch, modern, kernig, m\u00e4nnlich und kraftvoll\"}]},{\"@type\":\"WebSite\",\"@id\":\"https:\/\/www.designenlassen.de\/blog\/#website\",\"url\":\"https:\/\/www.designenlassen.de\/blog\/\",\"name\":\"designenlassen.de Blog\",\"description\":\"Inspirationen, Tipps und Ideen f\u00fcr Designer sowie Gr\u00fcnder und Kleinbetriebe.\",\"potentialAction\":[{\"@type\":\"SearchAction\",\"target\":{\"@type\":\"EntryPoint\",\"urlTemplate\":\"https:\/\/www.designenlassen.de\/blog\/?s={search_term_string}\"},\"query-input\":{\"@type\":\"PropertyValueSpecification\",\"valueRequired\":true,\"valueName\":\"search_term_string\"}}],\"inLanguage\":\"de\"},{\"@type\":\"Person\",\"@id\":\"https:\/\/www.designenlassen.de\/blog\/#\/schema\/person\/23826c4c9da4e90bfb2ae6458e3a56f7\",\"name\":\"Michael\",\"image\":{\"@type\":\"ImageObject\",\"inLanguage\":\"de\",\"@id\":\"https:\/\/www.designenlassen.de\/blog\/#\/schema\/person\/image\/\",\"url\":\"https:\/\/secure.gravatar.com\/avatar\/5fa10ddc102742b9339fcb7e3486ffe59189bde4da4b5b776a3d1e83cd66f4b2?s=96&d=mm&r=g\",\"contentUrl\":\"https:\/\/secure.gravatar.com\/avatar\/5fa10ddc102742b9339fcb7e3486ffe59189bde4da4b5b776a3d1e83cd66f4b2?s=96&d=mm&r=g\",\"caption\":\"Michael\"},\"description\":\"Michael ist einer der Gr\u00fcnder von designenlassen.de und schreibt hier im Blog \u00fcber Weiterentwicklungen der Plattform und verschiedenste Design-Themen.\",\"sameAs\":[\"designenlassen\"],\"url\":\"https:\/\/www.designenlassen.de\/blog\/author\/admin\/\"}]}<\/script>\n<!-- \/ Yoast SEO plugin. -->","yoast_head_json":{"title":"Logo-Design f\u00fcr Personal Trainer - frisch, modern, kernig, m\u00e4nnlich und kraftvoll - designenlassen.de Blog","description":"Personal Trainer Jonathan \u00fcber seine Erfahrungen auf designenlassen.de: \"Ich fand die Zusammenarbeit mit den Designern super!\"","robots":{"index":"index","follow":"follow","max-snippet":"max-snippet:-1","max-image-preview":"max-image-preview:large","max-video-preview":"max-video-preview:-1"},"canonical":"https:\/\/www.designenlassen.de\/blog\/logo-design-fuer-personal-trainer-frisch-modern-kernig-maennlich-und-kraftvoll\/","og_locale":"de_DE","og_type":"article","og_title":"Logo-Design f\u00fcr Personal Trainer - frisch, modern, kernig, m\u00e4nnlich und kraftvoll - designenlassen.de Blog","og_description":"Personal Trainer Jonathan \u00fcber seine Erfahrungen auf designenlassen.de: \"Ich fand die Zusammenarbeit mit den Designern super!\"","og_url":"https:\/\/www.designenlassen.de\/blog\/logo-design-fuer-personal-trainer-frisch-modern-kernig-maennlich-und-kraftvoll\/","og_site_name":"designenlassen.de Blog","article_author":"designenlassen","article_published_time":"2015-06-26T06:07:52+00:00","article_modified_time":"2023-05-25T07:49:08+00:00","og_image":[{"width":1302,"height":1589,"url":"https:\/\/www.designenlassen.de\/blog\/wp-content\/uploads\/2015\/06\/Jonathan-Wagner.jpg","type":"image\/jpeg"}],"author":"Michael","twitter_card":"summary_large_image","twitter_misc":{"Verfasst von":"Michael","Gesch\u00e4tzte Lesezeit":"5\u00a0Minuten"},"schema":{"@context":"https:\/\/schema.org","@graph":[{"@type":"Article","@id":"https:\/\/www.designenlassen.de\/blog\/logo-design-fuer-personal-trainer-frisch-modern-kernig-maennlich-und-kraftvoll\/#article","isPartOf":{"@id":"https:\/\/www.designenlassen.de\/blog\/logo-design-fuer-personal-trainer-frisch-modern-kernig-maennlich-und-kraftvoll\/"},"author":{"name":"Michael","@id":"https:\/\/www.designenlassen.de\/blog\/#\/schema\/person\/23826c4c9da4e90bfb2ae6458e3a56f7"},"headline":"Logo-Design f\u00fcr Personal Trainer &#8211; frisch, modern, kernig, m\u00e4nnlich und kraftvoll","datePublished":"2015-06-26T06:07:52+00:00","dateModified":"2023-05-25T07:49:08+00:00","mainEntityOfPage":{"@id":"https:\/\/www.designenlassen.de\/blog\/logo-design-fuer-personal-trainer-frisch-modern-kernig-maennlich-und-kraftvoll\/"},"wordCount":733,"commentCount":1,"image":{"@id":"https:\/\/www.designenlassen.de\/blog\/logo-design-fuer-personal-trainer-frisch-modern-kernig-maennlich-und-kraftvoll\/#primaryimage"},"thumbnailUrl":"https:\/\/www.designenlassen.de\/blog\/wp-content\/uploads\/2015\/06\/Jonathan-Wagner.jpg","articleSection":["Interviews"],"inLanguage":"de","potentialAction":[{"@type":"CommentAction","name":"Comment","target":["https:\/\/www.designenlassen.de\/blog\/logo-design-fuer-personal-trainer-frisch-modern-kernig-maennlich-und-kraftvoll\/#respond"]}]},{"@type":"WebPage","@id":"https:\/\/www.designenlassen.de\/blog\/logo-design-fuer-personal-trainer-frisch-modern-kernig-maennlich-und-kraftvoll\/","url":"https:\/\/www.designenlassen.de\/blog\/logo-design-fuer-personal-trainer-frisch-modern-kernig-maennlich-und-kraftvoll\/","name":"Logo-Design f\u00fcr Personal Trainer - frisch, modern, kernig, m\u00e4nnlich und kraftvoll - designenlassen.de Blog","isPartOf":{"@id":"https:\/\/www.designenlassen.de\/blog\/#website"},"primaryImageOfPage":{"@id":"https:\/\/www.designenlassen.de\/blog\/logo-design-fuer-personal-trainer-frisch-modern-kernig-maennlich-und-kraftvoll\/#primaryimage"},"image":{"@id":"https:\/\/www.designenlassen.de\/blog\/logo-design-fuer-personal-trainer-frisch-modern-kernig-maennlich-und-kraftvoll\/#primaryimage"},"thumbnailUrl":"https:\/\/www.designenlassen.de\/blog\/wp-content\/uploads\/2015\/06\/Jonathan-Wagner.jpg","datePublished":"2015-06-26T06:07:52+00:00","dateModified":"2023-05-25T07:49:08+00:00","author":{"@id":"https:\/\/www.designenlassen.de\/blog\/#\/schema\/person\/23826c4c9da4e90bfb2ae6458e3a56f7"},"description":"Personal Trainer Jonathan \u00fcber seine Erfahrungen auf designenlassen.de: \"Ich fand die Zusammenarbeit mit den Designern super!\"","breadcrumb":{"@id":"https:\/\/www.designenlassen.de\/blog\/logo-design-fuer-personal-trainer-frisch-modern-kernig-maennlich-und-kraftvoll\/#breadcrumb"},"inLanguage":"de","potentialAction":[{"@type":"ReadAction","target":["https:\/\/www.designenlassen.de\/blog\/logo-design-fuer-personal-trainer-frisch-modern-kernig-maennlich-und-kraftvoll\/"]}]},{"@type":"ImageObject","inLanguage":"de","@id":"https:\/\/www.designenlassen.de\/blog\/logo-design-fuer-personal-trainer-frisch-modern-kernig-maennlich-und-kraftvoll\/#primaryimage","url":"https:\/\/www.designenlassen.de\/blog\/wp-content\/uploads\/2015\/06\/Jonathan-Wagner.jpg","contentUrl":"https:\/\/www.designenlassen.de\/blog\/wp-content\/uploads\/2015\/06\/Jonathan-Wagner.jpg","width":1302,"height":1589},{"@type":"BreadcrumbList","@id":"https:\/\/www.designenlassen.de\/blog\/logo-design-fuer-personal-trainer-frisch-modern-kernig-maennlich-und-kraftvoll\/#breadcrumb","itemListElement":[{"@type":"ListItem","position":1,"name":"Start","item":"https:\/\/www.designenlassen.de\/blog\/"},{"@type":"ListItem","position":2,"name":"Logo-Design f\u00fcr Personal Trainer &#8211; frisch, modern, kernig, m\u00e4nnlich und kraftvoll"}]},{"@type":"WebSite","@id":"https:\/\/www.designenlassen.de\/blog\/#website","url":"https:\/\/www.designenlassen.de\/blog\/","name":"designenlassen.de Blog","description":"Inspirationen, Tipps und Ideen f\u00fcr Designer sowie Gr\u00fcnder und Kleinbetriebe.","potentialAction":[{"@type":"SearchAction","target":{"@type":"EntryPoint","urlTemplate":"https:\/\/www.designenlassen.de\/blog\/?s={search_term_string}"},"query-input":{"@type":"PropertyValueSpecification","valueRequired":true,"valueName":"search_term_string"}}],"inLanguage":"de"},{"@type":"Person","@id":"https:\/\/www.designenlassen.de\/blog\/#\/schema\/person\/23826c4c9da4e90bfb2ae6458e3a56f7","name":"Michael","image":{"@type":"ImageObject","inLanguage":"de","@id":"https:\/\/www.designenlassen.de\/blog\/#\/schema\/person\/image\/","url":"https:\/\/secure.gravatar.com\/avatar\/5fa10ddc102742b9339fcb7e3486ffe59189bde4da4b5b776a3d1e83cd66f4b2?s=96&d=mm&r=g","contentUrl":"https:\/\/secure.gravatar.com\/avatar\/5fa10ddc102742b9339fcb7e3486ffe59189bde4da4b5b776a3d1e83cd66f4b2?s=96&d=mm&r=g","caption":"Michael"},"description":"Michael ist einer der Gr\u00fcnder von designenlassen.de und schreibt hier im Blog \u00fcber Weiterentwicklungen der Plattform und verschiedenste Design-Themen.","sameAs":["designenlassen"],"url":"https:\/\/www.designenlassen.de\/blog\/author\/admin\/"}]}},"_links":{"self":[{"href":"https:\/\/www.designenlassen.de\/blog\/wp-json\/wp\/v2\/posts\/3948","targetHints":{"allow":["GET"]}}],"collection":[{"href":"https:\/\/www.designenlassen.de\/blog\/wp-json\/wp\/v2\/posts"}],"about":[{"href":"https:\/\/www.designenlassen.de\/blog\/wp-json\/wp\/v2\/types\/post"}],"author":[{"embeddable":true,"href":"https:\/\/www.designenlassen.de\/blog\/wp-json\/wp\/v2\/users\/1"}],"replies":[{"embeddable":true,"href":"https:\/\/www.designenlassen.de\/blog\/wp-json\/wp\/v2\/comments?post=3948"}],"version-history":[{"count":21,"href":"https:\/\/www.designenlassen.de\/blog\/wp-json\/wp\/v2\/posts\/3948\/revisions"}],"predecessor-version":[{"id":26942,"href":"https:\/\/www.designenlassen.de\/blog\/wp-json\/wp\/v2\/posts\/3948\/revisions\/26942"}],"wp:featuredmedia":[{"embeddable":true,"href":"https:\/\/www.designenlassen.de\/blog\/wp-json\/wp\/v2\/media\/3950"}],"wp:attachment":[{"href":"https:\/\/www.designenlassen.de\/blog\/wp-json\/wp\/v2\/media?parent=3948"}],"wp:term":[{"taxonomy":"category","embeddable":true,"href":"https:\/\/www.designenlassen.de\/blog\/wp-json\/wp\/v2\/categories?post=3948"},{"taxonomy":"post_tag","embeddable":true,"href":"https:\/\/www.designenlassen.de\/blog\/wp-json\/wp\/v2\/tags?post=3948"}],"curies":[{"name":"wp","href":"https:\/\/api.w.org\/{rel}","templated":true}]}}