{"id":4361,"date":"2015-07-20T13:10:24","date_gmt":"2015-07-20T12:10:24","guid":{"rendered":"http:\/\/www.designenlassen.de\/blog\/?p=4361"},"modified":"2023-05-17T13:35:10","modified_gmt":"2023-05-17T11:35:10","slug":"designwettbewerb-fuer-ebook-cover-design-moritz-hirche-im-interview","status":"publish","type":"post","link":"https:\/\/www.designenlassen.de\/blog\/designwettbewerb-fuer-ebook-cover-design-moritz-hirche-im-interview\/","title":{"rendered":"Designwettbewerb f\u00fcr eBook Cover-Design &#8211; Moritz Hirche im Interview"},"content":{"rendered":"<h2>Auftraggeber-Interview:\u00a0Moritz Hirche &#8211; Autor<\/h2>\n<h4><span style=\"font-size: 16px; line-height: 1.5;\"><br \/>\n<img fetchpriority=\"high\" decoding=\"async\" class=\"alignleft wp-image-4372\" src=\"http:\/\/www.designenlassen.de\/blog\/wp-content\/uploads\/2015\/07\/2013-07_POR.Hirche-2809.jpeg\" alt=\"2013-07_POR.Hirche-2809\" width=\"380\" height=\"298\" \/>Erz\u00e4hlen Sie uns doch zun\u00e4chst etwas \u00fcber sich und Ihr aktuelles eBook?<\/span><\/h4>\n<p>Mein Name ist Moritz Hirche. Ich bin 34 Jahre alt und lebe in Berlin. Der Thriller \u201eTodesf\u00e4hrte\u201c ist mein erster ver\u00f6ffentlichter Roman und damit ein Projekt, das mir besonders am Herzen liegt. Protagonist ist der Berliner Staatsanwalt Robert Hartmann. Der Spezialist f\u00fcr unerkl\u00e4rliche T\u00f6tungsverbrechen glaubt, bereits alles gesehen zu haben, wozu Menschen f\u00e4hig sind. Bis ihn der Hilferuf eines Kollegen zu einem mysteri\u00f6sen Leichenfund in eine entlegene Burg bei Koblenz f\u00fchrt. Die Aufkl\u00e4rung des brutalen Doppelmords entwickelt sich zu einer Reise durch eine blutige Vergangenheit, bei der Freund und Feind bald nicht mehr zu unterscheiden sind. Als Robert Hartmann glaubt, die Hintergr\u00fcnde zu verstehen, steht er bereits selbst im Fadenkreuz.<\/p>\n<p><!--more--><\/p>\n<h4>Was genau haben Sie auf designenlassen.de ausgeschrieben und was hat f\u00fcr Sie den Ausschlag gegeben, das Projekt als Designwettbewerb durchzuf\u00fchren?<\/h4>\n<p>Ich habe die Designer\/innen um Vorschl\u00e4ge f\u00fcr das ebook-Cover des Thrillers \u201eTodesf\u00e4hrte\u201c gebeten. Dabei sollte als pr\u00e4gendes Motiv mit Wiedererkennungswert der Abdruck einer menschlichen F\u00e4hrte zu erkennen sein. Die Schriftart sollte einpr\u00e4gsam und relativ modern gew\u00e4hlt werden. Letztendlich hat es sich jedoch als ratsam erwiesen, die Kreativit\u00e4t der Designer nicht zu sehr einzuengen und Raum f\u00fcr eigene Ideen zu lassen. Ausschlaggebend daf\u00fcr, auf diesem Wege ein neues Cover entwickeln zu lassen, war sicherlich der Tip w\u00e4hrend eines Telefonats mit Johannes zum Winkel, der \u00fcber eine gro\u00dfe Expertise zum Thema ebooks verf\u00fcgt. Es war die richtige Entscheidung.<\/p>\n<h4><span style=\"line-height: 1.5;\">Wie war der Projektverlauf? Wie war die Zusammenarbeit mit den Designern auf der Online-Plattform?<\/span><\/h4>\n<p>Der Verlauf war wirklich eine \u00dcberraschung! Als ich das Briefing beendet hatte, ging ich von einer l\u00e4ngeren Wartezeit aus und war mir nicht sicher, ob das Projekt bei den Designer\/innen \u00fcberhaupt auf Interesse sto\u00dfen w\u00fcrde. Noch am gleichen Abend wurden bereits die ersten Entw\u00fcrfe eingestellt. Bereits am n\u00e4chsten Vormittag bekam ich vier <a href=\"https:\/\/www.designenlassen.de\/811659-ebook-thriller-sucht-cover\" target=\"_blank\" rel=\"noopener\">sehr unterschiedliche Vorschl\u00e4ge<\/a>, mit denen meine Vorgaben professionell und ideenreich umgesetzt wurden. Ab dem dritten Tag konzentrierte ich mich auf 2-3 Favoriten, die stetig verbessert wurden. Die Projektlaufzeit von sieben Tagen war mehr als ausreichend, um zu einem wunschgem\u00e4\u00dfen Ergebnis zu kommen. Insgesamt bin ich wirklich begeistert, wie schnell und professionell die beteiligten Designer gearbeitet haben. Nat\u00fcrlich kann nicht jedes eingestellte Design den Vorstellungen des Auftraggebers entsprechen. Der schriftliche Kontakt war immer sehr freundlich und ergebnisorientiert. Meine bisherigen Erfahrungen kann ich nur als rundweg positiv bezeichnen und werde die Seite auf jeden Fall weiterempfehlen.<\/p>\n<h4>K\u00f6nnen Sie uns sagen, warum genau dies Ihr Gewinner-Design wurde?<\/h4>\n<p>Ich mag die Klarheit, die von dem Motiv ausgeht. Andererseits verspricht die Schrift Spannung und Gefahr, ohne \u00fcberladen zu wirken. Es ist schnell und unverwechselbar auf den ersten Blick (wieder) zu erkennen. Letzteres ist besonders f\u00fcr die kleinen Darstellungen in den Onlineshops wichtig, in denen ein ebook neben nahezu unz\u00e4hligen Konkurrenten bestehen muss und Kaufentscheidungen in Sekunden gef\u00e4llt werden.<\/p>\n<p><img decoding=\"async\" class=\"aligncenter wp-image-4369 size-full\" src=\"http:\/\/www.designenlassen.de\/blog\/wp-content\/uploads\/2015\/07\/eBook-Cover-Design-Moritz-Hirche-Todesf\u00e4hrte.jpg\" alt=\"eBook Cover-Design Moritz Hirche - Todesf\u00e4hrte\" width=\"750\" height=\"872\" srcset=\"https:\/\/www.designenlassen.de\/blog\/wp-content\/uploads\/2015\/07\/eBook-Cover-Design-Moritz-Hirche-Todesf\u00e4hrte.jpg 750w, https:\/\/www.designenlassen.de\/blog\/wp-content\/uploads\/2015\/07\/eBook-Cover-Design-Moritz-Hirche-Todesf\u00e4hrte-258x300.jpg 258w\" sizes=\"(max-width: 750px) 100vw, 750px\" \/><\/p>\n<h4>Haben Sie f\u00fcr andere Auftraggeber Tipps f\u00fcr einen erfolgreichen Projektverlauf?<\/h4>\n<p>Da die Designer Anregungen und W\u00fcnsche fast ausnahmslos sehr schnell umsetzen, ist es hilfreich, sich ebenfalls zeitnah zu den eingestellten Entw\u00fcrfen zu \u00e4u\u00dfern. \u00c4u\u00dfert man sich nicht, k\u00f6nnen die Designvorschl\u00e4ge nat\u00fcrlich kaum verbessert werden.<\/p>\n<h4><span style=\"line-height: 1.5;\">Wie geht es jetzt weiter? Was sind Ihre Pl\u00e4ne mit dem neuen Design?<\/span><\/h4>\n<p>Das ausgew\u00e4hlte Design ist inzwischen bereits als Cover des Thrillers <a href=\"http:\/\/www.amazon.de\/Todesf%C3%A4hrte-Staatsanwalt-Robert-Hartmanns-erster-ebook\/dp\/B00IYXA7EE\/ref=sr_1_1?ie=UTF8&amp;qid=1436252135&amp;sr=8-1&amp;keywords=todesf%C3%A4hrte\" target=\"_blank\" rel=\"noopener\">\u201eTodesf\u00e4hrte\u201c auf Amazon<\/a> zu sehen- in wenigen Tagen wird es in s\u00e4mtlichen weiteren relevanten Shops erscheinen. Zudem wird es das H\u00f6rbuch des Romans zieren, das &#8211; laut Verlag &#8211; etwa zum Ende des Jahres erscheinen soll. Momentan laufen die Aufnahmen dazu im Studio. <a href=\"http:\/\/moritzhirche.de\/index.html\" target=\"_blank\" rel=\"noopener\">Auf meiner Homepage<\/a> wird das neue Design ebenfalls in absehbarer Zeit zu sehen sein, sicher auch bei Werbeaktionen.<\/p>\n<p>Ich bedanke mich f\u00fcr das Interesse an meinem Projekt und nat\u00fcrlich die gute Arbeit der Designer.<\/p>\n<hr \/>\n<p style=\"text-align: center;\">Hier geht es zu unserem letzten <a href=\"\/blog\/2015\/06\/26\/logo-design-fuer-personal-trainer-frisch-modern-kernig-maennlich-und-kraftvoll\/\">Auftraggeber-Interview mit Jonathan Wagner<\/a>.<\/p>\n<hr \/>\n","protected":false},"excerpt":{"rendered":"<p>Auftraggeber-Interview:\u00a0Moritz Hirche &#8211; Autor Erz\u00e4hlen Sie uns doch zun\u00e4chst etwas \u00fcber sich und Ihr aktuelles eBook?&hellip;<\/p>\n","protected":false},"author":1,"featured_media":4372,"comment_status":"open","ping_status":"open","sticky":false,"template":"","format":"standard","meta":{"_lmt_disableupdate":"","_lmt_disable":"","footnotes":""},"categories":[7],"tags":[],"class_list":["post-4361","post","type-post","status-publish","format-standard","has-post-thumbnail","hentry","category-interviews"],"yoast_head":"<!-- This site is optimized with the Yoast SEO plugin v26.7 - https:\/\/yoast.com\/wordpress\/plugins\/seo\/ -->\n<title>Designwettbewerb f\u00fcr eBook Cover-Design - Moritz Hirche im Interview - designenlassen.de Blog<\/title>\n<meta name=\"description\" content=\"Autor Moritz Hirche \u00fcber seine Erfahrungen auf designenlassen.de: Es war die richtige Entscheidung. - Designwettbewerb f\u00fcr ein eBook Cover\" \/>\n<meta name=\"robots\" content=\"index, follow, max-snippet:-1, max-image-preview:large, max-video-preview:-1\" \/>\n<link rel=\"canonical\" href=\"https:\/\/www.designenlassen.de\/blog\/designwettbewerb-fuer-ebook-cover-design-moritz-hirche-im-interview\/\" \/>\n<meta property=\"og:locale\" content=\"de_DE\" \/>\n<meta property=\"og:type\" content=\"article\" \/>\n<meta property=\"og:title\" content=\"Designwettbewerb f\u00fcr eBook Cover-Design - Moritz Hirche im Interview - designenlassen.de Blog\" \/>\n<meta property=\"og:description\" content=\"Autor Moritz Hirche \u00fcber seine Erfahrungen auf designenlassen.de: Es war die richtige Entscheidung. - Designwettbewerb f\u00fcr ein eBook Cover\" \/>\n<meta property=\"og:url\" content=\"https:\/\/www.designenlassen.de\/blog\/designwettbewerb-fuer-ebook-cover-design-moritz-hirche-im-interview\/\" \/>\n<meta property=\"og:site_name\" content=\"designenlassen.de Blog\" \/>\n<meta property=\"article:author\" content=\"designenlassen\" \/>\n<meta property=\"article:published_time\" content=\"2015-07-20T12:10:24+00:00\" \/>\n<meta property=\"article:modified_time\" content=\"2023-05-17T11:35:10+00:00\" \/>\n<meta property=\"og:image\" content=\"https:\/\/www.designenlassen.de\/blog\/wp-content\/uploads\/2015\/07\/2013-07_POR.Hirche-2809.jpeg\" \/>\n\t<meta property=\"og:image:width\" content=\"296\" \/>\n\t<meta property=\"og:image:height\" content=\"232\" \/>\n\t<meta property=\"og:image:type\" content=\"image\/jpeg\" \/>\n<meta name=\"author\" content=\"Michael\" \/>\n<meta name=\"twitter:card\" content=\"summary_large_image\" \/>\n<meta name=\"twitter:label1\" content=\"Verfasst von\" \/>\n\t<meta name=\"twitter:data1\" content=\"Michael\" \/>\n\t<meta name=\"twitter:label2\" content=\"Gesch\u00e4tzte Lesezeit\" \/>\n\t<meta name=\"twitter:data2\" content=\"4\u00a0Minuten\" \/>\n<script type=\"application\/ld+json\" class=\"yoast-schema-graph\">{\"@context\":\"https:\/\/schema.org\",\"@graph\":[{\"@type\":\"Article\",\"@id\":\"https:\/\/www.designenlassen.de\/blog\/designwettbewerb-fuer-ebook-cover-design-moritz-hirche-im-interview\/#article\",\"isPartOf\":{\"@id\":\"https:\/\/www.designenlassen.de\/blog\/designwettbewerb-fuer-ebook-cover-design-moritz-hirche-im-interview\/\"},\"author\":{\"name\":\"Michael\",\"@id\":\"https:\/\/www.designenlassen.de\/blog\/#\/schema\/person\/23826c4c9da4e90bfb2ae6458e3a56f7\"},\"headline\":\"Designwettbewerb f\u00fcr eBook Cover-Design &#8211; Moritz Hirche im Interview\",\"datePublished\":\"2015-07-20T12:10:24+00:00\",\"dateModified\":\"2023-05-17T11:35:10+00:00\",\"mainEntityOfPage\":{\"@id\":\"https:\/\/www.designenlassen.de\/blog\/designwettbewerb-fuer-ebook-cover-design-moritz-hirche-im-interview\/\"},\"wordCount\":693,\"commentCount\":1,\"image\":{\"@id\":\"https:\/\/www.designenlassen.de\/blog\/designwettbewerb-fuer-ebook-cover-design-moritz-hirche-im-interview\/#primaryimage\"},\"thumbnailUrl\":\"https:\/\/www.designenlassen.de\/blog\/wp-content\/uploads\/2015\/07\/2013-07_POR.Hirche-2809.jpeg\",\"articleSection\":[\"Interviews\"],\"inLanguage\":\"de\",\"potentialAction\":[{\"@type\":\"CommentAction\",\"name\":\"Comment\",\"target\":[\"https:\/\/www.designenlassen.de\/blog\/designwettbewerb-fuer-ebook-cover-design-moritz-hirche-im-interview\/#respond\"]}]},{\"@type\":\"WebPage\",\"@id\":\"https:\/\/www.designenlassen.de\/blog\/designwettbewerb-fuer-ebook-cover-design-moritz-hirche-im-interview\/\",\"url\":\"https:\/\/www.designenlassen.de\/blog\/designwettbewerb-fuer-ebook-cover-design-moritz-hirche-im-interview\/\",\"name\":\"Designwettbewerb f\u00fcr eBook Cover-Design - Moritz Hirche im Interview - designenlassen.de Blog\",\"isPartOf\":{\"@id\":\"https:\/\/www.designenlassen.de\/blog\/#website\"},\"primaryImageOfPage\":{\"@id\":\"https:\/\/www.designenlassen.de\/blog\/designwettbewerb-fuer-ebook-cover-design-moritz-hirche-im-interview\/#primaryimage\"},\"image\":{\"@id\":\"https:\/\/www.designenlassen.de\/blog\/designwettbewerb-fuer-ebook-cover-design-moritz-hirche-im-interview\/#primaryimage\"},\"thumbnailUrl\":\"https:\/\/www.designenlassen.de\/blog\/wp-content\/uploads\/2015\/07\/2013-07_POR.Hirche-2809.jpeg\",\"datePublished\":\"2015-07-20T12:10:24+00:00\",\"dateModified\":\"2023-05-17T11:35:10+00:00\",\"author\":{\"@id\":\"https:\/\/www.designenlassen.de\/blog\/#\/schema\/person\/23826c4c9da4e90bfb2ae6458e3a56f7\"},\"description\":\"Autor Moritz Hirche \u00fcber seine Erfahrungen auf designenlassen.de: Es war die richtige Entscheidung. - Designwettbewerb f\u00fcr ein eBook Cover\",\"breadcrumb\":{\"@id\":\"https:\/\/www.designenlassen.de\/blog\/designwettbewerb-fuer-ebook-cover-design-moritz-hirche-im-interview\/#breadcrumb\"},\"inLanguage\":\"de\",\"potentialAction\":[{\"@type\":\"ReadAction\",\"target\":[\"https:\/\/www.designenlassen.de\/blog\/designwettbewerb-fuer-ebook-cover-design-moritz-hirche-im-interview\/\"]}]},{\"@type\":\"ImageObject\",\"inLanguage\":\"de\",\"@id\":\"https:\/\/www.designenlassen.de\/blog\/designwettbewerb-fuer-ebook-cover-design-moritz-hirche-im-interview\/#primaryimage\",\"url\":\"https:\/\/www.designenlassen.de\/blog\/wp-content\/uploads\/2015\/07\/2013-07_POR.Hirche-2809.jpeg\",\"contentUrl\":\"https:\/\/www.designenlassen.de\/blog\/wp-content\/uploads\/2015\/07\/2013-07_POR.Hirche-2809.jpeg\",\"width\":296,\"height\":232},{\"@type\":\"BreadcrumbList\",\"@id\":\"https:\/\/www.designenlassen.de\/blog\/designwettbewerb-fuer-ebook-cover-design-moritz-hirche-im-interview\/#breadcrumb\",\"itemListElement\":[{\"@type\":\"ListItem\",\"position\":1,\"name\":\"Start\",\"item\":\"https:\/\/www.designenlassen.de\/blog\/\"},{\"@type\":\"ListItem\",\"position\":2,\"name\":\"Designwettbewerb f\u00fcr eBook Cover-Design &#8211; Moritz Hirche im Interview\"}]},{\"@type\":\"WebSite\",\"@id\":\"https:\/\/www.designenlassen.de\/blog\/#website\",\"url\":\"https:\/\/www.designenlassen.de\/blog\/\",\"name\":\"designenlassen.de Blog\",\"description\":\"Inspirationen, Tipps und Ideen f\u00fcr Designer sowie Gr\u00fcnder und Kleinbetriebe.\",\"potentialAction\":[{\"@type\":\"SearchAction\",\"target\":{\"@type\":\"EntryPoint\",\"urlTemplate\":\"https:\/\/www.designenlassen.de\/blog\/?s={search_term_string}\"},\"query-input\":{\"@type\":\"PropertyValueSpecification\",\"valueRequired\":true,\"valueName\":\"search_term_string\"}}],\"inLanguage\":\"de\"},{\"@type\":\"Person\",\"@id\":\"https:\/\/www.designenlassen.de\/blog\/#\/schema\/person\/23826c4c9da4e90bfb2ae6458e3a56f7\",\"name\":\"Michael\",\"image\":{\"@type\":\"ImageObject\",\"inLanguage\":\"de\",\"@id\":\"https:\/\/www.designenlassen.de\/blog\/#\/schema\/person\/image\/\",\"url\":\"https:\/\/secure.gravatar.com\/avatar\/5fa10ddc102742b9339fcb7e3486ffe59189bde4da4b5b776a3d1e83cd66f4b2?s=96&d=mm&r=g\",\"contentUrl\":\"https:\/\/secure.gravatar.com\/avatar\/5fa10ddc102742b9339fcb7e3486ffe59189bde4da4b5b776a3d1e83cd66f4b2?s=96&d=mm&r=g\",\"caption\":\"Michael\"},\"description\":\"Michael ist einer der Gr\u00fcnder von designenlassen.de und schreibt hier im Blog \u00fcber Weiterentwicklungen der Plattform und verschiedenste Design-Themen.\",\"sameAs\":[\"designenlassen\"],\"url\":\"https:\/\/www.designenlassen.de\/blog\/author\/admin\/\"}]}<\/script>\n<!-- \/ Yoast SEO plugin. -->","yoast_head_json":{"title":"Designwettbewerb f\u00fcr eBook Cover-Design - Moritz Hirche im Interview - designenlassen.de Blog","description":"Autor Moritz Hirche \u00fcber seine Erfahrungen auf designenlassen.de: Es war die richtige Entscheidung. - Designwettbewerb f\u00fcr ein eBook Cover","robots":{"index":"index","follow":"follow","max-snippet":"max-snippet:-1","max-image-preview":"max-image-preview:large","max-video-preview":"max-video-preview:-1"},"canonical":"https:\/\/www.designenlassen.de\/blog\/designwettbewerb-fuer-ebook-cover-design-moritz-hirche-im-interview\/","og_locale":"de_DE","og_type":"article","og_title":"Designwettbewerb f\u00fcr eBook Cover-Design - Moritz Hirche im Interview - designenlassen.de Blog","og_description":"Autor Moritz Hirche \u00fcber seine Erfahrungen auf designenlassen.de: Es war die richtige Entscheidung. - Designwettbewerb f\u00fcr ein eBook Cover","og_url":"https:\/\/www.designenlassen.de\/blog\/designwettbewerb-fuer-ebook-cover-design-moritz-hirche-im-interview\/","og_site_name":"designenlassen.de Blog","article_author":"designenlassen","article_published_time":"2015-07-20T12:10:24+00:00","article_modified_time":"2023-05-17T11:35:10+00:00","og_image":[{"width":296,"height":232,"url":"https:\/\/www.designenlassen.de\/blog\/wp-content\/uploads\/2015\/07\/2013-07_POR.Hirche-2809.jpeg","type":"image\/jpeg"}],"author":"Michael","twitter_card":"summary_large_image","twitter_misc":{"Verfasst von":"Michael","Gesch\u00e4tzte Lesezeit":"4\u00a0Minuten"},"schema":{"@context":"https:\/\/schema.org","@graph":[{"@type":"Article","@id":"https:\/\/www.designenlassen.de\/blog\/designwettbewerb-fuer-ebook-cover-design-moritz-hirche-im-interview\/#article","isPartOf":{"@id":"https:\/\/www.designenlassen.de\/blog\/designwettbewerb-fuer-ebook-cover-design-moritz-hirche-im-interview\/"},"author":{"name":"Michael","@id":"https:\/\/www.designenlassen.de\/blog\/#\/schema\/person\/23826c4c9da4e90bfb2ae6458e3a56f7"},"headline":"Designwettbewerb f\u00fcr eBook Cover-Design &#8211; Moritz Hirche im Interview","datePublished":"2015-07-20T12:10:24+00:00","dateModified":"2023-05-17T11:35:10+00:00","mainEntityOfPage":{"@id":"https:\/\/www.designenlassen.de\/blog\/designwettbewerb-fuer-ebook-cover-design-moritz-hirche-im-interview\/"},"wordCount":693,"commentCount":1,"image":{"@id":"https:\/\/www.designenlassen.de\/blog\/designwettbewerb-fuer-ebook-cover-design-moritz-hirche-im-interview\/#primaryimage"},"thumbnailUrl":"https:\/\/www.designenlassen.de\/blog\/wp-content\/uploads\/2015\/07\/2013-07_POR.Hirche-2809.jpeg","articleSection":["Interviews"],"inLanguage":"de","potentialAction":[{"@type":"CommentAction","name":"Comment","target":["https:\/\/www.designenlassen.de\/blog\/designwettbewerb-fuer-ebook-cover-design-moritz-hirche-im-interview\/#respond"]}]},{"@type":"WebPage","@id":"https:\/\/www.designenlassen.de\/blog\/designwettbewerb-fuer-ebook-cover-design-moritz-hirche-im-interview\/","url":"https:\/\/www.designenlassen.de\/blog\/designwettbewerb-fuer-ebook-cover-design-moritz-hirche-im-interview\/","name":"Designwettbewerb f\u00fcr eBook Cover-Design - Moritz Hirche im Interview - designenlassen.de Blog","isPartOf":{"@id":"https:\/\/www.designenlassen.de\/blog\/#website"},"primaryImageOfPage":{"@id":"https:\/\/www.designenlassen.de\/blog\/designwettbewerb-fuer-ebook-cover-design-moritz-hirche-im-interview\/#primaryimage"},"image":{"@id":"https:\/\/www.designenlassen.de\/blog\/designwettbewerb-fuer-ebook-cover-design-moritz-hirche-im-interview\/#primaryimage"},"thumbnailUrl":"https:\/\/www.designenlassen.de\/blog\/wp-content\/uploads\/2015\/07\/2013-07_POR.Hirche-2809.jpeg","datePublished":"2015-07-20T12:10:24+00:00","dateModified":"2023-05-17T11:35:10+00:00","author":{"@id":"https:\/\/www.designenlassen.de\/blog\/#\/schema\/person\/23826c4c9da4e90bfb2ae6458e3a56f7"},"description":"Autor Moritz Hirche \u00fcber seine Erfahrungen auf designenlassen.de: Es war die richtige Entscheidung. - Designwettbewerb f\u00fcr ein eBook Cover","breadcrumb":{"@id":"https:\/\/www.designenlassen.de\/blog\/designwettbewerb-fuer-ebook-cover-design-moritz-hirche-im-interview\/#breadcrumb"},"inLanguage":"de","potentialAction":[{"@type":"ReadAction","target":["https:\/\/www.designenlassen.de\/blog\/designwettbewerb-fuer-ebook-cover-design-moritz-hirche-im-interview\/"]}]},{"@type":"ImageObject","inLanguage":"de","@id":"https:\/\/www.designenlassen.de\/blog\/designwettbewerb-fuer-ebook-cover-design-moritz-hirche-im-interview\/#primaryimage","url":"https:\/\/www.designenlassen.de\/blog\/wp-content\/uploads\/2015\/07\/2013-07_POR.Hirche-2809.jpeg","contentUrl":"https:\/\/www.designenlassen.de\/blog\/wp-content\/uploads\/2015\/07\/2013-07_POR.Hirche-2809.jpeg","width":296,"height":232},{"@type":"BreadcrumbList","@id":"https:\/\/www.designenlassen.de\/blog\/designwettbewerb-fuer-ebook-cover-design-moritz-hirche-im-interview\/#breadcrumb","itemListElement":[{"@type":"ListItem","position":1,"name":"Start","item":"https:\/\/www.designenlassen.de\/blog\/"},{"@type":"ListItem","position":2,"name":"Designwettbewerb f\u00fcr eBook Cover-Design &#8211; Moritz Hirche im Interview"}]},{"@type":"WebSite","@id":"https:\/\/www.designenlassen.de\/blog\/#website","url":"https:\/\/www.designenlassen.de\/blog\/","name":"designenlassen.de Blog","description":"Inspirationen, Tipps und Ideen f\u00fcr Designer sowie Gr\u00fcnder und Kleinbetriebe.","potentialAction":[{"@type":"SearchAction","target":{"@type":"EntryPoint","urlTemplate":"https:\/\/www.designenlassen.de\/blog\/?s={search_term_string}"},"query-input":{"@type":"PropertyValueSpecification","valueRequired":true,"valueName":"search_term_string"}}],"inLanguage":"de"},{"@type":"Person","@id":"https:\/\/www.designenlassen.de\/blog\/#\/schema\/person\/23826c4c9da4e90bfb2ae6458e3a56f7","name":"Michael","image":{"@type":"ImageObject","inLanguage":"de","@id":"https:\/\/www.designenlassen.de\/blog\/#\/schema\/person\/image\/","url":"https:\/\/secure.gravatar.com\/avatar\/5fa10ddc102742b9339fcb7e3486ffe59189bde4da4b5b776a3d1e83cd66f4b2?s=96&d=mm&r=g","contentUrl":"https:\/\/secure.gravatar.com\/avatar\/5fa10ddc102742b9339fcb7e3486ffe59189bde4da4b5b776a3d1e83cd66f4b2?s=96&d=mm&r=g","caption":"Michael"},"description":"Michael ist einer der Gr\u00fcnder von designenlassen.de und schreibt hier im Blog \u00fcber Weiterentwicklungen der Plattform und verschiedenste Design-Themen.","sameAs":["designenlassen"],"url":"https:\/\/www.designenlassen.de\/blog\/author\/admin\/"}]}},"_links":{"self":[{"href":"https:\/\/www.designenlassen.de\/blog\/wp-json\/wp\/v2\/posts\/4361","targetHints":{"allow":["GET"]}}],"collection":[{"href":"https:\/\/www.designenlassen.de\/blog\/wp-json\/wp\/v2\/posts"}],"about":[{"href":"https:\/\/www.designenlassen.de\/blog\/wp-json\/wp\/v2\/types\/post"}],"author":[{"embeddable":true,"href":"https:\/\/www.designenlassen.de\/blog\/wp-json\/wp\/v2\/users\/1"}],"replies":[{"embeddable":true,"href":"https:\/\/www.designenlassen.de\/blog\/wp-json\/wp\/v2\/comments?post=4361"}],"version-history":[{"count":21,"href":"https:\/\/www.designenlassen.de\/blog\/wp-json\/wp\/v2\/posts\/4361\/revisions"}],"predecessor-version":[{"id":26820,"href":"https:\/\/www.designenlassen.de\/blog\/wp-json\/wp\/v2\/posts\/4361\/revisions\/26820"}],"wp:featuredmedia":[{"embeddable":true,"href":"https:\/\/www.designenlassen.de\/blog\/wp-json\/wp\/v2\/media\/4372"}],"wp:attachment":[{"href":"https:\/\/www.designenlassen.de\/blog\/wp-json\/wp\/v2\/media?parent=4361"}],"wp:term":[{"taxonomy":"category","embeddable":true,"href":"https:\/\/www.designenlassen.de\/blog\/wp-json\/wp\/v2\/categories?post=4361"},{"taxonomy":"post_tag","embeddable":true,"href":"https:\/\/www.designenlassen.de\/blog\/wp-json\/wp\/v2\/tags?post=4361"}],"curies":[{"name":"wp","href":"https:\/\/api.w.org\/{rel}","templated":true}]}}