{"id":4496,"date":"2023-05-17T09:32:00","date_gmt":"2023-05-17T07:32:00","guid":{"rendered":"http:\/\/www.designenlassen.de\/blog\/?p=4496"},"modified":"2024-12-13T09:51:57","modified_gmt":"2024-12-13T07:51:57","slug":"30-arzt-logos-mit-denen-sie-sich-von-ihrer-konkurrenz-abheben","status":"publish","type":"post","link":"https:\/\/www.designenlassen.de\/blog\/30-arzt-logos-mit-denen-sie-sich-von-ihrer-konkurrenz-abheben\/","title":{"rendered":"66 Arzt Logos, mit denen Du Dich von Deiner Konkurrenz abhebst"},"content":{"rendered":"<div class=\"wp-block-image\">\n<figure class=\"aligncenter\"><a href=\"https:\/\/www.designenlassen.de\/437895-logo-und-visitenkarte-fuer-aerztepraxis-chirurgie\"><img fetchpriority=\"high\" decoding=\"async\" width=\"800\" height=\"427\" src=\"http:\/\/www.designenlassen.de\/blog\/wp-content\/uploads\/2015\/07\/Arzt-Logo-Dr.-K\u00f6hler-Chirurg.jpg\" alt=\"Arzt Logo Dr. K\u00f6hler Chirurg\" class=\"wp-image-11192\" srcset=\"https:\/\/www.designenlassen.de\/blog\/wp-content\/uploads\/2015\/07\/Arzt-Logo-Dr.-K\u00f6hler-Chirurg.jpg 800w, https:\/\/www.designenlassen.de\/blog\/wp-content\/uploads\/2015\/07\/Arzt-Logo-Dr.-K\u00f6hler-Chirurg-300x160.jpg 300w, https:\/\/www.designenlassen.de\/blog\/wp-content\/uploads\/2015\/07\/Arzt-Logo-Dr.-K\u00f6hler-Chirurg-768x410.jpg 768w, https:\/\/www.designenlassen.de\/blog\/wp-content\/uploads\/2015\/07\/Arzt-Logo-Dr.-K\u00f6hler-Chirurg-585x312.jpg 585w, https:\/\/www.designenlassen.de\/blog\/wp-content\/uploads\/2015\/07\/Arzt-Logo-Dr.-K\u00f6hler-Chirurg-600x320.jpg 600w\" sizes=\"(max-width: 800px) 100vw, 800px\" \/><\/a><figcaption class=\"wp-element-caption\">Logo-Design f\u00fcr \u00c4rztepraxis K\u00f6hler Chirurgie<\/figcaption><\/figure>\n<\/div>\n\n\n<p>Jeder niedergelassene Arzt ist auch Unternehmer und muss sich jeden Tag aufs neue dem enormen Wettbewerb in der Medizinbranche stellen. Nur durch einen<strong> professionellen Auftritt <\/strong>schafft man es, stetig neue Patienten zu gewinnen und den Patientenbestand langfristig an die Praxis zu binden.<\/p>\n\n\n\n<p>Dabei hat ein Arzt jedoch durch rechtliche Einschr\u00e4nkungen bei weitem nicht so viele M\u00f6glichkeiten, wie andere Branchen. Gerade deshalb ist ein <strong>professioneller Marketingauftritt Pflicht! Der Erfolg beginnt hier mit einem guten Arzt-Logo.<\/strong> Das Logo pr\u00e4gt den ersten Eindruck, den ein potentieller Patient von der Praxis erh\u00e4lt. Schlie\u00dflich erscheint es auf Visitenkarten, dem Briefpapier, dem Schild der Arztpraxis, in Telefonregistern und nat\u00fcrlich auch auf den zahlreichen Vergleichsportalen f\u00fcr \u00c4rzte, \u00fcber die mehr und mehr Patienten bei ihrer Arztsuche gehen.<\/p>\n\n\n\n<figure class=\"wp-block-gallery has-nested-images columns-default is-cropped wp-block-gallery-1 is-layout-flex wp-block-gallery-is-layout-flex\">\n<figure class=\"wp-block-image size-large\"><img decoding=\"async\" width=\"338\" height=\"338\" data-id=\"11164\" src=\"https:\/\/www.designenlassen.de\/blog\/wp-content\/uploads\/2015\/07\/Hausarzt-Logo.png\" alt=\"Hausarzt Logo\" class=\"wp-image-11164\" srcset=\"https:\/\/www.designenlassen.de\/blog\/wp-content\/uploads\/2015\/07\/Hausarzt-Logo.png 338w, https:\/\/www.designenlassen.de\/blog\/wp-content\/uploads\/2015\/07\/Hausarzt-Logo-150x150.png 150w, https:\/\/www.designenlassen.de\/blog\/wp-content\/uploads\/2015\/07\/Hausarzt-Logo-300x300.png 300w\" sizes=\"(max-width: 338px) 100vw, 338px\" \/><\/figure>\n\n\n\n<figure class=\"wp-block-image size-large\"><img decoding=\"async\" width=\"338\" height=\"338\" data-id=\"11229\" src=\"https:\/\/www.designenlassen.de\/blog\/wp-content\/uploads\/2015\/07\/Hautarzt-Logo-Design.jpg\" alt=\"Hautarzt Logo Design\" class=\"wp-image-11229\" srcset=\"https:\/\/www.designenlassen.de\/blog\/wp-content\/uploads\/2015\/07\/Hautarzt-Logo-Design.jpg 338w, https:\/\/www.designenlassen.de\/blog\/wp-content\/uploads\/2015\/07\/Hautarzt-Logo-Design-150x150.jpg 150w, https:\/\/www.designenlassen.de\/blog\/wp-content\/uploads\/2015\/07\/Hautarzt-Logo-Design-300x300.jpg 300w\" sizes=\"(max-width: 338px) 100vw, 338px\" \/><\/figure>\n\n\n\n<figure class=\"wp-block-image size-large\"><img loading=\"lazy\" decoding=\"async\" width=\"338\" height=\"338\" data-id=\"11288\" src=\"https:\/\/www.designenlassen.de\/blog\/wp-content\/uploads\/2015\/09\/Fachzahnarzt-Kieferorthop\u00e4die-Logo.png\" alt=\"\" class=\"wp-image-11288\" srcset=\"https:\/\/www.designenlassen.de\/blog\/wp-content\/uploads\/2015\/09\/Fachzahnarzt-Kieferorthop\u00e4die-Logo.png 338w, https:\/\/www.designenlassen.de\/blog\/wp-content\/uploads\/2015\/09\/Fachzahnarzt-Kieferorthop\u00e4die-Logo-150x150.png 150w, https:\/\/www.designenlassen.de\/blog\/wp-content\/uploads\/2015\/09\/Fachzahnarzt-Kieferorthop\u00e4die-Logo-300x300.png 300w\" sizes=\"(max-width: 338px) 100vw, 338px\" \/><\/figure>\n<\/figure>\n\n\n\n<p>Die Investition in ein gutes Arzt-Logo zahlt sich auf jeden Fall aus, denn ein Logo \u00e4ndert man nur sehr selten. Was aber macht ein gutes Logo aus und wie pr\u00e4sentieren sich unterschiedliche medizinische Fachrichtungen?<\/p>\n\n\n\n<p><strong>Finde es heraus und schaue Dir die folgenden 66 Arzt Logo-Beispiele an, die bereits \u00fcber <\/strong><a href=\"https:\/\/www.designenlassen.de\/logo-arzt\" target=\"_blank\" rel=\"noopener noreferrer\">designenlassen.de<\/a> <strong>kreiert wurden.<\/strong><\/p>\n\n\n\n<div class=\"wp-block-buttons is-content-justification-center is-layout-flex wp-container-core-buttons-is-layout-16018d1d wp-block-buttons-is-layout-flex\">\n<div class=\"wp-block-button is-style-fill\"><a class=\"wp-block-button__link has-white-color has-text-color has-background has-text-align-left wp-element-button\" href=\"https:\/\/www.designenlassen.de\/logo-design?utm_source=blog&amp;utm_medium=button&amp;utm_campaign=blog-beitraege\" style=\"background-color:#091182\">Jetzt Logo erstellen<\/a><\/div>\n<\/div>\n\n\n\n\n\n<hr class=\"wp-block-separator has-alpha-channel-opacity\"\/>\n\n\n\n<p><strong>Das Wichtigste in K\u00fcrze:<\/strong><\/p>\n\n\n\n<ul class=\"wp-block-list\">\n<li><strong>Logo als Wettbewerbsvorteil:<\/strong> Ein gut gestaltetes Arzt-Logo kann Deine Praxis von der Konkurrenz abheben, da es Professionalit\u00e4t und Vertrauen vermittelt. Es hilft, <a href=\"https:\/\/www.designenlassen.de\/blog\/wie-du-eine-marke-mit-maximalem-wiedererkennungswert-schaffen-kannst\/\">Wiedererkennung<\/a> zu schaffen und Patienten emotional zu binden\u200b.<\/li>\n\n\n\n<li><strong>Design-Trends nutzen:<\/strong> Beliebte Elemente sind Symbole wie Herzen, Kreuze oder Bl\u00e4tter, die Werte wie Gesundheit und F\u00fcrsorge visualisieren. Moderne Farbpaletten und <a href=\"https:\/\/www.designenlassen.de\/blog\/minimalistische-logos-die-mit-dem-noetigsten-im-design-ueberzeugen\/\">minimalistische Designs <\/a>stehen im Vordergrund, um einen zeitgem\u00e4\u00dfen Eindruck zu hinterlassen\u200b.<\/li>\n\n\n\n<li><strong>Individuelle Markenidentit\u00e4t:<\/strong> Ein ma\u00dfgeschneidertes Logo, das die Praxisphilosophie widerspiegelt, st\u00e4rkt die Markenidentit\u00e4t und erleichtert die Kommunikation von Kernwerten. Dies tr\u00e4gt langfristig zur Patientenbindung bei\u200b.<\/li>\n<\/ul>\n\n\n\n<hr class=\"wp-block-separator has-alpha-channel-opacity\"\/>\n\n\n\n<h2 class=\"wp-block-heading\">Hausarzt Logos<\/h2>\n\n\n\n<p>In der Allgemeinmedizin werden h\u00e4ufig Logo-Motive, wie ein Kreuz, ein Herz oder nat\u00fcrlich medizinische Instrumente, wie beispielsweise das Stethoskop verwendet. Diese repr\u00e4sentieren die Arbeit des Arztes und haben eine medizinische Konnotation, weshalb man bei allen drei Begriffen sofort an einen Arzt denken muss. In der Farbgebung hat man viel Spielraum, besonders oft verwendet wird jedoch die Farbe blau.<\/p>\n\n\n<div class=\"wp-block-image\">\n<figure class=\"aligncenter\"><a href=\"https:\/\/www.designenlassen.de\/761715-hausarztpraxis-sucht-logo-mit-pep\"><img loading=\"lazy\" decoding=\"async\" width=\"800\" height=\"317\" src=\"http:\/\/www.designenlassen.de\/blog\/wp-content\/uploads\/2015\/07\/Hausarztpraxis-Logo.png\" alt=\"Hausarztpraxis Logo\" class=\"wp-image-11159\" srcset=\"https:\/\/www.designenlassen.de\/blog\/wp-content\/uploads\/2015\/07\/Hausarztpraxis-Logo.png 800w, https:\/\/www.designenlassen.de\/blog\/wp-content\/uploads\/2015\/07\/Hausarztpraxis-Logo-300x119.png 300w, https:\/\/www.designenlassen.de\/blog\/wp-content\/uploads\/2015\/07\/Hausarztpraxis-Logo-768x304.png 768w\" sizes=\"(max-width: 800px) 100vw, 800px\" \/><\/a><figcaption class=\"wp-element-caption\">Hausarztpraxis suchte ein Logo mit Pep<\/figcaption><\/figure>\n<\/div>\n\n\n<figure class=\"wp-block-gallery has-nested-images columns-2 is-cropped wp-block-gallery-2 is-layout-flex wp-block-gallery-is-layout-flex\">\n<figure class=\"wp-block-image size-large\"><img loading=\"lazy\" decoding=\"async\" width=\"338\" height=\"338\" data-id=\"11160\" src=\"https:\/\/www.designenlassen.de\/blog\/wp-content\/uploads\/2015\/07\/Allgemeinarzt-Logo-Dr.-Landers.png\" alt=\"Allgemeinarzt Logo Dr. Landers\" class=\"wp-image-11160\" srcset=\"https:\/\/www.designenlassen.de\/blog\/wp-content\/uploads\/2015\/07\/Allgemeinarzt-Logo-Dr.-Landers.png 338w, https:\/\/www.designenlassen.de\/blog\/wp-content\/uploads\/2015\/07\/Allgemeinarzt-Logo-Dr.-Landers-150x150.png 150w, https:\/\/www.designenlassen.de\/blog\/wp-content\/uploads\/2015\/07\/Allgemeinarzt-Logo-Dr.-Landers-300x300.png 300w\" sizes=\"(max-width: 338px) 100vw, 338px\" \/><\/figure>\n\n\n\n<figure class=\"wp-block-image size-large\"><img decoding=\"async\" width=\"338\" height=\"338\" data-id=\"11164\" src=\"https:\/\/www.designenlassen.de\/blog\/wp-content\/uploads\/2015\/07\/Hausarzt-Logo.png\" alt=\"Hausarzt Logo\" class=\"wp-image-11164\" srcset=\"https:\/\/www.designenlassen.de\/blog\/wp-content\/uploads\/2015\/07\/Hausarzt-Logo.png 338w, https:\/\/www.designenlassen.de\/blog\/wp-content\/uploads\/2015\/07\/Hausarzt-Logo-150x150.png 150w, https:\/\/www.designenlassen.de\/blog\/wp-content\/uploads\/2015\/07\/Hausarzt-Logo-300x300.png 300w\" sizes=\"(max-width: 338px) 100vw, 338px\" \/><\/figure>\n\n\n\n<figure class=\"wp-block-image size-large\"><img loading=\"lazy\" decoding=\"async\" width=\"338\" height=\"338\" data-id=\"11161\" src=\"https:\/\/www.designenlassen.de\/blog\/wp-content\/uploads\/2015\/07\/Allgemeinarzt-Praxis-Dr.-Graf.png\" alt=\"\" class=\"wp-image-11161\" srcset=\"https:\/\/www.designenlassen.de\/blog\/wp-content\/uploads\/2015\/07\/Allgemeinarzt-Praxis-Dr.-Graf.png 338w, https:\/\/www.designenlassen.de\/blog\/wp-content\/uploads\/2015\/07\/Allgemeinarzt-Praxis-Dr.-Graf-150x150.png 150w, https:\/\/www.designenlassen.de\/blog\/wp-content\/uploads\/2015\/07\/Allgemeinarzt-Praxis-Dr.-Graf-300x300.png 300w\" sizes=\"(max-width: 338px) 100vw, 338px\" \/><\/figure>\n\n\n\n<figure class=\"wp-block-image size-large\"><img loading=\"lazy\" decoding=\"async\" width=\"338\" height=\"338\" data-id=\"11166\" src=\"https:\/\/www.designenlassen.de\/blog\/wp-content\/uploads\/2015\/07\/Arztpraxis-Logo-Dr.-Lederer.png\" alt=\"Arztpraxis Logo Dr. Lederer\" class=\"wp-image-11166\" srcset=\"https:\/\/www.designenlassen.de\/blog\/wp-content\/uploads\/2015\/07\/Arztpraxis-Logo-Dr.-Lederer.png 338w, https:\/\/www.designenlassen.de\/blog\/wp-content\/uploads\/2015\/07\/Arztpraxis-Logo-Dr.-Lederer-150x150.png 150w, https:\/\/www.designenlassen.de\/blog\/wp-content\/uploads\/2015\/07\/Arztpraxis-Logo-Dr.-Lederer-300x300.png 300w\" sizes=\"(max-width: 338px) 100vw, 338px\" \/><\/figure>\n\n\n\n<figure class=\"wp-block-image size-large\"><img loading=\"lazy\" decoding=\"async\" width=\"338\" height=\"338\" data-id=\"11162\" src=\"https:\/\/www.designenlassen.de\/blog\/wp-content\/uploads\/2015\/07\/Arzt-Logo-Dr.-Klar.png\" alt=\"Arzt Logo Dr. Klar\" class=\"wp-image-11162\" srcset=\"https:\/\/www.designenlassen.de\/blog\/wp-content\/uploads\/2015\/07\/Arzt-Logo-Dr.-Klar.png 338w, https:\/\/www.designenlassen.de\/blog\/wp-content\/uploads\/2015\/07\/Arzt-Logo-Dr.-Klar-150x150.png 150w, https:\/\/www.designenlassen.de\/blog\/wp-content\/uploads\/2015\/07\/Arzt-Logo-Dr.-Klar-300x300.png 300w\" sizes=\"(max-width: 338px) 100vw, 338px\" \/><\/figure>\n\n\n\n<figure class=\"wp-block-image size-large\"><img loading=\"lazy\" decoding=\"async\" width=\"338\" height=\"338\" data-id=\"11165\" src=\"https:\/\/www.designenlassen.de\/blog\/wp-content\/uploads\/2015\/07\/Haus\u00e4rztliche-Praxis-Logo.png\" alt=\"Haus\u00e4rztliche Praxis Logo\" class=\"wp-image-11165\" srcset=\"https:\/\/www.designenlassen.de\/blog\/wp-content\/uploads\/2015\/07\/Haus\u00e4rztliche-Praxis-Logo.png 338w, https:\/\/www.designenlassen.de\/blog\/wp-content\/uploads\/2015\/07\/Haus\u00e4rztliche-Praxis-Logo-150x150.png 150w, https:\/\/www.designenlassen.de\/blog\/wp-content\/uploads\/2015\/07\/Haus\u00e4rztliche-Praxis-Logo-300x300.png 300w\" sizes=\"(max-width: 338px) 100vw, 338px\" \/><\/figure>\n\n\n\n<figure class=\"wp-block-image size-large\"><img loading=\"lazy\" decoding=\"async\" width=\"800\" height=\"375\" data-id=\"11158\" src=\"https:\/\/www.designenlassen.de\/blog\/wp-content\/uploads\/2015\/07\/Allgemeinarzt-Praxis-Logo-Dr.-Salamon.jpg\" alt=\"Allgemeinarzt-Praxis Logo Dr. Salamon\" class=\"wp-image-11158\" srcset=\"https:\/\/www.designenlassen.de\/blog\/wp-content\/uploads\/2015\/07\/Allgemeinarzt-Praxis-Logo-Dr.-Salamon.jpg 800w, https:\/\/www.designenlassen.de\/blog\/wp-content\/uploads\/2015\/07\/Allgemeinarzt-Praxis-Logo-Dr.-Salamon-300x141.jpg 300w, https:\/\/www.designenlassen.de\/blog\/wp-content\/uploads\/2015\/07\/Allgemeinarzt-Praxis-Logo-Dr.-Salamon-768x360.jpg 768w\" sizes=\"(max-width: 800px) 100vw, 800px\" \/><\/figure>\n<\/figure>\n\n\n\n<h2 class=\"wp-block-heading\">Kinderarzt Logos<\/h2>\n\n\n\n<p>Was in dieser Kategorie beachtet werden muss, ist, dass das <a href=\"https:\/\/www.designenlassen.de\/blog\/was-ist-ein-logo\/\">Logo<\/a> besonders eins sein muss &#8211; kinderfreundlich. Es sollte die kleinen Patienten ansprechen, dabei aber nat\u00fcrlich nicht vernachl\u00e4ssigen, dass der Patientenstamm eines Kinderarztes auch jugendliche Patienten umfasst. Deshalb darf es nicht zu verspielt wirken und muss f\u00fcr Eltern auch ein gewisses Ma\u00df an Seriosit\u00e4t ausstrahlen.<\/p>\n\n\n<div class=\"wp-block-image\">\n<figure class=\"aligncenter\"><img loading=\"lazy\" decoding=\"async\" width=\"800\" height=\"497\" src=\"http:\/\/www.designenlassen.de\/blog\/wp-content\/uploads\/2015\/07\/Kinder\u00e4rztin-Dr.-Weichbrodt-Logo-1.png\" alt=\"Kinder\u00e4rztin Dr. Weichbrodt Logo\" class=\"wp-image-11172\" srcset=\"https:\/\/www.designenlassen.de\/blog\/wp-content\/uploads\/2015\/07\/Kinder\u00e4rztin-Dr.-Weichbrodt-Logo-1.png 800w, https:\/\/www.designenlassen.de\/blog\/wp-content\/uploads\/2015\/07\/Kinder\u00e4rztin-Dr.-Weichbrodt-Logo-1-300x186.png 300w, https:\/\/www.designenlassen.de\/blog\/wp-content\/uploads\/2015\/07\/Kinder\u00e4rztin-Dr.-Weichbrodt-Logo-1-768x477.png 768w\" sizes=\"(max-width: 800px) 100vw, 800px\" \/><\/figure>\n<\/div>\n\n\n<figure class=\"wp-block-gallery has-nested-images columns-2 is-cropped wp-block-gallery-3 is-layout-flex wp-block-gallery-is-layout-flex\">\n<figure class=\"wp-block-image size-large\"><img loading=\"lazy\" decoding=\"async\" width=\"338\" height=\"338\" data-id=\"11167\" src=\"https:\/\/www.designenlassen.de\/blog\/wp-content\/uploads\/2015\/07\/Logo-Kinderarzt-Dr.-Alja-G\u00f6ssler.png\" alt=\"Logo Kinderarzt Dr. Alja G\u00f6ssler\" class=\"wp-image-11167\" srcset=\"https:\/\/www.designenlassen.de\/blog\/wp-content\/uploads\/2015\/07\/Logo-Kinderarzt-Dr.-Alja-G\u00f6ssler.png 338w, https:\/\/www.designenlassen.de\/blog\/wp-content\/uploads\/2015\/07\/Logo-Kinderarzt-Dr.-Alja-G\u00f6ssler-150x150.png 150w, https:\/\/www.designenlassen.de\/blog\/wp-content\/uploads\/2015\/07\/Logo-Kinderarzt-Dr.-Alja-G\u00f6ssler-300x300.png 300w\" sizes=\"(max-width: 338px) 100vw, 338px\" \/><\/figure>\n\n\n\n<figure class=\"wp-block-image size-large\"><img loading=\"lazy\" decoding=\"async\" width=\"338\" height=\"338\" data-id=\"11171\" src=\"https:\/\/www.designenlassen.de\/blog\/wp-content\/uploads\/2015\/07\/Kinderarzt-Logo-Dr.-G\u00f6ssler.jpg\" alt=\"Kinderarzt Logo Dr. G\u00f6ssler\" class=\"wp-image-11171\" srcset=\"https:\/\/www.designenlassen.de\/blog\/wp-content\/uploads\/2015\/07\/Kinderarzt-Logo-Dr.-G\u00f6ssler.jpg 338w, https:\/\/www.designenlassen.de\/blog\/wp-content\/uploads\/2015\/07\/Kinderarzt-Logo-Dr.-G\u00f6ssler-150x150.jpg 150w, https:\/\/www.designenlassen.de\/blog\/wp-content\/uploads\/2015\/07\/Kinderarzt-Logo-Dr.-G\u00f6ssler-300x300.jpg 300w\" sizes=\"(max-width: 338px) 100vw, 338px\" \/><\/figure>\n\n\n\n<figure class=\"wp-block-image size-large\"><img loading=\"lazy\" decoding=\"async\" width=\"800\" height=\"500\" data-id=\"11175\" src=\"https:\/\/www.designenlassen.de\/blog\/wp-content\/uploads\/2015\/07\/Familienarztpraxis-Logo-2.png\" alt=\"Familienarztpraxis Logo\" class=\"wp-image-11175\" srcset=\"https:\/\/www.designenlassen.de\/blog\/wp-content\/uploads\/2015\/07\/Familienarztpraxis-Logo-2.png 800w, https:\/\/www.designenlassen.de\/blog\/wp-content\/uploads\/2015\/07\/Familienarztpraxis-Logo-2-300x188.png 300w, https:\/\/www.designenlassen.de\/blog\/wp-content\/uploads\/2015\/07\/Familienarztpraxis-Logo-2-768x480.png 768w\" sizes=\"(max-width: 800px) 100vw, 800px\" \/><\/figure>\n<\/figure>\n\n\n\n<figure class=\"wp-block-gallery has-nested-images columns-1 is-cropped wp-block-gallery-4 is-layout-flex wp-block-gallery-is-layout-flex\">\n<figure class=\"wp-block-image size-large\"><img loading=\"lazy\" decoding=\"async\" width=\"800\" height=\"500\" data-id=\"11174\" src=\"https:\/\/www.designenlassen.de\/blog\/wp-content\/uploads\/2015\/07\/Dr.-Ritterson-Kinderarztlogo-Jugendarzt-Logo-1.png\" alt=\"Dr. Ritterson Kinderarztlogo Jugendarzt Logo\" class=\"wp-image-11174\" srcset=\"https:\/\/www.designenlassen.de\/blog\/wp-content\/uploads\/2015\/07\/Dr.-Ritterson-Kinderarztlogo-Jugendarzt-Logo-1.png 800w, https:\/\/www.designenlassen.de\/blog\/wp-content\/uploads\/2015\/07\/Dr.-Ritterson-Kinderarztlogo-Jugendarzt-Logo-1-300x188.png 300w, https:\/\/www.designenlassen.de\/blog\/wp-content\/uploads\/2015\/07\/Dr.-Ritterson-Kinderarztlogo-Jugendarzt-Logo-1-768x480.png 768w\" sizes=\"(max-width: 800px) 100vw, 800px\" \/><\/figure>\n\n\n\n<figure class=\"wp-block-image size-large\"><img loading=\"lazy\" decoding=\"async\" width=\"500\" height=\"145\" data-id=\"4517\" src=\"https:\/\/www.designenlassen.de\/blog\/wp-content\/uploads\/2015\/07\/Dr.-Weichbrodt-Kinderarztlogo.jpg\" alt=\"\" class=\"wp-image-4517\" srcset=\"https:\/\/www.designenlassen.de\/blog\/wp-content\/uploads\/2015\/07\/Dr.-Weichbrodt-Kinderarztlogo.jpg 500w, https:\/\/www.designenlassen.de\/blog\/wp-content\/uploads\/2015\/07\/Dr.-Weichbrodt-Kinderarztlogo-300x87.jpg 300w\" sizes=\"(max-width: 500px) 100vw, 500px\" \/><\/figure>\n<\/figure>\n\n\n\n<div style=\"height:22px\" aria-hidden=\"true\" class=\"wp-block-spacer\"><\/div>\n\n\n\n<div class=\"wp-block-buttons is-content-justification-center is-layout-flex wp-container-core-buttons-is-layout-16018d1d wp-block-buttons-is-layout-flex\">\n<div class=\"wp-block-button is-style-fill\"><a class=\"wp-block-button__link has-white-color has-text-color has-background has-text-align-left wp-element-button\" href=\"https:\/\/www.designenlassen.de\/logo-design?utm_source=blog&amp;utm_medium=button&amp;utm_campaign=blog-beitraege\" style=\"background-color:#091182\">Jetzt Logo erstellen<\/a><\/div>\n<\/div>\n\n\n\n<div style=\"height:38px\" aria-hidden=\"true\" class=\"wp-block-spacer\"><\/div>\n\n\n\n<h2 class=\"wp-block-heading\">Hautarzt Logos<\/h2>\n\n\n<div class=\"wp-block-image\">\n<figure class=\"aligncenter\"><img loading=\"lazy\" decoding=\"async\" width=\"800\" height=\"303\" src=\"http:\/\/www.designenlassen.de\/blog\/wp-content\/uploads\/2015\/07\/Die-Haut\u00e4rzte-Logo-Dermatologie.jpg\" alt=\"Die Haut\u00e4rzte Logo Dermatologie\" class=\"wp-image-11228\" srcset=\"https:\/\/www.designenlassen.de\/blog\/wp-content\/uploads\/2015\/07\/Die-Haut\u00e4rzte-Logo-Dermatologie.jpg 800w, https:\/\/www.designenlassen.de\/blog\/wp-content\/uploads\/2015\/07\/Die-Haut\u00e4rzte-Logo-Dermatologie-300x114.jpg 300w, https:\/\/www.designenlassen.de\/blog\/wp-content\/uploads\/2015\/07\/Die-Haut\u00e4rzte-Logo-Dermatologie-768x291.jpg 768w\" sizes=\"(max-width: 800px) 100vw, 800px\" \/><\/figure>\n<\/div>\n\n\n<figure class=\"wp-block-gallery has-nested-images columns-2 is-cropped wp-block-gallery-5 is-layout-flex wp-block-gallery-is-layout-flex\">\n<figure class=\"wp-block-image size-large\"><img loading=\"lazy\" decoding=\"async\" width=\"338\" height=\"338\" data-id=\"11227\" src=\"https:\/\/www.designenlassen.de\/blog\/wp-content\/uploads\/2015\/07\/Die-Haut\u00e4rzte-Freiburg-Logo.png\" alt=\"Die Haut\u00e4rzte Freiburg Logo\" class=\"wp-image-11227\" srcset=\"https:\/\/www.designenlassen.de\/blog\/wp-content\/uploads\/2015\/07\/Die-Haut\u00e4rzte-Freiburg-Logo.png 338w, https:\/\/www.designenlassen.de\/blog\/wp-content\/uploads\/2015\/07\/Die-Haut\u00e4rzte-Freiburg-Logo-150x150.png 150w, https:\/\/www.designenlassen.de\/blog\/wp-content\/uploads\/2015\/07\/Die-Haut\u00e4rzte-Freiburg-Logo-300x300.png 300w\" sizes=\"(max-width: 338px) 100vw, 338px\" \/><\/figure>\n\n\n\n<figure class=\"wp-block-image size-large\"><img loading=\"lazy\" decoding=\"async\" width=\"338\" height=\"338\" data-id=\"11231\" src=\"https:\/\/www.designenlassen.de\/blog\/wp-content\/uploads\/2015\/07\/Hautarztpraxis-Patrizia-Rinke-Logo.png\" alt=\"Hautarztpraxis Patrizia Rinke Logo\" class=\"wp-image-11231\" srcset=\"https:\/\/www.designenlassen.de\/blog\/wp-content\/uploads\/2015\/07\/Hautarztpraxis-Patrizia-Rinke-Logo.png 338w, https:\/\/www.designenlassen.de\/blog\/wp-content\/uploads\/2015\/07\/Hautarztpraxis-Patrizia-Rinke-Logo-150x150.png 150w, https:\/\/www.designenlassen.de\/blog\/wp-content\/uploads\/2015\/07\/Hautarztpraxis-Patrizia-Rinke-Logo-300x300.png 300w\" sizes=\"(max-width: 338px) 100vw, 338px\" \/><\/figure>\n\n\n\n<figure class=\"wp-block-image size-large\"><img loading=\"lazy\" decoding=\"async\" width=\"338\" height=\"339\" data-id=\"11230\" src=\"https:\/\/www.designenlassen.de\/blog\/wp-content\/uploads\/2015\/07\/Hautarzt-Logo-Dr.-Mohammed-Salam.png\" alt=\"Hautarzt Logo Dr. Mohammed Salam\" class=\"wp-image-11230\" srcset=\"https:\/\/www.designenlassen.de\/blog\/wp-content\/uploads\/2015\/07\/Hautarzt-Logo-Dr.-Mohammed-Salam.png 338w, https:\/\/www.designenlassen.de\/blog\/wp-content\/uploads\/2015\/07\/Hautarzt-Logo-Dr.-Mohammed-Salam-150x150.png 150w, https:\/\/www.designenlassen.de\/blog\/wp-content\/uploads\/2015\/07\/Hautarzt-Logo-Dr.-Mohammed-Salam-300x300.png 300w\" sizes=\"(max-width: 338px) 100vw, 338px\" \/><\/figure>\n\n\n\n<figure class=\"wp-block-image size-large\"><img decoding=\"async\" width=\"338\" height=\"338\" data-id=\"11229\" src=\"https:\/\/www.designenlassen.de\/blog\/wp-content\/uploads\/2015\/07\/Hautarzt-Logo-Design.jpg\" alt=\"Hautarzt Logo Design\" class=\"wp-image-11229\" srcset=\"https:\/\/www.designenlassen.de\/blog\/wp-content\/uploads\/2015\/07\/Hautarzt-Logo-Design.jpg 338w, https:\/\/www.designenlassen.de\/blog\/wp-content\/uploads\/2015\/07\/Hautarzt-Logo-Design-150x150.jpg 150w, https:\/\/www.designenlassen.de\/blog\/wp-content\/uploads\/2015\/07\/Hautarzt-Logo-Design-300x300.jpg 300w\" sizes=\"(max-width: 338px) 100vw, 338px\" \/><\/figure>\n<\/figure>\n\n\n\n<h2 class=\"wp-block-heading\">&nbsp;Psychologie Logo<\/h2>\n\n\n\n<p>Bei einem Logo in der medizinischen Richtung Psychologie werden oft Logos verwendet, die menschliche Silhouetten zeigen. Hier soll verdeutlicht werden, dass es bei dieser Art von Medizin, im Gegensatz zu allen anderen medizinischen Bereichen, anstatt der k\u00f6rperlichen Gesundheit, um die Geistige geht.<\/p>\n\n\n<div class=\"wp-block-image\">\n<figure class=\"aligncenter\"><a href=\"https:\/\/www.designenlassen.de\/614113-logo-design-fuer-psychotherapie-praxis\"><img loading=\"lazy\" decoding=\"async\" width=\"800\" height=\"472\" src=\"http:\/\/www.designenlassen.de\/blog\/wp-content\/uploads\/2015\/07\/Psychologe-Logo-Angela-Denk.jpg\" alt=\"Psychologe Logo Angela Denk\" class=\"wp-image-11179\" srcset=\"https:\/\/www.designenlassen.de\/blog\/wp-content\/uploads\/2015\/07\/Psychologe-Logo-Angela-Denk.jpg 800w, https:\/\/www.designenlassen.de\/blog\/wp-content\/uploads\/2015\/07\/Psychologe-Logo-Angela-Denk-300x177.jpg 300w, https:\/\/www.designenlassen.de\/blog\/wp-content\/uploads\/2015\/07\/Psychologe-Logo-Angela-Denk-768x453.jpg 768w\" sizes=\"(max-width: 800px) 100vw, 800px\" \/><\/a><figcaption class=\"wp-element-caption\">Logo-Design f\u00fcr Psychotherapie-Praxis<\/figcaption><\/figure>\n<\/div>\n\n<div class=\"wp-block-image\">\n<figure class=\"aligncenter\"><img loading=\"lazy\" decoding=\"async\" width=\"800\" height=\"296\" src=\"http:\/\/www.designenlassen.de\/blog\/wp-content\/uploads\/2015\/07\/Praxis-f\u00fcr-Psychologie-Logo-1.jpg\" alt=\"Praxis f\u00fcr Psychologie Logo\" class=\"wp-image-11178\" srcset=\"https:\/\/www.designenlassen.de\/blog\/wp-content\/uploads\/2015\/07\/Praxis-f\u00fcr-Psychologie-Logo-1.jpg 800w, https:\/\/www.designenlassen.de\/blog\/wp-content\/uploads\/2015\/07\/Praxis-f\u00fcr-Psychologie-Logo-1-300x111.jpg 300w, https:\/\/www.designenlassen.de\/blog\/wp-content\/uploads\/2015\/07\/Praxis-f\u00fcr-Psychologie-Logo-1-768x284.jpg 768w\" sizes=\"(max-width: 800px) 100vw, 800px\" \/><\/figure>\n<\/div>\n\n\n<figure class=\"wp-block-gallery has-nested-images columns-2 is-cropped wp-block-gallery-6 is-layout-flex wp-block-gallery-is-layout-flex\">\n<figure class=\"wp-block-image size-large\"><img loading=\"lazy\" decoding=\"async\" width=\"338\" height=\"338\" data-id=\"11182\" src=\"https:\/\/www.designenlassen.de\/blog\/wp-content\/uploads\/2015\/07\/Dr.-Klinga-Psychologe-Logo.png\" alt=\"Dr. Klinga Psychologe Logo\" class=\"wp-image-11182\" srcset=\"https:\/\/www.designenlassen.de\/blog\/wp-content\/uploads\/2015\/07\/Dr.-Klinga-Psychologe-Logo.png 338w, https:\/\/www.designenlassen.de\/blog\/wp-content\/uploads\/2015\/07\/Dr.-Klinga-Psychologe-Logo-150x150.png 150w, https:\/\/www.designenlassen.de\/blog\/wp-content\/uploads\/2015\/07\/Dr.-Klinga-Psychologe-Logo-300x300.png 300w\" sizes=\"(max-width: 338px) 100vw, 338px\" \/><\/figure>\n\n\n\n<figure class=\"wp-block-image size-large\"><img loading=\"lazy\" decoding=\"async\" width=\"338\" height=\"338\" data-id=\"11183\" src=\"https:\/\/www.designenlassen.de\/blog\/wp-content\/uploads\/2015\/07\/Psychologie-Logo-HoofDPersoon.png\" alt=\"Psychologie Logo HoofDPersoon\" class=\"wp-image-11183\" srcset=\"https:\/\/www.designenlassen.de\/blog\/wp-content\/uploads\/2015\/07\/Psychologie-Logo-HoofDPersoon.png 338w, https:\/\/www.designenlassen.de\/blog\/wp-content\/uploads\/2015\/07\/Psychologie-Logo-HoofDPersoon-150x150.png 150w, https:\/\/www.designenlassen.de\/blog\/wp-content\/uploads\/2015\/07\/Psychologie-Logo-HoofDPersoon-300x300.png 300w\" sizes=\"(max-width: 338px) 100vw, 338px\" \/><\/figure>\n\n\n\n<figure class=\"wp-block-image size-large\"><img loading=\"lazy\" decoding=\"async\" width=\"338\" height=\"338\" data-id=\"11180\" src=\"https:\/\/www.designenlassen.de\/blog\/wp-content\/uploads\/2015\/07\/Psychologin-Logo-Susanne-Schwarz.png\" alt=\"Psychologin Logo Susanne Schwarz\" class=\"wp-image-11180\" srcset=\"https:\/\/www.designenlassen.de\/blog\/wp-content\/uploads\/2015\/07\/Psychologin-Logo-Susanne-Schwarz.png 338w, https:\/\/www.designenlassen.de\/blog\/wp-content\/uploads\/2015\/07\/Psychologin-Logo-Susanne-Schwarz-150x150.png 150w, https:\/\/www.designenlassen.de\/blog\/wp-content\/uploads\/2015\/07\/Psychologin-Logo-Susanne-Schwarz-300x300.png 300w\" sizes=\"(max-width: 338px) 100vw, 338px\" \/><\/figure>\n\n\n\n<figure class=\"wp-block-image size-large\"><img loading=\"lazy\" decoding=\"async\" width=\"338\" height=\"338\" data-id=\"11177\" src=\"https:\/\/www.designenlassen.de\/blog\/wp-content\/uploads\/2015\/07\/Kinderpsychologe-Logo-Design.png\" alt=\"Kinderpsychologe Logo Design\" class=\"wp-image-11177\" srcset=\"https:\/\/www.designenlassen.de\/blog\/wp-content\/uploads\/2015\/07\/Kinderpsychologe-Logo-Design.png 338w, https:\/\/www.designenlassen.de\/blog\/wp-content\/uploads\/2015\/07\/Kinderpsychologe-Logo-Design-150x150.png 150w, https:\/\/www.designenlassen.de\/blog\/wp-content\/uploads\/2015\/07\/Kinderpsychologe-Logo-Design-300x300.png 300w\" sizes=\"(max-width: 338px) 100vw, 338px\" \/><\/figure>\n<\/figure>\n\n\n\n<figure class=\"wp-block-gallery has-nested-images columns-1 is-cropped wp-block-gallery-7 is-layout-flex wp-block-gallery-is-layout-flex\">\n<figure class=\"wp-block-image size-large\"><img loading=\"lazy\" decoding=\"async\" width=\"800\" height=\"472\" data-id=\"11179\" src=\"https:\/\/www.designenlassen.de\/blog\/wp-content\/uploads\/2015\/07\/Psychologe-Logo-Angela-Denk.jpg\" alt=\"Psychologe Logo Angela Denk\" class=\"wp-image-11179\" srcset=\"https:\/\/www.designenlassen.de\/blog\/wp-content\/uploads\/2015\/07\/Psychologe-Logo-Angela-Denk.jpg 800w, https:\/\/www.designenlassen.de\/blog\/wp-content\/uploads\/2015\/07\/Psychologe-Logo-Angela-Denk-300x177.jpg 300w, https:\/\/www.designenlassen.de\/blog\/wp-content\/uploads\/2015\/07\/Psychologe-Logo-Angela-Denk-768x453.jpg 768w\" sizes=\"(max-width: 800px) 100vw, 800px\" \/><\/figure>\n\n\n\n<figure class=\"wp-block-image size-large\"><img loading=\"lazy\" decoding=\"async\" width=\"800\" height=\"400\" data-id=\"11184\" src=\"https:\/\/www.designenlassen.de\/blog\/wp-content\/uploads\/2015\/07\/Logo-Psychiatrie-Praxisgemeinschaft-Wiehre-Praxis.png\" alt=\"Psychiatrie Logo Praxisgemeinschaft Wiehre Praxis\" class=\"wp-image-11184\" srcset=\"https:\/\/www.designenlassen.de\/blog\/wp-content\/uploads\/2015\/07\/Logo-Psychiatrie-Praxisgemeinschaft-Wiehre-Praxis.png 800w, https:\/\/www.designenlassen.de\/blog\/wp-content\/uploads\/2015\/07\/Logo-Psychiatrie-Praxisgemeinschaft-Wiehre-Praxis-300x150.png 300w, https:\/\/www.designenlassen.de\/blog\/wp-content\/uploads\/2015\/07\/Logo-Psychiatrie-Praxisgemeinschaft-Wiehre-Praxis-768x384.png 768w\" sizes=\"(max-width: 800px) 100vw, 800px\" \/><\/figure>\n<\/figure>\n\n\n\n<h2 class=\"wp-block-heading\">Frauenarzt Logo<\/h2>\n\n\n\n<figure class=\"wp-block-gallery has-nested-images columns-2 is-cropped wp-block-gallery-8 is-layout-flex wp-block-gallery-is-layout-flex\">\n<figure class=\"wp-block-image size-large\"><img loading=\"lazy\" decoding=\"async\" width=\"338\" height=\"338\" data-id=\"11217\" src=\"https:\/\/www.designenlassen.de\/blog\/wp-content\/uploads\/2015\/07\/PreCare-Frauenarzt-Logo-Pr\u00e4natale-Diagnostik.jpg\" alt=\"PreCare Frauenarzt Logo Pr\u00e4natale Diagnostik\" class=\"wp-image-11217\" srcset=\"https:\/\/www.designenlassen.de\/blog\/wp-content\/uploads\/2015\/07\/PreCare-Frauenarzt-Logo-Pr\u00e4natale-Diagnostik.jpg 338w, https:\/\/www.designenlassen.de\/blog\/wp-content\/uploads\/2015\/07\/PreCare-Frauenarzt-Logo-Pr\u00e4natale-Diagnostik-150x150.jpg 150w, https:\/\/www.designenlassen.de\/blog\/wp-content\/uploads\/2015\/07\/PreCare-Frauenarzt-Logo-Pr\u00e4natale-Diagnostik-300x300.jpg 300w\" sizes=\"(max-width: 338px) 100vw, 338px\" \/><\/figure>\n\n\n\n<figure class=\"wp-block-image size-large\"><img loading=\"lazy\" decoding=\"async\" width=\"338\" height=\"338\" data-id=\"11218\" src=\"https:\/\/www.designenlassen.de\/blog\/wp-content\/uploads\/2015\/07\/Frauenarzt-Logo-am-Moorhof.jpg\" alt=\"Frauenarzt Logo am Moorhof\" class=\"wp-image-11218\" srcset=\"https:\/\/www.designenlassen.de\/blog\/wp-content\/uploads\/2015\/07\/Frauenarzt-Logo-am-Moorhof.jpg 338w, https:\/\/www.designenlassen.de\/blog\/wp-content\/uploads\/2015\/07\/Frauenarzt-Logo-am-Moorhof-150x150.jpg 150w, https:\/\/www.designenlassen.de\/blog\/wp-content\/uploads\/2015\/07\/Frauenarzt-Logo-am-Moorhof-300x300.jpg 300w\" sizes=\"(max-width: 338px) 100vw, 338px\" \/><\/figure>\n\n\n\n<figure class=\"wp-block-image size-large\"><img loading=\"lazy\" decoding=\"async\" width=\"338\" height=\"338\" data-id=\"11215\" src=\"https:\/\/www.designenlassen.de\/blog\/wp-content\/uploads\/2015\/07\/Logo-Frauenarzt-Zentrum.png\" alt=\"Logo Frauenarzt Zentrum\" class=\"wp-image-11215\" srcset=\"https:\/\/www.designenlassen.de\/blog\/wp-content\/uploads\/2015\/07\/Logo-Frauenarzt-Zentrum.png 338w, https:\/\/www.designenlassen.de\/blog\/wp-content\/uploads\/2015\/07\/Logo-Frauenarzt-Zentrum-150x150.png 150w, https:\/\/www.designenlassen.de\/blog\/wp-content\/uploads\/2015\/07\/Logo-Frauenarzt-Zentrum-300x300.png 300w\" sizes=\"(max-width: 338px) 100vw, 338px\" \/><\/figure>\n\n\n\n<figure class=\"wp-block-image size-large\"><img loading=\"lazy\" decoding=\"async\" width=\"338\" height=\"338\" data-id=\"11219\" src=\"https:\/\/www.designenlassen.de\/blog\/wp-content\/uploads\/2015\/07\/Gyn\u00e4kologie-Logo-Alexandrra-Fichtner-1.png\" alt=\"Gyn\u00e4kologie Logo Alexandrra Fichtner\" class=\"wp-image-11219\" srcset=\"https:\/\/www.designenlassen.de\/blog\/wp-content\/uploads\/2015\/07\/Gyn\u00e4kologie-Logo-Alexandrra-Fichtner-1.png 338w, https:\/\/www.designenlassen.de\/blog\/wp-content\/uploads\/2015\/07\/Gyn\u00e4kologie-Logo-Alexandrra-Fichtner-1-150x150.png 150w, https:\/\/www.designenlassen.de\/blog\/wp-content\/uploads\/2015\/07\/Gyn\u00e4kologie-Logo-Alexandrra-Fichtner-1-300x300.png 300w\" sizes=\"(max-width: 338px) 100vw, 338px\" \/><\/figure>\n<\/figure>\n\n\n\n<figure class=\"wp-block-gallery has-nested-images columns-1 is-cropped wp-block-gallery-9 is-layout-flex wp-block-gallery-is-layout-flex\">\n<figure class=\"wp-block-image size-large\"><img loading=\"lazy\" decoding=\"async\" width=\"800\" height=\"465\" data-id=\"11214\" src=\"https:\/\/www.designenlassen.de\/blog\/wp-content\/uploads\/2015\/07\/Logo-Frauenarzt-am-Moorhof.jpg\" alt=\"Logo Frauenarzt am Moorhof\" class=\"wp-image-11214\" srcset=\"https:\/\/www.designenlassen.de\/blog\/wp-content\/uploads\/2015\/07\/Logo-Frauenarzt-am-Moorhof.jpg 800w, https:\/\/www.designenlassen.de\/blog\/wp-content\/uploads\/2015\/07\/Logo-Frauenarzt-am-Moorhof-300x174.jpg 300w, https:\/\/www.designenlassen.de\/blog\/wp-content\/uploads\/2015\/07\/Logo-Frauenarzt-am-Moorhof-768x446.jpg 768w\" sizes=\"(max-width: 800px) 100vw, 800px\" \/><\/figure>\n\n\n\n<figure class=\"wp-block-image size-large\"><img loading=\"lazy\" decoding=\"async\" width=\"800\" height=\"378\" data-id=\"11216\" src=\"https:\/\/www.designenlassen.de\/blog\/wp-content\/uploads\/2015\/07\/Logo-Frauen\u00e4rztin-Guthier.jpg\" alt=\"Logo Frauen\u00e4rztin Guthier\" class=\"wp-image-11216\" srcset=\"https:\/\/www.designenlassen.de\/blog\/wp-content\/uploads\/2015\/07\/Logo-Frauen\u00e4rztin-Guthier.jpg 800w, https:\/\/www.designenlassen.de\/blog\/wp-content\/uploads\/2015\/07\/Logo-Frauen\u00e4rztin-Guthier-300x142.jpg 300w, https:\/\/www.designenlassen.de\/blog\/wp-content\/uploads\/2015\/07\/Logo-Frauen\u00e4rztin-Guthier-768x363.jpg 768w\" sizes=\"(max-width: 800px) 100vw, 800px\" \/><\/figure>\n<\/figure>\n\n\n\n<figure class=\"wp-block-gallery has-nested-images columns-2 is-cropped wp-block-gallery-10 is-layout-flex wp-block-gallery-is-layout-flex\">\n<figure class=\"wp-block-image size-large\"><img loading=\"lazy\" decoding=\"async\" width=\"338\" height=\"338\" data-id=\"11211\" src=\"https:\/\/www.designenlassen.de\/blog\/wp-content\/uploads\/2015\/07\/Frauen\u00e4rztinnen-Logo-Design.png\" alt=\"Frauen\u00e4rztinnen Logo Design\" class=\"wp-image-11211\" srcset=\"https:\/\/www.designenlassen.de\/blog\/wp-content\/uploads\/2015\/07\/Frauen\u00e4rztinnen-Logo-Design.png 338w, https:\/\/www.designenlassen.de\/blog\/wp-content\/uploads\/2015\/07\/Frauen\u00e4rztinnen-Logo-Design-150x150.png 150w, https:\/\/www.designenlassen.de\/blog\/wp-content\/uploads\/2015\/07\/Frauen\u00e4rztinnen-Logo-Design-300x300.png 300w\" sizes=\"(max-width: 338px) 100vw, 338px\" \/><\/figure>\n\n\n\n<figure class=\"wp-block-image size-large\"><img loading=\"lazy\" decoding=\"async\" width=\"338\" height=\"338\" data-id=\"11212\" src=\"https:\/\/www.designenlassen.de\/blog\/wp-content\/uploads\/2015\/07\/Frauenarztpraxis-U2-Logo-Design.png\" alt=\"Frauenarztpraxis U2 Logo Design\" class=\"wp-image-11212\" srcset=\"https:\/\/www.designenlassen.de\/blog\/wp-content\/uploads\/2015\/07\/Frauenarztpraxis-U2-Logo-Design.png 338w, https:\/\/www.designenlassen.de\/blog\/wp-content\/uploads\/2015\/07\/Frauenarztpraxis-U2-Logo-Design-150x150.png 150w, https:\/\/www.designenlassen.de\/blog\/wp-content\/uploads\/2015\/07\/Frauenarztpraxis-U2-Logo-Design-300x300.png 300w\" sizes=\"(max-width: 338px) 100vw, 338px\" \/><\/figure>\n\n\n\n<figure class=\"wp-block-image size-large\"><img loading=\"lazy\" decoding=\"async\" width=\"800\" height=\"516\" data-id=\"23183\" src=\"https:\/\/www.designenlassen.de\/blog\/wp-content\/uploads\/2020\/12\/Frauenaerztin-Feminine-Logo-Designs-934948-arief-97.png\" alt=\"Frauenaerztin-Feminine-Logo-Designs\" class=\"wp-image-23183\" srcset=\"https:\/\/www.designenlassen.de\/blog\/wp-content\/uploads\/2020\/12\/Frauenaerztin-Feminine-Logo-Designs-934948-arief-97.png 800w, https:\/\/www.designenlassen.de\/blog\/wp-content\/uploads\/2020\/12\/Frauenaerztin-Feminine-Logo-Designs-934948-arief-97-300x194.png 300w, https:\/\/www.designenlassen.de\/blog\/wp-content\/uploads\/2020\/12\/Frauenaerztin-Feminine-Logo-Designs-934948-arief-97-768x495.png 768w\" sizes=\"(max-width: 800px) 100vw, 800px\" \/><\/figure>\n\n\n\n<figure class=\"wp-block-image size-large\"><img loading=\"lazy\" decoding=\"async\" width=\"338\" height=\"338\" data-id=\"23184\" src=\"https:\/\/www.designenlassen.de\/blog\/wp-content\/uploads\/2020\/12\/Feminine-Logos-Frauenarztpraxis-787138-arrasyiqjpr.jpg\" alt=\"Feminine-Logos-Frauenarztpraxis\" class=\"wp-image-23184\" srcset=\"https:\/\/www.designenlassen.de\/blog\/wp-content\/uploads\/2020\/12\/Feminine-Logos-Frauenarztpraxis-787138-arrasyiqjpr.jpg 338w, https:\/\/www.designenlassen.de\/blog\/wp-content\/uploads\/2020\/12\/Feminine-Logos-Frauenarztpraxis-787138-arrasyiqjpr-300x300.jpg 300w, https:\/\/www.designenlassen.de\/blog\/wp-content\/uploads\/2020\/12\/Feminine-Logos-Frauenarztpraxis-787138-arrasyiqjpr-150x150.jpg 150w\" sizes=\"(max-width: 338px) 100vw, 338px\" \/><\/figure>\n<\/figure>\n\n\n\n<div style=\"height:23px\" aria-hidden=\"true\" class=\"wp-block-spacer\"><\/div>\n\n\n\n<div class=\"wp-block-buttons is-content-justification-center is-layout-flex wp-container-core-buttons-is-layout-16018d1d wp-block-buttons-is-layout-flex\">\n<div class=\"wp-block-button is-style-fill\"><a class=\"wp-block-button__link has-white-color has-text-color has-background has-text-align-left wp-element-button\" href=\"https:\/\/www.designenlassen.de\/logo-design?utm_source=blog&amp;utm_medium=button&amp;utm_campaign=blog-beitraege\" style=\"background-color:#091182\">Jetzt Logo erstellen<\/a><\/div>\n<\/div>\n\n\n\n<div style=\"height:31px\" aria-hidden=\"true\" class=\"wp-block-spacer\"><\/div>\n\n\n\n<h2 class=\"wp-block-heading\">Internist Logo<\/h2>\n\n\n\n<p>In dieser Kategorie besteht die Schwierigkeit, dass keine direkten Motive mit der Inneren Medizin assoziiert werden, was es schwierig werden l\u00e4sst, ein spezifisches Logo zu finden.<\/p>\n\n\n\n<p>Hier wird oft auf abstrakte Designs zur\u00fcckgegriffen oder andere Motive, die im Allgemeinen f\u00fcr \u00c4rzte verwendet werden k\u00f6nnen.<\/p>\n\n\n<div class=\"wp-block-image\">\n<figure class=\"aligncenter\"><a href=\"https:\/\/www.designenlassen.de\/895386-logo-design-fuer-arztpraxis\"><img loading=\"lazy\" decoding=\"async\" width=\"800\" height=\"400\" src=\"http:\/\/www.designenlassen.de\/blog\/wp-content\/uploads\/2015\/07\/Internist-Logo-Neuropraxis-Neurologie.jpg\" alt=\"Internist Logo Neuropraxis Neurologie\" class=\"wp-image-11190\" srcset=\"https:\/\/www.designenlassen.de\/blog\/wp-content\/uploads\/2015\/07\/Internist-Logo-Neuropraxis-Neurologie.jpg 800w, https:\/\/www.designenlassen.de\/blog\/wp-content\/uploads\/2015\/07\/Internist-Logo-Neuropraxis-Neurologie-300x150.jpg 300w, https:\/\/www.designenlassen.de\/blog\/wp-content\/uploads\/2015\/07\/Internist-Logo-Neuropraxis-Neurologie-768x384.jpg 768w\" sizes=\"(max-width: 800px) 100vw, 800px\" \/><\/a><figcaption class=\"wp-element-caption\">Neurologische Arztpraxis sucht Logo<\/figcaption><\/figure>\n<\/div>\n\n\n<figure class=\"wp-block-gallery has-nested-images columns-2 is-cropped wp-block-gallery-11 is-layout-flex wp-block-gallery-is-layout-flex\">\n<figure class=\"wp-block-image size-large\"><img loading=\"lazy\" decoding=\"async\" width=\"338\" height=\"338\" data-id=\"11186\" src=\"https:\/\/www.designenlassen.de\/blog\/wp-content\/uploads\/2015\/07\/Internist-Praxis-Logo.png\" alt=\"Internist Praxis Logo\" class=\"wp-image-11186\" srcset=\"https:\/\/www.designenlassen.de\/blog\/wp-content\/uploads\/2015\/07\/Internist-Praxis-Logo.png 338w, https:\/\/www.designenlassen.de\/blog\/wp-content\/uploads\/2015\/07\/Internist-Praxis-Logo-150x150.png 150w, https:\/\/www.designenlassen.de\/blog\/wp-content\/uploads\/2015\/07\/Internist-Praxis-Logo-300x300.png 300w\" sizes=\"(max-width: 338px) 100vw, 338px\" \/><\/figure>\n\n\n\n<figure class=\"wp-block-image size-large\"><img loading=\"lazy\" decoding=\"async\" width=\"338\" height=\"338\" data-id=\"11187\" src=\"https:\/\/www.designenlassen.de\/blog\/wp-content\/uploads\/2015\/07\/Innere-Medizin-Logo-PraxisKlinikMarburg.png\" alt=\"Innere Medizin Logo PraxisKlinikMarburg\" class=\"wp-image-11187\" srcset=\"https:\/\/www.designenlassen.de\/blog\/wp-content\/uploads\/2015\/07\/Innere-Medizin-Logo-PraxisKlinikMarburg.png 338w, https:\/\/www.designenlassen.de\/blog\/wp-content\/uploads\/2015\/07\/Innere-Medizin-Logo-PraxisKlinikMarburg-150x150.png 150w, https:\/\/www.designenlassen.de\/blog\/wp-content\/uploads\/2015\/07\/Innere-Medizin-Logo-PraxisKlinikMarburg-300x300.png 300w\" sizes=\"(max-width: 338px) 100vw, 338px\" \/><\/figure>\n\n\n\n<figure class=\"wp-block-image size-large\"><img loading=\"lazy\" decoding=\"async\" width=\"338\" height=\"338\" data-id=\"11188\" src=\"https:\/\/www.designenlassen.de\/blog\/wp-content\/uploads\/2015\/07\/Internist-Dr.-Opfermann-Kardiologie-Logo.png\" alt=\"Internist Dr. Opfermann Kardiologie Logo\" class=\"wp-image-11188\" srcset=\"https:\/\/www.designenlassen.de\/blog\/wp-content\/uploads\/2015\/07\/Internist-Dr.-Opfermann-Kardiologie-Logo.png 338w, https:\/\/www.designenlassen.de\/blog\/wp-content\/uploads\/2015\/07\/Internist-Dr.-Opfermann-Kardiologie-Logo-150x150.png 150w, https:\/\/www.designenlassen.de\/blog\/wp-content\/uploads\/2015\/07\/Internist-Dr.-Opfermann-Kardiologie-Logo-300x300.png 300w\" sizes=\"(max-width: 338px) 100vw, 338px\" \/><\/figure>\n\n\n\n<figure class=\"wp-block-image size-large\"><img loading=\"lazy\" decoding=\"async\" width=\"338\" height=\"338\" data-id=\"11189\" src=\"https:\/\/www.designenlassen.de\/blog\/wp-content\/uploads\/2015\/07\/Internist-Logo-Innere-Medizin-Kardiologie.png\" alt=\"Internist Logo Innere Medizin Kardiologie\" class=\"wp-image-11189\" srcset=\"https:\/\/www.designenlassen.de\/blog\/wp-content\/uploads\/2015\/07\/Internist-Logo-Innere-Medizin-Kardiologie.png 338w, https:\/\/www.designenlassen.de\/blog\/wp-content\/uploads\/2015\/07\/Internist-Logo-Innere-Medizin-Kardiologie-150x150.png 150w, https:\/\/www.designenlassen.de\/blog\/wp-content\/uploads\/2015\/07\/Internist-Logo-Innere-Medizin-Kardiologie-300x300.png 300w\" sizes=\"(max-width: 338px) 100vw, 338px\" \/><\/figure>\n<\/figure>\n\n\n\n<h2 class=\"wp-block-heading\">HNO Logo<\/h2>\n\n\n\n<figure class=\"wp-block-gallery has-nested-images columns-default is-cropped wp-block-gallery-12 is-layout-flex wp-block-gallery-is-layout-flex\">\n<figure class=\"wp-block-image size-large\"><img loading=\"lazy\" decoding=\"async\" width=\"338\" height=\"338\" data-id=\"11223\" src=\"https:\/\/www.designenlassen.de\/blog\/wp-content\/uploads\/2015\/07\/Logo-HNO-Gemeinschaftspraxis.png\" alt=\"Logo HNO Gemeinschaftspraxis\" class=\"wp-image-11223\" srcset=\"https:\/\/www.designenlassen.de\/blog\/wp-content\/uploads\/2015\/07\/Logo-HNO-Gemeinschaftspraxis.png 338w, https:\/\/www.designenlassen.de\/blog\/wp-content\/uploads\/2015\/07\/Logo-HNO-Gemeinschaftspraxis-150x150.png 150w, https:\/\/www.designenlassen.de\/blog\/wp-content\/uploads\/2015\/07\/Logo-HNO-Gemeinschaftspraxis-300x300.png 300w\" sizes=\"(max-width: 338px) 100vw, 338px\" \/><\/figure>\n\n\n\n<figure class=\"wp-block-image size-large\"><img loading=\"lazy\" decoding=\"async\" width=\"338\" height=\"339\" data-id=\"11236\" src=\"https:\/\/www.designenlassen.de\/blog\/wp-content\/uploads\/2015\/07\/HNO-Mexikoplatz-Praxis-1.png\" alt=\"HNO Mexikoplatz Praxis\" class=\"wp-image-11236\" srcset=\"https:\/\/www.designenlassen.de\/blog\/wp-content\/uploads\/2015\/07\/HNO-Mexikoplatz-Praxis-1.png 338w, https:\/\/www.designenlassen.de\/blog\/wp-content\/uploads\/2015\/07\/HNO-Mexikoplatz-Praxis-1-150x150.png 150w, https:\/\/www.designenlassen.de\/blog\/wp-content\/uploads\/2015\/07\/HNO-Mexikoplatz-Praxis-1-300x300.png 300w\" sizes=\"(max-width: 338px) 100vw, 338px\" \/><\/figure>\n\n\n\n<figure class=\"wp-block-image size-large\"><img loading=\"lazy\" decoding=\"async\" width=\"338\" height=\"338\" data-id=\"11222\" src=\"https:\/\/www.designenlassen.de\/blog\/wp-content\/uploads\/2015\/07\/HNO-Praxis-Hartung-Logo.jpg\" alt=\"HNO Praxis Hartung Logo\" class=\"wp-image-11222\" srcset=\"https:\/\/www.designenlassen.de\/blog\/wp-content\/uploads\/2015\/07\/HNO-Praxis-Hartung-Logo.jpg 338w, https:\/\/www.designenlassen.de\/blog\/wp-content\/uploads\/2015\/07\/HNO-Praxis-Hartung-Logo-150x150.jpg 150w, https:\/\/www.designenlassen.de\/blog\/wp-content\/uploads\/2015\/07\/HNO-Praxis-Hartung-Logo-300x300.jpg 300w\" sizes=\"(max-width: 338px) 100vw, 338px\" \/><\/figure>\n\n\n\n<figure class=\"wp-block-image size-large\"><img loading=\"lazy\" decoding=\"async\" width=\"338\" height=\"338\" data-id=\"11224\" src=\"https:\/\/www.designenlassen.de\/blog\/wp-content\/uploads\/2015\/07\/HNO-Logo-Mexikoplatz.png\" alt=\"HNO Logo Mexikoplatz\" class=\"wp-image-11224\" srcset=\"https:\/\/www.designenlassen.de\/blog\/wp-content\/uploads\/2015\/07\/HNO-Logo-Mexikoplatz.png 338w, https:\/\/www.designenlassen.de\/blog\/wp-content\/uploads\/2015\/07\/HNO-Logo-Mexikoplatz-150x150.png 150w, https:\/\/www.designenlassen.de\/blog\/wp-content\/uploads\/2015\/07\/HNO-Logo-Mexikoplatz-300x300.png 300w\" sizes=\"(max-width: 338px) 100vw, 338px\" \/><\/figure>\n\n\n\n<figure class=\"wp-block-image size-large\"><img loading=\"lazy\" decoding=\"async\" width=\"382\" height=\"383\" data-id=\"11221\" src=\"https:\/\/www.designenlassen.de\/blog\/wp-content\/uploads\/2015\/07\/HNO-Mexikoplatz-Praxis.png\" alt=\"HNO Mexikoplatz Praxis\" class=\"wp-image-11221\" srcset=\"https:\/\/www.designenlassen.de\/blog\/wp-content\/uploads\/2015\/07\/HNO-Mexikoplatz-Praxis.png 382w, https:\/\/www.designenlassen.de\/blog\/wp-content\/uploads\/2015\/07\/HNO-Mexikoplatz-Praxis-150x150.png 150w, https:\/\/www.designenlassen.de\/blog\/wp-content\/uploads\/2015\/07\/HNO-Mexikoplatz-Praxis-300x300.png 300w\" sizes=\"(max-width: 382px) 100vw, 382px\" \/><\/figure>\n<\/figure>\n\n\n\n<h2 class=\"wp-block-heading\">Chirurgie Logo<\/h2>\n\n\n\n<p>In der Chirurgie sind alle Motive beliebt, die mit dem Menschen zu tun haben, dabei kann es sich sowohl um vereinfachte M\u00e4nnchen handeln, als auch weiche Formen, die an den menschlichen K\u00f6rper erinnern. Harte Formen werden hier eher weniger verwendet.<\/p>\n\n\n\n<p>In der <a href=\"https:\/\/www.designenlassen.de\/blog\/farben-und-ihre-bedeutung\/\">Farbgebung<\/a> wird oft mit Gr\u00fcn- und Blaut\u00f6nen gespielt.<\/p>\n\n\n<div class=\"wp-block-image\">\n<figure class=\"aligncenter\"><img loading=\"lazy\" decoding=\"async\" width=\"800\" height=\"393\" src=\"http:\/\/www.designenlassen.de\/blog\/wp-content\/uploads\/2015\/07\/Praxis-f\u00fcr-Chirurgie-Logo-Dr.-Kiss.png\" alt=\"Praxis f\u00fcr Chirurgie Logo Dr. Kiss\" class=\"wp-image-11196\" srcset=\"https:\/\/www.designenlassen.de\/blog\/wp-content\/uploads\/2015\/07\/Praxis-f\u00fcr-Chirurgie-Logo-Dr.-Kiss.png 800w, https:\/\/www.designenlassen.de\/blog\/wp-content\/uploads\/2015\/07\/Praxis-f\u00fcr-Chirurgie-Logo-Dr.-Kiss-300x147.png 300w, https:\/\/www.designenlassen.de\/blog\/wp-content\/uploads\/2015\/07\/Praxis-f\u00fcr-Chirurgie-Logo-Dr.-Kiss-768x377.png 768w\" sizes=\"(max-width: 800px) 100vw, 800px\" \/><\/figure>\n<\/div>\n\n\n<figure class=\"wp-block-gallery has-nested-images columns-2 is-cropped wp-block-gallery-13 is-layout-flex wp-block-gallery-is-layout-flex\">\n<figure class=\"wp-block-image size-large\"><img loading=\"lazy\" decoding=\"async\" width=\"338\" height=\"338\" data-id=\"11193\" src=\"https:\/\/www.designenlassen.de\/blog\/wp-content\/uploads\/2015\/07\/\u00c4sthetische-Chirurgie-Logo-1.jpg\" alt=\"\u00c4sthetische Chirurgie Logo\" class=\"wp-image-11193\" srcset=\"https:\/\/www.designenlassen.de\/blog\/wp-content\/uploads\/2015\/07\/\u00c4sthetische-Chirurgie-Logo-1.jpg 338w, https:\/\/www.designenlassen.de\/blog\/wp-content\/uploads\/2015\/07\/\u00c4sthetische-Chirurgie-Logo-1-150x150.jpg 150w, https:\/\/www.designenlassen.de\/blog\/wp-content\/uploads\/2015\/07\/\u00c4sthetische-Chirurgie-Logo-1-300x300.jpg 300w\" sizes=\"(max-width: 338px) 100vw, 338px\" \/><\/figure>\n\n\n\n<figure class=\"wp-block-image size-large\"><img loading=\"lazy\" decoding=\"async\" width=\"338\" height=\"338\" data-id=\"11194\" src=\"https:\/\/www.designenlassen.de\/blog\/wp-content\/uploads\/2015\/07\/Chirurg-Dr.-Salameh-Logo.png\" alt=\"Chirurg Dr. Salameh Logo\" class=\"wp-image-11194\" srcset=\"https:\/\/www.designenlassen.de\/blog\/wp-content\/uploads\/2015\/07\/Chirurg-Dr.-Salameh-Logo.png 338w, https:\/\/www.designenlassen.de\/blog\/wp-content\/uploads\/2015\/07\/Chirurg-Dr.-Salameh-Logo-150x150.png 150w, https:\/\/www.designenlassen.de\/blog\/wp-content\/uploads\/2015\/07\/Chirurg-Dr.-Salameh-Logo-300x300.png 300w\" sizes=\"(max-width: 338px) 100vw, 338px\" \/><\/figure>\n\n\n\n<figure class=\"wp-block-image size-large\"><img loading=\"lazy\" decoding=\"async\" width=\"800\" height=\"476\" data-id=\"11195\" src=\"https:\/\/www.designenlassen.de\/blog\/wp-content\/uploads\/2015\/07\/Chirurgie-K\u00f6hler-Logo.jpg\" alt=\"Chirurgie K\u00f6hler Logo\" class=\"wp-image-11195\" srcset=\"https:\/\/www.designenlassen.de\/blog\/wp-content\/uploads\/2015\/07\/Chirurgie-K\u00f6hler-Logo.jpg 800w, https:\/\/www.designenlassen.de\/blog\/wp-content\/uploads\/2015\/07\/Chirurgie-K\u00f6hler-Logo-300x179.jpg 300w, https:\/\/www.designenlassen.de\/blog\/wp-content\/uploads\/2015\/07\/Chirurgie-K\u00f6hler-Logo-768x457.jpg 768w\" sizes=\"(max-width: 800px) 100vw, 800px\" \/><\/figure>\n<\/figure>\n\n\n\n<div class=\"wp-block-buttons is-content-justification-center is-layout-flex wp-container-core-buttons-is-layout-16018d1d wp-block-buttons-is-layout-flex\">\n<div class=\"wp-block-button is-style-fill\"><a class=\"wp-block-button__link has-white-color has-text-color has-background has-text-align-left wp-element-button\" href=\"https:\/\/www.designenlassen.de\/logo-design?utm_source=blog&amp;utm_medium=button&amp;utm_campaign=blog-beitraege\" style=\"background-color:#091182\">Jetzt Logo erstellen<\/a><\/div>\n<\/div>\n\n\n\n<div style=\"height:30px\" aria-hidden=\"true\" class=\"wp-block-spacer\"><\/div>\n\n\n\n<h2 class=\"wp-block-heading\">Augenarzt Logo<\/h2>\n\n\n\n<p>Bei einem Logo f\u00fcr einen Augenarzt ist es naheliegend, ein Auge als Motiv zu verwenden. Hier sind kreative Ideen besonders wichtig, um sich von der Masse an Augenmotiven abzuheben und ein individuelles Logo zu finden. Beliebt bei der Farbwahl sind besonders helle Gr\u00fcnt\u00f6ne, aber auch andere helle Farbt\u00f6ne.<\/p>\n\n\n<div class=\"wp-block-image\">\n<figure class=\"aligncenter\"><a href=\"https:\/\/www.designenlassen.de\/555966-augenakupunkturzentrum\"><img loading=\"lazy\" decoding=\"async\" width=\"800\" height=\"441\" src=\"http:\/\/www.designenlassen.de\/blog\/wp-content\/uploads\/2018\/04\/Augen-Akupunktur-Logo-Augenarzt.jpg\" alt=\"Augen Akupunktur Logo Augenarzt\" class=\"wp-image-10174\" srcset=\"https:\/\/www.designenlassen.de\/blog\/wp-content\/uploads\/2018\/04\/Augen-Akupunktur-Logo-Augenarzt.jpg 800w, https:\/\/www.designenlassen.de\/blog\/wp-content\/uploads\/2018\/04\/Augen-Akupunktur-Logo-Augenarzt-300x165.jpg 300w, https:\/\/www.designenlassen.de\/blog\/wp-content\/uploads\/2018\/04\/Augen-Akupunktur-Logo-Augenarzt-768x423.jpg 768w\" sizes=\"(max-width: 800px) 100vw, 800px\" \/><\/a><figcaption class=\"wp-element-caption\"><a href=\"https:\/\/www.designenlassen.de\/555966-augenakupunkturzentrum\" target=\"_blank\" rel=\"noopener noreferrer\">Augen Akupunktur Zentrum suchte ein Logo<\/a><\/figcaption><\/figure>\n<\/div>\n\n<div class=\"wp-block-image\">\n<figure class=\"aligncenter\"><img loading=\"lazy\" decoding=\"async\" width=\"800\" height=\"257\" src=\"http:\/\/www.designenlassen.de\/blog\/wp-content\/uploads\/2018\/04\/Logo-Augenarzt-Keck-Paquet.png\" alt=\"\" class=\"wp-image-10182\" srcset=\"https:\/\/www.designenlassen.de\/blog\/wp-content\/uploads\/2018\/04\/Logo-Augenarzt-Keck-Paquet.png 800w, https:\/\/www.designenlassen.de\/blog\/wp-content\/uploads\/2018\/04\/Logo-Augenarzt-Keck-Paquet-300x96.png 300w, https:\/\/www.designenlassen.de\/blog\/wp-content\/uploads\/2018\/04\/Logo-Augenarzt-Keck-Paquet-768x247.png 768w\" sizes=\"(max-width: 800px) 100vw, 800px\" \/><\/figure>\n<\/div>\n\n<div class=\"wp-block-image\">\n<figure class=\"aligncenter\"><a href=\"https:\/\/www.designenlassen.de\/932857-logo-design-fuer-augenaerztliche-gemeinschaftspraxis\"><img loading=\"lazy\" decoding=\"async\" width=\"800\" height=\"534\" src=\"http:\/\/www.designenlassen.de\/blog\/wp-content\/uploads\/2018\/04\/Augenarzt-Logo-Dr.-Wilke.png\" alt=\"Augenarzt Logo Dr. Wilke\" class=\"wp-image-10179\" srcset=\"https:\/\/www.designenlassen.de\/blog\/wp-content\/uploads\/2018\/04\/Augenarzt-Logo-Dr.-Wilke.png 800w, https:\/\/www.designenlassen.de\/blog\/wp-content\/uploads\/2018\/04\/Augenarzt-Logo-Dr.-Wilke-300x200.png 300w, https:\/\/www.designenlassen.de\/blog\/wp-content\/uploads\/2018\/04\/Augenarzt-Logo-Dr.-Wilke-768x513.png 768w\" sizes=\"(max-width: 800px) 100vw, 800px\" \/><\/a><figcaption class=\"wp-element-caption\"><a href=\"https:\/\/www.designenlassen.de\/932857-logo-design-fuer-augenaerztliche-gemeinschaftspraxis\" target=\"_blank\" rel=\"noopener noreferrer\">Logo-Design f\u00fcr Augen\u00e4rztliche Gemeinschaftspraxis<\/a><\/figcaption><\/figure>\n<\/div>\n\n\n<figure class=\"wp-block-gallery has-nested-images columns-2 is-cropped wp-block-gallery-14 is-layout-flex wp-block-gallery-is-layout-flex\">\n<figure class=\"wp-block-image size-large\"><img loading=\"lazy\" decoding=\"async\" width=\"338\" height=\"338\" data-id=\"10185\" src=\"https:\/\/www.designenlassen.de\/blog\/wp-content\/uploads\/2018\/04\/Keck-Paquet-Augenarzt-Logo-Design.png\" alt=\"Keck Paquet Augenarzt Logo Design\" class=\"wp-image-10185\" srcset=\"https:\/\/www.designenlassen.de\/blog\/wp-content\/uploads\/2018\/04\/Keck-Paquet-Augenarzt-Logo-Design.png 338w, https:\/\/www.designenlassen.de\/blog\/wp-content\/uploads\/2018\/04\/Keck-Paquet-Augenarzt-Logo-Design-150x150.png 150w, https:\/\/www.designenlassen.de\/blog\/wp-content\/uploads\/2018\/04\/Keck-Paquet-Augenarzt-Logo-Design-300x300.png 300w\" sizes=\"(max-width: 338px) 100vw, 338px\" \/><\/figure>\n\n\n\n<figure class=\"wp-block-image size-large\"><img loading=\"lazy\" decoding=\"async\" width=\"338\" height=\"339\" data-id=\"10177\" src=\"https:\/\/www.designenlassen.de\/blog\/wp-content\/uploads\/2018\/04\/Augenarzt-Logo-Keck-Paquet.png\" alt=\"Augenarzt Logo Keck Paquet\" class=\"wp-image-10177\" srcset=\"https:\/\/www.designenlassen.de\/blog\/wp-content\/uploads\/2018\/04\/Augenarzt-Logo-Keck-Paquet.png 338w, https:\/\/www.designenlassen.de\/blog\/wp-content\/uploads\/2018\/04\/Augenarzt-Logo-Keck-Paquet-150x150.png 150w, https:\/\/www.designenlassen.de\/blog\/wp-content\/uploads\/2018\/04\/Augenarzt-Logo-Keck-Paquet-300x300.png 300w\" sizes=\"(max-width: 338px) 100vw, 338px\" \/><\/figure>\n\n\n\n<figure class=\"wp-block-image size-large\"><img loading=\"lazy\" decoding=\"async\" width=\"650\" height=\"650\" data-id=\"10176\" src=\"https:\/\/www.designenlassen.de\/blog\/wp-content\/uploads\/2018\/04\/Dr.-Otto-Bali-Augenakupunktur-Logo-Design-Augenarzt.jpg\" alt=\"Dr. Otto-Bali Augenakupunktur Logo Design Augenarzt\" class=\"wp-image-10176\" srcset=\"https:\/\/www.designenlassen.de\/blog\/wp-content\/uploads\/2018\/04\/Dr.-Otto-Bali-Augenakupunktur-Logo-Design-Augenarzt.jpg 650w, https:\/\/www.designenlassen.de\/blog\/wp-content\/uploads\/2018\/04\/Dr.-Otto-Bali-Augenakupunktur-Logo-Design-Augenarzt-150x150.jpg 150w, https:\/\/www.designenlassen.de\/blog\/wp-content\/uploads\/2018\/04\/Dr.-Otto-Bali-Augenakupunktur-Logo-Design-Augenarzt-300x300.jpg 300w\" sizes=\"(max-width: 650px) 100vw, 650px\" \/><\/figure>\n\n\n\n<figure class=\"wp-block-image size-large\"><img loading=\"lazy\" decoding=\"async\" width=\"338\" height=\"338\" data-id=\"10181\" src=\"https:\/\/www.designenlassen.de\/blog\/wp-content\/uploads\/2018\/04\/Augenarztpraxis-Logo-Design-Kreyenbr\u00fcck.jpg\" alt=\"\" class=\"wp-image-10181\" srcset=\"https:\/\/www.designenlassen.de\/blog\/wp-content\/uploads\/2018\/04\/Augenarztpraxis-Logo-Design-Kreyenbr\u00fcck.jpg 338w, https:\/\/www.designenlassen.de\/blog\/wp-content\/uploads\/2018\/04\/Augenarztpraxis-Logo-Design-Kreyenbr\u00fcck-150x150.jpg 150w, https:\/\/www.designenlassen.de\/blog\/wp-content\/uploads\/2018\/04\/Augenarztpraxis-Logo-Design-Kreyenbr\u00fcck-300x300.jpg 300w\" sizes=\"(max-width: 338px) 100vw, 338px\" \/><\/figure>\n<\/figure>\n\n\n\n<h2 class=\"wp-block-heading\">Heilpraktiker Logo und Logo f\u00fcr die Naturheilpraxis<\/h2>\n\n\n\n<p>In der Alternativen Medizin werden oft <a href=\"https:\/\/www.designenlassen.de\/blog\/farbenlehre-die-macht-der-farben-verstehen\/\">Farben<\/a> verwendet, die in der Natur selbst auch vorkommen, also nicht k\u00fcnstlich sind. Im Allgemeinen sind die Logos sehr flie\u00dfend, es kommen kaum harte Kanten und Linien vor, sondern viele Motive, die das Wesen und den Charakter der Natur widerspiegeln. Dies spielt vor allem bei dieser Art von Gesundheitslehre eine gro\u00dfe Rolle.<\/p>\n\n\n<div class=\"wp-block-image\">\n<figure class=\"aligncenter\"><img loading=\"lazy\" decoding=\"async\" width=\"800\" height=\"524\" src=\"http:\/\/www.designenlassen.de\/blog\/wp-content\/uploads\/2015\/07\/Heilpraktiker-Logo-Romy-Langthaler.png\" alt=\"Heilpraktiker Logo Romy Langthaler\" class=\"wp-image-11204\" srcset=\"https:\/\/www.designenlassen.de\/blog\/wp-content\/uploads\/2015\/07\/Heilpraktiker-Logo-Romy-Langthaler.png 800w, https:\/\/www.designenlassen.de\/blog\/wp-content\/uploads\/2015\/07\/Heilpraktiker-Logo-Romy-Langthaler-300x197.png 300w, https:\/\/www.designenlassen.de\/blog\/wp-content\/uploads\/2015\/07\/Heilpraktiker-Logo-Romy-Langthaler-768x503.png 768w\" sizes=\"(max-width: 800px) 100vw, 800px\" \/><\/figure>\n<\/div>\n\n\n<figure class=\"wp-block-gallery has-nested-images columns-2 is-cropped wp-block-gallery-15 is-layout-flex wp-block-gallery-is-layout-flex\">\n<figure class=\"wp-block-image size-large\"><img loading=\"lazy\" decoding=\"async\" width=\"338\" height=\"338\" data-id=\"11202\" src=\"https:\/\/www.designenlassen.de\/blog\/wp-content\/uploads\/2015\/07\/Heilpraktiker-Logo-Design-2.jpg\" alt=\"Heilpraktiker Logo Design (2)\" class=\"wp-image-11202\" srcset=\"https:\/\/www.designenlassen.de\/blog\/wp-content\/uploads\/2015\/07\/Heilpraktiker-Logo-Design-2.jpg 338w, https:\/\/www.designenlassen.de\/blog\/wp-content\/uploads\/2015\/07\/Heilpraktiker-Logo-Design-2-150x150.jpg 150w, https:\/\/www.designenlassen.de\/blog\/wp-content\/uploads\/2015\/07\/Heilpraktiker-Logo-Design-2-300x300.jpg 300w\" sizes=\"(max-width: 338px) 100vw, 338px\" \/><\/figure>\n\n\n\n<figure class=\"wp-block-image size-large\"><img loading=\"lazy\" decoding=\"async\" width=\"338\" height=\"338\" data-id=\"11206\" src=\"https:\/\/www.designenlassen.de\/blog\/wp-content\/uploads\/2015\/07\/Kinesiologie-Logo-Lilian-Lambrigger.png\" alt=\"Kinesiologie Logo Lilian Lambrigger\" class=\"wp-image-11206\" srcset=\"https:\/\/www.designenlassen.de\/blog\/wp-content\/uploads\/2015\/07\/Kinesiologie-Logo-Lilian-Lambrigger.png 338w, https:\/\/www.designenlassen.de\/blog\/wp-content\/uploads\/2015\/07\/Kinesiologie-Logo-Lilian-Lambrigger-150x150.png 150w, https:\/\/www.designenlassen.de\/blog\/wp-content\/uploads\/2015\/07\/Kinesiologie-Logo-Lilian-Lambrigger-300x300.png 300w\" sizes=\"(max-width: 338px) 100vw, 338px\" \/><\/figure>\n\n\n\n<figure class=\"wp-block-image size-large\"><img loading=\"lazy\" decoding=\"async\" width=\"338\" height=\"338\" data-id=\"11205\" src=\"https:\/\/www.designenlassen.de\/blog\/wp-content\/uploads\/2015\/07\/Hom\u00f6opathie-Logo-Annalena-Klein-Pohl.jpg\" alt=\"Hom\u00f6opathie Logo Annalena Klein-Pohl\" class=\"wp-image-11205\" srcset=\"https:\/\/www.designenlassen.de\/blog\/wp-content\/uploads\/2015\/07\/Hom\u00f6opathie-Logo-Annalena-Klein-Pohl.jpg 338w, https:\/\/www.designenlassen.de\/blog\/wp-content\/uploads\/2015\/07\/Hom\u00f6opathie-Logo-Annalena-Klein-Pohl-150x150.jpg 150w, https:\/\/www.designenlassen.de\/blog\/wp-content\/uploads\/2015\/07\/Hom\u00f6opathie-Logo-Annalena-Klein-Pohl-300x300.jpg 300w\" sizes=\"(max-width: 338px) 100vw, 338px\" \/><\/figure>\n\n\n\n<figure class=\"wp-block-image size-large\"><img loading=\"lazy\" decoding=\"async\" width=\"338\" height=\"338\" data-id=\"11201\" src=\"https:\/\/www.designenlassen.de\/blog\/wp-content\/uploads\/2015\/07\/Alternativ-Medizin-Hom\u00f6opathie-Logo-AnnaLena-Klein-Pohl.jpg\" alt=\"Alternativ Medizin Hom\u00f6opathie Logo AnnaLena Klein-Pohl\" class=\"wp-image-11201\" srcset=\"https:\/\/www.designenlassen.de\/blog\/wp-content\/uploads\/2015\/07\/Alternativ-Medizin-Hom\u00f6opathie-Logo-AnnaLena-Klein-Pohl.jpg 338w, https:\/\/www.designenlassen.de\/blog\/wp-content\/uploads\/2015\/07\/Alternativ-Medizin-Hom\u00f6opathie-Logo-AnnaLena-Klein-Pohl-150x150.jpg 150w, https:\/\/www.designenlassen.de\/blog\/wp-content\/uploads\/2015\/07\/Alternativ-Medizin-Hom\u00f6opathie-Logo-AnnaLena-Klein-Pohl-300x300.jpg 300w\" sizes=\"(max-width: 338px) 100vw, 338px\" \/><\/figure>\n\n\n\n<figure class=\"wp-block-image size-large\"><img loading=\"lazy\" decoding=\"async\" width=\"800\" height=\"562\" data-id=\"11207\" src=\"https:\/\/www.designenlassen.de\/blog\/wp-content\/uploads\/2015\/07\/Naturheilpraxis-Logo-Alexandra-Veser.jpg\" alt=\"Naturheilpraxis Logo Alexandra Veser\" class=\"wp-image-11207\" srcset=\"https:\/\/www.designenlassen.de\/blog\/wp-content\/uploads\/2015\/07\/Naturheilpraxis-Logo-Alexandra-Veser.jpg 800w, https:\/\/www.designenlassen.de\/blog\/wp-content\/uploads\/2015\/07\/Naturheilpraxis-Logo-Alexandra-Veser-300x211.jpg 300w, https:\/\/www.designenlassen.de\/blog\/wp-content\/uploads\/2015\/07\/Naturheilpraxis-Logo-Alexandra-Veser-768x540.jpg 768w\" sizes=\"(max-width: 800px) 100vw, 800px\" \/><\/figure>\n<\/figure>\n\n\n\n<figure class=\"wp-block-gallery has-nested-images columns-default is-cropped wp-block-gallery-16 is-layout-flex wp-block-gallery-is-layout-flex\">\n<figure class=\"wp-block-image size-large\"><img loading=\"lazy\" decoding=\"async\" width=\"338\" height=\"338\" data-id=\"11208\" src=\"https:\/\/www.designenlassen.de\/blog\/wp-content\/uploads\/2015\/07\/Naturheilpraxis-Logo-Klein-Pohl.jpg\" alt=\"Naturheilpraxis Logo Klein-Pohl\" class=\"wp-image-11208\" srcset=\"https:\/\/www.designenlassen.de\/blog\/wp-content\/uploads\/2015\/07\/Naturheilpraxis-Logo-Klein-Pohl.jpg 338w, https:\/\/www.designenlassen.de\/blog\/wp-content\/uploads\/2015\/07\/Naturheilpraxis-Logo-Klein-Pohl-150x150.jpg 150w, https:\/\/www.designenlassen.de\/blog\/wp-content\/uploads\/2015\/07\/Naturheilpraxis-Logo-Klein-Pohl-300x300.jpg 300w\" sizes=\"(max-width: 338px) 100vw, 338px\" \/><\/figure>\n\n\n\n<figure class=\"wp-block-image size-large\"><img loading=\"lazy\" decoding=\"async\" width=\"338\" height=\"338\" data-id=\"11209\" src=\"https:\/\/www.designenlassen.de\/blog\/wp-content\/uploads\/2015\/07\/Naturheilverfahren-und-Akupunktur-Logo-Kerstin-Klein.png\" alt=\"Naturheilverfahren und Akupunktur Logo Kerstin Klein\" class=\"wp-image-11209\" srcset=\"https:\/\/www.designenlassen.de\/blog\/wp-content\/uploads\/2015\/07\/Naturheilverfahren-und-Akupunktur-Logo-Kerstin-Klein.png 338w, https:\/\/www.designenlassen.de\/blog\/wp-content\/uploads\/2015\/07\/Naturheilverfahren-und-Akupunktur-Logo-Kerstin-Klein-150x150.png 150w, https:\/\/www.designenlassen.de\/blog\/wp-content\/uploads\/2015\/07\/Naturheilverfahren-und-Akupunktur-Logo-Kerstin-Klein-300x300.png 300w\" sizes=\"(max-width: 338px) 100vw, 338px\" \/><\/figure>\n<\/figure>\n\n\n<div class=\"wp-block-image\">\n<figure class=\"aligncenter\"><a href=\"https:\/\/www.designenlassen.de\/155816-logo-design-praxis-fuer-naturheilkunde\"><img loading=\"lazy\" decoding=\"async\" width=\"800\" height=\"324\" src=\"http:\/\/www.designenlassen.de\/blog\/wp-content\/uploads\/2015\/07\/Praxis-f\u00fcr-Naturheilverfahren-Logo.png\" alt=\"Praxis f\u00fcr Naturheilverfahren Logo\" class=\"wp-image-11200\" srcset=\"https:\/\/www.designenlassen.de\/blog\/wp-content\/uploads\/2015\/07\/Praxis-f\u00fcr-Naturheilverfahren-Logo.png 800w, https:\/\/www.designenlassen.de\/blog\/wp-content\/uploads\/2015\/07\/Praxis-f\u00fcr-Naturheilverfahren-Logo-300x122.png 300w, https:\/\/www.designenlassen.de\/blog\/wp-content\/uploads\/2015\/07\/Praxis-f\u00fcr-Naturheilverfahren-Logo-768x311.png 768w\" sizes=\"(max-width: 800px) 100vw, 800px\" \/><\/a><figcaption class=\"wp-element-caption\"><a href=\"https:\/\/www.designenlassen.de\/155816-logo-design-praxis-fuer-naturheilkunde\" target=\"_blank\" rel=\"noopener noreferrer\">Logo-Design f\u00fcr Naturheilkunde Praxis<\/a><\/figcaption><\/figure>\n<\/div>\n\n\n<h2 class=\"wp-block-heading\"><b>Weinarzt<\/b><\/h2>\n\n\n\n<p>Und wenn Du am Vortag mal zu tief in das Glas oder die Flasche geschaut haben solltest und Dein Kopf Dich fast umbringt, kann Dir dieser Facharzt mit Sicherheit weiterhelfen \ud83d\ude09<\/p>\n\n\n<div class=\"wp-block-image\">\n<figure class=\"aligncenter\"><img loading=\"lazy\" decoding=\"async\" width=\"500\" height=\"587\" src=\"http:\/\/www.designenlassen.de\/blog\/wp-content\/uploads\/2015\/07\/Weinarzt-Logo.jpg\" alt=\"Weinarzt Logo\" class=\"wp-image-4540\" srcset=\"https:\/\/www.designenlassen.de\/blog\/wp-content\/uploads\/2015\/07\/Weinarzt-Logo.jpg 500w, https:\/\/www.designenlassen.de\/blog\/wp-content\/uploads\/2015\/07\/Weinarzt-Logo-256x300.jpg 256w\" sizes=\"(max-width: 500px) 100vw, 500px\" \/><\/figure>\n<\/div>\n\n\n<h2 class=\"wp-block-heading\">Arzt-Logo professionell erstellen lassen<\/h2>\n\n\n\n<p>Als Arzt willst Du nat\u00fcrlich einen professionellen Eindruck vermitteln. Das sollte nat\u00fcrlich auch Dein Logo widerspiegeln. Denn der Patient soll gleich wissen, dass hier ein Experte am Werk ist.<\/p>\n\n\n\n<p><strong>Mit einem professionellen Logo verleihst Du Deiner Arztpraxis maximale Aufmerksamkeit und legst den Grundstein f\u00fcr ein starkes Branding.<\/strong><\/p>\n\n\n\n<p>So einfach geht\u00b4s: In nur kurzer Zeit kreieren Dir unsere Profi-Designer zahlreiche <strong>individuelle Logo-Entw\u00fcrfe nach Deinen W\u00fcnschen.<\/strong> Anschlie\u00dfend kannst Du ganz bequem aus all den Vorschl\u00e4gen Deinen Favoriten ausw\u00e4hlen. Neugierig? Dann entdecke hier Dein neues Logo-Design:<\/p>\n\n\n\n<div class=\"wp-block-buttons is-content-justification-center is-layout-flex wp-container-core-buttons-is-layout-16018d1d wp-block-buttons-is-layout-flex\">\n<div class=\"wp-block-button is-style-fill\"><a class=\"wp-block-button__link has-white-color has-text-color has-background has-text-align-left wp-element-button\" href=\"https:\/\/www.designenlassen.de\/logo-design?utm_source=blog&amp;utm_medium=button&amp;utm_campaign=blog-beitraege\" style=\"background-color:#091182\">Jetzt Logo erstellen<\/a><\/div>\n<\/div>\n\n\n\n<div style=\"height:43px\" aria-hidden=\"true\" class=\"wp-block-spacer\"><\/div>\n","protected":false},"excerpt":{"rendered":"<p>Jeder niedergelassene Arzt ist auch Unternehmer und muss sich jeden Tag aufs neue dem enormen Wettbewerb&hellip;<\/p>\n","protected":false},"author":4,"featured_media":11192,"comment_status":"open","ping_status":"open","sticky":false,"template":"","format":"standard","meta":{"_lmt_disableupdate":"","_lmt_disable":"","footnotes":""},"categories":[19],"tags":[],"class_list":["post-4496","post","type-post","status-publish","format-standard","has-post-thumbnail","hentry","category-inspiration"],"yoast_head":"<!-- This site is optimized with the Yoast SEO plugin v27.5 - https:\/\/yoast.com\/product\/yoast-seo-wordpress\/ -->\n<title>66+ Top Arzt Logos als Inspiration f\u00fcr Deine Praxis<\/title>\n<meta name=\"description\" content=\"Egal f\u00fcr welchen medizinischen Fachbereich Sie als Arzt t\u00e4tig sind, ein professionelles Logo-Design schafft Vertrauen in Ihre Arbeit.\" \/>\n<meta name=\"robots\" content=\"index, follow, max-snippet:-1, max-image-preview:large, max-video-preview:-1\" \/>\n<link rel=\"canonical\" href=\"https:\/\/www.designenlassen.de\/blog\/30-arzt-logos-mit-denen-sie-sich-von-ihrer-konkurrenz-abheben\/\" \/>\n<meta property=\"og:locale\" content=\"de_DE\" \/>\n<meta property=\"og:type\" content=\"article\" \/>\n<meta property=\"og:title\" content=\"66+ Top Arzt Logos als Inspiration f\u00fcr Deine Praxis\" \/>\n<meta property=\"og:description\" content=\"Egal f\u00fcr welchen medizinischen Fachbereich Sie als Arzt t\u00e4tig sind, ein professionelles Logo-Design schafft Vertrauen in Ihre Arbeit.\" \/>\n<meta property=\"og:url\" content=\"https:\/\/www.designenlassen.de\/blog\/30-arzt-logos-mit-denen-sie-sich-von-ihrer-konkurrenz-abheben\/\" \/>\n<meta property=\"og:site_name\" content=\"designenlassen.de Blog\" \/>\n<meta property=\"article:published_time\" content=\"2023-05-17T07:32:00+00:00\" \/>\n<meta property=\"article:modified_time\" content=\"2024-12-13T07:51:57+00:00\" \/>\n<meta property=\"og:image\" content=\"https:\/\/www.designenlassen.de\/blog\/wp-content\/uploads\/2015\/07\/Arzt-Logo-Dr.-K\u00f6hler-Chirurg.jpg\" \/>\n\t<meta property=\"og:image:width\" content=\"800\" \/>\n\t<meta property=\"og:image:height\" content=\"427\" \/>\n\t<meta property=\"og:image:type\" content=\"image\/jpeg\" \/>\n<meta name=\"author\" content=\"Eileen\" \/>\n<meta name=\"twitter:card\" content=\"summary_large_image\" \/>\n<meta name=\"twitter:label1\" content=\"Verfasst von\" \/>\n\t<meta name=\"twitter:data1\" content=\"Eileen\" \/>\n\t<meta name=\"twitter:label2\" content=\"Gesch\u00e4tzte Lesezeit\" \/>\n\t<meta name=\"twitter:data2\" content=\"20\u00a0Minuten\" \/>\n<script type=\"application\/ld+json\" class=\"yoast-schema-graph\">{\"@context\":\"https:\\\/\\\/schema.org\",\"@graph\":[{\"@type\":\"Article\",\"@id\":\"https:\\\/\\\/www.designenlassen.de\\\/blog\\\/30-arzt-logos-mit-denen-sie-sich-von-ihrer-konkurrenz-abheben\\\/#article\",\"isPartOf\":{\"@id\":\"https:\\\/\\\/www.designenlassen.de\\\/blog\\\/30-arzt-logos-mit-denen-sie-sich-von-ihrer-konkurrenz-abheben\\\/\"},\"author\":{\"name\":\"Eileen\",\"@id\":\"https:\\\/\\\/www.designenlassen.de\\\/blog\\\/#\\\/schema\\\/person\\\/6e1dd6212b3139dd802540825d354a04\"},\"headline\":\"66 Arzt Logos, mit denen Du Dich von Deiner Konkurrenz abhebst\",\"datePublished\":\"2023-05-17T07:32:00+00:00\",\"dateModified\":\"2024-12-13T07:51:57+00:00\",\"mainEntityOfPage\":{\"@id\":\"https:\\\/\\\/www.designenlassen.de\\\/blog\\\/30-arzt-logos-mit-denen-sie-sich-von-ihrer-konkurrenz-abheben\\\/\"},\"wordCount\":876,\"commentCount\":1,\"image\":{\"@id\":\"https:\\\/\\\/www.designenlassen.de\\\/blog\\\/30-arzt-logos-mit-denen-sie-sich-von-ihrer-konkurrenz-abheben\\\/#primaryimage\"},\"thumbnailUrl\":\"https:\\\/\\\/www.designenlassen.de\\\/blog\\\/wp-content\\\/uploads\\\/2015\\\/07\\\/Arzt-Logo-Dr.-K\u00f6hler-Chirurg.jpg\",\"articleSection\":[\"Design-Galerien\"],\"inLanguage\":\"de\",\"potentialAction\":[{\"@type\":\"CommentAction\",\"name\":\"Comment\",\"target\":[\"https:\\\/\\\/www.designenlassen.de\\\/blog\\\/30-arzt-logos-mit-denen-sie-sich-von-ihrer-konkurrenz-abheben\\\/#respond\"]}]},{\"@type\":\"WebPage\",\"@id\":\"https:\\\/\\\/www.designenlassen.de\\\/blog\\\/30-arzt-logos-mit-denen-sie-sich-von-ihrer-konkurrenz-abheben\\\/\",\"url\":\"https:\\\/\\\/www.designenlassen.de\\\/blog\\\/30-arzt-logos-mit-denen-sie-sich-von-ihrer-konkurrenz-abheben\\\/\",\"name\":\"66+ Top Arzt Logos als Inspiration f\u00fcr Deine Praxis\",\"isPartOf\":{\"@id\":\"https:\\\/\\\/www.designenlassen.de\\\/blog\\\/#website\"},\"primaryImageOfPage\":{\"@id\":\"https:\\\/\\\/www.designenlassen.de\\\/blog\\\/30-arzt-logos-mit-denen-sie-sich-von-ihrer-konkurrenz-abheben\\\/#primaryimage\"},\"image\":{\"@id\":\"https:\\\/\\\/www.designenlassen.de\\\/blog\\\/30-arzt-logos-mit-denen-sie-sich-von-ihrer-konkurrenz-abheben\\\/#primaryimage\"},\"thumbnailUrl\":\"https:\\\/\\\/www.designenlassen.de\\\/blog\\\/wp-content\\\/uploads\\\/2015\\\/07\\\/Arzt-Logo-Dr.-K\u00f6hler-Chirurg.jpg\",\"datePublished\":\"2023-05-17T07:32:00+00:00\",\"dateModified\":\"2024-12-13T07:51:57+00:00\",\"author\":{\"@id\":\"https:\\\/\\\/www.designenlassen.de\\\/blog\\\/#\\\/schema\\\/person\\\/6e1dd6212b3139dd802540825d354a04\"},\"description\":\"Egal f\u00fcr welchen medizinischen Fachbereich Sie als Arzt t\u00e4tig sind, ein professionelles Logo-Design schafft Vertrauen in Ihre Arbeit.\",\"breadcrumb\":{\"@id\":\"https:\\\/\\\/www.designenlassen.de\\\/blog\\\/30-arzt-logos-mit-denen-sie-sich-von-ihrer-konkurrenz-abheben\\\/#breadcrumb\"},\"inLanguage\":\"de\",\"potentialAction\":[{\"@type\":\"ReadAction\",\"target\":[\"https:\\\/\\\/www.designenlassen.de\\\/blog\\\/30-arzt-logos-mit-denen-sie-sich-von-ihrer-konkurrenz-abheben\\\/\"]}]},{\"@type\":\"ImageObject\",\"inLanguage\":\"de\",\"@id\":\"https:\\\/\\\/www.designenlassen.de\\\/blog\\\/30-arzt-logos-mit-denen-sie-sich-von-ihrer-konkurrenz-abheben\\\/#primaryimage\",\"url\":\"https:\\\/\\\/www.designenlassen.de\\\/blog\\\/wp-content\\\/uploads\\\/2015\\\/07\\\/Arzt-Logo-Dr.-K\u00f6hler-Chirurg.jpg\",\"contentUrl\":\"https:\\\/\\\/www.designenlassen.de\\\/blog\\\/wp-content\\\/uploads\\\/2015\\\/07\\\/Arzt-Logo-Dr.-K\u00f6hler-Chirurg.jpg\",\"width\":800,\"height\":427,\"caption\":\"Arzt Logo Dr. K\u00f6hler Chirurg\"},{\"@type\":\"BreadcrumbList\",\"@id\":\"https:\\\/\\\/www.designenlassen.de\\\/blog\\\/30-arzt-logos-mit-denen-sie-sich-von-ihrer-konkurrenz-abheben\\\/#breadcrumb\",\"itemListElement\":[{\"@type\":\"ListItem\",\"position\":1,\"name\":\"Start\",\"item\":\"https:\\\/\\\/www.designenlassen.de\\\/blog\\\/\"},{\"@type\":\"ListItem\",\"position\":2,\"name\":\"66 Arzt Logos, mit denen Du Dich von Deiner Konkurrenz abhebst\"}]},{\"@type\":\"WebSite\",\"@id\":\"https:\\\/\\\/www.designenlassen.de\\\/blog\\\/#website\",\"url\":\"https:\\\/\\\/www.designenlassen.de\\\/blog\\\/\",\"name\":\"designenlassen.de Blog\",\"description\":\"Inspirationen, Tipps und Ideen f\u00fcr Designer sowie Gr\u00fcnder und Kleinbetriebe.\",\"potentialAction\":[{\"@type\":\"SearchAction\",\"target\":{\"@type\":\"EntryPoint\",\"urlTemplate\":\"https:\\\/\\\/www.designenlassen.de\\\/blog\\\/?s={search_term_string}\"},\"query-input\":{\"@type\":\"PropertyValueSpecification\",\"valueRequired\":true,\"valueName\":\"search_term_string\"}}],\"inLanguage\":\"de\"},{\"@type\":\"Person\",\"@id\":\"https:\\\/\\\/www.designenlassen.de\\\/blog\\\/#\\\/schema\\\/person\\\/6e1dd6212b3139dd802540825d354a04\",\"name\":\"Eileen\",\"image\":{\"@type\":\"ImageObject\",\"inLanguage\":\"de\",\"@id\":\"https:\\\/\\\/secure.gravatar.com\\\/avatar\\\/47ca27f4c842fe1ac31232a2c2e8be04a3b4ed2cf3cdec367172452edf9acca6?s=96&d=mm&r=g\",\"url\":\"https:\\\/\\\/secure.gravatar.com\\\/avatar\\\/47ca27f4c842fe1ac31232a2c2e8be04a3b4ed2cf3cdec367172452edf9acca6?s=96&d=mm&r=g\",\"contentUrl\":\"https:\\\/\\\/secure.gravatar.com\\\/avatar\\\/47ca27f4c842fe1ac31232a2c2e8be04a3b4ed2cf3cdec367172452edf9acca6?s=96&d=mm&r=g\",\"caption\":\"Eileen\"},\"description\":\"Eileen ist studierte Kommunikations-Designerin und bekennender Grafikdesign-Nerd. Sie schreibt hier im Blog \u00fcber Design Trends.\",\"url\":\"https:\\\/\\\/www.designenlassen.de\\\/blog\\\/author\\\/eileen\\\/\"}]}<\/script>\n<!-- \/ Yoast SEO plugin. -->","yoast_head_json":{"title":"66+ Top Arzt Logos als Inspiration f\u00fcr Deine Praxis","description":"Egal f\u00fcr welchen medizinischen Fachbereich Sie als Arzt t\u00e4tig sind, ein professionelles Logo-Design schafft Vertrauen in Ihre Arbeit.","robots":{"index":"index","follow":"follow","max-snippet":"max-snippet:-1","max-image-preview":"max-image-preview:large","max-video-preview":"max-video-preview:-1"},"canonical":"https:\/\/www.designenlassen.de\/blog\/30-arzt-logos-mit-denen-sie-sich-von-ihrer-konkurrenz-abheben\/","og_locale":"de_DE","og_type":"article","og_title":"66+ Top Arzt Logos als Inspiration f\u00fcr Deine Praxis","og_description":"Egal f\u00fcr welchen medizinischen Fachbereich Sie als Arzt t\u00e4tig sind, ein professionelles Logo-Design schafft Vertrauen in Ihre Arbeit.","og_url":"https:\/\/www.designenlassen.de\/blog\/30-arzt-logos-mit-denen-sie-sich-von-ihrer-konkurrenz-abheben\/","og_site_name":"designenlassen.de Blog","article_published_time":"2023-05-17T07:32:00+00:00","article_modified_time":"2024-12-13T07:51:57+00:00","og_image":[{"width":800,"height":427,"url":"https:\/\/www.designenlassen.de\/blog\/wp-content\/uploads\/2015\/07\/Arzt-Logo-Dr.-K\u00f6hler-Chirurg.jpg","type":"image\/jpeg"}],"author":"Eileen","twitter_card":"summary_large_image","twitter_misc":{"Verfasst von":"Eileen","Gesch\u00e4tzte Lesezeit":"20\u00a0Minuten"},"schema":{"@context":"https:\/\/schema.org","@graph":[{"@type":"Article","@id":"https:\/\/www.designenlassen.de\/blog\/30-arzt-logos-mit-denen-sie-sich-von-ihrer-konkurrenz-abheben\/#article","isPartOf":{"@id":"https:\/\/www.designenlassen.de\/blog\/30-arzt-logos-mit-denen-sie-sich-von-ihrer-konkurrenz-abheben\/"},"author":{"name":"Eileen","@id":"https:\/\/www.designenlassen.de\/blog\/#\/schema\/person\/6e1dd6212b3139dd802540825d354a04"},"headline":"66 Arzt Logos, mit denen Du Dich von Deiner Konkurrenz abhebst","datePublished":"2023-05-17T07:32:00+00:00","dateModified":"2024-12-13T07:51:57+00:00","mainEntityOfPage":{"@id":"https:\/\/www.designenlassen.de\/blog\/30-arzt-logos-mit-denen-sie-sich-von-ihrer-konkurrenz-abheben\/"},"wordCount":876,"commentCount":1,"image":{"@id":"https:\/\/www.designenlassen.de\/blog\/30-arzt-logos-mit-denen-sie-sich-von-ihrer-konkurrenz-abheben\/#primaryimage"},"thumbnailUrl":"https:\/\/www.designenlassen.de\/blog\/wp-content\/uploads\/2015\/07\/Arzt-Logo-Dr.-K\u00f6hler-Chirurg.jpg","articleSection":["Design-Galerien"],"inLanguage":"de","potentialAction":[{"@type":"CommentAction","name":"Comment","target":["https:\/\/www.designenlassen.de\/blog\/30-arzt-logos-mit-denen-sie-sich-von-ihrer-konkurrenz-abheben\/#respond"]}]},{"@type":"WebPage","@id":"https:\/\/www.designenlassen.de\/blog\/30-arzt-logos-mit-denen-sie-sich-von-ihrer-konkurrenz-abheben\/","url":"https:\/\/www.designenlassen.de\/blog\/30-arzt-logos-mit-denen-sie-sich-von-ihrer-konkurrenz-abheben\/","name":"66+ Top Arzt Logos als Inspiration f\u00fcr Deine Praxis","isPartOf":{"@id":"https:\/\/www.designenlassen.de\/blog\/#website"},"primaryImageOfPage":{"@id":"https:\/\/www.designenlassen.de\/blog\/30-arzt-logos-mit-denen-sie-sich-von-ihrer-konkurrenz-abheben\/#primaryimage"},"image":{"@id":"https:\/\/www.designenlassen.de\/blog\/30-arzt-logos-mit-denen-sie-sich-von-ihrer-konkurrenz-abheben\/#primaryimage"},"thumbnailUrl":"https:\/\/www.designenlassen.de\/blog\/wp-content\/uploads\/2015\/07\/Arzt-Logo-Dr.-K\u00f6hler-Chirurg.jpg","datePublished":"2023-05-17T07:32:00+00:00","dateModified":"2024-12-13T07:51:57+00:00","author":{"@id":"https:\/\/www.designenlassen.de\/blog\/#\/schema\/person\/6e1dd6212b3139dd802540825d354a04"},"description":"Egal f\u00fcr welchen medizinischen Fachbereich Sie als Arzt t\u00e4tig sind, ein professionelles Logo-Design schafft Vertrauen in Ihre Arbeit.","breadcrumb":{"@id":"https:\/\/www.designenlassen.de\/blog\/30-arzt-logos-mit-denen-sie-sich-von-ihrer-konkurrenz-abheben\/#breadcrumb"},"inLanguage":"de","potentialAction":[{"@type":"ReadAction","target":["https:\/\/www.designenlassen.de\/blog\/30-arzt-logos-mit-denen-sie-sich-von-ihrer-konkurrenz-abheben\/"]}]},{"@type":"ImageObject","inLanguage":"de","@id":"https:\/\/www.designenlassen.de\/blog\/30-arzt-logos-mit-denen-sie-sich-von-ihrer-konkurrenz-abheben\/#primaryimage","url":"https:\/\/www.designenlassen.de\/blog\/wp-content\/uploads\/2015\/07\/Arzt-Logo-Dr.-K\u00f6hler-Chirurg.jpg","contentUrl":"https:\/\/www.designenlassen.de\/blog\/wp-content\/uploads\/2015\/07\/Arzt-Logo-Dr.-K\u00f6hler-Chirurg.jpg","width":800,"height":427,"caption":"Arzt Logo Dr. K\u00f6hler Chirurg"},{"@type":"BreadcrumbList","@id":"https:\/\/www.designenlassen.de\/blog\/30-arzt-logos-mit-denen-sie-sich-von-ihrer-konkurrenz-abheben\/#breadcrumb","itemListElement":[{"@type":"ListItem","position":1,"name":"Start","item":"https:\/\/www.designenlassen.de\/blog\/"},{"@type":"ListItem","position":2,"name":"66 Arzt Logos, mit denen Du Dich von Deiner Konkurrenz abhebst"}]},{"@type":"WebSite","@id":"https:\/\/www.designenlassen.de\/blog\/#website","url":"https:\/\/www.designenlassen.de\/blog\/","name":"designenlassen.de Blog","description":"Inspirationen, Tipps und Ideen f\u00fcr Designer sowie Gr\u00fcnder und Kleinbetriebe.","potentialAction":[{"@type":"SearchAction","target":{"@type":"EntryPoint","urlTemplate":"https:\/\/www.designenlassen.de\/blog\/?s={search_term_string}"},"query-input":{"@type":"PropertyValueSpecification","valueRequired":true,"valueName":"search_term_string"}}],"inLanguage":"de"},{"@type":"Person","@id":"https:\/\/www.designenlassen.de\/blog\/#\/schema\/person\/6e1dd6212b3139dd802540825d354a04","name":"Eileen","image":{"@type":"ImageObject","inLanguage":"de","@id":"https:\/\/secure.gravatar.com\/avatar\/47ca27f4c842fe1ac31232a2c2e8be04a3b4ed2cf3cdec367172452edf9acca6?s=96&d=mm&r=g","url":"https:\/\/secure.gravatar.com\/avatar\/47ca27f4c842fe1ac31232a2c2e8be04a3b4ed2cf3cdec367172452edf9acca6?s=96&d=mm&r=g","contentUrl":"https:\/\/secure.gravatar.com\/avatar\/47ca27f4c842fe1ac31232a2c2e8be04a3b4ed2cf3cdec367172452edf9acca6?s=96&d=mm&r=g","caption":"Eileen"},"description":"Eileen ist studierte Kommunikations-Designerin und bekennender Grafikdesign-Nerd. Sie schreibt hier im Blog \u00fcber Design Trends.","url":"https:\/\/www.designenlassen.de\/blog\/author\/eileen\/"}]}},"_links":{"self":[{"href":"https:\/\/www.designenlassen.de\/blog\/wp-json\/wp\/v2\/posts\/4496","targetHints":{"allow":["GET"]}}],"collection":[{"href":"https:\/\/www.designenlassen.de\/blog\/wp-json\/wp\/v2\/posts"}],"about":[{"href":"https:\/\/www.designenlassen.de\/blog\/wp-json\/wp\/v2\/types\/post"}],"author":[{"embeddable":true,"href":"https:\/\/www.designenlassen.de\/blog\/wp-json\/wp\/v2\/users\/4"}],"replies":[{"embeddable":true,"href":"https:\/\/www.designenlassen.de\/blog\/wp-json\/wp\/v2\/comments?post=4496"}],"version-history":[{"count":51,"href":"https:\/\/www.designenlassen.de\/blog\/wp-json\/wp\/v2\/posts\/4496\/revisions"}],"predecessor-version":[{"id":33101,"href":"https:\/\/www.designenlassen.de\/blog\/wp-json\/wp\/v2\/posts\/4496\/revisions\/33101"}],"wp:featuredmedia":[{"embeddable":true,"href":"https:\/\/www.designenlassen.de\/blog\/wp-json\/wp\/v2\/media\/11192"}],"wp:attachment":[{"href":"https:\/\/www.designenlassen.de\/blog\/wp-json\/wp\/v2\/media?parent=4496"}],"wp:term":[{"taxonomy":"category","embeddable":true,"href":"https:\/\/www.designenlassen.de\/blog\/wp-json\/wp\/v2\/categories?post=4496"},{"taxonomy":"post_tag","embeddable":true,"href":"https:\/\/www.designenlassen.de\/blog\/wp-json\/wp\/v2\/tags?post=4496"}],"curies":[{"name":"wp","href":"https:\/\/api.w.org\/{rel}","templated":true}]}}