{"id":4756,"date":"2023-11-29T08:25:00","date_gmt":"2023-11-29T06:25:00","guid":{"rendered":"http:\/\/www.designenlassen.de\/blog\/?p=4756"},"modified":"2024-11-15T09:26:45","modified_gmt":"2024-11-15T07:26:45","slug":"45-fotografie-logo-designs-bei-denen-es-klick-macht","status":"publish","type":"post","link":"https:\/\/www.designenlassen.de\/blog\/45-fotografie-logo-designs-bei-denen-es-klick-macht\/","title":{"rendered":"59 Logos f\u00fcr Fotografen, bei denen es klick macht"},"content":{"rendered":"\n<p>Die sch\u00f6nsten Momente, die traumhaftesten Landschaften und die imposantesten Geb\u00e4ude &#8211; all das halten Fotografen in ihren Bildern fest. Jedes Bild ist ein kleines Kunstwerk. &nbsp;Wer im Bereich der Fotografie t\u00e4tig ist, ist sehr kreativ. Oft arbeitet man mit verschiedenen Grafikprogrammen und hat hier vielleicht die n\u00f6tigen Grundlagen. Hier kann man \u00fcberlegen, sich das eigene Fotografie-Logo selbst zu gestalten. <\/p>\n\n\n\n<p><strong>Wem die z\u00fcndende Idee noch fehlt, der kann sich hier in unserer Galerie die besten Logos f\u00fcr Fotografen ansehen. Egal ob Hochzeitsfotografie, Neugeborenenfotografie, Tierfotografie, Naturfotografie oder Eventfotografie &#8211; f\u00fcr jede Sparte ist etwas dabei.<\/strong><\/p>\n\n\n\n<div class=\"wp-block-buttons is-content-justification-center is-layout-flex wp-container-core-buttons-is-layout-16018d1d wp-block-buttons-is-layout-flex\">\n<div class=\"wp-block-button is-style-fill\"><a class=\"wp-block-button__link has-white-color has-text-color has-background has-text-align-left wp-element-button\" href=\"https:\/\/www.designenlassen.de\/logo-design?utm_source=blog&amp;utm_medium=button&amp;utm_campaign=blog-beitraege\" style=\"background-color:#091182\">Jetzt Logo erstellen<\/a><\/div>\n<\/div>\n\n\n\n\n\n<h2 class=\"wp-block-heading\">Warum ist ein Logo f\u00fcr Fotografen wichtig?<\/h2>\n\n\n\n<p>An fast jeder Ecke findet man ein Fotostudio und professionelle Fotografen. Die Kundengewinnung f\u00fcr Fotografen ist nicht mehr so einfach wie es fr\u00fcher der Fall war. Um sich von seiner Konkurrenz abzugrenzen und Kunden auf Knopfdruck anzuziehen braucht es eine starke visuelle Au\u00dfendarstellung. <strong>Das Logo f\u00fcr Fotografen legt dabei den Grundstein.<\/strong> Deine Kunden erwarten Professionalit\u00e4t, Kreativit\u00e4t und Expertise \u2013 all das, was ein gut gestaltetes Logo ausstrahlen kann.<\/p>\n\n\n\n<h2 class=\"wp-block-heading\"><b>Fotografie-Logo mit Kamera<\/b><\/h2>\n\n\n\n<p>Bei den Symbolen, die mal als Bildmarke im Logo verwenden kann, hat man viele M\u00f6glichkeiten. Die einzelnen genannten Bereiche geben bereits viel her. Nat\u00fcrlich kann man das ganze mit typischen Symbolen wie einer Kamera oder einer Blende kombinieren. <\/p>\n\n\n\n<figure class=\"wp-block-gallery has-nested-images columns-2 is-cropped wp-block-gallery-1 is-layout-flex wp-block-gallery-is-layout-flex\">\n<figure class=\"wp-block-image size-large\"><img fetchpriority=\"high\" decoding=\"async\" width=\"800\" height=\"455\" data-id=\"24719\" src=\"https:\/\/www.designenlassen.de\/blog\/wp-content\/uploads\/2021\/07\/MF-Fotografie-Kamera-Logo-Design-844713-sayonara.png\" alt=\"MF-Fotografie-Kamera-Logo-Design\" class=\"wp-image-24719\" srcset=\"https:\/\/www.designenlassen.de\/blog\/wp-content\/uploads\/2021\/07\/MF-Fotografie-Kamera-Logo-Design-844713-sayonara.png 800w, https:\/\/www.designenlassen.de\/blog\/wp-content\/uploads\/2021\/07\/MF-Fotografie-Kamera-Logo-Design-844713-sayonara-300x171.png 300w, https:\/\/www.designenlassen.de\/blog\/wp-content\/uploads\/2021\/07\/MF-Fotografie-Kamera-Logo-Design-844713-sayonara-768x437.png 768w\" sizes=\"(max-width: 800px) 100vw, 800px\" \/><\/figure>\n\n\n\n<figure class=\"wp-block-image size-large\"><img decoding=\"async\" width=\"338\" height=\"338\" data-id=\"24718\" src=\"https:\/\/www.designenlassen.de\/blog\/wp-content\/uploads\/2021\/07\/Masson-Fotografie-Kamera-Logo-765129-Marrouch.png\" alt=\"Masson-Fotografie-Kamera-Logo\" class=\"wp-image-24718\" srcset=\"https:\/\/www.designenlassen.de\/blog\/wp-content\/uploads\/2021\/07\/Masson-Fotografie-Kamera-Logo-765129-Marrouch.png 338w, https:\/\/www.designenlassen.de\/blog\/wp-content\/uploads\/2021\/07\/Masson-Fotografie-Kamera-Logo-765129-Marrouch-300x300.png 300w, https:\/\/www.designenlassen.de\/blog\/wp-content\/uploads\/2021\/07\/Masson-Fotografie-Kamera-Logo-765129-Marrouch-150x150.png 150w\" sizes=\"(max-width: 338px) 100vw, 338px\" \/><\/figure>\n\n\n\n<figure class=\"wp-block-image size-large\"><img decoding=\"async\" width=\"338\" height=\"338\" data-id=\"24717\" src=\"https:\/\/www.designenlassen.de\/blog\/wp-content\/uploads\/2021\/07\/Kamera-Logo-Sascha-Fotograf-362919-arrasyiqjpr.jpg\" alt=\"Kamera-Logo-Sascha-Fotograf\" class=\"wp-image-24717\" srcset=\"https:\/\/www.designenlassen.de\/blog\/wp-content\/uploads\/2021\/07\/Kamera-Logo-Sascha-Fotograf-362919-arrasyiqjpr.jpg 338w, https:\/\/www.designenlassen.de\/blog\/wp-content\/uploads\/2021\/07\/Kamera-Logo-Sascha-Fotograf-362919-arrasyiqjpr-300x300.jpg 300w, https:\/\/www.designenlassen.de\/blog\/wp-content\/uploads\/2021\/07\/Kamera-Logo-Sascha-Fotograf-362919-arrasyiqjpr-150x150.jpg 150w\" sizes=\"(max-width: 338px) 100vw, 338px\" \/><\/figure>\n\n\n\n<figure class=\"wp-block-image size-large\"><img loading=\"lazy\" decoding=\"async\" width=\"800\" height=\"520\" data-id=\"24716\" src=\"https:\/\/www.designenlassen.de\/blog\/wp-content\/uploads\/2021\/07\/Kamera-Logos-Tobias-Rauchmann-Fotografie-173482-Jrx-Art.png\" alt=\"Kamera-Logos-Tobias-Rauchmann-Fotografie\" class=\"wp-image-24716\" srcset=\"https:\/\/www.designenlassen.de\/blog\/wp-content\/uploads\/2021\/07\/Kamera-Logos-Tobias-Rauchmann-Fotografie-173482-Jrx-Art.png 800w, https:\/\/www.designenlassen.de\/blog\/wp-content\/uploads\/2021\/07\/Kamera-Logos-Tobias-Rauchmann-Fotografie-173482-Jrx-Art-300x195.png 300w, https:\/\/www.designenlassen.de\/blog\/wp-content\/uploads\/2021\/07\/Kamera-Logos-Tobias-Rauchmann-Fotografie-173482-Jrx-Art-768x499.png 768w\" sizes=\"(max-width: 800px) 100vw, 800px\" \/><\/figure>\n\n\n\n<figure class=\"wp-block-image size-large\"><img loading=\"lazy\" decoding=\"async\" width=\"338\" height=\"338\" data-id=\"24707\" src=\"https:\/\/www.designenlassen.de\/blog\/wp-content\/uploads\/2021\/07\/Sascha-Fotografie-Kamera-Logos-362919-arrasyiqjpr.jpg\" alt=\"Sascha-Fotografie-Kamera-Logos\" class=\"wp-image-24707\" srcset=\"https:\/\/www.designenlassen.de\/blog\/wp-content\/uploads\/2021\/07\/Sascha-Fotografie-Kamera-Logos-362919-arrasyiqjpr.jpg 338w, https:\/\/www.designenlassen.de\/blog\/wp-content\/uploads\/2021\/07\/Sascha-Fotografie-Kamera-Logos-362919-arrasyiqjpr-300x300.jpg 300w, https:\/\/www.designenlassen.de\/blog\/wp-content\/uploads\/2021\/07\/Sascha-Fotografie-Kamera-Logos-362919-arrasyiqjpr-150x150.jpg 150w\" sizes=\"(max-width: 338px) 100vw, 338px\" \/><\/figure>\n\n\n\n<figure class=\"wp-block-image size-large\"><img loading=\"lazy\" decoding=\"async\" width=\"338\" height=\"338\" data-id=\"24721\" src=\"https:\/\/www.designenlassen.de\/blog\/wp-content\/uploads\/2021\/07\/Tobias-Rauchmann-Fotografie-Kamera-Logo-173482-FBASTIART.jpg\" alt=\"Tobias-Rauchmann-Fotografie-Kamera-Logo\" class=\"wp-image-24721\" srcset=\"https:\/\/www.designenlassen.de\/blog\/wp-content\/uploads\/2021\/07\/Tobias-Rauchmann-Fotografie-Kamera-Logo-173482-FBASTIART.jpg 338w, https:\/\/www.designenlassen.de\/blog\/wp-content\/uploads\/2021\/07\/Tobias-Rauchmann-Fotografie-Kamera-Logo-173482-FBASTIART-300x300.jpg 300w, https:\/\/www.designenlassen.de\/blog\/wp-content\/uploads\/2021\/07\/Tobias-Rauchmann-Fotografie-Kamera-Logo-173482-FBASTIART-150x150.jpg 150w\" sizes=\"(max-width: 338px) 100vw, 338px\" \/><\/figure>\n\n\n\n<figure class=\"wp-block-image size-large\"><img loading=\"lazy\" decoding=\"async\" width=\"800\" height=\"497\" data-id=\"24711\" src=\"https:\/\/www.designenlassen.de\/blog\/wp-content\/uploads\/2021\/07\/Kamera-Logos-MF-Fotografie-844713-Maxobiz.jpg\" alt=\"Kamera-Logos-MF-Fotografie\" class=\"wp-image-24711\" srcset=\"https:\/\/www.designenlassen.de\/blog\/wp-content\/uploads\/2021\/07\/Kamera-Logos-MF-Fotografie-844713-Maxobiz.jpg 800w, https:\/\/www.designenlassen.de\/blog\/wp-content\/uploads\/2021\/07\/Kamera-Logos-MF-Fotografie-844713-Maxobiz-300x186.jpg 300w, https:\/\/www.designenlassen.de\/blog\/wp-content\/uploads\/2021\/07\/Kamera-Logos-MF-Fotografie-844713-Maxobiz-768x477.jpg 768w\" sizes=\"(max-width: 800px) 100vw, 800px\" \/><\/figure>\n\n\n\n<figure class=\"wp-block-image size-large\"><img loading=\"lazy\" decoding=\"async\" width=\"338\" height=\"338\" data-id=\"24714\" src=\"https:\/\/www.designenlassen.de\/blog\/wp-content\/uploads\/2021\/07\/Kamera-Logo-Tobias-Rauchmann-Fotografie-173482-Jrx-Art.png\" alt=\"Kamera-Logo-Tobias-Rauchmann-Fotografie\" class=\"wp-image-24714\" srcset=\"https:\/\/www.designenlassen.de\/blog\/wp-content\/uploads\/2021\/07\/Kamera-Logo-Tobias-Rauchmann-Fotografie-173482-Jrx-Art.png 338w, https:\/\/www.designenlassen.de\/blog\/wp-content\/uploads\/2021\/07\/Kamera-Logo-Tobias-Rauchmann-Fotografie-173482-Jrx-Art-300x300.png 300w, https:\/\/www.designenlassen.de\/blog\/wp-content\/uploads\/2021\/07\/Kamera-Logo-Tobias-Rauchmann-Fotografie-173482-Jrx-Art-150x150.png 150w\" sizes=\"(max-width: 338px) 100vw, 338px\" \/><\/figure>\n<\/figure>\n\n\n<div class=\"wp-block-image\">\n<figure class=\"aligncenter\"><img loading=\"lazy\" decoding=\"async\" width=\"800\" height=\"288\" src=\"http:\/\/www.designenlassen.de\/blog\/wp-content\/uploads\/2015\/08\/Fotografie-Logo-Kamera-Madeleine-Hillebrand.png\" alt=\"Fotografie Logo Kamera Madeleine Hillebrand\" class=\"wp-image-10470\" srcset=\"https:\/\/www.designenlassen.de\/blog\/wp-content\/uploads\/2015\/08\/Fotografie-Logo-Kamera-Madeleine-Hillebrand.png 800w, https:\/\/www.designenlassen.de\/blog\/wp-content\/uploads\/2015\/08\/Fotografie-Logo-Kamera-Madeleine-Hillebrand-300x108.png 300w, https:\/\/www.designenlassen.de\/blog\/wp-content\/uploads\/2015\/08\/Fotografie-Logo-Kamera-Madeleine-Hillebrand-768x276.png 768w\" sizes=\"(max-width: 800px) 100vw, 800px\" \/><\/figure>\n<\/div>\n\n\n<figure class=\"wp-block-gallery has-nested-images columns-2 is-cropped wp-block-gallery-2 is-layout-flex wp-block-gallery-is-layout-flex\">\n<figure class=\"wp-block-image size-large\"><img loading=\"lazy\" decoding=\"async\" width=\"338\" height=\"338\" data-id=\"10469\" src=\"https:\/\/www.designenlassen.de\/blog\/wp-content\/uploads\/2015\/08\/Fotograf-Logo-Hochzeit-Kamera-Hochzeits-Bildwerk.jpg\" alt=\"Fotograf Logo Hochzeit Kamera Hochzeits Bildwerk\" class=\"wp-image-10469\" srcset=\"https:\/\/www.designenlassen.de\/blog\/wp-content\/uploads\/2015\/08\/Fotograf-Logo-Hochzeit-Kamera-Hochzeits-Bildwerk.jpg 338w, https:\/\/www.designenlassen.de\/blog\/wp-content\/uploads\/2015\/08\/Fotograf-Logo-Hochzeit-Kamera-Hochzeits-Bildwerk-150x150.jpg 150w, https:\/\/www.designenlassen.de\/blog\/wp-content\/uploads\/2015\/08\/Fotograf-Logo-Hochzeit-Kamera-Hochzeits-Bildwerk-300x300.jpg 300w\" sizes=\"(max-width: 338px) 100vw, 338px\" \/><\/figure>\n\n\n\n<figure class=\"wp-block-image size-large\"><img loading=\"lazy\" decoding=\"async\" width=\"800\" height=\"420\" data-id=\"10488\" src=\"https:\/\/www.designenlassen.de\/blog\/wp-content\/uploads\/2015\/08\/hochzeitsbilder-nrw-Hochzeits-Fotograf-Logo-Design.png\" alt=\"hochzeitsbilder-nrw Hochzeits Fotograf Logo Design\" class=\"wp-image-10488\" srcset=\"https:\/\/www.designenlassen.de\/blog\/wp-content\/uploads\/2015\/08\/hochzeitsbilder-nrw-Hochzeits-Fotograf-Logo-Design.png 800w, https:\/\/www.designenlassen.de\/blog\/wp-content\/uploads\/2015\/08\/hochzeitsbilder-nrw-Hochzeits-Fotograf-Logo-Design-300x158.png 300w, https:\/\/www.designenlassen.de\/blog\/wp-content\/uploads\/2015\/08\/hochzeitsbilder-nrw-Hochzeits-Fotograf-Logo-Design-768x403.png 768w\" sizes=\"(max-width: 800px) 100vw, 800px\" \/><\/figure>\n\n\n\n<figure class=\"wp-block-image size-full\"><img loading=\"lazy\" decoding=\"async\" width=\"338\" height=\"338\" data-id=\"10473\" src=\"https:\/\/www.designenlassen.de\/blog\/wp-content\/uploads\/2015\/08\/hovisto-Madeleine-Hillebrand-Logo-Fotografin.jpg\" alt=\"hovisto Madeleine Hillebrand Logo Fotografin\" class=\"wp-image-10473\" srcset=\"https:\/\/www.designenlassen.de\/blog\/wp-content\/uploads\/2015\/08\/hovisto-Madeleine-Hillebrand-Logo-Fotografin.jpg 338w, https:\/\/www.designenlassen.de\/blog\/wp-content\/uploads\/2015\/08\/hovisto-Madeleine-Hillebrand-Logo-Fotografin-150x150.jpg 150w, https:\/\/www.designenlassen.de\/blog\/wp-content\/uploads\/2015\/08\/hovisto-Madeleine-Hillebrand-Logo-Fotografin-300x300.jpg 300w\" sizes=\"(max-width: 338px) 100vw, 338px\" \/><\/figure>\n\n\n\n<figure class=\"wp-block-image size-large\"><img loading=\"lazy\" decoding=\"async\" width=\"338\" height=\"338\" data-id=\"10471\" src=\"https:\/\/www.designenlassen.de\/blog\/wp-content\/uploads\/2015\/08\/Hochzeits-Bildwerk-Logo-Fotograf.png\" alt=\"Hochzeits Bildwerk Logo Fotograf\" class=\"wp-image-10471\" srcset=\"https:\/\/www.designenlassen.de\/blog\/wp-content\/uploads\/2015\/08\/Hochzeits-Bildwerk-Logo-Fotograf.png 338w, https:\/\/www.designenlassen.de\/blog\/wp-content\/uploads\/2015\/08\/Hochzeits-Bildwerk-Logo-Fotograf-150x150.png 150w, https:\/\/www.designenlassen.de\/blog\/wp-content\/uploads\/2015\/08\/Hochzeits-Bildwerk-Logo-Fotograf-300x300.png 300w\" sizes=\"(max-width: 338px) 100vw, 338px\" \/><\/figure>\n<\/figure>\n\n\n<div class=\"wp-block-image\">\n<figure class=\"aligncenter\"><img loading=\"lazy\" decoding=\"async\" width=\"800\" height=\"685\" src=\"http:\/\/www.designenlassen.de\/blog\/wp-content\/uploads\/2015\/08\/chilistylez-Fotograf-Logo-Design-Kamera.jpg\" alt=\"chilistylez Fotograf Logo Design Kamera\" class=\"wp-image-10477\" srcset=\"https:\/\/www.designenlassen.de\/blog\/wp-content\/uploads\/2015\/08\/chilistylez-Fotograf-Logo-Design-Kamera.jpg 800w, https:\/\/www.designenlassen.de\/blog\/wp-content\/uploads\/2015\/08\/chilistylez-Fotograf-Logo-Design-Kamera-300x257.jpg 300w, https:\/\/www.designenlassen.de\/blog\/wp-content\/uploads\/2015\/08\/chilistylez-Fotograf-Logo-Design-Kamera-768x658.jpg 768w\" sizes=\"(max-width: 800px) 100vw, 800px\" \/><\/figure>\n<\/div>\n\n<div class=\"wp-block-image\">\n<figure class=\"aligncenter\"><img loading=\"lazy\" decoding=\"async\" width=\"800\" height=\"420\" src=\"http:\/\/www.designenlassen.de\/blog\/wp-content\/uploads\/2015\/08\/Hochzeits-Fotografin-Logo-Hochzeits-Bildwerk.jpg\" alt=\"Hochzeits Fotografin Logo Hochzeits Bildwerk\" class=\"wp-image-10472\" srcset=\"https:\/\/www.designenlassen.de\/blog\/wp-content\/uploads\/2015\/08\/Hochzeits-Fotografin-Logo-Hochzeits-Bildwerk.jpg 800w, https:\/\/www.designenlassen.de\/blog\/wp-content\/uploads\/2015\/08\/Hochzeits-Fotografin-Logo-Hochzeits-Bildwerk-300x158.jpg 300w, https:\/\/www.designenlassen.de\/blog\/wp-content\/uploads\/2015\/08\/Hochzeits-Fotografin-Logo-Hochzeits-Bildwerk-768x403.jpg 768w\" sizes=\"(max-width: 800px) 100vw, 800px\" \/><\/figure>\n<\/div>\n\n\n<figure class=\"wp-block-gallery has-nested-images columns-default is-cropped wp-block-gallery-3 is-layout-flex wp-block-gallery-is-layout-flex\">\n<figure class=\"wp-block-image size-large\"><img loading=\"lazy\" decoding=\"async\" width=\"336\" height=\"336\" data-id=\"10474\" src=\"https:\/\/www.designenlassen.de\/blog\/wp-content\/uploads\/2015\/08\/summit-photo-Outdoor-Fotograf-Logo-Kamera.png\" alt=\"summit photo Outdoor Fotograf Logo Kamera\" class=\"wp-image-10474\" srcset=\"https:\/\/www.designenlassen.de\/blog\/wp-content\/uploads\/2015\/08\/summit-photo-Outdoor-Fotograf-Logo-Kamera.png 336w, https:\/\/www.designenlassen.de\/blog\/wp-content\/uploads\/2015\/08\/summit-photo-Outdoor-Fotograf-Logo-Kamera-150x150.png 150w, https:\/\/www.designenlassen.de\/blog\/wp-content\/uploads\/2015\/08\/summit-photo-Outdoor-Fotograf-Logo-Kamera-300x300.png 300w\" sizes=\"(max-width: 336px) 100vw, 336px\" \/><\/figure>\n\n\n\n<figure class=\"wp-block-image size-large\"><img loading=\"lazy\" decoding=\"async\" width=\"336\" height=\"336\" data-id=\"10475\" src=\"https:\/\/www.designenlassen.de\/blog\/wp-content\/uploads\/2015\/08\/Fitness-Fotograf-Logo-Design-starke-Fotos.png\" alt=\"Fitness Fotograf Logo Design starke Fotos\" class=\"wp-image-10475\" srcset=\"https:\/\/www.designenlassen.de\/blog\/wp-content\/uploads\/2015\/08\/Fitness-Fotograf-Logo-Design-starke-Fotos.png 336w, https:\/\/www.designenlassen.de\/blog\/wp-content\/uploads\/2015\/08\/Fitness-Fotograf-Logo-Design-starke-Fotos-150x150.png 150w, https:\/\/www.designenlassen.de\/blog\/wp-content\/uploads\/2015\/08\/Fitness-Fotograf-Logo-Design-starke-Fotos-300x300.png 300w\" sizes=\"(max-width: 336px) 100vw, 336px\" \/><\/figure>\n<\/figure>\n\n\n<div class=\"wp-block-image\">\n<figure class=\"aligncenter\"><img loading=\"lazy\" decoding=\"async\" width=\"779\" height=\"453\" src=\"http:\/\/www.designenlassen.de\/blog\/wp-content\/uploads\/2015\/08\/Jasmin-Gallati-Fotografen-Logo-Kamera.png\" alt=\"Jasmin Gallati Fotografen Logo Kamera\" class=\"wp-image-10507\" srcset=\"https:\/\/www.designenlassen.de\/blog\/wp-content\/uploads\/2015\/08\/Jasmin-Gallati-Fotografen-Logo-Kamera.png 779w, https:\/\/www.designenlassen.de\/blog\/wp-content\/uploads\/2015\/08\/Jasmin-Gallati-Fotografen-Logo-Kamera-300x174.png 300w, https:\/\/www.designenlassen.de\/blog\/wp-content\/uploads\/2015\/08\/Jasmin-Gallati-Fotografen-Logo-Kamera-768x447.png 768w\" sizes=\"(max-width: 779px) 100vw, 779px\" \/><\/figure>\n<\/div>\n\n\n<h2 class=\"wp-block-heading\">Logo f\u00fcr Fotografen erstellen lassen<\/h2>\n\n\n\n<p>Du willst eine perfekte Grundlage f\u00fcr Dein Branding schaffen und dabei den Grundstein f\u00fcr eine erfolgreiche Kundengewinnung legen? Dann solltest Du auch nichts dem Zufall \u00fcberlassen.<\/p>\n\n\n\n<p>Wir bei designenlassen.de haben \u00fcber 99.000 professionelle Designer, die nur drauf warten, Dein Logo, nach Deinen Vorgaben und W\u00fcnschen, zu erstellen. Du erh\u00e4ltst ein zu <strong>100% einzigartiges Logo f\u00fcr Fotografen,<\/strong> das Deine Kunden \u00fcberzeugen wird.<\/p>\n\n\n\n<div style=\"height:13px\" aria-hidden=\"true\" class=\"wp-block-spacer\"><\/div>\n\n\n\n<div class=\"wp-block-buttons is-content-justification-center is-layout-flex wp-container-core-buttons-is-layout-16018d1d wp-block-buttons-is-layout-flex\">\n<div class=\"wp-block-button is-style-fill\"><a class=\"wp-block-button__link has-white-color has-text-color has-background has-text-align-left wp-element-button\" href=\"https:\/\/www.designenlassen.de\/fotografen-logo?utm_source=blog&amp;utm_medium=button&amp;utm_campaign=blog-beitraege\" style=\"background-color:#091182\">Jetzt Logo erstellen<\/a><\/div>\n<\/div>\n\n\n\n<div style=\"height:48px\" aria-hidden=\"true\" class=\"wp-block-spacer\"><\/div>\n\n\n\n<h2 class=\"wp-block-heading\"><b>Fotografie-Logo mit Blende<\/b><\/h2>\n\n\n\n<p>Fotografie-Logos mit einer Blende als Symbol sind beliebt, da sie die Verbindung zur Fotografie herstellen. Ein Fotografie-Logo kann verschiedene Elemente enthalten, wie eine Kamera, eine Blende oder andere Symbole, die mit der Fotografie in Verbindung stehen.<\/p>\n\n\n\n<figure class=\"wp-block-gallery has-nested-images columns-default is-cropped wp-block-gallery-4 is-layout-flex wp-block-gallery-is-layout-flex\">\n<figure class=\"wp-block-image size-large\"><img loading=\"lazy\" decoding=\"async\" width=\"338\" height=\"338\" data-id=\"10480\" src=\"https:\/\/www.designenlassen.de\/blog\/wp-content\/uploads\/2015\/08\/Florian-Schmidz-Wedding-Portrait-Fotografie-Logo-Design.png\" alt=\"Florian Schmidt Wedding &amp; Portrait Fotografie Logo Design\" class=\"wp-image-10480\" srcset=\"https:\/\/www.designenlassen.de\/blog\/wp-content\/uploads\/2015\/08\/Florian-Schmidz-Wedding-Portrait-Fotografie-Logo-Design.png 338w, https:\/\/www.designenlassen.de\/blog\/wp-content\/uploads\/2015\/08\/Florian-Schmidz-Wedding-Portrait-Fotografie-Logo-Design-150x150.png 150w, https:\/\/www.designenlassen.de\/blog\/wp-content\/uploads\/2015\/08\/Florian-Schmidz-Wedding-Portrait-Fotografie-Logo-Design-300x300.png 300w\" sizes=\"(max-width: 338px) 100vw, 338px\" \/><\/figure>\n\n\n\n<figure class=\"wp-block-image size-large\"><img loading=\"lazy\" decoding=\"async\" width=\"338\" height=\"338\" data-id=\"10481\" src=\"https:\/\/www.designenlassen.de\/blog\/wp-content\/uploads\/2015\/08\/Gabriel-Wei\u00df-Photography-Logo-Design.png\" alt=\"Gabriel Wei\u00df Photography Logo Design\" class=\"wp-image-10481\" srcset=\"https:\/\/www.designenlassen.de\/blog\/wp-content\/uploads\/2015\/08\/Gabriel-Wei\u00df-Photography-Logo-Design.png 338w, https:\/\/www.designenlassen.de\/blog\/wp-content\/uploads\/2015\/08\/Gabriel-Wei\u00df-Photography-Logo-Design-150x150.png 150w, https:\/\/www.designenlassen.de\/blog\/wp-content\/uploads\/2015\/08\/Gabriel-Wei\u00df-Photography-Logo-Design-300x300.png 300w\" sizes=\"(max-width: 338px) 100vw, 338px\" \/><\/figure>\n<\/figure>\n\n\n<div class=\"wp-block-image\">\n<figure class=\"aligncenter\"><img loading=\"lazy\" decoding=\"async\" width=\"800\" height=\"409\" src=\"http:\/\/www.designenlassen.de\/blog\/wp-content\/uploads\/2015\/08\/Janine-Schl\u00fcter-Babyfotografin-Logo-Design.png\" alt=\"Janine Schl\u00fcter Babyfotografin Logo Design\" class=\"wp-image-10484\" srcset=\"https:\/\/www.designenlassen.de\/blog\/wp-content\/uploads\/2015\/08\/Janine-Schl\u00fcter-Babyfotografin-Logo-Design.png 800w, https:\/\/www.designenlassen.de\/blog\/wp-content\/uploads\/2015\/08\/Janine-Schl\u00fcter-Babyfotografin-Logo-Design-300x153.png 300w, https:\/\/www.designenlassen.de\/blog\/wp-content\/uploads\/2015\/08\/Janine-Schl\u00fcter-Babyfotografin-Logo-Design-768x393.png 768w\" sizes=\"(max-width: 800px) 100vw, 800px\" \/><\/figure>\n<\/div>\n\n\n<figure class=\"wp-block-gallery has-nested-images columns-default is-cropped wp-block-gallery-5 is-layout-flex wp-block-gallery-is-layout-flex\">\n<figure class=\"wp-block-image size-large\"><img loading=\"lazy\" decoding=\"async\" width=\"338\" height=\"338\" data-id=\"10508\" src=\"https:\/\/www.designenlassen.de\/blog\/wp-content\/uploads\/2015\/08\/Fotografen-Logo-Blende-Kristina-Koehler.jpg\" alt=\"Fotografen Logo Blende Kristina Koehler\" class=\"wp-image-10508\" srcset=\"https:\/\/www.designenlassen.de\/blog\/wp-content\/uploads\/2015\/08\/Fotografen-Logo-Blende-Kristina-Koehler.jpg 338w, https:\/\/www.designenlassen.de\/blog\/wp-content\/uploads\/2015\/08\/Fotografen-Logo-Blende-Kristina-Koehler-150x150.jpg 150w, https:\/\/www.designenlassen.de\/blog\/wp-content\/uploads\/2015\/08\/Fotografen-Logo-Blende-Kristina-Koehler-300x300.jpg 300w\" sizes=\"(max-width: 338px) 100vw, 338px\" \/><\/figure>\n\n\n\n<figure class=\"wp-block-image size-large\"><img loading=\"lazy\" decoding=\"async\" width=\"338\" height=\"338\" data-id=\"10512\" src=\"https:\/\/www.designenlassen.de\/blog\/wp-content\/uploads\/2015\/08\/Katja-Sch\u00fcnemann-Fotografen-Logo-Design.png\" alt=\"Katja Sch\u00fcnemann Fotografen Logo Design\" class=\"wp-image-10512\" srcset=\"https:\/\/www.designenlassen.de\/blog\/wp-content\/uploads\/2015\/08\/Katja-Sch\u00fcnemann-Fotografen-Logo-Design.png 338w, https:\/\/www.designenlassen.de\/blog\/wp-content\/uploads\/2015\/08\/Katja-Sch\u00fcnemann-Fotografen-Logo-Design-150x150.png 150w, https:\/\/www.designenlassen.de\/blog\/wp-content\/uploads\/2015\/08\/Katja-Sch\u00fcnemann-Fotografen-Logo-Design-300x300.png 300w\" sizes=\"(max-width: 338px) 100vw, 338px\" \/><\/figure>\n<\/figure>\n\n\n<div class=\"wp-block-image\">\n<figure class=\"aligncenter\"><img loading=\"lazy\" decoding=\"async\" width=\"800\" height=\"334\" src=\"http:\/\/www.designenlassen.de\/blog\/wp-content\/uploads\/2015\/08\/rosarot-Fotografie-Logo-Hochzeit.png\" alt=\"rosarot Fotografie Logo Hochzeit\" class=\"wp-image-10479\" srcset=\"https:\/\/www.designenlassen.de\/blog\/wp-content\/uploads\/2015\/08\/rosarot-Fotografie-Logo-Hochzeit.png 800w, https:\/\/www.designenlassen.de\/blog\/wp-content\/uploads\/2015\/08\/rosarot-Fotografie-Logo-Hochzeit-300x125.png 300w, https:\/\/www.designenlassen.de\/blog\/wp-content\/uploads\/2015\/08\/rosarot-Fotografie-Logo-Hochzeit-768x321.png 768w\" sizes=\"(max-width: 800px) 100vw, 800px\" \/><\/figure>\n<\/div>\n\n<div class=\"wp-block-image\">\n<figure class=\"aligncenter\"><img loading=\"lazy\" decoding=\"async\" width=\"800\" height=\"759\" src=\"http:\/\/www.designenlassen.de\/blog\/wp-content\/uploads\/2015\/08\/Logo-Fotograf-Outdoor-Chilistylez.png\" alt=\"Logo Fotograf Outdoor Chilistylez\" class=\"wp-image-10482\" srcset=\"https:\/\/www.designenlassen.de\/blog\/wp-content\/uploads\/2015\/08\/Logo-Fotograf-Outdoor-Chilistylez.png 800w, https:\/\/www.designenlassen.de\/blog\/wp-content\/uploads\/2015\/08\/Logo-Fotograf-Outdoor-Chilistylez-300x285.png 300w, https:\/\/www.designenlassen.de\/blog\/wp-content\/uploads\/2015\/08\/Logo-Fotograf-Outdoor-Chilistylez-768x729.png 768w\" sizes=\"(max-width: 800px) 100vw, 800px\" \/><\/figure>\n<\/div>\n\n\n<div style=\"height:46px\" aria-hidden=\"true\" class=\"wp-block-spacer\"><\/div>\n\n\n\n<h2 class=\"wp-block-heading\"><b>Verspielte Logo-Designs<\/b><\/h2>\n\n\n<div class=\"wp-block-image\">\n<figure class=\"aligncenter\"><img loading=\"lazy\" decoding=\"async\" width=\"800\" height=\"320\" src=\"http:\/\/www.designenlassen.de\/blog\/wp-content\/uploads\/2015\/08\/annelie-brux-fotografin-Logo-Design-Wortmarke.jpg\" alt=\"annelie brux fotografin Logo Design Wortmarke\" class=\"wp-image-10486\" srcset=\"https:\/\/www.designenlassen.de\/blog\/wp-content\/uploads\/2015\/08\/annelie-brux-fotografin-Logo-Design-Wortmarke.jpg 800w, https:\/\/www.designenlassen.de\/blog\/wp-content\/uploads\/2015\/08\/annelie-brux-fotografin-Logo-Design-Wortmarke-300x120.jpg 300w, https:\/\/www.designenlassen.de\/blog\/wp-content\/uploads\/2015\/08\/annelie-brux-fotografin-Logo-Design-Wortmarke-768x307.jpg 768w\" sizes=\"(max-width: 800px) 100vw, 800px\" \/><\/figure>\n<\/div>\n\n\n<figure class=\"wp-block-gallery has-nested-images columns-default is-cropped wp-block-gallery-6 is-layout-flex wp-block-gallery-is-layout-flex\">\n<figure class=\"wp-block-image size-large\"><img loading=\"lazy\" decoding=\"async\" width=\"338\" height=\"338\" data-id=\"10487\" src=\"https:\/\/www.designenlassen.de\/blog\/wp-content\/uploads\/2015\/08\/Ebbe-liebt-Flut-Hochzeit-Fotograf-Logo-Design.jpg\" alt=\"Ebbe liebt Flut Hochzeit Fotograf Logo Design\" class=\"wp-image-10487\" srcset=\"https:\/\/www.designenlassen.de\/blog\/wp-content\/uploads\/2015\/08\/Ebbe-liebt-Flut-Hochzeit-Fotograf-Logo-Design.jpg 338w, https:\/\/www.designenlassen.de\/blog\/wp-content\/uploads\/2015\/08\/Ebbe-liebt-Flut-Hochzeit-Fotograf-Logo-Design-150x150.jpg 150w, https:\/\/www.designenlassen.de\/blog\/wp-content\/uploads\/2015\/08\/Ebbe-liebt-Flut-Hochzeit-Fotograf-Logo-Design-300x300.jpg 300w\" sizes=\"(max-width: 338px) 100vw, 338px\" \/><\/figure>\n\n\n\n<figure class=\"wp-block-image size-large\"><img loading=\"lazy\" decoding=\"async\" width=\"338\" height=\"338\" data-id=\"10489\" src=\"https:\/\/www.designenlassen.de\/blog\/wp-content\/uploads\/2015\/08\/Janine-Schl\u00fcter-Fotografin-Logo-Design-verspielt.png\" alt=\"Janine Schl\u00fcter Fotografin Logo Design verspielt\" class=\"wp-image-10489\" srcset=\"https:\/\/www.designenlassen.de\/blog\/wp-content\/uploads\/2015\/08\/Janine-Schl\u00fcter-Fotografin-Logo-Design-verspielt.png 338w, https:\/\/www.designenlassen.de\/blog\/wp-content\/uploads\/2015\/08\/Janine-Schl\u00fcter-Fotografin-Logo-Design-verspielt-150x150.png 150w, https:\/\/www.designenlassen.de\/blog\/wp-content\/uploads\/2015\/08\/Janine-Schl\u00fcter-Fotografin-Logo-Design-verspielt-300x300.png 300w\" sizes=\"(max-width: 338px) 100vw, 338px\" \/><\/figure>\n<\/figure>\n\n\n<div class=\"wp-block-image\">\n<figure class=\"aligncenter\"><img loading=\"lazy\" decoding=\"async\" width=\"800\" height=\"420\" src=\"http:\/\/www.designenlassen.de\/blog\/wp-content\/uploads\/2015\/08\/hochzeitsbilder-nrw-Hochzeits-Fotograf-Logo-Design.png\" alt=\"hochzeitsbilder-nrw Hochzeits Fotograf Logo Design\" class=\"wp-image-10488\" srcset=\"https:\/\/www.designenlassen.de\/blog\/wp-content\/uploads\/2015\/08\/hochzeitsbilder-nrw-Hochzeits-Fotograf-Logo-Design.png 800w, https:\/\/www.designenlassen.de\/blog\/wp-content\/uploads\/2015\/08\/hochzeitsbilder-nrw-Hochzeits-Fotograf-Logo-Design-300x158.png 300w, https:\/\/www.designenlassen.de\/blog\/wp-content\/uploads\/2015\/08\/hochzeitsbilder-nrw-Hochzeits-Fotograf-Logo-Design-768x403.png 768w\" sizes=\"(max-width: 800px) 100vw, 800px\" \/><\/figure>\n<\/div>\n\n\n<figure class=\"wp-block-gallery has-nested-images columns-2 is-cropped wp-block-gallery-7 is-layout-flex wp-block-gallery-is-layout-flex\">\n<figure class=\"wp-block-image size-large\"><img loading=\"lazy\" decoding=\"async\" width=\"338\" height=\"338\" data-id=\"21064\" src=\"https:\/\/www.designenlassen.de\/blog\/wp-content\/uploads\/2020\/06\/Lichtertanz_Fotografie_Elegant_Logo.jpg\" alt=\"Elegantes Logo f\u00fcr Lichtertanz Photography\" class=\"wp-image-21064\" srcset=\"https:\/\/www.designenlassen.de\/blog\/wp-content\/uploads\/2020\/06\/Lichtertanz_Fotografie_Elegant_Logo.jpg 338w, https:\/\/www.designenlassen.de\/blog\/wp-content\/uploads\/2020\/06\/Lichtertanz_Fotografie_Elegant_Logo-300x300.jpg 300w, https:\/\/www.designenlassen.de\/blog\/wp-content\/uploads\/2020\/06\/Lichtertanz_Fotografie_Elegant_Logo-150x150.jpg 150w\" sizes=\"(max-width: 338px) 100vw, 338px\" \/><figcaption class=\"wp-element-caption\">Elegantes Logo-Design von AlexKappler<\/figcaption><\/figure>\n\n\n\n<figure class=\"wp-block-image size-large\"><img loading=\"lazy\" decoding=\"async\" width=\"338\" height=\"338\" data-id=\"10494\" src=\"https:\/\/www.designenlassen.de\/blog\/wp-content\/uploads\/2015\/08\/Your-Photo-Experience-Fotograf-Logo-Design-Hochzeut.png\" alt=\"Your Photo Experience Fotograf Logo Design Hochzeut\" class=\"wp-image-10494\" srcset=\"https:\/\/www.designenlassen.de\/blog\/wp-content\/uploads\/2015\/08\/Your-Photo-Experience-Fotograf-Logo-Design-Hochzeut.png 338w, https:\/\/www.designenlassen.de\/blog\/wp-content\/uploads\/2015\/08\/Your-Photo-Experience-Fotograf-Logo-Design-Hochzeut-150x150.png 150w, https:\/\/www.designenlassen.de\/blog\/wp-content\/uploads\/2015\/08\/Your-Photo-Experience-Fotograf-Logo-Design-Hochzeut-300x300.png 300w\" sizes=\"(max-width: 338px) 100vw, 338px\" \/><\/figure>\n\n\n\n<figure class=\"wp-block-image size-large\"><img loading=\"lazy\" decoding=\"async\" width=\"338\" height=\"339\" data-id=\"10511\" src=\"https:\/\/www.designenlassen.de\/blog\/wp-content\/uploads\/2015\/08\/Kristina-Koehler-Fotografen-Logo-Blende-verspielt-1.jpg\" alt=\"Kristina Koehler Fotografen Logo Blende verspielt\" class=\"wp-image-10511\" srcset=\"https:\/\/www.designenlassen.de\/blog\/wp-content\/uploads\/2015\/08\/Kristina-Koehler-Fotografen-Logo-Blende-verspielt-1.jpg 338w, https:\/\/www.designenlassen.de\/blog\/wp-content\/uploads\/2015\/08\/Kristina-Koehler-Fotografen-Logo-Blende-verspielt-1-150x150.jpg 150w, https:\/\/www.designenlassen.de\/blog\/wp-content\/uploads\/2015\/08\/Kristina-Koehler-Fotografen-Logo-Blende-verspielt-1-300x300.jpg 300w\" sizes=\"(max-width: 338px) 100vw, 338px\" \/><\/figure>\n\n\n\n<figure class=\"wp-block-image size-large\"><img loading=\"lazy\" decoding=\"async\" width=\"338\" height=\"338\" data-id=\"10491\" src=\"https:\/\/www.designenlassen.de\/blog\/wp-content\/uploads\/2015\/08\/Logo-Fotograf-Michael-Holzweber.png\" alt=\"Logo Fotograf Michael Holzweber\" class=\"wp-image-10491\" srcset=\"https:\/\/www.designenlassen.de\/blog\/wp-content\/uploads\/2015\/08\/Logo-Fotograf-Michael-Holzweber.png 338w, https:\/\/www.designenlassen.de\/blog\/wp-content\/uploads\/2015\/08\/Logo-Fotograf-Michael-Holzweber-150x150.png 150w, https:\/\/www.designenlassen.de\/blog\/wp-content\/uploads\/2015\/08\/Logo-Fotograf-Michael-Holzweber-300x300.png 300w\" sizes=\"(max-width: 338px) 100vw, 338px\" \/><\/figure>\n<\/figure>\n\n\n<div class=\"wp-block-image\">\n<figure class=\"aligncenter\"><img loading=\"lazy\" decoding=\"async\" width=\"801\" height=\"413\" src=\"http:\/\/www.designenlassen.de\/blog\/wp-content\/uploads\/2015\/08\/shereen-Photography-Logo-Design.jpg\" alt=\"shereen Photography Logo Design\" class=\"wp-image-10492\" srcset=\"https:\/\/www.designenlassen.de\/blog\/wp-content\/uploads\/2015\/08\/shereen-Photography-Logo-Design.jpg 801w, https:\/\/www.designenlassen.de\/blog\/wp-content\/uploads\/2015\/08\/shereen-Photography-Logo-Design-300x155.jpg 300w, https:\/\/www.designenlassen.de\/blog\/wp-content\/uploads\/2015\/08\/shereen-Photography-Logo-Design-768x396.jpg 768w\" sizes=\"(max-width: 801px) 100vw, 801px\" \/><\/figure>\n<\/div>\n\n\n<figure class=\"wp-block-gallery has-nested-images columns-default is-cropped wp-block-gallery-8 is-layout-flex wp-block-gallery-is-layout-flex\">\n<figure class=\"wp-block-image size-large\"><img loading=\"lazy\" decoding=\"async\" width=\"338\" height=\"338\" data-id=\"12975\" src=\"https:\/\/www.designenlassen.de\/blog\/wp-content\/uploads\/2018\/08\/Blaues-Logo-Design-Hundsfoto-Kreative-Bildmarke-798788.png\" alt=\"Blaues Logo Design Hundsfoto Kreative Bildmarke 798788\" class=\"wp-image-12975\" srcset=\"https:\/\/www.designenlassen.de\/blog\/wp-content\/uploads\/2018\/08\/Blaues-Logo-Design-Hundsfoto-Kreative-Bildmarke-798788.png 338w, https:\/\/www.designenlassen.de\/blog\/wp-content\/uploads\/2018\/08\/Blaues-Logo-Design-Hundsfoto-Kreative-Bildmarke-798788-150x150.png 150w, https:\/\/www.designenlassen.de\/blog\/wp-content\/uploads\/2018\/08\/Blaues-Logo-Design-Hundsfoto-Kreative-Bildmarke-798788-300x300.png 300w\" sizes=\"(max-width: 338px) 100vw, 338px\" \/><\/figure>\n\n\n\n<figure class=\"wp-block-image size-large\"><img loading=\"lazy\" decoding=\"async\" width=\"338\" height=\"338\" data-id=\"10533\" src=\"https:\/\/www.designenlassen.de\/blog\/wp-content\/uploads\/2015\/08\/logo-design-Fotograf-columbus-foto.jpg\" alt=\"logo design Fotograf columbus foto\" class=\"wp-image-10533\" srcset=\"https:\/\/www.designenlassen.de\/blog\/wp-content\/uploads\/2015\/08\/logo-design-Fotograf-columbus-foto.jpg 338w, https:\/\/www.designenlassen.de\/blog\/wp-content\/uploads\/2015\/08\/logo-design-Fotograf-columbus-foto-150x150.jpg 150w, https:\/\/www.designenlassen.de\/blog\/wp-content\/uploads\/2015\/08\/logo-design-Fotograf-columbus-foto-300x300.jpg 300w\" sizes=\"(max-width: 338px) 100vw, 338px\" \/><\/figure>\n<\/figure>\n\n\n<div class=\"wp-block-image\">\n<figure class=\"aligncenter\"><img loading=\"lazy\" decoding=\"async\" width=\"715\" height=\"542\" src=\"http:\/\/www.designenlassen.de\/blog\/wp-content\/uploads\/2015\/08\/Logo-Fotografie-shereen.jpg\" alt=\"Logo Fotografie shereen\" class=\"wp-image-10495\" srcset=\"https:\/\/www.designenlassen.de\/blog\/wp-content\/uploads\/2015\/08\/Logo-Fotografie-shereen.jpg 715w, https:\/\/www.designenlassen.de\/blog\/wp-content\/uploads\/2015\/08\/Logo-Fotografie-shereen-300x227.jpg 300w\" sizes=\"(max-width: 715px) 100vw, 715px\" \/><\/figure>\n<\/div>\n\n<div class=\"wp-block-image\">\n<figure class=\"aligncenter\"><img loading=\"lazy\" decoding=\"async\" width=\"800\" height=\"500\" src=\"http:\/\/www.designenlassen.de\/blog\/wp-content\/uploads\/2015\/08\/columbus-foto-Logo-Design-Fotograf.jpg\" alt=\"columbus foto Logo Design Fotograf\" class=\"wp-image-10532\" srcset=\"https:\/\/www.designenlassen.de\/blog\/wp-content\/uploads\/2015\/08\/columbus-foto-Logo-Design-Fotograf.jpg 800w, https:\/\/www.designenlassen.de\/blog\/wp-content\/uploads\/2015\/08\/columbus-foto-Logo-Design-Fotograf-300x188.jpg 300w, https:\/\/www.designenlassen.de\/blog\/wp-content\/uploads\/2015\/08\/columbus-foto-Logo-Design-Fotograf-768x480.jpg 768w\" sizes=\"(max-width: 800px) 100vw, 800px\" \/><\/figure>\n<\/div>\n\n\n<div style=\"height:37px\" aria-hidden=\"true\" class=\"wp-block-spacer\"><\/div>\n\n\n\n<div class=\"wp-block-buttons is-content-justification-center is-layout-flex wp-container-core-buttons-is-layout-16018d1d wp-block-buttons-is-layout-flex\">\n<div class=\"wp-block-button is-style-fill\"><a class=\"wp-block-button__link has-white-color has-text-color has-background has-text-align-left wp-element-button\" href=\"https:\/\/www.designenlassen.de\/fotografen-logo?utm_source=blog&amp;utm_medium=button&amp;utm_campaign=blog-beitraege\" style=\"background-color:#091182\">Jetzt Logo erstellen<\/a><\/div>\n<\/div>\n\n\n\n<div style=\"height:44px\" aria-hidden=\"true\" class=\"wp-block-spacer\"><\/div>\n\n\n\n<h2 class=\"wp-block-heading\"><b>Logos mit Initialen<\/b><\/h2>\n\n\n\n<p>Logos mit Initialen, auch bekannt als Monogramm-Logos, verwenden die Anfangsbuchstaben des Markennamens, um das Design zu bilden. Diese Art von Logo kann aus zwei oder mehr Buchstaben bestehen, die miteinander verflochten sind oder nebeneinander stehen. Monogramm-Logos eignen sich gut, wenn der Markenname lang ist oder aus mehr als zwei W\u00f6rtern besteht.<\/p>\n\n\n<div class=\"wp-block-image\">\n<figure class=\"aligncenter\"><img loading=\"lazy\" decoding=\"async\" width=\"800\" height=\"502\" src=\"http:\/\/www.designenlassen.de\/blog\/wp-content\/uploads\/2015\/08\/Gubido-Photography-Logo-Design.jpg\" alt=\"Gubido Photography Logo Design\" class=\"wp-image-10500\" srcset=\"https:\/\/www.designenlassen.de\/blog\/wp-content\/uploads\/2015\/08\/Gubido-Photography-Logo-Design.jpg 800w, https:\/\/www.designenlassen.de\/blog\/wp-content\/uploads\/2015\/08\/Gubido-Photography-Logo-Design-300x188.jpg 300w, https:\/\/www.designenlassen.de\/blog\/wp-content\/uploads\/2015\/08\/Gubido-Photography-Logo-Design-768x482.jpg 768w\" sizes=\"(max-width: 800px) 100vw, 800px\" \/><\/figure>\n<\/div>\n\n<div class=\"wp-block-image\">\n<figure class=\"aligncenter\"><img loading=\"lazy\" decoding=\"async\" width=\"800\" height=\"416\" src=\"http:\/\/www.designenlassen.de\/blog\/wp-content\/uploads\/2015\/08\/Fotograf-Logo-Norman-Wozny.jpg\" alt=\"Fotograf Logo Norman Wozny\" class=\"wp-image-10499\" srcset=\"https:\/\/www.designenlassen.de\/blog\/wp-content\/uploads\/2015\/08\/Fotograf-Logo-Norman-Wozny.jpg 800w, https:\/\/www.designenlassen.de\/blog\/wp-content\/uploads\/2015\/08\/Fotograf-Logo-Norman-Wozny-300x156.jpg 300w, https:\/\/www.designenlassen.de\/blog\/wp-content\/uploads\/2015\/08\/Fotograf-Logo-Norman-Wozny-768x399.jpg 768w\" sizes=\"(max-width: 800px) 100vw, 800px\" \/><\/figure>\n<\/div>\n\n\n<figure class=\"wp-block-gallery has-nested-images columns-2 is-cropped wp-block-gallery-9 is-layout-flex wp-block-gallery-is-layout-flex\">\n<figure class=\"wp-block-image size-large\"><img loading=\"lazy\" decoding=\"async\" width=\"338\" height=\"338\" data-id=\"10501\" src=\"https:\/\/www.designenlassen.de\/blog\/wp-content\/uploads\/2015\/08\/Jakob-Untersteger-Fotografie-Logo-Design-Initialen.png\" alt=\"Jakob Untersteger Fotografie Logo Design Initialen\" class=\"wp-image-10501\" srcset=\"https:\/\/www.designenlassen.de\/blog\/wp-content\/uploads\/2015\/08\/Jakob-Untersteger-Fotografie-Logo-Design-Initialen.png 338w, https:\/\/www.designenlassen.de\/blog\/wp-content\/uploads\/2015\/08\/Jakob-Untersteger-Fotografie-Logo-Design-Initialen-150x150.png 150w, https:\/\/www.designenlassen.de\/blog\/wp-content\/uploads\/2015\/08\/Jakob-Untersteger-Fotografie-Logo-Design-Initialen-300x300.png 300w\" sizes=\"(max-width: 338px) 100vw, 338px\" \/><\/figure>\n\n\n\n<figure class=\"wp-block-image size-large\"><img loading=\"lazy\" decoding=\"async\" width=\"338\" height=\"338\" data-id=\"10504\" src=\"https:\/\/www.designenlassen.de\/blog\/wp-content\/uploads\/2015\/08\/Logo-Fotograf-Gubido-Photography.jpg\" alt=\"Logo Fotograf Gubido Photography\" class=\"wp-image-10504\" srcset=\"https:\/\/www.designenlassen.de\/blog\/wp-content\/uploads\/2015\/08\/Logo-Fotograf-Gubido-Photography.jpg 338w, https:\/\/www.designenlassen.de\/blog\/wp-content\/uploads\/2015\/08\/Logo-Fotograf-Gubido-Photography-150x150.jpg 150w, https:\/\/www.designenlassen.de\/blog\/wp-content\/uploads\/2015\/08\/Logo-Fotograf-Gubido-Photography-300x300.jpg 300w\" sizes=\"(max-width: 338px) 100vw, 338px\" \/><\/figure>\n\n\n\n<figure class=\"wp-block-image size-large\"><img loading=\"lazy\" decoding=\"async\" width=\"338\" height=\"150\" data-id=\"10498\" src=\"https:\/\/www.designenlassen.de\/blog\/wp-content\/uploads\/2015\/08\/Andrea-Schmitt-Sportfotografie-Logo-Design.png\" alt=\"Andrea Schmitt Sportfotografie Logo Design\" class=\"wp-image-10498\" srcset=\"https:\/\/www.designenlassen.de\/blog\/wp-content\/uploads\/2015\/08\/Andrea-Schmitt-Sportfotografie-Logo-Design.png 338w, https:\/\/www.designenlassen.de\/blog\/wp-content\/uploads\/2015\/08\/Andrea-Schmitt-Sportfotografie-Logo-Design-300x133.png 300w\" sizes=\"(max-width: 338px) 100vw, 338px\" \/><\/figure>\n\n\n\n<figure class=\"wp-block-image size-large\"><img loading=\"lazy\" decoding=\"async\" width=\"338\" height=\"150\" data-id=\"10506\" src=\"https:\/\/www.designenlassen.de\/blog\/wp-content\/uploads\/2015\/08\/Oliver-Wehrli-Photografie-Logo-Design.png\" alt=\"Oliver Wehrli Photografie Logo Design\" class=\"wp-image-10506\" srcset=\"https:\/\/www.designenlassen.de\/blog\/wp-content\/uploads\/2015\/08\/Oliver-Wehrli-Photografie-Logo-Design.png 338w, https:\/\/www.designenlassen.de\/blog\/wp-content\/uploads\/2015\/08\/Oliver-Wehrli-Photografie-Logo-Design-300x133.png 300w\" sizes=\"(max-width: 338px) 100vw, 338px\" \/><\/figure>\n<\/figure>\n\n\n<div class=\"wp-block-image\">\n<figure class=\"aligncenter\"><img loading=\"lazy\" decoding=\"async\" width=\"800\" height=\"467\" src=\"http:\/\/www.designenlassen.de\/blog\/wp-content\/uploads\/2015\/08\/Logo-Design-Photography-Michallik.jpg\" alt=\"Logo Design Photography Michallik\" class=\"wp-image-10503\" srcset=\"https:\/\/www.designenlassen.de\/blog\/wp-content\/uploads\/2015\/08\/Logo-Design-Photography-Michallik.jpg 800w, https:\/\/www.designenlassen.de\/blog\/wp-content\/uploads\/2015\/08\/Logo-Design-Photography-Michallik-300x175.jpg 300w, https:\/\/www.designenlassen.de\/blog\/wp-content\/uploads\/2015\/08\/Logo-Design-Photography-Michallik-768x448.jpg 768w\" sizes=\"(max-width: 800px) 100vw, 800px\" \/><\/figure>\n<\/div>\n\n\n<figure class=\"wp-block-gallery has-nested-images columns-default is-cropped wp-block-gallery-10 is-layout-flex wp-block-gallery-is-layout-flex\">\n<figure class=\"wp-block-image size-large\"><img loading=\"lazy\" decoding=\"async\" width=\"338\" height=\"338\" data-id=\"10505\" src=\"https:\/\/www.designenlassen.de\/blog\/wp-content\/uploads\/2015\/08\/Logo-Fotografin-Jasmin-Gallati.png\" alt=\"Logo Fotografin Jasmin Gallati\" class=\"wp-image-10505\" srcset=\"https:\/\/www.designenlassen.de\/blog\/wp-content\/uploads\/2015\/08\/Logo-Fotografin-Jasmin-Gallati.png 338w, https:\/\/www.designenlassen.de\/blog\/wp-content\/uploads\/2015\/08\/Logo-Fotografin-Jasmin-Gallati-150x150.png 150w, https:\/\/www.designenlassen.de\/blog\/wp-content\/uploads\/2015\/08\/Logo-Fotografin-Jasmin-Gallati-300x300.png 300w\" sizes=\"(max-width: 338px) 100vw, 338px\" \/><\/figure>\n\n\n\n<figure class=\"wp-block-image size-large\"><img loading=\"lazy\" decoding=\"async\" width=\"338\" height=\"339\" data-id=\"10502\" src=\"https:\/\/www.designenlassen.de\/blog\/wp-content\/uploads\/2015\/08\/kristina-koehler-Fotografin-Logo-Design.jpg\" alt=\"kristina koehler Fotografin Logo Design\" class=\"wp-image-10502\" srcset=\"https:\/\/www.designenlassen.de\/blog\/wp-content\/uploads\/2015\/08\/kristina-koehler-Fotografin-Logo-Design.jpg 338w, https:\/\/www.designenlassen.de\/blog\/wp-content\/uploads\/2015\/08\/kristina-koehler-Fotografin-Logo-Design-150x150.jpg 150w, https:\/\/www.designenlassen.de\/blog\/wp-content\/uploads\/2015\/08\/kristina-koehler-Fotografin-Logo-Design-300x300.jpg 300w\" sizes=\"(max-width: 338px) 100vw, 338px\" \/><\/figure>\n<\/figure>\n\n\n<div class=\"wp-block-image\">\n<figure class=\"aligncenter\"><img loading=\"lazy\" decoding=\"async\" width=\"700\" height=\"339\" src=\"http:\/\/www.designenlassen.de\/blog\/wp-content\/uploads\/2015\/08\/van-Danger-Photography-Logo-Fotograf.jpg\" alt=\"van Danger Photography Logo Fotograf\" class=\"wp-image-10497\" srcset=\"https:\/\/www.designenlassen.de\/blog\/wp-content\/uploads\/2015\/08\/van-Danger-Photography-Logo-Fotograf.jpg 700w, https:\/\/www.designenlassen.de\/blog\/wp-content\/uploads\/2015\/08\/van-Danger-Photography-Logo-Fotograf-300x145.jpg 300w\" sizes=\"(max-width: 700px) 100vw, 700px\" \/><\/figure>\n<\/div>\n\n<div class=\"wp-block-image\">\n<figure class=\"aligncenter\"><img loading=\"lazy\" decoding=\"async\" width=\"800\" height=\"489\" src=\"http:\/\/www.designenlassen.de\/blog\/wp-content\/uploads\/2015\/08\/imakeyourpartysexy.de-Logo-Partyfotograf.jpg\" alt=\"imakeyourpartysexy.de Logo Partyfotograf\" class=\"wp-image-10530\" srcset=\"https:\/\/www.designenlassen.de\/blog\/wp-content\/uploads\/2015\/08\/imakeyourpartysexy.de-Logo-Partyfotograf.jpg 800w, https:\/\/www.designenlassen.de\/blog\/wp-content\/uploads\/2015\/08\/imakeyourpartysexy.de-Logo-Partyfotograf-300x183.jpg 300w, https:\/\/www.designenlassen.de\/blog\/wp-content\/uploads\/2015\/08\/imakeyourpartysexy.de-Logo-Partyfotograf-768x469.jpg 768w\" sizes=\"(max-width: 800px) 100vw, 800px\" \/><\/figure>\n<\/div>\n\n\n<div style=\"height:52px\" aria-hidden=\"true\" class=\"wp-block-spacer\"><\/div>\n\n\n\n<h2 class=\"wp-block-heading\">Baby- und Hochzeitsfotografie Logos<\/h2>\n\n\n\n<div style=\"height:20px\" aria-hidden=\"true\" class=\"wp-block-spacer\"><\/div>\n\n\n<div class=\"wp-block-image\">\n<figure class=\"aligncenter\"><img loading=\"lazy\" decoding=\"async\" width=\"800\" height=\"510\" src=\"http:\/\/www.designenlassen.de\/blog\/wp-content\/uploads\/2015\/08\/Katja-Sch\u00fcnemann-Babyfotografie-Logo-Design.png\" alt=\"Katja Sch\u00fcnemann Babyfotografie Logo Design\" class=\"wp-image-10524\" srcset=\"https:\/\/www.designenlassen.de\/blog\/wp-content\/uploads\/2015\/08\/Katja-Sch\u00fcnemann-Babyfotografie-Logo-Design.png 800w, https:\/\/www.designenlassen.de\/blog\/wp-content\/uploads\/2015\/08\/Katja-Sch\u00fcnemann-Babyfotografie-Logo-Design-300x191.png 300w, https:\/\/www.designenlassen.de\/blog\/wp-content\/uploads\/2015\/08\/Katja-Sch\u00fcnemann-Babyfotografie-Logo-Design-768x490.png 768w\" sizes=\"(max-width: 800px) 100vw, 800px\" \/><\/figure>\n<\/div>\n\n\n<figure class=\"wp-block-gallery has-nested-images columns-default is-cropped wp-block-gallery-11 is-layout-flex wp-block-gallery-is-layout-flex\">\n<figure class=\"wp-block-image size-large\"><img loading=\"lazy\" decoding=\"async\" width=\"338\" height=\"248\" data-id=\"10520\" src=\"https:\/\/www.designenlassen.de\/blog\/wp-content\/uploads\/2015\/08\/Babyfotograf-Logo-Design-Katja-Sch\u00fcnemann.jpg\" alt=\"Babyfotograf Logo Design Katja Sch\u00fcnemann\" class=\"wp-image-10520\" srcset=\"https:\/\/www.designenlassen.de\/blog\/wp-content\/uploads\/2015\/08\/Babyfotograf-Logo-Design-Katja-Sch\u00fcnemann.jpg 338w, https:\/\/www.designenlassen.de\/blog\/wp-content\/uploads\/2015\/08\/Babyfotograf-Logo-Design-Katja-Sch\u00fcnemann-300x220.jpg 300w\" sizes=\"(max-width: 338px) 100vw, 338px\" \/><\/figure>\n\n\n\n<figure class=\"wp-block-image size-large\"><img loading=\"lazy\" decoding=\"async\" width=\"338\" height=\"247\" data-id=\"10523\" src=\"https:\/\/www.designenlassen.de\/blog\/wp-content\/uploads\/2015\/08\/Hochzeitsbildwerk-Paarshooting-Hochzeitsfotografen-Logo-Design.png\" alt=\"Hochzeitsbildwerk Paarshooting Hochzeitsfotografen Logo Design\" class=\"wp-image-10523\" srcset=\"https:\/\/www.designenlassen.de\/blog\/wp-content\/uploads\/2015\/08\/Hochzeitsbildwerk-Paarshooting-Hochzeitsfotografen-Logo-Design.png 338w, https:\/\/www.designenlassen.de\/blog\/wp-content\/uploads\/2015\/08\/Hochzeitsbildwerk-Paarshooting-Hochzeitsfotografen-Logo-Design-300x219.png 300w\" sizes=\"(max-width: 338px) 100vw, 338px\" \/><\/figure>\n<\/figure>\n\n\n<div class=\"wp-block-image\">\n<figure class=\"aligncenter\"><img loading=\"lazy\" decoding=\"async\" width=\"800\" height=\"399\" src=\"http:\/\/www.designenlassen.de\/blog\/wp-content\/uploads\/2015\/08\/Angelo-van-Delf-Hochzeitsfotografie-Logo.jpg\" alt=\"Angelo van Delf Hochzeitsfotografie Logo\" class=\"wp-image-10519\" srcset=\"https:\/\/www.designenlassen.de\/blog\/wp-content\/uploads\/2015\/08\/Angelo-van-Delf-Hochzeitsfotografie-Logo.jpg 800w, https:\/\/www.designenlassen.de\/blog\/wp-content\/uploads\/2015\/08\/Angelo-van-Delf-Hochzeitsfotografie-Logo-300x150.jpg 300w, https:\/\/www.designenlassen.de\/blog\/wp-content\/uploads\/2015\/08\/Angelo-van-Delf-Hochzeitsfotografie-Logo-768x383.jpg 768w\" sizes=\"(max-width: 800px) 100vw, 800px\" \/><\/figure>\n<\/div>\n\n\n<figure class=\"wp-block-gallery has-nested-images columns-2 is-cropped wp-block-gallery-12 is-layout-flex wp-block-gallery-is-layout-flex\">\n<figure class=\"wp-block-image size-large\"><img loading=\"lazy\" decoding=\"async\" width=\"338\" height=\"338\" data-id=\"10521\" src=\"https:\/\/www.designenlassen.de\/blog\/wp-content\/uploads\/2015\/08\/Ebbe-liebt-Flut-Fotografen-Logo-Hochzeit.png\" alt=\"Ebbe liebt Flut Fotografen Logo Hochzeit\" class=\"wp-image-10521\" srcset=\"https:\/\/www.designenlassen.de\/blog\/wp-content\/uploads\/2015\/08\/Ebbe-liebt-Flut-Fotografen-Logo-Hochzeit.png 338w, https:\/\/www.designenlassen.de\/blog\/wp-content\/uploads\/2015\/08\/Ebbe-liebt-Flut-Fotografen-Logo-Hochzeit-150x150.png 150w, https:\/\/www.designenlassen.de\/blog\/wp-content\/uploads\/2015\/08\/Ebbe-liebt-Flut-Fotografen-Logo-Hochzeit-300x300.png 300w\" sizes=\"(max-width: 338px) 100vw, 338px\" \/><\/figure>\n\n\n\n<figure class=\"wp-block-image size-large\"><img loading=\"lazy\" decoding=\"async\" width=\"338\" height=\"338\" data-id=\"10525\" src=\"https:\/\/www.designenlassen.de\/blog\/wp-content\/uploads\/2015\/08\/Logo-Hochzeitsfotograf-Ebbe-Liebt-Flut.jpg\" alt=\"Logo Hochzeitsfotograf Ebbe Liebt Flut\" class=\"wp-image-10525\" srcset=\"https:\/\/www.designenlassen.de\/blog\/wp-content\/uploads\/2015\/08\/Logo-Hochzeitsfotograf-Ebbe-Liebt-Flut.jpg 338w, https:\/\/www.designenlassen.de\/blog\/wp-content\/uploads\/2015\/08\/Logo-Hochzeitsfotograf-Ebbe-Liebt-Flut-150x150.jpg 150w, https:\/\/www.designenlassen.de\/blog\/wp-content\/uploads\/2015\/08\/Logo-Hochzeitsfotograf-Ebbe-Liebt-Flut-300x300.jpg 300w\" sizes=\"(max-width: 338px) 100vw, 338px\" \/><\/figure>\n\n\n\n<figure class=\"wp-block-image size-large\"><img loading=\"lazy\" decoding=\"async\" width=\"338\" height=\"338\" data-id=\"10526\" src=\"https:\/\/www.designenlassen.de\/blog\/wp-content\/uploads\/2015\/08\/Verspieltes-Logo-Fotografen-Lichtertanz.jpg\" alt=\"Verspieltes Logo Fotografen Lichtertanz\" class=\"wp-image-10526\" srcset=\"https:\/\/www.designenlassen.de\/blog\/wp-content\/uploads\/2015\/08\/Verspieltes-Logo-Fotografen-Lichtertanz.jpg 338w, https:\/\/www.designenlassen.de\/blog\/wp-content\/uploads\/2015\/08\/Verspieltes-Logo-Fotografen-Lichtertanz-150x150.jpg 150w, https:\/\/www.designenlassen.de\/blog\/wp-content\/uploads\/2015\/08\/Verspieltes-Logo-Fotografen-Lichtertanz-300x300.jpg 300w\" sizes=\"(max-width: 338px) 100vw, 338px\" \/><\/figure>\n\n\n\n<figure class=\"wp-block-image size-large\"><img loading=\"lazy\" decoding=\"async\" width=\"338\" height=\"338\" data-id=\"10527\" src=\"https:\/\/www.designenlassen.de\/blog\/wp-content\/uploads\/2015\/08\/Logo-Babyfotografen-Katja-Sch\u00fcnemann.png\" alt=\"Logo Babyfotografen Katja Sch\u00fcnemann\" class=\"wp-image-10527\" srcset=\"https:\/\/www.designenlassen.de\/blog\/wp-content\/uploads\/2015\/08\/Logo-Babyfotografen-Katja-Sch\u00fcnemann.png 338w, https:\/\/www.designenlassen.de\/blog\/wp-content\/uploads\/2015\/08\/Logo-Babyfotografen-Katja-Sch\u00fcnemann-150x150.png 150w, https:\/\/www.designenlassen.de\/blog\/wp-content\/uploads\/2015\/08\/Logo-Babyfotografen-Katja-Sch\u00fcnemann-300x300.png 300w\" sizes=\"(max-width: 338px) 100vw, 338px\" \/><\/figure>\n<\/figure>\n\n\n<div class=\"wp-block-image\">\n<figure class=\"aligncenter\"><img loading=\"lazy\" decoding=\"async\" width=\"800\" height=\"410\" src=\"http:\/\/www.designenlassen.de\/blog\/wp-content\/uploads\/2015\/08\/Eine-Prise-Salz-Logo-Fotograf-Hochzeit.png\" alt=\"Eine Prise Salz Logo Fotograf Hochzeit\" class=\"wp-image-10528\" srcset=\"https:\/\/www.designenlassen.de\/blog\/wp-content\/uploads\/2015\/08\/Eine-Prise-Salz-Logo-Fotograf-Hochzeit.png 800w, https:\/\/www.designenlassen.de\/blog\/wp-content\/uploads\/2015\/08\/Eine-Prise-Salz-Logo-Fotograf-Hochzeit-300x154.png 300w, https:\/\/www.designenlassen.de\/blog\/wp-content\/uploads\/2015\/08\/Eine-Prise-Salz-Logo-Fotograf-Hochzeit-768x394.png 768w\" sizes=\"(max-width: 800px) 100vw, 800px\" \/><\/figure>\n<\/div>\n\n\n<div style=\"height:40px\" aria-hidden=\"true\" class=\"wp-block-spacer\"><\/div>\n\n\n\n<h2 class=\"wp-block-heading\">Fotobox Logo Design<\/h2>\n\n\n<div class=\"wp-block-image\">\n<figure class=\"aligncenter\"><img loading=\"lazy\" decoding=\"async\" width=\"800\" height=\"300\" src=\"http:\/\/www.designenlassen.de\/blog\/wp-content\/uploads\/2015\/08\/Fotonly-Logo-Fotobox-Mieten-Blende-1.png\" alt=\"Fotonly Logo Fotobox Mieten Blende\" class=\"wp-image-10539\" srcset=\"https:\/\/www.designenlassen.de\/blog\/wp-content\/uploads\/2015\/08\/Fotonly-Logo-Fotobox-Mieten-Blende-1.png 800w, https:\/\/www.designenlassen.de\/blog\/wp-content\/uploads\/2015\/08\/Fotonly-Logo-Fotobox-Mieten-Blende-1-300x113.png 300w, https:\/\/www.designenlassen.de\/blog\/wp-content\/uploads\/2015\/08\/Fotonly-Logo-Fotobox-Mieten-Blende-1-768x288.png 768w\" sizes=\"(max-width: 800px) 100vw, 800px\" \/><\/figure>\n<\/div>\n\n\n<figure class=\"wp-block-gallery has-nested-images columns-default is-cropped wp-block-gallery-13 is-layout-flex wp-block-gallery-is-layout-flex\">\n<figure class=\"wp-block-image size-large\"><img loading=\"lazy\" decoding=\"async\" width=\"338\" height=\"338\" data-id=\"10542\" src=\"https:\/\/www.designenlassen.de\/blog\/wp-content\/uploads\/2015\/08\/Schwarzw\u00e4lder-Fotob\u00f6xle-Logo-Fotobox-1.png\" alt=\"Schwarzw\u00e4lder Fotob\u00f6xle Logo Fotobox\" class=\"wp-image-10542\" srcset=\"https:\/\/www.designenlassen.de\/blog\/wp-content\/uploads\/2015\/08\/Schwarzw\u00e4lder-Fotob\u00f6xle-Logo-Fotobox-1.png 338w, https:\/\/www.designenlassen.de\/blog\/wp-content\/uploads\/2015\/08\/Schwarzw\u00e4lder-Fotob\u00f6xle-Logo-Fotobox-1-150x150.png 150w, https:\/\/www.designenlassen.de\/blog\/wp-content\/uploads\/2015\/08\/Schwarzw\u00e4lder-Fotob\u00f6xle-Logo-Fotobox-1-300x300.png 300w\" sizes=\"(max-width: 338px) 100vw, 338px\" \/><\/figure>\n\n\n\n<figure class=\"wp-block-image size-large\"><img loading=\"lazy\" decoding=\"async\" width=\"338\" height=\"338\" data-id=\"10541\" src=\"https:\/\/www.designenlassen.de\/blog\/wp-content\/uploads\/2015\/08\/Magic-Photo-Fotobox-Logo-Design.png\" alt=\"Magic Photo Fotobox Logo Design\" class=\"wp-image-10541\" srcset=\"https:\/\/www.designenlassen.de\/blog\/wp-content\/uploads\/2015\/08\/Magic-Photo-Fotobox-Logo-Design.png 338w, https:\/\/www.designenlassen.de\/blog\/wp-content\/uploads\/2015\/08\/Magic-Photo-Fotobox-Logo-Design-150x150.png 150w, https:\/\/www.designenlassen.de\/blog\/wp-content\/uploads\/2015\/08\/Magic-Photo-Fotobox-Logo-Design-300x300.png 300w\" sizes=\"(max-width: 338px) 100vw, 338px\" \/><\/figure>\n<\/figure>\n\n\n<div class=\"wp-block-image\">\n<figure class=\"aligncenter\"><img loading=\"lazy\" decoding=\"async\" width=\"800\" height=\"350\" src=\"http:\/\/www.designenlassen.de\/blog\/wp-content\/uploads\/2015\/08\/Logo-Fotobox-fotocube.de_.png\" alt=\"Logo Fotobox fotocube.de\" class=\"wp-image-10540\" srcset=\"https:\/\/www.designenlassen.de\/blog\/wp-content\/uploads\/2015\/08\/Logo-Fotobox-fotocube.de_.png 800w, https:\/\/www.designenlassen.de\/blog\/wp-content\/uploads\/2015\/08\/Logo-Fotobox-fotocube.de_-300x131.png 300w, https:\/\/www.designenlassen.de\/blog\/wp-content\/uploads\/2015\/08\/Logo-Fotobox-fotocube.de_-768x336.png 768w\" sizes=\"(max-width: 800px) 100vw, 800px\" \/><\/figure>\n<\/div>\n\n\n<div style=\"height:51px\" aria-hidden=\"true\" class=\"wp-block-spacer\"><\/div>\n\n\n\n<div class=\"wp-block-buttons is-content-justification-center is-layout-flex wp-container-core-buttons-is-layout-16018d1d wp-block-buttons-is-layout-flex\">\n<div class=\"wp-block-button is-style-fill\"><a class=\"wp-block-button__link has-white-color has-text-color has-background has-text-align-left wp-element-button\" href=\"https:\/\/www.designenlassen.de\/fotografen-logo?utm_source=blog&amp;utm_medium=button&amp;utm_campaign=blog-beitraege\" style=\"background-color:#091182\">Jetzt Logo erstellen<\/a><\/div>\n<\/div>\n\n\n\n<div style=\"height:45px\" aria-hidden=\"true\" class=\"wp-block-spacer\"><\/div>\n\n\n\n<h2 class=\"wp-block-heading\">Tipps, um ein gutes Logo f\u00fcr Fotografen zu erstellen<\/h2>\n\n\n\n<p>Ein <strong>professionelles Fotografie Logo <\/strong>ist wichtig, um einen positiven ersten Eindruck bei potenziellen Kunden zu hinterlassen. Es vermittelt Professionalit\u00e4t, Glaubw\u00fcrdigkeit und Expertise. Im Folgenden zeigen wir Dir deshalb ein paar wichtige <strong>Tipps, um ein gutes Logo f\u00fcr Fotografen zu gestalten.<\/strong><\/p>\n\n\n\n<h3 class=\"wp-block-heading\">Farbe und grafische Elemente<\/h3>\n\n\n\n<p>Als Fotograf solltest Du <a href=\"https:\/\/www.designenlassen.de\/blog\/farben-und-ihre-bedeutung\/\">Farben<\/a> und grafische Elemente w\u00e4hlen, die zu dem Charakter Deines Fotostudios passen. Idealerweise hast Du bereits ein <a href=\"https:\/\/www.designenlassen.de\/blog\/corporate-design\/\">Corporate Design<\/a> definiert und kannst Dich nach diesem richten. Ein konsistentes Gesamtbild \u00fcber alle Medien und Kan\u00e4le sorgt daf\u00fcr, das Du leichter sowie besser wiedererkannt wirst und im Ged\u00e4chtnis Deiner Kunden bleibst.<\/p>\n\n\n\n<h3 class=\"wp-block-heading\">Passende Schriftart w\u00e4hlen<\/h3>\n\n\n\n<p>Die Schriftart sollte leicht lesbar sein, sowohl aus der N\u00e4he als auch aus der Ferne. Serifen-Schriften wie Times New Roman verleihen dem Fotografie-Logo einen k<strong>lassischen und seri\u00f6sen Look, <\/strong>w\u00e4hrend Sans-Serif-Schriften einen modernen Aspekt haben. Au\u00dferdem sollte die Schriftart das grafische Element des Logos erg\u00e4nzen. Die Strichst\u00e4rke der Schriftart sollte zur Strichst\u00e4rke des Logos passen, um eine harmonische Komposition zu schaffen.<\/p>\n\n\n\n<h3 class=\"wp-block-heading\">Wiedererkennung und Einzigartigkeit<\/h3>\n\n\n\n<p>Der Wettbewerb wird nicht kleiner und stetig kommen neue Fotografen dazu. Deshalb muss man sich von diesen klar abgrenzen und ein unverwechselbares Branding schaffen. Das erreichst Du, wenn Deine Au\u00dfendarstellung anders und besser ist als die der anderen. Deshalb ist es so wichtig, ein einzigartiges Logo, das sich von Deiner <strong>Konkurrenz abhebt und im Ged\u00e4chtnis Deiner Zielgruppe bleibt<\/strong>, zu erstellen. 0815 Designs, die Du \u00fcberall im Internet finden kannst, sowie Logo-Vorlagen k\u00f6nnen genau das Gegenteil bewirken.<\/p>\n\n\n\n<h3 class=\"wp-block-heading\">Zeitlosigkeit<\/h3>\n\n\n\n<p>Ein gutes <a href=\"https:\/\/www.designenlassen.de\/blog\/logo-erstellen-top-firmenlogo-einfach-entwerfen\/\">Logo<\/a> sollte zeitlos sein und auch in Zukunft noch funktionieren, ohne von kurzfristigen Trends beeinflusst zu werden. Vermeide deshalb trendige Schriftarten, Designs und andere grafische Elemente, um ein zeitnahes Redesign zu verhindern.<\/p>\n\n\n\n<h3 class=\"wp-block-heading\">Skalierbarkeit<\/h3>\n\n\n\n<p>Damit Du Dein Logo f\u00fcr verschiedenen Zwecke sowie Plattformen wie Meta oder der eigenen Webseite gut nutzen kannst, solltest Du Dir immer neben den Nutzungsrechten, das Design in Vektordateien, EPS-Dateien in RGB, PDFs in CMYK f\u00fcr den Druckgebrauch und JPG- bzw. PNG-Variante geben lassen. So stellst Du sicher, dass Du Dein neues Fotografie-Logo \u00fcberall einwandfrei verwenden kannst.<\/p>\n\n\n\n<h2 class=\"wp-block-heading\">Fazit: Logo f\u00fcr Fotografen einfach erstellen<\/h2>\n\n\n\n<p>Ein Logo Fotografie-Logo ist ein wichtiger Teil der visuellen Identit\u00e4t eines Fotografen oder eines Studios. Gute Logos f\u00fcr Fotografen sorgen daf\u00fcr, dass mehr Kunden auf das Fotostudio aufmerksam werden und der Fotograf leichter im Ged\u00e4chtnis bleibt. Achte dabei, dass das Logo einzigartig, skalierbar und zu Dir passt.<\/p>\n\n\n\n<p><strong>Fotografie ist Deine Leidenschaft? Unsere sind Designs. Lass Dir deshalb von unseren Profi-Designer ein einzigartiges Logo f\u00fcr Dein Studio oder Business erstellen!<\/strong><\/p>\n\n\n\n<div style=\"height:31px\" aria-hidden=\"true\" class=\"wp-block-spacer\"><\/div>\n\n\n\n<div class=\"wp-block-buttons is-content-justification-center is-layout-flex wp-container-core-buttons-is-layout-16018d1d wp-block-buttons-is-layout-flex\">\n<div class=\"wp-block-button is-style-fill\"><a class=\"wp-block-button__link has-white-color has-text-color has-background has-text-align-left wp-element-button\" href=\"https:\/\/www.designenlassen.de\/fotografen-logo?utm_source=blog&amp;utm_medium=button&amp;utm_campaign=blog-beitraege\" style=\"background-color:#091182\">Jetzt Logo erstellen<\/a><\/div>\n<\/div>\n","protected":false},"excerpt":{"rendered":"<p>Die sch\u00f6nsten Momente, die traumhaftesten Landschaften und die imposantesten Geb\u00e4ude &#8211; all das halten Fotografen in&hellip;<\/p>\n","protected":false},"author":24,"featured_media":10525,"comment_status":"open","ping_status":"open","sticky":false,"template":"","format":"standard","meta":{"_lmt_disableupdate":"","_lmt_disable":"","footnotes":""},"categories":[19],"tags":[],"class_list":["post-4756","post","type-post","status-publish","format-standard","has-post-thumbnail","hentry","category-inspiration"],"yoast_head":"<!-- This site is optimized with the Yoast SEO plugin v27.5 - https:\/\/yoast.com\/product\/yoast-seo-wordpress\/ -->\n<title>59 geniale Logos f\u00fcr Fotografen &amp; Fotografie Logos<\/title>\n<meta name=\"description\" content=\"Entdecke 59 geniale Logos f\u00fcr Fotografen: egal ob f\u00fcr Hochzeitsfotografie, Tierfotografie, Natur- oder Eventfotografie \u25ba Wir haben alle auf einen Blick!\" \/>\n<meta name=\"robots\" content=\"index, follow, max-snippet:-1, max-image-preview:large, max-video-preview:-1\" \/>\n<link rel=\"canonical\" href=\"https:\/\/www.designenlassen.de\/blog\/45-fotografie-logo-designs-bei-denen-es-klick-macht\/\" \/>\n<meta property=\"og:locale\" content=\"de_DE\" \/>\n<meta property=\"og:type\" content=\"article\" \/>\n<meta property=\"og:title\" content=\"59 geniale Logos f\u00fcr Fotografen &amp; Fotografie Logos\" \/>\n<meta property=\"og:description\" content=\"Entdecke 59 geniale Logos f\u00fcr Fotografen: egal ob f\u00fcr Hochzeitsfotografie, Tierfotografie, Natur- oder Eventfotografie \u25ba Wir haben alle auf einen Blick!\" \/>\n<meta property=\"og:url\" content=\"https:\/\/www.designenlassen.de\/blog\/45-fotografie-logo-designs-bei-denen-es-klick-macht\/\" \/>\n<meta property=\"og:site_name\" content=\"designenlassen.de Blog\" \/>\n<meta property=\"article:published_time\" content=\"2023-11-29T06:25:00+00:00\" \/>\n<meta property=\"article:modified_time\" content=\"2024-11-15T07:26:45+00:00\" \/>\n<meta property=\"og:image\" content=\"https:\/\/www.designenlassen.de\/blog\/wp-content\/uploads\/2015\/08\/Logo-Hochzeitsfotograf-Ebbe-Liebt-Flut.jpg\" \/>\n\t<meta property=\"og:image:width\" content=\"338\" \/>\n\t<meta property=\"og:image:height\" content=\"338\" \/>\n\t<meta property=\"og:image:type\" content=\"image\/jpeg\" \/>\n<meta name=\"author\" content=\"Patrick Schady\" \/>\n<meta name=\"twitter:card\" content=\"summary_large_image\" \/>\n<meta name=\"twitter:label1\" content=\"Verfasst von\" \/>\n\t<meta name=\"twitter:data1\" content=\"Patrick Schady\" \/>\n\t<meta name=\"twitter:label2\" content=\"Gesch\u00e4tzte Lesezeit\" \/>\n\t<meta name=\"twitter:data2\" content=\"18\u00a0Minuten\" \/>\n<script type=\"application\/ld+json\" class=\"yoast-schema-graph\">{\"@context\":\"https:\\\/\\\/schema.org\",\"@graph\":[{\"@type\":\"Article\",\"@id\":\"https:\\\/\\\/www.designenlassen.de\\\/blog\\\/45-fotografie-logo-designs-bei-denen-es-klick-macht\\\/#article\",\"isPartOf\":{\"@id\":\"https:\\\/\\\/www.designenlassen.de\\\/blog\\\/45-fotografie-logo-designs-bei-denen-es-klick-macht\\\/\"},\"author\":{\"name\":\"Patrick Schady\",\"@id\":\"https:\\\/\\\/www.designenlassen.de\\\/blog\\\/#\\\/schema\\\/person\\\/1e6e4a367ec0359155d5fbb01227c1ca\"},\"headline\":\"59 Logos f\u00fcr Fotografen, bei denen es klick macht\",\"datePublished\":\"2023-11-29T06:25:00+00:00\",\"dateModified\":\"2024-11-15T07:26:45+00:00\",\"mainEntityOfPage\":{\"@id\":\"https:\\\/\\\/www.designenlassen.de\\\/blog\\\/45-fotografie-logo-designs-bei-denen-es-klick-macht\\\/\"},\"wordCount\":869,\"commentCount\":0,\"image\":{\"@id\":\"https:\\\/\\\/www.designenlassen.de\\\/blog\\\/45-fotografie-logo-designs-bei-denen-es-klick-macht\\\/#primaryimage\"},\"thumbnailUrl\":\"https:\\\/\\\/www.designenlassen.de\\\/blog\\\/wp-content\\\/uploads\\\/2015\\\/08\\\/Logo-Hochzeitsfotograf-Ebbe-Liebt-Flut.jpg\",\"articleSection\":[\"Design-Galerien\"],\"inLanguage\":\"de\",\"potentialAction\":[{\"@type\":\"CommentAction\",\"name\":\"Comment\",\"target\":[\"https:\\\/\\\/www.designenlassen.de\\\/blog\\\/45-fotografie-logo-designs-bei-denen-es-klick-macht\\\/#respond\"]}]},{\"@type\":\"WebPage\",\"@id\":\"https:\\\/\\\/www.designenlassen.de\\\/blog\\\/45-fotografie-logo-designs-bei-denen-es-klick-macht\\\/\",\"url\":\"https:\\\/\\\/www.designenlassen.de\\\/blog\\\/45-fotografie-logo-designs-bei-denen-es-klick-macht\\\/\",\"name\":\"59 geniale Logos f\u00fcr Fotografen & Fotografie Logos\",\"isPartOf\":{\"@id\":\"https:\\\/\\\/www.designenlassen.de\\\/blog\\\/#website\"},\"primaryImageOfPage\":{\"@id\":\"https:\\\/\\\/www.designenlassen.de\\\/blog\\\/45-fotografie-logo-designs-bei-denen-es-klick-macht\\\/#primaryimage\"},\"image\":{\"@id\":\"https:\\\/\\\/www.designenlassen.de\\\/blog\\\/45-fotografie-logo-designs-bei-denen-es-klick-macht\\\/#primaryimage\"},\"thumbnailUrl\":\"https:\\\/\\\/www.designenlassen.de\\\/blog\\\/wp-content\\\/uploads\\\/2015\\\/08\\\/Logo-Hochzeitsfotograf-Ebbe-Liebt-Flut.jpg\",\"datePublished\":\"2023-11-29T06:25:00+00:00\",\"dateModified\":\"2024-11-15T07:26:45+00:00\",\"author\":{\"@id\":\"https:\\\/\\\/www.designenlassen.de\\\/blog\\\/#\\\/schema\\\/person\\\/1e6e4a367ec0359155d5fbb01227c1ca\"},\"description\":\"Entdecke 59 geniale Logos f\u00fcr Fotografen: egal ob f\u00fcr Hochzeitsfotografie, Tierfotografie, Natur- oder Eventfotografie \u25ba Wir haben alle auf einen Blick!\",\"breadcrumb\":{\"@id\":\"https:\\\/\\\/www.designenlassen.de\\\/blog\\\/45-fotografie-logo-designs-bei-denen-es-klick-macht\\\/#breadcrumb\"},\"inLanguage\":\"de\",\"potentialAction\":[{\"@type\":\"ReadAction\",\"target\":[\"https:\\\/\\\/www.designenlassen.de\\\/blog\\\/45-fotografie-logo-designs-bei-denen-es-klick-macht\\\/\"]}]},{\"@type\":\"ImageObject\",\"inLanguage\":\"de\",\"@id\":\"https:\\\/\\\/www.designenlassen.de\\\/blog\\\/45-fotografie-logo-designs-bei-denen-es-klick-macht\\\/#primaryimage\",\"url\":\"https:\\\/\\\/www.designenlassen.de\\\/blog\\\/wp-content\\\/uploads\\\/2015\\\/08\\\/Logo-Hochzeitsfotograf-Ebbe-Liebt-Flut.jpg\",\"contentUrl\":\"https:\\\/\\\/www.designenlassen.de\\\/blog\\\/wp-content\\\/uploads\\\/2015\\\/08\\\/Logo-Hochzeitsfotograf-Ebbe-Liebt-Flut.jpg\",\"width\":338,\"height\":338,\"caption\":\"Logo Hochzeitsfotograf Ebbe Liebt Flut\"},{\"@type\":\"BreadcrumbList\",\"@id\":\"https:\\\/\\\/www.designenlassen.de\\\/blog\\\/45-fotografie-logo-designs-bei-denen-es-klick-macht\\\/#breadcrumb\",\"itemListElement\":[{\"@type\":\"ListItem\",\"position\":1,\"name\":\"Start\",\"item\":\"https:\\\/\\\/www.designenlassen.de\\\/blog\\\/\"},{\"@type\":\"ListItem\",\"position\":2,\"name\":\"59 Logos f\u00fcr Fotografen, bei denen es klick macht\"}]},{\"@type\":\"WebSite\",\"@id\":\"https:\\\/\\\/www.designenlassen.de\\\/blog\\\/#website\",\"url\":\"https:\\\/\\\/www.designenlassen.de\\\/blog\\\/\",\"name\":\"designenlassen.de Blog\",\"description\":\"Inspirationen, Tipps und Ideen f\u00fcr Designer sowie Gr\u00fcnder und Kleinbetriebe.\",\"potentialAction\":[{\"@type\":\"SearchAction\",\"target\":{\"@type\":\"EntryPoint\",\"urlTemplate\":\"https:\\\/\\\/www.designenlassen.de\\\/blog\\\/?s={search_term_string}\"},\"query-input\":{\"@type\":\"PropertyValueSpecification\",\"valueRequired\":true,\"valueName\":\"search_term_string\"}}],\"inLanguage\":\"de\"},{\"@type\":\"Person\",\"@id\":\"https:\\\/\\\/www.designenlassen.de\\\/blog\\\/#\\\/schema\\\/person\\\/1e6e4a367ec0359155d5fbb01227c1ca\",\"name\":\"Patrick Schady\",\"image\":{\"@type\":\"ImageObject\",\"inLanguage\":\"de\",\"@id\":\"https:\\\/\\\/secure.gravatar.com\\\/avatar\\\/41cfafecfbfd30ee6bc4cc02dd530ef067050210239f1d60debda10ce9c038d7?s=96&d=mm&r=g\",\"url\":\"https:\\\/\\\/secure.gravatar.com\\\/avatar\\\/41cfafecfbfd30ee6bc4cc02dd530ef067050210239f1d60debda10ce9c038d7?s=96&d=mm&r=g\",\"contentUrl\":\"https:\\\/\\\/secure.gravatar.com\\\/avatar\\\/41cfafecfbfd30ee6bc4cc02dd530ef067050210239f1d60debda10ce9c038d7?s=96&d=mm&r=g\",\"caption\":\"Patrick Schady\"},\"url\":\"https:\\\/\\\/www.designenlassen.de\\\/blog\\\/author\\\/patrick\\\/\"}]}<\/script>\n<!-- \/ Yoast SEO plugin. -->","yoast_head_json":{"title":"59 geniale Logos f\u00fcr Fotografen & Fotografie Logos","description":"Entdecke 59 geniale Logos f\u00fcr Fotografen: egal ob f\u00fcr Hochzeitsfotografie, Tierfotografie, Natur- oder Eventfotografie \u25ba Wir haben alle auf einen Blick!","robots":{"index":"index","follow":"follow","max-snippet":"max-snippet:-1","max-image-preview":"max-image-preview:large","max-video-preview":"max-video-preview:-1"},"canonical":"https:\/\/www.designenlassen.de\/blog\/45-fotografie-logo-designs-bei-denen-es-klick-macht\/","og_locale":"de_DE","og_type":"article","og_title":"59 geniale Logos f\u00fcr Fotografen & Fotografie Logos","og_description":"Entdecke 59 geniale Logos f\u00fcr Fotografen: egal ob f\u00fcr Hochzeitsfotografie, Tierfotografie, Natur- oder Eventfotografie \u25ba Wir haben alle auf einen Blick!","og_url":"https:\/\/www.designenlassen.de\/blog\/45-fotografie-logo-designs-bei-denen-es-klick-macht\/","og_site_name":"designenlassen.de Blog","article_published_time":"2023-11-29T06:25:00+00:00","article_modified_time":"2024-11-15T07:26:45+00:00","og_image":[{"width":338,"height":338,"url":"https:\/\/www.designenlassen.de\/blog\/wp-content\/uploads\/2015\/08\/Logo-Hochzeitsfotograf-Ebbe-Liebt-Flut.jpg","type":"image\/jpeg"}],"author":"Patrick Schady","twitter_card":"summary_large_image","twitter_misc":{"Verfasst von":"Patrick Schady","Gesch\u00e4tzte Lesezeit":"18\u00a0Minuten"},"schema":{"@context":"https:\/\/schema.org","@graph":[{"@type":"Article","@id":"https:\/\/www.designenlassen.de\/blog\/45-fotografie-logo-designs-bei-denen-es-klick-macht\/#article","isPartOf":{"@id":"https:\/\/www.designenlassen.de\/blog\/45-fotografie-logo-designs-bei-denen-es-klick-macht\/"},"author":{"name":"Patrick Schady","@id":"https:\/\/www.designenlassen.de\/blog\/#\/schema\/person\/1e6e4a367ec0359155d5fbb01227c1ca"},"headline":"59 Logos f\u00fcr Fotografen, bei denen es klick macht","datePublished":"2023-11-29T06:25:00+00:00","dateModified":"2024-11-15T07:26:45+00:00","mainEntityOfPage":{"@id":"https:\/\/www.designenlassen.de\/blog\/45-fotografie-logo-designs-bei-denen-es-klick-macht\/"},"wordCount":869,"commentCount":0,"image":{"@id":"https:\/\/www.designenlassen.de\/blog\/45-fotografie-logo-designs-bei-denen-es-klick-macht\/#primaryimage"},"thumbnailUrl":"https:\/\/www.designenlassen.de\/blog\/wp-content\/uploads\/2015\/08\/Logo-Hochzeitsfotograf-Ebbe-Liebt-Flut.jpg","articleSection":["Design-Galerien"],"inLanguage":"de","potentialAction":[{"@type":"CommentAction","name":"Comment","target":["https:\/\/www.designenlassen.de\/blog\/45-fotografie-logo-designs-bei-denen-es-klick-macht\/#respond"]}]},{"@type":"WebPage","@id":"https:\/\/www.designenlassen.de\/blog\/45-fotografie-logo-designs-bei-denen-es-klick-macht\/","url":"https:\/\/www.designenlassen.de\/blog\/45-fotografie-logo-designs-bei-denen-es-klick-macht\/","name":"59 geniale Logos f\u00fcr Fotografen & Fotografie Logos","isPartOf":{"@id":"https:\/\/www.designenlassen.de\/blog\/#website"},"primaryImageOfPage":{"@id":"https:\/\/www.designenlassen.de\/blog\/45-fotografie-logo-designs-bei-denen-es-klick-macht\/#primaryimage"},"image":{"@id":"https:\/\/www.designenlassen.de\/blog\/45-fotografie-logo-designs-bei-denen-es-klick-macht\/#primaryimage"},"thumbnailUrl":"https:\/\/www.designenlassen.de\/blog\/wp-content\/uploads\/2015\/08\/Logo-Hochzeitsfotograf-Ebbe-Liebt-Flut.jpg","datePublished":"2023-11-29T06:25:00+00:00","dateModified":"2024-11-15T07:26:45+00:00","author":{"@id":"https:\/\/www.designenlassen.de\/blog\/#\/schema\/person\/1e6e4a367ec0359155d5fbb01227c1ca"},"description":"Entdecke 59 geniale Logos f\u00fcr Fotografen: egal ob f\u00fcr Hochzeitsfotografie, Tierfotografie, Natur- oder Eventfotografie \u25ba Wir haben alle auf einen Blick!","breadcrumb":{"@id":"https:\/\/www.designenlassen.de\/blog\/45-fotografie-logo-designs-bei-denen-es-klick-macht\/#breadcrumb"},"inLanguage":"de","potentialAction":[{"@type":"ReadAction","target":["https:\/\/www.designenlassen.de\/blog\/45-fotografie-logo-designs-bei-denen-es-klick-macht\/"]}]},{"@type":"ImageObject","inLanguage":"de","@id":"https:\/\/www.designenlassen.de\/blog\/45-fotografie-logo-designs-bei-denen-es-klick-macht\/#primaryimage","url":"https:\/\/www.designenlassen.de\/blog\/wp-content\/uploads\/2015\/08\/Logo-Hochzeitsfotograf-Ebbe-Liebt-Flut.jpg","contentUrl":"https:\/\/www.designenlassen.de\/blog\/wp-content\/uploads\/2015\/08\/Logo-Hochzeitsfotograf-Ebbe-Liebt-Flut.jpg","width":338,"height":338,"caption":"Logo Hochzeitsfotograf Ebbe Liebt Flut"},{"@type":"BreadcrumbList","@id":"https:\/\/www.designenlassen.de\/blog\/45-fotografie-logo-designs-bei-denen-es-klick-macht\/#breadcrumb","itemListElement":[{"@type":"ListItem","position":1,"name":"Start","item":"https:\/\/www.designenlassen.de\/blog\/"},{"@type":"ListItem","position":2,"name":"59 Logos f\u00fcr Fotografen, bei denen es klick macht"}]},{"@type":"WebSite","@id":"https:\/\/www.designenlassen.de\/blog\/#website","url":"https:\/\/www.designenlassen.de\/blog\/","name":"designenlassen.de Blog","description":"Inspirationen, Tipps und Ideen f\u00fcr Designer sowie Gr\u00fcnder und Kleinbetriebe.","potentialAction":[{"@type":"SearchAction","target":{"@type":"EntryPoint","urlTemplate":"https:\/\/www.designenlassen.de\/blog\/?s={search_term_string}"},"query-input":{"@type":"PropertyValueSpecification","valueRequired":true,"valueName":"search_term_string"}}],"inLanguage":"de"},{"@type":"Person","@id":"https:\/\/www.designenlassen.de\/blog\/#\/schema\/person\/1e6e4a367ec0359155d5fbb01227c1ca","name":"Patrick Schady","image":{"@type":"ImageObject","inLanguage":"de","@id":"https:\/\/secure.gravatar.com\/avatar\/41cfafecfbfd30ee6bc4cc02dd530ef067050210239f1d60debda10ce9c038d7?s=96&d=mm&r=g","url":"https:\/\/secure.gravatar.com\/avatar\/41cfafecfbfd30ee6bc4cc02dd530ef067050210239f1d60debda10ce9c038d7?s=96&d=mm&r=g","contentUrl":"https:\/\/secure.gravatar.com\/avatar\/41cfafecfbfd30ee6bc4cc02dd530ef067050210239f1d60debda10ce9c038d7?s=96&d=mm&r=g","caption":"Patrick Schady"},"url":"https:\/\/www.designenlassen.de\/blog\/author\/patrick\/"}]}},"_links":{"self":[{"href":"https:\/\/www.designenlassen.de\/blog\/wp-json\/wp\/v2\/posts\/4756","targetHints":{"allow":["GET"]}}],"collection":[{"href":"https:\/\/www.designenlassen.de\/blog\/wp-json\/wp\/v2\/posts"}],"about":[{"href":"https:\/\/www.designenlassen.de\/blog\/wp-json\/wp\/v2\/types\/post"}],"author":[{"embeddable":true,"href":"https:\/\/www.designenlassen.de\/blog\/wp-json\/wp\/v2\/users\/24"}],"replies":[{"embeddable":true,"href":"https:\/\/www.designenlassen.de\/blog\/wp-json\/wp\/v2\/comments?post=4756"}],"version-history":[{"count":32,"href":"https:\/\/www.designenlassen.de\/blog\/wp-json\/wp\/v2\/posts\/4756\/revisions"}],"predecessor-version":[{"id":32898,"href":"https:\/\/www.designenlassen.de\/blog\/wp-json\/wp\/v2\/posts\/4756\/revisions\/32898"}],"wp:featuredmedia":[{"embeddable":true,"href":"https:\/\/www.designenlassen.de\/blog\/wp-json\/wp\/v2\/media\/10525"}],"wp:attachment":[{"href":"https:\/\/www.designenlassen.de\/blog\/wp-json\/wp\/v2\/media?parent=4756"}],"wp:term":[{"taxonomy":"category","embeddable":true,"href":"https:\/\/www.designenlassen.de\/blog\/wp-json\/wp\/v2\/categories?post=4756"},{"taxonomy":"post_tag","embeddable":true,"href":"https:\/\/www.designenlassen.de\/blog\/wp-json\/wp\/v2\/tags?post=4756"}],"curies":[{"name":"wp","href":"https:\/\/api.w.org\/{rel}","templated":true}]}}