{"id":572,"date":"2011-07-18T14:27:53","date_gmt":"2011-07-18T12:27:53","guid":{"rendered":"http:\/\/www.designenlassen.de\/blog\/?p=572"},"modified":"2016-12-08T17:09:16","modified_gmt":"2016-12-08T15:09:16","slug":"oh-happy-day-ihk-nurnberg-vergibt-grunderpreis-an-designenlassende","status":"publish","type":"post","link":"https:\/\/www.designenlassen.de\/blog\/oh-happy-day-ihk-nurnberg-vergibt-grunderpreis-an-designenlassende\/","title":{"rendered":"Oh happy day &#8211; IHK N\u00fcrnberg vergibt Gr\u00fcnderpreis an designenlassen.de"},"content":{"rendered":"<p>Wir freuen uns schon seit einigen Wochen \u00fcber diese tolle Nachricht und d\u00fcrfen heute damit endlich an die \u00d6ffentlichkeit gehen!<\/p>\n<p><strong>Wir sind Preistr\u00e4ger des IHK Gr\u00fcnderpreises 2011 der IHK N\u00fcrnberg f\u00fcr Mittelfranken! <\/strong><\/p>\n<p><a href=\"http:\/\/www.designenlassen.de\/blog\/wp-content\/uploads\/2011\/07\/designenlassen-gruenderpreis-ti1.jpg\" data-rel=\"penci-gallery-image-content\" ><img decoding=\"async\" class=\"alignnone size-medium wp-image-582\" title=\"designenlassen-gruenderpreis-ti1\" src=\"http:\/\/www.designenlassen.de\/blog\/wp-content\/uploads\/2011\/07\/designenlassen-gruenderpreis-ti1-300x117.jpg\" alt=\"\" width=\"300\" height=\"117\" srcset=\"https:\/\/www.designenlassen.de\/blog\/wp-content\/uploads\/2011\/07\/designenlassen-gruenderpreis-ti1-300x117.jpg 300w, https:\/\/www.designenlassen.de\/blog\/wp-content\/uploads\/2011\/07\/designenlassen-gruenderpreis-ti1.jpg 460w\" sizes=\"(max-width: 300px) 100vw, 300px\" \/><\/a><\/p>\n<p><!--more--><\/p>\n<p><span style=\"color: #ffffff;\">\u00a7\u00a7\u00a7<\/span><br \/>\nHeute, am 18.7. fand die Preisverleihung im Feuerbachsaal am N\u00fcrnberger Hauptmarkt statt.\u00a0Als eines von drei Siegerunternehmen nahmen wir unsere Auszeichnung von IHK-Pr\u00e4sident Dirk von Vopelius und den Sponsoren in der jeweiligen Wettbewerbskategorie entgegen. Das Preisgeld in H\u00f6he von 10.000 \u20ac in der von uns belegten Kategorie Markterfolg und Innovation wurde von der\u00a0<a href=\"http:\/\/www.heitec.de\/\">HEITEC AG<\/a> aus Erlangen zur Verf\u00fcgung gestellt\u00a0und pers\u00f6nlich vom Vorstandsvorsitzenden,\u00a0Herrn Richard Heindl \u00fcberreicht.<\/p>\n<p>Wir danken der IHK N\u00fcrnberg und Herrn Heindl pers\u00f6nlich sehr herzlich f\u00fcr diese Auszeichnung. Der Gr\u00fcnderpreis ist f\u00fcr uns ein erneuter Ansporn, uns noch mehr ins Zeug zu legen! Hier der Film zur Preisverleihung:<\/p>\n<p><object width=\"560\" height=\"349\" classid=\"clsid:d27cdb6e-ae6d-11cf-96b8-444553540000\" codebase=\"http:\/\/download.macromedia.com\/pub\/shockwave\/cabs\/flash\/swflash.cab#version=6,0,40,0\"><param name=\"allowFullScreen\" value=\"true\" \/><param name=\"allowscriptaccess\" value=\"always\" \/><param name=\"src\" value=\"http:\/\/www.youtube.com\/v\/1Fuwt_InoZU?version=3&amp;hl=de_DE\" \/><embed type=\"application\/x-shockwave-flash\" width=\"560\" height=\"349\" src=\"http:\/\/www.youtube.com\/v\/1Fuwt_InoZU?version=3&amp;hl=de_DE\" allowscriptaccess=\"always\" allowfullscreen=\"allowfullscreen\" \/><\/object><\/p>\n<p>Spannende Ideen hatten auch die anderen beiden Gewinner, <a href=\"http:\/\/www.anra-mode.de\/\" target=\"_blank\">AnRa-Mode<\/a> und <a href=\"http:\/\/www.allfra.de\/\" target=\"_blank\">allfra Regionalmarkt<\/a> Franken zu bieten.\u00a0Alle Hintergrundinfos zur Preisverleihung und zu den Preistr\u00e4gern finden sich auf der Seite der <a href=\"http:\/\/www.ihk-nuernberg.de\/nbg\/Geschaeftsbereiche\/Standortpolitik-und-Unternehmensfoerderung\/Gruendungs-und-Unternehmensfoerderung\/IHK-Gruenderpreis\/index.html\" target=\"_blank\">IHK-N\u00fcrnberg<\/a>.<\/p>\n<p>&nbsp;<\/p>\n","protected":false},"excerpt":{"rendered":"<p>Wir freuen uns schon seit einigen Wochen \u00fcber diese tolle Nachricht und d\u00fcrfen heute damit endlich&hellip;<\/p>\n","protected":false},"author":1,"featured_media":0,"comment_status":"open","ping_status":"open","sticky":false,"template":"","format":"standard","meta":{"_lmt_disableupdate":"","_lmt_disable":"","footnotes":""},"categories":[1],"tags":[],"class_list":["post-572","post","type-post","status-publish","format-standard","hentry","category-allgemein"],"yoast_head":"<!-- This site is optimized with the Yoast SEO plugin v27.5 - https:\/\/yoast.com\/product\/yoast-seo-wordpress\/ -->\n<title>Oh happy day - IHK N\u00fcrnberg vergibt Gr\u00fcnderpreis an designenlassen.de - designenlassen.de Blog<\/title>\n<meta name=\"description\" content=\"designenlassen.de ist Preistr\u00e4ger des IHK Gr\u00fcnderpreises 2011 der IHK N\u00fcrnberg f\u00fcr Mittelfranken in der Kategorie Markterfolg und Innovation.\" \/>\n<meta name=\"robots\" content=\"index, follow, max-snippet:-1, max-image-preview:large, max-video-preview:-1\" \/>\n<link rel=\"canonical\" href=\"https:\/\/www.designenlassen.de\/blog\/oh-happy-day-ihk-nurnberg-vergibt-grunderpreis-an-designenlassende\/\" \/>\n<meta property=\"og:locale\" content=\"de_DE\" \/>\n<meta property=\"og:type\" content=\"article\" \/>\n<meta property=\"og:title\" content=\"Oh happy day - IHK N\u00fcrnberg vergibt Gr\u00fcnderpreis an designenlassen.de - designenlassen.de Blog\" \/>\n<meta property=\"og:description\" content=\"designenlassen.de ist Preistr\u00e4ger des IHK Gr\u00fcnderpreises 2011 der IHK N\u00fcrnberg f\u00fcr Mittelfranken in der Kategorie Markterfolg und Innovation.\" \/>\n<meta property=\"og:url\" content=\"https:\/\/www.designenlassen.de\/blog\/oh-happy-day-ihk-nurnberg-vergibt-grunderpreis-an-designenlassende\/\" \/>\n<meta property=\"og:site_name\" content=\"designenlassen.de Blog\" \/>\n<meta property=\"article:author\" content=\"designenlassen\" \/>\n<meta property=\"article:published_time\" content=\"2011-07-18T12:27:53+00:00\" \/>\n<meta property=\"article:modified_time\" content=\"2016-12-08T15:09:16+00:00\" \/>\n<meta property=\"og:image\" content=\"http:\/\/www.designenlassen.de\/blog\/wp-content\/uploads\/2011\/07\/designenlassen-gruenderpreis-ti1-300x117.jpg\" \/>\n<meta name=\"author\" content=\"Michael\" \/>\n<meta name=\"twitter:card\" content=\"summary_large_image\" \/>\n<meta name=\"twitter:label1\" content=\"Verfasst von\" \/>\n\t<meta name=\"twitter:data1\" content=\"Michael\" \/>\n\t<meta name=\"twitter:label2\" content=\"Gesch\u00e4tzte Lesezeit\" \/>\n\t<meta name=\"twitter:data2\" content=\"1\u00a0Minute\" \/>\n<script type=\"application\/ld+json\" class=\"yoast-schema-graph\">{\"@context\":\"https:\\\/\\\/schema.org\",\"@graph\":[{\"@type\":\"Article\",\"@id\":\"https:\\\/\\\/www.designenlassen.de\\\/blog\\\/oh-happy-day-ihk-nurnberg-vergibt-grunderpreis-an-designenlassende\\\/#article\",\"isPartOf\":{\"@id\":\"https:\\\/\\\/www.designenlassen.de\\\/blog\\\/oh-happy-day-ihk-nurnberg-vergibt-grunderpreis-an-designenlassende\\\/\"},\"author\":{\"name\":\"Michael\",\"@id\":\"https:\\\/\\\/www.designenlassen.de\\\/blog\\\/#\\\/schema\\\/person\\\/23826c4c9da4e90bfb2ae6458e3a56f7\"},\"headline\":\"Oh happy day &#8211; IHK N\u00fcrnberg vergibt Gr\u00fcnderpreis an designenlassen.de\",\"datePublished\":\"2011-07-18T12:27:53+00:00\",\"dateModified\":\"2016-12-08T15:09:16+00:00\",\"mainEntityOfPage\":{\"@id\":\"https:\\\/\\\/www.designenlassen.de\\\/blog\\\/oh-happy-day-ihk-nurnberg-vergibt-grunderpreis-an-designenlassende\\\/\"},\"wordCount\":191,\"commentCount\":7,\"image\":{\"@id\":\"https:\\\/\\\/www.designenlassen.de\\\/blog\\\/oh-happy-day-ihk-nurnberg-vergibt-grunderpreis-an-designenlassende\\\/#primaryimage\"},\"thumbnailUrl\":\"http:\\\/\\\/www.designenlassen.de\\\/blog\\\/wp-content\\\/uploads\\\/2011\\\/07\\\/designenlassen-gruenderpreis-ti1-300x117.jpg\",\"inLanguage\":\"de\",\"potentialAction\":[{\"@type\":\"CommentAction\",\"name\":\"Comment\",\"target\":[\"https:\\\/\\\/www.designenlassen.de\\\/blog\\\/oh-happy-day-ihk-nurnberg-vergibt-grunderpreis-an-designenlassende\\\/#respond\"]}]},{\"@type\":\"WebPage\",\"@id\":\"https:\\\/\\\/www.designenlassen.de\\\/blog\\\/oh-happy-day-ihk-nurnberg-vergibt-grunderpreis-an-designenlassende\\\/\",\"url\":\"https:\\\/\\\/www.designenlassen.de\\\/blog\\\/oh-happy-day-ihk-nurnberg-vergibt-grunderpreis-an-designenlassende\\\/\",\"name\":\"Oh happy day - IHK N\u00fcrnberg vergibt Gr\u00fcnderpreis an designenlassen.de - designenlassen.de Blog\",\"isPartOf\":{\"@id\":\"https:\\\/\\\/www.designenlassen.de\\\/blog\\\/#website\"},\"primaryImageOfPage\":{\"@id\":\"https:\\\/\\\/www.designenlassen.de\\\/blog\\\/oh-happy-day-ihk-nurnberg-vergibt-grunderpreis-an-designenlassende\\\/#primaryimage\"},\"image\":{\"@id\":\"https:\\\/\\\/www.designenlassen.de\\\/blog\\\/oh-happy-day-ihk-nurnberg-vergibt-grunderpreis-an-designenlassende\\\/#primaryimage\"},\"thumbnailUrl\":\"http:\\\/\\\/www.designenlassen.de\\\/blog\\\/wp-content\\\/uploads\\\/2011\\\/07\\\/designenlassen-gruenderpreis-ti1-300x117.jpg\",\"datePublished\":\"2011-07-18T12:27:53+00:00\",\"dateModified\":\"2016-12-08T15:09:16+00:00\",\"author\":{\"@id\":\"https:\\\/\\\/www.designenlassen.de\\\/blog\\\/#\\\/schema\\\/person\\\/23826c4c9da4e90bfb2ae6458e3a56f7\"},\"description\":\"designenlassen.de ist Preistr\u00e4ger des IHK Gr\u00fcnderpreises 2011 der IHK N\u00fcrnberg f\u00fcr Mittelfranken in der Kategorie Markterfolg und Innovation.\",\"breadcrumb\":{\"@id\":\"https:\\\/\\\/www.designenlassen.de\\\/blog\\\/oh-happy-day-ihk-nurnberg-vergibt-grunderpreis-an-designenlassende\\\/#breadcrumb\"},\"inLanguage\":\"de\",\"potentialAction\":[{\"@type\":\"ReadAction\",\"target\":[\"https:\\\/\\\/www.designenlassen.de\\\/blog\\\/oh-happy-day-ihk-nurnberg-vergibt-grunderpreis-an-designenlassende\\\/\"]}]},{\"@type\":\"ImageObject\",\"inLanguage\":\"de\",\"@id\":\"https:\\\/\\\/www.designenlassen.de\\\/blog\\\/oh-happy-day-ihk-nurnberg-vergibt-grunderpreis-an-designenlassende\\\/#primaryimage\",\"url\":\"http:\\\/\\\/www.designenlassen.de\\\/blog\\\/wp-content\\\/uploads\\\/2011\\\/07\\\/designenlassen-gruenderpreis-ti1-300x117.jpg\",\"contentUrl\":\"http:\\\/\\\/www.designenlassen.de\\\/blog\\\/wp-content\\\/uploads\\\/2011\\\/07\\\/designenlassen-gruenderpreis-ti1-300x117.jpg\"},{\"@type\":\"BreadcrumbList\",\"@id\":\"https:\\\/\\\/www.designenlassen.de\\\/blog\\\/oh-happy-day-ihk-nurnberg-vergibt-grunderpreis-an-designenlassende\\\/#breadcrumb\",\"itemListElement\":[{\"@type\":\"ListItem\",\"position\":1,\"name\":\"Start\",\"item\":\"https:\\\/\\\/www.designenlassen.de\\\/blog\\\/\"},{\"@type\":\"ListItem\",\"position\":2,\"name\":\"Oh happy day &#8211; IHK N\u00fcrnberg vergibt Gr\u00fcnderpreis an designenlassen.de\"}]},{\"@type\":\"WebSite\",\"@id\":\"https:\\\/\\\/www.designenlassen.de\\\/blog\\\/#website\",\"url\":\"https:\\\/\\\/www.designenlassen.de\\\/blog\\\/\",\"name\":\"designenlassen.de Blog\",\"description\":\"Inspirationen, Tipps und Ideen f\u00fcr Designer sowie Gr\u00fcnder und Kleinbetriebe.\",\"potentialAction\":[{\"@type\":\"SearchAction\",\"target\":{\"@type\":\"EntryPoint\",\"urlTemplate\":\"https:\\\/\\\/www.designenlassen.de\\\/blog\\\/?s={search_term_string}\"},\"query-input\":{\"@type\":\"PropertyValueSpecification\",\"valueRequired\":true,\"valueName\":\"search_term_string\"}}],\"inLanguage\":\"de\"},{\"@type\":\"Person\",\"@id\":\"https:\\\/\\\/www.designenlassen.de\\\/blog\\\/#\\\/schema\\\/person\\\/23826c4c9da4e90bfb2ae6458e3a56f7\",\"name\":\"Michael\",\"image\":{\"@type\":\"ImageObject\",\"inLanguage\":\"de\",\"@id\":\"https:\\\/\\\/secure.gravatar.com\\\/avatar\\\/5fa10ddc102742b9339fcb7e3486ffe59189bde4da4b5b776a3d1e83cd66f4b2?s=96&d=mm&r=g\",\"url\":\"https:\\\/\\\/secure.gravatar.com\\\/avatar\\\/5fa10ddc102742b9339fcb7e3486ffe59189bde4da4b5b776a3d1e83cd66f4b2?s=96&d=mm&r=g\",\"contentUrl\":\"https:\\\/\\\/secure.gravatar.com\\\/avatar\\\/5fa10ddc102742b9339fcb7e3486ffe59189bde4da4b5b776a3d1e83cd66f4b2?s=96&d=mm&r=g\",\"caption\":\"Michael\"},\"description\":\"Michael ist einer der Gr\u00fcnder von designenlassen.de und schreibt hier im Blog \u00fcber Weiterentwicklungen der Plattform und verschiedenste Design-Themen.\",\"sameAs\":[\"designenlassen\"],\"url\":\"https:\\\/\\\/www.designenlassen.de\\\/blog\\\/author\\\/admin\\\/\"}]}<\/script>\n<!-- \/ Yoast SEO plugin. -->","yoast_head_json":{"title":"Oh happy day - IHK N\u00fcrnberg vergibt Gr\u00fcnderpreis an designenlassen.de - designenlassen.de Blog","description":"designenlassen.de ist Preistr\u00e4ger des IHK Gr\u00fcnderpreises 2011 der IHK N\u00fcrnberg f\u00fcr Mittelfranken in der Kategorie Markterfolg und Innovation.","robots":{"index":"index","follow":"follow","max-snippet":"max-snippet:-1","max-image-preview":"max-image-preview:large","max-video-preview":"max-video-preview:-1"},"canonical":"https:\/\/www.designenlassen.de\/blog\/oh-happy-day-ihk-nurnberg-vergibt-grunderpreis-an-designenlassende\/","og_locale":"de_DE","og_type":"article","og_title":"Oh happy day - IHK N\u00fcrnberg vergibt Gr\u00fcnderpreis an designenlassen.de - designenlassen.de Blog","og_description":"designenlassen.de ist Preistr\u00e4ger des IHK Gr\u00fcnderpreises 2011 der IHK N\u00fcrnberg f\u00fcr Mittelfranken in der Kategorie Markterfolg und Innovation.","og_url":"https:\/\/www.designenlassen.de\/blog\/oh-happy-day-ihk-nurnberg-vergibt-grunderpreis-an-designenlassende\/","og_site_name":"designenlassen.de Blog","article_author":"designenlassen","article_published_time":"2011-07-18T12:27:53+00:00","article_modified_time":"2016-12-08T15:09:16+00:00","og_image":[{"url":"http:\/\/www.designenlassen.de\/blog\/wp-content\/uploads\/2011\/07\/designenlassen-gruenderpreis-ti1-300x117.jpg","type":"","width":"","height":""}],"author":"Michael","twitter_card":"summary_large_image","twitter_misc":{"Verfasst von":"Michael","Gesch\u00e4tzte Lesezeit":"1\u00a0Minute"},"schema":{"@context":"https:\/\/schema.org","@graph":[{"@type":"Article","@id":"https:\/\/www.designenlassen.de\/blog\/oh-happy-day-ihk-nurnberg-vergibt-grunderpreis-an-designenlassende\/#article","isPartOf":{"@id":"https:\/\/www.designenlassen.de\/blog\/oh-happy-day-ihk-nurnberg-vergibt-grunderpreis-an-designenlassende\/"},"author":{"name":"Michael","@id":"https:\/\/www.designenlassen.de\/blog\/#\/schema\/person\/23826c4c9da4e90bfb2ae6458e3a56f7"},"headline":"Oh happy day &#8211; IHK N\u00fcrnberg vergibt Gr\u00fcnderpreis an designenlassen.de","datePublished":"2011-07-18T12:27:53+00:00","dateModified":"2016-12-08T15:09:16+00:00","mainEntityOfPage":{"@id":"https:\/\/www.designenlassen.de\/blog\/oh-happy-day-ihk-nurnberg-vergibt-grunderpreis-an-designenlassende\/"},"wordCount":191,"commentCount":7,"image":{"@id":"https:\/\/www.designenlassen.de\/blog\/oh-happy-day-ihk-nurnberg-vergibt-grunderpreis-an-designenlassende\/#primaryimage"},"thumbnailUrl":"http:\/\/www.designenlassen.de\/blog\/wp-content\/uploads\/2011\/07\/designenlassen-gruenderpreis-ti1-300x117.jpg","inLanguage":"de","potentialAction":[{"@type":"CommentAction","name":"Comment","target":["https:\/\/www.designenlassen.de\/blog\/oh-happy-day-ihk-nurnberg-vergibt-grunderpreis-an-designenlassende\/#respond"]}]},{"@type":"WebPage","@id":"https:\/\/www.designenlassen.de\/blog\/oh-happy-day-ihk-nurnberg-vergibt-grunderpreis-an-designenlassende\/","url":"https:\/\/www.designenlassen.de\/blog\/oh-happy-day-ihk-nurnberg-vergibt-grunderpreis-an-designenlassende\/","name":"Oh happy day - IHK N\u00fcrnberg vergibt Gr\u00fcnderpreis an designenlassen.de - designenlassen.de Blog","isPartOf":{"@id":"https:\/\/www.designenlassen.de\/blog\/#website"},"primaryImageOfPage":{"@id":"https:\/\/www.designenlassen.de\/blog\/oh-happy-day-ihk-nurnberg-vergibt-grunderpreis-an-designenlassende\/#primaryimage"},"image":{"@id":"https:\/\/www.designenlassen.de\/blog\/oh-happy-day-ihk-nurnberg-vergibt-grunderpreis-an-designenlassende\/#primaryimage"},"thumbnailUrl":"http:\/\/www.designenlassen.de\/blog\/wp-content\/uploads\/2011\/07\/designenlassen-gruenderpreis-ti1-300x117.jpg","datePublished":"2011-07-18T12:27:53+00:00","dateModified":"2016-12-08T15:09:16+00:00","author":{"@id":"https:\/\/www.designenlassen.de\/blog\/#\/schema\/person\/23826c4c9da4e90bfb2ae6458e3a56f7"},"description":"designenlassen.de ist Preistr\u00e4ger des IHK Gr\u00fcnderpreises 2011 der IHK N\u00fcrnberg f\u00fcr Mittelfranken in der Kategorie Markterfolg und Innovation.","breadcrumb":{"@id":"https:\/\/www.designenlassen.de\/blog\/oh-happy-day-ihk-nurnberg-vergibt-grunderpreis-an-designenlassende\/#breadcrumb"},"inLanguage":"de","potentialAction":[{"@type":"ReadAction","target":["https:\/\/www.designenlassen.de\/blog\/oh-happy-day-ihk-nurnberg-vergibt-grunderpreis-an-designenlassende\/"]}]},{"@type":"ImageObject","inLanguage":"de","@id":"https:\/\/www.designenlassen.de\/blog\/oh-happy-day-ihk-nurnberg-vergibt-grunderpreis-an-designenlassende\/#primaryimage","url":"http:\/\/www.designenlassen.de\/blog\/wp-content\/uploads\/2011\/07\/designenlassen-gruenderpreis-ti1-300x117.jpg","contentUrl":"http:\/\/www.designenlassen.de\/blog\/wp-content\/uploads\/2011\/07\/designenlassen-gruenderpreis-ti1-300x117.jpg"},{"@type":"BreadcrumbList","@id":"https:\/\/www.designenlassen.de\/blog\/oh-happy-day-ihk-nurnberg-vergibt-grunderpreis-an-designenlassende\/#breadcrumb","itemListElement":[{"@type":"ListItem","position":1,"name":"Start","item":"https:\/\/www.designenlassen.de\/blog\/"},{"@type":"ListItem","position":2,"name":"Oh happy day &#8211; IHK N\u00fcrnberg vergibt Gr\u00fcnderpreis an designenlassen.de"}]},{"@type":"WebSite","@id":"https:\/\/www.designenlassen.de\/blog\/#website","url":"https:\/\/www.designenlassen.de\/blog\/","name":"designenlassen.de Blog","description":"Inspirationen, Tipps und Ideen f\u00fcr Designer sowie Gr\u00fcnder und Kleinbetriebe.","potentialAction":[{"@type":"SearchAction","target":{"@type":"EntryPoint","urlTemplate":"https:\/\/www.designenlassen.de\/blog\/?s={search_term_string}"},"query-input":{"@type":"PropertyValueSpecification","valueRequired":true,"valueName":"search_term_string"}}],"inLanguage":"de"},{"@type":"Person","@id":"https:\/\/www.designenlassen.de\/blog\/#\/schema\/person\/23826c4c9da4e90bfb2ae6458e3a56f7","name":"Michael","image":{"@type":"ImageObject","inLanguage":"de","@id":"https:\/\/secure.gravatar.com\/avatar\/5fa10ddc102742b9339fcb7e3486ffe59189bde4da4b5b776a3d1e83cd66f4b2?s=96&d=mm&r=g","url":"https:\/\/secure.gravatar.com\/avatar\/5fa10ddc102742b9339fcb7e3486ffe59189bde4da4b5b776a3d1e83cd66f4b2?s=96&d=mm&r=g","contentUrl":"https:\/\/secure.gravatar.com\/avatar\/5fa10ddc102742b9339fcb7e3486ffe59189bde4da4b5b776a3d1e83cd66f4b2?s=96&d=mm&r=g","caption":"Michael"},"description":"Michael ist einer der Gr\u00fcnder von designenlassen.de und schreibt hier im Blog \u00fcber Weiterentwicklungen der Plattform und verschiedenste Design-Themen.","sameAs":["designenlassen"],"url":"https:\/\/www.designenlassen.de\/blog\/author\/admin\/"}]}},"_links":{"self":[{"href":"https:\/\/www.designenlassen.de\/blog\/wp-json\/wp\/v2\/posts\/572","targetHints":{"allow":["GET"]}}],"collection":[{"href":"https:\/\/www.designenlassen.de\/blog\/wp-json\/wp\/v2\/posts"}],"about":[{"href":"https:\/\/www.designenlassen.de\/blog\/wp-json\/wp\/v2\/types\/post"}],"author":[{"embeddable":true,"href":"https:\/\/www.designenlassen.de\/blog\/wp-json\/wp\/v2\/users\/1"}],"replies":[{"embeddable":true,"href":"https:\/\/www.designenlassen.de\/blog\/wp-json\/wp\/v2\/comments?post=572"}],"version-history":[{"count":16,"href":"https:\/\/www.designenlassen.de\/blog\/wp-json\/wp\/v2\/posts\/572\/revisions"}],"predecessor-version":[{"id":23270,"href":"https:\/\/www.designenlassen.de\/blog\/wp-json\/wp\/v2\/posts\/572\/revisions\/23270"}],"wp:attachment":[{"href":"https:\/\/www.designenlassen.de\/blog\/wp-json\/wp\/v2\/media?parent=572"}],"wp:term":[{"taxonomy":"category","embeddable":true,"href":"https:\/\/www.designenlassen.de\/blog\/wp-json\/wp\/v2\/categories?post=572"},{"taxonomy":"post_tag","embeddable":true,"href":"https:\/\/www.designenlassen.de\/blog\/wp-json\/wp\/v2\/tags?post=572"}],"curies":[{"name":"wp","href":"https:\/\/api.w.org\/{rel}","templated":true}]}}