{"id":5834,"date":"2015-11-09T15:41:56","date_gmt":"2015-11-09T13:41:56","guid":{"rendered":"http:\/\/www.designenlassen.de\/blog\/?p=5834"},"modified":"2018-04-23T13:38:46","modified_gmt":"2018-04-23T11:38:46","slug":"5-tipps-zur-gestaltung-deiner-facebook-unternehmensseite","status":"publish","type":"post","link":"https:\/\/www.designenlassen.de\/blog\/5-tipps-zur-gestaltung-deiner-facebook-unternehmensseite\/","title":{"rendered":"5 Tipps zur Gestaltung Deiner facebook-Unternehmensseite"},"content":{"rendered":"<p><span style=\"font-weight: 400;\">\u201cWir sind jetzt auch auf facebook\u201d verk\u00fcnden viele Unternehmen, wenn sie es geschafft haben, beim gr\u00f6\u00dften Sozialen Netzwerk der Welt eine Fanpage einzurichten. Doch damit wird dann meist auch schon der Aspekt \u201cSocial Media Marketing\u201d abgehakt und zum wichtigeren Tagesgesch\u00e4ft \u00fcbergegangen. Doch tats\u00e4chlich steckt hinter facebook-Marketing mehr als nur die Anmeldung Deiner Firmenseite. Vor allem Einsteiger sollten zumindest ein paar Regeln beachten, damit ihr Auftritt im Social Web erfolgreicher wird. Um Dir den Einstieg zu erleichtern, haben wir hier 5 Tipps zur Gestaltung Deiner facebook-Unternehmensseite zusammengestellt.<\/span><\/p>\n<p><!--more--><\/p>\n<p><span style=\"font-weight: 400;\"><img fetchpriority=\"high\" decoding=\"async\" class=\"size-full wp-image-5967 alignleft\" src=\"http:\/\/www.designenlassen.de\/blog\/wp-content\/uploads\/2015\/11\/Fotolia_65329314_XS.jpg\" alt=\"Like Background\" width=\"385\" height=\"312\" srcset=\"https:\/\/www.designenlassen.de\/blog\/wp-content\/uploads\/2015\/11\/Fotolia_65329314_XS.jpg 385w, https:\/\/www.designenlassen.de\/blog\/wp-content\/uploads\/2015\/11\/Fotolia_65329314_XS-300x243.jpg 300w\" sizes=\"(max-width: 385px) 100vw, 385px\" \/>Bevor es losgeht, noch ein paar Anmerkungen zu facebook: Deine Website ist das prim\u00e4re Aush\u00e4ngeschild Deines Unternehmens im Netz, dem Du besondere Sorgfalt bei der Pflege und Unterhaltung zukommen lassen solltest. Doch hast Du mit Social Media die M\u00f6glichkeit, die Au\u00dfendarstellung Deines Unternehmens zu optimieren und zugleich eine sehr gro\u00dfe Markenreichweite aufzubauen. Wenn Du Dich jetzt fragst \u201cWas, ich bin doch keine Marke?\u201d, k\u00f6nnen wir Dir antworten: \u201cDoch, sehr wohl!\u201d. Denn auch wenn Dein Unternehmensname nicht als Marke registriert ist, kann schon allein auch Deine URL zur \u201cMarke\u201d f\u00fcr Deine Firma werden. Du merkst das zum Beispiel, wenn Du in einem Webanalyse-Tool siehst, dass Nutzer Deine Webadresse bei Google eingeben, um auf Deiner Seite zu landen.<br \/>\n<\/span><\/p>\n<p><span style=\"font-weight: 400;\">Portale wie facebook k\u00f6nnen Dich dabei unterst\u00fctzen, sowohl mehr Besucher als auch mehr Bekanntheit f\u00fcr Deine Website, also Marke, zu erhalten. facebook bietet Dir den Vorteil, dass es f\u00fcr viele verschiedene Zwecke genutzt werden kann und sowohl f\u00fcr das Customer-Relationship-Management im B2B- als auch f\u00fcr den B2C-Bereich eingesetzt werden kann. Dar\u00fcber hinaus kannst Du Deine facebook-Seite auch als direkten Customer-Touch-Point betrachten, der Deinen Kunden eine Alternative zu Telefon oder Mail und zudem eine Plattform bietet, wo sie direkt ihre Meinung \u00e4u\u00dfern k\u00f6nnen. Mit einer Firmenseite im gr\u00f6\u00dften Sozialen Netzwerk der Welt hast Du theoretisch die Chance, mehr als ein F\u00fcnftel der Erdbev\u00f6lkerung als \u201cFan\u201d und potentiellen K\u00e4ufer oder Interessenten f\u00fcr Dein Unternehmen zu gewinnen. <\/span><\/p>\n<p><span style=\"font-weight: 400;\">Voraussetzung f\u00fcr Erfolg auf facebook ist ein ordentliches Profil. Also, genug der Theorie und Vor\u00fcberlegung: starten wir los!<\/span><\/p>\n<h2>#1: Setz Dich in Szene &#8211; Bilder<\/h2>\n<p><span style=\"font-weight: 400;\">Vorhang auf f\u00fcr Dein Unternehmen! Du hast die einmalige Chance, Dich mit Bildern und Text genauso darzustellen, wie Du es m\u00f6chtest. Zwei zentrale Grafiken, die Headergrafik, auch Titelbild genannt, sowie das Profilbild ben\u00f6tigst Du f\u00fcr den Anfang. W\u00e4hrend Du das Headerbild als gro\u00dfen Eyecatcher nutzen kannst, der Emotionen bei Deinen Followern oder zuk\u00fcnftigen Followern weckt, ist das Profilbild eine Art \u201coffizielles Badge\u201d, das Dein Corporate Design, Dein Logo oder Deinen Firmennamen wiedergibt. Hier findest Du drei Beispiele f\u00fcr gro\u00dfe Online-Shops, die das Thema Grafik jeweils unterschiedlich gel\u00f6st haben:<\/span><\/p>\n<ol>\n<li><a href=\"https:\/\/www.facebook.com\/Otto\/?fref=ts\" target=\"_blank\" rel=\"noopener\"><span style=\"font-weight: 400;\">otto.de<\/span><\/a><span style=\"font-weight: 400;\">: Der Versandh\u00e4ndler OTTO arbeitet lediglich mit einem gro\u00dfen Bild, auf dem zwei Menschen abgebildet sind. Dadurch soll vermutlich N\u00e4he und Nat\u00fcrlichkeit geschaffen werden. Das Branding \u00fcbernimmt lediglich das Profilbild.<a href=\"http:\/\/www.designenlassen.de\/blog\/wp-content\/uploads\/2015\/11\/OTTO_Header.png\" data-rel=\"penci-gallery-image-content\" ><img decoding=\"async\" class=\"aligncenter size-full wp-image-5835\" src=\"http:\/\/www.designenlassen.de\/blog\/wp-content\/uploads\/2015\/11\/OTTO_Header.png\" alt=\"OTTO_Header\" width=\"979\" height=\"359\" srcset=\"https:\/\/www.designenlassen.de\/blog\/wp-content\/uploads\/2015\/11\/OTTO_Header.png 979w, https:\/\/www.designenlassen.de\/blog\/wp-content\/uploads\/2015\/11\/OTTO_Header-300x110.png 300w\" sizes=\"(max-width: 979px) 100vw, 979px\" \/><br \/>\n<\/a><\/span><\/li>\n<li><a href=\"https:\/\/www.facebook.com\/hornbach.de\/?fref=ts\" target=\"_blank\" rel=\"noopener\"><span style=\"font-weight: 400;\">Hornbach<\/span><\/a><span style=\"font-weight: 400;\">: Der Baumarkt Hornbach greift in seinem Header den Claim sowie das Motiv der aktuellen Marketingkampagne auf. Als Profilbild fungiert das Logo des Baumarkts, ohne Text.<a href=\"http:\/\/www.designenlassen.de\/blog\/wp-content\/uploads\/2015\/11\/HORNBACH_Header.png\" data-rel=\"penci-gallery-image-content\" ><img decoding=\"async\" class=\"aligncenter size-full wp-image-5836\" src=\"http:\/\/www.designenlassen.de\/blog\/wp-content\/uploads\/2015\/11\/HORNBACH_Header.png\" alt=\"HORNBACH_Header\" width=\"981\" height=\"362\" srcset=\"https:\/\/www.designenlassen.de\/blog\/wp-content\/uploads\/2015\/11\/HORNBACH_Header.png 981w, https:\/\/www.designenlassen.de\/blog\/wp-content\/uploads\/2015\/11\/HORNBACH_Header-300x111.png 300w\" sizes=\"(max-width: 981px) 100vw, 981px\" \/><br \/>\n<\/a><\/span><\/li>\n<li><a href=\"https:\/\/www.facebook.com\/Bundesregierung\/?fref=ts\" target=\"_blank\" rel=\"noopener\"><span style=\"font-weight: 400;\">Bundesregierung<\/span><\/a><span style=\"font-weight: 400;\">: Die Bundesregierung arbeitet mit einem zentralen Geb\u00e4ude, dem Kanzleramt. Als Profilbild fungiert der Bundesadler, kombiniert mit den Landesfarben.<a href=\"http:\/\/www.designenlassen.de\/blog\/wp-content\/uploads\/2015\/11\/Bundesregierung_Header.png\" data-rel=\"penci-gallery-image-content\" ><img loading=\"lazy\" decoding=\"async\" class=\"aligncenter size-full wp-image-5837\" src=\"http:\/\/www.designenlassen.de\/blog\/wp-content\/uploads\/2015\/11\/Bundesregierung_Header.png\" alt=\"Bundesregierung_Header\" width=\"980\" height=\"362\" srcset=\"https:\/\/www.designenlassen.de\/blog\/wp-content\/uploads\/2015\/11\/Bundesregierung_Header.png 980w, https:\/\/www.designenlassen.de\/blog\/wp-content\/uploads\/2015\/11\/Bundesregierung_Header-300x111.png 300w\" sizes=\"(max-width: 980px) 100vw, 980px\" \/><\/a><\/span><\/li>\n<\/ol>\n<p><span style=\"font-weight: 400;\">Was ergibt sich aus diesen Beispielen? Du kannst als Headgrafiken zum Beispiel einen Einblick oder eine Au\u00dfenaufnahme Deiner Filiale verwenden. Als Online-Shop hast Du die M\u00f6glichkeit, auf aktuelle Kampagnen oder auch auf Deine Produkt zu verweisen. Je nachdem, welches aktuelle Marketingziel Du verfolgst, kannst Du Deine Titelbilder nat\u00fcrlich variieren. <\/span><\/p>\n<p><span style=\"font-weight: 400;\">Es ist immer m\u00f6glich, dort auch Text zu platzieren. Allerdings musst Du dann aufpassen, dass der Text im Zusammenspiel mit dem Titel Deiner Seite sowie dem Profilbild nicht st\u00f6rend wirkt. <\/span><\/p>\n<p><span style=\"font-weight: 400;\">Tipps f\u00fcr Deine Grafiken:<\/span><\/p>\n<ul>\n<li style=\"font-weight: 400;\"><span style=\"font-weight: 400;\">Titelbild: Empfehlenswert ist hier eine Bildgr\u00f6\u00dfe von 820 x 310 Pixeln, im JPEG oder PNG-Format, wenn Textelemente verwendet werden; Motiv mit Bezug zu Deinem Unternehmen, m\u00f6glichst Emotionen weckend.<\/span><\/li>\n<li style=\"font-weight: 400;\"><span style=\"font-weight: 400;\">Profilbild: Verwende hier eine Grafik mit den Abmessungen 180 x 180 Pixel; Logo mit Firmenname oder Slogan, der den offiziellen Charakter Deiner Seite unterstreicht. Bedenke, dass Dein Profilbild auch verwendet wird, wenn Du facebook-Postings kommentierst. <\/span><\/li>\n<\/ul>\n<h2>#2: Setz Dich in Szene &#8211; Text<\/h2>\n<p><span style=\"font-weight: 400;\">Auch wenn es auf den ersten Blick nicht viel Text auf einer facebook-Seite zu geben scheint, solltest Du dich dennoch darum k\u00fcmmern. Folgende Elemente kannst Du bearbeiten, wenn Du Deine Seite anlegst:<\/span><\/p>\n<ul>\n<li style=\"font-weight: 400;\"><span style=\"font-weight: 400;\">Kategorie: W\u00e4hle hier die Kategorie, die am besten zu Deinem Unternehmen passt. Oft bietet facebook hier nicht immer die exakt passende Kategorie an.<\/span><\/li>\n<li style=\"font-weight: 400;\"><span style=\"font-weight: 400;\">Kurze Beschreibung: Hier solltest Du in wenigen Worten zusammenfassen, was Dein Unternehmen ausmacht. Diese Beschreibung erscheint \u00fcbrigens auch in den Google-Suchergebnissen, wenn jemand nach Deinem Firmennamen+facebook sucht.<\/span><\/li>\n<\/ul>\n<p>Beispiel:<\/p>\n<p><a href=\"http:\/\/www.designenlassen.de\/blog\/wp-content\/uploads\/2015\/11\/Askmen_Anzeige.png\" data-rel=\"penci-gallery-image-content\" ><img loading=\"lazy\" decoding=\"async\" class=\"aligncenter size-full wp-image-5838\" src=\"http:\/\/www.designenlassen.de\/blog\/wp-content\/uploads\/2015\/11\/Askmen_Anzeige.png\" alt=\"Askmen_Anzeige\" width=\"475\" height=\"73\" srcset=\"https:\/\/www.designenlassen.de\/blog\/wp-content\/uploads\/2015\/11\/Askmen_Anzeige.png 475w, https:\/\/www.designenlassen.de\/blog\/wp-content\/uploads\/2015\/11\/Askmen_Anzeige-300x46.png 300w\" sizes=\"(max-width: 475px) 100vw, 475px\" \/><\/a><\/p>\n<ul>\n<li style=\"font-weight: 400;\"><span style=\"font-weight: 400;\">Impressum: Dieser Aspekt wird h\u00e4ufig von Webmastern vergessen, wenn sie eine facebook-Unternehmensseite anlegen. Hier solltest Du aber unbedingt Deine Firmenanschrift sowie Kontaktdaten hinterlegen. So verhinderst Du Abmahnungen!<\/span><\/li>\n<li style=\"font-weight: 400;\"><span style=\"font-weight: 400;\">Ausf\u00fchrliche Beschreibung: Hier kannst Du Dein Gesch\u00e4ft, Deine Dienstleistung, kurz: DEIN Unternehmen so ausf\u00fchrlich beschreiben, wie Du m\u00f6chtest. Gerade bei Firmen, die noch nicht so bekannt sind, wird diese Beschreibung h\u00e4ufiger gelesen. Verwende bitte auch eine andere Beschreibung als auf Deiner Website (falls vorhanden) um doppelte Inhalte zu vermeiden. Schlie\u00dflich ist ja auch Deine facebook-Seite ein Aush\u00e4ngeschild, bei dem Du Dir M\u00fche geben solltest. Es versteht sich eigentlich von selbst, aber verwende in der Beschreibung wie auch sonst genau die Daten oder Datumsangaben, die auch auf Deiner Website zu finden sind. Denn sonst kannst Du schnell unglaubw\u00fcrdig wirken.<\/span><\/li>\n<\/ul>\n<h2>#3: Corporate Design beachten<\/h2>\n<p><span style=\"font-weight: 400;\">Wenn Du bereits ein eigenes Corporate Design verwendest, solltest Du das auch bei Deiner facebook-Seite umsetzen. So haben Deine Nutzer eine Wiedererkennungswert und sch\u00f6pfen vermutlich mehr Vertrauen in Deine facebook-Aktivit\u00e4ten. Zudem ist Deine facebook-Firmenseite gleich als offizielle Seite Deines Unternehmens erkennbar. Verwende Dein Logo als Profilbild oder arbeite auch beim Posten mit Deinen Slogans.<\/span><\/p>\n<p><span style=\"font-weight: 400;\">An diesem Beispiel der <\/span><a href=\"https:\/\/www.facebook.com\/deutschepost\/?fref=ts\" target=\"_blank\" rel=\"noopener\"><span style=\"font-weight: 400;\">Deutsche-Post-facebook-Seite<\/span><\/a><span style=\"font-weight: 400;\"> kannst Du sehen, wie das Corporate Design auch in der farblichen Gestaltung der Header-Grafik sehr konsequent umgesetzt wurde.<\/span><\/p>\n<p><a href=\"http:\/\/www.designenlassen.de\/blog\/wp-content\/uploads\/2015\/11\/Deutsche-Post_Header.png\" data-rel=\"penci-gallery-image-content\" ><img loading=\"lazy\" decoding=\"async\" class=\"aligncenter size-full wp-image-5839\" src=\"http:\/\/www.designenlassen.de\/blog\/wp-content\/uploads\/2015\/11\/Deutsche-Post_Header.png\" alt=\"Deutsche Post_Header\" width=\"982\" height=\"362\" srcset=\"https:\/\/www.designenlassen.de\/blog\/wp-content\/uploads\/2015\/11\/Deutsche-Post_Header.png 982w, https:\/\/www.designenlassen.de\/blog\/wp-content\/uploads\/2015\/11\/Deutsche-Post_Header-300x111.png 300w\" sizes=\"(max-width: 982px) 100vw, 982px\" \/><\/a><\/p>\n<h2>#4: Mit Mehrwert posten<\/h2>\n<p><span style=\"font-weight: 400;\">Der gute alte Mehrwert ist auch in den Sozialen Netzwerken zuhause\u2026 Deshalb solltest Du nicht wild drauf los posten. Bedenke, dass Deine User vermutlich mehreren facebook-Seiten folgen. Wenn Sie nun min\u00fctlich von Nachrichten \u00fcberflutet werden, sind sie bald mehr genervt als angetan von Deinen Inhalten. Bedenke au\u00dferdem, dass die Interaktionsrate Deiner Postings u.a. dar\u00fcber entscheidet, ob Deine Posts \u00fcberhaupt in der Timeline Deiner Follower erscheinen. Im optimalen Fall enth\u00e4lt der Post einen Mehrwert, den der User gerne kommentiert oder mit anderen teilt. <\/span><\/p>\n<p><span style=\"font-weight: 400;\">Was kann ein solcher Mehrwert sein?<\/span><\/p>\n<ul>\n<li style=\"font-weight: 400;\"><span style=\"font-weight: 400;\">ein Gewinnspiel mit attraktiven Preisen<\/span><\/li>\n<li style=\"font-weight: 400;\"><span style=\"font-weight: 400;\">eine wichtige Unternehmensmeldung, die auch f\u00fcr Aktion\u00e4re oder Teilhaber wichtig ist<\/span><\/li>\n<li style=\"font-weight: 400;\"><span style=\"font-weight: 400;\">eine Erfolgsmeldung \u00fcber ein neu entwickeltes Produkt<\/span><\/li>\n<li style=\"font-weight: 400;\"><span style=\"font-weight: 400;\">eine neue Dienstleistung, die es nur bei Dir gibt<\/span><\/li>\n<li style=\"font-weight: 400;\"><span style=\"font-weight: 400;\">Infografiken<\/span><\/li>\n<li style=\"font-weight: 400;\"><span style=\"font-weight: 400;\">ein neuer Artikel aus Deinem Corporate Blog<\/span><\/li>\n<li style=\"font-weight: 400;\"><span style=\"font-weight: 400;\">neue Produktbilder<\/span><\/li>\n<\/ul>\n<p><span style=\"font-weight: 400;\">Gerade Bilder sind wichtige Elemente Deiner facebook-Posts. Sie regen die Nutzer an zum Teilen oder zum Kommentieren, da sie Emotionen wecken. Achte darauf, dass Du nur hochwertige Bilder auf facebook teilst. Zum Durchklicken bieten sich \u00fcbrigens auch Galerien an, die Du auf facebook anlegen kannst.<\/span><\/p>\n<p><a href=\"http:\/\/www.designenlassen.de\/blog\/wp-content\/uploads\/2015\/11\/Zalando_Post.png\" data-rel=\"penci-gallery-image-content\" ><img loading=\"lazy\" decoding=\"async\" class=\"size-full wp-image-5840 alignnone\" src=\"http:\/\/www.designenlassen.de\/blog\/wp-content\/uploads\/2015\/11\/Zalando_Post.png\" alt=\"Zalando_Post\" width=\"379\" height=\"469\" srcset=\"https:\/\/www.designenlassen.de\/blog\/wp-content\/uploads\/2015\/11\/Zalando_Post.png 379w, https:\/\/www.designenlassen.de\/blog\/wp-content\/uploads\/2015\/11\/Zalando_Post-242x300.png 242w\" sizes=\"(max-width: 379px) 100vw, 379px\" \/><\/a><\/p>\n<p><span style=\"font-weight: 400;\">An diesem Beispiel von der <\/span><a href=\"https:\/\/www.facebook.com\/zalando\/?fref=ts\" target=\"_blank\" rel=\"noopener\"><span style=\"font-weight: 400;\">Zalando-facebook-Seite<\/span><\/a><span style=\"font-weight: 400;\"> wird ein neues Produkt pr\u00e4sentiert. Zugleich verweist je ein Link auf eine aktuelle Kampagne sowie in den Shop.<\/span><\/p>\n<h2>#5: Den Account nicht verwaisen lassen<\/h2>\n<p><span style=\"font-weight: 400;\">Ein sehr wichtiger Punkt, der h\u00e4ufig vergessen wird. Denn alle Tipps zur Gestaltung Deiner facebook-Seite werden nichts n\u00fctzen, wenn Du oder Deine Marketing-Abteilung nicht am Ball bleiben. User merken schnell, wenn ein Account nicht mehr regelm\u00e4\u00dfig mit Informationen gef\u00fcllt wird. <\/span><\/p>\n<p><b>Tipp<\/b><span style=\"font-weight: 400;\">: Tausche Deine Headergrafiken regelm\u00e4\u00dfig aus. So kannst Du auf Sortiments\u00e4nderungen oder Kampagnen eingehen. Zugleich h\u00e4ltst Du Deinen Account aktuell. Wir tauschen bei der <a href=\"https:\/\/www.facebook.com\/designenlassen\" target=\"_blank\" rel=\"noopener\">designenlassen.de Facebook-Seite<\/a> beispielsweise unseren Header monatlich. Du kannst \u00fcbrigens schon ab\u00a0<\/span><\/p>\n<p><span style=\"font-weight: 400;\">Poste, wenn m\u00f6glich mindestens drei bis vier Mal pro Woche und sprich Deine Follower auch an. Sobald Reaktionen in Form von Kommentaren kommen, solltest Du schnell, d.h. innerhalb weniger Stunden, reagieren. Auch Kritik solltest Du konstruktiv begegnen und kritische Stimmen nicht gleich \u201cabb\u00fcgeln\u201d oder die Kommentare l\u00f6schen. Auf diese Weise zeigst Du, dass Dir Deine Follower wichtig sind und Du auch hinter dem stehst, was Du tust!<\/span><\/p>\n<p><span style=\"font-weight: 400;\">Das waren unsere f\u00fcnf Basis-Tipps zur Gestaltung Deiner facebook-Firmenseite. Wir w\u00fcnschen Dir viel Erfolg in den Sozialen Netzwerken! Hast Du noch weitere Tipps, die wir hier vergessen haben? Dann freuen wir uns auf Deinen Kommentar.<\/span><\/p>\n<div class=\"sof\">\n<h2>Du ben\u00f6tigst ein Social Media Design?<\/h2>\n<p>Starte einen eigenen Designwettbewerb auf designenlassen.de und erhalte zahlreiche individuelle Vorschl\u00e4ge von unterschiedlichen Designern. Kein Risiko durch Preisgeld-zur\u00fcck-Garantie.<br \/>\n<a class=\"btn aktion1\" href=\"https:\/\/www.designenlassen.de\/start\/\">Jetzt starten<\/a><a class=\"btn aktion2\" href=\"https:\/\/www.designenlassen.de\/tour\">Mehr erfahren<\/a><\/p>\n<\/div>\n<p>&nbsp;<\/p>\n","protected":false},"excerpt":{"rendered":"<p>\u201cWir sind jetzt auch auf facebook\u201d verk\u00fcnden viele Unternehmen, wenn sie es geschafft haben, beim gr\u00f6\u00dften&hellip;<\/p>\n","protected":false},"author":1,"featured_media":5967,"comment_status":"open","ping_status":"open","sticky":false,"template":"","format":"standard","meta":{"_lmt_disableupdate":"","_lmt_disable":"","footnotes":""},"categories":[18],"tags":[],"class_list":["post-5834","post","type-post","status-publish","format-standard","has-post-thumbnail","hentry","category-design-know-how"],"yoast_head":"<!-- This site is optimized with the Yoast SEO plugin v27.5 - https:\/\/yoast.com\/product\/yoast-seo-wordpress\/ -->\n<title>5 Tipps zur Gestaltung Deiner facebook-Unternehmensseite - designenlassen.de Blog<\/title>\n<meta name=\"robots\" content=\"index, follow, max-snippet:-1, max-image-preview:large, max-video-preview:-1\" \/>\n<link rel=\"canonical\" href=\"https:\/\/www.designenlassen.de\/blog\/5-tipps-zur-gestaltung-deiner-facebook-unternehmensseite\/\" \/>\n<meta property=\"og:locale\" content=\"de_DE\" \/>\n<meta property=\"og:type\" content=\"article\" \/>\n<meta property=\"og:title\" content=\"5 Tipps zur Gestaltung Deiner facebook-Unternehmensseite - designenlassen.de Blog\" \/>\n<meta property=\"og:description\" content=\"\u201cWir sind jetzt auch auf facebook\u201d verk\u00fcnden viele Unternehmen, wenn sie es geschafft haben, beim gr\u00f6\u00dften&hellip;\" \/>\n<meta property=\"og:url\" content=\"https:\/\/www.designenlassen.de\/blog\/5-tipps-zur-gestaltung-deiner-facebook-unternehmensseite\/\" \/>\n<meta property=\"og:site_name\" content=\"designenlassen.de Blog\" \/>\n<meta property=\"article:author\" content=\"designenlassen\" \/>\n<meta property=\"article:published_time\" content=\"2015-11-09T13:41:56+00:00\" \/>\n<meta property=\"article:modified_time\" content=\"2018-04-23T11:38:46+00:00\" \/>\n<meta property=\"og:image\" content=\"https:\/\/www.designenlassen.de\/blog\/wp-content\/uploads\/2015\/11\/Fotolia_65329314_XS.jpg\" \/>\n\t<meta property=\"og:image:width\" content=\"385\" \/>\n\t<meta property=\"og:image:height\" content=\"312\" \/>\n\t<meta property=\"og:image:type\" content=\"image\/jpeg\" \/>\n<meta name=\"author\" content=\"Michael\" \/>\n<meta name=\"twitter:card\" content=\"summary_large_image\" \/>\n<meta name=\"twitter:label1\" content=\"Verfasst von\" \/>\n\t<meta name=\"twitter:data1\" content=\"Michael\" \/>\n\t<meta name=\"twitter:label2\" content=\"Gesch\u00e4tzte Lesezeit\" \/>\n\t<meta name=\"twitter:data2\" content=\"7\u00a0Minuten\" \/>\n<script type=\"application\/ld+json\" class=\"yoast-schema-graph\">{\"@context\":\"https:\\\/\\\/schema.org\",\"@graph\":[{\"@type\":\"Article\",\"@id\":\"https:\\\/\\\/www.designenlassen.de\\\/blog\\\/5-tipps-zur-gestaltung-deiner-facebook-unternehmensseite\\\/#article\",\"isPartOf\":{\"@id\":\"https:\\\/\\\/www.designenlassen.de\\\/blog\\\/5-tipps-zur-gestaltung-deiner-facebook-unternehmensseite\\\/\"},\"author\":{\"name\":\"Michael\",\"@id\":\"https:\\\/\\\/www.designenlassen.de\\\/blog\\\/#\\\/schema\\\/person\\\/23826c4c9da4e90bfb2ae6458e3a56f7\"},\"headline\":\"5 Tipps zur Gestaltung Deiner facebook-Unternehmensseite\",\"datePublished\":\"2015-11-09T13:41:56+00:00\",\"dateModified\":\"2018-04-23T11:38:46+00:00\",\"mainEntityOfPage\":{\"@id\":\"https:\\\/\\\/www.designenlassen.de\\\/blog\\\/5-tipps-zur-gestaltung-deiner-facebook-unternehmensseite\\\/\"},\"wordCount\":1450,\"commentCount\":0,\"image\":{\"@id\":\"https:\\\/\\\/www.designenlassen.de\\\/blog\\\/5-tipps-zur-gestaltung-deiner-facebook-unternehmensseite\\\/#primaryimage\"},\"thumbnailUrl\":\"https:\\\/\\\/www.designenlassen.de\\\/blog\\\/wp-content\\\/uploads\\\/2015\\\/11\\\/Fotolia_65329314_XS.jpg\",\"articleSection\":[\"Design Know How\"],\"inLanguage\":\"de\",\"potentialAction\":[{\"@type\":\"CommentAction\",\"name\":\"Comment\",\"target\":[\"https:\\\/\\\/www.designenlassen.de\\\/blog\\\/5-tipps-zur-gestaltung-deiner-facebook-unternehmensseite\\\/#respond\"]}]},{\"@type\":\"WebPage\",\"@id\":\"https:\\\/\\\/www.designenlassen.de\\\/blog\\\/5-tipps-zur-gestaltung-deiner-facebook-unternehmensseite\\\/\",\"url\":\"https:\\\/\\\/www.designenlassen.de\\\/blog\\\/5-tipps-zur-gestaltung-deiner-facebook-unternehmensseite\\\/\",\"name\":\"5 Tipps zur Gestaltung Deiner facebook-Unternehmensseite - designenlassen.de Blog\",\"isPartOf\":{\"@id\":\"https:\\\/\\\/www.designenlassen.de\\\/blog\\\/#website\"},\"primaryImageOfPage\":{\"@id\":\"https:\\\/\\\/www.designenlassen.de\\\/blog\\\/5-tipps-zur-gestaltung-deiner-facebook-unternehmensseite\\\/#primaryimage\"},\"image\":{\"@id\":\"https:\\\/\\\/www.designenlassen.de\\\/blog\\\/5-tipps-zur-gestaltung-deiner-facebook-unternehmensseite\\\/#primaryimage\"},\"thumbnailUrl\":\"https:\\\/\\\/www.designenlassen.de\\\/blog\\\/wp-content\\\/uploads\\\/2015\\\/11\\\/Fotolia_65329314_XS.jpg\",\"datePublished\":\"2015-11-09T13:41:56+00:00\",\"dateModified\":\"2018-04-23T11:38:46+00:00\",\"author\":{\"@id\":\"https:\\\/\\\/www.designenlassen.de\\\/blog\\\/#\\\/schema\\\/person\\\/23826c4c9da4e90bfb2ae6458e3a56f7\"},\"breadcrumb\":{\"@id\":\"https:\\\/\\\/www.designenlassen.de\\\/blog\\\/5-tipps-zur-gestaltung-deiner-facebook-unternehmensseite\\\/#breadcrumb\"},\"inLanguage\":\"de\",\"potentialAction\":[{\"@type\":\"ReadAction\",\"target\":[\"https:\\\/\\\/www.designenlassen.de\\\/blog\\\/5-tipps-zur-gestaltung-deiner-facebook-unternehmensseite\\\/\"]}]},{\"@type\":\"ImageObject\",\"inLanguage\":\"de\",\"@id\":\"https:\\\/\\\/www.designenlassen.de\\\/blog\\\/5-tipps-zur-gestaltung-deiner-facebook-unternehmensseite\\\/#primaryimage\",\"url\":\"https:\\\/\\\/www.designenlassen.de\\\/blog\\\/wp-content\\\/uploads\\\/2015\\\/11\\\/Fotolia_65329314_XS.jpg\",\"contentUrl\":\"https:\\\/\\\/www.designenlassen.de\\\/blog\\\/wp-content\\\/uploads\\\/2015\\\/11\\\/Fotolia_65329314_XS.jpg\",\"width\":385,\"height\":312},{\"@type\":\"BreadcrumbList\",\"@id\":\"https:\\\/\\\/www.designenlassen.de\\\/blog\\\/5-tipps-zur-gestaltung-deiner-facebook-unternehmensseite\\\/#breadcrumb\",\"itemListElement\":[{\"@type\":\"ListItem\",\"position\":1,\"name\":\"Start\",\"item\":\"https:\\\/\\\/www.designenlassen.de\\\/blog\\\/\"},{\"@type\":\"ListItem\",\"position\":2,\"name\":\"5 Tipps zur Gestaltung Deiner facebook-Unternehmensseite\"}]},{\"@type\":\"WebSite\",\"@id\":\"https:\\\/\\\/www.designenlassen.de\\\/blog\\\/#website\",\"url\":\"https:\\\/\\\/www.designenlassen.de\\\/blog\\\/\",\"name\":\"designenlassen.de Blog\",\"description\":\"Inspirationen, Tipps und Ideen f\u00fcr Designer sowie Gr\u00fcnder und Kleinbetriebe.\",\"potentialAction\":[{\"@type\":\"SearchAction\",\"target\":{\"@type\":\"EntryPoint\",\"urlTemplate\":\"https:\\\/\\\/www.designenlassen.de\\\/blog\\\/?s={search_term_string}\"},\"query-input\":{\"@type\":\"PropertyValueSpecification\",\"valueRequired\":true,\"valueName\":\"search_term_string\"}}],\"inLanguage\":\"de\"},{\"@type\":\"Person\",\"@id\":\"https:\\\/\\\/www.designenlassen.de\\\/blog\\\/#\\\/schema\\\/person\\\/23826c4c9da4e90bfb2ae6458e3a56f7\",\"name\":\"Michael\",\"image\":{\"@type\":\"ImageObject\",\"inLanguage\":\"de\",\"@id\":\"https:\\\/\\\/secure.gravatar.com\\\/avatar\\\/5fa10ddc102742b9339fcb7e3486ffe59189bde4da4b5b776a3d1e83cd66f4b2?s=96&d=mm&r=g\",\"url\":\"https:\\\/\\\/secure.gravatar.com\\\/avatar\\\/5fa10ddc102742b9339fcb7e3486ffe59189bde4da4b5b776a3d1e83cd66f4b2?s=96&d=mm&r=g\",\"contentUrl\":\"https:\\\/\\\/secure.gravatar.com\\\/avatar\\\/5fa10ddc102742b9339fcb7e3486ffe59189bde4da4b5b776a3d1e83cd66f4b2?s=96&d=mm&r=g\",\"caption\":\"Michael\"},\"description\":\"Michael ist einer der Gr\u00fcnder von designenlassen.de und schreibt hier im Blog \u00fcber Weiterentwicklungen der Plattform und verschiedenste Design-Themen.\",\"sameAs\":[\"designenlassen\"],\"url\":\"https:\\\/\\\/www.designenlassen.de\\\/blog\\\/author\\\/admin\\\/\"}]}<\/script>\n<!-- \/ Yoast SEO plugin. -->","yoast_head_json":{"title":"5 Tipps zur Gestaltung Deiner facebook-Unternehmensseite - designenlassen.de Blog","robots":{"index":"index","follow":"follow","max-snippet":"max-snippet:-1","max-image-preview":"max-image-preview:large","max-video-preview":"max-video-preview:-1"},"canonical":"https:\/\/www.designenlassen.de\/blog\/5-tipps-zur-gestaltung-deiner-facebook-unternehmensseite\/","og_locale":"de_DE","og_type":"article","og_title":"5 Tipps zur Gestaltung Deiner facebook-Unternehmensseite - designenlassen.de Blog","og_description":"\u201cWir sind jetzt auch auf facebook\u201d verk\u00fcnden viele Unternehmen, wenn sie es geschafft haben, beim gr\u00f6\u00dften&hellip;","og_url":"https:\/\/www.designenlassen.de\/blog\/5-tipps-zur-gestaltung-deiner-facebook-unternehmensseite\/","og_site_name":"designenlassen.de Blog","article_author":"designenlassen","article_published_time":"2015-11-09T13:41:56+00:00","article_modified_time":"2018-04-23T11:38:46+00:00","og_image":[{"width":385,"height":312,"url":"https:\/\/www.designenlassen.de\/blog\/wp-content\/uploads\/2015\/11\/Fotolia_65329314_XS.jpg","type":"image\/jpeg"}],"author":"Michael","twitter_card":"summary_large_image","twitter_misc":{"Verfasst von":"Michael","Gesch\u00e4tzte Lesezeit":"7\u00a0Minuten"},"schema":{"@context":"https:\/\/schema.org","@graph":[{"@type":"Article","@id":"https:\/\/www.designenlassen.de\/blog\/5-tipps-zur-gestaltung-deiner-facebook-unternehmensseite\/#article","isPartOf":{"@id":"https:\/\/www.designenlassen.de\/blog\/5-tipps-zur-gestaltung-deiner-facebook-unternehmensseite\/"},"author":{"name":"Michael","@id":"https:\/\/www.designenlassen.de\/blog\/#\/schema\/person\/23826c4c9da4e90bfb2ae6458e3a56f7"},"headline":"5 Tipps zur Gestaltung Deiner facebook-Unternehmensseite","datePublished":"2015-11-09T13:41:56+00:00","dateModified":"2018-04-23T11:38:46+00:00","mainEntityOfPage":{"@id":"https:\/\/www.designenlassen.de\/blog\/5-tipps-zur-gestaltung-deiner-facebook-unternehmensseite\/"},"wordCount":1450,"commentCount":0,"image":{"@id":"https:\/\/www.designenlassen.de\/blog\/5-tipps-zur-gestaltung-deiner-facebook-unternehmensseite\/#primaryimage"},"thumbnailUrl":"https:\/\/www.designenlassen.de\/blog\/wp-content\/uploads\/2015\/11\/Fotolia_65329314_XS.jpg","articleSection":["Design Know How"],"inLanguage":"de","potentialAction":[{"@type":"CommentAction","name":"Comment","target":["https:\/\/www.designenlassen.de\/blog\/5-tipps-zur-gestaltung-deiner-facebook-unternehmensseite\/#respond"]}]},{"@type":"WebPage","@id":"https:\/\/www.designenlassen.de\/blog\/5-tipps-zur-gestaltung-deiner-facebook-unternehmensseite\/","url":"https:\/\/www.designenlassen.de\/blog\/5-tipps-zur-gestaltung-deiner-facebook-unternehmensseite\/","name":"5 Tipps zur Gestaltung Deiner facebook-Unternehmensseite - designenlassen.de Blog","isPartOf":{"@id":"https:\/\/www.designenlassen.de\/blog\/#website"},"primaryImageOfPage":{"@id":"https:\/\/www.designenlassen.de\/blog\/5-tipps-zur-gestaltung-deiner-facebook-unternehmensseite\/#primaryimage"},"image":{"@id":"https:\/\/www.designenlassen.de\/blog\/5-tipps-zur-gestaltung-deiner-facebook-unternehmensseite\/#primaryimage"},"thumbnailUrl":"https:\/\/www.designenlassen.de\/blog\/wp-content\/uploads\/2015\/11\/Fotolia_65329314_XS.jpg","datePublished":"2015-11-09T13:41:56+00:00","dateModified":"2018-04-23T11:38:46+00:00","author":{"@id":"https:\/\/www.designenlassen.de\/blog\/#\/schema\/person\/23826c4c9da4e90bfb2ae6458e3a56f7"},"breadcrumb":{"@id":"https:\/\/www.designenlassen.de\/blog\/5-tipps-zur-gestaltung-deiner-facebook-unternehmensseite\/#breadcrumb"},"inLanguage":"de","potentialAction":[{"@type":"ReadAction","target":["https:\/\/www.designenlassen.de\/blog\/5-tipps-zur-gestaltung-deiner-facebook-unternehmensseite\/"]}]},{"@type":"ImageObject","inLanguage":"de","@id":"https:\/\/www.designenlassen.de\/blog\/5-tipps-zur-gestaltung-deiner-facebook-unternehmensseite\/#primaryimage","url":"https:\/\/www.designenlassen.de\/blog\/wp-content\/uploads\/2015\/11\/Fotolia_65329314_XS.jpg","contentUrl":"https:\/\/www.designenlassen.de\/blog\/wp-content\/uploads\/2015\/11\/Fotolia_65329314_XS.jpg","width":385,"height":312},{"@type":"BreadcrumbList","@id":"https:\/\/www.designenlassen.de\/blog\/5-tipps-zur-gestaltung-deiner-facebook-unternehmensseite\/#breadcrumb","itemListElement":[{"@type":"ListItem","position":1,"name":"Start","item":"https:\/\/www.designenlassen.de\/blog\/"},{"@type":"ListItem","position":2,"name":"5 Tipps zur Gestaltung Deiner facebook-Unternehmensseite"}]},{"@type":"WebSite","@id":"https:\/\/www.designenlassen.de\/blog\/#website","url":"https:\/\/www.designenlassen.de\/blog\/","name":"designenlassen.de Blog","description":"Inspirationen, Tipps und Ideen f\u00fcr Designer sowie Gr\u00fcnder und Kleinbetriebe.","potentialAction":[{"@type":"SearchAction","target":{"@type":"EntryPoint","urlTemplate":"https:\/\/www.designenlassen.de\/blog\/?s={search_term_string}"},"query-input":{"@type":"PropertyValueSpecification","valueRequired":true,"valueName":"search_term_string"}}],"inLanguage":"de"},{"@type":"Person","@id":"https:\/\/www.designenlassen.de\/blog\/#\/schema\/person\/23826c4c9da4e90bfb2ae6458e3a56f7","name":"Michael","image":{"@type":"ImageObject","inLanguage":"de","@id":"https:\/\/secure.gravatar.com\/avatar\/5fa10ddc102742b9339fcb7e3486ffe59189bde4da4b5b776a3d1e83cd66f4b2?s=96&d=mm&r=g","url":"https:\/\/secure.gravatar.com\/avatar\/5fa10ddc102742b9339fcb7e3486ffe59189bde4da4b5b776a3d1e83cd66f4b2?s=96&d=mm&r=g","contentUrl":"https:\/\/secure.gravatar.com\/avatar\/5fa10ddc102742b9339fcb7e3486ffe59189bde4da4b5b776a3d1e83cd66f4b2?s=96&d=mm&r=g","caption":"Michael"},"description":"Michael ist einer der Gr\u00fcnder von designenlassen.de und schreibt hier im Blog \u00fcber Weiterentwicklungen der Plattform und verschiedenste Design-Themen.","sameAs":["designenlassen"],"url":"https:\/\/www.designenlassen.de\/blog\/author\/admin\/"}]}},"_links":{"self":[{"href":"https:\/\/www.designenlassen.de\/blog\/wp-json\/wp\/v2\/posts\/5834","targetHints":{"allow":["GET"]}}],"collection":[{"href":"https:\/\/www.designenlassen.de\/blog\/wp-json\/wp\/v2\/posts"}],"about":[{"href":"https:\/\/www.designenlassen.de\/blog\/wp-json\/wp\/v2\/types\/post"}],"author":[{"embeddable":true,"href":"https:\/\/www.designenlassen.de\/blog\/wp-json\/wp\/v2\/users\/1"}],"replies":[{"embeddable":true,"href":"https:\/\/www.designenlassen.de\/blog\/wp-json\/wp\/v2\/comments?post=5834"}],"version-history":[{"count":20,"href":"https:\/\/www.designenlassen.de\/blog\/wp-json\/wp\/v2\/posts\/5834\/revisions"}],"predecessor-version":[{"id":5870,"href":"https:\/\/www.designenlassen.de\/blog\/wp-json\/wp\/v2\/posts\/5834\/revisions\/5870"}],"wp:featuredmedia":[{"embeddable":true,"href":"https:\/\/www.designenlassen.de\/blog\/wp-json\/wp\/v2\/media\/5967"}],"wp:attachment":[{"href":"https:\/\/www.designenlassen.de\/blog\/wp-json\/wp\/v2\/media?parent=5834"}],"wp:term":[{"taxonomy":"category","embeddable":true,"href":"https:\/\/www.designenlassen.de\/blog\/wp-json\/wp\/v2\/categories?post=5834"},{"taxonomy":"post_tag","embeddable":true,"href":"https:\/\/www.designenlassen.de\/blog\/wp-json\/wp\/v2\/tags?post=5834"}],"curies":[{"name":"wp","href":"https:\/\/api.w.org\/{rel}","templated":true}]}}