{"id":6009,"date":"2015-12-04T10:34:45","date_gmt":"2015-12-04T08:34:45","guid":{"rendered":"http:\/\/www.designenlassen.de\/blog\/?p=6009"},"modified":"2020-09-18T14:22:37","modified_gmt":"2020-09-18T12:22:37","slug":"bauernhof-logo-design-es-muss-nicht-immer-kuh-und-ziege-sein","status":"publish","type":"post","link":"https:\/\/www.designenlassen.de\/blog\/bauernhof-logo-design-es-muss-nicht-immer-kuh-und-ziege-sein\/","title":{"rendered":"Bauernhof Logo-Design &#8211; es muss nicht immer Kuh und Ziege sein"},"content":{"rendered":"<p>Idylle und Harmonie &#8211; hier ist die Welt noch in Ordnung. Immer mehr Menschen machen Urlaub auf dem Bauernhof. Entweder um der Gro\u00dfstadt zu entfliehen und sich ein paar Tage in Ruhe zu g\u00f6nnen oder vielleicht auch um den Kleinen zu zeigen, dass eine Kuh gar nicht lila ist, wie die Werbeindustrie uns weismachen will. Ein Bauernhof-Logo findet Verwendung in verschiedenen Bereichen. Sei es der Erlebnisbauernhof, auf dem man Urlaub machen kann oder f\u00fcr einen Hofladen, der laufend frisches Obst und Gem\u00fcse zum Verkauf anbietet. Nat\u00fcrlich\u00a0muss das Logo nicht immer ein Tier enthalten. Es gibt zahlreiche Alternativen zur 08\/15-Kuh.<br \/>\nIn unserer Galerie haben wir zahlreiche kreative Bauernhof Logos f\u00fcr Dich\u00a0zusammengestellt, um Dir einen \u00dcberblick \u00fcber die verschiedenen M\u00f6glichkeiten zu verschaffen.<\/p>\n<div class=\"sof\">\n<h2>Logo-eBook &#8211; f\u00fcr Dich zum Herunterladen!<\/h2>\n<p>Mit unserem eBook erh\u00e4ltst Du alle wichtigen Informationen rund um das Thema Logo-Design und dessen Gestaltung und bist demnach perfekt f\u00fcr Dein eigenes Business vorbereitet. Klick auf den Button und lade Dir unser Logo-eBook kostenlos herunter.<br \/>\n<a class=\"btn aktion1\" href=\"https:\/\/www.designenlassen.de\/ebook-logo\">Logo-eBook erhalten<\/a><\/p>\n<\/div>\n<h2>Erlebnisbauernhof Logos<\/h2>\n<h2><img fetchpriority=\"high\" decoding=\"async\" class=\"alignnone size-full wp-image-12226\" src=\"http:\/\/www.designenlassen.de\/blog\/wp-content\/uploads\/2015\/12\/Bauernhof-Logo-Eselhof-Wetterau.jpg\" alt=\"\" width=\"800\" height=\"550\" srcset=\"https:\/\/www.designenlassen.de\/blog\/wp-content\/uploads\/2015\/12\/Bauernhof-Logo-Eselhof-Wetterau.jpg 800w, https:\/\/www.designenlassen.de\/blog\/wp-content\/uploads\/2015\/12\/Bauernhof-Logo-Eselhof-Wetterau-300x206.jpg 300w, https:\/\/www.designenlassen.de\/blog\/wp-content\/uploads\/2015\/12\/Bauernhof-Logo-Eselhof-Wetterau-768x528.jpg 768w, https:\/\/www.designenlassen.de\/blog\/wp-content\/uploads\/2015\/12\/Bauernhof-Logo-Eselhof-Wetterau-585x402.jpg 585w, https:\/\/www.designenlassen.de\/blog\/wp-content\/uploads\/2015\/12\/Bauernhof-Logo-Eselhof-Wetterau-600x413.jpg 600w\" sizes=\"(max-width: 800px) 100vw, 800px\" \/><img decoding=\"async\" class=\"alignnone size-full wp-image-12227\" src=\"http:\/\/www.designenlassen.de\/blog\/wp-content\/uploads\/2015\/12\/Eselhof-Bauernhof-Logo.jpg\" alt=\"\" width=\"338\" height=\"338\" srcset=\"https:\/\/www.designenlassen.de\/blog\/wp-content\/uploads\/2015\/12\/Eselhof-Bauernhof-Logo.jpg 338w, https:\/\/www.designenlassen.de\/blog\/wp-content\/uploads\/2015\/12\/Eselhof-Bauernhof-Logo-150x150.jpg 150w, https:\/\/www.designenlassen.de\/blog\/wp-content\/uploads\/2015\/12\/Eselhof-Bauernhof-Logo-300x300.jpg 300w\" sizes=\"(max-width: 338px) 100vw, 338px\" \/><img decoding=\"async\" class=\"alignnone size-full wp-image-12228\" src=\"http:\/\/www.designenlassen.de\/blog\/wp-content\/uploads\/2015\/12\/Erlebnisbauernhof-Logo-Design.jpg\" alt=\"\" width=\"338\" height=\"338\" srcset=\"https:\/\/www.designenlassen.de\/blog\/wp-content\/uploads\/2015\/12\/Erlebnisbauernhof-Logo-Design.jpg 338w, https:\/\/www.designenlassen.de\/blog\/wp-content\/uploads\/2015\/12\/Erlebnisbauernhof-Logo-Design-150x150.jpg 150w, https:\/\/www.designenlassen.de\/blog\/wp-content\/uploads\/2015\/12\/Erlebnisbauernhof-Logo-Design-300x300.jpg 300w\" sizes=\"(max-width: 338px) 100vw, 338px\" \/><img loading=\"lazy\" decoding=\"async\" class=\"alignnone size-full wp-image-12229\" src=\"http:\/\/www.designenlassen.de\/blog\/wp-content\/uploads\/2015\/12\/Erlebnishof-K\u00f6hne-Logo.jpg\" alt=\"\" width=\"800\" height=\"450\" srcset=\"https:\/\/www.designenlassen.de\/blog\/wp-content\/uploads\/2015\/12\/Erlebnishof-K\u00f6hne-Logo.jpg 800w, https:\/\/www.designenlassen.de\/blog\/wp-content\/uploads\/2015\/12\/Erlebnishof-K\u00f6hne-Logo-300x169.jpg 300w, https:\/\/www.designenlassen.de\/blog\/wp-content\/uploads\/2015\/12\/Erlebnishof-K\u00f6hne-Logo-768x432.jpg 768w\" sizes=\"(max-width: 800px) 100vw, 800px\" \/><img loading=\"lazy\" decoding=\"async\" class=\"alignnone size-full wp-image-12230\" src=\"http:\/\/www.designenlassen.de\/blog\/wp-content\/uploads\/2015\/12\/Ferienhof-Logo-Design.jpg\" alt=\"\" width=\"338\" height=\"338\" srcset=\"https:\/\/www.designenlassen.de\/blog\/wp-content\/uploads\/2015\/12\/Ferienhof-Logo-Design.jpg 338w, https:\/\/www.designenlassen.de\/blog\/wp-content\/uploads\/2015\/12\/Ferienhof-Logo-Design-150x150.jpg 150w, https:\/\/www.designenlassen.de\/blog\/wp-content\/uploads\/2015\/12\/Ferienhof-Logo-Design-300x300.jpg 300w\" sizes=\"(max-width: 338px) 100vw, 338px\" \/><img loading=\"lazy\" decoding=\"async\" class=\"alignnone size-full wp-image-12231\" src=\"http:\/\/www.designenlassen.de\/blog\/wp-content\/uploads\/2015\/12\/Bosselbacher-Hof-Logo-Design.jpg\" alt=\"\" width=\"338\" height=\"338\" srcset=\"https:\/\/www.designenlassen.de\/blog\/wp-content\/uploads\/2015\/12\/Bosselbacher-Hof-Logo-Design.jpg 338w, https:\/\/www.designenlassen.de\/blog\/wp-content\/uploads\/2015\/12\/Bosselbacher-Hof-Logo-Design-150x150.jpg 150w, https:\/\/www.designenlassen.de\/blog\/wp-content\/uploads\/2015\/12\/Bosselbacher-Hof-Logo-Design-300x300.jpg 300w\" sizes=\"(max-width: 338px) 100vw, 338px\" \/><\/h2>\n<h2>Klassisches Bauernhof Logo<\/h2>\n<h2><img loading=\"lazy\" decoding=\"async\" class=\"alignnone size-full wp-image-12248\" src=\"http:\/\/www.designenlassen.de\/blog\/wp-content\/uploads\/2015\/12\/Logo-Bauer-\u00d6lm\u00fchle-Weber.jpg\" alt=\"\" width=\"338\" height=\"338\" srcset=\"https:\/\/www.designenlassen.de\/blog\/wp-content\/uploads\/2015\/12\/Logo-Bauer-\u00d6lm\u00fchle-Weber.jpg 338w, https:\/\/www.designenlassen.de\/blog\/wp-content\/uploads\/2015\/12\/Logo-Bauer-\u00d6lm\u00fchle-Weber-150x150.jpg 150w, https:\/\/www.designenlassen.de\/blog\/wp-content\/uploads\/2015\/12\/Logo-Bauer-\u00d6lm\u00fchle-Weber-300x300.jpg 300w\" sizes=\"(max-width: 338px) 100vw, 338px\" \/><img loading=\"lazy\" decoding=\"async\" class=\"alignnone size-full wp-image-12249\" src=\"http:\/\/www.designenlassen.de\/blog\/wp-content\/uploads\/2015\/12\/Der-Bergerhof-Logo.jpg\" alt=\"\" width=\"338\" height=\"338\" srcset=\"https:\/\/www.designenlassen.de\/blog\/wp-content\/uploads\/2015\/12\/Der-Bergerhof-Logo.jpg 338w, https:\/\/www.designenlassen.de\/blog\/wp-content\/uploads\/2015\/12\/Der-Bergerhof-Logo-150x150.jpg 150w, https:\/\/www.designenlassen.de\/blog\/wp-content\/uploads\/2015\/12\/Der-Bergerhof-Logo-300x300.jpg 300w\" sizes=\"(max-width: 338px) 100vw, 338px\" \/><\/h2>\n<h2>Bauernhof Logos\u00a0mit Tieren<\/h2>\n<p><img loading=\"lazy\" decoding=\"async\" class=\"alignnone size-full wp-image-12233\" src=\"http:\/\/www.designenlassen.de\/blog\/wp-content\/uploads\/2015\/12\/Logo-Design-mit-Tieren-Schoberhof.jpg\" alt=\"\" width=\"338\" height=\"338\" srcset=\"https:\/\/www.designenlassen.de\/blog\/wp-content\/uploads\/2015\/12\/Logo-Design-mit-Tieren-Schoberhof.jpg 338w, https:\/\/www.designenlassen.de\/blog\/wp-content\/uploads\/2015\/12\/Logo-Design-mit-Tieren-Schoberhof-150x150.jpg 150w, https:\/\/www.designenlassen.de\/blog\/wp-content\/uploads\/2015\/12\/Logo-Design-mit-Tieren-Schoberhof-300x300.jpg 300w\" sizes=\"(max-width: 338px) 100vw, 338px\" \/><img loading=\"lazy\" decoding=\"async\" class=\"alignnone size-full wp-image-12234\" src=\"http:\/\/www.designenlassen.de\/blog\/wp-content\/uploads\/2015\/12\/horsey-logo-design.jpg\" alt=\"\" width=\"338\" height=\"338\" srcset=\"https:\/\/www.designenlassen.de\/blog\/wp-content\/uploads\/2015\/12\/horsey-logo-design.jpg 338w, https:\/\/www.designenlassen.de\/blog\/wp-content\/uploads\/2015\/12\/horsey-logo-design-150x150.jpg 150w, https:\/\/www.designenlassen.de\/blog\/wp-content\/uploads\/2015\/12\/horsey-logo-design-300x300.jpg 300w\" sizes=\"(max-width: 338px) 100vw, 338px\" \/><img loading=\"lazy\" decoding=\"async\" class=\"alignnone size-full wp-image-12235\" src=\"http:\/\/www.designenlassen.de\/blog\/wp-content\/uploads\/2015\/12\/Alpakas-Logo-Bauernhof-design.jpg\" alt=\"\" width=\"800\" height=\"450\" srcset=\"https:\/\/www.designenlassen.de\/blog\/wp-content\/uploads\/2015\/12\/Alpakas-Logo-Bauernhof-design.jpg 800w, https:\/\/www.designenlassen.de\/blog\/wp-content\/uploads\/2015\/12\/Alpakas-Logo-Bauernhof-design-300x169.jpg 300w, https:\/\/www.designenlassen.de\/blog\/wp-content\/uploads\/2015\/12\/Alpakas-Logo-Bauernhof-design-768x432.jpg 768w\" sizes=\"(max-width: 800px) 100vw, 800px\" \/><img loading=\"lazy\" decoding=\"async\" class=\"alignnone size-full wp-image-12236\" src=\"http:\/\/www.designenlassen.de\/blog\/wp-content\/uploads\/2015\/12\/Black-Hof-mit-Lamas-Logo.jpg\" alt=\"\" width=\"338\" height=\"338\" srcset=\"https:\/\/www.designenlassen.de\/blog\/wp-content\/uploads\/2015\/12\/Black-Hof-mit-Lamas-Logo.jpg 338w, https:\/\/www.designenlassen.de\/blog\/wp-content\/uploads\/2015\/12\/Black-Hof-mit-Lamas-Logo-150x150.jpg 150w, https:\/\/www.designenlassen.de\/blog\/wp-content\/uploads\/2015\/12\/Black-Hof-mit-Lamas-Logo-300x300.jpg 300w\" sizes=\"(max-width: 338px) 100vw, 338px\" \/><img loading=\"lazy\" decoding=\"async\" class=\"alignnone size-full wp-image-12237\" src=\"http:\/\/www.designenlassen.de\/blog\/wp-content\/uploads\/2015\/12\/Blaseggerhof-Tierlogo-Design.jpg\" alt=\"\" width=\"338\" height=\"338\" srcset=\"https:\/\/www.designenlassen.de\/blog\/wp-content\/uploads\/2015\/12\/Blaseggerhof-Tierlogo-Design.jpg 338w, https:\/\/www.designenlassen.de\/blog\/wp-content\/uploads\/2015\/12\/Blaseggerhof-Tierlogo-Design-150x150.jpg 150w, https:\/\/www.designenlassen.de\/blog\/wp-content\/uploads\/2015\/12\/Blaseggerhof-Tierlogo-Design-300x300.jpg 300w\" sizes=\"(max-width: 338px) 100vw, 338px\" \/><\/p>\n<h2>Hofladen Logos<\/h2>\n<p><img loading=\"lazy\" decoding=\"async\" class=\"alignnone size-full wp-image-12240\" src=\"http:\/\/www.designenlassen.de\/blog\/wp-content\/uploads\/2015\/12\/Johannsens-Hofladen-Logo.jpg\" alt=\"\" width=\"800\" height=\"399\" srcset=\"https:\/\/www.designenlassen.de\/blog\/wp-content\/uploads\/2015\/12\/Johannsens-Hofladen-Logo.jpg 800w, https:\/\/www.designenlassen.de\/blog\/wp-content\/uploads\/2015\/12\/Johannsens-Hofladen-Logo-300x150.jpg 300w, https:\/\/www.designenlassen.de\/blog\/wp-content\/uploads\/2015\/12\/Johannsens-Hofladen-Logo-768x383.jpg 768w\" sizes=\"(max-width: 800px) 100vw, 800px\" \/><img loading=\"lazy\" decoding=\"async\" class=\"alignnone size-full wp-image-12241\" src=\"http:\/\/www.designenlassen.de\/blog\/wp-content\/uploads\/2015\/12\/Bauernhof-Logo.jpg\" alt=\"\" width=\"338\" height=\"338\" srcset=\"https:\/\/www.designenlassen.de\/blog\/wp-content\/uploads\/2015\/12\/Bauernhof-Logo.jpg 338w, https:\/\/www.designenlassen.de\/blog\/wp-content\/uploads\/2015\/12\/Bauernhof-Logo-150x150.jpg 150w, https:\/\/www.designenlassen.de\/blog\/wp-content\/uploads\/2015\/12\/Bauernhof-Logo-300x300.jpg 300w\" sizes=\"(max-width: 338px) 100vw, 338px\" \/><img loading=\"lazy\" decoding=\"async\" class=\"alignnone size-full wp-image-12242\" src=\"http:\/\/www.designenlassen.de\/blog\/wp-content\/uploads\/2015\/12\/Biohof-Simml-Design.jpg\" alt=\"\" width=\"338\" height=\"338\" srcset=\"https:\/\/www.designenlassen.de\/blog\/wp-content\/uploads\/2015\/12\/Biohof-Simml-Design.jpg 338w, https:\/\/www.designenlassen.de\/blog\/wp-content\/uploads\/2015\/12\/Biohof-Simml-Design-150x150.jpg 150w, https:\/\/www.designenlassen.de\/blog\/wp-content\/uploads\/2015\/12\/Biohof-Simml-Design-300x300.jpg 300w\" sizes=\"(max-width: 338px) 100vw, 338px\" \/><img loading=\"lazy\" decoding=\"async\" class=\"alignnone size-full wp-image-12243\" src=\"http:\/\/www.designenlassen.de\/blog\/wp-content\/uploads\/2015\/12\/Hofladen-Simml-Logo-Design.jpg\" alt=\"\" width=\"338\" height=\"338\" srcset=\"https:\/\/www.designenlassen.de\/blog\/wp-content\/uploads\/2015\/12\/Hofladen-Simml-Logo-Design.jpg 338w, https:\/\/www.designenlassen.de\/blog\/wp-content\/uploads\/2015\/12\/Hofladen-Simml-Logo-Design-150x150.jpg 150w, https:\/\/www.designenlassen.de\/blog\/wp-content\/uploads\/2015\/12\/Hofladen-Simml-Logo-Design-300x300.jpg 300w\" sizes=\"(max-width: 338px) 100vw, 338px\" \/><img loading=\"lazy\" decoding=\"async\" class=\"alignnone size-full wp-image-12244\" src=\"http:\/\/www.designenlassen.de\/blog\/wp-content\/uploads\/2015\/12\/Bio-Immoos-Logo-Design.jpg\" alt=\"\" width=\"338\" height=\"338\" srcset=\"https:\/\/www.designenlassen.de\/blog\/wp-content\/uploads\/2015\/12\/Bio-Immoos-Logo-Design.jpg 338w, https:\/\/www.designenlassen.de\/blog\/wp-content\/uploads\/2015\/12\/Bio-Immoos-Logo-Design-150x150.jpg 150w, https:\/\/www.designenlassen.de\/blog\/wp-content\/uploads\/2015\/12\/Bio-Immoos-Logo-Design-300x300.jpg 300w\" sizes=\"(max-width: 338px) 100vw, 338px\" \/><img loading=\"lazy\" decoding=\"async\" class=\"alignnone size-full wp-image-12245\" src=\"http:\/\/www.designenlassen.de\/blog\/wp-content\/uploads\/2015\/12\/\u00d6kohof-Simml-Hofladen-Logo-Design.jpg\" alt=\"\" width=\"800\" height=\"450\" srcset=\"https:\/\/www.designenlassen.de\/blog\/wp-content\/uploads\/2015\/12\/\u00d6kohof-Simml-Hofladen-Logo-Design.jpg 800w, https:\/\/www.designenlassen.de\/blog\/wp-content\/uploads\/2015\/12\/\u00d6kohof-Simml-Hofladen-Logo-Design-300x169.jpg 300w, https:\/\/www.designenlassen.de\/blog\/wp-content\/uploads\/2015\/12\/\u00d6kohof-Simml-Hofladen-Logo-Design-768x432.jpg 768w\" sizes=\"(max-width: 800px) 100vw, 800px\" \/><\/p>\n<h2>Auff\u00e4llige Bauernhof Logo-Designs<\/h2>\n<p><img loading=\"lazy\" decoding=\"async\" class=\"alignnone size-full wp-image-12252\" src=\"http:\/\/www.designenlassen.de\/blog\/wp-content\/uploads\/2015\/12\/Erdbeere-Logo.jpg\" alt=\"\" width=\"800\" height=\"550\" srcset=\"https:\/\/www.designenlassen.de\/blog\/wp-content\/uploads\/2015\/12\/Erdbeere-Logo.jpg 800w, https:\/\/www.designenlassen.de\/blog\/wp-content\/uploads\/2015\/12\/Erdbeere-Logo-300x206.jpg 300w, https:\/\/www.designenlassen.de\/blog\/wp-content\/uploads\/2015\/12\/Erdbeere-Logo-768x528.jpg 768w\" sizes=\"(max-width: 800px) 100vw, 800px\" \/><img loading=\"lazy\" decoding=\"async\" class=\"alignnone size-full wp-image-12253\" src=\"http:\/\/www.designenlassen.de\/blog\/wp-content\/uploads\/2015\/12\/Ferienbauernhof-Logo.jpg\" alt=\"\" width=\"338\" height=\"338\" srcset=\"https:\/\/www.designenlassen.de\/blog\/wp-content\/uploads\/2015\/12\/Ferienbauernhof-Logo.jpg 338w, https:\/\/www.designenlassen.de\/blog\/wp-content\/uploads\/2015\/12\/Ferienbauernhof-Logo-150x150.jpg 150w, https:\/\/www.designenlassen.de\/blog\/wp-content\/uploads\/2015\/12\/Ferienbauernhof-Logo-300x300.jpg 300w\" sizes=\"(max-width: 338px) 100vw, 338px\" \/><img loading=\"lazy\" decoding=\"async\" class=\"alignnone size-full wp-image-12256\" src=\"http:\/\/www.designenlassen.de\/blog\/wp-content\/uploads\/2015\/12\/Logo-Hofladen-1.jpg\" alt=\"\" width=\"338\" height=\"338\" srcset=\"https:\/\/www.designenlassen.de\/blog\/wp-content\/uploads\/2015\/12\/Logo-Hofladen-1.jpg 338w, https:\/\/www.designenlassen.de\/blog\/wp-content\/uploads\/2015\/12\/Logo-Hofladen-1-150x150.jpg 150w, https:\/\/www.designenlassen.de\/blog\/wp-content\/uploads\/2015\/12\/Logo-Hofladen-1-300x300.jpg 300w\" sizes=\"(max-width: 338px) 100vw, 338px\" \/><\/p>\n<div class=\"sof\">\n<h2>Du suchst ein kreatives Bauernhof-Logo?<\/h2>\n<p>Starte einen eigenen Designwettbewerb auf designenlassen.de und erhalte zahlreiche individuelle Vorschl\u00e4ge von unterschiedlichen Designern. Kein Risiko durch Preisgeld-zur\u00fcck-Garantie.<br \/>\n<a class=\"btn aktion1\" href=\"https:\/\/www.designenlassen.de\/logo-design\">Jetzt starten<\/a><a class=\"btn aktion2\" href=\"https:\/\/www.designenlassen.de\/tour\">Mehr erfahren<\/a><\/p>\n<\/div>\n","protected":false},"excerpt":{"rendered":"<p>Idylle und Harmonie &#8211; hier ist die Welt noch in Ordnung. Immer mehr Menschen machen Urlaub&hellip;<\/p>\n","protected":false},"author":24,"featured_media":12226,"comment_status":"open","ping_status":"open","sticky":false,"template":"","format":"standard","meta":{"_lmt_disableupdate":"","_lmt_disable":"","footnotes":""},"categories":[19],"tags":[],"class_list":["post-6009","post","type-post","status-publish","format-standard","has-post-thumbnail","hentry","category-inspiration"],"yoast_head":"<!-- This site is optimized with the Yoast SEO plugin v27.5 - https:\/\/yoast.com\/product\/yoast-seo-wordpress\/ -->\n<title>Kreative Bauernhof Logos f\u00fcr Dich<\/title>\n<meta name=\"description\" content=\"Ob ein Logo f\u00fcr den Hofladen oder den Erlebnisbauernhof. In unserer Galerie findest Du Inspirationen f\u00fcr verschiedene Bauernhof Logos.\" \/>\n<meta name=\"robots\" content=\"index, follow, max-snippet:-1, max-image-preview:large, max-video-preview:-1\" \/>\n<link rel=\"canonical\" href=\"https:\/\/www.designenlassen.de\/blog\/bauernhof-logo-design-es-muss-nicht-immer-kuh-und-ziege-sein\/\" \/>\n<meta property=\"og:locale\" content=\"de_DE\" \/>\n<meta property=\"og:type\" content=\"article\" \/>\n<meta property=\"og:title\" content=\"Kreative Bauernhof Logos f\u00fcr Dich\" \/>\n<meta property=\"og:description\" content=\"Ob ein Logo f\u00fcr den Hofladen oder den Erlebnisbauernhof. In unserer Galerie findest Du Inspirationen f\u00fcr verschiedene Bauernhof Logos.\" \/>\n<meta property=\"og:url\" content=\"https:\/\/www.designenlassen.de\/blog\/bauernhof-logo-design-es-muss-nicht-immer-kuh-und-ziege-sein\/\" \/>\n<meta property=\"og:site_name\" content=\"designenlassen.de Blog\" \/>\n<meta property=\"article:published_time\" content=\"2015-12-04T08:34:45+00:00\" \/>\n<meta property=\"article:modified_time\" content=\"2020-09-18T12:22:37+00:00\" \/>\n<meta property=\"og:image\" content=\"https:\/\/www.designenlassen.de\/blog\/wp-content\/uploads\/2015\/12\/Bauernhof-Logo-Eselhof-Wetterau.jpg\" \/>\n\t<meta property=\"og:image:width\" content=\"800\" \/>\n\t<meta property=\"og:image:height\" content=\"550\" \/>\n\t<meta property=\"og:image:type\" content=\"image\/jpeg\" \/>\n<meta name=\"author\" content=\"Patrick Schady\" \/>\n<meta name=\"twitter:card\" content=\"summary_large_image\" \/>\n<meta name=\"twitter:label1\" content=\"Verfasst von\" \/>\n\t<meta name=\"twitter:data1\" content=\"Patrick Schady\" \/>\n\t<meta name=\"twitter:label2\" content=\"Gesch\u00e4tzte Lesezeit\" \/>\n\t<meta name=\"twitter:data2\" content=\"1\u00a0Minute\" \/>\n<script type=\"application\/ld+json\" class=\"yoast-schema-graph\">{\"@context\":\"https:\\\/\\\/schema.org\",\"@graph\":[{\"@type\":\"Article\",\"@id\":\"https:\\\/\\\/www.designenlassen.de\\\/blog\\\/bauernhof-logo-design-es-muss-nicht-immer-kuh-und-ziege-sein\\\/#article\",\"isPartOf\":{\"@id\":\"https:\\\/\\\/www.designenlassen.de\\\/blog\\\/bauernhof-logo-design-es-muss-nicht-immer-kuh-und-ziege-sein\\\/\"},\"author\":{\"name\":\"Patrick Schady\",\"@id\":\"https:\\\/\\\/www.designenlassen.de\\\/blog\\\/#\\\/schema\\\/person\\\/1e6e4a367ec0359155d5fbb01227c1ca\"},\"headline\":\"Bauernhof Logo-Design &#8211; es muss nicht immer Kuh und Ziege sein\",\"datePublished\":\"2015-12-04T08:34:45+00:00\",\"dateModified\":\"2020-09-18T12:22:37+00:00\",\"mainEntityOfPage\":{\"@id\":\"https:\\\/\\\/www.designenlassen.de\\\/blog\\\/bauernhof-logo-design-es-muss-nicht-immer-kuh-und-ziege-sein\\\/\"},\"wordCount\":232,\"commentCount\":0,\"image\":{\"@id\":\"https:\\\/\\\/www.designenlassen.de\\\/blog\\\/bauernhof-logo-design-es-muss-nicht-immer-kuh-und-ziege-sein\\\/#primaryimage\"},\"thumbnailUrl\":\"https:\\\/\\\/www.designenlassen.de\\\/blog\\\/wp-content\\\/uploads\\\/2015\\\/12\\\/Bauernhof-Logo-Eselhof-Wetterau.jpg\",\"articleSection\":[\"Design-Galerien\"],\"inLanguage\":\"de\",\"potentialAction\":[{\"@type\":\"CommentAction\",\"name\":\"Comment\",\"target\":[\"https:\\\/\\\/www.designenlassen.de\\\/blog\\\/bauernhof-logo-design-es-muss-nicht-immer-kuh-und-ziege-sein\\\/#respond\"]}]},{\"@type\":\"WebPage\",\"@id\":\"https:\\\/\\\/www.designenlassen.de\\\/blog\\\/bauernhof-logo-design-es-muss-nicht-immer-kuh-und-ziege-sein\\\/\",\"url\":\"https:\\\/\\\/www.designenlassen.de\\\/blog\\\/bauernhof-logo-design-es-muss-nicht-immer-kuh-und-ziege-sein\\\/\",\"name\":\"Kreative Bauernhof Logos f\u00fcr Dich\",\"isPartOf\":{\"@id\":\"https:\\\/\\\/www.designenlassen.de\\\/blog\\\/#website\"},\"primaryImageOfPage\":{\"@id\":\"https:\\\/\\\/www.designenlassen.de\\\/blog\\\/bauernhof-logo-design-es-muss-nicht-immer-kuh-und-ziege-sein\\\/#primaryimage\"},\"image\":{\"@id\":\"https:\\\/\\\/www.designenlassen.de\\\/blog\\\/bauernhof-logo-design-es-muss-nicht-immer-kuh-und-ziege-sein\\\/#primaryimage\"},\"thumbnailUrl\":\"https:\\\/\\\/www.designenlassen.de\\\/blog\\\/wp-content\\\/uploads\\\/2015\\\/12\\\/Bauernhof-Logo-Eselhof-Wetterau.jpg\",\"datePublished\":\"2015-12-04T08:34:45+00:00\",\"dateModified\":\"2020-09-18T12:22:37+00:00\",\"author\":{\"@id\":\"https:\\\/\\\/www.designenlassen.de\\\/blog\\\/#\\\/schema\\\/person\\\/1e6e4a367ec0359155d5fbb01227c1ca\"},\"description\":\"Ob ein Logo f\u00fcr den Hofladen oder den Erlebnisbauernhof. In unserer Galerie findest Du Inspirationen f\u00fcr verschiedene Bauernhof Logos.\",\"breadcrumb\":{\"@id\":\"https:\\\/\\\/www.designenlassen.de\\\/blog\\\/bauernhof-logo-design-es-muss-nicht-immer-kuh-und-ziege-sein\\\/#breadcrumb\"},\"inLanguage\":\"de\",\"potentialAction\":[{\"@type\":\"ReadAction\",\"target\":[\"https:\\\/\\\/www.designenlassen.de\\\/blog\\\/bauernhof-logo-design-es-muss-nicht-immer-kuh-und-ziege-sein\\\/\"]}]},{\"@type\":\"ImageObject\",\"inLanguage\":\"de\",\"@id\":\"https:\\\/\\\/www.designenlassen.de\\\/blog\\\/bauernhof-logo-design-es-muss-nicht-immer-kuh-und-ziege-sein\\\/#primaryimage\",\"url\":\"https:\\\/\\\/www.designenlassen.de\\\/blog\\\/wp-content\\\/uploads\\\/2015\\\/12\\\/Bauernhof-Logo-Eselhof-Wetterau.jpg\",\"contentUrl\":\"https:\\\/\\\/www.designenlassen.de\\\/blog\\\/wp-content\\\/uploads\\\/2015\\\/12\\\/Bauernhof-Logo-Eselhof-Wetterau.jpg\",\"width\":800,\"height\":550},{\"@type\":\"BreadcrumbList\",\"@id\":\"https:\\\/\\\/www.designenlassen.de\\\/blog\\\/bauernhof-logo-design-es-muss-nicht-immer-kuh-und-ziege-sein\\\/#breadcrumb\",\"itemListElement\":[{\"@type\":\"ListItem\",\"position\":1,\"name\":\"Start\",\"item\":\"https:\\\/\\\/www.designenlassen.de\\\/blog\\\/\"},{\"@type\":\"ListItem\",\"position\":2,\"name\":\"Bauernhof Logo-Design &#8211; es muss nicht immer Kuh und Ziege sein\"}]},{\"@type\":\"WebSite\",\"@id\":\"https:\\\/\\\/www.designenlassen.de\\\/blog\\\/#website\",\"url\":\"https:\\\/\\\/www.designenlassen.de\\\/blog\\\/\",\"name\":\"designenlassen.de Blog\",\"description\":\"Inspirationen, Tipps und Ideen f\u00fcr Designer sowie Gr\u00fcnder und Kleinbetriebe.\",\"potentialAction\":[{\"@type\":\"SearchAction\",\"target\":{\"@type\":\"EntryPoint\",\"urlTemplate\":\"https:\\\/\\\/www.designenlassen.de\\\/blog\\\/?s={search_term_string}\"},\"query-input\":{\"@type\":\"PropertyValueSpecification\",\"valueRequired\":true,\"valueName\":\"search_term_string\"}}],\"inLanguage\":\"de\"},{\"@type\":\"Person\",\"@id\":\"https:\\\/\\\/www.designenlassen.de\\\/blog\\\/#\\\/schema\\\/person\\\/1e6e4a367ec0359155d5fbb01227c1ca\",\"name\":\"Patrick Schady\",\"image\":{\"@type\":\"ImageObject\",\"inLanguage\":\"de\",\"@id\":\"https:\\\/\\\/secure.gravatar.com\\\/avatar\\\/41cfafecfbfd30ee6bc4cc02dd530ef067050210239f1d60debda10ce9c038d7?s=96&d=mm&r=g\",\"url\":\"https:\\\/\\\/secure.gravatar.com\\\/avatar\\\/41cfafecfbfd30ee6bc4cc02dd530ef067050210239f1d60debda10ce9c038d7?s=96&d=mm&r=g\",\"contentUrl\":\"https:\\\/\\\/secure.gravatar.com\\\/avatar\\\/41cfafecfbfd30ee6bc4cc02dd530ef067050210239f1d60debda10ce9c038d7?s=96&d=mm&r=g\",\"caption\":\"Patrick Schady\"},\"url\":\"https:\\\/\\\/www.designenlassen.de\\\/blog\\\/author\\\/patrick\\\/\"}]}<\/script>\n<!-- \/ Yoast SEO plugin. -->","yoast_head_json":{"title":"Kreative Bauernhof Logos f\u00fcr Dich","description":"Ob ein Logo f\u00fcr den Hofladen oder den Erlebnisbauernhof. In unserer Galerie findest Du Inspirationen f\u00fcr verschiedene Bauernhof Logos.","robots":{"index":"index","follow":"follow","max-snippet":"max-snippet:-1","max-image-preview":"max-image-preview:large","max-video-preview":"max-video-preview:-1"},"canonical":"https:\/\/www.designenlassen.de\/blog\/bauernhof-logo-design-es-muss-nicht-immer-kuh-und-ziege-sein\/","og_locale":"de_DE","og_type":"article","og_title":"Kreative Bauernhof Logos f\u00fcr Dich","og_description":"Ob ein Logo f\u00fcr den Hofladen oder den Erlebnisbauernhof. In unserer Galerie findest Du Inspirationen f\u00fcr verschiedene Bauernhof Logos.","og_url":"https:\/\/www.designenlassen.de\/blog\/bauernhof-logo-design-es-muss-nicht-immer-kuh-und-ziege-sein\/","og_site_name":"designenlassen.de Blog","article_published_time":"2015-12-04T08:34:45+00:00","article_modified_time":"2020-09-18T12:22:37+00:00","og_image":[{"width":800,"height":550,"url":"https:\/\/www.designenlassen.de\/blog\/wp-content\/uploads\/2015\/12\/Bauernhof-Logo-Eselhof-Wetterau.jpg","type":"image\/jpeg"}],"author":"Patrick Schady","twitter_card":"summary_large_image","twitter_misc":{"Verfasst von":"Patrick Schady","Gesch\u00e4tzte Lesezeit":"1\u00a0Minute"},"schema":{"@context":"https:\/\/schema.org","@graph":[{"@type":"Article","@id":"https:\/\/www.designenlassen.de\/blog\/bauernhof-logo-design-es-muss-nicht-immer-kuh-und-ziege-sein\/#article","isPartOf":{"@id":"https:\/\/www.designenlassen.de\/blog\/bauernhof-logo-design-es-muss-nicht-immer-kuh-und-ziege-sein\/"},"author":{"name":"Patrick Schady","@id":"https:\/\/www.designenlassen.de\/blog\/#\/schema\/person\/1e6e4a367ec0359155d5fbb01227c1ca"},"headline":"Bauernhof Logo-Design &#8211; es muss nicht immer Kuh und Ziege sein","datePublished":"2015-12-04T08:34:45+00:00","dateModified":"2020-09-18T12:22:37+00:00","mainEntityOfPage":{"@id":"https:\/\/www.designenlassen.de\/blog\/bauernhof-logo-design-es-muss-nicht-immer-kuh-und-ziege-sein\/"},"wordCount":232,"commentCount":0,"image":{"@id":"https:\/\/www.designenlassen.de\/blog\/bauernhof-logo-design-es-muss-nicht-immer-kuh-und-ziege-sein\/#primaryimage"},"thumbnailUrl":"https:\/\/www.designenlassen.de\/blog\/wp-content\/uploads\/2015\/12\/Bauernhof-Logo-Eselhof-Wetterau.jpg","articleSection":["Design-Galerien"],"inLanguage":"de","potentialAction":[{"@type":"CommentAction","name":"Comment","target":["https:\/\/www.designenlassen.de\/blog\/bauernhof-logo-design-es-muss-nicht-immer-kuh-und-ziege-sein\/#respond"]}]},{"@type":"WebPage","@id":"https:\/\/www.designenlassen.de\/blog\/bauernhof-logo-design-es-muss-nicht-immer-kuh-und-ziege-sein\/","url":"https:\/\/www.designenlassen.de\/blog\/bauernhof-logo-design-es-muss-nicht-immer-kuh-und-ziege-sein\/","name":"Kreative Bauernhof Logos f\u00fcr Dich","isPartOf":{"@id":"https:\/\/www.designenlassen.de\/blog\/#website"},"primaryImageOfPage":{"@id":"https:\/\/www.designenlassen.de\/blog\/bauernhof-logo-design-es-muss-nicht-immer-kuh-und-ziege-sein\/#primaryimage"},"image":{"@id":"https:\/\/www.designenlassen.de\/blog\/bauernhof-logo-design-es-muss-nicht-immer-kuh-und-ziege-sein\/#primaryimage"},"thumbnailUrl":"https:\/\/www.designenlassen.de\/blog\/wp-content\/uploads\/2015\/12\/Bauernhof-Logo-Eselhof-Wetterau.jpg","datePublished":"2015-12-04T08:34:45+00:00","dateModified":"2020-09-18T12:22:37+00:00","author":{"@id":"https:\/\/www.designenlassen.de\/blog\/#\/schema\/person\/1e6e4a367ec0359155d5fbb01227c1ca"},"description":"Ob ein Logo f\u00fcr den Hofladen oder den Erlebnisbauernhof. In unserer Galerie findest Du Inspirationen f\u00fcr verschiedene Bauernhof Logos.","breadcrumb":{"@id":"https:\/\/www.designenlassen.de\/blog\/bauernhof-logo-design-es-muss-nicht-immer-kuh-und-ziege-sein\/#breadcrumb"},"inLanguage":"de","potentialAction":[{"@type":"ReadAction","target":["https:\/\/www.designenlassen.de\/blog\/bauernhof-logo-design-es-muss-nicht-immer-kuh-und-ziege-sein\/"]}]},{"@type":"ImageObject","inLanguage":"de","@id":"https:\/\/www.designenlassen.de\/blog\/bauernhof-logo-design-es-muss-nicht-immer-kuh-und-ziege-sein\/#primaryimage","url":"https:\/\/www.designenlassen.de\/blog\/wp-content\/uploads\/2015\/12\/Bauernhof-Logo-Eselhof-Wetterau.jpg","contentUrl":"https:\/\/www.designenlassen.de\/blog\/wp-content\/uploads\/2015\/12\/Bauernhof-Logo-Eselhof-Wetterau.jpg","width":800,"height":550},{"@type":"BreadcrumbList","@id":"https:\/\/www.designenlassen.de\/blog\/bauernhof-logo-design-es-muss-nicht-immer-kuh-und-ziege-sein\/#breadcrumb","itemListElement":[{"@type":"ListItem","position":1,"name":"Start","item":"https:\/\/www.designenlassen.de\/blog\/"},{"@type":"ListItem","position":2,"name":"Bauernhof Logo-Design &#8211; es muss nicht immer Kuh und Ziege sein"}]},{"@type":"WebSite","@id":"https:\/\/www.designenlassen.de\/blog\/#website","url":"https:\/\/www.designenlassen.de\/blog\/","name":"designenlassen.de Blog","description":"Inspirationen, Tipps und Ideen f\u00fcr Designer sowie Gr\u00fcnder und Kleinbetriebe.","potentialAction":[{"@type":"SearchAction","target":{"@type":"EntryPoint","urlTemplate":"https:\/\/www.designenlassen.de\/blog\/?s={search_term_string}"},"query-input":{"@type":"PropertyValueSpecification","valueRequired":true,"valueName":"search_term_string"}}],"inLanguage":"de"},{"@type":"Person","@id":"https:\/\/www.designenlassen.de\/blog\/#\/schema\/person\/1e6e4a367ec0359155d5fbb01227c1ca","name":"Patrick Schady","image":{"@type":"ImageObject","inLanguage":"de","@id":"https:\/\/secure.gravatar.com\/avatar\/41cfafecfbfd30ee6bc4cc02dd530ef067050210239f1d60debda10ce9c038d7?s=96&d=mm&r=g","url":"https:\/\/secure.gravatar.com\/avatar\/41cfafecfbfd30ee6bc4cc02dd530ef067050210239f1d60debda10ce9c038d7?s=96&d=mm&r=g","contentUrl":"https:\/\/secure.gravatar.com\/avatar\/41cfafecfbfd30ee6bc4cc02dd530ef067050210239f1d60debda10ce9c038d7?s=96&d=mm&r=g","caption":"Patrick Schady"},"url":"https:\/\/www.designenlassen.de\/blog\/author\/patrick\/"}]}},"_links":{"self":[{"href":"https:\/\/www.designenlassen.de\/blog\/wp-json\/wp\/v2\/posts\/6009","targetHints":{"allow":["GET"]}}],"collection":[{"href":"https:\/\/www.designenlassen.de\/blog\/wp-json\/wp\/v2\/posts"}],"about":[{"href":"https:\/\/www.designenlassen.de\/blog\/wp-json\/wp\/v2\/types\/post"}],"author":[{"embeddable":true,"href":"https:\/\/www.designenlassen.de\/blog\/wp-json\/wp\/v2\/users\/24"}],"replies":[{"embeddable":true,"href":"https:\/\/www.designenlassen.de\/blog\/wp-json\/wp\/v2\/comments?post=6009"}],"version-history":[{"count":24,"href":"https:\/\/www.designenlassen.de\/blog\/wp-json\/wp\/v2\/posts\/6009\/revisions"}],"predecessor-version":[{"id":22239,"href":"https:\/\/www.designenlassen.de\/blog\/wp-json\/wp\/v2\/posts\/6009\/revisions\/22239"}],"wp:featuredmedia":[{"embeddable":true,"href":"https:\/\/www.designenlassen.de\/blog\/wp-json\/wp\/v2\/media\/12226"}],"wp:attachment":[{"href":"https:\/\/www.designenlassen.de\/blog\/wp-json\/wp\/v2\/media?parent=6009"}],"wp:term":[{"taxonomy":"category","embeddable":true,"href":"https:\/\/www.designenlassen.de\/blog\/wp-json\/wp\/v2\/categories?post=6009"},{"taxonomy":"post_tag","embeddable":true,"href":"https:\/\/www.designenlassen.de\/blog\/wp-json\/wp\/v2\/tags?post=6009"}],"curies":[{"name":"wp","href":"https:\/\/api.w.org\/{rel}","templated":true}]}}