{"id":6629,"date":"2024-07-11T11:21:00","date_gmt":"2024-07-11T09:21:00","guid":{"rendered":"http:\/\/www.designenlassen.de\/blog\/?p=6629"},"modified":"2024-07-12T08:39:47","modified_gmt":"2024-07-12T06:39:47","slug":"30-garten-und-blumen-logos-die-den-fruehling-bringen","status":"publish","type":"post","link":"https:\/\/www.designenlassen.de\/blog\/30-garten-und-blumen-logos-die-den-fruehling-bringen\/","title":{"rendered":"43 Blumen Logos, die f\u00fcr gute Stimmung sorgen"},"content":{"rendered":"\n<p>Mit der bunten Farbenpracht ist Dein <a href=\"https:\/\/www.designenlassen.de\/logo-design\">Logo-Design<\/a> der Hingucker schlecht hin. Kreative und einzigartige Gestaltung, s\u00fc\u00dfe und verspielte Details, sowie eine \u00fcberwiegend zarte Kombination aus Wort- und Bildmarke versprechen eine hohe Einpr\u00e4gung bei Deinen Kunden und spricht sie ab dem ersten Moment sofort an.<\/p>\n\n\n\n<p><strong>Entdecke in unsere Galerie die 43 besten Blumen-Logos f\u00fcr Blumenl\u00e4den, G\u00e4rtnereien und Landschaftsbau.<\/strong><\/p>\n\n\n\n<div class=\"wp-block-buttons is-content-justification-center is-layout-flex wp-container-core-buttons-is-layout-16018d1d wp-block-buttons-is-layout-flex\">\n<div class=\"wp-block-button is-style-fill\"><a class=\"wp-block-button__link has-white-color has-text-color has-background has-text-align-left wp-element-button\" href=\"https:\/\/www.designenlassen.de\/logo-design?utm_source=blog&amp;utm_medium=button&amp;utm_campaign=blog-beitraege\" style=\"background-color:#091182\">Jetzt Logo erstellen<\/a><\/div>\n<\/div>\n\n\n\n<div style=\"height:36px\" aria-hidden=\"true\" class=\"wp-block-spacer\"><\/div>\n\n\n<div class=\"wp-block-image wp-image-12447 size-full\">\n<figure class=\"aligncenter\"><img fetchpriority=\"high\" decoding=\"async\" width=\"800\" height=\"513\" src=\"https:\/\/www.designenlassen.de\/blog\/wp-content\/uploads\/2016\/05\/Blumen-Logo-La-Fleur-Sugar-Flowers-Zuckerblumen-389348.png\" alt=\"Blumen Logo La Fleur Sugar Flowers Zuckerblumen 389348\" class=\"wp-image-12447\" srcset=\"https:\/\/www.designenlassen.de\/blog\/wp-content\/uploads\/2016\/05\/Blumen-Logo-La-Fleur-Sugar-Flowers-Zuckerblumen-389348.png 800w, https:\/\/www.designenlassen.de\/blog\/wp-content\/uploads\/2016\/05\/Blumen-Logo-La-Fleur-Sugar-Flowers-Zuckerblumen-389348-300x192.png 300w, https:\/\/www.designenlassen.de\/blog\/wp-content\/uploads\/2016\/05\/Blumen-Logo-La-Fleur-Sugar-Flowers-Zuckerblumen-389348-768x492.png 768w\" sizes=\"(max-width: 800px) 100vw, 800px\" \/><figcaption class=\"wp-element-caption\"><a href=\"https:\/\/www.designenlassen.de\/389348-logo-design-fuer-kursanbieter-zuckerblumen\" target=\"_blank\" rel=\"noopener noreferrer\">Blumen Logo f\u00fcr La-Fleur Sugar Flowers<\/a><\/figcaption><\/figure>\n<\/div>\n\n\n\n\n<h2 class=\"wp-block-heading\">Blumen Logo<\/h2>\n\n\n\n<p>In den 70er Jahren schm\u00fcckten Blumen auf Tapeten die W\u00e4nde,\u00a0heutzutage besitzen Blumen allgemein eine hohe symbolische Bedeutung und stehen f\u00fcr Liebe, Freude und Mitgef\u00fchl. Dein <strong>Blumen-Logo <\/strong>sollte sich von der Konkurrenz abheben und aufzeigen, welche Qualit\u00e4t und Leistung Dein Unternehmen verspricht.<\/p>\n\n\n\n<figure class=\"wp-block-gallery has-nested-images columns-default is-cropped wp-block-gallery-1 is-layout-flex wp-block-gallery-is-layout-flex\">\n<figure class=\"wp-block-image size-large\"><img decoding=\"async\" width=\"338\" height=\"338\" data-id=\"23174\" src=\"https:\/\/www.designenlassen.de\/blog\/wp-content\/uploads\/2020\/12\/Beauty-feminines-Logo-Design-279281-tereliye.png\" alt=\"Beauty-feminines-Logo-Design\" class=\"wp-image-23174\" srcset=\"https:\/\/www.designenlassen.de\/blog\/wp-content\/uploads\/2020\/12\/Beauty-feminines-Logo-Design-279281-tereliye.png 338w, https:\/\/www.designenlassen.de\/blog\/wp-content\/uploads\/2020\/12\/Beauty-feminines-Logo-Design-279281-tereliye-300x300.png 300w, https:\/\/www.designenlassen.de\/blog\/wp-content\/uploads\/2020\/12\/Beauty-feminines-Logo-Design-279281-tereliye-150x150.png 150w\" sizes=\"(max-width: 338px) 100vw, 338px\" \/><\/figure>\n\n\n\n<figure class=\"wp-block-image size-large\"><img decoding=\"async\" width=\"338\" height=\"338\" data-id=\"12445\" src=\"https:\/\/www.designenlassen.de\/blog\/wp-content\/uploads\/2016\/05\/Blumen-Logo-Die-Blumenkarte.de-753318.gif\" alt=\"Blumen Logo Die Blumenkarte.de 753318\" class=\"wp-image-12445\"\/><\/figure>\n<\/figure>\n\n\n<div class=\"wp-block-image wp-image-12440 size-full\">\n<figure class=\"aligncenter\"><img loading=\"lazy\" decoding=\"async\" width=\"800\" height=\"498\" src=\"https:\/\/www.designenlassen.de\/blog\/wp-content\/uploads\/2016\/05\/Blumen-Logo-Franziska-Rhode-Dekoration-333462.png\" alt=\"Blumen Logo Franziska Rhode Dekoration 333462\" class=\"wp-image-12440\" srcset=\"https:\/\/www.designenlassen.de\/blog\/wp-content\/uploads\/2016\/05\/Blumen-Logo-Franziska-Rhode-Dekoration-333462.png 800w, https:\/\/www.designenlassen.de\/blog\/wp-content\/uploads\/2016\/05\/Blumen-Logo-Franziska-Rhode-Dekoration-333462-300x187.png 300w, https:\/\/www.designenlassen.de\/blog\/wp-content\/uploads\/2016\/05\/Blumen-Logo-Franziska-Rhode-Dekoration-333462-768x478.png 768w\" sizes=\"(max-width: 800px) 100vw, 800px\" \/><figcaption class=\"wp-element-caption\"><a href=\"https:\/\/www.designenlassen.de\/333462-dekoservice-sucht-design\" target=\"_blank\" rel=\"noopener noreferrer\">Blumen Logo f\u00fcr Franziska Rhode Dekoration<\/a><\/figcaption><\/figure>\n<\/div>\n\n\n<p>Das Blumen Symbol steht f\u00fcr eine verspielte und kreative Gestaltung und ist nat\u00fcrlich perfekt, um Dein Unternehmen ansprechend zu repr\u00e4sentieren. Ein farbenfrohes <a href=\"https:\/\/www.designenlassen.de\/logo-design\">Logo-Design<\/a> erweckt bei Deinen Kunden sofort einen positiven ersten Eindruck und stellt einen hohen <a href=\"https:\/\/www.designenlassen.de\/blog\/wie-du-eine-marke-mit-maximalem-wiedererkennungswert-schaffen-kannst\/\">Wiedererkennungswert<\/a> dar. Da Blumen Logos weit verbreitet in vielen unterschiedlichen Branchen zu finden sind, ist die Einzigartigkeit im Design unumg\u00e4nglich. Man m\u00f6chte sich schlie\u00dflich von der Konkurrenz abheben und ein Alleinstellungsmerkmal vermitteln.<\/p>\n\n\n\n<figure class=\"wp-block-gallery has-nested-images columns-2 is-cropped wp-block-gallery-2 is-layout-flex wp-block-gallery-is-layout-flex\">\n<figure class=\"wp-block-image size-large\"><img loading=\"lazy\" decoding=\"async\" width=\"338\" height=\"338\" data-id=\"12449\" src=\"https:\/\/www.designenlassen.de\/blog\/wp-content\/uploads\/2016\/05\/Blumen-Logo-Pfingstrosen-886524.png\" alt=\"Blumen Logo Pfingstrosen 886524\" class=\"wp-image-12449\" srcset=\"https:\/\/www.designenlassen.de\/blog\/wp-content\/uploads\/2016\/05\/Blumen-Logo-Pfingstrosen-886524.png 338w, https:\/\/www.designenlassen.de\/blog\/wp-content\/uploads\/2016\/05\/Blumen-Logo-Pfingstrosen-886524-150x150.png 150w, https:\/\/www.designenlassen.de\/blog\/wp-content\/uploads\/2016\/05\/Blumen-Logo-Pfingstrosen-886524-300x300.png 300w\" sizes=\"(max-width: 338px) 100vw, 338px\" \/><\/figure>\n\n\n\n<figure class=\"wp-block-image size-large\"><img loading=\"lazy\" decoding=\"async\" width=\"338\" height=\"338\" data-id=\"12444\" src=\"https:\/\/www.designenlassen.de\/blog\/wp-content\/uploads\/2016\/05\/Blumen-Logo-Blumenm\u00e4dchen-Floristik-mit-Herz-655259.png\" alt=\"Blumen Logo Blumenm\u00e4dchen Floristik mit Herz 655259\" class=\"wp-image-12444\" srcset=\"https:\/\/www.designenlassen.de\/blog\/wp-content\/uploads\/2016\/05\/Blumen-Logo-Blumenm\u00e4dchen-Floristik-mit-Herz-655259.png 338w, https:\/\/www.designenlassen.de\/blog\/wp-content\/uploads\/2016\/05\/Blumen-Logo-Blumenm\u00e4dchen-Floristik-mit-Herz-655259-150x150.png 150w, https:\/\/www.designenlassen.de\/blog\/wp-content\/uploads\/2016\/05\/Blumen-Logo-Blumenm\u00e4dchen-Floristik-mit-Herz-655259-300x300.png 300w\" sizes=\"(max-width: 338px) 100vw, 338px\" \/><\/figure>\n\n\n\n<figure class=\"wp-block-image size-large\"><img loading=\"lazy\" decoding=\"async\" width=\"800\" height=\"365\" data-id=\"21744\" src=\"https:\/\/www.designenlassen.de\/blog\/wp-content\/uploads\/2020\/08\/Logo-Blumenladen-Blumenm\u00e4dchen-Floristik-mit-Herz-655259-Agentur3a.png\" alt=\"Logo-Blumenladen-Blumenm\u00e4dchen-Floristik-mit-Herz\" class=\"wp-image-21744\" srcset=\"https:\/\/www.designenlassen.de\/blog\/wp-content\/uploads\/2020\/08\/Logo-Blumenladen-Blumenm\u00e4dchen-Floristik-mit-Herz-655259-Agentur3a.png 800w, https:\/\/www.designenlassen.de\/blog\/wp-content\/uploads\/2020\/08\/Logo-Blumenladen-Blumenm\u00e4dchen-Floristik-mit-Herz-655259-Agentur3a-300x137.png 300w, https:\/\/www.designenlassen.de\/blog\/wp-content\/uploads\/2020\/08\/Logo-Blumenladen-Blumenm\u00e4dchen-Floristik-mit-Herz-655259-Agentur3a-768x350.png 768w\" sizes=\"(max-width: 800px) 100vw, 800px\" \/><\/figure>\n<\/figure>\n\n\n<div class=\"wp-block-image wp-image-12450 size-full\">\n<figure class=\"aligncenter\"><img loading=\"lazy\" decoding=\"async\" width=\"800\" height=\"455\" src=\"https:\/\/www.designenlassen.de\/blog\/wp-content\/uploads\/2016\/05\/Blumen-Logo-S\u00fcsse-Momente-815247.png\" alt=\"Blumen Logo S\u00fcsse Momente 815247\" class=\"wp-image-12450\" srcset=\"https:\/\/www.designenlassen.de\/blog\/wp-content\/uploads\/2016\/05\/Blumen-Logo-S\u00fcsse-Momente-815247.png 800w, https:\/\/www.designenlassen.de\/blog\/wp-content\/uploads\/2016\/05\/Blumen-Logo-S\u00fcsse-Momente-815247-300x171.png 300w, https:\/\/www.designenlassen.de\/blog\/wp-content\/uploads\/2016\/05\/Blumen-Logo-S\u00fcsse-Momente-815247-768x437.png 768w\" sizes=\"(max-width: 800px) 100vw, 800px\" \/><figcaption class=\"wp-element-caption\"><a href=\"https:\/\/www.designenlassen.de\/815247-logo-design-fuer-cake-designerin-gesucht\" target=\"_blank\" rel=\"noopener noreferrer\">Kreatives Logo-Design f\u00fcr S\u00fcsse Momente<\/a><\/figcaption><\/figure>\n<\/div>\n\n\n<p><img loading=\"lazy\" decoding=\"async\" width=\"800\" height=\"364\" class=\"aligncenter size-full wp-image-12448\" src=\"https:\/\/www.designenlassen.de\/blog\/wp-content\/uploads\/2016\/05\/Blumen-Logo-Nat\u00fcrlich-Herzlich-269663.png\" alt=\"Blumen Logo Nat\u00fcrlich Herzlich 269663\" srcset=\"https:\/\/www.designenlassen.de\/blog\/wp-content\/uploads\/2016\/05\/Blumen-Logo-Nat\u00fcrlich-Herzlich-269663.png 800w, https:\/\/www.designenlassen.de\/blog\/wp-content\/uploads\/2016\/05\/Blumen-Logo-Nat\u00fcrlich-Herzlich-269663-300x137.png 300w, https:\/\/www.designenlassen.de\/blog\/wp-content\/uploads\/2016\/05\/Blumen-Logo-Nat\u00fcrlich-Herzlich-269663-768x349.png 768w\" sizes=\"(max-width: 800px) 100vw, 800px\" \/><\/p>\n\n\n\n<figure class=\"wp-block-gallery has-nested-images columns-2 is-cropped wp-block-gallery-3 is-layout-flex wp-block-gallery-is-layout-flex\">\n<figure class=\"wp-block-image size-large\"><img loading=\"lazy\" decoding=\"async\" width=\"1024\" height=\"853\" data-id=\"31520\" src=\"https:\/\/www.designenlassen.de\/blog\/wp-content\/uploads\/2024\/04\/designenlassen-blumenladen-logo-kwoka2-1024x853.jpeg\" alt=\"Logo f\u00fcr Blumenladen und Florist\" class=\"wp-image-31520\" srcset=\"https:\/\/www.designenlassen.de\/blog\/wp-content\/uploads\/2024\/04\/designenlassen-blumenladen-logo-kwoka2-1024x853.jpeg 1024w, https:\/\/www.designenlassen.de\/blog\/wp-content\/uploads\/2024\/04\/designenlassen-blumenladen-logo-kwoka2-300x250.jpeg 300w, https:\/\/www.designenlassen.de\/blog\/wp-content\/uploads\/2024\/04\/designenlassen-blumenladen-logo-kwoka2-768x640.jpeg 768w, https:\/\/www.designenlassen.de\/blog\/wp-content\/uploads\/2024\/04\/designenlassen-blumenladen-logo-kwoka2.jpeg 1200w\" sizes=\"(max-width: 1024px) 100vw, 1024px\" \/><\/figure>\n\n\n\n<figure class=\"wp-block-image size-large\"><img loading=\"lazy\" decoding=\"async\" width=\"1024\" height=\"1024\" data-id=\"31510\" src=\"https:\/\/www.designenlassen.de\/blog\/wp-content\/uploads\/2024\/04\/designenlassen-blumenladen-logo-bluetenglueck-1024x1024.jpeg\" alt=\"Logo f\u00fcr Blumenladen und Florist\" class=\"wp-image-31510\" srcset=\"https:\/\/www.designenlassen.de\/blog\/wp-content\/uploads\/2024\/04\/designenlassen-blumenladen-logo-bluetenglueck-1024x1024.jpeg 1024w, https:\/\/www.designenlassen.de\/blog\/wp-content\/uploads\/2024\/04\/designenlassen-blumenladen-logo-bluetenglueck-300x300.jpeg 300w, https:\/\/www.designenlassen.de\/blog\/wp-content\/uploads\/2024\/04\/designenlassen-blumenladen-logo-bluetenglueck-150x150.jpeg 150w, https:\/\/www.designenlassen.de\/blog\/wp-content\/uploads\/2024\/04\/designenlassen-blumenladen-logo-bluetenglueck-768x768.jpeg 768w, https:\/\/www.designenlassen.de\/blog\/wp-content\/uploads\/2024\/04\/designenlassen-blumenladen-logo-bluetenglueck.jpeg 1240w\" sizes=\"(max-width: 1024px) 100vw, 1024px\" \/><\/figure>\n\n\n\n<figure class=\"wp-block-image size-large\"><img loading=\"lazy\" decoding=\"async\" width=\"997\" height=\"1024\" data-id=\"31517\" src=\"https:\/\/www.designenlassen.de\/blog\/wp-content\/uploads\/2024\/04\/designenlassen-blumenladen-logo-flowerdream-997x1024.png\" alt=\"Logo f\u00fcr Blumenladen und Florist\" class=\"wp-image-31517\" srcset=\"https:\/\/www.designenlassen.de\/blog\/wp-content\/uploads\/2024\/04\/designenlassen-blumenladen-logo-flowerdream-997x1024.png 997w, https:\/\/www.designenlassen.de\/blog\/wp-content\/uploads\/2024\/04\/designenlassen-blumenladen-logo-flowerdream-292x300.png 292w, https:\/\/www.designenlassen.de\/blog\/wp-content\/uploads\/2024\/04\/designenlassen-blumenladen-logo-flowerdream-768x789.png 768w, https:\/\/www.designenlassen.de\/blog\/wp-content\/uploads\/2024\/04\/designenlassen-blumenladen-logo-flowerdream.png 1271w\" sizes=\"(max-width: 997px) 100vw, 997px\" \/><\/figure>\n\n\n\n<figure class=\"wp-block-image size-large\"><img loading=\"lazy\" decoding=\"async\" width=\"1024\" height=\"1001\" data-id=\"31512\" src=\"https:\/\/www.designenlassen.de\/blog\/wp-content\/uploads\/2024\/04\/designenlassen-blumenladen-logo-bluetenglueck2-1024x1001.png\" alt=\"Logo f\u00fcr Blumenladen und Florist\" class=\"wp-image-31512\" srcset=\"https:\/\/www.designenlassen.de\/blog\/wp-content\/uploads\/2024\/04\/designenlassen-blumenladen-logo-bluetenglueck2-1024x1001.png 1024w, https:\/\/www.designenlassen.de\/blog\/wp-content\/uploads\/2024\/04\/designenlassen-blumenladen-logo-bluetenglueck2-300x293.png 300w, https:\/\/www.designenlassen.de\/blog\/wp-content\/uploads\/2024\/04\/designenlassen-blumenladen-logo-bluetenglueck2-768x751.png 768w, https:\/\/www.designenlassen.de\/blog\/wp-content\/uploads\/2024\/04\/designenlassen-blumenladen-logo-bluetenglueck2.png 1305w\" sizes=\"(max-width: 1024px) 100vw, 1024px\" \/><\/figure>\n\n\n\n<figure class=\"wp-block-image size-large\"><img loading=\"lazy\" decoding=\"async\" width=\"1025\" height=\"569\" data-id=\"31507\" src=\"https:\/\/www.designenlassen.de\/blog\/wp-content\/uploads\/2024\/04\/designenlassen-blumenladen-logo-blumenmaedchen.jpeg\" alt=\"Logo f\u00fcr Blumenladen und Florist\" class=\"wp-image-31507\" srcset=\"https:\/\/www.designenlassen.de\/blog\/wp-content\/uploads\/2024\/04\/designenlassen-blumenladen-logo-blumenmaedchen.jpeg 1025w, https:\/\/www.designenlassen.de\/blog\/wp-content\/uploads\/2024\/04\/designenlassen-blumenladen-logo-blumenmaedchen-300x167.jpeg 300w, https:\/\/www.designenlassen.de\/blog\/wp-content\/uploads\/2024\/04\/designenlassen-blumenladen-logo-blumenmaedchen-768x426.jpeg 768w\" sizes=\"(max-width: 1025px) 100vw, 1025px\" \/><\/figure>\n<\/figure>\n\n\n\n<div class=\"wp-block-buttons is-content-justification-center is-layout-flex wp-container-core-buttons-is-layout-16018d1d wp-block-buttons-is-layout-flex\">\n<div class=\"wp-block-button is-style-fill\"><a class=\"wp-block-button__link has-white-color has-text-color has-background has-text-align-left wp-element-button\" href=\"https:\/\/www.designenlassen.de\/logo-design?utm_source=blog&amp;utm_medium=button&amp;utm_campaign=blog-beitraege\" style=\"background-color:#091182\">Jetzt Logo erstellen<\/a><\/div>\n<\/div>\n\n\n\n<div style=\"height:33px\" aria-hidden=\"true\" class=\"wp-block-spacer\"><\/div>\n\n\n\n<h2 class=\"wp-block-heading\">Individuelles G\u00e4rtnerei-Logo f\u00fcr Dein Unternehmen<\/h2>\n\n\n\n<p>Wenn die Sonne sich nach einem langen Winter so langsam wieder blicken l\u00e4sst und die Temperaturen wieder angenehm werden, sind meist schon die ersten Fr\u00fchlingsblumen zu sehen. Deine G\u00e4rtnerei ist der Wohlf\u00fchlort f\u00fcr alle Blumenliebhaber und sollte sowohl mit ihrer Auswahl an zahlreichen <a href=\"https:\/\/www.designenlassen.de\/blog\/25-pflanzen-logos-die-deinem-unternehmen-zum-wachstum-verhelfen\/\">Pflanzen<\/a>, als auch mit ihrem einzigartigen G\u00e4rtnerei-Logo \u00fcberzeugen.<\/p>\n\n\n<div class=\"wp-block-image wp-image-12453 size-full\">\n<figure class=\"aligncenter\"><img loading=\"lazy\" decoding=\"async\" width=\"800\" height=\"432\" src=\"https:\/\/www.designenlassen.de\/blog\/wp-content\/uploads\/2016\/05\/G\u00e4rtnerei-Logo-Benedict-Garten-213545.jpg\" alt=\"G\u00e4rtnerei Logo Benedict Garten 213545\" class=\"wp-image-12453\" srcset=\"https:\/\/www.designenlassen.de\/blog\/wp-content\/uploads\/2016\/05\/G\u00e4rtnerei-Logo-Benedict-Garten-213545.jpg 800w, https:\/\/www.designenlassen.de\/blog\/wp-content\/uploads\/2016\/05\/G\u00e4rtnerei-Logo-Benedict-Garten-213545-300x162.jpg 300w, https:\/\/www.designenlassen.de\/blog\/wp-content\/uploads\/2016\/05\/G\u00e4rtnerei-Logo-Benedict-Garten-213545-768x415.jpg 768w\" sizes=\"(max-width: 800px) 100vw, 800px\" \/><figcaption class=\"wp-element-caption\"><a href=\"https:\/\/www.designenlassen.de\/213545-logo-design-fuer-gaertnerei\" target=\"_blank\" rel=\"noopener noreferrer\">G\u00e4rtnerei Logo f\u00fcr Benedict Garten<\/a><\/figcaption><\/figure>\n<\/div>\n\n\n<figure class=\"wp-block-gallery has-nested-images columns-default is-cropped wp-block-gallery-4 is-layout-flex wp-block-gallery-is-layout-flex\">\n<figure class=\"wp-block-image size-large\"><img loading=\"lazy\" decoding=\"async\" width=\"338\" height=\"338\" data-id=\"12446\" src=\"https:\/\/www.designenlassen.de\/blog\/wp-content\/uploads\/2016\/05\/Blumen-Logo-GruenBlum-288224.png\" alt=\"Blumen Logo GruenBlum 288224\" class=\"wp-image-12446\" srcset=\"https:\/\/www.designenlassen.de\/blog\/wp-content\/uploads\/2016\/05\/Blumen-Logo-GruenBlum-288224.png 338w, https:\/\/www.designenlassen.de\/blog\/wp-content\/uploads\/2016\/05\/Blumen-Logo-GruenBlum-288224-150x150.png 150w, https:\/\/www.designenlassen.de\/blog\/wp-content\/uploads\/2016\/05\/Blumen-Logo-GruenBlum-288224-300x300.png 300w\" sizes=\"(max-width: 338px) 100vw, 338px\" \/><\/figure>\n\n\n\n<figure class=\"wp-block-image size-large\"><img loading=\"lazy\" decoding=\"async\" width=\"338\" height=\"338\" data-id=\"12441\" src=\"https:\/\/www.designenlassen.de\/blog\/wp-content\/uploads\/2016\/05\/Babyblumen-Blumen-Logo-991978.png\" alt=\"Babyblumen Blumen Logo 991978\" class=\"wp-image-12441\" srcset=\"https:\/\/www.designenlassen.de\/blog\/wp-content\/uploads\/2016\/05\/Babyblumen-Blumen-Logo-991978.png 338w, https:\/\/www.designenlassen.de\/blog\/wp-content\/uploads\/2016\/05\/Babyblumen-Blumen-Logo-991978-150x150.png 150w, https:\/\/www.designenlassen.de\/blog\/wp-content\/uploads\/2016\/05\/Babyblumen-Blumen-Logo-991978-300x300.png 300w\" sizes=\"(max-width: 338px) 100vw, 338px\" \/><\/figure>\n<\/figure>\n\n\n<div class=\"wp-block-image wp-image-12456 size-full\">\n<figure class=\"aligncenter\"><img loading=\"lazy\" decoding=\"async\" width=\"800\" height=\"357\" src=\"https:\/\/www.designenlassen.de\/blog\/wp-content\/uploads\/2016\/05\/G\u00e4rtnerei-Logo-Trabert-Gartenservice-661361.png\" alt=\"G\u00e4rtnerei Logo Trabert Gartenservice 661361\" class=\"wp-image-12456\" srcset=\"https:\/\/www.designenlassen.de\/blog\/wp-content\/uploads\/2016\/05\/G\u00e4rtnerei-Logo-Trabert-Gartenservice-661361.png 800w, https:\/\/www.designenlassen.de\/blog\/wp-content\/uploads\/2016\/05\/G\u00e4rtnerei-Logo-Trabert-Gartenservice-661361-300x134.png 300w, https:\/\/www.designenlassen.de\/blog\/wp-content\/uploads\/2016\/05\/G\u00e4rtnerei-Logo-Trabert-Gartenservice-661361-768x343.png 768w\" sizes=\"(max-width: 800px) 100vw, 800px\" \/><figcaption class=\"wp-element-caption\"><a href=\"https:\/\/www.designenlassen.de\/661361-gartenservice-sucht-design\" target=\"_blank\" rel=\"noopener noreferrer\">Trabert Haus- und Gartenservice ben\u00f6tigte ein Logo-Design<\/a><\/figcaption><\/figure>\n<\/div>\n\n\n<figure class=\"wp-block-gallery has-nested-images columns-default is-cropped wp-block-gallery-5 is-layout-flex wp-block-gallery-is-layout-flex\">\n<figure class=\"wp-block-image size-large\"><img loading=\"lazy\" decoding=\"async\" width=\"338\" height=\"338\" data-id=\"12457\" src=\"https:\/\/www.designenlassen.de\/blog\/wp-content\/uploads\/2016\/05\/G\u00e4rtnerei-Logo-Waldklamotten-386223.jpg\" alt=\"G\u00e4rtnerei Logo Waldklamotten 386223\" class=\"wp-image-12457\" srcset=\"https:\/\/www.designenlassen.de\/blog\/wp-content\/uploads\/2016\/05\/G\u00e4rtnerei-Logo-Waldklamotten-386223.jpg 338w, https:\/\/www.designenlassen.de\/blog\/wp-content\/uploads\/2016\/05\/G\u00e4rtnerei-Logo-Waldklamotten-386223-150x150.jpg 150w, https:\/\/www.designenlassen.de\/blog\/wp-content\/uploads\/2016\/05\/G\u00e4rtnerei-Logo-Waldklamotten-386223-300x300.jpg 300w\" sizes=\"(max-width: 338px) 100vw, 338px\" \/><\/figure>\n\n\n\n<figure class=\"wp-block-image size-large\"><img loading=\"lazy\" decoding=\"async\" width=\"338\" height=\"338\" data-id=\"12458\" src=\"https:\/\/www.designenlassen.de\/blog\/wp-content\/uploads\/2016\/05\/Gartenhaus-GmbH-G\u00e4rtnerei-Logo-251957.png\" alt=\"\" class=\"wp-image-12458\" srcset=\"https:\/\/www.designenlassen.de\/blog\/wp-content\/uploads\/2016\/05\/Gartenhaus-GmbH-G\u00e4rtnerei-Logo-251957.png 338w, https:\/\/www.designenlassen.de\/blog\/wp-content\/uploads\/2016\/05\/Gartenhaus-GmbH-G\u00e4rtnerei-Logo-251957-150x150.png 150w, https:\/\/www.designenlassen.de\/blog\/wp-content\/uploads\/2016\/05\/Gartenhaus-GmbH-G\u00e4rtnerei-Logo-251957-300x300.png 300w\" sizes=\"(max-width: 338px) 100vw, 338px\" \/><\/figure>\n<\/figure>\n\n\n<div class=\"wp-block-image\">\n<figure class=\"aligncenter\"><img loading=\"lazy\" decoding=\"async\" width=\"800\" height=\"400\" src=\"https:\/\/www.designenlassen.de\/blog\/wp-content\/uploads\/2016\/05\/G\u00e4rtnerei-Logo-HS-Kretschmer-433391.jpg\" alt=\"G\u00e4rtnerei Logo HS Kretschmer 433391\" class=\"wp-image-12459\" srcset=\"https:\/\/www.designenlassen.de\/blog\/wp-content\/uploads\/2016\/05\/G\u00e4rtnerei-Logo-HS-Kretschmer-433391.jpg 800w, https:\/\/www.designenlassen.de\/blog\/wp-content\/uploads\/2016\/05\/G\u00e4rtnerei-Logo-HS-Kretschmer-433391-300x150.jpg 300w, https:\/\/www.designenlassen.de\/blog\/wp-content\/uploads\/2016\/05\/G\u00e4rtnerei-Logo-HS-Kretschmer-433391-768x384.jpg 768w\" sizes=\"(max-width: 800px) 100vw, 800px\" \/><\/figure>\n<\/div>\n\n\n<figure class=\"wp-block-gallery has-nested-images columns-2 is-cropped wp-block-gallery-6 is-layout-flex wp-block-gallery-is-layout-flex\">\n<figure class=\"wp-block-image size-large\"><img loading=\"lazy\" decoding=\"async\" width=\"338\" height=\"338\" data-id=\"20545\" src=\"https:\/\/www.designenlassen.de\/blog\/wp-content\/uploads\/2020\/04\/Der-G\u00e4rtner-Sonnen-Logo-Design-319348-darkviruz.png\" alt=\"Der-G\u00e4rtner-Sonnen-Logo-Design\" class=\"wp-image-20545\" srcset=\"https:\/\/www.designenlassen.de\/blog\/wp-content\/uploads\/2020\/04\/Der-G\u00e4rtner-Sonnen-Logo-Design-319348-darkviruz.png 338w, https:\/\/www.designenlassen.de\/blog\/wp-content\/uploads\/2020\/04\/Der-G\u00e4rtner-Sonnen-Logo-Design-319348-darkviruz-300x300.png 300w, https:\/\/www.designenlassen.de\/blog\/wp-content\/uploads\/2020\/04\/Der-G\u00e4rtner-Sonnen-Logo-Design-319348-darkviruz-150x150.png 150w\" sizes=\"(max-width: 338px) 100vw, 338px\" \/><figcaption class=\"wp-element-caption\">Sonnen Logo von darkviruz<\/figcaption><\/figure>\n\n\n\n<figure class=\"wp-block-image size-large\"><img loading=\"lazy\" decoding=\"async\" width=\"338\" height=\"338\" data-id=\"13923\" src=\"https:\/\/www.designenlassen.de\/blog\/wp-content\/uploads\/2018\/10\/Der-G\u00e4rtner-Galabau-Philippi-319348-Logos-Landschaftsbau.jpg\" alt=\"Der G\u00e4rtner Galabau Philippi 319348 Logos Landschaftsbau\" class=\"wp-image-13923\" srcset=\"https:\/\/www.designenlassen.de\/blog\/wp-content\/uploads\/2018\/10\/Der-G\u00e4rtner-Galabau-Philippi-319348-Logos-Landschaftsbau.jpg 338w, https:\/\/www.designenlassen.de\/blog\/wp-content\/uploads\/2018\/10\/Der-G\u00e4rtner-Galabau-Philippi-319348-Logos-Landschaftsbau-150x150.jpg 150w, https:\/\/www.designenlassen.de\/blog\/wp-content\/uploads\/2018\/10\/Der-G\u00e4rtner-Galabau-Philippi-319348-Logos-Landschaftsbau-300x300.jpg 300w\" sizes=\"(max-width: 338px) 100vw, 338px\" \/><\/figure>\n\n\n\n<figure class=\"wp-block-image size-large\"><img loading=\"lazy\" decoding=\"async\" width=\"338\" height=\"338\" data-id=\"13771\" src=\"https:\/\/www.designenlassen.de\/blog\/wp-content\/uploads\/2018\/09\/Berthold-Pflanzen-Logo-G\u00e4rtnerei.jpg\" alt=\"Berthold Pflanzen Logo G\u00e4rtnerei\" class=\"wp-image-13771\" srcset=\"https:\/\/www.designenlassen.de\/blog\/wp-content\/uploads\/2018\/09\/Berthold-Pflanzen-Logo-G\u00e4rtnerei.jpg 338w, https:\/\/www.designenlassen.de\/blog\/wp-content\/uploads\/2018\/09\/Berthold-Pflanzen-Logo-G\u00e4rtnerei-150x150.jpg 150w, https:\/\/www.designenlassen.de\/blog\/wp-content\/uploads\/2018\/09\/Berthold-Pflanzen-Logo-G\u00e4rtnerei-300x300.jpg 300w\" sizes=\"(max-width: 338px) 100vw, 338px\" \/><\/figure>\n\n\n\n<figure class=\"wp-block-image size-large\"><img loading=\"lazy\" decoding=\"async\" width=\"338\" height=\"338\" data-id=\"13766\" src=\"https:\/\/www.designenlassen.de\/blog\/wp-content\/uploads\/2018\/09\/Pflanzen-Logo-Berthold-Natur-G\u00e4rtnerei.jpg\" alt=\"Pflanzen Logo Berthold Natur G\u00e4rtnerei\" class=\"wp-image-13766\" srcset=\"https:\/\/www.designenlassen.de\/blog\/wp-content\/uploads\/2018\/09\/Pflanzen-Logo-Berthold-Natur-G\u00e4rtnerei.jpg 338w, https:\/\/www.designenlassen.de\/blog\/wp-content\/uploads\/2018\/09\/Pflanzen-Logo-Berthold-Natur-G\u00e4rtnerei-150x150.jpg 150w, https:\/\/www.designenlassen.de\/blog\/wp-content\/uploads\/2018\/09\/Pflanzen-Logo-Berthold-Natur-G\u00e4rtnerei-300x300.jpg 300w\" sizes=\"(max-width: 338px) 100vw, 338px\" \/><\/figure>\n<\/figure>\n\n\n\n<h2 class=\"wp-block-heading\">Blumenladen-Logos, die sofort auffallen<\/h2>\n\n\n\n<p>Der perfekte Blumenstrau\u00df f\u00fcr den Muttertag oder den Geburtstag einer lieben Person &#8211; Dein Blumenladen ist der Ansprechpartner um die Ecke und sollte Deine Kunden von seiner Qualit\u00e4t \u00fcberzeugen. Das <strong>Blumenladen-Logo<\/strong> muss potenzielle Kunden im Vorbeigehen ansprechen und sollte auch f\u00fcr einen kurzen Blick klar erkennbar und einpr\u00e4gsam gestaltet sein. Geschwungene Linien, klares Design und eine perfekt kombinierte<a href=\"https:\/\/www.designenlassen.de\/blog\/wortmarke-vs-wort-bildmarke-das-musst-du-wissen\/\"> Wort- und Bildmarke<\/a> sind oftmals in Blumenladen <a href=\"https:\/\/www.designenlassen.de\/logo-design\">Logo-Designs<\/a> vorzufinden.<\/p>\n\n\n\n<p><img loading=\"lazy\" decoding=\"async\" class=\"aligncenter size-full wp-image-12473\" src=\"https:\/\/www.designenlassen.de\/blog\/wp-content\/uploads\/2016\/05\/Blumenladen-Logo-Design-Blumenschmiede-684232.png\" alt=\"Blumenladen Logo Design Blumenschmiede 684232\" width=\"800\" height=\"174\" srcset=\"https:\/\/www.designenlassen.de\/blog\/wp-content\/uploads\/2016\/05\/Blumenladen-Logo-Design-Blumenschmiede-684232.png 800w, https:\/\/www.designenlassen.de\/blog\/wp-content\/uploads\/2016\/05\/Blumenladen-Logo-Design-Blumenschmiede-684232-300x65.png 300w, https:\/\/www.designenlassen.de\/blog\/wp-content\/uploads\/2016\/05\/Blumenladen-Logo-Design-Blumenschmiede-684232-768x167.png 768w\" sizes=\"(max-width: 800px) 100vw, 800px\" \/><\/p>\n\n\n\n<figure class=\"wp-block-gallery has-nested-images columns-2 is-cropped wp-block-gallery-7 is-layout-flex wp-block-gallery-is-layout-flex\">\n<figure class=\"wp-block-image size-large\"><img loading=\"lazy\" decoding=\"async\" width=\"1024\" height=\"597\" data-id=\"31496\" src=\"https:\/\/www.designenlassen.de\/blog\/wp-content\/uploads\/2024\/04\/designenlassen-blumenladen-logo-unverbluemt-1024x597.jpeg\" alt=\"Logo f\u00fcr Blumenladen und Florist\" class=\"wp-image-31496\" srcset=\"https:\/\/www.designenlassen.de\/blog\/wp-content\/uploads\/2024\/04\/designenlassen-blumenladen-logo-unverbluemt-1024x597.jpeg 1024w, https:\/\/www.designenlassen.de\/blog\/wp-content\/uploads\/2024\/04\/designenlassen-blumenladen-logo-unverbluemt-300x175.jpeg 300w, https:\/\/www.designenlassen.de\/blog\/wp-content\/uploads\/2024\/04\/designenlassen-blumenladen-logo-unverbluemt-768x448.jpeg 768w, https:\/\/www.designenlassen.de\/blog\/wp-content\/uploads\/2024\/04\/designenlassen-blumenladen-logo-unverbluemt.jpeg 1300w\" sizes=\"(max-width: 1024px) 100vw, 1024px\" \/><\/figure>\n\n\n\n<figure class=\"wp-block-image size-large\"><img loading=\"lazy\" decoding=\"async\" width=\"1022\" height=\"999\" data-id=\"31489\" src=\"https:\/\/www.designenlassen.de\/blog\/wp-content\/uploads\/2024\/04\/designenlassen-blumenladen-logo-saarbluete.png\" alt=\"Logo f\u00fcr Blumenladen und Florist\" class=\"wp-image-31489\" srcset=\"https:\/\/www.designenlassen.de\/blog\/wp-content\/uploads\/2024\/04\/designenlassen-blumenladen-logo-saarbluete.png 1022w, https:\/\/www.designenlassen.de\/blog\/wp-content\/uploads\/2024\/04\/designenlassen-blumenladen-logo-saarbluete-300x293.png 300w, https:\/\/www.designenlassen.de\/blog\/wp-content\/uploads\/2024\/04\/designenlassen-blumenladen-logo-saarbluete-768x751.png 768w\" sizes=\"(max-width: 1022px) 100vw, 1022px\" \/><\/figure>\n\n\n\n<figure class=\"wp-block-image size-large\"><img loading=\"lazy\" decoding=\"async\" width=\"1024\" height=\"1024\" data-id=\"31491\" src=\"https:\/\/www.designenlassen.de\/blog\/wp-content\/uploads\/2024\/04\/designenlassen-blumenladen-logo-saarbluete3-1024x1024.jpeg\" alt=\"Logo f\u00fcr Blumenladen und Florist\" class=\"wp-image-31491\" srcset=\"https:\/\/www.designenlassen.de\/blog\/wp-content\/uploads\/2024\/04\/designenlassen-blumenladen-logo-saarbluete3-1024x1024.jpeg 1024w, https:\/\/www.designenlassen.de\/blog\/wp-content\/uploads\/2024\/04\/designenlassen-blumenladen-logo-saarbluete3-300x300.jpeg 300w, https:\/\/www.designenlassen.de\/blog\/wp-content\/uploads\/2024\/04\/designenlassen-blumenladen-logo-saarbluete3-150x150.jpeg 150w, https:\/\/www.designenlassen.de\/blog\/wp-content\/uploads\/2024\/04\/designenlassen-blumenladen-logo-saarbluete3-768x768.jpeg 768w, https:\/\/www.designenlassen.de\/blog\/wp-content\/uploads\/2024\/04\/designenlassen-blumenladen-logo-saarbluete3.jpeg 1240w\" sizes=\"(max-width: 1024px) 100vw, 1024px\" \/><\/figure>\n\n\n\n<figure class=\"wp-block-image size-large\"><img loading=\"lazy\" decoding=\"async\" width=\"338\" height=\"338\" data-id=\"21743\" src=\"https:\/\/www.designenlassen.de\/blog\/wp-content\/uploads\/2020\/08\/Floristik-Logo-Design-Annettes-Kreativwerkstatt-115132-achrafhamza.jpg\" alt=\"Floristik-Logo-Design-Annettes-Kreativwerkstatt\" class=\"wp-image-21743\" srcset=\"https:\/\/www.designenlassen.de\/blog\/wp-content\/uploads\/2020\/08\/Floristik-Logo-Design-Annettes-Kreativwerkstatt-115132-achrafhamza.jpg 338w, https:\/\/www.designenlassen.de\/blog\/wp-content\/uploads\/2020\/08\/Floristik-Logo-Design-Annettes-Kreativwerkstatt-115132-achrafhamza-300x300.jpg 300w, https:\/\/www.designenlassen.de\/blog\/wp-content\/uploads\/2020\/08\/Floristik-Logo-Design-Annettes-Kreativwerkstatt-115132-achrafhamza-150x150.jpg 150w\" sizes=\"(max-width: 338px) 100vw, 338px\" \/><figcaption class=\"wp-element-caption\">Blumenladen-Logo von achrafhamza<\/figcaption><\/figure>\n\n\n\n<figure class=\"wp-block-image size-large\"><img loading=\"lazy\" decoding=\"async\" width=\"1024\" height=\"956\" data-id=\"31515\" src=\"https:\/\/www.designenlassen.de\/blog\/wp-content\/uploads\/2024\/04\/designenlassen-blumenladen-logo-flensburger2-1024x956.png\" alt=\"Logo f\u00fcr Blumenladen und Florist\" class=\"wp-image-31515\" srcset=\"https:\/\/www.designenlassen.de\/blog\/wp-content\/uploads\/2024\/04\/designenlassen-blumenladen-logo-flensburger2-1024x956.png 1024w, https:\/\/www.designenlassen.de\/blog\/wp-content\/uploads\/2024\/04\/designenlassen-blumenladen-logo-flensburger2-300x280.png 300w, https:\/\/www.designenlassen.de\/blog\/wp-content\/uploads\/2024\/04\/designenlassen-blumenladen-logo-flensburger2-768x717.png 768w, https:\/\/www.designenlassen.de\/blog\/wp-content\/uploads\/2024\/04\/designenlassen-blumenladen-logo-flensburger2.png 1304w\" sizes=\"(max-width: 1024px) 100vw, 1024px\" \/><\/figure>\n\n\n\n<figure class=\"wp-block-image size-large\"><img loading=\"lazy\" decoding=\"async\" width=\"997\" height=\"1024\" data-id=\"31517\" src=\"https:\/\/www.designenlassen.de\/blog\/wp-content\/uploads\/2024\/04\/designenlassen-blumenladen-logo-flowerdream-997x1024.png\" alt=\"Logo f\u00fcr Blumenladen und Florist\" class=\"wp-image-31517\" srcset=\"https:\/\/www.designenlassen.de\/blog\/wp-content\/uploads\/2024\/04\/designenlassen-blumenladen-logo-flowerdream-997x1024.png 997w, https:\/\/www.designenlassen.de\/blog\/wp-content\/uploads\/2024\/04\/designenlassen-blumenladen-logo-flowerdream-292x300.png 292w, https:\/\/www.designenlassen.de\/blog\/wp-content\/uploads\/2024\/04\/designenlassen-blumenladen-logo-flowerdream-768x789.png 768w, https:\/\/www.designenlassen.de\/blog\/wp-content\/uploads\/2024\/04\/designenlassen-blumenladen-logo-flowerdream.png 1271w\" sizes=\"(max-width: 997px) 100vw, 997px\" \/><\/figure>\n<\/figure>\n\n\n<div class=\"wp-block-image wp-image-12474 size-full\">\n<figure class=\"aligncenter\"><img loading=\"lazy\" decoding=\"async\" width=\"800\" height=\"519\" src=\"https:\/\/www.designenlassen.de\/blog\/wp-content\/uploads\/2016\/05\/Blumenladen-Logo-Design-Nala-493587.jpg\" alt=\"Blumenladen Logo Design Nala 493587\" class=\"wp-image-12474\" srcset=\"https:\/\/www.designenlassen.de\/blog\/wp-content\/uploads\/2016\/05\/Blumenladen-Logo-Design-Nala-493587.jpg 800w, https:\/\/www.designenlassen.de\/blog\/wp-content\/uploads\/2016\/05\/Blumenladen-Logo-Design-Nala-493587-300x195.jpg 300w, https:\/\/www.designenlassen.de\/blog\/wp-content\/uploads\/2016\/05\/Blumenladen-Logo-Design-Nala-493587-768x498.jpg 768w\" sizes=\"(max-width: 800px) 100vw, 800px\" \/><figcaption class=\"wp-element-caption\"><a href=\"https:\/\/www.designenlassen.de\/493587-logodesign-fuer-meinen-blumenladen-mit-fluegel-desingt\" target=\"_blank\" rel=\"noopener noreferrer\">Blumenladen Logo f\u00fcr Nala Flowers &amp; Home<\/a><\/figcaption><\/figure>\n<\/div>\n\n\n<p><img loading=\"lazy\" decoding=\"async\" class=\"alignnone size-full wp-image-12475\" src=\"https:\/\/www.designenlassen.de\/blog\/wp-content\/uploads\/2016\/05\/sbesondere-Eck-Blumenladen-Logo-961677.png\" alt=\"\" width=\"338\" height=\"338\" srcset=\"https:\/\/www.designenlassen.de\/blog\/wp-content\/uploads\/2016\/05\/sbesondere-Eck-Blumenladen-Logo-961677.png 338w, https:\/\/www.designenlassen.de\/blog\/wp-content\/uploads\/2016\/05\/sbesondere-Eck-Blumenladen-Logo-961677-150x150.png 150w, https:\/\/www.designenlassen.de\/blog\/wp-content\/uploads\/2016\/05\/sbesondere-Eck-Blumenladen-Logo-961677-300x300.png 300w\" sizes=\"(max-width: 338px) 100vw, 338px\" \/><img loading=\"lazy\" decoding=\"async\" class=\"alignnone size-full wp-image-12469\" style=\"font-size: 16px;\" src=\"https:\/\/www.designenlassen.de\/blog\/wp-content\/uploads\/2016\/05\/Blumenlade-Logo-Schollis-Blumenscheune-912242.png\" alt=\"Blumenlade Logo Schollis Blumenscheune 912242\" width=\"338\" height=\"338\" srcset=\"https:\/\/www.designenlassen.de\/blog\/wp-content\/uploads\/2016\/05\/Blumenlade-Logo-Schollis-Blumenscheune-912242.png 338w, https:\/\/www.designenlassen.de\/blog\/wp-content\/uploads\/2016\/05\/Blumenlade-Logo-Schollis-Blumenscheune-912242-150x150.png 150w, https:\/\/www.designenlassen.de\/blog\/wp-content\/uploads\/2016\/05\/Blumenlade-Logo-Schollis-Blumenscheune-912242-300x300.png 300w\" sizes=\"(max-width: 338px) 100vw, 338px\" \/><img loading=\"lazy\" decoding=\"async\" class=\"aligncenter size-full wp-image-12470\" src=\"https:\/\/www.designenlassen.de\/blog\/wp-content\/uploads\/2016\/05\/Blumenladen-Blumen-Momente-GmbH-864772.png\" alt=\"Blumenladen Blumen Momente GmbH 864772\" width=\"800\" height=\"576\" srcset=\"https:\/\/www.designenlassen.de\/blog\/wp-content\/uploads\/2016\/05\/Blumenladen-Blumen-Momente-GmbH-864772.png 800w, https:\/\/www.designenlassen.de\/blog\/wp-content\/uploads\/2016\/05\/Blumenladen-Blumen-Momente-GmbH-864772-300x216.png 300w, https:\/\/www.designenlassen.de\/blog\/wp-content\/uploads\/2016\/05\/Blumenladen-Blumen-Momente-GmbH-864772-768x553.png 768w\" sizes=\"(max-width: 800px) 100vw, 800px\" \/><img loading=\"lazy\" decoding=\"async\" class=\"alignnone size-full wp-image-12472\" style=\"font-size: 16px;\" src=\"https:\/\/www.designenlassen.de\/blog\/wp-content\/uploads\/2016\/05\/Blumenladen-Logo-Design-Blumenhandel-Beuler-546137.png\" alt=\"Blumenladen Logo Design Blumenhandel Beuler 546137\" width=\"338\" height=\"338\" srcset=\"https:\/\/www.designenlassen.de\/blog\/wp-content\/uploads\/2016\/05\/Blumenladen-Logo-Design-Blumenhandel-Beuler-546137.png 338w, https:\/\/www.designenlassen.de\/blog\/wp-content\/uploads\/2016\/05\/Blumenladen-Logo-Design-Blumenhandel-Beuler-546137-150x150.png 150w, https:\/\/www.designenlassen.de\/blog\/wp-content\/uploads\/2016\/05\/Blumenladen-Logo-Design-Blumenhandel-Beuler-546137-300x300.png 300w\" sizes=\"(max-width: 338px) 100vw, 338px\" \/><img loading=\"lazy\" decoding=\"async\" class=\"alignnone size-full wp-image-12471\" style=\"font-size: 16px;\" src=\"https:\/\/www.designenlassen.de\/blog\/wp-content\/uploads\/2016\/05\/Blumenladen-Logo-Blumen-M-und-R-262875.jpg\" alt=\"Blumenladen Logo Blumen M und R 262875\" width=\"338\" height=\"338\" srcset=\"https:\/\/www.designenlassen.de\/blog\/wp-content\/uploads\/2016\/05\/Blumenladen-Logo-Blumen-M-und-R-262875.jpg 338w, https:\/\/www.designenlassen.de\/blog\/wp-content\/uploads\/2016\/05\/Blumenladen-Logo-Blumen-M-und-R-262875-150x150.jpg 150w, https:\/\/www.designenlassen.de\/blog\/wp-content\/uploads\/2016\/05\/Blumenladen-Logo-Blumen-M-und-R-262875-300x300.jpg 300w\" sizes=\"(max-width: 338px) 100vw, 338px\" \/><\/p>\n\n\n\n<div class=\"wp-block-buttons is-content-justification-center is-layout-flex wp-container-core-buttons-is-layout-16018d1d wp-block-buttons-is-layout-flex\">\n<div class=\"wp-block-button is-style-fill\"><a class=\"wp-block-button__link has-white-color has-text-color has-background has-text-align-left wp-element-button\" href=\"https:\/\/www.designenlassen.de\/logo-design?utm_source=blog&amp;utm_medium=button&amp;utm_campaign=blog-beitraege\" style=\"background-color:#091182\">Jetzt Logo erstellen<\/a><\/div>\n<\/div>\n\n\n\n<div style=\"height:35px\" aria-hidden=\"true\" class=\"wp-block-spacer\"><\/div>\n\n\n\n<h2 class=\"wp-block-heading\">Gartenbau- und Landschaftsbau-Logo<\/h2>\n\n\n\n<p>Das ansprechende Pflanzen-Logo f\u00fcr das Gartenbau oder Landschaftsbau Unternehmen ist meist einfach und klassisch, aber dennoch kreativ gestaltet. Ein vorwiegend an gr\u00fcnen oder braunen <a href=\"https:\/\/www.designenlassen.de\/blog\/farben-und-ihre-bedeutung\/\">Farbt\u00f6nen<\/a> orientiertes Design ist besonders beliebt und verspricht eine Identifikation mit Deinem T\u00e4tigkeitsfeld. Wir haben Dir einige Beispiele f\u00fcr ein ansprechendes Gartenbau und Landschaftsbau Logo-Design zusammengesucht, die sich alle durch ihre Einzigartigkeit von der Konkurrenz unterscheiden.<\/p>\n\n\n<div class=\"wp-block-image wp-image-12460 size-full\">\n<figure class=\"aligncenter\"><img loading=\"lazy\" decoding=\"async\" width=\"800\" height=\"348\" src=\"https:\/\/www.designenlassen.de\/blog\/wp-content\/uploads\/2016\/05\/Gartenbau-Landschaftsbau-Logo-Design-Nadelwald-286457.jpg\" alt=\"Gartenbau Landschaftsbau Logo Design Nadelwald 286457\" class=\"wp-image-12460\" srcset=\"https:\/\/www.designenlassen.de\/blog\/wp-content\/uploads\/2016\/05\/Gartenbau-Landschaftsbau-Logo-Design-Nadelwald-286457.jpg 800w, https:\/\/www.designenlassen.de\/blog\/wp-content\/uploads\/2016\/05\/Gartenbau-Landschaftsbau-Logo-Design-Nadelwald-286457-300x131.jpg 300w, https:\/\/www.designenlassen.de\/blog\/wp-content\/uploads\/2016\/05\/Gartenbau-Landschaftsbau-Logo-Design-Nadelwald-286457-768x334.jpg 768w\" sizes=\"(max-width: 800px) 100vw, 800px\" \/><figcaption class=\"wp-element-caption\"><a href=\"https:\/\/www.designenlassen.de\/286457-neues-logo-fuer-einen\" target=\"_blank\" rel=\"noopener noreferrer\">Gartenbau und Landschaftsbau Logo Design f\u00fcr nadelwald.at<\/a><\/figcaption><\/figure>\n<\/div>\n\n\n<figure class=\"wp-block-gallery has-nested-images columns-default is-cropped wp-block-gallery-8 is-layout-flex wp-block-gallery-is-layout-flex\">\n<figure class=\"wp-block-image size-large\"><img loading=\"lazy\" decoding=\"async\" width=\"338\" height=\"338\" data-id=\"12461\" src=\"https:\/\/www.designenlassen.de\/blog\/wp-content\/uploads\/2016\/05\/Gartenbau-Landschaftsbau-Logo-Design-Ahrens-Blumen-und-Pflanzen-675399.jpg\" alt=\"Gartenbau Landschaftsbau Logo Design Ahrens Blumen und Pflanzen 675399\" class=\"wp-image-12461\" srcset=\"https:\/\/www.designenlassen.de\/blog\/wp-content\/uploads\/2016\/05\/Gartenbau-Landschaftsbau-Logo-Design-Ahrens-Blumen-und-Pflanzen-675399.jpg 338w, https:\/\/www.designenlassen.de\/blog\/wp-content\/uploads\/2016\/05\/Gartenbau-Landschaftsbau-Logo-Design-Ahrens-Blumen-und-Pflanzen-675399-150x150.jpg 150w, https:\/\/www.designenlassen.de\/blog\/wp-content\/uploads\/2016\/05\/Gartenbau-Landschaftsbau-Logo-Design-Ahrens-Blumen-und-Pflanzen-675399-300x300.jpg 300w\" sizes=\"(max-width: 338px) 100vw, 338px\" \/><\/figure>\n\n\n\n<figure class=\"wp-block-image size-full\"><img loading=\"lazy\" decoding=\"async\" width=\"338\" height=\"338\" data-id=\"12466\" src=\"https:\/\/www.designenlassen.de\/blog\/wp-content\/uploads\/2016\/05\/Logo-Design-f\u00fcr-Gartenbau-Landschaftsbau-286457.png\" alt=\"Logo-Design f\u00fcr Gartenbau Landschaftsbau 286457\" class=\"wp-image-12466\" srcset=\"https:\/\/www.designenlassen.de\/blog\/wp-content\/uploads\/2016\/05\/Logo-Design-f\u00fcr-Gartenbau-Landschaftsbau-286457.png 338w, https:\/\/www.designenlassen.de\/blog\/wp-content\/uploads\/2016\/05\/Logo-Design-f\u00fcr-Gartenbau-Landschaftsbau-286457-150x150.png 150w, https:\/\/www.designenlassen.de\/blog\/wp-content\/uploads\/2016\/05\/Logo-Design-f\u00fcr-Gartenbau-Landschaftsbau-286457-300x300.png 300w\" sizes=\"(max-width: 338px) 100vw, 338px\" \/><\/figure>\n<\/figure>\n\n\n<div class=\"wp-block-image\">\n<figure class=\"aligncenter\"><img loading=\"lazy\" decoding=\"async\" width=\"800\" height=\"542\" src=\"https:\/\/www.designenlassen.de\/blog\/wp-content\/uploads\/2016\/05\/Landschaftsbau-Gartenbau-Werners-434794.jpg\" alt=\"Landschaftsbau Gartenbau Werners 434794\" class=\"wp-image-12467\" srcset=\"https:\/\/www.designenlassen.de\/blog\/wp-content\/uploads\/2016\/05\/Landschaftsbau-Gartenbau-Werners-434794.jpg 800w, https:\/\/www.designenlassen.de\/blog\/wp-content\/uploads\/2016\/05\/Landschaftsbau-Gartenbau-Werners-434794-300x203.jpg 300w, https:\/\/www.designenlassen.de\/blog\/wp-content\/uploads\/2016\/05\/Landschaftsbau-Gartenbau-Werners-434794-768x520.jpg 768w\" sizes=\"(max-width: 800px) 100vw, 800px\" \/><\/figure>\n<\/div>\n\n\n<figure class=\"wp-block-gallery has-nested-images columns-default is-cropped wp-block-gallery-9 is-layout-flex wp-block-gallery-is-layout-flex\">\n<figure class=\"wp-block-image size-large\"><img loading=\"lazy\" decoding=\"async\" width=\"338\" height=\"338\" data-id=\"12465\" src=\"https:\/\/www.designenlassen.de\/blog\/wp-content\/uploads\/2016\/05\/Logo-Gartenbau-und-Landschaftsbau-Andreas-L\u00f6sch-136437.jpg\" alt=\"Logo Gartenbau und Landschaftsbau Andreas L\u00f6sch 136437\" class=\"wp-image-12465\" srcset=\"https:\/\/www.designenlassen.de\/blog\/wp-content\/uploads\/2016\/05\/Logo-Gartenbau-und-Landschaftsbau-Andreas-L\u00f6sch-136437.jpg 338w, https:\/\/www.designenlassen.de\/blog\/wp-content\/uploads\/2016\/05\/Logo-Gartenbau-und-Landschaftsbau-Andreas-L\u00f6sch-136437-150x150.jpg 150w, https:\/\/www.designenlassen.de\/blog\/wp-content\/uploads\/2016\/05\/Logo-Gartenbau-und-Landschaftsbau-Andreas-L\u00f6sch-136437-300x300.jpg 300w\" sizes=\"(max-width: 338px) 100vw, 338px\" \/><\/figure>\n\n\n\n<figure class=\"wp-block-image size-large\"><img loading=\"lazy\" decoding=\"async\" width=\"338\" height=\"338\" data-id=\"12463\" src=\"https:\/\/www.designenlassen.de\/blog\/wp-content\/uploads\/2016\/05\/Gartenbau-und-Landschaftsbau-Logo-Design-Dannenberg-857428-1.png\" alt=\"Gartenbau und Landschaftsbau Logo Design Dannenberg 857428\" class=\"wp-image-12463\" srcset=\"https:\/\/www.designenlassen.de\/blog\/wp-content\/uploads\/2016\/05\/Gartenbau-und-Landschaftsbau-Logo-Design-Dannenberg-857428-1.png 338w, https:\/\/www.designenlassen.de\/blog\/wp-content\/uploads\/2016\/05\/Gartenbau-und-Landschaftsbau-Logo-Design-Dannenberg-857428-1-150x150.png 150w, https:\/\/www.designenlassen.de\/blog\/wp-content\/uploads\/2016\/05\/Gartenbau-und-Landschaftsbau-Logo-Design-Dannenberg-857428-1-300x300.png 300w\" sizes=\"(max-width: 338px) 100vw, 338px\" \/><\/figure>\n<\/figure>\n\n\n<div class=\"wp-block-image\">\n<figure class=\"aligncenter\"><img loading=\"lazy\" decoding=\"async\" width=\"800\" height=\"362\" src=\"https:\/\/www.designenlassen.de\/blog\/wp-content\/uploads\/2016\/05\/Logo-Design-Gartenbau-Landschaftsbau-Riekenbrauck-925728.jpg\" alt=\"Logo-Design Gartenbau Landschaftsbau Riekenbrauck 925728\" class=\"wp-image-12468\" srcset=\"https:\/\/www.designenlassen.de\/blog\/wp-content\/uploads\/2016\/05\/Logo-Design-Gartenbau-Landschaftsbau-Riekenbrauck-925728.jpg 800w, https:\/\/www.designenlassen.de\/blog\/wp-content\/uploads\/2016\/05\/Logo-Design-Gartenbau-Landschaftsbau-Riekenbrauck-925728-300x136.jpg 300w, https:\/\/www.designenlassen.de\/blog\/wp-content\/uploads\/2016\/05\/Logo-Design-Gartenbau-Landschaftsbau-Riekenbrauck-925728-768x348.jpg 768w\" sizes=\"(max-width: 800px) 100vw, 800px\" \/><\/figure>\n<\/div>\n\n<div class=\"wp-block-image\">\n<figure class=\"aligncenter\"><img loading=\"lazy\" decoding=\"async\" width=\"800\" height=\"423\" src=\"https:\/\/www.designenlassen.de\/blog\/wp-content\/uploads\/2016\/05\/Gartenbau-Landschaftsbau-Thomas-Schwarz-542763.png\" alt=\"Gartenbau Landschaftsbau Thomas Schwarz 542763\" class=\"wp-image-12464\" srcset=\"https:\/\/www.designenlassen.de\/blog\/wp-content\/uploads\/2016\/05\/Gartenbau-Landschaftsbau-Thomas-Schwarz-542763.png 800w, https:\/\/www.designenlassen.de\/blog\/wp-content\/uploads\/2016\/05\/Gartenbau-Landschaftsbau-Thomas-Schwarz-542763-300x159.png 300w, https:\/\/www.designenlassen.de\/blog\/wp-content\/uploads\/2016\/05\/Gartenbau-Landschaftsbau-Thomas-Schwarz-542763-768x406.png 768w\" sizes=\"(max-width: 800px) 100vw, 800px\" \/><\/figure>\n<\/div>\n\n\n<h2 class=\"wp-block-heading\">Fazit: Blumen-Logo erstellen lassen<\/h2>\n\n\n\n<p>Mit einem professionellen Blumen-Logo sorgst Du f\u00fcr maximale Aufmerksamkeit und legst den Grundstein f\u00fcr eine starke Au\u00dfendarstellung.<\/p>\n\n\n\n<p>So einfach geht\u00b4s: In nur kurzer Zeit kreieren Dir unsere Profi-Designer zahlreiche individuelle Logo-Entw\u00fcrfe nach Deinen W\u00fcnschen. Anschlie\u00dfend kannst Du ganz bequem aus all den Vorschl\u00e4gen Deinen Favoriten ausw\u00e4hlen. Du bekommst ein&nbsp;<strong>100% einzigartiges Logo&nbsp;<\/strong>und keine 0815-Vorlagen, die bereits 1000ende male verwendet werden. Neugierig? Dann entdecke hier Dein neues Logo-Design:<\/p>\n\n\n\n<div class=\"wp-block-buttons is-content-justification-center is-layout-flex wp-container-core-buttons-is-layout-16018d1d wp-block-buttons-is-layout-flex\">\n<div class=\"wp-block-button is-style-fill\"><a class=\"wp-block-button__link has-white-color has-text-color has-background has-text-align-left wp-element-button\" href=\"https:\/\/www.designenlassen.de\/logo-design?utm_source=blog&amp;utm_medium=button&amp;utm_campaign=blog-beitraege\" style=\"background-color:#091182\">Jetzt Logo erstellen<\/a><\/div>\n<\/div>\n\n\n\n<div style=\"height:32px\" aria-hidden=\"true\" class=\"wp-block-spacer\"><\/div>\n\n\n\n<p>Wir hoffen, wir konnten Dich mit unseren Blumen Logos und Pflanzen Logos f\u00fcr Dein Unternehmen inspirieren und w\u00fcnschen Dir weiterhin noch viel Erfolg! \ud83d\ude42<\/p>\n\n\n\n<p><strong>N\u00fctzliche Links:<\/strong><\/p>\n\n\n\n<ul class=\"wp-block-list\">\n<li><a href=\"https:\/\/www.designenlassen.de\/blog\/logo-erstellen-top-firmenlogo-einfach-entwerfen\/\">Firmenloge erstellen: Tipps und Beispiele<\/a><\/li>\n\n\n\n<li><a href=\"https:\/\/www.designenlassen.de\/blog\/logo-entwicklung-leicht-gemacht-8-aspekte-die-man-unbedingt-beachten-sollte\/\">7 Schritte bei der Logoentwicklung<\/a><\/li>\n\n\n\n<li><a href=\"https:\/\/www.designenlassen.de\/blog\/welche-logo-design-kosten-kommen-auf-dich-zu-tipps-fuer-gruender\/\">Was kostet ein Logo-Design?<\/a><\/li>\n<\/ul>\n","protected":false},"excerpt":{"rendered":"<p>Mit der bunten Farbenpracht ist Dein Logo-Design der Hingucker schlecht hin. Kreative und einzigartige Gestaltung, s\u00fc\u00dfe&hellip;<\/p>\n","protected":false},"author":24,"featured_media":12452,"comment_status":"open","ping_status":"open","sticky":false,"template":"","format":"standard","meta":{"_lmt_disableupdate":"","_lmt_disable":"","footnotes":""},"categories":[19],"tags":[],"class_list":["post-6629","post","type-post","status-publish","format-standard","has-post-thumbnail","hentry","category-inspiration"],"yoast_head":"<!-- This site is optimized with the Yoast SEO plugin v26.7 - https:\/\/yoast.com\/wordpress\/plugins\/seo\/ -->\n<title>43+ Einzigartige Blumen, Pflanzen &amp; Garten Logos<\/title>\n<meta name=\"description\" content=\"In unserer Garten- und Blumen- Logo-Galerie pr\u00e4sentieren wir Dir die sch\u00f6nsten Designs, die bei designenlassen.de hierzu erstellt wurden.\" \/>\n<meta name=\"robots\" content=\"index, follow, max-snippet:-1, max-image-preview:large, max-video-preview:-1\" \/>\n<link rel=\"canonical\" href=\"https:\/\/www.designenlassen.de\/blog\/30-garten-und-blumen-logos-die-den-fruehling-bringen\/\" \/>\n<meta property=\"og:locale\" content=\"de_DE\" \/>\n<meta property=\"og:type\" content=\"article\" \/>\n<meta property=\"og:title\" content=\"43+ Einzigartige Blumen, Pflanzen &amp; Garten Logos\" \/>\n<meta property=\"og:description\" content=\"In unserer Garten- und Blumen- Logo-Galerie pr\u00e4sentieren wir Dir die sch\u00f6nsten Designs, die bei designenlassen.de hierzu erstellt wurden.\" \/>\n<meta property=\"og:url\" content=\"https:\/\/www.designenlassen.de\/blog\/30-garten-und-blumen-logos-die-den-fruehling-bringen\/\" \/>\n<meta property=\"og:site_name\" content=\"designenlassen.de Blog\" \/>\n<meta property=\"article:published_time\" content=\"2024-07-11T09:21:00+00:00\" \/>\n<meta property=\"article:modified_time\" content=\"2024-07-12T06:39:47+00:00\" \/>\n<meta property=\"og:image\" content=\"https:\/\/www.designenlassen.de\/blog\/wp-content\/uploads\/2016\/05\/13_761379.png\" \/>\n\t<meta property=\"og:image:width\" content=\"709\" \/>\n\t<meta property=\"og:image:height\" content=\"545\" \/>\n\t<meta property=\"og:image:type\" content=\"image\/png\" \/>\n<meta name=\"author\" content=\"Patrick Schady\" \/>\n<meta name=\"twitter:card\" content=\"summary_large_image\" \/>\n<meta name=\"twitter:label1\" content=\"Verfasst von\" \/>\n\t<meta name=\"twitter:data1\" content=\"Patrick Schady\" \/>\n\t<meta name=\"twitter:label2\" content=\"Gesch\u00e4tzte Lesezeit\" \/>\n\t<meta name=\"twitter:data2\" content=\"13\u00a0Minuten\" \/>\n<script type=\"application\/ld+json\" class=\"yoast-schema-graph\">{\"@context\":\"https:\/\/schema.org\",\"@graph\":[{\"@type\":\"Article\",\"@id\":\"https:\/\/www.designenlassen.de\/blog\/30-garten-und-blumen-logos-die-den-fruehling-bringen\/#article\",\"isPartOf\":{\"@id\":\"https:\/\/www.designenlassen.de\/blog\/30-garten-und-blumen-logos-die-den-fruehling-bringen\/\"},\"author\":{\"name\":\"Patrick Schady\",\"@id\":\"https:\/\/www.designenlassen.de\/blog\/#\/schema\/person\/1e6e4a367ec0359155d5fbb01227c1ca\"},\"headline\":\"43 Blumen Logos, die f\u00fcr gute Stimmung sorgen\",\"datePublished\":\"2024-07-11T09:21:00+00:00\",\"dateModified\":\"2024-07-12T06:39:47+00:00\",\"mainEntityOfPage\":{\"@id\":\"https:\/\/www.designenlassen.de\/blog\/30-garten-und-blumen-logos-die-den-fruehling-bringen\/\"},\"wordCount\":594,\"commentCount\":0,\"image\":{\"@id\":\"https:\/\/www.designenlassen.de\/blog\/30-garten-und-blumen-logos-die-den-fruehling-bringen\/#primaryimage\"},\"thumbnailUrl\":\"https:\/\/www.designenlassen.de\/blog\/wp-content\/uploads\/2016\/05\/13_761379.png\",\"articleSection\":[\"Design-Galerien\"],\"inLanguage\":\"de\",\"potentialAction\":[{\"@type\":\"CommentAction\",\"name\":\"Comment\",\"target\":[\"https:\/\/www.designenlassen.de\/blog\/30-garten-und-blumen-logos-die-den-fruehling-bringen\/#respond\"]}]},{\"@type\":\"WebPage\",\"@id\":\"https:\/\/www.designenlassen.de\/blog\/30-garten-und-blumen-logos-die-den-fruehling-bringen\/\",\"url\":\"https:\/\/www.designenlassen.de\/blog\/30-garten-und-blumen-logos-die-den-fruehling-bringen\/\",\"name\":\"43+ Einzigartige Blumen, Pflanzen & Garten Logos\",\"isPartOf\":{\"@id\":\"https:\/\/www.designenlassen.de\/blog\/#website\"},\"primaryImageOfPage\":{\"@id\":\"https:\/\/www.designenlassen.de\/blog\/30-garten-und-blumen-logos-die-den-fruehling-bringen\/#primaryimage\"},\"image\":{\"@id\":\"https:\/\/www.designenlassen.de\/blog\/30-garten-und-blumen-logos-die-den-fruehling-bringen\/#primaryimage\"},\"thumbnailUrl\":\"https:\/\/www.designenlassen.de\/blog\/wp-content\/uploads\/2016\/05\/13_761379.png\",\"datePublished\":\"2024-07-11T09:21:00+00:00\",\"dateModified\":\"2024-07-12T06:39:47+00:00\",\"author\":{\"@id\":\"https:\/\/www.designenlassen.de\/blog\/#\/schema\/person\/1e6e4a367ec0359155d5fbb01227c1ca\"},\"description\":\"In unserer Garten- und Blumen- Logo-Galerie pr\u00e4sentieren wir Dir die sch\u00f6nsten Designs, die bei designenlassen.de hierzu erstellt wurden.\",\"breadcrumb\":{\"@id\":\"https:\/\/www.designenlassen.de\/blog\/30-garten-und-blumen-logos-die-den-fruehling-bringen\/#breadcrumb\"},\"inLanguage\":\"de\",\"potentialAction\":[{\"@type\":\"ReadAction\",\"target\":[\"https:\/\/www.designenlassen.de\/blog\/30-garten-und-blumen-logos-die-den-fruehling-bringen\/\"]}]},{\"@type\":\"ImageObject\",\"inLanguage\":\"de\",\"@id\":\"https:\/\/www.designenlassen.de\/blog\/30-garten-und-blumen-logos-die-den-fruehling-bringen\/#primaryimage\",\"url\":\"https:\/\/www.designenlassen.de\/blog\/wp-content\/uploads\/2016\/05\/13_761379.png\",\"contentUrl\":\"https:\/\/www.designenlassen.de\/blog\/wp-content\/uploads\/2016\/05\/13_761379.png\",\"width\":709,\"height\":545},{\"@type\":\"BreadcrumbList\",\"@id\":\"https:\/\/www.designenlassen.de\/blog\/30-garten-und-blumen-logos-die-den-fruehling-bringen\/#breadcrumb\",\"itemListElement\":[{\"@type\":\"ListItem\",\"position\":1,\"name\":\"Start\",\"item\":\"https:\/\/www.designenlassen.de\/blog\/\"},{\"@type\":\"ListItem\",\"position\":2,\"name\":\"43 Blumen Logos, die f\u00fcr gute Stimmung sorgen\"}]},{\"@type\":\"WebSite\",\"@id\":\"https:\/\/www.designenlassen.de\/blog\/#website\",\"url\":\"https:\/\/www.designenlassen.de\/blog\/\",\"name\":\"designenlassen.de Blog\",\"description\":\"Inspirationen, Tipps und Ideen f\u00fcr Designer sowie Gr\u00fcnder und Kleinbetriebe.\",\"potentialAction\":[{\"@type\":\"SearchAction\",\"target\":{\"@type\":\"EntryPoint\",\"urlTemplate\":\"https:\/\/www.designenlassen.de\/blog\/?s={search_term_string}\"},\"query-input\":{\"@type\":\"PropertyValueSpecification\",\"valueRequired\":true,\"valueName\":\"search_term_string\"}}],\"inLanguage\":\"de\"},{\"@type\":\"Person\",\"@id\":\"https:\/\/www.designenlassen.de\/blog\/#\/schema\/person\/1e6e4a367ec0359155d5fbb01227c1ca\",\"name\":\"Patrick Schady\",\"image\":{\"@type\":\"ImageObject\",\"inLanguage\":\"de\",\"@id\":\"https:\/\/www.designenlassen.de\/blog\/#\/schema\/person\/image\/\",\"url\":\"https:\/\/secure.gravatar.com\/avatar\/41cfafecfbfd30ee6bc4cc02dd530ef067050210239f1d60debda10ce9c038d7?s=96&d=mm&r=g\",\"contentUrl\":\"https:\/\/secure.gravatar.com\/avatar\/41cfafecfbfd30ee6bc4cc02dd530ef067050210239f1d60debda10ce9c038d7?s=96&d=mm&r=g\",\"caption\":\"Patrick Schady\"},\"url\":\"https:\/\/www.designenlassen.de\/blog\/author\/patrick\/\"}]}<\/script>\n<!-- \/ Yoast SEO plugin. -->","yoast_head_json":{"title":"43+ Einzigartige Blumen, Pflanzen & Garten Logos","description":"In unserer Garten- und Blumen- Logo-Galerie pr\u00e4sentieren wir Dir die sch\u00f6nsten Designs, die bei designenlassen.de hierzu erstellt wurden.","robots":{"index":"index","follow":"follow","max-snippet":"max-snippet:-1","max-image-preview":"max-image-preview:large","max-video-preview":"max-video-preview:-1"},"canonical":"https:\/\/www.designenlassen.de\/blog\/30-garten-und-blumen-logos-die-den-fruehling-bringen\/","og_locale":"de_DE","og_type":"article","og_title":"43+ Einzigartige Blumen, Pflanzen & Garten Logos","og_description":"In unserer Garten- und Blumen- Logo-Galerie pr\u00e4sentieren wir Dir die sch\u00f6nsten Designs, die bei designenlassen.de hierzu erstellt wurden.","og_url":"https:\/\/www.designenlassen.de\/blog\/30-garten-und-blumen-logos-die-den-fruehling-bringen\/","og_site_name":"designenlassen.de Blog","article_published_time":"2024-07-11T09:21:00+00:00","article_modified_time":"2024-07-12T06:39:47+00:00","og_image":[{"width":709,"height":545,"url":"https:\/\/www.designenlassen.de\/blog\/wp-content\/uploads\/2016\/05\/13_761379.png","type":"image\/png"}],"author":"Patrick Schady","twitter_card":"summary_large_image","twitter_misc":{"Verfasst von":"Patrick Schady","Gesch\u00e4tzte Lesezeit":"13\u00a0Minuten"},"schema":{"@context":"https:\/\/schema.org","@graph":[{"@type":"Article","@id":"https:\/\/www.designenlassen.de\/blog\/30-garten-und-blumen-logos-die-den-fruehling-bringen\/#article","isPartOf":{"@id":"https:\/\/www.designenlassen.de\/blog\/30-garten-und-blumen-logos-die-den-fruehling-bringen\/"},"author":{"name":"Patrick Schady","@id":"https:\/\/www.designenlassen.de\/blog\/#\/schema\/person\/1e6e4a367ec0359155d5fbb01227c1ca"},"headline":"43 Blumen Logos, die f\u00fcr gute Stimmung sorgen","datePublished":"2024-07-11T09:21:00+00:00","dateModified":"2024-07-12T06:39:47+00:00","mainEntityOfPage":{"@id":"https:\/\/www.designenlassen.de\/blog\/30-garten-und-blumen-logos-die-den-fruehling-bringen\/"},"wordCount":594,"commentCount":0,"image":{"@id":"https:\/\/www.designenlassen.de\/blog\/30-garten-und-blumen-logos-die-den-fruehling-bringen\/#primaryimage"},"thumbnailUrl":"https:\/\/www.designenlassen.de\/blog\/wp-content\/uploads\/2016\/05\/13_761379.png","articleSection":["Design-Galerien"],"inLanguage":"de","potentialAction":[{"@type":"CommentAction","name":"Comment","target":["https:\/\/www.designenlassen.de\/blog\/30-garten-und-blumen-logos-die-den-fruehling-bringen\/#respond"]}]},{"@type":"WebPage","@id":"https:\/\/www.designenlassen.de\/blog\/30-garten-und-blumen-logos-die-den-fruehling-bringen\/","url":"https:\/\/www.designenlassen.de\/blog\/30-garten-und-blumen-logos-die-den-fruehling-bringen\/","name":"43+ Einzigartige Blumen, Pflanzen & Garten Logos","isPartOf":{"@id":"https:\/\/www.designenlassen.de\/blog\/#website"},"primaryImageOfPage":{"@id":"https:\/\/www.designenlassen.de\/blog\/30-garten-und-blumen-logos-die-den-fruehling-bringen\/#primaryimage"},"image":{"@id":"https:\/\/www.designenlassen.de\/blog\/30-garten-und-blumen-logos-die-den-fruehling-bringen\/#primaryimage"},"thumbnailUrl":"https:\/\/www.designenlassen.de\/blog\/wp-content\/uploads\/2016\/05\/13_761379.png","datePublished":"2024-07-11T09:21:00+00:00","dateModified":"2024-07-12T06:39:47+00:00","author":{"@id":"https:\/\/www.designenlassen.de\/blog\/#\/schema\/person\/1e6e4a367ec0359155d5fbb01227c1ca"},"description":"In unserer Garten- und Blumen- Logo-Galerie pr\u00e4sentieren wir Dir die sch\u00f6nsten Designs, die bei designenlassen.de hierzu erstellt wurden.","breadcrumb":{"@id":"https:\/\/www.designenlassen.de\/blog\/30-garten-und-blumen-logos-die-den-fruehling-bringen\/#breadcrumb"},"inLanguage":"de","potentialAction":[{"@type":"ReadAction","target":["https:\/\/www.designenlassen.de\/blog\/30-garten-und-blumen-logos-die-den-fruehling-bringen\/"]}]},{"@type":"ImageObject","inLanguage":"de","@id":"https:\/\/www.designenlassen.de\/blog\/30-garten-und-blumen-logos-die-den-fruehling-bringen\/#primaryimage","url":"https:\/\/www.designenlassen.de\/blog\/wp-content\/uploads\/2016\/05\/13_761379.png","contentUrl":"https:\/\/www.designenlassen.de\/blog\/wp-content\/uploads\/2016\/05\/13_761379.png","width":709,"height":545},{"@type":"BreadcrumbList","@id":"https:\/\/www.designenlassen.de\/blog\/30-garten-und-blumen-logos-die-den-fruehling-bringen\/#breadcrumb","itemListElement":[{"@type":"ListItem","position":1,"name":"Start","item":"https:\/\/www.designenlassen.de\/blog\/"},{"@type":"ListItem","position":2,"name":"43 Blumen Logos, die f\u00fcr gute Stimmung sorgen"}]},{"@type":"WebSite","@id":"https:\/\/www.designenlassen.de\/blog\/#website","url":"https:\/\/www.designenlassen.de\/blog\/","name":"designenlassen.de Blog","description":"Inspirationen, Tipps und Ideen f\u00fcr Designer sowie Gr\u00fcnder und Kleinbetriebe.","potentialAction":[{"@type":"SearchAction","target":{"@type":"EntryPoint","urlTemplate":"https:\/\/www.designenlassen.de\/blog\/?s={search_term_string}"},"query-input":{"@type":"PropertyValueSpecification","valueRequired":true,"valueName":"search_term_string"}}],"inLanguage":"de"},{"@type":"Person","@id":"https:\/\/www.designenlassen.de\/blog\/#\/schema\/person\/1e6e4a367ec0359155d5fbb01227c1ca","name":"Patrick Schady","image":{"@type":"ImageObject","inLanguage":"de","@id":"https:\/\/www.designenlassen.de\/blog\/#\/schema\/person\/image\/","url":"https:\/\/secure.gravatar.com\/avatar\/41cfafecfbfd30ee6bc4cc02dd530ef067050210239f1d60debda10ce9c038d7?s=96&d=mm&r=g","contentUrl":"https:\/\/secure.gravatar.com\/avatar\/41cfafecfbfd30ee6bc4cc02dd530ef067050210239f1d60debda10ce9c038d7?s=96&d=mm&r=g","caption":"Patrick Schady"},"url":"https:\/\/www.designenlassen.de\/blog\/author\/patrick\/"}]}},"_links":{"self":[{"href":"https:\/\/www.designenlassen.de\/blog\/wp-json\/wp\/v2\/posts\/6629","targetHints":{"allow":["GET"]}}],"collection":[{"href":"https:\/\/www.designenlassen.de\/blog\/wp-json\/wp\/v2\/posts"}],"about":[{"href":"https:\/\/www.designenlassen.de\/blog\/wp-json\/wp\/v2\/types\/post"}],"author":[{"embeddable":true,"href":"https:\/\/www.designenlassen.de\/blog\/wp-json\/wp\/v2\/users\/24"}],"replies":[{"embeddable":true,"href":"https:\/\/www.designenlassen.de\/blog\/wp-json\/wp\/v2\/comments?post=6629"}],"version-history":[{"count":24,"href":"https:\/\/www.designenlassen.de\/blog\/wp-json\/wp\/v2\/posts\/6629\/revisions"}],"predecessor-version":[{"id":31997,"href":"https:\/\/www.designenlassen.de\/blog\/wp-json\/wp\/v2\/posts\/6629\/revisions\/31997"}],"wp:featuredmedia":[{"embeddable":true,"href":"https:\/\/www.designenlassen.de\/blog\/wp-json\/wp\/v2\/media\/12452"}],"wp:attachment":[{"href":"https:\/\/www.designenlassen.de\/blog\/wp-json\/wp\/v2\/media?parent=6629"}],"wp:term":[{"taxonomy":"category","embeddable":true,"href":"https:\/\/www.designenlassen.de\/blog\/wp-json\/wp\/v2\/categories?post=6629"},{"taxonomy":"post_tag","embeddable":true,"href":"https:\/\/www.designenlassen.de\/blog\/wp-json\/wp\/v2\/tags?post=6629"}],"curies":[{"name":"wp","href":"https:\/\/api.w.org\/{rel}","templated":true}]}}