{"id":7689,"date":"2022-03-02T10:38:00","date_gmt":"2022-03-02T08:38:00","guid":{"rendered":"http:\/\/www.designenlassen.de\/blog\/?p=7689"},"modified":"2025-04-08T08:56:14","modified_gmt":"2025-04-08T06:56:14","slug":"27-kindergarten-und-schullogos-die-gross-und-klein-begeistern","status":"publish","type":"post","link":"https:\/\/www.designenlassen.de\/blog\/27-kindergarten-und-schullogos-die-gross-und-klein-begeistern\/","title":{"rendered":"39 geniale Kindergarten-Logos, die Gro\u00df und Klein begeistern"},"content":{"rendered":"<div class=\"wp-block-image\">\n<figure class=\"aligncenter size-full\"><img fetchpriority=\"high\" decoding=\"async\" width=\"500\" height=\"309\" src=\"https:\/\/www.designenlassen.de\/blog\/wp-content\/uploads\/2017\/02\/B\u00e4renbande-Kindergarten-Logo.jpg\" alt=\"\" class=\"wp-image-7714\" srcset=\"https:\/\/www.designenlassen.de\/blog\/wp-content\/uploads\/2017\/02\/B\u00e4renbande-Kindergarten-Logo.jpg 500w, https:\/\/www.designenlassen.de\/blog\/wp-content\/uploads\/2017\/02\/B\u00e4renbande-Kindergarten-Logo-300x185.jpg 300w\" sizes=\"(max-width: 500px) 100vw, 500px\" \/><\/figure>\n<\/div>\n\n\n<p><strong>Suchst Du ein tolles Kindergarten-Logo?<\/strong> Jeder\u00a0Elternteil hat andere Vorstellungen von der Erziehung seines Kindes. Was sie aber alle miteinander verbindet, ist das Streben nach dem Besten f\u00fcr das eigene Kind. In der Entwicklung eines jeden Nachk\u00f6mmlings sind der Besuch des Kindergartens und anschlie\u00dfend der Schule wichtige Lebensabschnitte. <\/p>\n\n\n\n<p>Wie jedoch findet man die Einrichtung, die dem Spr\u00f6ssling die besten Entwicklungsm\u00f6glichkeiten und Zukunftschancen bietet? Wie so oft ist der Fall: Wer die Wahl hat, hat die Qual, stehen doch zahlreiche Kitas, Schulen und Kinderg\u00e4rten zur Verf\u00fcgung.<\/p>\n\n\n\n<p>Damit Du Dich von anderen Kitas unterscheidest und einen positiven ersten Blick ergatterst, brauchst Du ein unverwechselbares Logo.<\/p>\n\n\n\n<p><strong>In unserer Logo-Galerie pr\u00e4sentieren wir ein paar Beispiele, wie das perfekte Kindergarten- oder&nbsp;Kita-Logo aussehen kann:<\/strong><\/p>\n\n\n\n<div class=\"wp-block-buttons is-content-justification-center is-layout-flex wp-container-core-buttons-is-layout-16018d1d wp-block-buttons-is-layout-flex\">\n<div class=\"wp-block-button is-style-fill\"><a class=\"wp-block-button__link has-white-color has-text-color has-background has-text-align-left wp-element-button\" href=\"https:\/\/www.designenlassen.de\/logo-design?utm_source=blog&amp;utm_medium=button&amp;utm_campaign=blog-beitraege\" style=\"background-color:#091182\">Jetzt Logo erstellen<\/a><\/div>\n<\/div>\n\n\n\n<div style=\"height:27px\" aria-hidden=\"true\" class=\"wp-block-spacer\"><\/div>\n\n\n\n<h2 class=\"wp-block-heading\">Kindergarten Logos, die garantiert auffallen<\/h2>\n\n\n\n<figure class=\"wp-block-gallery has-nested-images columns-2 is-cropped wp-block-gallery-1 is-layout-flex wp-block-gallery-is-layout-flex\">\n<figure class=\"wp-block-image size-large\"><img decoding=\"async\" width=\"500\" height=\"488\" data-id=\"27449\" src=\"https:\/\/www.designenlassen.de\/blog\/wp-content\/uploads\/2017\/03\/designenlassen_kindergarten-logo_svb2.jpg\" alt=\"\" class=\"wp-image-27449\" srcset=\"https:\/\/www.designenlassen.de\/blog\/wp-content\/uploads\/2017\/03\/designenlassen_kindergarten-logo_svb2.jpg 500w, https:\/\/www.designenlassen.de\/blog\/wp-content\/uploads\/2017\/03\/designenlassen_kindergarten-logo_svb2-300x293.jpg 300w\" sizes=\"(max-width: 500px) 100vw, 500px\" \/><\/figure>\n\n\n\n<figure class=\"wp-block-image size-large\"><img decoding=\"async\" width=\"500\" height=\"500\" data-id=\"27448\" src=\"https:\/\/www.designenlassen.de\/blog\/wp-content\/uploads\/2017\/03\/designenlassen_kindergarten-logo_svb.jpg\" alt=\"\" class=\"wp-image-27448\" srcset=\"https:\/\/www.designenlassen.de\/blog\/wp-content\/uploads\/2017\/03\/designenlassen_kindergarten-logo_svb.jpg 500w, https:\/\/www.designenlassen.de\/blog\/wp-content\/uploads\/2017\/03\/designenlassen_kindergarten-logo_svb-300x300.jpg 300w, https:\/\/www.designenlassen.de\/blog\/wp-content\/uploads\/2017\/03\/designenlassen_kindergarten-logo_svb-150x150.jpg 150w\" sizes=\"(max-width: 500px) 100vw, 500px\" \/><\/figure>\n\n\n\n<figure class=\"wp-block-image size-large\"><img loading=\"lazy\" decoding=\"async\" width=\"500\" height=\"500\" data-id=\"27447\" src=\"https:\/\/www.designenlassen.de\/blog\/wp-content\/uploads\/2017\/03\/designenlassen_kindergarten-logo_schatzkiste.png\" alt=\"\" class=\"wp-image-27447\" srcset=\"https:\/\/www.designenlassen.de\/blog\/wp-content\/uploads\/2017\/03\/designenlassen_kindergarten-logo_schatzkiste.png 500w, https:\/\/www.designenlassen.de\/blog\/wp-content\/uploads\/2017\/03\/designenlassen_kindergarten-logo_schatzkiste-300x300.png 300w, https:\/\/www.designenlassen.de\/blog\/wp-content\/uploads\/2017\/03\/designenlassen_kindergarten-logo_schatzkiste-150x150.png 150w\" sizes=\"(max-width: 500px) 100vw, 500px\" \/><\/figure>\n\n\n\n<figure class=\"wp-block-image size-large\"><img loading=\"lazy\" decoding=\"async\" width=\"500\" height=\"500\" data-id=\"27446\" src=\"https:\/\/www.designenlassen.de\/blog\/wp-content\/uploads\/2017\/03\/designenlassen_kindergarten-logo_littlebees.jpg\" alt=\"\" class=\"wp-image-27446\" srcset=\"https:\/\/www.designenlassen.de\/blog\/wp-content\/uploads\/2017\/03\/designenlassen_kindergarten-logo_littlebees.jpg 500w, https:\/\/www.designenlassen.de\/blog\/wp-content\/uploads\/2017\/03\/designenlassen_kindergarten-logo_littlebees-300x300.jpg 300w, https:\/\/www.designenlassen.de\/blog\/wp-content\/uploads\/2017\/03\/designenlassen_kindergarten-logo_littlebees-150x150.jpg 150w\" sizes=\"(max-width: 500px) 100vw, 500px\" \/><\/figure>\n\n\n\n<figure class=\"wp-block-image size-large\"><img loading=\"lazy\" decoding=\"async\" width=\"500\" height=\"500\" data-id=\"27445\" src=\"https:\/\/www.designenlassen.de\/blog\/wp-content\/uploads\/2017\/03\/designenlassen_kindergarten-logo_kita-schatzkiste.jpg\" alt=\"\" class=\"wp-image-27445\" srcset=\"https:\/\/www.designenlassen.de\/blog\/wp-content\/uploads\/2017\/03\/designenlassen_kindergarten-logo_kita-schatzkiste.jpg 500w, https:\/\/www.designenlassen.de\/blog\/wp-content\/uploads\/2017\/03\/designenlassen_kindergarten-logo_kita-schatzkiste-300x300.jpg 300w, https:\/\/www.designenlassen.de\/blog\/wp-content\/uploads\/2017\/03\/designenlassen_kindergarten-logo_kita-schatzkiste-150x150.jpg 150w\" sizes=\"(max-width: 500px) 100vw, 500px\" \/><\/figure>\n\n\n\n<figure class=\"wp-block-image size-large\"><img loading=\"lazy\" decoding=\"async\" width=\"500\" height=\"500\" data-id=\"27444\" src=\"https:\/\/www.designenlassen.de\/blog\/wp-content\/uploads\/2017\/03\/designenlassen_kindergarten-logo_kita-matrose.png\" alt=\"\" class=\"wp-image-27444\" srcset=\"https:\/\/www.designenlassen.de\/blog\/wp-content\/uploads\/2017\/03\/designenlassen_kindergarten-logo_kita-matrose.png 500w, https:\/\/www.designenlassen.de\/blog\/wp-content\/uploads\/2017\/03\/designenlassen_kindergarten-logo_kita-matrose-300x300.png 300w, https:\/\/www.designenlassen.de\/blog\/wp-content\/uploads\/2017\/03\/designenlassen_kindergarten-logo_kita-matrose-150x150.png 150w\" sizes=\"(max-width: 500px) 100vw, 500px\" \/><\/figure>\n<\/figure>\n\n\n\n<figure class=\"wp-block-gallery has-nested-images columns-default is-cropped wp-block-gallery-2 is-layout-flex wp-block-gallery-is-layout-flex\">\n<figure class=\"wp-block-image size-large\"><img loading=\"lazy\" decoding=\"async\" width=\"800\" height=\"506\" data-id=\"12810\" src=\"https:\/\/www.designenlassen.de\/blog\/wp-content\/uploads\/2017\/03\/Kita-Logo-Designs-Kita-Alsterst\u00fcrmer-871551.png\" alt=\"Kita Logo Designs Kita Alsterst\u00fcrmer 871551\" class=\"wp-image-12810\" srcset=\"https:\/\/www.designenlassen.de\/blog\/wp-content\/uploads\/2017\/03\/Kita-Logo-Designs-Kita-Alsterst\u00fcrmer-871551.png 800w, https:\/\/www.designenlassen.de\/blog\/wp-content\/uploads\/2017\/03\/Kita-Logo-Designs-Kita-Alsterst\u00fcrmer-871551-300x190.png 300w, https:\/\/www.designenlassen.de\/blog\/wp-content\/uploads\/2017\/03\/Kita-Logo-Designs-Kita-Alsterst\u00fcrmer-871551-768x486.png 768w\" sizes=\"(max-width: 800px) 100vw, 800px\" \/><\/figure>\n<\/figure>\n\n\n\n<figure class=\"wp-block-gallery has-nested-images columns-2 is-cropped wp-block-gallery-3 is-layout-flex wp-block-gallery-is-layout-flex\">\n<figure class=\"wp-block-image size-large\"><img loading=\"lazy\" decoding=\"async\" width=\"500\" height=\"500\" data-id=\"27442\" src=\"https:\/\/www.designenlassen.de\/blog\/wp-content\/uploads\/2017\/03\/designenlassen_kindergarten-logo_kita-affenbande.jpg\" alt=\"\" class=\"wp-image-27442\" srcset=\"https:\/\/www.designenlassen.de\/blog\/wp-content\/uploads\/2017\/03\/designenlassen_kindergarten-logo_kita-affenbande.jpg 500w, https:\/\/www.designenlassen.de\/blog\/wp-content\/uploads\/2017\/03\/designenlassen_kindergarten-logo_kita-affenbande-300x300.jpg 300w, https:\/\/www.designenlassen.de\/blog\/wp-content\/uploads\/2017\/03\/designenlassen_kindergarten-logo_kita-affenbande-150x150.jpg 150w\" sizes=\"(max-width: 500px) 100vw, 500px\" \/><\/figure>\n\n\n\n<figure class=\"wp-block-image size-large\"><img loading=\"lazy\" decoding=\"async\" width=\"500\" height=\"500\" data-id=\"27441\" src=\"https:\/\/www.designenlassen.de\/blog\/wp-content\/uploads\/2017\/03\/designenlassen_kindergarten-logo_kinderloft3.jpg\" alt=\"\" class=\"wp-image-27441\" srcset=\"https:\/\/www.designenlassen.de\/blog\/wp-content\/uploads\/2017\/03\/designenlassen_kindergarten-logo_kinderloft3.jpg 500w, https:\/\/www.designenlassen.de\/blog\/wp-content\/uploads\/2017\/03\/designenlassen_kindergarten-logo_kinderloft3-300x300.jpg 300w, https:\/\/www.designenlassen.de\/blog\/wp-content\/uploads\/2017\/03\/designenlassen_kindergarten-logo_kinderloft3-150x150.jpg 150w\" sizes=\"(max-width: 500px) 100vw, 500px\" \/><\/figure>\n\n\n\n<figure class=\"wp-block-image size-large\"><img loading=\"lazy\" decoding=\"async\" width=\"600\" height=\"405\" data-id=\"27439\" src=\"https:\/\/www.designenlassen.de\/blog\/wp-content\/uploads\/2017\/03\/designenlassen_kindergarten-logo_kinderloft.jpg\" alt=\"\" class=\"wp-image-27439\" srcset=\"https:\/\/www.designenlassen.de\/blog\/wp-content\/uploads\/2017\/03\/designenlassen_kindergarten-logo_kinderloft.jpg 600w, https:\/\/www.designenlassen.de\/blog\/wp-content\/uploads\/2017\/03\/designenlassen_kindergarten-logo_kinderloft-300x203.jpg 300w\" sizes=\"(max-width: 600px) 100vw, 600px\" \/><\/figure>\n\n\n\n<figure class=\"wp-block-image size-large\"><img loading=\"lazy\" decoding=\"async\" width=\"500\" height=\"500\" data-id=\"27438\" src=\"https:\/\/www.designenlassen.de\/blog\/wp-content\/uploads\/2017\/03\/designenlassen_kindergarten-logo_kiddy.jpg\" alt=\"\" class=\"wp-image-27438\" srcset=\"https:\/\/www.designenlassen.de\/blog\/wp-content\/uploads\/2017\/03\/designenlassen_kindergarten-logo_kiddy.jpg 500w, https:\/\/www.designenlassen.de\/blog\/wp-content\/uploads\/2017\/03\/designenlassen_kindergarten-logo_kiddy-300x300.jpg 300w, https:\/\/www.designenlassen.de\/blog\/wp-content\/uploads\/2017\/03\/designenlassen_kindergarten-logo_kiddy-150x150.jpg 150w\" sizes=\"(max-width: 500px) 100vw, 500px\" \/><\/figure>\n\n\n\n<figure class=\"wp-block-image size-large\"><img loading=\"lazy\" decoding=\"async\" width=\"800\" height=\"482\" data-id=\"12816\" src=\"https:\/\/www.designenlassen.de\/blog\/wp-content\/uploads\/2017\/03\/Kita-Logo-Design-Eulen-Kids-Kindertagesst\u00e4tte-433574.jpg\" alt=\"Kita Logo Design Eulen Kids Kindertagesst\u00e4tte 433574\" class=\"wp-image-12816\" srcset=\"https:\/\/www.designenlassen.de\/blog\/wp-content\/uploads\/2017\/03\/Kita-Logo-Design-Eulen-Kids-Kindertagesst\u00e4tte-433574.jpg 800w, https:\/\/www.designenlassen.de\/blog\/wp-content\/uploads\/2017\/03\/Kita-Logo-Design-Eulen-Kids-Kindertagesst\u00e4tte-433574-300x181.jpg 300w, https:\/\/www.designenlassen.de\/blog\/wp-content\/uploads\/2017\/03\/Kita-Logo-Design-Eulen-Kids-Kindertagesst\u00e4tte-433574-768x463.jpg 768w\" sizes=\"(max-width: 800px) 100vw, 800px\" \/><\/figure>\n<\/figure>\n\n\n\n<div style=\"height:22px\" aria-hidden=\"true\" class=\"wp-block-spacer\"><\/div>\n\n\n\n<h2 class=\"wp-block-heading\">Einzigartiges Kindergarten-Logo erstellen lassen<\/h2>\n\n\n\n<p>Suchst Du ein einzigartiges Kindergarten-Logo, dass sofort erkannt wird und in den K\u00f6pfen Deiner Kunden bleibt? Wir bei designenlassen.de haben<strong> \u00fcber 99.000 professionelle Designer,<\/strong> die nur drauf warten, Dein Kita-Logo, nach Deinen Vorgaben und W\u00fcnschen, zu erstellen.<\/p>\n\n\n\n<p>Du erh\u00e4ltst ein <strong>100% einzigartiges Logo, das \u00fcberzeugt. <\/strong>Anschlie\u00dfend kannst du ganz bequem aus zahlreichen Entw\u00fcrfen Deinen Favoriten ausw\u00e4hlen. Du kannst \u00c4nderungsw\u00fcnsche w\u00e4hrend des Wettbewerbs den Designern stets mitteilen. Ist kein Logo dabei, dass Dir gef\u00e4llt? Kein Problem. Du bist nicht verpflichtet ein Logo abzunehmen und profitierst zugleich von unserer<strong> Preisgeld-zur\u00fcck-Garantie.<\/strong><\/p>\n\n\n\n<p>Worauf wartest Du noch? Sichere Dir jetzt ein perfektes Logo-Design.<\/p>\n\n\n\n<div style=\"height:16px\" aria-hidden=\"true\" class=\"wp-block-spacer\"><\/div>\n\n\n\n<div class=\"wp-block-buttons is-content-justification-center is-layout-flex wp-container-core-buttons-is-layout-16018d1d wp-block-buttons-is-layout-flex\">\n<div class=\"wp-block-button is-style-fill\"><a class=\"wp-block-button__link has-white-color has-text-color has-background has-text-align-left wp-element-button\" href=\"https:\/\/www.designenlassen.de\/logo-design?utm_source=blog&amp;utm_medium=button&amp;utm_campaign=blog-beitraege\" style=\"background-color:#091182\">Jetzt Logo erstellen<\/a><\/div>\n<\/div>\n\n\n\n<div style=\"height:28px\" aria-hidden=\"true\" class=\"wp-block-spacer\"><\/div>\n\n\n\n<figure class=\"wp-block-gallery has-nested-images columns-2 is-cropped wp-block-gallery-4 is-layout-flex wp-block-gallery-is-layout-flex\">\n<figure class=\"wp-block-image size-large\"><img loading=\"lazy\" decoding=\"async\" width=\"338\" height=\"338\" data-id=\"12817\" src=\"https:\/\/www.designenlassen.de\/blog\/wp-content\/uploads\/2017\/03\/Kita-Logo-Design-Creche-Millepattes-372495.png\" alt=\"Kita Logo Design Creche Millepattes 372495\" class=\"wp-image-12817\" srcset=\"https:\/\/www.designenlassen.de\/blog\/wp-content\/uploads\/2017\/03\/Kita-Logo-Design-Creche-Millepattes-372495.png 338w, https:\/\/www.designenlassen.de\/blog\/wp-content\/uploads\/2017\/03\/Kita-Logo-Design-Creche-Millepattes-372495-150x150.png 150w, https:\/\/www.designenlassen.de\/blog\/wp-content\/uploads\/2017\/03\/Kita-Logo-Design-Creche-Millepattes-372495-300x300.png 300w\" sizes=\"(max-width: 338px) 100vw, 338px\" \/><\/figure>\n\n\n\n<figure class=\"wp-block-image size-large\"><img loading=\"lazy\" decoding=\"async\" width=\"338\" height=\"338\" data-id=\"12812\" src=\"https:\/\/www.designenlassen.de\/blog\/wp-content\/uploads\/2017\/03\/KitaGl\u00fccksklee-Kita-Logo-Design-258366.jpg\" alt=\"KitaGl\u00fccksklee Kita Logo Design 258366\" class=\"wp-image-12812\" srcset=\"https:\/\/www.designenlassen.de\/blog\/wp-content\/uploads\/2017\/03\/KitaGl\u00fccksklee-Kita-Logo-Design-258366.jpg 338w, https:\/\/www.designenlassen.de\/blog\/wp-content\/uploads\/2017\/03\/KitaGl\u00fccksklee-Kita-Logo-Design-258366-150x150.jpg 150w, https:\/\/www.designenlassen.de\/blog\/wp-content\/uploads\/2017\/03\/KitaGl\u00fccksklee-Kita-Logo-Design-258366-300x300.jpg 300w\" sizes=\"(max-width: 338px) 100vw, 338px\" \/><\/figure>\n\n\n\n<figure class=\"wp-block-image size-large\"><img loading=\"lazy\" decoding=\"async\" width=\"338\" height=\"338\" data-id=\"12811\" src=\"https:\/\/www.designenlassen.de\/blog\/wp-content\/uploads\/2017\/03\/Logo-Design-Kita-Creche-Fanti-521346.png\" alt=\"Logo Design Kita Creche Fanti 521346\" class=\"wp-image-12811\" srcset=\"https:\/\/www.designenlassen.de\/blog\/wp-content\/uploads\/2017\/03\/Logo-Design-Kita-Creche-Fanti-521346.png 338w, https:\/\/www.designenlassen.de\/blog\/wp-content\/uploads\/2017\/03\/Logo-Design-Kita-Creche-Fanti-521346-150x150.png 150w, https:\/\/www.designenlassen.de\/blog\/wp-content\/uploads\/2017\/03\/Logo-Design-Kita-Creche-Fanti-521346-300x300.png 300w\" sizes=\"(max-width: 338px) 100vw, 338px\" \/><\/figure>\n\n\n\n<figure class=\"wp-block-image size-large\"><img loading=\"lazy\" decoding=\"async\" width=\"500\" height=\"500\" data-id=\"27437\" src=\"https:\/\/www.designenlassen.de\/blog\/wp-content\/uploads\/2017\/03\/designenlassen_kindergarten-logo_fireflies.jpg\" alt=\"\" class=\"wp-image-27437\" srcset=\"https:\/\/www.designenlassen.de\/blog\/wp-content\/uploads\/2017\/03\/designenlassen_kindergarten-logo_fireflies.jpg 500w, https:\/\/www.designenlassen.de\/blog\/wp-content\/uploads\/2017\/03\/designenlassen_kindergarten-logo_fireflies-300x300.jpg 300w, https:\/\/www.designenlassen.de\/blog\/wp-content\/uploads\/2017\/03\/designenlassen_kindergarten-logo_fireflies-150x150.jpg 150w\" sizes=\"(max-width: 500px) 100vw, 500px\" \/><\/figure>\n<\/figure>\n\n\n\n<figure class=\"wp-block-gallery has-nested-images columns-2 is-cropped wp-block-gallery-5 is-layout-flex wp-block-gallery-is-layout-flex\">\n<figure class=\"wp-block-image size-large\"><img loading=\"lazy\" decoding=\"async\" width=\"500\" height=\"316\" data-id=\"9118\" src=\"https:\/\/www.designenlassen.de\/blog\/wp-content\/uploads\/2018\/02\/erdm\u00e4nnli.jpg\" alt=\"\" class=\"wp-image-9118\" srcset=\"https:\/\/www.designenlassen.de\/blog\/wp-content\/uploads\/2018\/02\/erdm\u00e4nnli.jpg 500w, https:\/\/www.designenlassen.de\/blog\/wp-content\/uploads\/2018\/02\/erdm\u00e4nnli-300x190.jpg 300w\" sizes=\"(max-width: 500px) 100vw, 500px\" \/><\/figure>\n\n\n\n<figure class=\"wp-block-image size-large\"><img loading=\"lazy\" decoding=\"async\" width=\"338\" height=\"338\" data-id=\"12815\" src=\"https:\/\/www.designenlassen.de\/blog\/wp-content\/uploads\/2017\/03\/Kita-Logo-Kindertagesst\u00e4tte-637623.png\" alt=\"Kita Logo Kindertagesst\u00e4tte 637623\" class=\"wp-image-12815\" srcset=\"https:\/\/www.designenlassen.de\/blog\/wp-content\/uploads\/2017\/03\/Kita-Logo-Kindertagesst\u00e4tte-637623.png 338w, https:\/\/www.designenlassen.de\/blog\/wp-content\/uploads\/2017\/03\/Kita-Logo-Kindertagesst\u00e4tte-637623-150x150.png 150w, https:\/\/www.designenlassen.de\/blog\/wp-content\/uploads\/2017\/03\/Kita-Logo-Kindertagesst\u00e4tte-637623-300x300.png 300w\" sizes=\"(max-width: 338px) 100vw, 338px\" \/><\/figure>\n\n\n\n<figure class=\"wp-block-image size-large\"><img loading=\"lazy\" decoding=\"async\" width=\"800\" height=\"666\" data-id=\"12813\" src=\"https:\/\/www.designenlassen.de\/blog\/wp-content\/uploads\/2017\/03\/Kita-Logo-Dondolo-Kinderkrippe-165896.png\" alt=\"Kita Logo Dondolo Kinderkrippe 165896\" class=\"wp-image-12813\" srcset=\"https:\/\/www.designenlassen.de\/blog\/wp-content\/uploads\/2017\/03\/Kita-Logo-Dondolo-Kinderkrippe-165896.png 800w, https:\/\/www.designenlassen.de\/blog\/wp-content\/uploads\/2017\/03\/Kita-Logo-Dondolo-Kinderkrippe-165896-300x250.png 300w, https:\/\/www.designenlassen.de\/blog\/wp-content\/uploads\/2017\/03\/Kita-Logo-Dondolo-Kinderkrippe-165896-768x639.png 768w\" sizes=\"(max-width: 800px) 100vw, 800px\" \/><\/figure>\n<\/figure>\n\n\n\n<div style=\"height:21px\" aria-hidden=\"true\" class=\"wp-block-spacer\"><\/div>\n\n\n\n<h2 class=\"wp-block-heading\">Kita und Grundschul-Logos<\/h2>\n\n\n\n<figure class=\"wp-block-gallery has-nested-images columns-2 is-cropped wp-block-gallery-6 is-layout-flex wp-block-gallery-is-layout-flex\">\n<figure class=\"wp-block-image size-large\"><img loading=\"lazy\" decoding=\"async\" width=\"338\" height=\"338\" data-id=\"12828\" src=\"https:\/\/www.designenlassen.de\/blog\/wp-content\/uploads\/2017\/03\/Grundschule-Kuhlerkamp-Schullogo-539915-1.png\" alt=\"Grundschule Kuhlerkamp Schullogo 539915\" class=\"wp-image-12828\" srcset=\"https:\/\/www.designenlassen.de\/blog\/wp-content\/uploads\/2017\/03\/Grundschule-Kuhlerkamp-Schullogo-539915-1.png 338w, https:\/\/www.designenlassen.de\/blog\/wp-content\/uploads\/2017\/03\/Grundschule-Kuhlerkamp-Schullogo-539915-1-150x150.png 150w, https:\/\/www.designenlassen.de\/blog\/wp-content\/uploads\/2017\/03\/Grundschule-Kuhlerkamp-Schullogo-539915-1-300x300.png 300w\" sizes=\"(max-width: 338px) 100vw, 338px\" \/><\/figure>\n\n\n\n<figure class=\"wp-block-image size-large\"><img loading=\"lazy\" decoding=\"async\" width=\"338\" height=\"338\" data-id=\"12839\" src=\"https:\/\/www.designenlassen.de\/blog\/wp-content\/uploads\/2017\/03\/Nikolaus-Gro\u00df-Schule-B\u00f6sperde-Schullogo-357791-1.jpg\" alt=\"Nikolaus Gro\u00df Schule B\u00f6sperde Schullogo 357791\" class=\"wp-image-12839\" srcset=\"https:\/\/www.designenlassen.de\/blog\/wp-content\/uploads\/2017\/03\/Nikolaus-Gro\u00df-Schule-B\u00f6sperde-Schullogo-357791-1.jpg 338w, https:\/\/www.designenlassen.de\/blog\/wp-content\/uploads\/2017\/03\/Nikolaus-Gro\u00df-Schule-B\u00f6sperde-Schullogo-357791-1-150x150.jpg 150w, https:\/\/www.designenlassen.de\/blog\/wp-content\/uploads\/2017\/03\/Nikolaus-Gro\u00df-Schule-B\u00f6sperde-Schullogo-357791-1-300x300.jpg 300w\" sizes=\"(max-width: 338px) 100vw, 338px\" \/><\/figure>\n\n\n\n<figure class=\"wp-block-image size-large\"><img loading=\"lazy\" decoding=\"async\" width=\"800\" height=\"430\" data-id=\"12824\" src=\"https:\/\/www.designenlassen.de\/blog\/wp-content\/uploads\/2017\/03\/Fu\u00dfballschule-Buabong-188576.jpg\" alt=\"Fu\u00dfballschule Buabong 188576\" class=\"wp-image-12824\" srcset=\"https:\/\/www.designenlassen.de\/blog\/wp-content\/uploads\/2017\/03\/Fu\u00dfballschule-Buabong-188576.jpg 800w, https:\/\/www.designenlassen.de\/blog\/wp-content\/uploads\/2017\/03\/Fu\u00dfballschule-Buabong-188576-300x161.jpg 300w, https:\/\/www.designenlassen.de\/blog\/wp-content\/uploads\/2017\/03\/Fu\u00dfballschule-Buabong-188576-768x413.jpg 768w\" sizes=\"(max-width: 800px) 100vw, 800px\" \/><\/figure>\n<\/figure>\n\n\n\n<figure class=\"wp-block-gallery has-nested-images columns-2 is-cropped wp-block-gallery-7 is-layout-flex wp-block-gallery-is-layout-flex\">\n<figure class=\"wp-block-image size-large\"><img loading=\"lazy\" decoding=\"async\" width=\"338\" height=\"338\" data-id=\"19083\" src=\"https:\/\/www.designenlassen.de\/blog\/wp-content\/uploads\/2020\/01\/Mosaik-Grundschule-Schullogo-472271.jpg\" alt=\"Mosaik-Grundschule-Schullogo\" class=\"wp-image-19083\" srcset=\"https:\/\/www.designenlassen.de\/blog\/wp-content\/uploads\/2020\/01\/Mosaik-Grundschule-Schullogo-472271.jpg 338w, https:\/\/www.designenlassen.de\/blog\/wp-content\/uploads\/2020\/01\/Mosaik-Grundschule-Schullogo-472271-150x150.jpg 150w, https:\/\/www.designenlassen.de\/blog\/wp-content\/uploads\/2020\/01\/Mosaik-Grundschule-Schullogo-472271-300x300.jpg 300w\" sizes=\"(max-width: 338px) 100vw, 338px\" \/><\/figure>\n\n\n\n<figure class=\"wp-block-image size-large\"><img loading=\"lazy\" decoding=\"async\" width=\"338\" height=\"338\" data-id=\"12818\" src=\"https:\/\/www.designenlassen.de\/blog\/wp-content\/uploads\/2017\/03\/Schule-Logo-Rosendorfschule-Steinfurth-648111.jpg\" alt=\"\" class=\"wp-image-12818\" srcset=\"https:\/\/www.designenlassen.de\/blog\/wp-content\/uploads\/2017\/03\/Schule-Logo-Rosendorfschule-Steinfurth-648111.jpg 338w, https:\/\/www.designenlassen.de\/blog\/wp-content\/uploads\/2017\/03\/Schule-Logo-Rosendorfschule-Steinfurth-648111-150x150.jpg 150w, https:\/\/www.designenlassen.de\/blog\/wp-content\/uploads\/2017\/03\/Schule-Logo-Rosendorfschule-Steinfurth-648111-300x300.jpg 300w\" sizes=\"(max-width: 338px) 100vw, 338px\" \/><\/figure>\n\n\n\n<figure class=\"wp-block-image size-large\"><img loading=\"lazy\" decoding=\"async\" width=\"800\" height=\"373\" data-id=\"12826\" src=\"https:\/\/www.designenlassen.de\/blog\/wp-content\/uploads\/2017\/03\/ABC-Yoga-Schullogo-568433.png\" alt=\"ABC Yoga Schullogo 568433\" class=\"wp-image-12826\" srcset=\"https:\/\/www.designenlassen.de\/blog\/wp-content\/uploads\/2017\/03\/ABC-Yoga-Schullogo-568433.png 800w, https:\/\/www.designenlassen.de\/blog\/wp-content\/uploads\/2017\/03\/ABC-Yoga-Schullogo-568433-300x140.png 300w, https:\/\/www.designenlassen.de\/blog\/wp-content\/uploads\/2017\/03\/ABC-Yoga-Schullogo-568433-768x358.png 768w\" sizes=\"(max-width: 800px) 100vw, 800px\" \/><\/figure>\n<\/figure>\n\n\n\n<figure class=\"wp-block-gallery has-nested-images columns-default is-cropped wp-block-gallery-8 is-layout-flex wp-block-gallery-is-layout-flex\">\n<figure class=\"wp-block-image size-large\"><img loading=\"lazy\" decoding=\"async\" width=\"338\" height=\"338\" data-id=\"12823\" src=\"https:\/\/www.designenlassen.de\/blog\/wp-content\/uploads\/2017\/03\/Schullogo-Lulu-Tintin-282856.png\" alt=\"Schullogo Lulu Tintin 282856\" class=\"wp-image-12823\" srcset=\"https:\/\/www.designenlassen.de\/blog\/wp-content\/uploads\/2017\/03\/Schullogo-Lulu-Tintin-282856.png 338w, https:\/\/www.designenlassen.de\/blog\/wp-content\/uploads\/2017\/03\/Schullogo-Lulu-Tintin-282856-150x150.png 150w, https:\/\/www.designenlassen.de\/blog\/wp-content\/uploads\/2017\/03\/Schullogo-Lulu-Tintin-282856-300x300.png 300w\" sizes=\"(max-width: 338px) 100vw, 338px\" \/><\/figure>\n\n\n\n<figure class=\"wp-block-image size-large\"><img loading=\"lazy\" decoding=\"async\" width=\"338\" height=\"338\" data-id=\"12811\" src=\"https:\/\/www.designenlassen.de\/blog\/wp-content\/uploads\/2017\/03\/Logo-Design-Kita-Creche-Fanti-521346.png\" alt=\"Logo Design Kita Creche Fanti 521346\" class=\"wp-image-12811\" srcset=\"https:\/\/www.designenlassen.de\/blog\/wp-content\/uploads\/2017\/03\/Logo-Design-Kita-Creche-Fanti-521346.png 338w, https:\/\/www.designenlassen.de\/blog\/wp-content\/uploads\/2017\/03\/Logo-Design-Kita-Creche-Fanti-521346-150x150.png 150w, https:\/\/www.designenlassen.de\/blog\/wp-content\/uploads\/2017\/03\/Logo-Design-Kita-Creche-Fanti-521346-300x300.png 300w\" sizes=\"(max-width: 338px) 100vw, 338px\" \/><\/figure>\n<\/figure>\n\n\n\n<div style=\"height:35px\" aria-hidden=\"true\" class=\"wp-block-spacer\"><\/div>\n\n\n\n<h2 class=\"wp-block-heading\">Kindergarten Logos, die f\u00fcr Freude sorgen<\/h2>\n\n\n\n<figure class=\"wp-block-gallery has-nested-images columns-2 is-cropped wp-block-gallery-9 is-layout-flex wp-block-gallery-is-layout-flex\">\n<figure class=\"wp-block-image size-large\"><img loading=\"lazy\" decoding=\"async\" width=\"500\" height=\"309\" data-id=\"9112\" src=\"https:\/\/www.designenlassen.de\/blog\/wp-content\/uploads\/2018\/02\/b\u00e4renbande.jpg\" alt=\"\" class=\"wp-image-9112\" srcset=\"https:\/\/www.designenlassen.de\/blog\/wp-content\/uploads\/2018\/02\/b\u00e4renbande.jpg 500w, https:\/\/www.designenlassen.de\/blog\/wp-content\/uploads\/2018\/02\/b\u00e4renbande-300x185.jpg 300w\" sizes=\"(max-width: 500px) 100vw, 500px\" \/><\/figure>\n\n\n\n<figure class=\"wp-block-image size-large\"><img loading=\"lazy\" decoding=\"async\" width=\"500\" height=\"500\" data-id=\"27442\" src=\"https:\/\/www.designenlassen.de\/blog\/wp-content\/uploads\/2017\/03\/designenlassen_kindergarten-logo_kita-affenbande.jpg\" alt=\"\" class=\"wp-image-27442\" srcset=\"https:\/\/www.designenlassen.de\/blog\/wp-content\/uploads\/2017\/03\/designenlassen_kindergarten-logo_kita-affenbande.jpg 500w, https:\/\/www.designenlassen.de\/blog\/wp-content\/uploads\/2017\/03\/designenlassen_kindergarten-logo_kita-affenbande-300x300.jpg 300w, https:\/\/www.designenlassen.de\/blog\/wp-content\/uploads\/2017\/03\/designenlassen_kindergarten-logo_kita-affenbande-150x150.jpg 150w\" sizes=\"(max-width: 500px) 100vw, 500px\" \/><\/figure>\n\n\n\n<figure class=\"wp-block-image size-large\"><img loading=\"lazy\" decoding=\"async\" width=\"500\" height=\"500\" data-id=\"27438\" src=\"https:\/\/www.designenlassen.de\/blog\/wp-content\/uploads\/2017\/03\/designenlassen_kindergarten-logo_kiddy.jpg\" alt=\"\" class=\"wp-image-27438\" srcset=\"https:\/\/www.designenlassen.de\/blog\/wp-content\/uploads\/2017\/03\/designenlassen_kindergarten-logo_kiddy.jpg 500w, https:\/\/www.designenlassen.de\/blog\/wp-content\/uploads\/2017\/03\/designenlassen_kindergarten-logo_kiddy-300x300.jpg 300w, https:\/\/www.designenlassen.de\/blog\/wp-content\/uploads\/2017\/03\/designenlassen_kindergarten-logo_kiddy-150x150.jpg 150w\" sizes=\"(max-width: 500px) 100vw, 500px\" \/><\/figure>\n\n\n\n<figure class=\"wp-block-image size-large\"><img loading=\"lazy\" decoding=\"async\" width=\"800\" height=\"370\" data-id=\"13307\" src=\"https:\/\/www.designenlassen.de\/blog\/wp-content\/uploads\/2016\/08\/Drachenkinder-Kinder-Logos-898394.png\" alt=\"Drachenkinder Kinder Logos 898394\" class=\"wp-image-13307\" srcset=\"https:\/\/www.designenlassen.de\/blog\/wp-content\/uploads\/2016\/08\/Drachenkinder-Kinder-Logos-898394.png 800w, https:\/\/www.designenlassen.de\/blog\/wp-content\/uploads\/2016\/08\/Drachenkinder-Kinder-Logos-898394-300x139.png 300w, https:\/\/www.designenlassen.de\/blog\/wp-content\/uploads\/2016\/08\/Drachenkinder-Kinder-Logos-898394-768x355.png 768w\" sizes=\"(max-width: 800px) 100vw, 800px\" \/><\/figure>\n\n\n\n<figure class=\"wp-block-image size-large\"><img loading=\"lazy\" decoding=\"async\" width=\"800\" height=\"494\" data-id=\"12831\" src=\"https:\/\/www.designenlassen.de\/blog\/wp-content\/uploads\/2017\/03\/Kindergarten-Logos-Haucher-Wurzelkinder-296256.png\" alt=\"Kindergarten Logos Haucher Wurzelkinder 296256\" class=\"wp-image-12831\" srcset=\"https:\/\/www.designenlassen.de\/blog\/wp-content\/uploads\/2017\/03\/Kindergarten-Logos-Haucher-Wurzelkinder-296256.png 800w, https:\/\/www.designenlassen.de\/blog\/wp-content\/uploads\/2017\/03\/Kindergarten-Logos-Haucher-Wurzelkinder-296256-300x185.png 300w, https:\/\/www.designenlassen.de\/blog\/wp-content\/uploads\/2017\/03\/Kindergarten-Logos-Haucher-Wurzelkinder-296256-768x474.png 768w\" sizes=\"(max-width: 800px) 100vw, 800px\" \/><\/figure>\n\n\n\n<figure class=\"wp-block-image size-large\"><img loading=\"lazy\" decoding=\"async\" width=\"486\" height=\"500\" data-id=\"27440\" src=\"https:\/\/www.designenlassen.de\/blog\/wp-content\/uploads\/2017\/03\/designenlassen_kindergarten-logo_kinderloft2.jpg\" alt=\"\" class=\"wp-image-27440\" srcset=\"https:\/\/www.designenlassen.de\/blog\/wp-content\/uploads\/2017\/03\/designenlassen_kindergarten-logo_kinderloft2.jpg 486w, https:\/\/www.designenlassen.de\/blog\/wp-content\/uploads\/2017\/03\/designenlassen_kindergarten-logo_kinderloft2-292x300.jpg 292w\" sizes=\"(max-width: 486px) 100vw, 486px\" \/><\/figure>\n<\/figure>\n\n\n\n<div style=\"height:25px\" aria-hidden=\"true\" class=\"wp-block-spacer\"><\/div>\n\n\n\n<h2 class=\"wp-block-heading\">Wieso ist ein Logo wichtig?<\/h2>\n\n\n\n<p>Ein <a href=\"https:\/\/www.designenlassen.de\/blog\/was-ist-ein-logo\/\">Logo<\/a> ist ein wichtiger Bestandteil der <a href=\"https:\/\/www.designenlassen.de\/blog\/erfolgreiches-branding\/\">Markenbildung<\/a> und kann einen bleibenden Eindruck hinterlassen. Dies gilt insbesondere f\u00fcr Kinderg\u00e4rten, da das Logo oft das erste ist, was Eltern und Kinder sehen, wenn sie sich f\u00fcr eine Einrichtung entscheiden. Ein gutes Logo kann die Werte und Pers\u00f6nlichkeit eines Kindergartens vermitteln und eine positive erste Wirkung erzielen.<\/p>\n\n\n\n<h2 class=\"wp-block-heading\">Elemente eines erfolgreichen Kindergarten-Logos <\/h2>\n\n\n\n<p>Ein erfolgreiches Kindergarten-Logo sollte einfach und klar sein und<a href=\"https:\/\/www.designenlassen.de\/blog\/farbenlehre-die-macht-der-farben-verstehen\/\"> fr\u00f6hliche Farben<\/a> verwenden. Es sollte<a href=\"https:\/\/www.designenlassen.de\/blog\/wie-du-eine-marke-mit-maximalem-wiedererkennungswert-schaffen-kannst\/\"> einzigartig und widererkennbar <\/a>sein und die Werte und Pers\u00f6nlichkeit des Kindergartens widerspiegeln.<\/p>\n\n\n\n<h2 class=\"wp-block-heading\">Fazit: Einzigartiges Kita-Logo erstellen<\/h2>\n\n\n\n<p>Das eigene Logo-Design kann helfen, sich gegen\u00fcber kritischer Eltern professionell zu pr\u00e4sentieren. Es sollte nicht zu straight und seri\u00f6s wirken, sondern darf ruhig verspielt sein und Illustrationen von Tieren, Kindern oder \u00e4hnlichen Motiven enthalten. Aber auch hier gilt, die Thematik muss passen. F\u00fcr Kindergarten Logos oder Kita Logo-Designs sind verspielte Elemente mit dem &#8222;S\u00fc\u00df-Faktor&#8220; sicher angemessener als bei <a href=\"https:\/\/www.designenlassen.de\/blog\/18-schullogos-die-definitiv-mit-der-note-1-bewertet-werden\/\">Schullogos<\/a>, die sich auch auf den Bildungsfaktor konzentrieren sollten.<\/p>\n\n\n\n<p><strong>Kurz und knapp:<\/strong><\/p>\n\n\n\n<ul class=\"wp-block-list\">\n<li><strong>Bedeutung des Logos:<\/strong> Ein einpr\u00e4gsames Logo ist entscheidend f\u00fcr die Markenbildung von Kinderg\u00e4rten und Schulen, da es oft den ersten Eindruck bei Eltern und Kindern pr\u00e4gt. \u200b<\/li>\n\n\n\n<li><strong>Gestaltungselemente:<\/strong> Erfolgreiche Logos zeichnen sich durch Einfachheit, Klarheit und den Einsatz fr\u00f6hlicher Farben aus, die die Werte und Pers\u00f6nlichkeit der Einrichtung widerspiegeln. <\/li>\n\n\n\n<li><strong>Unverwechselbarkeit:<\/strong> Ein einzigartiges Logo hilft, sich von anderen Einrichtungen abzuheben und einen positiven ersten Eindruck zu hinterlassen.<\/li>\n<\/ul>\n\n\n\n<p>Damit Dein Logo zu \u00fcberzeugen wei\u00df, erstellen wir Dir gerne ein Logo, das auf Deine Bed\u00fcrfnisse zugeschnitten ist. <\/p>\n\n\n\n<div class=\"wp-block-buttons is-content-justification-center is-layout-flex wp-container-core-buttons-is-layout-16018d1d wp-block-buttons-is-layout-flex\">\n<div class=\"wp-block-button is-style-fill\"><a class=\"wp-block-button__link has-white-color has-text-color has-background has-text-align-left wp-element-button\" href=\"https:\/\/www.designenlassen.de\/logo-design?utm_source=blog&amp;utm_medium=button&amp;utm_campaign=blog-beitraege\" style=\"background-color:#091182\">Jetzt Logo erstellen<\/a><\/div>\n<\/div>\n","protected":false},"excerpt":{"rendered":"<p>Suchst Du ein tolles Kindergarten-Logo? Jeder\u00a0Elternteil hat andere Vorstellungen von der Erziehung seines Kindes. Was sie&hellip;<\/p>\n","protected":false},"author":24,"featured_media":7700,"comment_status":"open","ping_status":"open","sticky":false,"template":"","format":"standard","meta":{"_lmt_disableupdate":"","_lmt_disable":"","footnotes":""},"categories":[19],"tags":[],"class_list":["post-7689","post","type-post","status-publish","format-standard","has-post-thumbnail","hentry","category-inspiration"],"yoast_head":"<!-- This site is optimized with the Yoast SEO plugin v27.5 - https:\/\/yoast.com\/product\/yoast-seo-wordpress\/ -->\n<title>39 geniale Kindergarten Logos, die Kinder lieben werden<\/title>\n<meta name=\"description\" content=\"Suchst Du ein einzigartiges Kindergarten-Logo? Entdecke die 39 besten Kita-Logos, die Kinder &amp; Eltern lieben werden \u25ba Jetzt ansehen!\" \/>\n<meta name=\"robots\" content=\"index, follow, max-snippet:-1, max-image-preview:large, max-video-preview:-1\" \/>\n<link rel=\"canonical\" href=\"https:\/\/www.designenlassen.de\/blog\/27-kindergarten-und-schullogos-die-gross-und-klein-begeistern\/\" \/>\n<meta property=\"og:locale\" content=\"de_DE\" \/>\n<meta property=\"og:type\" content=\"article\" \/>\n<meta property=\"og:title\" content=\"39 geniale Kindergarten Logos, die Kinder lieben werden\" \/>\n<meta property=\"og:description\" content=\"Suchst Du ein einzigartiges Kindergarten-Logo? Entdecke die 39 besten Kita-Logos, die Kinder &amp; Eltern lieben werden \u25ba Jetzt ansehen!\" \/>\n<meta property=\"og:url\" content=\"https:\/\/www.designenlassen.de\/blog\/27-kindergarten-und-schullogos-die-gross-und-klein-begeistern\/\" \/>\n<meta property=\"og:site_name\" content=\"designenlassen.de Blog\" \/>\n<meta property=\"article:published_time\" content=\"2022-03-02T08:38:00+00:00\" \/>\n<meta property=\"article:modified_time\" content=\"2025-04-08T06:56:14+00:00\" \/>\n<meta property=\"og:image\" content=\"https:\/\/www.designenlassen.de\/blog\/wp-content\/uploads\/2017\/02\/Logo-Kita-Alsterst\u00fcrmer.jpg\" \/>\n\t<meta property=\"og:image:width\" content=\"500\" \/>\n\t<meta property=\"og:image:height\" content=\"489\" \/>\n\t<meta property=\"og:image:type\" content=\"image\/jpeg\" \/>\n<meta name=\"author\" content=\"Patrick Schady\" \/>\n<meta name=\"twitter:card\" content=\"summary_large_image\" \/>\n<meta name=\"twitter:label1\" content=\"Verfasst von\" \/>\n\t<meta name=\"twitter:data1\" content=\"Patrick Schady\" \/>\n\t<meta name=\"twitter:label2\" content=\"Gesch\u00e4tzte Lesezeit\" \/>\n\t<meta name=\"twitter:data2\" content=\"10\u00a0Minuten\" \/>\n<script type=\"application\/ld+json\" class=\"yoast-schema-graph\">{\"@context\":\"https:\\\/\\\/schema.org\",\"@graph\":[{\"@type\":\"Article\",\"@id\":\"https:\\\/\\\/www.designenlassen.de\\\/blog\\\/27-kindergarten-und-schullogos-die-gross-und-klein-begeistern\\\/#article\",\"isPartOf\":{\"@id\":\"https:\\\/\\\/www.designenlassen.de\\\/blog\\\/27-kindergarten-und-schullogos-die-gross-und-klein-begeistern\\\/\"},\"author\":{\"name\":\"Patrick Schady\",\"@id\":\"https:\\\/\\\/www.designenlassen.de\\\/blog\\\/#\\\/schema\\\/person\\\/1e6e4a367ec0359155d5fbb01227c1ca\"},\"headline\":\"39 geniale Kindergarten-Logos, die Gro\u00df und Klein begeistern\",\"datePublished\":\"2022-03-02T08:38:00+00:00\",\"dateModified\":\"2025-04-08T06:56:14+00:00\",\"mainEntityOfPage\":{\"@id\":\"https:\\\/\\\/www.designenlassen.de\\\/blog\\\/27-kindergarten-und-schullogos-die-gross-und-klein-begeistern\\\/\"},\"wordCount\":535,\"commentCount\":0,\"image\":{\"@id\":\"https:\\\/\\\/www.designenlassen.de\\\/blog\\\/27-kindergarten-und-schullogos-die-gross-und-klein-begeistern\\\/#primaryimage\"},\"thumbnailUrl\":\"https:\\\/\\\/www.designenlassen.de\\\/blog\\\/wp-content\\\/uploads\\\/2017\\\/02\\\/Logo-Kita-Alsterst\u00fcrmer.jpg\",\"articleSection\":[\"Design-Galerien\"],\"inLanguage\":\"de\",\"potentialAction\":[{\"@type\":\"CommentAction\",\"name\":\"Comment\",\"target\":[\"https:\\\/\\\/www.designenlassen.de\\\/blog\\\/27-kindergarten-und-schullogos-die-gross-und-klein-begeistern\\\/#respond\"]}]},{\"@type\":\"WebPage\",\"@id\":\"https:\\\/\\\/www.designenlassen.de\\\/blog\\\/27-kindergarten-und-schullogos-die-gross-und-klein-begeistern\\\/\",\"url\":\"https:\\\/\\\/www.designenlassen.de\\\/blog\\\/27-kindergarten-und-schullogos-die-gross-und-klein-begeistern\\\/\",\"name\":\"39 geniale Kindergarten Logos, die Kinder lieben werden\",\"isPartOf\":{\"@id\":\"https:\\\/\\\/www.designenlassen.de\\\/blog\\\/#website\"},\"primaryImageOfPage\":{\"@id\":\"https:\\\/\\\/www.designenlassen.de\\\/blog\\\/27-kindergarten-und-schullogos-die-gross-und-klein-begeistern\\\/#primaryimage\"},\"image\":{\"@id\":\"https:\\\/\\\/www.designenlassen.de\\\/blog\\\/27-kindergarten-und-schullogos-die-gross-und-klein-begeistern\\\/#primaryimage\"},\"thumbnailUrl\":\"https:\\\/\\\/www.designenlassen.de\\\/blog\\\/wp-content\\\/uploads\\\/2017\\\/02\\\/Logo-Kita-Alsterst\u00fcrmer.jpg\",\"datePublished\":\"2022-03-02T08:38:00+00:00\",\"dateModified\":\"2025-04-08T06:56:14+00:00\",\"author\":{\"@id\":\"https:\\\/\\\/www.designenlassen.de\\\/blog\\\/#\\\/schema\\\/person\\\/1e6e4a367ec0359155d5fbb01227c1ca\"},\"description\":\"Suchst Du ein einzigartiges Kindergarten-Logo? Entdecke die 39 besten Kita-Logos, die Kinder & Eltern lieben werden \u25ba Jetzt ansehen!\",\"breadcrumb\":{\"@id\":\"https:\\\/\\\/www.designenlassen.de\\\/blog\\\/27-kindergarten-und-schullogos-die-gross-und-klein-begeistern\\\/#breadcrumb\"},\"inLanguage\":\"de\",\"potentialAction\":[{\"@type\":\"ReadAction\",\"target\":[\"https:\\\/\\\/www.designenlassen.de\\\/blog\\\/27-kindergarten-und-schullogos-die-gross-und-klein-begeistern\\\/\"]}]},{\"@type\":\"ImageObject\",\"inLanguage\":\"de\",\"@id\":\"https:\\\/\\\/www.designenlassen.de\\\/blog\\\/27-kindergarten-und-schullogos-die-gross-und-klein-begeistern\\\/#primaryimage\",\"url\":\"https:\\\/\\\/www.designenlassen.de\\\/blog\\\/wp-content\\\/uploads\\\/2017\\\/02\\\/Logo-Kita-Alsterst\u00fcrmer.jpg\",\"contentUrl\":\"https:\\\/\\\/www.designenlassen.de\\\/blog\\\/wp-content\\\/uploads\\\/2017\\\/02\\\/Logo-Kita-Alsterst\u00fcrmer.jpg\",\"width\":500,\"height\":489},{\"@type\":\"BreadcrumbList\",\"@id\":\"https:\\\/\\\/www.designenlassen.de\\\/blog\\\/27-kindergarten-und-schullogos-die-gross-und-klein-begeistern\\\/#breadcrumb\",\"itemListElement\":[{\"@type\":\"ListItem\",\"position\":1,\"name\":\"Start\",\"item\":\"https:\\\/\\\/www.designenlassen.de\\\/blog\\\/\"},{\"@type\":\"ListItem\",\"position\":2,\"name\":\"39 geniale Kindergarten-Logos, die Gro\u00df und Klein begeistern\"}]},{\"@type\":\"WebSite\",\"@id\":\"https:\\\/\\\/www.designenlassen.de\\\/blog\\\/#website\",\"url\":\"https:\\\/\\\/www.designenlassen.de\\\/blog\\\/\",\"name\":\"designenlassen.de Blog\",\"description\":\"Inspirationen, Tipps und Ideen f\u00fcr Designer sowie Gr\u00fcnder und Kleinbetriebe.\",\"potentialAction\":[{\"@type\":\"SearchAction\",\"target\":{\"@type\":\"EntryPoint\",\"urlTemplate\":\"https:\\\/\\\/www.designenlassen.de\\\/blog\\\/?s={search_term_string}\"},\"query-input\":{\"@type\":\"PropertyValueSpecification\",\"valueRequired\":true,\"valueName\":\"search_term_string\"}}],\"inLanguage\":\"de\"},{\"@type\":\"Person\",\"@id\":\"https:\\\/\\\/www.designenlassen.de\\\/blog\\\/#\\\/schema\\\/person\\\/1e6e4a367ec0359155d5fbb01227c1ca\",\"name\":\"Patrick Schady\",\"image\":{\"@type\":\"ImageObject\",\"inLanguage\":\"de\",\"@id\":\"https:\\\/\\\/secure.gravatar.com\\\/avatar\\\/41cfafecfbfd30ee6bc4cc02dd530ef067050210239f1d60debda10ce9c038d7?s=96&d=mm&r=g\",\"url\":\"https:\\\/\\\/secure.gravatar.com\\\/avatar\\\/41cfafecfbfd30ee6bc4cc02dd530ef067050210239f1d60debda10ce9c038d7?s=96&d=mm&r=g\",\"contentUrl\":\"https:\\\/\\\/secure.gravatar.com\\\/avatar\\\/41cfafecfbfd30ee6bc4cc02dd530ef067050210239f1d60debda10ce9c038d7?s=96&d=mm&r=g\",\"caption\":\"Patrick Schady\"},\"url\":\"https:\\\/\\\/www.designenlassen.de\\\/blog\\\/author\\\/patrick\\\/\"}]}<\/script>\n<!-- \/ Yoast SEO plugin. -->","yoast_head_json":{"title":"39 geniale Kindergarten Logos, die Kinder lieben werden","description":"Suchst Du ein einzigartiges Kindergarten-Logo? Entdecke die 39 besten Kita-Logos, die Kinder & Eltern lieben werden \u25ba Jetzt ansehen!","robots":{"index":"index","follow":"follow","max-snippet":"max-snippet:-1","max-image-preview":"max-image-preview:large","max-video-preview":"max-video-preview:-1"},"canonical":"https:\/\/www.designenlassen.de\/blog\/27-kindergarten-und-schullogos-die-gross-und-klein-begeistern\/","og_locale":"de_DE","og_type":"article","og_title":"39 geniale Kindergarten Logos, die Kinder lieben werden","og_description":"Suchst Du ein einzigartiges Kindergarten-Logo? Entdecke die 39 besten Kita-Logos, die Kinder & Eltern lieben werden \u25ba Jetzt ansehen!","og_url":"https:\/\/www.designenlassen.de\/blog\/27-kindergarten-und-schullogos-die-gross-und-klein-begeistern\/","og_site_name":"designenlassen.de Blog","article_published_time":"2022-03-02T08:38:00+00:00","article_modified_time":"2025-04-08T06:56:14+00:00","og_image":[{"width":500,"height":489,"url":"https:\/\/www.designenlassen.de\/blog\/wp-content\/uploads\/2017\/02\/Logo-Kita-Alsterst\u00fcrmer.jpg","type":"image\/jpeg"}],"author":"Patrick Schady","twitter_card":"summary_large_image","twitter_misc":{"Verfasst von":"Patrick Schady","Gesch\u00e4tzte Lesezeit":"10\u00a0Minuten"},"schema":{"@context":"https:\/\/schema.org","@graph":[{"@type":"Article","@id":"https:\/\/www.designenlassen.de\/blog\/27-kindergarten-und-schullogos-die-gross-und-klein-begeistern\/#article","isPartOf":{"@id":"https:\/\/www.designenlassen.de\/blog\/27-kindergarten-und-schullogos-die-gross-und-klein-begeistern\/"},"author":{"name":"Patrick Schady","@id":"https:\/\/www.designenlassen.de\/blog\/#\/schema\/person\/1e6e4a367ec0359155d5fbb01227c1ca"},"headline":"39 geniale Kindergarten-Logos, die Gro\u00df und Klein begeistern","datePublished":"2022-03-02T08:38:00+00:00","dateModified":"2025-04-08T06:56:14+00:00","mainEntityOfPage":{"@id":"https:\/\/www.designenlassen.de\/blog\/27-kindergarten-und-schullogos-die-gross-und-klein-begeistern\/"},"wordCount":535,"commentCount":0,"image":{"@id":"https:\/\/www.designenlassen.de\/blog\/27-kindergarten-und-schullogos-die-gross-und-klein-begeistern\/#primaryimage"},"thumbnailUrl":"https:\/\/www.designenlassen.de\/blog\/wp-content\/uploads\/2017\/02\/Logo-Kita-Alsterst\u00fcrmer.jpg","articleSection":["Design-Galerien"],"inLanguage":"de","potentialAction":[{"@type":"CommentAction","name":"Comment","target":["https:\/\/www.designenlassen.de\/blog\/27-kindergarten-und-schullogos-die-gross-und-klein-begeistern\/#respond"]}]},{"@type":"WebPage","@id":"https:\/\/www.designenlassen.de\/blog\/27-kindergarten-und-schullogos-die-gross-und-klein-begeistern\/","url":"https:\/\/www.designenlassen.de\/blog\/27-kindergarten-und-schullogos-die-gross-und-klein-begeistern\/","name":"39 geniale Kindergarten Logos, die Kinder lieben werden","isPartOf":{"@id":"https:\/\/www.designenlassen.de\/blog\/#website"},"primaryImageOfPage":{"@id":"https:\/\/www.designenlassen.de\/blog\/27-kindergarten-und-schullogos-die-gross-und-klein-begeistern\/#primaryimage"},"image":{"@id":"https:\/\/www.designenlassen.de\/blog\/27-kindergarten-und-schullogos-die-gross-und-klein-begeistern\/#primaryimage"},"thumbnailUrl":"https:\/\/www.designenlassen.de\/blog\/wp-content\/uploads\/2017\/02\/Logo-Kita-Alsterst\u00fcrmer.jpg","datePublished":"2022-03-02T08:38:00+00:00","dateModified":"2025-04-08T06:56:14+00:00","author":{"@id":"https:\/\/www.designenlassen.de\/blog\/#\/schema\/person\/1e6e4a367ec0359155d5fbb01227c1ca"},"description":"Suchst Du ein einzigartiges Kindergarten-Logo? Entdecke die 39 besten Kita-Logos, die Kinder & Eltern lieben werden \u25ba Jetzt ansehen!","breadcrumb":{"@id":"https:\/\/www.designenlassen.de\/blog\/27-kindergarten-und-schullogos-die-gross-und-klein-begeistern\/#breadcrumb"},"inLanguage":"de","potentialAction":[{"@type":"ReadAction","target":["https:\/\/www.designenlassen.de\/blog\/27-kindergarten-und-schullogos-die-gross-und-klein-begeistern\/"]}]},{"@type":"ImageObject","inLanguage":"de","@id":"https:\/\/www.designenlassen.de\/blog\/27-kindergarten-und-schullogos-die-gross-und-klein-begeistern\/#primaryimage","url":"https:\/\/www.designenlassen.de\/blog\/wp-content\/uploads\/2017\/02\/Logo-Kita-Alsterst\u00fcrmer.jpg","contentUrl":"https:\/\/www.designenlassen.de\/blog\/wp-content\/uploads\/2017\/02\/Logo-Kita-Alsterst\u00fcrmer.jpg","width":500,"height":489},{"@type":"BreadcrumbList","@id":"https:\/\/www.designenlassen.de\/blog\/27-kindergarten-und-schullogos-die-gross-und-klein-begeistern\/#breadcrumb","itemListElement":[{"@type":"ListItem","position":1,"name":"Start","item":"https:\/\/www.designenlassen.de\/blog\/"},{"@type":"ListItem","position":2,"name":"39 geniale Kindergarten-Logos, die Gro\u00df und Klein begeistern"}]},{"@type":"WebSite","@id":"https:\/\/www.designenlassen.de\/blog\/#website","url":"https:\/\/www.designenlassen.de\/blog\/","name":"designenlassen.de Blog","description":"Inspirationen, Tipps und Ideen f\u00fcr Designer sowie Gr\u00fcnder und Kleinbetriebe.","potentialAction":[{"@type":"SearchAction","target":{"@type":"EntryPoint","urlTemplate":"https:\/\/www.designenlassen.de\/blog\/?s={search_term_string}"},"query-input":{"@type":"PropertyValueSpecification","valueRequired":true,"valueName":"search_term_string"}}],"inLanguage":"de"},{"@type":"Person","@id":"https:\/\/www.designenlassen.de\/blog\/#\/schema\/person\/1e6e4a367ec0359155d5fbb01227c1ca","name":"Patrick Schady","image":{"@type":"ImageObject","inLanguage":"de","@id":"https:\/\/secure.gravatar.com\/avatar\/41cfafecfbfd30ee6bc4cc02dd530ef067050210239f1d60debda10ce9c038d7?s=96&d=mm&r=g","url":"https:\/\/secure.gravatar.com\/avatar\/41cfafecfbfd30ee6bc4cc02dd530ef067050210239f1d60debda10ce9c038d7?s=96&d=mm&r=g","contentUrl":"https:\/\/secure.gravatar.com\/avatar\/41cfafecfbfd30ee6bc4cc02dd530ef067050210239f1d60debda10ce9c038d7?s=96&d=mm&r=g","caption":"Patrick Schady"},"url":"https:\/\/www.designenlassen.de\/blog\/author\/patrick\/"}]}},"_links":{"self":[{"href":"https:\/\/www.designenlassen.de\/blog\/wp-json\/wp\/v2\/posts\/7689","targetHints":{"allow":["GET"]}}],"collection":[{"href":"https:\/\/www.designenlassen.de\/blog\/wp-json\/wp\/v2\/posts"}],"about":[{"href":"https:\/\/www.designenlassen.de\/blog\/wp-json\/wp\/v2\/types\/post"}],"author":[{"embeddable":true,"href":"https:\/\/www.designenlassen.de\/blog\/wp-json\/wp\/v2\/users\/24"}],"replies":[{"embeddable":true,"href":"https:\/\/www.designenlassen.de\/blog\/wp-json\/wp\/v2\/comments?post=7689"}],"version-history":[{"count":38,"href":"https:\/\/www.designenlassen.de\/blog\/wp-json\/wp\/v2\/posts\/7689\/revisions"}],"predecessor-version":[{"id":33383,"href":"https:\/\/www.designenlassen.de\/blog\/wp-json\/wp\/v2\/posts\/7689\/revisions\/33383"}],"wp:featuredmedia":[{"embeddable":true,"href":"https:\/\/www.designenlassen.de\/blog\/wp-json\/wp\/v2\/media\/7700"}],"wp:attachment":[{"href":"https:\/\/www.designenlassen.de\/blog\/wp-json\/wp\/v2\/media?parent=7689"}],"wp:term":[{"taxonomy":"category","embeddable":true,"href":"https:\/\/www.designenlassen.de\/blog\/wp-json\/wp\/v2\/categories?post=7689"},{"taxonomy":"post_tag","embeddable":true,"href":"https:\/\/www.designenlassen.de\/blog\/wp-json\/wp\/v2\/tags?post=7689"}],"curies":[{"name":"wp","href":"https:\/\/api.w.org\/{rel}","templated":true}]}}